{"id":1675553,"date":"2025-12-15T08:15:00","date_gmt":"2025-12-15T11:15:00","guid":{"rendered":"https:\/\/www.estrategiaconcursos.com.br\/blog\/?p=1675553"},"modified":"2026-01-13T08:21:23","modified_gmt":"2026-01-13T11:21:23","slug":"concurso-pm-sp-2025-edital-publicado-tenente-musico-estagiario","status":"publish","type":"post","link":"https:\/\/www.estrategiaconcursos.com.br\/blog\/concurso-pm-sp-2025-edital-publicado-tenente-musico-estagiario\/","title":{"rendered":"Edital PM SP 2\u00ba Tenente M\u00fasico tem inicial de R$ 9,8 mil!"},"content":{"rendered":"\n<p class=\"has-medium-font-size\"><strong><em>Provas do edital PM SP 2025 ser\u00e3o aplicadas em fevereiro de 2026!<\/em><\/strong><\/p>\n\n\n\n<p>Est\u00e3o encerradas as inscri\u00e7\u00f5es para o <strong>edital PM SP 2025 <\/strong>(<a href=\"https:\/\/www.estrategiaconcursos.com.br\/cursosPorConcurso\/policia-militar-de-sao-paulo-pm-sp\/\" target=\"_blank\" rel=\"noreferrer noopener\">Pol\u00edcia Militar do Estado de S\u00e3o Paulo<\/a>), para o cargo de <strong>2\u00ba Tenente M\u00fasico Estagi\u00e1rio<\/strong>, com oferta de <strong>5 vagas<\/strong>.<\/p>\n\n\n\n<p>Os interessados puderam se inscrever at\u00e9 <strong>12 de janeiro de 2026<\/strong>, no site da banca organizadora, Vunesp, ao custo de R$ 250,00.<\/p>\n\n\n\n<p>As oportunidades exigem o t\u00edtulo de bacharel em M\u00fasica, obtido em estabelecimento reconhecido pelo MEC. Os aprovados receber\u00e3o o <strong>sal\u00e1rio inicial de R$ 9.832,41<\/strong>.<\/p>\n\n\n\n<p class=\"has-very-light-gray-to-cyan-bluish-gray-gradient-background has-background\"><strong>PM SP 2\u00ba Tenente M\u00fasico Estagi\u00e1rio 2025<\/strong><br \/><strong>Situa\u00e7\u00e3o<\/strong>: inscri\u00e7\u00f5es encerradas<br \/><strong>Banca<\/strong>: <a href=\"https:\/\/www.vunesp.com.br\/busca\/concurso\/proximo\" target=\"_blank\" rel=\"noreferrer noopener\">Funda\u00e7\u00e3o Vunesp<\/a><br \/><strong>Vagas<\/strong>: 5<br \/><strong>Sal\u00e1rio inicial<\/strong>: R$ 9.832,41<br \/><strong>Edital:<\/strong> <a href=\"https:\/\/dhg1h5j42swfq.cloudfront.net\/2025\/11\/26090342\/edital-pm-sp-musico-2025.pdf\" target=\"_blank\" rel=\"noreferrer noopener nofollow\">PM SP 2\u00ba Tenente M\u00fasico Estagi\u00e1rio 2025<\/a><\/p>\n\n\n\n<div class=\"container\" id=\"boxes\">\n  <div class=\"row\">\n\n    <div class=\"col-sm\">\n      <div class=\"banner-policia-militar\" id=\"box-assinatura\">\n        <h2 class=\"titulo-assinatura\" style=\"text-align: left;\">Concurso PM SP<\/h2>\n        <p class=\"subtitulo-assinatura\" style=\"text-align: left;\">Explore os cursos para a carreira na PM \u2728<\/p>\n        <div class=\"box-botao\" style=\"text-align: left;\">\n          <a class=\"btn-assinatura\" target=\"_blank\" href=\"https:\/\/www.estrategiaconcursos.com.br\/cursosPorConcurso\/policia-militar-de-sao-paulo-pm-sp\/\" role=\"button\" rel=\"noopener noreferrer\">ESTUDE CONOSCO<\/a>\n        <\/div>\n      <\/div><\/div><\/div><\/div>\n\n\n\n<h2 class=\"wp-block-heading\" id=\"datasmus\">Principais datas do edital PM SP 2\u00ba tenente M\u00fasico Estagi\u00e1rio<\/h2>\n\n\n\n<ul class=\"wp-block-list\">\n<li><strong>Inscri\u00e7\u00f5es<\/strong>: <s>01\/12 a 12\/01\/2026<\/s><\/li>\n\n\n\n<li><strong>Isen\u00e7\u00e3o ou redu\u00e7\u00e3o da taxa<\/strong>: <s>01 a 02\/12<\/s><\/li>\n\n\n\n<li><strong>Pagamento da taxa<\/strong>: <s>at\u00e9 13\/01<\/s><\/li>\n\n\n\n<li><strong>Prova<\/strong>: 22\/02\/2026<\/li>\n<\/ul>\n\n\n\n<h2 class=\"wp-block-heading\" id=\"vagas-mus\">Cargos e vagas<\/h2>\n\n\n\n<figure class=\"wp-block-table is-style-stripes\"><table class=\"has-cyan-bluish-gray-background-color has-background has-fixed-layout\"><thead><tr><th class=\"has-text-align-center\" data-align=\"center\">CARGO<\/th><th class=\"has-text-align-center\" data-align=\"center\">VAGAS<\/th><th class=\"has-text-align-center\" data-align=\"center\">SAL\u00c1RIO<\/th><\/tr><\/thead><tbody><tr><td class=\"has-text-align-center\" data-align=\"center\">2\u00ba Tenente M\u00fasico Estagi\u00e1rio<\/td><td class=\"has-text-align-center\" data-align=\"center\">5<\/td><td class=\"has-text-align-center\" data-align=\"center\">R$ 9.832,41<\/td><\/tr><\/tbody><\/table><\/figure>\n\n\n\n<ul class=\"wp-block-list\">\n<li>Padr\u00e3o no valor de R$ 4.523,37;<\/li>\n\n\n\n<li>Regime Especial de Trabalho Policial (RETP), previsto na Lei n\u00ba 10.291\/68, no valor de R$ 4.523,37; e<\/li>\n\n\n\n<li>Insalubridade, prevista na Lei Complementar n\u00ba 432\/85, com altera\u00e7\u00f5es da Lei Complementar n\u00ba 1.179\/12, no valor de R$ 785,67.<\/li>\n<\/ul>\n\n\n\n<h3 class=\"wp-block-heading\" id=\"h-quais-sao-os-requisitos-para-2\u00ba-tenente-musico-estagiario-da-pm-sp\">Quais s\u00e3o os requisitos para 2\u00ba Tenente M\u00fasico Estagi\u00e1rio da PM SP?<\/h3>\n\n\n\n<ul class=\"wp-block-list\">\n<li>Ser brasileiro;<\/li>\n\n\n\n<li>Ter idade m\u00ednima de 17 anos;<\/li>\n\n\n\n<li>Ter idade m\u00e1xima de 35 anos de idade; e<\/li>\n\n\n\n<li><strong>Bacharel em M\u00fasica<\/strong>, obtido em estabelecimento de ensino superior reconhecido pelo MEC ou por \u00f3rg\u00e3o oficial competente.<\/li>\n<\/ul>\n\n\n\n<h2 class=\"wp-block-heading\" id=\"etapas-mus\">Etapas e provas do edital 2\u00ba tenente M\u00fasico Estagi\u00e1rio<\/h2>\n\n\n\n<p>A avalia\u00e7\u00e3o dos candidatos do edital PM SP para Soldado ser\u00e1 realizada mediante a aplica\u00e7\u00e3o das seguintes etapas:<\/p>\n\n\n\n<ul class=\"wp-block-list\">\n<li><strong>Exames de Conhecimentos<\/strong>, divididos em:\n<ul class=\"wp-block-list\">\n<li>Prova Objetiva (Parte I), de car\u00e1ter eliminat\u00f3rio e classificat\u00f3rio;<\/li>\n\n\n\n<li>Prova Objetiva (Parte II) &#8211; Habilidades T\u00e9cnicas, de car\u00e1ter eliminat\u00f3rio e classificat\u00f3rio;<\/li>\n<\/ul>\n<\/li>\n\n\n\n<li><strong>Prova Dissertativa<\/strong>, de car\u00e1ter eliminat\u00f3rio e classificat\u00f3rio;<\/li>\n\n\n\n<li><strong>Exames de Aptid\u00e3o F\u00edsica<\/strong>, de car\u00e1ter eliminat\u00f3rio;<\/li>\n\n\n\n<li><strong>Exames de Sa\u00fade<\/strong>, de car\u00e1ter eliminat\u00f3rio;<\/li>\n\n\n\n<li><strong>Exames Psicol\u00f3gicos<\/strong>, de car\u00e1ter eliminat\u00f3rio;<\/li>\n\n\n\n<li><strong>Avalia\u00e7\u00e3o da Conduta Social, da Reputa\u00e7\u00e3o e da Idoneidade<\/strong>, de car\u00e1ter eliminat\u00f3rio; e<\/li>\n\n\n\n<li><strong>An\u00e1lise de Documentos<\/strong>, de car\u00e1ter eliminat\u00f3rio.<\/li>\n<\/ul>\n\n\n\n<h3 class=\"wp-block-heading\" id=\"h-prova-objetiva-i\">Prova Objetiva I<\/h3>\n\n\n\n<p>Com dura\u00e7\u00e3o de 5 horas, a etapa ser\u00e1 composta por <strong>60 quest\u00f5es de m\u00faltipla escolha<\/strong> (cinco alternativas). Avaliada na escala de 0 a 60 pontos, ser\u00e1 considerado habilitado o candidato que obtiver, no m\u00ednimo, 30 pontos.<\/p>\n\n\n\n<ul class=\"wp-block-list\">\n<li><strong>Conhecimentos Gerais em M\u00fasica<\/strong> &#8211; 40<\/li>\n\n\n\n<li><strong>Interpreta\u00e7\u00e3o de Texto e L\u00edngua Portuguesa<\/strong> &#8211; 5<\/li>\n\n\n\n<li><strong>Racioc\u00ednio L\u00f3gico e Matem\u00e1tico<\/strong> &#8211; 5<\/li>\n\n\n\n<li><strong>No\u00e7\u00f5es B\u00e1sicas de Inform\u00e1tica<\/strong> &#8211; 5<\/li>\n\n\n\n<li><strong>No\u00e7\u00f5es de Administra\u00e7\u00e3o P\u00fablica<\/strong> &#8211; 5 <\/li>\n<\/ul>\n\n\n\n<h3 class=\"wp-block-heading\" id=\"h-prova-objetiva-ii\">Prova Objetiva II<\/h3>\n\n\n\n<p>A etapa ser\u00e1 avaliada na escala de 0 (zero) a 20 (vinte) pontos, sendo considerado habilitado o candidato que obtiver nota igual ou superior a 10 (dez) pontos, j\u00e1 considerada a pontua\u00e7\u00e3o diferenciada para pretos, pardos e ind\u00edgenas.<\/p>\n\n\n\n<p>A prova ser\u00e1 composta por 2 (duas) fases para avalia\u00e7\u00f5es t\u00e9cnico-pr\u00e1ticas e cada uma delas ter\u00e1 o valor de 10 (dez) pontos, sendo que a obten\u00e7\u00e3o do crit\u00e9rio m\u00ednimo de habilita\u00e7\u00e3o se dar\u00e1 pelo somat\u00f3rio da pontua\u00e7\u00e3o obtida em cada uma das avalia\u00e7\u00f5es\/fases, n\u00e3o podendo o candidato obter nota 0 (zero) em nenhuma delas. <\/p>\n\n\n\n<p>Durante a execu\u00e7\u00e3o da prova pr\u00e1tica de habilidades t\u00e9cnicas Fase I (Execu\u00e7\u00e3o Instrumental), o<br \/>candidato que exceder o tempo limite de 5 (cinco) minutos, previstos para a realiza\u00e7\u00e3o da prova,<br \/>sofrer\u00e1 o desconto de 1 (um) ponto em sua nota final na fase avaliada.<\/p>\n\n\n\n<p>Durante a execu\u00e7\u00e3o da prova pr\u00e1tica de habilidades t\u00e9cnicas Fase II (Avalia\u00e7\u00e3o t\u00e9cnico-anal\u00edtica<br \/>de partitura), o candidato que exceder o tempo limite de 10 (dez) minutos, previstos para leitura das<br \/>perguntas e analise da pe\u00e7a ou excerto, sofrer\u00e1 o desconto  de 1 (um) ponto em sua nota final.<\/p>\n\n\n\n<p>Tamb\u00e9m sofrer\u00e1 o desconto de 1 (um) ponto em sua nota final na fase avaliada, o candidato que exceder o tempo limite de 20 (vinte) minutos ao responder as 5 (cinco) perguntas apresentadas no envelope escolhido.<\/p>\n\n\n\n<h3 class=\"wp-block-heading\" id=\"h-prova-dissertativa\">Prova Dissertativa<\/h3>\n\n\n\n<p>A etapa \u00e9 composta por 2 (duas) quest\u00f5es discursivas, que consistem na discuss\u00e3o de caso t\u00e9cnico. Cada quest\u00e3o vale 10 (dez) pontos, totalizando 20 (vinte) pontos na prova. O candidato deve redigir cada quest\u00e3o em, no m\u00e1ximo, 30 (trinta) linhas.<\/p>\n\n\n\n<p>A corre\u00e7\u00e3o focar\u00e1 na an\u00e1lise do conhecimento do conte\u00fado, capacidade de desenvolver a quest\u00e3o com clareza, coer\u00eancia e objetividade, a organiza\u00e7\u00e3o do texto, a t\u00e9cnica de reda\u00e7\u00e3o, o dom\u00ednio do l\u00e9xico e a corre\u00e7\u00e3o gramatical. N\u00e3o ser\u00e1 permitida a consulta a qualquer material al\u00e9m do fornecido pela Funda\u00e7\u00e3o VUNESP.<\/p>\n\n\n\n<h3 class=\"wp-block-heading\" id=\"h-prova-de-aptidao-fisica-taf\">Prova de Aptid\u00e3o F\u00edsica (TAF)<\/h3>\n\n\n\n<p>O exame compreende a segunda etapa do concurso e t\u00eam car\u00e1ter <strong>eliminat\u00f3rio<\/strong>. S\u00e3o realizados sob a responsabilidade da Escola de Educa\u00e7\u00e3o F\u00edsica da Pol\u00edcia Militar do Estado de S\u00e3o Paulo e visam avaliar as condi\u00e7\u00f5es f\u00edsicas m\u00ednimas do candidato para o desempenho do cargo.<\/p>\n\n\n\n<p><strong>Exerc\u00edcios cobrados e crit\u00e9rios de aprova\u00e7\u00e3o<\/strong><\/p>\n\n\n\n<figure class=\"wp-block-table is-style-stripes\"><table class=\"has-very-light-gray-to-cyan-bluish-gray-gradient-background has-background has-fixed-layout\"><thead><tr><th class=\"has-text-align-center\" data-align=\"center\">Testes<\/th><th class=\"has-text-align-center\" data-align=\"center\">Masculino<\/th><th class=\"has-text-align-center\" data-align=\"center\">Feminino<\/th><\/tr><\/thead><tbody><tr><td class=\"has-text-align-center\" data-align=\"center\">Flex\u00e3o na barra fixa (homens)<\/td><td class=\"has-text-align-center\" data-align=\"center\">1 repeti\u00e7\u00e3o<\/td><td class=\"has-text-align-center\" data-align=\"center\">&#8211;<\/td><\/tr><tr><td class=\"has-text-align-center\" data-align=\"center\">Isometria na barra fixa (mulheres)<\/td><td class=\"has-text-align-center\" data-align=\"center\">&#8211;<\/td><td class=\"has-text-align-center\" data-align=\"center\">02\u201d00<\/td><\/tr><tr><td class=\"has-text-align-center\" data-align=\"center\">Abdominal remador<\/td><td class=\"has-text-align-center\" data-align=\"center\">29 repeti\u00e7\u00f5es<\/td><td class=\"has-text-align-center\" data-align=\"center\">27 repeti\u00e7\u00f5es<\/td><\/tr><tr><td class=\"has-text-align-center\" data-align=\"center\">Corrida de 50 metros<\/td><td class=\"has-text-align-center\" data-align=\"center\">10\u201d00<\/td><td class=\"has-text-align-center\" data-align=\"center\">11\u201d00<\/td><\/tr><tr><td class=\"has-text-align-center\" data-align=\"center\">Corrida de 2.400 metros<\/td><td class=\"has-text-align-center\" data-align=\"center\">15\u201900\u201d<\/td><td class=\"has-text-align-center\" data-align=\"center\">17\u201900\u201d<\/td><\/tr><\/tbody><\/table><\/figure>\n\n\n\n<p class=\"has-text-align-center has-cyan-bluish-gray-background-color has-background has-medium-font-size\"><strong>Saiba mais: <a href=\"https:\/\/www.estrategiaconcursos.com.br\/blog\/concurso-pm-sp\/\" target=\"_blank\" rel=\"noreferrer noopener\">concurso PM SP<\/a><\/strong><\/p>\n\n\n\n<hr class=\"wp-block-separator has-alpha-channel-opacity\"\/>\n\n\n\n<h2 class=\"wp-block-heading has-text-align-center\" id=\"h-quer-saber-tudo-sobre-concursos-previstos-confira-nossos-artigos\">Quer saber tudo sobre concursos previstos?<br \/>Confira nossos artigos!<\/h2>\n\n\n\n<ul class=\"wp-block-list\">\n<li><a href=\"https:\/\/www.estrategiaconcursos.com.br\/blog\/concursos-abertos\/\" target=\"_blank\" rel=\"noreferrer noopener\">Concursos abertos<\/a><\/li>\n\n\n\n<li><a href=\"https:\/\/www.estrategiaconcursos.com.br\/blog\/concursos-de-policia\/\" target=\"_blank\" rel=\"noreferrer noopener\">Concursos policiais<\/a><\/li>\n\n\n\n<li><a href=\"https:\/\/www.estrategiaconcursos.com.br\/blog\/concurso-policia-civil-sp\/\" target=\"_blank\" rel=\"noreferrer noopener\">Concurso PC SP<\/a><\/li>\n\n\n\n<li><a href=\"https:\/\/www.estrategiaconcursos.com.br\/blog\/concursos-sp\/\" target=\"_blank\" rel=\"noreferrer noopener\">Concursos SP<\/a><\/li>\n\n\n\n<li><a href=\"https:\/\/www.estrategiaconcursos.com.br\/blog\/concursos-2026\/\" target=\"_blank\" rel=\"noreferrer noopener\">Concursos 2026<\/a><\/li>\n<\/ul>\n\n\n\n<h2 class=\"wp-block-heading has-text-align-center\" id=\"cursos-assinatura\">Quer estudar para o edital da Pol\u00edcia Militar SP?<\/h2>\n\n\n\n<div class=\"container\" id=\"boxes\">\n  <div class=\"row\">\n\n    <div class=\"col-sm\">\n      <div class=\"banner-policia-militar\" id=\"box-assinatura\">\n        <h3 class=\"titulo-assinatura\" style=\"text-align: left;\">Concurso PM SP<\/h3>\n        <p class=\"subtitulo-assinatura\" style=\"text-align: left;\">Explore os cursos para a carreira na PM \u2728<\/p>\n        <div class=\"box-botao\" style=\"text-align: left;\">\n          <a class=\"btn-assinatura\" target=\"_blank\" href=\"https:\/\/www.estrategiaconcursos.com.br\/cursosPorConcurso\/policia-militar-de-sao-paulo-pm-sp\/\" role=\"button\" rel=\"noopener noreferrer\">ESTUDE CONOSCO<\/a>\n        <\/div>\n      <\/div><\/div><\/div><\/div>\n\n\n\n<div id=\"boxes\" class=\"container\">\n<div class=\"row\">\n<div class=\"col-sm\">\n<div id=\"box-assinatura\" class=\"estrategia\">\n<h3 class=\"titulo-assinatura\">Assinatura de Concursos<\/h3>\n<p class=\"subtitulo-assinatura\">Assinatura 1 ou 2 anos <\/p>\n<div class=\"box-botao\"><a class=\"btn-assinatura\" role=\"button\" href=\"https:\/\/www.estrategiaconcursos.com.br\/assinaturas\/\" target=\"_blank\" rel=\"noopener noreferrer\">ASSINE AGORA<\/a><\/div>\n<\/div><\/div><\/div><\/div>\n\n\n\n<figure class=\"wp-block-image size-large is-resized\"><img loading=\"lazy\" decoding=\"async\" width=\"300\" height=\"185\" src=\"https:\/\/dhg1h5j42swfq.cloudfront.net\/2021\/04\/05162341\/ficha-tecnica-1-300x185-1.png\" alt=\"Ficha t\u00e9cnica do edital PM SP 2\u00ba Tenente M\u00fasico Estagi\u00e1rio\" class=\"wp-image-707743\" style=\"width:302px;height:186px\"\/><\/figure>\n\n\n\n<h3 class=\"wp-block-heading\" id=\"h-informacoes-do-edital-pm-sp\">Informa\u00e7\u00f5es do edital PM SP<\/h3>\n\n\n\n<ul class=\"wp-block-list\">\n<li><strong>Provas<\/strong>: 22\/02\/2025<\/li>\n\n\n\n<li><strong>Vagas<\/strong>: 5<\/li>\n\n\n\n<li><strong>Cargo<\/strong>: 2\u00ba Tenente M\u00fasico Estagi\u00e1rio<\/li>\n\n\n\n<li><strong>Banca<\/strong>: Funda\u00e7\u00e3o Vunesp<\/li>\n\n\n\n<li><strong>Escolaridade<\/strong>: n\u00edvel superior<\/li>\n\n\n\n<li><strong>Edital:<\/strong> <a href=\"https:\/\/dhg1h5j42swfq.cloudfront.net\/2025\/11\/26090342\/edital-pm-sp-musico-2025.pdf\" target=\"_blank\" rel=\"noreferrer noopener nofollow\">PM SP 2\u00ba Tenente M\u00fasico Estagi\u00e1rio 2025<\/a><\/li>\n<\/ul>\n\n\n\n<p><\/p>\n","protected":false},"excerpt":{"rendered":"<p>Provas do edital PM SP 2025 ser\u00e3o aplicadas em fevereiro de 2026! Est\u00e3o encerradas as inscri\u00e7\u00f5es para o edital PM SP 2025 (Pol\u00edcia Militar do Estado de S\u00e3o Paulo), para o cargo de 2\u00ba Tenente M\u00fasico Estagi\u00e1rio, com oferta de 5 vagas. Os interessados puderam se inscrever at\u00e9 12 de janeiro de 2026, no site [&hellip;]<\/p>\n","protected":false},"author":1483,"featured_media":1131344,"comment_status":"open","ping_status":"closed","sticky":false,"template":"","format":"standard","meta":{"post_tipo":"news","footnotes":""},"categories":[220186,220219],"tags":[],"tax_estado":[219989],"class_list":["post-1675553","post","type-post","status-publish","format-standard","has-post-thumbnail","hentry","category-policial-oficial","category-noticias","tax_estado-sp"],"acf":[],"yoast_head":"<!-- This site is optimized with the Yoast SEO Premium plugin v27.2 (Yoast SEO v27.2) - https:\/\/yoast.com\/product\/yoast-seo-premium-wordpress\/ -->\n<title>Edital PM SP 2\u00ba Tenente M\u00fasico tem inicial de R$ 9,8 mil!<\/title>\n<meta name=\"description\" content=\"Saiu o edital PM SP 2025 para 2\u00ba Tenente M\u00fasico Estagi\u00e1rio. Acesse o site do Estrat\u00e9gia e confira os detalhes!\" \/>\n<meta name=\"robots\" content=\"index, follow, max-snippet:-1, max-image-preview:large, max-video-preview:-1\" \/>\n<link rel=\"canonical\" href=\"https:\/\/www.estrategiaconcursos.com.br\/blog\/concurso-pm-sp-2025-edital-publicado-tenente-musico-estagiario\/\" \/>\n<meta property=\"og:locale\" content=\"pt_BR\" \/>\n<meta property=\"og:type\" content=\"article\" \/>\n<meta property=\"og:title\" content=\"Edital PM SP 2\u00ba Tenente M\u00fasico tem inicial de R$ 9,8 mil!\" \/>\n<meta property=\"og:description\" content=\"Saiu o edital PM SP 2025 para 2\u00ba Tenente M\u00fasico Estagi\u00e1rio. Acesse o site do Estrat\u00e9gia e confira os detalhes!\" \/>\n<meta property=\"og:url\" content=\"https:\/\/www.estrategiaconcursos.com.br\/blog\/concurso-pm-sp-2025-edital-publicado-tenente-musico-estagiario\/\" \/>\n<meta property=\"og:site_name\" content=\"Estrat\u00e9gia Concursos\" \/>\n<meta property=\"article:published_time\" content=\"2025-12-15T11:15:00+00:00\" \/>\n<meta property=\"article:modified_time\" content=\"2026-01-13T11:21:23+00:00\" \/>\n<meta property=\"og:image\" content=\"https:\/\/dhg1h5j42swfq.cloudfront.net\/2022\/11\/29141443\/pm-sp-1.jpg\" \/>\n\t<meta property=\"og:image:width\" content=\"768\" \/>\n\t<meta property=\"og:image:height\" content=\"432\" \/>\n\t<meta property=\"og:image:type\" content=\"image\/jpeg\" \/>\n<meta name=\"author\" content=\"Diogo Mendes\" \/>\n<meta name=\"twitter:card\" content=\"summary_large_image\" \/>\n<meta name=\"twitter:creator\" content=\"@EstratConcursos\" \/>\n<meta name=\"twitter:site\" content=\"@EstratConcursos\" \/>\n<meta name=\"twitter:label1\" content=\"Escrito por\" \/>\n\t<meta name=\"twitter:data1\" content=\"Diogo Mendes\" \/>\n\t<meta name=\"twitter:label2\" content=\"Est. tempo de leitura\" \/>\n\t<meta name=\"twitter:data2\" content=\"5 minutos\" \/>\n<script type=\"application\/ld+json\" class=\"yoast-schema-graph\">{\"@context\":\"https:\/\/schema.org\",\"@graph\":[{\"@type\":\"NewsArticle\",\"@id\":\"https:\/\/www.estrategiaconcursos.com.br\/blog\/concurso-pm-sp-2025-edital-publicado-tenente-musico-estagiario\/#article\",\"isPartOf\":{\"@id\":\"https:\/\/www.estrategiaconcursos.com.br\/blog\/concurso-pm-sp-2025-edital-publicado-tenente-musico-estagiario\/\"},\"author\":{\"name\":\"Diogo Mendes\",\"@id\":\"https:\/\/www.estrategiaconcursos.com.br\/blog\/#\/schema\/person\/cc9e76173880338ce9f656c88664a1f6\"},\"headline\":\"Edital PM SP 2\u00ba Tenente M\u00fasico tem inicial de R$ 9,8 mil!\",\"datePublished\":\"2025-12-15T11:15:00+00:00\",\"dateModified\":\"2026-01-13T11:21:23+00:00\",\"mainEntityOfPage\":{\"@id\":\"https:\/\/www.estrategiaconcursos.com.br\/blog\/concurso-pm-sp-2025-edital-publicado-tenente-musico-estagiario\/\"},\"wordCount\":1001,\"commentCount\":0,\"publisher\":{\"@id\":\"https:\/\/www.estrategiaconcursos.com.br\/blog\/#organization\"},\"image\":{\"@id\":\"https:\/\/www.estrategiaconcursos.com.br\/blog\/concurso-pm-sp-2025-edital-publicado-tenente-musico-estagiario\/#primaryimage\"},\"thumbnailUrl\":\"https:\/\/dhg1h5j42swfq.cloudfront.net\/2022\/11\/29141443\/pm-sp-1.jpg\",\"articleSection\":[\"Policial (PM\/BM - Oficial)\",\"\u00daltimas not\u00edcias\"],\"inLanguage\":\"pt-BR\",\"potentialAction\":[{\"@type\":\"CommentAction\",\"name\":\"Comment\",\"target\":[\"https:\/\/www.estrategiaconcursos.com.br\/blog\/concurso-pm-sp-2025-edital-publicado-tenente-musico-estagiario\/#respond\"]}],\"copyrightYear\":\"2025\",\"copyrightHolder\":{\"@id\":\"https:\/\/www.estrategiaconcursos.com.br\/blog\/#organization\"}},{\"@type\":\"WebPage\",\"@id\":\"https:\/\/www.estrategiaconcursos.com.br\/blog\/concurso-pm-sp-2025-edital-publicado-tenente-musico-estagiario\/\",\"url\":\"https:\/\/www.estrategiaconcursos.com.br\/blog\/concurso-pm-sp-2025-edital-publicado-tenente-musico-estagiario\/\",\"name\":\"Edital PM SP 2\u00ba Tenente M\u00fasico tem inicial de R$ 9,8 mil!\",\"isPartOf\":{\"@id\":\"https:\/\/www.estrategiaconcursos.com.br\/blog\/#website\"},\"primaryImageOfPage\":{\"@id\":\"https:\/\/www.estrategiaconcursos.com.br\/blog\/concurso-pm-sp-2025-edital-publicado-tenente-musico-estagiario\/#primaryimage\"},\"image\":{\"@id\":\"https:\/\/www.estrategiaconcursos.com.br\/blog\/concurso-pm-sp-2025-edital-publicado-tenente-musico-estagiario\/#primaryimage\"},\"thumbnailUrl\":\"https:\/\/dhg1h5j42swfq.cloudfront.net\/2022\/11\/29141443\/pm-sp-1.jpg\",\"datePublished\":\"2025-12-15T11:15:00+00:00\",\"dateModified\":\"2026-01-13T11:21:23+00:00\",\"description\":\"Saiu o edital PM SP 2025 para 2\u00ba Tenente M\u00fasico Estagi\u00e1rio. Acesse o site do Estrat\u00e9gia e confira os detalhes!\",\"breadcrumb\":{\"@id\":\"https:\/\/www.estrategiaconcursos.com.br\/blog\/concurso-pm-sp-2025-edital-publicado-tenente-musico-estagiario\/#breadcrumb\"},\"inLanguage\":\"pt-BR\",\"potentialAction\":[{\"@type\":\"ReadAction\",\"target\":[\"https:\/\/www.estrategiaconcursos.com.br\/blog\/concurso-pm-sp-2025-edital-publicado-tenente-musico-estagiario\/\"]}]},{\"@type\":\"ImageObject\",\"inLanguage\":\"pt-BR\",\"@id\":\"https:\/\/www.estrategiaconcursos.com.br\/blog\/concurso-pm-sp-2025-edital-publicado-tenente-musico-estagiario\/#primaryimage\",\"url\":\"https:\/\/dhg1h5j42swfq.cloudfront.net\/2022\/11\/29141443\/pm-sp-1.jpg\",\"contentUrl\":\"https:\/\/dhg1h5j42swfq.cloudfront.net\/2022\/11\/29141443\/pm-sp-1.jpg\",\"width\":768,\"height\":432,\"caption\":\"concurso pm sp\"},{\"@type\":\"BreadcrumbList\",\"@id\":\"https:\/\/www.estrategiaconcursos.com.br\/blog\/concurso-pm-sp-2025-edital-publicado-tenente-musico-estagiario\/#breadcrumb\",\"itemListElement\":[{\"@type\":\"ListItem\",\"position\":1,\"name\":\"In\u00edcio\",\"item\":\"https:\/\/www.estrategiaconcursos.com.br\/blog\/\"},{\"@type\":\"ListItem\",\"position\":2,\"name\":\"Edital PM SP 2\u00ba Tenente M\u00fasico tem inicial de R$ 9,8 mil!\"}]},{\"@type\":\"WebSite\",\"@id\":\"https:\/\/www.estrategiaconcursos.com.br\/blog\/#website\",\"url\":\"https:\/\/www.estrategiaconcursos.com.br\/blog\/\",\"name\":\"Estrat\u00e9gia Concursos\",\"description\":\"O blog da Estrat\u00e9gia Concursos traz not\u00edcias sobre concursos e artigos de professores oferecendo cursos para concursos (pdf + videaulas) no site.\",\"publisher\":{\"@id\":\"https:\/\/www.estrategiaconcursos.com.br\/blog\/#organization\"},\"potentialAction\":[{\"@type\":\"SearchAction\",\"target\":{\"@type\":\"EntryPoint\",\"urlTemplate\":\"https:\/\/www.estrategiaconcursos.com.br\/blog\/?s={search_term_string}\"},\"query-input\":{\"@type\":\"PropertyValueSpecification\",\"valueRequired\":true,\"valueName\":\"search_term_string\"}}],\"inLanguage\":\"pt-BR\"},{\"@type\":\"Organization\",\"@id\":\"https:\/\/www.estrategiaconcursos.com.br\/blog\/#organization\",\"name\":\"Estrat\u00e9gia Concursos\",\"url\":\"https:\/\/www.estrategiaconcursos.com.br\/blog\/\",\"logo\":{\"@type\":\"ImageObject\",\"inLanguage\":\"pt-BR\",\"@id\":\"https:\/\/www.estrategiaconcursos.com.br\/blog\/#\/schema\/logo\/image\/\",\"url\":\"https:\/\/dhg1h5j42swfq.cloudfront.net\/2025\/06\/03203428\/logo_concursos-1.jpg\",\"contentUrl\":\"https:\/\/dhg1h5j42swfq.cloudfront.net\/2025\/06\/03203428\/logo_concursos-1.jpg\",\"width\":230,\"height\":60,\"caption\":\"Estrat\u00e9gia Concursos\"},\"image\":{\"@id\":\"https:\/\/www.estrategiaconcursos.com.br\/blog\/#\/schema\/logo\/image\/\"},\"sameAs\":[\"https:\/\/x.com\/EstratConcursos\"]},{\"@type\":\"Person\",\"@id\":\"https:\/\/www.estrategiaconcursos.com.br\/blog\/#\/schema\/person\/cc9e76173880338ce9f656c88664a1f6\",\"name\":\"Diogo Mendes\",\"image\":{\"@type\":\"ImageObject\",\"inLanguage\":\"pt-BR\",\"@id\":\"https:\/\/secure.gravatar.com\/avatar\/9754d6777d460a45ef4067b586b94c32005cc2345a0404b8d96adc620cf63806?s=96&d=mm&r=g\",\"url\":\"https:\/\/secure.gravatar.com\/avatar\/9754d6777d460a45ef4067b586b94c32005cc2345a0404b8d96adc620cf63806?s=96&d=mm&r=g\",\"contentUrl\":\"https:\/\/secure.gravatar.com\/avatar\/9754d6777d460a45ef4067b586b94c32005cc2345a0404b8d96adc620cf63806?s=96&d=mm&r=g\",\"caption\":\"Diogo Mendes\"},\"description\":\"Diogo Mendes \u00e9 jornalista formado pela Universidade Paulista, com experi\u00eancia em reda\u00e7\u00f5es de diversos ve\u00edculos e na produ\u00e7\u00e3o de conte\u00fados especializados em concursos p\u00fablicos. Desde 2019, atua no Estrat\u00e9gia Concursos como Jornalista e Analista de Conte\u00fado, com foco na apura\u00e7\u00e3o de informa\u00e7\u00f5es junto a \u00f3rg\u00e3os e fontes oficiais. Dedica-se especialmente \u00e0 produ\u00e7\u00e3o de not\u00edcias e reportagens sobre Concursos Legislativos, al\u00e9m de acompanhar diariamente os concursos policiais, banc\u00e1rios e da \u00e1rea da sa\u00fade.\",\"url\":\"https:\/\/www.estrategiaconcursos.com.br\/blog\/author\/diogo-mendesestrategiaconcursos-com-br\/\"}]}<\/script>\n<!-- \/ Yoast SEO Premium plugin. -->","yoast_head_json":{"title":"Edital PM SP 2\u00ba Tenente M\u00fasico tem inicial de R$ 9,8 mil!","description":"Saiu o edital PM SP 2025 para 2\u00ba Tenente M\u00fasico Estagi\u00e1rio. Acesse o site do Estrat\u00e9gia e confira os detalhes!","robots":{"index":"index","follow":"follow","max-snippet":"max-snippet:-1","max-image-preview":"max-image-preview:large","max-video-preview":"max-video-preview:-1"},"canonical":"https:\/\/www.estrategiaconcursos.com.br\/blog\/concurso-pm-sp-2025-edital-publicado-tenente-musico-estagiario\/","og_locale":"pt_BR","og_type":"article","og_title":"Edital PM SP 2\u00ba Tenente M\u00fasico tem inicial de R$ 9,8 mil!","og_description":"Saiu o edital PM SP 2025 para 2\u00ba Tenente M\u00fasico Estagi\u00e1rio. Acesse o site do Estrat\u00e9gia e confira os detalhes!","og_url":"https:\/\/www.estrategiaconcursos.com.br\/blog\/concurso-pm-sp-2025-edital-publicado-tenente-musico-estagiario\/","og_site_name":"Estrat\u00e9gia Concursos","article_published_time":"2025-12-15T11:15:00+00:00","article_modified_time":"2026-01-13T11:21:23+00:00","og_image":[{"width":768,"height":432,"url":"https:\/\/dhg1h5j42swfq.cloudfront.net\/2022\/11\/29141443\/pm-sp-1.jpg","type":"image\/jpeg"}],"author":"Diogo Mendes","twitter_card":"summary_large_image","twitter_creator":"@EstratConcursos","twitter_site":"@EstratConcursos","twitter_misc":{"Escrito por":"Diogo Mendes","Est. tempo de leitura":"5 minutos"},"schema":{"@context":"https:\/\/schema.org","@graph":[{"@type":"NewsArticle","@id":"https:\/\/www.estrategiaconcursos.com.br\/blog\/concurso-pm-sp-2025-edital-publicado-tenente-musico-estagiario\/#article","isPartOf":{"@id":"https:\/\/www.estrategiaconcursos.com.br\/blog\/concurso-pm-sp-2025-edital-publicado-tenente-musico-estagiario\/"},"author":{"name":"Diogo Mendes","@id":"https:\/\/www.estrategiaconcursos.com.br\/blog\/#\/schema\/person\/cc9e76173880338ce9f656c88664a1f6"},"headline":"Edital PM SP 2\u00ba Tenente M\u00fasico tem inicial de R$ 9,8 mil!","datePublished":"2025-12-15T11:15:00+00:00","dateModified":"2026-01-13T11:21:23+00:00","mainEntityOfPage":{"@id":"https:\/\/www.estrategiaconcursos.com.br\/blog\/concurso-pm-sp-2025-edital-publicado-tenente-musico-estagiario\/"},"wordCount":1001,"commentCount":0,"publisher":{"@id":"https:\/\/www.estrategiaconcursos.com.br\/blog\/#organization"},"image":{"@id":"https:\/\/www.estrategiaconcursos.com.br\/blog\/concurso-pm-sp-2025-edital-publicado-tenente-musico-estagiario\/#primaryimage"},"thumbnailUrl":"https:\/\/dhg1h5j42swfq.cloudfront.net\/2022\/11\/29141443\/pm-sp-1.jpg","articleSection":["Policial (PM\/BM - Oficial)","\u00daltimas not\u00edcias"],"inLanguage":"pt-BR","potentialAction":[{"@type":"CommentAction","name":"Comment","target":["https:\/\/www.estrategiaconcursos.com.br\/blog\/concurso-pm-sp-2025-edital-publicado-tenente-musico-estagiario\/#respond"]}],"copyrightYear":"2025","copyrightHolder":{"@id":"https:\/\/www.estrategiaconcursos.com.br\/blog\/#organization"}},{"@type":"WebPage","@id":"https:\/\/www.estrategiaconcursos.com.br\/blog\/concurso-pm-sp-2025-edital-publicado-tenente-musico-estagiario\/","url":"https:\/\/www.estrategiaconcursos.com.br\/blog\/concurso-pm-sp-2025-edital-publicado-tenente-musico-estagiario\/","name":"Edital PM SP 2\u00ba Tenente M\u00fasico tem inicial de R$ 9,8 mil!","isPartOf":{"@id":"https:\/\/www.estrategiaconcursos.com.br\/blog\/#website"},"primaryImageOfPage":{"@id":"https:\/\/www.estrategiaconcursos.com.br\/blog\/concurso-pm-sp-2025-edital-publicado-tenente-musico-estagiario\/#primaryimage"},"image":{"@id":"https:\/\/www.estrategiaconcursos.com.br\/blog\/concurso-pm-sp-2025-edital-publicado-tenente-musico-estagiario\/#primaryimage"},"thumbnailUrl":"https:\/\/dhg1h5j42swfq.cloudfront.net\/2022\/11\/29141443\/pm-sp-1.jpg","datePublished":"2025-12-15T11:15:00+00:00","dateModified":"2026-01-13T11:21:23+00:00","description":"Saiu o edital PM SP 2025 para 2\u00ba Tenente M\u00fasico Estagi\u00e1rio. Acesse o site do Estrat\u00e9gia e confira os detalhes!","breadcrumb":{"@id":"https:\/\/www.estrategiaconcursos.com.br\/blog\/concurso-pm-sp-2025-edital-publicado-tenente-musico-estagiario\/#breadcrumb"},"inLanguage":"pt-BR","potentialAction":[{"@type":"ReadAction","target":["https:\/\/www.estrategiaconcursos.com.br\/blog\/concurso-pm-sp-2025-edital-publicado-tenente-musico-estagiario\/"]}]},{"@type":"ImageObject","inLanguage":"pt-BR","@id":"https:\/\/www.estrategiaconcursos.com.br\/blog\/concurso-pm-sp-2025-edital-publicado-tenente-musico-estagiario\/#primaryimage","url":"https:\/\/dhg1h5j42swfq.cloudfront.net\/2022\/11\/29141443\/pm-sp-1.jpg","contentUrl":"https:\/\/dhg1h5j42swfq.cloudfront.net\/2022\/11\/29141443\/pm-sp-1.jpg","width":768,"height":432,"caption":"concurso pm sp"},{"@type":"BreadcrumbList","@id":"https:\/\/www.estrategiaconcursos.com.br\/blog\/concurso-pm-sp-2025-edital-publicado-tenente-musico-estagiario\/#breadcrumb","itemListElement":[{"@type":"ListItem","position":1,"name":"In\u00edcio","item":"https:\/\/www.estrategiaconcursos.com.br\/blog\/"},{"@type":"ListItem","position":2,"name":"Edital PM SP 2\u00ba Tenente M\u00fasico tem inicial de R$ 9,8 mil!"}]},{"@type":"WebSite","@id":"https:\/\/www.estrategiaconcursos.com.br\/blog\/#website","url":"https:\/\/www.estrategiaconcursos.com.br\/blog\/","name":"Estrat\u00e9gia Concursos","description":"O blog da Estrat\u00e9gia Concursos traz not\u00edcias sobre concursos e artigos de professores oferecendo cursos para concursos (pdf + videaulas) no site.","publisher":{"@id":"https:\/\/www.estrategiaconcursos.com.br\/blog\/#organization"},"potentialAction":[{"@type":"SearchAction","target":{"@type":"EntryPoint","urlTemplate":"https:\/\/www.estrategiaconcursos.com.br\/blog\/?s={search_term_string}"},"query-input":{"@type":"PropertyValueSpecification","valueRequired":true,"valueName":"search_term_string"}}],"inLanguage":"pt-BR"},{"@type":"Organization","@id":"https:\/\/www.estrategiaconcursos.com.br\/blog\/#organization","name":"Estrat\u00e9gia Concursos","url":"https:\/\/www.estrategiaconcursos.com.br\/blog\/","logo":{"@type":"ImageObject","inLanguage":"pt-BR","@id":"https:\/\/www.estrategiaconcursos.com.br\/blog\/#\/schema\/logo\/image\/","url":"https:\/\/dhg1h5j42swfq.cloudfront.net\/2025\/06\/03203428\/logo_concursos-1.jpg","contentUrl":"https:\/\/dhg1h5j42swfq.cloudfront.net\/2025\/06\/03203428\/logo_concursos-1.jpg","width":230,"height":60,"caption":"Estrat\u00e9gia Concursos"},"image":{"@id":"https:\/\/www.estrategiaconcursos.com.br\/blog\/#\/schema\/logo\/image\/"},"sameAs":["https:\/\/x.com\/EstratConcursos"]},{"@type":"Person","@id":"https:\/\/www.estrategiaconcursos.com.br\/blog\/#\/schema\/person\/cc9e76173880338ce9f656c88664a1f6","name":"Diogo Mendes","image":{"@type":"ImageObject","inLanguage":"pt-BR","@id":"https:\/\/secure.gravatar.com\/avatar\/9754d6777d460a45ef4067b586b94c32005cc2345a0404b8d96adc620cf63806?s=96&d=mm&r=g","url":"https:\/\/secure.gravatar.com\/avatar\/9754d6777d460a45ef4067b586b94c32005cc2345a0404b8d96adc620cf63806?s=96&d=mm&r=g","contentUrl":"https:\/\/secure.gravatar.com\/avatar\/9754d6777d460a45ef4067b586b94c32005cc2345a0404b8d96adc620cf63806?s=96&d=mm&r=g","caption":"Diogo Mendes"},"description":"Diogo Mendes \u00e9 jornalista formado pela Universidade Paulista, com experi\u00eancia em reda\u00e7\u00f5es de diversos ve\u00edculos e na produ\u00e7\u00e3o de conte\u00fados especializados em concursos p\u00fablicos. Desde 2019, atua no Estrat\u00e9gia Concursos como Jornalista e Analista de Conte\u00fado, com foco na apura\u00e7\u00e3o de informa\u00e7\u00f5es junto a \u00f3rg\u00e3os e fontes oficiais. Dedica-se especialmente \u00e0 produ\u00e7\u00e3o de not\u00edcias e reportagens sobre Concursos Legislativos, al\u00e9m de acompanhar diariamente os concursos policiais, banc\u00e1rios e da \u00e1rea da sa\u00fade.","url":"https:\/\/www.estrategiaconcursos.com.br\/blog\/author\/diogo-mendesestrategiaconcursos-com-br\/"}]}},"_links":{"self":[{"href":"https:\/\/www.estrategiaconcursos.com.br\/blog\/wp-json\/wp\/v2\/posts\/1675553","targetHints":{"allow":["GET"]}}],"collection":[{"href":"https:\/\/www.estrategiaconcursos.com.br\/blog\/wp-json\/wp\/v2\/posts"}],"about":[{"href":"https:\/\/www.estrategiaconcursos.com.br\/blog\/wp-json\/wp\/v2\/types\/post"}],"author":[{"embeddable":true,"href":"https:\/\/www.estrategiaconcursos.com.br\/blog\/wp-json\/wp\/v2\/users\/1483"}],"replies":[{"embeddable":true,"href":"https:\/\/www.estrategiaconcursos.com.br\/blog\/wp-json\/wp\/v2\/comments?post=1675553"}],"version-history":[{"count":12,"href":"https:\/\/www.estrategiaconcursos.com.br\/blog\/wp-json\/wp\/v2\/posts\/1675553\/revisions"}],"predecessor-version":[{"id":1698286,"href":"https:\/\/www.estrategiaconcursos.com.br\/blog\/wp-json\/wp\/v2\/posts\/1675553\/revisions\/1698286"}],"wp:featuredmedia":[{"embeddable":true,"href":"https:\/\/www.estrategiaconcursos.com.br\/blog\/wp-json\/wp\/v2\/media\/1131344"}],"wp:attachment":[{"href":"https:\/\/www.estrategiaconcursos.com.br\/blog\/wp-json\/wp\/v2\/media?parent=1675553"}],"wp:term":[{"taxonomy":"category","embeddable":true,"href":"https:\/\/www.estrategiaconcursos.com.br\/blog\/wp-json\/wp\/v2\/categories?post=1675553"},{"taxonomy":"post_tag","embeddable":true,"href":"https:\/\/www.estrategiaconcursos.com.br\/blog\/wp-json\/wp\/v2\/tags?post=1675553"},{"taxonomy":"tax_estado","embeddable":true,"href":"https:\/\/www.estrategiaconcursos.com.br\/blog\/wp-json\/wp\/v2\/tax_estado?post=1675553"}],"curies":[{"name":"wp","href":"https:\/\/api.w.org\/{rel}","templated":true}]}}