{"id":1675509,"date":"2025-12-15T08:26:00","date_gmt":"2025-12-15T11:26:00","guid":{"rendered":"https:\/\/www.estrategiaconcursos.com.br\/blog\/?p=1675509"},"modified":"2025-12-12T15:22:21","modified_gmt":"2025-12-12T18:22:21","slug":"resumo-territorios-tcu","status":"publish","type":"post","link":"https:\/\/www.estrategiaconcursos.com.br\/blog\/resumo-territorios-tcu\/","title":{"rendered":"Resumo sobre os Territ\u00f3rios para o TCU"},"content":{"rendered":"\n<p>Ol\u00e1, tudo bem? Hoje faremos um resumo sobre os Territ\u00f3rios Federais para o concurso do TCU (Tribunal de Contas da Uni\u00e3o).<\/p>\n\n\n\n<p>O concurso do TCU, organizado pela Cebraspe\/CESPE, teve seu edital lan\u00e7ado recentemente, contando com <strong>20 vagas imediatas, mais cadastro reserva, <\/strong>para o cargo de Auditor Federal de Controle Externo, que exige n\u00edvel superior em qualquer \u00e1rea de forma\u00e7\u00e3o.<\/p>\n\n\n\n<p>O sal\u00e1rio inicial \u00e9 de R$26.159,01 e a prova objetiva ser\u00e1 realizada em 22 de fevereiro de 2026. Para maiores informa\u00e7\u00f5es, fique de olho em <a href=\"https:\/\/www.estrategiaconcursos.com.br\/blog\/concurso-tcu-auditor-2025-edital-publicado\/\">nosso artigo sobre este concurso<\/a>!<\/p>\n\n\n\n<p>Agora, vamos ao que interessa!<\/p>\n\n\n\n<figure class=\"wp-block-image aligncenter size-large is-resized\"><img loading=\"lazy\" decoding=\"async\" width=\"1024\" height=\"684\" src=\"https:\/\/dhg1h5j42swfq.cloudfront.net\/2025\/11\/26070759\/closeup-tiro-de-um-alfinete-preto-no-pais-brasil-no-mapa-1024x684.jpg\" alt=\"Resumo sobre os Territ\u00f3rios para o TCU\" class=\"wp-image-1675511\" style=\"width:784px;height:auto\" srcset=\"https:\/\/dhg1h5j42swfq.cloudfront.net\/2025\/11\/26070759\/closeup-tiro-de-um-alfinete-preto-no-pais-brasil-no-mapa-1024x684.jpg 1024w, https:\/\/dhg1h5j42swfq.cloudfront.net\/2025\/11\/26070759\/closeup-tiro-de-um-alfinete-preto-no-pais-brasil-no-mapa-300x200.jpg 300w, https:\/\/dhg1h5j42swfq.cloudfront.net\/2025\/11\/26070759\/closeup-tiro-de-um-alfinete-preto-no-pais-brasil-no-mapa-768x513.jpg 768w, https:\/\/dhg1h5j42swfq.cloudfront.net\/2025\/11\/26070759\/closeup-tiro-de-um-alfinete-preto-no-pais-brasil-no-mapa-1536x1025.jpg 1536w, https:\/\/dhg1h5j42swfq.cloudfront.net\/2025\/11\/26070759\/closeup-tiro-de-um-alfinete-preto-no-pais-brasil-no-mapa-2048x1367.jpg 2048w, https:\/\/dhg1h5j42swfq.cloudfront.net\/2025\/11\/26070759\/closeup-tiro-de-um-alfinete-preto-no-pais-brasil-no-mapa-150x100.jpg 150w\" sizes=\"auto, (max-width: 1024px) 100vw, 1024px\" \/><figcaption class=\"wp-element-caption\">Resumo sobre os Territ\u00f3rios para o TCU<\/figcaption><\/figure>\n\n\n\n<div class=\"wp-block-yoast-seo-table-of-contents yoast-table-of-contents\"><h2><mark style=\"background-color:rgba(0, 0, 0, 0)\" class=\"has-inline-color has-vivid-cyan-blue-color\">Tabela de conte\u00fados<\/mark><\/h2><ul><li><a href=\"#h-resumo-sobre-os-territorios-para-o-tcu\" data-level=\"2\">Resumo sobre os Territ\u00f3rios para o TCU<\/a><ul><li><a href=\"#h-da-organizacao-politico-administrativa\" data-level=\"3\">Da Organiza\u00e7\u00e3o Pol\u00edtico-Administrativa<\/a><\/li><li><a href=\"#h-da-organizacao-dos-territorios\" data-level=\"3\">Da organiza\u00e7\u00e3o dos Territ\u00f3rios<\/a><\/li><li><a href=\"#h-regras-eletivas-e-legislativas-dos-territorios\" data-level=\"3\">Regras eletivas e legislativas dos Territ\u00f3rios<\/a><\/li><li><a href=\"#h-instituicoes-nos-territorios-federais\" data-level=\"3\">Institui\u00e7\u00f5es nos Territ\u00f3rios Federais<\/a><\/li><li><a href=\"#h-consideracoes-finais\" data-level=\"3\">Considera\u00e7\u00f5es finais<\/a><\/li><\/ul><\/li><li><a href=\"#h-quer-saber-tudo-sobre-concursos-previstos-confira-nossos-artigos\" data-level=\"2\">Quer saber tudo sobre concursos previstos? Confira nossos artigos!<\/a><\/li><\/ul><\/div>\n\n\n\n<h2 class=\"wp-block-heading has-vivid-cyan-blue-color has-text-color has-link-color wp-elements-17752e4ec1dbeec34b331d1dfab00d9a\" id=\"h-resumo-sobre-os-territorios-para-o-tcu\">Resumo sobre os Territ\u00f3rios para o TCU<\/h2>\n\n\n\n<p>Os Territ\u00f3rios Federais s\u00e3o um dos itens expressamente previstos no <a href=\"https:\/\/dhg1h5j42swfq.cloudfront.net\/2025\/10\/24173230\/edital_tcu_2025_ec.pdf?utm_source=google&amp;utm_medium=cpc&amp;utm_campaign=ec-tc-vd-gsh-tcu-semesp-180625\" target=\"_blank\" rel=\"noreferrer noopener\">conte\u00fado program\u00e1tico<\/a> do Tribunal de Contas da Uni\u00e3o. Mais especificamente, consta do item \u201c<em>5.7 Territ\u00f3rios\u201d <\/em>da disciplina de Direito Constitucional.<\/p>\n\n\n\n<h3 class=\"wp-block-heading has-vivid-cyan-blue-color has-text-color has-link-color wp-elements-e1c7c1e8fef93c7fca51a915f4f83ee8\" id=\"h-da-organizacao-politico-administrativa\">Da Organiza\u00e7\u00e3o Pol\u00edtico-Administrativa<\/h3>\n\n\n\n<p>O artigo 18 da Constitui\u00e7\u00e3o Federal disp\u00f5e que a organiza\u00e7\u00e3o pol\u00edtico-administrativa da Rep\u00fablica Federativa do Brasil compreende a <strong>Uni\u00e3o<\/strong>, os <strong>Estados<\/strong>, o <strong>Distrito Federal <\/strong>e os <strong>Munic\u00edpios<\/strong>, todos aut\u00f4nomos, nos termos da Constitui\u00e7\u00e3o.<\/p>\n\n\n\n<p>Esses, portanto, s\u00e3o os chamados entes federados, ou entes federativos, os quais, em conjunto, formam a Rep\u00fablica Federativa do Brasil. Lembrando que, em uma <strong>Federa\u00e7\u00e3o<\/strong>, o poder est\u00e1 descentralizado pelo territ\u00f3rio, de modo que nosso Pa\u00eds \u00e9 formado pela uni\u00e3o de diversos estados aut\u00f4nomos.<\/p>\n\n\n\n<p>Al\u00e9m disso, a <strong>autonomia <\/strong>citada anteriormente (<strong>autonomia pol\u00edtica<\/strong>) subdivide-se em 4 aptid\u00f5es, de acordo com o prof. Ricardo Vale e a prof.\u00aa N\u00e1dia Carolina:<\/p>\n\n\n\n<ol class=\"wp-block-list\">\n<li><strong>Auto-organiza\u00e7\u00e3o<\/strong>: \u00e9 a capacidade que os entes t\u00eam de se auto-organizar por meio de Constitui\u00e7\u00f5es Estaduais ou Lei Org\u00e2nicas, a depender do caso (Estado e Munic\u00edpio, respectivamente);\u00a0<\/li>\n\n\n\n<li><strong>Autolegisla\u00e7\u00e3o<\/strong>: \u00e9 a capacidade que os entes t\u00eam para editarem sua pr\u00f3pria legisla\u00e7\u00e3o;\u00a0<\/li>\n\n\n\n<li><strong>Autoadministra\u00e7\u00e3o<\/strong>: \u00e9 a capacidade que os entes t\u00eam para exercer suas atribui\u00e7\u00f5es de natureza administrativa, tribut\u00e1ria e or\u00e7ament\u00e1ria;<\/li>\n\n\n\n<li><strong>Autogoverno<\/strong>: \u00e9 a capacidade que os entes t\u00eam de eleger seus pr\u00f3prios representantes.\u00a0<\/li>\n<\/ol>\n\n\n\n<p>Agora vamos falar sobre os Territ\u00f3rios!<\/p>\n\n\n\n<h3 class=\"wp-block-heading has-vivid-cyan-blue-color has-text-color has-link-color wp-elements-ffc5178c1b1b718984ff554f9299b18f\" id=\"h-da-organizacao-dos-territorios\">Da organiza\u00e7\u00e3o dos Territ\u00f3rios<\/h3>\n\n\n\n<p>Como podemos perceber, n\u00e3o foi mencionado acima os Territ\u00f3rios na organiza\u00e7\u00e3o pol\u00edtico-administrativa da Rep\u00fablica Federativa do Brasil.<\/p>\n\n\n\n<p>Isso porque, de acordo com o \u00a7 2\u00ba do artigo 18 da Constitui\u00e7\u00e3o Federal, os <strong>Territ\u00f3rios Federais integram a Uni\u00e3o<\/strong>. Desse modo, os Territ\u00f3rios <strong>n\u00e3o possuem autonomia<\/strong> e tamb\u00e9m <strong>n\u00e3o s\u00e3o entes federados<\/strong>.<\/p>\n\n\n\n<p>O \u00a7 2\u00ba do artigo 18 tamb\u00e9m disp\u00f5e que a <strong>cria\u00e7\u00e3o<\/strong>, <strong>transforma\u00e7\u00e3o em Estado<\/strong> ou <strong>reintegra\u00e7\u00e3o ao Estado de origem<\/strong> ser\u00e3o reguladas em lei complementar (LC).<\/p>\n\n\n\n<p>Para o Supremo Tribunal Federal, o aperfei\u00e7oamento da convers\u00e3o de um Territ\u00f3rio Federal em Estado-membro, na plenitude do seu <em>status <\/em>constitucional,<strong> n\u00e3o \u00e9 um fato instant\u00e2neo <\/strong>\u2013 <em>unico actu perficiuntur<\/em>.<\/p>\n\n\n\n<p>Na verdade, \u00e9 o resultado de um processo mais ou menos complexo, que se <strong>inicia com o ato de cria\u00e7\u00e3o, mas somente se exaure quando o novo Estado puder exercer por \u00f3rg\u00e3os pr\u00f3prios a plenitude dos poderes<\/strong> que lhe confere a Constitui\u00e7\u00e3o da Rep\u00fablica, no que se traduz a plena e efetiva assun\u00e7\u00e3o de sua autonomia. [AO 97 MC, rel. min. Sep\u00falveda Pertence, j. 26-9-1991, P, DJ de 2-4-1993.]<\/p>\n\n\n\n<p>Al\u00e9m disso, a LC que trata sobre o tema \u00e9 a <a href=\"https:\/\/www.planalto.gov.br\/ccivil_03\/leis\/lcp\/lcp20.htm\" target=\"_blank\" rel=\"noreferrer noopener\">Lei Complementar n.\u00ba 20\/1974<\/a>, tratando-se, portanto, de uma legisla\u00e7\u00e3o anterior \u00e0 pr\u00f3pria Constitui\u00e7\u00e3o Federal de 1988 (CF\/88).<\/p>\n\n\n\n<p>De acordo com a LC n\u00ba 20\/74, poder\u00e3o ser criados Territ\u00f3rios Federais (art. 6\u00ba):<\/p>\n\n\n\n<div class=\"wp-block-group has-background has-global-padding is-layout-constrained wp-block-group-is-layout-constrained\" style=\"background-color:#8dd2fc4f\">\n<p>I &#8211; pelo desmembramento de parte de Estado j\u00e1 existente, no interesse da seguran\u00e7a nacional, ou quando a Uni\u00e3o haja de nela executar plano de desenvolvimento econ\u00f4mico ou social, com recursos superiores, pelo menos, a um ter\u00e7o do or\u00e7amento de capital do Estado atingido pela medida;<\/p>\n\n\n\n<p>Il &#8211; pelo desmembramento de outro Territ\u00f3rio Federal.<\/p>\n<\/div>\n\n\n\n<p>Tamb\u00e9m \u00e9 importante anotar que <strong>atualmente n\u00e3o h\u00e1 Territ\u00f3rios Federais<\/strong>, tendo os \u00faltimos sido extintos a partir da CF\/88, a qual, em seu ADCT previu<strong> (i)<\/strong> a transforma\u00e7\u00e3o dos Territ\u00f3rios Federais de <strong>Roraima <\/strong>e do <strong>Amap\u00e1 <\/strong>em Estados Federados; e <strong>(ii) <\/strong>a extin\u00e7\u00e3o do Territ\u00f3rio Federal de <strong>Fernando de Noronha<\/strong>, sendo sua \u00e1rea reincorporada ao Estado de Pernambuco.<\/p>\n\n\n\n<p>Al\u00e9m disso, diferentemente do Distrito Federal, os Territ\u00f3rios <strong>poder\u00e3o ser divididos em Munic\u00edpios<\/strong>, aos quais se aplicar\u00e1, no que couber, o disposto nos artigos 29 a 31 da CF\/88.<\/p>\n\n\n\n<div id=\"boxes\" class=\"container\">\r\n<div class=\"row\">\r\n<div class=\"col-sm\">\r\n<div id=\"box-assinatura\" class=\"banner-tcu-ec\">\r\n<h2 class=\"titulo-assinatura\">Concurso TCU<\/h2>\r\n<p class=\"subtitulo-assinatura\">Prepare-se para o Tribunal de Contas da Uni\u00e3o!<\/p>\r\n<div class=\"box-botao\"><a class=\"btn-assinatura\" role=\"button\" href=\"https:\/\/www.estrategiaconcursos.com.br\/cursosPorConcurso\/tcu-tecnico-federal-de-controle-externo-66\/\" target=\"_blank\" rel=\"noopener noreferrer\">VER CURSOS<\/a><\/div>\r\n<\/div>\r\n<\/div>\r\n<\/div>\r\n<\/div>\n\n\n\n<h3 class=\"wp-block-heading has-vivid-cyan-blue-color has-text-color has-link-color wp-elements-3478c48b365f542fb6d3b5fcc92fa944\" id=\"h-regras-eletivas-e-legislativas-dos-territorios\">Regras eletivas e legislativas dos Territ\u00f3rios<\/h3>\n\n\n\n<p>Nos Territ\u00f3rios Federais com mais de <strong>100 mil <\/strong><strong>habitantes<\/strong> haver\u00e1:<\/p>\n\n\n\n<ul class=\"wp-block-list\">\n<li>Governador nomeado pelo Presidente da Rep\u00fablica e aprovado pela maioria absoluta dos membros do Senado Federal (arts. 52, III, \u201cc\u201d, c\/c art. 84, XIV, ambos da CF\/88);<\/li>\n\n\n\n<li>\u00d3rg\u00e3os judici\u00e1rios de primeira e segunda inst\u00e2ncia;<\/li>\n\n\n\n<li>Membros do Minist\u00e9rio P\u00fablico;<\/li>\n\n\n\n<li>Defensores p\u00fablicos federais;<\/li>\n\n\n\n<li>A lei dispor\u00e1 sobre as elei\u00e7\u00f5es para a C\u00e2mara Territorial e sua compet\u00eancia deliberativa.<\/li>\n<\/ul>\n\n\n\n<p>No entanto, ainda que n\u00e3o tenha mais 100 mil habitantes, o Territ\u00f3rio Federal ter\u00e1 Governador.<\/p>\n\n\n\n<p>Por fim, as contas do Governo do Territ\u00f3rio ser\u00e3o submetidas ao Congresso Nacional, com parecer pr\u00e9vio do Tribunal de Contas da Uni\u00e3o.<\/p>\n\n\n\n<h3 class=\"wp-block-heading has-vivid-cyan-blue-color has-text-color has-link-color wp-elements-5ddd7dcc1f4fef5a32c332273061410c\" id=\"h-instituicoes-nos-territorios-federais\">Institui\u00e7\u00f5es nos Territ\u00f3rios Federais<\/h3>\n\n\n\n<p>Tamb\u00e9m \u00e9 essencial destacar que, sendo os Territ\u00f3rios pertencentes \u00e0 Uni\u00e3o, suas institui\u00e7\u00f5es elementares s\u00e3o na verdade organizadas e mantidas tamb\u00e9m pela Uni\u00e3o:<\/p>\n\n\n\n<ul class=\"wp-block-list\">\n<li>Compete \u00e0 Uni\u00e3o organizar e manter o <strong>Poder Judici\u00e1rio<\/strong>, o<strong> Minist\u00e9rio P\u00fablico <\/strong>do Distrito Federal e <strong>dos Territ\u00f3rios<\/strong> e a Defensoria P\u00fablica <strong>dos Territ\u00f3rio<\/strong>s (art. 21, XIII, da CF\/88);<\/li>\n\n\n\n<li>Compete privativamente \u00e0 Uni\u00e3o legislar sobre <strong>organiza\u00e7\u00e3o judici\u00e1ria, <\/strong>do Minist\u00e9rio P\u00fablico do Distrito Federal e <strong>dos Territ\u00f3rios<\/strong> e da Defensoria P\u00fablica <strong>dos Territ\u00f3rios<\/strong>, bem como <strong>organiza\u00e7\u00e3o administrativa destes<\/strong>;<strong> <\/strong>(art. 22, XVII, da CF\/88).<\/li>\n<\/ul>\n\n\n\n<p>Al\u00e9m disso, o \u00a7 1\u00ba do art. 61 preconiza que \u00e9 de iniciativa privativa do Presidente da Rep\u00fablica as leis que disponham sobre <strong>servidores p\u00fablicos <\/strong>da Uni\u00e3o e<strong> Territ\u00f3rios<\/strong>, seu regime jur\u00eddico, provimento de cargos, estabilidade e aposentadoria;&nbsp;&nbsp;<\/p>\n\n\n\n<p><strong><span style=\"text-decoration: underline;\"><mark style=\"background-color:rgba(0, 0, 0, 0)\" class=\"has-inline-color has-vivid-red-color\">ATEN\u00c7\u00c3O<\/mark><\/span>: <\/strong>repare que a Defensoria P\u00fablica do Distrito Federal (DPDF) \u00e9 mantida e organizada pelo pr\u00f3prio Distrito Federal. A Defensoria organizada e mantida pela Uni\u00e3o \u00e9 apenas a dos Territ\u00f3rios.<\/p>\n\n\n\n<h3 class=\"wp-block-heading has-vivid-cyan-blue-color has-text-color has-link-color wp-elements-fb891aa362d50efd77a7db81cb91ab17\" id=\"h-consideracoes-finais\">Considera\u00e7\u00f5es finais<\/h3>\n\n\n\n<p>Pessoal, esse foi nosso breve resumo sobre os Territ\u00f3rios Federais para o concurso do TCU (Tribunal de Contas da Uni\u00e3o).<\/p>\n\n\n\n<p>Nosso tempo aqui \u00e9 breve e n\u00e3o conseguimos, claro, esgotar o assunto. Portanto, n\u00e3o deixe de revisar o tema em seu material de estudo e praticar com diversas quest\u00f5es.<\/p>\n\n\n\n<p>At\u00e9 a pr\u00f3xima!<\/p>\n\n\n\n<div id=\"boxes\" class=\"container\">\r\n<div class=\"row\">\r\n<div class=\"col-sm\">\r\n<div id=\"box-assinatura\" class=\"banner-tcu-ec\">\r\n<h2 class=\"titulo-assinatura\">Concurso TCU<\/h2>\r\n<p class=\"subtitulo-assinatura\">Prepare-se para o Tribunal de Contas da Uni\u00e3o!<\/p>\r\n<div class=\"box-botao\"><a class=\"btn-assinatura\" role=\"button\" href=\"https:\/\/www.estrategiaconcursos.com.br\/cursosPorConcurso\/tcu-tecnico-federal-de-controle-externo-66\/\" target=\"_blank\" rel=\"noopener noreferrer\">VER CURSOS<\/a><\/div>\r\n<\/div>\r\n<\/div>\r\n<\/div>\r\n<\/div>\n\n\n\n<figure class=\"wp-block-image aligncenter size-large is-resized\"><img decoding=\"async\" src=\"https:\/\/dhg1h5j42swfq.cloudfront.net\/2020\/09\/18141901\/Coruja_Concursos%404x-506x1024.png\" alt=\"Concursos 2024 Estrat\u00e9gia Concursos\" class=\"wp-image-574355\" style=\"aspect-ratio:0.5;width:30px;height:auto\"\/><\/figure>\n\n\n\n<h2 class=\"wp-block-heading has-text-align-center\" id=\"h-quer-saber-tudo-sobre-concursos-previstos-confira-nossos-artigos\">Quer saber tudo sobre concursos previstos?<br \/>Confira nossos artigos!<\/h2>\n\n\n\n<ul class=\"wp-block-list\">\n<li><a href=\"https:\/\/www.estrategiaconcursos.com.br\/blog\/concursos-abertos\/\" target=\"_blank\" rel=\"noreferrer noopener\">Concursos Abertos<\/a><\/li>\n\n\n\n<li><a href=\"https:\/\/www.estrategiaconcursos.com.br\/blog\/concursos-2025\/\">Concursos 2025<\/a><\/li>\n<\/ul>\n\n\n\n<div class=\"container\" id=\"boxes\">\n  <div class=\"row\">\n\n    <div class=\"col-sm\">\n      <div class=\"banner-estrat-corj\" id=\"box-assinatura\">\n        <h3 class=\"titulo-assinatura\" style=\"text-align: left;\">Concursos 2025<\/h3>\n        <p class=\"subtitulo-assinatura\" style=\"text-align: left;\">Explore os cursos preparat\u00f3rios completos! \u2728<\/p>\n        <div class=\"box-botao\" style=\"text-align: left;\">\n          <a class=\"btn-assinatura\" target=\"_blank\" href=\"https:\/\/www.estrategiaconcursos.com.br\/cursos\/concurso\/\" role=\"button\" rel=\"noopener noreferrer\">CLIQUE AQUI<\/a>\n        <\/div>\n      <\/div><\/div><\/div><\/div>\n\n\n\n<div class=\"container\" id=\"boxes\">\n  <div class=\"row\">\n\n    <div class=\"col-sm\">\n      <div class=\"estrategia\" id=\"box-assinatura\">\n        <h3 class=\"titulo-assinatura\">Assinatura Concursos<\/h3>\n        <p class=\"subtitulo-assinatura\">Assinatura de 1 ano ou 2 anos<\/p>\n        <div class=\"box-botao\">\n          <a class=\"btn-assinatura\" target=\"_blank\" href=\"https:\/\/www.estrategiaconcursos.com.br\/assinaturas\/\" role=\"button\" rel=\"noopener noreferrer\">ASSINE AGORA<\/a>\n        <\/div>\n      <\/div><\/div><\/div><\/div>\n","protected":false},"excerpt":{"rendered":"<p>Ol\u00e1, tudo bem? Hoje faremos um resumo sobre os Territ\u00f3rios Federais para o concurso do TCU (Tribunal de Contas da Uni\u00e3o). O concurso do TCU, organizado pela Cebraspe\/CESPE, teve seu edital lan\u00e7ado recentemente, contando com 20 vagas imediatas, mais cadastro reserva, para o cargo de Auditor Federal de Controle Externo, que exige n\u00edvel superior em [&hellip;]<\/p>\n","protected":false},"author":2567,"featured_media":1675511,"comment_status":"open","ping_status":"closed","sticky":false,"template":"","format":"standard","meta":{"post_tipo":"article","footnotes":""},"categories":[1,214710],"tags":[],"tax_estado":[219963],"class_list":["post-1675509","post","type-post","status-publish","format-standard","has-post-thumbnail","hentry","category-cursos-e-concursos","category-tribunais-de-contas","tax_estado-concursos-federais"],"acf":[],"yoast_head":"<!-- This site is optimized with the Yoast SEO Premium plugin v27.2 (Yoast SEO v27.2) - https:\/\/yoast.com\/product\/yoast-seo-premium-wordpress\/ -->\n<title>Resumo sobre os Territ\u00f3rios para o TCU<\/title>\n<meta name=\"description\" content=\"Confira nosso breve resumo sobre os Territ\u00f3rios Federais para o concurso do TCU (Tribunal de Contas da Uni\u00e3o).\" \/>\n<meta name=\"robots\" content=\"index, follow, max-snippet:-1, max-image-preview:large, max-video-preview:-1\" \/>\n<link rel=\"canonical\" href=\"https:\/\/www.estrategiaconcursos.com.br\/blog\/resumo-territorios-tcu\/\" \/>\n<meta property=\"og:locale\" content=\"pt_BR\" \/>\n<meta property=\"og:type\" content=\"article\" \/>\n<meta property=\"og:title\" content=\"Resumo sobre os Territ\u00f3rios para o TCU\" \/>\n<meta property=\"og:description\" content=\"Confira nosso breve resumo sobre os Territ\u00f3rios Federais para o concurso do TCU (Tribunal de Contas da Uni\u00e3o).\" \/>\n<meta property=\"og:url\" content=\"https:\/\/www.estrategiaconcursos.com.br\/blog\/resumo-territorios-tcu\/\" \/>\n<meta property=\"og:site_name\" content=\"Estrat\u00e9gia Concursos\" \/>\n<meta property=\"article:published_time\" content=\"2025-12-15T11:26:00+00:00\" \/>\n<meta property=\"og:image\" content=\"https:\/\/dhg1h5j42swfq.cloudfront.net\/2025\/11\/26070759\/closeup-tiro-de-um-alfinete-preto-no-pais-brasil-no-mapa-scaled.jpg\" \/>\n\t<meta property=\"og:image:width\" content=\"2560\" \/>\n\t<meta property=\"og:image:height\" content=\"1709\" \/>\n\t<meta property=\"og:image:type\" content=\"image\/jpeg\" \/>\n<meta name=\"author\" content=\"Frederico Tadeu Borlot Peixoto\" \/>\n<meta name=\"twitter:card\" content=\"summary_large_image\" \/>\n<meta name=\"twitter:creator\" content=\"@EstratConcursos\" \/>\n<meta name=\"twitter:site\" content=\"@EstratConcursos\" \/>\n<meta name=\"twitter:label1\" content=\"Escrito por\" \/>\n\t<meta name=\"twitter:data1\" content=\"Frederico Tadeu Borlot Peixoto\" \/>\n\t<meta name=\"twitter:label2\" content=\"Est. tempo de leitura\" \/>\n\t<meta name=\"twitter:data2\" content=\"6 minutos\" \/>\n<script type=\"application\/ld+json\" class=\"yoast-schema-graph\">{\"@context\":\"https:\/\/schema.org\",\"@graph\":[{\"@type\":\"NewsArticle\",\"@id\":\"https:\/\/www.estrategiaconcursos.com.br\/blog\/resumo-territorios-tcu\/#article\",\"isPartOf\":{\"@id\":\"https:\/\/www.estrategiaconcursos.com.br\/blog\/resumo-territorios-tcu\/\"},\"author\":{\"name\":\"Frederico Tadeu Borlot Peixoto\",\"@id\":\"https:\/\/www.estrategiaconcursos.com.br\/blog\/#\/schema\/person\/48a7e085e45aee7c3d4596399af50ebb\"},\"headline\":\"Resumo sobre os Territ\u00f3rios para o TCU\",\"datePublished\":\"2025-12-15T11:26:00+00:00\",\"mainEntityOfPage\":{\"@id\":\"https:\/\/www.estrategiaconcursos.com.br\/blog\/resumo-territorios-tcu\/\"},\"wordCount\":1242,\"commentCount\":0,\"publisher\":{\"@id\":\"https:\/\/www.estrategiaconcursos.com.br\/blog\/#organization\"},\"image\":{\"@id\":\"https:\/\/www.estrategiaconcursos.com.br\/blog\/resumo-territorios-tcu\/#primaryimage\"},\"thumbnailUrl\":\"https:\/\/dhg1h5j42swfq.cloudfront.net\/2025\/11\/26070759\/closeup-tiro-de-um-alfinete-preto-no-pais-brasil-no-mapa-scaled.jpg\",\"articleSection\":[\"Concursos P\u00fablicos\",\"Tribunais de Contas (TCU, TCE, TCM)\"],\"inLanguage\":\"pt-BR\",\"potentialAction\":[{\"@type\":\"CommentAction\",\"name\":\"Comment\",\"target\":[\"https:\/\/www.estrategiaconcursos.com.br\/blog\/resumo-territorios-tcu\/#respond\"]}],\"copyrightYear\":\"2025\",\"copyrightHolder\":{\"@id\":\"https:\/\/www.estrategiaconcursos.com.br\/blog\/#organization\"},\"accessibilityFeature\":[\"tableOfContents\"]},{\"@type\":\"WebPage\",\"@id\":\"https:\/\/www.estrategiaconcursos.com.br\/blog\/resumo-territorios-tcu\/\",\"url\":\"https:\/\/www.estrategiaconcursos.com.br\/blog\/resumo-territorios-tcu\/\",\"name\":\"Resumo sobre os Territ\u00f3rios para o TCU\",\"isPartOf\":{\"@id\":\"https:\/\/www.estrategiaconcursos.com.br\/blog\/#website\"},\"primaryImageOfPage\":{\"@id\":\"https:\/\/www.estrategiaconcursos.com.br\/blog\/resumo-territorios-tcu\/#primaryimage\"},\"image\":{\"@id\":\"https:\/\/www.estrategiaconcursos.com.br\/blog\/resumo-territorios-tcu\/#primaryimage\"},\"thumbnailUrl\":\"https:\/\/dhg1h5j42swfq.cloudfront.net\/2025\/11\/26070759\/closeup-tiro-de-um-alfinete-preto-no-pais-brasil-no-mapa-scaled.jpg\",\"datePublished\":\"2025-12-15T11:26:00+00:00\",\"description\":\"Confira nosso breve resumo sobre os Territ\u00f3rios Federais para o concurso do TCU (Tribunal de Contas da Uni\u00e3o).\",\"breadcrumb\":{\"@id\":\"https:\/\/www.estrategiaconcursos.com.br\/blog\/resumo-territorios-tcu\/#breadcrumb\"},\"inLanguage\":\"pt-BR\",\"potentialAction\":[{\"@type\":\"ReadAction\",\"target\":[\"https:\/\/www.estrategiaconcursos.com.br\/blog\/resumo-territorios-tcu\/\"]}]},{\"@type\":\"ImageObject\",\"inLanguage\":\"pt-BR\",\"@id\":\"https:\/\/www.estrategiaconcursos.com.br\/blog\/resumo-territorios-tcu\/#primaryimage\",\"url\":\"https:\/\/dhg1h5j42swfq.cloudfront.net\/2025\/11\/26070759\/closeup-tiro-de-um-alfinete-preto-no-pais-brasil-no-mapa-scaled.jpg\",\"contentUrl\":\"https:\/\/dhg1h5j42swfq.cloudfront.net\/2025\/11\/26070759\/closeup-tiro-de-um-alfinete-preto-no-pais-brasil-no-mapa-scaled.jpg\",\"width\":2560,\"height\":1709,\"caption\":\"Resumo sobre os Territ\u00f3rios para o TCU\"},{\"@type\":\"BreadcrumbList\",\"@id\":\"https:\/\/www.estrategiaconcursos.com.br\/blog\/resumo-territorios-tcu\/#breadcrumb\",\"itemListElement\":[{\"@type\":\"ListItem\",\"position\":1,\"name\":\"In\u00edcio\",\"item\":\"https:\/\/www.estrategiaconcursos.com.br\/blog\/\"},{\"@type\":\"ListItem\",\"position\":2,\"name\":\"Resumo sobre os Territ\u00f3rios para o TCU\"}]},{\"@type\":\"WebSite\",\"@id\":\"https:\/\/www.estrategiaconcursos.com.br\/blog\/#website\",\"url\":\"https:\/\/www.estrategiaconcursos.com.br\/blog\/\",\"name\":\"Estrat\u00e9gia Concursos\",\"description\":\"O blog da Estrat\u00e9gia Concursos traz not\u00edcias sobre concursos e artigos de professores oferecendo cursos para concursos (pdf + videaulas) no site.\",\"publisher\":{\"@id\":\"https:\/\/www.estrategiaconcursos.com.br\/blog\/#organization\"},\"potentialAction\":[{\"@type\":\"SearchAction\",\"target\":{\"@type\":\"EntryPoint\",\"urlTemplate\":\"https:\/\/www.estrategiaconcursos.com.br\/blog\/?s={search_term_string}\"},\"query-input\":{\"@type\":\"PropertyValueSpecification\",\"valueRequired\":true,\"valueName\":\"search_term_string\"}}],\"inLanguage\":\"pt-BR\"},{\"@type\":\"Organization\",\"@id\":\"https:\/\/www.estrategiaconcursos.com.br\/blog\/#organization\",\"name\":\"Estrat\u00e9gia Concursos\",\"url\":\"https:\/\/www.estrategiaconcursos.com.br\/blog\/\",\"logo\":{\"@type\":\"ImageObject\",\"inLanguage\":\"pt-BR\",\"@id\":\"https:\/\/www.estrategiaconcursos.com.br\/blog\/#\/schema\/logo\/image\/\",\"url\":\"https:\/\/dhg1h5j42swfq.cloudfront.net\/2025\/06\/03203428\/logo_concursos-1.jpg\",\"contentUrl\":\"https:\/\/dhg1h5j42swfq.cloudfront.net\/2025\/06\/03203428\/logo_concursos-1.jpg\",\"width\":230,\"height\":60,\"caption\":\"Estrat\u00e9gia Concursos\"},\"image\":{\"@id\":\"https:\/\/www.estrategiaconcursos.com.br\/blog\/#\/schema\/logo\/image\/\"},\"sameAs\":[\"https:\/\/x.com\/EstratConcursos\"]},{\"@type\":\"Person\",\"@id\":\"https:\/\/www.estrategiaconcursos.com.br\/blog\/#\/schema\/person\/48a7e085e45aee7c3d4596399af50ebb\",\"name\":\"Frederico Tadeu Borlot Peixoto\",\"image\":{\"@type\":\"ImageObject\",\"inLanguage\":\"pt-BR\",\"@id\":\"https:\/\/secure.gravatar.com\/avatar\/df8a49e2321c1e32f85e9e7c2a9c92c688f1f53a947220f40017ff5858b09fdb?s=96&d=mm&r=g\",\"url\":\"https:\/\/secure.gravatar.com\/avatar\/df8a49e2321c1e32f85e9e7c2a9c92c688f1f53a947220f40017ff5858b09fdb?s=96&d=mm&r=g\",\"contentUrl\":\"https:\/\/secure.gravatar.com\/avatar\/df8a49e2321c1e32f85e9e7c2a9c92c688f1f53a947220f40017ff5858b09fdb?s=96&d=mm&r=g\",\"caption\":\"Frederico Tadeu Borlot Peixoto\"},\"description\":\"Analista Judici\u00e1rio - \u00c1rea Judici\u00e1ria do TRF da 4\u00aa regi\u00e3o. Bacharel em Direito. P\u00f3s-graduado em Direito Administrativo, Legisla\u00e7\u00e3o Penal Especial, Direito Penal e Direito Processual Penal. Tamb\u00e9m nomeado no TRF da 3\u00aa regi\u00e3o (8\u00ba lugar); SPPREV (3\u00ba lugar); IFES (2\u00ba lugar); e PMES. https:\/\/www.instagram.com\/proffrederico\/\",\"sameAs\":[\"https:\/\/www.instagram.com\/proffrederico\/\"],\"url\":\"https:\/\/www.estrategiaconcursos.com.br\/blog\/author\/xfredericohotmail-com\/\"}]}<\/script>\n<!-- \/ Yoast SEO Premium plugin. -->","yoast_head_json":{"title":"Resumo sobre os Territ\u00f3rios para o TCU","description":"Confira nosso breve resumo sobre os Territ\u00f3rios Federais para o concurso do TCU (Tribunal de Contas da Uni\u00e3o).","robots":{"index":"index","follow":"follow","max-snippet":"max-snippet:-1","max-image-preview":"max-image-preview:large","max-video-preview":"max-video-preview:-1"},"canonical":"https:\/\/www.estrategiaconcursos.com.br\/blog\/resumo-territorios-tcu\/","og_locale":"pt_BR","og_type":"article","og_title":"Resumo sobre os Territ\u00f3rios para o TCU","og_description":"Confira nosso breve resumo sobre os Territ\u00f3rios Federais para o concurso do TCU (Tribunal de Contas da Uni\u00e3o).","og_url":"https:\/\/www.estrategiaconcursos.com.br\/blog\/resumo-territorios-tcu\/","og_site_name":"Estrat\u00e9gia Concursos","article_published_time":"2025-12-15T11:26:00+00:00","og_image":[{"width":2560,"height":1709,"url":"https:\/\/dhg1h5j42swfq.cloudfront.net\/2025\/11\/26070759\/closeup-tiro-de-um-alfinete-preto-no-pais-brasil-no-mapa-scaled.jpg","type":"image\/jpeg"}],"author":"Frederico Tadeu Borlot Peixoto","twitter_card":"summary_large_image","twitter_creator":"@EstratConcursos","twitter_site":"@EstratConcursos","twitter_misc":{"Escrito por":"Frederico Tadeu Borlot Peixoto","Est. tempo de leitura":"6 minutos"},"schema":{"@context":"https:\/\/schema.org","@graph":[{"@type":"NewsArticle","@id":"https:\/\/www.estrategiaconcursos.com.br\/blog\/resumo-territorios-tcu\/#article","isPartOf":{"@id":"https:\/\/www.estrategiaconcursos.com.br\/blog\/resumo-territorios-tcu\/"},"author":{"name":"Frederico Tadeu Borlot Peixoto","@id":"https:\/\/www.estrategiaconcursos.com.br\/blog\/#\/schema\/person\/48a7e085e45aee7c3d4596399af50ebb"},"headline":"Resumo sobre os Territ\u00f3rios para o TCU","datePublished":"2025-12-15T11:26:00+00:00","mainEntityOfPage":{"@id":"https:\/\/www.estrategiaconcursos.com.br\/blog\/resumo-territorios-tcu\/"},"wordCount":1242,"commentCount":0,"publisher":{"@id":"https:\/\/www.estrategiaconcursos.com.br\/blog\/#organization"},"image":{"@id":"https:\/\/www.estrategiaconcursos.com.br\/blog\/resumo-territorios-tcu\/#primaryimage"},"thumbnailUrl":"https:\/\/dhg1h5j42swfq.cloudfront.net\/2025\/11\/26070759\/closeup-tiro-de-um-alfinete-preto-no-pais-brasil-no-mapa-scaled.jpg","articleSection":["Concursos P\u00fablicos","Tribunais de Contas (TCU, TCE, TCM)"],"inLanguage":"pt-BR","potentialAction":[{"@type":"CommentAction","name":"Comment","target":["https:\/\/www.estrategiaconcursos.com.br\/blog\/resumo-territorios-tcu\/#respond"]}],"copyrightYear":"2025","copyrightHolder":{"@id":"https:\/\/www.estrategiaconcursos.com.br\/blog\/#organization"},"accessibilityFeature":["tableOfContents"]},{"@type":"WebPage","@id":"https:\/\/www.estrategiaconcursos.com.br\/blog\/resumo-territorios-tcu\/","url":"https:\/\/www.estrategiaconcursos.com.br\/blog\/resumo-territorios-tcu\/","name":"Resumo sobre os Territ\u00f3rios para o TCU","isPartOf":{"@id":"https:\/\/www.estrategiaconcursos.com.br\/blog\/#website"},"primaryImageOfPage":{"@id":"https:\/\/www.estrategiaconcursos.com.br\/blog\/resumo-territorios-tcu\/#primaryimage"},"image":{"@id":"https:\/\/www.estrategiaconcursos.com.br\/blog\/resumo-territorios-tcu\/#primaryimage"},"thumbnailUrl":"https:\/\/dhg1h5j42swfq.cloudfront.net\/2025\/11\/26070759\/closeup-tiro-de-um-alfinete-preto-no-pais-brasil-no-mapa-scaled.jpg","datePublished":"2025-12-15T11:26:00+00:00","description":"Confira nosso breve resumo sobre os Territ\u00f3rios Federais para o concurso do TCU (Tribunal de Contas da Uni\u00e3o).","breadcrumb":{"@id":"https:\/\/www.estrategiaconcursos.com.br\/blog\/resumo-territorios-tcu\/#breadcrumb"},"inLanguage":"pt-BR","potentialAction":[{"@type":"ReadAction","target":["https:\/\/www.estrategiaconcursos.com.br\/blog\/resumo-territorios-tcu\/"]}]},{"@type":"ImageObject","inLanguage":"pt-BR","@id":"https:\/\/www.estrategiaconcursos.com.br\/blog\/resumo-territorios-tcu\/#primaryimage","url":"https:\/\/dhg1h5j42swfq.cloudfront.net\/2025\/11\/26070759\/closeup-tiro-de-um-alfinete-preto-no-pais-brasil-no-mapa-scaled.jpg","contentUrl":"https:\/\/dhg1h5j42swfq.cloudfront.net\/2025\/11\/26070759\/closeup-tiro-de-um-alfinete-preto-no-pais-brasil-no-mapa-scaled.jpg","width":2560,"height":1709,"caption":"Resumo sobre os Territ\u00f3rios para o TCU"},{"@type":"BreadcrumbList","@id":"https:\/\/www.estrategiaconcursos.com.br\/blog\/resumo-territorios-tcu\/#breadcrumb","itemListElement":[{"@type":"ListItem","position":1,"name":"In\u00edcio","item":"https:\/\/www.estrategiaconcursos.com.br\/blog\/"},{"@type":"ListItem","position":2,"name":"Resumo sobre os Territ\u00f3rios para o TCU"}]},{"@type":"WebSite","@id":"https:\/\/www.estrategiaconcursos.com.br\/blog\/#website","url":"https:\/\/www.estrategiaconcursos.com.br\/blog\/","name":"Estrat\u00e9gia Concursos","description":"O blog da Estrat\u00e9gia Concursos traz not\u00edcias sobre concursos e artigos de professores oferecendo cursos para concursos (pdf + videaulas) no site.","publisher":{"@id":"https:\/\/www.estrategiaconcursos.com.br\/blog\/#organization"},"potentialAction":[{"@type":"SearchAction","target":{"@type":"EntryPoint","urlTemplate":"https:\/\/www.estrategiaconcursos.com.br\/blog\/?s={search_term_string}"},"query-input":{"@type":"PropertyValueSpecification","valueRequired":true,"valueName":"search_term_string"}}],"inLanguage":"pt-BR"},{"@type":"Organization","@id":"https:\/\/www.estrategiaconcursos.com.br\/blog\/#organization","name":"Estrat\u00e9gia Concursos","url":"https:\/\/www.estrategiaconcursos.com.br\/blog\/","logo":{"@type":"ImageObject","inLanguage":"pt-BR","@id":"https:\/\/www.estrategiaconcursos.com.br\/blog\/#\/schema\/logo\/image\/","url":"https:\/\/dhg1h5j42swfq.cloudfront.net\/2025\/06\/03203428\/logo_concursos-1.jpg","contentUrl":"https:\/\/dhg1h5j42swfq.cloudfront.net\/2025\/06\/03203428\/logo_concursos-1.jpg","width":230,"height":60,"caption":"Estrat\u00e9gia Concursos"},"image":{"@id":"https:\/\/www.estrategiaconcursos.com.br\/blog\/#\/schema\/logo\/image\/"},"sameAs":["https:\/\/x.com\/EstratConcursos"]},{"@type":"Person","@id":"https:\/\/www.estrategiaconcursos.com.br\/blog\/#\/schema\/person\/48a7e085e45aee7c3d4596399af50ebb","name":"Frederico Tadeu Borlot Peixoto","image":{"@type":"ImageObject","inLanguage":"pt-BR","@id":"https:\/\/secure.gravatar.com\/avatar\/df8a49e2321c1e32f85e9e7c2a9c92c688f1f53a947220f40017ff5858b09fdb?s=96&d=mm&r=g","url":"https:\/\/secure.gravatar.com\/avatar\/df8a49e2321c1e32f85e9e7c2a9c92c688f1f53a947220f40017ff5858b09fdb?s=96&d=mm&r=g","contentUrl":"https:\/\/secure.gravatar.com\/avatar\/df8a49e2321c1e32f85e9e7c2a9c92c688f1f53a947220f40017ff5858b09fdb?s=96&d=mm&r=g","caption":"Frederico Tadeu Borlot Peixoto"},"description":"Analista Judici\u00e1rio - \u00c1rea Judici\u00e1ria do TRF da 4\u00aa regi\u00e3o. Bacharel em Direito. P\u00f3s-graduado em Direito Administrativo, Legisla\u00e7\u00e3o Penal Especial, Direito Penal e Direito Processual Penal. Tamb\u00e9m nomeado no TRF da 3\u00aa regi\u00e3o (8\u00ba lugar); SPPREV (3\u00ba lugar); IFES (2\u00ba lugar); e PMES. https:\/\/www.instagram.com\/proffrederico\/","sameAs":["https:\/\/www.instagram.com\/proffrederico\/"],"url":"https:\/\/www.estrategiaconcursos.com.br\/blog\/author\/xfredericohotmail-com\/"}]}},"_links":{"self":[{"href":"https:\/\/www.estrategiaconcursos.com.br\/blog\/wp-json\/wp\/v2\/posts\/1675509","targetHints":{"allow":["GET"]}}],"collection":[{"href":"https:\/\/www.estrategiaconcursos.com.br\/blog\/wp-json\/wp\/v2\/posts"}],"about":[{"href":"https:\/\/www.estrategiaconcursos.com.br\/blog\/wp-json\/wp\/v2\/types\/post"}],"author":[{"embeddable":true,"href":"https:\/\/www.estrategiaconcursos.com.br\/blog\/wp-json\/wp\/v2\/users\/2567"}],"replies":[{"embeddable":true,"href":"https:\/\/www.estrategiaconcursos.com.br\/blog\/wp-json\/wp\/v2\/comments?post=1675509"}],"version-history":[{"count":3,"href":"https:\/\/www.estrategiaconcursos.com.br\/blog\/wp-json\/wp\/v2\/posts\/1675509\/revisions"}],"predecessor-version":[{"id":1675513,"href":"https:\/\/www.estrategiaconcursos.com.br\/blog\/wp-json\/wp\/v2\/posts\/1675509\/revisions\/1675513"}],"wp:featuredmedia":[{"embeddable":true,"href":"https:\/\/www.estrategiaconcursos.com.br\/blog\/wp-json\/wp\/v2\/media\/1675511"}],"wp:attachment":[{"href":"https:\/\/www.estrategiaconcursos.com.br\/blog\/wp-json\/wp\/v2\/media?parent=1675509"}],"wp:term":[{"taxonomy":"category","embeddable":true,"href":"https:\/\/www.estrategiaconcursos.com.br\/blog\/wp-json\/wp\/v2\/categories?post=1675509"},{"taxonomy":"post_tag","embeddable":true,"href":"https:\/\/www.estrategiaconcursos.com.br\/blog\/wp-json\/wp\/v2\/tags?post=1675509"},{"taxonomy":"tax_estado","embeddable":true,"href":"https:\/\/www.estrategiaconcursos.com.br\/blog\/wp-json\/wp\/v2\/tax_estado?post=1675509"}],"curies":[{"name":"wp","href":"https:\/\/api.w.org\/{rel}","templated":true}]}}