{"id":1675406,"date":"2026-03-03T10:00:00","date_gmt":"2026-03-03T13:00:00","guid":{"rendered":"https:\/\/blog-estrategia.mystagingwebsite.com\/blog\/?p=1675406"},"modified":"2026-08-18T22:55:21","modified_gmt":"2026-08-19T01:55:21","slug":"concurso-iss-serro","status":"publish","type":"post","link":"https:\/\/www.estrategiaconcursos.com.br\/blog\/concurso-iss-serro\/","title":{"rendered":"Concurso ISS Serro MG: provas em 29 de mar\u00e7o!"},"content":{"rendered":"\n<p class=\"wp-block-paragraph\" style=\"font-size:clamp(16.293px, 1.018rem + ((1vw - 3.2px) * 0.854), 25px);\"><em><strong>Concurso ISS Serro oferece vagas imediatas para o cargo de Auditor!<\/strong><\/em><\/p>\n\n\n\n<p class=\"wp-block-paragraph\">Com inscri\u00e7\u00f5es encerradas, o concurso <a href=\"https:\/\/www.estrategiaconcursos.com.br\/cursosPorConcurso\/prefeitura-de-serro-mg\/\" target=\"_blank\" rel=\"noreferrer noopener\">ISS Serro<\/a>, em Minas Gerais, segue para a sua etapa de provas. <strong>As avalia\u00e7\u00f5es est\u00e3o previstas para o dia 29 de mar\u00e7o.<\/strong><\/p>\n\n\n\n<p class=\"wp-block-paragraph\">A organiza\u00e7\u00e3o ser\u00e1 por conta do IBGP Concursos, que divulgar\u00e1 no dia 23 de mar\u00e7o o edital de convoca\u00e7\u00e3o, com os locais de provas.<\/p>\n\n\n\n<p class=\"wp-block-paragraph\">Lembrando que os candidatos disputam vagas para o cargo de Auditor Fiscal. O sal\u00e1rio inicial \u00e9 de R$ 4.256,26, para jornadas de 40 horas semanais. <\/p>\n\n\n\n<p class=\"wp-block-paragraph\">Para exercer a fun\u00e7\u00e3o de Auditor o candidato precisou o n\u00edvel superior de forma\u00e7\u00e3o em \u00e1reas espec\u00edficas.<\/p>\n\n\n\n<ul style=\"background-color:#dee3e7\" class=\"wp-block-list has-background\">\n<li><strong>Concurso ISS Serro &#8211; MG<\/strong><\/li>\n\n\n\n<li><strong style=\"color: initial;\">Status:\u00a0<\/strong>provas em 29\/3<\/li>\n\n\n\n<li><strong>Banca:<\/strong> <a href=\"https:\/\/novo.ibgpconcursos.com.br\/concurso.jsp?cod=618\" target=\"_blank\" rel=\"noreferrer noopener\">IBGP Concursos<\/a><\/li>\n\n\n\n<li><strong>Vagas:<\/strong> 2<\/li>\n\n\n\n<li><strong>Sal\u00e1rio inicial:<\/strong>&nbsp;R$ 4.256,26<\/li>\n\n\n\n<li><strong>Edital<\/strong>:&nbsp;<a href=\"https:\/\/dhg1h5j42swfq.cloudfront.net\/2025\/11\/25184720\/00-edital-concurso-serro-mg-final-24-11-2025-1.pdf\" target=\"_blank\" rel=\"noreferrer noopener nofollow\">ISS Serro 2025<\/a><\/li>\n<\/ul>\n\n\n\n<p class=\"wp-block-paragraph\">Neste artigo voc\u00ea encontra as principais informa\u00e7\u00f5es do concurso ISS Serro. Acompanhe os t\u00f3picos abaixo e n\u00e3o perca nenhum detalhe:<\/p>\n\n\n\n<ul id=\"indice\" class=\"wp-block-list\">\n<li><strong><a href=\"#datas\">Principais datas<\/a><\/strong><\/li>\n\n\n\n<li><strong><a href=\"#cargo\">Cargo de Auditor<\/a><\/strong>\n<ul class=\"wp-block-list\">\n<li><a href=\"#atribuicoes\">Atribui\u00e7\u00f5es<\/a><\/li>\n\n\n\n<li><a href=\"#requisitos\">Requisitos<\/a><\/li>\n<\/ul>\n<\/li>\n\n\n\n<li><a href=\"#etapas\"><strong>Etapas de prova<\/strong><\/a><\/li>\n\n\n\n<li><a href=\"#cursos\"><strong>Assinatura e cursos<\/strong><\/a><\/li>\n\n\n\n<li><a href=\"#ficha\"><strong>Ficha t\u00e9cnica<\/strong><\/a><\/li>\n<\/ul>\n\n\n\n<div class=\"container\" id=\"boxes\">\n  <div class=\"row\">\n\n    <div class=\"col-sm\">\n      <div class=\"banner-iss\" id=\"box-assinatura\">\n        <h2 class=\"titulo-assinatura\" style=\"text-align: left;\">Curso Concursos ISS<\/h2>\n        <p class=\"subtitulo-assinatura\" style=\"text-align: left;\">Prepara\u00e7\u00e3o completa para a carreira!<\/p>\n        <div class=\"box-botao\" style=\"text-align: left;\">\n          <a class=\"btn-assinatura\" target=\"_blank\" href=\"https:\/\/www.estrategiaconcursos.com.br\/cursosPorConcurso\/prefeitura-de-serro-mg\/\" role=\"button\" rel=\"noopener noreferrer\">EXPLORAR CURSOS<\/a>\n        <\/div>\n      <\/div><\/div><\/div><\/div>\n\n\n\n<h2 class=\"wp-block-heading\" id=\"h-concurso-iss-serro-principais-datas\">Concurso ISS Serro: principais datas<\/h2>\n\n\n\n<ul class=\"wp-block-list\">\n<li><strong>Inscri\u00e7\u00f5es:<\/strong> <s>26 de janeiro a 2 de mar\u00e7o<\/s><\/li>\n\n\n\n<li><strong>\u00daltimo dia pagamento:<\/strong> <s>3 de mar\u00e7o<\/s><\/li>\n\n\n\n<li><strong>Isen\u00e7\u00e3o da taxa<\/strong>:<s> 26 a 28 de janeiro<\/s><\/li>\n\n\n\n<li><strong>Provas:<\/strong> 29 de mar\u00e7o<\/li>\n<\/ul>\n\n\n\n<h2 class=\"wp-block-heading\" id=\"cargo\">Concurso ISS Serro: cargo<\/h2>\n\n\n\n<p class=\"wp-block-paragraph\">O cargo de <strong>Auditor Fiscal<\/strong> oferece duas oportunidades imediatas e possui jornada de trabalho de 40 horas semanais.<\/p>\n\n\n\n<h3 class=\"wp-block-heading\" id=\"requisitos\">Requisitos<\/h3>\n\n\n\n<p class=\"wp-block-paragraph\">Ensino Superior Completo em Administra\u00e7\u00e3o ou Contabilidade ou Direito ou Economia<\/p>\n\n\n\n<h3 class=\"wp-block-heading\" id=\"atribuicoes\">Atribui\u00e7\u00f5es<\/h3>\n\n\n\n<p class=\"wp-block-paragraph\">Inspecionar e verificar empresas, estabelecimentos comerciais e cidad\u00e3os para o cumprimento efetivo das leis municipais, licenciamento, entre outras; conduzir inspe\u00e7\u00f5es f\u00edsicas nas instala\u00e7\u00f5es de empresas para verificar a contabiliza\u00e7\u00e3o de ativos, como estoques, equipamentos e propriedades; verificar o cumprimento de obriga\u00e7\u00f5es fiscais, por empresas, estabelecimentos comerciais e cidad\u00e3os, como o pagamento correto de tributos; solicitar informa\u00e7\u00f5es adicionais e realizar entrevistas com os auditados, quando necess\u00e1rio; conduzir an\u00e1lises e c\u00e1lculos para determinar a exatid\u00e3o de registros cont\u00e1beis e a adequa\u00e7\u00e3o de procedimentos adotados por empresas, estabelecimentos comerciais; emitir relat\u00f3rios de auditoria, nos quais destacam quaisquer irregularidades encontradas e recomendar as a\u00e7\u00f5es corretivas necess\u00e1rias; lavrar notifica\u00e7\u00f5es, autos de infra\u00e7\u00e3o, aplicar san\u00e7\u00f5es previstas em lei. Executar outras atividades correlatas.<\/p>\n\n\n\n<h2 class=\"wp-block-heading\" id=\"etapas\">Concurso ISS Serro: etapas de avalia\u00e7\u00f5es<\/h2>\n\n\n\n<ul class=\"wp-block-list\">\n<li><strong>Prova objetiva<\/strong>, de car\u00e1ter classificat\u00f3rio e eliminat\u00f3rio;<\/li>\n\n\n\n<li><strong>Prova de t\u00edtulos<\/strong>, de car\u00e1ter classificat\u00f3rio.<\/li>\n<\/ul>\n\n\n\n<h3 class=\"wp-block-heading\" id=\"objetiva\">Prova objetiva<\/h3>\n\n\n\n<p class=\"wp-block-paragraph\">Com dura\u00e7\u00e3o de 3h, a prova objetiva ser\u00e1 realizada no dia <strong>29 de mar\u00e7o<\/strong>. O exame ser\u00e1 composto por <strong>40 quest\u00f5es <\/strong>de m\u00faltipla escolha, com quatro alternativas, sendo apenas uma a correta.<\/p>\n\n\n\n<p class=\"wp-block-paragraph\">Para ser considerado aprovado nesta etapa, o candidato deve obter, no m\u00ednimo, 60% da pontua\u00e7\u00e3o m\u00e1xima, que escala de 0 a 100 pontos.<\/p>\n\n\n\n<figure class=\"wp-block-image aligncenter size-full\"><img loading=\"lazy\" decoding=\"async\" width=\"929\" height=\"538\" src=\"https:\/\/dhg1h5j42swfq.cloudfront.net\/2025\/11\/25185727\/image-275.png\" alt=\"etapas de prova do concurso iss serro\" class=\"wp-image-1675385\" srcset=\"https:\/\/dhg1h5j42swfq.cloudfront.net\/2025\/11\/25185727\/image-275.png 929w, https:\/\/dhg1h5j42swfq.cloudfront.net\/2025\/11\/25185727\/image-275-300x174.png 300w, https:\/\/dhg1h5j42swfq.cloudfront.net\/2025\/11\/25185727\/image-275-768x445.png 768w, https:\/\/dhg1h5j42swfq.cloudfront.net\/2025\/11\/25185727\/image-275-150x87.png 150w\" sizes=\"auto, (max-width: 929px) 100vw, 929px\" \/><\/figure>\n\n\n\n<h3 class=\"wp-block-heading\" id=\"titulos\">Prova de t\u00edtulos<\/h3>\n\n\n\n<p class=\"wp-block-paragraph\">A prova de t\u00edtulos visa avaliar as titula\u00e7\u00f5es acad\u00eamicas dos candidatos a partir de crit\u00e9rios e pontua\u00e7\u00f5es para fins classificat\u00f3rios.<\/p>\n\n\n\n<figure class=\"wp-block-image aligncenter size-full\"><img loading=\"lazy\" decoding=\"async\" width=\"572\" height=\"692\" src=\"https:\/\/dhg1h5j42swfq.cloudfront.net\/2025\/11\/25190143\/image-282.png\" alt=\"etapas de prova \" class=\"wp-image-1675396\" srcset=\"https:\/\/dhg1h5j42swfq.cloudfront.net\/2025\/11\/25190143\/image-282.png 572w, https:\/\/dhg1h5j42swfq.cloudfront.net\/2025\/11\/25190143\/image-282.png 248w, https:\/\/dhg1h5j42swfq.cloudfront.net\/2025\/11\/25190143\/image-282-150x181.png 150w\" sizes=\"auto, (max-width: 572px) 100vw, 572px\" \/><\/figure>\n\n\n\n<hr class=\"wp-block-separator has-alpha-channel-opacity\"\/>\n\n\n\n<h2 class=\"wp-block-heading has-text-align-center\" id=\"cursos\"><em>Quer estudar para o concurso ISS Serro?<\/em><\/h2>\n\n\n\n<div class=\"container\" id=\"boxes\">\n  <div class=\"row\">\n\n    <div class=\"col-sm\">\n      <div class=\"banner-iss\" id=\"box-assinatura\">\n        <h2 class=\"titulo-assinatura\" style=\"text-align: left;\">Curso Concursos ISS<\/h2>\n        <p class=\"subtitulo-assinatura\" style=\"text-align: left;\">Prepara\u00e7\u00e3o completa para a carreira!<\/p>\n        <div class=\"box-botao\" style=\"text-align: left;\">\n          <a class=\"btn-assinatura\" target=\"_blank\" href=\"https:\/\/www.estrategiaconcursos.com.br\/blog\/pesquisa\/?q=prefeitura+de+serro\/\" role=\"button\" rel=\"noopener noreferrer\">EXPLORAR CURSOS<\/a>\n        <\/div>\n      <\/div><\/div><\/div><\/div>\n\n\n\n<div class=\"container\" id=\"boxes\">\r\n  <div class=\"row\">\r\n\r\n    <div class=\"col-sm\">\r\n      <div class=\"estrategia\" id=\"box-assinatura\">\r\n        <h3 class=\"titulo-assinatura\">Assinatura Concursos<\/h3>\r\n        <p class=\"subtitulo-assinatura\">Assinatura de 1 ano ou 2 anos<\/p>\r\n        <div class=\"box-botao\">\r\n          <a class=\"btn-assinatura\" target=\"_blank\" href=\"https:\/\/www.estrategiaconcursos.com.br\/blog\/assinaturas\/\" role=\"button\" rel=\"noopener noreferrer\">ASSINE AGORA<\/a>\r\n        <\/div>\r\n      <\/div><\/div><\/div><\/div>\n\n\n\n<h2 class=\"wp-block-heading has-text-align-center\" id=\"h-quer-saber-tudo-sobre-concursos-previstos-confira-os-nossos-artigos\">Quer saber tudo sobre concursos previstos?<br \/>Confira os nossos artigos!<\/h2>\n\n\n\n<ul class=\"wp-block-list\">\n<li><a href=\"https:\/\/www.estrategiaconcursos.com.br\/blog\/concursos-abertos\/\" target=\"_blank\" rel=\"noreferrer noopener\">Concursos Abertos<\/a><\/li>\n\n\n\n<li><a href=\"https:\/\/www.estrategiaconcursos.com.br\/blog\/concursos-fiscais\/\" target=\"_blank\" rel=\"noreferrer noopener\">Concursos Fiscais<\/a><\/li>\n\n\n\n<li><a href=\"https:\/\/www.estrategiaconcursos.com.br\/blog\/concursos-iss\/\" target=\"_blank\" rel=\"noreferrer noopener\">Concursos ISS<\/a><\/li>\n\n\n\n<li><a href=\"https:\/\/www.google.com\/search?q=concursos+2026&amp;oq=concursos+2026&amp;gs_lcrp=EgZjaHJvbWUqDwgAEEUYOxiDARixAxiABDIPCAAQRRg7GIMBGLEDGIAEMgcIARAAGIAEMg0IAhAAGIMBGLEDGIAEMgcIAxAAGIAEMgcIBBAAGIAEMgYIBRBFGDwyBggGEEUYPDIGCAcQRRg80gEIMTUyOGowajeoAgCwAgA&amp;sourceid=chrome&amp;ie=UTF-8\" target=\"_blank\" rel=\"noreferrer noopener\">Concursos 2026<\/a><\/li>\n<\/ul>\n\n\n\n<figure class=\"wp-block-image is-resized\"><img loading=\"lazy\" decoding=\"async\" width=\"1024\" height=\"632\" src=\"https:\/\/dhg1h5j42swfq.cloudfront.net\/2021\/04\/01161145\/ficha-tecnica-5-1024x632.png\" alt=\"Informa\u00e7\u00f5es do concurso ISS Serro\" class=\"wp-image-706736\" style=\"width:236px;height:145px\" srcset=\"https:\/\/dhg1h5j42swfq.cloudfront.net\/2021\/04\/01161145\/ficha-tecnica-5-1024x632.png 1024w, https:\/\/dhg1h5j42swfq.cloudfront.net\/2021\/04\/01161145\/ficha-tecnica-5-300x185.png 300w, https:\/\/dhg1h5j42swfq.cloudfront.net\/2021\/04\/01161145\/ficha-tecnica-5-768x474.png 768w, https:\/\/dhg1h5j42swfq.cloudfront.net\/2021\/04\/01161145\/ficha-tecnica-5-1536x948.png 1536w, https:\/\/dhg1h5j42swfq.cloudfront.net\/2021\/04\/01161145\/ficha-tecnica-5-610x377.png 610w, https:\/\/dhg1h5j42swfq.cloudfront.net\/2021\/04\/01161145\/ficha-tecnica-5.png 1571w\" sizes=\"auto, (max-width: 1024px) 100vw, 1024px\" \/><\/figure>\n\n\n\n<h3 class=\"wp-block-heading\" id=\"ficha-tecnica\"><strong>Informa\u00e7\u00f5es do Concurso ISS Serro &#8211; MG<\/strong><\/h3>\n\n\n\n<ul class=\"wp-block-list\">\n<li><strong>Data da prova<\/strong>: 29\/03\/2026<\/li>\n\n\n\n<li><strong>Banca<\/strong>: IBGP<\/li>\n\n\n\n<li><strong>Escolaridade<\/strong>: n\u00edvel m\u00e9dio<\/li>\n\n\n\n<li><strong>Vagas:<\/strong> 2 <\/li>\n\n\n\n<li><strong>Cargos<\/strong>: Auditor Fiscal<\/li>\n\n\n\n<li><strong>Edital:<\/strong> <a href=\"https:\/\/dhg1h5j42swfq.cloudfront.net\/2025\/11\/25184720\/00-edital-concurso-serro-mg-final-24-11-2025-1.pdf\" target=\"_blank\" rel=\"noreferrer noopener nofollow\">ISS Serro 2025<\/a><\/li>\n<\/ul>\n","protected":false},"excerpt":{"rendered":"<p>Concurso ISS Serro oferece vagas imediatas para o cargo de Auditor! Com inscri\u00e7\u00f5es encerradas, o concurso ISS Serro, em Minas Gerais, segue para a sua etapa de provas. As avalia\u00e7\u00f5es est\u00e3o previstas para o dia 29 de mar\u00e7o. A organiza\u00e7\u00e3o ser\u00e1 por conta do IBGP Concursos, que divulgar\u00e1 no dia 23 de mar\u00e7o o edital [&hellip;]<\/p>\n","protected":false},"author":2134,"featured_media":1675417,"comment_status":"open","ping_status":"closed","sticky":false,"template":"","format":"standard","meta":{"_acf_changed":false,"post_tipo":"news_page","footnotes":""},"categories":[220183],"tags":[],"tax_estado":[219974],"class_list":["post-1675406","post","type-post","status-publish","format-standard","has-post-thumbnail","hentry","category-fiscal-municipal","tax_estado-mg"],"acf":[],"yoast_head":"<!-- This site is optimized with the Yoast SEO Premium plugin v28.1 (Yoast SEO v28.1) - https:\/\/yoast.com\/product\/yoast-seo-premium-wordpress\/ -->\n<title>Concurso ISS Serro MG: provas em 29 de mar\u00e7o!<\/title>\n<meta name=\"description\" content=\"Concurso ISS Serro oferece vagas para Auditor Fiscal, cujos sal\u00e1rios s\u00e3o de R$ 4,2 mil. Provas em 29 de mar\u00e7o!\" \/>\n<meta name=\"robots\" content=\"index, follow, max-snippet:-1, max-image-preview:large, max-video-preview:-1\" \/>\n<link rel=\"canonical\" href=\"https:\/\/www.estrategiaconcursos.com.br\/blog\/concurso-iss-serro\/\" \/>\n<meta property=\"og:locale\" content=\"pt_BR\" \/>\n<meta property=\"og:type\" content=\"article\" \/>\n<meta property=\"og:title\" content=\"Concurso ISS Serro MG: provas em 29 de mar\u00e7o!\" \/>\n<meta property=\"og:description\" content=\"Concurso ISS Serro oferece vagas para Auditor Fiscal, cujos sal\u00e1rios s\u00e3o de R$ 4,2 mil. Provas em 29 de mar\u00e7o!\" \/>\n<meta property=\"og:url\" content=\"https:\/\/www.estrategiaconcursos.com.br\/blog\/concurso-iss-serro\/\" \/>\n<meta property=\"og:site_name\" content=\"Estrat\u00e9gia Concursos\" \/>\n<meta property=\"article:published_time\" content=\"2026-03-03T13:00:00+00:00\" \/>\n<meta property=\"article:modified_time\" content=\"2026-08-19T01:55:21+00:00\" \/>\n<meta property=\"og:image\" content=\"https:\/\/dhg1h5j42swfq.cloudfront.net\/2025\/11\/25193010\/iss-serro-mg.jpg\" \/>\n\t<meta property=\"og:image:width\" content=\"768\" \/>\n\t<meta property=\"og:image:height\" content=\"432\" \/>\n\t<meta property=\"og:image:type\" content=\"image\/jpeg\" \/>\n<meta name=\"author\" content=\"Rafaela Teixeira\" \/>\n<meta name=\"twitter:card\" content=\"summary_large_image\" \/>\n<meta name=\"twitter:creator\" content=\"@EstratConcursos\" \/>\n<meta name=\"twitter:site\" content=\"@EstratConcursos\" \/>\n<meta name=\"twitter:label1\" content=\"Escrito por\" \/>\n\t<meta name=\"twitter:data1\" content=\"Rafaela Teixeira\" \/>\n\t<meta name=\"twitter:label2\" content=\"Est. tempo de leitura\" \/>\n\t<meta name=\"twitter:data2\" content=\"3 minutos\" \/>\n<script type=\"application\/ld+json\" class=\"yoast-schema-graph\">{\"@context\":\"https:\\\/\\\/schema.org\",\"@graph\":[{\"@type\":\"NewsArticle\",\"@id\":\"https:\\\/\\\/www.estrategiaconcursos.com.br\\\/blog\\\/concurso-iss-serro\\\/#article\",\"isPartOf\":{\"@id\":\"https:\\\/\\\/www.estrategiaconcursos.com.br\\\/blog\\\/concurso-iss-serro\\\/\"},\"author\":{\"name\":\"Rafaela Teixeira\",\"@id\":\"https:\\\/\\\/blog-estrategia.mystagingwebsite.com\\\/#\\\/schema\\\/person\\\/e75352021ea7f60781c599934f916eb1\"},\"headline\":\"Concurso ISS Serro MG: provas em 29 de mar\u00e7o!\",\"datePublished\":\"2026-03-03T13:00:00+00:00\",\"dateModified\":\"2026-08-19T01:55:21+00:00\",\"mainEntityOfPage\":{\"@id\":\"https:\\\/\\\/www.estrategiaconcursos.com.br\\\/blog\\\/concurso-iss-serro\\\/\"},\"wordCount\":578,\"commentCount\":0,\"publisher\":{\"@id\":\"https:\\\/\\\/blog-estrategia.mystagingwebsite.com\\\/#organization\"},\"image\":{\"@id\":\"https:\\\/\\\/www.estrategiaconcursos.com.br\\\/blog\\\/concurso-iss-serro\\\/#primaryimage\"},\"thumbnailUrl\":\"https:\\\/\\\/dhg1h5j42swfq.cloudfront.net\\\/2025\\\/11\\\/25193010\\\/iss-serro-mg.jpg\",\"articleSection\":[\"Fiscal - Municipal (ISS)\"],\"inLanguage\":\"pt-BR\",\"potentialAction\":[{\"@type\":\"CommentAction\",\"name\":\"Comment\",\"target\":[\"https:\\\/\\\/www.estrategiaconcursos.com.br\\\/blog\\\/concurso-iss-serro\\\/#respond\"]}],\"copyrightYear\":\"2026\",\"copyrightHolder\":{\"@id\":\"https:\\\/\\\/www.estrategiaconcursos.com.br\\\/blog\\\/#organization\"}},{\"@type\":\"WebPage\",\"@id\":\"https:\\\/\\\/www.estrategiaconcursos.com.br\\\/blog\\\/concurso-iss-serro\\\/\",\"url\":\"https:\\\/\\\/www.estrategiaconcursos.com.br\\\/blog\\\/concurso-iss-serro\\\/\",\"name\":\"Concurso ISS Serro MG: provas em 29 de mar\u00e7o!\",\"isPartOf\":{\"@id\":\"https:\\\/\\\/blog-estrategia.mystagingwebsite.com\\\/#website\"},\"primaryImageOfPage\":{\"@id\":\"https:\\\/\\\/www.estrategiaconcursos.com.br\\\/blog\\\/concurso-iss-serro\\\/#primaryimage\"},\"image\":{\"@id\":\"https:\\\/\\\/www.estrategiaconcursos.com.br\\\/blog\\\/concurso-iss-serro\\\/#primaryimage\"},\"thumbnailUrl\":\"https:\\\/\\\/dhg1h5j42swfq.cloudfront.net\\\/2025\\\/11\\\/25193010\\\/iss-serro-mg.jpg\",\"datePublished\":\"2026-03-03T13:00:00+00:00\",\"dateModified\":\"2026-08-19T01:55:21+00:00\",\"description\":\"Concurso ISS Serro oferece vagas para Auditor Fiscal, cujos sal\u00e1rios s\u00e3o de R$ 4,2 mil. Provas em 29 de mar\u00e7o!\",\"breadcrumb\":{\"@id\":\"https:\\\/\\\/www.estrategiaconcursos.com.br\\\/blog\\\/concurso-iss-serro\\\/#breadcrumb\"},\"inLanguage\":\"pt-BR\",\"potentialAction\":[{\"@type\":\"ReadAction\",\"target\":[\"https:\\\/\\\/www.estrategiaconcursos.com.br\\\/blog\\\/concurso-iss-serro\\\/\"]}]},{\"@type\":\"ImageObject\",\"inLanguage\":\"pt-BR\",\"@id\":\"https:\\\/\\\/www.estrategiaconcursos.com.br\\\/blog\\\/concurso-iss-serro\\\/#primaryimage\",\"url\":\"https:\\\/\\\/dhg1h5j42swfq.cloudfront.net\\\/2025\\\/11\\\/25193010\\\/iss-serro-mg.jpg\",\"contentUrl\":\"https:\\\/\\\/dhg1h5j42swfq.cloudfront.net\\\/2025\\\/11\\\/25193010\\\/iss-serro-mg.jpg\",\"width\":768,\"height\":432},{\"@type\":\"BreadcrumbList\",\"@id\":\"https:\\\/\\\/www.estrategiaconcursos.com.br\\\/blog\\\/concurso-iss-serro\\\/#breadcrumb\",\"itemListElement\":[{\"@type\":\"ListItem\",\"position\":1,\"name\":\"In\u00edcio\",\"item\":\"https:\\\/\\\/blog-estrategia.mystagingwebsite.com\\\/\"},{\"@type\":\"ListItem\",\"position\":2,\"name\":\"Concurso ISS Serro MG: provas em 29 de mar\u00e7o!\"}]},{\"@type\":\"WebSite\",\"@id\":\"https:\\\/\\\/blog-estrategia.mystagingwebsite.com\\\/#website\",\"url\":\"https:\\\/\\\/blog-estrategia.mystagingwebsite.com\\\/\",\"name\":\"Estrat\u00e9gia Concursos\",\"description\":\"O blog da Estrat\u00e9gia Concursos traz not\u00edcias sobre concursos e artigos de professores oferecendo cursos para concursos (pdf + videaulas) no site.\",\"publisher\":{\"@id\":\"https:\\\/\\\/blog-estrategia.mystagingwebsite.com\\\/#organization\"},\"potentialAction\":[{\"@type\":\"SearchAction\",\"target\":{\"@type\":\"EntryPoint\",\"urlTemplate\":\"https:\\\/\\\/blog-estrategia.mystagingwebsite.com\\\/?s={search_term_string}\"},\"query-input\":{\"@type\":\"PropertyValueSpecification\",\"valueRequired\":true,\"valueName\":\"search_term_string\"}}],\"inLanguage\":\"pt-BR\"},{\"@type\":\"Organization\",\"@id\":\"https:\\\/\\\/blog-estrategia.mystagingwebsite.com\\\/#organization\",\"name\":\"Estrat\u00e9gia Concursos\",\"url\":\"https:\\\/\\\/blog-estrategia.mystagingwebsite.com\\\/\",\"logo\":{\"@type\":\"ImageObject\",\"inLanguage\":\"pt-BR\",\"@id\":\"https:\\\/\\\/blog-estrategia.mystagingwebsite.com\\\/#\\\/schema\\\/logo\\\/image\\\/\",\"url\":\"https:\\\/\\\/dhg1h5j42swfq.cloudfront.net\\\/2025\\\/06\\\/03203428\\\/logo_concursos-1.jpg\",\"contentUrl\":\"https:\\\/\\\/dhg1h5j42swfq.cloudfront.net\\\/2025\\\/06\\\/03203428\\\/logo_concursos-1.jpg\",\"width\":230,\"height\":60,\"caption\":\"Estrat\u00e9gia Concursos\"},\"image\":{\"@id\":\"https:\\\/\\\/blog-estrategia.mystagingwebsite.com\\\/#\\\/schema\\\/logo\\\/image\\\/\"},\"sameAs\":[\"https:\\\/\\\/x.com\\\/EstratConcursos\"]},{\"@type\":\"Person\",\"@id\":\"https:\\\/\\\/blog-estrategia.mystagingwebsite.com\\\/#\\\/schema\\\/person\\\/e75352021ea7f60781c599934f916eb1\",\"name\":\"Rafaela Teixeira\",\"image\":{\"@type\":\"ImageObject\",\"inLanguage\":\"pt-BR\",\"@id\":\"https:\\\/\\\/secure.gravatar.com\\\/avatar\\\/8a349a2b22039b1ee88fc06461487c950fd6aa411ea8af8633314b43334ae793?s=96&d=mm&r=g\",\"url\":\"https:\\\/\\\/secure.gravatar.com\\\/avatar\\\/8a349a2b22039b1ee88fc06461487c950fd6aa411ea8af8633314b43334ae793?s=96&d=mm&r=g\",\"contentUrl\":\"https:\\\/\\\/secure.gravatar.com\\\/avatar\\\/8a349a2b22039b1ee88fc06461487c950fd6aa411ea8af8633314b43334ae793?s=96&d=mm&r=g\",\"caption\":\"Rafaela Teixeira\"},\"description\":\"Rafaela Teixeira \u00e9 advogada conveniada \u00e0 Defensoria P\u00fablica de S\u00e3o Paulo pela OAB, com experi\u00eancia em reda\u00e7\u00e3o jur\u00eddica e atua\u00e7\u00e3o em institui\u00e7\u00f5es p\u00fablicas, incluindo est\u00e1gio no Tribunal Regional Eleitoral de S\u00e3o Paulo (TRE-SP). Possui mais de 8 anos de experi\u00eancia na produ\u00e7\u00e3o de conte\u00fados voltados ao nicho de concursos p\u00fablicos, com foco em apura\u00e7\u00e3o jornal\u00edstica, an\u00e1lise de editais e pesquisa de informa\u00e7\u00f5es diretamente em \u00f3rg\u00e3os e fontes oficiais. No Blog do Estrat\u00e9gia Concursos, atua como Analista de Conte\u00fado S\u00eanior e \u00e9 respons\u00e1vel pelo jornalismo do per\u00edodo noturno e da madrugada, com atua\u00e7\u00e3o transversal na cobertura de not\u00edcias, acompanhando as principais movimenta\u00e7\u00f5es e organizando prioridades para garantir a continuidade, precis\u00e3o e atualiza\u00e7\u00e3o das publica\u00e7\u00f5es.\",\"url\":\"https:\\\/\\\/www.estrategiaconcursos.com.br\\\/blog\\\/author\\\/rafaela-teixeira\\\/\"}]}<\/script>\n<!-- \/ Yoast SEO Premium plugin. -->","yoast_head_json":{"title":"Concurso ISS Serro MG: provas em 29 de mar\u00e7o!","description":"Concurso ISS Serro oferece vagas para Auditor Fiscal, cujos sal\u00e1rios s\u00e3o de R$ 4,2 mil. Provas em 29 de mar\u00e7o!","robots":{"index":"index","follow":"follow","max-snippet":"max-snippet:-1","max-image-preview":"max-image-preview:large","max-video-preview":"max-video-preview:-1"},"canonical":"https:\/\/www.estrategiaconcursos.com.br\/blog\/concurso-iss-serro\/","og_locale":"pt_BR","og_type":"article","og_title":"Concurso ISS Serro MG: provas em 29 de mar\u00e7o!","og_description":"Concurso ISS Serro oferece vagas para Auditor Fiscal, cujos sal\u00e1rios s\u00e3o de R$ 4,2 mil. Provas em 29 de mar\u00e7o!","og_url":"https:\/\/www.estrategiaconcursos.com.br\/blog\/concurso-iss-serro\/","og_site_name":"Estrat\u00e9gia Concursos","article_published_time":"2026-03-03T13:00:00+00:00","article_modified_time":"2026-08-19T01:55:21+00:00","og_image":[{"width":768,"height":432,"url":"https:\/\/dhg1h5j42swfq.cloudfront.net\/2025\/11\/25193010\/iss-serro-mg.jpg","type":"image\/jpeg"}],"author":"Rafaela Teixeira","twitter_card":"summary_large_image","twitter_creator":"@EstratConcursos","twitter_site":"@EstratConcursos","twitter_misc":{"Escrito por":"Rafaela Teixeira","Est. tempo de leitura":"3 minutos"},"schema":{"@context":"https:\/\/schema.org","@graph":[{"@type":"NewsArticle","@id":"https:\/\/www.estrategiaconcursos.com.br\/blog\/concurso-iss-serro\/#article","isPartOf":{"@id":"https:\/\/www.estrategiaconcursos.com.br\/blog\/concurso-iss-serro\/"},"author":{"name":"Rafaela Teixeira","@id":"https:\/\/blog-estrategia.mystagingwebsite.com\/#\/schema\/person\/e75352021ea7f60781c599934f916eb1"},"headline":"Concurso ISS Serro MG: provas em 29 de mar\u00e7o!","datePublished":"2026-03-03T13:00:00+00:00","dateModified":"2026-08-19T01:55:21+00:00","mainEntityOfPage":{"@id":"https:\/\/www.estrategiaconcursos.com.br\/blog\/concurso-iss-serro\/"},"wordCount":578,"commentCount":0,"publisher":{"@id":"https:\/\/blog-estrategia.mystagingwebsite.com\/#organization"},"image":{"@id":"https:\/\/www.estrategiaconcursos.com.br\/blog\/concurso-iss-serro\/#primaryimage"},"thumbnailUrl":"https:\/\/dhg1h5j42swfq.cloudfront.net\/2025\/11\/25193010\/iss-serro-mg.jpg","articleSection":["Fiscal - Municipal (ISS)"],"inLanguage":"pt-BR","potentialAction":[{"@type":"CommentAction","name":"Comment","target":["https:\/\/www.estrategiaconcursos.com.br\/blog\/concurso-iss-serro\/#respond"]}],"copyrightYear":"2026","copyrightHolder":{"@id":"https:\/\/www.estrategiaconcursos.com.br\/blog\/#organization"}},{"@type":"WebPage","@id":"https:\/\/www.estrategiaconcursos.com.br\/blog\/concurso-iss-serro\/","url":"https:\/\/www.estrategiaconcursos.com.br\/blog\/concurso-iss-serro\/","name":"Concurso ISS Serro MG: provas em 29 de mar\u00e7o!","isPartOf":{"@id":"https:\/\/blog-estrategia.mystagingwebsite.com\/#website"},"primaryImageOfPage":{"@id":"https:\/\/www.estrategiaconcursos.com.br\/blog\/concurso-iss-serro\/#primaryimage"},"image":{"@id":"https:\/\/www.estrategiaconcursos.com.br\/blog\/concurso-iss-serro\/#primaryimage"},"thumbnailUrl":"https:\/\/dhg1h5j42swfq.cloudfront.net\/2025\/11\/25193010\/iss-serro-mg.jpg","datePublished":"2026-03-03T13:00:00+00:00","dateModified":"2026-08-19T01:55:21+00:00","description":"Concurso ISS Serro oferece vagas para Auditor Fiscal, cujos sal\u00e1rios s\u00e3o de R$ 4,2 mil. Provas em 29 de mar\u00e7o!","breadcrumb":{"@id":"https:\/\/www.estrategiaconcursos.com.br\/blog\/concurso-iss-serro\/#breadcrumb"},"inLanguage":"pt-BR","potentialAction":[{"@type":"ReadAction","target":["https:\/\/www.estrategiaconcursos.com.br\/blog\/concurso-iss-serro\/"]}]},{"@type":"ImageObject","inLanguage":"pt-BR","@id":"https:\/\/www.estrategiaconcursos.com.br\/blog\/concurso-iss-serro\/#primaryimage","url":"https:\/\/dhg1h5j42swfq.cloudfront.net\/2025\/11\/25193010\/iss-serro-mg.jpg","contentUrl":"https:\/\/dhg1h5j42swfq.cloudfront.net\/2025\/11\/25193010\/iss-serro-mg.jpg","width":768,"height":432},{"@type":"BreadcrumbList","@id":"https:\/\/www.estrategiaconcursos.com.br\/blog\/concurso-iss-serro\/#breadcrumb","itemListElement":[{"@type":"ListItem","position":1,"name":"In\u00edcio","item":"https:\/\/blog-estrategia.mystagingwebsite.com\/"},{"@type":"ListItem","position":2,"name":"Concurso ISS Serro MG: provas em 29 de mar\u00e7o!"}]},{"@type":"WebSite","@id":"https:\/\/blog-estrategia.mystagingwebsite.com\/#website","url":"https:\/\/blog-estrategia.mystagingwebsite.com\/","name":"Estrat\u00e9gia Concursos","description":"O blog da Estrat\u00e9gia Concursos traz not\u00edcias sobre concursos e artigos de professores oferecendo cursos para concursos (pdf + videaulas) no site.","publisher":{"@id":"https:\/\/blog-estrategia.mystagingwebsite.com\/#organization"},"potentialAction":[{"@type":"SearchAction","target":{"@type":"EntryPoint","urlTemplate":"https:\/\/blog-estrategia.mystagingwebsite.com\/?s={search_term_string}"},"query-input":{"@type":"PropertyValueSpecification","valueRequired":true,"valueName":"search_term_string"}}],"inLanguage":"pt-BR"},{"@type":"Organization","@id":"https:\/\/blog-estrategia.mystagingwebsite.com\/#organization","name":"Estrat\u00e9gia Concursos","url":"https:\/\/blog-estrategia.mystagingwebsite.com\/","logo":{"@type":"ImageObject","inLanguage":"pt-BR","@id":"https:\/\/blog-estrategia.mystagingwebsite.com\/#\/schema\/logo\/image\/","url":"https:\/\/dhg1h5j42swfq.cloudfront.net\/2025\/06\/03203428\/logo_concursos-1.jpg","contentUrl":"https:\/\/dhg1h5j42swfq.cloudfront.net\/2025\/06\/03203428\/logo_concursos-1.jpg","width":230,"height":60,"caption":"Estrat\u00e9gia Concursos"},"image":{"@id":"https:\/\/blog-estrategia.mystagingwebsite.com\/#\/schema\/logo\/image\/"},"sameAs":["https:\/\/x.com\/EstratConcursos"]},{"@type":"Person","@id":"https:\/\/blog-estrategia.mystagingwebsite.com\/#\/schema\/person\/e75352021ea7f60781c599934f916eb1","name":"Rafaela Teixeira","image":{"@type":"ImageObject","inLanguage":"pt-BR","@id":"https:\/\/secure.gravatar.com\/avatar\/8a349a2b22039b1ee88fc06461487c950fd6aa411ea8af8633314b43334ae793?s=96&d=mm&r=g","url":"https:\/\/secure.gravatar.com\/avatar\/8a349a2b22039b1ee88fc06461487c950fd6aa411ea8af8633314b43334ae793?s=96&d=mm&r=g","contentUrl":"https:\/\/secure.gravatar.com\/avatar\/8a349a2b22039b1ee88fc06461487c950fd6aa411ea8af8633314b43334ae793?s=96&d=mm&r=g","caption":"Rafaela Teixeira"},"description":"Rafaela Teixeira \u00e9 advogada conveniada \u00e0 Defensoria P\u00fablica de S\u00e3o Paulo pela OAB, com experi\u00eancia em reda\u00e7\u00e3o jur\u00eddica e atua\u00e7\u00e3o em institui\u00e7\u00f5es p\u00fablicas, incluindo est\u00e1gio no Tribunal Regional Eleitoral de S\u00e3o Paulo (TRE-SP). Possui mais de 8 anos de experi\u00eancia na produ\u00e7\u00e3o de conte\u00fados voltados ao nicho de concursos p\u00fablicos, com foco em apura\u00e7\u00e3o jornal\u00edstica, an\u00e1lise de editais e pesquisa de informa\u00e7\u00f5es diretamente em \u00f3rg\u00e3os e fontes oficiais. No Blog do Estrat\u00e9gia Concursos, atua como Analista de Conte\u00fado S\u00eanior e \u00e9 respons\u00e1vel pelo jornalismo do per\u00edodo noturno e da madrugada, com atua\u00e7\u00e3o transversal na cobertura de not\u00edcias, acompanhando as principais movimenta\u00e7\u00f5es e organizando prioridades para garantir a continuidade, precis\u00e3o e atualiza\u00e7\u00e3o das publica\u00e7\u00f5es.","url":"https:\/\/www.estrategiaconcursos.com.br\/blog\/author\/rafaela-teixeira\/"}]}},"_links":{"self":[{"href":"https:\/\/www.estrategiaconcursos.com.br\/blog\/wp-json\/wp\/v2\/posts\/1675406","targetHints":{"allow":["GET"]}}],"collection":[{"href":"https:\/\/www.estrategiaconcursos.com.br\/blog\/wp-json\/wp\/v2\/posts"}],"about":[{"href":"https:\/\/www.estrategiaconcursos.com.br\/blog\/wp-json\/wp\/v2\/types\/post"}],"author":[{"embeddable":true,"href":"https:\/\/www.estrategiaconcursos.com.br\/blog\/wp-json\/wp\/v2\/users\/2134"}],"replies":[{"embeddable":true,"href":"https:\/\/www.estrategiaconcursos.com.br\/blog\/wp-json\/wp\/v2\/comments?post=1675406"}],"version-history":[{"count":1,"href":"https:\/\/www.estrategiaconcursos.com.br\/blog\/wp-json\/wp\/v2\/posts\/1675406\/revisions"}],"predecessor-version":[{"id":1794323,"href":"https:\/\/www.estrategiaconcursos.com.br\/blog\/wp-json\/wp\/v2\/posts\/1675406\/revisions\/1794323"}],"wp:featuredmedia":[{"embeddable":true,"href":"https:\/\/www.estrategiaconcursos.com.br\/blog\/wp-json\/wp\/v2\/media\/1675417"}],"wp:attachment":[{"href":"https:\/\/www.estrategiaconcursos.com.br\/blog\/wp-json\/wp\/v2\/media?parent=1675406"}],"wp:term":[{"taxonomy":"category","embeddable":true,"href":"https:\/\/www.estrategiaconcursos.com.br\/blog\/wp-json\/wp\/v2\/categories?post=1675406"},{"taxonomy":"post_tag","embeddable":true,"href":"https:\/\/www.estrategiaconcursos.com.br\/blog\/wp-json\/wp\/v2\/tags?post=1675406"},{"taxonomy":"tax_estado","embeddable":true,"href":"https:\/\/www.estrategiaconcursos.com.br\/blog\/wp-json\/wp\/v2\/tax_estado?post=1675406"}],"curies":[{"name":"wp","href":"https:\/\/api.w.org\/{rel}","templated":true}]}}