{"id":1675286,"date":"2026-02-23T16:59:00","date_gmt":"2026-02-23T19:59:00","guid":{"rendered":"https:\/\/www.estrategiaconcursos.com.br\/blog\/?p=1675286"},"modified":"2026-02-23T16:59:20","modified_gmt":"2026-02-23T19:59:20","slug":"concurso-daev-valparaiso","status":"publish","type":"post","link":"https:\/\/www.estrategiaconcursos.com.br\/blog\/concurso-daev-valparaiso\/","title":{"rendered":"Concurso DAEV Valpara\u00edso: confira j\u00e1 os gabaritos da prova!"},"content":{"rendered":"\n<p>O <strong>concurso p\u00fablico<\/strong> do <strong>Departamento de \u00c1gua e Esgotos de Valpara\u00edso (Daev)<\/strong>, em S\u00e3o Paulo, teve suas provas aplicadas no dia 22 de fevereiro.<\/p>\n\n\n\n<p>Com isso, os candidatos j\u00e1 podem conferir os <strong><a href=\"https:\/\/dhg1h5j42swfq.cloudfront.net\/2026\/02\/23165643\/1724b50e63d7ee9673afdd0f9d341646.pdf\" target=\"_blank\" rel=\"noreferrer noopener nofollow\">gabaritos preliminares<\/a><\/strong> da etapa. Os candidatos interessados em interpor recursos poder\u00e3o faz\u00ea-lo nos dias 24 e 25 de fevereiro, no site da banca CMM.<\/p>\n\n\n\n<p>Vale lembrar que o edital oferece <strong>vagas imediatas e em forma\u00e7\u00e3o de cadastro reserva<\/strong>. As oportunidades se distribuem em cargos de diversos n\u00edveis de escolaridade, com sal\u00e1rios iniciais de at\u00e9<strong> R$ 6.179,00.<\/strong><\/p>\n\n\n\n<p>No total, foram registrados <strong>639 <\/strong>candidatos inscritos, conforme rela\u00e7\u00e3o abaixo:<\/p>\n\n\n\n<figure class=\"wp-block-image aligncenter size-full\"><img loading=\"lazy\" decoding=\"async\" width=\"643\" height=\"248\" src=\"https:\/\/dhg1h5j42swfq.cloudfront.net\/2026\/01\/22163816\/daev-inscris.jpg\" alt=\"\" class=\"wp-image-1703724\" srcset=\"https:\/\/dhg1h5j42swfq.cloudfront.net\/2026\/01\/22163816\/daev-inscris.jpg 643w, https:\/\/dhg1h5j42swfq.cloudfront.net\/2026\/01\/22163816\/daev-inscris-300x116.jpg 300w, https:\/\/dhg1h5j42swfq.cloudfront.net\/2026\/01\/22163816\/daev-inscris-640x248.jpg 640w, https:\/\/dhg1h5j42swfq.cloudfront.net\/2026\/01\/22163816\/daev-inscris-150x58.jpg 150w\" sizes=\"auto, (max-width: 643px) 100vw, 643px\" \/><\/figure>\n\n\n\n<ul class=\"wp-block-list has-very-light-gray-to-cyan-bluish-gray-gradient-background has-background\">\n<li><strong><\/strong><strong>Departamento de \u00c1gua e Esgotos de Valpara\u00edso<\/strong> &#8211;<strong> DAEV Valparaiso<\/strong><\/li>\n\n\n\n<li><strong style=\"color: initial;\">Status:\u00a0<\/strong>provas aplicadas<\/li>\n\n\n\n<li><strong>Banca:<\/strong>&nbsp;<a href=\"https:\/\/portal.cmmconcursos.com.br\/edital\/ver\/318\" target=\"_blank\" rel=\"noreferrer noopener\">CMM Asessoria<\/a><\/li>\n\n\n\n<li><strong>Vagas:<\/strong> 4 + CR<\/li>\n\n\n\n<li><strong>Sal\u00e1rio inicial:<\/strong>&nbsp;R$ 1.692,00 a R$ 6.179,00<\/li>\n\n\n\n<li><strong>Edital<\/strong>:&nbsp;<a href=\"https:\/\/dhg1h5j42swfq.cloudfront.net\/2025\/11\/25165657\/56379806e0a8931cbe068b426644cdda.pdf\" target=\"_blank\" rel=\"noreferrer noopener nofollow\">DAEV Valpara\u00edso 2025<\/a><\/li>\n<\/ul>\n\n\n\n<p>Neste artigo voc\u00ea encontra as principais informa\u00e7\u00f5es do concurso DAEV Valpara\u00edso. Acompanhe os t\u00f3picos abaixo e n\u00e3o perca nenhum detalhe:<\/p>\n\n\n\n<ul id=\"indice\" class=\"wp-block-list\">\n<li><strong><a href=\"#sobre\">Sobre a DAEV<\/a><\/strong><\/li>\n\n\n\n<li><strong><a href=\"#ret\">Retifica\u00e7\u00f5es do edital<\/a><\/strong><\/li>\n\n\n\n<li><strong><a href=\"#cargo\">Cargos, vagas e sal\u00e1rios<\/a><\/strong>\n<ul class=\"wp-block-list\">\n<li><a href=\"#fund\">Fundamental<\/a><\/li>\n\n\n\n<li><a href=\"#med\">M\u00e9dio\/t\u00e9cnico<\/a><\/li>\n\n\n\n<li><a href=\"#sup\">Superior<\/a><\/li>\n<\/ul>\n<\/li>\n\n\n\n<li><a href=\"#etapas\"><strong>Etapa de prova<\/strong><\/a>\n<ul class=\"wp-block-list\">\n<li><a href=\"#objetiva\">Prova objetiva<\/a><\/li>\n\n\n\n<li><a href=\"#pratica\">Prova pr\u00e1tica<\/a><\/li>\n\n\n\n<li><a href=\"#peca\">Pe\u00e7a jur\u00eddica<\/a><\/li>\n<\/ul>\n<\/li>\n\n\n\n<li><a href=\"#cursos\"><strong>Assinatura e cursos<\/strong><\/a><\/li>\n\n\n\n<li><a href=\"#ficha\"><strong>Ficha t\u00e9cnica<\/strong><\/a><\/li>\n<\/ul>\n\n\n\n<div class=\"container\" id=\"boxes\">\n  <div class=\"row\">\n\n    <div class=\"col-sm\">\n      <div class=\"banner-adm-ec\" id=\"box-assinatura\">\n        <h2 class=\"titulo-assinatura\" style=\"text-align: left;\">Concursos Administrativos<\/h2>\n        <p class=\"subtitulo-assinatura\" style=\"text-align: left;\">Prepara\u00e7\u00e3o completa para os concursos<\/p>\n        <div class=\"box-botao\" style=\"text-align: left;\">\n          <a class=\"btn-assinatura\" target=\"_blank\" href=\"https:\/\/www.estrategiaconcursos.com.br\/pesquisa\/?q=concurso+daev+valparaiso\" role=\"button\" rel=\"noopener noreferrer\">VER CURSOS<\/a>\n        <\/div>\n      <\/div><\/div><\/div><\/div>\n\n\n\n<h2 class=\"wp-block-heading\" id=\"sobre\">Sobre a DAEV<\/h2>\n\n\n\n<p>Fundado em meados do s\u00e9culo XX, o DAEV nasceu da necessidade crescente de modernizar os sistemas de abastecimento de \u00e1gua e esgotamento sanit\u00e1rio do munic\u00edpio, \u00e0 medida que Valpara\u00edso experimentava um aumento populacional e um processo de urbaniza\u00e7\u00e3o acelerada. Inicialmente, a cidade dependia de sistemas de \u00e1gua rudimentares e da aus\u00eancia de uma coleta de esgoto organizada, o que causava impactos significativos na sa\u00fade p\u00fablica e no meio ambiente.<\/p>\n\n\n\n<p>Em resposta a esses desafios, o DAEV foi criado com o objetivo de centralizar e otimizar a gest\u00e3o dos recursos h\u00eddricos e do esgoto. Desde sua cria\u00e7\u00e3o, o Departamento tem investido continuamente na expans\u00e3o e melhoria das redes de \u00e1gua e esgoto, implementando solu\u00e7\u00f5es tecnol\u00f3gicas avan\u00e7adas e garantindo o atendimento \u00e0 crescente demanda da popula\u00e7\u00e3o.<\/p>\n\n\n\n<p>Ao longo das d\u00e9cadas, o DAEV modernizou suas instala\u00e7\u00f5es e ampliou sua capacidade de tratamento de \u00e1gua e esgoto. Projetos de capta\u00e7\u00e3o de \u00e1gua de fontes sustent\u00e1veis foram implementados, juntamente com sistemas de tratamento que atendem a rigorosos padr\u00f5es ambientais. A empresa tamb\u00e9m se dedicou a a\u00e7\u00f5es de educa\u00e7\u00e3o ambiental, promovendo o uso consciente da \u00e1gua e a preserva\u00e7\u00e3o dos recursos naturais.<\/p>\n\n\n\n<p>Hoje, o DAEV \u00e9 reconhecido por sua excel\u00eancia no setor de saneamento, sendo refer\u00eancia regional na presta\u00e7\u00e3o de servi\u00e7os. A empresa continua a investir em inova\u00e7\u00e3o e sustentabilidade, contribuindo para o crescimento de Valpara\u00edso e para a qualidade de vida dos seus moradores.<\/p>\n\n\n\n<h2 class=\"wp-block-heading\" id=\"ret\">Retifica\u00e7\u00f5es do edital<\/h2>\n\n\n\n<p><strong><a href=\"https:\/\/dhg1h5j42swfq.cloudfront.net\/2025\/12\/15170846\/1.pdf\" target=\"_blank\" rel=\"noreferrer noopener nofollow\">Retifica\u00e7\u00e3o 1<\/a> (<\/strong><strong>15\/12\/2025<\/strong>): altera\u00e7\u00f5es nos requisitos dos cargos de Analista de Laborat\u00f3rio e Operador de Tratamento de \u00c1gua.<\/p>\n\n\n\n<p><strong><a href=\"https:\/\/dhg1h5j42swfq.cloudfront.net\/2025\/12\/15170849\/2-1.pdf\" target=\"_blank\" rel=\"noreferrer noopener nofollow\">Retifica\u00e7\u00e3o 2<\/a> (15\/12\/2025):<\/strong> altera\u00e7\u00e3o no cronograma e prorroga\u00e7\u00e3o das inscri\u00e7\u00f5es.<\/p>\n\n\n\n<h2 class=\"wp-block-heading\" id=\"cargo\">Concurso DAEV Valpara\u00edso: cargos, vagas e sal\u00e1rios<\/h2>\n\n\n\n<h3 class=\"wp-block-heading\" id=\"fund\">N\u00edvel fundamental<\/h3>\n\n\n\n<figure class=\"wp-block-table is-style-stripes\"><table class=\"has-fixed-layout\"><thead><tr><th class=\"has-text-align-center\" data-align=\"center\">Cargo<\/th><th class=\"has-text-align-center\" data-align=\"center\">Sal\u00e1rio<\/th><th class=\"has-text-align-center\" data-align=\"center\">Vaga<\/th><\/tr><\/thead><tbody><tr><td class=\"has-text-align-center\" data-align=\"center\">Ajudante Geral<\/td><td class=\"has-text-align-center\" data-align=\"center\">R$ 1.692,00<\/td><td class=\"has-text-align-center\" data-align=\"center\">CR<\/td><\/tr><\/tbody><\/table><figcaption class=\"wp-element-caption\">Cargo, sal\u00e1rio e vaga de n\u00edvel fundamental<\/figcaption><\/figure>\n\n\n\n<h3 class=\"wp-block-heading\" id=\"med\">N\u00edvel m\u00e9dio\/t\u00e9cnico<\/h3>\n\n\n\n<figure class=\"wp-block-table is-style-stripes\"><table class=\"has-fixed-layout\"><thead><tr><th class=\"has-text-align-center\" data-align=\"center\">Cargos<\/th><th class=\"has-text-align-center\" data-align=\"center\">Sal\u00e1rios <\/th><th class=\"has-text-align-center\" data-align=\"center\">Vagas<\/th><\/tr><\/thead><tbody><tr><td class=\"has-text-align-center\" data-align=\"center\">Agente de Interrup\u00e7\u00e3o e Religa\u00e7\u00e3o de \u00c1gua<\/td><td class=\"has-text-align-center\" data-align=\"center\">R$ 2.695,00<\/td><td class=\"has-text-align-center\" data-align=\"center\">1 + CR<\/td><\/tr><tr><td class=\"has-text-align-center\" data-align=\"center\">Analista de Laborat\u00f3rio<\/td><td class=\"has-text-align-center\" data-align=\"center\">R$ 2.294,00<\/td><td class=\"has-text-align-center\" data-align=\"center\">CR<\/td><\/tr><tr><td class=\"has-text-align-center\" data-align=\"center\">Auxiliar de Encanador<\/td><td class=\"has-text-align-center\" data-align=\"center\">R$ 2.078,00<\/td><td class=\"has-text-align-center\" data-align=\"center\">CR<\/td><\/tr><tr><td class=\"has-text-align-center\" data-align=\"center\">Eletricista<\/td><td class=\"has-text-align-center\" data-align=\"center\">R$ 2.695,00<\/td><td class=\"has-text-align-center\" data-align=\"center\">1 + CR<\/td><\/tr><tr><td class=\"has-text-align-center\" data-align=\"center\">Fiscal de Leituras<\/td><td class=\"has-text-align-center\" data-align=\"center\">R$ 2.695,00<\/td><td class=\"has-text-align-center\" data-align=\"center\">1+ CR<\/td><\/tr><tr><td class=\"has-text-align-center\" data-align=\"center\">Operador de Tratamento de \u00c1gua<\/td><td class=\"has-text-align-center\" data-align=\"center\">R$ 2.294,00<\/td><td class=\"has-text-align-center\" data-align=\"center\">1 + CR<\/td><\/tr><tr><td class=\"has-text-align-center\" data-align=\"center\">Almoxarife<\/td><td class=\"has-text-align-center\" data-align=\"center\">R$ 3.592,00<\/td><td class=\"has-text-align-center\" data-align=\"center\">CR<\/td><\/tr><tr><td class=\"has-text-align-center\" data-align=\"center\">Pedreiro<\/td><td class=\"has-text-align-center\" data-align=\"center\">R$ 2.695,00<\/td><td class=\"has-text-align-center\" data-align=\"center\">CR<\/td><\/tr><\/tbody><\/table><figcaption class=\"wp-element-caption\">Cargos, sal\u00e1rios e vagas de n\u00edvel m\u00e9dio\/t\u00e9cnico<\/figcaption><\/figure>\n\n\n\n<h3 class=\"wp-block-heading\" id=\"sup\">N\u00edvel superior<\/h3>\n\n\n\n<figure class=\"wp-block-table is-style-stripes\"><table class=\"has-fixed-layout\"><thead><tr><th class=\"has-text-align-center\" data-align=\"center\">Cargo<\/th><th class=\"has-text-align-center\" data-align=\"center\">Sal\u00e1rio<\/th><th class=\"has-text-align-center\" data-align=\"center\">Vaga<\/th><\/tr><\/thead><tbody><tr><td class=\"has-text-align-center\" data-align=\"center\">Procurador Jur\u00eddico<\/td><td class=\"has-text-align-center\" data-align=\"center\">R$ 6.179,0<\/td><td class=\"has-text-align-center\" data-align=\"center\">CR<\/td><\/tr><\/tbody><\/table><\/figure>\n\n\n\n<h2 class=\"wp-block-heading\" id=\"etapas\">Concurso DAEV Valpara\u00edso: etapas de avalia\u00e7\u00f5es<\/h2>\n\n\n\n<p>O certame constitui-se de:<\/p>\n\n\n\n<ul class=\"wp-block-list\">\n<li><strong>Prova objetiva<\/strong>, de car\u00e1ter classificat\u00f3rio e eliminat\u00f3rio, para todos os cargos;<\/li>\n\n\n\n<li><strong>Prova pr\u00e1tica<\/strong>, de car\u00e1ter classificat\u00f3rio e eliminat\u00f3rio, para todos os cargos, exceto Procurador;<\/li>\n\n\n\n<li><strong>Pe\u00e7a jur\u00eddica<\/strong>, de car\u00e1ter classificat\u00f3rio e eliminat\u00f3rio, para Procurador.<\/li>\n<\/ul>\n\n\n\n<h3 class=\"wp-block-heading\" id=\"objetiva\">Prova objetiva<\/h3>\n\n\n\n<p>Com dura\u00e7\u00e3o de 3h, o exame foi composto por <strong>30 quest\u00f5es<\/strong> de m\u00faltipla escolha, com quatro alternativas, sendo apenas uma a correta.<\/p>\n\n\n\n<p>Para ser considerado aprovado nesta etapa, o candidato deve obter, no m\u00ednimo, 40% da pontua\u00e7\u00e3o m\u00e1xima, que escala de 0 a 100 pontos.<\/p>\n\n\n\n<figure class=\"wp-block-image aligncenter size-full\"><img loading=\"lazy\" decoding=\"async\" width=\"659\" height=\"442\" src=\"https:\/\/dhg1h5j42swfq.cloudfront.net\/2025\/11\/25171153\/image-266.png\" alt=\"concurso DAEV Valpara\u00edso: etapas de provas\" class=\"wp-image-1675315\" srcset=\"https:\/\/dhg1h5j42swfq.cloudfront.net\/2025\/11\/25171153\/image-266.png 659w, https:\/\/dhg1h5j42swfq.cloudfront.net\/2025\/11\/25171153\/image-266-300x201.png 300w, https:\/\/dhg1h5j42swfq.cloudfront.net\/2025\/11\/25171153\/image-266-150x101.png 150w\" sizes=\"auto, (max-width: 659px) 100vw, 659px\" \/><\/figure>\n\n\n\n<figure class=\"wp-block-image aligncenter size-full is-resized\"><img loading=\"lazy\" decoding=\"async\" width=\"827\" height=\"605\" src=\"https:\/\/dhg1h5j42swfq.cloudfront.net\/2025\/11\/25171303\/image-267.png\" alt=\"concurso DAEV Valpara\u00edso: etapas de provas\" class=\"wp-image-1675317\" style=\"width:671px;height:auto\" srcset=\"https:\/\/dhg1h5j42swfq.cloudfront.net\/2025\/11\/25171303\/image-267.png 827w, https:\/\/dhg1h5j42swfq.cloudfront.net\/2025\/11\/25171303\/image-267-300x219.png 300w, https:\/\/dhg1h5j42swfq.cloudfront.net\/2025\/11\/25171303\/image-267-768x562.png 768w, https:\/\/dhg1h5j42swfq.cloudfront.net\/2025\/11\/25171303\/image-267-150x110.png 150w\" sizes=\"auto, (max-width: 827px) 100vw, 827px\" \/><\/figure>\n\n\n\n<h3 class=\"wp-block-heading\" id=\"pratica\">Prova pr\u00e1tica<\/h3>\n\n\n\n<p><strong>Exame pr\u00e1tico<\/strong><\/p>\n\n\n\n<p>A prova pr\u00e1tica, para todos os cargos, objetiva avaliar o grau de conhecimento e as habilidades do candidato de forma te\u00f3rica e por meio de demonstra\u00e7\u00e3o, pr\u00e1tica das atividades inerentes ao emprego ou fun\u00e7\u00e3o, respeitando-se o conte\u00fado descrito.<\/p>\n\n\n\n<p>A aplica\u00e7\u00e3o e a avalia\u00e7\u00e3o da prova pr\u00e1tica busca aferir a capacidade de adequa\u00e7\u00e3o funcional e situacional do candidato \u00e0s exig\u00eancias e ao desempenho eficiente das atividades.<\/p>\n\n\n\n<h3 class=\"wp-block-heading\" id=\"peca\">Pe\u00e7a jur\u00eddica<\/h3>\n\n\n\n<p>A pe\u00e7a jur\u00eddica ser\u00e1 avaliada de 0 100 pontos e consistir\u00e1 no desenvolvimento de uma pe\u00e7a jur\u00eddica proposta pela CMM CONCURSOS, extra\u00edda do Conte\u00fado Program\u00e1tico de Conhecimentos Espec\u00edfico.<\/p>\n\n\n\n<p>A avalia\u00e7\u00e3o da pe\u00e7a jur\u00eddica obedecer\u00e1 aos seguintes crit\u00e9rios:<\/p>\n\n\n\n<ul class=\"wp-block-list\">\n<li>Aspectos Gerais da L\u00edngua Portuguesa \u2013 05,00 (cinco) pontos;<\/li>\n\n\n\n<li>Endere\u00e7amento da Peti\u00e7\u00e3o Inicial \u2013 05,00 (cinco) pontos;<\/li>\n\n\n\n<li>Qualifica\u00e7\u00e3o das partes \u2013 20,00 (vinte) pontos;<\/li>\n\n\n\n<li>Exposi\u00e7\u00e3o \/ causa de pedir \u2013 10,00 (dez) pontos;<\/li>\n\n\n\n<li>Fundamenta\u00e7\u00e3o para a pretens\u00e3o \u2013 24,00 (vinte e quatro) pontos;<\/li>\n\n\n\n<li>Fundamentos para a concess\u00e3o da liminar \u2013 06,00 (seis) pontos;<\/li>\n\n\n\n<li>Pedidos \u2013 10,00 (dez) pontos;<\/li>\n\n\n\n<li>Medida Processual \u2013 20,00 (vinte) pontos;<\/li>\n\n\n\n<li>A pontua\u00e7\u00e3o atribu\u00edda em cada item levar\u00e1 em considera\u00e7\u00e3o a coer\u00eancia, consist\u00eancia e precis\u00e3o t\u00e9cnica da resposta, conforme o padr\u00e3o de resposta definido pela banca examinadora.<\/li>\n<\/ul>\n\n\n\n<p>Ser\u00e1 considerado aprovado na Prova Discursiva &#8211; Pe\u00e7a Jur\u00eddica o candidato que obtiver nota igual ou superior a 50,0 pontos.<\/p>\n\n\n\n<hr class=\"wp-block-separator has-alpha-channel-opacity\"\/>\n\n\n\n<h2 class=\"wp-block-heading has-text-align-center\" id=\"cursos\"><em>Quer estudar para o concurso DAEV Valpara\u00edso?<\/em><\/h2>\n\n\n\n<div class=\"container\" id=\"boxes\">\n  <div class=\"row\">\n\n    <div class=\"col-sm\">\n      <div class=\"banner-adm-ec\" id=\"box-assinatura\">\n        <h2 class=\"titulo-assinatura\" style=\"text-align: left;\">Concursos Administrativos<\/h2>\n        <p class=\"subtitulo-assinatura\" style=\"text-align: left;\">Prepara\u00e7\u00e3o completa para os concursos<\/p>\n        <div class=\"box-botao\" style=\"text-align: left;\">\n          <a class=\"btn-assinatura\" target=\"_blank\" href=\"https:\/\/www.estrategiaconcursos.com.br\/pesquisa\/?q=concurso+daev+valparaiso\" role=\"button\" rel=\"noopener noreferrer\">VER CURSOS<\/a>\n        <\/div>\n      <\/div><\/div><\/div><\/div>\n\n\n\n<div class=\"container\" id=\"boxes\">\n  <div class=\"row\">\n\n    <div class=\"col-sm\">\n      <div class=\"estrategia\" id=\"box-assinatura\">\n        <h3 class=\"titulo-assinatura\">Assinatura Concursos<\/h3>\n        <p class=\"subtitulo-assinatura\">Assinatura de 1 ano ou 2 anos<\/p>\n        <div class=\"box-botao\">\n          <a class=\"btn-assinatura\" target=\"_blank\" href=\"https:\/\/www.estrategiaconcursos.com.br\/assinaturas\/\" role=\"button\" rel=\"noopener noreferrer\">ASSINE AGORA<\/a>\n        <\/div>\n      <\/div><\/div><\/div><\/div>\n\n\n\n<h2 class=\"wp-block-heading has-text-align-center\" id=\"h-quer-saber-tudo-sobre-concursos-previstos-confira-os-nossos-artigos\">Quer saber tudo sobre concursos previstos?<br \/>Confira os nossos artigos!<\/h2>\n\n\n\n<ul class=\"wp-block-list\">\n<li><a href=\"https:\/\/www.estrategiaconcursos.com.br\/blog\/concursos-abertos\/\" target=\"_blank\" rel=\"noreferrer noopener\">Concursos Abertos<\/a><\/li>\n\n\n\n<li><a href=\"https:\/\/www.estrategiaconcursos.com.br\/blog\/concursos-abertos-prefeituras\/\" target=\"_blank\" rel=\"noreferrer noopener\">Concursos Abertos de Prefeituras<\/a><\/li>\n\n\n\n<li><a href=\"https:\/\/www.estrategiaconcursos.com.br\/blog\/concursos-prefeituras\/\" target=\"_blank\" rel=\"noreferrer noopener\">Concursos Prefeituras<\/a><\/li>\n\n\n\n<li><a href=\"https:\/\/www.estrategiaconcursos.com.br\/blog\/concursos-2026\/\" target=\"_blank\" rel=\"noreferrer noopener\">Concursos 2026<\/a><\/li>\n<\/ul>\n\n\n\n<figure class=\"wp-block-image is-resized\"><img loading=\"lazy\" decoding=\"async\" width=\"1024\" height=\"632\" src=\"https:\/\/dhg1h5j42swfq.cloudfront.net\/2021\/04\/01161145\/ficha-tecnica-5-1024x632.png\" alt=\"Informa\u00e7\u00f5es do concurso DAEV Valpara\u00edso\" class=\"wp-image-706736\" style=\"width:236px;height:145px\" srcset=\"https:\/\/dhg1h5j42swfq.cloudfront.net\/2021\/04\/01161145\/ficha-tecnica-5-1024x632.png 1024w, https:\/\/dhg1h5j42swfq.cloudfront.net\/2021\/04\/01161145\/ficha-tecnica-5-300x185.png 300w, https:\/\/dhg1h5j42swfq.cloudfront.net\/2021\/04\/01161145\/ficha-tecnica-5-768x474.png 768w, https:\/\/dhg1h5j42swfq.cloudfront.net\/2021\/04\/01161145\/ficha-tecnica-5-1536x948.png 1536w, https:\/\/dhg1h5j42swfq.cloudfront.net\/2021\/04\/01161145\/ficha-tecnica-5-610x377.png 610w, https:\/\/dhg1h5j42swfq.cloudfront.net\/2021\/04\/01161145\/ficha-tecnica-5.png 1571w\" sizes=\"auto, (max-width: 1024px) 100vw, 1024px\" \/><\/figure>\n\n\n\n<h3 class=\"wp-block-heading\" id=\"ficha-tecnica\">Informa\u00e7\u00f5es do Concurso DAEV Valpara\u00edso<\/h3>\n\n\n\n<ul class=\"wp-block-list\">\n<li><strong>Data da prova<\/strong>: <s>22\/02\/2026<\/s><\/li>\n\n\n\n<li><strong>Banca<\/strong>: CMM Asessoria<\/li>\n\n\n\n<li><strong>Escolaridade<\/strong>: fundamental, m\u00e9dio e superior<\/li>\n\n\n\n<li><strong>Vagas:<\/strong> 4 + CR<\/li>\n\n\n\n<li><strong>Cargos<\/strong>: diversos<\/li>\n\n\n\n<li><strong>Edital:<\/strong> <a href=\"https:\/\/dhg1h5j42swfq.cloudfront.net\/2025\/11\/25165657\/56379806e0a8931cbe068b426644cdda.pdf\" target=\"_blank\" rel=\"noreferrer noopener nofollow\">DAEV Valpara\u00edso 2025<\/a><\/li>\n<\/ul>\n","protected":false},"excerpt":{"rendered":"<p>O concurso p\u00fablico do Departamento de \u00c1gua e Esgotos de Valpara\u00edso (Daev), em S\u00e3o Paulo, teve suas provas aplicadas no dia 22 de fevereiro. Com isso, os candidatos j\u00e1 podem conferir os gabaritos preliminares da etapa. Os candidatos interessados em interpor recursos poder\u00e3o faz\u00ea-lo nos dias 24 e 25 de fevereiro, no site da banca [&hellip;]<\/p>\n","protected":false},"author":2692,"featured_media":1675419,"comment_status":"open","ping_status":"closed","sticky":false,"template":"","format":"standard","meta":{"post_tipo":"news_page","footnotes":""},"categories":[214992],"tags":[],"tax_estado":[219989],"class_list":["post-1675286","post","type-post","status-publish","format-standard","has-post-thumbnail","hentry","category-concursos-administrativos","tax_estado-sp"],"acf":[],"yoast_head":"<!-- This site is optimized with the Yoast SEO Premium plugin v27.2 (Yoast SEO v27.2) - https:\/\/yoast.com\/product\/yoast-seo-premium-wordpress\/ -->\n<title>Concurso DAEV Valpara\u00edso: confira j\u00e1 os gabaritos da prova!<\/title>\n<meta name=\"description\" content=\"Concurso DAEV Valpara\u00edso: provas aplicadas e gabaritos divulgados! S\u00e3o vagas com sal\u00e1rios at\u00e9 R$ 6,1 mil! Saiba tudo aqui!\" \/>\n<meta name=\"robots\" content=\"index, follow, max-snippet:-1, max-image-preview:large, max-video-preview:-1\" \/>\n<link rel=\"canonical\" href=\"https:\/\/www.estrategiaconcursos.com.br\/blog\/concurso-daev-valparaiso\/\" \/>\n<meta property=\"og:locale\" content=\"pt_BR\" \/>\n<meta property=\"og:type\" content=\"article\" \/>\n<meta property=\"og:title\" content=\"Concurso DAEV Valpara\u00edso: confira j\u00e1 os gabaritos da prova!\" \/>\n<meta property=\"og:description\" content=\"Concurso DAEV Valpara\u00edso: provas aplicadas e gabaritos divulgados! S\u00e3o vagas com sal\u00e1rios at\u00e9 R$ 6,1 mil! Saiba tudo aqui!\" \/>\n<meta property=\"og:url\" content=\"https:\/\/www.estrategiaconcursos.com.br\/blog\/concurso-daev-valparaiso\/\" \/>\n<meta property=\"og:site_name\" content=\"Estrat\u00e9gia Concursos\" \/>\n<meta property=\"article:published_time\" content=\"2026-02-23T19:59:00+00:00\" \/>\n<meta property=\"article:modified_time\" content=\"2026-02-23T19:59:20+00:00\" \/>\n<meta property=\"og:image\" content=\"https:\/\/dhg1h5j42swfq.cloudfront.net\/2025\/11\/25193107\/daev-valparaiso-sp.jpg\" \/>\n\t<meta property=\"og:image:width\" content=\"768\" \/>\n\t<meta property=\"og:image:height\" content=\"432\" \/>\n\t<meta property=\"og:image:type\" content=\"image\/jpeg\" \/>\n<meta name=\"author\" content=\"Ronaldo Scanavini Neto\" \/>\n<meta name=\"twitter:card\" content=\"summary_large_image\" \/>\n<meta name=\"twitter:creator\" content=\"@EstratConcursos\" \/>\n<meta name=\"twitter:site\" content=\"@EstratConcursos\" \/>\n<meta name=\"twitter:label1\" content=\"Escrito por\" \/>\n\t<meta name=\"twitter:data1\" content=\"Ronaldo Scanavini Neto\" \/>\n\t<meta name=\"twitter:label2\" content=\"Est. tempo de leitura\" \/>\n\t<meta name=\"twitter:data2\" content=\"5 minutos\" \/>\n<script type=\"application\/ld+json\" class=\"yoast-schema-graph\">{\"@context\":\"https:\/\/schema.org\",\"@graph\":[{\"@type\":\"NewsArticle\",\"@id\":\"https:\/\/www.estrategiaconcursos.com.br\/blog\/concurso-daev-valparaiso\/#article\",\"isPartOf\":{\"@id\":\"https:\/\/www.estrategiaconcursos.com.br\/blog\/concurso-daev-valparaiso\/\"},\"author\":{\"name\":\"Ronaldo Scanavini Neto\",\"@id\":\"https:\/\/www.estrategiaconcursos.com.br\/blog\/#\/schema\/person\/70c2ad4297aa24ff8815b08215b23a76\"},\"headline\":\"Concurso DAEV Valpara\u00edso: confira j\u00e1 os gabaritos da prova!\",\"datePublished\":\"2026-02-23T19:59:00+00:00\",\"dateModified\":\"2026-02-23T19:59:20+00:00\",\"mainEntityOfPage\":{\"@id\":\"https:\/\/www.estrategiaconcursos.com.br\/blog\/concurso-daev-valparaiso\/\"},\"wordCount\":1037,\"commentCount\":0,\"publisher\":{\"@id\":\"https:\/\/www.estrategiaconcursos.com.br\/blog\/#organization\"},\"image\":{\"@id\":\"https:\/\/www.estrategiaconcursos.com.br\/blog\/concurso-daev-valparaiso\/#primaryimage\"},\"thumbnailUrl\":\"https:\/\/dhg1h5j42swfq.cloudfront.net\/2025\/11\/25193107\/daev-valparaiso-sp.jpg\",\"articleSection\":[\"Executivo (Administrativa)\"],\"inLanguage\":\"pt-BR\",\"potentialAction\":[{\"@type\":\"CommentAction\",\"name\":\"Comment\",\"target\":[\"https:\/\/www.estrategiaconcursos.com.br\/blog\/concurso-daev-valparaiso\/#respond\"]}],\"copyrightYear\":\"2026\",\"copyrightHolder\":{\"@id\":\"https:\/\/www.estrategiaconcursos.com.br\/blog\/#organization\"}},{\"@type\":\"WebPage\",\"@id\":\"https:\/\/www.estrategiaconcursos.com.br\/blog\/concurso-daev-valparaiso\/\",\"url\":\"https:\/\/www.estrategiaconcursos.com.br\/blog\/concurso-daev-valparaiso\/\",\"name\":\"Concurso DAEV Valpara\u00edso: confira j\u00e1 os gabaritos da prova!\",\"isPartOf\":{\"@id\":\"https:\/\/www.estrategiaconcursos.com.br\/blog\/#website\"},\"primaryImageOfPage\":{\"@id\":\"https:\/\/www.estrategiaconcursos.com.br\/blog\/concurso-daev-valparaiso\/#primaryimage\"},\"image\":{\"@id\":\"https:\/\/www.estrategiaconcursos.com.br\/blog\/concurso-daev-valparaiso\/#primaryimage\"},\"thumbnailUrl\":\"https:\/\/dhg1h5j42swfq.cloudfront.net\/2025\/11\/25193107\/daev-valparaiso-sp.jpg\",\"datePublished\":\"2026-02-23T19:59:00+00:00\",\"dateModified\":\"2026-02-23T19:59:20+00:00\",\"description\":\"Concurso DAEV Valpara\u00edso: provas aplicadas e gabaritos divulgados! S\u00e3o vagas com sal\u00e1rios at\u00e9 R$ 6,1 mil! Saiba tudo aqui!\",\"breadcrumb\":{\"@id\":\"https:\/\/www.estrategiaconcursos.com.br\/blog\/concurso-daev-valparaiso\/#breadcrumb\"},\"inLanguage\":\"pt-BR\",\"potentialAction\":[{\"@type\":\"ReadAction\",\"target\":[\"https:\/\/www.estrategiaconcursos.com.br\/blog\/concurso-daev-valparaiso\/\"]}]},{\"@type\":\"ImageObject\",\"inLanguage\":\"pt-BR\",\"@id\":\"https:\/\/www.estrategiaconcursos.com.br\/blog\/concurso-daev-valparaiso\/#primaryimage\",\"url\":\"https:\/\/dhg1h5j42swfq.cloudfront.net\/2025\/11\/25193107\/daev-valparaiso-sp.jpg\",\"contentUrl\":\"https:\/\/dhg1h5j42swfq.cloudfront.net\/2025\/11\/25193107\/daev-valparaiso-sp.jpg\",\"width\":768,\"height\":432},{\"@type\":\"BreadcrumbList\",\"@id\":\"https:\/\/www.estrategiaconcursos.com.br\/blog\/concurso-daev-valparaiso\/#breadcrumb\",\"itemListElement\":[{\"@type\":\"ListItem\",\"position\":1,\"name\":\"In\u00edcio\",\"item\":\"https:\/\/www.estrategiaconcursos.com.br\/blog\/\"},{\"@type\":\"ListItem\",\"position\":2,\"name\":\"Concurso DAEV Valpara\u00edso: confira j\u00e1 os gabaritos da prova!\"}]},{\"@type\":\"WebSite\",\"@id\":\"https:\/\/www.estrategiaconcursos.com.br\/blog\/#website\",\"url\":\"https:\/\/www.estrategiaconcursos.com.br\/blog\/\",\"name\":\"Estrat\u00e9gia Concursos\",\"description\":\"O blog da Estrat\u00e9gia Concursos traz not\u00edcias sobre concursos e artigos de professores oferecendo cursos para concursos (pdf + videaulas) no site.\",\"publisher\":{\"@id\":\"https:\/\/www.estrategiaconcursos.com.br\/blog\/#organization\"},\"potentialAction\":[{\"@type\":\"SearchAction\",\"target\":{\"@type\":\"EntryPoint\",\"urlTemplate\":\"https:\/\/www.estrategiaconcursos.com.br\/blog\/?s={search_term_string}\"},\"query-input\":{\"@type\":\"PropertyValueSpecification\",\"valueRequired\":true,\"valueName\":\"search_term_string\"}}],\"inLanguage\":\"pt-BR\"},{\"@type\":\"Organization\",\"@id\":\"https:\/\/www.estrategiaconcursos.com.br\/blog\/#organization\",\"name\":\"Estrat\u00e9gia Concursos\",\"url\":\"https:\/\/www.estrategiaconcursos.com.br\/blog\/\",\"logo\":{\"@type\":\"ImageObject\",\"inLanguage\":\"pt-BR\",\"@id\":\"https:\/\/www.estrategiaconcursos.com.br\/blog\/#\/schema\/logo\/image\/\",\"url\":\"https:\/\/dhg1h5j42swfq.cloudfront.net\/2025\/06\/03203428\/logo_concursos-1.jpg\",\"contentUrl\":\"https:\/\/dhg1h5j42swfq.cloudfront.net\/2025\/06\/03203428\/logo_concursos-1.jpg\",\"width\":230,\"height\":60,\"caption\":\"Estrat\u00e9gia Concursos\"},\"image\":{\"@id\":\"https:\/\/www.estrategiaconcursos.com.br\/blog\/#\/schema\/logo\/image\/\"},\"sameAs\":[\"https:\/\/x.com\/EstratConcursos\"]},{\"@type\":\"Person\",\"@id\":\"https:\/\/www.estrategiaconcursos.com.br\/blog\/#\/schema\/person\/70c2ad4297aa24ff8815b08215b23a76\",\"name\":\"Ronaldo Scanavini Neto\",\"image\":{\"@type\":\"ImageObject\",\"inLanguage\":\"pt-BR\",\"@id\":\"https:\/\/secure.gravatar.com\/avatar\/f93d8e56fe264596e94aee6b3feb737d98ad0fc5bac7eb0a245f04723c5c8f21?s=96&d=mm&r=g\",\"url\":\"https:\/\/secure.gravatar.com\/avatar\/f93d8e56fe264596e94aee6b3feb737d98ad0fc5bac7eb0a245f04723c5c8f21?s=96&d=mm&r=g\",\"contentUrl\":\"https:\/\/secure.gravatar.com\/avatar\/f93d8e56fe264596e94aee6b3feb737d98ad0fc5bac7eb0a245f04723c5c8f21?s=96&d=mm&r=g\",\"caption\":\"Ronaldo Scanavini Neto\"},\"description\":\"Graduando em Comunica\u00e7\u00e3o Social \u2013 Jornalismo pela Universidade Federal de Vi\u00e7osa (UFV). Integra a equipe de jornalismo do Estrat\u00e9gia Concursos desde 2023, atuando com \u00eanfase na cobertura da \u00e1rea fiscal. Tamb\u00e9m realiza a apura\u00e7\u00e3o e produ\u00e7\u00e3o de not\u00edcias sobre concursos federais, \u00f3rg\u00e3os participantes do CNU e das \u00e1reas de controle, gest\u00e3o, engenharia, Exame CFC, comunica\u00e7\u00e3o social TI e \u00e1rea de concursos administrativos.\",\"url\":\"https:\/\/www.estrategiaconcursos.com.br\/blog\/author\/ronaldo-netoestrategia-com\/\"}]}<\/script>\n<!-- \/ Yoast SEO Premium plugin. -->","yoast_head_json":{"title":"Concurso DAEV Valpara\u00edso: confira j\u00e1 os gabaritos da prova!","description":"Concurso DAEV Valpara\u00edso: provas aplicadas e gabaritos divulgados! S\u00e3o vagas com sal\u00e1rios at\u00e9 R$ 6,1 mil! Saiba tudo aqui!","robots":{"index":"index","follow":"follow","max-snippet":"max-snippet:-1","max-image-preview":"max-image-preview:large","max-video-preview":"max-video-preview:-1"},"canonical":"https:\/\/www.estrategiaconcursos.com.br\/blog\/concurso-daev-valparaiso\/","og_locale":"pt_BR","og_type":"article","og_title":"Concurso DAEV Valpara\u00edso: confira j\u00e1 os gabaritos da prova!","og_description":"Concurso DAEV Valpara\u00edso: provas aplicadas e gabaritos divulgados! S\u00e3o vagas com sal\u00e1rios at\u00e9 R$ 6,1 mil! Saiba tudo aqui!","og_url":"https:\/\/www.estrategiaconcursos.com.br\/blog\/concurso-daev-valparaiso\/","og_site_name":"Estrat\u00e9gia Concursos","article_published_time":"2026-02-23T19:59:00+00:00","article_modified_time":"2026-02-23T19:59:20+00:00","og_image":[{"width":768,"height":432,"url":"https:\/\/dhg1h5j42swfq.cloudfront.net\/2025\/11\/25193107\/daev-valparaiso-sp.jpg","type":"image\/jpeg"}],"author":"Ronaldo Scanavini Neto","twitter_card":"summary_large_image","twitter_creator":"@EstratConcursos","twitter_site":"@EstratConcursos","twitter_misc":{"Escrito por":"Ronaldo Scanavini Neto","Est. tempo de leitura":"5 minutos"},"schema":{"@context":"https:\/\/schema.org","@graph":[{"@type":"NewsArticle","@id":"https:\/\/www.estrategiaconcursos.com.br\/blog\/concurso-daev-valparaiso\/#article","isPartOf":{"@id":"https:\/\/www.estrategiaconcursos.com.br\/blog\/concurso-daev-valparaiso\/"},"author":{"name":"Ronaldo Scanavini Neto","@id":"https:\/\/www.estrategiaconcursos.com.br\/blog\/#\/schema\/person\/70c2ad4297aa24ff8815b08215b23a76"},"headline":"Concurso DAEV Valpara\u00edso: confira j\u00e1 os gabaritos da prova!","datePublished":"2026-02-23T19:59:00+00:00","dateModified":"2026-02-23T19:59:20+00:00","mainEntityOfPage":{"@id":"https:\/\/www.estrategiaconcursos.com.br\/blog\/concurso-daev-valparaiso\/"},"wordCount":1037,"commentCount":0,"publisher":{"@id":"https:\/\/www.estrategiaconcursos.com.br\/blog\/#organization"},"image":{"@id":"https:\/\/www.estrategiaconcursos.com.br\/blog\/concurso-daev-valparaiso\/#primaryimage"},"thumbnailUrl":"https:\/\/dhg1h5j42swfq.cloudfront.net\/2025\/11\/25193107\/daev-valparaiso-sp.jpg","articleSection":["Executivo (Administrativa)"],"inLanguage":"pt-BR","potentialAction":[{"@type":"CommentAction","name":"Comment","target":["https:\/\/www.estrategiaconcursos.com.br\/blog\/concurso-daev-valparaiso\/#respond"]}],"copyrightYear":"2026","copyrightHolder":{"@id":"https:\/\/www.estrategiaconcursos.com.br\/blog\/#organization"}},{"@type":"WebPage","@id":"https:\/\/www.estrategiaconcursos.com.br\/blog\/concurso-daev-valparaiso\/","url":"https:\/\/www.estrategiaconcursos.com.br\/blog\/concurso-daev-valparaiso\/","name":"Concurso DAEV Valpara\u00edso: confira j\u00e1 os gabaritos da prova!","isPartOf":{"@id":"https:\/\/www.estrategiaconcursos.com.br\/blog\/#website"},"primaryImageOfPage":{"@id":"https:\/\/www.estrategiaconcursos.com.br\/blog\/concurso-daev-valparaiso\/#primaryimage"},"image":{"@id":"https:\/\/www.estrategiaconcursos.com.br\/blog\/concurso-daev-valparaiso\/#primaryimage"},"thumbnailUrl":"https:\/\/dhg1h5j42swfq.cloudfront.net\/2025\/11\/25193107\/daev-valparaiso-sp.jpg","datePublished":"2026-02-23T19:59:00+00:00","dateModified":"2026-02-23T19:59:20+00:00","description":"Concurso DAEV Valpara\u00edso: provas aplicadas e gabaritos divulgados! S\u00e3o vagas com sal\u00e1rios at\u00e9 R$ 6,1 mil! Saiba tudo aqui!","breadcrumb":{"@id":"https:\/\/www.estrategiaconcursos.com.br\/blog\/concurso-daev-valparaiso\/#breadcrumb"},"inLanguage":"pt-BR","potentialAction":[{"@type":"ReadAction","target":["https:\/\/www.estrategiaconcursos.com.br\/blog\/concurso-daev-valparaiso\/"]}]},{"@type":"ImageObject","inLanguage":"pt-BR","@id":"https:\/\/www.estrategiaconcursos.com.br\/blog\/concurso-daev-valparaiso\/#primaryimage","url":"https:\/\/dhg1h5j42swfq.cloudfront.net\/2025\/11\/25193107\/daev-valparaiso-sp.jpg","contentUrl":"https:\/\/dhg1h5j42swfq.cloudfront.net\/2025\/11\/25193107\/daev-valparaiso-sp.jpg","width":768,"height":432},{"@type":"BreadcrumbList","@id":"https:\/\/www.estrategiaconcursos.com.br\/blog\/concurso-daev-valparaiso\/#breadcrumb","itemListElement":[{"@type":"ListItem","position":1,"name":"In\u00edcio","item":"https:\/\/www.estrategiaconcursos.com.br\/blog\/"},{"@type":"ListItem","position":2,"name":"Concurso DAEV Valpara\u00edso: confira j\u00e1 os gabaritos da prova!"}]},{"@type":"WebSite","@id":"https:\/\/www.estrategiaconcursos.com.br\/blog\/#website","url":"https:\/\/www.estrategiaconcursos.com.br\/blog\/","name":"Estrat\u00e9gia Concursos","description":"O blog da Estrat\u00e9gia Concursos traz not\u00edcias sobre concursos e artigos de professores oferecendo cursos para concursos (pdf + videaulas) no site.","publisher":{"@id":"https:\/\/www.estrategiaconcursos.com.br\/blog\/#organization"},"potentialAction":[{"@type":"SearchAction","target":{"@type":"EntryPoint","urlTemplate":"https:\/\/www.estrategiaconcursos.com.br\/blog\/?s={search_term_string}"},"query-input":{"@type":"PropertyValueSpecification","valueRequired":true,"valueName":"search_term_string"}}],"inLanguage":"pt-BR"},{"@type":"Organization","@id":"https:\/\/www.estrategiaconcursos.com.br\/blog\/#organization","name":"Estrat\u00e9gia Concursos","url":"https:\/\/www.estrategiaconcursos.com.br\/blog\/","logo":{"@type":"ImageObject","inLanguage":"pt-BR","@id":"https:\/\/www.estrategiaconcursos.com.br\/blog\/#\/schema\/logo\/image\/","url":"https:\/\/dhg1h5j42swfq.cloudfront.net\/2025\/06\/03203428\/logo_concursos-1.jpg","contentUrl":"https:\/\/dhg1h5j42swfq.cloudfront.net\/2025\/06\/03203428\/logo_concursos-1.jpg","width":230,"height":60,"caption":"Estrat\u00e9gia Concursos"},"image":{"@id":"https:\/\/www.estrategiaconcursos.com.br\/blog\/#\/schema\/logo\/image\/"},"sameAs":["https:\/\/x.com\/EstratConcursos"]},{"@type":"Person","@id":"https:\/\/www.estrategiaconcursos.com.br\/blog\/#\/schema\/person\/70c2ad4297aa24ff8815b08215b23a76","name":"Ronaldo Scanavini Neto","image":{"@type":"ImageObject","inLanguage":"pt-BR","@id":"https:\/\/secure.gravatar.com\/avatar\/f93d8e56fe264596e94aee6b3feb737d98ad0fc5bac7eb0a245f04723c5c8f21?s=96&d=mm&r=g","url":"https:\/\/secure.gravatar.com\/avatar\/f93d8e56fe264596e94aee6b3feb737d98ad0fc5bac7eb0a245f04723c5c8f21?s=96&d=mm&r=g","contentUrl":"https:\/\/secure.gravatar.com\/avatar\/f93d8e56fe264596e94aee6b3feb737d98ad0fc5bac7eb0a245f04723c5c8f21?s=96&d=mm&r=g","caption":"Ronaldo Scanavini Neto"},"description":"Graduando em Comunica\u00e7\u00e3o Social \u2013 Jornalismo pela Universidade Federal de Vi\u00e7osa (UFV). Integra a equipe de jornalismo do Estrat\u00e9gia Concursos desde 2023, atuando com \u00eanfase na cobertura da \u00e1rea fiscal. Tamb\u00e9m realiza a apura\u00e7\u00e3o e produ\u00e7\u00e3o de not\u00edcias sobre concursos federais, \u00f3rg\u00e3os participantes do CNU e das \u00e1reas de controle, gest\u00e3o, engenharia, Exame CFC, comunica\u00e7\u00e3o social TI e \u00e1rea de concursos administrativos.","url":"https:\/\/www.estrategiaconcursos.com.br\/blog\/author\/ronaldo-netoestrategia-com\/"}]}},"_links":{"self":[{"href":"https:\/\/www.estrategiaconcursos.com.br\/blog\/wp-json\/wp\/v2\/posts\/1675286","targetHints":{"allow":["GET"]}}],"collection":[{"href":"https:\/\/www.estrategiaconcursos.com.br\/blog\/wp-json\/wp\/v2\/posts"}],"about":[{"href":"https:\/\/www.estrategiaconcursos.com.br\/blog\/wp-json\/wp\/v2\/types\/post"}],"author":[{"embeddable":true,"href":"https:\/\/www.estrategiaconcursos.com.br\/blog\/wp-json\/wp\/v2\/users\/2692"}],"replies":[{"embeddable":true,"href":"https:\/\/www.estrategiaconcursos.com.br\/blog\/wp-json\/wp\/v2\/comments?post=1675286"}],"version-history":[{"count":20,"href":"https:\/\/www.estrategiaconcursos.com.br\/blog\/wp-json\/wp\/v2\/posts\/1675286\/revisions"}],"predecessor-version":[{"id":1719811,"href":"https:\/\/www.estrategiaconcursos.com.br\/blog\/wp-json\/wp\/v2\/posts\/1675286\/revisions\/1719811"}],"wp:featuredmedia":[{"embeddable":true,"href":"https:\/\/www.estrategiaconcursos.com.br\/blog\/wp-json\/wp\/v2\/media\/1675419"}],"wp:attachment":[{"href":"https:\/\/www.estrategiaconcursos.com.br\/blog\/wp-json\/wp\/v2\/media?parent=1675286"}],"wp:term":[{"taxonomy":"category","embeddable":true,"href":"https:\/\/www.estrategiaconcursos.com.br\/blog\/wp-json\/wp\/v2\/categories?post=1675286"},{"taxonomy":"post_tag","embeddable":true,"href":"https:\/\/www.estrategiaconcursos.com.br\/blog\/wp-json\/wp\/v2\/tags?post=1675286"},{"taxonomy":"tax_estado","embeddable":true,"href":"https:\/\/www.estrategiaconcursos.com.br\/blog\/wp-json\/wp\/v2\/tax_estado?post=1675286"}],"curies":[{"name":"wp","href":"https:\/\/api.w.org\/{rel}","templated":true}]}}