{"id":1674243,"date":"2025-12-01T07:00:00","date_gmt":"2025-12-01T10:00:00","guid":{"rendered":"https:\/\/www.estrategiaconcursos.com.br\/blog\/?p=1674243"},"modified":"2025-11-28T11:32:43","modified_gmt":"2025-11-28T14:32:43","slug":"editais-concursos-previstos-dezembro-2025","status":"publish","type":"post","link":"https:\/\/www.estrategiaconcursos.com.br\/blog\/editais-concursos-previstos-dezembro-2025\/","title":{"rendered":"Concursos 2025: 22 editais previstos para dezembro"},"content":{"rendered":"\n<p>O m\u00eas de <a href=\"https:\/\/www.estrategiaconcursos.com.br\/blog\/principais-editais-concursos-novembro-2025\/\" target=\"_blank\" rel=\"noreferrer noopener\">novembro<\/a> trouxe excelentes oportunidades no mundo dos concursos p\u00fablicos e, agora em dezembro, n\u00e3o deve ser diferente!<\/p>\n\n\n\n<p>Isso porque diversos editais j\u00e1 foram oficialmente anunciados para as pr\u00f3ximas semanas ou est\u00e3o com banca organizadora definida\/contratada. Al\u00e9m disso, por conta da proximidade ao fim do ano, muitos \u00f3rg\u00e3os correm para liberar seus concursos quanto antes.<\/p>\n\n\n\n<p>Ao longo deste artigo, reunimos os&nbsp;<strong>principais editais previstos para o m\u00eas de dezembro<\/strong>, assim como informa\u00e7\u00f5es de n\u00famero de vagas, cargos, sal\u00e1rios e banca. Confira:<\/p>\n\n\n\n<ul id=\"indice\" class=\"wp-block-list\">\n<li><a href=\"#seguranca-publica\">Seguran\u00e7a p\u00fablica<\/a><\/li>\n\n\n\n<li><a href=\"#tribunais\">Tribunais<\/a><\/li>\n\n\n\n<li><a href=\"#fiscais\">Fiscais<\/a><\/li>\n\n\n\n<li><a href=\"#controle\">Controle e Gest\u00e3o<\/a><\/li>\n\n\n\n<li><a href=\"#saude\">Sa\u00fade<\/a><\/li>\n\n\n\n<li><a href=\"#outras\">Outras oportunidades<\/a><\/li>\n<\/ul>\n\n\n\n<div class=\"container\" id=\"boxes\">\n  <div class=\"row\">\n\n    <div class=\"col-sm\">\n      <div class=\"estrategia\" id=\"box-assinatura\">\n        <h3 class=\"titulo-assinatura\">Assinatura Concursos<\/h3>\n        <p class=\"subtitulo-assinatura\">Assinatura de 1 ano ou 2 anos<\/p>\n        <div class=\"box-botao\">\n          <a class=\"btn-assinatura\" target=\"_blank\" href=\"https:\/\/www.estrategiaconcursos.com.br\/assinaturas\/\" role=\"button\" rel=\"noopener noreferrer\">ASSINE AGORA<\/a>\n        <\/div>\n      <\/div>\n     \n    <\/div><\/div><\/div>\n\n\n\n<h3 class=\"wp-block-heading has-text-align-center has-background\" id=\"seguranca-publica\" style=\"background-color:#e1eaf2\">Seguran\u00e7a P\u00fablica<\/h3>\n\n\n\n<h3 class=\"wp-block-heading\" id=\"concurso-pm-rn-soldado\"><a href=\"https:\/\/www.estrategiaconcursos.com.br\/blog\/concurso-bombeiros-es\/\" target=\"_blank\" rel=\"noreferrer noopener\">Concurso Bombeiros ES<\/a><\/h3>\n\n\n\n<ul class=\"wp-block-list\">\n<li><strong><\/strong><strong>Banca<\/strong>:&nbsp;Idecan<\/li>\n\n\n\n<li><strong>Cargos:&nbsp;<\/strong>Oficial Combatente<\/li>\n\n\n\n<li><strong>Forma\u00e7\u00e3o<\/strong>: n\u00edvel m\u00e9dio<\/li>\n\n\n\n<li><strong>Vagas:<\/strong>&nbsp;06<\/li>\n\n\n\n<li><strong>Sal\u00e1rio<\/strong>:&nbsp;R$ 11.974.03 (2\u00ba Tenente)<\/li>\n\n\n\n<li><a href=\"https:\/\/www.estrategiaconcursos.com.br\/blog\/concurso-bombeiros-es\/\" target=\"_blank\" rel=\"noreferrer noopener\">Cursos CBM ES<\/a><\/li>\n<\/ul>\n\n\n\n<h3 class=\"wp-block-heading\" id=\"concurso-pm-to-1\"><a href=\"https:\/\/www.estrategiaconcursos.com.br\/blog\/concurso-pm-es\/\" target=\"_blank\" rel=\"noreferrer noopener\">Concurso PM ES<\/a> &#8211; <em>Pol\u00edcia Militar do Estado do Esp\u00edrito Santo<\/em><\/h3>\n\n\n\n<ul class=\"wp-block-list\">\n<li><strong><\/strong><strong>Banca<\/strong>:&nbsp;a definir<\/li>\n\n\n\n<li><strong>Cargos:&nbsp;<\/strong>Soldado<\/li>\n\n\n\n<li><strong>Forma\u00e7\u00e3o<\/strong>:&nbsp;n\u00edvel m\u00e9dio<\/li>\n\n\n\n<li><strong>Vagas:<\/strong>&nbsp;1.000<\/li>\n\n\n\n<li><strong>Sal\u00e1rio<\/strong>:&nbsp;R$ 5.520,63<\/li>\n\n\n\n<li><a href=\"https:\/\/www.estrategiaconcursos.com.br\/cursosPorConcurso\/policia-militar-do-espirito-santo-pm-es\/\" target=\"_blank\" rel=\"noreferrer noopener\">Cursos PM ES<\/a><\/li>\n<\/ul>\n\n\n\n<h3 class=\"wp-block-heading\" id=\"concurso-sejusp-ms\"><a href=\"https:\/\/www.estrategiaconcursos.com.br\/blog\/concurso-agente-penitenciario-mg\/\" target=\"_blank\" rel=\"noreferrer noopener\">Processo seletivo Pol\u00edcia Penal MG<\/a> &#8211; <em>Pol\u00edcia Militar do Estado de Minas Gerais<\/em><\/h3>\n\n\n\n<ul class=\"wp-block-list\">\n<li><strong><\/strong><strong><\/strong><strong>Banca<\/strong>:&nbsp;IBGP<\/li>\n\n\n\n<li><strong>Cargos:&nbsp;<\/strong>Policial Penal<\/li>\n\n\n\n<li><strong>Forma\u00e7\u00e3o<\/strong>:&nbsp;m\u00e9dio<\/li>\n\n\n\n<li><strong>Vagas:<\/strong>&nbsp;686<\/li>\n\n\n\n<li><strong>Sal\u00e1rio<\/strong>:&nbsp;R$ 4.631,25 [\u00faltimo edital]<\/li>\n\n\n\n<li><a href=\"https:\/\/www.estrategiaconcursos.com.br\/cursosPorConcurso\/agepen-mg\/\" target=\"_blank\" rel=\"noreferrer noopener\">Cursos PP MG<\/a><\/li>\n<\/ul>\n\n\n\n<h3 class=\"wp-block-heading\" id=\"concurso-sejusp-ms\"><a href=\"https:\/\/www.estrategiaconcursos.com.br\/blog\/concurso-fundac-pb\/\" target=\"_blank\" rel=\"noreferrer noopener\">Concurso Fundac PB<\/a> &#8211; <em>Funda\u00e7\u00e3o Desenvolvimento da Crian\u00e7a e do Adolescente da Para\u00edba<\/em><\/h3>\n\n\n\n<ul class=\"wp-block-list\">\n<li><strong><\/strong><strong><\/strong><strong><\/strong><strong>Banca<\/strong>:&nbsp;IDECAN<\/li>\n\n\n\n<li><strong>Cargos:&nbsp;<\/strong>Agente de Seguran\u00e7a Socioeducativo<\/li>\n\n\n\n<li><strong>Forma\u00e7\u00e3o<\/strong>:&nbsp;m\u00e9dio<\/li>\n\n\n\n<li><strong>Vagas:<\/strong>&nbsp;50 + 50 CR<\/li>\n\n\n\n<li><strong>Sal\u00e1rio<\/strong>:&nbsp;R$ 2.196,80 + 20% adicional noturno<\/li>\n<\/ul>\n\n\n\n<h3 class=\"wp-block-heading\" id=\"h-concurso-pm-rr-policia-militar-do-estado-de-roraima\"><a href=\"https:\/\/www.estrategiaconcursos.com.br\/blog\/concurso-pm-rr\/\" target=\"_blank\" rel=\"noreferrer noopener\">Concurso PM RR<\/a> &#8211; <em>Pol\u00edcia Militar do Estado de Roraima<\/em><\/h3>\n\n\n\n<ul class=\"wp-block-list\">\n<li><strong>Banca:<\/strong>&nbsp;UERR<\/li>\n\n\n\n<li><strong>Cargos:&nbsp;<\/strong>Oficial<\/li>\n\n\n\n<li><strong>Forma\u00e7\u00e3o:<\/strong>&nbsp;N\u00edvel superior<\/li>\n\n\n\n<li><strong>Vagas:<\/strong>&nbsp;20 + 100 CR<\/li>\n\n\n\n<li><strong>Sal\u00e1rio:<\/strong>&nbsp;R$ 12.378,78<\/li>\n\n\n\n<li><a href=\"https:\/\/www.estrategiaconcursos.com.br\/cursosPorConcurso\/policia-militar-rr-pm-rr-soldado\/\" target=\"_blank\" rel=\"noreferrer noopener\">Cursos PM RR<\/a><\/li>\n<\/ul>\n\n\n\n<h3 class=\"wp-block-heading\" id=\"block-b19b4d81-2e0b-4f91-bb51-f49ebc2ae7fa\"><a href=\"https:\/\/www.estrategiaconcursos.com.br\/blog\/concurso-policia-penal-pb\/\" target=\"_blank\" rel=\"noreferrer noopener\">Concurso Pol\u00edcia Penal PB<\/a> <\/h3>\n\n\n\n<ul class=\"wp-block-list\">\n<li><strong>Banca<\/strong>:&nbsp;Idecan<\/li>\n\n\n\n<li><strong>Cargos:<\/strong>&nbsp;Policial Penal<\/li>\n\n\n\n<li><strong>Forma\u00e7\u00e3o<\/strong>: n\u00edvel superior<\/li>\n\n\n\n<li><strong>Vagas:&nbsp;<\/strong>1.000<\/li>\n\n\n\n<li><strong>Sal\u00e1rio<\/strong>:&nbsp;R$ 4.844,14<\/li>\n\n\n\n<li><a href=\"https:\/\/www.estrategiaconcursos.com.br\/curso\/policia-penal-pb-policial-penal-pacote-completo\/\" target=\"_blank\" rel=\"noreferrer noopener\">Cursos PPPB<\/a><\/li>\n<\/ul>\n\n\n\n<h3 class=\"wp-block-heading has-text-align-center has-background\" id=\"tribunais\" style=\"background-color:#e1eaf2\">Tribunais\/Procuradorias\/Minist\u00e9rios P\u00fablicos<\/h3>\n\n\n\n<h3 class=\"wp-block-heading\" id=\"concurso-mp-es\"><a href=\"https:\/\/www.estrategiaconcursos.com.br\/blog\/concurso-mp-es\/\" target=\"_blank\" rel=\"noreferrer noopener\">Concurso MP ES<\/a> &#8211; <em>Minist\u00e9rio P\u00fablico do Estado do Esp\u00edrito Santo<\/em><\/h3>\n\n\n\n<ul class=\"wp-block-list\">\n<li><strong>Banca:<\/strong>&nbsp;FGV<\/li>\n\n\n\n<li><strong>Cargos:&nbsp;<\/strong>a definir<\/li>\n\n\n\n<li><strong>Forma\u00e7\u00e3o:&nbsp;<\/strong>a definir<\/li>\n\n\n\n<li><strong>Vagas:<\/strong>&nbsp;a definir<\/li>\n\n\n\n<li><strong>Sal\u00e1rio:<\/strong>&nbsp;R$ 2.458,03 a R$ 13.220,38<\/li>\n\n\n\n<li><a href=\"https:\/\/www.estrategiaconcursos.com.br\/cursosPorConcurso\/ministerio-publico-do-espirito-santo-mp-es-servidores\/\" target=\"_blank\" rel=\"noreferrer noopener\">Cursos MP ES<\/a><\/li>\n<\/ul>\n\n\n\n<h3 class=\"wp-block-heading\" id=\"h-concurso-mp-sp-ministerio-publico-do-estado-de-sao-paulo\"><a href=\"https:\/\/www.estrategiaconcursos.com.br\/blog\/concurso-mp-sp\/\" target=\"_blank\" rel=\"noreferrer noopener\">Concurso MP SP<\/a> &#8211; <em>Minist\u00e9rio P\u00fablico do Estado de S\u00e3o Paulo<\/em><\/h3>\n\n\n\n<ul class=\"wp-block-list\">\n<li><strong>Banca:<\/strong>&nbsp;Vunesp<\/li>\n\n\n\n<li><strong>Cargo<\/strong>: Auxiliar de Promotoria I (Administrativo)<\/li>\n\n\n\n<li><strong>Forma\u00e7\u00e3o:&nbsp;<\/strong>m\u00e9dio<\/li>\n\n\n\n<li><strong>Vagas:<\/strong>&nbsp;CR<\/li>\n\n\n\n<li><strong>Sal\u00e1rio:&nbsp;<\/strong>R$ 3.516.48<\/li>\n\n\n\n<li><a href=\"https:\/\/www.estrategiaconcursos.com.br\/cursosPorConcurso\/ministerio-publico-de-sao-paulo-mp-sp\/\" target=\"_blank\" rel=\"noreferrer noopener\">Cursos MP SP<\/a><\/li>\n<\/ul>\n\n\n\n<h3 class=\"wp-block-heading has-text-align-center has-background\" id=\"fiscais\" style=\"background-color:#e1eaf2\">Fiscais<\/h3>\n\n\n\n<h3 class=\"wp-block-heading\" id=\"h-concurso-sefaz-df-secretaria-da-fazenda-do-distrito-federal\"><a href=\"https:\/\/www.estrategiaconcursos.com.br\/blog\/concurso-sefaz-df\/\" target=\"_blank\" rel=\"noreferrer noopener\">Concurso Sefaz DF<\/a> &#8211; <em>Secretaria da Fazenda do Distrito Federal<\/em><\/h3>\n\n\n\n<ul class=\"wp-block-list\">\n<li><strong><\/strong><strong>Banca<\/strong>:&nbsp;Cebraspe<\/li>\n\n\n\n<li><strong>Cargos:<\/strong>&nbsp;Auditor Fiscal<\/li>\n\n\n\n<li><strong>Forma\u00e7\u00e3o:&nbsp;<\/strong>N\u00edvel superior<\/li>\n\n\n\n<li><strong>Vagas:&nbsp;<\/strong>115 + 150 CR<\/li>\n\n\n\n<li><strong>Sal\u00e1rio:<\/strong>&nbsp;R$ 21.849,14<\/li>\n\n\n\n<li><a href=\"https:\/\/www.estrategiaconcursos.com.br\/cursosPorConcurso\/sefaz-df-279\/\" target=\"_blank\" rel=\"noreferrer noopener\">Cursos Sefaz DF<\/a><\/li>\n<\/ul>\n\n\n\n<h3 class=\"wp-block-heading\" id=\"h-concurso-sefaz-mt-secretaria-da-fazenda-do-mato-grosso\"><a href=\"https:\/\/www.estrategiaconcursos.com.br\/blog\/concurso-sefaz-mt\/\" target=\"_blank\" rel=\"noreferrer noopener\">Concurso Sefaz MT<\/a> &#8211; <em>Secretaria da Fazenda do Mato Grosso<\/em><\/h3>\n\n\n\n<ul class=\"wp-block-list\">\n<li><strong>Banca:<\/strong>&nbsp;FCC<\/li>\n\n\n\n<li><strong>Cargos:<\/strong>&nbsp;Fiscal de Tributos Estaduais<\/li>\n\n\n\n<li><strong>Forma\u00e7\u00e3o<\/strong>:&nbsp;N\u00edvel superior<\/li>\n\n\n\n<li><strong>Vagas:&nbsp;<\/strong>30<\/li>\n\n\n\n<li><strong>Sal\u00e1rio:<\/strong>&nbsp;R$ 32.971,87&nbsp;<\/li>\n\n\n\n<li><a href=\"https:\/\/www.estrategiaconcursos.com.br\/cursosPorConcurso\/secretaria-da-fazenda-do-mato-grosso-sefaz-mt\/\" target=\"_blank\" rel=\"noreferrer noopener\">Cursos Sefaz MT<\/a><\/li>\n<\/ul>\n\n\n\n<h3 class=\"wp-block-heading\" id=\"h-concurso-sefaz-rn-secretaria-da-fazenda-do-rio-grande-do-norte\"><a href=\"https:\/\/www.estrategiaconcursos.com.br\/blog\/concurso-sefaz-rn\/\" target=\"_blank\" rel=\"noreferrer noopener\">Concurso Sefaz RN<\/a> &#8211; <em>Secretaria da Fazenda do Rio Grande do Norte<\/em><\/h3>\n\n\n\n<ul class=\"wp-block-list\">\n<li><strong>Banca<\/strong>:&nbsp;Cebraspe<\/li>\n\n\n\n<li><strong>Cargos:&nbsp;<\/strong>Auditor Fiscal<\/li>\n\n\n\n<li><strong>Forma\u00e7\u00e3o<\/strong>:&nbsp;N\u00edvel superior<\/li>\n\n\n\n<li><strong>Vagas<\/strong>:&nbsp;50 + 50 CR<\/li>\n\n\n\n<li><strong>Sal\u00e1rio<\/strong>:&nbsp;R$ 13.283,64 + gratifica\u00e7\u00e3o de at\u00e9 R$ 19.524,11<\/li>\n\n\n\n<li><a href=\"https:\/\/www.estrategiaconcursos.com.br\/cursosPorConcurso\/sefaz-rn\/\" target=\"_blank\" rel=\"noreferrer noopener\">Cursos Sefaz RN<\/a><\/li>\n<\/ul>\n\n\n\n<h3 class=\"wp-block-heading\" id=\"h-concurso-sefa-pa-secretaria-de-estado-da-fazenda-nbsp-do-para\"><a href=\"https:\/\/www.estrategiaconcursos.com.br\/blog\/concurso-sefa-pa\/\" target=\"_blank\" rel=\"noreferrer noopener\">Concurso Sefa PA<\/a> <strong>&#8211; <em>Secretaria de Estado da Fazenda&nbsp;do Par\u00e1<\/em><\/strong><\/h3>\n\n\n\n<ul class=\"wp-block-list\">\n<li><strong>Banca<\/strong>:&nbsp;Fadesp <\/li>\n\n\n\n<li><strong>Cargos:&nbsp;<\/strong>Auditor Fiscal, Fiscal de Receitas e Analista Fazend\u00e1rio<\/li>\n\n\n\n<li><strong>Forma\u00e7\u00e3o<\/strong>:&nbsp;N\u00edvel superior<\/li>\n\n\n\n<li><strong>Vagas<\/strong>:&nbsp;286 + 356 CR<\/li>\n\n\n\n<li><strong>Sal\u00e1rio<\/strong>:&nbsp;at\u00e9 R$ 16.659,63<\/li>\n\n\n\n<li><a href=\"https:\/\/www.estrategiaconcursos.com.br\/cursosPorConcurso\/secretaria-da-fazendo-do-para-sefaz-pa\/\" target=\"_blank\" rel=\"noreferrer noopener\">Cursos Sefa PA<\/a><\/li>\n<\/ul>\n\n\n\n<h3 class=\"wp-block-heading has-text-align-center has-background\" id=\"controle\" style=\"background-color:#e1eaf2\">Controle e Gest\u00e3o<\/h3>\n\n\n\n<h3 class=\"wp-block-heading\" id=\"concurso-cge-am\"><a href=\"https:\/\/www.estrategiaconcursos.com.br\/blog\/concurso-tce-rn\/\" target=\"_blank\" rel=\"noreferrer noopener\">Concurso TCE RN<\/a> <em>&#8211; Tribunal de Contas do Rio Grande do Norte<\/em><\/h3>\n\n\n\n<ul class=\"wp-block-list\">\n<li><strong>Banca:<\/strong>&nbsp;Cebraspe<\/li>\n\n\n\n<li><strong>Cargo:<\/strong>&nbsp;Auditor e T\u00e9cnico de Controle Externo<\/li>\n\n\n\n<li><strong>Vagas:<\/strong>&nbsp;55<\/li>\n\n\n\n<li><strong>Forma\u00e7\u00e3o:<\/strong>&nbsp;n\u00edveis m\u00e9dio e superior<\/li>\n\n\n\n<li><strong>Sal\u00e1rio:<\/strong>&nbsp;R$ 6 mil a R$ 17 mil<\/li>\n\n\n\n<li><a href=\"https:\/\/www.estrategiaconcursos.com.br\/cursosPorConcurso\/tce-rn-tribunal-de-contas-do-rio-grande-do-norte-417\/\" target=\"_blank\" rel=\"noreferrer noopener\">Cursos TCE RN<\/a><\/li>\n<\/ul>\n\n\n\n<h3 class=\"wp-block-heading has-text-align-center has-background\" id=\"saude\" style=\"background-color:#e1eaf2\">Sa\u00fade<\/h3>\n\n\n\n<h3 class=\"wp-block-heading\" id=\"h-concurso-ses-sp\"><a href=\"https:\/\/www.estrategiaconcursos.com.br\/blog\/concurso-ses-sp\/\">Concurso SES SP<\/a><\/h3>\n\n\n\n<ul class=\"wp-block-list\">\n<li><strong>Banca<\/strong>:&nbsp;Legalle<\/li>\n\n\n\n<li><strong>Cargos:&nbsp;<\/strong>M\u00e9dico I, Agente T\u00e9cnico de Assist\u00eancia \u00e0 Sa\u00fade, Oficial de Sa\u00fade, Enfermeiro e T\u00e9cnico de Enfermagem<\/li>\n\n\n\n<li><strong>Forma\u00e7\u00e3o<\/strong>:&nbsp;n\u00edveis m\u00e9dio e superior<\/li>\n\n\n\n<li><strong>Vagas<\/strong>: 17<\/li>\n\n\n\n<li><strong>Sal\u00e1rio:<\/strong>&nbsp;R$ 3.221,60 e R$ 7.900,60 + vantagens [\u00faltimo edital]<\/li>\n\n\n\n<li><a href=\"https:\/\/www.estrategiaconcursos.com.br\/cursosPorConcurso\/secretaria-de-estado-da-saude-de-sao-paulo-ses-sp\/\" target=\"_blank\" rel=\"noreferrer noopener\">Cursos SES SP<\/a><\/li>\n<\/ul>\n\n\n\n<h3 class=\"wp-block-heading\" id=\"h-concurso-sesapi-secretaria-de-estado-de-saude-do-piaui\"><a href=\"https:\/\/www.estrategiaconcursos.com.br\/blog\/concurso-sesapi\/\" target=\"_blank\" rel=\"noreferrer noopener\">Concurso SESAPI<\/a> &#8211; <em>Secretaria de Estado de Sa\u00fade do Piau\u00ed<\/em><\/h3>\n\n\n\n<ul class=\"wp-block-list\">\n<li><strong><\/strong><strong>Banca<\/strong>: FCC<\/li>\n\n\n\n<li><strong>Cargo:&nbsp;<\/strong>diversos<\/li>\n\n\n\n<li><strong>Forma\u00e7\u00e3o:&nbsp;<\/strong>n\u00edvel m\u00e9dio, t\u00e9cnico e superior<\/li>\n\n\n\n<li><strong>Vagas:<\/strong>&nbsp;1.000<\/li>\n\n\n\n<li><strong>Sal\u00e1rio:<\/strong>&nbsp;R$ 8.474,91 [\u00faltimo edital]<\/li>\n\n\n\n<li><a href=\"https:\/\/www.estrategiaconcursos.com.br\/cursosPorConcurso\/secretaria-de-saude-do-piaui-ses-pi\/\" target=\"_blank\" rel=\"noreferrer noopener\">Cursos Sesapi<\/a><\/li>\n<\/ul>\n\n\n\n<h3 class=\"wp-block-heading has-text-align-center has-background\" id=\"outras\" style=\"background-color:#e1eaf2\">Outras oportunidades<\/h3>\n\n\n\n<h3 class=\"wp-block-heading\" id=\"h-concurso-seduc-pi-nbsp-secretaria-de-educacao-do-estado-do-piaui\"><a href=\"https:\/\/www.estrategiaconcursos.com.br\/blog\/concurso-seduc-pi\/\">Concurso Seduc PI<\/a> &#8211;<em>&nbsp;Secretaria de Educa\u00e7\u00e3o do Estado do Piau\u00ed<\/em><\/h3>\n\n\n\n<ul class=\"wp-block-list\">\n<li><strong>Banca<\/strong>: a definir<\/li>\n\n\n\n<li><strong>Cargo:&nbsp;<\/strong>professor<\/li>\n\n\n\n<li><strong>Forma\u00e7\u00e3o:<\/strong>&nbsp;superior<\/li>\n\n\n\n<li><strong>Vagas:<\/strong>&nbsp;a definir<\/li>\n\n\n\n<li><strong>Sal\u00e1rio:<\/strong>&nbsp;R$ 4.420,55 <\/li>\n\n\n\n<li><a href=\"https:\/\/www.estrategiaconcursos.com.br\/cursosPorConcurso\/secretaria-de-estado-da-educacao-do-piaui-seduc-pi\/\" target=\"_blank\" rel=\"noreferrer noopener\">Cursos Seduc PI<\/a><\/li>\n<\/ul>\n\n\n\n<h3 class=\"wp-block-heading\" id=\"h-concurso-telebras-telecomunicacoes-brasileiras\"><a href=\"https:\/\/www.estrategiaconcursos.com.br\/blog\/concurso-telebras\/\" target=\"_blank\" rel=\"noreferrer noopener\">Concurso Telebras<\/a> &#8211;<em>Telecomunica\u00e7\u00f5es Brasileiras<\/em><\/h3>\n\n\n\n<ul class=\"wp-block-list\">\n<li><strong><\/strong><strong>Banca<\/strong>:&nbsp;Cebraspe<\/li>\n\n\n\n<li><strong>Cargos:<\/strong>&nbsp;a definir<\/li>\n\n\n\n<li><strong>Vagas:<\/strong>&nbsp;a definir<\/li>\n\n\n\n<li><strong>Forma\u00e7\u00e3o:<\/strong>&nbsp;a definir<\/li>\n\n\n\n<li><strong>Sal\u00e1rio:<\/strong>&nbsp;R$ 6.243,67 a R$ 14.170,57<\/li>\n\n\n\n<li><a href=\"https:\/\/www.estrategiaconcursos.com.br\/cursosPorConcurso\/telebras-128\/\" target=\"_blank\" rel=\"noreferrer noopener\">Cursos Telebras<\/a><\/li>\n<\/ul>\n\n\n\n<h3 class=\"wp-block-heading\" id=\"h-concurso-detran-rn-departamento-de-transito-do-rio-grande-do-norte\"><a href=\"https:\/\/www.estrategiaconcursos.com.br\/blog\/concurso-detran-rn\" target=\"_blank\" rel=\"noreferrer noopener\">Concurso Detran RN<\/a> &#8211; <em>Departamento de Tr\u00e2nsito do Rio Grande do Norte<\/em><\/h3>\n\n\n\n<ul class=\"wp-block-list\">\n<li><strong><\/strong><strong><\/strong><strong>Banca<\/strong>:&nbsp;a definir<\/li>\n\n\n\n<li><strong>Cargos:<\/strong>&nbsp;a definir<\/li>\n\n\n\n<li><strong>Forma\u00e7\u00e3o:&nbsp;<\/strong>m\u00e9dio, t\u00e9cnico e superior<\/li>\n\n\n\n<li><strong>Vagas:&nbsp;<\/strong>80 + CR<\/li>\n\n\n\n<li><strong>Sal\u00e1rio:<\/strong>&nbsp;R$ 1.400,00 a R$ 5.164,30<\/li>\n\n\n\n<li><a href=\"https:\/\/www.estrategiaconcursos.com.br\/cursosPorConcurso\/detran-rn\/\" target=\"_blank\" rel=\"noreferrer noopener\">Cursos Detran RN<\/a><\/li>\n<\/ul>\n\n\n\n<h3 class=\"wp-block-heading\" id=\"h-concurso-sema-am-secretaria-de-meio-ambiente-do-amazonas\"><a href=\"https:\/\/www.estrategiaconcursos.com.br\/blog\/concurso-sema-am\/\" target=\"_blank\" rel=\"noreferrer noopener\">Concurso SEMA AM<\/a><strong> <\/strong><em>&#8211; Secretaria de Meio Ambiente do Amazonas<\/em><\/h3>\n\n\n\n<ul class=\"wp-block-list\">\n<li><strong><\/strong><strong><\/strong><strong><\/strong><strong>Banca<\/strong>: Cebraspe<\/li>\n\n\n\n<li><strong>Cargos:<\/strong>&nbsp;diversos<\/li>\n\n\n\n<li><strong>Vagas:<\/strong>&nbsp;159<\/li>\n\n\n\n<li><strong>Forma\u00e7\u00e3o:<\/strong>&nbsp;m\u00e9dio e superior<\/li>\n\n\n\n<li><strong>Sal\u00e1rio:<\/strong>&nbsp;&nbsp;R$ 2.527,53 a R$ 11.079,52<\/li>\n<\/ul>\n\n\n\n<h3 class=\"wp-block-heading\" id=\"h-concurso-agetransp-rj-agencia-reguladora-de-servicos-publicos-concedidos-de-transportes-do-rio-de-janeiro\"><a href=\"https:\/\/www.estrategiaconcursos.com.br\/blog\/concurso-agetransp-rj\/\" target=\"_blank\" rel=\"noreferrer noopener\">Concurso Agetransp RJ<\/a> &#8211; <em>Ag\u00eancia Reguladora de Servi\u00e7os P\u00fablicos Concedidos de Transportes do Rio de Janeiro<\/em><\/h3>\n\n\n\n<ul class=\"wp-block-list\">\n<li><strong><\/strong><strong>Banca<\/strong>: FGV<\/li>\n\n\n\n<li><strong>Cargo:<\/strong>&nbsp;Especialista, Analista e Assistente<\/li>\n\n\n\n<li><strong>Forma\u00e7\u00e3o<\/strong>:&nbsp;N\u00edvel m\u00e9dio e superior<\/li>\n\n\n\n<li><strong>Vagas:<\/strong>&nbsp;25<\/li>\n\n\n\n<li><strong>Sal\u00e1rio<\/strong>:&nbsp;R$ 2.844,53 a R$ 6.788,11<\/li>\n<\/ul>\n\n\n\n<h3 class=\"wp-block-heading\" id=\"concurso-afap\"><a href=\"https:\/\/www.estrategiaconcursos.com.br\/blog\/concurso-proderj\/\" target=\"_blank\" rel=\"noreferrer noopener\">Concurso Proderj<\/a>&nbsp;&#8211; <em>Centro de Tecnologia de Informa\u00e7\u00e3o e Comunica\u00e7\u00e3o do Estado<\/em><\/h3>\n\n\n\n<ul class=\"wp-block-list\">\n<li><strong><\/strong><strong><\/strong><strong><\/strong><strong><\/strong><strong>Banca<\/strong>:&nbsp;Instituto IBDO<\/li>\n\n\n\n<li><strong>Cargo<\/strong>: analista de sistemas, t\u00e9cnico de suporte, programador e assistente administrativo<\/li>\n\n\n\n<li><strong>Forma\u00e7\u00e3o<\/strong>: n\u00edveis m\u00e9dio e superior<\/li>\n\n\n\n<li><strong>Vagas:&nbsp;<\/strong>28<\/li>\n\n\n\n<li><strong>Sal\u00e1rio:<\/strong>&nbsp;R$ 2.141,93 a R$ 4.549,35 + adicionais<\/li>\n<\/ul>\n\n\n\n<h3 class=\"wp-block-heading\" id=\"h-concurso-iterpa-instituto-de-terras-do-estado-do-para\"><a href=\"https:\/\/www.estrategiaconcursos.com.br\/blog\/concurso-iterpa\/\" target=\"_blank\" rel=\"noreferrer noopener\">Concurso ITERPA<\/a> &#8211; <em>Instituto de Terras do Estado do Par\u00e1<\/em><\/h3>\n\n\n\n<ul class=\"wp-block-list\">\n<li><strong><\/strong><strong><\/strong><strong>Banca<\/strong>:&nbsp;Instituto AOCP<\/li>\n\n\n\n<li><strong>Cargos:&nbsp;<\/strong>v\u00e1rios<\/li>\n\n\n\n<li><strong>Forma\u00e7\u00e3o<\/strong>: n\u00edveis fundamental, m\u00e9dio e superior<\/li>\n\n\n\n<li><strong>Vagas:<\/strong>&nbsp;112 + CR<\/li>\n\n\n\n<li><strong>Sal\u00e1rio:<\/strong>&nbsp;R$ 1.354,21 a R$ 3.518,84<\/li>\n<\/ul>\n\n\n\n<figure class=\"wp-block-image aligncenter is-resized\" id=\"block-24a62cb1-0d29-4ded-adfc-2d957b474d71\"><img decoding=\"async\" src=\"https:\/\/dhg1h5j42swfq.cloudfront.net\/2020\/09\/18141901\/Coruja_Concursos%404x-506x1024.png\" alt=\"Logo do Estrat\u00e9gia Concursos - Editais previstos para dezembro de 2025\" style=\"aspect-ratio:0.48;width:24px;height:auto\"\/><\/figure>\n\n\n\n<h4 class=\"wp-block-heading has-text-align-center\" id=\"block-8e70be70-d6bd-45f4-852e-cc94cb5d259c\"><em>Para conferir outros editais previstos, n\u00e3o s\u00f3 para dezembro, mas tamb\u00e9m para 2026, acesse os artigos abaixo:<\/em><\/h4>\n\n\n\n<ul class=\"wp-block-list\">\n<li><a href=\"https:\/\/www.estrategiaconcursos.com.br\/blog\/concursos-abertos\/\" target=\"_blank\" rel=\"noreferrer noopener\">Concursos Abertos<\/a><\/li>\n\n\n\n<li><a href=\"https:\/\/www.estrategiaconcursos.com.br\/blog\/concursos-2025\/\" target=\"_blank\" rel=\"noreferrer noopener\">Concursos 2025<\/a><\/li>\n\n\n\n<li><a href=\"https:\/\/www.estrategiaconcursos.com.br\/blog\/concursos-2025\/\" target=\"_blank\" rel=\"noreferrer noopener\">Concursos 2026<\/a><\/li>\n<\/ul>\n\n\n\n<div class=\"container\" id=\"boxes\">\n  <div class=\"row\">\n\n    <div class=\"col-sm\">\n      <div class=\"estrategia\" id=\"box-assinatura\">\n        <h3 class=\"titulo-assinatura\">Assinatura Concursos<\/h3>\n        <p class=\"subtitulo-assinatura\">Assinatura de 1 ano ou 2 anos<\/p>\n        <div class=\"box-botao\">\n          <a class=\"btn-assinatura\" target=\"_blank\" href=\"https:\/\/www.estrategiaconcursos.com.br\/assinaturas\/\" role=\"button\" rel=\"noopener noreferrer\">ASSINE AGORA<\/a>\n        <\/div>\n      <\/div>\n     \n    <\/div><\/div><\/div>\n\n\n\n<p><\/p>\n","protected":false},"excerpt":{"rendered":"<p>O m\u00eas de novembro trouxe excelentes oportunidades no mundo dos concursos p\u00fablicos e, agora em dezembro, n\u00e3o deve ser diferente! Isso porque diversos editais j\u00e1 foram oficialmente anunciados para as pr\u00f3ximas semanas ou est\u00e3o com banca organizadora definida\/contratada. Al\u00e9m disso, por conta da proximidade ao fim do ano, muitos \u00f3rg\u00e3os correm para liberar seus concursos [&hellip;]<\/p>\n","protected":false},"author":659,"featured_media":1445265,"comment_status":"open","ping_status":"closed","sticky":false,"template":"","format":"standard","meta":{"post_tipo":"news","footnotes":""},"categories":[1],"tags":[],"tax_estado":[],"class_list":["post-1674243","post","type-post","status-publish","format-standard","has-post-thumbnail","hentry","category-cursos-e-concursos"],"acf":[],"yoast_head":"<!-- This site is optimized with the Yoast SEO Premium plugin v27.2 (Yoast SEO v27.2) - https:\/\/yoast.com\/product\/yoast-seo-premium-wordpress\/ -->\n<title>Concursos 2025: 22 editais previstos para dezembro<\/title>\n<meta name=\"description\" content=\"O m\u00eas de dezembro de 2025 chega com a promessa de cerca de 22 editais. Acesse esse artigo e veja quais s\u00e3o os concursos!\" \/>\n<meta name=\"robots\" content=\"index, follow, max-snippet:-1, max-image-preview:large, max-video-preview:-1\" \/>\n<link rel=\"canonical\" href=\"https:\/\/www.estrategiaconcursos.com.br\/blog\/editais-concursos-previstos-dezembro-2025\/\" \/>\n<meta property=\"og:locale\" content=\"pt_BR\" \/>\n<meta property=\"og:type\" content=\"article\" \/>\n<meta property=\"og:title\" content=\"Concursos 2025: 22 editais previstos para dezembro\" \/>\n<meta property=\"og:description\" content=\"O m\u00eas de dezembro de 2025 chega com a promessa de cerca de 22 editais. Acesse esse artigo e veja quais s\u00e3o os concursos!\" \/>\n<meta property=\"og:url\" content=\"https:\/\/www.estrategiaconcursos.com.br\/blog\/editais-concursos-previstos-dezembro-2025\/\" \/>\n<meta property=\"og:site_name\" content=\"Estrat\u00e9gia Concursos\" \/>\n<meta property=\"article:published_time\" content=\"2025-12-01T10:00:00+00:00\" \/>\n<meta property=\"og:image\" content=\"https:\/\/dhg1h5j42swfq.cloudfront.net\/2024\/08\/14120803\/concursos-2025-1.png\" \/>\n\t<meta property=\"og:image:width\" content=\"692\" \/>\n\t<meta property=\"og:image:height\" content=\"393\" \/>\n\t<meta property=\"og:image:type\" content=\"image\/png\" \/>\n<meta name=\"author\" content=\"Camila Leite\" \/>\n<meta name=\"twitter:card\" content=\"summary_large_image\" \/>\n<meta name=\"twitter:creator\" content=\"@EstratConcursos\" \/>\n<meta name=\"twitter:site\" content=\"@EstratConcursos\" \/>\n<meta name=\"twitter:label1\" content=\"Escrito por\" \/>\n\t<meta name=\"twitter:data1\" content=\"Camila Leite\" \/>\n\t<meta name=\"twitter:label2\" content=\"Est. tempo de leitura\" \/>\n\t<meta name=\"twitter:data2\" content=\"5 minutos\" \/>\n<script type=\"application\/ld+json\" class=\"yoast-schema-graph\">{\"@context\":\"https:\/\/schema.org\",\"@graph\":[{\"@type\":\"NewsArticle\",\"@id\":\"https:\/\/www.estrategiaconcursos.com.br\/blog\/editais-concursos-previstos-dezembro-2025\/#article\",\"isPartOf\":{\"@id\":\"https:\/\/www.estrategiaconcursos.com.br\/blog\/editais-concursos-previstos-dezembro-2025\/\"},\"author\":{\"name\":\"Camila Leite\",\"@id\":\"https:\/\/www.estrategiaconcursos.com.br\/blog\/#\/schema\/person\/84ecdc6eb58d3cf1689bf76c5cd8fb38\"},\"headline\":\"Concursos 2025: 22 editais previstos para dezembro\",\"datePublished\":\"2025-12-01T10:00:00+00:00\",\"mainEntityOfPage\":{\"@id\":\"https:\/\/www.estrategiaconcursos.com.br\/blog\/editais-concursos-previstos-dezembro-2025\/\"},\"wordCount\":998,\"commentCount\":0,\"publisher\":{\"@id\":\"https:\/\/www.estrategiaconcursos.com.br\/blog\/#organization\"},\"image\":{\"@id\":\"https:\/\/www.estrategiaconcursos.com.br\/blog\/editais-concursos-previstos-dezembro-2025\/#primaryimage\"},\"thumbnailUrl\":\"https:\/\/dhg1h5j42swfq.cloudfront.net\/2024\/08\/14120803\/concursos-2025-1.png\",\"articleSection\":[\"Concursos P\u00fablicos\"],\"inLanguage\":\"pt-BR\",\"potentialAction\":[{\"@type\":\"CommentAction\",\"name\":\"Comment\",\"target\":[\"https:\/\/www.estrategiaconcursos.com.br\/blog\/editais-concursos-previstos-dezembro-2025\/#respond\"]}],\"copyrightYear\":\"2025\",\"copyrightHolder\":{\"@id\":\"https:\/\/www.estrategiaconcursos.com.br\/blog\/#organization\"}},{\"@type\":\"WebPage\",\"@id\":\"https:\/\/www.estrategiaconcursos.com.br\/blog\/editais-concursos-previstos-dezembro-2025\/\",\"url\":\"https:\/\/www.estrategiaconcursos.com.br\/blog\/editais-concursos-previstos-dezembro-2025\/\",\"name\":\"Concursos 2025: 22 editais previstos para dezembro\",\"isPartOf\":{\"@id\":\"https:\/\/www.estrategiaconcursos.com.br\/blog\/#website\"},\"primaryImageOfPage\":{\"@id\":\"https:\/\/www.estrategiaconcursos.com.br\/blog\/editais-concursos-previstos-dezembro-2025\/#primaryimage\"},\"image\":{\"@id\":\"https:\/\/www.estrategiaconcursos.com.br\/blog\/editais-concursos-previstos-dezembro-2025\/#primaryimage\"},\"thumbnailUrl\":\"https:\/\/dhg1h5j42swfq.cloudfront.net\/2024\/08\/14120803\/concursos-2025-1.png\",\"datePublished\":\"2025-12-01T10:00:00+00:00\",\"description\":\"O m\u00eas de dezembro de 2025 chega com a promessa de cerca de 22 editais. Acesse esse artigo e veja quais s\u00e3o os concursos!\",\"breadcrumb\":{\"@id\":\"https:\/\/www.estrategiaconcursos.com.br\/blog\/editais-concursos-previstos-dezembro-2025\/#breadcrumb\"},\"inLanguage\":\"pt-BR\",\"potentialAction\":[{\"@type\":\"ReadAction\",\"target\":[\"https:\/\/www.estrategiaconcursos.com.br\/blog\/editais-concursos-previstos-dezembro-2025\/\"]}]},{\"@type\":\"ImageObject\",\"inLanguage\":\"pt-BR\",\"@id\":\"https:\/\/www.estrategiaconcursos.com.br\/blog\/editais-concursos-previstos-dezembro-2025\/#primaryimage\",\"url\":\"https:\/\/dhg1h5j42swfq.cloudfront.net\/2024\/08\/14120803\/concursos-2025-1.png\",\"contentUrl\":\"https:\/\/dhg1h5j42swfq.cloudfront.net\/2024\/08\/14120803\/concursos-2025-1.png\",\"width\":692,\"height\":393,\"caption\":\"concursos 2025\"},{\"@type\":\"BreadcrumbList\",\"@id\":\"https:\/\/www.estrategiaconcursos.com.br\/blog\/editais-concursos-previstos-dezembro-2025\/#breadcrumb\",\"itemListElement\":[{\"@type\":\"ListItem\",\"position\":1,\"name\":\"In\u00edcio\",\"item\":\"https:\/\/www.estrategiaconcursos.com.br\/blog\/\"},{\"@type\":\"ListItem\",\"position\":2,\"name\":\"Concursos 2025: 22 editais previstos para dezembro\"}]},{\"@type\":\"WebSite\",\"@id\":\"https:\/\/www.estrategiaconcursos.com.br\/blog\/#website\",\"url\":\"https:\/\/www.estrategiaconcursos.com.br\/blog\/\",\"name\":\"Estrat\u00e9gia Concursos\",\"description\":\"O blog da Estrat\u00e9gia Concursos traz not\u00edcias sobre concursos e artigos de professores oferecendo cursos para concursos (pdf + videaulas) no site.\",\"publisher\":{\"@id\":\"https:\/\/www.estrategiaconcursos.com.br\/blog\/#organization\"},\"potentialAction\":[{\"@type\":\"SearchAction\",\"target\":{\"@type\":\"EntryPoint\",\"urlTemplate\":\"https:\/\/www.estrategiaconcursos.com.br\/blog\/?s={search_term_string}\"},\"query-input\":{\"@type\":\"PropertyValueSpecification\",\"valueRequired\":true,\"valueName\":\"search_term_string\"}}],\"inLanguage\":\"pt-BR\"},{\"@type\":\"Organization\",\"@id\":\"https:\/\/www.estrategiaconcursos.com.br\/blog\/#organization\",\"name\":\"Estrat\u00e9gia Concursos\",\"url\":\"https:\/\/www.estrategiaconcursos.com.br\/blog\/\",\"logo\":{\"@type\":\"ImageObject\",\"inLanguage\":\"pt-BR\",\"@id\":\"https:\/\/www.estrategiaconcursos.com.br\/blog\/#\/schema\/logo\/image\/\",\"url\":\"https:\/\/dhg1h5j42swfq.cloudfront.net\/2025\/06\/03203428\/logo_concursos-1.jpg\",\"contentUrl\":\"https:\/\/dhg1h5j42swfq.cloudfront.net\/2025\/06\/03203428\/logo_concursos-1.jpg\",\"width\":230,\"height\":60,\"caption\":\"Estrat\u00e9gia Concursos\"},\"image\":{\"@id\":\"https:\/\/www.estrategiaconcursos.com.br\/blog\/#\/schema\/logo\/image\/\"},\"sameAs\":[\"https:\/\/x.com\/EstratConcursos\"]},{\"@type\":\"Person\",\"@id\":\"https:\/\/www.estrategiaconcursos.com.br\/blog\/#\/schema\/person\/84ecdc6eb58d3cf1689bf76c5cd8fb38\",\"name\":\"Camila Leite\",\"image\":{\"@type\":\"ImageObject\",\"inLanguage\":\"pt-BR\",\"@id\":\"https:\/\/secure.gravatar.com\/avatar\/f2f8faef639c8a2bfb7fb909912a56917f4c3a0aed064500168e2fb8ea55cf61?s=96&d=mm&r=g\",\"url\":\"https:\/\/secure.gravatar.com\/avatar\/f2f8faef639c8a2bfb7fb909912a56917f4c3a0aed064500168e2fb8ea55cf61?s=96&d=mm&r=g\",\"contentUrl\":\"https:\/\/secure.gravatar.com\/avatar\/f2f8faef639c8a2bfb7fb909912a56917f4c3a0aed064500168e2fb8ea55cf61?s=96&d=mm&r=g\",\"caption\":\"Camila Leite\"},\"description\":\"Formada em Design Gr\u00e1fico e em Propaganda e Marketing pela UNIP, integra a equipe de jornalismo do Estrat\u00e9gia Concursos desde 2018. Ao longo dos anos, construiu uma s\u00f3lida experi\u00eancia na produ\u00e7\u00e3o de conte\u00fado informativo e relevante para concurseiros. Desde 2020, atua na cobertura das \u00e1reas Fiscal \u2014 com \u00eanfase nas Secretarias de Fazenda (Sefaz) das regi\u00f5es Sul e Sudeste \u2014, al\u00e9m da cobertura de concursos federais, como CNU, Petrobras, CGU, Receita Federal, ag\u00eancias reguladoras (Anvisa, ANAC, entre outras) e INSS. Mant\u00e9m contato direto com os principais \u00f3rg\u00e3os p\u00fablicos, acompanhando editais, atualiza\u00e7\u00f5es e movimenta\u00e7\u00f5es importantes para os candidatos.\",\"sameAs\":[\"https:\/\/www.linkedin.com\/in\/camila-pinheiro-leite-9ba135b6\/\"],\"url\":\"https:\/\/www.estrategiaconcursos.com.br\/blog\/author\/camila-leiteestrategiaconcursos-com-br\/\"}]}<\/script>\n<!-- \/ Yoast SEO Premium plugin. -->","yoast_head_json":{"title":"Concursos 2025: 22 editais previstos para dezembro","description":"O m\u00eas de dezembro de 2025 chega com a promessa de cerca de 22 editais. Acesse esse artigo e veja quais s\u00e3o os concursos!","robots":{"index":"index","follow":"follow","max-snippet":"max-snippet:-1","max-image-preview":"max-image-preview:large","max-video-preview":"max-video-preview:-1"},"canonical":"https:\/\/www.estrategiaconcursos.com.br\/blog\/editais-concursos-previstos-dezembro-2025\/","og_locale":"pt_BR","og_type":"article","og_title":"Concursos 2025: 22 editais previstos para dezembro","og_description":"O m\u00eas de dezembro de 2025 chega com a promessa de cerca de 22 editais. Acesse esse artigo e veja quais s\u00e3o os concursos!","og_url":"https:\/\/www.estrategiaconcursos.com.br\/blog\/editais-concursos-previstos-dezembro-2025\/","og_site_name":"Estrat\u00e9gia Concursos","article_published_time":"2025-12-01T10:00:00+00:00","og_image":[{"width":692,"height":393,"url":"https:\/\/dhg1h5j42swfq.cloudfront.net\/2024\/08\/14120803\/concursos-2025-1.png","type":"image\/png"}],"author":"Camila Leite","twitter_card":"summary_large_image","twitter_creator":"@EstratConcursos","twitter_site":"@EstratConcursos","twitter_misc":{"Escrito por":"Camila Leite","Est. tempo de leitura":"5 minutos"},"schema":{"@context":"https:\/\/schema.org","@graph":[{"@type":"NewsArticle","@id":"https:\/\/www.estrategiaconcursos.com.br\/blog\/editais-concursos-previstos-dezembro-2025\/#article","isPartOf":{"@id":"https:\/\/www.estrategiaconcursos.com.br\/blog\/editais-concursos-previstos-dezembro-2025\/"},"author":{"name":"Camila Leite","@id":"https:\/\/www.estrategiaconcursos.com.br\/blog\/#\/schema\/person\/84ecdc6eb58d3cf1689bf76c5cd8fb38"},"headline":"Concursos 2025: 22 editais previstos para dezembro","datePublished":"2025-12-01T10:00:00+00:00","mainEntityOfPage":{"@id":"https:\/\/www.estrategiaconcursos.com.br\/blog\/editais-concursos-previstos-dezembro-2025\/"},"wordCount":998,"commentCount":0,"publisher":{"@id":"https:\/\/www.estrategiaconcursos.com.br\/blog\/#organization"},"image":{"@id":"https:\/\/www.estrategiaconcursos.com.br\/blog\/editais-concursos-previstos-dezembro-2025\/#primaryimage"},"thumbnailUrl":"https:\/\/dhg1h5j42swfq.cloudfront.net\/2024\/08\/14120803\/concursos-2025-1.png","articleSection":["Concursos P\u00fablicos"],"inLanguage":"pt-BR","potentialAction":[{"@type":"CommentAction","name":"Comment","target":["https:\/\/www.estrategiaconcursos.com.br\/blog\/editais-concursos-previstos-dezembro-2025\/#respond"]}],"copyrightYear":"2025","copyrightHolder":{"@id":"https:\/\/www.estrategiaconcursos.com.br\/blog\/#organization"}},{"@type":"WebPage","@id":"https:\/\/www.estrategiaconcursos.com.br\/blog\/editais-concursos-previstos-dezembro-2025\/","url":"https:\/\/www.estrategiaconcursos.com.br\/blog\/editais-concursos-previstos-dezembro-2025\/","name":"Concursos 2025: 22 editais previstos para dezembro","isPartOf":{"@id":"https:\/\/www.estrategiaconcursos.com.br\/blog\/#website"},"primaryImageOfPage":{"@id":"https:\/\/www.estrategiaconcursos.com.br\/blog\/editais-concursos-previstos-dezembro-2025\/#primaryimage"},"image":{"@id":"https:\/\/www.estrategiaconcursos.com.br\/blog\/editais-concursos-previstos-dezembro-2025\/#primaryimage"},"thumbnailUrl":"https:\/\/dhg1h5j42swfq.cloudfront.net\/2024\/08\/14120803\/concursos-2025-1.png","datePublished":"2025-12-01T10:00:00+00:00","description":"O m\u00eas de dezembro de 2025 chega com a promessa de cerca de 22 editais. Acesse esse artigo e veja quais s\u00e3o os concursos!","breadcrumb":{"@id":"https:\/\/www.estrategiaconcursos.com.br\/blog\/editais-concursos-previstos-dezembro-2025\/#breadcrumb"},"inLanguage":"pt-BR","potentialAction":[{"@type":"ReadAction","target":["https:\/\/www.estrategiaconcursos.com.br\/blog\/editais-concursos-previstos-dezembro-2025\/"]}]},{"@type":"ImageObject","inLanguage":"pt-BR","@id":"https:\/\/www.estrategiaconcursos.com.br\/blog\/editais-concursos-previstos-dezembro-2025\/#primaryimage","url":"https:\/\/dhg1h5j42swfq.cloudfront.net\/2024\/08\/14120803\/concursos-2025-1.png","contentUrl":"https:\/\/dhg1h5j42swfq.cloudfront.net\/2024\/08\/14120803\/concursos-2025-1.png","width":692,"height":393,"caption":"concursos 2025"},{"@type":"BreadcrumbList","@id":"https:\/\/www.estrategiaconcursos.com.br\/blog\/editais-concursos-previstos-dezembro-2025\/#breadcrumb","itemListElement":[{"@type":"ListItem","position":1,"name":"In\u00edcio","item":"https:\/\/www.estrategiaconcursos.com.br\/blog\/"},{"@type":"ListItem","position":2,"name":"Concursos 2025: 22 editais previstos para dezembro"}]},{"@type":"WebSite","@id":"https:\/\/www.estrategiaconcursos.com.br\/blog\/#website","url":"https:\/\/www.estrategiaconcursos.com.br\/blog\/","name":"Estrat\u00e9gia Concursos","description":"O blog da Estrat\u00e9gia Concursos traz not\u00edcias sobre concursos e artigos de professores oferecendo cursos para concursos (pdf + videaulas) no site.","publisher":{"@id":"https:\/\/www.estrategiaconcursos.com.br\/blog\/#organization"},"potentialAction":[{"@type":"SearchAction","target":{"@type":"EntryPoint","urlTemplate":"https:\/\/www.estrategiaconcursos.com.br\/blog\/?s={search_term_string}"},"query-input":{"@type":"PropertyValueSpecification","valueRequired":true,"valueName":"search_term_string"}}],"inLanguage":"pt-BR"},{"@type":"Organization","@id":"https:\/\/www.estrategiaconcursos.com.br\/blog\/#organization","name":"Estrat\u00e9gia Concursos","url":"https:\/\/www.estrategiaconcursos.com.br\/blog\/","logo":{"@type":"ImageObject","inLanguage":"pt-BR","@id":"https:\/\/www.estrategiaconcursos.com.br\/blog\/#\/schema\/logo\/image\/","url":"https:\/\/dhg1h5j42swfq.cloudfront.net\/2025\/06\/03203428\/logo_concursos-1.jpg","contentUrl":"https:\/\/dhg1h5j42swfq.cloudfront.net\/2025\/06\/03203428\/logo_concursos-1.jpg","width":230,"height":60,"caption":"Estrat\u00e9gia Concursos"},"image":{"@id":"https:\/\/www.estrategiaconcursos.com.br\/blog\/#\/schema\/logo\/image\/"},"sameAs":["https:\/\/x.com\/EstratConcursos"]},{"@type":"Person","@id":"https:\/\/www.estrategiaconcursos.com.br\/blog\/#\/schema\/person\/84ecdc6eb58d3cf1689bf76c5cd8fb38","name":"Camila Leite","image":{"@type":"ImageObject","inLanguage":"pt-BR","@id":"https:\/\/secure.gravatar.com\/avatar\/f2f8faef639c8a2bfb7fb909912a56917f4c3a0aed064500168e2fb8ea55cf61?s=96&d=mm&r=g","url":"https:\/\/secure.gravatar.com\/avatar\/f2f8faef639c8a2bfb7fb909912a56917f4c3a0aed064500168e2fb8ea55cf61?s=96&d=mm&r=g","contentUrl":"https:\/\/secure.gravatar.com\/avatar\/f2f8faef639c8a2bfb7fb909912a56917f4c3a0aed064500168e2fb8ea55cf61?s=96&d=mm&r=g","caption":"Camila Leite"},"description":"Formada em Design Gr\u00e1fico e em Propaganda e Marketing pela UNIP, integra a equipe de jornalismo do Estrat\u00e9gia Concursos desde 2018. Ao longo dos anos, construiu uma s\u00f3lida experi\u00eancia na produ\u00e7\u00e3o de conte\u00fado informativo e relevante para concurseiros. Desde 2020, atua na cobertura das \u00e1reas Fiscal \u2014 com \u00eanfase nas Secretarias de Fazenda (Sefaz) das regi\u00f5es Sul e Sudeste \u2014, al\u00e9m da cobertura de concursos federais, como CNU, Petrobras, CGU, Receita Federal, ag\u00eancias reguladoras (Anvisa, ANAC, entre outras) e INSS. Mant\u00e9m contato direto com os principais \u00f3rg\u00e3os p\u00fablicos, acompanhando editais, atualiza\u00e7\u00f5es e movimenta\u00e7\u00f5es importantes para os candidatos.","sameAs":["https:\/\/www.linkedin.com\/in\/camila-pinheiro-leite-9ba135b6\/"],"url":"https:\/\/www.estrategiaconcursos.com.br\/blog\/author\/camila-leiteestrategiaconcursos-com-br\/"}]}},"_links":{"self":[{"href":"https:\/\/www.estrategiaconcursos.com.br\/blog\/wp-json\/wp\/v2\/posts\/1674243","targetHints":{"allow":["GET"]}}],"collection":[{"href":"https:\/\/www.estrategiaconcursos.com.br\/blog\/wp-json\/wp\/v2\/posts"}],"about":[{"href":"https:\/\/www.estrategiaconcursos.com.br\/blog\/wp-json\/wp\/v2\/types\/post"}],"author":[{"embeddable":true,"href":"https:\/\/www.estrategiaconcursos.com.br\/blog\/wp-json\/wp\/v2\/users\/659"}],"replies":[{"embeddable":true,"href":"https:\/\/www.estrategiaconcursos.com.br\/blog\/wp-json\/wp\/v2\/comments?post=1674243"}],"version-history":[{"count":6,"href":"https:\/\/www.estrategiaconcursos.com.br\/blog\/wp-json\/wp\/v2\/posts\/1674243\/revisions"}],"predecessor-version":[{"id":1677102,"href":"https:\/\/www.estrategiaconcursos.com.br\/blog\/wp-json\/wp\/v2\/posts\/1674243\/revisions\/1677102"}],"wp:featuredmedia":[{"embeddable":true,"href":"https:\/\/www.estrategiaconcursos.com.br\/blog\/wp-json\/wp\/v2\/media\/1445265"}],"wp:attachment":[{"href":"https:\/\/www.estrategiaconcursos.com.br\/blog\/wp-json\/wp\/v2\/media?parent=1674243"}],"wp:term":[{"taxonomy":"category","embeddable":true,"href":"https:\/\/www.estrategiaconcursos.com.br\/blog\/wp-json\/wp\/v2\/categories?post=1674243"},{"taxonomy":"post_tag","embeddable":true,"href":"https:\/\/www.estrategiaconcursos.com.br\/blog\/wp-json\/wp\/v2\/tags?post=1674243"},{"taxonomy":"tax_estado","embeddable":true,"href":"https:\/\/www.estrategiaconcursos.com.br\/blog\/wp-json\/wp\/v2\/tax_estado?post=1674243"}],"curies":[{"name":"wp","href":"https:\/\/api.w.org\/{rel}","templated":true}]}}