{"id":1674151,"date":"2025-11-24T09:33:32","date_gmt":"2025-11-24T12:33:32","guid":{"rendered":"https:\/\/www.estrategiaconcursos.com.br\/blog\/?p=1674151"},"modified":"2025-11-24T10:02:23","modified_gmt":"2025-11-24T13:02:23","slug":"concurso-uea","status":"publish","type":"post","link":"https:\/\/www.estrategiaconcursos.com.br\/blog\/concurso-uea\/","title":{"rendered":"Concurso UEA tem comiss\u00e3o formada! Edital em breve"},"content":{"rendered":"\n<p>A <a href=\"https:\/\/www.estrategiaconcursos.com.br\/cursos\/\" target=\"_blank\" rel=\"noreferrer noopener\">Universidade do Estado do Amazonas (UEA)<\/a> formou a comiss\u00e3o que ficar\u00e1 respons\u00e1vel pelos estudos que antecedem o seu novo edital de concurso p\u00fablico.<\/p>\n\n\n\n<p>Com a comiss\u00e3o formada, a Universidade dever\u00e1 definir os cargos, vagas e a banca que ficar\u00e1 respons\u00e1vel pelo certame.<\/p>\n\n\n\n<p>O edital tamb\u00e9m est\u00e1 previsto no Projeto de Lei Or\u00e7ament\u00e1ria Anual (PLOA) para o ano de 2025. Veja todos os detalhes ao longo do artigo!<\/p>\n\n\n\n<ul style=\"background:linear-gradient(285deg,rgb(202,248,128) 0%,rgb(113,206,126) 100%)\" class=\"wp-block-list has-background\">\n<li><strong>Concurso UEA<\/strong> <\/li>\n\n\n\n<li><strong>Status:<\/strong> comiss\u00e3o formada<\/li>\n\n\n\n<li><strong>Banca:<\/strong> a definir<\/li>\n\n\n\n<li><strong>Vagas:<\/strong> a definir<\/li>\n\n\n\n<li><strong>Sal\u00e1rios:<\/strong> de R$ 7.559,65 at\u00e9 R$ 9.682,52<\/li>\n\n\n\n<li><strong>\u00daltimo edital: <\/strong><a href=\"https:\/\/dhg1h5j42swfq.cloudfront.net\/2025\/11\/24085748\/2926-1.pdf\" target=\"_blank\" rel=\"noreferrer noopener\">UEA &#8211; 2014<\/a><\/li>\n<\/ul>\n\n\n\n<p>Elaboramos este artigo com as principais informa\u00e7\u00f5es e novidades sobre o concurso para te manter 100% informado. Acompanhe os t\u00f3picos abaixo e n\u00e3o perca nenhum detalhe:<\/p>\n\n\n\n<ul class=\"wp-block-list\">\n<li><a href=\"#SITUA\u00c7\u00c3O-ATUAL\">Situa\u00e7\u00e3o atual<\/a>\n<ul class=\"wp-block-list\">\n<li><a href=\"#h-novo-edital-em-2025\">Comiss\u00e3o formada<\/a><\/li>\n<\/ul>\n<\/li>\n\n\n\n<li><a href=\"#estrutura\">Estrutura remunerat\u00f3ria <\/a><\/li>\n\n\n\n<li><a href=\"#\u00faltimo-concurso\">\u00daltimo concurso<\/a><\/li>\n\n\n\n<li><a href=\"#cursos-assinatura\">Cursos e assinaturas<\/a><\/li>\n\n\n\n<li><a href=\"#ficha\">Ficha t\u00e9cnica<\/a><\/li>\n<\/ul>\n\n\n\n<div class=\"container\" id=\"boxes\">\n  <div class=\"row\">\n\n    <div class=\"col-sm\">\n      <div class=\"banner-estrategia\" id=\"box-assinatura\">\n        <h3 class=\"titulo-assinatura\">Cursos para concursos<\/h3>\n        <p class=\"subtitulo-assinatura\">Conhe\u00e7a os cursos<\/p>\n        <div class=\"box-botao\">\n          <a class=\"btn-assinatura\" target=\"_blank\" href=\"https:\/\/www.estrategiaconcursos.com.br\/cursos\/\" role=\"button\" rel=\"noopener noreferrer\">Conhe\u00e7a mais<\/a>\n        <\/div>\n      <\/div>\n     \n    <\/div>\n\n  <\/div>\n<\/div>\n\n\n\n<h2 class=\"wp-block-heading\" id=\"SITUA\u00c7\u00c3O-ATUAL\">Concurso UEA: situa\u00e7\u00e3o atual<\/h2>\n\n\n\n<h3 class=\"wp-block-heading\" id=\"h-comissao-formada\">Comiss\u00e3o formada<\/h3>\n\n\n\n<p>O edital para a UEA ganhou uma comiss\u00e3o organizadora para o seu novo edital. Conforme o divulgado em di\u00e1rio oficial no dia 24 de novembro, a comiss\u00e3o ser\u00e1 composta pelos seguintes membros:<\/p>\n\n\n\n<ul class=\"wp-block-list\">\n<li>Isaque dos Santos Sousa &#8211; Presidente<\/li>\n\n\n\n<li>Nilson Jos\u00e9 de Oliveira J\u00fanior<\/li>\n\n\n\n<li>Samantha Pinheiro Paiva<\/li>\n\n\n\n<li>Eriverton Resende Monte<\/li>\n\n\n\n<li>Ruanne Amorim Carvalho<\/li>\n<\/ul>\n\n\n\n<p>Confira!<\/p>\n\n\n\n<ul class=\"wp-block-list\">\n<li><strong><a href=\"https:\/\/dhg1h5j42swfq.cloudfront.net\/2025\/11\/24062420\/captura-de-tela-2025-11-24-062416.png\" target=\"_blank\" rel=\"noreferrer noopener\">Comiss\u00e3o formada<\/a><\/strong><\/li>\n<\/ul>\n\n\n\n<h2 class=\"wp-block-heading\" id=\"estrutura\">Estrutura remunerat\u00f3ria da UEA<\/h2>\n\n\n\n<p>\u00a0Conforme a <a href=\"https:\/\/sapl.al.am.leg.br\/materia\/171382\" target=\"_blank\" rel=\"noreferrer noopener\">Lei Ordin\u00e1ria n\u00ba 463 de 2024<\/a>, os sal\u00e1rios na UEA s\u00e3o os seguintes:<\/p>\n\n\n\n<h3 class=\"wp-block-heading\" id=\"h-docentes-da-uea\">Docentes da UEA<\/h3>\n\n\n\n<figure class=\"wp-block-image size-large\"><img loading=\"lazy\" decoding=\"async\" width=\"1024\" height=\"426\" src=\"https:\/\/dhg1h5j42swfq.cloudfront.net\/2025\/11\/24091929\/captura-de-tela-2025-11-24-as-09-16-34-1024x426.png\" alt=\"Sal\u00e1rios para professores da UEA\" class=\"wp-image-1674220\" srcset=\"https:\/\/dhg1h5j42swfq.cloudfront.net\/2025\/11\/24091929\/captura-de-tela-2025-11-24-as-09-16-34-1024x426.png 1024w, https:\/\/dhg1h5j42swfq.cloudfront.net\/2025\/11\/24091929\/captura-de-tela-2025-11-24-as-09-16-34-300x125.png 300w, https:\/\/dhg1h5j42swfq.cloudfront.net\/2025\/11\/24091929\/captura-de-tela-2025-11-24-as-09-16-34-768x320.png 768w, https:\/\/dhg1h5j42swfq.cloudfront.net\/2025\/11\/24091929\/captura-de-tela-2025-11-24-as-09-16-34-1536x639.png 1536w, https:\/\/dhg1h5j42swfq.cloudfront.net\/2025\/11\/24091929\/captura-de-tela-2025-11-24-as-09-16-34-150x62.png 150w, https:\/\/dhg1h5j42swfq.cloudfront.net\/2025\/11\/24091929\/captura-de-tela-2025-11-24-as-09-16-34.png 1790w\" sizes=\"auto, (max-width: 1024px) 100vw, 1024px\" \/><figcaption class=\"wp-element-caption\">Sal\u00e1rios para professores da UEA<\/figcaption><\/figure>\n\n\n\n<h3 class=\"wp-block-heading\" id=\"h-tecnico-administrativo-e-procurador\">T\u00e9cnico Administrativo e Procurador<\/h3>\n\n\n\n<figure class=\"wp-block-image size-large\"><img loading=\"lazy\" decoding=\"async\" width=\"1024\" height=\"536\" src=\"https:\/\/dhg1h5j42swfq.cloudfront.net\/2025\/11\/24092825\/captura-de-tela-2025-11-24-as-09-27-59-1024x536.png\" alt=\"\" class=\"wp-image-1674230\" srcset=\"https:\/\/dhg1h5j42swfq.cloudfront.net\/2025\/11\/24092825\/captura-de-tela-2025-11-24-as-09-27-59-1024x536.png 1024w, https:\/\/dhg1h5j42swfq.cloudfront.net\/2025\/11\/24092825\/captura-de-tela-2025-11-24-as-09-27-59-300x157.png 300w, https:\/\/dhg1h5j42swfq.cloudfront.net\/2025\/11\/24092825\/captura-de-tela-2025-11-24-as-09-27-59-768x402.png 768w, https:\/\/dhg1h5j42swfq.cloudfront.net\/2025\/11\/24092825\/captura-de-tela-2025-11-24-as-09-27-59-150x79.png 150w, https:\/\/dhg1h5j42swfq.cloudfront.net\/2025\/11\/24092825\/captura-de-tela-2025-11-24-as-09-27-59.png 1477w\" sizes=\"auto, (max-width: 1024px) 100vw, 1024px\" \/><\/figure>\n\n\n\n<figure class=\"wp-block-image size-large\"><img loading=\"lazy\" decoding=\"async\" width=\"1024\" height=\"615\" src=\"https:\/\/dhg1h5j42swfq.cloudfront.net\/2025\/11\/24092535\/captura-de-tela-2025-11-24-as-09-21-16-1024x615.png\" alt=\"Sal\u00e1rios para TAE da UEA\" class=\"wp-image-1674227\" srcset=\"https:\/\/dhg1h5j42swfq.cloudfront.net\/2025\/11\/24092535\/captura-de-tela-2025-11-24-as-09-21-16-1024x615.png 1024w, https:\/\/dhg1h5j42swfq.cloudfront.net\/2025\/11\/24092535\/captura-de-tela-2025-11-24-as-09-21-16-300x180.png 300w, https:\/\/dhg1h5j42swfq.cloudfront.net\/2025\/11\/24092535\/captura-de-tela-2025-11-24-as-09-21-16-768x461.png 768w, https:\/\/dhg1h5j42swfq.cloudfront.net\/2025\/11\/24092535\/captura-de-tela-2025-11-24-as-09-21-16-1536x923.png 1536w, https:\/\/dhg1h5j42swfq.cloudfront.net\/2025\/11\/24092535\/captura-de-tela-2025-11-24-as-09-21-16-150x90.png 150w, https:\/\/dhg1h5j42swfq.cloudfront.net\/2025\/11\/24092535\/captura-de-tela-2025-11-24-as-09-21-16.png 1635w\" sizes=\"auto, (max-width: 1024px) 100vw, 1024px\" \/><figcaption class=\"wp-element-caption\">Sal\u00e1rios para TAE da UEA<\/figcaption><\/figure>\n\n\n\n<figure class=\"wp-block-image size-large\"><img loading=\"lazy\" decoding=\"async\" width=\"1024\" height=\"612\" src=\"https:\/\/dhg1h5j42swfq.cloudfront.net\/2025\/11\/24092541\/captura-de-tela-2025-11-24-as-09-21-36-1024x612.png\" alt=\"\" class=\"wp-image-1674228\" srcset=\"https:\/\/dhg1h5j42swfq.cloudfront.net\/2025\/11\/24092541\/captura-de-tela-2025-11-24-as-09-21-36-1024x612.png 1024w, https:\/\/dhg1h5j42swfq.cloudfront.net\/2025\/11\/24092541\/captura-de-tela-2025-11-24-as-09-21-36-300x179.png 300w, https:\/\/dhg1h5j42swfq.cloudfront.net\/2025\/11\/24092541\/captura-de-tela-2025-11-24-as-09-21-36-768x459.png 768w, https:\/\/dhg1h5j42swfq.cloudfront.net\/2025\/11\/24092541\/captura-de-tela-2025-11-24-as-09-21-36-1536x918.png 1536w, https:\/\/dhg1h5j42swfq.cloudfront.net\/2025\/11\/24092541\/captura-de-tela-2025-11-24-as-09-21-36-150x90.png 150w, https:\/\/dhg1h5j42swfq.cloudfront.net\/2025\/11\/24092541\/captura-de-tela-2025-11-24-as-09-21-36.png 1617w\" sizes=\"auto, (max-width: 1024px) 100vw, 1024px\" \/><\/figure>\n\n\n\n<h2 class=\"wp-block-heading\" id=\"h-ultimo-concurso-uea\">\u00daltimo concurso UEA<\/h2>\n\n\n\n<p>O \u00faltimo concurso para provimentos efetivos na Universidade Estadual do Amazonas foi realizado em 2014. O edital visava a contrata\u00e7\u00e3o de 39 profissionais para o preenchimento de vagas t\u00e9cnico-administrativas.<\/p>\n\n\n\n<p>Os candidatos aprovados desempenharam fun\u00e7\u00f5es que exigiam forma\u00e7\u00e3o de n\u00edvel m\u00e9dio ou superior:\u00a0<\/p>\n\n\n\n<ul class=\"wp-block-list\">\n<li><div>T\u00e9cnico em Administra\u00e7\u00e3o (4 + 1 PNE)<\/div><\/li>\n\n\n\n<li><div>T\u00e9cnico em Tecnologia da Informa\u00e7\u00e3o (3)<\/div><\/li>\n\n\n\n<li><div>T\u00e9cnico em Sa\u00fade Bucal (10)<\/div><\/li>\n\n\n\n<li><div>T\u00e9cnico em Pr\u00f3tese Dent\u00e1ria (1)<\/div><\/li>\n\n\n\n<li><div>T\u00e9cnico em Radiologia (3)<\/div><\/li>\n\n\n\n<li><div>T\u00e9cnico em Enfermagem (3)<\/div><\/li>\n\n\n\n<li><div>T\u00e9cnico em Patologia Cl\u00ednica (6)<\/div><\/li>\n\n\n\n<li><div>T\u00e9cnico em Anatomia Humana (2)<\/div><\/li>\n\n\n\n<li><div>T\u00e9cnico em Microbiologia\/Imunologia (1)<\/div><\/li>\n\n\n\n<li><div>T\u00e9cnico em Laborat\u00f3rio (1)<\/div><\/li>\n\n\n\n<li><div>T\u00e9cnico em Parasitologia\/Micologia (1)<\/div><\/li>\n\n\n\n<li><div>T\u00e9cnico em Farm\u00e1cia (1) <\/div><\/li>\n\n\n\n<li><div>Enfermeiro (2)<\/div><\/li>\n<\/ul>\n\n\n\n<p>A remunera\u00e7\u00e3o devida aos candidatos convocados foi de R$ 1.850,00 ou de R$ 3.200,00, conforme a fun\u00e7\u00e3o exercida e a jornada desempenhada, que podia ser de 24h ou 40 horas semanais.<\/p>\n\n\n\n<p>O per\u00edodo de inscri\u00e7\u00e3o ocorreu de 30 de junho de 2014 a 1\u00ba de agosto de 2014, na Escola Superior de Ci\u00eancias da Sa\u00fade (ESA\/UEA), situada na Avenida Carvalho Leal, n\u00ba 1.777, Cachoeirinha, em Manaus \u2013 AM, com recolhimento de taxas nos valores de R$ 40,00 ou R$ 70,00. O atendimento aconteceu das 8h \u00e0s 12h e das 14h \u00e0s 18h, em dias \u00fateis.<\/p>\n\n\n\n<p>Os candidatos inscritos foram submetidos \u00e0s Provas Objetiva, Pr\u00e1tica e de T\u00edtulos, conforme o m\u00e9todo de avalia\u00e7\u00e3o adotado por cada \u00e1rea.<\/p>\n\n\n\n<hr class=\"wp-block-separator has-css-opacity\"\/>\n\n\n\n<h2 class=\"wp-block-heading has-text-align-center\" id=\"h-quer-saber-tudo-sobre-concursos-previstos-confira-nossos-artigos\">Quer saber tudo sobre concursos previstos?<br \/>Confira  nossos artigos!<\/h2>\n\n\n\n<ul class=\"wp-block-list\">\n<li><a href=\"https:\/\/www.estrategiaconcursos.com.br\/blog\/concursos-abertos\/\" target=\"_blank\" rel=\"noreferrer noopener\">Concursos abertos<\/a><\/li>\n\n\n\n<li><a href=\"https:\/\/www.estrategiaconcursos.com.br\/blog\/concursos-educacao\/\">Concursos educa\u00e7\u00e3o<\/a><\/li>\n\n\n\n<li><a href=\"https:\/\/www.estrategiaconcursos.com.br\/blog\/concursos-2025\/\">Concursos 2025<\/a><\/li>\n\n\n\n<li><a href=\"https:\/\/www.estrategiaconcursos.com.br\/blog\/concursos-2026\/\">Concursos 2026<\/a><\/li>\n<\/ul>\n\n\n\n<h2 class=\"wp-block-heading has-text-align-center\" id=\"cursos-assinatura\"><em>Quer estudar para o concurso UEA?<\/em><\/h2>\n\n\n\n<div class=\"container\" id=\"boxes\">\n  <div class=\"row\">\n\n    <div class=\"col-sm\">\n      <div class=\"banner-estrategia\" id=\"box-assinatura\">\n        <h3 class=\"titulo-assinatura\">Cursos para concursos<\/h3>\n        <p class=\"subtitulo-assinatura\">Conhe\u00e7a os cursos<\/p>\n        <div class=\"box-botao\">\n          <a class=\"btn-assinatura\" target=\"_blank\" href=\"https:\/\/www.estrategiaconcursos.com.br\/cursos\/\" role=\"button\" rel=\"noopener noreferrer\">Conhe\u00e7a mais<\/a>\n        <\/div>\n      <\/div>\n     \n    <\/div>\n\n  <\/div>\n<\/div>\n\n\n\n<div class=\"container\" id=\"boxes\">\n  <div class=\"row\">\n\n    <div class=\"col-sm\">\n      <div class=\"estrategia\" id=\"box-assinatura\">\n        <h3 class=\"titulo-assinatura\">Assinatura Concursos<\/h3>\n        <p class=\"subtitulo-assinatura\">Assinatura de 1 ano ou 2 anos<\/p>\n        <div class=\"box-botao\">\n          <a class=\"btn-assinatura\" target=\"_blank\" href=\"https:\/\/www.estrategiaconcursos.com.br\/assinaturas\/\" role=\"button\" rel=\"noopener noreferrer\">ASSINE AGORA<\/a>\n        <\/div>\n      <\/div><\/div><\/div><\/div>\n\n\n\n<figure class=\"wp-block-image size-large is-resized\"><img loading=\"lazy\" decoding=\"async\" width=\"1024\" height=\"632\" src=\"https:\/\/dhg1h5j42swfq.cloudfront.net\/2025\/06\/27101122\/ficha-tecnica-1-1024x632.png\" alt=\"\" class=\"wp-image-702728\" style=\"aspect-ratio:1.6204819277108433;width:186px;height:auto\" srcset=\"https:\/\/dhg1h5j42swfq.cloudfront.net\/2025\/06\/27101122\/ficha-tecnica-1-1024x632.png 1024w, https:\/\/dhg1h5j42swfq.cloudfront.net\/2025\/06\/27101122\/ficha-tecnica-1-300x185.png 300w, https:\/\/dhg1h5j42swfq.cloudfront.net\/2025\/06\/27101122\/ficha-tecnica-1-768x474.png 768w, https:\/\/dhg1h5j42swfq.cloudfront.net\/2025\/06\/27101122\/ficha-tecnica-1-1536x948.png 1536w, https:\/\/dhg1h5j42swfq.cloudfront.net\/2025\/06\/27101122\/ficha-tecnica-1-610x377.png 610w, https:\/\/dhg1h5j42swfq.cloudfront.net\/2025\/06\/27101122\/ficha-tecnica-1.png 1571w\" sizes=\"auto, (max-width: 1024px) 100vw, 1024px\" \/><\/figure>\n\n\n\n<h3 class=\"wp-block-heading\" id=\"ficha\">Informa\u00e7\u00f5es do concurso UNEAL<\/h3>\n\n\n\n<ul class=\"wp-block-list\">\n<li><strong>Provas<\/strong>: a definir<\/li>\n\n\n\n<li><strong>Vagas<\/strong>: a definir<\/li>\n\n\n\n<li><strong>Cargos<\/strong>: a definir<\/li>\n\n\n\n<li><strong>Banca<\/strong>: a definir<\/li>\n\n\n\n<li><strong>Escolaridade<\/strong>: a definir<\/li>\n<\/ul>\n","protected":false},"excerpt":{"rendered":"<p>A Universidade do Estado do Amazonas (UEA) formou a comiss\u00e3o que ficar\u00e1 respons\u00e1vel pelos estudos que antecedem o seu novo edital de concurso p\u00fablico. Com a comiss\u00e3o formada, a Universidade dever\u00e1 definir os cargos, vagas e a banca que ficar\u00e1 respons\u00e1vel pelo certame. O edital tamb\u00e9m est\u00e1 previsto no Projeto de Lei Or\u00e7ament\u00e1ria Anual (PLOA) [&hellip;]<\/p>\n","protected":false},"author":2319,"featured_media":1090639,"comment_status":"open","ping_status":"closed","sticky":false,"template":"","format":"standard","meta":{"post_tipo":"news_page","footnotes":""},"categories":[3766,220219],"tags":[],"tax_estado":[219973],"class_list":["post-1674151","post","type-post","status-publish","format-standard","has-post-thumbnail","hentry","category-educacional","category-noticias","tax_estado-ma"],"acf":[],"yoast_head":"<!-- This site is optimized with the Yoast SEO Premium plugin v27.2 (Yoast SEO v27.2) - https:\/\/yoast.com\/product\/yoast-seo-premium-wordpress\/ -->\n<title>Concurso UEA tem comiss\u00e3o formada! Edital em breve<\/title>\n<meta name=\"description\" content=\"A Universidade do Estado do Amazonas (UEA) formou a comiss\u00e3o que ficar\u00e1 respons\u00e1vel pelos estudos que antecedem o seu novo edital de concurso p\u00fablico.\" \/>\n<meta name=\"robots\" content=\"index, follow, max-snippet:-1, max-image-preview:large, max-video-preview:-1\" \/>\n<link rel=\"canonical\" href=\"https:\/\/www.estrategiaconcursos.com.br\/blog\/concurso-uea\/\" \/>\n<meta property=\"og:locale\" content=\"pt_BR\" \/>\n<meta property=\"og:type\" content=\"article\" \/>\n<meta property=\"og:title\" content=\"Concurso UEA tem comiss\u00e3o formada! Edital em breve\" \/>\n<meta property=\"og:description\" content=\"A Universidade do Estado do Amazonas (UEA) formou a comiss\u00e3o que ficar\u00e1 respons\u00e1vel pelos estudos que antecedem o seu novo edital de concurso p\u00fablico.\" \/>\n<meta property=\"og:url\" content=\"https:\/\/www.estrategiaconcursos.com.br\/blog\/concurso-uea\/\" \/>\n<meta property=\"og:site_name\" content=\"Estrat\u00e9gia Concursos\" \/>\n<meta property=\"article:published_time\" content=\"2025-11-24T12:33:32+00:00\" \/>\n<meta property=\"article:modified_time\" content=\"2025-11-24T13:02:23+00:00\" \/>\n<meta property=\"og:image\" content=\"https:\/\/dhg1h5j42swfq.cloudfront.net\/2022\/09\/06185737\/concursos_educacao.jpg\" \/>\n\t<meta property=\"og:image:width\" content=\"768\" \/>\n\t<meta property=\"og:image:height\" content=\"432\" \/>\n\t<meta property=\"og:image:type\" content=\"image\/jpeg\" \/>\n<meta name=\"author\" content=\"Let\u00edcia Teixeira\" \/>\n<meta name=\"twitter:card\" content=\"summary_large_image\" \/>\n<meta name=\"twitter:creator\" content=\"@EstratConcursos\" \/>\n<meta name=\"twitter:site\" content=\"@EstratConcursos\" \/>\n<meta name=\"twitter:label1\" content=\"Escrito por\" \/>\n\t<meta name=\"twitter:data1\" content=\"Let\u00edcia Teixeira\" \/>\n\t<meta name=\"twitter:label2\" content=\"Est. tempo de leitura\" \/>\n\t<meta name=\"twitter:data2\" content=\"3 minutos\" \/>\n<script type=\"application\/ld+json\" class=\"yoast-schema-graph\">{\"@context\":\"https:\/\/schema.org\",\"@graph\":[{\"@type\":\"NewsArticle\",\"@id\":\"https:\/\/www.estrategiaconcursos.com.br\/blog\/concurso-uea\/#article\",\"isPartOf\":{\"@id\":\"https:\/\/www.estrategiaconcursos.com.br\/blog\/concurso-uea\/\"},\"author\":{\"name\":\"Let\u00edcia Teixeira\",\"@id\":\"https:\/\/www.estrategiaconcursos.com.br\/blog\/#\/schema\/person\/9b94727dcf4410f4a7931c83966c843b\"},\"headline\":\"Concurso UEA tem comiss\u00e3o formada! Edital em breve\",\"datePublished\":\"2025-11-24T12:33:32+00:00\",\"dateModified\":\"2025-11-24T13:02:23+00:00\",\"mainEntityOfPage\":{\"@id\":\"https:\/\/www.estrategiaconcursos.com.br\/blog\/concurso-uea\/\"},\"wordCount\":561,\"commentCount\":0,\"publisher\":{\"@id\":\"https:\/\/www.estrategiaconcursos.com.br\/blog\/#organization\"},\"image\":{\"@id\":\"https:\/\/www.estrategiaconcursos.com.br\/blog\/concurso-uea\/#primaryimage\"},\"thumbnailUrl\":\"https:\/\/dhg1h5j42swfq.cloudfront.net\/2022\/09\/06185737\/concursos_educacao.jpg\",\"articleSection\":[\"Educa\u00e7\u00e3o\",\"\u00daltimas not\u00edcias\"],\"inLanguage\":\"pt-BR\",\"potentialAction\":[{\"@type\":\"CommentAction\",\"name\":\"Comment\",\"target\":[\"https:\/\/www.estrategiaconcursos.com.br\/blog\/concurso-uea\/#respond\"]}],\"copyrightYear\":\"2025\",\"copyrightHolder\":{\"@id\":\"https:\/\/www.estrategiaconcursos.com.br\/blog\/#organization\"}},{\"@type\":\"WebPage\",\"@id\":\"https:\/\/www.estrategiaconcursos.com.br\/blog\/concurso-uea\/\",\"url\":\"https:\/\/www.estrategiaconcursos.com.br\/blog\/concurso-uea\/\",\"name\":\"Concurso UEA tem comiss\u00e3o formada! Edital em breve\",\"isPartOf\":{\"@id\":\"https:\/\/www.estrategiaconcursos.com.br\/blog\/#website\"},\"primaryImageOfPage\":{\"@id\":\"https:\/\/www.estrategiaconcursos.com.br\/blog\/concurso-uea\/#primaryimage\"},\"image\":{\"@id\":\"https:\/\/www.estrategiaconcursos.com.br\/blog\/concurso-uea\/#primaryimage\"},\"thumbnailUrl\":\"https:\/\/dhg1h5j42swfq.cloudfront.net\/2022\/09\/06185737\/concursos_educacao.jpg\",\"datePublished\":\"2025-11-24T12:33:32+00:00\",\"dateModified\":\"2025-11-24T13:02:23+00:00\",\"description\":\"A Universidade do Estado do Amazonas (UEA) formou a comiss\u00e3o que ficar\u00e1 respons\u00e1vel pelos estudos que antecedem o seu novo edital de concurso p\u00fablico.\",\"breadcrumb\":{\"@id\":\"https:\/\/www.estrategiaconcursos.com.br\/blog\/concurso-uea\/#breadcrumb\"},\"inLanguage\":\"pt-BR\",\"potentialAction\":[{\"@type\":\"ReadAction\",\"target\":[\"https:\/\/www.estrategiaconcursos.com.br\/blog\/concurso-uea\/\"]}]},{\"@type\":\"ImageObject\",\"inLanguage\":\"pt-BR\",\"@id\":\"https:\/\/www.estrategiaconcursos.com.br\/blog\/concurso-uea\/#primaryimage\",\"url\":\"https:\/\/dhg1h5j42swfq.cloudfront.net\/2022\/09\/06185737\/concursos_educacao.jpg\",\"contentUrl\":\"https:\/\/dhg1h5j42swfq.cloudfront.net\/2022\/09\/06185737\/concursos_educacao.jpg\",\"width\":768,\"height\":432,\"caption\":\"Concurso SME Indaial SP\"},{\"@type\":\"BreadcrumbList\",\"@id\":\"https:\/\/www.estrategiaconcursos.com.br\/blog\/concurso-uea\/#breadcrumb\",\"itemListElement\":[{\"@type\":\"ListItem\",\"position\":1,\"name\":\"In\u00edcio\",\"item\":\"https:\/\/www.estrategiaconcursos.com.br\/blog\/\"},{\"@type\":\"ListItem\",\"position\":2,\"name\":\"Concurso UEA tem comiss\u00e3o formada! Edital em breve\"}]},{\"@type\":\"WebSite\",\"@id\":\"https:\/\/www.estrategiaconcursos.com.br\/blog\/#website\",\"url\":\"https:\/\/www.estrategiaconcursos.com.br\/blog\/\",\"name\":\"Estrat\u00e9gia Concursos\",\"description\":\"O blog da Estrat\u00e9gia Concursos traz not\u00edcias sobre concursos e artigos de professores oferecendo cursos para concursos (pdf + videaulas) no site.\",\"publisher\":{\"@id\":\"https:\/\/www.estrategiaconcursos.com.br\/blog\/#organization\"},\"potentialAction\":[{\"@type\":\"SearchAction\",\"target\":{\"@type\":\"EntryPoint\",\"urlTemplate\":\"https:\/\/www.estrategiaconcursos.com.br\/blog\/?s={search_term_string}\"},\"query-input\":{\"@type\":\"PropertyValueSpecification\",\"valueRequired\":true,\"valueName\":\"search_term_string\"}}],\"inLanguage\":\"pt-BR\"},{\"@type\":\"Organization\",\"@id\":\"https:\/\/www.estrategiaconcursos.com.br\/blog\/#organization\",\"name\":\"Estrat\u00e9gia Concursos\",\"url\":\"https:\/\/www.estrategiaconcursos.com.br\/blog\/\",\"logo\":{\"@type\":\"ImageObject\",\"inLanguage\":\"pt-BR\",\"@id\":\"https:\/\/www.estrategiaconcursos.com.br\/blog\/#\/schema\/logo\/image\/\",\"url\":\"https:\/\/dhg1h5j42swfq.cloudfront.net\/2025\/06\/03203428\/logo_concursos-1.jpg\",\"contentUrl\":\"https:\/\/dhg1h5j42swfq.cloudfront.net\/2025\/06\/03203428\/logo_concursos-1.jpg\",\"width\":230,\"height\":60,\"caption\":\"Estrat\u00e9gia Concursos\"},\"image\":{\"@id\":\"https:\/\/www.estrategiaconcursos.com.br\/blog\/#\/schema\/logo\/image\/\"},\"sameAs\":[\"https:\/\/x.com\/EstratConcursos\"]},{\"@type\":\"Person\",\"@id\":\"https:\/\/www.estrategiaconcursos.com.br\/blog\/#\/schema\/person\/9b94727dcf4410f4a7931c83966c843b\",\"name\":\"Let\u00edcia Teixeira\",\"image\":{\"@type\":\"ImageObject\",\"inLanguage\":\"pt-BR\",\"@id\":\"https:\/\/secure.gravatar.com\/avatar\/fb589b06b881e20b676d08f9d03226d1e3291ba2f90e751ddc9ccb21abf0244d?s=96&d=mm&r=g\",\"url\":\"https:\/\/secure.gravatar.com\/avatar\/fb589b06b881e20b676d08f9d03226d1e3291ba2f90e751ddc9ccb21abf0244d?s=96&d=mm&r=g\",\"contentUrl\":\"https:\/\/secure.gravatar.com\/avatar\/fb589b06b881e20b676d08f9d03226d1e3291ba2f90e751ddc9ccb21abf0244d?s=96&d=mm&r=g\",\"caption\":\"Let\u00edcia Teixeira\"},\"description\":\"Jornalista com experi\u00eancia de mais de quatro anos no segmento de concursos p\u00fablicos. Especializada em Narrativa Transm\u00eddia e Storytelling pela Universidade Cat\u00f3lica de Bras\u00edlia, com atua\u00e7\u00e3o nas \u00e1reas de SEO, conte\u00fado, Webwriting e Copywriting.\",\"url\":\"https:\/\/www.estrategiaconcursos.com.br\/blog\/author\/leticia-teixeiraestrategia-com\/\"}]}<\/script>\n<!-- \/ Yoast SEO Premium plugin. -->","yoast_head_json":{"title":"Concurso UEA tem comiss\u00e3o formada! Edital em breve","description":"A Universidade do Estado do Amazonas (UEA) formou a comiss\u00e3o que ficar\u00e1 respons\u00e1vel pelos estudos que antecedem o seu novo edital de concurso p\u00fablico.","robots":{"index":"index","follow":"follow","max-snippet":"max-snippet:-1","max-image-preview":"max-image-preview:large","max-video-preview":"max-video-preview:-1"},"canonical":"https:\/\/www.estrategiaconcursos.com.br\/blog\/concurso-uea\/","og_locale":"pt_BR","og_type":"article","og_title":"Concurso UEA tem comiss\u00e3o formada! Edital em breve","og_description":"A Universidade do Estado do Amazonas (UEA) formou a comiss\u00e3o que ficar\u00e1 respons\u00e1vel pelos estudos que antecedem o seu novo edital de concurso p\u00fablico.","og_url":"https:\/\/www.estrategiaconcursos.com.br\/blog\/concurso-uea\/","og_site_name":"Estrat\u00e9gia Concursos","article_published_time":"2025-11-24T12:33:32+00:00","article_modified_time":"2025-11-24T13:02:23+00:00","og_image":[{"width":768,"height":432,"url":"https:\/\/dhg1h5j42swfq.cloudfront.net\/2022\/09\/06185737\/concursos_educacao.jpg","type":"image\/jpeg"}],"author":"Let\u00edcia Teixeira","twitter_card":"summary_large_image","twitter_creator":"@EstratConcursos","twitter_site":"@EstratConcursos","twitter_misc":{"Escrito por":"Let\u00edcia Teixeira","Est. tempo de leitura":"3 minutos"},"schema":{"@context":"https:\/\/schema.org","@graph":[{"@type":"NewsArticle","@id":"https:\/\/www.estrategiaconcursos.com.br\/blog\/concurso-uea\/#article","isPartOf":{"@id":"https:\/\/www.estrategiaconcursos.com.br\/blog\/concurso-uea\/"},"author":{"name":"Let\u00edcia Teixeira","@id":"https:\/\/www.estrategiaconcursos.com.br\/blog\/#\/schema\/person\/9b94727dcf4410f4a7931c83966c843b"},"headline":"Concurso UEA tem comiss\u00e3o formada! Edital em breve","datePublished":"2025-11-24T12:33:32+00:00","dateModified":"2025-11-24T13:02:23+00:00","mainEntityOfPage":{"@id":"https:\/\/www.estrategiaconcursos.com.br\/blog\/concurso-uea\/"},"wordCount":561,"commentCount":0,"publisher":{"@id":"https:\/\/www.estrategiaconcursos.com.br\/blog\/#organization"},"image":{"@id":"https:\/\/www.estrategiaconcursos.com.br\/blog\/concurso-uea\/#primaryimage"},"thumbnailUrl":"https:\/\/dhg1h5j42swfq.cloudfront.net\/2022\/09\/06185737\/concursos_educacao.jpg","articleSection":["Educa\u00e7\u00e3o","\u00daltimas not\u00edcias"],"inLanguage":"pt-BR","potentialAction":[{"@type":"CommentAction","name":"Comment","target":["https:\/\/www.estrategiaconcursos.com.br\/blog\/concurso-uea\/#respond"]}],"copyrightYear":"2025","copyrightHolder":{"@id":"https:\/\/www.estrategiaconcursos.com.br\/blog\/#organization"}},{"@type":"WebPage","@id":"https:\/\/www.estrategiaconcursos.com.br\/blog\/concurso-uea\/","url":"https:\/\/www.estrategiaconcursos.com.br\/blog\/concurso-uea\/","name":"Concurso UEA tem comiss\u00e3o formada! Edital em breve","isPartOf":{"@id":"https:\/\/www.estrategiaconcursos.com.br\/blog\/#website"},"primaryImageOfPage":{"@id":"https:\/\/www.estrategiaconcursos.com.br\/blog\/concurso-uea\/#primaryimage"},"image":{"@id":"https:\/\/www.estrategiaconcursos.com.br\/blog\/concurso-uea\/#primaryimage"},"thumbnailUrl":"https:\/\/dhg1h5j42swfq.cloudfront.net\/2022\/09\/06185737\/concursos_educacao.jpg","datePublished":"2025-11-24T12:33:32+00:00","dateModified":"2025-11-24T13:02:23+00:00","description":"A Universidade do Estado do Amazonas (UEA) formou a comiss\u00e3o que ficar\u00e1 respons\u00e1vel pelos estudos que antecedem o seu novo edital de concurso p\u00fablico.","breadcrumb":{"@id":"https:\/\/www.estrategiaconcursos.com.br\/blog\/concurso-uea\/#breadcrumb"},"inLanguage":"pt-BR","potentialAction":[{"@type":"ReadAction","target":["https:\/\/www.estrategiaconcursos.com.br\/blog\/concurso-uea\/"]}]},{"@type":"ImageObject","inLanguage":"pt-BR","@id":"https:\/\/www.estrategiaconcursos.com.br\/blog\/concurso-uea\/#primaryimage","url":"https:\/\/dhg1h5j42swfq.cloudfront.net\/2022\/09\/06185737\/concursos_educacao.jpg","contentUrl":"https:\/\/dhg1h5j42swfq.cloudfront.net\/2022\/09\/06185737\/concursos_educacao.jpg","width":768,"height":432,"caption":"Concurso SME Indaial SP"},{"@type":"BreadcrumbList","@id":"https:\/\/www.estrategiaconcursos.com.br\/blog\/concurso-uea\/#breadcrumb","itemListElement":[{"@type":"ListItem","position":1,"name":"In\u00edcio","item":"https:\/\/www.estrategiaconcursos.com.br\/blog\/"},{"@type":"ListItem","position":2,"name":"Concurso UEA tem comiss\u00e3o formada! Edital em breve"}]},{"@type":"WebSite","@id":"https:\/\/www.estrategiaconcursos.com.br\/blog\/#website","url":"https:\/\/www.estrategiaconcursos.com.br\/blog\/","name":"Estrat\u00e9gia Concursos","description":"O blog da Estrat\u00e9gia Concursos traz not\u00edcias sobre concursos e artigos de professores oferecendo cursos para concursos (pdf + videaulas) no site.","publisher":{"@id":"https:\/\/www.estrategiaconcursos.com.br\/blog\/#organization"},"potentialAction":[{"@type":"SearchAction","target":{"@type":"EntryPoint","urlTemplate":"https:\/\/www.estrategiaconcursos.com.br\/blog\/?s={search_term_string}"},"query-input":{"@type":"PropertyValueSpecification","valueRequired":true,"valueName":"search_term_string"}}],"inLanguage":"pt-BR"},{"@type":"Organization","@id":"https:\/\/www.estrategiaconcursos.com.br\/blog\/#organization","name":"Estrat\u00e9gia Concursos","url":"https:\/\/www.estrategiaconcursos.com.br\/blog\/","logo":{"@type":"ImageObject","inLanguage":"pt-BR","@id":"https:\/\/www.estrategiaconcursos.com.br\/blog\/#\/schema\/logo\/image\/","url":"https:\/\/dhg1h5j42swfq.cloudfront.net\/2025\/06\/03203428\/logo_concursos-1.jpg","contentUrl":"https:\/\/dhg1h5j42swfq.cloudfront.net\/2025\/06\/03203428\/logo_concursos-1.jpg","width":230,"height":60,"caption":"Estrat\u00e9gia Concursos"},"image":{"@id":"https:\/\/www.estrategiaconcursos.com.br\/blog\/#\/schema\/logo\/image\/"},"sameAs":["https:\/\/x.com\/EstratConcursos"]},{"@type":"Person","@id":"https:\/\/www.estrategiaconcursos.com.br\/blog\/#\/schema\/person\/9b94727dcf4410f4a7931c83966c843b","name":"Let\u00edcia Teixeira","image":{"@type":"ImageObject","inLanguage":"pt-BR","@id":"https:\/\/secure.gravatar.com\/avatar\/fb589b06b881e20b676d08f9d03226d1e3291ba2f90e751ddc9ccb21abf0244d?s=96&d=mm&r=g","url":"https:\/\/secure.gravatar.com\/avatar\/fb589b06b881e20b676d08f9d03226d1e3291ba2f90e751ddc9ccb21abf0244d?s=96&d=mm&r=g","contentUrl":"https:\/\/secure.gravatar.com\/avatar\/fb589b06b881e20b676d08f9d03226d1e3291ba2f90e751ddc9ccb21abf0244d?s=96&d=mm&r=g","caption":"Let\u00edcia Teixeira"},"description":"Jornalista com experi\u00eancia de mais de quatro anos no segmento de concursos p\u00fablicos. Especializada em Narrativa Transm\u00eddia e Storytelling pela Universidade Cat\u00f3lica de Bras\u00edlia, com atua\u00e7\u00e3o nas \u00e1reas de SEO, conte\u00fado, Webwriting e Copywriting.","url":"https:\/\/www.estrategiaconcursos.com.br\/blog\/author\/leticia-teixeiraestrategia-com\/"}]}},"_links":{"self":[{"href":"https:\/\/www.estrategiaconcursos.com.br\/blog\/wp-json\/wp\/v2\/posts\/1674151","targetHints":{"allow":["GET"]}}],"collection":[{"href":"https:\/\/www.estrategiaconcursos.com.br\/blog\/wp-json\/wp\/v2\/posts"}],"about":[{"href":"https:\/\/www.estrategiaconcursos.com.br\/blog\/wp-json\/wp\/v2\/types\/post"}],"author":[{"embeddable":true,"href":"https:\/\/www.estrategiaconcursos.com.br\/blog\/wp-json\/wp\/v2\/users\/2319"}],"replies":[{"embeddable":true,"href":"https:\/\/www.estrategiaconcursos.com.br\/blog\/wp-json\/wp\/v2\/comments?post=1674151"}],"version-history":[{"count":3,"href":"https:\/\/www.estrategiaconcursos.com.br\/blog\/wp-json\/wp\/v2\/posts\/1674151\/revisions"}],"predecessor-version":[{"id":1674247,"href":"https:\/\/www.estrategiaconcursos.com.br\/blog\/wp-json\/wp\/v2\/posts\/1674151\/revisions\/1674247"}],"wp:featuredmedia":[{"embeddable":true,"href":"https:\/\/www.estrategiaconcursos.com.br\/blog\/wp-json\/wp\/v2\/media\/1090639"}],"wp:attachment":[{"href":"https:\/\/www.estrategiaconcursos.com.br\/blog\/wp-json\/wp\/v2\/media?parent=1674151"}],"wp:term":[{"taxonomy":"category","embeddable":true,"href":"https:\/\/www.estrategiaconcursos.com.br\/blog\/wp-json\/wp\/v2\/categories?post=1674151"},{"taxonomy":"post_tag","embeddable":true,"href":"https:\/\/www.estrategiaconcursos.com.br\/blog\/wp-json\/wp\/v2\/tags?post=1674151"},{"taxonomy":"tax_estado","embeddable":true,"href":"https:\/\/www.estrategiaconcursos.com.br\/blog\/wp-json\/wp\/v2\/tax_estado?post=1674151"}],"curies":[{"name":"wp","href":"https:\/\/api.w.org\/{rel}","templated":true}]}}