{"id":1673784,"date":"2026-02-25T11:32:00","date_gmt":"2026-02-25T14:32:00","guid":{"rendered":"https:\/\/www.estrategiaconcursos.com.br\/blog\/?p=1673784"},"modified":"2026-02-25T11:33:20","modified_gmt":"2026-02-25T14:33:20","slug":"concurso-sefaz-sp-edital-publicado","status":"publish","type":"post","link":"https:\/\/www.estrategiaconcursos.com.br\/blog\/concurso-sefaz-sp-edital-publicado\/","title":{"rendered":"Edital Sefaz SP: primeiro dia de provas em 28\/02!"},"content":{"rendered":"\n<p>Os candidatos inscritos no edital da <strong><a href=\"https:\/\/www.estrategiaconcursos.com.br\/cursosPorConcurso\/icms-sp-63\/\" target=\"_blank\" rel=\"noreferrer noopener\">Secretaria da Fazenda e Planejamento do Estado de S\u00e3o Paulo<\/a> (Sefaz SP) ser\u00e3o avaliados nos dias 28 de fevereiro e 1\u00ba de mar\u00e7o.<\/strong><\/p>\n\n\n\n<p>No primeiro dia de provas os candidatos ser\u00e3o avaliados por meio da <strong>Prova Objetiva P1 (Conhecimentos Gerais)<\/strong>. A organiza\u00e7\u00e3o \u00e9 por conta da <a href=\"https:\/\/www.concursosfcc.com.br\/concursos\/fazsp125\/index.html\" target=\"_blank\" rel=\"noreferrer noopener\">FCC<\/a>.<\/p>\n\n\n\n<p>Lembrando que o certame contempla <strong>200 vagas imediatas<\/strong> para o cargo de <strong>Auditor Fiscal da Receita Estadual<\/strong>, principal carreira do \u00f3rg\u00e3o.<\/p>\n\n\n\n<p>O sal\u00e1rio, inclusive, traz valores pra l\u00e1 de interessantes, chegando a surpreendentes <strong>R$ 21,1 mil<\/strong> inicialmente e atingindo, com gratifica\u00e7\u00f5es, <strong>o valor de R$ 30 mil l\u00edquido.<\/strong><\/p>\n\n\n\n<p class=\"has-text-align-center has-background has-medium-font-size\" style=\"background-color:#e1e6ea\"><strong><a href=\"https:\/\/www.estrategiaconcursos.com.br\/blog\/estrategia-aprovacoes-concursos-fiscais\/\" target=\"_blank\" rel=\"noreferrer noopener\">Aprova\u00e7\u00e3o em peso: Estrat\u00e9gia \u00e9 refer\u00eancia na \u00e1rea fiscal!<\/a><\/strong><a href=\"https:\/\/www.estrategiaconcursos.com.br\/blog\/author\/camila-leiteestrategiaconcursos-com-br\/\"><\/a><\/p>\n\n\n\n<div class=\"container\" id=\"boxes\">\n  <div class=\"row\">\n\n    <div class=\"col-sm\">\n      <div class=\"banner-sefaz-ec\" id=\"box-assinatura\">\n        <h2 class=\"titulo-assinatura\">Concurso Sefaz SP<\/h2>\n        <p class=\"subtitulo-assinatura\">Prepara\u00e7\u00e3o completa para a carreira na Sefaz SP<\/p>\n        <div class=\"box-botao\">\n          <a class=\"btn-assinatura\" target=\"_blank\" href=\"https:\/\/www.estrategiaconcursos.com.br\/cursosPorConcurso\/icms-sp-63\/\" role=\"button\" rel=\"noopener noreferrer\">VER CURSOS<\/a>\n        <\/div>\n      <\/div>\n    \n    <\/div>\n\n  <\/div>\n<\/div>\n\n\n\n<h2 class=\"wp-block-heading\" id=\"datas\">Edital Sefaz SP: principais datas<\/h2>\n\n\n\n<ul class=\"wp-block-list\">\n<li><strong>Qual o prazo de inscri\u00e7\u00f5es? <\/strong><s>03\/12 a 09\/01\/2026<\/s><\/li>\n\n\n\n<li><strong>At\u00e9 quando eu posso solicitar a isen\u00e7\u00e3o da taxa?<\/strong> <s>03 a 08\/12\/2025<\/s><\/li>\n\n\n\n<li><strong>At\u00e9 quando posso pagar a taxa?<\/strong> <s>at\u00e9 12\/01\/2026<\/s><\/li>\n\n\n\n<li><strong>Quando ser\u00e1 a prova?<\/strong> 28\/02 (P1) e 01\u00ba\/03\/2026 (P2 e P3)<\/li>\n<\/ul>\n\n\n\n<p>As provas ser\u00e3o aplicadas em <span style=\"text-decoration: underline;\">16 cidades do estado de S\u00e3o Paulo<\/span>, conforme a op\u00e7\u00e3o indicada pelo candidato no formul\u00e1rio de inscri\u00e7\u00e3o.<\/p>\n\n\n\n<figure class=\"wp-block-image aligncenter size-full\"><img loading=\"lazy\" decoding=\"async\" width=\"593\" height=\"597\" src=\"https:\/\/dhg1h5j42swfq.cloudfront.net\/2025\/11\/27013957\/screenshot-2025-11-27-at-01-39-41-edital-sefaz-sp-2025-pdf.png\" alt=\"Cidades de aplica\u00e7\u00e3o das provas do concurso Sefaz SP\" class=\"wp-image-1676386\" srcset=\"https:\/\/dhg1h5j42swfq.cloudfront.net\/2025\/11\/27013957\/screenshot-2025-11-27-at-01-39-41-edital-sefaz-sp-2025-pdf.png 593w, https:\/\/dhg1h5j42swfq.cloudfront.net\/2025\/11\/27013957\/screenshot-2025-11-27-at-01-39-41-edital-sefaz-sp-2025-pdf-298x300.png 298w, https:\/\/dhg1h5j42swfq.cloudfront.net\/2025\/11\/27013957\/screenshot-2025-11-27-at-01-39-41-edital-sefaz-sp-2025-pdf-150x151.png 150w, https:\/\/dhg1h5j42swfq.cloudfront.net\/2025\/11\/27013957\/screenshot-2025-11-27-at-01-39-41-edital-sefaz-sp-2025-pdf-96x96.png 96w\" sizes=\"auto, (max-width: 593px) 100vw, 593px\" \/><figcaption class=\"wp-element-caption\">Cidades de aplica\u00e7\u00e3o das provas do concurso Sefaz SP<\/figcaption><\/figure>\n\n\n\n<h2 class=\"wp-block-heading\" id=\"vagas-2\">Edital Sefaz SP: conhe\u00e7a quais s\u00e3o as vagas do concurso!<\/h2>\n\n\n\n<figure class=\"wp-block-table is-style-stripes\"><table><thead><tr><th class=\"has-text-align-center\" data-align=\"center\">Auditor Fiscal da Receita Estadual<\/th><th class=\"has-text-align-center\" data-align=\"center\">Vagas (imediatas + CR)<\/th><\/tr><\/thead><tbody><tr><td class=\"has-text-align-center\" data-align=\"center\">Gest\u00e3o Tribut\u00e1ria<\/td><td class=\"has-text-align-center\" data-align=\"center\">150<\/td><\/tr><tr><td class=\"has-text-align-center\" data-align=\"center\">Tecnologia da Informa\u00e7\u00e3o e Comunica\u00e7\u00e3o<\/td><td class=\"has-text-align-center\" data-align=\"center\">50<\/td><\/tr><\/tbody><\/table><\/figure>\n\n\n\n<figure class=\"wp-block-image aligncenter size-full\"><img loading=\"lazy\" decoding=\"async\" width=\"790\" height=\"317\" src=\"https:\/\/dhg1h5j42swfq.cloudfront.net\/2025\/11\/27013830\/image-320.png\" alt=\"Especialidades, vagas e remunera\u00e7\u00e3o do concurso Sefaz SP\" class=\"wp-image-1676385\" srcset=\"https:\/\/dhg1h5j42swfq.cloudfront.net\/2025\/11\/27013830\/image-320.png 790w, https:\/\/dhg1h5j42swfq.cloudfront.net\/2025\/11\/27013830\/image-320-300x120.png 300w, https:\/\/dhg1h5j42swfq.cloudfront.net\/2025\/11\/27013830\/image-320-768x308.png 768w, https:\/\/dhg1h5j42swfq.cloudfront.net\/2025\/11\/27013830\/image-320-150x60.png 150w\" sizes=\"auto, (max-width: 790px) 100vw, 790px\" \/><figcaption class=\"wp-element-caption\">Especialidades, vagas e remunera\u00e7\u00e3o do concurso Sefaz SP<\/figcaption><\/figure>\n\n\n\n<h3 class=\"wp-block-heading\" id=\"h-requisitos\">Requisitos<\/h3>\n\n\n\n<ul class=\"wp-block-list\">\n<li>Ter idade m\u00ednima de 18 anos<\/li>\n\n\n\n<li>Possuir diploma de conclus\u00e3o de curso superior, devidamente registrado no Minist\u00e9rio da Educa\u00e7\u00e3o \u2013 MEC<\/li>\n<\/ul>\n\n\n\n<h3 class=\"wp-block-heading\" id=\"h-atribuicoes\">Atribui\u00e7\u00f5es<\/h3>\n\n\n\n<ul class=\"wp-block-list\">\n<li>Fiscaliza\u00e7\u00e3o direta dos tributos estaduais;<\/li>\n\n\n\n<li>Fun\u00e7\u00f5es relacionadas com a subsecretaria, coordenadoria, dire\u00e7\u00e3o, inspe\u00e7\u00e3o, controle<br \/>da arrecada\u00e7\u00e3o de tributos, chefia, encarregatura, supervis\u00e3o, assessoramento, assist\u00eancia<br \/>e do planejamento da a\u00e7\u00e3o fiscal;<\/li>\n\n\n\n<li>Consultoria e orienta\u00e7\u00e3o tribut\u00e1ria;<\/li>\n\n\n\n<li>Representa\u00e7\u00e3o junto a \u00f3rg\u00e3os julgadores, julgamento em primeira inst\u00e2ncia do<br \/>contencioso administrativo tribut\u00e1rio;<\/li>\n\n\n\n<li>Correi\u00e7\u00e3o da fiscaliza\u00e7\u00e3o tribut\u00e1ria;<\/li>\n\n\n\n<li>Gest\u00e3o de projetos relacionados \u00e0 administra\u00e7\u00e3o tribut\u00e1ria;<\/li>\n\n\n\n<li>Planejamento estrat\u00e9gico da Subsecretaria da Receita Estadual; e<\/li>\n\n\n\n<li>Outras atividades ou fun\u00e7\u00f5es que venham a ser criadas por lei ou regulamento.<\/li>\n<\/ul>\n\n\n\n<h3 class=\"wp-block-heading\" id=\"beneficios\">Benef\u00edcios<\/h3>\n\n\n\n<ul class=\"wp-block-list\">\n<li><strong>Acolhimento Infantil <\/strong>(para filhos ou dependentes legais at\u00e9 4 anos incompletos) &#8211; Benef\u00edcio indireto: atendimento em pr\u00e9dio pr\u00f3prio (Capital) e credenciamento de escolas (Regionais)<\/li>\n\n\n\n<li><strong>Adicional de Transporte<\/strong>* &#8211; R$ 4.927,02<\/li>\n\n\n\n<li><strong>Pr\u00eamio de Produtividade \u2013 Externo*<\/strong>* &#8211; As quotas s\u00e3o vari\u00e1veis, sendo mensuradas mensalmente, podendo ser de at\u00e9 2.700 quotas<\/li>\n\n\n\n<li><strong>Vale Refei\u00e7\u00e3o<\/strong> &#8211; R$ 50,00 por dia \u00fatil trabalhado (aproximadamente R$ 1.110,00).<\/li>\n<\/ul>\n\n\n\n<p><strong>*<\/strong>O limite m\u00e1ximo de percep\u00e7\u00e3o do Adicional de Transporte n\u00e3o poder\u00e1 ultrapassar 28,5% do valor da parte fixa da remunera\u00e7\u00e3o do AFRE N\u00edvel VI. O valor do AT ser\u00e1 pago: integralmente ao AFRE que tenha exercido, pelo menos, 20 dias\/m\u00eas, considerados os dias trabalhados aos s\u00e1bados, domingos e feriados, de acordo com o disposto no artigo 4\u00ba da LC n\u00ba 1.059\/2008. O AT n\u00e3o pode ser recebido concomitantemente com o aux\u00edlio pecuni\u00e1rio da LC. 1320\/2018.<\/p>\n\n\n\n<p><strong>**<\/strong>Para fins de pagamento, o valor unit\u00e1rio da quota, conforme consta no \u00a7 4, do artigo 16, Lei Complementar n\u00ba 1.059\/2008 e altera\u00e7\u00f5es posteriores, neste momento, \u00e9 de 2,8813.<\/p>\n\n\n\n<h2 class=\"wp-block-heading\" id=\"etapas-2\">Edital Sefaz SP: etapas de provas<\/h2>\n\n\n\n<p>O certame constar\u00e1 de etapa \u00fanica, sendo de 3 (tr\u00eas) provas objetivas:<\/p>\n\n\n\n<ul class=\"wp-block-list\">\n<li><strong>Prova Objetiva P1 (Conhecimentos Gerais): <\/strong>28\/02\/2026<\/li>\n\n\n\n<li><strong>Prova Objetiva P2 (Conhecimentos B\u00e1sicos): <\/strong>01\/03\/2026 &#8211; turno da manh\u00e3<\/li>\n\n\n\n<li><strong>Prova Objetiva P3 (Conhecimentos Espec\u00edficos:<\/strong> 01\/03\/2026 &#8211; turno da tarde<\/li>\n<\/ul>\n\n\n\n<h3 class=\"wp-block-heading\" id=\"objetiva\">Prova objetiva<\/h3>\n\n\n\n<p>Com dura\u00e7\u00e3o de 4 horas, as avalia\u00e7\u00f5es objetivas ser\u00e3o aplicadas em fevereiro e mar\u00e7o, constando de 80 e 100 quest\u00f5es de m\u00faltipla escolha, com 5 alternativas e apenas uma a correta.<\/p>\n\n\n\n<figure class=\"wp-block-image aligncenter size-full\"><img loading=\"lazy\" decoding=\"async\" width=\"637\" height=\"820\" src=\"https:\/\/dhg1h5j42swfq.cloudfront.net\/2025\/11\/27013731\/image-319.png\" alt=\"Provas do concurso Sefaz SP\" class=\"wp-image-1676384\" srcset=\"https:\/\/dhg1h5j42swfq.cloudfront.net\/2025\/11\/27013731\/image-319.png 637w, https:\/\/dhg1h5j42swfq.cloudfront.net\/2025\/11\/27013731\/image-319-233x300.png 233w, https:\/\/dhg1h5j42swfq.cloudfront.net\/2025\/11\/27013731\/image-319-150x193.png 150w\" sizes=\"auto, (max-width: 637px) 100vw, 637px\" \/><figcaption class=\"wp-element-caption\">Provas do concurso Sefaz SP<\/figcaption><\/figure>\n\n\n\n<p>Ser\u00e1 considerado habilitado nas Provas Objetivas do edital Sefaz SP o candidato que, concomitantemente:<\/p>\n\n\n\n<ul class=\"wp-block-list\">\n<li>tiver obtido nas Provas 1, 2 e 3, no m\u00ednimo, 50% do total de pontos em cada uma; e<\/li>\n\n\n\n<li>tiver obtido, no m\u00ednimo, 60% do total geral de pontos ponderados nas 3 provas (Provas 1, 2 e 3).<\/li>\n<\/ul>\n\n\n\n<p class=\"has-text-align-center\"><em>Quer saber mais informa\u00e7\u00f5es sobre o concurso Sefaz SP, al\u00e9m do edital publicado? Ent\u00e3o, confira o nosso artigo completo!<\/em><\/p>\n\n\n\n<p class=\"has-text-align-center has-cyan-bluish-gray-background-color has-background\" style=\"font-size:clamp(14.642px, 0.915rem + ((1vw - 3.2px) * 0.721), 22px);\"><a href=\"https:\/\/www.estrategiaconcursos.com.br\/blog\/concurso-sefaz-sp\/\" target=\"_blank\" rel=\"noreferrer noopener\"><strong>Mais informa\u00e7\u00f5es sobre o concurso Sefaz SP<\/strong><\/a><\/p>\n\n\n\n<hr class=\"wp-block-separator has-css-opacity\"\/>\n\n\n\n<h2 class=\"wp-block-heading has-text-align-center\" id=\"cursos-assinatura\"><em>Quer estudar para o concurso Sefaz SP?<\/em><\/h2>\n\n\n\n<div class=\"container\" id=\"boxes\">\n  <div class=\"row\">\n\n    <div class=\"col-sm\">\n      <div class=\"banner-sefaz-ec\" id=\"box-assinatura\">\n        <h2 class=\"titulo-assinatura\">Concurso Sefaz SP<\/h2>\n        <p class=\"subtitulo-assinatura\">Prepara\u00e7\u00e3o completa para a carreira na Sefaz SP<\/p>\n        <div class=\"box-botao\">\n          <a class=\"btn-assinatura\" target=\"_blank\" href=\"https:\/\/www.estrategiaconcursos.com.br\/cursosPorConcurso\/icms-sp-63\/\" role=\"button\" rel=\"noopener noreferrer\">VER CURSOS<\/a>\n        <\/div>\n      <\/div>\n    \n    <\/div>\n\n  <\/div>\n<\/div>\n\n\n\n<div class=\"container\" id=\"boxes\">\n  <div class=\"row\">\n\n    <div class=\"col-sm\">\n      <div class=\"estrategia\" id=\"box-assinatura\">\n        <h3 class=\"titulo-assinatura\">Assinatura Concursos<\/h3>\n        <p class=\"subtitulo-assinatura\">Assinatura de 1 ano ou 2 anos<\/p>\n        <div class=\"box-botao\">\n          <a class=\"btn-assinatura\" target=\"_blank\" href=\"https:\/\/www.estrategiaconcursos.com.br\/assinaturas\/\" role=\"button\" rel=\"noopener noreferrer\">ASSINE AGORA<\/a>\n        <\/div>\n      <\/div>\n     \n    <\/div><\/div><\/div>\n\n\n\n<h2 class=\"wp-block-heading has-text-align-center\" id=\"h-quer-saber-tudo-sobre-concursos-previstos-confira-nossos-artigos\">Quer saber tudo sobre concursos previstos?<br \/>Confira nossos artigos!<\/h2>\n\n\n\n<ul class=\"wp-block-list\">\n<li><a href=\"https:\/\/www.estrategiaconcursos.com.br\/blog\/concursos-abertos\/\" target=\"_blank\" rel=\"noreferrer noopener\">Concursos Abertos<\/a><\/li>\n\n\n\n<li><a href=\"https:\/\/www.estrategiaconcursos.com.br\/blog\/concursos-fiscais\/\" target=\"_blank\" rel=\"noreferrer noopener\">Concursos Fiscais<\/a><\/li>\n\n\n\n<li><a href=\"https:\/\/www.estrategiaconcursos.com.br\/blog\/concursos-2026\/\" target=\"_blank\" rel=\"noreferrer noopener\">Concursos 2026<\/a><\/li>\n\n\n\n<li><a href=\"https:\/\/www.estrategiaconcursos.com.br\/blog\/concursos-sp\/\" target=\"_blank\" rel=\"noreferrer noopener\">Concursos SP<\/a><\/li>\n<\/ul>\n\n\n\n<figure class=\"wp-block-image size-large is-resized\"><img loading=\"lazy\" decoding=\"async\" width=\"1024\" height=\"632\" src=\"https:\/\/dhg1h5j42swfq.cloudfront.net\/2025\/06\/27101122\/ficha-tecnica-1-1024x632.png\" alt=\"Ficha t\u00e9cnica do concurso Sefaz SP\" class=\"wp-image-702728\" style=\"width:271px;height:167px\" srcset=\"https:\/\/dhg1h5j42swfq.cloudfront.net\/2025\/06\/27101122\/ficha-tecnica-1-1024x632.png 1024w, https:\/\/dhg1h5j42swfq.cloudfront.net\/2025\/06\/27101122\/ficha-tecnica-1-300x185.png 300w, https:\/\/dhg1h5j42swfq.cloudfront.net\/2025\/06\/27101122\/ficha-tecnica-1-768x474.png 768w, https:\/\/dhg1h5j42swfq.cloudfront.net\/2025\/06\/27101122\/ficha-tecnica-1-1536x948.png 1536w, https:\/\/dhg1h5j42swfq.cloudfront.net\/2025\/06\/27101122\/ficha-tecnica-1-610x377.png 610w, https:\/\/dhg1h5j42swfq.cloudfront.net\/2025\/06\/27101122\/ficha-tecnica-1.png 1571w\" sizes=\"auto, (max-width: 1024px) 100vw, 1024px\" \/><\/figure>\n\n\n\n<h3 class=\"wp-block-heading\" id=\"ficha\"><strong>Informa\u00e7\u00f5es do novo concurso Sefaz SP &#8211; Auditor Fiscal<\/strong><\/h3>\n\n\n\n<ul class=\"wp-block-list\">\n<li><strong>Data da prova<\/strong>: 28\/02 e 01\/03\/2026<\/li>\n\n\n\n<li><strong>Vagas<\/strong>: 200<\/li>\n\n\n\n<li><strong>Cargos: <\/strong>Auditor Fiscal<\/li>\n\n\n\n<li><strong>Banca<\/strong>: FCC<\/li>\n\n\n\n<li><strong>Escolaridade<\/strong>: n\u00edvel superior<\/li>\n\n\n\n<li><strong>Edital:<\/strong> <a href=\"https:\/\/dhg1h5j42swfq.cloudfront.net\/2025\/11\/27084229\/edital-concurso-sefaz-sp-2025.pdf\" target=\"_blank\" rel=\"noreferrer noopener nofollow\">Sefaz SP &#8211; 2025<\/a><\/li>\n<\/ul>\n","protected":false},"excerpt":{"rendered":"<p>Os candidatos inscritos no edital da Secretaria da Fazenda e Planejamento do Estado de S\u00e3o Paulo (Sefaz SP) ser\u00e3o avaliados nos dias 28 de fevereiro e 1\u00ba de mar\u00e7o. No primeiro dia de provas os candidatos ser\u00e3o avaliados por meio da Prova Objetiva P1 (Conhecimentos Gerais). A organiza\u00e7\u00e3o \u00e9 por conta da FCC. Lembrando que [&hellip;]<\/p>\n","protected":false},"author":643,"featured_media":1678408,"comment_status":"open","ping_status":"closed","sticky":false,"template":"","format":"standard","meta":{"post_tipo":"news","footnotes":""},"categories":[1983,220219],"tags":[],"tax_estado":[219989],"class_list":["post-1673784","post","type-post","status-publish","format-standard","has-post-thumbnail","hentry","category-fiscal-estadual","category-noticias","tax_estado-sp"],"acf":[],"yoast_head":"<!-- This site is optimized with the Yoast SEO Premium plugin v27.2 (Yoast SEO v27.2) - https:\/\/yoast.com\/product\/yoast-seo-premium-wordpress\/ -->\n<title>Edital Sefaz SP: primeiro dia de provas em 28\/02!<\/title>\n<meta name=\"description\" content=\"Edital Sefaz SP: s\u00e3o 200 vagas para o cargo de Auditor Fiscal, que possui um sal\u00e1rio inicial de R$ 21,1 mil. Provas em fevereiro e mar\u00e7o!\" \/>\n<meta name=\"robots\" content=\"index, follow, max-snippet:-1, max-image-preview:large, max-video-preview:-1\" \/>\n<link rel=\"canonical\" href=\"https:\/\/www.estrategiaconcursos.com.br\/blog\/concurso-sefaz-sp-edital-publicado\/\" \/>\n<meta property=\"og:locale\" content=\"pt_BR\" \/>\n<meta property=\"og:type\" content=\"article\" \/>\n<meta property=\"og:title\" content=\"Edital Sefaz SP: primeiro dia de provas em 28\/02!\" \/>\n<meta property=\"og:description\" content=\"Edital Sefaz SP: s\u00e3o 200 vagas para o cargo de Auditor Fiscal, que possui um sal\u00e1rio inicial de R$ 21,1 mil. Provas em fevereiro e mar\u00e7o!\" \/>\n<meta property=\"og:url\" content=\"https:\/\/www.estrategiaconcursos.com.br\/blog\/concurso-sefaz-sp-edital-publicado\/\" \/>\n<meta property=\"og:site_name\" content=\"Estrat\u00e9gia Concursos\" \/>\n<meta property=\"article:published_time\" content=\"2026-02-25T14:32:00+00:00\" \/>\n<meta property=\"article:modified_time\" content=\"2026-02-25T14:33:20+00:00\" \/>\n<meta property=\"og:image\" content=\"https:\/\/dhg1h5j42swfq.cloudfront.net\/2025\/12\/02072115\/image-7.png\" \/>\n\t<meta property=\"og:image:width\" content=\"465\" \/>\n\t<meta property=\"og:image:height\" content=\"243\" \/>\n\t<meta property=\"og:image:type\" content=\"image\/png\" \/>\n<meta name=\"author\" content=\"F\u00e1bio Scaldelai\" \/>\n<meta name=\"twitter:card\" content=\"summary_large_image\" \/>\n<meta name=\"twitter:creator\" content=\"@EstratConcursos\" \/>\n<meta name=\"twitter:site\" content=\"@EstratConcursos\" \/>\n<meta name=\"twitter:label1\" content=\"Escrito por\" \/>\n\t<meta name=\"twitter:data1\" content=\"F\u00e1bio Scaldelai\" \/>\n\t<meta name=\"twitter:label2\" content=\"Est. tempo de leitura\" \/>\n\t<meta name=\"twitter:data2\" content=\"4 minutos\" \/>\n<script type=\"application\/ld+json\" class=\"yoast-schema-graph\">{\"@context\":\"https:\/\/schema.org\",\"@graph\":[{\"@type\":\"NewsArticle\",\"@id\":\"https:\/\/www.estrategiaconcursos.com.br\/blog\/concurso-sefaz-sp-edital-publicado\/#article\",\"isPartOf\":{\"@id\":\"https:\/\/www.estrategiaconcursos.com.br\/blog\/concurso-sefaz-sp-edital-publicado\/\"},\"author\":{\"name\":\"F\u00e1bio Scaldelai\",\"@id\":\"https:\/\/www.estrategiaconcursos.com.br\/blog\/#\/schema\/person\/b27f725b445a1519b2f20bf79001496d\"},\"headline\":\"Edital Sefaz SP: primeiro dia de provas em 28\/02!\",\"datePublished\":\"2026-02-25T14:32:00+00:00\",\"dateModified\":\"2026-02-25T14:33:20+00:00\",\"mainEntityOfPage\":{\"@id\":\"https:\/\/www.estrategiaconcursos.com.br\/blog\/concurso-sefaz-sp-edital-publicado\/\"},\"wordCount\":776,\"commentCount\":0,\"publisher\":{\"@id\":\"https:\/\/www.estrategiaconcursos.com.br\/blog\/#organization\"},\"image\":{\"@id\":\"https:\/\/www.estrategiaconcursos.com.br\/blog\/concurso-sefaz-sp-edital-publicado\/#primaryimage\"},\"thumbnailUrl\":\"https:\/\/dhg1h5j42swfq.cloudfront.net\/2025\/12\/02072115\/image-7.png\",\"articleSection\":[\"Fiscal - Estadual (ICMS)\",\"\u00daltimas not\u00edcias\"],\"inLanguage\":\"pt-BR\",\"potentialAction\":[{\"@type\":\"CommentAction\",\"name\":\"Comment\",\"target\":[\"https:\/\/www.estrategiaconcursos.com.br\/blog\/concurso-sefaz-sp-edital-publicado\/#respond\"]}],\"copyrightYear\":\"2026\",\"copyrightHolder\":{\"@id\":\"https:\/\/www.estrategiaconcursos.com.br\/blog\/#organization\"}},{\"@type\":\"WebPage\",\"@id\":\"https:\/\/www.estrategiaconcursos.com.br\/blog\/concurso-sefaz-sp-edital-publicado\/\",\"url\":\"https:\/\/www.estrategiaconcursos.com.br\/blog\/concurso-sefaz-sp-edital-publicado\/\",\"name\":\"Edital Sefaz SP: primeiro dia de provas em 28\/02!\",\"isPartOf\":{\"@id\":\"https:\/\/www.estrategiaconcursos.com.br\/blog\/#website\"},\"primaryImageOfPage\":{\"@id\":\"https:\/\/www.estrategiaconcursos.com.br\/blog\/concurso-sefaz-sp-edital-publicado\/#primaryimage\"},\"image\":{\"@id\":\"https:\/\/www.estrategiaconcursos.com.br\/blog\/concurso-sefaz-sp-edital-publicado\/#primaryimage\"},\"thumbnailUrl\":\"https:\/\/dhg1h5j42swfq.cloudfront.net\/2025\/12\/02072115\/image-7.png\",\"datePublished\":\"2026-02-25T14:32:00+00:00\",\"dateModified\":\"2026-02-25T14:33:20+00:00\",\"description\":\"Edital Sefaz SP: s\u00e3o 200 vagas para o cargo de Auditor Fiscal, que possui um sal\u00e1rio inicial de R$ 21,1 mil. Provas em fevereiro e mar\u00e7o!\",\"breadcrumb\":{\"@id\":\"https:\/\/www.estrategiaconcursos.com.br\/blog\/concurso-sefaz-sp-edital-publicado\/#breadcrumb\"},\"inLanguage\":\"pt-BR\",\"potentialAction\":[{\"@type\":\"ReadAction\",\"target\":[\"https:\/\/www.estrategiaconcursos.com.br\/blog\/concurso-sefaz-sp-edital-publicado\/\"]}]},{\"@type\":\"ImageObject\",\"inLanguage\":\"pt-BR\",\"@id\":\"https:\/\/www.estrategiaconcursos.com.br\/blog\/concurso-sefaz-sp-edital-publicado\/#primaryimage\",\"url\":\"https:\/\/dhg1h5j42swfq.cloudfront.net\/2025\/12\/02072115\/image-7.png\",\"contentUrl\":\"https:\/\/dhg1h5j42swfq.cloudfront.net\/2025\/12\/02072115\/image-7.png\",\"width\":465,\"height\":243,\"caption\":\"Edital Sefaz SP\"},{\"@type\":\"BreadcrumbList\",\"@id\":\"https:\/\/www.estrategiaconcursos.com.br\/blog\/concurso-sefaz-sp-edital-publicado\/#breadcrumb\",\"itemListElement\":[{\"@type\":\"ListItem\",\"position\":1,\"name\":\"In\u00edcio\",\"item\":\"https:\/\/www.estrategiaconcursos.com.br\/blog\/\"},{\"@type\":\"ListItem\",\"position\":2,\"name\":\"Edital Sefaz SP: primeiro dia de provas em 28\/02!\"}]},{\"@type\":\"WebSite\",\"@id\":\"https:\/\/www.estrategiaconcursos.com.br\/blog\/#website\",\"url\":\"https:\/\/www.estrategiaconcursos.com.br\/blog\/\",\"name\":\"Estrat\u00e9gia Concursos\",\"description\":\"O blog da Estrat\u00e9gia Concursos traz not\u00edcias sobre concursos e artigos de professores oferecendo cursos para concursos (pdf + videaulas) no site.\",\"publisher\":{\"@id\":\"https:\/\/www.estrategiaconcursos.com.br\/blog\/#organization\"},\"potentialAction\":[{\"@type\":\"SearchAction\",\"target\":{\"@type\":\"EntryPoint\",\"urlTemplate\":\"https:\/\/www.estrategiaconcursos.com.br\/blog\/?s={search_term_string}\"},\"query-input\":{\"@type\":\"PropertyValueSpecification\",\"valueRequired\":true,\"valueName\":\"search_term_string\"}}],\"inLanguage\":\"pt-BR\"},{\"@type\":\"Organization\",\"@id\":\"https:\/\/www.estrategiaconcursos.com.br\/blog\/#organization\",\"name\":\"Estrat\u00e9gia Concursos\",\"url\":\"https:\/\/www.estrategiaconcursos.com.br\/blog\/\",\"logo\":{\"@type\":\"ImageObject\",\"inLanguage\":\"pt-BR\",\"@id\":\"https:\/\/www.estrategiaconcursos.com.br\/blog\/#\/schema\/logo\/image\/\",\"url\":\"https:\/\/dhg1h5j42swfq.cloudfront.net\/2025\/06\/03203428\/logo_concursos-1.jpg\",\"contentUrl\":\"https:\/\/dhg1h5j42swfq.cloudfront.net\/2025\/06\/03203428\/logo_concursos-1.jpg\",\"width\":230,\"height\":60,\"caption\":\"Estrat\u00e9gia Concursos\"},\"image\":{\"@id\":\"https:\/\/www.estrategiaconcursos.com.br\/blog\/#\/schema\/logo\/image\/\"},\"sameAs\":[\"https:\/\/x.com\/EstratConcursos\"]},{\"@type\":\"Person\",\"@id\":\"https:\/\/www.estrategiaconcursos.com.br\/blog\/#\/schema\/person\/b27f725b445a1519b2f20bf79001496d\",\"name\":\"F\u00e1bio Scaldelai\",\"image\":{\"@type\":\"ImageObject\",\"inLanguage\":\"pt-BR\",\"@id\":\"https:\/\/secure.gravatar.com\/avatar\/d87536a395daa9c44d428de53feb744c60ed200e5635eefecfcfa4cdd3fbd7dc?s=96&d=mm&r=g\",\"url\":\"https:\/\/secure.gravatar.com\/avatar\/d87536a395daa9c44d428de53feb744c60ed200e5635eefecfcfa4cdd3fbd7dc?s=96&d=mm&r=g\",\"contentUrl\":\"https:\/\/secure.gravatar.com\/avatar\/d87536a395daa9c44d428de53feb744c60ed200e5635eefecfcfa4cdd3fbd7dc?s=96&d=mm&r=g\",\"caption\":\"F\u00e1bio Scaldelai\"},\"url\":\"https:\/\/www.estrategiaconcursos.com.br\/blog\/author\/fabio-scaldelai\/\"}]}<\/script>\n<!-- \/ Yoast SEO Premium plugin. -->","yoast_head_json":{"title":"Edital Sefaz SP: primeiro dia de provas em 28\/02!","description":"Edital Sefaz SP: s\u00e3o 200 vagas para o cargo de Auditor Fiscal, que possui um sal\u00e1rio inicial de R$ 21,1 mil. Provas em fevereiro e mar\u00e7o!","robots":{"index":"index","follow":"follow","max-snippet":"max-snippet:-1","max-image-preview":"max-image-preview:large","max-video-preview":"max-video-preview:-1"},"canonical":"https:\/\/www.estrategiaconcursos.com.br\/blog\/concurso-sefaz-sp-edital-publicado\/","og_locale":"pt_BR","og_type":"article","og_title":"Edital Sefaz SP: primeiro dia de provas em 28\/02!","og_description":"Edital Sefaz SP: s\u00e3o 200 vagas para o cargo de Auditor Fiscal, que possui um sal\u00e1rio inicial de R$ 21,1 mil. Provas em fevereiro e mar\u00e7o!","og_url":"https:\/\/www.estrategiaconcursos.com.br\/blog\/concurso-sefaz-sp-edital-publicado\/","og_site_name":"Estrat\u00e9gia Concursos","article_published_time":"2026-02-25T14:32:00+00:00","article_modified_time":"2026-02-25T14:33:20+00:00","og_image":[{"width":465,"height":243,"url":"https:\/\/dhg1h5j42swfq.cloudfront.net\/2025\/12\/02072115\/image-7.png","type":"image\/png"}],"author":"F\u00e1bio Scaldelai","twitter_card":"summary_large_image","twitter_creator":"@EstratConcursos","twitter_site":"@EstratConcursos","twitter_misc":{"Escrito por":"F\u00e1bio Scaldelai","Est. tempo de leitura":"4 minutos"},"schema":{"@context":"https:\/\/schema.org","@graph":[{"@type":"NewsArticle","@id":"https:\/\/www.estrategiaconcursos.com.br\/blog\/concurso-sefaz-sp-edital-publicado\/#article","isPartOf":{"@id":"https:\/\/www.estrategiaconcursos.com.br\/blog\/concurso-sefaz-sp-edital-publicado\/"},"author":{"name":"F\u00e1bio Scaldelai","@id":"https:\/\/www.estrategiaconcursos.com.br\/blog\/#\/schema\/person\/b27f725b445a1519b2f20bf79001496d"},"headline":"Edital Sefaz SP: primeiro dia de provas em 28\/02!","datePublished":"2026-02-25T14:32:00+00:00","dateModified":"2026-02-25T14:33:20+00:00","mainEntityOfPage":{"@id":"https:\/\/www.estrategiaconcursos.com.br\/blog\/concurso-sefaz-sp-edital-publicado\/"},"wordCount":776,"commentCount":0,"publisher":{"@id":"https:\/\/www.estrategiaconcursos.com.br\/blog\/#organization"},"image":{"@id":"https:\/\/www.estrategiaconcursos.com.br\/blog\/concurso-sefaz-sp-edital-publicado\/#primaryimage"},"thumbnailUrl":"https:\/\/dhg1h5j42swfq.cloudfront.net\/2025\/12\/02072115\/image-7.png","articleSection":["Fiscal - Estadual (ICMS)","\u00daltimas not\u00edcias"],"inLanguage":"pt-BR","potentialAction":[{"@type":"CommentAction","name":"Comment","target":["https:\/\/www.estrategiaconcursos.com.br\/blog\/concurso-sefaz-sp-edital-publicado\/#respond"]}],"copyrightYear":"2026","copyrightHolder":{"@id":"https:\/\/www.estrategiaconcursos.com.br\/blog\/#organization"}},{"@type":"WebPage","@id":"https:\/\/www.estrategiaconcursos.com.br\/blog\/concurso-sefaz-sp-edital-publicado\/","url":"https:\/\/www.estrategiaconcursos.com.br\/blog\/concurso-sefaz-sp-edital-publicado\/","name":"Edital Sefaz SP: primeiro dia de provas em 28\/02!","isPartOf":{"@id":"https:\/\/www.estrategiaconcursos.com.br\/blog\/#website"},"primaryImageOfPage":{"@id":"https:\/\/www.estrategiaconcursos.com.br\/blog\/concurso-sefaz-sp-edital-publicado\/#primaryimage"},"image":{"@id":"https:\/\/www.estrategiaconcursos.com.br\/blog\/concurso-sefaz-sp-edital-publicado\/#primaryimage"},"thumbnailUrl":"https:\/\/dhg1h5j42swfq.cloudfront.net\/2025\/12\/02072115\/image-7.png","datePublished":"2026-02-25T14:32:00+00:00","dateModified":"2026-02-25T14:33:20+00:00","description":"Edital Sefaz SP: s\u00e3o 200 vagas para o cargo de Auditor Fiscal, que possui um sal\u00e1rio inicial de R$ 21,1 mil. Provas em fevereiro e mar\u00e7o!","breadcrumb":{"@id":"https:\/\/www.estrategiaconcursos.com.br\/blog\/concurso-sefaz-sp-edital-publicado\/#breadcrumb"},"inLanguage":"pt-BR","potentialAction":[{"@type":"ReadAction","target":["https:\/\/www.estrategiaconcursos.com.br\/blog\/concurso-sefaz-sp-edital-publicado\/"]}]},{"@type":"ImageObject","inLanguage":"pt-BR","@id":"https:\/\/www.estrategiaconcursos.com.br\/blog\/concurso-sefaz-sp-edital-publicado\/#primaryimage","url":"https:\/\/dhg1h5j42swfq.cloudfront.net\/2025\/12\/02072115\/image-7.png","contentUrl":"https:\/\/dhg1h5j42swfq.cloudfront.net\/2025\/12\/02072115\/image-7.png","width":465,"height":243,"caption":"Edital Sefaz SP"},{"@type":"BreadcrumbList","@id":"https:\/\/www.estrategiaconcursos.com.br\/blog\/concurso-sefaz-sp-edital-publicado\/#breadcrumb","itemListElement":[{"@type":"ListItem","position":1,"name":"In\u00edcio","item":"https:\/\/www.estrategiaconcursos.com.br\/blog\/"},{"@type":"ListItem","position":2,"name":"Edital Sefaz SP: primeiro dia de provas em 28\/02!"}]},{"@type":"WebSite","@id":"https:\/\/www.estrategiaconcursos.com.br\/blog\/#website","url":"https:\/\/www.estrategiaconcursos.com.br\/blog\/","name":"Estrat\u00e9gia Concursos","description":"O blog da Estrat\u00e9gia Concursos traz not\u00edcias sobre concursos e artigos de professores oferecendo cursos para concursos (pdf + videaulas) no site.","publisher":{"@id":"https:\/\/www.estrategiaconcursos.com.br\/blog\/#organization"},"potentialAction":[{"@type":"SearchAction","target":{"@type":"EntryPoint","urlTemplate":"https:\/\/www.estrategiaconcursos.com.br\/blog\/?s={search_term_string}"},"query-input":{"@type":"PropertyValueSpecification","valueRequired":true,"valueName":"search_term_string"}}],"inLanguage":"pt-BR"},{"@type":"Organization","@id":"https:\/\/www.estrategiaconcursos.com.br\/blog\/#organization","name":"Estrat\u00e9gia Concursos","url":"https:\/\/www.estrategiaconcursos.com.br\/blog\/","logo":{"@type":"ImageObject","inLanguage":"pt-BR","@id":"https:\/\/www.estrategiaconcursos.com.br\/blog\/#\/schema\/logo\/image\/","url":"https:\/\/dhg1h5j42swfq.cloudfront.net\/2025\/06\/03203428\/logo_concursos-1.jpg","contentUrl":"https:\/\/dhg1h5j42swfq.cloudfront.net\/2025\/06\/03203428\/logo_concursos-1.jpg","width":230,"height":60,"caption":"Estrat\u00e9gia Concursos"},"image":{"@id":"https:\/\/www.estrategiaconcursos.com.br\/blog\/#\/schema\/logo\/image\/"},"sameAs":["https:\/\/x.com\/EstratConcursos"]},{"@type":"Person","@id":"https:\/\/www.estrategiaconcursos.com.br\/blog\/#\/schema\/person\/b27f725b445a1519b2f20bf79001496d","name":"F\u00e1bio Scaldelai","image":{"@type":"ImageObject","inLanguage":"pt-BR","@id":"https:\/\/secure.gravatar.com\/avatar\/d87536a395daa9c44d428de53feb744c60ed200e5635eefecfcfa4cdd3fbd7dc?s=96&d=mm&r=g","url":"https:\/\/secure.gravatar.com\/avatar\/d87536a395daa9c44d428de53feb744c60ed200e5635eefecfcfa4cdd3fbd7dc?s=96&d=mm&r=g","contentUrl":"https:\/\/secure.gravatar.com\/avatar\/d87536a395daa9c44d428de53feb744c60ed200e5635eefecfcfa4cdd3fbd7dc?s=96&d=mm&r=g","caption":"F\u00e1bio Scaldelai"},"url":"https:\/\/www.estrategiaconcursos.com.br\/blog\/author\/fabio-scaldelai\/"}]}},"_links":{"self":[{"href":"https:\/\/www.estrategiaconcursos.com.br\/blog\/wp-json\/wp\/v2\/posts\/1673784","targetHints":{"allow":["GET"]}}],"collection":[{"href":"https:\/\/www.estrategiaconcursos.com.br\/blog\/wp-json\/wp\/v2\/posts"}],"about":[{"href":"https:\/\/www.estrategiaconcursos.com.br\/blog\/wp-json\/wp\/v2\/types\/post"}],"author":[{"embeddable":true,"href":"https:\/\/www.estrategiaconcursos.com.br\/blog\/wp-json\/wp\/v2\/users\/643"}],"replies":[{"embeddable":true,"href":"https:\/\/www.estrategiaconcursos.com.br\/blog\/wp-json\/wp\/v2\/comments?post=1673784"}],"version-history":[{"count":20,"href":"https:\/\/www.estrategiaconcursos.com.br\/blog\/wp-json\/wp\/v2\/posts\/1673784\/revisions"}],"predecessor-version":[{"id":1720966,"href":"https:\/\/www.estrategiaconcursos.com.br\/blog\/wp-json\/wp\/v2\/posts\/1673784\/revisions\/1720966"}],"wp:featuredmedia":[{"embeddable":true,"href":"https:\/\/www.estrategiaconcursos.com.br\/blog\/wp-json\/wp\/v2\/media\/1678408"}],"wp:attachment":[{"href":"https:\/\/www.estrategiaconcursos.com.br\/blog\/wp-json\/wp\/v2\/media?parent=1673784"}],"wp:term":[{"taxonomy":"category","embeddable":true,"href":"https:\/\/www.estrategiaconcursos.com.br\/blog\/wp-json\/wp\/v2\/categories?post=1673784"},{"taxonomy":"post_tag","embeddable":true,"href":"https:\/\/www.estrategiaconcursos.com.br\/blog\/wp-json\/wp\/v2\/tags?post=1673784"},{"taxonomy":"tax_estado","embeddable":true,"href":"https:\/\/www.estrategiaconcursos.com.br\/blog\/wp-json\/wp\/v2\/tax_estado?post=1673784"}],"curies":[{"name":"wp","href":"https:\/\/api.w.org\/{rel}","templated":true}]}}