{"id":1673511,"date":"2026-01-27T10:02:00","date_gmt":"2026-01-27T13:02:00","guid":{"rendered":"https:\/\/www.estrategiaconcursos.com.br\/blog\/?p=1673511"},"modified":"2026-01-27T18:04:17","modified_gmt":"2026-01-27T21:04:17","slug":"concurso-prefeitura-mato-castelhano","status":"publish","type":"post","link":"https:\/\/www.estrategiaconcursos.com.br\/blog\/concurso-prefeitura-mato-castelhano\/","title":{"rendered":"Concurso Mato Castelhano RS: sa\u00edram os gabaritos"},"content":{"rendered":"\n<p>As provas do concurso p\u00fablico da <strong>Prefeitura de Mato Castelhano<\/strong>, no Rio Grande do Sul, foram aplicadas no dia 25 de janeiro.<\/p>\n\n\n\n<ul class=\"wp-block-list\">\n<li><strong><a href=\"https:\/\/cdn.institutolegalle.org.br\/edital\/1\/23\/6120af364173b81e5638211daf39fc57.pdf\" target=\"_blank\" rel=\"noreferrer noopener nofollow\">Gabaritos divulgados<\/a><\/strong><\/li>\n<\/ul>\n\n\n\n<p>Aos interessados, recursos ser\u00e3o aceitos durante os dias <strong>27 e 29 de janeiro<\/strong>, diretamente no site da banca, <strong>Legalle Concursos<\/strong>.<\/p>\n\n\n\n<p>S\u00e3o <strong>32 vagas imediatas <\/strong>mais cadastro reserva para cargos em todos os n\u00edveis de escolaridade.<\/p>\n\n\n\n<ul style=\"background-color:#eeefef\" class=\"wp-block-list has-background\">\n<li><strong>Prefeitura Municipal de Mato Castelhano<\/strong> &#8211; RS<\/li>\n\n\n\n<li><strong style=\"color: initial;\">Situa\u00e7\u00e3o:<\/strong><span style=\"color: initial;\">&nbsp;provas aplicadas<\/span><\/li>\n\n\n\n<li><strong>Banca:<\/strong>&nbsp;<a href=\"https:\/\/portal.institutolegalle.org.br\/edital\/ver\/23\" target=\"_blank\" rel=\"noreferrer noopener\">Legalle<\/a><\/li>\n\n\n\n<li><strong>Vagas:<\/strong>&nbsp;32 + CR<\/li>\n\n\n\n<li><strong>Sal\u00e1rio inicial:<\/strong>&nbsp;R$ 1.791,74 a R$ 6.398,91<\/li>\n\n\n\n<li><strong>Edital:<\/strong> <a href=\"https:\/\/dhg1h5j42swfq.cloudfront.net\/2025\/11\/21111526\/edital-mato.pdf\" target=\"_blank\" rel=\"noreferrer noopener nofollow\">Mato Castelhano 2025<\/a><\/li>\n<\/ul>\n\n\n\n<p>Confira neste artigo mais informa\u00e7\u00f5es sobre o concurso Mato Castelhano e os detalhes de seu edital. Acompanhe pelos t\u00f3picos abaixo:<\/p>\n\n\n\n<ul id=\"indice\" class=\"wp-block-list\">\n<li><a href=\"#re\">Retifica\u00e7\u00f5es<\/a><\/li>\n\n\n\n<li><a href=\"#vagas\">Distribui\u00e7\u00e3o das vagas<\/a><\/li>\n\n\n\n<li><a href=\"#etapas\">Etapas<\/a><\/li>\n\n\n\n<li><a href=\"#cursos-assinatura\">Assinatura e cursos<\/a><\/li>\n\n\n\n<li><a href=\"#ficha-tecnica\">Ficha t\u00e9cnica<\/a><\/li>\n<\/ul>\n\n\n\n<div class=\"container\" id=\"boxes\">\n  <div class=\"row\">\n\n    <div class=\"col-sm\">\n      <div class=\"banner-prefeituras-ec\" id=\"box-assinatura\">\n        <h2 class=\"titulo-assinatura\" style=\"text-align: left;\">Concursos Prefeituras<\/h2>\n        <p class=\"subtitulo-assinatura\" style=\"text-align: left;\">Prepara\u00e7\u00e3o completa para a carreira!<\/p>\n        <div class=\"box-botao\" style=\"text-align: left;\">\n          <a class=\"btn-assinatura\" target=\"_blank\" href=\"https:\/\/www.estrategiaconcursos.com.br\/pesquisa\/?q=prefeitura+Mato+Castelhano\/\" role=\"button\" rel=\"noopener noreferrer\">EXPLORAR CURSOS<\/a>\n        <\/div>\n      <\/div><\/div><\/div><\/div>\n\n\n\n<h2 class=\"wp-block-heading\" id=\"re\">Retifica\u00e7\u00f5es do edital<\/h2>\n\n\n\n<ul class=\"wp-block-list\">\n<li><strong><a href=\"https:\/\/dhg1h5j42swfq.cloudfront.net\/2025\/11\/25185910\/24-11-2025.pdf\" target=\"_blank\" rel=\"noreferrer noopener nofollow\">Retifica\u00e7\u00e3o 1<\/a><\/strong> &#8211; 24\/11: altera os requisitos para os cargos de Operador de Trator Agr\u00edcola e Motorista. O conte\u00fado program\u00e1tico para os cargos de n\u00edvel superior tamb\u00e9m foi modificado.<\/li>\n<\/ul>\n\n\n\n<ul class=\"wp-block-list\">\n<li><strong><a href=\"https:\/\/dhg1h5j42swfq.cloudfront.net\/2025\/12\/09102708\/d352b1657eeea748cd515db854fc51db.pdf\" target=\"_blank\" rel=\"noreferrer noopener nofollow\">Retifica\u00e7\u00e3o 2<\/a><\/strong> &#8211; 26\/11: altera a tabela referente ao valor das quest\u00f5es dos conte\u00fados e nota da Prova Te\u00f3rico-Objetiva e a descri\u00e7\u00e3o das Provas Pr\u00e1ticas, para alterar o valor das faltas cometidas.<\/li>\n<\/ul>\n\n\n\n<ul class=\"wp-block-list\">\n<li><strong><a href=\"https:\/\/cdn.institutolegalle.org.br\/edital\/1\/23\/1cec9ed32e61ed015deda2d702616bec.pdf\" target=\"_blank\" rel=\"noreferrer noopener nofollow\">Retifica\u00e7\u00e3o 03 <\/a><\/strong>&#8211; 15\/01: conhecimentos gerais.<\/li>\n<\/ul>\n\n\n\n<h2 class=\"wp-block-heading\" id=\"vagas\">Concurso Mato Castelhano: distribui\u00e7\u00e3o das vagas<\/h2>\n\n\n\n<figure class=\"wp-block-table is-style-stripes\"><table class=\"has-fixed-layout\"><thead><tr><th class=\"has-text-align-center\" data-align=\"center\">CARGOS<\/th><th class=\"has-text-align-center\" data-align=\"center\">VAGAS<\/th><th class=\"has-text-align-center\" data-align=\"center\">SAL\u00c1RIO<\/th><th class=\"has-text-align-center\" data-align=\"center\">ESCOLARIDADE<\/th><\/tr><\/thead><tbody><tr><td class=\"has-text-align-center\" data-align=\"center\"><strong>Agente<br \/>Comunit\u00e1rio<br \/>da Sa\u00fade<\/strong><\/td><td class=\"has-text-align-center\" data-align=\"center\">02 + CR<\/td><td class=\"has-text-align-center\" data-align=\"center\">R$ 3.036,00<\/td><td class=\"has-text-align-center\" data-align=\"center\">N\u00edvel m\u00e9dio completo<\/td><\/tr><tr><td class=\"has-text-align-center\" data-align=\"center\"><strong>Assistente de Educa\u00e7\u00e3o Infantil I<\/strong><\/td><td class=\"has-text-align-center\" data-align=\"center\">01 + CR<\/td><td class=\"has-text-align-center\" data-align=\"center\">R$ 2.238,91<\/td><td class=\"has-text-align-center\" data-align=\"center\">Magist\u00e9rio&nbsp;&nbsp;ou&nbsp;&nbsp;&nbsp;&nbsp; cursando&nbsp;Ensino Superior com afinidade educacional.<\/td><\/tr><tr><td class=\"has-text-align-center\" data-align=\"center\"><strong>Assistente Social<\/strong><strong><\/strong><\/td><td class=\"has-text-align-center\" data-align=\"center\">01 + CR<\/td><td class=\"has-text-align-center\" data-align=\"center\">R$ 4.459,26<\/td><td class=\"has-text-align-center\" data-align=\"center\">N\u00edvel&nbsp; superior&nbsp; completo&nbsp; <\/td><\/tr><tr><td class=\"has-text-align-center\" data-align=\"center\"><strong>Dentista ESF<\/strong><strong><\/strong><\/td><td class=\"has-text-align-center\" data-align=\"center\">01 + CR<\/td><td class=\"has-text-align-center\" data-align=\"center\">R$ 6.398,91**<\/td><td class=\"has-text-align-center\" data-align=\"center\">N\u00edvel&nbsp;&nbsp;superior&nbsp;&nbsp;&nbsp;&nbsp;&nbsp;&nbsp; completo&nbsp;&nbsp;&nbsp;&nbsp;&nbsp;&nbsp; <\/td><\/tr><tr><td class=\"has-text-align-center\" data-align=\"center\"><strong>Enfermeira Padr\u00e3o<\/strong><strong><\/strong><\/td><td class=\"has-text-align-center\" data-align=\"center\">CR<\/td><td class=\"has-text-align-center\" data-align=\"center\">R$ 5.319,20**<\/td><td class=\"has-text-align-center\" data-align=\"center\">N\u00edvel&nbsp;&nbsp;superior&nbsp;&nbsp;&nbsp;&nbsp;&nbsp;&nbsp; completo&nbsp;&nbsp;&nbsp;&nbsp;&nbsp;&nbsp; <\/td><\/tr><tr><td class=\"has-text-align-center\" data-align=\"center\"><strong>Escritur\u00e1rio<\/strong><strong><\/strong><\/td><td class=\"has-text-align-center\" data-align=\"center\">01 + CR<\/td><td class=\"has-text-align-center\" data-align=\"center\">R$ 2.967,55<\/td><td class=\"has-text-align-center\" data-align=\"center\">N\u00edvel m\u00e9dio completo.<\/td><\/tr><tr><td class=\"has-text-align-center\" data-align=\"center\"><strong>Fisioterapeuta<\/strong><strong><\/strong><\/td><td class=\"has-text-align-center\" data-align=\"center\">01 + CR<\/td><td class=\"has-text-align-center\" data-align=\"center\">R$ 4.459,26*<\/td><td class=\"has-text-align-center\" data-align=\"center\">N\u00edvel&nbsp;superior&nbsp;&nbsp;&nbsp;&nbsp;&nbsp;&nbsp; completo&nbsp;&nbsp;&nbsp;&nbsp;&nbsp;&nbsp; <\/td><\/tr><tr><td class=\"has-text-align-center\" data-align=\"center\"><strong>Fonoaudi\u00f3logo<\/strong><strong><\/strong><\/td><td class=\"has-text-align-center\" data-align=\"center\">01 + CR<\/td><td class=\"has-text-align-center\" data-align=\"center\">R$ 4.459,26*<\/td><td class=\"has-text-align-center\" data-align=\"center\">N\u00edvel&nbsp;&nbsp;superior&nbsp;&nbsp;&nbsp;&nbsp;&nbsp;&nbsp; completo<\/td><\/tr><tr><td class=\"has-text-align-center\" data-align=\"center\"><strong>Gari<\/strong><strong><\/strong><\/td><td class=\"has-text-align-center\" data-align=\"center\">01 + CR<\/td><td class=\"has-text-align-center\" data-align=\"center\">R$ 1.791,74*<\/td><td class=\"has-text-align-center\" data-align=\"center\">Alfabetizado.<\/td><\/tr><tr><td class=\"has-text-align-center\" data-align=\"center\"><strong>Merendeira I<\/strong><strong><\/strong><\/td><td class=\"has-text-align-center\" data-align=\"center\">01 + CR<\/td><td class=\"has-text-align-center\" data-align=\"center\">R$ 2.238,91**<\/td><td class=\"has-text-align-center\" data-align=\"center\">N\u00edvel fundamental.<\/td><\/tr><tr><td class=\"has-text-align-center\" data-align=\"center\"><strong>Monitor de Escola<\/strong><strong><\/strong><\/td><td class=\"has-text-align-center\" data-align=\"center\">01 + CR<\/td><td class=\"has-text-align-center\" data-align=\"center\">R$ 1.903,71<\/td><td class=\"has-text-align-center\" data-align=\"center\">N\u00edvel m\u00e9dio completo.<\/td><\/tr><tr><td class=\"has-text-align-center\" data-align=\"center\"><strong>Motorista<\/strong><strong><\/strong><\/td><td class=\"has-text-align-center\" data-align=\"center\">01 + CR<\/td><td class=\"has-text-align-center\" data-align=\"center\">R$ 2.967,55*<\/td><td class=\"has-text-align-center\" data-align=\"center\">N\u00edvel fundamental&nbsp;&nbsp;&nbsp; incompleto&nbsp;&nbsp;<\/td><\/tr><tr><td class=\"has-text-align-center\" data-align=\"center\"><strong>Nutricionista<\/strong><strong><\/strong><\/td><td class=\"has-text-align-center\" data-align=\"center\">01 + CR<\/td><td class=\"has-text-align-center\" data-align=\"center\">R$ 5.319,20<\/td><td class=\"has-text-align-center\" data-align=\"center\">N\u00edvel superior completo <\/td><\/tr><tr><td class=\"has-text-align-center\" data-align=\"center\"><strong>Oficial Administrativo<\/strong><strong><\/strong><\/td><td class=\"has-text-align-center\" data-align=\"center\">01 + CR<\/td><td class=\"has-text-align-center\" data-align=\"center\">R$ 2.967,55<\/td><td class=\"has-text-align-center\" data-align=\"center\">N\u00edvel m\u00e9dio completo<\/td><\/tr><tr><td class=\"has-text-align-center\" data-align=\"center\"><strong>Oper\u00e1rio<\/strong><strong><\/strong><\/td><td class=\"has-text-align-center\" data-align=\"center\">01 + CR<\/td><td class=\"has-text-align-center\" data-align=\"center\">R$ 1.791,74 *<\/td><td class=\"has-text-align-center\" data-align=\"center\">N\u00edvel fundamental incompleto<\/td><\/tr><tr><td class=\"has-text-align-center\" data-align=\"center\"><strong>Operador de M\u00e1quinas<\/strong><strong><\/strong><\/td><td class=\"has-text-align-center\" data-align=\"center\">01 + CR<\/td><td class=\"has-text-align-center\" data-align=\"center\">R$ 3.246,46**<\/td><td class=\"has-text-align-center\" data-align=\"center\">N\u00edvel&nbsp;&nbsp;fundamental&nbsp;&nbsp;&nbsp; incompleto&nbsp;&nbsp;&nbsp; <\/td><\/tr><tr><td class=\"has-text-align-center\" data-align=\"center\"><strong>Operador de M\u00e1quinas e Equipamentos Rodovi\u00e1rios<\/strong><strong><\/strong><\/td><td class=\"has-text-align-center\" data-align=\"center\">01 + CR<\/td><td class=\"has-text-align-center\" data-align=\"center\">R$ 3.246,46**<\/td><td class=\"has-text-align-center\" data-align=\"center\">N\u00edvel&nbsp; fundamental&nbsp;&nbsp;&nbsp; incompleto&nbsp;<\/td><\/tr><tr><td class=\"has-text-align-center\" data-align=\"center\"><strong>Operador de Trator Agr\u00edcola<\/strong><strong><\/strong><\/td><td class=\"has-text-align-center\" data-align=\"center\">01 + CR<\/td><td class=\"has-text-align-center\" data-align=\"center\">R$ 2.015,70**<\/td><td class=\"has-text-align-center\" data-align=\"center\">N\u00edvel fundamental&nbsp;&nbsp;&nbsp; incompleto&nbsp;&nbsp;&nbsp; <\/td><\/tr><tr><td class=\"has-text-align-center\" data-align=\"center\"><strong>Porteiro<\/strong><strong><\/strong><\/td><td class=\"has-text-align-center\" data-align=\"center\">01 + CR<\/td><td class=\"has-text-align-center\" data-align=\"center\">R$ 1.903,71***<\/td><td class=\"has-text-align-center\" data-align=\"center\">N\u00edvel Fundamental.<\/td><\/tr><tr><td class=\"has-text-align-center\" data-align=\"center\"><strong>Professor de Artes<\/strong><strong><\/strong><\/td><td class=\"has-text-align-center\" data-align=\"center\">CR<\/td><td class=\"has-text-align-center\" data-align=\"center\">R$ 2.687,60<\/td><td class=\"has-text-align-center\" data-align=\"center\">Curso&nbsp;superior&nbsp;&nbsp;&nbsp;&nbsp; <\/td><\/tr><tr><td class=\"has-text-align-center\" data-align=\"center\"><strong>Professor de Cultura DIG- Inform\u00e1tica<\/strong><strong><\/strong><\/td><td class=\"has-text-align-center\" data-align=\"center\">01 + CR<\/td><td class=\"has-text-align-center\" data-align=\"center\">R$ 2.687,60<\/td><td class=\"has-text-align-center\" data-align=\"center\">Curso&nbsp;superior&nbsp;<\/td><\/tr><tr><td class=\"has-text-align-center\" data-align=\"center\"><strong>Professor de Ci\u00eancias F\u00edsicas e Biol\u00f3gicas<\/strong><strong><\/strong><\/td><td class=\"has-text-align-center\" data-align=\"center\">CR<\/td><td class=\"has-text-align-center\" data-align=\"center\">R$ 2.687,60<\/td><td class=\"has-text-align-center\" data-align=\"center\">Curso&nbsp;superior&nbsp;<\/td><\/tr><tr><td class=\"has-text-align-center\" data-align=\"center\"><strong>Professor de Educa\u00e7\u00e3o Infantil<\/strong><strong><\/strong><\/td><td class=\"has-text-align-center\" data-align=\"center\">01 + CR<\/td><td class=\"has-text-align-center\" data-align=\"center\">R$ 2.687,60<\/td><td class=\"has-text-align-center\" data-align=\"center\">Curso superior <\/td><\/tr><tr><td class=\"has-text-align-center\" data-align=\"center\"><strong>Professor de Educa\u00e7\u00e3o F\u00edsica<\/strong><strong><\/strong><\/td><td class=\"has-text-align-center\" data-align=\"center\">01 + CR<\/td><td class=\"has-text-align-center\" data-align=\"center\">R$ 2.687,60<\/td><td class=\"has-text-align-center\" data-align=\"center\">Curso&nbsp;superior&nbsp;<\/td><\/tr><tr><td class=\"has-text-align-center\" data-align=\"center\"><strong>Professor de Ensino Fundamental I<\/strong><strong><\/strong><\/td><td class=\"has-text-align-center\" data-align=\"center\">01 + CR<\/td><td class=\"has-text-align-center\" data-align=\"center\">R$ 2.687,60<\/td><td class=\"has-text-align-center\" data-align=\"center\">Curso superior <\/td><\/tr><tr><td class=\"has-text-align-center\" data-align=\"center\"><strong>Professor de Ensino Religioso<\/strong><strong><\/strong><\/td><td class=\"has-text-align-center\" data-align=\"center\">01 + CR<\/td><td class=\"has-text-align-center\" data-align=\"center\">R$ 2.687,60<\/td><td class=\"has-text-align-center\" data-align=\"center\">Curso&nbsp;&nbsp;superior&nbsp;<\/td><\/tr><tr><td class=\"has-text-align-center\" data-align=\"center\"><strong>Professor de Geografia<\/strong><strong><\/strong><\/td><td class=\"has-text-align-center\" data-align=\"center\">01 + CR<\/td><td class=\"has-text-align-center\" data-align=\"center\">R$ 2.687,60<\/td><td class=\"has-text-align-center\" data-align=\"center\">Curso superior&nbsp;&nbsp;<\/td><\/tr><tr><td class=\"has-text-align-center\" data-align=\"center\"><strong>Professor de Hist\u00f3ria<\/strong><strong><\/strong><\/td><td class=\"has-text-align-center\" data-align=\"center\">01 + CR<\/td><td class=\"has-text-align-center\" data-align=\"center\">R$ 2.687,60<\/td><td class=\"has-text-align-center\" data-align=\"center\">Curso&nbsp;superior&nbsp;<\/td><\/tr><tr><td class=\"has-text-align-center\" data-align=\"center\"><strong>Professor de L\u00edngua Espanhola<\/strong><strong><\/strong><\/td><td class=\"has-text-align-center\" data-align=\"center\">CR<\/td><td class=\"has-text-align-center\" data-align=\"center\">R$ 2.687,60<\/td><td class=\"has-text-align-center\" data-align=\"center\">Curso&nbsp;superior<\/td><\/tr><tr><td class=\"has-text-align-center\" data-align=\"center\"><strong>Professor de L\u00edngua Inglesa<\/strong><strong><\/strong><\/td><td class=\"has-text-align-center\" data-align=\"center\">CR<\/td><td class=\"has-text-align-center\" data-align=\"center\">R$ 2.687,60<\/td><td class=\"has-text-align-center\" data-align=\"center\">Curso&nbsp;superior&nbsp;<\/td><\/tr><tr><td class=\"has-text-align-center\" data-align=\"center\"><strong>Professor de Matem\u00e1tica<\/strong><strong><\/strong><\/td><td class=\"has-text-align-center\" data-align=\"center\">01 + CR<\/td><td class=\"has-text-align-center\" data-align=\"center\">R$ 2.687,60<\/td><td class=\"has-text-align-center\" data-align=\"center\">Curso&nbsp;superior&nbsp;<\/td><\/tr><tr><td class=\"has-text-align-center\" data-align=\"center\"><strong>Professor de Portugu\u00eas<\/strong><strong><\/strong><\/td><td class=\"has-text-align-center\" data-align=\"center\">CR<\/td><td class=\"has-text-align-center\" data-align=\"center\">R$ 2.687,60<\/td><td class=\"has-text-align-center\" data-align=\"center\">Curso&nbsp; superior&nbsp;<\/td><\/tr><tr><td class=\"has-text-align-center\" data-align=\"center\"><strong>Psic\u00f3logo<\/strong><strong><\/strong><\/td><td class=\"has-text-align-center\" data-align=\"center\">01 + CR<\/td><td class=\"has-text-align-center\" data-align=\"center\">R$ 4.459,26<\/td><td class=\"has-text-align-center\" data-align=\"center\">N\u00edvel&nbsp;superior&nbsp;&nbsp;&nbsp;&nbsp;&nbsp;&nbsp; completo&nbsp;<\/td><\/tr><tr><td class=\"has-text-align-center\" data-align=\"center\"><strong>Servente<\/strong><strong><\/strong><\/td><td class=\"has-text-align-center\" data-align=\"center\">01 + CR<\/td><td class=\"has-text-align-center\" data-align=\"center\">R$ 1.791,74*<\/td><td class=\"has-text-align-center\" data-align=\"center\">N\u00edvel fundamental incompleto.<\/td><\/tr><tr><td class=\"has-text-align-center\" data-align=\"center\"><strong>T\u00e9cnico de Enfermagem<\/strong><strong><\/strong><\/td><td class=\"has-text-align-center\" data-align=\"center\">01 + CR<\/td><td class=\"has-text-align-center\" data-align=\"center\">R$ 3.639,45**<\/td><td class=\"has-text-align-center\" data-align=\"center\">N\u00edvel&nbsp;&nbsp;&nbsp;t\u00e9cnico&nbsp;&nbsp;&nbsp;&nbsp;&nbsp;&nbsp; completo&nbsp;&nbsp;&nbsp;<\/td><\/tr><tr><td class=\"has-text-align-center\" data-align=\"center\"><strong>Tesoureiro<\/strong><strong><\/strong><\/td><td class=\"has-text-align-center\" data-align=\"center\">CR<\/td><td class=\"has-text-align-center\" data-align=\"center\">R$ 3.919,42<\/td><td class=\"has-text-align-center\" data-align=\"center\">N\u00edvel&nbsp;&nbsp;superior&nbsp;&nbsp;&nbsp;&nbsp;&nbsp;&nbsp; completo<\/td><\/tr><tr><td class=\"has-text-align-center\" data-align=\"center\"><strong>Vigilante<\/strong><strong><\/strong><\/td><td class=\"has-text-align-center\" data-align=\"center\">01 + CR<\/td><td class=\"has-text-align-center\" data-align=\"center\">R$ 1.791,74****<\/td><td class=\"has-text-align-center\" data-align=\"center\">N\u00edvel fundamental incompleto.<\/td><\/tr><tr><td class=\"has-text-align-center\" data-align=\"center\"><strong>Vigilante Sanit\u00e1rio<\/strong><strong><\/strong><\/td><td class=\"has-text-align-center\" data-align=\"center\">01 + CR<\/td><td class=\"has-text-align-center\" data-align=\"center\">R$ 2.015,70<\/td><td class=\"has-text-align-center\" data-align=\"center\">N\u00edvel m\u00e9dio completo.<\/td><\/tr><\/tbody><\/table><\/figure>\n\n\n\n<h2 class=\"wp-block-heading\" id=\"etapas\">Concurso Mato Castelhano: etapas<\/h2>\n\n\n\n<p>Confira as etapas de avalia\u00e7\u00e3o:<\/p>\n\n\n\n<ul class=\"wp-block-list\">\n<li><strong>Prova objetiva<\/strong> para todos os cargos (eliminat\u00f3rio e classificat\u00f3rio);<\/li>\n\n\n\n<li><strong>Prova de t\u00edtulos<\/strong> somente para os cargos de professor (classificat\u00f3rio); e<\/li>\n\n\n\n<li><strong>Prova de aptid\u00e3o f\u00edsica <\/strong>somente para Motorista, Operador de M\u00e1quinas, Operador de M\u00e1quinas e Equipamentos Rodovi\u00e1rios e Operador de Trator Agr\u00edcola (eliminat\u00f3rio).<\/li>\n<\/ul>\n\n\n\n<hr class=\"wp-block-separator has-alpha-channel-opacity\"\/>\n\n\n\n<h2 class=\"wp-block-heading has-text-align-center\" id=\"cursos-assinatura\"><em>Quer estudar para o concurso Mato Castelhano?<\/em><\/h2>\n\n\n\n<div class=\"container\" id=\"boxes\">\n  <div class=\"row\">\n\n    <div class=\"col-sm\">\n      <div class=\"banner-prefeituras-ec\" id=\"box-assinatura\">\n        <h2 class=\"titulo-assinatura\" style=\"text-align: left;\">Concursos Prefeituras<\/h2>\n        <p class=\"subtitulo-assinatura\" style=\"text-align: left;\">Prepara\u00e7\u00e3o completa para a carreira!<\/p>\n        <div class=\"box-botao\" style=\"text-align: left;\">\n          <a class=\"btn-assinatura\" target=\"_blank\" href=\"https:\/\/www.estrategiaconcursos.com.br\/pesquisa\/?q=prefeitura+mato+castelhano\/\" role=\"button\" rel=\"noopener noreferrer\">EXPLORAR CURSOS<\/a>\n        <\/div>\n      <\/div><\/div><\/div><\/div>\n\n\n\n<div class=\"container\" id=\"boxes\">\n  <div class=\"row\">\n\n    <div class=\"col-sm\">\n      <div class=\"estrategia\" id=\"box-assinatura\">\n        <h3 class=\"titulo-assinatura\">Assinatura Concursos<\/h3>\n        <p class=\"subtitulo-assinatura\">Assinatura de 1 ano ou 2 anos<\/p>\n        <div class=\"box-botao\">\n          <a class=\"btn-assinatura\" target=\"_blank\" href=\"https:\/\/www.estrategiaconcursos.com.br\/assinaturas\/\" role=\"button\" rel=\"noopener noreferrer\">ASSINE AGORA<\/a>\n        <\/div>\n      <\/div><\/div><\/div><\/div>\n\n\n\n<h2 class=\"wp-block-heading has-text-align-center\" id=\"h-quer-saber-tudo-sobre-concursos-previstos-confira-os-nossos-artigos\">Quer saber tudo sobre concursos previstos?<br \/>Confira os nossos artigos!<\/h2>\n\n\n\n<ul class=\"wp-block-list\">\n<li><a href=\"https:\/\/www.estrategiaconcursos.com.br\/blog\/concursos-abertos\/\" target=\"_blank\" rel=\"noreferrer noopener\">Concursos Abertos<\/a><\/li>\n\n\n\n<li><a href=\"https:\/\/www.estrategiaconcursos.com.br\/blog\/concursos-abertos-prefeituras\/\" target=\"_blank\" rel=\"noreferrer noopener\">Concursos Abertos de Prefeituras<\/a><\/li>\n\n\n\n<li><a href=\"https:\/\/www.estrategiaconcursos.com.br\/blog\/concursos-prefeituras\/\" target=\"_blank\" rel=\"noreferrer noopener\">Concursos Prefeituras<\/a><\/li>\n\n\n\n<li><a href=\"https:\/\/www.estrategiaconcursos.com.br\/blog\/concursos-2025\/\" target=\"_blank\" rel=\"noreferrer noopener\">Concursos 2026<\/a><\/li>\n<\/ul>\n\n\n\n<figure class=\"wp-block-image is-resized\"><img loading=\"lazy\" decoding=\"async\" width=\"1024\" height=\"632\" src=\"https:\/\/dhg1h5j42swfq.cloudfront.net\/2021\/04\/01161145\/ficha-tecnica-5-1024x632.png\" alt=\"Informa\u00e7\u00f5es do concurso Mato Castelhano\" class=\"wp-image-706736\" style=\"width:236px;height:145px\" srcset=\"https:\/\/dhg1h5j42swfq.cloudfront.net\/2021\/04\/01161145\/ficha-tecnica-5-1024x632.png 1024w, https:\/\/dhg1h5j42swfq.cloudfront.net\/2021\/04\/01161145\/ficha-tecnica-5-300x185.png 300w, https:\/\/dhg1h5j42swfq.cloudfront.net\/2021\/04\/01161145\/ficha-tecnica-5-768x474.png 768w, https:\/\/dhg1h5j42swfq.cloudfront.net\/2021\/04\/01161145\/ficha-tecnica-5-1536x948.png 1536w, https:\/\/dhg1h5j42swfq.cloudfront.net\/2021\/04\/01161145\/ficha-tecnica-5-610x377.png 610w, https:\/\/dhg1h5j42swfq.cloudfront.net\/2021\/04\/01161145\/ficha-tecnica-5.png 1571w\" sizes=\"auto, (max-width: 1024px) 100vw, 1024px\" \/><\/figure>\n\n\n\n<h3 class=\"wp-block-heading\" id=\"ficha-tecnica\">Informa\u00e7\u00f5es do concurso Mato Castelhano<\/h3>\n\n\n\n<ul class=\"wp-block-list\">\n<li><strong>Data da prova<\/strong>: <s>25\/01\/2025<\/s><\/li>\n\n\n\n<li><strong>Banca<\/strong>: Legalle<\/li>\n\n\n\n<li><strong>Escolaridade<\/strong>: n\u00edveis fundamental, m\u00e9dio, t\u00e9cnico e superior<\/li>\n\n\n\n<li><strong>Vagas:<\/strong> 32 + CR<\/li>\n\n\n\n<li><strong>Cargos<\/strong>: diversos<\/li>\n\n\n\n<li><strong>Edital: <\/strong><a href=\"https:\/\/dhg1h5j42swfq.cloudfront.net\/2025\/11\/21111526\/edital-mato.pdf\" target=\"_blank\" rel=\"noreferrer noopener nofollow\">Mato Castelhano 2025<\/a><\/li>\n<\/ul>\n","protected":false},"excerpt":{"rendered":"<p>As provas do concurso p\u00fablico da Prefeitura de Mato Castelhano, no Rio Grande do Sul, foram aplicadas no dia 25 de janeiro. Aos interessados, recursos ser\u00e3o aceitos durante os dias 27 e 29 de janeiro, diretamente no site da banca, Legalle Concursos. S\u00e3o 32 vagas imediatas mais cadastro reserva para cargos em todos os n\u00edveis [&hellip;]<\/p>\n","protected":false},"author":2991,"featured_media":1675142,"comment_status":"open","ping_status":"closed","sticky":false,"template":"","format":"standard","meta":{"post_tipo":"news_page","footnotes":""},"categories":[222278],"tags":[],"tax_estado":[219986],"class_list":["post-1673511","post","type-post","status-publish","format-standard","has-post-thumbnail","hentry","category-prefeituras","tax_estado-rs"],"acf":[],"yoast_head":"<!-- This site is optimized with the Yoast SEO Premium plugin v27.2 (Yoast SEO v27.2) - https:\/\/yoast.com\/product\/yoast-seo-premium-wordpress\/ -->\n<title>Concurso Mato Castelhano RS: sa\u00edram os gabaritos<\/title>\n<meta name=\"description\" content=\"Concurso da Prefeitura de Mato Castelhano - RS. Veja aqui os detalhes das vagas, cargos e sal\u00e1rios. Gabaritos divulgados!\" \/>\n<meta name=\"robots\" content=\"index, follow, max-snippet:-1, max-image-preview:large, max-video-preview:-1\" \/>\n<link rel=\"canonical\" href=\"https:\/\/www.estrategiaconcursos.com.br\/blog\/concurso-prefeitura-mato-castelhano\/\" \/>\n<meta property=\"og:locale\" content=\"pt_BR\" \/>\n<meta property=\"og:type\" content=\"article\" \/>\n<meta property=\"og:title\" content=\"Concurso Mato Castelhano RS: sa\u00edram os gabaritos\" \/>\n<meta property=\"og:description\" content=\"Concurso da Prefeitura de Mato Castelhano - RS. Veja aqui os detalhes das vagas, cargos e sal\u00e1rios. Gabaritos divulgados!\" \/>\n<meta property=\"og:url\" content=\"https:\/\/www.estrategiaconcursos.com.br\/blog\/concurso-prefeitura-mato-castelhano\/\" \/>\n<meta property=\"og:site_name\" content=\"Estrat\u00e9gia Concursos\" \/>\n<meta property=\"article:published_time\" content=\"2026-01-27T13:02:00+00:00\" \/>\n<meta property=\"article:modified_time\" content=\"2026-01-27T21:04:17+00:00\" \/>\n<meta property=\"og:image\" content=\"https:\/\/dhg1h5j42swfq.cloudfront.net\/2025\/11\/25140112\/prefeitura-de-mato-castelhano.jpg\" \/>\n\t<meta property=\"og:image:width\" content=\"768\" \/>\n\t<meta property=\"og:image:height\" content=\"432\" \/>\n\t<meta property=\"og:image:type\" content=\"image\/jpeg\" \/>\n<meta name=\"author\" content=\"Melmuara Thaiane Doneg\u00e1 C\u00e2ndido\" \/>\n<meta name=\"twitter:card\" content=\"summary_large_image\" \/>\n<meta name=\"twitter:creator\" content=\"@EstratConcursos\" \/>\n<meta name=\"twitter:site\" content=\"@EstratConcursos\" \/>\n<meta name=\"twitter:label1\" content=\"Escrito por\" \/>\n\t<meta name=\"twitter:data1\" content=\"Melmuara Thaiane Doneg\u00e1 C\u00e2ndido\" \/>\n\t<meta name=\"twitter:label2\" content=\"Est. tempo de leitura\" \/>\n\t<meta name=\"twitter:data2\" content=\"4 minutos\" \/>\n<script type=\"application\/ld+json\" class=\"yoast-schema-graph\">{\"@context\":\"https:\/\/schema.org\",\"@graph\":[{\"@type\":\"NewsArticle\",\"@id\":\"https:\/\/www.estrategiaconcursos.com.br\/blog\/concurso-prefeitura-mato-castelhano\/#article\",\"isPartOf\":{\"@id\":\"https:\/\/www.estrategiaconcursos.com.br\/blog\/concurso-prefeitura-mato-castelhano\/\"},\"author\":{\"name\":\"Melmuara Thaiane Doneg\u00e1 C\u00e2ndido\",\"@id\":\"https:\/\/www.estrategiaconcursos.com.br\/blog\/#\/schema\/person\/f33ffe5648e36a1ec7be14cb98aec31a\"},\"headline\":\"Concurso Mato Castelhano RS: sa\u00edram os gabaritos\",\"datePublished\":\"2026-01-27T13:02:00+00:00\",\"dateModified\":\"2026-01-27T21:04:17+00:00\",\"mainEntityOfPage\":{\"@id\":\"https:\/\/www.estrategiaconcursos.com.br\/blog\/concurso-prefeitura-mato-castelhano\/\"},\"wordCount\":837,\"commentCount\":0,\"publisher\":{\"@id\":\"https:\/\/www.estrategiaconcursos.com.br\/blog\/#organization\"},\"image\":{\"@id\":\"https:\/\/www.estrategiaconcursos.com.br\/blog\/concurso-prefeitura-mato-castelhano\/#primaryimage\"},\"thumbnailUrl\":\"https:\/\/dhg1h5j42swfq.cloudfront.net\/2025\/11\/25140112\/prefeitura-de-mato-castelhano.jpg\",\"articleSection\":[\"Prefeituras\"],\"inLanguage\":\"pt-BR\",\"potentialAction\":[{\"@type\":\"CommentAction\",\"name\":\"Comment\",\"target\":[\"https:\/\/www.estrategiaconcursos.com.br\/blog\/concurso-prefeitura-mato-castelhano\/#respond\"]}],\"copyrightYear\":\"2026\",\"copyrightHolder\":{\"@id\":\"https:\/\/www.estrategiaconcursos.com.br\/blog\/#organization\"}},{\"@type\":\"WebPage\",\"@id\":\"https:\/\/www.estrategiaconcursos.com.br\/blog\/concurso-prefeitura-mato-castelhano\/\",\"url\":\"https:\/\/www.estrategiaconcursos.com.br\/blog\/concurso-prefeitura-mato-castelhano\/\",\"name\":\"Concurso Mato Castelhano RS: sa\u00edram os gabaritos\",\"isPartOf\":{\"@id\":\"https:\/\/www.estrategiaconcursos.com.br\/blog\/#website\"},\"primaryImageOfPage\":{\"@id\":\"https:\/\/www.estrategiaconcursos.com.br\/blog\/concurso-prefeitura-mato-castelhano\/#primaryimage\"},\"image\":{\"@id\":\"https:\/\/www.estrategiaconcursos.com.br\/blog\/concurso-prefeitura-mato-castelhano\/#primaryimage\"},\"thumbnailUrl\":\"https:\/\/dhg1h5j42swfq.cloudfront.net\/2025\/11\/25140112\/prefeitura-de-mato-castelhano.jpg\",\"datePublished\":\"2026-01-27T13:02:00+00:00\",\"dateModified\":\"2026-01-27T21:04:17+00:00\",\"description\":\"Concurso da Prefeitura de Mato Castelhano - RS. Veja aqui os detalhes das vagas, cargos e sal\u00e1rios. Gabaritos divulgados!\",\"breadcrumb\":{\"@id\":\"https:\/\/www.estrategiaconcursos.com.br\/blog\/concurso-prefeitura-mato-castelhano\/#breadcrumb\"},\"inLanguage\":\"pt-BR\",\"potentialAction\":[{\"@type\":\"ReadAction\",\"target\":[\"https:\/\/www.estrategiaconcursos.com.br\/blog\/concurso-prefeitura-mato-castelhano\/\"]}]},{\"@type\":\"ImageObject\",\"inLanguage\":\"pt-BR\",\"@id\":\"https:\/\/www.estrategiaconcursos.com.br\/blog\/concurso-prefeitura-mato-castelhano\/#primaryimage\",\"url\":\"https:\/\/dhg1h5j42swfq.cloudfront.net\/2025\/11\/25140112\/prefeitura-de-mato-castelhano.jpg\",\"contentUrl\":\"https:\/\/dhg1h5j42swfq.cloudfront.net\/2025\/11\/25140112\/prefeitura-de-mato-castelhano.jpg\",\"width\":768,\"height\":432},{\"@type\":\"BreadcrumbList\",\"@id\":\"https:\/\/www.estrategiaconcursos.com.br\/blog\/concurso-prefeitura-mato-castelhano\/#breadcrumb\",\"itemListElement\":[{\"@type\":\"ListItem\",\"position\":1,\"name\":\"In\u00edcio\",\"item\":\"https:\/\/www.estrategiaconcursos.com.br\/blog\/\"},{\"@type\":\"ListItem\",\"position\":2,\"name\":\"Concurso Mato Castelhano RS: sa\u00edram os gabaritos\"}]},{\"@type\":\"WebSite\",\"@id\":\"https:\/\/www.estrategiaconcursos.com.br\/blog\/#website\",\"url\":\"https:\/\/www.estrategiaconcursos.com.br\/blog\/\",\"name\":\"Estrat\u00e9gia Concursos\",\"description\":\"O blog da Estrat\u00e9gia Concursos traz not\u00edcias sobre concursos e artigos de professores oferecendo cursos para concursos (pdf + videaulas) no site.\",\"publisher\":{\"@id\":\"https:\/\/www.estrategiaconcursos.com.br\/blog\/#organization\"},\"potentialAction\":[{\"@type\":\"SearchAction\",\"target\":{\"@type\":\"EntryPoint\",\"urlTemplate\":\"https:\/\/www.estrategiaconcursos.com.br\/blog\/?s={search_term_string}\"},\"query-input\":{\"@type\":\"PropertyValueSpecification\",\"valueRequired\":true,\"valueName\":\"search_term_string\"}}],\"inLanguage\":\"pt-BR\"},{\"@type\":\"Organization\",\"@id\":\"https:\/\/www.estrategiaconcursos.com.br\/blog\/#organization\",\"name\":\"Estrat\u00e9gia Concursos\",\"url\":\"https:\/\/www.estrategiaconcursos.com.br\/blog\/\",\"logo\":{\"@type\":\"ImageObject\",\"inLanguage\":\"pt-BR\",\"@id\":\"https:\/\/www.estrategiaconcursos.com.br\/blog\/#\/schema\/logo\/image\/\",\"url\":\"https:\/\/dhg1h5j42swfq.cloudfront.net\/2025\/06\/03203428\/logo_concursos-1.jpg\",\"contentUrl\":\"https:\/\/dhg1h5j42swfq.cloudfront.net\/2025\/06\/03203428\/logo_concursos-1.jpg\",\"width\":230,\"height\":60,\"caption\":\"Estrat\u00e9gia Concursos\"},\"image\":{\"@id\":\"https:\/\/www.estrategiaconcursos.com.br\/blog\/#\/schema\/logo\/image\/\"},\"sameAs\":[\"https:\/\/x.com\/EstratConcursos\"]},{\"@type\":\"Person\",\"@id\":\"https:\/\/www.estrategiaconcursos.com.br\/blog\/#\/schema\/person\/f33ffe5648e36a1ec7be14cb98aec31a\",\"name\":\"Melmuara Thaiane Doneg\u00e1 C\u00e2ndido\",\"image\":{\"@type\":\"ImageObject\",\"inLanguage\":\"pt-BR\",\"@id\":\"https:\/\/secure.gravatar.com\/avatar\/72c23c49ace6e781125178efe440f336ae4f50fbfb902780beb369688b387c4f?s=96&d=mm&r=g\",\"url\":\"https:\/\/secure.gravatar.com\/avatar\/72c23c49ace6e781125178efe440f336ae4f50fbfb902780beb369688b387c4f?s=96&d=mm&r=g\",\"contentUrl\":\"https:\/\/secure.gravatar.com\/avatar\/72c23c49ace6e781125178efe440f336ae4f50fbfb902780beb369688b387c4f?s=96&d=mm&r=g\",\"caption\":\"Melmuara Thaiane Doneg\u00e1 C\u00e2ndido\"},\"description\":\"Formada em Jornalismo em 2011 pela UniSEB-COC, Ribeir\u00e3o Preto-SP, atua desde 2017 na produ\u00e7\u00e3o de conte\u00fado para prefeituras, passando da \u00e1rea publicit\u00e1ria para a cria\u00e7\u00e3o de textos estrat\u00e9gicos e not\u00edcias sobre concursos, mantendo os concurseiros bem informados sobre os principais editais de prefeituras e concursos municipais.\",\"birthDate\":\"1990-04-21\",\"gender\":\"feminino\",\"url\":\"https:\/\/www.estrategiaconcursos.com.br\/blog\/author\/melmuara-candidoestrategia-com\/\"}]}<\/script>\n<!-- \/ Yoast SEO Premium plugin. -->","yoast_head_json":{"title":"Concurso Mato Castelhano RS: sa\u00edram os gabaritos","description":"Concurso da Prefeitura de Mato Castelhano - RS. Veja aqui os detalhes das vagas, cargos e sal\u00e1rios. Gabaritos divulgados!","robots":{"index":"index","follow":"follow","max-snippet":"max-snippet:-1","max-image-preview":"max-image-preview:large","max-video-preview":"max-video-preview:-1"},"canonical":"https:\/\/www.estrategiaconcursos.com.br\/blog\/concurso-prefeitura-mato-castelhano\/","og_locale":"pt_BR","og_type":"article","og_title":"Concurso Mato Castelhano RS: sa\u00edram os gabaritos","og_description":"Concurso da Prefeitura de Mato Castelhano - RS. Veja aqui os detalhes das vagas, cargos e sal\u00e1rios. Gabaritos divulgados!","og_url":"https:\/\/www.estrategiaconcursos.com.br\/blog\/concurso-prefeitura-mato-castelhano\/","og_site_name":"Estrat\u00e9gia Concursos","article_published_time":"2026-01-27T13:02:00+00:00","article_modified_time":"2026-01-27T21:04:17+00:00","og_image":[{"width":768,"height":432,"url":"https:\/\/dhg1h5j42swfq.cloudfront.net\/2025\/11\/25140112\/prefeitura-de-mato-castelhano.jpg","type":"image\/jpeg"}],"author":"Melmuara Thaiane Doneg\u00e1 C\u00e2ndido","twitter_card":"summary_large_image","twitter_creator":"@EstratConcursos","twitter_site":"@EstratConcursos","twitter_misc":{"Escrito por":"Melmuara Thaiane Doneg\u00e1 C\u00e2ndido","Est. tempo de leitura":"4 minutos"},"schema":{"@context":"https:\/\/schema.org","@graph":[{"@type":"NewsArticle","@id":"https:\/\/www.estrategiaconcursos.com.br\/blog\/concurso-prefeitura-mato-castelhano\/#article","isPartOf":{"@id":"https:\/\/www.estrategiaconcursos.com.br\/blog\/concurso-prefeitura-mato-castelhano\/"},"author":{"name":"Melmuara Thaiane Doneg\u00e1 C\u00e2ndido","@id":"https:\/\/www.estrategiaconcursos.com.br\/blog\/#\/schema\/person\/f33ffe5648e36a1ec7be14cb98aec31a"},"headline":"Concurso Mato Castelhano RS: sa\u00edram os gabaritos","datePublished":"2026-01-27T13:02:00+00:00","dateModified":"2026-01-27T21:04:17+00:00","mainEntityOfPage":{"@id":"https:\/\/www.estrategiaconcursos.com.br\/blog\/concurso-prefeitura-mato-castelhano\/"},"wordCount":837,"commentCount":0,"publisher":{"@id":"https:\/\/www.estrategiaconcursos.com.br\/blog\/#organization"},"image":{"@id":"https:\/\/www.estrategiaconcursos.com.br\/blog\/concurso-prefeitura-mato-castelhano\/#primaryimage"},"thumbnailUrl":"https:\/\/dhg1h5j42swfq.cloudfront.net\/2025\/11\/25140112\/prefeitura-de-mato-castelhano.jpg","articleSection":["Prefeituras"],"inLanguage":"pt-BR","potentialAction":[{"@type":"CommentAction","name":"Comment","target":["https:\/\/www.estrategiaconcursos.com.br\/blog\/concurso-prefeitura-mato-castelhano\/#respond"]}],"copyrightYear":"2026","copyrightHolder":{"@id":"https:\/\/www.estrategiaconcursos.com.br\/blog\/#organization"}},{"@type":"WebPage","@id":"https:\/\/www.estrategiaconcursos.com.br\/blog\/concurso-prefeitura-mato-castelhano\/","url":"https:\/\/www.estrategiaconcursos.com.br\/blog\/concurso-prefeitura-mato-castelhano\/","name":"Concurso Mato Castelhano RS: sa\u00edram os gabaritos","isPartOf":{"@id":"https:\/\/www.estrategiaconcursos.com.br\/blog\/#website"},"primaryImageOfPage":{"@id":"https:\/\/www.estrategiaconcursos.com.br\/blog\/concurso-prefeitura-mato-castelhano\/#primaryimage"},"image":{"@id":"https:\/\/www.estrategiaconcursos.com.br\/blog\/concurso-prefeitura-mato-castelhano\/#primaryimage"},"thumbnailUrl":"https:\/\/dhg1h5j42swfq.cloudfront.net\/2025\/11\/25140112\/prefeitura-de-mato-castelhano.jpg","datePublished":"2026-01-27T13:02:00+00:00","dateModified":"2026-01-27T21:04:17+00:00","description":"Concurso da Prefeitura de Mato Castelhano - RS. Veja aqui os detalhes das vagas, cargos e sal\u00e1rios. Gabaritos divulgados!","breadcrumb":{"@id":"https:\/\/www.estrategiaconcursos.com.br\/blog\/concurso-prefeitura-mato-castelhano\/#breadcrumb"},"inLanguage":"pt-BR","potentialAction":[{"@type":"ReadAction","target":["https:\/\/www.estrategiaconcursos.com.br\/blog\/concurso-prefeitura-mato-castelhano\/"]}]},{"@type":"ImageObject","inLanguage":"pt-BR","@id":"https:\/\/www.estrategiaconcursos.com.br\/blog\/concurso-prefeitura-mato-castelhano\/#primaryimage","url":"https:\/\/dhg1h5j42swfq.cloudfront.net\/2025\/11\/25140112\/prefeitura-de-mato-castelhano.jpg","contentUrl":"https:\/\/dhg1h5j42swfq.cloudfront.net\/2025\/11\/25140112\/prefeitura-de-mato-castelhano.jpg","width":768,"height":432},{"@type":"BreadcrumbList","@id":"https:\/\/www.estrategiaconcursos.com.br\/blog\/concurso-prefeitura-mato-castelhano\/#breadcrumb","itemListElement":[{"@type":"ListItem","position":1,"name":"In\u00edcio","item":"https:\/\/www.estrategiaconcursos.com.br\/blog\/"},{"@type":"ListItem","position":2,"name":"Concurso Mato Castelhano RS: sa\u00edram os gabaritos"}]},{"@type":"WebSite","@id":"https:\/\/www.estrategiaconcursos.com.br\/blog\/#website","url":"https:\/\/www.estrategiaconcursos.com.br\/blog\/","name":"Estrat\u00e9gia Concursos","description":"O blog da Estrat\u00e9gia Concursos traz not\u00edcias sobre concursos e artigos de professores oferecendo cursos para concursos (pdf + videaulas) no site.","publisher":{"@id":"https:\/\/www.estrategiaconcursos.com.br\/blog\/#organization"},"potentialAction":[{"@type":"SearchAction","target":{"@type":"EntryPoint","urlTemplate":"https:\/\/www.estrategiaconcursos.com.br\/blog\/?s={search_term_string}"},"query-input":{"@type":"PropertyValueSpecification","valueRequired":true,"valueName":"search_term_string"}}],"inLanguage":"pt-BR"},{"@type":"Organization","@id":"https:\/\/www.estrategiaconcursos.com.br\/blog\/#organization","name":"Estrat\u00e9gia Concursos","url":"https:\/\/www.estrategiaconcursos.com.br\/blog\/","logo":{"@type":"ImageObject","inLanguage":"pt-BR","@id":"https:\/\/www.estrategiaconcursos.com.br\/blog\/#\/schema\/logo\/image\/","url":"https:\/\/dhg1h5j42swfq.cloudfront.net\/2025\/06\/03203428\/logo_concursos-1.jpg","contentUrl":"https:\/\/dhg1h5j42swfq.cloudfront.net\/2025\/06\/03203428\/logo_concursos-1.jpg","width":230,"height":60,"caption":"Estrat\u00e9gia Concursos"},"image":{"@id":"https:\/\/www.estrategiaconcursos.com.br\/blog\/#\/schema\/logo\/image\/"},"sameAs":["https:\/\/x.com\/EstratConcursos"]},{"@type":"Person","@id":"https:\/\/www.estrategiaconcursos.com.br\/blog\/#\/schema\/person\/f33ffe5648e36a1ec7be14cb98aec31a","name":"Melmuara Thaiane Doneg\u00e1 C\u00e2ndido","image":{"@type":"ImageObject","inLanguage":"pt-BR","@id":"https:\/\/secure.gravatar.com\/avatar\/72c23c49ace6e781125178efe440f336ae4f50fbfb902780beb369688b387c4f?s=96&d=mm&r=g","url":"https:\/\/secure.gravatar.com\/avatar\/72c23c49ace6e781125178efe440f336ae4f50fbfb902780beb369688b387c4f?s=96&d=mm&r=g","contentUrl":"https:\/\/secure.gravatar.com\/avatar\/72c23c49ace6e781125178efe440f336ae4f50fbfb902780beb369688b387c4f?s=96&d=mm&r=g","caption":"Melmuara Thaiane Doneg\u00e1 C\u00e2ndido"},"description":"Formada em Jornalismo em 2011 pela UniSEB-COC, Ribeir\u00e3o Preto-SP, atua desde 2017 na produ\u00e7\u00e3o de conte\u00fado para prefeituras, passando da \u00e1rea publicit\u00e1ria para a cria\u00e7\u00e3o de textos estrat\u00e9gicos e not\u00edcias sobre concursos, mantendo os concurseiros bem informados sobre os principais editais de prefeituras e concursos municipais.","birthDate":"1990-04-21","gender":"feminino","url":"https:\/\/www.estrategiaconcursos.com.br\/blog\/author\/melmuara-candidoestrategia-com\/"}]}},"_links":{"self":[{"href":"https:\/\/www.estrategiaconcursos.com.br\/blog\/wp-json\/wp\/v2\/posts\/1673511","targetHints":{"allow":["GET"]}}],"collection":[{"href":"https:\/\/www.estrategiaconcursos.com.br\/blog\/wp-json\/wp\/v2\/posts"}],"about":[{"href":"https:\/\/www.estrategiaconcursos.com.br\/blog\/wp-json\/wp\/v2\/types\/post"}],"author":[{"embeddable":true,"href":"https:\/\/www.estrategiaconcursos.com.br\/blog\/wp-json\/wp\/v2\/users\/2991"}],"replies":[{"embeddable":true,"href":"https:\/\/www.estrategiaconcursos.com.br\/blog\/wp-json\/wp\/v2\/comments?post=1673511"}],"version-history":[{"count":10,"href":"https:\/\/www.estrategiaconcursos.com.br\/blog\/wp-json\/wp\/v2\/posts\/1673511\/revisions"}],"predecessor-version":[{"id":1706006,"href":"https:\/\/www.estrategiaconcursos.com.br\/blog\/wp-json\/wp\/v2\/posts\/1673511\/revisions\/1706006"}],"wp:featuredmedia":[{"embeddable":true,"href":"https:\/\/www.estrategiaconcursos.com.br\/blog\/wp-json\/wp\/v2\/media\/1675142"}],"wp:attachment":[{"href":"https:\/\/www.estrategiaconcursos.com.br\/blog\/wp-json\/wp\/v2\/media?parent=1673511"}],"wp:term":[{"taxonomy":"category","embeddable":true,"href":"https:\/\/www.estrategiaconcursos.com.br\/blog\/wp-json\/wp\/v2\/categories?post=1673511"},{"taxonomy":"post_tag","embeddable":true,"href":"https:\/\/www.estrategiaconcursos.com.br\/blog\/wp-json\/wp\/v2\/tags?post=1673511"},{"taxonomy":"tax_estado","embeddable":true,"href":"https:\/\/www.estrategiaconcursos.com.br\/blog\/wp-json\/wp\/v2\/tax_estado?post=1673511"}],"curies":[{"name":"wp","href":"https:\/\/api.w.org\/{rel}","templated":true}]}}