{"id":1673471,"date":"2026-01-14T14:05:00","date_gmt":"2026-01-14T17:05:00","guid":{"rendered":"https:\/\/www.estrategiaconcursos.com.br\/blog\/?p=1673471"},"modified":"2025-11-24T18:01:37","modified_gmt":"2025-11-24T21:01:37","slug":"resumo-ado-tcu","status":"publish","type":"post","link":"https:\/\/www.estrategiaconcursos.com.br\/blog\/resumo-ado-tcu\/","title":{"rendered":"Resumo sobre a ADO para o TCU"},"content":{"rendered":"\n<p>Ol\u00e1, tudo bem? Hoje faremos um resumo sobre a A\u00e7\u00e3o direta de inconstitucionalidade por omiss\u00e3o (ADO) para o concurso do TCU (Tribunal de Contas da Uni\u00e3o).<\/p>\n\n\n\n<p>O concurso do TCU, organizado pela Cebraspe\/CESPE, teve seu edital lan\u00e7ado recentemente, contando com <strong>20 vagas imediatas, mais cadastro reserva, <\/strong>para o cargo de Auditor Federal de Controle Externo, que exige n\u00edvel superior em qualquer \u00e1rea de forma\u00e7\u00e3o.<\/p>\n\n\n\n<p>O sal\u00e1rio inicial \u00e9 de R$26.159,01 e a prova objetiva ser\u00e1 realizada em 22 de fevereiro de 2026. Para maiores informa\u00e7\u00f5es, fique de olho em <a href=\"https:\/\/www.estrategiaconcursos.com.br\/blog\/concurso-tcu-auditor-2025-edital-publicado\/\" target=\"_blank\" rel=\"noreferrer noopener\">nosso artigo sobre este concurso<\/a>!<\/p>\n\n\n\n<p>Agora, vamos ao que interessa!<\/p>\n\n\n\n<div id=\"boxes\" class=\"container\">\r\n<div class=\"row\">\r\n<div class=\"col-sm\">\r\n<div id=\"box-assinatura\" class=\"banner-tcu-ec\">\r\n<h2 class=\"titulo-assinatura\">Concurso TCU<\/h2>\r\n<p class=\"subtitulo-assinatura\">Prepare-se para o Tribunal de Contas da Uni\u00e3o!<\/p>\r\n<div class=\"box-botao\"><a class=\"btn-assinatura\" role=\"button\" href=\"https:\/\/www.estrategiaconcursos.com.br\/cursosPorConcurso\/tcu-tecnico-federal-de-controle-externo-66\/\" target=\"_blank\" rel=\"noopener noreferrer\">VER CURSOS<\/a><\/div>\r\n<\/div>\r\n<\/div>\r\n<\/div>\r\n<\/div>\n\n\n\n<div class=\"wp-block-yoast-seo-table-of-contents yoast-table-of-contents\"><h2><mark style=\"background-color:rgba(0, 0, 0, 0)\" class=\"has-inline-color has-vivid-cyan-blue-color\">Tabela de conte\u00fados<\/mark><\/h2><ul><li><a href=\"#h-resumo-sobre-a-ado-para-o-tcu\" data-level=\"2\">Resumo sobre a ADO para o TCU<\/a><ul><li><a href=\"#h-conceito-e-previsao-no-ordenamento-juridico\" data-level=\"3\">Conceito e previs\u00e3o no ordenamento jur\u00eddico<\/a><\/li><li><a href=\"#h-cabimento-da-ado\" data-level=\"3\">Cabimento da ADO<\/a><\/li><li><a href=\"#h-diferenca-entre-ado-e-mandado-de-injuncao\" data-level=\"3\">Diferen\u00e7a entre ADO e Mandado de Injun\u00e7\u00e3o<\/a><\/li><li><a href=\"#h-consideracoes-finais\" data-level=\"3\">Considera\u00e7\u00f5es finais<\/a><\/li><\/ul><\/li><li><a href=\"#h-quer-saber-tudo-sobre-concursos-previstos-confira-nossos-artigos\" data-level=\"2\">Quer saber tudo sobre concursos previstos? Confira nossos artigos!<\/a><\/li><\/ul><\/div>\n\n\n\n<h2 class=\"wp-block-heading has-vivid-cyan-blue-color has-text-color has-link-color wp-elements-5ec623acca781a6507f52d97333aa85a\" id=\"h-resumo-sobre-a-ado-para-o-tcu\">Resumo sobre a ADO para o TCU<\/h2>\n\n\n\n<p>A A\u00e7\u00e3o direta de inconstitucionalidade por omiss\u00e3o (ADO) \u00e9 um dos itens expressamente previstos no <a href=\"https:\/\/dhg1h5j42swfq.cloudfront.net\/2025\/10\/24173230\/edital_tcu_2025_ec.pdf?utm_source=google&amp;utm_medium=cpc&amp;utm_campaign=ec-tc-vd-gsh-tcu-semesp-180625\" target=\"_blank\" rel=\"noreferrer noopener\">conte\u00fado program\u00e1tico<\/a> do Tribunal de Contas da Uni\u00e3o, mais especificamente, est\u00e1 prevista no item \u201c<em>9.8 A\u00e7\u00e3o direta de inconstitucionalidade por omiss\u00e3o\u201d <\/em>da disciplina de Direito Constitucional.<\/p>\n\n\n\n<h3 class=\"wp-block-heading has-vivid-cyan-blue-color has-text-color has-link-color wp-elements-a73cc81c652d074dd14c200f847c6709\" id=\"h-conceito-e-previsao-no-ordenamento-juridico\">Conceito e previs\u00e3o no ordenamento jur\u00eddico<\/h3>\n\n\n\n<p>A A\u00e7\u00e3o direta de inconstitucionalidade por omiss\u00e3o (ADO) \u00e9 uma das chamadas a\u00e7\u00f5es de<strong> controle concentrado de constitucionalidade<\/strong>, possuindo previs\u00e3o no artigo 102, inciso I, al\u00ednea \u201ca\u201d, da Constitui\u00e7\u00e3o Federal c\/c artigo 103, \u00a7 2\u00ba:<\/p>\n\n\n\n<div class=\"wp-block-group has-background has-global-padding is-layout-constrained wp-block-group-is-layout-constrained\" style=\"background-color:#8dd2fc1a\">\n<p>Art. 102. Compete ao Supremo Tribunal Federal, precipuamente, a guarda da Constitui\u00e7\u00e3o, cabendo-lhe:<br \/>I &#8211; processar e julgar, originariamente:<br \/>a) a a\u00e7\u00e3o direta de inconstitucionalidade de lei ou ato normativo federal ou estadual e a a\u00e7\u00e3o declarat\u00f3ria de constitucionalidade de lei ou ato normativo federal;&nbsp;<\/p>\n\n\n\n<p>[&#8230;]<\/p>\n\n\n\n<p>Art. 103. Podem propor a a\u00e7\u00e3o direta de inconstitucionalidade e a a\u00e7\u00e3o declarat\u00f3ria de constitucionalidade: &nbsp;<br \/>(&#8230;)<br \/>\u00a7 2\u00ba Declarada a<strong> inconstitucionalidade por omiss\u00e3o de medida para tornar efetiva norma constitucional<\/strong>, ser\u00e1 dada ci\u00eancia ao Poder competente para a ado\u00e7\u00e3o das provid\u00eancias necess\u00e1rias e, em se tratando de \u00f3rg\u00e3o administrativo, para faz\u00ea-lo em trinta dias.<\/p>\n<\/div>\n\n\n\n<p>A Constitui\u00e7\u00e3o de 1988 tratou de forma sucinta a ADO, limitando-se a indicar seu cabimento, ci\u00eancia e provid\u00eancias a serem adotadas ap\u00f3s seu julgamento.<\/p>\n\n\n\n<p>A Lei n.\u00ba 9.868\/1999 foi editada para, dentre outros pontos, disciplinar o assunto. Tamb\u00e9m podemos encontrar informa\u00e7\u00f5es valiosas na jurisprud\u00eancia do Supremo Tribunal Federal acerca dessa a\u00e7\u00e3o.<\/p>\n\n\n\n<h3 class=\"wp-block-heading has-vivid-cyan-blue-color has-text-color has-link-color wp-elements-7bc3076c69c4a984f4d906b6fcc332a8\" id=\"h-cabimento-da-ado\">Cabimento da ADO<\/h3>\n\n\n\n<p>Como vimos, a a\u00e7\u00e3o direta de inconstitucionalidade por omiss\u00e3o ser\u00e1 usada quando estivermos diante de uma omiss\u00e3o que se revela inconstitucional.<\/p>\n\n\n\n<p>Para melhor entendermos isso, vejamos que o pr\u00f3prio Supremo Tribunal Federal tem entendido sobre o assunto ao longo dos anos:<\/p>\n\n\n\n<ul class=\"wp-block-list\">\n<li>ADO tem cabimento quando o poder p\u00fablico se abst\u00e9m de um dever que a Constitui\u00e7\u00e3o lhe atribuiu (<em>STF, ADO 53 AgR, Rel. Min. Alexandre de Moraes<\/em>);<\/li>\n\n\n\n<li>A ADO tem por objetivo provocar leg\u00edtima rea\u00e7\u00e3o do Poder Judici\u00e1rio, com a finalidade de impedir o desprest\u00edgio daquilo que est\u00e1 previsto na Constitui\u00e7\u00e3o Federal, bem como obstar a eros\u00e3o da consci\u00eancia constitucional (STF, ADO 26, Rel. Min. Celso de Mello);<\/li>\n\n\n\n<li>A ADO s\u00f3 pode ser proposta para buscar a efetividade de norma constitucional que prescreva as medidas a cargo do Poder P\u00fablico para viabiliz\u00e1-la, nos termos do disposto no art. 103, \u00a7 2\u00b0, da Constitui\u00e7\u00e3o Federal (STF, ADO 37 AgR, Rel. Min. Ricardo Lewandowski).\u00a0<\/li>\n<\/ul>\n\n\n\n<p>Em resumo, o Supremo Tribunal Federal entende que a ADO tem lugar quando o Estado<strong> se omite em adotar as medidas indispens\u00e1veis \u00e0 concretiza\u00e7\u00e3o dos preceitos constitucionais<\/strong>, deixando de torn\u00e1-los efetivos, operantes e exequ\u00edveis.&nbsp;<\/p>\n\n\n\n<p>Dessa forma, essa absten\u00e7\u00e3o configura uma <strong>viola\u00e7\u00e3o negativa da Constitui\u00e7\u00e3o<\/strong>, decorrente do descumprimento do dever de presta\u00e7\u00e3o imposto pelo pr\u00f3prio texto constitucional.<\/p>\n\n\n\n<figure class=\"wp-block-image aligncenter size-full\"><img loading=\"lazy\" decoding=\"async\" width=\"255\" height=\"82\" src=\"https:\/\/dhg1h5j42swfq.cloudfront.net\/2025\/11\/21095204\/image-229.png\" alt=\"\" class=\"wp-image-1673472\" srcset=\"https:\/\/dhg1h5j42swfq.cloudfront.net\/2025\/11\/21095204\/image-229.png 255w, https:\/\/dhg1h5j42swfq.cloudfront.net\/2025\/11\/21095204\/image-229-150x48.png 150w\" sizes=\"auto, (max-width: 255px) 100vw, 255px\" \/><\/figure>\n\n\n\n<p>Por exemplo, no julgamento da <a href=\"https:\/\/redir.stf.jus.br\/paginadorpub\/paginador.jsp?docTP=TP&amp;docID=754019240\" target=\"_blank\" rel=\"noreferrer noopener\">ADO 26\/DF<\/a>, o STF firmou tese no sentido de que, at\u00e9 que o Congresso Nacional aprove lei destinada a implementar os mandados de criminaliza\u00e7\u00e3o definidos nos incisos XLI e XLII do art. 5\u00ba da CF, <strong>as condutas homof\u00f3bicas e transf\u00f3bicas<\/strong>, por traduzirem express\u00f5es de <strong>racismo<\/strong>, compreendido este em sua dimens\u00e3o social, <strong>ajustam-se, por identidade de raz\u00e3o e mediante adequa\u00e7\u00e3o t\u00edpica, aos preceitos prim\u00e1rios de incrimina\u00e7\u00e3o definidos na Lei n\u00ba 7.716\/1989<\/strong>, constituindo, tamb\u00e9m, na hip\u00f3tese de homic\u00eddio doloso, circunst\u00e2ncia que o qualifica, por configurar motivo torpe (C\u00f3digo Penal, art. 121, \u00a7 2\u00ba, I, \u201cin fine\u201d).<\/p>\n\n\n\n<p>Uma vez declarada a inconstitucionalidade por omiss\u00e3o ser\u00e1 dada ci\u00eancia ao Poder competente para a ado\u00e7\u00e3o das provid\u00eancias necess\u00e1rias e, em se tratando de \u00f3rg\u00e3o administrativo, para faz\u00ea-lo em trinta dias.<\/p>\n\n\n\n<h3 class=\"wp-block-heading has-vivid-cyan-blue-color has-text-color has-link-color wp-elements-717cd939ab5b4998b47ab1ace114b736\" id=\"h-diferenca-entre-ado-e-mandado-de-injuncao\">Diferen\u00e7a entre ADO e Mandado de Injun\u00e7\u00e3o<\/h3>\n\n\n\n<p>A primeira distin\u00e7\u00e3o reside no fato de que o Mandado de Injun\u00e7\u00e3o (MI), previsto no art. 5\u00ba, inciso LXXI, da Constitui\u00e7\u00e3o Federal, pode ser manejado por qualquer pessoa, sendo de <strong>legitimidade<\/strong> ampla. Por sua vez, a ADO \u00e9 restrita aos legitimados do art. 103 da CF, vide ainda artigo 2\u00ba e 12-A da Lei n.\u00ba 9.868\/99.<\/p>\n\n\n\n<p>Outro ponto relevante \u00e9 a <strong>compet\u00eancia<\/strong>. Isso porque, enquanto o MI pode ser julgado pelo STF, STJ, Tribunais Superiores e pelas inst\u00e2ncias ordin\u00e1rias, a ADO \u00e9 de compet\u00eancia exclusiva do STF, admitindo-se tamb\u00e9m o seu processamento pelos Tribunais de Justi\u00e7a quando se tratar de omiss\u00e3o referente \u00e0s Constitui\u00e7\u00f5es Estaduais.<\/p>\n\n\n\n<p>Por fim, o <strong>MI <\/strong>tem por objetivo combater uma omiss\u00e3o que inviabilize o exerc\u00edcio de direitos e liberdades constitucionais, bem como prerrogativas relacionadas \u00e0 nacionalidade, soberania e cidadania, sendo, portanto, <strong>voltado ao caso concreto do impetrante<\/strong>.<\/p>\n\n\n\n<p>J\u00e1 a <strong>ADO<\/strong>, como instrumento de controle concentrado de constitucionalidade, <strong>dirige-se \u00e0 omiss\u00e3o em tese, com efeitos gerais, aplic\u00e1vel a todos<\/strong>, especialmente quando h\u00e1 aus\u00eancia de regulamenta\u00e7\u00e3o necess\u00e1ria \u00e0 plena efic\u00e1cia de dispositivo constitucional.<\/p>\n\n\n\n<h3 class=\"wp-block-heading has-vivid-cyan-blue-color has-text-color has-link-color wp-elements-fb891aa362d50efd77a7db81cb91ab17\" id=\"h-consideracoes-finais\">Considera\u00e7\u00f5es finais<\/h3>\n\n\n\n<p>Pessoal, esse foi nosso breve resumo sobre a A\u00e7\u00e3o direta de inconstitucionalidade por omiss\u00e3o (ADO) para o concurso do TCU (Tribunal de Contas da Uni\u00e3o).<\/p>\n\n\n\n<p>Nosso tempo aqui \u00e9 breve e n\u00e3o conseguimos, claro, esgotar o assunto. Portanto, n\u00e3o deixe de revisar o tema em seu material de estudo e praticar com diversas quest\u00f5es.<\/p>\n\n\n\n<p>At\u00e9 a pr\u00f3xima!<\/p>\n\n\n\n<figure class=\"wp-block-image aligncenter size-large is-resized\"><img decoding=\"async\" src=\"https:\/\/dhg1h5j42swfq.cloudfront.net\/2020\/09\/18141901\/Coruja_Concursos%404x-506x1024.png\" alt=\"Concursos 2024 Estrat\u00e9gia Concursos\" class=\"wp-image-574355\" style=\"aspect-ratio:0.5;width:30px;height:auto\"\/><\/figure>\n\n\n\n<h2 class=\"wp-block-heading has-text-align-center\" id=\"h-quer-saber-tudo-sobre-concursos-previstos-confira-nossos-artigos\">Quer saber tudo sobre concursos previstos?<br \/>Confira nossos artigos!<\/h2>\n\n\n\n<ul class=\"wp-block-list\">\n<li><a href=\"https:\/\/www.estrategiaconcursos.com.br\/blog\/concursos-abertos\/\" target=\"_blank\" rel=\"noreferrer noopener\">Concursos Abertos<\/a><\/li>\n\n\n\n<li><a href=\"https:\/\/www.estrategiaconcursos.com.br\/blog\/concursos-2025\/\">Concursos 2025<\/a><\/li>\n<\/ul>\n\n\n\n<div class=\"container\" id=\"boxes\">\n  <div class=\"row\">\n\n    <div class=\"col-sm\">\n      <div class=\"banner-estrat-corj\" id=\"box-assinatura\">\n        <h3 class=\"titulo-assinatura\" style=\"text-align: left;\">Concursos 2025<\/h3>\n        <p class=\"subtitulo-assinatura\" style=\"text-align: left;\">Explore os cursos preparat\u00f3rios completos! \u2728<\/p>\n        <div class=\"box-botao\" style=\"text-align: left;\">\n          <a class=\"btn-assinatura\" target=\"_blank\" href=\"https:\/\/www.estrategiaconcursos.com.br\/cursos\/concurso\/\" role=\"button\" rel=\"noopener noreferrer\">CLIQUE AQUI<\/a>\n        <\/div>\n      <\/div><\/div><\/div><\/div>\n\n\n\n<div class=\"container\" id=\"boxes\">\n  <div class=\"row\">\n\n    <div class=\"col-sm\">\n      <div class=\"estrategia\" id=\"box-assinatura\">\n        <h3 class=\"titulo-assinatura\">Assinatura Concursos<\/h3>\n        <p class=\"subtitulo-assinatura\">Assinatura de 1 ano ou 2 anos<\/p>\n        <div class=\"box-botao\">\n          <a class=\"btn-assinatura\" target=\"_blank\" href=\"https:\/\/www.estrategiaconcursos.com.br\/assinaturas\/\" role=\"button\" rel=\"noopener noreferrer\">ASSINE AGORA<\/a>\n        <\/div>\n      <\/div><\/div><\/div><\/div>\n","protected":false},"excerpt":{"rendered":"<p>Ol\u00e1, tudo bem? Hoje faremos um resumo sobre a A\u00e7\u00e3o direta de inconstitucionalidade por omiss\u00e3o (ADO) para o concurso do TCU (Tribunal de Contas da Uni\u00e3o). O concurso do TCU, organizado pela Cebraspe\/CESPE, teve seu edital lan\u00e7ado recentemente, contando com 20 vagas imediatas, mais cadastro reserva, para o cargo de Auditor Federal de Controle Externo, [&hellip;]<\/p>\n","protected":false},"author":2567,"featured_media":1673474,"comment_status":"open","ping_status":"closed","sticky":false,"template":"","format":"standard","meta":{"post_tipo":"article","footnotes":""},"categories":[1,214710],"tags":[],"tax_estado":[219963],"class_list":["post-1673471","post","type-post","status-publish","format-standard","has-post-thumbnail","hentry","category-cursos-e-concursos","category-tribunais-de-contas","tax_estado-concursos-federais"],"acf":[],"yoast_head":"<!-- This site is optimized with the Yoast SEO Premium plugin v27.2 (Yoast SEO v27.2) - https:\/\/yoast.com\/product\/yoast-seo-premium-wordpress\/ -->\n<title>Resumo sobre a ADO para o TCU<\/title>\n<meta name=\"description\" content=\"Resumo sobre a A\u00e7\u00e3o direta de inconstitucionalidade por omiss\u00e3o (ADO) para o concurso do TCU (Tribunal de Contas da Uni\u00e3o).\" \/>\n<meta name=\"robots\" content=\"index, follow, max-snippet:-1, max-image-preview:large, max-video-preview:-1\" \/>\n<link rel=\"canonical\" href=\"https:\/\/www.estrategiaconcursos.com.br\/blog\/resumo-ado-tcu\/\" \/>\n<meta property=\"og:locale\" content=\"pt_BR\" \/>\n<meta property=\"og:type\" content=\"article\" \/>\n<meta property=\"og:title\" content=\"Resumo sobre a ADO para o TCU\" \/>\n<meta property=\"og:description\" content=\"Resumo sobre a A\u00e7\u00e3o direta de inconstitucionalidade por omiss\u00e3o (ADO) para o concurso do TCU (Tribunal de Contas da Uni\u00e3o).\" \/>\n<meta property=\"og:url\" content=\"https:\/\/www.estrategiaconcursos.com.br\/blog\/resumo-ado-tcu\/\" \/>\n<meta property=\"og:site_name\" content=\"Estrat\u00e9gia Concursos\" \/>\n<meta property=\"article:published_time\" content=\"2026-01-14T17:05:00+00:00\" \/>\n<meta property=\"og:image\" content=\"https:\/\/dhg1h5j42swfq.cloudfront.net\/2025\/11\/21095404\/juiz-com-martelo-numa-sala-de-julgamento-scaled.jpg\" \/>\n\t<meta property=\"og:image:width\" content=\"2560\" \/>\n\t<meta property=\"og:image:height\" content=\"1750\" \/>\n\t<meta property=\"og:image:type\" content=\"image\/jpeg\" \/>\n<meta name=\"author\" content=\"Frederico Tadeu Borlot Peixoto\" \/>\n<meta name=\"twitter:card\" content=\"summary_large_image\" \/>\n<meta name=\"twitter:creator\" content=\"@EstratConcursos\" \/>\n<meta name=\"twitter:site\" content=\"@EstratConcursos\" \/>\n<meta name=\"twitter:label1\" content=\"Escrito por\" \/>\n\t<meta name=\"twitter:data1\" content=\"Frederico Tadeu Borlot Peixoto\" \/>\n\t<meta name=\"twitter:label2\" content=\"Est. tempo de leitura\" \/>\n\t<meta name=\"twitter:data2\" content=\"5 minutos\" \/>\n<script type=\"application\/ld+json\" class=\"yoast-schema-graph\">{\"@context\":\"https:\/\/schema.org\",\"@graph\":[{\"@type\":\"NewsArticle\",\"@id\":\"https:\/\/www.estrategiaconcursos.com.br\/blog\/resumo-ado-tcu\/#article\",\"isPartOf\":{\"@id\":\"https:\/\/www.estrategiaconcursos.com.br\/blog\/resumo-ado-tcu\/\"},\"author\":{\"name\":\"Frederico Tadeu Borlot Peixoto\",\"@id\":\"https:\/\/www.estrategiaconcursos.com.br\/blog\/#\/schema\/person\/48a7e085e45aee7c3d4596399af50ebb\"},\"headline\":\"Resumo sobre a ADO para o TCU\",\"datePublished\":\"2026-01-14T17:05:00+00:00\",\"mainEntityOfPage\":{\"@id\":\"https:\/\/www.estrategiaconcursos.com.br\/blog\/resumo-ado-tcu\/\"},\"wordCount\":1099,\"commentCount\":0,\"publisher\":{\"@id\":\"https:\/\/www.estrategiaconcursos.com.br\/blog\/#organization\"},\"image\":{\"@id\":\"https:\/\/www.estrategiaconcursos.com.br\/blog\/resumo-ado-tcu\/#primaryimage\"},\"thumbnailUrl\":\"https:\/\/dhg1h5j42swfq.cloudfront.net\/2025\/11\/21095404\/juiz-com-martelo-numa-sala-de-julgamento-scaled.jpg\",\"articleSection\":[\"Concursos P\u00fablicos\",\"Tribunais de Contas (TCU, TCE, TCM)\"],\"inLanguage\":\"pt-BR\",\"potentialAction\":[{\"@type\":\"CommentAction\",\"name\":\"Comment\",\"target\":[\"https:\/\/www.estrategiaconcursos.com.br\/blog\/resumo-ado-tcu\/#respond\"]}],\"copyrightYear\":\"2026\",\"copyrightHolder\":{\"@id\":\"https:\/\/www.estrategiaconcursos.com.br\/blog\/#organization\"},\"accessibilityFeature\":[\"tableOfContents\"]},{\"@type\":\"WebPage\",\"@id\":\"https:\/\/www.estrategiaconcursos.com.br\/blog\/resumo-ado-tcu\/\",\"url\":\"https:\/\/www.estrategiaconcursos.com.br\/blog\/resumo-ado-tcu\/\",\"name\":\"Resumo sobre a ADO para o TCU\",\"isPartOf\":{\"@id\":\"https:\/\/www.estrategiaconcursos.com.br\/blog\/#website\"},\"primaryImageOfPage\":{\"@id\":\"https:\/\/www.estrategiaconcursos.com.br\/blog\/resumo-ado-tcu\/#primaryimage\"},\"image\":{\"@id\":\"https:\/\/www.estrategiaconcursos.com.br\/blog\/resumo-ado-tcu\/#primaryimage\"},\"thumbnailUrl\":\"https:\/\/dhg1h5j42swfq.cloudfront.net\/2025\/11\/21095404\/juiz-com-martelo-numa-sala-de-julgamento-scaled.jpg\",\"datePublished\":\"2026-01-14T17:05:00+00:00\",\"description\":\"Resumo sobre a A\u00e7\u00e3o direta de inconstitucionalidade por omiss\u00e3o (ADO) para o concurso do TCU (Tribunal de Contas da Uni\u00e3o).\",\"breadcrumb\":{\"@id\":\"https:\/\/www.estrategiaconcursos.com.br\/blog\/resumo-ado-tcu\/#breadcrumb\"},\"inLanguage\":\"pt-BR\",\"potentialAction\":[{\"@type\":\"ReadAction\",\"target\":[\"https:\/\/www.estrategiaconcursos.com.br\/blog\/resumo-ado-tcu\/\"]}]},{\"@type\":\"ImageObject\",\"inLanguage\":\"pt-BR\",\"@id\":\"https:\/\/www.estrategiaconcursos.com.br\/blog\/resumo-ado-tcu\/#primaryimage\",\"url\":\"https:\/\/dhg1h5j42swfq.cloudfront.net\/2025\/11\/21095404\/juiz-com-martelo-numa-sala-de-julgamento-scaled.jpg\",\"contentUrl\":\"https:\/\/dhg1h5j42swfq.cloudfront.net\/2025\/11\/21095404\/juiz-com-martelo-numa-sala-de-julgamento-scaled.jpg\",\"width\":2560,\"height\":1750,\"caption\":\"Resumo sobre a ADO para o TCU\"},{\"@type\":\"BreadcrumbList\",\"@id\":\"https:\/\/www.estrategiaconcursos.com.br\/blog\/resumo-ado-tcu\/#breadcrumb\",\"itemListElement\":[{\"@type\":\"ListItem\",\"position\":1,\"name\":\"In\u00edcio\",\"item\":\"https:\/\/www.estrategiaconcursos.com.br\/blog\/\"},{\"@type\":\"ListItem\",\"position\":2,\"name\":\"Resumo sobre a ADO para o TCU\"}]},{\"@type\":\"WebSite\",\"@id\":\"https:\/\/www.estrategiaconcursos.com.br\/blog\/#website\",\"url\":\"https:\/\/www.estrategiaconcursos.com.br\/blog\/\",\"name\":\"Estrat\u00e9gia Concursos\",\"description\":\"O blog da Estrat\u00e9gia Concursos traz not\u00edcias sobre concursos e artigos de professores oferecendo cursos para concursos (pdf + videaulas) no site.\",\"publisher\":{\"@id\":\"https:\/\/www.estrategiaconcursos.com.br\/blog\/#organization\"},\"potentialAction\":[{\"@type\":\"SearchAction\",\"target\":{\"@type\":\"EntryPoint\",\"urlTemplate\":\"https:\/\/www.estrategiaconcursos.com.br\/blog\/?s={search_term_string}\"},\"query-input\":{\"@type\":\"PropertyValueSpecification\",\"valueRequired\":true,\"valueName\":\"search_term_string\"}}],\"inLanguage\":\"pt-BR\"},{\"@type\":\"Organization\",\"@id\":\"https:\/\/www.estrategiaconcursos.com.br\/blog\/#organization\",\"name\":\"Estrat\u00e9gia Concursos\",\"url\":\"https:\/\/www.estrategiaconcursos.com.br\/blog\/\",\"logo\":{\"@type\":\"ImageObject\",\"inLanguage\":\"pt-BR\",\"@id\":\"https:\/\/www.estrategiaconcursos.com.br\/blog\/#\/schema\/logo\/image\/\",\"url\":\"https:\/\/dhg1h5j42swfq.cloudfront.net\/2025\/06\/03203428\/logo_concursos-1.jpg\",\"contentUrl\":\"https:\/\/dhg1h5j42swfq.cloudfront.net\/2025\/06\/03203428\/logo_concursos-1.jpg\",\"width\":230,\"height\":60,\"caption\":\"Estrat\u00e9gia Concursos\"},\"image\":{\"@id\":\"https:\/\/www.estrategiaconcursos.com.br\/blog\/#\/schema\/logo\/image\/\"},\"sameAs\":[\"https:\/\/x.com\/EstratConcursos\"]},{\"@type\":\"Person\",\"@id\":\"https:\/\/www.estrategiaconcursos.com.br\/blog\/#\/schema\/person\/48a7e085e45aee7c3d4596399af50ebb\",\"name\":\"Frederico Tadeu Borlot Peixoto\",\"image\":{\"@type\":\"ImageObject\",\"inLanguage\":\"pt-BR\",\"@id\":\"https:\/\/secure.gravatar.com\/avatar\/df8a49e2321c1e32f85e9e7c2a9c92c688f1f53a947220f40017ff5858b09fdb?s=96&d=mm&r=g\",\"url\":\"https:\/\/secure.gravatar.com\/avatar\/df8a49e2321c1e32f85e9e7c2a9c92c688f1f53a947220f40017ff5858b09fdb?s=96&d=mm&r=g\",\"contentUrl\":\"https:\/\/secure.gravatar.com\/avatar\/df8a49e2321c1e32f85e9e7c2a9c92c688f1f53a947220f40017ff5858b09fdb?s=96&d=mm&r=g\",\"caption\":\"Frederico Tadeu Borlot Peixoto\"},\"description\":\"Analista Judici\u00e1rio - \u00c1rea Judici\u00e1ria do TRF da 4\u00aa regi\u00e3o. Bacharel em Direito. P\u00f3s-graduado em Direito Administrativo, Legisla\u00e7\u00e3o Penal Especial, Direito Penal e Direito Processual Penal. Tamb\u00e9m nomeado no TRF da 3\u00aa regi\u00e3o (8\u00ba lugar); SPPREV (3\u00ba lugar); IFES (2\u00ba lugar); e PMES. https:\/\/www.instagram.com\/proffrederico\/\",\"sameAs\":[\"https:\/\/www.instagram.com\/proffrederico\/\"],\"url\":\"https:\/\/www.estrategiaconcursos.com.br\/blog\/author\/xfredericohotmail-com\/\"}]}<\/script>\n<!-- \/ Yoast SEO Premium plugin. -->","yoast_head_json":{"title":"Resumo sobre a ADO para o TCU","description":"Resumo sobre a A\u00e7\u00e3o direta de inconstitucionalidade por omiss\u00e3o (ADO) para o concurso do TCU (Tribunal de Contas da Uni\u00e3o).","robots":{"index":"index","follow":"follow","max-snippet":"max-snippet:-1","max-image-preview":"max-image-preview:large","max-video-preview":"max-video-preview:-1"},"canonical":"https:\/\/www.estrategiaconcursos.com.br\/blog\/resumo-ado-tcu\/","og_locale":"pt_BR","og_type":"article","og_title":"Resumo sobre a ADO para o TCU","og_description":"Resumo sobre a A\u00e7\u00e3o direta de inconstitucionalidade por omiss\u00e3o (ADO) para o concurso do TCU (Tribunal de Contas da Uni\u00e3o).","og_url":"https:\/\/www.estrategiaconcursos.com.br\/blog\/resumo-ado-tcu\/","og_site_name":"Estrat\u00e9gia Concursos","article_published_time":"2026-01-14T17:05:00+00:00","og_image":[{"width":2560,"height":1750,"url":"https:\/\/dhg1h5j42swfq.cloudfront.net\/2025\/11\/21095404\/juiz-com-martelo-numa-sala-de-julgamento-scaled.jpg","type":"image\/jpeg"}],"author":"Frederico Tadeu Borlot Peixoto","twitter_card":"summary_large_image","twitter_creator":"@EstratConcursos","twitter_site":"@EstratConcursos","twitter_misc":{"Escrito por":"Frederico Tadeu Borlot Peixoto","Est. tempo de leitura":"5 minutos"},"schema":{"@context":"https:\/\/schema.org","@graph":[{"@type":"NewsArticle","@id":"https:\/\/www.estrategiaconcursos.com.br\/blog\/resumo-ado-tcu\/#article","isPartOf":{"@id":"https:\/\/www.estrategiaconcursos.com.br\/blog\/resumo-ado-tcu\/"},"author":{"name":"Frederico Tadeu Borlot Peixoto","@id":"https:\/\/www.estrategiaconcursos.com.br\/blog\/#\/schema\/person\/48a7e085e45aee7c3d4596399af50ebb"},"headline":"Resumo sobre a ADO para o TCU","datePublished":"2026-01-14T17:05:00+00:00","mainEntityOfPage":{"@id":"https:\/\/www.estrategiaconcursos.com.br\/blog\/resumo-ado-tcu\/"},"wordCount":1099,"commentCount":0,"publisher":{"@id":"https:\/\/www.estrategiaconcursos.com.br\/blog\/#organization"},"image":{"@id":"https:\/\/www.estrategiaconcursos.com.br\/blog\/resumo-ado-tcu\/#primaryimage"},"thumbnailUrl":"https:\/\/dhg1h5j42swfq.cloudfront.net\/2025\/11\/21095404\/juiz-com-martelo-numa-sala-de-julgamento-scaled.jpg","articleSection":["Concursos P\u00fablicos","Tribunais de Contas (TCU, TCE, TCM)"],"inLanguage":"pt-BR","potentialAction":[{"@type":"CommentAction","name":"Comment","target":["https:\/\/www.estrategiaconcursos.com.br\/blog\/resumo-ado-tcu\/#respond"]}],"copyrightYear":"2026","copyrightHolder":{"@id":"https:\/\/www.estrategiaconcursos.com.br\/blog\/#organization"},"accessibilityFeature":["tableOfContents"]},{"@type":"WebPage","@id":"https:\/\/www.estrategiaconcursos.com.br\/blog\/resumo-ado-tcu\/","url":"https:\/\/www.estrategiaconcursos.com.br\/blog\/resumo-ado-tcu\/","name":"Resumo sobre a ADO para o TCU","isPartOf":{"@id":"https:\/\/www.estrategiaconcursos.com.br\/blog\/#website"},"primaryImageOfPage":{"@id":"https:\/\/www.estrategiaconcursos.com.br\/blog\/resumo-ado-tcu\/#primaryimage"},"image":{"@id":"https:\/\/www.estrategiaconcursos.com.br\/blog\/resumo-ado-tcu\/#primaryimage"},"thumbnailUrl":"https:\/\/dhg1h5j42swfq.cloudfront.net\/2025\/11\/21095404\/juiz-com-martelo-numa-sala-de-julgamento-scaled.jpg","datePublished":"2026-01-14T17:05:00+00:00","description":"Resumo sobre a A\u00e7\u00e3o direta de inconstitucionalidade por omiss\u00e3o (ADO) para o concurso do TCU (Tribunal de Contas da Uni\u00e3o).","breadcrumb":{"@id":"https:\/\/www.estrategiaconcursos.com.br\/blog\/resumo-ado-tcu\/#breadcrumb"},"inLanguage":"pt-BR","potentialAction":[{"@type":"ReadAction","target":["https:\/\/www.estrategiaconcursos.com.br\/blog\/resumo-ado-tcu\/"]}]},{"@type":"ImageObject","inLanguage":"pt-BR","@id":"https:\/\/www.estrategiaconcursos.com.br\/blog\/resumo-ado-tcu\/#primaryimage","url":"https:\/\/dhg1h5j42swfq.cloudfront.net\/2025\/11\/21095404\/juiz-com-martelo-numa-sala-de-julgamento-scaled.jpg","contentUrl":"https:\/\/dhg1h5j42swfq.cloudfront.net\/2025\/11\/21095404\/juiz-com-martelo-numa-sala-de-julgamento-scaled.jpg","width":2560,"height":1750,"caption":"Resumo sobre a ADO para o TCU"},{"@type":"BreadcrumbList","@id":"https:\/\/www.estrategiaconcursos.com.br\/blog\/resumo-ado-tcu\/#breadcrumb","itemListElement":[{"@type":"ListItem","position":1,"name":"In\u00edcio","item":"https:\/\/www.estrategiaconcursos.com.br\/blog\/"},{"@type":"ListItem","position":2,"name":"Resumo sobre a ADO para o TCU"}]},{"@type":"WebSite","@id":"https:\/\/www.estrategiaconcursos.com.br\/blog\/#website","url":"https:\/\/www.estrategiaconcursos.com.br\/blog\/","name":"Estrat\u00e9gia Concursos","description":"O blog da Estrat\u00e9gia Concursos traz not\u00edcias sobre concursos e artigos de professores oferecendo cursos para concursos (pdf + videaulas) no site.","publisher":{"@id":"https:\/\/www.estrategiaconcursos.com.br\/blog\/#organization"},"potentialAction":[{"@type":"SearchAction","target":{"@type":"EntryPoint","urlTemplate":"https:\/\/www.estrategiaconcursos.com.br\/blog\/?s={search_term_string}"},"query-input":{"@type":"PropertyValueSpecification","valueRequired":true,"valueName":"search_term_string"}}],"inLanguage":"pt-BR"},{"@type":"Organization","@id":"https:\/\/www.estrategiaconcursos.com.br\/blog\/#organization","name":"Estrat\u00e9gia Concursos","url":"https:\/\/www.estrategiaconcursos.com.br\/blog\/","logo":{"@type":"ImageObject","inLanguage":"pt-BR","@id":"https:\/\/www.estrategiaconcursos.com.br\/blog\/#\/schema\/logo\/image\/","url":"https:\/\/dhg1h5j42swfq.cloudfront.net\/2025\/06\/03203428\/logo_concursos-1.jpg","contentUrl":"https:\/\/dhg1h5j42swfq.cloudfront.net\/2025\/06\/03203428\/logo_concursos-1.jpg","width":230,"height":60,"caption":"Estrat\u00e9gia Concursos"},"image":{"@id":"https:\/\/www.estrategiaconcursos.com.br\/blog\/#\/schema\/logo\/image\/"},"sameAs":["https:\/\/x.com\/EstratConcursos"]},{"@type":"Person","@id":"https:\/\/www.estrategiaconcursos.com.br\/blog\/#\/schema\/person\/48a7e085e45aee7c3d4596399af50ebb","name":"Frederico Tadeu Borlot Peixoto","image":{"@type":"ImageObject","inLanguage":"pt-BR","@id":"https:\/\/secure.gravatar.com\/avatar\/df8a49e2321c1e32f85e9e7c2a9c92c688f1f53a947220f40017ff5858b09fdb?s=96&d=mm&r=g","url":"https:\/\/secure.gravatar.com\/avatar\/df8a49e2321c1e32f85e9e7c2a9c92c688f1f53a947220f40017ff5858b09fdb?s=96&d=mm&r=g","contentUrl":"https:\/\/secure.gravatar.com\/avatar\/df8a49e2321c1e32f85e9e7c2a9c92c688f1f53a947220f40017ff5858b09fdb?s=96&d=mm&r=g","caption":"Frederico Tadeu Borlot Peixoto"},"description":"Analista Judici\u00e1rio - \u00c1rea Judici\u00e1ria do TRF da 4\u00aa regi\u00e3o. Bacharel em Direito. P\u00f3s-graduado em Direito Administrativo, Legisla\u00e7\u00e3o Penal Especial, Direito Penal e Direito Processual Penal. Tamb\u00e9m nomeado no TRF da 3\u00aa regi\u00e3o (8\u00ba lugar); SPPREV (3\u00ba lugar); IFES (2\u00ba lugar); e PMES. https:\/\/www.instagram.com\/proffrederico\/","sameAs":["https:\/\/www.instagram.com\/proffrederico\/"],"url":"https:\/\/www.estrategiaconcursos.com.br\/blog\/author\/xfredericohotmail-com\/"}]}},"_links":{"self":[{"href":"https:\/\/www.estrategiaconcursos.com.br\/blog\/wp-json\/wp\/v2\/posts\/1673471","targetHints":{"allow":["GET"]}}],"collection":[{"href":"https:\/\/www.estrategiaconcursos.com.br\/blog\/wp-json\/wp\/v2\/posts"}],"about":[{"href":"https:\/\/www.estrategiaconcursos.com.br\/blog\/wp-json\/wp\/v2\/types\/post"}],"author":[{"embeddable":true,"href":"https:\/\/www.estrategiaconcursos.com.br\/blog\/wp-json\/wp\/v2\/users\/2567"}],"replies":[{"embeddable":true,"href":"https:\/\/www.estrategiaconcursos.com.br\/blog\/wp-json\/wp\/v2\/comments?post=1673471"}],"version-history":[{"count":1,"href":"https:\/\/www.estrategiaconcursos.com.br\/blog\/wp-json\/wp\/v2\/posts\/1673471\/revisions"}],"predecessor-version":[{"id":1673473,"href":"https:\/\/www.estrategiaconcursos.com.br\/blog\/wp-json\/wp\/v2\/posts\/1673471\/revisions\/1673473"}],"wp:featuredmedia":[{"embeddable":true,"href":"https:\/\/www.estrategiaconcursos.com.br\/blog\/wp-json\/wp\/v2\/media\/1673474"}],"wp:attachment":[{"href":"https:\/\/www.estrategiaconcursos.com.br\/blog\/wp-json\/wp\/v2\/media?parent=1673471"}],"wp:term":[{"taxonomy":"category","embeddable":true,"href":"https:\/\/www.estrategiaconcursos.com.br\/blog\/wp-json\/wp\/v2\/categories?post=1673471"},{"taxonomy":"post_tag","embeddable":true,"href":"https:\/\/www.estrategiaconcursos.com.br\/blog\/wp-json\/wp\/v2\/tags?post=1673471"},{"taxonomy":"tax_estado","embeddable":true,"href":"https:\/\/www.estrategiaconcursos.com.br\/blog\/wp-json\/wp\/v2\/tax_estado?post=1673471"}],"curies":[{"name":"wp","href":"https:\/\/api.w.org\/{rel}","templated":true}]}}