{"id":1673271,"date":"2025-11-23T16:00:00","date_gmt":"2025-11-23T19:00:00","guid":{"rendered":"https:\/\/www.estrategiaconcursos.com.br\/blog\/?p=1673271"},"modified":"2025-11-23T20:22:41","modified_gmt":"2025-11-23T23:22:41","slug":"gabarito-extraoficial-tj-rs-ajaa","status":"publish","type":"post","link":"https:\/\/www.estrategiaconcursos.com.br\/blog\/gabarito-extraoficial-tj-rs-ajaa\/","title":{"rendered":"Gabarito extraoficial TJ RS: Analista Judici\u00e1rio &#8211; Adm. (AJAA)"},"content":{"rendered":"\n<p>Neste domingo, 23 de novembro, foram aplicadas as <strong>provas objetivas do concurso TJ RS<\/strong> (<strong><\/strong><strong><a href=\"https:\/\/www.estrategiaconcursos.com.br\/cursosPorConcurso\/tribunal-de-justica-do-rio-grande-do-sul-tj-rs\/\" target=\"_blank\" rel=\"noreferrer noopener\">Tribunal de Justi\u00e7a do Rio Grande do Sul<\/a><\/strong>).<strong>&nbsp;<\/strong>As avalia\u00e7\u00f5es tiveram a dura\u00e7\u00e3o de 4 horas, com in\u00edcio \u00e0s 13h (hor\u00e1rio de Bras\u00edlia\/DF).<\/p>\n\n\n\n<p>Com o objetivo de ajud\u00e1-lo a diminuir a ansiedade de saber se foi bem ou n\u00e3o em um concurso t\u00e3o importante,&nbsp;nossos professores realizam a <strong>corre\u00e7\u00e3o ao vivo<\/strong> a partir das 17h, analisando o&nbsp;<strong>gabarito extraoficial<\/strong> da prova do concurso TJ RS para o cargo de <strong>Analista do Poder Judici\u00e1rio \u2013 \u00c1rea Administrativa (AJAA)<\/strong>.<\/p>\n\n\n\n<p>Assim, confira antecipadamente seu desempenho e ainda receba <strong>dicas de recursos<\/strong> (se houver necessidade, claro!).<\/p>\n\n\n\n<p>Lembrando que os gabaritos preliminares ser\u00e3o liberados no site da <a href=\"https:\/\/conhecimento.fgv.br\/concursos\/tjrs25\" target=\"_blank\" rel=\"noreferrer noopener\">FGV<\/a> somente no dia 25 de novembro, pr\u00f3xima ter\u00e7a-feira.<\/p>\n\n\n\n<h2 class=\"wp-block-heading\" id=\"Enfermagem\">Corre\u00e7\u00e3o ao vivo e Gabarito Extraoficial TJ RS &#8211; Analista do Poder Judici\u00e1rio &#8211; \u00c1rea Administrativa (AJAA)<\/h2>\n\n\n<figure class=\"wp-block-embed-youtube wp-block-embed is-type-video is-provider-youtube wp-embed-aspect-16-9 wp-has-aspect-ratio lyte-align aligncenter\"><div class=\"lyte-wrapper\" style=\"width:853px;max-width:100%;margin:5px;\"><div class=\"lyMe\" id=\"WYL_EY-IUm5Ryao\"><div id=\"lyte_EY-IUm5Ryao\" data-src=\"\/\/i.ytimg.com\/vi\/EY-IUm5Ryao\/hqdefault.jpg\" class=\"pL\"><div class=\"tC\"><div class=\"tT\"><\/div><\/div><div class=\"play\"><\/div><div class=\"ctrl\"><div class=\"Lctrl\"><\/div><div class=\"Rctrl\"><\/div><\/div><\/div><noscript><a href=\"https:\/\/youtu.be\/EY-IUm5Ryao\" rel=\"nofollow\"><img loading=\"lazy\" decoding=\"async\" src=\"https:\/\/i.ytimg.com\/vi\/EY-IUm5Ryao\/0.jpg\" alt=\"YouTube video thumbnail\" width=\"853\" height=\"460\" \/><br \/>Assista a este v\u00eddeo no YouTube<\/a><\/noscript><\/div><\/div><div class=\"lL\" style=\"max-width:100%;width:853px;margin:5px;\"><\/div><figcaption><\/figcaption><\/figure>\n\n\n<p><strong>Aten\u00e7\u00e3o! <\/strong>Cada prova costuma ter uma ordena\u00e7\u00e3o diferente das quest\u00f5es. Assim, fique atento ao in\u00edcio do enunciado na sua vers\u00e3o de prova.<\/p>\n\n\n\n<p><strong>Quest\u00e3o 1 &#8211;<\/strong> Leia o trecho da cr\u00f4nica a seguir. <strong>INIMIGOS<\/strong> &#8211; O apelido de Maria Teresa, para Norberto, era &#8220;Quequinha&#8221;. Depois do casamento&#8230;<br \/><strong>Alternativa:<\/strong> B<\/p>\n\n\n\n<p><strong>Quest\u00e3o 2 &#8211;<\/strong> Leia o fragmento a seguir da cr\u00f4nica &#8220;As superm\u00e3es e as m\u00e3es<br \/>normais&#8221;: H\u00e1 quase 16 anos no ramo da maternidade, com duas experi\u00eancias bem-sucedidas at\u00e9 aqui, me pergunto&#8230;<br \/><strong>Alternativa:<\/strong> A<\/p>\n\n\n\n<p><strong>Quest\u00e3o 3 &#8211;<\/strong> observe os quadrinhos a seguir (Coffee Break)&#8230;<br \/><strong>Alternativa:<\/strong> D<\/p>\n\n\n\n<p><strong>Quest\u00e3o 4 &#8211;<\/strong> Leia o trecho a seguir. &#8220;Sr. Redator: Desculpe os erros e a letra pois&#8230;&#8221;<br \/><strong>Alternativa:<\/strong> B<\/p>\n\n\n\n<p><strong>Quest\u00e3o 5 &#8211;<\/strong> Observe o cartaz produzido pelo Centro de Voluntarlado de<br \/>Paulo em homenagem ao Dia Internacional do Volunt\u00e1rio&#8230;<br \/><strong>Alternativa:<\/strong> C<\/p>\n\n\n\n<p><strong>Quest\u00e3o 6 &#8211;<\/strong> Leia o texto a seguir e observe o uso do conectivo &#8220;como&#8221;. &#8220;O que \u00e9 trabalho volunt\u00e1rio?&#8221;&#8230;<br \/><strong>Alternativa:<\/strong> A<\/p>\n\n\n\n<p><strong>Quest\u00e3o 7 &#8211;<\/strong> Acampamento Farroupilha termina neste domingo com p\u00fablico total superior a 2 milh\u00f5es de pessoas&#8230;<br \/><strong>Alternativa:<\/strong> C<\/p>\n\n\n\n<p><strong>Quest\u00e3o 8 &#8211;<\/strong> Observe o texto a seguir. O texto \u00e9 um folder de campanha divulgado na p\u00e1gina &#8220;Autismo Legal&#8221;&#8230;<br \/><strong>Alternativa:<\/strong> E<\/p>\n\n\n\n<p><strong>Quest\u00e3o 9 <\/strong>&#8211; 3 de setembro de 1960 De manha o senhor Antonio Soeiro Cabral converso comigo, ele esta horrorisado porque o Aud\u00e1lio \u00e9 sosinho para escrever e n\u00e3o tem tempo para arranjar uma casa pra mim&#8230;<br \/><strong>Alternativa: <\/strong>C<\/p>\n\n\n\n<p><strong>Quest\u00e3o 10 <\/strong>&#8211; Leia a not\u00edcia a seguir. Comiss\u00e3o de Educa\u00e7\u00e3o aprova projeto que pro\u00edbe uso de celular em escola&#8230;<br \/><strong>Alternativa: <\/strong>A<\/p>\n\n\n\n<p><strong>Quest\u00e3o 11 <\/strong>&#8211; Observe 11 a charge a seguir, de janeiro de 2018. Ela se insere nas discuss\u00f5es sobre a Base Nacional Comum Curricular (BNCC) \u043f\u0430 Curricular (BNCC) a educa\u00e7\u00e3o b\u00e1sica&#8230;<br \/><strong>Alternativa: <\/strong>D<\/p>\n\n\n\n<p><strong>Quest\u00e3o 12 &#8211; <\/strong>Leia o trecho a seguir. Eles n\u00e3o podiam saber que a rea\u00e7\u00e3o benevolente de Dona Geny era provocada por uma confid\u00eancia feita por Dippenaar&#8230;<br \/><strong>Alternativa: <\/strong>D<\/p>\n\n\n\n<p><strong>Quest\u00e3o 13 <\/strong>&#8211; No romance O Mulato, Alu\u00edsio Azevedo emprega diversas constru\u00e7\u00f5es lingu\u00edsticas que refletem a norma culta da l\u00edngua portuguesa&#8230;<br \/><strong>Alternativa:<\/strong> B<\/p>\n\n\n\n<p><strong>Quest\u00e3o 14 <\/strong>&#8211; Leia o seguinte trecho de uma cr\u00f4nica do escritor recentemente falecido Lu\u00eds Fernando Ver\u00edssimo&#8230;<br \/><strong>Alternativa: <\/strong>D<\/p>\n\n\n\n<p><strong>Quest\u00e3o 15<\/strong> &#8211; As frases a seguir est\u00e3o separadas por ponto final Considerando a possibilidade de unir as duas ora\u00e7\u00f5es por meio de um pronome relativo, assinale a op\u00e7\u00e3o em que a constru\u00e7\u00e3o resultante estaria correta, segundo a norma culta da l\u00edngua portuguesa&#8230;<br \/><strong>Alternativa<\/strong>: B* (recurso)<\/p>\n\n\n\n<p><strong>Quest\u00e3o 16<\/strong> &#8211; Em cada op\u00e7\u00e3o, o termo sublinhado \u00e9 substitu\u00eddo por um hiper\u00f4nimo no per\u00edodo, a fim de evitar a repeti\u00e7\u00e3o de palavras. Assinale a op\u00e7\u00e3o em que o hiper\u00f4nimo foi selecionado de forma adequada&#8230;<br \/><strong>Alternativa<\/strong>: C<\/p>\n\n\n\n<p><strong>Quest\u00e3o 17<\/strong> &#8211; Em muitos casos, na l\u00edngua escrita, observa-se a tentativa de reduzir a complexidade do ser humano, tratando-o como um objeto ou uma coisa desprovida de subjetividade, processo denominado reifica\u00e7\u00e3o&#8230;<br \/><strong>Alternativa<\/strong>: B<\/p>\n\n\n\n<p><strong>Quest\u00e3o 18<\/strong> &#8211; Os demonstrativos, quando usados em desacordo com a norma culta, podem comprometer a clareza e a corre\u00e7\u00e3o do texto. As frases a seguir foram retiradas do livro Mem\u00f3rias de um Sargento de Mil\u00edcias, de Manuel Ant\u00f4nio de Almeida&#8230;<br \/><strong>Alternativa<\/strong>: C<\/p>\n\n\n\n<p><strong>Quest\u00e3o 19<\/strong> &#8211; Em todas as frases a seguir, retiradas do romance Triste Fim de Policarpo Quaresma, de Lima Barreto, aparece a forma verbal ser. Assinale a frase em que essa forma verbal n\u00e3o desempenha a fun\u00e7\u00e3o de formadora da voz passiva&#8230;<br \/><strong>Alternativa<\/strong>: D<\/p>\n\n\n\n<p><strong>Quest\u00e3o 20<\/strong> &#8211; Nas frases a seguir, retiradas do romance Eurico, o Presb\u00edtero, de Alexandre Herculano, todas apresentam a palavra &#8220;se&#8221; Analise o uso do &#8220;se&#8221; em cada caso e assinale a op\u00e7\u00e3o em que ele atua como indeterminador do sujeito&#8230;<br \/><strong>Alternativa<\/strong>: D<\/p>\n\n\n\n<p><strong>Quest\u00e3o 21<\/strong> &#8211; As frases a seguir foram retiradas do romance O Mulato, de Alu\u00edsio Azevedo, e apresentam o uso do ger\u00fandio. Assinale a frase em que o ger\u00fandio tem valor modal&#8230;<br \/><strong>Alternativa<\/strong>: C<\/p>\n\n\n\n<p><strong>Quest\u00e3o 22<\/strong> &#8211; O uso correto da crase \u00e9 exigido pela norma culta da l\u00edngua portuguesa e indica a fus\u00e3o da preposi\u00e7\u00e3o &#8220;a&#8221; com o artigo definido feminino &#8220;a(s)&#8221;. Entre as frases a seguir, adaptadas do romance O Guarani, de Jos\u00e9 de Alencar, assinale a que apresenta o uso incorreto do acento indicativo de crase&#8230; <br \/><strong>Alternativa<\/strong>: D<\/p>\n\n\n\n<p><strong>Quest\u00e3o 23<\/strong> &#8211; Com o objetivo de estabelecer diretrizes para a ado\u00e7\u00e3o de padr\u00f5es de conduta e promover o aprimoramento \u00e9tico dos servidores do Tribunal de Justi\u00e7a do Estado do Rio Grande do Sul, foi institu\u00eddo o C\u00f3digo de \u00c9tica e de Conduta dos Servidores do Poder Judici\u00e1rio do Estado do Rio Grande do Sul&#8230;<br \/><strong>Alternativa<\/strong>: A<\/p>\n\n\n\n<p><strong>Quest\u00e3o 24<\/strong> &#8211; Lucas, residente e domiciliado no Munic\u00edpio de Pelotas, no Eatsdo do Rio Grande do Su, tem impedimento de longo prazo de natureza f\u00edsica. Registre-se que Lucas&#8230;<br \/><strong>Alternativa<\/strong>: E<\/p>\n\n\n\n<p><strong>Quest\u00e3o 25<\/strong> &#8211; \u00c0 luz das disposi\u00e7\u00f5es do C\u00f3digo de \u00c9tica e de Conduta dos Servidores do Poder Judici\u00e1rio do Estado do Rio Grande do Sul, analise as seguintes situa\u00e7\u00f5es&#8230;<br \/><strong>Alternativa<\/strong>: D<\/p>\n\n\n\n<p><strong>Quest\u00e3o 26<\/strong> &#8211; Jos\u00e9, analista do Tribunal de Justi\u00e7a do Estado do Rio Grande do Sul, consultou os direitos que det\u00e9m \u00e0 luz do C\u00f3digo de \u00c9tica que Ihe \u00e9 aplic\u00e1vel&#8230;<br \/><strong>Alternativa<\/strong>: E<\/p>\n\n\n\n<p><strong>Quest\u00e3o 27<\/strong> &#8211; Nos termos do Estatuto e Regime Jur\u00eddico \u00danico dos Servidores P\u00fablicos Civis do Estado do Rio Grande do Sul, a posse em cargo p\u00fablico efetivo depender\u00e1 de pr\u00e9via inspe\u00e7\u00e3o m\u00e9dica que ateste a aptid\u00e3o f\u00edsica e mental para o exerc\u00edcio do cargo&#8230;<br \/><strong>Alternativa<\/strong>: A<\/p>\n\n\n\n<p><strong>Quest\u00e3o 28<\/strong> &#8211; O \u00f3rg\u00e3o competente do Tribunal de Justi\u00e7a do Estado do Rio Grande do Sul (TJRS) proferiu decis\u00e3o fundamentada a respeito da admissibilidade de um recurso extraordin\u00e1rio e de um recurso especial em mat\u00e9ria de Direito P\u00fablico&#8230;<br \/><strong>Alternativa<\/strong>: B<\/p>\n\n\n\n<p><strong>Quest\u00e3o 29<\/strong> &#8211; Carolina, pessoa com defici\u00eancia, pretende ingressar em ju\u00edzo, com uma demanda. Para tanto, buscou se informar sobre as disposi\u00e7\u00f5es do Estatuto da Pessoa com Defici\u00eancia (Lei n\u00ba 13.146\/2015)&#8230;<br \/><strong>Alternativa<\/strong>: B<\/p>\n\n\n\n<p><strong>Quest\u00e3o 30<\/strong> &#8211; Ap\u00f3s leg\u00edtima articula\u00e7\u00e3o efetivada pelo Poder Executivo, o tratado internacional Alfa, que versa sobre direitos humanos, foi aprovado, na C\u00e2mara dos Deputados e no Senado Federal, em dois turnos, por tr\u00eas quintos dos votos dos membros das Casas Legislativas&#8230;<br \/><strong>Alternativa<\/strong>: A<\/p>\n\n\n\n<p><strong>Quest\u00e3o 31<\/strong> &#8211; A Constitui\u00e7\u00e3o da Rep\u00fablica, ao tratar dos direitos e garantias fundamentais vinculados \u00e0 dignidade da pessoa humana, estabelece que todos s\u00e3o iguais perante a lei, sem distin\u00e7\u00e3o de qualquer natureza, garantindo-se aos brasileiros e aos estrangeiros residentes no pa\u00eds a inviolabilidade do direito \u00e0 vida, \u00e0 liberdade, \u00e0 igualdade, \u00e0 seguran\u00e7a e \u00e0 propriedade&#8230;<br \/><strong>Alternativa<\/strong>: E<\/p>\n\n\n\n<p><strong>Quest\u00e3o 32<\/strong> &#8211; A Lei n\u00ba 12.288\/2010 instituiu o Estatuto da Igualdade Racial, destinado a garantir \u00e0 popula\u00e7\u00e3o negra a efetiva\u00e7\u00e3o da igualdade de oportunidades, a defesa dos direitos \u00e9tnicos individuais, coletivos e difusos e o combate \u00e0 discrimina\u00e7\u00e3o e \u00e0s demais formas de intoler\u00e2ncia \u00e9tnica&#8230;<br \/><strong>Alternativa<\/strong>: E<\/p>\n\n\n\n<p><strong>Quest\u00e3o 33<\/strong> &#8211; Paulo, analista do TJ-RS, estudou a Resolu\u00e7\u00e3o n\u00ba 615\/2025 do Conselho Nacional de Justi\u00e7a (CNJ), que estabelece diretrizes para o desenvolvimento, a utiliza\u00e7\u00e3o e a governan\u00e7a de solu\u00e7\u00f5es baseadas em intelig\u00eancia artificial (IA) no \u00e2mbito do Poder Judici\u00e1rio&#8230;<br \/><strong>Alternativa<\/strong>: E<\/p>\n\n\n\n<p><strong>Quest\u00e3o 34<\/strong> &#8211; Ot\u00e1vio trabalha em uma organiza\u00e7\u00e3o pouco atenta \u00e0s amea\u00e7as virtuais. Recentemente, a empresa foi v\u00edtima de um malware que, de maneira furtiva, infectou seus sistemas, bloqueou \u0435 criptografou dados, tornando-os inutiliz\u00e1veis. Em termos gerais, os cibercriminosos sequestraram essas informa\u00e7\u00f5es e exigiram um resgate em criptomoedas para desbloque\u00e1-las&#8230;<br \/><strong>Alternativa<\/strong>: C<\/p>\n\n\n\n<p><strong>Quest\u00e3o 35<\/strong> &#8211; Um \u00f3rg\u00e3o p\u00fablico vinculado \u00e0 Uni\u00e3o contrata uma sociedade empres\u00e1ria para fornecer uma solu\u00e7\u00e3o de intelig\u00eancia artificial destinada ao tratamento automatizado de decis\u00f5es, com base em um banco de dados gerido pelo pr\u00f3prio \u00f3rg\u00e3o&#8230;<br \/><strong>Alternativa<\/strong>: A<\/p>\n\n\n\n<p><strong>Quest\u00e3o 36<\/strong> &#8211; Considere que existem desktops com diferentes vers\u00f5es do Windows 10 no TJRS, e que a Microsoft encerrar\u00e1 o suporte a esse sistema operacional em outubro de 2025&#8230;<br \/><strong>Alternativa<\/strong>: B<\/p>\n\n\n\n<p><strong>Quest\u00e3o 37<\/strong> &#8211; O Excel 365 oferece um amplo conjunto de novas fun\u00e7\u00f5es, entre elas, a XLOOKUP Com base nessa informa\u00e7\u00e3o, analise as afirmativas a seguir e assinale (V) para a verdadeira e (F) para a falsa, de acordo com o funcionamento dessa fun\u00e7\u00e3o&#8230;<br \/><strong>Alternativa<\/strong>: C<\/p>\n\n\n\n<p><strong>Quest\u00e3o 38<\/strong> &#8211; Josaf\u00e1 e Josias utilizam OneDrive no Microsoft 365 para melhorar o desempenho das atividades di\u00e1rias no TJ-RS. Com o objetivo de treinar os colegas da reparti\u00e7\u00e3o, eles decidiram estudar a documenta\u00e7\u00e3o oficial do produto&#8230;<br \/><strong>Alternativa<\/strong>: E<\/p>\n\n\n\n<p><strong>Quest\u00e3o 39<\/strong> &#8211; F\u00e1bio, um analista de suporte, precisa configurar os clientes de uma rede local do TJ-RS com o servi\u00e7o de rede, que automatiza a atribui\u00e7\u00e3o de endere\u00e7os IP e demais informa\u00e7\u00f5es de configura\u00e7\u00e3o dos dispositivos conectados&#8230;<br \/><strong>Alternativa<\/strong>: D<\/p>\n\n\n\n<p><strong>Quest\u00e3o 40<\/strong> &#8211; Os analistas do TJ-RS precisam modernizar o sistema de peticionamento eletr\u00f4nico. Ap\u00f3s uma avalia\u00e7\u00e3o criteriosa das ferramentas de automa\u00e7\u00e3o de tarefas e produtividade dispon\u00edveis no mercado, optaram pelo uso do Microsoft Planner, que permite planejar, gerenciar e acompanhar a execu\u00e7\u00e3o de tarefas Com base nessa ferramenta, as tarefas s\u00e3o organizadas em pain\u00e9is do tipo&#8230;<br \/><strong>Alternativa<\/strong>: C<\/p>\n\n\n\n<p><strong>Quest\u00e3o 41<\/strong> &#8211; Elton reconhece que h\u00e1 riscos associados \u00e0 execu\u00e7\u00e3o autom\u00e1tica de v\u00edrus presentes em-macros ocultas em planilhas do Excel, provenientes de fontes externas&#8230;<br \/><strong>Alternativa<\/strong>: A* (recurso)<\/p>\n\n\n\n<p><strong>Quest\u00e3o 42<\/strong> &#8211; O Windows 11 suporta os mais recentes padr\u00f5es de tecnologias sem fios, incluindo o Wi-Fi 6 e o Wi-Fi 7. Considerando as caracter\u00edsticas do Wi-Fi 7&#8230;<br \/><strong>Alternativa<\/strong>: B<\/p>\n\n\n\n<p><strong>Quest\u00e3o 43<\/strong> &#8211; A hist\u00f3ria da Intelig\u00eancia Artificial (IA) come\u00e7ou no ver\u00e3o de 1956, quando um grupo de cientistas organizou e realizou a primeira confer\u00eancia dedicada ao tema&#8230;<br \/><strong>Alternativa<\/strong>: recurso\/anula\u00e7\u00e3o<\/p>\n\n\n\n<p><strong>Quest\u00e3o 44<\/strong> &#8211; A Lei n\u00ba 13.709\/2018 (Lei Geral de Prote\u00e7\u00e3o de Dados Pessoais &#8211; LGPD) estabelece uma estrutura legal que empodera os titulares de dados pessoais, fornecendo-lhes direitos a serem exercidos perante os controladores de dados&#8230;<br \/><strong>Alternativa<\/strong>: A<\/p>\n\n\n\n<p><strong>Quest\u00e3o 45<\/strong> &#8211; Um servidor de um \u00f3rg\u00e3o do Poder Judici\u00e1rio atua no balc\u00e3o de atendimento ao p\u00fablico. Em um dia de grande movimento, um cidad\u00e3o se mostra agressivo, levantando a voz e acusando servidor de m\u00e1 vontade no andamento de seu processo. o servidor, abalado pela situa\u00e7\u00e3o, ainda precisa continuar atendendo os pr\u00f3ximos cidad\u00e3os na fila&#8230;<br \/><strong>Alternativa<\/strong>: B<\/p>\n\n\n\n<p><strong>Quest\u00e3o 46<\/strong> &#8211; Um hospital p\u00fablico iniciou um processo de transforma\u00e7\u00e3o digital, implementando prontu\u00e1rios eletr\u00f4nicos e reorganizando fluxos internos&#8230;<br \/><strong>Alternativa<\/strong>: A<\/p>\n\n\n\n<p><strong>Quest\u00e3o 47<\/strong> &#8211; O munic\u00edpio de Aurora iniciou um programa de transpar\u00eancia digital, criando um portal de dados abertos e publicando relat\u00f3rios peri\u00f3dicos de execu\u00e7\u00e3o or\u00e7ament\u00e1ria&#8230;<br \/><strong>Alternativa<\/strong>: C<\/p>\n\n\n\n<p><strong>Quest\u00e3o 48<\/strong> &#8211; Em determinado programa governamental de fornecimento de medicamentos gratuitos, o Estado amplia significativamente a oferta (efeito an\u00e1logo \u00e0 supersafra no setor p\u00fablico)&#8230;<br \/><strong>Alternativa<\/strong>: A<\/p>\n\n\n\n<p><strong>Quest\u00e3o 49<\/strong> &#8211; Em uma grande cidade brasileira, a Prefeitura decidiu ampliar a oferta de ilumina\u00e7\u00e3o p\u00fablica e de drenagem urbana como parte de um programa de preven\u00e7\u00e3o a enchentes<br \/><strong>Alternativa<\/strong>: D<\/p>\n\n\n\n<p><strong>Quest\u00e3o 50<\/strong> &#8211; A Prefeitura de Cidade Verde, localizada em um munic\u00edpio de porte m\u00e9dio no interior do Brasil, enfrenta desafios como crescimento populacional r\u00e1pido, aumento de problemas de sa\u00fade p\u00fablica, saneamento prec\u00e1rio e baixa participa\u00e7\u00e3o cidad\u0101 nas decis\u00f5es p\u00fablicas. Como resposta, a Administra\u00e7\u00e3o decidiu revisar seu planejamento estrat\u00e9gico, ajustando a Miss\u00e3o do munic\u00edpio&#8230;<br \/><strong>Alternativa<\/strong>: B<\/p>\n\n\n\n<p><strong>Quest\u00e3o 51<\/strong> &#8211; A Prefeitura de Nova Esperan\u00e7a, munic\u00edpio de porte m\u00e9dio, iniciou um processo de planejamento estrat\u00e9gico para enfrentar desafios crescentes&#8230;<br \/><strong>Alternativa<\/strong>: E<\/p>\n\n\n\n<p><strong>Quest\u00e3o 52<\/strong> &#8211; No Balanced Scorecard (BSC), a constru\u00e7\u00e3o de mapas estrat\u00e9gicos permite transformara estrat\u00e9gia em um encadeamento l\u00f3gico de hip\u00f3teses, por meio das rela\u00e7\u00f5es de causa e efeito entre objetivos das diferentes perspectivas&#8230;<br \/><strong>Alternativa<\/strong>: C<\/p>\n\n\n\n<p><strong>Quest\u00e3o 53<\/strong> &#8211; Em muitas organiza\u00e7\u00f5es, a especializa\u00e7\u00e3o funcional (finan\u00e7as, marketing, opera\u00e7\u00f5es etc.) pode gerar silos, em que cada \u00e1rea prioriza seus pr\u00f3prios objetivos e metas de desempenho em detrimento do alinhamento estrat\u00e9gico&#8230;<br \/><strong>Alternativa<\/strong>: C<\/p>\n\n\n\n<p><strong>Quest\u00e3o 54<\/strong> &#8211; No monitoramento de metas e indicadores, n\u00e3o basta medir resultados isolados: \u00e9 necess\u00e1rio compreender as rela\u00e7\u00f5es de causa e efeito que os conectam&#8230;<br \/><strong>Alternativa<\/strong>: D<\/p>\n\n\n\n<p><strong>Quest\u00e3o 55<\/strong> &#8211; Um servidor p\u00fablico participou de um treinamento em outro estado no primeiro trimestre de 2025. Na ocasi\u00e3o, recebeu suprimento de fundos, mas suas contas foram recusadas, em virtude da m\u00e1 aplica\u00e7\u00e3o dos recursos&#8230;<br \/><strong>Alternativa<\/strong>: D<\/p>\n\n\n\n<p><strong>Quest\u00e3o 56<\/strong> &#8211; Com base na Lei de Or\u00e7amento (Lei n\u00ba 4.320\/1964), assinale (V) para a afirmativa verdadeira e (F) para a falsa&#8230;<br \/><strong>Alternativa<\/strong>: D<\/p>\n\n\n\n<p><strong>Quest\u00e3o 57<\/strong> &#8211; De acordo com a Lei n\u00ba 4.320\/1964, a abertura dos cr\u00e9ditos suplementares e especiais depende da exist\u00eancia de recursos dispon\u00edveis e deve ser precedida de exposi\u00e7\u00e3o justificativa&#8230;<br \/><strong>Alternativa<\/strong>: C<\/p>\n\n\n\n<p><strong>Quest\u00e3o 58<\/strong> &#8211; Com rela\u00e7\u00e3o \u00e0 elabora\u00e7\u00e3o e \u00e0 execu\u00e7\u00e3o do Or\u00e7amento- Programa, assinale (V) para a afirmativa verdadeira e (F) para a falsa&#8230;<br \/><strong>Alternativa<\/strong>: C<\/p>\n\n\n\n<p><strong>Quest\u00e3o 59<\/strong> &#8211; No \u00e2mbito do Ciclo Or\u00e7ament\u00e1rio, a fase de controle e avalia\u00e7\u00e3o compreende mecanismos de acompanhamento da execu\u00e7\u00e3o or\u00e7ament\u00e1ria. O controle pode ser classificado como interno e externo&#8230;<br \/><strong>Alternativa<\/strong>: B<\/p>\n\n\n\n<p><strong>Quest\u00e3o 60<\/strong> &#8211; De acordo com a Lei n\u00ba 4.320\/64, a Lei do Or\u00e7amento deve discriminar a receita e a despesa de modo a evidenciar a pol\u00edtica econ\u00f4mico-financeira e o programa de trabalho do Governo, obedecidos os princ\u00edpios or\u00e7ament\u00e1rios de unidade, universalidade e anualidade&#8230;<br \/><strong>Alternativa<\/strong>: A<\/p>\n\n\n\n<p><strong>Quest\u00e3o 61<\/strong> &#8211; Em 15\/02\/2024, em seu \u00faltimo ano de mandato, o prefeito de determinado Munic\u00edpio pretendeu realizar opera\u00e7\u00e3o de cr\u00e9dito por antecipa\u00e7\u00e3o de receita para cobrir insufici\u00eancia de caixa no valor de R$ 1.000.000,00, considerado material, durante o exerc\u00edcio&#8230;<br \/><strong>Alternativa<\/strong>: B<\/p>\n\n\n\n<p><strong>Quest\u00e3o 62<\/strong> &#8211; De acordo com a Constitui\u00e7\u00e3o Federal, a Lei Or\u00e7ament\u00e1ria Anual compreender\u00e1 o or\u00e7amento&#8230;<br \/><strong>Alternativa<\/strong>: C<\/p>\n\n\n\n<p><strong>Quest\u00e3o 63<\/strong> &#8211; De acordo com a Constitui\u00e7\u00e3o Federal, a Lei de Diretrizes Or\u00e7ament\u00e1rias (LDO) \u00e9 o instrumento que estabelece uma s\u00e9rie de elementos constitutivos, entre os quais&#8230;<br \/><strong>Alternativa<\/strong>: E<\/p>\n\n\n\n<p><strong>Quest\u00e3o 64<\/strong> &#8211; Em 2020, um estado brasileiro contraiu um empr\u00e9stimo de longo prazo, com amortiza\u00e7\u00e3o gradual realizada anualmente. De acordo com a Lei n\u00ba 6.320\/64, as dota\u00e7\u00f5es para amortiza\u00e7\u00e3o da d\u00edvida p\u00fablica s\u00e3o classificadas como&#8230;<br \/><strong>Alternativa<\/strong>: *recurso\/anula\u00e7\u00e3o<\/p>\n\n\n\n<p><strong>Quest\u00e3o 65<\/strong> &#8211; O Munic\u00edpio Alfa, a partir de projeto de lei de iniciativa do vereador Jo\u00e3o, editou a Lei n\u00ba X, criando no \u00faltimo ano duas taxas no \u00e2mbito desse ente federativo&#8230;<br \/><strong>Alternativa<\/strong>: D<\/p>\n\n\n\n<p><strong>Quest\u00e3o 66<\/strong> &#8211; A Lei de Diretrizes Or\u00e7ament\u00e1rias (LDO) do Estado Alfa disp\u00f4s em seu Art. X que, no exerc\u00edcio financeiro subsequente, a diferen\u00e7a entre&#8230;<br \/><strong>Alternativa<\/strong>: B <\/p>\n\n\n\n<p><strong>Quest\u00e3o 67<\/strong> &#8211; O ju\u00edzo competente para processar e julgar determinado feito, ao interpretar o Art. X da Constitui\u00e7\u00e3o da Rep\u00fablica, deparou-se.com uma pluralidade de significados pass\u00edveis de serem atribu\u00eddos ao significante interpretado&#8230;<br \/><strong>Alternativa<\/strong>: A<\/p>\n\n\n\n<p><strong>Quest\u00e3o 68<\/strong> &#8211; Pedro nasceu no territ\u00f3rio brasileiro quando seus genitores, Johan, de nacionalidade belga, e Joana, de nacionalidade argentina, aqui se encontravam temporariamente em gozo de f\u00e9rias.<br \/><strong>Alternativa<\/strong>: A<\/p>\n\n\n\n<p><strong>Quest\u00e3o 69<\/strong> &#8211; A partir da interpreta\u00e7\u00e3o do Art. Y da Emenda Constitucional n\u00ba X (ECX), \u00e9 obtida uma norma constitucional de efic\u00e1cia contida, que \u00e9 incompat\u00edvel com a Lei federal n\u00ba W (LFW), de efic\u00e1cia plena, que foi editada em momento anterior, tendo ambas, por objeto, \u043e mesmo direito fundamental&#8230;<br \/><strong>Alternativa<\/strong>: E<\/p>\n\n\n\n<p><strong>Quest\u00e3o 70<\/strong> &#8211; Com o objetivo de regularizar a ocupa\u00e7\u00e3o fundi\u00e1ria no territ\u00f3rio estadual, a Constitui\u00e7\u00e3o do Estado Alfa foi emendada e passou a dispor, em seu Art. Y, sobre regulariza\u00e7\u00e3o fundi\u00e1ria&#8230;<br \/><strong>Alternativa<\/strong>: C<\/p>\n\n\n\n<p><strong>Quest\u00e3o 71<\/strong> &#8211; No \u00e2mbito do Poder Executivo do Munic\u00edpio Alfa, iniciaram-se discuss\u00f5es para apresentar uma proposi\u00e7\u00e3o legislativa que assegurasse crit\u00e9rios diferenciados de idade e tempo de contribui\u00e7\u00e3o para a aposentadoria dos servidores com defici\u00eancia&#8230;<br \/><strong>Alternativa<\/strong>: B<\/p>\n\n\n\n<p><strong>Quest\u00e3o 72<\/strong> &#8211; Um grupo de Deputados Estaduais, da Assembleia Legislativa do Estado Alfa, levou ao presidente dessa Casa Legislativa preocupa\u00e7\u00e3o com a necessidade de serem aperfei\u00e7oadas a estrutura e a governan\u00e7a interna, de modo a aumentar a efici\u00eancia da atua\u00e7\u00e3o final\u00edstica&#8230;<br \/><strong>Alternativa<\/strong>: E<\/p>\n\n\n\n<p><strong>Quest\u00e3o 73<\/strong> &#8211; De acordo com a Lei n\u00ba 14.133\/2021 (Lei de Licita\u00e7\u00f5es e Contratos Administrativos), o edital deve apresentar o objeto da licita\u00e7\u00e3o, as regras de convoca\u00e7\u00e3o, julgamento, habilita\u00e7\u00e3o, recursos e penalidades, bem como as disposi\u00e7\u00f5es relativas \u00e0 fiscaliza\u00e7\u00e3o, \u00e0 gest\u00e3o contratual, \u00e0 entrega do objeto e \u00e0s condi\u00e7\u00f5es de pagamento&#8230;<br \/><strong>Alternativa<\/strong>: D<\/p>\n\n\n\n<p><strong>Quest\u00e3o 74<\/strong> &#8211; No \u00e2mbito do Estado do Rio Grande do Sul, a Lei Estadual n\u00ba 15.612\/2021 disciplina o processo administrativo e estabelece regras espec\u00edficas sobre a forma de realiza\u00e7\u00e3o das intima\u00e7\u00f5es&#8230;<br \/><strong>Alternativa<\/strong>: A<\/p>\n\n\n\n<p><strong>Quest\u00e3o 75<\/strong> &#8211; O Estado do Rio Grande do Sul, em observ\u00e2ncia \u00e0s formalidades constitucionais e legais, deflagrou processo administrativo com base na Lei Anticorrup\u00e7\u00e3o (Lei n\u00ba 12.846\/2013), em detrimento da sociedade empres\u00e1ria Alfa, que praticou ato lesivo \u00e0 administra\u00e7\u00e3o p\u00fablica estadual..<br \/><strong>Alternativa<\/strong>: E<\/p>\n\n\n\n<p><strong>Quest\u00e3o 76<\/strong> &#8211; Ap\u00f3s a aprova\u00e7\u00e3o em concurso p\u00fablico de provas e t\u00edtulos, Josefina ocupa, h\u00e1 tr\u00eas anos, um emprego p\u00fablico em uma sociedade de economia mista vinculada ao Munic\u00edpio de Pelotas, no Rio Grande do Sul&#8230;<br \/><strong>Alternativa<\/strong>: A<\/p>\n\n\n\n<p><strong>Quest\u00e3o 77<\/strong> &#8211; Objetivando a cria\u00e7\u00e3o de uma estatal, o Prefeito do Munic\u00edpio de Porto Alegre, no Rio Grande do Sul, solicitou, \u00e0 sua equipe t\u00e9cnica, a confec\u00e7\u00e3o de um parecer versando, genericamente, sobre as regras aplic\u00e1veis \u00e0s empresas p\u00fablicas e \u00e0s sociedades de economia mista&#8230;<br \/><strong>Alternativa<\/strong>: C<\/p>\n\n\n\n<p><strong>Quest\u00e3o 78<\/strong> &#8211; Jo\u00e3o, servidor p\u00fablico do Munic\u00edpio Alfa, no Estado do Rio Grande do Sul, foi condenado, ap\u00f3s a observ\u00e2ncia do contradit\u00f3rio e da ampla defesa, como consect\u00e1rios do devido processo legal, pela pr\u00e1tica de ato doloso de improbidade administrativa que causou preju\u00edzo ao er\u00e1rio&#8230;<br \/><strong>Alternativa<\/strong>: D<\/p>\n\n\n\n<p><strong>Quest\u00e3o 79<\/strong> &#8211; O Prefeito do Munic\u00edpio Alfa nomeou seu filho, Jo\u00e3o, para o cargo de Secret\u00e1rio Municipal do Meio Ambiente, embora ele n\u00e3o possua conhecimento te\u00f3rico ou experi\u00eancia na \u00e1rea ambiental&#8230;<br \/><strong>Alternativa<\/strong>: E<\/p>\n\n\n\n<p><strong>Quest\u00e3o 80<\/strong> &#8211; Com o intuito de obter a qualifica\u00e7\u00e3o de organiza\u00e7\u00e3o social, os integrantes da associa\u00e7\u00e3o Alfa passaram a examinar detalhadamente os contornos da legisla\u00e7\u00e3o de reg\u00eancia aplic\u00e1vel \u00e0 mat\u00e9ria&#8230;<br \/><strong>Alternativa<\/strong>: A<\/p>\n\n\n\n<blockquote class=\"wp-block-quote is-layout-flow wp-block-quote-is-layout-flow\">\n<figure class=\"wp-block-image aligncenter size-large is-resized\"><img decoding=\"async\" src=\"https:\/\/dhg1h5j42swfq.cloudfront.net\/2020\/09\/18141901\/Coruja_Concursos%404x-506x1024.png\" alt=\"Gabarito extraoficial TJ RS: Analista Judici\u00e1rio - Adm. (AJAA)\" class=\"wp-image-574355\" style=\"width:20px;height:auto\"\/><\/figure>\n<\/blockquote>\n\n\n\n<p class=\"has-text-align-center has-background has-medium-font-size\" style=\"background-color:#abb7c229\"><strong>Saiba mais:&nbsp;<a href=\"https:\/\/www.estrategiaconcursos.com.br\/blog\/concurso-tj-rs\/\" target=\"_blank\" rel=\"noreferrer noopener\">Concurso TJ RS<\/a><\/strong><\/p>\n\n\n\n<div class=\"container\" id=\"boxes\">\n  <div class=\"row\">\n\n    <div class=\"col-sm\">\n      <div class=\"banner-tribunal\" id=\"box-assinatura\">\n        <h3 class=\"titulo-assinatura\">Curso TJ RS<\/h3>\n        <p class=\"subtitulo-assinatura\">Conhe\u00e7a os cursos<\/p>\n        <div class=\"box-botao\">\n          <a class=\"btn-assinatura\" target=\"_blank\" href=\"https:\/\/www.estrategiaconcursos.com.br\/cursosPorConcurso\/tribunal-de-justica-do-rio-grande-do-sul-tj-rs\/\" role=\"button\" rel=\"noopener noreferrer\">Conhe\u00e7a mais<\/a>\n        <\/div>\n      <\/div>\n      <p class=\"texto-auxiliar\">Prepare-se com o melhor material e com quem mais aprova em Concursos P\u00fablicos em todo o pa\u00eds.<\/p>\n    <\/div>\n\n  <\/div>\n<\/div>\n\n\n\n<div class=\"container\" id=\"boxes\">\r\n  <div class=\"row\">\r\n\r\n    <div class=\"col-sm\">\r\n      <div class=\"estrategia\" id=\"box-assinatura\">\r\n        <h3 class=\"titulo-assinatura\"> Concursos P\u00fablicos\r\n        <p class=\"subtitulo-assinatura\">Assinatura de 1 ano ou 2 anos<\/p>\r\n        <div class=\"box-botao\">\r\n          <a class=\"btn-assinatura\" target=\"_blank\" href=\"https:\/\/www.estrategiaconcursos.com.br\/assinaturas\/\" role=\"button\" rel=\"noopener noreferrer\">ASSINE AGORA<\/a>\r\n        <\/div>\r\n      <\/h3><\/div><\/div><\/div><\/div>\n\n\n\n<h2 class=\"wp-block-heading has-text-align-center\" id=\"h-quer-saber-tudo-sobre-concursos-previstos-confira-nossos-artigos\">Quer saber tudo sobre concursos previstos?<br \/>Confira nossos artigos!<\/h2>\n\n\n\n<ul class=\"wp-block-list\">\n<li><a href=\"https:\/\/www.estrategiaconcursos.com.br\/blog\/concursos-abertos\/\" target=\"_blank\" rel=\"noreferrer noopener\">Concursos Abertos<\/a><\/li>\n\n\n\n<li><a href=\"https:\/\/www.estrategiaconcursos.com.br\/blog\/concursos-tribunais\/\" target=\"_blank\" rel=\"noreferrer noopener\">Concursos Tribunais<\/a><\/li>\n\n\n\n<li><a href=\"https:\/\/www.estrategiaconcursos.com.br\/blog\/concursos-2025\/\" target=\"_blank\" rel=\"noreferrer noopener\">Concursos 2025<\/a><\/li>\n\n\n\n<li><a href=\"https:\/\/www.estrategiaconcursos.com.br\/blog\/concursos-2026\/\" target=\"_blank\" rel=\"noreferrer noopener\">Concursos 2026<\/a><\/li>\n<\/ul>\n\n\n\n<p><\/p>\n","protected":false},"excerpt":{"rendered":"<p>Neste domingo, 23 de novembro, foram aplicadas as provas objetivas do concurso TJ RS (Tribunal de Justi\u00e7a do Rio Grande do Sul).&nbsp;As avalia\u00e7\u00f5es tiveram a dura\u00e7\u00e3o de 4 horas, com in\u00edcio \u00e0s 13h (hor\u00e1rio de Bras\u00edlia\/DF). Com o objetivo de ajud\u00e1-lo a diminuir a ansiedade de saber se foi bem ou n\u00e3o em um concurso [&hellip;]<\/p>\n","protected":false},"author":2692,"featured_media":1673272,"comment_status":"open","ping_status":"closed","sticky":false,"template":"","format":"standard","meta":{"post_tipo":"news","footnotes":""},"categories":[222235,220219],"tags":[],"tax_estado":[219986],"class_list":["post-1673271","post","type-post","status-publish","format-standard","has-post-thumbnail","hentry","category-tribunal-de-justica","category-noticias","tax_estado-rs"],"acf":[],"yoast_head":"<!-- This site is optimized with the Yoast SEO Premium plugin v27.2 (Yoast SEO v27.2) - https:\/\/yoast.com\/product\/yoast-seo-premium-wordpress\/ -->\n<title>Gabarito extraoficial TJ RS: Analista Judici\u00e1rio - Adm. (AJAA)<\/title>\n<meta name=\"description\" content=\"Confira o gabarito extraoficial TJ RS para AJAA e antecipe seu desempenho no concurso do Tribunal de Justi\u00e7a do Rio Grande do Sul.\" \/>\n<meta name=\"robots\" content=\"index, follow, max-snippet:-1, max-image-preview:large, max-video-preview:-1\" \/>\n<link rel=\"canonical\" href=\"https:\/\/www.estrategiaconcursos.com.br\/blog\/gabarito-extraoficial-tj-rs-ajaa\/\" \/>\n<meta property=\"og:locale\" content=\"pt_BR\" \/>\n<meta property=\"og:type\" content=\"article\" \/>\n<meta property=\"og:title\" content=\"Gabarito extraoficial TJ RS: Analista Judici\u00e1rio - Adm. (AJAA)\" \/>\n<meta property=\"og:description\" content=\"Confira o gabarito extraoficial TJ RS para AJAA e antecipe seu desempenho no concurso do Tribunal de Justi\u00e7a do Rio Grande do Sul.\" \/>\n<meta property=\"og:url\" content=\"https:\/\/www.estrategiaconcursos.com.br\/blog\/gabarito-extraoficial-tj-rs-ajaa\/\" \/>\n<meta property=\"og:site_name\" content=\"Estrat\u00e9gia Concursos\" \/>\n<meta property=\"article:published_time\" content=\"2025-11-23T19:00:00+00:00\" \/>\n<meta property=\"article:modified_time\" content=\"2025-11-23T23:22:41+00:00\" \/>\n<meta property=\"og:image\" content=\"https:\/\/dhg1h5j42swfq.cloudfront.net\/2025\/11\/20103624\/ajaa.jpg\" \/>\n\t<meta property=\"og:image:width\" content=\"1306\" \/>\n\t<meta property=\"og:image:height\" content=\"686\" \/>\n\t<meta property=\"og:image:type\" content=\"image\/jpeg\" \/>\n<meta name=\"author\" content=\"Ronaldo Scanavini Neto\" \/>\n<meta name=\"twitter:card\" content=\"summary_large_image\" \/>\n<meta name=\"twitter:creator\" content=\"@EstratConcursos\" \/>\n<meta name=\"twitter:site\" content=\"@EstratConcursos\" \/>\n<meta name=\"twitter:label1\" content=\"Escrito por\" \/>\n\t<meta name=\"twitter:data1\" content=\"Ronaldo Scanavini Neto\" \/>\n\t<meta name=\"twitter:label2\" content=\"Est. tempo de leitura\" \/>\n\t<meta name=\"twitter:data2\" content=\"17 minutos\" \/>\n<script type=\"application\/ld+json\" class=\"yoast-schema-graph\">{\"@context\":\"https:\/\/schema.org\",\"@graph\":[{\"@type\":\"NewsArticle\",\"@id\":\"https:\/\/www.estrategiaconcursos.com.br\/blog\/gabarito-extraoficial-tj-rs-ajaa\/#article\",\"isPartOf\":{\"@id\":\"https:\/\/www.estrategiaconcursos.com.br\/blog\/gabarito-extraoficial-tj-rs-ajaa\/\"},\"author\":{\"name\":\"Ronaldo Scanavini Neto\",\"@id\":\"https:\/\/www.estrategiaconcursos.com.br\/blog\/#\/schema\/person\/70c2ad4297aa24ff8815b08215b23a76\"},\"headline\":\"Gabarito extraoficial TJ RS: Analista Judici\u00e1rio &#8211; Adm. (AJAA)\",\"datePublished\":\"2025-11-23T19:00:00+00:00\",\"dateModified\":\"2025-11-23T23:22:41+00:00\",\"mainEntityOfPage\":{\"@id\":\"https:\/\/www.estrategiaconcursos.com.br\/blog\/gabarito-extraoficial-tj-rs-ajaa\/\"},\"wordCount\":3443,\"commentCount\":0,\"publisher\":{\"@id\":\"https:\/\/www.estrategiaconcursos.com.br\/blog\/#organization\"},\"image\":{\"@id\":\"https:\/\/www.estrategiaconcursos.com.br\/blog\/gabarito-extraoficial-tj-rs-ajaa\/#primaryimage\"},\"thumbnailUrl\":\"https:\/\/dhg1h5j42swfq.cloudfront.net\/2025\/11\/20103624\/ajaa.jpg\",\"articleSection\":[\"Tribunal de Justi\u00e7a\",\"\u00daltimas not\u00edcias\"],\"inLanguage\":\"pt-BR\",\"potentialAction\":[{\"@type\":\"CommentAction\",\"name\":\"Comment\",\"target\":[\"https:\/\/www.estrategiaconcursos.com.br\/blog\/gabarito-extraoficial-tj-rs-ajaa\/#respond\"]}],\"copyrightYear\":\"2025\",\"copyrightHolder\":{\"@id\":\"https:\/\/www.estrategiaconcursos.com.br\/blog\/#organization\"}},{\"@type\":\"WebPage\",\"@id\":\"https:\/\/www.estrategiaconcursos.com.br\/blog\/gabarito-extraoficial-tj-rs-ajaa\/\",\"url\":\"https:\/\/www.estrategiaconcursos.com.br\/blog\/gabarito-extraoficial-tj-rs-ajaa\/\",\"name\":\"Gabarito extraoficial TJ RS: Analista Judici\u00e1rio - Adm. (AJAA)\",\"isPartOf\":{\"@id\":\"https:\/\/www.estrategiaconcursos.com.br\/blog\/#website\"},\"primaryImageOfPage\":{\"@id\":\"https:\/\/www.estrategiaconcursos.com.br\/blog\/gabarito-extraoficial-tj-rs-ajaa\/#primaryimage\"},\"image\":{\"@id\":\"https:\/\/www.estrategiaconcursos.com.br\/blog\/gabarito-extraoficial-tj-rs-ajaa\/#primaryimage\"},\"thumbnailUrl\":\"https:\/\/dhg1h5j42swfq.cloudfront.net\/2025\/11\/20103624\/ajaa.jpg\",\"datePublished\":\"2025-11-23T19:00:00+00:00\",\"dateModified\":\"2025-11-23T23:22:41+00:00\",\"description\":\"Confira o gabarito extraoficial TJ RS para AJAA e antecipe seu desempenho no concurso do Tribunal de Justi\u00e7a do Rio Grande do Sul.\",\"breadcrumb\":{\"@id\":\"https:\/\/www.estrategiaconcursos.com.br\/blog\/gabarito-extraoficial-tj-rs-ajaa\/#breadcrumb\"},\"inLanguage\":\"pt-BR\",\"potentialAction\":[{\"@type\":\"ReadAction\",\"target\":[\"https:\/\/www.estrategiaconcursos.com.br\/blog\/gabarito-extraoficial-tj-rs-ajaa\/\"]}]},{\"@type\":\"ImageObject\",\"inLanguage\":\"pt-BR\",\"@id\":\"https:\/\/www.estrategiaconcursos.com.br\/blog\/gabarito-extraoficial-tj-rs-ajaa\/#primaryimage\",\"url\":\"https:\/\/dhg1h5j42swfq.cloudfront.net\/2025\/11\/20103624\/ajaa.jpg\",\"contentUrl\":\"https:\/\/dhg1h5j42swfq.cloudfront.net\/2025\/11\/20103624\/ajaa.jpg\",\"width\":1306,\"height\":686},{\"@type\":\"BreadcrumbList\",\"@id\":\"https:\/\/www.estrategiaconcursos.com.br\/blog\/gabarito-extraoficial-tj-rs-ajaa\/#breadcrumb\",\"itemListElement\":[{\"@type\":\"ListItem\",\"position\":1,\"name\":\"In\u00edcio\",\"item\":\"https:\/\/www.estrategiaconcursos.com.br\/blog\/\"},{\"@type\":\"ListItem\",\"position\":2,\"name\":\"Gabarito extraoficial TJ RS: Analista Judici\u00e1rio &#8211; Adm. (AJAA)\"}]},{\"@type\":\"WebSite\",\"@id\":\"https:\/\/www.estrategiaconcursos.com.br\/blog\/#website\",\"url\":\"https:\/\/www.estrategiaconcursos.com.br\/blog\/\",\"name\":\"Estrat\u00e9gia Concursos\",\"description\":\"O blog da Estrat\u00e9gia Concursos traz not\u00edcias sobre concursos e artigos de professores oferecendo cursos para concursos (pdf + videaulas) no site.\",\"publisher\":{\"@id\":\"https:\/\/www.estrategiaconcursos.com.br\/blog\/#organization\"},\"potentialAction\":[{\"@type\":\"SearchAction\",\"target\":{\"@type\":\"EntryPoint\",\"urlTemplate\":\"https:\/\/www.estrategiaconcursos.com.br\/blog\/?s={search_term_string}\"},\"query-input\":{\"@type\":\"PropertyValueSpecification\",\"valueRequired\":true,\"valueName\":\"search_term_string\"}}],\"inLanguage\":\"pt-BR\"},{\"@type\":\"Organization\",\"@id\":\"https:\/\/www.estrategiaconcursos.com.br\/blog\/#organization\",\"name\":\"Estrat\u00e9gia Concursos\",\"url\":\"https:\/\/www.estrategiaconcursos.com.br\/blog\/\",\"logo\":{\"@type\":\"ImageObject\",\"inLanguage\":\"pt-BR\",\"@id\":\"https:\/\/www.estrategiaconcursos.com.br\/blog\/#\/schema\/logo\/image\/\",\"url\":\"https:\/\/dhg1h5j42swfq.cloudfront.net\/2025\/06\/03203428\/logo_concursos-1.jpg\",\"contentUrl\":\"https:\/\/dhg1h5j42swfq.cloudfront.net\/2025\/06\/03203428\/logo_concursos-1.jpg\",\"width\":230,\"height\":60,\"caption\":\"Estrat\u00e9gia Concursos\"},\"image\":{\"@id\":\"https:\/\/www.estrategiaconcursos.com.br\/blog\/#\/schema\/logo\/image\/\"},\"sameAs\":[\"https:\/\/x.com\/EstratConcursos\"]},{\"@type\":\"Person\",\"@id\":\"https:\/\/www.estrategiaconcursos.com.br\/blog\/#\/schema\/person\/70c2ad4297aa24ff8815b08215b23a76\",\"name\":\"Ronaldo Scanavini Neto\",\"image\":{\"@type\":\"ImageObject\",\"inLanguage\":\"pt-BR\",\"@id\":\"https:\/\/secure.gravatar.com\/avatar\/f93d8e56fe264596e94aee6b3feb737d98ad0fc5bac7eb0a245f04723c5c8f21?s=96&d=mm&r=g\",\"url\":\"https:\/\/secure.gravatar.com\/avatar\/f93d8e56fe264596e94aee6b3feb737d98ad0fc5bac7eb0a245f04723c5c8f21?s=96&d=mm&r=g\",\"contentUrl\":\"https:\/\/secure.gravatar.com\/avatar\/f93d8e56fe264596e94aee6b3feb737d98ad0fc5bac7eb0a245f04723c5c8f21?s=96&d=mm&r=g\",\"caption\":\"Ronaldo Scanavini Neto\"},\"description\":\"Graduando em Comunica\u00e7\u00e3o Social \u2013 Jornalismo pela Universidade Federal de Vi\u00e7osa (UFV). Integra a equipe de jornalismo do Estrat\u00e9gia Concursos desde 2023, atuando com \u00eanfase na cobertura da \u00e1rea fiscal. Tamb\u00e9m realiza a apura\u00e7\u00e3o e produ\u00e7\u00e3o de not\u00edcias sobre concursos federais, \u00f3rg\u00e3os participantes do CNU e das \u00e1reas de controle, gest\u00e3o, engenharia, Exame CFC, comunica\u00e7\u00e3o social TI e \u00e1rea de concursos administrativos.\",\"url\":\"https:\/\/www.estrategiaconcursos.com.br\/blog\/author\/ronaldo-netoestrategia-com\/\"}]}<\/script>\n<!-- \/ Yoast SEO Premium plugin. -->","yoast_head_json":{"title":"Gabarito extraoficial TJ RS: Analista Judici\u00e1rio - Adm. (AJAA)","description":"Confira o gabarito extraoficial TJ RS para AJAA e antecipe seu desempenho no concurso do Tribunal de Justi\u00e7a do Rio Grande do Sul.","robots":{"index":"index","follow":"follow","max-snippet":"max-snippet:-1","max-image-preview":"max-image-preview:large","max-video-preview":"max-video-preview:-1"},"canonical":"https:\/\/www.estrategiaconcursos.com.br\/blog\/gabarito-extraoficial-tj-rs-ajaa\/","og_locale":"pt_BR","og_type":"article","og_title":"Gabarito extraoficial TJ RS: Analista Judici\u00e1rio - Adm. (AJAA)","og_description":"Confira o gabarito extraoficial TJ RS para AJAA e antecipe seu desempenho no concurso do Tribunal de Justi\u00e7a do Rio Grande do Sul.","og_url":"https:\/\/www.estrategiaconcursos.com.br\/blog\/gabarito-extraoficial-tj-rs-ajaa\/","og_site_name":"Estrat\u00e9gia Concursos","article_published_time":"2025-11-23T19:00:00+00:00","article_modified_time":"2025-11-23T23:22:41+00:00","og_image":[{"width":1306,"height":686,"url":"https:\/\/dhg1h5j42swfq.cloudfront.net\/2025\/11\/20103624\/ajaa.jpg","type":"image\/jpeg"}],"author":"Ronaldo Scanavini Neto","twitter_card":"summary_large_image","twitter_creator":"@EstratConcursos","twitter_site":"@EstratConcursos","twitter_misc":{"Escrito por":"Ronaldo Scanavini Neto","Est. tempo de leitura":"17 minutos"},"schema":{"@context":"https:\/\/schema.org","@graph":[{"@type":"NewsArticle","@id":"https:\/\/www.estrategiaconcursos.com.br\/blog\/gabarito-extraoficial-tj-rs-ajaa\/#article","isPartOf":{"@id":"https:\/\/www.estrategiaconcursos.com.br\/blog\/gabarito-extraoficial-tj-rs-ajaa\/"},"author":{"name":"Ronaldo Scanavini Neto","@id":"https:\/\/www.estrategiaconcursos.com.br\/blog\/#\/schema\/person\/70c2ad4297aa24ff8815b08215b23a76"},"headline":"Gabarito extraoficial TJ RS: Analista Judici\u00e1rio &#8211; Adm. (AJAA)","datePublished":"2025-11-23T19:00:00+00:00","dateModified":"2025-11-23T23:22:41+00:00","mainEntityOfPage":{"@id":"https:\/\/www.estrategiaconcursos.com.br\/blog\/gabarito-extraoficial-tj-rs-ajaa\/"},"wordCount":3443,"commentCount":0,"publisher":{"@id":"https:\/\/www.estrategiaconcursos.com.br\/blog\/#organization"},"image":{"@id":"https:\/\/www.estrategiaconcursos.com.br\/blog\/gabarito-extraoficial-tj-rs-ajaa\/#primaryimage"},"thumbnailUrl":"https:\/\/dhg1h5j42swfq.cloudfront.net\/2025\/11\/20103624\/ajaa.jpg","articleSection":["Tribunal de Justi\u00e7a","\u00daltimas not\u00edcias"],"inLanguage":"pt-BR","potentialAction":[{"@type":"CommentAction","name":"Comment","target":["https:\/\/www.estrategiaconcursos.com.br\/blog\/gabarito-extraoficial-tj-rs-ajaa\/#respond"]}],"copyrightYear":"2025","copyrightHolder":{"@id":"https:\/\/www.estrategiaconcursos.com.br\/blog\/#organization"}},{"@type":"WebPage","@id":"https:\/\/www.estrategiaconcursos.com.br\/blog\/gabarito-extraoficial-tj-rs-ajaa\/","url":"https:\/\/www.estrategiaconcursos.com.br\/blog\/gabarito-extraoficial-tj-rs-ajaa\/","name":"Gabarito extraoficial TJ RS: Analista Judici\u00e1rio - Adm. (AJAA)","isPartOf":{"@id":"https:\/\/www.estrategiaconcursos.com.br\/blog\/#website"},"primaryImageOfPage":{"@id":"https:\/\/www.estrategiaconcursos.com.br\/blog\/gabarito-extraoficial-tj-rs-ajaa\/#primaryimage"},"image":{"@id":"https:\/\/www.estrategiaconcursos.com.br\/blog\/gabarito-extraoficial-tj-rs-ajaa\/#primaryimage"},"thumbnailUrl":"https:\/\/dhg1h5j42swfq.cloudfront.net\/2025\/11\/20103624\/ajaa.jpg","datePublished":"2025-11-23T19:00:00+00:00","dateModified":"2025-11-23T23:22:41+00:00","description":"Confira o gabarito extraoficial TJ RS para AJAA e antecipe seu desempenho no concurso do Tribunal de Justi\u00e7a do Rio Grande do Sul.","breadcrumb":{"@id":"https:\/\/www.estrategiaconcursos.com.br\/blog\/gabarito-extraoficial-tj-rs-ajaa\/#breadcrumb"},"inLanguage":"pt-BR","potentialAction":[{"@type":"ReadAction","target":["https:\/\/www.estrategiaconcursos.com.br\/blog\/gabarito-extraoficial-tj-rs-ajaa\/"]}]},{"@type":"ImageObject","inLanguage":"pt-BR","@id":"https:\/\/www.estrategiaconcursos.com.br\/blog\/gabarito-extraoficial-tj-rs-ajaa\/#primaryimage","url":"https:\/\/dhg1h5j42swfq.cloudfront.net\/2025\/11\/20103624\/ajaa.jpg","contentUrl":"https:\/\/dhg1h5j42swfq.cloudfront.net\/2025\/11\/20103624\/ajaa.jpg","width":1306,"height":686},{"@type":"BreadcrumbList","@id":"https:\/\/www.estrategiaconcursos.com.br\/blog\/gabarito-extraoficial-tj-rs-ajaa\/#breadcrumb","itemListElement":[{"@type":"ListItem","position":1,"name":"In\u00edcio","item":"https:\/\/www.estrategiaconcursos.com.br\/blog\/"},{"@type":"ListItem","position":2,"name":"Gabarito extraoficial TJ RS: Analista Judici\u00e1rio &#8211; Adm. (AJAA)"}]},{"@type":"WebSite","@id":"https:\/\/www.estrategiaconcursos.com.br\/blog\/#website","url":"https:\/\/www.estrategiaconcursos.com.br\/blog\/","name":"Estrat\u00e9gia Concursos","description":"O blog da Estrat\u00e9gia Concursos traz not\u00edcias sobre concursos e artigos de professores oferecendo cursos para concursos (pdf + videaulas) no site.","publisher":{"@id":"https:\/\/www.estrategiaconcursos.com.br\/blog\/#organization"},"potentialAction":[{"@type":"SearchAction","target":{"@type":"EntryPoint","urlTemplate":"https:\/\/www.estrategiaconcursos.com.br\/blog\/?s={search_term_string}"},"query-input":{"@type":"PropertyValueSpecification","valueRequired":true,"valueName":"search_term_string"}}],"inLanguage":"pt-BR"},{"@type":"Organization","@id":"https:\/\/www.estrategiaconcursos.com.br\/blog\/#organization","name":"Estrat\u00e9gia Concursos","url":"https:\/\/www.estrategiaconcursos.com.br\/blog\/","logo":{"@type":"ImageObject","inLanguage":"pt-BR","@id":"https:\/\/www.estrategiaconcursos.com.br\/blog\/#\/schema\/logo\/image\/","url":"https:\/\/dhg1h5j42swfq.cloudfront.net\/2025\/06\/03203428\/logo_concursos-1.jpg","contentUrl":"https:\/\/dhg1h5j42swfq.cloudfront.net\/2025\/06\/03203428\/logo_concursos-1.jpg","width":230,"height":60,"caption":"Estrat\u00e9gia Concursos"},"image":{"@id":"https:\/\/www.estrategiaconcursos.com.br\/blog\/#\/schema\/logo\/image\/"},"sameAs":["https:\/\/x.com\/EstratConcursos"]},{"@type":"Person","@id":"https:\/\/www.estrategiaconcursos.com.br\/blog\/#\/schema\/person\/70c2ad4297aa24ff8815b08215b23a76","name":"Ronaldo Scanavini Neto","image":{"@type":"ImageObject","inLanguage":"pt-BR","@id":"https:\/\/secure.gravatar.com\/avatar\/f93d8e56fe264596e94aee6b3feb737d98ad0fc5bac7eb0a245f04723c5c8f21?s=96&d=mm&r=g","url":"https:\/\/secure.gravatar.com\/avatar\/f93d8e56fe264596e94aee6b3feb737d98ad0fc5bac7eb0a245f04723c5c8f21?s=96&d=mm&r=g","contentUrl":"https:\/\/secure.gravatar.com\/avatar\/f93d8e56fe264596e94aee6b3feb737d98ad0fc5bac7eb0a245f04723c5c8f21?s=96&d=mm&r=g","caption":"Ronaldo Scanavini Neto"},"description":"Graduando em Comunica\u00e7\u00e3o Social \u2013 Jornalismo pela Universidade Federal de Vi\u00e7osa (UFV). Integra a equipe de jornalismo do Estrat\u00e9gia Concursos desde 2023, atuando com \u00eanfase na cobertura da \u00e1rea fiscal. Tamb\u00e9m realiza a apura\u00e7\u00e3o e produ\u00e7\u00e3o de not\u00edcias sobre concursos federais, \u00f3rg\u00e3os participantes do CNU e das \u00e1reas de controle, gest\u00e3o, engenharia, Exame CFC, comunica\u00e7\u00e3o social TI e \u00e1rea de concursos administrativos.","url":"https:\/\/www.estrategiaconcursos.com.br\/blog\/author\/ronaldo-netoestrategia-com\/"}]}},"_links":{"self":[{"href":"https:\/\/www.estrategiaconcursos.com.br\/blog\/wp-json\/wp\/v2\/posts\/1673271","targetHints":{"allow":["GET"]}}],"collection":[{"href":"https:\/\/www.estrategiaconcursos.com.br\/blog\/wp-json\/wp\/v2\/posts"}],"about":[{"href":"https:\/\/www.estrategiaconcursos.com.br\/blog\/wp-json\/wp\/v2\/types\/post"}],"author":[{"embeddable":true,"href":"https:\/\/www.estrategiaconcursos.com.br\/blog\/wp-json\/wp\/v2\/users\/2692"}],"replies":[{"embeddable":true,"href":"https:\/\/www.estrategiaconcursos.com.br\/blog\/wp-json\/wp\/v2\/comments?post=1673271"}],"version-history":[{"count":18,"href":"https:\/\/www.estrategiaconcursos.com.br\/blog\/wp-json\/wp\/v2\/posts\/1673271\/revisions"}],"predecessor-version":[{"id":1674083,"href":"https:\/\/www.estrategiaconcursos.com.br\/blog\/wp-json\/wp\/v2\/posts\/1673271\/revisions\/1674083"}],"wp:featuredmedia":[{"embeddable":true,"href":"https:\/\/www.estrategiaconcursos.com.br\/blog\/wp-json\/wp\/v2\/media\/1673272"}],"wp:attachment":[{"href":"https:\/\/www.estrategiaconcursos.com.br\/blog\/wp-json\/wp\/v2\/media?parent=1673271"}],"wp:term":[{"taxonomy":"category","embeddable":true,"href":"https:\/\/www.estrategiaconcursos.com.br\/blog\/wp-json\/wp\/v2\/categories?post=1673271"},{"taxonomy":"post_tag","embeddable":true,"href":"https:\/\/www.estrategiaconcursos.com.br\/blog\/wp-json\/wp\/v2\/tags?post=1673271"},{"taxonomy":"tax_estado","embeddable":true,"href":"https:\/\/www.estrategiaconcursos.com.br\/blog\/wp-json\/wp\/v2\/tax_estado?post=1673271"}],"curies":[{"name":"wp","href":"https:\/\/api.w.org\/{rel}","templated":true}]}}