{"id":1673039,"date":"2025-11-19T18:08:57","date_gmt":"2025-11-19T21:08:57","guid":{"rendered":"https:\/\/www.estrategiaconcursos.com.br\/blog\/?p=1673039"},"modified":"2025-11-21T15:11:16","modified_gmt":"2025-11-21T18:11:16","slug":"cnu-2025-procedimento-pcd","status":"publish","type":"post","link":"https:\/\/www.estrategiaconcursos.com.br\/blog\/cnu-2025-procedimento-pcd\/","title":{"rendered":"CNU 2025: saiba como funcionar\u00e1 o procedimento para PcD!"},"content":{"rendered":"\n<p style=\"font-size:clamp(16.293px, 1.018rem + ((1vw - 3.2px) * 0.854), 25px);\"><strong><em>Aprovados PcD do CNU 2025 ter\u00e3o de passar Procedimento de Caracteriza\u00e7\u00e3o da Defici\u00eancia<\/em><\/strong><\/p>\n\n\n\n<p>O Minist\u00e9rio da Gest\u00e3o e da Inova\u00e7\u00e3o (MGI) publicou, nesta ter\u00e7a-feira (17), o edital que convoca as 4.194 pessoas que concorrem \u00e0s oportunidades para Pessoas com Defici\u00eancia (PcD) e que foram aprovados na 1\u00aa fase do <strong><\/strong><strong><a href=\"https:\/\/www.estrategiaconcursos.com.br\/cursosPorConcurso\/concurso-nacional-unificado-cnu\/\" target=\"_blank\" rel=\"noreferrer noopener\">Concurso Nacional Unificado<\/a><\/strong> (CNU) de 2025.<\/p>\n\n\n\n<p>A lista completa das pessoas convocadas est\u00e1 dispon\u00edvel no&nbsp;<a href=\"https:\/\/conhecimento.fgv.br\/cpnu2\" target=\"_blank\" rel=\"noreferrer noopener\">edital divulgado<\/a>&nbsp;no site da banca FGV e foi disponibilizada pela Escola Nacional da Administra\u00e7\u00e3o P\u00fablica (Enap).<\/p>\n\n\n\n<p>Segundo o documento, o procedimento acontecer\u00e1 de forma online entre os dias 8 e 17 de dezembro de 2025. J\u00e1 a data exata, o hor\u00e1rio e o link individual para a consulta ser\u00e3o divulgados no dia 5 de dezembro, atrav\u00e9s do site da banca.<\/p>\n\n\n\n<p>Durante a sess\u00e3o, ser\u00e1 obrigat\u00f3ria a apresenta\u00e7\u00e3o visual de documento de identifica\u00e7\u00e3o oficial. Segundo o MGI, \u00e9 responsabilidade da pessoa acompanhar as atualiza\u00e7\u00f5es.<\/p>\n\n\n\n<h2 class=\"wp-block-heading\" id=\"h-e-como-sera-o-procedimento-para-pcd-no-cnu-2025\">E como ser\u00e1 o procedimento para PcD no CNU 2025?<\/h2>\n\n\n\n<p>Conforme a pasta de inova\u00e7\u00e3o, o procedimento ser\u00e1 realizado em formato de telemedicina. A consulta ser\u00e1 conduzida por uma equipe multiprofissional e interdisciplinar composta por tr\u00eas especialistas, estes de \u00e1reas diferentes.<\/p>\n\n\n\n<p>Haver\u00e1, pelo menos, um profissional formado em medicina.<em> &#8220;O objetivo \u00e9 verificar a veracidade das informa\u00e7\u00f5es declaradas no momento da inscri\u00e7\u00e3o e confirmar o enquadramento legal da pessoa candidata como pessoa com defici\u00eancia&#8221;, mencionou o MGI.<\/em><\/p>\n\n\n\n<p>Al\u00e9m disso, a avalia\u00e7\u00e3o observar\u00e1 a natureza da defici\u00eancia, as adequa\u00e7\u00f5es poss\u00edveis no ambiente de trabalho e a compatibilidade com as atribui\u00e7\u00f5es do cargo.<\/p>\n\n\n\n<p>O parecer poder\u00e1 enquadrar o candidato em duas situa\u00e7\u00f5es: defici\u00eancia caracterizada ou defici\u00eancia n\u00e3o caracterizada, caso em que ela permanece apenas na lista de ampla concorr\u00eancia, desde que preenchidos os requisitos das fases anteriores.<\/p>\n\n\n\n<h2 class=\"wp-block-heading\" id=\"h-saiba-as-orientacoes-para-o-procedimento\">Saiba as orienta\u00e7\u00f5es para o procedimento!<\/h2>\n\n\n\n<p>Para aqueles que forem participar do procedimento, ser\u00e1 necess\u00e1rio ter um equipamento com c\u00e2mera e microfone funcionais; uma conex\u00e3o est\u00e1vel com a internet; um ambiente silencioso; uma ilumina\u00e7\u00e3o adequada; e o documento de identifica\u00e7\u00e3o original para exibi\u00e7\u00e3o visual.<\/p>\n\n\n\n<p>Durante toda a sess\u00e3o, a pasta refor\u00e7a que a c\u00e2mera dever\u00e1 permanecer ligada. J\u00e1 a presen\u00e7a de outras pessoas durante a telemedicina \u00e9 proibida, apenas quando autorizada pela equipe para <strong>fins de acessibilidade.<\/strong><\/p>\n\n\n\n<p>A atividade, inclusive, ser\u00e1 gravada. Segundo o MGI, a finalidade da grava\u00e7\u00e3o \u00e9 exclusivamente para registro e an\u00e1lise recursal, conforme a Lei Geral de Prote\u00e7\u00e3o de Dados (LGPD). A recusa \u00e0 grava\u00e7\u00e3o implica exclus\u00e3o da lista de pessoas com defici\u00eancia no concurso.&nbsp;&nbsp;<\/p>\n\n\n\n<p><em>&#8220;Instabilidades de conex\u00e3o, falhas no \u00e1udio ou v\u00eddeo e qualquer indisponibilidade t\u00e9cnica imput\u00e1vel \u00e0 pessoa candidata&nbsp;que&nbsp;pode impedir a conclus\u00e3o do procedimento&nbsp;ser\u00e1&nbsp;registrada como aus\u00eancia&#8221;, ressalta o MGI.&nbsp;<\/em><\/p>\n\n\n\n<div class=\"container\" id=\"boxes\">\n  <div class=\"row\">\n\n    <div class=\"col-sm\">\n      <div class=\"banner-federais\" id=\"box-assinatura\">\n        <h2 class=\"titulo-assinatura\" style=\"text-align: left;\">Cursos para o CNU<\/h2>\n        <p class=\"subtitulo-assinatura\" style=\"text-align: left;\">Prepare-se para o &#8220;Enem dos Concursos&#8221;!<\/p>\n        <div class=\"box-botao\" style=\"text-align: left;\">\n          <a class=\"btn-assinatura\" target=\"_blank\" href=\"https:\/\/www.estrategiaconcursos.com.br\/cursosPorConcurso\/concurso-nacional-unificado-cnu\/\" role=\"button\" rel=\"noopener noreferrer\">Confira os pacotes!<\/a>\n        <\/div>\n      <\/div><\/div><\/div><\/div>\n\n\n\n<ul id=\"block-e0d54e99-fe4c-4a95-b1de-b96d0455578c\" class=\"wp-block-list\">\n<li><strong>Veja tamb\u00e9m:<\/strong>\n<ul class=\"wp-block-list\">\n<li><a href=\"https:\/\/www.estrategiaconcursos.com.br\/blog\/cnu-2025-envio-titulos\/\" target=\"_blank\" rel=\"noreferrer noopener\">Aten\u00e7\u00e3o! CNU 2025: \u00faltimo dia (19) para envio dos t\u00edtulos<\/a><\/li>\n<\/ul>\n<\/li>\n<\/ul>\n\n\n\n<h2 class=\"wp-block-heading\" id=\"h-hoje-e-o-ultimo-dia-para-envio-dos-titulos\">Hoje \u00e9 o \u00faltimo dia para envio dos t\u00edtulos!<\/h2>\n\n\n\n<p>Aten\u00e7\u00e3o, concurseiros! Aqueles que possuem alguma p\u00f3s-gradua\u00e7\u00e3o e pretendem enviar suas titula\u00e7\u00f5es para a FGV examin\u00e1-las durante a Avalia\u00e7\u00e3o de T\u00edtulos, a hora \u00e9 agora.<\/p>\n\n\n\n<p>Isso porque o <strong>Concurso Nacional Unificado (CNU) de 2025<\/strong> ter\u00e1 encerrado o prazo do envio dos t\u00edtulos j\u00e1 nesta quarta-feira, dia 19 de novembro.<\/p>\n\n\n\n<p>O procedimento deve ser feito diretamente no site da Funda\u00e7\u00e3o Get\u00falio Vargas. Ser\u00e3o aceitas diversas titula\u00e7\u00f5es, desde mestrados, doutorados e diversos outros documentos de especializa\u00e7\u00e3o acad\u00eamica ou profissional.<\/p>\n\n\n\n<p>N\u00e3o vai perder a chance de conquistar alguns pontinhos a mais para chegar \u00e0 posse do <strong>ENEM dos concursos de 2025<\/strong>, n\u00e3o \u00e9? Ent\u00e3o, tome cuidado com o prazo!<\/p>\n\n\n\n<p>Lembrando que a Avalia\u00e7\u00e3o de T\u00edtulos ser\u00e1 feita da seguinte forma:<\/p>\n\n\n\n<ul class=\"wp-block-list\">\n<li>A nota m\u00e1xima que a pessoa candidata poder\u00e1 obter na Avalia\u00e7\u00e3o de T\u00edtulos ser\u00e1 de<strong>&nbsp;2 pontos para N\u00edvel Intermedi\u00e1rio<\/strong>&nbsp;e de<strong>&nbsp;5 pontos para N\u00edvel Superior<\/strong>, ainda que a soma dos valores dos t\u00edtulos apresentados possa superar esses n\u00fameros.<\/li>\n\n\n\n<li>Para cada cargo\/especialidade ofertados, ser\u00e3o considerados e pontuados os t\u00edtulos presentes nas disposi\u00e7\u00f5es dos Quadros de Atribui\u00e7\u00e3o de Pontos para a Avalia\u00e7\u00e3o de T\u00edtulos, dispon\u00edveis nos Anexos dos Blocos Tem\u00e1ticos em que houver avalia\u00e7\u00e3o de t\u00edtulos.<\/li>\n<\/ul>\n\n\n\n<p class=\"has-text-align-center\"><em>Para mais informa\u00e7\u00f5es sobre o <a href=\"https:\/\/conhecimento.fgv.br\/cpnu2\" target=\"_blank\" rel=\"noreferrer noopener\">CNU<\/a> 2025, al\u00e9m do procedimento para PcD, acesse abaixo!<\/em><\/p>\n\n\n\n<p class=\"has-text-align-center has-very-light-gray-to-cyan-bluish-gray-gradient-background has-background has-medium-font-size\"><strong>Saiba mais: <a href=\"https:\/\/www.estrategiaconcursos.com.br\/blog\/concurso-nacional-unificado\/\" target=\"_blank\" rel=\"noreferrer noopener\">CNU<\/a><\/strong><\/p>\n\n\n\n<hr class=\"wp-block-separator has-alpha-channel-opacity\"\/>\n\n\n\n<div class=\"container\" id=\"boxes\">\r\n  <div class=\"row\">\r\n\r\n    <div class=\"col-sm\">\r\n      <div class=\"estrategia\" id=\"box-assinatura\">\r\n        <h3 class=\"titulo-assinatura\">Assinatura Concursos<\/h3>\r\n        <p class=\"subtitulo-assinatura\">Assinatura de 1 ano ou 2 anos<\/p>\r\n        <div class=\"box-botao\">\r\n          <a class=\"btn-assinatura\" target=\"_blank\" href=\"https:\/\/www.estrategiaconcursos.com.br\/assinaturas\/\" role=\"button\" rel=\"noopener noreferrer\">ASSINE AGORA<\/a>\r\n        <\/div>\r\n      <\/div><\/div><\/div><\/div>\n\n\n\n<h2 class=\"wp-block-heading has-text-align-center\" id=\"h-quer-saber-tudo-sobre-concursos-previstos-confira-os-nossos-artigos\">Quer saber tudo sobre concursos previstos?<br \/>Confira os nossos artigos!<\/h2>\n\n\n\n<ul class=\"wp-block-list\">\n<li><a href=\"https:\/\/www.estrategiaconcursos.com.br\/blog\/concursos-abertos\/\" target=\"_blank\" rel=\"noreferrer noopener\">Concursos Abertos<\/a><\/li>\n\n\n\n<li><a href=\"https:\/\/www.estrategiaconcursos.com.br\/blog\/concursos-federais-2023\/\" target=\"_blank\" rel=\"noreferrer noopener\">Concursos Federais<\/a><\/li>\n\n\n\n<li><a href=\"https:\/\/www.estrategiaconcursos.com.br\/blog\/concursos-2025\/\" target=\"_blank\" rel=\"noreferrer noopener\">Concursos 2025<\/a><\/li>\n\n\n\n<li><a href=\"https:\/\/www.estrategiaconcursos.com.br\/blog\/concursos-2026\/\" target=\"_blank\" rel=\"noreferrer noopener\">Concursos 2026<\/a><\/li>\n<\/ul>\n","protected":false},"excerpt":{"rendered":"<p>Aprovados PcD do CNU 2025 ter\u00e3o de passar Procedimento de Caracteriza\u00e7\u00e3o da Defici\u00eancia O Minist\u00e9rio da Gest\u00e3o e da Inova\u00e7\u00e3o (MGI) publicou, nesta ter\u00e7a-feira (17), o edital que convoca as 4.194 pessoas que concorrem \u00e0s oportunidades para Pessoas com Defici\u00eancia (PcD) e que foram aprovados na 1\u00aa fase do Concurso Nacional Unificado (CNU) de 2025. [&hellip;]<\/p>\n","protected":false},"author":2692,"featured_media":1270513,"comment_status":"open","ping_status":"closed","sticky":false,"template":"","format":"standard","meta":{"post_tipo":"news","footnotes":""},"categories":[214992,220219],"tags":[],"tax_estado":[219963],"class_list":["post-1673039","post","type-post","status-publish","format-standard","has-post-thumbnail","hentry","category-concursos-administrativos","category-noticias","tax_estado-concursos-federais"],"acf":[],"yoast_head":"<!-- This site is optimized with the Yoast SEO Premium plugin v27.2 (Yoast SEO v27.2) - https:\/\/yoast.com\/product\/yoast-seo-premium-wordpress\/ -->\n<title>CNU 2025: saiba como funcionar\u00e1 o procedimento para PcD!<\/title>\n<meta name=\"description\" content=\"PcD aprovados ter\u00e3o de passar por Procedimento de Caracteriza\u00e7\u00e3o da Defici\u00eancia no Concurso Nacional Unificado (CNU) de 2025.\" \/>\n<meta name=\"robots\" content=\"index, follow, max-snippet:-1, max-image-preview:large, max-video-preview:-1\" \/>\n<link rel=\"canonical\" href=\"https:\/\/www.estrategiaconcursos.com.br\/blog\/cnu-2025-procedimento-pcd\/\" \/>\n<meta property=\"og:locale\" content=\"pt_BR\" \/>\n<meta property=\"og:type\" content=\"article\" \/>\n<meta property=\"og:title\" content=\"CNU 2025: saiba como funcionar\u00e1 o procedimento para PcD!\" \/>\n<meta property=\"og:description\" content=\"PcD aprovados ter\u00e3o de passar por Procedimento de Caracteriza\u00e7\u00e3o da Defici\u00eancia no Concurso Nacional Unificado (CNU) de 2025.\" \/>\n<meta property=\"og:url\" content=\"https:\/\/www.estrategiaconcursos.com.br\/blog\/cnu-2025-procedimento-pcd\/\" \/>\n<meta property=\"og:site_name\" content=\"Estrat\u00e9gia Concursos\" \/>\n<meta property=\"article:published_time\" content=\"2025-11-19T21:08:57+00:00\" \/>\n<meta property=\"article:modified_time\" content=\"2025-11-21T18:11:16+00:00\" \/>\n<meta property=\"og:image\" content=\"https:\/\/dhg1h5j42swfq.cloudfront.net\/2023\/08\/29075651\/concurso-nacional-unificado.jpg\" \/>\n\t<meta property=\"og:image:width\" content=\"768\" \/>\n\t<meta property=\"og:image:height\" content=\"432\" \/>\n\t<meta property=\"og:image:type\" content=\"image\/jpeg\" \/>\n<meta name=\"author\" content=\"Ronaldo Scanavini Neto\" \/>\n<meta name=\"twitter:card\" content=\"summary_large_image\" \/>\n<meta name=\"twitter:creator\" content=\"@EstratConcursos\" \/>\n<meta name=\"twitter:site\" content=\"@EstratConcursos\" \/>\n<meta name=\"twitter:label1\" content=\"Escrito por\" \/>\n\t<meta name=\"twitter:data1\" content=\"Ronaldo Scanavini Neto\" \/>\n\t<meta name=\"twitter:label2\" content=\"Est. tempo de leitura\" \/>\n\t<meta name=\"twitter:data2\" content=\"4 minutos\" \/>\n<script type=\"application\/ld+json\" class=\"yoast-schema-graph\">{\"@context\":\"https:\/\/schema.org\",\"@graph\":[{\"@type\":\"NewsArticle\",\"@id\":\"https:\/\/www.estrategiaconcursos.com.br\/blog\/cnu-2025-procedimento-pcd\/#article\",\"isPartOf\":{\"@id\":\"https:\/\/www.estrategiaconcursos.com.br\/blog\/cnu-2025-procedimento-pcd\/\"},\"author\":{\"name\":\"Ronaldo Scanavini Neto\",\"@id\":\"https:\/\/www.estrategiaconcursos.com.br\/blog\/#\/schema\/person\/70c2ad4297aa24ff8815b08215b23a76\"},\"headline\":\"CNU 2025: saiba como funcionar\u00e1 o procedimento para PcD!\",\"datePublished\":\"2025-11-19T21:08:57+00:00\",\"dateModified\":\"2025-11-21T18:11:16+00:00\",\"mainEntityOfPage\":{\"@id\":\"https:\/\/www.estrategiaconcursos.com.br\/blog\/cnu-2025-procedimento-pcd\/\"},\"wordCount\":796,\"commentCount\":0,\"publisher\":{\"@id\":\"https:\/\/www.estrategiaconcursos.com.br\/blog\/#organization\"},\"image\":{\"@id\":\"https:\/\/www.estrategiaconcursos.com.br\/blog\/cnu-2025-procedimento-pcd\/#primaryimage\"},\"thumbnailUrl\":\"https:\/\/dhg1h5j42swfq.cloudfront.net\/2023\/08\/29075651\/concurso-nacional-unificado.jpg\",\"articleSection\":[\"Executivo (Administrativa)\",\"\u00daltimas not\u00edcias\"],\"inLanguage\":\"pt-BR\",\"potentialAction\":[{\"@type\":\"CommentAction\",\"name\":\"Comment\",\"target\":[\"https:\/\/www.estrategiaconcursos.com.br\/blog\/cnu-2025-procedimento-pcd\/#respond\"]}],\"copyrightYear\":\"2025\",\"copyrightHolder\":{\"@id\":\"https:\/\/www.estrategiaconcursos.com.br\/blog\/#organization\"}},{\"@type\":\"WebPage\",\"@id\":\"https:\/\/www.estrategiaconcursos.com.br\/blog\/cnu-2025-procedimento-pcd\/\",\"url\":\"https:\/\/www.estrategiaconcursos.com.br\/blog\/cnu-2025-procedimento-pcd\/\",\"name\":\"CNU 2025: saiba como funcionar\u00e1 o procedimento para PcD!\",\"isPartOf\":{\"@id\":\"https:\/\/www.estrategiaconcursos.com.br\/blog\/#website\"},\"primaryImageOfPage\":{\"@id\":\"https:\/\/www.estrategiaconcursos.com.br\/blog\/cnu-2025-procedimento-pcd\/#primaryimage\"},\"image\":{\"@id\":\"https:\/\/www.estrategiaconcursos.com.br\/blog\/cnu-2025-procedimento-pcd\/#primaryimage\"},\"thumbnailUrl\":\"https:\/\/dhg1h5j42swfq.cloudfront.net\/2023\/08\/29075651\/concurso-nacional-unificado.jpg\",\"datePublished\":\"2025-11-19T21:08:57+00:00\",\"dateModified\":\"2025-11-21T18:11:16+00:00\",\"description\":\"PcD aprovados ter\u00e3o de passar por Procedimento de Caracteriza\u00e7\u00e3o da Defici\u00eancia no Concurso Nacional Unificado (CNU) de 2025.\",\"breadcrumb\":{\"@id\":\"https:\/\/www.estrategiaconcursos.com.br\/blog\/cnu-2025-procedimento-pcd\/#breadcrumb\"},\"inLanguage\":\"pt-BR\",\"potentialAction\":[{\"@type\":\"ReadAction\",\"target\":[\"https:\/\/www.estrategiaconcursos.com.br\/blog\/cnu-2025-procedimento-pcd\/\"]}]},{\"@type\":\"ImageObject\",\"inLanguage\":\"pt-BR\",\"@id\":\"https:\/\/www.estrategiaconcursos.com.br\/blog\/cnu-2025-procedimento-pcd\/#primaryimage\",\"url\":\"https:\/\/dhg1h5j42swfq.cloudfront.net\/2023\/08\/29075651\/concurso-nacional-unificado.jpg\",\"contentUrl\":\"https:\/\/dhg1h5j42swfq.cloudfront.net\/2023\/08\/29075651\/concurso-nacional-unificado.jpg\",\"width\":768,\"height\":432,\"caption\":\"CNU 2: saiu convoca\u00e7\u00e3o para Fase 6; cronograma atualizado\"},{\"@type\":\"BreadcrumbList\",\"@id\":\"https:\/\/www.estrategiaconcursos.com.br\/blog\/cnu-2025-procedimento-pcd\/#breadcrumb\",\"itemListElement\":[{\"@type\":\"ListItem\",\"position\":1,\"name\":\"In\u00edcio\",\"item\":\"https:\/\/www.estrategiaconcursos.com.br\/blog\/\"},{\"@type\":\"ListItem\",\"position\":2,\"name\":\"CNU 2025: saiba como funcionar\u00e1 o procedimento para PcD!\"}]},{\"@type\":\"WebSite\",\"@id\":\"https:\/\/www.estrategiaconcursos.com.br\/blog\/#website\",\"url\":\"https:\/\/www.estrategiaconcursos.com.br\/blog\/\",\"name\":\"Estrat\u00e9gia Concursos\",\"description\":\"O blog da Estrat\u00e9gia Concursos traz not\u00edcias sobre concursos e artigos de professores oferecendo cursos para concursos (pdf + videaulas) no site.\",\"publisher\":{\"@id\":\"https:\/\/www.estrategiaconcursos.com.br\/blog\/#organization\"},\"potentialAction\":[{\"@type\":\"SearchAction\",\"target\":{\"@type\":\"EntryPoint\",\"urlTemplate\":\"https:\/\/www.estrategiaconcursos.com.br\/blog\/?s={search_term_string}\"},\"query-input\":{\"@type\":\"PropertyValueSpecification\",\"valueRequired\":true,\"valueName\":\"search_term_string\"}}],\"inLanguage\":\"pt-BR\"},{\"@type\":\"Organization\",\"@id\":\"https:\/\/www.estrategiaconcursos.com.br\/blog\/#organization\",\"name\":\"Estrat\u00e9gia Concursos\",\"url\":\"https:\/\/www.estrategiaconcursos.com.br\/blog\/\",\"logo\":{\"@type\":\"ImageObject\",\"inLanguage\":\"pt-BR\",\"@id\":\"https:\/\/www.estrategiaconcursos.com.br\/blog\/#\/schema\/logo\/image\/\",\"url\":\"https:\/\/dhg1h5j42swfq.cloudfront.net\/2025\/06\/03203428\/logo_concursos-1.jpg\",\"contentUrl\":\"https:\/\/dhg1h5j42swfq.cloudfront.net\/2025\/06\/03203428\/logo_concursos-1.jpg\",\"width\":230,\"height\":60,\"caption\":\"Estrat\u00e9gia Concursos\"},\"image\":{\"@id\":\"https:\/\/www.estrategiaconcursos.com.br\/blog\/#\/schema\/logo\/image\/\"},\"sameAs\":[\"https:\/\/x.com\/EstratConcursos\"]},{\"@type\":\"Person\",\"@id\":\"https:\/\/www.estrategiaconcursos.com.br\/blog\/#\/schema\/person\/70c2ad4297aa24ff8815b08215b23a76\",\"name\":\"Ronaldo Scanavini Neto\",\"image\":{\"@type\":\"ImageObject\",\"inLanguage\":\"pt-BR\",\"@id\":\"https:\/\/secure.gravatar.com\/avatar\/f93d8e56fe264596e94aee6b3feb737d98ad0fc5bac7eb0a245f04723c5c8f21?s=96&d=mm&r=g\",\"url\":\"https:\/\/secure.gravatar.com\/avatar\/f93d8e56fe264596e94aee6b3feb737d98ad0fc5bac7eb0a245f04723c5c8f21?s=96&d=mm&r=g\",\"contentUrl\":\"https:\/\/secure.gravatar.com\/avatar\/f93d8e56fe264596e94aee6b3feb737d98ad0fc5bac7eb0a245f04723c5c8f21?s=96&d=mm&r=g\",\"caption\":\"Ronaldo Scanavini Neto\"},\"description\":\"Graduando em Comunica\u00e7\u00e3o Social \u2013 Jornalismo pela Universidade Federal de Vi\u00e7osa (UFV). Integra a equipe de jornalismo do Estrat\u00e9gia Concursos desde 2023, atuando com \u00eanfase na cobertura da \u00e1rea fiscal. Tamb\u00e9m realiza a apura\u00e7\u00e3o e produ\u00e7\u00e3o de not\u00edcias sobre concursos federais, \u00f3rg\u00e3os participantes do CNU e das \u00e1reas de controle, gest\u00e3o, engenharia, Exame CFC, comunica\u00e7\u00e3o social TI e \u00e1rea de concursos administrativos.\",\"url\":\"https:\/\/www.estrategiaconcursos.com.br\/blog\/author\/ronaldo-netoestrategia-com\/\"}]}<\/script>\n<!-- \/ Yoast SEO Premium plugin. -->","yoast_head_json":{"title":"CNU 2025: saiba como funcionar\u00e1 o procedimento para PcD!","description":"PcD aprovados ter\u00e3o de passar por Procedimento de Caracteriza\u00e7\u00e3o da Defici\u00eancia no Concurso Nacional Unificado (CNU) de 2025.","robots":{"index":"index","follow":"follow","max-snippet":"max-snippet:-1","max-image-preview":"max-image-preview:large","max-video-preview":"max-video-preview:-1"},"canonical":"https:\/\/www.estrategiaconcursos.com.br\/blog\/cnu-2025-procedimento-pcd\/","og_locale":"pt_BR","og_type":"article","og_title":"CNU 2025: saiba como funcionar\u00e1 o procedimento para PcD!","og_description":"PcD aprovados ter\u00e3o de passar por Procedimento de Caracteriza\u00e7\u00e3o da Defici\u00eancia no Concurso Nacional Unificado (CNU) de 2025.","og_url":"https:\/\/www.estrategiaconcursos.com.br\/blog\/cnu-2025-procedimento-pcd\/","og_site_name":"Estrat\u00e9gia Concursos","article_published_time":"2025-11-19T21:08:57+00:00","article_modified_time":"2025-11-21T18:11:16+00:00","og_image":[{"width":768,"height":432,"url":"https:\/\/dhg1h5j42swfq.cloudfront.net\/2023\/08\/29075651\/concurso-nacional-unificado.jpg","type":"image\/jpeg"}],"author":"Ronaldo Scanavini Neto","twitter_card":"summary_large_image","twitter_creator":"@EstratConcursos","twitter_site":"@EstratConcursos","twitter_misc":{"Escrito por":"Ronaldo Scanavini Neto","Est. tempo de leitura":"4 minutos"},"schema":{"@context":"https:\/\/schema.org","@graph":[{"@type":"NewsArticle","@id":"https:\/\/www.estrategiaconcursos.com.br\/blog\/cnu-2025-procedimento-pcd\/#article","isPartOf":{"@id":"https:\/\/www.estrategiaconcursos.com.br\/blog\/cnu-2025-procedimento-pcd\/"},"author":{"name":"Ronaldo Scanavini Neto","@id":"https:\/\/www.estrategiaconcursos.com.br\/blog\/#\/schema\/person\/70c2ad4297aa24ff8815b08215b23a76"},"headline":"CNU 2025: saiba como funcionar\u00e1 o procedimento para PcD!","datePublished":"2025-11-19T21:08:57+00:00","dateModified":"2025-11-21T18:11:16+00:00","mainEntityOfPage":{"@id":"https:\/\/www.estrategiaconcursos.com.br\/blog\/cnu-2025-procedimento-pcd\/"},"wordCount":796,"commentCount":0,"publisher":{"@id":"https:\/\/www.estrategiaconcursos.com.br\/blog\/#organization"},"image":{"@id":"https:\/\/www.estrategiaconcursos.com.br\/blog\/cnu-2025-procedimento-pcd\/#primaryimage"},"thumbnailUrl":"https:\/\/dhg1h5j42swfq.cloudfront.net\/2023\/08\/29075651\/concurso-nacional-unificado.jpg","articleSection":["Executivo (Administrativa)","\u00daltimas not\u00edcias"],"inLanguage":"pt-BR","potentialAction":[{"@type":"CommentAction","name":"Comment","target":["https:\/\/www.estrategiaconcursos.com.br\/blog\/cnu-2025-procedimento-pcd\/#respond"]}],"copyrightYear":"2025","copyrightHolder":{"@id":"https:\/\/www.estrategiaconcursos.com.br\/blog\/#organization"}},{"@type":"WebPage","@id":"https:\/\/www.estrategiaconcursos.com.br\/blog\/cnu-2025-procedimento-pcd\/","url":"https:\/\/www.estrategiaconcursos.com.br\/blog\/cnu-2025-procedimento-pcd\/","name":"CNU 2025: saiba como funcionar\u00e1 o procedimento para PcD!","isPartOf":{"@id":"https:\/\/www.estrategiaconcursos.com.br\/blog\/#website"},"primaryImageOfPage":{"@id":"https:\/\/www.estrategiaconcursos.com.br\/blog\/cnu-2025-procedimento-pcd\/#primaryimage"},"image":{"@id":"https:\/\/www.estrategiaconcursos.com.br\/blog\/cnu-2025-procedimento-pcd\/#primaryimage"},"thumbnailUrl":"https:\/\/dhg1h5j42swfq.cloudfront.net\/2023\/08\/29075651\/concurso-nacional-unificado.jpg","datePublished":"2025-11-19T21:08:57+00:00","dateModified":"2025-11-21T18:11:16+00:00","description":"PcD aprovados ter\u00e3o de passar por Procedimento de Caracteriza\u00e7\u00e3o da Defici\u00eancia no Concurso Nacional Unificado (CNU) de 2025.","breadcrumb":{"@id":"https:\/\/www.estrategiaconcursos.com.br\/blog\/cnu-2025-procedimento-pcd\/#breadcrumb"},"inLanguage":"pt-BR","potentialAction":[{"@type":"ReadAction","target":["https:\/\/www.estrategiaconcursos.com.br\/blog\/cnu-2025-procedimento-pcd\/"]}]},{"@type":"ImageObject","inLanguage":"pt-BR","@id":"https:\/\/www.estrategiaconcursos.com.br\/blog\/cnu-2025-procedimento-pcd\/#primaryimage","url":"https:\/\/dhg1h5j42swfq.cloudfront.net\/2023\/08\/29075651\/concurso-nacional-unificado.jpg","contentUrl":"https:\/\/dhg1h5j42swfq.cloudfront.net\/2023\/08\/29075651\/concurso-nacional-unificado.jpg","width":768,"height":432,"caption":"CNU 2: saiu convoca\u00e7\u00e3o para Fase 6; cronograma atualizado"},{"@type":"BreadcrumbList","@id":"https:\/\/www.estrategiaconcursos.com.br\/blog\/cnu-2025-procedimento-pcd\/#breadcrumb","itemListElement":[{"@type":"ListItem","position":1,"name":"In\u00edcio","item":"https:\/\/www.estrategiaconcursos.com.br\/blog\/"},{"@type":"ListItem","position":2,"name":"CNU 2025: saiba como funcionar\u00e1 o procedimento para PcD!"}]},{"@type":"WebSite","@id":"https:\/\/www.estrategiaconcursos.com.br\/blog\/#website","url":"https:\/\/www.estrategiaconcursos.com.br\/blog\/","name":"Estrat\u00e9gia Concursos","description":"O blog da Estrat\u00e9gia Concursos traz not\u00edcias sobre concursos e artigos de professores oferecendo cursos para concursos (pdf + videaulas) no site.","publisher":{"@id":"https:\/\/www.estrategiaconcursos.com.br\/blog\/#organization"},"potentialAction":[{"@type":"SearchAction","target":{"@type":"EntryPoint","urlTemplate":"https:\/\/www.estrategiaconcursos.com.br\/blog\/?s={search_term_string}"},"query-input":{"@type":"PropertyValueSpecification","valueRequired":true,"valueName":"search_term_string"}}],"inLanguage":"pt-BR"},{"@type":"Organization","@id":"https:\/\/www.estrategiaconcursos.com.br\/blog\/#organization","name":"Estrat\u00e9gia Concursos","url":"https:\/\/www.estrategiaconcursos.com.br\/blog\/","logo":{"@type":"ImageObject","inLanguage":"pt-BR","@id":"https:\/\/www.estrategiaconcursos.com.br\/blog\/#\/schema\/logo\/image\/","url":"https:\/\/dhg1h5j42swfq.cloudfront.net\/2025\/06\/03203428\/logo_concursos-1.jpg","contentUrl":"https:\/\/dhg1h5j42swfq.cloudfront.net\/2025\/06\/03203428\/logo_concursos-1.jpg","width":230,"height":60,"caption":"Estrat\u00e9gia Concursos"},"image":{"@id":"https:\/\/www.estrategiaconcursos.com.br\/blog\/#\/schema\/logo\/image\/"},"sameAs":["https:\/\/x.com\/EstratConcursos"]},{"@type":"Person","@id":"https:\/\/www.estrategiaconcursos.com.br\/blog\/#\/schema\/person\/70c2ad4297aa24ff8815b08215b23a76","name":"Ronaldo Scanavini Neto","image":{"@type":"ImageObject","inLanguage":"pt-BR","@id":"https:\/\/secure.gravatar.com\/avatar\/f93d8e56fe264596e94aee6b3feb737d98ad0fc5bac7eb0a245f04723c5c8f21?s=96&d=mm&r=g","url":"https:\/\/secure.gravatar.com\/avatar\/f93d8e56fe264596e94aee6b3feb737d98ad0fc5bac7eb0a245f04723c5c8f21?s=96&d=mm&r=g","contentUrl":"https:\/\/secure.gravatar.com\/avatar\/f93d8e56fe264596e94aee6b3feb737d98ad0fc5bac7eb0a245f04723c5c8f21?s=96&d=mm&r=g","caption":"Ronaldo Scanavini Neto"},"description":"Graduando em Comunica\u00e7\u00e3o Social \u2013 Jornalismo pela Universidade Federal de Vi\u00e7osa (UFV). Integra a equipe de jornalismo do Estrat\u00e9gia Concursos desde 2023, atuando com \u00eanfase na cobertura da \u00e1rea fiscal. Tamb\u00e9m realiza a apura\u00e7\u00e3o e produ\u00e7\u00e3o de not\u00edcias sobre concursos federais, \u00f3rg\u00e3os participantes do CNU e das \u00e1reas de controle, gest\u00e3o, engenharia, Exame CFC, comunica\u00e7\u00e3o social TI e \u00e1rea de concursos administrativos.","url":"https:\/\/www.estrategiaconcursos.com.br\/blog\/author\/ronaldo-netoestrategia-com\/"}]}},"_links":{"self":[{"href":"https:\/\/www.estrategiaconcursos.com.br\/blog\/wp-json\/wp\/v2\/posts\/1673039","targetHints":{"allow":["GET"]}}],"collection":[{"href":"https:\/\/www.estrategiaconcursos.com.br\/blog\/wp-json\/wp\/v2\/posts"}],"about":[{"href":"https:\/\/www.estrategiaconcursos.com.br\/blog\/wp-json\/wp\/v2\/types\/post"}],"author":[{"embeddable":true,"href":"https:\/\/www.estrategiaconcursos.com.br\/blog\/wp-json\/wp\/v2\/users\/2692"}],"replies":[{"embeddable":true,"href":"https:\/\/www.estrategiaconcursos.com.br\/blog\/wp-json\/wp\/v2\/comments?post=1673039"}],"version-history":[{"count":5,"href":"https:\/\/www.estrategiaconcursos.com.br\/blog\/wp-json\/wp\/v2\/posts\/1673039\/revisions"}],"predecessor-version":[{"id":1673616,"href":"https:\/\/www.estrategiaconcursos.com.br\/blog\/wp-json\/wp\/v2\/posts\/1673039\/revisions\/1673616"}],"wp:featuredmedia":[{"embeddable":true,"href":"https:\/\/www.estrategiaconcursos.com.br\/blog\/wp-json\/wp\/v2\/media\/1270513"}],"wp:attachment":[{"href":"https:\/\/www.estrategiaconcursos.com.br\/blog\/wp-json\/wp\/v2\/media?parent=1673039"}],"wp:term":[{"taxonomy":"category","embeddable":true,"href":"https:\/\/www.estrategiaconcursos.com.br\/blog\/wp-json\/wp\/v2\/categories?post=1673039"},{"taxonomy":"post_tag","embeddable":true,"href":"https:\/\/www.estrategiaconcursos.com.br\/blog\/wp-json\/wp\/v2\/tags?post=1673039"},{"taxonomy":"tax_estado","embeddable":true,"href":"https:\/\/www.estrategiaconcursos.com.br\/blog\/wp-json\/wp\/v2\/tax_estado?post=1673039"}],"curies":[{"name":"wp","href":"https:\/\/api.w.org\/{rel}","templated":true}]}}