{"id":1672793,"date":"2025-11-24T06:45:00","date_gmt":"2025-11-24T09:45:00","guid":{"rendered":"https:\/\/www.estrategiaconcursos.com.br\/blog\/?p=1672793"},"modified":"2025-11-24T10:09:42","modified_gmt":"2025-11-24T13:09:42","slug":"quando-comecarao-as-inscricoes-do-concurso-seduc-se","status":"publish","type":"post","link":"https:\/\/www.estrategiaconcursos.com.br\/blog\/quando-comecarao-as-inscricoes-do-concurso-seduc-se\/","title":{"rendered":"Inscri\u00e7\u00f5es do concurso SEDUC SE est\u00e3o abertas!"},"content":{"rendered":"\n<h3 class=\"wp-block-heading\" id=\"h-confira-as-principais-datas-e-nao-perca-os-prazos\">Confira as principais datas e n\u00e3o perca os prazos!<\/h3>\n\n\n\n<p>O <strong>concurso da<\/strong> <a href=\"https:\/\/www.estrategiaconcursos.com.br\/cursosPorConcurso\/secretaria-de-educacao-de-sergipe-seed-se\/\" target=\"_blank\" rel=\"noreferrer noopener\">Secretaria de Estado da Educa\u00e7\u00e3o, do Esporte e da Cultura de Sergipe<\/a> est\u00e1 com edital na pra\u00e7a e oferta <strong>300 oportunidades imediatas mais forma\u00e7\u00e3o de cadastro de reserva para professores<\/strong> da educa\u00e7\u00e3o b\u00e1sica.<\/p>\n\n\n\n<p>Al\u00e9m de saber quais as remunera\u00e7\u00f5es e quais as \u00e1reas de atua\u00e7\u00e3o das vagas, voc\u00ea precisa se atentar \u00e0s inscri\u00e7\u00f5es do concurso Seduc SE para poder participar da sele\u00e7\u00e3o.<\/p>\n\n\n\n<p>Para se inscrever, o candidato precisa acessar o site da banca organizadora, o Cebraspe, realizar a inscri\u00e7\u00e3o <strong>at\u00e9 o dia 8 de dezembro<\/strong> e pagar a taxa, <strong>no valor de R$129,00 ou R$149,00 <\/strong>a depender da jornada de trabalho escolhida.<\/p>\n\n\n\n<p>Vale lembrar que o pagamento da taxa deve ser realizado at\u00e9 o dia 10 de dezembro. Caso o candidato n\u00e3o realize o pagamento ou o realize ap\u00f3s o hor\u00e1rio definido no edital, a inscri\u00e7\u00e3o n\u00e3o ser\u00e1 validada.<\/p>\n\n\n\n<p>Confira abaixo as principais datas e prazos!<\/p>\n\n\n\n<h2 class=\"wp-block-heading\" id=\"h-inscricoes-do-concurso-seduc-se\">Inscri\u00e7\u00f5es do concurso SEDUC SE<\/h2>\n\n\n\n<h3 class=\"wp-block-heading\" id=\"h-principais-datas\">Principais datas<\/h3>\n\n\n\n<ul class=\"wp-block-list\">\n<li><strong>Inscri\u00e7\u00f5es<\/strong>: 24\/11 a 08\/12<\/li>\n\n\n\n<li><strong>Isen\u00e7\u00e3o:<\/strong> <s>03 a 07\/11<\/s><\/li>\n\n\n\n<li><strong>Pagamento da taxa<\/strong>: at\u00e9 10\/12<\/li>\n\n\n\n<li><strong>Prova<\/strong>: 11\/01\/2026<\/li>\n<\/ul>\n\n\n\n<p>Abaixo voc\u00ea confere todos os prazos j\u00e1 dispon\u00edveis:<\/p>\n\n\n\n<figure class=\"wp-block-image size-large\"><img loading=\"lazy\" decoding=\"async\" width=\"1024\" height=\"869\" src=\"https:\/\/dhg1h5j42swfq.cloudfront.net\/2025\/10\/31131645\/captura-de-tela-2025-10-31-as-13-16-15-1024x869.png\" alt=\"\" class=\"wp-image-1663814\" srcset=\"https:\/\/dhg1h5j42swfq.cloudfront.net\/2025\/10\/31131645\/captura-de-tela-2025-10-31-as-13-16-15-1024x869.png 1024w, https:\/\/dhg1h5j42swfq.cloudfront.net\/2025\/10\/31131645\/captura-de-tela-2025-10-31-as-13-16-15-300x255.png 300w, https:\/\/dhg1h5j42swfq.cloudfront.net\/2025\/10\/31131645\/captura-de-tela-2025-10-31-as-13-16-15-768x652.png 768w, https:\/\/dhg1h5j42swfq.cloudfront.net\/2025\/10\/31131645\/captura-de-tela-2025-10-31-as-13-16-15-1536x1304.png 1536w, https:\/\/dhg1h5j42swfq.cloudfront.net\/2025\/10\/31131645\/captura-de-tela-2025-10-31-as-13-16-15-150x127.png 150w, https:\/\/dhg1h5j42swfq.cloudfront.net\/2025\/10\/31131645\/captura-de-tela-2025-10-31-as-13-16-15.png 1772w\" sizes=\"auto, (max-width: 1024px) 100vw, 1024px\" \/><\/figure>\n\n\n\n<h3 class=\"wp-block-heading\" id=\"h-\"><\/h3>\n\n\n\n<p class=\"has-text-align-center has-luminous-vivid-amber-background-color has-background\"><strong>Para saber al\u00e9m das inscri\u00e7\u00f5es do concurso SEDUC SE, <a href=\"https:\/\/www.estrategiaconcursos.com.br\/blog\/concurso-seduc-se\/\">acesse AQUI!<\/a><\/strong><\/p>\n\n\n\n<h2 class=\"wp-block-heading has-text-align-center\" id=\"h-quer-saber-tudo-sobre-concursos-previstos-confira-nossos-artigos\">Quer saber tudo sobre concursos previstos?<br \/>Confira  nossos artigos!<\/h2>\n\n\n\n<ul class=\"wp-block-list\">\n<li><a href=\"https:\/\/www.estrategiaconcursos.com.br\/blog\/concursos-abertos\/\" target=\"_blank\" rel=\"noreferrer noopener\">Concursos abertos<\/a><\/li>\n\n\n\n<li><a href=\"https:\/\/www.estrategiaconcursos.com.br\/blog\/concursos-educacao\/\">Concursos educa\u00e7\u00e3o<\/a><\/li>\n\n\n\n<li><a href=\"https:\/\/www.estrategiaconcursos.com.br\/blog\/concursos-2025\/\" target=\"_blank\" rel=\"noreferrer noopener\">Concursos 2025<\/a><\/li>\n\n\n\n<li><a href=\"https:\/\/www.estrategiaconcursos.com.br\/blog\/concursos-2026\/\">Concursos 2026<\/a><\/li>\n<\/ul>\n\n\n\n<h2 class=\"wp-block-heading has-text-align-center\" id=\"h-quer-estudar-para-o-concurso-seduc-se\">Quer estudar para o concurso Seduc SE?<\/h2>\n\n\n\n<div class=\"container\" id=\"boxes\">\r\n  <div class=\"row\">\r\n\r\n    <div class=\"col-sm\">\r\n      <div class=\"banner-estrategia\" id=\"box-assinatura\">\r\n        <h3 class=\"titulo-assinatura\">Cursos para concursos<\/h3>\r\n        <p class=\"subtitulo-assinatura\">Estude conosco<\/p>\r\n        <div class=\"box-botao\">\r\n          <a class=\"btn-assinatura\" target=\"_blank\" href=\"https:\/\/www.estrategiaconcursos.com.br\/cursos\/\" role=\"button\" rel=\"noopener noreferrer\">Conhe\u00e7a os cursos<\/a>\r\n        <\/div>\r\n      <\/div>\r\n     \r\n    <\/div>\r\n\r\n  <\/div>\r\n<\/div>\n\n\n\n<div class=\"container\" id=\"boxes\">\n  <div class=\"row\">\n\n    <div class=\"col-sm\">\n      <div class=\"estrategia\" id=\"box-assinatura\">\n        <h3 class=\"titulo-assinatura\">Assinatura de Concursos<\/h3>\n        <p class=\"subtitulo-assinatura\">Assinatura de 1 ano ou 2 anos<\/p>\n        <div class=\"box-botao\">\n          <a class=\"btn-assinatura\" target=\"_blank\" href=\"https:\/\/www.estrategiaconcursos.com.br\/assinaturas\/\" role=\"button\" rel=\"noopener noreferrer\">ASSINE AGORA<\/a>\n        <\/div>\n      <\/div>\n     \n    <\/div><\/div><\/div>\n","protected":false},"excerpt":{"rendered":"<p>Confira as principais datas e n\u00e3o perca os prazos! O concurso da Secretaria de Estado da Educa\u00e7\u00e3o, do Esporte e da Cultura de Sergipe est\u00e1 com edital na pra\u00e7a e oferta 300 oportunidades imediatas mais forma\u00e7\u00e3o de cadastro de reserva para professores da educa\u00e7\u00e3o b\u00e1sica. Al\u00e9m de saber quais as remunera\u00e7\u00f5es e quais as \u00e1reas [&hellip;]<\/p>\n","protected":false},"author":657,"featured_media":1634492,"comment_status":"open","ping_status":"closed","sticky":false,"template":"","format":"standard","meta":{"post_tipo":"news","footnotes":""},"categories":[1,3766,220219],"tags":[],"tax_estado":[219988],"class_list":["post-1672793","post","type-post","status-publish","format-standard","has-post-thumbnail","hentry","category-cursos-e-concursos","category-educacional","category-noticias","tax_estado-se"],"acf":[],"yoast_head":"<!-- This site is optimized with the Yoast SEO Premium plugin v27.2 (Yoast SEO v27.2) - https:\/\/yoast.com\/product\/yoast-seo-premium-wordpress\/ -->\n<title>Inscri\u00e7\u00f5es do concurso SEDUC SE est\u00e3o abertas!<\/title>\n<meta name=\"description\" content=\"Quando come\u00e7ar\u00e3o as inscri\u00e7\u00f5es do concurso SEDUC SE? Fique atento aos prazos e n\u00e3o perca essa oportunidade!\" \/>\n<meta name=\"robots\" content=\"index, follow, max-snippet:-1, max-image-preview:large, max-video-preview:-1\" \/>\n<link rel=\"canonical\" href=\"https:\/\/www.estrategiaconcursos.com.br\/blog\/quando-comecarao-as-inscricoes-do-concurso-seduc-se\/\" \/>\n<meta property=\"og:locale\" content=\"pt_BR\" \/>\n<meta property=\"og:type\" content=\"article\" \/>\n<meta property=\"og:title\" content=\"Inscri\u00e7\u00f5es do concurso SEDUC SE est\u00e3o abertas!\" \/>\n<meta property=\"og:description\" content=\"Quando come\u00e7ar\u00e3o as inscri\u00e7\u00f5es do concurso SEDUC SE? Fique atento aos prazos e n\u00e3o perca essa oportunidade!\" \/>\n<meta property=\"og:url\" content=\"https:\/\/www.estrategiaconcursos.com.br\/blog\/quando-comecarao-as-inscricoes-do-concurso-seduc-se\/\" \/>\n<meta property=\"og:site_name\" content=\"Estrat\u00e9gia Concursos\" \/>\n<meta property=\"article:published_time\" content=\"2025-11-24T09:45:00+00:00\" \/>\n<meta property=\"article:modified_time\" content=\"2025-11-24T13:09:42+00:00\" \/>\n<meta property=\"og:image\" content=\"https:\/\/dhg1h5j42swfq.cloudfront.net\/2025\/09\/05123622\/concurso-seduc-se-1.jpg\" \/>\n\t<meta property=\"og:image:width\" content=\"768\" \/>\n\t<meta property=\"og:image:height\" content=\"432\" \/>\n\t<meta property=\"og:image:type\" content=\"image\/jpeg\" \/>\n<meta name=\"author\" content=\"Nat\u00e1lia Scarano\" \/>\n<meta name=\"twitter:card\" content=\"summary_large_image\" \/>\n<meta name=\"twitter:creator\" content=\"@EstratConcursos\" \/>\n<meta name=\"twitter:site\" content=\"@EstratConcursos\" \/>\n<meta name=\"twitter:label1\" content=\"Escrito por\" \/>\n\t<meta name=\"twitter:data1\" content=\"Nat\u00e1lia Scarano\" \/>\n\t<meta name=\"twitter:label2\" content=\"Est. tempo de leitura\" \/>\n\t<meta name=\"twitter:data2\" content=\"1 minuto\" \/>\n<script type=\"application\/ld+json\" class=\"yoast-schema-graph\">{\"@context\":\"https:\/\/schema.org\",\"@graph\":[{\"@type\":\"NewsArticle\",\"@id\":\"https:\/\/www.estrategiaconcursos.com.br\/blog\/quando-comecarao-as-inscricoes-do-concurso-seduc-se\/#article\",\"isPartOf\":{\"@id\":\"https:\/\/www.estrategiaconcursos.com.br\/blog\/quando-comecarao-as-inscricoes-do-concurso-seduc-se\/\"},\"author\":{\"name\":\"Nat\u00e1lia Scarano\",\"@id\":\"https:\/\/www.estrategiaconcursos.com.br\/blog\/#\/schema\/person\/751aedf909a9d10cb23ce6ac527ce0f2\"},\"headline\":\"Inscri\u00e7\u00f5es do concurso SEDUC SE est\u00e3o abertas!\",\"datePublished\":\"2025-11-24T09:45:00+00:00\",\"dateModified\":\"2025-11-24T13:09:42+00:00\",\"mainEntityOfPage\":{\"@id\":\"https:\/\/www.estrategiaconcursos.com.br\/blog\/quando-comecarao-as-inscricoes-do-concurso-seduc-se\/\"},\"wordCount\":264,\"commentCount\":0,\"publisher\":{\"@id\":\"https:\/\/www.estrategiaconcursos.com.br\/blog\/#organization\"},\"image\":{\"@id\":\"https:\/\/www.estrategiaconcursos.com.br\/blog\/quando-comecarao-as-inscricoes-do-concurso-seduc-se\/#primaryimage\"},\"thumbnailUrl\":\"https:\/\/dhg1h5j42swfq.cloudfront.net\/2025\/09\/05123622\/concurso-seduc-se-1.jpg\",\"articleSection\":[\"Concursos P\u00fablicos\",\"Educa\u00e7\u00e3o\",\"\u00daltimas not\u00edcias\"],\"inLanguage\":\"pt-BR\",\"potentialAction\":[{\"@type\":\"CommentAction\",\"name\":\"Comment\",\"target\":[\"https:\/\/www.estrategiaconcursos.com.br\/blog\/quando-comecarao-as-inscricoes-do-concurso-seduc-se\/#respond\"]}],\"copyrightYear\":\"2025\",\"copyrightHolder\":{\"@id\":\"https:\/\/www.estrategiaconcursos.com.br\/blog\/#organization\"}},{\"@type\":\"WebPage\",\"@id\":\"https:\/\/www.estrategiaconcursos.com.br\/blog\/quando-comecarao-as-inscricoes-do-concurso-seduc-se\/\",\"url\":\"https:\/\/www.estrategiaconcursos.com.br\/blog\/quando-comecarao-as-inscricoes-do-concurso-seduc-se\/\",\"name\":\"Inscri\u00e7\u00f5es do concurso SEDUC SE est\u00e3o abertas!\",\"isPartOf\":{\"@id\":\"https:\/\/www.estrategiaconcursos.com.br\/blog\/#website\"},\"primaryImageOfPage\":{\"@id\":\"https:\/\/www.estrategiaconcursos.com.br\/blog\/quando-comecarao-as-inscricoes-do-concurso-seduc-se\/#primaryimage\"},\"image\":{\"@id\":\"https:\/\/www.estrategiaconcursos.com.br\/blog\/quando-comecarao-as-inscricoes-do-concurso-seduc-se\/#primaryimage\"},\"thumbnailUrl\":\"https:\/\/dhg1h5j42swfq.cloudfront.net\/2025\/09\/05123622\/concurso-seduc-se-1.jpg\",\"datePublished\":\"2025-11-24T09:45:00+00:00\",\"dateModified\":\"2025-11-24T13:09:42+00:00\",\"description\":\"Quando come\u00e7ar\u00e3o as inscri\u00e7\u00f5es do concurso SEDUC SE? Fique atento aos prazos e n\u00e3o perca essa oportunidade!\",\"breadcrumb\":{\"@id\":\"https:\/\/www.estrategiaconcursos.com.br\/blog\/quando-comecarao-as-inscricoes-do-concurso-seduc-se\/#breadcrumb\"},\"inLanguage\":\"pt-BR\",\"potentialAction\":[{\"@type\":\"ReadAction\",\"target\":[\"https:\/\/www.estrategiaconcursos.com.br\/blog\/quando-comecarao-as-inscricoes-do-concurso-seduc-se\/\"]}]},{\"@type\":\"ImageObject\",\"inLanguage\":\"pt-BR\",\"@id\":\"https:\/\/www.estrategiaconcursos.com.br\/blog\/quando-comecarao-as-inscricoes-do-concurso-seduc-se\/#primaryimage\",\"url\":\"https:\/\/dhg1h5j42swfq.cloudfront.net\/2025\/09\/05123622\/concurso-seduc-se-1.jpg\",\"contentUrl\":\"https:\/\/dhg1h5j42swfq.cloudfront.net\/2025\/09\/05123622\/concurso-seduc-se-1.jpg\",\"width\":768,\"height\":432,\"caption\":\"convoca\u00e7\u00e3o provas seduc se\"},{\"@type\":\"BreadcrumbList\",\"@id\":\"https:\/\/www.estrategiaconcursos.com.br\/blog\/quando-comecarao-as-inscricoes-do-concurso-seduc-se\/#breadcrumb\",\"itemListElement\":[{\"@type\":\"ListItem\",\"position\":1,\"name\":\"In\u00edcio\",\"item\":\"https:\/\/www.estrategiaconcursos.com.br\/blog\/\"},{\"@type\":\"ListItem\",\"position\":2,\"name\":\"Inscri\u00e7\u00f5es do concurso SEDUC SE est\u00e3o abertas!\"}]},{\"@type\":\"WebSite\",\"@id\":\"https:\/\/www.estrategiaconcursos.com.br\/blog\/#website\",\"url\":\"https:\/\/www.estrategiaconcursos.com.br\/blog\/\",\"name\":\"Estrat\u00e9gia Concursos\",\"description\":\"O blog da Estrat\u00e9gia Concursos traz not\u00edcias sobre concursos e artigos de professores oferecendo cursos para concursos (pdf + videaulas) no site.\",\"publisher\":{\"@id\":\"https:\/\/www.estrategiaconcursos.com.br\/blog\/#organization\"},\"potentialAction\":[{\"@type\":\"SearchAction\",\"target\":{\"@type\":\"EntryPoint\",\"urlTemplate\":\"https:\/\/www.estrategiaconcursos.com.br\/blog\/?s={search_term_string}\"},\"query-input\":{\"@type\":\"PropertyValueSpecification\",\"valueRequired\":true,\"valueName\":\"search_term_string\"}}],\"inLanguage\":\"pt-BR\"},{\"@type\":\"Organization\",\"@id\":\"https:\/\/www.estrategiaconcursos.com.br\/blog\/#organization\",\"name\":\"Estrat\u00e9gia Concursos\",\"url\":\"https:\/\/www.estrategiaconcursos.com.br\/blog\/\",\"logo\":{\"@type\":\"ImageObject\",\"inLanguage\":\"pt-BR\",\"@id\":\"https:\/\/www.estrategiaconcursos.com.br\/blog\/#\/schema\/logo\/image\/\",\"url\":\"https:\/\/dhg1h5j42swfq.cloudfront.net\/2025\/06\/03203428\/logo_concursos-1.jpg\",\"contentUrl\":\"https:\/\/dhg1h5j42swfq.cloudfront.net\/2025\/06\/03203428\/logo_concursos-1.jpg\",\"width\":230,\"height\":60,\"caption\":\"Estrat\u00e9gia Concursos\"},\"image\":{\"@id\":\"https:\/\/www.estrategiaconcursos.com.br\/blog\/#\/schema\/logo\/image\/\"},\"sameAs\":[\"https:\/\/x.com\/EstratConcursos\"]},{\"@type\":\"Person\",\"@id\":\"https:\/\/www.estrategiaconcursos.com.br\/blog\/#\/schema\/person\/751aedf909a9d10cb23ce6ac527ce0f2\",\"name\":\"Nat\u00e1lia Scarano\",\"image\":{\"@type\":\"ImageObject\",\"inLanguage\":\"pt-BR\",\"@id\":\"https:\/\/secure.gravatar.com\/avatar\/8a889b8db3dbd227a1a78627357ec8fe64f5e99189d1889a270127828ab372ac?s=96&d=mm&r=g\",\"url\":\"https:\/\/secure.gravatar.com\/avatar\/8a889b8db3dbd227a1a78627357ec8fe64f5e99189d1889a270127828ab372ac?s=96&d=mm&r=g\",\"contentUrl\":\"https:\/\/secure.gravatar.com\/avatar\/8a889b8db3dbd227a1a78627357ec8fe64f5e99189d1889a270127828ab372ac?s=96&d=mm&r=g\",\"caption\":\"Nat\u00e1lia Scarano\"},\"description\":\"Jornalista, formada e p\u00f3s graduada pelo IESB, faz parte do time de jornalistas do Estrat\u00e9gia desde 2017. Possui familiaridade com as \u00e1reas de Tribunais, Defensorias, Procuradorias, Minist\u00e9rios P\u00fablicos, Conselhos, Educa\u00e7\u00e3o, \u00c1rea de Seguran\u00e7a, concursos de Carreiras Jur\u00eddicas e OAB. Experi\u00eancia em marketing digital, assessoria de comunica\u00e7\u00e3o e institucional na \u00e1rea privada e p\u00fablica, com atua\u00e7\u00e3o em \u00f3rg\u00e3os como CGU, Cofen e CNM.\",\"url\":\"https:\/\/www.estrategiaconcursos.com.br\/blog\/author\/natalia-scaranoestrategiaconcursos-com-br\/\"}]}<\/script>\n<!-- \/ Yoast SEO Premium plugin. -->","yoast_head_json":{"title":"Inscri\u00e7\u00f5es do concurso SEDUC SE est\u00e3o abertas!","description":"Quando come\u00e7ar\u00e3o as inscri\u00e7\u00f5es do concurso SEDUC SE? Fique atento aos prazos e n\u00e3o perca essa oportunidade!","robots":{"index":"index","follow":"follow","max-snippet":"max-snippet:-1","max-image-preview":"max-image-preview:large","max-video-preview":"max-video-preview:-1"},"canonical":"https:\/\/www.estrategiaconcursos.com.br\/blog\/quando-comecarao-as-inscricoes-do-concurso-seduc-se\/","og_locale":"pt_BR","og_type":"article","og_title":"Inscri\u00e7\u00f5es do concurso SEDUC SE est\u00e3o abertas!","og_description":"Quando come\u00e7ar\u00e3o as inscri\u00e7\u00f5es do concurso SEDUC SE? Fique atento aos prazos e n\u00e3o perca essa oportunidade!","og_url":"https:\/\/www.estrategiaconcursos.com.br\/blog\/quando-comecarao-as-inscricoes-do-concurso-seduc-se\/","og_site_name":"Estrat\u00e9gia Concursos","article_published_time":"2025-11-24T09:45:00+00:00","article_modified_time":"2025-11-24T13:09:42+00:00","og_image":[{"width":768,"height":432,"url":"https:\/\/dhg1h5j42swfq.cloudfront.net\/2025\/09\/05123622\/concurso-seduc-se-1.jpg","type":"image\/jpeg"}],"author":"Nat\u00e1lia Scarano","twitter_card":"summary_large_image","twitter_creator":"@EstratConcursos","twitter_site":"@EstratConcursos","twitter_misc":{"Escrito por":"Nat\u00e1lia Scarano","Est. tempo de leitura":"1 minuto"},"schema":{"@context":"https:\/\/schema.org","@graph":[{"@type":"NewsArticle","@id":"https:\/\/www.estrategiaconcursos.com.br\/blog\/quando-comecarao-as-inscricoes-do-concurso-seduc-se\/#article","isPartOf":{"@id":"https:\/\/www.estrategiaconcursos.com.br\/blog\/quando-comecarao-as-inscricoes-do-concurso-seduc-se\/"},"author":{"name":"Nat\u00e1lia Scarano","@id":"https:\/\/www.estrategiaconcursos.com.br\/blog\/#\/schema\/person\/751aedf909a9d10cb23ce6ac527ce0f2"},"headline":"Inscri\u00e7\u00f5es do concurso SEDUC SE est\u00e3o abertas!","datePublished":"2025-11-24T09:45:00+00:00","dateModified":"2025-11-24T13:09:42+00:00","mainEntityOfPage":{"@id":"https:\/\/www.estrategiaconcursos.com.br\/blog\/quando-comecarao-as-inscricoes-do-concurso-seduc-se\/"},"wordCount":264,"commentCount":0,"publisher":{"@id":"https:\/\/www.estrategiaconcursos.com.br\/blog\/#organization"},"image":{"@id":"https:\/\/www.estrategiaconcursos.com.br\/blog\/quando-comecarao-as-inscricoes-do-concurso-seduc-se\/#primaryimage"},"thumbnailUrl":"https:\/\/dhg1h5j42swfq.cloudfront.net\/2025\/09\/05123622\/concurso-seduc-se-1.jpg","articleSection":["Concursos P\u00fablicos","Educa\u00e7\u00e3o","\u00daltimas not\u00edcias"],"inLanguage":"pt-BR","potentialAction":[{"@type":"CommentAction","name":"Comment","target":["https:\/\/www.estrategiaconcursos.com.br\/blog\/quando-comecarao-as-inscricoes-do-concurso-seduc-se\/#respond"]}],"copyrightYear":"2025","copyrightHolder":{"@id":"https:\/\/www.estrategiaconcursos.com.br\/blog\/#organization"}},{"@type":"WebPage","@id":"https:\/\/www.estrategiaconcursos.com.br\/blog\/quando-comecarao-as-inscricoes-do-concurso-seduc-se\/","url":"https:\/\/www.estrategiaconcursos.com.br\/blog\/quando-comecarao-as-inscricoes-do-concurso-seduc-se\/","name":"Inscri\u00e7\u00f5es do concurso SEDUC SE est\u00e3o abertas!","isPartOf":{"@id":"https:\/\/www.estrategiaconcursos.com.br\/blog\/#website"},"primaryImageOfPage":{"@id":"https:\/\/www.estrategiaconcursos.com.br\/blog\/quando-comecarao-as-inscricoes-do-concurso-seduc-se\/#primaryimage"},"image":{"@id":"https:\/\/www.estrategiaconcursos.com.br\/blog\/quando-comecarao-as-inscricoes-do-concurso-seduc-se\/#primaryimage"},"thumbnailUrl":"https:\/\/dhg1h5j42swfq.cloudfront.net\/2025\/09\/05123622\/concurso-seduc-se-1.jpg","datePublished":"2025-11-24T09:45:00+00:00","dateModified":"2025-11-24T13:09:42+00:00","description":"Quando come\u00e7ar\u00e3o as inscri\u00e7\u00f5es do concurso SEDUC SE? Fique atento aos prazos e n\u00e3o perca essa oportunidade!","breadcrumb":{"@id":"https:\/\/www.estrategiaconcursos.com.br\/blog\/quando-comecarao-as-inscricoes-do-concurso-seduc-se\/#breadcrumb"},"inLanguage":"pt-BR","potentialAction":[{"@type":"ReadAction","target":["https:\/\/www.estrategiaconcursos.com.br\/blog\/quando-comecarao-as-inscricoes-do-concurso-seduc-se\/"]}]},{"@type":"ImageObject","inLanguage":"pt-BR","@id":"https:\/\/www.estrategiaconcursos.com.br\/blog\/quando-comecarao-as-inscricoes-do-concurso-seduc-se\/#primaryimage","url":"https:\/\/dhg1h5j42swfq.cloudfront.net\/2025\/09\/05123622\/concurso-seduc-se-1.jpg","contentUrl":"https:\/\/dhg1h5j42swfq.cloudfront.net\/2025\/09\/05123622\/concurso-seduc-se-1.jpg","width":768,"height":432,"caption":"convoca\u00e7\u00e3o provas seduc se"},{"@type":"BreadcrumbList","@id":"https:\/\/www.estrategiaconcursos.com.br\/blog\/quando-comecarao-as-inscricoes-do-concurso-seduc-se\/#breadcrumb","itemListElement":[{"@type":"ListItem","position":1,"name":"In\u00edcio","item":"https:\/\/www.estrategiaconcursos.com.br\/blog\/"},{"@type":"ListItem","position":2,"name":"Inscri\u00e7\u00f5es do concurso SEDUC SE est\u00e3o abertas!"}]},{"@type":"WebSite","@id":"https:\/\/www.estrategiaconcursos.com.br\/blog\/#website","url":"https:\/\/www.estrategiaconcursos.com.br\/blog\/","name":"Estrat\u00e9gia Concursos","description":"O blog da Estrat\u00e9gia Concursos traz not\u00edcias sobre concursos e artigos de professores oferecendo cursos para concursos (pdf + videaulas) no site.","publisher":{"@id":"https:\/\/www.estrategiaconcursos.com.br\/blog\/#organization"},"potentialAction":[{"@type":"SearchAction","target":{"@type":"EntryPoint","urlTemplate":"https:\/\/www.estrategiaconcursos.com.br\/blog\/?s={search_term_string}"},"query-input":{"@type":"PropertyValueSpecification","valueRequired":true,"valueName":"search_term_string"}}],"inLanguage":"pt-BR"},{"@type":"Organization","@id":"https:\/\/www.estrategiaconcursos.com.br\/blog\/#organization","name":"Estrat\u00e9gia Concursos","url":"https:\/\/www.estrategiaconcursos.com.br\/blog\/","logo":{"@type":"ImageObject","inLanguage":"pt-BR","@id":"https:\/\/www.estrategiaconcursos.com.br\/blog\/#\/schema\/logo\/image\/","url":"https:\/\/dhg1h5j42swfq.cloudfront.net\/2025\/06\/03203428\/logo_concursos-1.jpg","contentUrl":"https:\/\/dhg1h5j42swfq.cloudfront.net\/2025\/06\/03203428\/logo_concursos-1.jpg","width":230,"height":60,"caption":"Estrat\u00e9gia Concursos"},"image":{"@id":"https:\/\/www.estrategiaconcursos.com.br\/blog\/#\/schema\/logo\/image\/"},"sameAs":["https:\/\/x.com\/EstratConcursos"]},{"@type":"Person","@id":"https:\/\/www.estrategiaconcursos.com.br\/blog\/#\/schema\/person\/751aedf909a9d10cb23ce6ac527ce0f2","name":"Nat\u00e1lia Scarano","image":{"@type":"ImageObject","inLanguage":"pt-BR","@id":"https:\/\/secure.gravatar.com\/avatar\/8a889b8db3dbd227a1a78627357ec8fe64f5e99189d1889a270127828ab372ac?s=96&d=mm&r=g","url":"https:\/\/secure.gravatar.com\/avatar\/8a889b8db3dbd227a1a78627357ec8fe64f5e99189d1889a270127828ab372ac?s=96&d=mm&r=g","contentUrl":"https:\/\/secure.gravatar.com\/avatar\/8a889b8db3dbd227a1a78627357ec8fe64f5e99189d1889a270127828ab372ac?s=96&d=mm&r=g","caption":"Nat\u00e1lia Scarano"},"description":"Jornalista, formada e p\u00f3s graduada pelo IESB, faz parte do time de jornalistas do Estrat\u00e9gia desde 2017. Possui familiaridade com as \u00e1reas de Tribunais, Defensorias, Procuradorias, Minist\u00e9rios P\u00fablicos, Conselhos, Educa\u00e7\u00e3o, \u00c1rea de Seguran\u00e7a, concursos de Carreiras Jur\u00eddicas e OAB. Experi\u00eancia em marketing digital, assessoria de comunica\u00e7\u00e3o e institucional na \u00e1rea privada e p\u00fablica, com atua\u00e7\u00e3o em \u00f3rg\u00e3os como CGU, Cofen e CNM.","url":"https:\/\/www.estrategiaconcursos.com.br\/blog\/author\/natalia-scaranoestrategiaconcursos-com-br\/"}]}},"_links":{"self":[{"href":"https:\/\/www.estrategiaconcursos.com.br\/blog\/wp-json\/wp\/v2\/posts\/1672793","targetHints":{"allow":["GET"]}}],"collection":[{"href":"https:\/\/www.estrategiaconcursos.com.br\/blog\/wp-json\/wp\/v2\/posts"}],"about":[{"href":"https:\/\/www.estrategiaconcursos.com.br\/blog\/wp-json\/wp\/v2\/types\/post"}],"author":[{"embeddable":true,"href":"https:\/\/www.estrategiaconcursos.com.br\/blog\/wp-json\/wp\/v2\/users\/657"}],"replies":[{"embeddable":true,"href":"https:\/\/www.estrategiaconcursos.com.br\/blog\/wp-json\/wp\/v2\/comments?post=1672793"}],"version-history":[{"count":4,"href":"https:\/\/www.estrategiaconcursos.com.br\/blog\/wp-json\/wp\/v2\/posts\/1672793\/revisions"}],"predecessor-version":[{"id":1674253,"href":"https:\/\/www.estrategiaconcursos.com.br\/blog\/wp-json\/wp\/v2\/posts\/1672793\/revisions\/1674253"}],"wp:featuredmedia":[{"embeddable":true,"href":"https:\/\/www.estrategiaconcursos.com.br\/blog\/wp-json\/wp\/v2\/media\/1634492"}],"wp:attachment":[{"href":"https:\/\/www.estrategiaconcursos.com.br\/blog\/wp-json\/wp\/v2\/media?parent=1672793"}],"wp:term":[{"taxonomy":"category","embeddable":true,"href":"https:\/\/www.estrategiaconcursos.com.br\/blog\/wp-json\/wp\/v2\/categories?post=1672793"},{"taxonomy":"post_tag","embeddable":true,"href":"https:\/\/www.estrategiaconcursos.com.br\/blog\/wp-json\/wp\/v2\/tags?post=1672793"},{"taxonomy":"tax_estado","embeddable":true,"href":"https:\/\/www.estrategiaconcursos.com.br\/blog\/wp-json\/wp\/v2\/tax_estado?post=1672793"}],"curies":[{"name":"wp","href":"https:\/\/api.w.org\/{rel}","templated":true}]}}