{"id":1672235,"date":"2025-11-20T15:08:24","date_gmt":"2025-11-20T18:08:24","guid":{"rendered":"https:\/\/www.estrategiaconcursos.com.br\/blog\/?p=1672235"},"modified":"2025-11-18T15:18:32","modified_gmt":"2025-11-18T18:18:32","slug":"7-dias-para-o-fim-das-inscricoes-do-concurso-tj-rj","status":"publish","type":"post","link":"https:\/\/www.estrategiaconcursos.com.br\/blog\/7-dias-para-o-fim-das-inscricoes-do-concurso-tj-rj\/","title":{"rendered":"Faltam 7 dias para o fim das inscri\u00e7\u00f5es do concurso TJ RJ!"},"content":{"rendered":"\n<h3 class=\"wp-block-heading\" id=\"h-fique-atento-aos-prazos-e-nao-perca-essa-oportunidade\">Fique atento aos prazos e n\u00e3o perca essa oportunidade!<\/h3>\n\n\n\n<p>O concurso p\u00fablico do <a href=\"https:\/\/www.estrategiaconcursos.com.br\/cursosPorConcurso\/tj-rj\/\" target=\"_blank\" rel=\"noreferrer noopener\"><strong>Tribunal de Justi\u00e7a do Rio de Janeiro<\/strong><\/a><strong> (TJ RJ)<\/strong> est\u00e1 com o per\u00edodo de inscri\u00e7\u00f5es  na reta final!<\/p>\n\n\n\n<p>S\u00e3o ofertadas <strong>oportunidades de cadastro reserva<\/strong> para os cargos de <strong>Analista Judici\u00e1rio<\/strong>, com e sem especialidade (superior) e <strong>T\u00e9cnico de Atividade Judici\u00e1ria<\/strong>, sem especialidade (m\u00e9dio).<\/p>\n\n\n\n<p>As inscri\u00e7\u00f5es poder\u00e3o ser efetivadas at\u00e9 o dia 27 de novembro, o site da FGV, ao custo de <strong>R$ 100,00 <\/strong>a <strong>R$ 140,00.<\/strong><\/p>\n\n\n\n<p>Vale lembrar que os candidatos podem se inscrever nos dois cargos, e as provas ser\u00e3o aplicadas em <strong>1\u00ba de fevereiro de 2026<\/strong>, em dois turnos.<\/p>\n\n\n\n<h3 class=\"wp-block-heading\" id=\"datas\">Principais datas<\/h3>\n\n\n\n<p class=\"has-very-light-gray-background-color has-background\"><strong>Inscri\u00e7\u00f5es<\/strong>: 29\/10 a 27\/11\/2025<br \/><strong><mark style=\"background-color:rgba(0, 0, 0, 0)\" class=\"has-inline-color has-vivid-red-color\">\u00daltimo dia para pagamento: 28\/11\/2025<br \/><\/mark>Provas<\/strong>: 01\/02\/2026<\/p>\n\n\n\n<h3 class=\"wp-block-heading\" id=\"cronograma\">Cronograma de resultados do concurso TJ RJ<\/h3>\n\n\n\n<p>Conforme o <a href=\"https:\/\/dhg1h5j42swfq.cloudfront.net\/2025\/11\/14101006\/aviso-tj-no-287-2025-cronograma-do-concurso.pdf\" target=\"_blank\" rel=\"noreferrer noopener\">aviso TJ n\u00ba 287\/2025<\/a>, o cronograma previsto para as pr\u00f3ximas etapas do concurso \u00e9 o seguinte:<\/p>\n\n\n\n<ul class=\"wp-block-list\">\n<li><strong>\u2022 Publica\u00e7\u00e3o do Resultado Preliminar da Prova Objetiva: <\/strong>11\/03\/2026.<\/li>\n\n\n\n<li><strong>\u2022 Recursos contra o Resultado Preliminar: <\/strong>12 a 13\/03\/2026.<\/li>\n\n\n\n<li><strong>\u2022 Publica\u00e7\u00e3o do Resultado Definitivo da Prova Objetiva: <\/strong>27\/03\/2026.<\/li>\n<\/ul>\n\n\n\n<p class=\"has-text-align-center has-luminous-vivid-amber-background-color has-background\"><strong><a href=\"https:\/\/www.estrategiaconcursos.com.br\/blog\/concurso-tj-rj\/\">Para ficar por dentro, acesse: Concurso TJ RJ<\/a><\/strong><\/p>\n\n\n\n<h2 class=\"wp-block-heading has-text-align-center\" id=\"h-quer-saber-tudo-sobre-concursos-previstos-confira-nossos-artigos\">Quer saber tudo sobre concursos previstos? Confira nossos artigos!<\/h2>\n\n\n\n<ul class=\"wp-block-list\">\n<li><a href=\"https:\/\/www.estrategiaconcursos.com.br\/blog\/concursos-abertos\/\" target=\"_blank\" rel=\"noreferrer noopener\">Concursos abertos<\/a><\/li>\n\n\n\n<li><a href=\"https:\/\/www.estrategiaconcursos.com.br\/blog\/concursos-tribunais-2022\/\" target=\"_blank\" rel=\"noreferrer noopener\">Concursos tribunais<\/a><\/li>\n\n\n\n<li><a href=\"https:\/\/www.estrategiaconcursos.com.br\/blog\/concursos-2025\/\" target=\"_blank\" rel=\"noreferrer noopener\">Concursos 2025<\/a><\/li>\n\n\n\n<li><a href=\"https:\/\/www.estrategiaconcursos.com.br\/blog\/concursos-2026\/\" target=\"_blank\" rel=\"noreferrer noopener\">Concursos 2026<\/a><\/li>\n<\/ul>\n\n\n\n<h2 class=\"wp-block-heading has-text-align-center\" id=\"cursos\">Cursos e Assinaturas para o Concurso TJ RJ<\/h2>\n\n\n\n<div class=\"container\" id=\"boxes\">\n  <div class=\"row\">\n\n    <div class=\"col-sm\">\n      <div class=\"banner-tribunal\" id=\"box-assinatura\">\n        <h3 class=\"titulo-assinatura\">Curso para TJ RJ<\/h3>\n        <p class=\"subtitulo-assinatura\">Alavanque a sua prepara\u00e7\u00e3o!<\/p>\n        <div class=\"box-botao\">\n          <a class=\"btn-assinatura\" target=\"_blank\" href=\"https:\/\/www.estrategiaconcursos.com.br\/cursosPorConcurso\/tj-rj\/\" role=\"button\" rel=\"noopener noreferrer\">Confira os pacotes!<\/a>\n        <\/div>\n      <\/div>\n      <p class=\"texto-auxiliar\">Prepare-se com o melhor material e com quem mais aprova em Concursos P\u00fablicos em todo o pa\u00eds.<\/p>\n    <\/div>\n\n  <\/div>\n<\/div>\n\n\n\n<div class=\"container\" id=\"boxes\">\n  <div class=\"row\">\n\n    <div class=\"col-sm\">\n      <div class=\"estrategia\" id=\"box-assinatura\">\n        <h3 class=\"titulo-assinatura\">Assinatura Concursos<\/h3>\n        <p class=\"subtitulo-assinatura\">Assinatura de 1 ano ou 2 anos<\/p>\n        <div class=\"box-botao\">\n          <a class=\"btn-assinatura\" target=\"_blank\" href=\"https:\/\/www.estrategiaconcursos.com.br\/assinaturas\/\" role=\"button\" rel=\"noopener noreferrer\">ASSINE AGORA<\/a>\n        <\/div>\n      <\/div>\n     \n    <\/div><\/div><\/div>\n","protected":false},"excerpt":{"rendered":"<p>Fique atento aos prazos e n\u00e3o perca essa oportunidade! O concurso p\u00fablico do Tribunal de Justi\u00e7a do Rio de Janeiro (TJ RJ) est\u00e1 com o per\u00edodo de inscri\u00e7\u00f5es na reta final! S\u00e3o ofertadas oportunidades de cadastro reserva para os cargos de Analista Judici\u00e1rio, com e sem especialidade (superior) e T\u00e9cnico de Atividade Judici\u00e1ria, sem especialidade [&hellip;]<\/p>\n","protected":false},"author":657,"featured_media":940627,"comment_status":"open","ping_status":"closed","sticky":false,"template":"","format":"standard","meta":{"post_tipo":"news","footnotes":""},"categories":[220737,222235,220219],"tags":[],"tax_estado":[219982],"class_list":["post-1672235","post","type-post","status-publish","format-standard","has-post-thumbnail","hentry","category-tribunais-tribunais","category-tribunal-de-justica","category-noticias","tax_estado-rj"],"acf":[],"yoast_head":"<!-- This site is optimized with the Yoast SEO Premium plugin v27.2 (Yoast SEO v27.2) - https:\/\/yoast.com\/product\/yoast-seo-premium-wordpress\/ -->\n<title>Faltam 7 dias para o fim das inscri\u00e7\u00f5es do concurso TJ RJ!<\/title>\n<meta name=\"description\" content=\"Faltam 7 dias para o fim das inscri\u00e7\u00f5es do concurso TJ RJ! N\u00e3o perca o prazo para se inscrever e pagar a taxa!\" \/>\n<meta name=\"robots\" content=\"index, follow, max-snippet:-1, max-image-preview:large, max-video-preview:-1\" \/>\n<link rel=\"canonical\" href=\"https:\/\/www.estrategiaconcursos.com.br\/blog\/7-dias-para-o-fim-das-inscricoes-do-concurso-tj-rj\/\" \/>\n<meta property=\"og:locale\" content=\"pt_BR\" \/>\n<meta property=\"og:type\" content=\"article\" \/>\n<meta property=\"og:title\" content=\"Faltam 7 dias para o fim das inscri\u00e7\u00f5es do concurso TJ RJ!\" \/>\n<meta property=\"og:description\" content=\"Faltam 7 dias para o fim das inscri\u00e7\u00f5es do concurso TJ RJ! N\u00e3o perca o prazo para se inscrever e pagar a taxa!\" \/>\n<meta property=\"og:url\" content=\"https:\/\/www.estrategiaconcursos.com.br\/blog\/7-dias-para-o-fim-das-inscricoes-do-concurso-tj-rj\/\" \/>\n<meta property=\"og:site_name\" content=\"Estrat\u00e9gia Concursos\" \/>\n<meta property=\"article:published_time\" content=\"2025-11-20T18:08:24+00:00\" \/>\n<meta property=\"og:image\" content=\"https:\/\/dhg1h5j42swfq.cloudfront.net\/2022\/01\/05190921\/tj-rj.jpeg\" \/>\n\t<meta property=\"og:image:width\" content=\"768\" \/>\n\t<meta property=\"og:image:height\" content=\"432\" \/>\n\t<meta property=\"og:image:type\" content=\"image\/jpeg\" \/>\n<meta name=\"author\" content=\"Nat\u00e1lia Scarano\" \/>\n<meta name=\"twitter:card\" content=\"summary_large_image\" \/>\n<meta name=\"twitter:creator\" content=\"@EstratConcursos\" \/>\n<meta name=\"twitter:site\" content=\"@EstratConcursos\" \/>\n<meta name=\"twitter:label1\" content=\"Escrito por\" \/>\n\t<meta name=\"twitter:data1\" content=\"Nat\u00e1lia Scarano\" \/>\n\t<meta name=\"twitter:label2\" content=\"Est. tempo de leitura\" \/>\n\t<meta name=\"twitter:data2\" content=\"1 minuto\" \/>\n<script type=\"application\/ld+json\" class=\"yoast-schema-graph\">{\"@context\":\"https:\/\/schema.org\",\"@graph\":[{\"@type\":\"NewsArticle\",\"@id\":\"https:\/\/www.estrategiaconcursos.com.br\/blog\/7-dias-para-o-fim-das-inscricoes-do-concurso-tj-rj\/#article\",\"isPartOf\":{\"@id\":\"https:\/\/www.estrategiaconcursos.com.br\/blog\/7-dias-para-o-fim-das-inscricoes-do-concurso-tj-rj\/\"},\"author\":{\"name\":\"Nat\u00e1lia Scarano\",\"@id\":\"https:\/\/www.estrategiaconcursos.com.br\/blog\/#\/schema\/person\/751aedf909a9d10cb23ce6ac527ce0f2\"},\"headline\":\"Faltam 7 dias para o fim das inscri\u00e7\u00f5es do concurso TJ RJ!\",\"datePublished\":\"2025-11-20T18:08:24+00:00\",\"mainEntityOfPage\":{\"@id\":\"https:\/\/www.estrategiaconcursos.com.br\/blog\/7-dias-para-o-fim-das-inscricoes-do-concurso-tj-rj\/\"},\"wordCount\":251,\"commentCount\":0,\"publisher\":{\"@id\":\"https:\/\/www.estrategiaconcursos.com.br\/blog\/#organization\"},\"image\":{\"@id\":\"https:\/\/www.estrategiaconcursos.com.br\/blog\/7-dias-para-o-fim-das-inscricoes-do-concurso-tj-rj\/#primaryimage\"},\"thumbnailUrl\":\"https:\/\/dhg1h5j42swfq.cloudfront.net\/2022\/01\/05190921\/tj-rj.jpeg\",\"articleSection\":[\"Tribunais\",\"Tribunal de Justi\u00e7a\",\"\u00daltimas not\u00edcias\"],\"inLanguage\":\"pt-BR\",\"potentialAction\":[{\"@type\":\"CommentAction\",\"name\":\"Comment\",\"target\":[\"https:\/\/www.estrategiaconcursos.com.br\/blog\/7-dias-para-o-fim-das-inscricoes-do-concurso-tj-rj\/#respond\"]}],\"copyrightYear\":\"2025\",\"copyrightHolder\":{\"@id\":\"https:\/\/www.estrategiaconcursos.com.br\/blog\/#organization\"}},{\"@type\":\"WebPage\",\"@id\":\"https:\/\/www.estrategiaconcursos.com.br\/blog\/7-dias-para-o-fim-das-inscricoes-do-concurso-tj-rj\/\",\"url\":\"https:\/\/www.estrategiaconcursos.com.br\/blog\/7-dias-para-o-fim-das-inscricoes-do-concurso-tj-rj\/\",\"name\":\"Faltam 7 dias para o fim das inscri\u00e7\u00f5es do concurso TJ RJ!\",\"isPartOf\":{\"@id\":\"https:\/\/www.estrategiaconcursos.com.br\/blog\/#website\"},\"primaryImageOfPage\":{\"@id\":\"https:\/\/www.estrategiaconcursos.com.br\/blog\/7-dias-para-o-fim-das-inscricoes-do-concurso-tj-rj\/#primaryimage\"},\"image\":{\"@id\":\"https:\/\/www.estrategiaconcursos.com.br\/blog\/7-dias-para-o-fim-das-inscricoes-do-concurso-tj-rj\/#primaryimage\"},\"thumbnailUrl\":\"https:\/\/dhg1h5j42swfq.cloudfront.net\/2022\/01\/05190921\/tj-rj.jpeg\",\"datePublished\":\"2025-11-20T18:08:24+00:00\",\"description\":\"Faltam 7 dias para o fim das inscri\u00e7\u00f5es do concurso TJ RJ! N\u00e3o perca o prazo para se inscrever e pagar a taxa!\",\"breadcrumb\":{\"@id\":\"https:\/\/www.estrategiaconcursos.com.br\/blog\/7-dias-para-o-fim-das-inscricoes-do-concurso-tj-rj\/#breadcrumb\"},\"inLanguage\":\"pt-BR\",\"potentialAction\":[{\"@type\":\"ReadAction\",\"target\":[\"https:\/\/www.estrategiaconcursos.com.br\/blog\/7-dias-para-o-fim-das-inscricoes-do-concurso-tj-rj\/\"]}]},{\"@type\":\"ImageObject\",\"inLanguage\":\"pt-BR\",\"@id\":\"https:\/\/www.estrategiaconcursos.com.br\/blog\/7-dias-para-o-fim-das-inscricoes-do-concurso-tj-rj\/#primaryimage\",\"url\":\"https:\/\/dhg1h5j42swfq.cloudfront.net\/2022\/01\/05190921\/tj-rj.jpeg\",\"contentUrl\":\"https:\/\/dhg1h5j42swfq.cloudfront.net\/2022\/01\/05190921\/tj-rj.jpeg\",\"width\":768,\"height\":432,\"caption\":\"Concurso TJ RJ heteroidentefica\u00e7\u00e3o\"},{\"@type\":\"BreadcrumbList\",\"@id\":\"https:\/\/www.estrategiaconcursos.com.br\/blog\/7-dias-para-o-fim-das-inscricoes-do-concurso-tj-rj\/#breadcrumb\",\"itemListElement\":[{\"@type\":\"ListItem\",\"position\":1,\"name\":\"In\u00edcio\",\"item\":\"https:\/\/www.estrategiaconcursos.com.br\/blog\/\"},{\"@type\":\"ListItem\",\"position\":2,\"name\":\"Faltam 7 dias para o fim das inscri\u00e7\u00f5es do concurso TJ RJ!\"}]},{\"@type\":\"WebSite\",\"@id\":\"https:\/\/www.estrategiaconcursos.com.br\/blog\/#website\",\"url\":\"https:\/\/www.estrategiaconcursos.com.br\/blog\/\",\"name\":\"Estrat\u00e9gia Concursos\",\"description\":\"O blog da Estrat\u00e9gia Concursos traz not\u00edcias sobre concursos e artigos de professores oferecendo cursos para concursos (pdf + videaulas) no site.\",\"publisher\":{\"@id\":\"https:\/\/www.estrategiaconcursos.com.br\/blog\/#organization\"},\"potentialAction\":[{\"@type\":\"SearchAction\",\"target\":{\"@type\":\"EntryPoint\",\"urlTemplate\":\"https:\/\/www.estrategiaconcursos.com.br\/blog\/?s={search_term_string}\"},\"query-input\":{\"@type\":\"PropertyValueSpecification\",\"valueRequired\":true,\"valueName\":\"search_term_string\"}}],\"inLanguage\":\"pt-BR\"},{\"@type\":\"Organization\",\"@id\":\"https:\/\/www.estrategiaconcursos.com.br\/blog\/#organization\",\"name\":\"Estrat\u00e9gia Concursos\",\"url\":\"https:\/\/www.estrategiaconcursos.com.br\/blog\/\",\"logo\":{\"@type\":\"ImageObject\",\"inLanguage\":\"pt-BR\",\"@id\":\"https:\/\/www.estrategiaconcursos.com.br\/blog\/#\/schema\/logo\/image\/\",\"url\":\"https:\/\/dhg1h5j42swfq.cloudfront.net\/2025\/06\/03203428\/logo_concursos-1.jpg\",\"contentUrl\":\"https:\/\/dhg1h5j42swfq.cloudfront.net\/2025\/06\/03203428\/logo_concursos-1.jpg\",\"width\":230,\"height\":60,\"caption\":\"Estrat\u00e9gia Concursos\"},\"image\":{\"@id\":\"https:\/\/www.estrategiaconcursos.com.br\/blog\/#\/schema\/logo\/image\/\"},\"sameAs\":[\"https:\/\/x.com\/EstratConcursos\"]},{\"@type\":\"Person\",\"@id\":\"https:\/\/www.estrategiaconcursos.com.br\/blog\/#\/schema\/person\/751aedf909a9d10cb23ce6ac527ce0f2\",\"name\":\"Nat\u00e1lia Scarano\",\"image\":{\"@type\":\"ImageObject\",\"inLanguage\":\"pt-BR\",\"@id\":\"https:\/\/secure.gravatar.com\/avatar\/8a889b8db3dbd227a1a78627357ec8fe64f5e99189d1889a270127828ab372ac?s=96&d=mm&r=g\",\"url\":\"https:\/\/secure.gravatar.com\/avatar\/8a889b8db3dbd227a1a78627357ec8fe64f5e99189d1889a270127828ab372ac?s=96&d=mm&r=g\",\"contentUrl\":\"https:\/\/secure.gravatar.com\/avatar\/8a889b8db3dbd227a1a78627357ec8fe64f5e99189d1889a270127828ab372ac?s=96&d=mm&r=g\",\"caption\":\"Nat\u00e1lia Scarano\"},\"description\":\"Jornalista, formada e p\u00f3s graduada pelo IESB, faz parte do time de jornalistas do Estrat\u00e9gia desde 2017. Possui familiaridade com as \u00e1reas de Tribunais, Defensorias, Procuradorias, Minist\u00e9rios P\u00fablicos, Conselhos, Educa\u00e7\u00e3o, \u00c1rea de Seguran\u00e7a, concursos de Carreiras Jur\u00eddicas e OAB. Experi\u00eancia em marketing digital, assessoria de comunica\u00e7\u00e3o e institucional na \u00e1rea privada e p\u00fablica, com atua\u00e7\u00e3o em \u00f3rg\u00e3os como CGU, Cofen e CNM.\",\"url\":\"https:\/\/www.estrategiaconcursos.com.br\/blog\/author\/natalia-scaranoestrategiaconcursos-com-br\/\"}]}<\/script>\n<!-- \/ Yoast SEO Premium plugin. -->","yoast_head_json":{"title":"Faltam 7 dias para o fim das inscri\u00e7\u00f5es do concurso TJ RJ!","description":"Faltam 7 dias para o fim das inscri\u00e7\u00f5es do concurso TJ RJ! N\u00e3o perca o prazo para se inscrever e pagar a taxa!","robots":{"index":"index","follow":"follow","max-snippet":"max-snippet:-1","max-image-preview":"max-image-preview:large","max-video-preview":"max-video-preview:-1"},"canonical":"https:\/\/www.estrategiaconcursos.com.br\/blog\/7-dias-para-o-fim-das-inscricoes-do-concurso-tj-rj\/","og_locale":"pt_BR","og_type":"article","og_title":"Faltam 7 dias para o fim das inscri\u00e7\u00f5es do concurso TJ RJ!","og_description":"Faltam 7 dias para o fim das inscri\u00e7\u00f5es do concurso TJ RJ! N\u00e3o perca o prazo para se inscrever e pagar a taxa!","og_url":"https:\/\/www.estrategiaconcursos.com.br\/blog\/7-dias-para-o-fim-das-inscricoes-do-concurso-tj-rj\/","og_site_name":"Estrat\u00e9gia Concursos","article_published_time":"2025-11-20T18:08:24+00:00","og_image":[{"width":768,"height":432,"url":"https:\/\/dhg1h5j42swfq.cloudfront.net\/2022\/01\/05190921\/tj-rj.jpeg","type":"image\/jpeg"}],"author":"Nat\u00e1lia Scarano","twitter_card":"summary_large_image","twitter_creator":"@EstratConcursos","twitter_site":"@EstratConcursos","twitter_misc":{"Escrito por":"Nat\u00e1lia Scarano","Est. tempo de leitura":"1 minuto"},"schema":{"@context":"https:\/\/schema.org","@graph":[{"@type":"NewsArticle","@id":"https:\/\/www.estrategiaconcursos.com.br\/blog\/7-dias-para-o-fim-das-inscricoes-do-concurso-tj-rj\/#article","isPartOf":{"@id":"https:\/\/www.estrategiaconcursos.com.br\/blog\/7-dias-para-o-fim-das-inscricoes-do-concurso-tj-rj\/"},"author":{"name":"Nat\u00e1lia Scarano","@id":"https:\/\/www.estrategiaconcursos.com.br\/blog\/#\/schema\/person\/751aedf909a9d10cb23ce6ac527ce0f2"},"headline":"Faltam 7 dias para o fim das inscri\u00e7\u00f5es do concurso TJ RJ!","datePublished":"2025-11-20T18:08:24+00:00","mainEntityOfPage":{"@id":"https:\/\/www.estrategiaconcursos.com.br\/blog\/7-dias-para-o-fim-das-inscricoes-do-concurso-tj-rj\/"},"wordCount":251,"commentCount":0,"publisher":{"@id":"https:\/\/www.estrategiaconcursos.com.br\/blog\/#organization"},"image":{"@id":"https:\/\/www.estrategiaconcursos.com.br\/blog\/7-dias-para-o-fim-das-inscricoes-do-concurso-tj-rj\/#primaryimage"},"thumbnailUrl":"https:\/\/dhg1h5j42swfq.cloudfront.net\/2022\/01\/05190921\/tj-rj.jpeg","articleSection":["Tribunais","Tribunal de Justi\u00e7a","\u00daltimas not\u00edcias"],"inLanguage":"pt-BR","potentialAction":[{"@type":"CommentAction","name":"Comment","target":["https:\/\/www.estrategiaconcursos.com.br\/blog\/7-dias-para-o-fim-das-inscricoes-do-concurso-tj-rj\/#respond"]}],"copyrightYear":"2025","copyrightHolder":{"@id":"https:\/\/www.estrategiaconcursos.com.br\/blog\/#organization"}},{"@type":"WebPage","@id":"https:\/\/www.estrategiaconcursos.com.br\/blog\/7-dias-para-o-fim-das-inscricoes-do-concurso-tj-rj\/","url":"https:\/\/www.estrategiaconcursos.com.br\/blog\/7-dias-para-o-fim-das-inscricoes-do-concurso-tj-rj\/","name":"Faltam 7 dias para o fim das inscri\u00e7\u00f5es do concurso TJ RJ!","isPartOf":{"@id":"https:\/\/www.estrategiaconcursos.com.br\/blog\/#website"},"primaryImageOfPage":{"@id":"https:\/\/www.estrategiaconcursos.com.br\/blog\/7-dias-para-o-fim-das-inscricoes-do-concurso-tj-rj\/#primaryimage"},"image":{"@id":"https:\/\/www.estrategiaconcursos.com.br\/blog\/7-dias-para-o-fim-das-inscricoes-do-concurso-tj-rj\/#primaryimage"},"thumbnailUrl":"https:\/\/dhg1h5j42swfq.cloudfront.net\/2022\/01\/05190921\/tj-rj.jpeg","datePublished":"2025-11-20T18:08:24+00:00","description":"Faltam 7 dias para o fim das inscri\u00e7\u00f5es do concurso TJ RJ! N\u00e3o perca o prazo para se inscrever e pagar a taxa!","breadcrumb":{"@id":"https:\/\/www.estrategiaconcursos.com.br\/blog\/7-dias-para-o-fim-das-inscricoes-do-concurso-tj-rj\/#breadcrumb"},"inLanguage":"pt-BR","potentialAction":[{"@type":"ReadAction","target":["https:\/\/www.estrategiaconcursos.com.br\/blog\/7-dias-para-o-fim-das-inscricoes-do-concurso-tj-rj\/"]}]},{"@type":"ImageObject","inLanguage":"pt-BR","@id":"https:\/\/www.estrategiaconcursos.com.br\/blog\/7-dias-para-o-fim-das-inscricoes-do-concurso-tj-rj\/#primaryimage","url":"https:\/\/dhg1h5j42swfq.cloudfront.net\/2022\/01\/05190921\/tj-rj.jpeg","contentUrl":"https:\/\/dhg1h5j42swfq.cloudfront.net\/2022\/01\/05190921\/tj-rj.jpeg","width":768,"height":432,"caption":"Concurso TJ RJ heteroidentefica\u00e7\u00e3o"},{"@type":"BreadcrumbList","@id":"https:\/\/www.estrategiaconcursos.com.br\/blog\/7-dias-para-o-fim-das-inscricoes-do-concurso-tj-rj\/#breadcrumb","itemListElement":[{"@type":"ListItem","position":1,"name":"In\u00edcio","item":"https:\/\/www.estrategiaconcursos.com.br\/blog\/"},{"@type":"ListItem","position":2,"name":"Faltam 7 dias para o fim das inscri\u00e7\u00f5es do concurso TJ RJ!"}]},{"@type":"WebSite","@id":"https:\/\/www.estrategiaconcursos.com.br\/blog\/#website","url":"https:\/\/www.estrategiaconcursos.com.br\/blog\/","name":"Estrat\u00e9gia Concursos","description":"O blog da Estrat\u00e9gia Concursos traz not\u00edcias sobre concursos e artigos de professores oferecendo cursos para concursos (pdf + videaulas) no site.","publisher":{"@id":"https:\/\/www.estrategiaconcursos.com.br\/blog\/#organization"},"potentialAction":[{"@type":"SearchAction","target":{"@type":"EntryPoint","urlTemplate":"https:\/\/www.estrategiaconcursos.com.br\/blog\/?s={search_term_string}"},"query-input":{"@type":"PropertyValueSpecification","valueRequired":true,"valueName":"search_term_string"}}],"inLanguage":"pt-BR"},{"@type":"Organization","@id":"https:\/\/www.estrategiaconcursos.com.br\/blog\/#organization","name":"Estrat\u00e9gia Concursos","url":"https:\/\/www.estrategiaconcursos.com.br\/blog\/","logo":{"@type":"ImageObject","inLanguage":"pt-BR","@id":"https:\/\/www.estrategiaconcursos.com.br\/blog\/#\/schema\/logo\/image\/","url":"https:\/\/dhg1h5j42swfq.cloudfront.net\/2025\/06\/03203428\/logo_concursos-1.jpg","contentUrl":"https:\/\/dhg1h5j42swfq.cloudfront.net\/2025\/06\/03203428\/logo_concursos-1.jpg","width":230,"height":60,"caption":"Estrat\u00e9gia Concursos"},"image":{"@id":"https:\/\/www.estrategiaconcursos.com.br\/blog\/#\/schema\/logo\/image\/"},"sameAs":["https:\/\/x.com\/EstratConcursos"]},{"@type":"Person","@id":"https:\/\/www.estrategiaconcursos.com.br\/blog\/#\/schema\/person\/751aedf909a9d10cb23ce6ac527ce0f2","name":"Nat\u00e1lia Scarano","image":{"@type":"ImageObject","inLanguage":"pt-BR","@id":"https:\/\/secure.gravatar.com\/avatar\/8a889b8db3dbd227a1a78627357ec8fe64f5e99189d1889a270127828ab372ac?s=96&d=mm&r=g","url":"https:\/\/secure.gravatar.com\/avatar\/8a889b8db3dbd227a1a78627357ec8fe64f5e99189d1889a270127828ab372ac?s=96&d=mm&r=g","contentUrl":"https:\/\/secure.gravatar.com\/avatar\/8a889b8db3dbd227a1a78627357ec8fe64f5e99189d1889a270127828ab372ac?s=96&d=mm&r=g","caption":"Nat\u00e1lia Scarano"},"description":"Jornalista, formada e p\u00f3s graduada pelo IESB, faz parte do time de jornalistas do Estrat\u00e9gia desde 2017. Possui familiaridade com as \u00e1reas de Tribunais, Defensorias, Procuradorias, Minist\u00e9rios P\u00fablicos, Conselhos, Educa\u00e7\u00e3o, \u00c1rea de Seguran\u00e7a, concursos de Carreiras Jur\u00eddicas e OAB. Experi\u00eancia em marketing digital, assessoria de comunica\u00e7\u00e3o e institucional na \u00e1rea privada e p\u00fablica, com atua\u00e7\u00e3o em \u00f3rg\u00e3os como CGU, Cofen e CNM.","url":"https:\/\/www.estrategiaconcursos.com.br\/blog\/author\/natalia-scaranoestrategiaconcursos-com-br\/"}]}},"_links":{"self":[{"href":"https:\/\/www.estrategiaconcursos.com.br\/blog\/wp-json\/wp\/v2\/posts\/1672235","targetHints":{"allow":["GET"]}}],"collection":[{"href":"https:\/\/www.estrategiaconcursos.com.br\/blog\/wp-json\/wp\/v2\/posts"}],"about":[{"href":"https:\/\/www.estrategiaconcursos.com.br\/blog\/wp-json\/wp\/v2\/types\/post"}],"author":[{"embeddable":true,"href":"https:\/\/www.estrategiaconcursos.com.br\/blog\/wp-json\/wp\/v2\/users\/657"}],"replies":[{"embeddable":true,"href":"https:\/\/www.estrategiaconcursos.com.br\/blog\/wp-json\/wp\/v2\/comments?post=1672235"}],"version-history":[{"count":2,"href":"https:\/\/www.estrategiaconcursos.com.br\/blog\/wp-json\/wp\/v2\/posts\/1672235\/revisions"}],"predecessor-version":[{"id":1672237,"href":"https:\/\/www.estrategiaconcursos.com.br\/blog\/wp-json\/wp\/v2\/posts\/1672235\/revisions\/1672237"}],"wp:featuredmedia":[{"embeddable":true,"href":"https:\/\/www.estrategiaconcursos.com.br\/blog\/wp-json\/wp\/v2\/media\/940627"}],"wp:attachment":[{"href":"https:\/\/www.estrategiaconcursos.com.br\/blog\/wp-json\/wp\/v2\/media?parent=1672235"}],"wp:term":[{"taxonomy":"category","embeddable":true,"href":"https:\/\/www.estrategiaconcursos.com.br\/blog\/wp-json\/wp\/v2\/categories?post=1672235"},{"taxonomy":"post_tag","embeddable":true,"href":"https:\/\/www.estrategiaconcursos.com.br\/blog\/wp-json\/wp\/v2\/tags?post=1672235"},{"taxonomy":"tax_estado","embeddable":true,"href":"https:\/\/www.estrategiaconcursos.com.br\/blog\/wp-json\/wp\/v2\/tax_estado?post=1672235"}],"curies":[{"name":"wp","href":"https:\/\/api.w.org\/{rel}","templated":true}]}}