{"id":1671111,"date":"2025-11-14T18:13:47","date_gmt":"2025-11-14T21:13:47","guid":{"rendered":"https:\/\/www.estrategiaconcursos.com.br\/blog\/?p=1671111"},"modified":"2025-11-15T08:48:20","modified_gmt":"2025-11-15T11:48:20","slug":"concurso-correios-novo-pdv","status":"publish","type":"post","link":"https:\/\/www.estrategiaconcursos.com.br\/blog\/concurso-correios-novo-pdv\/","title":{"rendered":"Concurso Correios: novo PDV pode alcan\u00e7ar 10 mil empregados"},"content":{"rendered":"\n<p style=\"font-size:clamp(16.293px, 1.018rem + ((1vw - 3.2px) * 0.854), 25px);\"><strong><em>Novo PDV dos Correios pode viabilizar nomea\u00e7\u00e3o de aprovados do \u00faltimo concurso!<\/em><\/strong><\/p>\n\n\n\n<p>Desde abril, aprovados no <strong>concurso dos Correios (<a href=\"https:\/\/www.estrategiaconcursos.com.br\/cursosPorConcurso\/correios\/\" target=\"_blank\" rel=\"noreferrer noopener\">Empresa Brasileira de Correios e Tel\u00e9grafos<\/a>)<\/strong> seguem esperando a convoca\u00e7\u00e3o para posse, medida ainda n\u00e3o realizada devido \u00e0 crise econ\u00f4mica na qual a empresa se encontra.<\/p>\n\n\n\n<p>Os chamamentos, no entanto, podem ser oficialmente destravados. Isso porque, no <a href=\"https:\/\/www.estrategiaconcursos.com.br\/blog\/concurso-correios-pdv-anunciada\/\" target=\"_blank\" rel=\"noreferrer noopener\">meio de outubro<\/a>, os Correios anunciaram a promo\u00e7\u00e3o de um novo <strong>Programa de Demiss\u00e3o Volunt\u00e1ria (PDV)<\/strong>.<\/p>\n\n\n\n<p>A <a href=\"https:\/\/oglobo.globo.com\/economia\/noticia\/2025\/10\/15\/correios-anunciam-plano-de-reestruturacao-em-meio-a-crise-financeira-com-novo-pdv-e-renegociacao-de-contratos.ghtml\" target=\"_blank\" rel=\"noreferrer noopener\">medida<\/a> ser\u00e1 efetivamente aplicada ap\u00f3s um diagn\u00f3stico da for\u00e7a de trabalho, com um mapeamento dos setores e regi\u00f5es da estatal que apresentam desempenho insatisfat\u00f3rio.<\/p>\n\n\n\n<p>O PVD faz parte da primeira fase do plano de reestrutura\u00e7\u00e3o da estatal e do pacote de medidas emergenciais, junto com um empr\u00e9stimo de R$ 20 bilh\u00f5es e renegocia\u00e7\u00f5es de contratos com fornecedores.<\/p>\n\n\n\n<p>Dessa forma, com o fechamento de portas, um espa\u00e7o or\u00e7ament\u00e1rio pode abrir a oportunidade ideal para que ocorra oficialmente as devidas convoca\u00e7\u00f5es.<\/p>\n\n\n\n<p>Em informa\u00e7\u00f5es recentes, divulgadas nesta sexta-feira (14) pelo <a href=\"https:\/\/www.metropoles.com\/brasil\/correios-avaliam-plano-de-demissao-que-pode-alcancar-10-mil-empregados\" target=\"_blank\" rel=\"noreferrer noopener\">portal Metr\u00f3poles<\/a> ap\u00f3s confirma\u00e7\u00e3o do Jornal O Globo, os Correios est\u00e3o avaliando os tr\u00e2mites necess\u00e1rios para a viabiliza\u00e7\u00e3o da PVD.<\/p>\n\n\n\n<p>Inclusive, a empresa estima que o programa deve alcan\u00e7ar at\u00e9 <strong>10 mil funcion\u00e1rios<\/strong>. Segundo o portal, o plano j\u00e1 est\u00e1 em fase de finaliza\u00e7\u00e3o.<\/p>\n\n\n\n<div class=\"container\" id=\"boxes\">\n  <div class=\"row\">\n\n    <div class=\"col-sm\">\n      <div class=\"banner-correios\" id=\"box-assinatura\">\n        <h2 class=\"titulo-assinatura\">Cursos Concurso Correios <\/h2>\n        <p class=\"subtitulo-assinatura\">Prepare-se para o Concurso Correios!<\/p>\n        <div class=\"box-botao\">\n          <a class=\"btn-assinatura\" target=\"_blank\" href=\"https:\/\/www.estrategiaconcursos.com.br\/cursosPorConcurso\/correios\/\" role=\"button\" rel=\"noopener noreferrer\">Conhe\u00e7a os pacotes!<\/a>\n        <\/div>\n      <\/div>\n     \n    <\/div>\n\n  <\/div>\n<\/div>\n\n\n\n<h2 class=\"wp-block-heading\" id=\"h-sft-anula-decisao-que-obriga-contratacoes-do-concurso-correios\">SFT anula decis\u00e3o que obriga contrata\u00e7\u00f5es do concurso Correios<\/h2>\n\n\n\n<p>Vale lembrar que, em setembro, a Primeira Turma do Supremo Tribunal Federal (STF) anulou a decis\u00e3o do Tribunal Superior do Trabalho (TST) que <strong>determinava aos <a href=\"https:\/\/www.estrategiaconcursos.com.br\/cursosPorConcurso\/correios\/\" target=\"_blank\" rel=\"noreferrer noopener\">Correios<\/a> a convoca\u00e7\u00e3o de todos os candidatos aprovados do <span style=\"text-decoration: underline;\">concurso p\u00fablico de 2011<\/span><\/strong> <strong>para substitui\u00e7\u00e3o de trabalhadores tempor\u00e1rios<\/strong>.<\/p>\n\n\n\n<p>Anteriormente, a decis\u00e3o do TST afirmava que a Empresa Brasileira de Correios e Tel\u00e9grafos (ECT)<strong> teria contratado m\u00e3o de obra tempor\u00e1ria<\/strong> para o cargo de agente de correios, <strong>desconsiderando os candidatos aprovados <\/strong>no concurso p\u00fablico anterior.<\/p>\n\n\n\n<p>Nesses casos, o Tema 784 da repercuss\u00e3o geral prev\u00ea que, quando surgirem novas vagas ou for realizado concurso durante a validade do anterior, o candidato aprovado dentro das vagas, mas que n\u00e3o tenha observada a sua ordem de classifica\u00e7\u00e3o, tem direito \u00e0 nomea\u00e7\u00e3o.&nbsp;&nbsp;<\/p>\n\n\n\n<p>Entretanto, os Correios argumentaram que n\u00e3o houve concurso durante a validade do anterior e que <strong>os trabalhadores tempor\u00e1rios foram contratados para vagas distintas <\/strong>do edital para efetivos.<\/p>\n\n\n\n<p class=\"has-text-align-center\"><em>N\u00e3o fique de fora! Para mais informa\u00e7\u00f5es sobre o concurso Correios, al\u00e9m do novo PDV, acesse o link abaixo!<\/em><\/p>\n\n\n\n<p class=\"has-text-align-center has-very-light-gray-to-cyan-bluish-gray-gradient-background has-background has-medium-font-size\"><strong>Saiba mais: <a href=\"https:\/\/www.estrategiaconcursos.com.br\/blog\/concurso-correios\/\" target=\"_blank\" rel=\"noreferrer noopener\">Concurso Correios<\/a><\/strong><\/p>\n\n\n\n<div class=\"container\" id=\"boxes\">\n  <div class=\"row\">\n\n    <div class=\"col-sm\">\n      <div class=\"estrategia\" id=\"box-assinatura\">\n        <h3 class=\"titulo-assinatura\"> Concursos P\u00fablicos\n        <p class=\"subtitulo-assinatura\">Assinatura de 1 ano ou 2 anos<\/p>\n        <div class=\"box-botao\">\n          <a class=\"btn-assinatura\" target=\"_blank\" href=\"https:\/\/www.estrategiaconcursos.com.br\/assinaturas\/\" role=\"button\" rel=\"noopener noreferrer\">ASSINE AGORA<\/a>\n        <\/div>\n      <\/h3><\/div><\/div><\/div><\/div>\n\n\n\n<h2 class=\"wp-block-heading has-text-align-center\" id=\"h-quer-saber-tudo-sobre-concursos-previstos-confira-nossos-artigos\">Quer saber tudo sobre concursos previstos?<br \/>Confira nossos artigos!<\/h2>\n\n\n\n<ul class=\"wp-block-list\">\n<li><a href=\"https:\/\/www.estrategiaconcursos.com.br\/blog\/concurso-administrativos\/\" target=\"_blank\" rel=\"noreferrer noopener\">Concursos Administrativos<\/a><\/li>\n\n\n\n<li><a href=\"https:\/\/www.estrategiaconcursos.com.br\/blog\/concursos-abertos\/\" target=\"_blank\" rel=\"noreferrer noopener\">Concursos Abertos<\/a><\/li>\n\n\n\n<li><a href=\"https:\/\/www.estrategiaconcursos.com.br\/blog\/concursos-2025\/\" target=\"_blank\" rel=\"noreferrer noopener\">Concursos 2025<\/a><\/li>\n\n\n\n<li><a href=\"https:\/\/www.estrategiaconcursos.com.br\/blog\/concursos-2026\/\" target=\"_blank\" rel=\"noreferrer noopener\">Concursos 2026<\/a><\/li>\n<\/ul>\n","protected":false},"excerpt":{"rendered":"<p>Novo PDV dos Correios pode viabilizar nomea\u00e7\u00e3o de aprovados do \u00faltimo concurso! Desde abril, aprovados no concurso dos Correios (Empresa Brasileira de Correios e Tel\u00e9grafos) seguem esperando a convoca\u00e7\u00e3o para posse, medida ainda n\u00e3o realizada devido \u00e0 crise econ\u00f4mica na qual a empresa se encontra. Os chamamentos, no entanto, podem ser oficialmente destravados. Isso porque, [&hellip;]<\/p>\n","protected":false},"author":2692,"featured_media":1499141,"comment_status":"open","ping_status":"closed","sticky":false,"template":"","format":"standard","meta":{"post_tipo":"news","footnotes":""},"categories":[214992,220219],"tags":[],"tax_estado":[219963],"class_list":["post-1671111","post","type-post","status-publish","format-standard","has-post-thumbnail","hentry","category-concursos-administrativos","category-noticias","tax_estado-concursos-federais"],"acf":[],"yoast_head":"<!-- This site is optimized with the Yoast SEO Premium plugin v27.2 (Yoast SEO v27.2) - https:\/\/yoast.com\/product\/yoast-seo-premium-wordpress\/ -->\n<title>Concurso Correios: novo PDV pode alcan\u00e7ar 10 mil empregados<\/title>\n<meta name=\"description\" content=\"Sem nomea\u00e7\u00f5es oficiais do concurso realizado em 2024, os Correios avaliam realizar novo PDV que pode alcan\u00e7ar 10 mil empregados!\" \/>\n<meta name=\"robots\" content=\"index, follow, max-snippet:-1, max-image-preview:large, max-video-preview:-1\" \/>\n<link rel=\"canonical\" href=\"https:\/\/www.estrategiaconcursos.com.br\/blog\/concurso-correios-novo-pdv\/\" \/>\n<meta property=\"og:locale\" content=\"pt_BR\" \/>\n<meta property=\"og:type\" content=\"article\" \/>\n<meta property=\"og:title\" content=\"Concurso Correios: novo PDV pode alcan\u00e7ar 10 mil empregados\" \/>\n<meta property=\"og:description\" content=\"Sem nomea\u00e7\u00f5es oficiais do concurso realizado em 2024, os Correios avaliam realizar novo PDV que pode alcan\u00e7ar 10 mil empregados!\" \/>\n<meta property=\"og:url\" content=\"https:\/\/www.estrategiaconcursos.com.br\/blog\/concurso-correios-novo-pdv\/\" \/>\n<meta property=\"og:site_name\" content=\"Estrat\u00e9gia Concursos\" \/>\n<meta property=\"article:published_time\" content=\"2025-11-14T21:13:47+00:00\" \/>\n<meta property=\"article:modified_time\" content=\"2025-11-15T11:48:20+00:00\" \/>\n<meta property=\"og:image\" content=\"https:\/\/dhg1h5j42swfq.cloudfront.net\/2024\/12\/03123655\/correios.jpg\" \/>\n\t<meta property=\"og:image:width\" content=\"300\" \/>\n\t<meta property=\"og:image:height\" content=\"168\" \/>\n\t<meta property=\"og:image:type\" content=\"image\/jpeg\" \/>\n<meta name=\"author\" content=\"Ronaldo Scanavini Neto\" \/>\n<meta name=\"twitter:card\" content=\"summary_large_image\" \/>\n<meta name=\"twitter:creator\" content=\"@EstratConcursos\" \/>\n<meta name=\"twitter:site\" content=\"@EstratConcursos\" \/>\n<meta name=\"twitter:label1\" content=\"Escrito por\" \/>\n\t<meta name=\"twitter:data1\" content=\"Ronaldo Scanavini Neto\" \/>\n\t<meta name=\"twitter:label2\" content=\"Est. tempo de leitura\" \/>\n\t<meta name=\"twitter:data2\" content=\"2 minutos\" \/>\n<script type=\"application\/ld+json\" class=\"yoast-schema-graph\">{\"@context\":\"https:\/\/schema.org\",\"@graph\":[{\"@type\":\"NewsArticle\",\"@id\":\"https:\/\/www.estrategiaconcursos.com.br\/blog\/concurso-correios-novo-pdv\/#article\",\"isPartOf\":{\"@id\":\"https:\/\/www.estrategiaconcursos.com.br\/blog\/concurso-correios-novo-pdv\/\"},\"author\":{\"name\":\"Ronaldo Scanavini Neto\",\"@id\":\"https:\/\/www.estrategiaconcursos.com.br\/blog\/#\/schema\/person\/70c2ad4297aa24ff8815b08215b23a76\"},\"headline\":\"Concurso Correios: novo PDV pode alcan\u00e7ar 10 mil empregados\",\"datePublished\":\"2025-11-14T21:13:47+00:00\",\"dateModified\":\"2025-11-15T11:48:20+00:00\",\"mainEntityOfPage\":{\"@id\":\"https:\/\/www.estrategiaconcursos.com.br\/blog\/concurso-correios-novo-pdv\/\"},\"wordCount\":479,\"commentCount\":0,\"publisher\":{\"@id\":\"https:\/\/www.estrategiaconcursos.com.br\/blog\/#organization\"},\"image\":{\"@id\":\"https:\/\/www.estrategiaconcursos.com.br\/blog\/concurso-correios-novo-pdv\/#primaryimage\"},\"thumbnailUrl\":\"https:\/\/dhg1h5j42swfq.cloudfront.net\/2024\/12\/03123655\/correios.jpg\",\"articleSection\":[\"Executivo (Administrativa)\",\"\u00daltimas not\u00edcias\"],\"inLanguage\":\"pt-BR\",\"potentialAction\":[{\"@type\":\"CommentAction\",\"name\":\"Comment\",\"target\":[\"https:\/\/www.estrategiaconcursos.com.br\/blog\/concurso-correios-novo-pdv\/#respond\"]}],\"copyrightYear\":\"2025\",\"copyrightHolder\":{\"@id\":\"https:\/\/www.estrategiaconcursos.com.br\/blog\/#organization\"}},{\"@type\":\"WebPage\",\"@id\":\"https:\/\/www.estrategiaconcursos.com.br\/blog\/concurso-correios-novo-pdv\/\",\"url\":\"https:\/\/www.estrategiaconcursos.com.br\/blog\/concurso-correios-novo-pdv\/\",\"name\":\"Concurso Correios: novo PDV pode alcan\u00e7ar 10 mil empregados\",\"isPartOf\":{\"@id\":\"https:\/\/www.estrategiaconcursos.com.br\/blog\/#website\"},\"primaryImageOfPage\":{\"@id\":\"https:\/\/www.estrategiaconcursos.com.br\/blog\/concurso-correios-novo-pdv\/#primaryimage\"},\"image\":{\"@id\":\"https:\/\/www.estrategiaconcursos.com.br\/blog\/concurso-correios-novo-pdv\/#primaryimage\"},\"thumbnailUrl\":\"https:\/\/dhg1h5j42swfq.cloudfront.net\/2024\/12\/03123655\/correios.jpg\",\"datePublished\":\"2025-11-14T21:13:47+00:00\",\"dateModified\":\"2025-11-15T11:48:20+00:00\",\"description\":\"Sem nomea\u00e7\u00f5es oficiais do concurso realizado em 2024, os Correios avaliam realizar novo PDV que pode alcan\u00e7ar 10 mil empregados!\",\"breadcrumb\":{\"@id\":\"https:\/\/www.estrategiaconcursos.com.br\/blog\/concurso-correios-novo-pdv\/#breadcrumb\"},\"inLanguage\":\"pt-BR\",\"potentialAction\":[{\"@type\":\"ReadAction\",\"target\":[\"https:\/\/www.estrategiaconcursos.com.br\/blog\/concurso-correios-novo-pdv\/\"]}]},{\"@type\":\"ImageObject\",\"inLanguage\":\"pt-BR\",\"@id\":\"https:\/\/www.estrategiaconcursos.com.br\/blog\/concurso-correios-novo-pdv\/#primaryimage\",\"url\":\"https:\/\/dhg1h5j42swfq.cloudfront.net\/2024\/12\/03123655\/correios.jpg\",\"contentUrl\":\"https:\/\/dhg1h5j42swfq.cloudfront.net\/2024\/12\/03123655\/correios.jpg\",\"width\":300,\"height\":168,\"caption\":\"Correios - Jovem Aprendiz: inscri\u00e7\u00f5es\"},{\"@type\":\"BreadcrumbList\",\"@id\":\"https:\/\/www.estrategiaconcursos.com.br\/blog\/concurso-correios-novo-pdv\/#breadcrumb\",\"itemListElement\":[{\"@type\":\"ListItem\",\"position\":1,\"name\":\"In\u00edcio\",\"item\":\"https:\/\/www.estrategiaconcursos.com.br\/blog\/\"},{\"@type\":\"ListItem\",\"position\":2,\"name\":\"Concurso Correios: novo PDV pode alcan\u00e7ar 10 mil empregados\"}]},{\"@type\":\"WebSite\",\"@id\":\"https:\/\/www.estrategiaconcursos.com.br\/blog\/#website\",\"url\":\"https:\/\/www.estrategiaconcursos.com.br\/blog\/\",\"name\":\"Estrat\u00e9gia Concursos\",\"description\":\"O blog da Estrat\u00e9gia Concursos traz not\u00edcias sobre concursos e artigos de professores oferecendo cursos para concursos (pdf + videaulas) no site.\",\"publisher\":{\"@id\":\"https:\/\/www.estrategiaconcursos.com.br\/blog\/#organization\"},\"potentialAction\":[{\"@type\":\"SearchAction\",\"target\":{\"@type\":\"EntryPoint\",\"urlTemplate\":\"https:\/\/www.estrategiaconcursos.com.br\/blog\/?s={search_term_string}\"},\"query-input\":{\"@type\":\"PropertyValueSpecification\",\"valueRequired\":true,\"valueName\":\"search_term_string\"}}],\"inLanguage\":\"pt-BR\"},{\"@type\":\"Organization\",\"@id\":\"https:\/\/www.estrategiaconcursos.com.br\/blog\/#organization\",\"name\":\"Estrat\u00e9gia Concursos\",\"url\":\"https:\/\/www.estrategiaconcursos.com.br\/blog\/\",\"logo\":{\"@type\":\"ImageObject\",\"inLanguage\":\"pt-BR\",\"@id\":\"https:\/\/www.estrategiaconcursos.com.br\/blog\/#\/schema\/logo\/image\/\",\"url\":\"https:\/\/dhg1h5j42swfq.cloudfront.net\/2025\/06\/03203428\/logo_concursos-1.jpg\",\"contentUrl\":\"https:\/\/dhg1h5j42swfq.cloudfront.net\/2025\/06\/03203428\/logo_concursos-1.jpg\",\"width\":230,\"height\":60,\"caption\":\"Estrat\u00e9gia Concursos\"},\"image\":{\"@id\":\"https:\/\/www.estrategiaconcursos.com.br\/blog\/#\/schema\/logo\/image\/\"},\"sameAs\":[\"https:\/\/x.com\/EstratConcursos\"]},{\"@type\":\"Person\",\"@id\":\"https:\/\/www.estrategiaconcursos.com.br\/blog\/#\/schema\/person\/70c2ad4297aa24ff8815b08215b23a76\",\"name\":\"Ronaldo Scanavini Neto\",\"image\":{\"@type\":\"ImageObject\",\"inLanguage\":\"pt-BR\",\"@id\":\"https:\/\/secure.gravatar.com\/avatar\/f93d8e56fe264596e94aee6b3feb737d98ad0fc5bac7eb0a245f04723c5c8f21?s=96&d=mm&r=g\",\"url\":\"https:\/\/secure.gravatar.com\/avatar\/f93d8e56fe264596e94aee6b3feb737d98ad0fc5bac7eb0a245f04723c5c8f21?s=96&d=mm&r=g\",\"contentUrl\":\"https:\/\/secure.gravatar.com\/avatar\/f93d8e56fe264596e94aee6b3feb737d98ad0fc5bac7eb0a245f04723c5c8f21?s=96&d=mm&r=g\",\"caption\":\"Ronaldo Scanavini Neto\"},\"description\":\"Graduando em Comunica\u00e7\u00e3o Social \u2013 Jornalismo pela Universidade Federal de Vi\u00e7osa (UFV). Integra a equipe de jornalismo do Estrat\u00e9gia Concursos desde 2023, atuando com \u00eanfase na cobertura da \u00e1rea fiscal. Tamb\u00e9m realiza a apura\u00e7\u00e3o e produ\u00e7\u00e3o de not\u00edcias sobre concursos federais, \u00f3rg\u00e3os participantes do CNU e das \u00e1reas de controle, gest\u00e3o, engenharia, Exame CFC, comunica\u00e7\u00e3o social TI e \u00e1rea de concursos administrativos.\",\"url\":\"https:\/\/www.estrategiaconcursos.com.br\/blog\/author\/ronaldo-netoestrategia-com\/\"}]}<\/script>\n<!-- \/ Yoast SEO Premium plugin. -->","yoast_head_json":{"title":"Concurso Correios: novo PDV pode alcan\u00e7ar 10 mil empregados","description":"Sem nomea\u00e7\u00f5es oficiais do concurso realizado em 2024, os Correios avaliam realizar novo PDV que pode alcan\u00e7ar 10 mil empregados!","robots":{"index":"index","follow":"follow","max-snippet":"max-snippet:-1","max-image-preview":"max-image-preview:large","max-video-preview":"max-video-preview:-1"},"canonical":"https:\/\/www.estrategiaconcursos.com.br\/blog\/concurso-correios-novo-pdv\/","og_locale":"pt_BR","og_type":"article","og_title":"Concurso Correios: novo PDV pode alcan\u00e7ar 10 mil empregados","og_description":"Sem nomea\u00e7\u00f5es oficiais do concurso realizado em 2024, os Correios avaliam realizar novo PDV que pode alcan\u00e7ar 10 mil empregados!","og_url":"https:\/\/www.estrategiaconcursos.com.br\/blog\/concurso-correios-novo-pdv\/","og_site_name":"Estrat\u00e9gia Concursos","article_published_time":"2025-11-14T21:13:47+00:00","article_modified_time":"2025-11-15T11:48:20+00:00","og_image":[{"width":300,"height":168,"url":"https:\/\/dhg1h5j42swfq.cloudfront.net\/2024\/12\/03123655\/correios.jpg","type":"image\/jpeg"}],"author":"Ronaldo Scanavini Neto","twitter_card":"summary_large_image","twitter_creator":"@EstratConcursos","twitter_site":"@EstratConcursos","twitter_misc":{"Escrito por":"Ronaldo Scanavini Neto","Est. tempo de leitura":"2 minutos"},"schema":{"@context":"https:\/\/schema.org","@graph":[{"@type":"NewsArticle","@id":"https:\/\/www.estrategiaconcursos.com.br\/blog\/concurso-correios-novo-pdv\/#article","isPartOf":{"@id":"https:\/\/www.estrategiaconcursos.com.br\/blog\/concurso-correios-novo-pdv\/"},"author":{"name":"Ronaldo Scanavini Neto","@id":"https:\/\/www.estrategiaconcursos.com.br\/blog\/#\/schema\/person\/70c2ad4297aa24ff8815b08215b23a76"},"headline":"Concurso Correios: novo PDV pode alcan\u00e7ar 10 mil empregados","datePublished":"2025-11-14T21:13:47+00:00","dateModified":"2025-11-15T11:48:20+00:00","mainEntityOfPage":{"@id":"https:\/\/www.estrategiaconcursos.com.br\/blog\/concurso-correios-novo-pdv\/"},"wordCount":479,"commentCount":0,"publisher":{"@id":"https:\/\/www.estrategiaconcursos.com.br\/blog\/#organization"},"image":{"@id":"https:\/\/www.estrategiaconcursos.com.br\/blog\/concurso-correios-novo-pdv\/#primaryimage"},"thumbnailUrl":"https:\/\/dhg1h5j42swfq.cloudfront.net\/2024\/12\/03123655\/correios.jpg","articleSection":["Executivo (Administrativa)","\u00daltimas not\u00edcias"],"inLanguage":"pt-BR","potentialAction":[{"@type":"CommentAction","name":"Comment","target":["https:\/\/www.estrategiaconcursos.com.br\/blog\/concurso-correios-novo-pdv\/#respond"]}],"copyrightYear":"2025","copyrightHolder":{"@id":"https:\/\/www.estrategiaconcursos.com.br\/blog\/#organization"}},{"@type":"WebPage","@id":"https:\/\/www.estrategiaconcursos.com.br\/blog\/concurso-correios-novo-pdv\/","url":"https:\/\/www.estrategiaconcursos.com.br\/blog\/concurso-correios-novo-pdv\/","name":"Concurso Correios: novo PDV pode alcan\u00e7ar 10 mil empregados","isPartOf":{"@id":"https:\/\/www.estrategiaconcursos.com.br\/blog\/#website"},"primaryImageOfPage":{"@id":"https:\/\/www.estrategiaconcursos.com.br\/blog\/concurso-correios-novo-pdv\/#primaryimage"},"image":{"@id":"https:\/\/www.estrategiaconcursos.com.br\/blog\/concurso-correios-novo-pdv\/#primaryimage"},"thumbnailUrl":"https:\/\/dhg1h5j42swfq.cloudfront.net\/2024\/12\/03123655\/correios.jpg","datePublished":"2025-11-14T21:13:47+00:00","dateModified":"2025-11-15T11:48:20+00:00","description":"Sem nomea\u00e7\u00f5es oficiais do concurso realizado em 2024, os Correios avaliam realizar novo PDV que pode alcan\u00e7ar 10 mil empregados!","breadcrumb":{"@id":"https:\/\/www.estrategiaconcursos.com.br\/blog\/concurso-correios-novo-pdv\/#breadcrumb"},"inLanguage":"pt-BR","potentialAction":[{"@type":"ReadAction","target":["https:\/\/www.estrategiaconcursos.com.br\/blog\/concurso-correios-novo-pdv\/"]}]},{"@type":"ImageObject","inLanguage":"pt-BR","@id":"https:\/\/www.estrategiaconcursos.com.br\/blog\/concurso-correios-novo-pdv\/#primaryimage","url":"https:\/\/dhg1h5j42swfq.cloudfront.net\/2024\/12\/03123655\/correios.jpg","contentUrl":"https:\/\/dhg1h5j42swfq.cloudfront.net\/2024\/12\/03123655\/correios.jpg","width":300,"height":168,"caption":"Correios - Jovem Aprendiz: inscri\u00e7\u00f5es"},{"@type":"BreadcrumbList","@id":"https:\/\/www.estrategiaconcursos.com.br\/blog\/concurso-correios-novo-pdv\/#breadcrumb","itemListElement":[{"@type":"ListItem","position":1,"name":"In\u00edcio","item":"https:\/\/www.estrategiaconcursos.com.br\/blog\/"},{"@type":"ListItem","position":2,"name":"Concurso Correios: novo PDV pode alcan\u00e7ar 10 mil empregados"}]},{"@type":"WebSite","@id":"https:\/\/www.estrategiaconcursos.com.br\/blog\/#website","url":"https:\/\/www.estrategiaconcursos.com.br\/blog\/","name":"Estrat\u00e9gia Concursos","description":"O blog da Estrat\u00e9gia Concursos traz not\u00edcias sobre concursos e artigos de professores oferecendo cursos para concursos (pdf + videaulas) no site.","publisher":{"@id":"https:\/\/www.estrategiaconcursos.com.br\/blog\/#organization"},"potentialAction":[{"@type":"SearchAction","target":{"@type":"EntryPoint","urlTemplate":"https:\/\/www.estrategiaconcursos.com.br\/blog\/?s={search_term_string}"},"query-input":{"@type":"PropertyValueSpecification","valueRequired":true,"valueName":"search_term_string"}}],"inLanguage":"pt-BR"},{"@type":"Organization","@id":"https:\/\/www.estrategiaconcursos.com.br\/blog\/#organization","name":"Estrat\u00e9gia Concursos","url":"https:\/\/www.estrategiaconcursos.com.br\/blog\/","logo":{"@type":"ImageObject","inLanguage":"pt-BR","@id":"https:\/\/www.estrategiaconcursos.com.br\/blog\/#\/schema\/logo\/image\/","url":"https:\/\/dhg1h5j42swfq.cloudfront.net\/2025\/06\/03203428\/logo_concursos-1.jpg","contentUrl":"https:\/\/dhg1h5j42swfq.cloudfront.net\/2025\/06\/03203428\/logo_concursos-1.jpg","width":230,"height":60,"caption":"Estrat\u00e9gia Concursos"},"image":{"@id":"https:\/\/www.estrategiaconcursos.com.br\/blog\/#\/schema\/logo\/image\/"},"sameAs":["https:\/\/x.com\/EstratConcursos"]},{"@type":"Person","@id":"https:\/\/www.estrategiaconcursos.com.br\/blog\/#\/schema\/person\/70c2ad4297aa24ff8815b08215b23a76","name":"Ronaldo Scanavini Neto","image":{"@type":"ImageObject","inLanguage":"pt-BR","@id":"https:\/\/secure.gravatar.com\/avatar\/f93d8e56fe264596e94aee6b3feb737d98ad0fc5bac7eb0a245f04723c5c8f21?s=96&d=mm&r=g","url":"https:\/\/secure.gravatar.com\/avatar\/f93d8e56fe264596e94aee6b3feb737d98ad0fc5bac7eb0a245f04723c5c8f21?s=96&d=mm&r=g","contentUrl":"https:\/\/secure.gravatar.com\/avatar\/f93d8e56fe264596e94aee6b3feb737d98ad0fc5bac7eb0a245f04723c5c8f21?s=96&d=mm&r=g","caption":"Ronaldo Scanavini Neto"},"description":"Graduando em Comunica\u00e7\u00e3o Social \u2013 Jornalismo pela Universidade Federal de Vi\u00e7osa (UFV). Integra a equipe de jornalismo do Estrat\u00e9gia Concursos desde 2023, atuando com \u00eanfase na cobertura da \u00e1rea fiscal. Tamb\u00e9m realiza a apura\u00e7\u00e3o e produ\u00e7\u00e3o de not\u00edcias sobre concursos federais, \u00f3rg\u00e3os participantes do CNU e das \u00e1reas de controle, gest\u00e3o, engenharia, Exame CFC, comunica\u00e7\u00e3o social TI e \u00e1rea de concursos administrativos.","url":"https:\/\/www.estrategiaconcursos.com.br\/blog\/author\/ronaldo-netoestrategia-com\/"}]}},"_links":{"self":[{"href":"https:\/\/www.estrategiaconcursos.com.br\/blog\/wp-json\/wp\/v2\/posts\/1671111","targetHints":{"allow":["GET"]}}],"collection":[{"href":"https:\/\/www.estrategiaconcursos.com.br\/blog\/wp-json\/wp\/v2\/posts"}],"about":[{"href":"https:\/\/www.estrategiaconcursos.com.br\/blog\/wp-json\/wp\/v2\/types\/post"}],"author":[{"embeddable":true,"href":"https:\/\/www.estrategiaconcursos.com.br\/blog\/wp-json\/wp\/v2\/users\/2692"}],"replies":[{"embeddable":true,"href":"https:\/\/www.estrategiaconcursos.com.br\/blog\/wp-json\/wp\/v2\/comments?post=1671111"}],"version-history":[{"count":3,"href":"https:\/\/www.estrategiaconcursos.com.br\/blog\/wp-json\/wp\/v2\/posts\/1671111\/revisions"}],"predecessor-version":[{"id":1671222,"href":"https:\/\/www.estrategiaconcursos.com.br\/blog\/wp-json\/wp\/v2\/posts\/1671111\/revisions\/1671222"}],"wp:featuredmedia":[{"embeddable":true,"href":"https:\/\/www.estrategiaconcursos.com.br\/blog\/wp-json\/wp\/v2\/media\/1499141"}],"wp:attachment":[{"href":"https:\/\/www.estrategiaconcursos.com.br\/blog\/wp-json\/wp\/v2\/media?parent=1671111"}],"wp:term":[{"taxonomy":"category","embeddable":true,"href":"https:\/\/www.estrategiaconcursos.com.br\/blog\/wp-json\/wp\/v2\/categories?post=1671111"},{"taxonomy":"post_tag","embeddable":true,"href":"https:\/\/www.estrategiaconcursos.com.br\/blog\/wp-json\/wp\/v2\/tags?post=1671111"},{"taxonomy":"tax_estado","embeddable":true,"href":"https:\/\/www.estrategiaconcursos.com.br\/blog\/wp-json\/wp\/v2\/tax_estado?post=1671111"}],"curies":[{"name":"wp","href":"https:\/\/api.w.org\/{rel}","templated":true}]}}