{"id":167033,"date":"2019-02-20T09:00:56","date_gmt":"2019-02-20T12:00:56","guid":{"rendered":"https:\/\/www.estrategiaconcursos.com.br\/blog\/?p=167033"},"modified":"2019-02-20T09:00:58","modified_gmt":"2019-02-20T12:00:58","slug":"anunciado-concurso-com-1-800-vagas-para-agente-e-escrivao-da-pcdf","status":"publish","type":"post","link":"https:\/\/www.estrategiaconcursos.com.br\/blog\/anunciado-concurso-com-1-800-vagas-para-agente-e-escrivao-da-pcdf\/","title":{"rendered":"Anunciado concurso com 1.800 vagas para Agente e Escriv\u00e3o da PCDF"},"content":{"rendered":"\n<p>Bom dia Guerreiro. Se voc\u00ea est\u00e1 se preparando para o concurso da Pol\u00edcia Civil do Distrito Federal, ent\u00e3o se prepara que vem not\u00edcia boa por a\u00ed!!!<\/p>\n\n\n\n<p>O Governador do DF, Ibaneis Rocha, anunciou durante um evento nessa ter\u00e7a-feira, 19 de fevereiro, a abertura de dois concursos para a corpora\u00e7\u00e3o, sendo um para<strong><em> Escriv\u00e3o, com 300 vagas <\/em><\/strong>e outro para <strong><em>Agente de Pol\u00edcia, com 1.500 vagas<\/em><\/strong>!<\/p>\n\n\n\n<p>Segundo o Governador, a expectativa \u00e9 que os editais sejam lan\u00e7ados entre abril e maio. Al\u00e9m disso, Ibaneis tamb\u00e9m se comprometeu a aumentar o sal\u00e1rio da Pol\u00edcia Civil e  da Federal em 37%, de forma a ser dado em duas parcelas\u00a0anuais, inicialmente nos meses de abril e setembro.\u00a0<\/p>\n\n\n\n<p>Objetivo \u00e9 conceder 10% do reajuste este ano, 13% em 2020 e o restante em 2021, mas para que isso aconte\u00e7a, ainda \u00e9 necess\u00e1rio que a proposta seja submetida ao Governo Federal e ao Congresso Nacional.<\/p>\n\n\n\n<p>Para conferir todas as informa\u00e7\u00e3o sobre o concurso da PCDF, acesse o nosso artigo completo <em><u><a rel=\"noreferrer noopener\" aria-label=\"AQUI (opens in a new tab)\" href=\"https:\/\/www.estrategiaconcursos.com.br\/blog\/concurso-pcdf\/\" target=\"_blank\">AQUI<\/a><\/u><\/em>!<br \/><br \/><\/p>\n\n\n\n<p style=\"font-size:24px;text-align:center\"><em><a href=\"https:\/\/www.estrategiaconcursos.com.br\/cursosPorConcurso\/policia-civil-do-distrito-federal-pc-df\/\">CURSO\u00a0PARA\u00a0O\u00a0CONCURSO PCDF<\/a><\/em><\/p>\n\n\n\n<p style=\"text-align:center\"><em><strong>Assinatura Anual Ilimitada*<\/strong><\/em><\/p>\n\n\n\n<p style=\"text-align:center\"><em>Prepare-se com o melhor material e com quem mais aprova em&nbsp;Concursos P\u00fablicos de todo o pa\u00eds. Assine agora a nossa Assinatura Anual e tenha acesso ilimitado* a todos os nossos cursos.<\/em><\/p>\n\n\n\n<figure class=\"wp-block-image\"><a href=\"https:\/\/www.estrategiaconcursos.com.br\/assinaturas\" target=\"_blank\" rel=\"noreferrer noopener\"><img decoding=\"async\" src=\"https:\/\/www.estrategiaconcursos.com.br\/assets\/img\/banner-assinaturas.jpg\" alt=\"Assinatura Ilimitada Concurso BRB\" class=\"wp-image-157836\"\/><\/a><\/figure>\n","protected":false},"excerpt":{"rendered":"<p>Bom dia Guerreiro. Se voc\u00ea est\u00e1 se preparando para o concurso da Pol\u00edcia Civil do Distrito Federal, ent\u00e3o se prepara que vem not\u00edcia boa por a\u00ed!!! O Governador do DF, Ibaneis Rocha, anunciou durante um evento nessa ter\u00e7a-feira, 19 de fevereiro, a abertura de dois concursos para a corpora\u00e7\u00e3o, sendo um para Escriv\u00e3o, com 300 [&hellip;]<\/p>\n","protected":false},"author":552,"featured_media":167034,"comment_status":"open","ping_status":"closed","sticky":false,"template":"","format":"standard","meta":{"post_tipo":"article","footnotes":""},"categories":[1],"tags":[],"tax_estado":[],"class_list":["post-167033","post","type-post","status-publish","format-standard","has-post-thumbnail","hentry","category-cursos-e-concursos"],"acf":[],"yoast_head":"<!-- This site is optimized with the Yoast SEO Premium plugin v27.2 (Yoast SEO v27.2) - https:\/\/yoast.com\/product\/yoast-seo-premium-wordpress\/ -->\n<title>Anunciado concurso com 1.800 vagas para Agente e Escriv\u00e3o da PCDF<\/title>\n<meta name=\"robots\" content=\"index, follow, max-snippet:-1, max-image-preview:large, max-video-preview:-1\" \/>\n<link rel=\"canonical\" href=\"https:\/\/www.estrategiaconcursos.com.br\/blog\/anunciado-concurso-com-1-800-vagas-para-agente-e-escrivao-da-pcdf\/\" \/>\n<meta property=\"og:locale\" content=\"pt_BR\" \/>\n<meta property=\"og:type\" content=\"article\" \/>\n<meta property=\"og:title\" content=\"Anunciado concurso com 1.800 vagas para Agente e Escriv\u00e3o da PCDF\" \/>\n<meta property=\"og:description\" content=\"Bom dia Guerreiro. Se voc\u00ea est\u00e1 se preparando para o concurso da Pol\u00edcia Civil do Distrito Federal, ent\u00e3o se prepara que vem not\u00edcia boa por a\u00ed!!! O Governador do DF, Ibaneis Rocha, anunciou durante um evento nessa ter\u00e7a-feira, 19 de fevereiro, a abertura de dois concursos para a corpora\u00e7\u00e3o, sendo um para Escriv\u00e3o, com 300 [&hellip;]\" \/>\n<meta property=\"og:url\" content=\"https:\/\/www.estrategiaconcursos.com.br\/blog\/anunciado-concurso-com-1-800-vagas-para-agente-e-escrivao-da-pcdf\/\" \/>\n<meta property=\"og:site_name\" content=\"Estrat\u00e9gia Concursos\" \/>\n<meta property=\"article:published_time\" content=\"2019-02-20T12:00:56+00:00\" \/>\n<meta property=\"article:modified_time\" content=\"2019-02-20T12:00:58+00:00\" \/>\n<meta property=\"og:image\" content=\"https:\/\/dhg1h5j42swfq.cloudfront.net\/2019\/02\/20085705\/PCDF_NOME1.jpg\" \/>\n\t<meta property=\"og:image:width\" content=\"1200\" \/>\n\t<meta property=\"og:image:height\" content=\"628\" \/>\n\t<meta property=\"og:image:type\" content=\"image\/jpeg\" \/>\n<meta name=\"author\" content=\"Paulo Bilynskyj\" \/>\n<meta name=\"twitter:card\" content=\"summary_large_image\" \/>\n<meta name=\"twitter:creator\" content=\"@EstratConcursos\" \/>\n<meta name=\"twitter:site\" content=\"@EstratConcursos\" \/>\n<meta name=\"twitter:label1\" content=\"Escrito por\" \/>\n\t<meta name=\"twitter:data1\" content=\"Paulo Bilynskyj\" \/>\n\t<meta name=\"twitter:label2\" content=\"Est. tempo de leitura\" \/>\n\t<meta name=\"twitter:data2\" content=\"1 minuto\" \/>\n<script type=\"application\/ld+json\" class=\"yoast-schema-graph\">{\"@context\":\"https:\/\/schema.org\",\"@graph\":[{\"@type\":\"NewsArticle\",\"@id\":\"https:\/\/www.estrategiaconcursos.com.br\/blog\/anunciado-concurso-com-1-800-vagas-para-agente-e-escrivao-da-pcdf\/#article\",\"isPartOf\":{\"@id\":\"https:\/\/www.estrategiaconcursos.com.br\/blog\/anunciado-concurso-com-1-800-vagas-para-agente-e-escrivao-da-pcdf\/\"},\"author\":{\"name\":\"Paulo Bilynskyj\",\"@id\":\"https:\/\/www.estrategiaconcursos.com.br\/blog\/#\/schema\/person\/a630b15e36f45b4c21fed01219843cb5\"},\"headline\":\"Anunciado concurso com 1.800 vagas para Agente e Escriv\u00e3o da PCDF\",\"datePublished\":\"2019-02-20T12:00:56+00:00\",\"dateModified\":\"2019-02-20T12:00:58+00:00\",\"mainEntityOfPage\":{\"@id\":\"https:\/\/www.estrategiaconcursos.com.br\/blog\/anunciado-concurso-com-1-800-vagas-para-agente-e-escrivao-da-pcdf\/\"},\"wordCount\":224,\"commentCount\":3,\"publisher\":{\"@id\":\"https:\/\/www.estrategiaconcursos.com.br\/blog\/#organization\"},\"image\":{\"@id\":\"https:\/\/www.estrategiaconcursos.com.br\/blog\/anunciado-concurso-com-1-800-vagas-para-agente-e-escrivao-da-pcdf\/#primaryimage\"},\"thumbnailUrl\":\"https:\/\/dhg1h5j42swfq.cloudfront.net\/2019\/02\/20085705\/PCDF_NOME1.jpg\",\"articleSection\":[\"Concursos P\u00fablicos\"],\"inLanguage\":\"pt-BR\",\"potentialAction\":[{\"@type\":\"CommentAction\",\"name\":\"Comment\",\"target\":[\"https:\/\/www.estrategiaconcursos.com.br\/blog\/anunciado-concurso-com-1-800-vagas-para-agente-e-escrivao-da-pcdf\/#respond\"]}],\"copyrightYear\":\"2019\",\"copyrightHolder\":{\"@id\":\"https:\/\/www.estrategiaconcursos.com.br\/blog\/#organization\"}},{\"@type\":\"WebPage\",\"@id\":\"https:\/\/www.estrategiaconcursos.com.br\/blog\/anunciado-concurso-com-1-800-vagas-para-agente-e-escrivao-da-pcdf\/\",\"url\":\"https:\/\/www.estrategiaconcursos.com.br\/blog\/anunciado-concurso-com-1-800-vagas-para-agente-e-escrivao-da-pcdf\/\",\"name\":\"Anunciado concurso com 1.800 vagas para Agente e Escriv\u00e3o da PCDF\",\"isPartOf\":{\"@id\":\"https:\/\/www.estrategiaconcursos.com.br\/blog\/#website\"},\"primaryImageOfPage\":{\"@id\":\"https:\/\/www.estrategiaconcursos.com.br\/blog\/anunciado-concurso-com-1-800-vagas-para-agente-e-escrivao-da-pcdf\/#primaryimage\"},\"image\":{\"@id\":\"https:\/\/www.estrategiaconcursos.com.br\/blog\/anunciado-concurso-com-1-800-vagas-para-agente-e-escrivao-da-pcdf\/#primaryimage\"},\"thumbnailUrl\":\"https:\/\/dhg1h5j42swfq.cloudfront.net\/2019\/02\/20085705\/PCDF_NOME1.jpg\",\"datePublished\":\"2019-02-20T12:00:56+00:00\",\"dateModified\":\"2019-02-20T12:00:58+00:00\",\"breadcrumb\":{\"@id\":\"https:\/\/www.estrategiaconcursos.com.br\/blog\/anunciado-concurso-com-1-800-vagas-para-agente-e-escrivao-da-pcdf\/#breadcrumb\"},\"inLanguage\":\"pt-BR\",\"potentialAction\":[{\"@type\":\"ReadAction\",\"target\":[\"https:\/\/www.estrategiaconcursos.com.br\/blog\/anunciado-concurso-com-1-800-vagas-para-agente-e-escrivao-da-pcdf\/\"]}]},{\"@type\":\"ImageObject\",\"inLanguage\":\"pt-BR\",\"@id\":\"https:\/\/www.estrategiaconcursos.com.br\/blog\/anunciado-concurso-com-1-800-vagas-para-agente-e-escrivao-da-pcdf\/#primaryimage\",\"url\":\"https:\/\/dhg1h5j42swfq.cloudfront.net\/2019\/02\/20085705\/PCDF_NOME1.jpg\",\"contentUrl\":\"https:\/\/dhg1h5j42swfq.cloudfront.net\/2019\/02\/20085705\/PCDF_NOME1.jpg\",\"width\":1200,\"height\":628},{\"@type\":\"BreadcrumbList\",\"@id\":\"https:\/\/www.estrategiaconcursos.com.br\/blog\/anunciado-concurso-com-1-800-vagas-para-agente-e-escrivao-da-pcdf\/#breadcrumb\",\"itemListElement\":[{\"@type\":\"ListItem\",\"position\":1,\"name\":\"In\u00edcio\",\"item\":\"https:\/\/www.estrategiaconcursos.com.br\/blog\/\"},{\"@type\":\"ListItem\",\"position\":2,\"name\":\"Anunciado concurso com 1.800 vagas para Agente e Escriv\u00e3o da PCDF\"}]},{\"@type\":\"WebSite\",\"@id\":\"https:\/\/www.estrategiaconcursos.com.br\/blog\/#website\",\"url\":\"https:\/\/www.estrategiaconcursos.com.br\/blog\/\",\"name\":\"Estrat\u00e9gia Concursos\",\"description\":\"O blog da Estrat\u00e9gia Concursos traz not\u00edcias sobre concursos e artigos de professores oferecendo cursos para concursos (pdf + videaulas) no site.\",\"publisher\":{\"@id\":\"https:\/\/www.estrategiaconcursos.com.br\/blog\/#organization\"},\"potentialAction\":[{\"@type\":\"SearchAction\",\"target\":{\"@type\":\"EntryPoint\",\"urlTemplate\":\"https:\/\/www.estrategiaconcursos.com.br\/blog\/?s={search_term_string}\"},\"query-input\":{\"@type\":\"PropertyValueSpecification\",\"valueRequired\":true,\"valueName\":\"search_term_string\"}}],\"inLanguage\":\"pt-BR\"},{\"@type\":\"Organization\",\"@id\":\"https:\/\/www.estrategiaconcursos.com.br\/blog\/#organization\",\"name\":\"Estrat\u00e9gia Concursos\",\"url\":\"https:\/\/www.estrategiaconcursos.com.br\/blog\/\",\"logo\":{\"@type\":\"ImageObject\",\"inLanguage\":\"pt-BR\",\"@id\":\"https:\/\/www.estrategiaconcursos.com.br\/blog\/#\/schema\/logo\/image\/\",\"url\":\"https:\/\/dhg1h5j42swfq.cloudfront.net\/2025\/06\/03203428\/logo_concursos-1.jpg\",\"contentUrl\":\"https:\/\/dhg1h5j42swfq.cloudfront.net\/2025\/06\/03203428\/logo_concursos-1.jpg\",\"width\":230,\"height\":60,\"caption\":\"Estrat\u00e9gia Concursos\"},\"image\":{\"@id\":\"https:\/\/www.estrategiaconcursos.com.br\/blog\/#\/schema\/logo\/image\/\"},\"sameAs\":[\"https:\/\/x.com\/EstratConcursos\"]},{\"@type\":\"Person\",\"@id\":\"https:\/\/www.estrategiaconcursos.com.br\/blog\/#\/schema\/person\/a630b15e36f45b4c21fed01219843cb5\",\"name\":\"Paulo Bilynskyj\",\"image\":{\"@type\":\"ImageObject\",\"inLanguage\":\"pt-BR\",\"@id\":\"https:\/\/secure.gravatar.com\/avatar\/37e21f70c9042e7456beffdc6d31fe051f3f6dcbf252f69343a791b144852057?s=96&d=mm&r=g\",\"url\":\"https:\/\/secure.gravatar.com\/avatar\/37e21f70c9042e7456beffdc6d31fe051f3f6dcbf252f69343a791b144852057?s=96&d=mm&r=g\",\"contentUrl\":\"https:\/\/secure.gravatar.com\/avatar\/37e21f70c9042e7456beffdc6d31fe051f3f6dcbf252f69343a791b144852057?s=96&d=mm&r=g\",\"caption\":\"Paulo Bilynskyj\"},\"url\":\"https:\/\/www.estrategiaconcursos.com.br\/blog\/author\/pbilynskyjgmail-com\/\"}]}<\/script>\n<!-- \/ Yoast SEO Premium plugin. -->","yoast_head_json":{"title":"Anunciado concurso com 1.800 vagas para Agente e Escriv\u00e3o da PCDF","robots":{"index":"index","follow":"follow","max-snippet":"max-snippet:-1","max-image-preview":"max-image-preview:large","max-video-preview":"max-video-preview:-1"},"canonical":"https:\/\/www.estrategiaconcursos.com.br\/blog\/anunciado-concurso-com-1-800-vagas-para-agente-e-escrivao-da-pcdf\/","og_locale":"pt_BR","og_type":"article","og_title":"Anunciado concurso com 1.800 vagas para Agente e Escriv\u00e3o da PCDF","og_description":"Bom dia Guerreiro. Se voc\u00ea est\u00e1 se preparando para o concurso da Pol\u00edcia Civil do Distrito Federal, ent\u00e3o se prepara que vem not\u00edcia boa por a\u00ed!!! O Governador do DF, Ibaneis Rocha, anunciou durante um evento nessa ter\u00e7a-feira, 19 de fevereiro, a abertura de dois concursos para a corpora\u00e7\u00e3o, sendo um para Escriv\u00e3o, com 300 [&hellip;]","og_url":"https:\/\/www.estrategiaconcursos.com.br\/blog\/anunciado-concurso-com-1-800-vagas-para-agente-e-escrivao-da-pcdf\/","og_site_name":"Estrat\u00e9gia Concursos","article_published_time":"2019-02-20T12:00:56+00:00","article_modified_time":"2019-02-20T12:00:58+00:00","og_image":[{"width":1200,"height":628,"url":"https:\/\/dhg1h5j42swfq.cloudfront.net\/2019\/02\/20085705\/PCDF_NOME1.jpg","type":"image\/jpeg"}],"author":"Paulo Bilynskyj","twitter_card":"summary_large_image","twitter_creator":"@EstratConcursos","twitter_site":"@EstratConcursos","twitter_misc":{"Escrito por":"Paulo Bilynskyj","Est. tempo de leitura":"1 minuto"},"schema":{"@context":"https:\/\/schema.org","@graph":[{"@type":"NewsArticle","@id":"https:\/\/www.estrategiaconcursos.com.br\/blog\/anunciado-concurso-com-1-800-vagas-para-agente-e-escrivao-da-pcdf\/#article","isPartOf":{"@id":"https:\/\/www.estrategiaconcursos.com.br\/blog\/anunciado-concurso-com-1-800-vagas-para-agente-e-escrivao-da-pcdf\/"},"author":{"name":"Paulo Bilynskyj","@id":"https:\/\/www.estrategiaconcursos.com.br\/blog\/#\/schema\/person\/a630b15e36f45b4c21fed01219843cb5"},"headline":"Anunciado concurso com 1.800 vagas para Agente e Escriv\u00e3o da PCDF","datePublished":"2019-02-20T12:00:56+00:00","dateModified":"2019-02-20T12:00:58+00:00","mainEntityOfPage":{"@id":"https:\/\/www.estrategiaconcursos.com.br\/blog\/anunciado-concurso-com-1-800-vagas-para-agente-e-escrivao-da-pcdf\/"},"wordCount":224,"commentCount":3,"publisher":{"@id":"https:\/\/www.estrategiaconcursos.com.br\/blog\/#organization"},"image":{"@id":"https:\/\/www.estrategiaconcursos.com.br\/blog\/anunciado-concurso-com-1-800-vagas-para-agente-e-escrivao-da-pcdf\/#primaryimage"},"thumbnailUrl":"https:\/\/dhg1h5j42swfq.cloudfront.net\/2019\/02\/20085705\/PCDF_NOME1.jpg","articleSection":["Concursos P\u00fablicos"],"inLanguage":"pt-BR","potentialAction":[{"@type":"CommentAction","name":"Comment","target":["https:\/\/www.estrategiaconcursos.com.br\/blog\/anunciado-concurso-com-1-800-vagas-para-agente-e-escrivao-da-pcdf\/#respond"]}],"copyrightYear":"2019","copyrightHolder":{"@id":"https:\/\/www.estrategiaconcursos.com.br\/blog\/#organization"}},{"@type":"WebPage","@id":"https:\/\/www.estrategiaconcursos.com.br\/blog\/anunciado-concurso-com-1-800-vagas-para-agente-e-escrivao-da-pcdf\/","url":"https:\/\/www.estrategiaconcursos.com.br\/blog\/anunciado-concurso-com-1-800-vagas-para-agente-e-escrivao-da-pcdf\/","name":"Anunciado concurso com 1.800 vagas para Agente e Escriv\u00e3o da PCDF","isPartOf":{"@id":"https:\/\/www.estrategiaconcursos.com.br\/blog\/#website"},"primaryImageOfPage":{"@id":"https:\/\/www.estrategiaconcursos.com.br\/blog\/anunciado-concurso-com-1-800-vagas-para-agente-e-escrivao-da-pcdf\/#primaryimage"},"image":{"@id":"https:\/\/www.estrategiaconcursos.com.br\/blog\/anunciado-concurso-com-1-800-vagas-para-agente-e-escrivao-da-pcdf\/#primaryimage"},"thumbnailUrl":"https:\/\/dhg1h5j42swfq.cloudfront.net\/2019\/02\/20085705\/PCDF_NOME1.jpg","datePublished":"2019-02-20T12:00:56+00:00","dateModified":"2019-02-20T12:00:58+00:00","breadcrumb":{"@id":"https:\/\/www.estrategiaconcursos.com.br\/blog\/anunciado-concurso-com-1-800-vagas-para-agente-e-escrivao-da-pcdf\/#breadcrumb"},"inLanguage":"pt-BR","potentialAction":[{"@type":"ReadAction","target":["https:\/\/www.estrategiaconcursos.com.br\/blog\/anunciado-concurso-com-1-800-vagas-para-agente-e-escrivao-da-pcdf\/"]}]},{"@type":"ImageObject","inLanguage":"pt-BR","@id":"https:\/\/www.estrategiaconcursos.com.br\/blog\/anunciado-concurso-com-1-800-vagas-para-agente-e-escrivao-da-pcdf\/#primaryimage","url":"https:\/\/dhg1h5j42swfq.cloudfront.net\/2019\/02\/20085705\/PCDF_NOME1.jpg","contentUrl":"https:\/\/dhg1h5j42swfq.cloudfront.net\/2019\/02\/20085705\/PCDF_NOME1.jpg","width":1200,"height":628},{"@type":"BreadcrumbList","@id":"https:\/\/www.estrategiaconcursos.com.br\/blog\/anunciado-concurso-com-1-800-vagas-para-agente-e-escrivao-da-pcdf\/#breadcrumb","itemListElement":[{"@type":"ListItem","position":1,"name":"In\u00edcio","item":"https:\/\/www.estrategiaconcursos.com.br\/blog\/"},{"@type":"ListItem","position":2,"name":"Anunciado concurso com 1.800 vagas para Agente e Escriv\u00e3o da PCDF"}]},{"@type":"WebSite","@id":"https:\/\/www.estrategiaconcursos.com.br\/blog\/#website","url":"https:\/\/www.estrategiaconcursos.com.br\/blog\/","name":"Estrat\u00e9gia Concursos","description":"O blog da Estrat\u00e9gia Concursos traz not\u00edcias sobre concursos e artigos de professores oferecendo cursos para concursos (pdf + videaulas) no site.","publisher":{"@id":"https:\/\/www.estrategiaconcursos.com.br\/blog\/#organization"},"potentialAction":[{"@type":"SearchAction","target":{"@type":"EntryPoint","urlTemplate":"https:\/\/www.estrategiaconcursos.com.br\/blog\/?s={search_term_string}"},"query-input":{"@type":"PropertyValueSpecification","valueRequired":true,"valueName":"search_term_string"}}],"inLanguage":"pt-BR"},{"@type":"Organization","@id":"https:\/\/www.estrategiaconcursos.com.br\/blog\/#organization","name":"Estrat\u00e9gia Concursos","url":"https:\/\/www.estrategiaconcursos.com.br\/blog\/","logo":{"@type":"ImageObject","inLanguage":"pt-BR","@id":"https:\/\/www.estrategiaconcursos.com.br\/blog\/#\/schema\/logo\/image\/","url":"https:\/\/dhg1h5j42swfq.cloudfront.net\/2025\/06\/03203428\/logo_concursos-1.jpg","contentUrl":"https:\/\/dhg1h5j42swfq.cloudfront.net\/2025\/06\/03203428\/logo_concursos-1.jpg","width":230,"height":60,"caption":"Estrat\u00e9gia Concursos"},"image":{"@id":"https:\/\/www.estrategiaconcursos.com.br\/blog\/#\/schema\/logo\/image\/"},"sameAs":["https:\/\/x.com\/EstratConcursos"]},{"@type":"Person","@id":"https:\/\/www.estrategiaconcursos.com.br\/blog\/#\/schema\/person\/a630b15e36f45b4c21fed01219843cb5","name":"Paulo Bilynskyj","image":{"@type":"ImageObject","inLanguage":"pt-BR","@id":"https:\/\/secure.gravatar.com\/avatar\/37e21f70c9042e7456beffdc6d31fe051f3f6dcbf252f69343a791b144852057?s=96&d=mm&r=g","url":"https:\/\/secure.gravatar.com\/avatar\/37e21f70c9042e7456beffdc6d31fe051f3f6dcbf252f69343a791b144852057?s=96&d=mm&r=g","contentUrl":"https:\/\/secure.gravatar.com\/avatar\/37e21f70c9042e7456beffdc6d31fe051f3f6dcbf252f69343a791b144852057?s=96&d=mm&r=g","caption":"Paulo Bilynskyj"},"url":"https:\/\/www.estrategiaconcursos.com.br\/blog\/author\/pbilynskyjgmail-com\/"}]}},"_links":{"self":[{"href":"https:\/\/www.estrategiaconcursos.com.br\/blog\/wp-json\/wp\/v2\/posts\/167033","targetHints":{"allow":["GET"]}}],"collection":[{"href":"https:\/\/www.estrategiaconcursos.com.br\/blog\/wp-json\/wp\/v2\/posts"}],"about":[{"href":"https:\/\/www.estrategiaconcursos.com.br\/blog\/wp-json\/wp\/v2\/types\/post"}],"author":[{"embeddable":true,"href":"https:\/\/www.estrategiaconcursos.com.br\/blog\/wp-json\/wp\/v2\/users\/552"}],"replies":[{"embeddable":true,"href":"https:\/\/www.estrategiaconcursos.com.br\/blog\/wp-json\/wp\/v2\/comments?post=167033"}],"version-history":[{"count":3,"href":"https:\/\/www.estrategiaconcursos.com.br\/blog\/wp-json\/wp\/v2\/posts\/167033\/revisions"}],"predecessor-version":[{"id":167040,"href":"https:\/\/www.estrategiaconcursos.com.br\/blog\/wp-json\/wp\/v2\/posts\/167033\/revisions\/167040"}],"wp:featuredmedia":[{"embeddable":true,"href":"https:\/\/www.estrategiaconcursos.com.br\/blog\/wp-json\/wp\/v2\/media\/167034"}],"wp:attachment":[{"href":"https:\/\/www.estrategiaconcursos.com.br\/blog\/wp-json\/wp\/v2\/media?parent=167033"}],"wp:term":[{"taxonomy":"category","embeddable":true,"href":"https:\/\/www.estrategiaconcursos.com.br\/blog\/wp-json\/wp\/v2\/categories?post=167033"},{"taxonomy":"post_tag","embeddable":true,"href":"https:\/\/www.estrategiaconcursos.com.br\/blog\/wp-json\/wp\/v2\/tags?post=167033"},{"taxonomy":"tax_estado","embeddable":true,"href":"https:\/\/www.estrategiaconcursos.com.br\/blog\/wp-json\/wp\/v2\/tax_estado?post=167033"}],"curies":[{"name":"wp","href":"https:\/\/api.w.org\/{rel}","templated":true}]}}