{"id":1670113,"date":"2026-01-03T08:21:00","date_gmt":"2026-01-03T11:21:00","guid":{"rendered":"https:\/\/www.estrategiaconcursos.com.br\/blog\/?p=1670113"},"modified":"2025-11-24T17:25:19","modified_gmt":"2025-11-24T20:25:19","slug":"representacao-politica-mandato-partidos-papel-voto","status":"publish","type":"post","link":"https:\/\/www.estrategiaconcursos.com.br\/blog\/representacao-politica-mandato-partidos-papel-voto\/","title":{"rendered":"Representa\u00e7\u00e3o pol\u00edtica: mandato, partidos e o papel do voto"},"content":{"rendered":"\n<p>Caros, alunos. Sabe-se que a representa\u00e7\u00e3o pol\u00edtica \u00e9 um dos pilares das democracias modernas. Em sociedades complexas e populosas, \u00e9 imposs\u00edvel que todos participem diretamente das decis\u00f5es pol\u00edticas, como ocorria nas antigas democracias gregas. Por isso, o povo elege representantes que decidem em seu nome \u2014 exercendo o poder de forma indireta, mas leg\u00edtima.<\/p>\n\n\n\n<p>Esse modelo \u00e9 o que chamamos de <strong><mark style=\"background-color:rgba(0, 0, 0, 0)\" class=\"has-inline-color has-vivid-cyan-blue-color\">democracia representativa<\/mark><\/strong>. Nela, o poder emana do povo, mas \u00e9 exercido por meio de representantes escolhidos pelo voto. Assim, a representa\u00e7\u00e3o pol\u00edtica funciona como um elo entre o cidad\u00e3o e o Estado, garantindo que a vontade popular se traduza em a\u00e7\u00f5es governamentais.<\/p>\n\n\n\n<p>O tema \u00e9 recorrente em provas de<mark style=\"background-color:rgba(0, 0, 0, 0)\" class=\"has-inline-color has-luminous-vivid-orange-color\"> <strong>Ci\u00eancia Pol\u00edtica e Direito Constitucional<\/strong><\/mark>, pois toca em conceitos como <strong>soberania popular<\/strong>, <strong>mandato<\/strong>, <strong>partidos pol\u00edticos<\/strong> e <strong>legitimidade democr\u00e1tica<\/strong>. <\/p>\n\n\n\n<p>Neste artigo, voc\u00ea vai compreender como <strong>o <\/strong><mark style=\"background-color:rgba(0, 0, 0, 0)\" class=\"has-inline-color has-vivid-red-color\"><strong>voto<\/strong>, <strong>o mandato<\/strong><\/mark> e <strong>os <\/strong><mark style=\"background-color:rgba(0, 0, 0, 0)\" class=\"has-inline-color has-vivid-red-color\"><strong>partidos pol\u00edticos<\/strong> <\/mark>estruturam a representa\u00e7\u00e3o pol\u00edtica e garantem o funcionamento do sistema democr\u00e1tico brasileiro.<\/p>\n\n\n\n<h2 class=\"wp-block-heading\" id=\"h-o-voto-como-instrumento-de-soberania-popular\"><strong>O voto como instrumento de soberania popular<\/strong><\/h2>\n\n\n\n<p>O voto \u00e9 o principal instrumento pelo qual o cidad\u00e3o exerce a<mark style=\"background-color:rgba(0, 0, 0, 0)\" class=\"has-inline-color has-vivid-purple-color\"> <strong>soberania popular<\/strong> <\/mark>\u2014 ou seja, o poder supremo de decidir os rumos do Estado. \u00c9 por meio dele que escolhemos quem vai nos representar no Legislativo e no Executivo. Por isso, o voto \u00e9 muito mais do que um dever c\u00edvico: \u00e9 uma forma de <strong><mark style=\"background-color:rgba(0, 0, 0, 0)\" class=\"has-inline-color has-vivid-purple-color\">participa\u00e7\u00e3o pol\u00edtica<\/mark><\/strong> e de <mark style=\"background-color:rgba(0, 0, 0, 0)\" class=\"has-inline-color has-vivid-purple-color\"><strong>controle social<\/strong>.<\/mark><\/p>\n\n\n\n<p>No Brasil, o voto \u00e9 <strong><mark style=\"background-color:rgba(0, 0, 0, 0)\" class=\"has-inline-color has-luminous-vivid-orange-color\">direto, secreto e universal<\/mark><\/strong>, com exce\u00e7\u00f5es previstas na <a href=\"https:\/\/www.planalto.gov.br\/ccivil_03\/Constituicao\/Constituicao.htm\">Constitui\u00e7\u00e3o <\/a>(por exemplo, facultativo para maiores de 70 anos, analfabetos e jovens de 16 e 17 anos). Ele \u00e9 tamb\u00e9m <strong><mark style=\"background-color:rgba(0, 0, 0, 0)\" class=\"has-inline-color has-luminous-vivid-orange-color\">obrigat\u00f3rio<\/mark><\/strong>, o que refor\u00e7a o princ\u00edpio da participa\u00e7\u00e3o pol\u00edtica como dever de cidadania.<\/p>\n\n\n\n<p>\u00c9 importante distinguir o <strong><mark style=\"background-color:rgba(0, 0, 0, 0)\" class=\"has-inline-color has-vivid-cyan-blue-color\">voto direto<\/mark><\/strong> \u2014 quando o eleitor escolhe o representante \u2014 do <strong><mark style=\"background-color:rgba(0, 0, 0, 0)\" class=\"has-inline-color has-vivid-cyan-blue-color\">voto indireto<\/mark><\/strong>, usado em situa\u00e7\u00f5es excepcionais, como na elei\u00e7\u00e3o indireta para presidente em caso de vac\u00e2ncia dos cargos de presidente e vice nos dois \u00faltimos anos do mandato.<\/p>\n\n\n\n<p>Contudo, o voto, sozinho, n\u00e3o resolve todos os problemas da representa\u00e7\u00e3o. A chamada <strong><mark style=\"background-color:rgba(0, 0, 0, 0)\" class=\"has-inline-color has-vivid-cyan-blue-color\">crise de representatividade<\/mark><\/strong> surge quando os eleitores sentem que seus representantes n\u00e3o correspondem \u00e0s expectativas. Esse distanciamento refor\u00e7a a necessidade de <strong><mark style=\"background-color:rgba(0, 0, 0, 0)\" class=\"has-inline-color has-vivid-cyan-blue-color\">voto consciente<\/mark><\/strong>, baseado em informa\u00e7\u00e3o, an\u00e1lise e responsabilidade.<\/p>\n\n\n\n<p>Nas provas de concurso, o voto costuma aparecer vinculado a temas como<mark style=\"background-color:rgba(0, 0, 0, 0)\" class=\"has-inline-color has-vivid-red-color\"> <strong>soberania popular (art. 1\u00ba, par\u00e1grafo \u00fanico, da CF)<\/strong><\/mark> e <strong><mark style=\"background-color:rgba(0, 0, 0, 0)\" class=\"has-inline-color has-vivid-red-color\">direitos pol\u00edticos (art. 14 da CF)<\/mark><\/strong>. Entender seu papel \u00e9 compreender o cora\u00e7\u00e3o do sistema democr\u00e1tico.<\/p>\n\n\n\n<figure class=\"wp-block-image size-large is-resized\"><img loading=\"lazy\" decoding=\"async\" width=\"1024\" height=\"1024\" src=\"https:\/\/dhg1h5j42swfq.cloudfront.net\/2025\/03\/27192134\/urna-1024x1024.jpg\" alt=\"representa\u00e7\u00e3o pol\u00edtica\" class=\"wp-image-1553379\" style=\"width:476px;height:auto\" srcset=\"https:\/\/dhg1h5j42swfq.cloudfront.net\/2025\/03\/27192134\/urna-1024x1024.jpg 1024w, https:\/\/dhg1h5j42swfq.cloudfront.net\/2025\/03\/27192134\/urna-300x300.jpg 300w, https:\/\/dhg1h5j42swfq.cloudfront.net\/2025\/03\/27192134\/urna-150x150.jpg 150w, https:\/\/dhg1h5j42swfq.cloudfront.net\/2025\/03\/27192134\/urna-768x768.jpg 768w, https:\/\/dhg1h5j42swfq.cloudfront.net\/2025\/03\/27192134\/urna-1536x1536.jpg 1536w, https:\/\/dhg1h5j42swfq.cloudfront.net\/2025\/03\/27192134\/urna-96x96.jpg 96w, https:\/\/dhg1h5j42swfq.cloudfront.net\/2025\/03\/27192134\/urna.jpg 2000w\" sizes=\"auto, (max-width: 1024px) 100vw, 1024px\" \/><\/figure>\n\n\n\n<h2 class=\"wp-block-heading\" id=\"h-o-mandato-politico-representacao-e-responsabilidade\"><strong>O mandato pol\u00edtico: representa\u00e7\u00e3o e responsabilidade<\/strong><\/h2>\n\n\n\n<p>O <strong><mark style=\"background-color:rgba(0, 0, 0, 0)\" class=\"has-inline-color has-vivid-purple-color\">mandato pol\u00edtico<\/mark><\/strong> \u00e9 a autoriza\u00e7\u00e3o dada pelo povo a seus representantes para exercer o poder em seu nome. \u00c9, portanto, o <strong><mark style=\"background-color:rgba(0, 0, 0, 0)\" class=\"has-inline-color has-vivid-cyan-blue-color\">v\u00ednculo jur\u00eddico e pol\u00edtico<\/mark><\/strong> entre eleitor e eleito.<\/p>\n\n\n\n<p>O mandato possui algumas caracter\u00edsticas fundamentais: \u00e9 <strong><mark style=\"background-color:rgba(0, 0, 0, 0)\" class=\"has-inline-color has-luminous-vivid-orange-color\">tempor\u00e1rio<\/mark><\/strong>, porque tem dura\u00e7\u00e3o definida; \u00e9 <strong><mark style=\"background-color:rgba(0, 0, 0, 0)\" class=\"has-inline-color has-luminous-vivid-orange-color\">representativo<\/mark><\/strong>, pois o eleito age em nome do povo; e \u00e9 <strong><mark style=\"background-color:rgba(0, 0, 0, 0)\" class=\"has-inline-color has-luminous-vivid-orange-color\">livre<\/mark><\/strong>, j\u00e1 que o parlamentar n\u00e3o est\u00e1 juridicamente obrigado a seguir instru\u00e7\u00f5es diretas dos eleitores. Essa liberdade diferencia o <strong><mark style=\"background-color:rgba(0, 0, 0, 0)\" class=\"has-inline-color has-vivid-purple-color\">mandato representativo<\/mark><\/strong>, adotado no Brasil, do <strong><mark style=\"background-color:rgba(0, 0, 0, 0)\" class=\"has-inline-color has-vivid-purple-color\">mandato imperativo<\/mark><\/strong>, no qual o representante pode perder o cargo se n\u00e3o seguir ordens de seus eleitores \u2014 modelo t\u00edpico de regimes autorit\u00e1rios ou corporativos.<\/p>\n\n\n\n<p>A representa\u00e7\u00e3o, no entanto, n\u00e3o \u00e9 um cheque em branco. O eleito deve atuar segundo os princ\u00edpios da <mark style=\"background-color:rgba(0, 0, 0, 0)\" class=\"has-inline-color has-vivid-purple-color\"><strong>moralidade<\/strong>, <strong>probidade<\/strong><\/mark> e <strong><mark style=\"background-color:rgba(0, 0, 0, 0)\" class=\"has-inline-color has-vivid-purple-color\">responsabilidade pol\u00edtica<\/mark><\/strong>. Existem mecanismos de <strong><mark style=\"background-color:rgba(0, 0, 0, 0)\" class=\"has-inline-color has-vivid-green-cyan-color\">accountability<\/mark><\/strong>, isto \u00e9, de presta\u00e7\u00e3o de contas, como a <strong><mark style=\"background-color:rgba(0, 0, 0, 0)\" class=\"has-inline-color has-vivid-green-cyan-color\">cassa\u00e7\u00e3o de mandato<\/mark><\/strong>, o <strong><mark style=\"background-color:rgba(0, 0, 0, 0)\" class=\"has-inline-color has-vivid-green-cyan-color\">processo de impeachment<\/mark><\/strong> e a <mark style=\"background-color:rgba(0, 0, 0, 0)\" class=\"has-inline-color has-vivid-green-cyan-color\"><strong>inelegibilidade<\/strong> <\/mark>por abuso de poder.<\/p>\n\n\n\n<p>Um exemplo relevante \u00e9 a <strong><mark style=\"background-color:rgba(0, 0, 0, 0)\" class=\"has-inline-color has-vivid-purple-color\">fidelidade partid\u00e1ria<\/mark><\/strong>, prevista no entendimento do Supremo Tribunal Federal: o mandato pertence ao partido, e n\u00e3o ao indiv\u00edduo eleito. Assim, quando um parlamentar muda de legenda sem justa causa, pode perder o mandato.<\/p>\n\n\n\n<p>Em resumo, o mandato pol\u00edtico materializa a confian\u00e7a do eleitor e exige do representante compromisso \u00e9tico e respeito \u00e0s institui\u00e7\u00f5es democr\u00e1ticas.<\/p>\n\n\n\n<h2 class=\"wp-block-heading\" id=\"h-partidos-politicos-pilares-da-representacao\"><strong>Partidos pol\u00edticos: pilares da representa\u00e7\u00e3o<\/strong><\/h2>\n\n\n\n<p>Nenhuma democracia moderna funciona sem <strong><mark style=\"background-color:rgba(0, 0, 0, 0)\" class=\"has-inline-color has-luminous-vivid-orange-color\">partidos pol\u00edticos<\/mark><\/strong>. Eles s\u00e3o as engrenagens do sistema representativo, respons\u00e1veis por articular ideias, formar lideran\u00e7as, selecionar candidatos e dar coer\u00eancia \u00e0s decis\u00f5es pol\u00edticas.<\/p>\n\n\n\n<p>De acordo com o <strong><mark style=\"background-color:rgba(0, 0, 0, 0)\" class=\"has-inline-color has-luminous-vivid-amber-color\">artigo 17 da Constitui\u00e7\u00e3o Federal<\/mark><\/strong>, os partidos t\u00eam liberdade para se organizar, mas devem respeitar princ\u00edpios como o<mark style=\"background-color:rgba(0, 0, 0, 0)\" class=\"has-inline-color has-vivid-green-cyan-color\"> <strong>regime democr\u00e1tico<\/strong><\/mark>, o <strong><mark style=\"background-color:rgba(0, 0, 0, 0)\" class=\"has-inline-color has-vivid-green-cyan-color\">car\u00e1ter nacional<\/mark><\/strong> e a <mark style=\"background-color:rgba(0, 0, 0, 0)\" class=\"has-inline-color has-vivid-green-cyan-color\"><strong>presta\u00e7\u00e3o de contas \u00e0 Justi\u00e7a Eleitoral<\/strong>.<\/mark><\/p>\n\n\n\n<p>Os partidos exercem um papel essencial de <strong><mark style=\"background-color:rgba(0, 0, 0, 0)\" class=\"has-inline-color has-vivid-cyan-blue-color\">intermedia\u00e7\u00e3o entre sociedade e Estado<\/mark><\/strong>. Eles transformam demandas sociais em programas pol\u00edticos, canalizam a participa\u00e7\u00e3o popular e estruturam a disputa eleitoral. Sem eles, o voto perderia parte de sua for\u00e7a representativa, pois os eleitores votariam em pessoas isoladas, e n\u00e3o em projetos coletivos.<\/p>\n\n\n\n<p>O sistema partid\u00e1rio brasileiro enfrenta, contudo, grandes desafios: <mark style=\"background-color:rgba(0, 0, 0, 0)\" class=\"has-inline-color has-vivid-cyan-blue-color\"><strong>fragmenta\u00e7\u00e3o excessiva<\/strong>, <strong>alian\u00e7as oportunistas<\/strong><\/mark> e <strong><mark style=\"background-color:rgba(0, 0, 0, 0)\" class=\"has-inline-color has-vivid-cyan-blue-color\">baixa identifica\u00e7\u00e3o ideol\u00f3gica<\/mark><\/strong>. Para mitigar esses problemas, a legisla\u00e7\u00e3o introduziu mecanismos como a <strong><mark style=\"background-color:rgba(0, 0, 0, 0)\" class=\"has-inline-color has-vivid-purple-color\">cl\u00e1usula de desempenho (ou de barreira)<\/mark><\/strong>, que restringe o acesso ao<mark style=\"background-color:rgba(0, 0, 0, 0)\" class=\"has-inline-color has-vivid-purple-color\"> <strong>Fundo Partid\u00e1rio<\/strong><\/mark> e ao <strong><mark style=\"background-color:rgba(0, 0, 0, 0)\" class=\"has-inline-color has-vivid-purple-color\">tempo de propaganda gratuita<\/mark><\/strong> para partidos com baixa vota\u00e7\u00e3o nacional.<\/p>\n\n\n\n<p>Nas provas de concurso, \u00e9 comum a cobran\u00e7a de temas como <mark style=\"background-color:rgba(0, 0, 0, 0)\" class=\"has-inline-color has-vivid-purple-color\"><strong>autonomia partid\u00e1ria<\/strong>, <strong>fidelidade partid\u00e1ria<\/strong> e <strong>organiza\u00e7\u00e3o partid\u00e1ria<\/strong><\/mark>. Saber como os partidos se inserem na estrutura constitucional \u00e9 essencial para compreender o funcionamento da democracia representativa.<\/p>\n\n\n\n<h2 class=\"wp-block-heading\" id=\"h-desafios-da-representacao-politica-no-seculo-xxi\"><strong>Desafios da representa\u00e7\u00e3o pol\u00edtica no s\u00e9culo XXI<\/strong><\/h2>\n\n\n\n<p>A representa\u00e7\u00e3o pol\u00edtica atravessa um momento de profunda transforma\u00e7\u00e3o. A expans\u00e3o das<mark style=\"background-color:rgba(0, 0, 0, 0)\" class=\"has-inline-color has-vivid-purple-color\"> <strong>redes sociais<\/strong><\/mark>, o aumento da <strong><mark style=\"background-color:rgba(0, 0, 0, 0)\" class=\"has-inline-color has-vivid-purple-color\">polariza\u00e7\u00e3o pol\u00edtica<\/mark><\/strong> e a <mark style=\"background-color:rgba(0, 0, 0, 0)\" class=\"has-inline-color has-vivid-purple-color\"><strong>desinforma\u00e7\u00e3o<\/strong> <\/mark>desafiam os modelos tradicionais de intermedia\u00e7\u00e3o entre o povo e o poder.<\/p>\n\n\n\n<p>Hoje, l\u00edderes pol\u00edticos falam diretamente com milh\u00f5es de pessoas por meio da internet, muitas vezes sem a media\u00e7\u00e3o dos partidos ou da imprensa. Isso pode ampliar a participa\u00e7\u00e3o popular, mas tamb\u00e9m gerar <mark style=\"background-color:rgba(0, 0, 0, 0)\" class=\"has-inline-color has-luminous-vivid-orange-color\"><strong>personalismo<\/strong>, <strong>populismo digital<\/strong><\/mark> e <mark style=\"background-color:rgba(0, 0, 0, 0)\" class=\"has-inline-color has-luminous-vivid-orange-color\"><strong>desconex\u00e3o institucional<\/strong>.<\/mark><\/p>\n\n\n\n<p>Al\u00e9m disso, cresce o sentimento de <em><strong>desconfian\u00e7a<\/strong> <\/em>nas institui\u00e7\u00f5es representativas, como o Congresso e os partidos. Esse fen\u00f4meno n\u00e3o \u00e9 exclusivo do Brasil \u2014 \u00e9 global. Ele exige novas formas de <strong><mark style=\"background-color:rgba(0, 0, 0, 0)\" class=\"has-inline-color has-vivid-green-cyan-color\">transpar\u00eancia<\/mark><\/strong>, <mark style=\"background-color:rgba(0, 0, 0, 0)\" class=\"has-inline-color has-vivid-green-cyan-color\"><strong>participa\u00e7\u00e3o<\/strong> <\/mark>e <strong><mark style=\"background-color:rgba(0, 0, 0, 0)\" class=\"has-inline-color has-vivid-green-cyan-color\">educa\u00e7\u00e3o pol\u00edtica<\/mark><\/strong> para reconstruir o v\u00ednculo entre representantes e representados.<\/p>\n\n\n\n<p>Apesar das dificuldades, a representa\u00e7\u00e3o pol\u00edtica continua sendo o melhor instrumento que temos para equilibrar liberdade e governabilidade. Refor\u00e7ar sua legitimidade \u00e9 o grande desafio das democracias do s\u00e9culo XXI.<\/p>\n\n\n\n<h2 class=\"wp-block-heading\" id=\"h-consideracoes-finais\">Considera\u00e7\u00f5es finais<\/h2>\n\n\n\n<p>O sistema representativo \u00e9 sustentado por tr\u00eas pilares insepar\u00e1veis: <strong><mark style=\"background-color:#f78da7\" class=\"has-inline-color\">o voto<\/mark><\/strong>, que expressa a vontade do povo;<mark style=\"background-color:#8ed1fc\" class=\"has-inline-color has-black-color\"> <strong>o mandato<\/strong><\/mark>, que concretiza essa vontade; e <strong><mark style=\"background-color:#7bdcb5\" class=\"has-inline-color\">os partidos<\/mark><\/strong>, que organizam e traduzem os interesses sociais.<\/p>\n\n\n\n<p>Em \u00faltima inst\u00e2ncia, a representa\u00e7\u00e3o pol\u00edtica \u00e9 um ato de confian\u00e7a \u2014 e tamb\u00e9m de responsabilidade. O voto \u00e9 a ferramenta mais poderosa para transformar a realidade, e cada eleitor \u00e9 protagonista desse processo.<\/p>\n\n\n\n<p>Mais do que um direito, votar e acompanhar os representantes \u00e9 uma forma de construir, dia ap\u00f3s dia, uma democracia mais justa, participativa e consciente.<\/p>\n\n\n\n<h2 class=\"wp-block-heading has-text-align-center\" id=\"h-cursos-e-assinaturas\">Cursos e Assinaturas<\/h2>\n\n\n\n<p>Prepare-se com o melhor material e com quem mais aprova em Concursos P\u00fablicos em todo o pa\u00eds!<\/p>\n\n\n\n<p class=\"has-text-align-center has-vivid-cyan-blue-color has-text-color has-background\" style=\"background-color:#0078bd\"><a href=\"https:\/\/www.estrategiaconcursos.com.br\/blog\/concursos-abertos\/\" target=\"_blank\" rel=\"noreferrer noopener\"><strong><mark style=\"background-color:rgba(0, 0, 0, 0)\" class=\"has-inline-color has-white-color\">Concursos Abertos<\/mark><\/strong><\/a><\/p>\n\n\n\n<p class=\"has-text-align-center has-white-color has-text-color has-background has-link-color wp-elements-50894daf756eaafe9097c6d30ebeaeb3\" style=\"background-color:#0078bd\"><strong><a href=\"https:\/\/www.estrategiaconcursos.com.br\/blog\/concursos-2025\/\">Concursos 2025<\/a><\/strong><\/p>\n\n\n\n<p><\/p>\n","protected":false},"excerpt":{"rendered":"<p>Caros, alunos. Sabe-se que a representa\u00e7\u00e3o pol\u00edtica \u00e9 um dos pilares das democracias modernas. Em sociedades complexas e populosas, \u00e9 imposs\u00edvel que todos participem diretamente das decis\u00f5es pol\u00edticas, como ocorria nas antigas democracias gregas. Por isso, o povo elege representantes que decidem em seu nome \u2014 exercendo o poder de forma indireta, mas leg\u00edtima. Esse [&hellip;]<\/p>\n","protected":false},"author":2983,"featured_media":1553379,"comment_status":"open","ping_status":"closed","sticky":false,"template":"","format":"standard","meta":{"post_tipo":"article","footnotes":""},"categories":[1],"tags":[],"tax_estado":[219964,219965,219966,219967,219968,219969,219963,219970,219971,219972,219973,219974,219975,219976,219977,219978,219979,219980,219981,219982,219983,219984,219985,219986,219987,219988,219989,219990],"class_list":["post-1670113","post","type-post","status-publish","format-standard","has-post-thumbnail","hentry","category-cursos-e-concursos","tax_estado-ac","tax_estado-al","tax_estado-am","tax_estado-ap","tax_estado-ba","tax_estado-ce","tax_estado-concursos-federais","tax_estado-df","tax_estado-es","tax_estado-go","tax_estado-ma","tax_estado-mg","tax_estado-ms","tax_estado-mt","tax_estado-pa","tax_estado-pb","tax_estado-pe","tax_estado-pi","tax_estado-pr","tax_estado-rj","tax_estado-rn","tax_estado-ro","tax_estado-rr","tax_estado-rs","tax_estado-sc","tax_estado-se","tax_estado-sp","tax_estado-to"],"acf":[],"yoast_head":"<!-- This site is optimized with the Yoast SEO Premium plugin v27.2 (Yoast SEO v27.2) - https:\/\/yoast.com\/product\/yoast-seo-premium-wordpress\/ -->\n<title>Representa\u00e7\u00e3o pol\u00edtica: mandato, partidos e o papel do voto<\/title>\n<meta name=\"description\" content=\"Nesse artigo falaremos sobre representa\u00e7\u00e3o pol\u00edtica, bem como soberania popular, mandato e partidos pol\u00edticos.\" \/>\n<meta name=\"robots\" content=\"index, follow, max-snippet:-1, max-image-preview:large, max-video-preview:-1\" \/>\n<link rel=\"canonical\" href=\"https:\/\/www.estrategiaconcursos.com.br\/blog\/representacao-politica-mandato-partidos-papel-voto\/\" \/>\n<meta property=\"og:locale\" content=\"pt_BR\" \/>\n<meta property=\"og:type\" content=\"article\" \/>\n<meta property=\"og:title\" content=\"Representa\u00e7\u00e3o pol\u00edtica: mandato, partidos e o papel do voto\" \/>\n<meta property=\"og:description\" content=\"Nesse artigo falaremos sobre representa\u00e7\u00e3o pol\u00edtica, bem como soberania popular, mandato e partidos pol\u00edticos.\" \/>\n<meta property=\"og:url\" content=\"https:\/\/www.estrategiaconcursos.com.br\/blog\/representacao-politica-mandato-partidos-papel-voto\/\" \/>\n<meta property=\"og:site_name\" content=\"Estrat\u00e9gia Concursos\" \/>\n<meta property=\"article:published_time\" content=\"2026-01-03T11:21:00+00:00\" \/>\n<meta property=\"og:image\" content=\"https:\/\/dhg1h5j42swfq.cloudfront.net\/2025\/03\/27192134\/urna.jpg\" \/>\n\t<meta property=\"og:image:width\" content=\"2000\" \/>\n\t<meta property=\"og:image:height\" content=\"2000\" \/>\n\t<meta property=\"og:image:type\" content=\"image\/jpeg\" \/>\n<meta name=\"author\" content=\"Juliana Bastos Martins Alves\" \/>\n<meta name=\"twitter:card\" content=\"summary_large_image\" \/>\n<meta name=\"twitter:creator\" content=\"@EstratConcursos\" \/>\n<meta name=\"twitter:site\" content=\"@EstratConcursos\" \/>\n<meta name=\"twitter:label1\" content=\"Escrito por\" \/>\n\t<meta name=\"twitter:data1\" content=\"Juliana Bastos Martins Alves\" \/>\n\t<meta name=\"twitter:label2\" content=\"Est. tempo de leitura\" \/>\n\t<meta name=\"twitter:data2\" content=\"6 minutos\" \/>\n<script type=\"application\/ld+json\" class=\"yoast-schema-graph\">{\"@context\":\"https:\/\/schema.org\",\"@graph\":[{\"@type\":\"NewsArticle\",\"@id\":\"https:\/\/www.estrategiaconcursos.com.br\/blog\/representacao-politica-mandato-partidos-papel-voto\/#article\",\"isPartOf\":{\"@id\":\"https:\/\/www.estrategiaconcursos.com.br\/blog\/representacao-politica-mandato-partidos-papel-voto\/\"},\"author\":{\"name\":\"Juliana Bastos Martins Alves\",\"@id\":\"https:\/\/www.estrategiaconcursos.com.br\/blog\/#\/schema\/person\/07c6b32a2ff6a5917c5ea78d62b544dd\"},\"headline\":\"Representa\u00e7\u00e3o pol\u00edtica: mandato, partidos e o papel do voto\",\"datePublished\":\"2026-01-03T11:21:00+00:00\",\"mainEntityOfPage\":{\"@id\":\"https:\/\/www.estrategiaconcursos.com.br\/blog\/representacao-politica-mandato-partidos-papel-voto\/\"},\"wordCount\":1200,\"commentCount\":0,\"publisher\":{\"@id\":\"https:\/\/www.estrategiaconcursos.com.br\/blog\/#organization\"},\"image\":{\"@id\":\"https:\/\/www.estrategiaconcursos.com.br\/blog\/representacao-politica-mandato-partidos-papel-voto\/#primaryimage\"},\"thumbnailUrl\":\"https:\/\/dhg1h5j42swfq.cloudfront.net\/2025\/03\/27192134\/urna.jpg\",\"articleSection\":[\"Concursos P\u00fablicos\"],\"inLanguage\":\"pt-BR\",\"potentialAction\":[{\"@type\":\"CommentAction\",\"name\":\"Comment\",\"target\":[\"https:\/\/www.estrategiaconcursos.com.br\/blog\/representacao-politica-mandato-partidos-papel-voto\/#respond\"]}],\"copyrightYear\":\"2026\",\"copyrightHolder\":{\"@id\":\"https:\/\/www.estrategiaconcursos.com.br\/blog\/#organization\"}},{\"@type\":\"WebPage\",\"@id\":\"https:\/\/www.estrategiaconcursos.com.br\/blog\/representacao-politica-mandato-partidos-papel-voto\/\",\"url\":\"https:\/\/www.estrategiaconcursos.com.br\/blog\/representacao-politica-mandato-partidos-papel-voto\/\",\"name\":\"Representa\u00e7\u00e3o pol\u00edtica: mandato, partidos e o papel do voto\",\"isPartOf\":{\"@id\":\"https:\/\/www.estrategiaconcursos.com.br\/blog\/#website\"},\"primaryImageOfPage\":{\"@id\":\"https:\/\/www.estrategiaconcursos.com.br\/blog\/representacao-politica-mandato-partidos-papel-voto\/#primaryimage\"},\"image\":{\"@id\":\"https:\/\/www.estrategiaconcursos.com.br\/blog\/representacao-politica-mandato-partidos-papel-voto\/#primaryimage\"},\"thumbnailUrl\":\"https:\/\/dhg1h5j42swfq.cloudfront.net\/2025\/03\/27192134\/urna.jpg\",\"datePublished\":\"2026-01-03T11:21:00+00:00\",\"description\":\"Nesse artigo falaremos sobre representa\u00e7\u00e3o pol\u00edtica, bem como soberania popular, mandato e partidos pol\u00edticos.\",\"breadcrumb\":{\"@id\":\"https:\/\/www.estrategiaconcursos.com.br\/blog\/representacao-politica-mandato-partidos-papel-voto\/#breadcrumb\"},\"inLanguage\":\"pt-BR\",\"potentialAction\":[{\"@type\":\"ReadAction\",\"target\":[\"https:\/\/www.estrategiaconcursos.com.br\/blog\/representacao-politica-mandato-partidos-papel-voto\/\"]}]},{\"@type\":\"ImageObject\",\"inLanguage\":\"pt-BR\",\"@id\":\"https:\/\/www.estrategiaconcursos.com.br\/blog\/representacao-politica-mandato-partidos-papel-voto\/#primaryimage\",\"url\":\"https:\/\/dhg1h5j42swfq.cloudfront.net\/2025\/03\/27192134\/urna.jpg\",\"contentUrl\":\"https:\/\/dhg1h5j42swfq.cloudfront.net\/2025\/03\/27192134\/urna.jpg\",\"width\":2000,\"height\":2000,\"caption\":\"Como fazer uma excelente reda\u00e7\u00e3o sobre a import\u00e2ncia do voto\"},{\"@type\":\"BreadcrumbList\",\"@id\":\"https:\/\/www.estrategiaconcursos.com.br\/blog\/representacao-politica-mandato-partidos-papel-voto\/#breadcrumb\",\"itemListElement\":[{\"@type\":\"ListItem\",\"position\":1,\"name\":\"In\u00edcio\",\"item\":\"https:\/\/www.estrategiaconcursos.com.br\/blog\/\"},{\"@type\":\"ListItem\",\"position\":2,\"name\":\"Representa\u00e7\u00e3o pol\u00edtica: mandato, partidos e o papel do voto\"}]},{\"@type\":\"WebSite\",\"@id\":\"https:\/\/www.estrategiaconcursos.com.br\/blog\/#website\",\"url\":\"https:\/\/www.estrategiaconcursos.com.br\/blog\/\",\"name\":\"Estrat\u00e9gia Concursos\",\"description\":\"O blog da Estrat\u00e9gia Concursos traz not\u00edcias sobre concursos e artigos de professores oferecendo cursos para concursos (pdf + videaulas) no site.\",\"publisher\":{\"@id\":\"https:\/\/www.estrategiaconcursos.com.br\/blog\/#organization\"},\"potentialAction\":[{\"@type\":\"SearchAction\",\"target\":{\"@type\":\"EntryPoint\",\"urlTemplate\":\"https:\/\/www.estrategiaconcursos.com.br\/blog\/?s={search_term_string}\"},\"query-input\":{\"@type\":\"PropertyValueSpecification\",\"valueRequired\":true,\"valueName\":\"search_term_string\"}}],\"inLanguage\":\"pt-BR\"},{\"@type\":\"Organization\",\"@id\":\"https:\/\/www.estrategiaconcursos.com.br\/blog\/#organization\",\"name\":\"Estrat\u00e9gia Concursos\",\"url\":\"https:\/\/www.estrategiaconcursos.com.br\/blog\/\",\"logo\":{\"@type\":\"ImageObject\",\"inLanguage\":\"pt-BR\",\"@id\":\"https:\/\/www.estrategiaconcursos.com.br\/blog\/#\/schema\/logo\/image\/\",\"url\":\"https:\/\/dhg1h5j42swfq.cloudfront.net\/2025\/06\/03203428\/logo_concursos-1.jpg\",\"contentUrl\":\"https:\/\/dhg1h5j42swfq.cloudfront.net\/2025\/06\/03203428\/logo_concursos-1.jpg\",\"width\":230,\"height\":60,\"caption\":\"Estrat\u00e9gia Concursos\"},\"image\":{\"@id\":\"https:\/\/www.estrategiaconcursos.com.br\/blog\/#\/schema\/logo\/image\/\"},\"sameAs\":[\"https:\/\/x.com\/EstratConcursos\"]},{\"@type\":\"Person\",\"@id\":\"https:\/\/www.estrategiaconcursos.com.br\/blog\/#\/schema\/person\/07c6b32a2ff6a5917c5ea78d62b544dd\",\"name\":\"Juliana Bastos Martins Alves\",\"image\":{\"@type\":\"ImageObject\",\"inLanguage\":\"pt-BR\",\"@id\":\"https:\/\/secure.gravatar.com\/avatar\/453e6e681663a9e479bd1162e5a8cd14b922b15ff643b99f0778c472b6a305c5?s=96&d=mm&r=g\",\"url\":\"https:\/\/secure.gravatar.com\/avatar\/453e6e681663a9e479bd1162e5a8cd14b922b15ff643b99f0778c472b6a305c5?s=96&d=mm&r=g\",\"contentUrl\":\"https:\/\/secure.gravatar.com\/avatar\/453e6e681663a9e479bd1162e5a8cd14b922b15ff643b99f0778c472b6a305c5?s=96&d=mm&r=g\",\"caption\":\"Juliana Bastos Martins Alves\"},\"description\":\"T\u00e9cnica Legislativa na C\u00e2mara Municipal de S\u00e3o Paulo. Graduada em Direito pela Pontif\u00edcia Universidade Cat\u00f3lica de S\u00e3o Paulo\/SP. P\u00f3s-graduada em Processo Civil pela Escola Superior do Minist\u00e9rio P\u00fablico (ESMP).\",\"url\":\"https:\/\/www.estrategiaconcursos.com.br\/blog\/author\/juliana199405gmail-com\/\"}]}<\/script>\n<!-- \/ Yoast SEO Premium plugin. -->","yoast_head_json":{"title":"Representa\u00e7\u00e3o pol\u00edtica: mandato, partidos e o papel do voto","description":"Nesse artigo falaremos sobre representa\u00e7\u00e3o pol\u00edtica, bem como soberania popular, mandato e partidos pol\u00edticos.","robots":{"index":"index","follow":"follow","max-snippet":"max-snippet:-1","max-image-preview":"max-image-preview:large","max-video-preview":"max-video-preview:-1"},"canonical":"https:\/\/www.estrategiaconcursos.com.br\/blog\/representacao-politica-mandato-partidos-papel-voto\/","og_locale":"pt_BR","og_type":"article","og_title":"Representa\u00e7\u00e3o pol\u00edtica: mandato, partidos e o papel do voto","og_description":"Nesse artigo falaremos sobre representa\u00e7\u00e3o pol\u00edtica, bem como soberania popular, mandato e partidos pol\u00edticos.","og_url":"https:\/\/www.estrategiaconcursos.com.br\/blog\/representacao-politica-mandato-partidos-papel-voto\/","og_site_name":"Estrat\u00e9gia Concursos","article_published_time":"2026-01-03T11:21:00+00:00","og_image":[{"width":2000,"height":2000,"url":"https:\/\/dhg1h5j42swfq.cloudfront.net\/2025\/03\/27192134\/urna.jpg","type":"image\/jpeg"}],"author":"Juliana Bastos Martins Alves","twitter_card":"summary_large_image","twitter_creator":"@EstratConcursos","twitter_site":"@EstratConcursos","twitter_misc":{"Escrito por":"Juliana Bastos Martins Alves","Est. tempo de leitura":"6 minutos"},"schema":{"@context":"https:\/\/schema.org","@graph":[{"@type":"NewsArticle","@id":"https:\/\/www.estrategiaconcursos.com.br\/blog\/representacao-politica-mandato-partidos-papel-voto\/#article","isPartOf":{"@id":"https:\/\/www.estrategiaconcursos.com.br\/blog\/representacao-politica-mandato-partidos-papel-voto\/"},"author":{"name":"Juliana Bastos Martins Alves","@id":"https:\/\/www.estrategiaconcursos.com.br\/blog\/#\/schema\/person\/07c6b32a2ff6a5917c5ea78d62b544dd"},"headline":"Representa\u00e7\u00e3o pol\u00edtica: mandato, partidos e o papel do voto","datePublished":"2026-01-03T11:21:00+00:00","mainEntityOfPage":{"@id":"https:\/\/www.estrategiaconcursos.com.br\/blog\/representacao-politica-mandato-partidos-papel-voto\/"},"wordCount":1200,"commentCount":0,"publisher":{"@id":"https:\/\/www.estrategiaconcursos.com.br\/blog\/#organization"},"image":{"@id":"https:\/\/www.estrategiaconcursos.com.br\/blog\/representacao-politica-mandato-partidos-papel-voto\/#primaryimage"},"thumbnailUrl":"https:\/\/dhg1h5j42swfq.cloudfront.net\/2025\/03\/27192134\/urna.jpg","articleSection":["Concursos P\u00fablicos"],"inLanguage":"pt-BR","potentialAction":[{"@type":"CommentAction","name":"Comment","target":["https:\/\/www.estrategiaconcursos.com.br\/blog\/representacao-politica-mandato-partidos-papel-voto\/#respond"]}],"copyrightYear":"2026","copyrightHolder":{"@id":"https:\/\/www.estrategiaconcursos.com.br\/blog\/#organization"}},{"@type":"WebPage","@id":"https:\/\/www.estrategiaconcursos.com.br\/blog\/representacao-politica-mandato-partidos-papel-voto\/","url":"https:\/\/www.estrategiaconcursos.com.br\/blog\/representacao-politica-mandato-partidos-papel-voto\/","name":"Representa\u00e7\u00e3o pol\u00edtica: mandato, partidos e o papel do voto","isPartOf":{"@id":"https:\/\/www.estrategiaconcursos.com.br\/blog\/#website"},"primaryImageOfPage":{"@id":"https:\/\/www.estrategiaconcursos.com.br\/blog\/representacao-politica-mandato-partidos-papel-voto\/#primaryimage"},"image":{"@id":"https:\/\/www.estrategiaconcursos.com.br\/blog\/representacao-politica-mandato-partidos-papel-voto\/#primaryimage"},"thumbnailUrl":"https:\/\/dhg1h5j42swfq.cloudfront.net\/2025\/03\/27192134\/urna.jpg","datePublished":"2026-01-03T11:21:00+00:00","description":"Nesse artigo falaremos sobre representa\u00e7\u00e3o pol\u00edtica, bem como soberania popular, mandato e partidos pol\u00edticos.","breadcrumb":{"@id":"https:\/\/www.estrategiaconcursos.com.br\/blog\/representacao-politica-mandato-partidos-papel-voto\/#breadcrumb"},"inLanguage":"pt-BR","potentialAction":[{"@type":"ReadAction","target":["https:\/\/www.estrategiaconcursos.com.br\/blog\/representacao-politica-mandato-partidos-papel-voto\/"]}]},{"@type":"ImageObject","inLanguage":"pt-BR","@id":"https:\/\/www.estrategiaconcursos.com.br\/blog\/representacao-politica-mandato-partidos-papel-voto\/#primaryimage","url":"https:\/\/dhg1h5j42swfq.cloudfront.net\/2025\/03\/27192134\/urna.jpg","contentUrl":"https:\/\/dhg1h5j42swfq.cloudfront.net\/2025\/03\/27192134\/urna.jpg","width":2000,"height":2000,"caption":"Como fazer uma excelente reda\u00e7\u00e3o sobre a import\u00e2ncia do voto"},{"@type":"BreadcrumbList","@id":"https:\/\/www.estrategiaconcursos.com.br\/blog\/representacao-politica-mandato-partidos-papel-voto\/#breadcrumb","itemListElement":[{"@type":"ListItem","position":1,"name":"In\u00edcio","item":"https:\/\/www.estrategiaconcursos.com.br\/blog\/"},{"@type":"ListItem","position":2,"name":"Representa\u00e7\u00e3o pol\u00edtica: mandato, partidos e o papel do voto"}]},{"@type":"WebSite","@id":"https:\/\/www.estrategiaconcursos.com.br\/blog\/#website","url":"https:\/\/www.estrategiaconcursos.com.br\/blog\/","name":"Estrat\u00e9gia Concursos","description":"O blog da Estrat\u00e9gia Concursos traz not\u00edcias sobre concursos e artigos de professores oferecendo cursos para concursos (pdf + videaulas) no site.","publisher":{"@id":"https:\/\/www.estrategiaconcursos.com.br\/blog\/#organization"},"potentialAction":[{"@type":"SearchAction","target":{"@type":"EntryPoint","urlTemplate":"https:\/\/www.estrategiaconcursos.com.br\/blog\/?s={search_term_string}"},"query-input":{"@type":"PropertyValueSpecification","valueRequired":true,"valueName":"search_term_string"}}],"inLanguage":"pt-BR"},{"@type":"Organization","@id":"https:\/\/www.estrategiaconcursos.com.br\/blog\/#organization","name":"Estrat\u00e9gia Concursos","url":"https:\/\/www.estrategiaconcursos.com.br\/blog\/","logo":{"@type":"ImageObject","inLanguage":"pt-BR","@id":"https:\/\/www.estrategiaconcursos.com.br\/blog\/#\/schema\/logo\/image\/","url":"https:\/\/dhg1h5j42swfq.cloudfront.net\/2025\/06\/03203428\/logo_concursos-1.jpg","contentUrl":"https:\/\/dhg1h5j42swfq.cloudfront.net\/2025\/06\/03203428\/logo_concursos-1.jpg","width":230,"height":60,"caption":"Estrat\u00e9gia Concursos"},"image":{"@id":"https:\/\/www.estrategiaconcursos.com.br\/blog\/#\/schema\/logo\/image\/"},"sameAs":["https:\/\/x.com\/EstratConcursos"]},{"@type":"Person","@id":"https:\/\/www.estrategiaconcursos.com.br\/blog\/#\/schema\/person\/07c6b32a2ff6a5917c5ea78d62b544dd","name":"Juliana Bastos Martins Alves","image":{"@type":"ImageObject","inLanguage":"pt-BR","@id":"https:\/\/secure.gravatar.com\/avatar\/453e6e681663a9e479bd1162e5a8cd14b922b15ff643b99f0778c472b6a305c5?s=96&d=mm&r=g","url":"https:\/\/secure.gravatar.com\/avatar\/453e6e681663a9e479bd1162e5a8cd14b922b15ff643b99f0778c472b6a305c5?s=96&d=mm&r=g","contentUrl":"https:\/\/secure.gravatar.com\/avatar\/453e6e681663a9e479bd1162e5a8cd14b922b15ff643b99f0778c472b6a305c5?s=96&d=mm&r=g","caption":"Juliana Bastos Martins Alves"},"description":"T\u00e9cnica Legislativa na C\u00e2mara Municipal de S\u00e3o Paulo. Graduada em Direito pela Pontif\u00edcia Universidade Cat\u00f3lica de S\u00e3o Paulo\/SP. P\u00f3s-graduada em Processo Civil pela Escola Superior do Minist\u00e9rio P\u00fablico (ESMP).","url":"https:\/\/www.estrategiaconcursos.com.br\/blog\/author\/juliana199405gmail-com\/"}]}},"_links":{"self":[{"href":"https:\/\/www.estrategiaconcursos.com.br\/blog\/wp-json\/wp\/v2\/posts\/1670113","targetHints":{"allow":["GET"]}}],"collection":[{"href":"https:\/\/www.estrategiaconcursos.com.br\/blog\/wp-json\/wp\/v2\/posts"}],"about":[{"href":"https:\/\/www.estrategiaconcursos.com.br\/blog\/wp-json\/wp\/v2\/types\/post"}],"author":[{"embeddable":true,"href":"https:\/\/www.estrategiaconcursos.com.br\/blog\/wp-json\/wp\/v2\/users\/2983"}],"replies":[{"embeddable":true,"href":"https:\/\/www.estrategiaconcursos.com.br\/blog\/wp-json\/wp\/v2\/comments?post=1670113"}],"version-history":[{"count":12,"href":"https:\/\/www.estrategiaconcursos.com.br\/blog\/wp-json\/wp\/v2\/posts\/1670113\/revisions"}],"predecessor-version":[{"id":1670746,"href":"https:\/\/www.estrategiaconcursos.com.br\/blog\/wp-json\/wp\/v2\/posts\/1670113\/revisions\/1670746"}],"wp:featuredmedia":[{"embeddable":true,"href":"https:\/\/www.estrategiaconcursos.com.br\/blog\/wp-json\/wp\/v2\/media\/1553379"}],"wp:attachment":[{"href":"https:\/\/www.estrategiaconcursos.com.br\/blog\/wp-json\/wp\/v2\/media?parent=1670113"}],"wp:term":[{"taxonomy":"category","embeddable":true,"href":"https:\/\/www.estrategiaconcursos.com.br\/blog\/wp-json\/wp\/v2\/categories?post=1670113"},{"taxonomy":"post_tag","embeddable":true,"href":"https:\/\/www.estrategiaconcursos.com.br\/blog\/wp-json\/wp\/v2\/tags?post=1670113"},{"taxonomy":"tax_estado","embeddable":true,"href":"https:\/\/www.estrategiaconcursos.com.br\/blog\/wp-json\/wp\/v2\/tax_estado?post=1670113"}],"curies":[{"name":"wp","href":"https:\/\/api.w.org\/{rel}","templated":true}]}}