{"id":1669795,"date":"2025-11-12T20:54:21","date_gmt":"2025-11-12T23:54:21","guid":{"rendered":"https:\/\/www.estrategiaconcursos.com.br\/blog\/?p=1669795"},"modified":"2025-11-13T15:41:01","modified_gmt":"2025-11-13T18:41:01","slug":"novo-concurso-sefaz-go","status":"publish","type":"post","link":"https:\/\/www.estrategiaconcursos.com.br\/blog\/novo-concurso-sefaz-go\/","title":{"rendered":"Concurso Sefaz GO: novo edital a caminho; at\u00e9 R$ 32 mil!"},"content":{"rendered":"\n<p style=\"font-size:clamp(16.293px, 1.018rem + ((1vw - 3.2px) * 0.854), 25px);\"><strong><em>Concurso Sefaz GO ter\u00e1 edital anterior revogado e novo documento de abertura ser\u00e1 publicado!<\/em><\/strong><\/p>\n\n\n\n<p>Aten\u00e7\u00e3o, concurseiros! Ap\u00f3s uma baita novela, o concurso <strong>Sefaz GO (<a href=\"https:\/\/www.estrategiaconcursos.com.br\/cursosPorConcurso\/sefaz-go\/\" target=\"_blank\" rel=\"noreferrer noopener\">Secretaria da Economia do Estado de Goi\u00e1s<\/a>)<\/strong> deve finalmente voltar \u00e0 pra\u00e7a, mas <strong>em um novo edital de abertura<\/strong>.<\/p>\n\n\n\n<p>Isso porque, segundo informa\u00e7\u00f5es desta quarta-feira (12), a Procuradoria-Geral do Estado (PGE) assinou um despacho que envia os documentos do processo de suspens\u00e3o de volta \u00e0 Secretaria da Economia.<\/p>\n\n\n\n<p>Com isso, os tr\u00e2mites para o prosseguimento do certame est\u00e3o oficialmente nas m\u00e3os da Sefaz GO, que deve revogar o edital anterior e publicar um novo edital.<\/p>\n\n\n\n<p>O concurso, no entanto, ainda segue com a mesma <strong>banca organizadora<\/strong>, a <strong>Funda\u00e7\u00e3o Carlos Chagas<\/strong> &#8211; FCC, mas com um <a href=\"https:\/\/www.estrategiaconcursos.com.br\/blog\/concurso-sefaz-go-retomada\/\" target=\"_blank\" rel=\"noreferrer noopener\">n\u00famero menor de oportunidades<\/a> para o cargo de <strong>Auditor Fiscal<\/strong>.<\/p>\n\n\n\n<p>A redu\u00e7\u00e3o j\u00e1 foi anteriormente divulgada pela Sefaz, que justificou a medida a partir de uma <strong>revis\u00e3o or\u00e7ament\u00e1ria<\/strong>&nbsp;realizada pelo \u00f3rg\u00e3o.<\/p>\n\n\n\n<p>Na an\u00e1lise, constatou-se a necessidade de adequa\u00e7\u00e3o \u00e0s diretrizes do Regime de Recupera\u00e7\u00e3o Fiscal (RRF). Tamb\u00e9m foi necess\u00e1rio adicionar os limites legais previstos na Lei de Responsabilidade Fiscal Complementar, que diz sobre a despesa com pessoal.<\/p>\n\n\n\n<p>Agora, ser\u00e3o contempladas <strong>50 vagas imediatas<\/strong> mais <strong>25 oportunidades de cadastro reserva<\/strong>. Ainda ser\u00e3o adicionadas no novo edital as cotas raciais, conforme legisla\u00e7\u00e3o atual. Este, inclusive, foi o motivo principal da suspens\u00e3o.<\/p>\n\n\n\n<p>Lembrando que o sal\u00e1rio inicial da carreira de Auditor Fiscal, conforme reajuste mais recente, \u00e9 de <strong>R$ 28.563,30<\/strong>, mais verba indenizat\u00f3ria de R$ 3,6 mil,<strong> ultrapassando os R$ 32 mil<\/strong>!<\/p>\n\n\n\n<h3 class=\"wp-block-heading\" id=\"h-justica-reconheceu-a-ausencia-das-cotas-raciais-e-determinou-inclusao-atraves-de-retificacao\">Justi\u00e7a reconheceu a aus\u00eancia das cotas raciais e determinou inclus\u00e3o atrav\u00e9s de retifica\u00e7\u00e3o<\/h3>\n\n\n\n<p>Ademais, no in\u00edcio de outubro, a justi\u00e7a reconheceu que a <strong>aus\u00eancia das cotas raciais<\/strong> representa uma <strong>viola\u00e7\u00e3o ao princ\u00edpio da igualdade<\/strong> e destacou que o Supremo Tribunal Federal (STF) j\u00e1 consolidou o entendimento de que as a\u00e7\u00f5es afirmativas s\u00e3o constitucionais.<\/p>\n\n\n\n<p>Em sua decis\u00e3o, a magistrada determinou que o Estado de Goi\u00e1s deve:<\/p>\n\n\n\n<ul class=\"wp-block-list\">\n<li><strong>Retificar o edital<\/strong> para incluir a reserva de <strong>20% das vagas para negros<\/strong>;<\/li>\n\n\n\n<li><strong>Republicar o edital<\/strong> e <strong>reabrir as inscri\u00e7\u00f5es por 30 dias<\/strong>;<\/li>\n\n\n\n<li><strong>Manter o concurso suspenso<\/strong> at\u00e9 o cumprimento das medidas.<\/li>\n<\/ul>\n\n\n\n<p>At\u00e9 que as medidas sejam devidamente realizadas, o certame deve permanecer suspenso. Em caso de descumprimento, a multa di\u00e1ria ser\u00e1 de R$ 50 mil, limitada a R$ 1 milh\u00e3o.<\/p>\n\n\n\n<div class=\"container\" id=\"boxes\">\r\n  <div class=\"row\">\r\n\r\n    <div class=\"col-sm\">\r\n      <div class=\"banner-sefaz-ec\" id=\"box-assinatura\">\r\n        <h2 class=\"titulo-assinatura\">Concurso Sefaz GO<\/h2>\r\n        <p class=\"subtitulo-assinatura\">Cursos preparat\u00f3rios completos para a carreira! \u270d<\/p>\r\n        <div class=\"box-botao\">\r\n          <a class=\"btn-assinatura\" target=\"_blank\" href=\"https:\/\/www.estrategiaconcursos.com.br\/cursosPorConcurso\/sefaz-go\/\" role=\"button\" rel=\"noopener noreferrer\">VER CURSOS<\/a>\r\n        <\/div>\r\n      <\/div>\r\n     \r\n    <\/div>\r\n\r\n  <\/div>\r\n<\/div>\n\n\n\n<h2 class=\"wp-block-heading\" id=\"h-entenda-o-caso-de-suspensao-do-concurso-sefaz-go\">Entenda o caso de suspens\u00e3o do concurso Sefaz GO<\/h2>\n\n\n\n<p>Em maio de 2025, o Minist\u00e9rio P\u00fablico de Goi\u00e1s entrou com uma A\u00e7\u00e3o Civil P\u00fablica contra o Estado Goiano devido \u00e0 falta de cotas raciais no edital do concurso Sefaz GO, medida acatada pela Justi\u00e7a.<\/p>\n\n\n\n<p>A decis\u00e3o foi proferida pela 6\u00aa Vara de Fazenda P\u00fablica Estadual de Goi\u00e2nia, que tamb\u00e9m acatou a tutela de urg\u00eancia requisitada pelo pr\u00f3prio MPGO.<\/p>\n\n\n\n<p>A medida questionava a aus\u00eancia da respectiva reserva, conforme o que consta em lei federal vigente. De acordo com os promotores de justi\u00e7a Her\u00e1clito D\u2019Abadia Camargo e Cassius Marcellus de Freitas Rodrigues, a falta de cotas viola&nbsp;<em>\u201cdispositivos constitucionais e tratados internacionais\u201d<\/em>.<\/p>\n\n\n\n<p>A ju\u00edza respons\u00e1vel pelo caso, Liliam Margareth da Silva Ferreira concordou na \u00e9poca com os promotores e disse que a aus\u00eancia de legisla\u00e7\u00f5es espec\u00edficas no \u00e2mbito estadual sobre o assunto n\u00e3o autoriza o n\u00e3o cumprimento de normas de \u00e2mbito federal.<\/p>\n\n\n\n<p>Enquanto o Minist\u00e9rio P\u00fablico argumentou que, recentemente, foi publicada a Lei Estadual n\u00ba 23.389\/2025, que prev\u00ea a reserva de&nbsp;20% das vagas para candidatos negros em concursos.<\/p>\n\n\n\n<p>Essas vagas s\u00e3o destinadas ao provimento de cargos efetivos e empregos p\u00fablicos nos poderes Executivo e Legislativo do Estado de Goi\u00e1s.<\/p>\n\n\n\n<p class=\"has-text-align-center\"><em>Para mais informa\u00e7\u00f5es sobre o concurso <a href=\"https:\/\/goias.gov.br\/\" target=\"_blank\" rel=\"noreferrer noopener\">Sefaz GO<\/a>, al\u00e9m do novo edital, acesse abaixo!<\/em><\/p>\n\n\n\n<p class=\"has-text-align-center has-background has-medium-font-size\" style=\"background-color:#99c2dc\"><strong>Saiba mais: <a href=\"https:\/\/www.estrategiaconcursos.com.br\/blog\/concurso-sefaz-go\/\" target=\"_blank\" rel=\"noreferrer noopener\">concurso Sefaz GO<\/a><\/strong><\/p>\n\n\n\n<hr class=\"wp-block-separator has-alpha-channel-opacity\"\/>\n\n\n\n<h2 class=\"wp-block-heading has-text-align-center\" id=\"h-quer-saber-tudo-sobre-concursos-previstos-confira-nossos-artigos\">Quer saber tudo sobre concursos previstos?<br \/>Confira nossos artigos!<\/h2>\n\n\n\n<div class=\"container\" id=\"boxes\">\r\n  <div class=\"row\">\r\n\r\n    <div class=\"col-sm\">\r\n      <div class=\"estrategia\" id=\"box-assinatura\">\r\n        <h3 class=\"titulo-assinatura\">Assinatura Concursos<\/h3>\r\n        <p class=\"subtitulo-assinatura\">Assinatura de 1 ano ou 2 anos<\/p>\r\n        <div class=\"box-botao\">\r\n          <a class=\"btn-assinatura\" target=\"_blank\" href=\"https:\/\/www.estrategiaconcursos.com.br\/assinaturas\/\" role=\"button\" rel=\"noopener noreferrer\">ASSINE AGORA<\/a>\r\n        <\/div>\r\n      <\/div><\/div><\/div><\/div>\n\n\n\n<ul class=\"wp-block-list\">\n<li><a href=\"https:\/\/www.estrategiaconcursos.com.br\/blog\/concursos-abertos\/\" target=\"_blank\" rel=\"noreferrer noopener\">Concursos Abertos<\/a><\/li>\n\n\n\n<li><a href=\"https:\/\/www.estrategiaconcursos.com.br\/blog\/concursos-fiscais\/\" target=\"_blank\" rel=\"noreferrer noopener\">Concursos Fiscais<\/a><\/li>\n\n\n\n<li><a href=\"https:\/\/www.estrategiaconcursos.com.br\/blog\/concursos-2025\/\" target=\"_blank\" rel=\"noreferrer noopener\">Concursos 2025<\/a><\/li>\n\n\n\n<li><a href=\"https:\/\/www.estrategiaconcursos.com.br\/blog\/concursos-2026\/\" target=\"_blank\" rel=\"noreferrer noopener\">Concursos 2026<\/a><\/li>\n<\/ul>\n","protected":false},"excerpt":{"rendered":"<p>Concurso Sefaz GO ter\u00e1 edital anterior revogado e novo documento de abertura ser\u00e1 publicado! Aten\u00e7\u00e3o, concurseiros! Ap\u00f3s uma baita novela, o concurso Sefaz GO (Secretaria da Economia do Estado de Goi\u00e1s) deve finalmente voltar \u00e0 pra\u00e7a, mas em um novo edital de abertura. Isso porque, segundo informa\u00e7\u00f5es desta quarta-feira (12), a Procuradoria-Geral do Estado (PGE) [&hellip;]<\/p>\n","protected":false},"author":2692,"featured_media":1660289,"comment_status":"open","ping_status":"closed","sticky":false,"template":"","format":"standard","meta":{"post_tipo":"news","footnotes":""},"categories":[1983,220219],"tags":[],"tax_estado":[219972],"class_list":["post-1669795","post","type-post","status-publish","format-standard","has-post-thumbnail","hentry","category-fiscal-estadual","category-noticias","tax_estado-go"],"acf":[],"yoast_head":"<!-- This site is optimized with the Yoast SEO Premium plugin v27.2 (Yoast SEO v27.2) - https:\/\/yoast.com\/product\/yoast-seo-premium-wordpress\/ -->\n<title>Concurso Sefaz GO: novo edital a caminho; at\u00e9 R$ 32 mil!<\/title>\n<meta name=\"description\" content=\"Novo concurso Sefaz GO sair\u00e1 do papel! Isso porque o procurador-geral assinou um parecer jur\u00eddico para revoga\u00e7\u00e3o do edital anterior.\" \/>\n<meta name=\"robots\" content=\"index, follow, max-snippet:-1, max-image-preview:large, max-video-preview:-1\" \/>\n<link rel=\"canonical\" href=\"https:\/\/www.estrategiaconcursos.com.br\/blog\/novo-concurso-sefaz-go\/\" \/>\n<meta property=\"og:locale\" content=\"pt_BR\" \/>\n<meta property=\"og:type\" content=\"article\" \/>\n<meta property=\"og:title\" content=\"Concurso Sefaz GO: novo edital a caminho; at\u00e9 R$ 32 mil!\" \/>\n<meta property=\"og:description\" content=\"Novo concurso Sefaz GO sair\u00e1 do papel! Isso porque o procurador-geral assinou um parecer jur\u00eddico para revoga\u00e7\u00e3o do edital anterior.\" \/>\n<meta property=\"og:url\" content=\"https:\/\/www.estrategiaconcursos.com.br\/blog\/novo-concurso-sefaz-go\/\" \/>\n<meta property=\"og:site_name\" content=\"Estrat\u00e9gia Concursos\" \/>\n<meta property=\"article:published_time\" content=\"2025-11-12T23:54:21+00:00\" \/>\n<meta property=\"article:modified_time\" content=\"2025-11-13T18:41:01+00:00\" \/>\n<meta property=\"og:image\" content=\"https:\/\/dhg1h5j42swfq.cloudfront.net\/2025\/10\/24130413\/image-250.png\" \/>\n\t<meta property=\"og:image:width\" content=\"900\" \/>\n\t<meta property=\"og:image:height\" content=\"507\" \/>\n\t<meta property=\"og:image:type\" content=\"image\/png\" \/>\n<meta name=\"author\" content=\"Ronaldo Scanavini Neto\" \/>\n<meta name=\"twitter:card\" content=\"summary_large_image\" \/>\n<meta name=\"twitter:creator\" content=\"@EstratConcursos\" \/>\n<meta name=\"twitter:site\" content=\"@EstratConcursos\" \/>\n<meta name=\"twitter:label1\" content=\"Escrito por\" \/>\n\t<meta name=\"twitter:data1\" content=\"Ronaldo Scanavini Neto\" \/>\n\t<meta name=\"twitter:label2\" content=\"Est. tempo de leitura\" \/>\n\t<meta name=\"twitter:data2\" content=\"3 minutos\" \/>\n<script type=\"application\/ld+json\" class=\"yoast-schema-graph\">{\"@context\":\"https:\/\/schema.org\",\"@graph\":[{\"@type\":\"NewsArticle\",\"@id\":\"https:\/\/www.estrategiaconcursos.com.br\/blog\/novo-concurso-sefaz-go\/#article\",\"isPartOf\":{\"@id\":\"https:\/\/www.estrategiaconcursos.com.br\/blog\/novo-concurso-sefaz-go\/\"},\"author\":{\"name\":\"Ronaldo Scanavini Neto\",\"@id\":\"https:\/\/www.estrategiaconcursos.com.br\/blog\/#\/schema\/person\/70c2ad4297aa24ff8815b08215b23a76\"},\"headline\":\"Concurso Sefaz GO: novo edital a caminho; at\u00e9 R$ 32 mil!\",\"datePublished\":\"2025-11-12T23:54:21+00:00\",\"dateModified\":\"2025-11-13T18:41:01+00:00\",\"mainEntityOfPage\":{\"@id\":\"https:\/\/www.estrategiaconcursos.com.br\/blog\/novo-concurso-sefaz-go\/\"},\"wordCount\":697,\"commentCount\":0,\"publisher\":{\"@id\":\"https:\/\/www.estrategiaconcursos.com.br\/blog\/#organization\"},\"image\":{\"@id\":\"https:\/\/www.estrategiaconcursos.com.br\/blog\/novo-concurso-sefaz-go\/#primaryimage\"},\"thumbnailUrl\":\"https:\/\/dhg1h5j42swfq.cloudfront.net\/2025\/10\/24130413\/image-250.png\",\"articleSection\":[\"Fiscal - Estadual (ICMS)\",\"\u00daltimas not\u00edcias\"],\"inLanguage\":\"pt-BR\",\"potentialAction\":[{\"@type\":\"CommentAction\",\"name\":\"Comment\",\"target\":[\"https:\/\/www.estrategiaconcursos.com.br\/blog\/novo-concurso-sefaz-go\/#respond\"]}],\"copyrightYear\":\"2025\",\"copyrightHolder\":{\"@id\":\"https:\/\/www.estrategiaconcursos.com.br\/blog\/#organization\"}},{\"@type\":\"WebPage\",\"@id\":\"https:\/\/www.estrategiaconcursos.com.br\/blog\/novo-concurso-sefaz-go\/\",\"url\":\"https:\/\/www.estrategiaconcursos.com.br\/blog\/novo-concurso-sefaz-go\/\",\"name\":\"Concurso Sefaz GO: novo edital a caminho; at\u00e9 R$ 32 mil!\",\"isPartOf\":{\"@id\":\"https:\/\/www.estrategiaconcursos.com.br\/blog\/#website\"},\"primaryImageOfPage\":{\"@id\":\"https:\/\/www.estrategiaconcursos.com.br\/blog\/novo-concurso-sefaz-go\/#primaryimage\"},\"image\":{\"@id\":\"https:\/\/www.estrategiaconcursos.com.br\/blog\/novo-concurso-sefaz-go\/#primaryimage\"},\"thumbnailUrl\":\"https:\/\/dhg1h5j42swfq.cloudfront.net\/2025\/10\/24130413\/image-250.png\",\"datePublished\":\"2025-11-12T23:54:21+00:00\",\"dateModified\":\"2025-11-13T18:41:01+00:00\",\"description\":\"Novo concurso Sefaz GO sair\u00e1 do papel! Isso porque o procurador-geral assinou um parecer jur\u00eddico para revoga\u00e7\u00e3o do edital anterior.\",\"breadcrumb\":{\"@id\":\"https:\/\/www.estrategiaconcursos.com.br\/blog\/novo-concurso-sefaz-go\/#breadcrumb\"},\"inLanguage\":\"pt-BR\",\"potentialAction\":[{\"@type\":\"ReadAction\",\"target\":[\"https:\/\/www.estrategiaconcursos.com.br\/blog\/novo-concurso-sefaz-go\/\"]}]},{\"@type\":\"ImageObject\",\"inLanguage\":\"pt-BR\",\"@id\":\"https:\/\/www.estrategiaconcursos.com.br\/blog\/novo-concurso-sefaz-go\/#primaryimage\",\"url\":\"https:\/\/dhg1h5j42swfq.cloudfront.net\/2025\/10\/24130413\/image-250.png\",\"contentUrl\":\"https:\/\/dhg1h5j42swfq.cloudfront.net\/2025\/10\/24130413\/image-250.png\",\"width\":900,\"height\":507,\"caption\":\"ICMS n\u00e3o-cumulativo para SEFAZ\/GO\"},{\"@type\":\"BreadcrumbList\",\"@id\":\"https:\/\/www.estrategiaconcursos.com.br\/blog\/novo-concurso-sefaz-go\/#breadcrumb\",\"itemListElement\":[{\"@type\":\"ListItem\",\"position\":1,\"name\":\"In\u00edcio\",\"item\":\"https:\/\/www.estrategiaconcursos.com.br\/blog\/\"},{\"@type\":\"ListItem\",\"position\":2,\"name\":\"Concurso Sefaz GO: novo edital a caminho; at\u00e9 R$ 32 mil!\"}]},{\"@type\":\"WebSite\",\"@id\":\"https:\/\/www.estrategiaconcursos.com.br\/blog\/#website\",\"url\":\"https:\/\/www.estrategiaconcursos.com.br\/blog\/\",\"name\":\"Estrat\u00e9gia Concursos\",\"description\":\"O blog da Estrat\u00e9gia Concursos traz not\u00edcias sobre concursos e artigos de professores oferecendo cursos para concursos (pdf + videaulas) no site.\",\"publisher\":{\"@id\":\"https:\/\/www.estrategiaconcursos.com.br\/blog\/#organization\"},\"potentialAction\":[{\"@type\":\"SearchAction\",\"target\":{\"@type\":\"EntryPoint\",\"urlTemplate\":\"https:\/\/www.estrategiaconcursos.com.br\/blog\/?s={search_term_string}\"},\"query-input\":{\"@type\":\"PropertyValueSpecification\",\"valueRequired\":true,\"valueName\":\"search_term_string\"}}],\"inLanguage\":\"pt-BR\"},{\"@type\":\"Organization\",\"@id\":\"https:\/\/www.estrategiaconcursos.com.br\/blog\/#organization\",\"name\":\"Estrat\u00e9gia Concursos\",\"url\":\"https:\/\/www.estrategiaconcursos.com.br\/blog\/\",\"logo\":{\"@type\":\"ImageObject\",\"inLanguage\":\"pt-BR\",\"@id\":\"https:\/\/www.estrategiaconcursos.com.br\/blog\/#\/schema\/logo\/image\/\",\"url\":\"https:\/\/dhg1h5j42swfq.cloudfront.net\/2025\/06\/03203428\/logo_concursos-1.jpg\",\"contentUrl\":\"https:\/\/dhg1h5j42swfq.cloudfront.net\/2025\/06\/03203428\/logo_concursos-1.jpg\",\"width\":230,\"height\":60,\"caption\":\"Estrat\u00e9gia Concursos\"},\"image\":{\"@id\":\"https:\/\/www.estrategiaconcursos.com.br\/blog\/#\/schema\/logo\/image\/\"},\"sameAs\":[\"https:\/\/x.com\/EstratConcursos\"]},{\"@type\":\"Person\",\"@id\":\"https:\/\/www.estrategiaconcursos.com.br\/blog\/#\/schema\/person\/70c2ad4297aa24ff8815b08215b23a76\",\"name\":\"Ronaldo Scanavini Neto\",\"image\":{\"@type\":\"ImageObject\",\"inLanguage\":\"pt-BR\",\"@id\":\"https:\/\/secure.gravatar.com\/avatar\/f93d8e56fe264596e94aee6b3feb737d98ad0fc5bac7eb0a245f04723c5c8f21?s=96&d=mm&r=g\",\"url\":\"https:\/\/secure.gravatar.com\/avatar\/f93d8e56fe264596e94aee6b3feb737d98ad0fc5bac7eb0a245f04723c5c8f21?s=96&d=mm&r=g\",\"contentUrl\":\"https:\/\/secure.gravatar.com\/avatar\/f93d8e56fe264596e94aee6b3feb737d98ad0fc5bac7eb0a245f04723c5c8f21?s=96&d=mm&r=g\",\"caption\":\"Ronaldo Scanavini Neto\"},\"description\":\"Graduando em Comunica\u00e7\u00e3o Social \u2013 Jornalismo pela Universidade Federal de Vi\u00e7osa (UFV). Integra a equipe de jornalismo do Estrat\u00e9gia Concursos desde 2023, atuando com \u00eanfase na cobertura da \u00e1rea fiscal. Tamb\u00e9m realiza a apura\u00e7\u00e3o e produ\u00e7\u00e3o de not\u00edcias sobre concursos federais, \u00f3rg\u00e3os participantes do CNU e das \u00e1reas de controle, gest\u00e3o, engenharia, Exame CFC, comunica\u00e7\u00e3o social TI e \u00e1rea de concursos administrativos.\",\"url\":\"https:\/\/www.estrategiaconcursos.com.br\/blog\/author\/ronaldo-netoestrategia-com\/\"}]}<\/script>\n<!-- \/ Yoast SEO Premium plugin. -->","yoast_head_json":{"title":"Concurso Sefaz GO: novo edital a caminho; at\u00e9 R$ 32 mil!","description":"Novo concurso Sefaz GO sair\u00e1 do papel! Isso porque o procurador-geral assinou um parecer jur\u00eddico para revoga\u00e7\u00e3o do edital anterior.","robots":{"index":"index","follow":"follow","max-snippet":"max-snippet:-1","max-image-preview":"max-image-preview:large","max-video-preview":"max-video-preview:-1"},"canonical":"https:\/\/www.estrategiaconcursos.com.br\/blog\/novo-concurso-sefaz-go\/","og_locale":"pt_BR","og_type":"article","og_title":"Concurso Sefaz GO: novo edital a caminho; at\u00e9 R$ 32 mil!","og_description":"Novo concurso Sefaz GO sair\u00e1 do papel! Isso porque o procurador-geral assinou um parecer jur\u00eddico para revoga\u00e7\u00e3o do edital anterior.","og_url":"https:\/\/www.estrategiaconcursos.com.br\/blog\/novo-concurso-sefaz-go\/","og_site_name":"Estrat\u00e9gia Concursos","article_published_time":"2025-11-12T23:54:21+00:00","article_modified_time":"2025-11-13T18:41:01+00:00","og_image":[{"width":900,"height":507,"url":"https:\/\/dhg1h5j42swfq.cloudfront.net\/2025\/10\/24130413\/image-250.png","type":"image\/png"}],"author":"Ronaldo Scanavini Neto","twitter_card":"summary_large_image","twitter_creator":"@EstratConcursos","twitter_site":"@EstratConcursos","twitter_misc":{"Escrito por":"Ronaldo Scanavini Neto","Est. tempo de leitura":"3 minutos"},"schema":{"@context":"https:\/\/schema.org","@graph":[{"@type":"NewsArticle","@id":"https:\/\/www.estrategiaconcursos.com.br\/blog\/novo-concurso-sefaz-go\/#article","isPartOf":{"@id":"https:\/\/www.estrategiaconcursos.com.br\/blog\/novo-concurso-sefaz-go\/"},"author":{"name":"Ronaldo Scanavini Neto","@id":"https:\/\/www.estrategiaconcursos.com.br\/blog\/#\/schema\/person\/70c2ad4297aa24ff8815b08215b23a76"},"headline":"Concurso Sefaz GO: novo edital a caminho; at\u00e9 R$ 32 mil!","datePublished":"2025-11-12T23:54:21+00:00","dateModified":"2025-11-13T18:41:01+00:00","mainEntityOfPage":{"@id":"https:\/\/www.estrategiaconcursos.com.br\/blog\/novo-concurso-sefaz-go\/"},"wordCount":697,"commentCount":0,"publisher":{"@id":"https:\/\/www.estrategiaconcursos.com.br\/blog\/#organization"},"image":{"@id":"https:\/\/www.estrategiaconcursos.com.br\/blog\/novo-concurso-sefaz-go\/#primaryimage"},"thumbnailUrl":"https:\/\/dhg1h5j42swfq.cloudfront.net\/2025\/10\/24130413\/image-250.png","articleSection":["Fiscal - Estadual (ICMS)","\u00daltimas not\u00edcias"],"inLanguage":"pt-BR","potentialAction":[{"@type":"CommentAction","name":"Comment","target":["https:\/\/www.estrategiaconcursos.com.br\/blog\/novo-concurso-sefaz-go\/#respond"]}],"copyrightYear":"2025","copyrightHolder":{"@id":"https:\/\/www.estrategiaconcursos.com.br\/blog\/#organization"}},{"@type":"WebPage","@id":"https:\/\/www.estrategiaconcursos.com.br\/blog\/novo-concurso-sefaz-go\/","url":"https:\/\/www.estrategiaconcursos.com.br\/blog\/novo-concurso-sefaz-go\/","name":"Concurso Sefaz GO: novo edital a caminho; at\u00e9 R$ 32 mil!","isPartOf":{"@id":"https:\/\/www.estrategiaconcursos.com.br\/blog\/#website"},"primaryImageOfPage":{"@id":"https:\/\/www.estrategiaconcursos.com.br\/blog\/novo-concurso-sefaz-go\/#primaryimage"},"image":{"@id":"https:\/\/www.estrategiaconcursos.com.br\/blog\/novo-concurso-sefaz-go\/#primaryimage"},"thumbnailUrl":"https:\/\/dhg1h5j42swfq.cloudfront.net\/2025\/10\/24130413\/image-250.png","datePublished":"2025-11-12T23:54:21+00:00","dateModified":"2025-11-13T18:41:01+00:00","description":"Novo concurso Sefaz GO sair\u00e1 do papel! Isso porque o procurador-geral assinou um parecer jur\u00eddico para revoga\u00e7\u00e3o do edital anterior.","breadcrumb":{"@id":"https:\/\/www.estrategiaconcursos.com.br\/blog\/novo-concurso-sefaz-go\/#breadcrumb"},"inLanguage":"pt-BR","potentialAction":[{"@type":"ReadAction","target":["https:\/\/www.estrategiaconcursos.com.br\/blog\/novo-concurso-sefaz-go\/"]}]},{"@type":"ImageObject","inLanguage":"pt-BR","@id":"https:\/\/www.estrategiaconcursos.com.br\/blog\/novo-concurso-sefaz-go\/#primaryimage","url":"https:\/\/dhg1h5j42swfq.cloudfront.net\/2025\/10\/24130413\/image-250.png","contentUrl":"https:\/\/dhg1h5j42swfq.cloudfront.net\/2025\/10\/24130413\/image-250.png","width":900,"height":507,"caption":"ICMS n\u00e3o-cumulativo para SEFAZ\/GO"},{"@type":"BreadcrumbList","@id":"https:\/\/www.estrategiaconcursos.com.br\/blog\/novo-concurso-sefaz-go\/#breadcrumb","itemListElement":[{"@type":"ListItem","position":1,"name":"In\u00edcio","item":"https:\/\/www.estrategiaconcursos.com.br\/blog\/"},{"@type":"ListItem","position":2,"name":"Concurso Sefaz GO: novo edital a caminho; at\u00e9 R$ 32 mil!"}]},{"@type":"WebSite","@id":"https:\/\/www.estrategiaconcursos.com.br\/blog\/#website","url":"https:\/\/www.estrategiaconcursos.com.br\/blog\/","name":"Estrat\u00e9gia Concursos","description":"O blog da Estrat\u00e9gia Concursos traz not\u00edcias sobre concursos e artigos de professores oferecendo cursos para concursos (pdf + videaulas) no site.","publisher":{"@id":"https:\/\/www.estrategiaconcursos.com.br\/blog\/#organization"},"potentialAction":[{"@type":"SearchAction","target":{"@type":"EntryPoint","urlTemplate":"https:\/\/www.estrategiaconcursos.com.br\/blog\/?s={search_term_string}"},"query-input":{"@type":"PropertyValueSpecification","valueRequired":true,"valueName":"search_term_string"}}],"inLanguage":"pt-BR"},{"@type":"Organization","@id":"https:\/\/www.estrategiaconcursos.com.br\/blog\/#organization","name":"Estrat\u00e9gia Concursos","url":"https:\/\/www.estrategiaconcursos.com.br\/blog\/","logo":{"@type":"ImageObject","inLanguage":"pt-BR","@id":"https:\/\/www.estrategiaconcursos.com.br\/blog\/#\/schema\/logo\/image\/","url":"https:\/\/dhg1h5j42swfq.cloudfront.net\/2025\/06\/03203428\/logo_concursos-1.jpg","contentUrl":"https:\/\/dhg1h5j42swfq.cloudfront.net\/2025\/06\/03203428\/logo_concursos-1.jpg","width":230,"height":60,"caption":"Estrat\u00e9gia Concursos"},"image":{"@id":"https:\/\/www.estrategiaconcursos.com.br\/blog\/#\/schema\/logo\/image\/"},"sameAs":["https:\/\/x.com\/EstratConcursos"]},{"@type":"Person","@id":"https:\/\/www.estrategiaconcursos.com.br\/blog\/#\/schema\/person\/70c2ad4297aa24ff8815b08215b23a76","name":"Ronaldo Scanavini Neto","image":{"@type":"ImageObject","inLanguage":"pt-BR","@id":"https:\/\/secure.gravatar.com\/avatar\/f93d8e56fe264596e94aee6b3feb737d98ad0fc5bac7eb0a245f04723c5c8f21?s=96&d=mm&r=g","url":"https:\/\/secure.gravatar.com\/avatar\/f93d8e56fe264596e94aee6b3feb737d98ad0fc5bac7eb0a245f04723c5c8f21?s=96&d=mm&r=g","contentUrl":"https:\/\/secure.gravatar.com\/avatar\/f93d8e56fe264596e94aee6b3feb737d98ad0fc5bac7eb0a245f04723c5c8f21?s=96&d=mm&r=g","caption":"Ronaldo Scanavini Neto"},"description":"Graduando em Comunica\u00e7\u00e3o Social \u2013 Jornalismo pela Universidade Federal de Vi\u00e7osa (UFV). Integra a equipe de jornalismo do Estrat\u00e9gia Concursos desde 2023, atuando com \u00eanfase na cobertura da \u00e1rea fiscal. Tamb\u00e9m realiza a apura\u00e7\u00e3o e produ\u00e7\u00e3o de not\u00edcias sobre concursos federais, \u00f3rg\u00e3os participantes do CNU e das \u00e1reas de controle, gest\u00e3o, engenharia, Exame CFC, comunica\u00e7\u00e3o social TI e \u00e1rea de concursos administrativos.","url":"https:\/\/www.estrategiaconcursos.com.br\/blog\/author\/ronaldo-netoestrategia-com\/"}]}},"_links":{"self":[{"href":"https:\/\/www.estrategiaconcursos.com.br\/blog\/wp-json\/wp\/v2\/posts\/1669795","targetHints":{"allow":["GET"]}}],"collection":[{"href":"https:\/\/www.estrategiaconcursos.com.br\/blog\/wp-json\/wp\/v2\/posts"}],"about":[{"href":"https:\/\/www.estrategiaconcursos.com.br\/blog\/wp-json\/wp\/v2\/types\/post"}],"author":[{"embeddable":true,"href":"https:\/\/www.estrategiaconcursos.com.br\/blog\/wp-json\/wp\/v2\/users\/2692"}],"replies":[{"embeddable":true,"href":"https:\/\/www.estrategiaconcursos.com.br\/blog\/wp-json\/wp\/v2\/comments?post=1669795"}],"version-history":[{"count":5,"href":"https:\/\/www.estrategiaconcursos.com.br\/blog\/wp-json\/wp\/v2\/posts\/1669795\/revisions"}],"predecessor-version":[{"id":1670214,"href":"https:\/\/www.estrategiaconcursos.com.br\/blog\/wp-json\/wp\/v2\/posts\/1669795\/revisions\/1670214"}],"wp:featuredmedia":[{"embeddable":true,"href":"https:\/\/www.estrategiaconcursos.com.br\/blog\/wp-json\/wp\/v2\/media\/1660289"}],"wp:attachment":[{"href":"https:\/\/www.estrategiaconcursos.com.br\/blog\/wp-json\/wp\/v2\/media?parent=1669795"}],"wp:term":[{"taxonomy":"category","embeddable":true,"href":"https:\/\/www.estrategiaconcursos.com.br\/blog\/wp-json\/wp\/v2\/categories?post=1669795"},{"taxonomy":"post_tag","embeddable":true,"href":"https:\/\/www.estrategiaconcursos.com.br\/blog\/wp-json\/wp\/v2\/tags?post=1669795"},{"taxonomy":"tax_estado","embeddable":true,"href":"https:\/\/www.estrategiaconcursos.com.br\/blog\/wp-json\/wp\/v2\/tax_estado?post=1669795"}],"curies":[{"name":"wp","href":"https:\/\/api.w.org\/{rel}","templated":true}]}}