{"id":166954,"date":"2019-02-19T18:37:50","date_gmt":"2019-02-19T21:37:50","guid":{"rendered":"https:\/\/www.estrategiaconcursos.com.br\/blog\/?p=166954"},"modified":"2019-02-20T09:28:09","modified_gmt":"2019-02-20T12:28:09","slug":"recursos-prf-redacao-macroestrutura-conteudo","status":"publish","type":"post","link":"https:\/\/www.estrategiaconcursos.com.br\/blog\/recursos-prf-redacao-macroestrutura-conteudo\/","title":{"rendered":"Recursos PRF &#8211; Reda\u00e7\u00e3o  Macroestrutura (conte\u00fado)"},"content":{"rendered":"\n<table class=\"wp-block-table\"><tbody><tr><td>   <strong>Recursos para a   prova discursiva PRF \u2013 2019<\/strong>   <strong>Macroestrutura<\/strong>   <strong>\u00a0<\/strong>     <strong>Tema: <em>O COMBATE \u00c0S INFRA\u00c7\u00d5ES DE TR\u00c2NSITO NAS RODOVIAS        FEDERAIS   BRASILEIRAS<\/em><\/strong>   <\/td><\/tr><\/tbody><\/table>\n\n\n\n<p>Estrategistas, tudo bem? <\/p>\n\n\n\n<p>Estou muito feliz em ter sido\nconvidado pelo Coordenador de Provas Discursivas, Professor Carlos Roberto, para\nauxili\u00e1-los nesta fase de extrema import\u00e2ncia de seu concurso: <strong>recursos para\na prova discursiva (macroestrutura)\ndo concurso da PRF,\norganizado pela banca CESPE.<\/strong><\/p>\n\n\n\n<p>Antes de iniciarmos, quero fazer uma breve apresenta\u00e7\u00e3o:<\/p>\n\n\n\n<p>Meu nome \u00e9 Raphael Reis, sou graduado em Hist\u00f3ria (UFJF),\nEspecialista em Pol\u00edticas P\u00fablicas e Gest\u00e3o Social (UFJF), MBA em Organiza\u00e7\u00e3o\nde Campanha Eleitoral (Uninter) e Mestre em Sociologia da Educa\u00e7\u00e3o (UFJF).\nAtualmente, trabalho no Estrat\u00e9gia Concursos\/ENEM com as disciplinas de\nFilosofia, de Hist\u00f3ria e de Sociologia. Atuo tamb\u00e9m na parte de Macroestrutura\ne Recursos do N\u00facleo de Reda\u00e7\u00e3o.<\/p>\n\n\n\n<p>&nbsp;Inicialmente,\ngostaria de dar-lhes os parab\u00e9ns por terem chegado at\u00e9 aqui em um concurso t\u00e3o\nconcorrido e de alt\u00edssimo n\u00edvel organizado pela banca CESPE, a qual, certamente, testou seus\nconhecimentos e comprovou que voc\u00eas est\u00e3o aptos para, a qualquer momento,\ningressarem de forma majestosa na Administra\u00e7\u00e3o P\u00fablica do nosso pa\u00eds. <strong>Quem\nsabe n\u00e3o chegou a hora, n\u00e3o \u00e9 verdade? <\/strong>N\u00f3s, do Estrat\u00e9gia, trabalhamos com afinco para que isso se\nconcretize! <\/p>\n\n\n\n<p>Malgrado as dificuldades\nvivenciadas em sua trajet\u00f3ria at\u00e9 aqui, devo informar-lhes que ainda \u00e9 cedo\npara qualquer tipo de comemora\u00e7\u00e3o ou desist\u00eancia, pois o jogo s\u00f3 acaba quando o\njuiz apita o final da partida e, no seu caso, esse apito ainda n\u00e3o foi dado. <\/p>\n\n\n\n<p><strong>Professor, mas a classifica\u00e7\u00e3o muda tanto assim ap\u00f3s os recursos da prova discursiva?<\/strong> Posso dizer que quem acompanha os concursos p\u00fablicos, que essa fase \u00e9 t\u00e3o importante quanto a elabora\u00e7\u00e3o do texto discursivo que voc\u00ea fez no dia da sua prova. Por\u00e9m, h\u00e1 possibilidade real de a nota ser majorada? N\u00e3o s\u00f3 existe essa possibilidade, como temos conseguido resultados significativos nos \u00faltimos concursos p\u00fablicos. A m\u00e9dia de deferimento na banca Cespe \u00e9 de 66%.<\/p>\n\n\n\n<p>Nem sempre a banca erra ao\ncorrigir sua prova, <strong>mas isso pode acontecer! <\/strong>Nem sempre a banca te\ndevolve a pontua\u00e7\u00e3o quando est\u00e1 errada, <strong>mas isso pode acontecer! <\/strong>Nem\nsempre a banca te d\u00e1 uma nota abaixo daquela que realmente lhe \u00e9 devida, <strong>mas\nisso pode acontecer! <\/strong><\/p>\n\n\n\n<p>Portanto, meus amigos, entrar\ncom recursos na sua prova discursiva \u00e9 algo necess\u00e1rio para quem ainda se v\u00ea\ncom chances de conseguir a classifica\u00e7\u00e3o dentro das vagas. <\/p>\n\n\n\n<p>O meu foco aqui \u00e9 avaliar a <strong>MACROESTRUTURA do seu texto (desenvolvimento\ndo conte\u00fado).<\/strong><\/p>\n\n\n\n<p><strong>Ok,\nprofessor, entendi, mas como fazer o recurso contra o resultado provis\u00f3rio da\nprova discursiva?<\/strong><strong><\/strong><\/p>\n\n\n\n<p>Voc\u00ea\ntem que ser bem esperto e agir r\u00e1pido! <\/p>\n\n\n\n<p>Os\u00a0candidatos\u00a0poder\u00e3o\u00a0ter\u00a0acesso\u00a0\u00e0\u00a0prova\u00a0discursiva\u00a0e\u00a0aos\u00a0espelhos\u00a0de\u00a0avalia\u00e7\u00e3o\u00a0e\u00a0interpor\u00a0recurso\u00a0contra o\u00a0resultado\u00a0provis\u00f3rio\u00a0na\u00a0prova\u00a0discursiva, cuja previs\u00e3o \u00e9 de:\u00a0<strong>das\u00a009:00\u00a0horas\u00a0do\u00a0dia\u00a020 de fevereiro\u00a0de\u00a02019\u00a0\u00e0s\u00a018h\u00a0horas\u00a0do dia\u00a021 de fevereiro de 2019, <\/strong>(hor\u00e1rio\u00a0 oficial\u00a0 de\u00a0 Bras\u00edlia\/DF),\u00a0 no\u00a0 endere\u00e7o\u00a0 eletr\u00f4nico\u00a0do site da banca CESPE (http:\/\/www.cespe.unb.br\/concursos\/iphan_18), por meio do Sistema de Interposi\u00e7\u00e3o de Recursos.<\/p>\n\n\n\n<p>Ap\u00f3s\u00a0esse\u00a0per\u00edodo\u00a0n\u00e3o\u00a0ser\u00e3o\u00a0aceitos\u00a0pedidos\u00a0de\u00a0revis\u00e3o.\u00a0 <\/p>\n\n\n\n<p>\u00c9 fundamental que voc\u00eas tenham\nacesso ao caderno de respostas o mais r\u00e1pido poss\u00edvel para que possamos\npreparar seu recurso de forma bem fundamentada e com tranquilidade, ok? <\/p>\n\n\n\n<p>Assim que voc\u00ea tiver acesso \u00e0 sua reda\u00e7\u00e3o, dever\u00e1 me disponibilizar por\nmeio da \u00e1rea do aluno no site Estrat\u00e9gia Concursos o mais r\u00e1pido poss\u00edvel, os\nseguintes arquivos: <\/p>\n\n\n\n<p><strong>1<\/strong><strong>) C\u00f3pia digitalizada leg\u00edvel da sua reda\u00e7\u00e3o; <\/strong><\/p>\n\n\n\n<p><strong>2) Barema da banca (avalia\u00e7\u00e3o que\nlhe foi atribu\u00edda em cada item);<\/strong><\/p>\n\n\n\n<p><strong>4) Padr\u00e3o de resposta divulgado\npela banca, se houver.<\/strong><\/p>\n\n\n\n<p>Obs.: aqueles que adquirirem o\nservi\u00e7o de recursos devem enviar os arquivos supracitados tamb\u00e9m para o e-mail\ndo Professor Raphael Reis: <a href=\"mailto:profraphaelreis@gmail.com\">profraphaelreis@gmail.com<\/a><\/p>\n\n\n\n<p>Obs.: para mais informa\u00e7\u00f5es\nsobre o servi\u00e7o, entrar em contato com a coordena\u00e7\u00e3o:\nrecursos@estrategiaconcursos.com.br<\/p>\n\n\n\n<p>Devo lembrar-lhes que as <strong>vagas s\u00e3o limitadas \u2013 temos\nsomente 10 (dez) vagas<\/strong>, pois, haja vista o tempo ex\u00edguo para a\nelabora\u00e7\u00e3o dos recursos, \u00e9 necess\u00e1rio impor esse limite para que eu possa\natender a todos com a qualidade necess\u00e1ria e em tempo h\u00e1bil (<strong>s\u00f3 vamos aceitar o envio\nat\u00e9 18h do dia 20 de fevereiro<\/strong>). Ap\u00f3s a confec\u00e7\u00e3o dos recursos, ser\u00e1 de inteira <strong>responsabilidade\ndo aluno <\/strong>envi\u00e1-los para avalia\u00e7\u00e3o da banca examinadora no site da banca CESPE conforme as\norienta\u00e7\u00f5es da banca. <\/p>\n\n\n\n<p><strong>Duas coisas\nprecisam ficar muito claras:<\/strong><strong><\/strong><\/p>\n\n\n\n<p><em>&#8211; a contrata\u00e7\u00e3o do nosso servi\u00e7o n\u00e3o garante a\nmajora\u00e7\u00e3o da sua nota! \u00c9 uma possibilidade!<\/em><\/p>\n\n\n\n<p><em>&#8211; ao receber o seu texto, vou avaliar de maneira muito honesta,\nfazendo uma an\u00e1lise minuciosa de cada erro apontado pela banca. Se n\u00e3o houver possibilidade de\nrecurso, devolveremos\n100% do valor.<\/em><\/p>\n\n\n\n<p>Comprometo-me a doar meu\nm\u00e1ximo em prol de conseguirmos alguns pontos ou d\u00e9cimos em sua nota final.\nContudo, isso depender\u00e1, em grande parte, do texto que foi produzido por voc\u00ea e\ndas margens que ele nos deixou para que possamos argumentar com o examinador a\npossibilidade de majora\u00e7\u00e3o de sua pontua\u00e7\u00e3o. <\/p>\n\n\n\n<p>Feitos esses esclarecimentos,\ndesejo-lhes boa sorte com os recursos e espero, sinceramente, que obtenhamos\n\u00eaxito para que possamos comemorar sua aprova\u00e7\u00e3o! <\/p>\n\n\n\n<p>Coloco-me \u00e0 disposi\u00e7\u00e3o de voc\u00eas neste pr\u00f3ximo desafio!<\/p>\n\n\n\n<p><strong>Link para os adquirir o curso de Recursos: clique <\/strong><strong><a href=\"https:\/\/www.estrategiaconcursos.com.br\/curso\/recurso-p-discursiva-da-prf-macroestrutura-prof-raphael-reis\/\">AQUI<\/a><\/strong><strong><\/strong><\/p>\n\n\n\n<p><strong>E-mail da Coordena\u00e7\u00e3o\nde Recursos:<\/strong><\/p>\n\n\n\n<p>recursos@estrategiaconcursos.com.br<\/p>\n\n\n\n<p>\n \nProfessor\nRaphael Reis<\/p>\n","protected":false},"excerpt":{"rendered":"<p>Recursos para a prova discursiva PRF \u2013 2019 Macroestrutura \u00a0 Tema: O COMBATE \u00c0S INFRA\u00c7\u00d5ES DE TR\u00c2NSITO NAS RODOVIAS FEDERAIS BRASILEIRAS Estrategistas, tudo bem? Estou muito feliz em ter sido convidado pelo Coordenador de Provas Discursivas, Professor Carlos Roberto, para auxili\u00e1-los nesta fase de extrema import\u00e2ncia de seu concurso: recursos para a prova discursiva (macroestrutura) [&hellip;]<\/p>\n","protected":false},"author":384,"featured_media":0,"comment_status":"open","ping_status":"closed","sticky":false,"template":"","format":"standard","meta":{"post_tipo":"article","footnotes":""},"categories":[1,1988],"tags":[],"tax_estado":[],"class_list":["post-166954","post","type-post","status-publish","format-standard","hentry","category-cursos-e-concursos","category-policia"],"acf":[],"yoast_head":"<!-- This site is optimized with the Yoast SEO Premium plugin v27.2 (Yoast SEO v27.2) - https:\/\/yoast.com\/product\/yoast-seo-premium-wordpress\/ -->\n<title>Recursos PRF - Reda\u00e7\u00e3o Macroestrutura (conte\u00fado)<\/title>\n<meta name=\"robots\" content=\"index, follow, max-snippet:-1, max-image-preview:large, max-video-preview:-1\" \/>\n<link rel=\"canonical\" href=\"https:\/\/www.estrategiaconcursos.com.br\/blog\/recursos-prf-redacao-macroestrutura-conteudo\/\" \/>\n<meta property=\"og:locale\" content=\"pt_BR\" \/>\n<meta property=\"og:type\" content=\"article\" \/>\n<meta property=\"og:title\" content=\"Recursos PRF - Reda\u00e7\u00e3o Macroestrutura (conte\u00fado)\" \/>\n<meta property=\"og:description\" content=\"Recursos para a prova discursiva PRF \u2013 2019 Macroestrutura \u00a0 Tema: O COMBATE \u00c0S INFRA\u00c7\u00d5ES DE TR\u00c2NSITO NAS RODOVIAS FEDERAIS BRASILEIRAS Estrategistas, tudo bem? Estou muito feliz em ter sido convidado pelo Coordenador de Provas Discursivas, Professor Carlos Roberto, para auxili\u00e1-los nesta fase de extrema import\u00e2ncia de seu concurso: recursos para a prova discursiva (macroestrutura) [&hellip;]\" \/>\n<meta property=\"og:url\" content=\"https:\/\/www.estrategiaconcursos.com.br\/blog\/recursos-prf-redacao-macroestrutura-conteudo\/\" \/>\n<meta property=\"og:site_name\" content=\"Estrat\u00e9gia Concursos\" \/>\n<meta property=\"article:published_time\" content=\"2019-02-19T21:37:50+00:00\" \/>\n<meta property=\"article:modified_time\" content=\"2019-02-20T12:28:09+00:00\" \/>\n<meta name=\"author\" content=\"Raphael de Oliveira Reis\" \/>\n<meta name=\"twitter:card\" content=\"summary_large_image\" \/>\n<meta name=\"twitter:creator\" content=\"@EstratConcursos\" \/>\n<meta name=\"twitter:site\" content=\"@EstratConcursos\" \/>\n<meta name=\"twitter:label1\" content=\"Escrito por\" \/>\n\t<meta name=\"twitter:data1\" content=\"Raphael de Oliveira Reis\" \/>\n\t<meta name=\"twitter:label2\" content=\"Est. tempo de leitura\" \/>\n\t<meta name=\"twitter:data2\" content=\"5 minutos\" \/>\n<script type=\"application\/ld+json\" class=\"yoast-schema-graph\">{\"@context\":\"https:\/\/schema.org\",\"@graph\":[{\"@type\":\"NewsArticle\",\"@id\":\"https:\/\/www.estrategiaconcursos.com.br\/blog\/recursos-prf-redacao-macroestrutura-conteudo\/#article\",\"isPartOf\":{\"@id\":\"https:\/\/www.estrategiaconcursos.com.br\/blog\/recursos-prf-redacao-macroestrutura-conteudo\/\"},\"author\":{\"name\":\"Raphael de Oliveira Reis\",\"@id\":\"https:\/\/www.estrategiaconcursos.com.br\/blog\/#\/schema\/person\/b49a1a49e5ef8a9f8d3268e74404a911\"},\"headline\":\"Recursos PRF &#8211; Reda\u00e7\u00e3o Macroestrutura (conte\u00fado)\",\"datePublished\":\"2019-02-19T21:37:50+00:00\",\"dateModified\":\"2019-02-20T12:28:09+00:00\",\"mainEntityOfPage\":{\"@id\":\"https:\/\/www.estrategiaconcursos.com.br\/blog\/recursos-prf-redacao-macroestrutura-conteudo\/\"},\"wordCount\":964,\"commentCount\":0,\"publisher\":{\"@id\":\"https:\/\/www.estrategiaconcursos.com.br\/blog\/#organization\"},\"articleSection\":[\"Concursos P\u00fablicos\",\"Policial (Agente, Escriv\u00e3o e Investigador)\"],\"inLanguage\":\"pt-BR\",\"potentialAction\":[{\"@type\":\"CommentAction\",\"name\":\"Comment\",\"target\":[\"https:\/\/www.estrategiaconcursos.com.br\/blog\/recursos-prf-redacao-macroestrutura-conteudo\/#respond\"]}],\"copyrightYear\":\"2019\",\"copyrightHolder\":{\"@id\":\"https:\/\/www.estrategiaconcursos.com.br\/blog\/#organization\"}},{\"@type\":\"WebPage\",\"@id\":\"https:\/\/www.estrategiaconcursos.com.br\/blog\/recursos-prf-redacao-macroestrutura-conteudo\/\",\"url\":\"https:\/\/www.estrategiaconcursos.com.br\/blog\/recursos-prf-redacao-macroestrutura-conteudo\/\",\"name\":\"Recursos PRF - Reda\u00e7\u00e3o Macroestrutura (conte\u00fado)\",\"isPartOf\":{\"@id\":\"https:\/\/www.estrategiaconcursos.com.br\/blog\/#website\"},\"datePublished\":\"2019-02-19T21:37:50+00:00\",\"dateModified\":\"2019-02-20T12:28:09+00:00\",\"breadcrumb\":{\"@id\":\"https:\/\/www.estrategiaconcursos.com.br\/blog\/recursos-prf-redacao-macroestrutura-conteudo\/#breadcrumb\"},\"inLanguage\":\"pt-BR\",\"potentialAction\":[{\"@type\":\"ReadAction\",\"target\":[\"https:\/\/www.estrategiaconcursos.com.br\/blog\/recursos-prf-redacao-macroestrutura-conteudo\/\"]}]},{\"@type\":\"BreadcrumbList\",\"@id\":\"https:\/\/www.estrategiaconcursos.com.br\/blog\/recursos-prf-redacao-macroestrutura-conteudo\/#breadcrumb\",\"itemListElement\":[{\"@type\":\"ListItem\",\"position\":1,\"name\":\"In\u00edcio\",\"item\":\"https:\/\/www.estrategiaconcursos.com.br\/blog\/\"},{\"@type\":\"ListItem\",\"position\":2,\"name\":\"Recursos PRF &#8211; Reda\u00e7\u00e3o Macroestrutura (conte\u00fado)\"}]},{\"@type\":\"WebSite\",\"@id\":\"https:\/\/www.estrategiaconcursos.com.br\/blog\/#website\",\"url\":\"https:\/\/www.estrategiaconcursos.com.br\/blog\/\",\"name\":\"Estrat\u00e9gia Concursos\",\"description\":\"O blog da Estrat\u00e9gia Concursos traz not\u00edcias sobre concursos e artigos de professores oferecendo cursos para concursos (pdf + videaulas) no site.\",\"publisher\":{\"@id\":\"https:\/\/www.estrategiaconcursos.com.br\/blog\/#organization\"},\"potentialAction\":[{\"@type\":\"SearchAction\",\"target\":{\"@type\":\"EntryPoint\",\"urlTemplate\":\"https:\/\/www.estrategiaconcursos.com.br\/blog\/?s={search_term_string}\"},\"query-input\":{\"@type\":\"PropertyValueSpecification\",\"valueRequired\":true,\"valueName\":\"search_term_string\"}}],\"inLanguage\":\"pt-BR\"},{\"@type\":\"Organization\",\"@id\":\"https:\/\/www.estrategiaconcursos.com.br\/blog\/#organization\",\"name\":\"Estrat\u00e9gia Concursos\",\"url\":\"https:\/\/www.estrategiaconcursos.com.br\/blog\/\",\"logo\":{\"@type\":\"ImageObject\",\"inLanguage\":\"pt-BR\",\"@id\":\"https:\/\/www.estrategiaconcursos.com.br\/blog\/#\/schema\/logo\/image\/\",\"url\":\"https:\/\/dhg1h5j42swfq.cloudfront.net\/2025\/06\/03203428\/logo_concursos-1.jpg\",\"contentUrl\":\"https:\/\/dhg1h5j42swfq.cloudfront.net\/2025\/06\/03203428\/logo_concursos-1.jpg\",\"width\":230,\"height\":60,\"caption\":\"Estrat\u00e9gia Concursos\"},\"image\":{\"@id\":\"https:\/\/www.estrategiaconcursos.com.br\/blog\/#\/schema\/logo\/image\/\"},\"sameAs\":[\"https:\/\/x.com\/EstratConcursos\"]},{\"@type\":\"Person\",\"@id\":\"https:\/\/www.estrategiaconcursos.com.br\/blog\/#\/schema\/person\/b49a1a49e5ef8a9f8d3268e74404a911\",\"name\":\"Raphael de Oliveira Reis\",\"image\":{\"@type\":\"ImageObject\",\"inLanguage\":\"pt-BR\",\"@id\":\"https:\/\/secure.gravatar.com\/avatar\/b1c5789180fc7bfb5103ec006c301370c02393e37aa13c55f6d72f05fcc76b3b?s=96&d=mm&r=g\",\"url\":\"https:\/\/secure.gravatar.com\/avatar\/b1c5789180fc7bfb5103ec006c301370c02393e37aa13c55f6d72f05fcc76b3b?s=96&d=mm&r=g\",\"contentUrl\":\"https:\/\/secure.gravatar.com\/avatar\/b1c5789180fc7bfb5103ec006c301370c02393e37aa13c55f6d72f05fcc76b3b?s=96&d=mm&r=g\",\"caption\":\"Raphael de Oliveira Reis\"},\"url\":\"https:\/\/www.estrategiaconcursos.com.br\/blog\/author\/profraphaelreisgmail-com\/\"}]}<\/script>\n<!-- \/ Yoast SEO Premium plugin. -->","yoast_head_json":{"title":"Recursos PRF - Reda\u00e7\u00e3o Macroestrutura (conte\u00fado)","robots":{"index":"index","follow":"follow","max-snippet":"max-snippet:-1","max-image-preview":"max-image-preview:large","max-video-preview":"max-video-preview:-1"},"canonical":"https:\/\/www.estrategiaconcursos.com.br\/blog\/recursos-prf-redacao-macroestrutura-conteudo\/","og_locale":"pt_BR","og_type":"article","og_title":"Recursos PRF - Reda\u00e7\u00e3o Macroestrutura (conte\u00fado)","og_description":"Recursos para a prova discursiva PRF \u2013 2019 Macroestrutura \u00a0 Tema: O COMBATE \u00c0S INFRA\u00c7\u00d5ES DE TR\u00c2NSITO NAS RODOVIAS FEDERAIS BRASILEIRAS Estrategistas, tudo bem? Estou muito feliz em ter sido convidado pelo Coordenador de Provas Discursivas, Professor Carlos Roberto, para auxili\u00e1-los nesta fase de extrema import\u00e2ncia de seu concurso: recursos para a prova discursiva (macroestrutura) [&hellip;]","og_url":"https:\/\/www.estrategiaconcursos.com.br\/blog\/recursos-prf-redacao-macroestrutura-conteudo\/","og_site_name":"Estrat\u00e9gia Concursos","article_published_time":"2019-02-19T21:37:50+00:00","article_modified_time":"2019-02-20T12:28:09+00:00","author":"Raphael de Oliveira Reis","twitter_card":"summary_large_image","twitter_creator":"@EstratConcursos","twitter_site":"@EstratConcursos","twitter_misc":{"Escrito por":"Raphael de Oliveira Reis","Est. tempo de leitura":"5 minutos"},"schema":{"@context":"https:\/\/schema.org","@graph":[{"@type":"NewsArticle","@id":"https:\/\/www.estrategiaconcursos.com.br\/blog\/recursos-prf-redacao-macroestrutura-conteudo\/#article","isPartOf":{"@id":"https:\/\/www.estrategiaconcursos.com.br\/blog\/recursos-prf-redacao-macroestrutura-conteudo\/"},"author":{"name":"Raphael de Oliveira Reis","@id":"https:\/\/www.estrategiaconcursos.com.br\/blog\/#\/schema\/person\/b49a1a49e5ef8a9f8d3268e74404a911"},"headline":"Recursos PRF &#8211; Reda\u00e7\u00e3o Macroestrutura (conte\u00fado)","datePublished":"2019-02-19T21:37:50+00:00","dateModified":"2019-02-20T12:28:09+00:00","mainEntityOfPage":{"@id":"https:\/\/www.estrategiaconcursos.com.br\/blog\/recursos-prf-redacao-macroestrutura-conteudo\/"},"wordCount":964,"commentCount":0,"publisher":{"@id":"https:\/\/www.estrategiaconcursos.com.br\/blog\/#organization"},"articleSection":["Concursos P\u00fablicos","Policial (Agente, Escriv\u00e3o e Investigador)"],"inLanguage":"pt-BR","potentialAction":[{"@type":"CommentAction","name":"Comment","target":["https:\/\/www.estrategiaconcursos.com.br\/blog\/recursos-prf-redacao-macroestrutura-conteudo\/#respond"]}],"copyrightYear":"2019","copyrightHolder":{"@id":"https:\/\/www.estrategiaconcursos.com.br\/blog\/#organization"}},{"@type":"WebPage","@id":"https:\/\/www.estrategiaconcursos.com.br\/blog\/recursos-prf-redacao-macroestrutura-conteudo\/","url":"https:\/\/www.estrategiaconcursos.com.br\/blog\/recursos-prf-redacao-macroestrutura-conteudo\/","name":"Recursos PRF - Reda\u00e7\u00e3o Macroestrutura (conte\u00fado)","isPartOf":{"@id":"https:\/\/www.estrategiaconcursos.com.br\/blog\/#website"},"datePublished":"2019-02-19T21:37:50+00:00","dateModified":"2019-02-20T12:28:09+00:00","breadcrumb":{"@id":"https:\/\/www.estrategiaconcursos.com.br\/blog\/recursos-prf-redacao-macroestrutura-conteudo\/#breadcrumb"},"inLanguage":"pt-BR","potentialAction":[{"@type":"ReadAction","target":["https:\/\/www.estrategiaconcursos.com.br\/blog\/recursos-prf-redacao-macroestrutura-conteudo\/"]}]},{"@type":"BreadcrumbList","@id":"https:\/\/www.estrategiaconcursos.com.br\/blog\/recursos-prf-redacao-macroestrutura-conteudo\/#breadcrumb","itemListElement":[{"@type":"ListItem","position":1,"name":"In\u00edcio","item":"https:\/\/www.estrategiaconcursos.com.br\/blog\/"},{"@type":"ListItem","position":2,"name":"Recursos PRF &#8211; Reda\u00e7\u00e3o Macroestrutura (conte\u00fado)"}]},{"@type":"WebSite","@id":"https:\/\/www.estrategiaconcursos.com.br\/blog\/#website","url":"https:\/\/www.estrategiaconcursos.com.br\/blog\/","name":"Estrat\u00e9gia Concursos","description":"O blog da Estrat\u00e9gia Concursos traz not\u00edcias sobre concursos e artigos de professores oferecendo cursos para concursos (pdf + videaulas) no site.","publisher":{"@id":"https:\/\/www.estrategiaconcursos.com.br\/blog\/#organization"},"potentialAction":[{"@type":"SearchAction","target":{"@type":"EntryPoint","urlTemplate":"https:\/\/www.estrategiaconcursos.com.br\/blog\/?s={search_term_string}"},"query-input":{"@type":"PropertyValueSpecification","valueRequired":true,"valueName":"search_term_string"}}],"inLanguage":"pt-BR"},{"@type":"Organization","@id":"https:\/\/www.estrategiaconcursos.com.br\/blog\/#organization","name":"Estrat\u00e9gia Concursos","url":"https:\/\/www.estrategiaconcursos.com.br\/blog\/","logo":{"@type":"ImageObject","inLanguage":"pt-BR","@id":"https:\/\/www.estrategiaconcursos.com.br\/blog\/#\/schema\/logo\/image\/","url":"https:\/\/dhg1h5j42swfq.cloudfront.net\/2025\/06\/03203428\/logo_concursos-1.jpg","contentUrl":"https:\/\/dhg1h5j42swfq.cloudfront.net\/2025\/06\/03203428\/logo_concursos-1.jpg","width":230,"height":60,"caption":"Estrat\u00e9gia Concursos"},"image":{"@id":"https:\/\/www.estrategiaconcursos.com.br\/blog\/#\/schema\/logo\/image\/"},"sameAs":["https:\/\/x.com\/EstratConcursos"]},{"@type":"Person","@id":"https:\/\/www.estrategiaconcursos.com.br\/blog\/#\/schema\/person\/b49a1a49e5ef8a9f8d3268e74404a911","name":"Raphael de Oliveira Reis","image":{"@type":"ImageObject","inLanguage":"pt-BR","@id":"https:\/\/secure.gravatar.com\/avatar\/b1c5789180fc7bfb5103ec006c301370c02393e37aa13c55f6d72f05fcc76b3b?s=96&d=mm&r=g","url":"https:\/\/secure.gravatar.com\/avatar\/b1c5789180fc7bfb5103ec006c301370c02393e37aa13c55f6d72f05fcc76b3b?s=96&d=mm&r=g","contentUrl":"https:\/\/secure.gravatar.com\/avatar\/b1c5789180fc7bfb5103ec006c301370c02393e37aa13c55f6d72f05fcc76b3b?s=96&d=mm&r=g","caption":"Raphael de Oliveira Reis"},"url":"https:\/\/www.estrategiaconcursos.com.br\/blog\/author\/profraphaelreisgmail-com\/"}]}},"_links":{"self":[{"href":"https:\/\/www.estrategiaconcursos.com.br\/blog\/wp-json\/wp\/v2\/posts\/166954","targetHints":{"allow":["GET"]}}],"collection":[{"href":"https:\/\/www.estrategiaconcursos.com.br\/blog\/wp-json\/wp\/v2\/posts"}],"about":[{"href":"https:\/\/www.estrategiaconcursos.com.br\/blog\/wp-json\/wp\/v2\/types\/post"}],"author":[{"embeddable":true,"href":"https:\/\/www.estrategiaconcursos.com.br\/blog\/wp-json\/wp\/v2\/users\/384"}],"replies":[{"embeddable":true,"href":"https:\/\/www.estrategiaconcursos.com.br\/blog\/wp-json\/wp\/v2\/comments?post=166954"}],"version-history":[{"count":1,"href":"https:\/\/www.estrategiaconcursos.com.br\/blog\/wp-json\/wp\/v2\/posts\/166954\/revisions"}],"predecessor-version":[{"id":166960,"href":"https:\/\/www.estrategiaconcursos.com.br\/blog\/wp-json\/wp\/v2\/posts\/166954\/revisions\/166960"}],"wp:attachment":[{"href":"https:\/\/www.estrategiaconcursos.com.br\/blog\/wp-json\/wp\/v2\/media?parent=166954"}],"wp:term":[{"taxonomy":"category","embeddable":true,"href":"https:\/\/www.estrategiaconcursos.com.br\/blog\/wp-json\/wp\/v2\/categories?post=166954"},{"taxonomy":"post_tag","embeddable":true,"href":"https:\/\/www.estrategiaconcursos.com.br\/blog\/wp-json\/wp\/v2\/tags?post=166954"},{"taxonomy":"tax_estado","embeddable":true,"href":"https:\/\/www.estrategiaconcursos.com.br\/blog\/wp-json\/wp\/v2\/tax_estado?post=166954"}],"curies":[{"name":"wp","href":"https:\/\/api.w.org\/{rel}","templated":true}]}}