{"id":1669212,"date":"2026-01-19T13:54:00","date_gmt":"2026-01-19T16:54:00","guid":{"rendered":"https:\/\/www.estrategiaconcursos.com.br\/blog\/?p=1669212"},"modified":"2026-01-19T13:54:41","modified_gmt":"2026-01-19T16:54:41","slug":"concurso-comesp","status":"publish","type":"post","link":"https:\/\/www.estrategiaconcursos.com.br\/blog\/concurso-comesp\/","title":{"rendered":"Concurso COMESP: confira os gabaritos preliminares da prova"},"content":{"rendered":"\n<p>Foram realizadas no dia 19 de janeiro as provas do <strong>concurso COMESP (<a href=\"https:\/\/www.estrategiaconcursos.com.br\/cursosPorConcurso\/comesp\/\" target=\"_blank\" rel=\"noreferrer noopener\">Cons\u00f3rcio Metropolitano de Servi\u00e7os do Paran\u00e1<\/a>)<\/strong>. <\/p>\n\n\n\n<p>Com isso, os candidatos j\u00e1 podem conferir os <strong><a href=\"https:\/\/dhg1h5j42swfq.cloudfront.net\/2026\/01\/19135127\/a637bc69-c894-4d17-a07b-40668bc59108.pdf\" target=\"_blank\" rel=\"noreferrer noopener nofollow\">gabaritos preliminares<\/a><\/strong> da etapa. Recursos ser\u00e3o aceitos entre os dias 20 e 21 de janeiro, no site da Funda\u00e7\u00e3o Fafipa.<\/p>\n\n\n\n<p>Os recursos dever\u00e3o ser protocolados em requerimento pr\u00f3prio na \u201c\u00c1rea do Candidato\u201d, observando-se as seguintes ressalvas:<\/p>\n\n\n\n<ul class=\"wp-block-list\">\n<li><strong>I. <\/strong>Admitir-se-\u00e1 um \u00fanico recurso por candidato para cada quest\u00e3o;<\/li>\n\n\n\n<li><strong>II.<\/strong> Os recursos dever\u00e3o ser individuais e devidamente fundamentados;<\/li>\n\n\n\n<li><strong>III.<\/strong> Os recursos interpostos que n\u00e3o se refiram especificamente aos eventos aprazados ou interpostos fora do prazo estabelecido neste Edital n\u00e3o ser\u00e3o apreciados.<\/li>\n<\/ul>\n\n\n\n<p>Lembrando que s\u00e3o ofertadas <strong>6 (seis) vagas<\/strong> para cargos de n\u00edveis t\u00e9cnico e superior de escolaridade. A remunera\u00e7\u00e3o mensal varia de <strong>R$ 3.819,47 a R$ 5.092,59<\/strong>, com carga de 20 a 40 horas semanais.<\/p>\n\n\n\n<ul style=\"background-color:#dee3e7\" class=\"wp-block-list has-background\">\n<li><strong><\/strong><strong>Cons\u00f3rcio Metropolitano de Servi\u00e7os do Paran\u00e1<\/strong><\/li>\n\n\n\n<li><strong style=\"color: initial;\">Status:\u00a0<\/strong>provas aplicadas<\/li>\n\n\n\n<li><strong>Banca:<\/strong>&nbsp;<a href=\"https:\/\/www.fundacaofafipa.org.br\/informacoes\/4116\/\" target=\"_blank\" rel=\"noreferrer noopener\">FAFIPA<\/a><\/li>\n\n\n\n<li><strong>Vagas:<\/strong> 6<\/li>\n\n\n\n<li><strong>Sal\u00e1rio inicial:<\/strong>&nbsp;R$ 3.819,47 a R$ 5.092,59<\/li>\n\n\n\n<li><strong>Edital:<\/strong> <a href=\"https:\/\/anexos.cdn.selecao.net.br\/uploads\/281\/concursos\/4116\/anexos\/ffd72f23-d2f5-4841-89b6-e333acee0015.pdf\" target=\"_blank\" rel=\"noreferrer noopener nofollow\">COMESP 2025<\/a><\/li>\n<\/ul>\n\n\n\n<p>Ao longo deste artigo, voc\u00ea confere mais detalhes sobre a carreira da COMESP. Acompanhe atrav\u00e9s dos t\u00f3picos abaixo:<\/p>\n\n\n\n<ul id=\"indice\" class=\"wp-block-list\">\n<li><a href=\"#sobre\"><strong>Sobre<\/strong><\/a><\/li>\n\n\n\n<li><strong><a href=\"#ret\">Retifica\u00e7\u00f5es<\/a><\/strong><\/li>\n\n\n\n<li><strong><a href=\"#vagas\">Distribui\u00e7\u00e3o de vagas<\/a><\/strong><\/li>\n\n\n\n<li><strong><a href=\"#etapas\">Etapas de provas<\/a><\/strong>\n<ul class=\"wp-block-list\">\n<li><a href=\"#objetiva\">Prova objetiva<\/a><\/li>\n\n\n\n<li><a href=\"#discursiva\">Prova discursiva<\/a><\/li>\n<\/ul>\n<\/li>\n\n\n\n<li><a href=\"#cursos\"><strong>Cursos e assinaturas<\/strong><\/a><\/li>\n\n\n\n<li><a href=\"#ficha\"><strong>Ficha t\u00e9cnica<\/strong><\/a><\/li>\n<\/ul>\n\n\n\n<div class=\"container\" id=\"boxes\">\n  <div class=\"row\">\n\n    <div class=\"col-sm\">\n      <div class=\"banner-adm-ec\" id=\"box-assinatura\">\n        <h2 class=\"titulo-assinatura\" style=\"text-align: left;\">Cursos COMESP<\/h2>\n        <p class=\"subtitulo-assinatura\" style=\"text-align: left;\">Prepara\u00e7\u00e3o completa para os concursos<\/p>\n        <div class=\"box-botao\" style=\"text-align: left;\">\n          <a class=\"btn-assinatura\" target=\"_blank\" href=\"https:\/\/www.estrategiaconcursos.com.br\/cursosPorConcurso\/comesp\/\" role=\"button\" rel=\"noopener noreferrer\">VER CURSOS<\/a>\n        <\/div>\n      <\/div><\/div><\/div><\/div>\n\n\n\n<h2 class=\"wp-block-heading\" id=\"sobre\">O que \u00e9 o COMESP?<\/h2>\n\n\n\n<p>\u00c9 uma entidade associativa formada por munic\u00edpios paranaenses para gerir e executar servi\u00e7os p\u00fablicos de interesse comum. <\/p>\n\n\n\n<p>Ele funciona como um cons\u00f3rcio p\u00fablico, onde munic\u00edpios se unem voluntariamente para otimizar a gest\u00e3o de atividades, como sa\u00fade, saneamento ou outros servi\u00e7os, atrav\u00e9s de planejamento e execu\u00e7\u00e3o conjunta.<\/p>\n\n\n\n<h2 class=\"wp-block-heading\" id=\"ret\">Retifica\u00e7\u00f5es do edital<\/h2>\n\n\n\n<p><strong><a href=\"https:\/\/dhg1h5j42swfq.cloudfront.net\/2025\/12\/18082945\/35ec757c-911e-401a-8dde-2308af000236.pdf\" target=\"_blank\" rel=\"noreferrer noopener nofollow\">Retifica\u00e7\u00e3o 1<\/a> (17\/12\/2025):<\/strong> inscri\u00e7\u00f5es prorrogadas.<\/p>\n\n\n\n<h2 class=\"wp-block-heading\" id=\"cargos\">Concurso COMESP: cargos, vagas e sal\u00e1rios<\/h2>\n\n\n\n<figure class=\"wp-block-table is-style-stripes\"><table class=\"has-fixed-layout\"><thead><tr><th class=\"has-text-align-center\" data-align=\"center\">Cargos<\/th><th class=\"has-text-align-center\" data-align=\"center\">Vagas<\/th><th class=\"has-text-align-center\" data-align=\"center\">Remunera\u00e7\u00e3o<\/th><th class=\"has-text-align-center\" data-align=\"center\">Escolaridade<\/th><\/tr><\/thead><tbody><tr><td class=\"has-text-align-center\" data-align=\"center\">T\u00e9cnico de Gest\u00e3o de Cons\u00f3rcio I<\/td><td class=\"has-text-align-center\" data-align=\"center\">02 + CR<\/td><td class=\"has-text-align-center\" data-align=\"center\">R$ 3.819,47 +<br \/>benef\u00edcios<\/td><td class=\"has-text-align-center\" data-align=\"center\">N\u00edvel t\u00e9cnico<\/td><\/tr><tr><td class=\"has-text-align-center\" data-align=\"center\">Advogado<\/td><td class=\"has-text-align-center\" data-align=\"center\">01 + CR<\/td><td class=\"has-text-align-center\" data-align=\"center\">R$ 5.092,59 +<br \/>benef\u00edcios<\/td><td class=\"has-text-align-center\" data-align=\"center\">N\u00edvel superior<\/td><\/tr><tr><td class=\"has-text-align-center\" data-align=\"center\">Analista de Cons\u00f3rcio<\/td><td class=\"has-text-align-center\" data-align=\"center\">02 + CR<\/td><td class=\"has-text-align-center\" data-align=\"center\">R$ 5.092,59 +<br \/>benef\u00edcios<\/td><td class=\"has-text-align-center\" data-align=\"center\">N\u00edvel superior<\/td><\/tr><tr><td class=\"has-text-align-center\" data-align=\"center\">Contador<\/td><td class=\"has-text-align-center\" data-align=\"center\">01 + CR<\/td><td class=\"has-text-align-center\" data-align=\"center\">R$ 5.092,59 +<br \/>benef\u00edcios<\/td><td class=\"has-text-align-center\" data-align=\"center\">N\u00edvel superior<\/td><\/tr><\/tbody><\/table><\/figure>\n\n\n\n<h2 class=\"wp-block-heading\" id=\"etapas\">Concurso COMESP: etapas de prova<\/h2>\n\n\n\n<p>A classifica\u00e7\u00e3o dos candidatos ocorre por meio das seguintes etapas:<\/p>\n\n\n\n<ul class=\"wp-block-list\">\n<li><strong>Prova objetiva<\/strong>, de car\u00e1ter eliminat\u00f3rio e classificat\u00f3rio, a ser aplicada na cidade de Curitiba no dia 18 de janeiro de 2026; e<\/li>\n\n\n\n<li><strong>Prova discursiva<\/strong>, de car\u00e1ter eliminat\u00f3rio e classificat\u00f3rio.<\/li>\n<\/ul>\n\n\n\n<h3 class=\"wp-block-heading\" id=\"h-prova-objetiva\">Prova objetiva<\/h3>\n\n\n\n<p>A prova objetiva foi composta de 40 e 50 (quest\u00f5es distribu\u00eddas por \u00e1reas de conhecimento. Cada quest\u00e3o da prova objetiva teve 05 (cinco) alternativas, sendo que cada quest\u00e3o teve apenas 1 (uma) alternativa correta.<\/p>\n\n\n\n<p>Ser\u00e1 atribu\u00edda pontua\u00e7\u00e3o 0 (zero) \u00e0s quest\u00f5es com mais de uma op\u00e7\u00e3o assinalada, quest\u00f5es sem op\u00e7\u00e3o assinalada, com rasuras ou preenchidas a l\u00e1pis. <\/p>\n\n\n\n<figure class=\"wp-block-image aligncenter size-large\"><img loading=\"lazy\" decoding=\"async\" width=\"1024\" height=\"324\" src=\"https:\/\/dhg1h5j42swfq.cloudfront.net\/2025\/11\/12122740\/image-99-1024x324.png\" alt=\"\" class=\"wp-image-1669294\" srcset=\"https:\/\/dhg1h5j42swfq.cloudfront.net\/2025\/11\/12122740\/image-99-1024x324.png 1024w, https:\/\/dhg1h5j42swfq.cloudfront.net\/2025\/11\/12122740\/image-99-300x95.png 300w, https:\/\/dhg1h5j42swfq.cloudfront.net\/2025\/11\/12122740\/image-99-768x243.png 768w, https:\/\/dhg1h5j42swfq.cloudfront.net\/2025\/11\/12122740\/image-99-150x48.png 150w, https:\/\/dhg1h5j42swfq.cloudfront.net\/2025\/11\/12122740\/image-99.png 1042w\" sizes=\"auto, (max-width: 1024px) 100vw, 1024px\" \/><\/figure>\n\n\n\n<figure class=\"wp-block-image aligncenter size-large\"><img loading=\"lazy\" decoding=\"async\" width=\"1024\" height=\"646\" src=\"https:\/\/dhg1h5j42swfq.cloudfront.net\/2025\/11\/12122727\/image-98-1024x646.png\" alt=\"Concurso COMESP: etapas de prova\" class=\"wp-image-1669292\" srcset=\"https:\/\/dhg1h5j42swfq.cloudfront.net\/2025\/11\/12122727\/image-98-1024x646.png 1024w, https:\/\/dhg1h5j42swfq.cloudfront.net\/2025\/11\/12122727\/image-98-300x189.png 300w, https:\/\/dhg1h5j42swfq.cloudfront.net\/2025\/11\/12122727\/image-98-768x485.png 768w, https:\/\/dhg1h5j42swfq.cloudfront.net\/2025\/11\/12122727\/image-98-150x95.png 150w, https:\/\/dhg1h5j42swfq.cloudfront.net\/2025\/11\/12122727\/image-98.png 1044w\" sizes=\"auto, (max-width: 1024px) 100vw, 1024px\" \/><\/figure>\n\n\n\n<h3 class=\"wp-block-heading\" id=\"discursiva\">Prova discursiva<\/h3>\n\n\n\n<p>A prova discursiva foi composta por 01 (um) parecer t\u00e9cnico-jur\u00eddico (exclusivamente para o emprego p\u00fablico de Advogado) e 01 (uma) disserta\u00e7\u00e3o (exclusivamente para os empregos p\u00fablicos de Analista de Cons\u00f3rcio, Contador e T\u00e9cnico de Gest\u00e3o de Cons\u00f3rcio I).<\/p>\n\n\n\n<p>A pontua\u00e7\u00e3o m\u00e1xima foi de 40 pontos. O candidato quando da elabora\u00e7\u00e3o da DISSERTA\u00c7\u00c3O, disp\u00f4s de, no m\u00ednimo, 15 linhas e no m\u00e1ximo, 30 linhas para elabora\u00e7\u00e3o do texto.<\/p>\n\n\n\n<p>J\u00e1 para execu\u00e7\u00e3o do PARECER T\u00c9CNICO, o candidato disp\u00f4s  de, no m\u00ednimo, 20 linhas e no m\u00e1ximo, 40 linhas para resolu\u00e7\u00e3o da prova. <\/p>\n\n\n\n<hr class=\"wp-block-separator has-alpha-channel-opacity is-style-default\"\/>\n\n\n\n<h2 class=\"wp-block-heading has-text-align-center\" id=\"cursos\"><em>Prepare-se desde j\u00e1 para o concurso COMESP com nossos cursos e assinaturas:<\/em><\/h2>\n\n\n\n<div class=\"container\" id=\"boxes\">\n  <div class=\"row\">\n\n    <div class=\"col-sm\">\n      <div class=\"banner-adm-ec\" id=\"box-assinatura\">\n        <h2 class=\"titulo-assinatura\" style=\"text-align: left;\">Cursos COMESP<\/h2>\n        <p class=\"subtitulo-assinatura\" style=\"text-align: left;\">Prepara\u00e7\u00e3o completa para os concursos<\/p>\n        <div class=\"box-botao\" style=\"text-align: left;\">\n          <a class=\"btn-assinatura\" target=\"_blank\" href=\"https:\/\/www.estrategiaconcursos.com.br\/cursosPorConcurso\/comesp\/\" role=\"button\" rel=\"noopener noreferrer\">VER CURSOS<\/a>\n        <\/div>\n      <\/div><\/div><\/div><\/div>\n\n\n\n<div class=\"container\" id=\"boxes\">\n  <div class=\"row\">\n\n    <div class=\"col-sm\">\n      <div class=\"estrategia\" id=\"box-assinatura\">\n        <h3 class=\"titulo-assinatura\">Assinatura Concursos<\/h3>\n        <p class=\"subtitulo-assinatura\">Assinatura de 1 ano ou 2 anos<\/p>\n        <div class=\"box-botao\">\n          <a class=\"btn-assinatura\" target=\"_blank\" href=\"https:\/\/www.estrategiaconcursos.com.br\/assinaturas\/\" role=\"button\" rel=\"noopener noreferrer\">ASSINE AGORA<\/a>\n        <\/div>\n      <\/div><\/div><\/div><\/div>\n\n\n\n<h2 class=\"wp-block-heading has-text-align-center\" id=\"h-quer-saber-tudo-sobre-concursos-previstos-confira-nossos-artigos\">Quer saber tudo sobre concursos previstos?<br \/>Confira nossos artigos!<\/h2>\n\n\n\n<ul class=\"wp-block-list\">\n<li><a href=\"https:\/\/www.estrategiaconcursos.com.br\/blog\/concursos-abertos\/\" target=\"_blank\" rel=\"noreferrer noopener\">Concursos Abertos<\/a><\/li>\n\n\n\n<li><a href=\"https:\/\/www.estrategiaconcursos.com.br\/blog\/concursos-2026\/\" target=\"_blank\" rel=\"noreferrer noopener\">Concursos 2026<\/a><\/li>\n<\/ul>\n\n\n\n<figure class=\"wp-block-image is-resized\"><img loading=\"lazy\" decoding=\"async\" width=\"1024\" height=\"632\" src=\"https:\/\/dhg1h5j42swfq.cloudfront.net\/2021\/05\/07084717\/ficha-tecnica-15-1024x632.png\" alt=\"Informa\u00e7\u00f5es do concurso COMESP\" class=\"wp-image-733714\" style=\"width:300px;height:auto\" srcset=\"https:\/\/dhg1h5j42swfq.cloudfront.net\/2021\/05\/07084717\/ficha-tecnica-15-1024x632.png 1024w, https:\/\/dhg1h5j42swfq.cloudfront.net\/2021\/05\/07084717\/ficha-tecnica-15-300x185.png 300w, https:\/\/dhg1h5j42swfq.cloudfront.net\/2021\/05\/07084717\/ficha-tecnica-15-768x474.png 768w, https:\/\/dhg1h5j42swfq.cloudfront.net\/2021\/05\/07084717\/ficha-tecnica-15-1536x948.png 1536w, https:\/\/dhg1h5j42swfq.cloudfront.net\/2021\/05\/07084717\/ficha-tecnica-15-610x377.png 610w, https:\/\/dhg1h5j42swfq.cloudfront.net\/2021\/05\/07084717\/ficha-tecnica-15.png 1571w\" sizes=\"auto, (max-width: 1024px) 100vw, 1024px\" \/><\/figure>\n\n\n\n<h3 class=\"wp-block-heading\" id=\"ficha-tecnica\">Informa\u00e7\u00f5es do concurso COMESP<\/h3>\n\n\n\n<ul class=\"wp-block-list\">\n<li><strong>Data da prova:<\/strong> <s>18\/01\/2026<\/s><\/li>\n\n\n\n<li><strong>Vagas:<\/strong> 6<\/li>\n\n\n\n<li><strong>Cargos:<\/strong>&nbsp;diversos<\/li>\n\n\n\n<li><strong>Banca:<\/strong>&nbsp;FAFIPA<\/li>\n\n\n\n<li><strong>Escolaridade:<\/strong>&nbsp;n\u00edveis t\u00e9cnico e superior<\/li>\n\n\n\n<li><strong>Edital:<\/strong> <a href=\"https:\/\/anexos.cdn.selecao.net.br\/uploads\/281\/concursos\/4116\/anexos\/ffd72f23-d2f5-4841-89b6-e333acee0015.pdf\" target=\"_blank\" rel=\"noreferrer noopener nofollow\">COMESP 2025<\/a><\/li>\n<\/ul>\n","protected":false},"excerpt":{"rendered":"<p>Foram realizadas no dia 19 de janeiro as provas do concurso COMESP (Cons\u00f3rcio Metropolitano de Servi\u00e7os do Paran\u00e1). Com isso, os candidatos j\u00e1 podem conferir os gabaritos preliminares da etapa. Recursos ser\u00e3o aceitos entre os dias 20 e 21 de janeiro, no site da Funda\u00e7\u00e3o Fafipa. Os recursos dever\u00e3o ser protocolados em requerimento pr\u00f3prio na [&hellip;]<\/p>\n","protected":false},"author":2018,"featured_media":1670075,"comment_status":"open","ping_status":"closed","sticky":false,"template":"","format":"standard","meta":{"post_tipo":"news_page","footnotes":""},"categories":[214992],"tags":[],"tax_estado":[219981],"class_list":["post-1669212","post","type-post","status-publish","format-standard","has-post-thumbnail","hentry","category-concursos-administrativos","tax_estado-pr"],"acf":[],"yoast_head":"<!-- This site is optimized with the Yoast SEO Premium plugin v27.2 (Yoast SEO v27.2) - https:\/\/yoast.com\/product\/yoast-seo-premium-wordpress\/ -->\n<title>Concurso COMESP: confira os gabaritos preliminares da prova<\/title>\n<meta name=\"description\" content=\"Confira o edital do concurso COMESP, que teve as provas objetivas e discursivas aplicadas em 18 de janeiro.\" \/>\n<meta name=\"robots\" content=\"index, follow, max-snippet:-1, max-image-preview:large, max-video-preview:-1\" \/>\n<link rel=\"canonical\" href=\"https:\/\/www.estrategiaconcursos.com.br\/blog\/concurso-comesp\/\" \/>\n<meta property=\"og:locale\" content=\"pt_BR\" \/>\n<meta property=\"og:type\" content=\"article\" \/>\n<meta property=\"og:title\" content=\"Concurso COMESP: confira os gabaritos preliminares da prova\" \/>\n<meta property=\"og:description\" content=\"Confira o edital do concurso COMESP, que teve as provas objetivas e discursivas aplicadas em 18 de janeiro.\" \/>\n<meta property=\"og:url\" content=\"https:\/\/www.estrategiaconcursos.com.br\/blog\/concurso-comesp\/\" \/>\n<meta property=\"og:site_name\" content=\"Estrat\u00e9gia Concursos\" \/>\n<meta property=\"article:published_time\" content=\"2026-01-19T16:54:00+00:00\" \/>\n<meta property=\"article:modified_time\" content=\"2026-01-19T16:54:41+00:00\" \/>\n<meta property=\"og:image\" content=\"https:\/\/dhg1h5j42swfq.cloudfront.net\/2025\/11\/13131410\/comesp.jpg\" \/>\n\t<meta property=\"og:image:width\" content=\"768\" \/>\n\t<meta property=\"og:image:height\" content=\"432\" \/>\n\t<meta property=\"og:image:type\" content=\"image\/jpeg\" \/>\n<meta name=\"author\" content=\"B\u00e1rbara Carvalho Santos\" \/>\n<meta name=\"twitter:card\" content=\"summary_large_image\" \/>\n<meta name=\"twitter:creator\" content=\"@EstratConcursos\" \/>\n<meta name=\"twitter:site\" content=\"@EstratConcursos\" \/>\n<meta name=\"twitter:label1\" content=\"Escrito por\" \/>\n\t<meta name=\"twitter:data1\" content=\"B\u00e1rbara Carvalho Santos\" \/>\n\t<meta name=\"twitter:label2\" content=\"Est. tempo de leitura\" \/>\n\t<meta name=\"twitter:data2\" content=\"3 minutos\" \/>\n<script type=\"application\/ld+json\" class=\"yoast-schema-graph\">{\"@context\":\"https:\/\/schema.org\",\"@graph\":[{\"@type\":\"NewsArticle\",\"@id\":\"https:\/\/www.estrategiaconcursos.com.br\/blog\/concurso-comesp\/#article\",\"isPartOf\":{\"@id\":\"https:\/\/www.estrategiaconcursos.com.br\/blog\/concurso-comesp\/\"},\"author\":{\"name\":\"B\u00e1rbara Carvalho Santos\",\"@id\":\"https:\/\/www.estrategiaconcursos.com.br\/blog\/#\/schema\/person\/e3882259fa157d54c44c21f4ee4e0e60\"},\"headline\":\"Concurso COMESP: confira os gabaritos preliminares da prova\",\"datePublished\":\"2026-01-19T16:54:00+00:00\",\"dateModified\":\"2026-01-19T16:54:41+00:00\",\"mainEntityOfPage\":{\"@id\":\"https:\/\/www.estrategiaconcursos.com.br\/blog\/concurso-comesp\/\"},\"wordCount\":642,\"commentCount\":0,\"publisher\":{\"@id\":\"https:\/\/www.estrategiaconcursos.com.br\/blog\/#organization\"},\"image\":{\"@id\":\"https:\/\/www.estrategiaconcursos.com.br\/blog\/concurso-comesp\/#primaryimage\"},\"thumbnailUrl\":\"https:\/\/dhg1h5j42swfq.cloudfront.net\/2025\/11\/13131410\/comesp.jpg\",\"articleSection\":[\"Executivo (Administrativa)\"],\"inLanguage\":\"pt-BR\",\"potentialAction\":[{\"@type\":\"CommentAction\",\"name\":\"Comment\",\"target\":[\"https:\/\/www.estrategiaconcursos.com.br\/blog\/concurso-comesp\/#respond\"]}],\"copyrightYear\":\"2026\",\"copyrightHolder\":{\"@id\":\"https:\/\/www.estrategiaconcursos.com.br\/blog\/#organization\"}},{\"@type\":\"WebPage\",\"@id\":\"https:\/\/www.estrategiaconcursos.com.br\/blog\/concurso-comesp\/\",\"url\":\"https:\/\/www.estrategiaconcursos.com.br\/blog\/concurso-comesp\/\",\"name\":\"Concurso COMESP: confira os gabaritos preliminares da prova\",\"isPartOf\":{\"@id\":\"https:\/\/www.estrategiaconcursos.com.br\/blog\/#website\"},\"primaryImageOfPage\":{\"@id\":\"https:\/\/www.estrategiaconcursos.com.br\/blog\/concurso-comesp\/#primaryimage\"},\"image\":{\"@id\":\"https:\/\/www.estrategiaconcursos.com.br\/blog\/concurso-comesp\/#primaryimage\"},\"thumbnailUrl\":\"https:\/\/dhg1h5j42swfq.cloudfront.net\/2025\/11\/13131410\/comesp.jpg\",\"datePublished\":\"2026-01-19T16:54:00+00:00\",\"dateModified\":\"2026-01-19T16:54:41+00:00\",\"description\":\"Confira o edital do concurso COMESP, que teve as provas objetivas e discursivas aplicadas em 18 de janeiro.\",\"breadcrumb\":{\"@id\":\"https:\/\/www.estrategiaconcursos.com.br\/blog\/concurso-comesp\/#breadcrumb\"},\"inLanguage\":\"pt-BR\",\"potentialAction\":[{\"@type\":\"ReadAction\",\"target\":[\"https:\/\/www.estrategiaconcursos.com.br\/blog\/concurso-comesp\/\"]}]},{\"@type\":\"ImageObject\",\"inLanguage\":\"pt-BR\",\"@id\":\"https:\/\/www.estrategiaconcursos.com.br\/blog\/concurso-comesp\/#primaryimage\",\"url\":\"https:\/\/dhg1h5j42swfq.cloudfront.net\/2025\/11\/13131410\/comesp.jpg\",\"contentUrl\":\"https:\/\/dhg1h5j42swfq.cloudfront.net\/2025\/11\/13131410\/comesp.jpg\",\"width\":768,\"height\":432},{\"@type\":\"BreadcrumbList\",\"@id\":\"https:\/\/www.estrategiaconcursos.com.br\/blog\/concurso-comesp\/#breadcrumb\",\"itemListElement\":[{\"@type\":\"ListItem\",\"position\":1,\"name\":\"In\u00edcio\",\"item\":\"https:\/\/www.estrategiaconcursos.com.br\/blog\/\"},{\"@type\":\"ListItem\",\"position\":2,\"name\":\"Concurso COMESP: confira os gabaritos preliminares da prova\"}]},{\"@type\":\"WebSite\",\"@id\":\"https:\/\/www.estrategiaconcursos.com.br\/blog\/#website\",\"url\":\"https:\/\/www.estrategiaconcursos.com.br\/blog\/\",\"name\":\"Estrat\u00e9gia Concursos\",\"description\":\"O blog da Estrat\u00e9gia Concursos traz not\u00edcias sobre concursos e artigos de professores oferecendo cursos para concursos (pdf + videaulas) no site.\",\"publisher\":{\"@id\":\"https:\/\/www.estrategiaconcursos.com.br\/blog\/#organization\"},\"potentialAction\":[{\"@type\":\"SearchAction\",\"target\":{\"@type\":\"EntryPoint\",\"urlTemplate\":\"https:\/\/www.estrategiaconcursos.com.br\/blog\/?s={search_term_string}\"},\"query-input\":{\"@type\":\"PropertyValueSpecification\",\"valueRequired\":true,\"valueName\":\"search_term_string\"}}],\"inLanguage\":\"pt-BR\"},{\"@type\":\"Organization\",\"@id\":\"https:\/\/www.estrategiaconcursos.com.br\/blog\/#organization\",\"name\":\"Estrat\u00e9gia Concursos\",\"url\":\"https:\/\/www.estrategiaconcursos.com.br\/blog\/\",\"logo\":{\"@type\":\"ImageObject\",\"inLanguage\":\"pt-BR\",\"@id\":\"https:\/\/www.estrategiaconcursos.com.br\/blog\/#\/schema\/logo\/image\/\",\"url\":\"https:\/\/dhg1h5j42swfq.cloudfront.net\/2025\/06\/03203428\/logo_concursos-1.jpg\",\"contentUrl\":\"https:\/\/dhg1h5j42swfq.cloudfront.net\/2025\/06\/03203428\/logo_concursos-1.jpg\",\"width\":230,\"height\":60,\"caption\":\"Estrat\u00e9gia Concursos\"},\"image\":{\"@id\":\"https:\/\/www.estrategiaconcursos.com.br\/blog\/#\/schema\/logo\/image\/\"},\"sameAs\":[\"https:\/\/x.com\/EstratConcursos\"]},{\"@type\":\"Person\",\"@id\":\"https:\/\/www.estrategiaconcursos.com.br\/blog\/#\/schema\/person\/e3882259fa157d54c44c21f4ee4e0e60\",\"name\":\"B\u00e1rbara Carvalho Santos\",\"image\":{\"@type\":\"ImageObject\",\"inLanguage\":\"pt-BR\",\"@id\":\"https:\/\/secure.gravatar.com\/avatar\/353300f73140f779692b9be2b39f434d1341e4e34c7f55bd5a990fe29ef352eb?s=96&d=mm&r=g\",\"url\":\"https:\/\/secure.gravatar.com\/avatar\/353300f73140f779692b9be2b39f434d1341e4e34c7f55bd5a990fe29ef352eb?s=96&d=mm&r=g\",\"contentUrl\":\"https:\/\/secure.gravatar.com\/avatar\/353300f73140f779692b9be2b39f434d1341e4e34c7f55bd5a990fe29ef352eb?s=96&d=mm&r=g\",\"caption\":\"B\u00e1rbara Carvalho Santos\"},\"description\":\"M\u00e3e e jornalista formada pela UNIP, possui ampla experi\u00eancia na cobertura de entretenimento em grandes ve\u00edculos, como o site da CNN, RedeTV! e Estrat\u00e9gia Educacional. Atuou tamb\u00e9m em ag\u00eancias de marketing, produtoras musicais e assessorias de imprensa, com foco especial no trabalho com personalidades p\u00fablicas. Atualmente, integra a equipe do Estrat\u00e9gia Concursos, onde \u00e9 respons\u00e1vel pela produ\u00e7\u00e3o de conte\u00fados estrat\u00e9gicos voltados para o setor de concursos p\u00fablicos, com destaque para a \u00e1rea fiscal, gest\u00e3o, controle, concursos administrativos e Minist\u00e9rios participantes do CNU, al\u00e9m de diversos \u00f3rg\u00e3os federais. Tem como miss\u00e3o transformar informa\u00e7\u00f5es complexas em conte\u00fados acess\u00edveis, relevantes e de alto valor para quem sonha com uma carreira no servi\u00e7o p\u00fablico.\",\"url\":\"https:\/\/www.estrategiaconcursos.com.br\/blog\/author\/barbara-santos\/\"}]}<\/script>\n<!-- \/ Yoast SEO Premium plugin. -->","yoast_head_json":{"title":"Concurso COMESP: confira os gabaritos preliminares da prova","description":"Confira o edital do concurso COMESP, que teve as provas objetivas e discursivas aplicadas em 18 de janeiro.","robots":{"index":"index","follow":"follow","max-snippet":"max-snippet:-1","max-image-preview":"max-image-preview:large","max-video-preview":"max-video-preview:-1"},"canonical":"https:\/\/www.estrategiaconcursos.com.br\/blog\/concurso-comesp\/","og_locale":"pt_BR","og_type":"article","og_title":"Concurso COMESP: confira os gabaritos preliminares da prova","og_description":"Confira o edital do concurso COMESP, que teve as provas objetivas e discursivas aplicadas em 18 de janeiro.","og_url":"https:\/\/www.estrategiaconcursos.com.br\/blog\/concurso-comesp\/","og_site_name":"Estrat\u00e9gia Concursos","article_published_time":"2026-01-19T16:54:00+00:00","article_modified_time":"2026-01-19T16:54:41+00:00","og_image":[{"width":768,"height":432,"url":"https:\/\/dhg1h5j42swfq.cloudfront.net\/2025\/11\/13131410\/comesp.jpg","type":"image\/jpeg"}],"author":"B\u00e1rbara Carvalho Santos","twitter_card":"summary_large_image","twitter_creator":"@EstratConcursos","twitter_site":"@EstratConcursos","twitter_misc":{"Escrito por":"B\u00e1rbara Carvalho Santos","Est. tempo de leitura":"3 minutos"},"schema":{"@context":"https:\/\/schema.org","@graph":[{"@type":"NewsArticle","@id":"https:\/\/www.estrategiaconcursos.com.br\/blog\/concurso-comesp\/#article","isPartOf":{"@id":"https:\/\/www.estrategiaconcursos.com.br\/blog\/concurso-comesp\/"},"author":{"name":"B\u00e1rbara Carvalho Santos","@id":"https:\/\/www.estrategiaconcursos.com.br\/blog\/#\/schema\/person\/e3882259fa157d54c44c21f4ee4e0e60"},"headline":"Concurso COMESP: confira os gabaritos preliminares da prova","datePublished":"2026-01-19T16:54:00+00:00","dateModified":"2026-01-19T16:54:41+00:00","mainEntityOfPage":{"@id":"https:\/\/www.estrategiaconcursos.com.br\/blog\/concurso-comesp\/"},"wordCount":642,"commentCount":0,"publisher":{"@id":"https:\/\/www.estrategiaconcursos.com.br\/blog\/#organization"},"image":{"@id":"https:\/\/www.estrategiaconcursos.com.br\/blog\/concurso-comesp\/#primaryimage"},"thumbnailUrl":"https:\/\/dhg1h5j42swfq.cloudfront.net\/2025\/11\/13131410\/comesp.jpg","articleSection":["Executivo (Administrativa)"],"inLanguage":"pt-BR","potentialAction":[{"@type":"CommentAction","name":"Comment","target":["https:\/\/www.estrategiaconcursos.com.br\/blog\/concurso-comesp\/#respond"]}],"copyrightYear":"2026","copyrightHolder":{"@id":"https:\/\/www.estrategiaconcursos.com.br\/blog\/#organization"}},{"@type":"WebPage","@id":"https:\/\/www.estrategiaconcursos.com.br\/blog\/concurso-comesp\/","url":"https:\/\/www.estrategiaconcursos.com.br\/blog\/concurso-comesp\/","name":"Concurso COMESP: confira os gabaritos preliminares da prova","isPartOf":{"@id":"https:\/\/www.estrategiaconcursos.com.br\/blog\/#website"},"primaryImageOfPage":{"@id":"https:\/\/www.estrategiaconcursos.com.br\/blog\/concurso-comesp\/#primaryimage"},"image":{"@id":"https:\/\/www.estrategiaconcursos.com.br\/blog\/concurso-comesp\/#primaryimage"},"thumbnailUrl":"https:\/\/dhg1h5j42swfq.cloudfront.net\/2025\/11\/13131410\/comesp.jpg","datePublished":"2026-01-19T16:54:00+00:00","dateModified":"2026-01-19T16:54:41+00:00","description":"Confira o edital do concurso COMESP, que teve as provas objetivas e discursivas aplicadas em 18 de janeiro.","breadcrumb":{"@id":"https:\/\/www.estrategiaconcursos.com.br\/blog\/concurso-comesp\/#breadcrumb"},"inLanguage":"pt-BR","potentialAction":[{"@type":"ReadAction","target":["https:\/\/www.estrategiaconcursos.com.br\/blog\/concurso-comesp\/"]}]},{"@type":"ImageObject","inLanguage":"pt-BR","@id":"https:\/\/www.estrategiaconcursos.com.br\/blog\/concurso-comesp\/#primaryimage","url":"https:\/\/dhg1h5j42swfq.cloudfront.net\/2025\/11\/13131410\/comesp.jpg","contentUrl":"https:\/\/dhg1h5j42swfq.cloudfront.net\/2025\/11\/13131410\/comesp.jpg","width":768,"height":432},{"@type":"BreadcrumbList","@id":"https:\/\/www.estrategiaconcursos.com.br\/blog\/concurso-comesp\/#breadcrumb","itemListElement":[{"@type":"ListItem","position":1,"name":"In\u00edcio","item":"https:\/\/www.estrategiaconcursos.com.br\/blog\/"},{"@type":"ListItem","position":2,"name":"Concurso COMESP: confira os gabaritos preliminares da prova"}]},{"@type":"WebSite","@id":"https:\/\/www.estrategiaconcursos.com.br\/blog\/#website","url":"https:\/\/www.estrategiaconcursos.com.br\/blog\/","name":"Estrat\u00e9gia Concursos","description":"O blog da Estrat\u00e9gia Concursos traz not\u00edcias sobre concursos e artigos de professores oferecendo cursos para concursos (pdf + videaulas) no site.","publisher":{"@id":"https:\/\/www.estrategiaconcursos.com.br\/blog\/#organization"},"potentialAction":[{"@type":"SearchAction","target":{"@type":"EntryPoint","urlTemplate":"https:\/\/www.estrategiaconcursos.com.br\/blog\/?s={search_term_string}"},"query-input":{"@type":"PropertyValueSpecification","valueRequired":true,"valueName":"search_term_string"}}],"inLanguage":"pt-BR"},{"@type":"Organization","@id":"https:\/\/www.estrategiaconcursos.com.br\/blog\/#organization","name":"Estrat\u00e9gia Concursos","url":"https:\/\/www.estrategiaconcursos.com.br\/blog\/","logo":{"@type":"ImageObject","inLanguage":"pt-BR","@id":"https:\/\/www.estrategiaconcursos.com.br\/blog\/#\/schema\/logo\/image\/","url":"https:\/\/dhg1h5j42swfq.cloudfront.net\/2025\/06\/03203428\/logo_concursos-1.jpg","contentUrl":"https:\/\/dhg1h5j42swfq.cloudfront.net\/2025\/06\/03203428\/logo_concursos-1.jpg","width":230,"height":60,"caption":"Estrat\u00e9gia Concursos"},"image":{"@id":"https:\/\/www.estrategiaconcursos.com.br\/blog\/#\/schema\/logo\/image\/"},"sameAs":["https:\/\/x.com\/EstratConcursos"]},{"@type":"Person","@id":"https:\/\/www.estrategiaconcursos.com.br\/blog\/#\/schema\/person\/e3882259fa157d54c44c21f4ee4e0e60","name":"B\u00e1rbara Carvalho Santos","image":{"@type":"ImageObject","inLanguage":"pt-BR","@id":"https:\/\/secure.gravatar.com\/avatar\/353300f73140f779692b9be2b39f434d1341e4e34c7f55bd5a990fe29ef352eb?s=96&d=mm&r=g","url":"https:\/\/secure.gravatar.com\/avatar\/353300f73140f779692b9be2b39f434d1341e4e34c7f55bd5a990fe29ef352eb?s=96&d=mm&r=g","contentUrl":"https:\/\/secure.gravatar.com\/avatar\/353300f73140f779692b9be2b39f434d1341e4e34c7f55bd5a990fe29ef352eb?s=96&d=mm&r=g","caption":"B\u00e1rbara Carvalho Santos"},"description":"M\u00e3e e jornalista formada pela UNIP, possui ampla experi\u00eancia na cobertura de entretenimento em grandes ve\u00edculos, como o site da CNN, RedeTV! e Estrat\u00e9gia Educacional. Atuou tamb\u00e9m em ag\u00eancias de marketing, produtoras musicais e assessorias de imprensa, com foco especial no trabalho com personalidades p\u00fablicas. Atualmente, integra a equipe do Estrat\u00e9gia Concursos, onde \u00e9 respons\u00e1vel pela produ\u00e7\u00e3o de conte\u00fados estrat\u00e9gicos voltados para o setor de concursos p\u00fablicos, com destaque para a \u00e1rea fiscal, gest\u00e3o, controle, concursos administrativos e Minist\u00e9rios participantes do CNU, al\u00e9m de diversos \u00f3rg\u00e3os federais. Tem como miss\u00e3o transformar informa\u00e7\u00f5es complexas em conte\u00fados acess\u00edveis, relevantes e de alto valor para quem sonha com uma carreira no servi\u00e7o p\u00fablico.","url":"https:\/\/www.estrategiaconcursos.com.br\/blog\/author\/barbara-santos\/"}]}},"_links":{"self":[{"href":"https:\/\/www.estrategiaconcursos.com.br\/blog\/wp-json\/wp\/v2\/posts\/1669212","targetHints":{"allow":["GET"]}}],"collection":[{"href":"https:\/\/www.estrategiaconcursos.com.br\/blog\/wp-json\/wp\/v2\/posts"}],"about":[{"href":"https:\/\/www.estrategiaconcursos.com.br\/blog\/wp-json\/wp\/v2\/types\/post"}],"author":[{"embeddable":true,"href":"https:\/\/www.estrategiaconcursos.com.br\/blog\/wp-json\/wp\/v2\/users\/2018"}],"replies":[{"embeddable":true,"href":"https:\/\/www.estrategiaconcursos.com.br\/blog\/wp-json\/wp\/v2\/comments?post=1669212"}],"version-history":[{"count":15,"href":"https:\/\/www.estrategiaconcursos.com.br\/blog\/wp-json\/wp\/v2\/posts\/1669212\/revisions"}],"predecessor-version":[{"id":1701537,"href":"https:\/\/www.estrategiaconcursos.com.br\/blog\/wp-json\/wp\/v2\/posts\/1669212\/revisions\/1701537"}],"wp:featuredmedia":[{"embeddable":true,"href":"https:\/\/www.estrategiaconcursos.com.br\/blog\/wp-json\/wp\/v2\/media\/1670075"}],"wp:attachment":[{"href":"https:\/\/www.estrategiaconcursos.com.br\/blog\/wp-json\/wp\/v2\/media?parent=1669212"}],"wp:term":[{"taxonomy":"category","embeddable":true,"href":"https:\/\/www.estrategiaconcursos.com.br\/blog\/wp-json\/wp\/v2\/categories?post=1669212"},{"taxonomy":"post_tag","embeddable":true,"href":"https:\/\/www.estrategiaconcursos.com.br\/blog\/wp-json\/wp\/v2\/tags?post=1669212"},{"taxonomy":"tax_estado","embeddable":true,"href":"https:\/\/www.estrategiaconcursos.com.br\/blog\/wp-json\/wp\/v2\/tax_estado?post=1669212"}],"curies":[{"name":"wp","href":"https:\/\/api.w.org\/{rel}","templated":true}]}}