{"id":166888,"date":"2019-02-20T06:00:12","date_gmt":"2019-02-20T09:00:12","guid":{"rendered":"https:\/\/www.estrategiaconcursos.com.br\/blog\/?p=166888"},"modified":"2019-04-04T16:20:21","modified_gmt":"2019-04-04T19:20:21","slug":"concursos-2019-previstos","status":"publish","type":"post","link":"https:\/\/www.estrategiaconcursos.com.br\/blog\/concursos-2019-previstos\/","title":{"rendered":"Suspens\u00e3o Concursos 2019: secret\u00e1rio diz que n\u00e3o haver\u00e1 concursos este ano"},"content":{"rendered":"\n<p><\/p>\n\n\n\n<p style=\"font-size:25px\"><em>Secret\u00e1rio do Minist\u00e9rio da Economia afirma que &#8220;n\u00e3o haver\u00e1 concursos em 2019&#8221;.<\/em><\/p>\n\n\n\n<p>Uma declara\u00e7\u00e3o dada pelo secret\u00e1rio de Desburocratiza\u00e7\u00e3o, Gest\u00e3o e Governo Digital do Minist\u00e9rio da Economia, Paulo Uebel, pegou de surpresa e deixou uma certa preocupa\u00e7\u00e3o em quem estuda h\u00e1 algum tempo para Concursos P\u00fablicos. Respons\u00e1vel pela autoriza\u00e7\u00e3o de certames do Executivo Federal, o gestor da pasta afirmou categoricamente que<strong><em> &#8220;n\u00e3o haver\u00e1 novos concursos p\u00fablicos em 2019\u201d<\/em><\/strong>.<\/p>\n\n\n<figure class=\"wp-block-embed-youtube wp-block-embed is-type-video is-provider-youtube wp-embed-aspect-16-9 wp-has-aspect-ratio\"><div class=\"lyte-wrapper\" style=\"width:853px;max-width:100%;margin:5px;\"><div class=\"lyMe\" id=\"WYL_zW608gbDBrc\"><div id=\"lyte_zW608gbDBrc\" data-src=\"\/\/i.ytimg.com\/vi\/zW608gbDBrc\/hqdefault.jpg\" class=\"pL\"><div class=\"tC\"><div class=\"tT\"><\/div><\/div><div class=\"play\"><\/div><div class=\"ctrl\"><div class=\"Lctrl\"><\/div><div class=\"Rctrl\"><\/div><\/div><\/div><noscript><a href=\"https:\/\/youtu.be\/zW608gbDBrc\" rel=\"nofollow\"><img loading=\"lazy\" decoding=\"async\" src=\"https:\/\/i.ytimg.com\/vi\/zW608gbDBrc\/0.jpg\" alt=\"YouTube video thumbnail\" width=\"853\" height=\"460\" \/><br \/>Assista a este v\u00eddeo no YouTube<\/a><\/noscript><\/div><\/div><div class=\"lL\" style=\"max-width:100%;width:853px;margin:5px;\"><\/div><figcaption><\/figcaption><\/figure>\n\n\n<p>A declara\u00e7\u00e3o foi dada ao site Correio Brasiliense na \u00faltima segunda-feira, 18 de fevereiro, e repercutida na imprensa em todo o pa\u00eds. Diante desta &#8220;bomba&#8221;, gostar\u00edamos de dar a nossa opini\u00e3o sobre o fato. Neste artigo, voc\u00ea vai entender se isso vai prejudicar a sua caminhada na prepara\u00e7\u00e3o para Concursos P\u00fablicos e como efetivamente a declara\u00e7\u00e3o atinge a realiza\u00e7\u00e3o de certames.<\/p>\n\n\n\n<p>Antes de qualquer coisa, gostar\u00edamos de tranquiliz\u00e1-lo quanto a esse assunto. \u00c9 claro que a not\u00edcia pegou de surpresa muitos concurseiros que h\u00e1 muito tempo se dedicam diariamente a prestar um Concurso e entrar em uma carreira p\u00fablica. Por isso, voc\u00ea que tem d\u00favidas sobre como isso vai impactar na realiza\u00e7\u00e3o de concursos, gostar\u00edamos de informar que faremos uma transmiss\u00e3o AO VIVO, \u00e0s 16h, para discutir sobre o assunto.<\/p>\n\n\n\n<p>Uma das prioridades da pasta, de acordo com a declara\u00e7\u00e3o dada pelo secret\u00e1rio, \u00e9 continuar reduzindo os custos na Esplanada dos Minist\u00e9rios. Ainda no in\u00edcio do ano, o Minist\u00e9rio da Economia j\u00e1 havia informado a inten\u00e7\u00e3o de reduzir cerca de 21 mil cargos, comiss\u00f5es e fun\u00e7\u00f5es gratificadas em todos os minist\u00e9rios.<\/p>\n\n\n\n<p>A medida estava entre as propostas do governo para os 100 primeiros dias de gest\u00e3o. A inten\u00e7\u00e3o poderia gerar uma economia de R$ 209 milh\u00f5es por ano aos cofres p\u00fablicos. Uma proposta at\u00e9 louv\u00e1vel, tendo em vista que o pa\u00eds vive desde o Governo Dilma uma crise financeira sem precedentes, com uma d\u00edvida p\u00fablica que s\u00f3 aumentava todos os anos.<\/p>\n\n\n\n<p>Mas n\u00e3o vamos tomar partido nem entrar nesta discuss\u00e3o sobre pol\u00edtica, at\u00e9 porque o assunto aqui \u00e9 outro. Mas \u00e9 v\u00e1lido dizer que esta declara\u00e7\u00e3o n\u00e3o \u00e9 restrita ao atual governo. Inclusive, nas gest\u00f5es do governo Dilma e Lula, foram apresentadas propostas semelhantes. \u00c9 tanto que o Minist\u00e9rio do Planejamento, na \u00e9poca, havia anunciado a suspens\u00e3o de concursos p\u00fablicos. E o que a gente viu foram v\u00e1rios editais sendo publicados naqueles anos.<\/p>\n\n\n\n<p>\u00c9 claro que o an\u00fancio da suspens\u00e3o de concursos acaba sendo um choque e assusta quem est\u00e1 se preparando h\u00e1 muito tempo e aguarda a publica\u00e7\u00e3o de um edital abrindo oportunidades. Em 2015, por exemplo, no in\u00edcio do segundo mandato da Dilma, o Planejamento havia anunciado a suspens\u00e3o de v\u00e1rios concursos, o que afetaria mais de 40 mil vagas.<\/p>\n\n\n\n<figure class=\"wp-block-image\"><img loading=\"lazy\" decoding=\"async\" width=\"716\" height=\"332\" src=\"https:\/\/dhg1h5j42swfq.cloudfront.net\/2019\/02\/19122120\/image80.png\" alt=\"\" class=\"wp-image-166889\" srcset=\"https:\/\/dhg1h5j42swfq.cloudfront.net\/2019\/02\/19122120\/image80.png 716w, https:\/\/dhg1h5j42swfq.cloudfront.net\/2019\/02\/19122120\/image80.png 300w\" sizes=\"auto, (max-width: 716px) 100vw, 716px\" \/><\/figure>\n\n\n\n<p>Quem acompanha sabe que esse discurso de que n\u00e3o haver\u00e1 concurso vem sendo difundido h\u00e1 alguns anos. Nos anos de 2015 e 2016, quando o governo anunciou a suspens\u00e3o de concursos por conta do agravamento da crise econ\u00f4mica no pa\u00eds, o Planejamento afirmou que n\u00e3o abriria concurso.<\/p>\n\n\n\n<p>S\u00f3 para voc\u00ea ter uma ideia, em 2017 foram mais de 35 mil vagas e 176 editais publicados. Para 2018, foram previstas mais de 50 mil vagas entre autorizadas e solicitadas em concursos distribu\u00eddos entre \u00f3rg\u00e3os do executivo federal, estadual, municipal e o judici\u00e1rio. Al\u00e9m, \u00e9 claro, das autoriza\u00e7\u00f5es que previram vagas para a AGU, PRF, Iphan e MAPA, que tiveram editais publicados naquele ano.<\/p>\n\n\n\n<p style=\"font-size:25px\"><em><strong>Concursos realizados em 2015 <\/strong><\/em><br \/><\/p>\n\n\n\n<ul class=\"wp-block-list\"><li><em>INSS com 950 vagas<\/em><\/li><li><em>IBGE efetivos com 600 vagas<\/em><\/li><li><em>EBSERH &#8211; 2.366 vagas<\/em><\/li><li><em>AGU &#8211; 84 vagas<\/em><\/li><li><em>ANP &#8211; 34 vagas<\/em><\/li><li><em>ANS &#8211; 102 vagas<\/em><\/li><li><em>ANAC &#8211; 150 vagas<\/em><\/li><li><em>Banco do Brasil &#8211; 860 vagas<\/em><\/li><li><em>DEPEN &#8211; 258 vagas<\/em><\/li><li><em>LIQUIG\u00c1S &#8211; 145 vagas<\/em><\/li><li><em>Amazul &#8211; 238 vagas<\/em><\/li><li><em>CNMP &#8211; 87 vagas<\/em><\/li><li><em>MPOG &#8211; 565 vagas<\/em><\/li><li><em>MEC tempor\u00e1rio &#8211; 316 vagas<\/em><\/li><li><em>DPU &#8211; 143 vagas<\/em><\/li><li><em>TRF 3 &#8211; 33 vagas<\/em><\/li><\/ul>\n\n\n\n<p>Para 2019, por exemplo, mais de 40 \u00f3rg\u00e3os do Executivo Federal protocolaram pedido de concurso no Minist\u00e9rio do Planejamento, que ser\u00e3o avaliados pelo Minist\u00e9rio da Economia. Outro indicativo foi a san\u00e7\u00e3o da Lei Or\u00e7ament\u00e1ria Anual de 2019 com a previs\u00e3o de mais de 40 mil vagas para o Executivo Federal, incluindo vagas tamb\u00e9m para o Legislativo e para o Judici\u00e1rio.<\/p>\n\n\n\n<p style=\"font-size:25px\" class=\"has-background has-very-light-gray-background-color\"><em><a href=\"https:\/\/www.estrategiaconcursos.com.br\/blog\/concursos-2019\/\" target=\"_blank\" rel=\"noreferrer noopener\" aria-label=\"Lista dos concursos previstos para 2019. (opens in a new tab)\">Lista dos concursos previstos para 2019.<\/a><\/em><\/p>\n\n\n\n<h2 class=\"wp-block-heading\">Devo me preocupar com essa declara\u00e7\u00e3o?<\/h2>\n\n\n\n<p>\u00c9 aceit\u00e1vel que voc\u00ea fique preocupado com essa declara\u00e7\u00e3o. Afinal, se voc\u00ea sonha com a carreira p\u00fablica, precisa que os \u00f3rg\u00e3os realizem concurso e abram oportunidade de vagas. Mas, n\u00e3o adianta querer que os \u00f3rg\u00e3os lancem editais se voc\u00ea n\u00e3o est\u00e1 100% preparado para a prova. No nosso artigo sobre <u><a href=\"https:\/\/www.estrategiaconcursos.com.br\/blog\/como-comecar-a-estudar-para-concurso-2\/\" target=\"_blank\" rel=\"noreferrer noopener\" aria-label=\"como come\u00e7ar a estudar para concurso p\u00fablico (opens in a new tab)\">como come\u00e7ar a estudar para concurso p\u00fablico<\/a><\/u> a gente explica isso.<\/p>\n\n\n\n<p>\u00c9 importante que voc\u00ea tenha tempo para estudar. Os nossos especialistas dizem que uma prepara\u00e7\u00e3o a longo prazo \u00e9 mais eficaz do que correr contra o tempo. Normalmente, quando um edital \u00e9 publicado, as provas acontecem em at\u00e9 60 dias, um prazo muito curto para se preparar. Se em 2019 n\u00e3o vai ter concurso, aproveite esse tempo para poder estudar ainda mais.<\/p>\n\n\n\n<p><em>&#8220;N\u00e3o espere pelo edital porque quando ele for publicado ele n\u00e3o esperar voc\u00ea estar 100% pronto para a prova&#8221;.<\/em><\/p>\n\n\n\n<h2 class=\"wp-block-heading\">Quais concursos ser\u00e3o afetados a partir desse an\u00fancio?<\/h2>\n\n\n\n<p>Bom, \u00e9 dif\u00edcil dizer quais concursos efetivamente ser\u00e3o afetados pelo an\u00fancio. V\u00e1rios crit\u00e9rios s\u00e3o levados em conta para que um concurso seja autorizado: previs\u00e3o or\u00e7ament\u00e1ria, necessidade atual e futura de novos servidores, vac\u00e2ncias, concurso vencido&#8230; Enfim, diversos fatores podem influenciar a autoriza\u00e7\u00e3o de concurso e n\u00e3o s\u00f3 o desejo do governo em reduzir custos.<\/p>\n\n\n\n<p>S\u00f3 para voc\u00ea ter uma no\u00e7\u00e3o, abaixo voc\u00ea confere a lista dos \u00f3rg\u00e3os que tiveram concursos autorizados em 2015, 2016 e 2017, depois que o Governo havia anunciado a suspens\u00e3o de concursos. \u00c9 claro que estamos vivendo uma gest\u00e3o nova, diferente da que vimos. <\/p>\n\n\n\n<figure class=\"wp-block-image\"><img loading=\"lazy\" decoding=\"async\" width=\"716\" height=\"314\" src=\"https:\/\/dhg1h5j42swfq.cloudfront.net\/2019\/02\/19123838\/image82.png\" alt=\"\" class=\"wp-image-166891\" srcset=\"https:\/\/dhg1h5j42swfq.cloudfront.net\/2019\/02\/19123838\/image82.png 716w, https:\/\/dhg1h5j42swfq.cloudfront.net\/2019\/02\/19123838\/image82.png 300w\" sizes=\"auto, (max-width: 716px) 100vw, 716px\" \/><\/figure>\n\n\n\n<p style=\"font-size:12px\"><em>*Dados extra\u00eddos da transpar\u00eancia do Governo e referem-se aos \u00f3rg\u00e3os que tiveram provimentos autorizado, entre realiza\u00e7\u00e3o de concurso, provimento adicional, provimento excepcional que \u00e9 utilizado em situa\u00e7\u00f5es excepcionais, quando identificada a necessidade de autoriza\u00e7\u00e3o adicional de provimento de cargos, na qual o quantitativo a ser autorizado ultrapassa o limite de at\u00e9 50% do quantitativo inicialmente fixado na portaria de autoriza\u00e7\u00e3o do concurso p\u00fablico.<\/em><br \/><\/p>\n\n\n\n<h2 class=\"wp-block-heading\">Provimentos autorizados em 2015<\/h2>\n\n\n\n<p>INPE<br \/>ANP<br \/>DEPEN<br \/>PRF<br \/>FUNAI<br \/>INPI<br \/>Minist\u00e9rio da Educa\u00e7\u00e3o \u2013 MEC<br \/>Comando da Aeron\u00e1utica &#8211; COMAER<br \/>Hospital das For\u00e7as Armadas &#8211; HFA<br \/>DNIT<br \/>Minist\u00e9rio das Rela\u00e7\u00f5es Exteriores<br \/>FIOCRUZ<br \/>FUNDACENTRO<br \/>Receita Federal do Brasil \u2013 RFB<br \/>Advocacia-Geral de Uni\u00e3o &#8211; AGU<br \/>Minist\u00e9rio da Fazenda \u2013 MF<br \/>FUNARTE<br \/>Funda\u00e7\u00e3o Biblioteca Nacional \u2013 FBN<br \/>ANS<br \/>ANAC<br \/>ANP<br \/>ANATEL<br \/>ANTAQ<br \/>INCA<br \/>BACEN<br \/>INSS<br \/>Minist\u00e9rio da Sa\u00fade \u2013 MS<br \/>IBGE<br \/>IFES<br \/>Comando da Aeron\u00e1utica &#8211; COMAER<br \/>Comando do Ex\u00e9rcito &#8211; CEX<br \/>Minist\u00e9rio da Fazenda \u2013 MF<br \/>Minist\u00e9rio da Justi\u00e7a<\/p>\n\n\n\n<h2 class=\"wp-block-heading\">Provimentos autorizados 2016<\/h2>\n\n\n\n<p>INCA<br \/>Minist\u00e9rio da Ci\u00eancia, Tecnologia, Inova\u00e7\u00f5es e Comunica\u00e7\u00f5es<br \/>CEMADEN<br \/>MAPA<br \/>Ag\u00eancia Espacial Brasileira (AEB)<br \/>ANVISA<br \/>Funda\u00e7\u00e3o Oswaldo Cruz (Fiocruz)<br \/>Instituto Nacional de C\u00e2ncer (INCA)<br \/>Secretaria Especial da Sa\u00fade Ind\u00edgena (SESAI)<br \/>Advocacia Geral da Uni\u00e3o (AGU)<br \/>Instituto Brasileiro de Geografia e Estatistica (IBGE)<br \/>PRF<br \/>Inmetro<br \/>INPI<br \/>Comando do Ex\u00e9rcito (COMEX)<br \/>ANATEL<br \/>Minist\u00e9rio do Trabalho<br \/>Advocacia Geral da Uni\u00e3o (AGU)<br \/>Ag\u00eancia Nacional do Petr\u00f3leo, G\u00e1s Natural e Biocombust\u00edveis &#8211; (ANP)<br \/>Instituto Nacional do Seguro Social &#8211; (INSS)<br \/>Ag\u00eancia Nacional de Avia\u00e7\u00e3o Civil &#8211; (ANAC)<br \/>Minist\u00e9rio da Agricultura, Pecu\u00e1ria e Abastecimento &#8211; MAPA<br \/>Advocacia Geral da Uni\u00e3o (AGU)<br \/>Instituto Nacional da Propriedade Industrial (INPI)<br \/>Ag\u00eancia Espacial Brasileira (AEB)<br \/>Instituto Nacional do Seguro Social &#8211; (INSS)<br \/>Advocacia Geral da Uni\u00e3o (AGU)<br \/>Instituto Nacional do Seguro Social &#8211; (INSS)<br \/>Minist\u00e9rio da Cultura &#8211; MinC<br \/>Universidades Federais &#8211; (UFES)<br \/>Institutos Federais &#8211; (IFES)<br \/>Comando da Marinha &#8211; (COMAR)<\/p>\n\n\n\n<h2 class=\"wp-block-heading\">Provimentos autorizados em 2017<\/h2>\n\n\n\n<p>Departamento Penitenci\u00e1rio Nacional (DEPEN)<br \/>Instituto Nacional da Propriedade Industrial (INPI)<br \/>Minist\u00e9rio da Agricultura, Pecu\u00e1ria e Abastecimento (MAPA)<br \/>Minist\u00e9rio das Rela\u00e7\u00f5es Exteriores (MRE)<br \/>Instituto Nacional do Seguro Social (INSS)<br \/>Ag\u00eancia Nacional de Sa\u00fade Suplementar (ANS)<br \/>Instituto Brasileiro de Geografia e Estat\u00edstica (IBGE)<br \/>Ag\u00eancia Nacional de Avia\u00e7\u00e3o Civil (ANAC)<br \/>Minist\u00e9rio da Agricultura, Pecu\u00e1ria e Abastecimento (MAPA)<br \/>Minist\u00e9rio da Agricultura, Pecu\u00e1ria e Abastecimento (MAPA)<br \/>Minist\u00e9rio da Sa\u00fade (MS)<br \/>Instituto Nacional do Seguro Social (INSS)<br \/>Minist\u00e9rio do Planejamento, Desenvolvimento e Gest\u00e3o (MP)<br \/>Minist\u00e9rio da Defesa (MD)<br \/>Ag\u00eancia Brasileira de Intelig\u00eancia<br \/>Minist\u00e9rio da Agricultura, Pecu\u00e1ria e Abastecimento (MAPA)<br \/>Instituto Nacional do Seguro Social (INSS)<br \/>Funda\u00e7\u00e3o Nacional do \u00cdndio (FUNAI)<br \/>Minist\u00e9rio da Sa\u00fade (MS)<br \/>Instituto Nacional do Seguro Social (INSS)<br \/>Ag\u00eancia Nacional de Vigil\u00e2ncia Sanit\u00e1ria &#8211; (ANVISA)<br \/>Departamento de Pol\u00edcia Rodovi\u00e1ria Federal<br \/>Ag\u00eancia Nacional de Avia\u00e7\u00e3o Civil (ANAC)<br \/>Instituto Nacional de Metrologia, Qualidade e Tecnologia (INMETRO)<br \/>Funda\u00e7\u00e3o Oswaldo Cruz   (FIOCRUZ)<br \/>Instituto Nacional de C\u00e2ncer (INCA)<\/p>\n","protected":false},"excerpt":{"rendered":"<p>Secret\u00e1rio do Minist\u00e9rio da Economia afirma que &#8220;n\u00e3o haver\u00e1 concursos em 2019&#8221;. Uma declara\u00e7\u00e3o dada pelo secret\u00e1rio de Desburocratiza\u00e7\u00e3o, Gest\u00e3o e Governo Digital do Minist\u00e9rio da Economia, Paulo Uebel, pegou de surpresa e deixou uma certa preocupa\u00e7\u00e3o em quem estuda h\u00e1 algum tempo para Concursos P\u00fablicos. Respons\u00e1vel pela autoriza\u00e7\u00e3o de certames do Executivo Federal, o [&hellip;]<\/p>\n","protected":false},"author":1,"featured_media":166894,"comment_status":"open","ping_status":"closed","sticky":false,"template":"","format":"standard","meta":{"post_tipo":"news","footnotes":""},"categories":[1],"tags":[],"tax_estado":[],"class_list":["post-166888","post","type-post","status-publish","format-standard","has-post-thumbnail","hentry","category-cursos-e-concursos"],"acf":[],"yoast_head":"<!-- This site is optimized with the Yoast SEO Premium plugin v27.2 (Yoast SEO v27.2) - https:\/\/yoast.com\/product\/yoast-seo-premium-wordpress\/ -->\n<title>Suspens\u00e3o Concursos 2019: secret\u00e1rio diz que n\u00e3o haver\u00e1 concursos este ano<\/title>\n<meta name=\"description\" content=\"Suspens\u00e3o dos Concursos: N\u00e3o haver\u00e1 concursos em 2019 mesmo? Fique tranquilo, quem acompanha sabe que esse discurso vem sendo difundido h\u00e1 alguns anos.\" \/>\n<meta name=\"robots\" content=\"index, follow, max-snippet:-1, max-image-preview:large, max-video-preview:-1\" \/>\n<link rel=\"canonical\" href=\"https:\/\/www.estrategiaconcursos.com.br\/blog\/concursos-2019-previstos\/\" \/>\n<meta property=\"og:locale\" content=\"pt_BR\" \/>\n<meta property=\"og:type\" content=\"article\" \/>\n<meta property=\"og:title\" content=\"Suspens\u00e3o Concursos 2019: secret\u00e1rio diz que n\u00e3o haver\u00e1 concursos este ano\" \/>\n<meta property=\"og:description\" content=\"Suspens\u00e3o dos Concursos: N\u00e3o haver\u00e1 concursos em 2019 mesmo? Fique tranquilo, quem acompanha sabe que esse discurso vem sendo difundido h\u00e1 alguns anos.\" \/>\n<meta property=\"og:url\" content=\"https:\/\/www.estrategiaconcursos.com.br\/blog\/concursos-2019-previstos\/\" \/>\n<meta property=\"og:site_name\" content=\"Estrat\u00e9gia Concursos\" \/>\n<meta property=\"article:author\" content=\"https:\/\/www.facebook.com\/EstrategiaConcursos\" \/>\n<meta property=\"article:published_time\" content=\"2019-02-20T09:00:12+00:00\" \/>\n<meta property=\"article:modified_time\" content=\"2019-04-04T19:20:21+00:00\" \/>\n<meta property=\"og:image\" content=\"https:\/\/dhg1h5j42swfq.cloudfront.net\/2019\/02\/19124757\/paulo-uebel.jpg\" \/>\n\t<meta property=\"og:image:width\" content=\"1024\" \/>\n\t<meta property=\"og:image:height\" content=\"683\" \/>\n\t<meta property=\"og:image:type\" content=\"image\/jpeg\" \/>\n<meta name=\"author\" content=\"Coordena\u00e7\u00e3o\" \/>\n<meta name=\"twitter:card\" content=\"summary_large_image\" \/>\n<meta name=\"twitter:creator\" content=\"@EstratConcursos\" \/>\n<meta name=\"twitter:site\" content=\"@EstratConcursos\" \/>\n<meta name=\"twitter:label1\" content=\"Escrito por\" \/>\n\t<meta name=\"twitter:data1\" content=\"Coordena\u00e7\u00e3o\" \/>\n\t<meta name=\"twitter:label2\" content=\"Est. tempo de leitura\" \/>\n\t<meta name=\"twitter:data2\" content=\"7 minutos\" \/>\n<script type=\"application\/ld+json\" class=\"yoast-schema-graph\">{\"@context\":\"https:\/\/schema.org\",\"@graph\":[{\"@type\":\"NewsArticle\",\"@id\":\"https:\/\/www.estrategiaconcursos.com.br\/blog\/concursos-2019-previstos\/#article\",\"isPartOf\":{\"@id\":\"https:\/\/www.estrategiaconcursos.com.br\/blog\/concursos-2019-previstos\/\"},\"author\":{\"name\":\"Coordena\u00e7\u00e3o\",\"@id\":\"https:\/\/www.estrategiaconcursos.com.br\/blog\/#\/schema\/person\/b4a388c97673c5f483d72185668afa1f\"},\"headline\":\"Suspens\u00e3o Concursos 2019: secret\u00e1rio diz que n\u00e3o haver\u00e1 concursos este ano\",\"datePublished\":\"2019-02-20T09:00:12+00:00\",\"dateModified\":\"2019-04-04T19:20:21+00:00\",\"mainEntityOfPage\":{\"@id\":\"https:\/\/www.estrategiaconcursos.com.br\/blog\/concursos-2019-previstos\/\"},\"wordCount\":1501,\"commentCount\":26,\"publisher\":{\"@id\":\"https:\/\/www.estrategiaconcursos.com.br\/blog\/#organization\"},\"image\":{\"@id\":\"https:\/\/www.estrategiaconcursos.com.br\/blog\/concursos-2019-previstos\/#primaryimage\"},\"thumbnailUrl\":\"https:\/\/dhg1h5j42swfq.cloudfront.net\/2019\/02\/19124757\/paulo-uebel.jpg\",\"articleSection\":[\"Concursos P\u00fablicos\"],\"inLanguage\":\"pt-BR\",\"potentialAction\":[{\"@type\":\"CommentAction\",\"name\":\"Comment\",\"target\":[\"https:\/\/www.estrategiaconcursos.com.br\/blog\/concursos-2019-previstos\/#respond\"]}],\"copyrightYear\":\"2019\",\"copyrightHolder\":{\"@id\":\"https:\/\/www.estrategiaconcursos.com.br\/blog\/#organization\"}},{\"@type\":\"WebPage\",\"@id\":\"https:\/\/www.estrategiaconcursos.com.br\/blog\/concursos-2019-previstos\/\",\"url\":\"https:\/\/www.estrategiaconcursos.com.br\/blog\/concursos-2019-previstos\/\",\"name\":\"Suspens\u00e3o Concursos 2019: secret\u00e1rio diz que n\u00e3o haver\u00e1 concursos este ano\",\"isPartOf\":{\"@id\":\"https:\/\/www.estrategiaconcursos.com.br\/blog\/#website\"},\"primaryImageOfPage\":{\"@id\":\"https:\/\/www.estrategiaconcursos.com.br\/blog\/concursos-2019-previstos\/#primaryimage\"},\"image\":{\"@id\":\"https:\/\/www.estrategiaconcursos.com.br\/blog\/concursos-2019-previstos\/#primaryimage\"},\"thumbnailUrl\":\"https:\/\/dhg1h5j42swfq.cloudfront.net\/2019\/02\/19124757\/paulo-uebel.jpg\",\"datePublished\":\"2019-02-20T09:00:12+00:00\",\"dateModified\":\"2019-04-04T19:20:21+00:00\",\"description\":\"Suspens\u00e3o dos Concursos: N\u00e3o haver\u00e1 concursos em 2019 mesmo? Fique tranquilo, quem acompanha sabe que esse discurso vem sendo difundido h\u00e1 alguns anos.\",\"breadcrumb\":{\"@id\":\"https:\/\/www.estrategiaconcursos.com.br\/blog\/concursos-2019-previstos\/#breadcrumb\"},\"inLanguage\":\"pt-BR\",\"potentialAction\":[{\"@type\":\"ReadAction\",\"target\":[\"https:\/\/www.estrategiaconcursos.com.br\/blog\/concursos-2019-previstos\/\"]}]},{\"@type\":\"ImageObject\",\"inLanguage\":\"pt-BR\",\"@id\":\"https:\/\/www.estrategiaconcursos.com.br\/blog\/concursos-2019-previstos\/#primaryimage\",\"url\":\"https:\/\/dhg1h5j42swfq.cloudfront.net\/2019\/02\/19124757\/paulo-uebel.jpg\",\"contentUrl\":\"https:\/\/dhg1h5j42swfq.cloudfront.net\/2019\/02\/19124757\/paulo-uebel.jpg\",\"width\":1024,\"height\":683},{\"@type\":\"BreadcrumbList\",\"@id\":\"https:\/\/www.estrategiaconcursos.com.br\/blog\/concursos-2019-previstos\/#breadcrumb\",\"itemListElement\":[{\"@type\":\"ListItem\",\"position\":1,\"name\":\"In\u00edcio\",\"item\":\"https:\/\/www.estrategiaconcursos.com.br\/blog\/\"},{\"@type\":\"ListItem\",\"position\":2,\"name\":\"Suspens\u00e3o Concursos 2019: secret\u00e1rio diz que n\u00e3o haver\u00e1 concursos este ano\"}]},{\"@type\":\"WebSite\",\"@id\":\"https:\/\/www.estrategiaconcursos.com.br\/blog\/#website\",\"url\":\"https:\/\/www.estrategiaconcursos.com.br\/blog\/\",\"name\":\"Estrat\u00e9gia Concursos\",\"description\":\"O blog da Estrat\u00e9gia Concursos traz not\u00edcias sobre concursos e artigos de professores oferecendo cursos para concursos (pdf + videaulas) no site.\",\"publisher\":{\"@id\":\"https:\/\/www.estrategiaconcursos.com.br\/blog\/#organization\"},\"potentialAction\":[{\"@type\":\"SearchAction\",\"target\":{\"@type\":\"EntryPoint\",\"urlTemplate\":\"https:\/\/www.estrategiaconcursos.com.br\/blog\/?s={search_term_string}\"},\"query-input\":{\"@type\":\"PropertyValueSpecification\",\"valueRequired\":true,\"valueName\":\"search_term_string\"}}],\"inLanguage\":\"pt-BR\"},{\"@type\":\"Organization\",\"@id\":\"https:\/\/www.estrategiaconcursos.com.br\/blog\/#organization\",\"name\":\"Estrat\u00e9gia Concursos\",\"url\":\"https:\/\/www.estrategiaconcursos.com.br\/blog\/\",\"logo\":{\"@type\":\"ImageObject\",\"inLanguage\":\"pt-BR\",\"@id\":\"https:\/\/www.estrategiaconcursos.com.br\/blog\/#\/schema\/logo\/image\/\",\"url\":\"https:\/\/dhg1h5j42swfq.cloudfront.net\/2025\/06\/03203428\/logo_concursos-1.jpg\",\"contentUrl\":\"https:\/\/dhg1h5j42swfq.cloudfront.net\/2025\/06\/03203428\/logo_concursos-1.jpg\",\"width\":230,\"height\":60,\"caption\":\"Estrat\u00e9gia Concursos\"},\"image\":{\"@id\":\"https:\/\/www.estrategiaconcursos.com.br\/blog\/#\/schema\/logo\/image\/\"},\"sameAs\":[\"https:\/\/x.com\/EstratConcursos\"]},{\"@type\":\"Person\",\"@id\":\"https:\/\/www.estrategiaconcursos.com.br\/blog\/#\/schema\/person\/b4a388c97673c5f483d72185668afa1f\",\"name\":\"Coordena\u00e7\u00e3o\",\"image\":{\"@type\":\"ImageObject\",\"inLanguage\":\"pt-BR\",\"@id\":\"https:\/\/secure.gravatar.com\/avatar\/b720319e4c9a967eb58678d110f4fe35452fc5d5f97b202bac7b8acceb18c6ad?s=96&d=mm&r=g\",\"url\":\"https:\/\/secure.gravatar.com\/avatar\/b720319e4c9a967eb58678d110f4fe35452fc5d5f97b202bac7b8acceb18c6ad?s=96&d=mm&r=g\",\"contentUrl\":\"https:\/\/secure.gravatar.com\/avatar\/b720319e4c9a967eb58678d110f4fe35452fc5d5f97b202bac7b8acceb18c6ad?s=96&d=mm&r=g\",\"caption\":\"Coordena\u00e7\u00e3o\"},\"sameAs\":[\"https:\/\/www.facebook.com\/EstrategiaConcursos\",\"https:\/\/x.com\/EstratConcursos\"],\"url\":\"https:\/\/www.estrategiaconcursos.com.br\/blog\/author\/estrategia2013\/\"}]}<\/script>\n<!-- \/ Yoast SEO Premium plugin. -->","yoast_head_json":{"title":"Suspens\u00e3o Concursos 2019: secret\u00e1rio diz que n\u00e3o haver\u00e1 concursos este ano","description":"Suspens\u00e3o dos Concursos: N\u00e3o haver\u00e1 concursos em 2019 mesmo? Fique tranquilo, quem acompanha sabe que esse discurso vem sendo difundido h\u00e1 alguns anos.","robots":{"index":"index","follow":"follow","max-snippet":"max-snippet:-1","max-image-preview":"max-image-preview:large","max-video-preview":"max-video-preview:-1"},"canonical":"https:\/\/www.estrategiaconcursos.com.br\/blog\/concursos-2019-previstos\/","og_locale":"pt_BR","og_type":"article","og_title":"Suspens\u00e3o Concursos 2019: secret\u00e1rio diz que n\u00e3o haver\u00e1 concursos este ano","og_description":"Suspens\u00e3o dos Concursos: N\u00e3o haver\u00e1 concursos em 2019 mesmo? Fique tranquilo, quem acompanha sabe que esse discurso vem sendo difundido h\u00e1 alguns anos.","og_url":"https:\/\/www.estrategiaconcursos.com.br\/blog\/concursos-2019-previstos\/","og_site_name":"Estrat\u00e9gia Concursos","article_author":"https:\/\/www.facebook.com\/EstrategiaConcursos","article_published_time":"2019-02-20T09:00:12+00:00","article_modified_time":"2019-04-04T19:20:21+00:00","og_image":[{"width":1024,"height":683,"url":"https:\/\/dhg1h5j42swfq.cloudfront.net\/2019\/02\/19124757\/paulo-uebel.jpg","type":"image\/jpeg"}],"author":"Coordena\u00e7\u00e3o","twitter_card":"summary_large_image","twitter_creator":"@EstratConcursos","twitter_site":"@EstratConcursos","twitter_misc":{"Escrito por":"Coordena\u00e7\u00e3o","Est. tempo de leitura":"7 minutos"},"schema":{"@context":"https:\/\/schema.org","@graph":[{"@type":"NewsArticle","@id":"https:\/\/www.estrategiaconcursos.com.br\/blog\/concursos-2019-previstos\/#article","isPartOf":{"@id":"https:\/\/www.estrategiaconcursos.com.br\/blog\/concursos-2019-previstos\/"},"author":{"name":"Coordena\u00e7\u00e3o","@id":"https:\/\/www.estrategiaconcursos.com.br\/blog\/#\/schema\/person\/b4a388c97673c5f483d72185668afa1f"},"headline":"Suspens\u00e3o Concursos 2019: secret\u00e1rio diz que n\u00e3o haver\u00e1 concursos este ano","datePublished":"2019-02-20T09:00:12+00:00","dateModified":"2019-04-04T19:20:21+00:00","mainEntityOfPage":{"@id":"https:\/\/www.estrategiaconcursos.com.br\/blog\/concursos-2019-previstos\/"},"wordCount":1501,"commentCount":26,"publisher":{"@id":"https:\/\/www.estrategiaconcursos.com.br\/blog\/#organization"},"image":{"@id":"https:\/\/www.estrategiaconcursos.com.br\/blog\/concursos-2019-previstos\/#primaryimage"},"thumbnailUrl":"https:\/\/dhg1h5j42swfq.cloudfront.net\/2019\/02\/19124757\/paulo-uebel.jpg","articleSection":["Concursos P\u00fablicos"],"inLanguage":"pt-BR","potentialAction":[{"@type":"CommentAction","name":"Comment","target":["https:\/\/www.estrategiaconcursos.com.br\/blog\/concursos-2019-previstos\/#respond"]}],"copyrightYear":"2019","copyrightHolder":{"@id":"https:\/\/www.estrategiaconcursos.com.br\/blog\/#organization"}},{"@type":"WebPage","@id":"https:\/\/www.estrategiaconcursos.com.br\/blog\/concursos-2019-previstos\/","url":"https:\/\/www.estrategiaconcursos.com.br\/blog\/concursos-2019-previstos\/","name":"Suspens\u00e3o Concursos 2019: secret\u00e1rio diz que n\u00e3o haver\u00e1 concursos este ano","isPartOf":{"@id":"https:\/\/www.estrategiaconcursos.com.br\/blog\/#website"},"primaryImageOfPage":{"@id":"https:\/\/www.estrategiaconcursos.com.br\/blog\/concursos-2019-previstos\/#primaryimage"},"image":{"@id":"https:\/\/www.estrategiaconcursos.com.br\/blog\/concursos-2019-previstos\/#primaryimage"},"thumbnailUrl":"https:\/\/dhg1h5j42swfq.cloudfront.net\/2019\/02\/19124757\/paulo-uebel.jpg","datePublished":"2019-02-20T09:00:12+00:00","dateModified":"2019-04-04T19:20:21+00:00","description":"Suspens\u00e3o dos Concursos: N\u00e3o haver\u00e1 concursos em 2019 mesmo? Fique tranquilo, quem acompanha sabe que esse discurso vem sendo difundido h\u00e1 alguns anos.","breadcrumb":{"@id":"https:\/\/www.estrategiaconcursos.com.br\/blog\/concursos-2019-previstos\/#breadcrumb"},"inLanguage":"pt-BR","potentialAction":[{"@type":"ReadAction","target":["https:\/\/www.estrategiaconcursos.com.br\/blog\/concursos-2019-previstos\/"]}]},{"@type":"ImageObject","inLanguage":"pt-BR","@id":"https:\/\/www.estrategiaconcursos.com.br\/blog\/concursos-2019-previstos\/#primaryimage","url":"https:\/\/dhg1h5j42swfq.cloudfront.net\/2019\/02\/19124757\/paulo-uebel.jpg","contentUrl":"https:\/\/dhg1h5j42swfq.cloudfront.net\/2019\/02\/19124757\/paulo-uebel.jpg","width":1024,"height":683},{"@type":"BreadcrumbList","@id":"https:\/\/www.estrategiaconcursos.com.br\/blog\/concursos-2019-previstos\/#breadcrumb","itemListElement":[{"@type":"ListItem","position":1,"name":"In\u00edcio","item":"https:\/\/www.estrategiaconcursos.com.br\/blog\/"},{"@type":"ListItem","position":2,"name":"Suspens\u00e3o Concursos 2019: secret\u00e1rio diz que n\u00e3o haver\u00e1 concursos este ano"}]},{"@type":"WebSite","@id":"https:\/\/www.estrategiaconcursos.com.br\/blog\/#website","url":"https:\/\/www.estrategiaconcursos.com.br\/blog\/","name":"Estrat\u00e9gia Concursos","description":"O blog da Estrat\u00e9gia Concursos traz not\u00edcias sobre concursos e artigos de professores oferecendo cursos para concursos (pdf + videaulas) no site.","publisher":{"@id":"https:\/\/www.estrategiaconcursos.com.br\/blog\/#organization"},"potentialAction":[{"@type":"SearchAction","target":{"@type":"EntryPoint","urlTemplate":"https:\/\/www.estrategiaconcursos.com.br\/blog\/?s={search_term_string}"},"query-input":{"@type":"PropertyValueSpecification","valueRequired":true,"valueName":"search_term_string"}}],"inLanguage":"pt-BR"},{"@type":"Organization","@id":"https:\/\/www.estrategiaconcursos.com.br\/blog\/#organization","name":"Estrat\u00e9gia Concursos","url":"https:\/\/www.estrategiaconcursos.com.br\/blog\/","logo":{"@type":"ImageObject","inLanguage":"pt-BR","@id":"https:\/\/www.estrategiaconcursos.com.br\/blog\/#\/schema\/logo\/image\/","url":"https:\/\/dhg1h5j42swfq.cloudfront.net\/2025\/06\/03203428\/logo_concursos-1.jpg","contentUrl":"https:\/\/dhg1h5j42swfq.cloudfront.net\/2025\/06\/03203428\/logo_concursos-1.jpg","width":230,"height":60,"caption":"Estrat\u00e9gia Concursos"},"image":{"@id":"https:\/\/www.estrategiaconcursos.com.br\/blog\/#\/schema\/logo\/image\/"},"sameAs":["https:\/\/x.com\/EstratConcursos"]},{"@type":"Person","@id":"https:\/\/www.estrategiaconcursos.com.br\/blog\/#\/schema\/person\/b4a388c97673c5f483d72185668afa1f","name":"Coordena\u00e7\u00e3o","image":{"@type":"ImageObject","inLanguage":"pt-BR","@id":"https:\/\/secure.gravatar.com\/avatar\/b720319e4c9a967eb58678d110f4fe35452fc5d5f97b202bac7b8acceb18c6ad?s=96&d=mm&r=g","url":"https:\/\/secure.gravatar.com\/avatar\/b720319e4c9a967eb58678d110f4fe35452fc5d5f97b202bac7b8acceb18c6ad?s=96&d=mm&r=g","contentUrl":"https:\/\/secure.gravatar.com\/avatar\/b720319e4c9a967eb58678d110f4fe35452fc5d5f97b202bac7b8acceb18c6ad?s=96&d=mm&r=g","caption":"Coordena\u00e7\u00e3o"},"sameAs":["https:\/\/www.facebook.com\/EstrategiaConcursos","https:\/\/x.com\/EstratConcursos"],"url":"https:\/\/www.estrategiaconcursos.com.br\/blog\/author\/estrategia2013\/"}]}},"_links":{"self":[{"href":"https:\/\/www.estrategiaconcursos.com.br\/blog\/wp-json\/wp\/v2\/posts\/166888","targetHints":{"allow":["GET"]}}],"collection":[{"href":"https:\/\/www.estrategiaconcursos.com.br\/blog\/wp-json\/wp\/v2\/posts"}],"about":[{"href":"https:\/\/www.estrategiaconcursos.com.br\/blog\/wp-json\/wp\/v2\/types\/post"}],"author":[{"embeddable":true,"href":"https:\/\/www.estrategiaconcursos.com.br\/blog\/wp-json\/wp\/v2\/users\/1"}],"replies":[{"embeddable":true,"href":"https:\/\/www.estrategiaconcursos.com.br\/blog\/wp-json\/wp\/v2\/comments?post=166888"}],"version-history":[{"count":13,"href":"https:\/\/www.estrategiaconcursos.com.br\/blog\/wp-json\/wp\/v2\/posts\/166888\/revisions"}],"predecessor-version":[{"id":176668,"href":"https:\/\/www.estrategiaconcursos.com.br\/blog\/wp-json\/wp\/v2\/posts\/166888\/revisions\/176668"}],"wp:featuredmedia":[{"embeddable":true,"href":"https:\/\/www.estrategiaconcursos.com.br\/blog\/wp-json\/wp\/v2\/media\/166894"}],"wp:attachment":[{"href":"https:\/\/www.estrategiaconcursos.com.br\/blog\/wp-json\/wp\/v2\/media?parent=166888"}],"wp:term":[{"taxonomy":"category","embeddable":true,"href":"https:\/\/www.estrategiaconcursos.com.br\/blog\/wp-json\/wp\/v2\/categories?post=166888"},{"taxonomy":"post_tag","embeddable":true,"href":"https:\/\/www.estrategiaconcursos.com.br\/blog\/wp-json\/wp\/v2\/tags?post=166888"},{"taxonomy":"tax_estado","embeddable":true,"href":"https:\/\/www.estrategiaconcursos.com.br\/blog\/wp-json\/wp\/v2\/tax_estado?post=166888"}],"curies":[{"name":"wp","href":"https:\/\/api.w.org\/{rel}","templated":true}]}}