{"id":1668295,"date":"2025-12-27T08:52:00","date_gmt":"2025-12-27T11:52:00","guid":{"rendered":"https:\/\/www.estrategiaconcursos.com.br\/blog\/?p=1668295"},"modified":"2025-11-24T17:04:34","modified_gmt":"2025-11-24T20:04:34","slug":"o-poder-nao-cortando-distracoes","status":"publish","type":"post","link":"https:\/\/www.estrategiaconcursos.com.br\/blog\/o-poder-nao-cortando-distracoes\/","title":{"rendered":"O poder do \u201cn\u00e3o\u201d: Cortando distra\u00e7\u00f5es"},"content":{"rendered":"\n<figure class=\"wp-block-image size-large\"><img decoding=\"async\" src=\"https:\/\/dhg1h5j42swfq.cloudfront.net\/2019\/11\/20100430\/Preocupa%C3%A7%C3%A3o-com-o-que-n%C3%A3o-est%C3%A1-no-seu-controle-bruce-mars-xj8qrWvuOEs-unsplash-think.jpg\" alt=\"O poder do \u201cn\u00e3o\u201d: Cortando distra\u00e7\u00f5es\" class=\"wp-image-449623\"\/><\/figure>\n\n\n\n<p>O presente artigo visa dissertar sobre o poder do \u201cn\u00e3o\u201d: cortando distra\u00e7\u00f5es para estudantes de concursos p\u00fablicos, de bancas como a <a href=\"https:\/\/conhecimento.fgv.br\/concursos\">Funda\u00e7\u00e3o Get\u00falio Vargas (FGV)<\/a>, atingirem a aprova\u00e7\u00e3o mais r\u00e1pido.<\/p>\n\n\n\n<p>Uma das principais, e mais necess\u00e1rias, ferramentas do concurseiro \u00e9 o foco ao estudar. E o que atrapalha muito o foco nos estudos s\u00e3o as distra\u00e7\u00f5es. Ent\u00e3o, este artigo traz ideias para manter o foco e impedir que as distra\u00e7\u00f5es o ameacem.<\/p>\n\n\n\n<h2 class=\"wp-block-heading\" id=\"h-o-poder-do-nao-cortando-distracoes-o-nao-interno\">O poder do \u201cn\u00e3o\u201d: Cortando distra\u00e7\u00f5es &#8211; O \u201cn\u00e3o\u201d interno<\/h2>\n\n\n\n<p>Iniciando o artigo \u201cO poder do \u201cn\u00e3o\u201d: Cortando distra\u00e7\u00f5es\u201d, aborda-se o <mark style=\"background-color:#abb8c3\" class=\"has-inline-color\"><strong>\u201cn\u00e3o\u201d interno<\/strong><\/mark>.<\/p>\n\n\n\n<p>O \u201cn\u00e3o\u201d interno \u00e9 <strong>auto sabotagem<\/strong>. Ocorre quando o estudante est\u00e1 cansado ou desmotivado. Da\u00ed ele come\u00e7a a simular um falso cansa\u00e7o, ou uma procrastina\u00e7\u00e3o planejada.<\/p>\n\n\n\n<p>O pr\u00f3prio estudante aplica um \u201cn\u00e3o\u201d ao foco necess\u00e1rio, o que \u00e9 prejudicial para os estudos. Ent\u00e3o, o concurseiro deve aplicar algo comum em provas de concurso, uma <strong>dupla negativa<\/strong>, aplicando um \u201cn\u00e3o\u201d ao seu \u201cn\u00e3o\u201d interno, para retomar o foco necess\u00e1rio.<\/p>\n\n\n\n<h2 class=\"wp-block-heading\" id=\"h-ambiente-de-estudos-minimalista\">Ambiente de estudos minimalista<\/h2>\n\n\n\n<p>Dando continuidade ao tema o poder do \u201cn\u00e3o\u201d: cortando distra\u00e7\u00f5es, o tema \u00e9 o <mark style=\"background-color:#f78da7\" class=\"has-inline-color\"><strong>ambiente de estudos minimalista<\/strong><\/mark>.<\/p>\n\n\n\n<p>Minimalismo \u00e9 a filosofia de viver com o <strong>essencial<\/strong>, eliminando excesso de atividades e distra\u00e7\u00f5es para alcan\u00e7ar mais foco e prop\u00f3sito.<\/p>\n\n\n\n<p>Aplicando o minimalismo ao <strong>ambiente de estudo<\/strong>, \u00e9 aconselh\u00e1vel <strong>organiz\u00e1-lo<\/strong>, seja ele f\u00edsico ou virtual. Deixando s\u00f3 o essencial \u00e0 vista, eliminando gatilhos de distra\u00e7\u00e3o. Aprimorando, assim, o foco e eliminando distra\u00e7\u00f5es prejudiciais.<\/p>\n\n\n\n<h2 class=\"wp-block-heading\" id=\"h-o-poder-do-nao-cortando-distracoes-distracoes-digitais\">O poder do \u201cn\u00e3o\u201d: Cortando distra\u00e7\u00f5es &#8211; Distra\u00e7\u00f5es digitais<\/h2>\n\n\n\n<p>Continuando com o tema o poder do \u201cn\u00e3o\u201d: cortando distra\u00e7\u00f5es, o tema s\u00e3o as <mark style=\"background-color:#ff6900\" class=\"has-inline-color\"><strong>distra\u00e7\u00f5es digitais<\/strong><\/mark>.<\/p>\n\n\n\n<p>Atualmente, o mundo est\u00e1 todo <strong>conectado<\/strong>, de forma online, atrav\u00e9s da internet. \u00c9 comum que as pessoas se conectem a pelo menos uma das diversas redes sociais, como por exemplo o Whatsapp, o Instagram, o Facebook ou o Linkedin. A internet tamb\u00e9m \u00e9 utilizada para acessar not\u00edcias, ouvir m\u00fasica, assistir v\u00eddeos e televis\u00e3o e at\u00e9 mesmo para trabalhar.\u00a0<\/p>\n\n\n\n<p>E os aparelhos est\u00e3o cada vez mais <strong>compactos<\/strong>, estando cada vez mais os celulares e tablets substituindo os computadores de mesa. Isso aumenta o <strong>imediatismo<\/strong>, j\u00e1 que o dispositivo que acessa a rede fica no bolso e mais pr\u00f3ximo ao indiv\u00edduo.<\/p>\n\n\n\n<p>Existe muito conte\u00fado de concurso p\u00fablico nas redes, inclusive as aulas e v\u00eddeos de cursos podem ser assistidas pelos celulares e tablets. Mas em maior propor\u00e7\u00e3o existe conte\u00fado distrativo.<\/p>\n\n\n\n<p>Existem aplicativos de celulares e tablets que medem o <strong>tempo de uso<\/strong> de cada aplicativo, isso pode ser \u00fatil para controlar o tempo gasto com distra\u00e7\u00f5es nas redes, e aprimorar o tempo efetivo com concursos.<\/p>\n\n\n\n<h2 class=\"wp-block-heading\" id=\"h-dizer-nao-aos-convites-sociais-nbsp\">Dizer \u201cn\u00e3o\u201d aos convites sociais&nbsp;<\/h2>\n\n\n\n<p>Prosseguindo com a an\u00e1lise sobre o poder do \u201cn\u00e3o\u201d: cortando distra\u00e7\u00f5es, aborda-se a <mark style=\"background-color:#00d084\" class=\"has-inline-color\"><strong>negativa aos convites sociais<\/strong><\/mark>.<\/p>\n\n\n\n<p>A atividade de estudar \u00e9 algo bem <strong>solit\u00e1rio <\/strong>e pode gerar muita <strong>ansiedade<\/strong>. Ent\u00e3o, o relacionamento pessoal com <strong>amigos e familiares<\/strong> se torna importante e necess\u00e1rio para o estudante de concursos e sua sa\u00fade mental.<\/p>\n\n\n\n<p>Por\u00e9m, o que se aborda aqui s\u00e3o os <strong>convites sociais<\/strong> que v\u00e3o <strong>prejudicar <\/strong>a rotina de estudos. Baladas que duram a madrugada inteira, bebedeiras, compromissos que no momento precisam ser trocados por estudos, para a aprova\u00e7\u00e3o a longo prazo.<\/p>\n\n\n\n<p>Geralmente, as pessoas que convidam o estudante para algo que prejudica os estudos sabe disso, e n\u00e3o acredita ou n\u00e3o se importa com o preju\u00edzo do estudante.&nbsp;<\/p>\n\n\n\n<p>J\u00e1 as pessoas que fazem um conv\u00edvio saud\u00e1vel com o concurseiro, geralmente o compreendem e entendem sua rotina, e o respeitam.<\/p>\n\n\n\n<p>Assim, \u00e9 necess\u00e1rio saber <strong>filtrar<\/strong>, e \u00e0s vezes, dizer \u201cn\u00e3o\u201d aos convites n\u00e3o saud\u00e1veis, e sim aos convites saud\u00e1veis e necess\u00e1rios, para manter o bem estar aos estudos.<\/p>\n\n\n\n<h2 class=\"wp-block-heading\" id=\"h-como-lidar-com-o-f-o-m-o\">Como lidar com o F.O.M.O<\/h2>\n\n\n\n<p>Finalizando o artigo \u201cO poder do \u201cn\u00e3o\u201d: cortando distra\u00e7\u00f5es&#8221;, aborda-se como lidar com o <mark style=\"background-color:#cf2e2e\" class=\"has-inline-color\"><strong>F.O.M.O.<\/strong><\/mark><\/p>\n\n\n\n<p>F.O.M.O. \u00e9 o medo de se sentir <strong>exclu\u00eddo <\/strong>dos acontecimentos e eventos, por n\u00e3o estar <strong>conectado \u00e0s redes<\/strong>. Este medo pode tamb\u00e9m se estender para as rela\u00e7\u00f5es sociais.<\/p>\n\n\n\n<p>Este medo \u00e9 comum e faz parte da <strong>ren\u00fancia necess\u00e1ria<\/strong>, quando se inicia os estudos. Ao decidir estudar, o concurseiro saber que vai ter que sacrificar um pouco de tempo livre e at\u00e9 mesmo da sua vida social. <\/p>\n\n\n\n<p>Tamb\u00e9m \u00e9 poss\u00edvel utilizar as redes, o lazer e o conv\u00edvio social com <strong>modera\u00e7\u00e3o<\/strong>, de modo a n\u00e3o prejudicar os estudos.<\/p>\n\n\n\n<p>Esta troca pode ser \u00e1rdua durante os estudos, mas vai ajudar na jornada, que costuma ser algo de longo prazo. No final, o <strong>pr\u00eamio <\/strong>\u00e9 a t\u00e3o almejada <strong>aprova\u00e7\u00e3o<\/strong>. Ocupando o cargo, o que n\u00e3o faltar\u00e1 s\u00e3o tempos livres e felizes, al\u00e9m da sensa\u00e7\u00e3o de conquista. A troca, ent\u00e3o, \u00e9 v\u00e1lida.<\/p>\n\n\n\n<h2 class=\"wp-block-heading has-text-align-center\" id=\"cursos-assinatura\">Cursos e Assinaturas<\/h2>\n\n\n\n<p>Prepare-se com o melhor material e com quem mais aprova em Concursos P\u00fablicos em todo o pa\u00eds!<\/p>\n\n\n\n<p class=\"has-text-align-center has-vivid-cyan-blue-color has-text-color has-background\" style=\"background-color:#0078bd\"><a href=\"https:\/\/www.estrategiaconcursos.com.br\/blog\/concursos-abertos\/\" target=\"_blank\" rel=\"noreferrer noopener\"><strong><mark style=\"background-color:rgba(0, 0, 0, 0)\" class=\"has-inline-color has-white-color\">Concursos Abertos<\/mark><\/strong><\/a><\/p>\n\n\n\n<p class=\"has-text-align-center has-vivid-cyan-blue-color has-text-color has-background\" style=\"background-color:#0078bd\"><a href=\"https:\/\/www.estrategiaconcursos.com.br\/blog\/concursos-2025\/\" target=\"_blank\" rel=\"noreferrer noopener\"><strong><mark style=\"background-color:rgba(0, 0, 0, 0)\" class=\"has-inline-color has-white-color\">Concursos 2025<\/mark><\/strong><\/a><\/p>\n\n\n\n<p><\/p>\n","protected":false},"excerpt":{"rendered":"<p>O presente artigo visa dissertar sobre o poder do \u201cn\u00e3o\u201d: cortando distra\u00e7\u00f5es para estudantes de concursos p\u00fablicos, de bancas como a Funda\u00e7\u00e3o Get\u00falio Vargas (FGV), atingirem a aprova\u00e7\u00e3o mais r\u00e1pido. Uma das principais, e mais necess\u00e1rias, ferramentas do concurseiro \u00e9 o foco ao estudar. E o que atrapalha muito o foco nos estudos s\u00e3o as [&hellip;]<\/p>\n","protected":false},"author":2978,"featured_media":449623,"comment_status":"open","ping_status":"closed","sticky":false,"template":"","format":"standard","meta":{"post_tipo":"article","footnotes":""},"categories":[1],"tags":[],"tax_estado":[],"class_list":["post-1668295","post","type-post","status-publish","format-standard","has-post-thumbnail","hentry","category-cursos-e-concursos"],"acf":[],"yoast_head":"<!-- This site is optimized with the Yoast SEO Premium plugin v27.2 (Yoast SEO v27.2) - https:\/\/yoast.com\/product\/yoast-seo-premium-wordpress\/ -->\n<title>O poder do \u201cn\u00e3o\u201d: Cortando distra\u00e7\u00f5es<\/title>\n<meta name=\"description\" content=\"O poder do \u201cn\u00e3o\u201d: Cortando distra\u00e7\u00f5es concurso p\u00fablico digitais F.O.M.O minimalista convites sociais foco dicas\" \/>\n<meta name=\"robots\" content=\"index, follow, max-snippet:-1, max-image-preview:large, max-video-preview:-1\" \/>\n<link rel=\"canonical\" href=\"https:\/\/www.estrategiaconcursos.com.br\/blog\/o-poder-nao-cortando-distracoes\/\" \/>\n<meta property=\"og:locale\" content=\"pt_BR\" \/>\n<meta property=\"og:type\" content=\"article\" \/>\n<meta property=\"og:title\" content=\"O poder do \u201cn\u00e3o\u201d: Cortando distra\u00e7\u00f5es\" \/>\n<meta property=\"og:description\" content=\"O poder do \u201cn\u00e3o\u201d: Cortando distra\u00e7\u00f5es concurso p\u00fablico digitais F.O.M.O minimalista convites sociais foco dicas\" \/>\n<meta property=\"og:url\" content=\"https:\/\/www.estrategiaconcursos.com.br\/blog\/o-poder-nao-cortando-distracoes\/\" \/>\n<meta property=\"og:site_name\" content=\"Estrat\u00e9gia Concursos\" \/>\n<meta property=\"article:published_time\" content=\"2025-12-27T11:52:00+00:00\" \/>\n<meta property=\"og:image\" content=\"https:\/\/dhg1h5j42swfq.cloudfront.net\/2019\/11\/20100430\/Preocupa%C3%A7%C3%A3o-com-o-que-n%C3%A3o-est%C3%A1-no-seu-controle-bruce-mars-xj8qrWvuOEs-unsplash-think.jpg\" \/>\n\t<meta property=\"og:image:width\" content=\"5760\" \/>\n\t<meta property=\"og:image:height\" content=\"3840\" \/>\n\t<meta property=\"og:image:type\" content=\"image\/jpeg\" \/>\n<meta name=\"author\" content=\"Carlos Augusto Canada Silva\" \/>\n<meta name=\"twitter:card\" content=\"summary_large_image\" \/>\n<meta name=\"twitter:creator\" content=\"@EstratConcursos\" \/>\n<meta name=\"twitter:site\" content=\"@EstratConcursos\" \/>\n<meta name=\"twitter:label1\" content=\"Escrito por\" \/>\n\t<meta name=\"twitter:data1\" content=\"Carlos Augusto Canada Silva\" \/>\n\t<meta name=\"twitter:label2\" content=\"Est. tempo de leitura\" \/>\n\t<meta name=\"twitter:data2\" content=\"4 minutos\" \/>\n<script type=\"application\/ld+json\" class=\"yoast-schema-graph\">{\"@context\":\"https:\/\/schema.org\",\"@graph\":[{\"@type\":\"NewsArticle\",\"@id\":\"https:\/\/www.estrategiaconcursos.com.br\/blog\/o-poder-nao-cortando-distracoes\/#article\",\"isPartOf\":{\"@id\":\"https:\/\/www.estrategiaconcursos.com.br\/blog\/o-poder-nao-cortando-distracoes\/\"},\"author\":{\"name\":\"Carlos Augusto Canada Silva\",\"@id\":\"https:\/\/www.estrategiaconcursos.com.br\/blog\/#\/schema\/person\/ba5353c5ae7c03146aa160997380a321\"},\"headline\":\"O poder do \u201cn\u00e3o\u201d: Cortando distra\u00e7\u00f5es\",\"datePublished\":\"2025-12-27T11:52:00+00:00\",\"mainEntityOfPage\":{\"@id\":\"https:\/\/www.estrategiaconcursos.com.br\/blog\/o-poder-nao-cortando-distracoes\/\"},\"wordCount\":891,\"commentCount\":0,\"publisher\":{\"@id\":\"https:\/\/www.estrategiaconcursos.com.br\/blog\/#organization\"},\"image\":{\"@id\":\"https:\/\/www.estrategiaconcursos.com.br\/blog\/o-poder-nao-cortando-distracoes\/#primaryimage\"},\"thumbnailUrl\":\"https:\/\/dhg1h5j42swfq.cloudfront.net\/2019\/11\/20100430\/Preocupa%C3%A7%C3%A3o-com-o-que-n%C3%A3o-est%C3%A1-no-seu-controle-bruce-mars-xj8qrWvuOEs-unsplash-think.jpg\",\"articleSection\":[\"Concursos P\u00fablicos\"],\"inLanguage\":\"pt-BR\",\"potentialAction\":[{\"@type\":\"CommentAction\",\"name\":\"Comment\",\"target\":[\"https:\/\/www.estrategiaconcursos.com.br\/blog\/o-poder-nao-cortando-distracoes\/#respond\"]}],\"copyrightYear\":\"2025\",\"copyrightHolder\":{\"@id\":\"https:\/\/www.estrategiaconcursos.com.br\/blog\/#organization\"}},{\"@type\":\"WebPage\",\"@id\":\"https:\/\/www.estrategiaconcursos.com.br\/blog\/o-poder-nao-cortando-distracoes\/\",\"url\":\"https:\/\/www.estrategiaconcursos.com.br\/blog\/o-poder-nao-cortando-distracoes\/\",\"name\":\"O poder do \u201cn\u00e3o\u201d: Cortando distra\u00e7\u00f5es\",\"isPartOf\":{\"@id\":\"https:\/\/www.estrategiaconcursos.com.br\/blog\/#website\"},\"primaryImageOfPage\":{\"@id\":\"https:\/\/www.estrategiaconcursos.com.br\/blog\/o-poder-nao-cortando-distracoes\/#primaryimage\"},\"image\":{\"@id\":\"https:\/\/www.estrategiaconcursos.com.br\/blog\/o-poder-nao-cortando-distracoes\/#primaryimage\"},\"thumbnailUrl\":\"https:\/\/dhg1h5j42swfq.cloudfront.net\/2019\/11\/20100430\/Preocupa%C3%A7%C3%A3o-com-o-que-n%C3%A3o-est%C3%A1-no-seu-controle-bruce-mars-xj8qrWvuOEs-unsplash-think.jpg\",\"datePublished\":\"2025-12-27T11:52:00+00:00\",\"description\":\"O poder do \u201cn\u00e3o\u201d: Cortando distra\u00e7\u00f5es concurso p\u00fablico digitais F.O.M.O minimalista convites sociais foco dicas\",\"breadcrumb\":{\"@id\":\"https:\/\/www.estrategiaconcursos.com.br\/blog\/o-poder-nao-cortando-distracoes\/#breadcrumb\"},\"inLanguage\":\"pt-BR\",\"potentialAction\":[{\"@type\":\"ReadAction\",\"target\":[\"https:\/\/www.estrategiaconcursos.com.br\/blog\/o-poder-nao-cortando-distracoes\/\"]}]},{\"@type\":\"ImageObject\",\"inLanguage\":\"pt-BR\",\"@id\":\"https:\/\/www.estrategiaconcursos.com.br\/blog\/o-poder-nao-cortando-distracoes\/#primaryimage\",\"url\":\"https:\/\/dhg1h5j42swfq.cloudfront.net\/2019\/11\/20100430\/Preocupa%C3%A7%C3%A3o-com-o-que-n%C3%A3o-est%C3%A1-no-seu-controle-bruce-mars-xj8qrWvuOEs-unsplash-think.jpg\",\"contentUrl\":\"https:\/\/dhg1h5j42swfq.cloudfront.net\/2019\/11\/20100430\/Preocupa%C3%A7%C3%A3o-com-o-que-n%C3%A3o-est%C3%A1-no-seu-controle-bruce-mars-xj8qrWvuOEs-unsplash-think.jpg\",\"width\":5760,\"height\":3840,\"caption\":\"O poder do \u201cn\u00e3o\u201d: Cortando distra\u00e7\u00f5es\"},{\"@type\":\"BreadcrumbList\",\"@id\":\"https:\/\/www.estrategiaconcursos.com.br\/blog\/o-poder-nao-cortando-distracoes\/#breadcrumb\",\"itemListElement\":[{\"@type\":\"ListItem\",\"position\":1,\"name\":\"In\u00edcio\",\"item\":\"https:\/\/www.estrategiaconcursos.com.br\/blog\/\"},{\"@type\":\"ListItem\",\"position\":2,\"name\":\"O poder do \u201cn\u00e3o\u201d: Cortando distra\u00e7\u00f5es\"}]},{\"@type\":\"WebSite\",\"@id\":\"https:\/\/www.estrategiaconcursos.com.br\/blog\/#website\",\"url\":\"https:\/\/www.estrategiaconcursos.com.br\/blog\/\",\"name\":\"Estrat\u00e9gia Concursos\",\"description\":\"O blog da Estrat\u00e9gia Concursos traz not\u00edcias sobre concursos e artigos de professores oferecendo cursos para concursos (pdf + videaulas) no site.\",\"publisher\":{\"@id\":\"https:\/\/www.estrategiaconcursos.com.br\/blog\/#organization\"},\"potentialAction\":[{\"@type\":\"SearchAction\",\"target\":{\"@type\":\"EntryPoint\",\"urlTemplate\":\"https:\/\/www.estrategiaconcursos.com.br\/blog\/?s={search_term_string}\"},\"query-input\":{\"@type\":\"PropertyValueSpecification\",\"valueRequired\":true,\"valueName\":\"search_term_string\"}}],\"inLanguage\":\"pt-BR\"},{\"@type\":\"Organization\",\"@id\":\"https:\/\/www.estrategiaconcursos.com.br\/blog\/#organization\",\"name\":\"Estrat\u00e9gia Concursos\",\"url\":\"https:\/\/www.estrategiaconcursos.com.br\/blog\/\",\"logo\":{\"@type\":\"ImageObject\",\"inLanguage\":\"pt-BR\",\"@id\":\"https:\/\/www.estrategiaconcursos.com.br\/blog\/#\/schema\/logo\/image\/\",\"url\":\"https:\/\/dhg1h5j42swfq.cloudfront.net\/2025\/06\/03203428\/logo_concursos-1.jpg\",\"contentUrl\":\"https:\/\/dhg1h5j42swfq.cloudfront.net\/2025\/06\/03203428\/logo_concursos-1.jpg\",\"width\":230,\"height\":60,\"caption\":\"Estrat\u00e9gia Concursos\"},\"image\":{\"@id\":\"https:\/\/www.estrategiaconcursos.com.br\/blog\/#\/schema\/logo\/image\/\"},\"sameAs\":[\"https:\/\/x.com\/EstratConcursos\"]},{\"@type\":\"Person\",\"@id\":\"https:\/\/www.estrategiaconcursos.com.br\/blog\/#\/schema\/person\/ba5353c5ae7c03146aa160997380a321\",\"name\":\"Carlos Augusto Canada Silva\",\"image\":{\"@type\":\"ImageObject\",\"inLanguage\":\"pt-BR\",\"@id\":\"https:\/\/secure.gravatar.com\/avatar\/a3678a0de9b78f31cae66e58ba52f2e5ba85775337ae7925bf91eb689694b7e7?s=96&d=mm&r=g\",\"url\":\"https:\/\/secure.gravatar.com\/avatar\/a3678a0de9b78f31cae66e58ba52f2e5ba85775337ae7925bf91eb689694b7e7?s=96&d=mm&r=g\",\"contentUrl\":\"https:\/\/secure.gravatar.com\/avatar\/a3678a0de9b78f31cae66e58ba52f2e5ba85775337ae7925bf91eb689694b7e7?s=96&d=mm&r=g\",\"caption\":\"Carlos Augusto Canada Silva\"},\"url\":\"https:\/\/www.estrategiaconcursos.com.br\/blog\/author\/carlosaugusto-c-silvagmail-com\/\"}]}<\/script>\n<!-- \/ Yoast SEO Premium plugin. -->","yoast_head_json":{"title":"O poder do \u201cn\u00e3o\u201d: Cortando distra\u00e7\u00f5es","description":"O poder do \u201cn\u00e3o\u201d: Cortando distra\u00e7\u00f5es concurso p\u00fablico digitais F.O.M.O minimalista convites sociais foco dicas","robots":{"index":"index","follow":"follow","max-snippet":"max-snippet:-1","max-image-preview":"max-image-preview:large","max-video-preview":"max-video-preview:-1"},"canonical":"https:\/\/www.estrategiaconcursos.com.br\/blog\/o-poder-nao-cortando-distracoes\/","og_locale":"pt_BR","og_type":"article","og_title":"O poder do \u201cn\u00e3o\u201d: Cortando distra\u00e7\u00f5es","og_description":"O poder do \u201cn\u00e3o\u201d: Cortando distra\u00e7\u00f5es concurso p\u00fablico digitais F.O.M.O minimalista convites sociais foco dicas","og_url":"https:\/\/www.estrategiaconcursos.com.br\/blog\/o-poder-nao-cortando-distracoes\/","og_site_name":"Estrat\u00e9gia Concursos","article_published_time":"2025-12-27T11:52:00+00:00","og_image":[{"width":5760,"height":3840,"url":"https:\/\/dhg1h5j42swfq.cloudfront.net\/2019\/11\/20100430\/Preocupa%C3%A7%C3%A3o-com-o-que-n%C3%A3o-est%C3%A1-no-seu-controle-bruce-mars-xj8qrWvuOEs-unsplash-think.jpg","type":"image\/jpeg"}],"author":"Carlos Augusto Canada Silva","twitter_card":"summary_large_image","twitter_creator":"@EstratConcursos","twitter_site":"@EstratConcursos","twitter_misc":{"Escrito por":"Carlos Augusto Canada Silva","Est. tempo de leitura":"4 minutos"},"schema":{"@context":"https:\/\/schema.org","@graph":[{"@type":"NewsArticle","@id":"https:\/\/www.estrategiaconcursos.com.br\/blog\/o-poder-nao-cortando-distracoes\/#article","isPartOf":{"@id":"https:\/\/www.estrategiaconcursos.com.br\/blog\/o-poder-nao-cortando-distracoes\/"},"author":{"name":"Carlos Augusto Canada Silva","@id":"https:\/\/www.estrategiaconcursos.com.br\/blog\/#\/schema\/person\/ba5353c5ae7c03146aa160997380a321"},"headline":"O poder do \u201cn\u00e3o\u201d: Cortando distra\u00e7\u00f5es","datePublished":"2025-12-27T11:52:00+00:00","mainEntityOfPage":{"@id":"https:\/\/www.estrategiaconcursos.com.br\/blog\/o-poder-nao-cortando-distracoes\/"},"wordCount":891,"commentCount":0,"publisher":{"@id":"https:\/\/www.estrategiaconcursos.com.br\/blog\/#organization"},"image":{"@id":"https:\/\/www.estrategiaconcursos.com.br\/blog\/o-poder-nao-cortando-distracoes\/#primaryimage"},"thumbnailUrl":"https:\/\/dhg1h5j42swfq.cloudfront.net\/2019\/11\/20100430\/Preocupa%C3%A7%C3%A3o-com-o-que-n%C3%A3o-est%C3%A1-no-seu-controle-bruce-mars-xj8qrWvuOEs-unsplash-think.jpg","articleSection":["Concursos P\u00fablicos"],"inLanguage":"pt-BR","potentialAction":[{"@type":"CommentAction","name":"Comment","target":["https:\/\/www.estrategiaconcursos.com.br\/blog\/o-poder-nao-cortando-distracoes\/#respond"]}],"copyrightYear":"2025","copyrightHolder":{"@id":"https:\/\/www.estrategiaconcursos.com.br\/blog\/#organization"}},{"@type":"WebPage","@id":"https:\/\/www.estrategiaconcursos.com.br\/blog\/o-poder-nao-cortando-distracoes\/","url":"https:\/\/www.estrategiaconcursos.com.br\/blog\/o-poder-nao-cortando-distracoes\/","name":"O poder do \u201cn\u00e3o\u201d: Cortando distra\u00e7\u00f5es","isPartOf":{"@id":"https:\/\/www.estrategiaconcursos.com.br\/blog\/#website"},"primaryImageOfPage":{"@id":"https:\/\/www.estrategiaconcursos.com.br\/blog\/o-poder-nao-cortando-distracoes\/#primaryimage"},"image":{"@id":"https:\/\/www.estrategiaconcursos.com.br\/blog\/o-poder-nao-cortando-distracoes\/#primaryimage"},"thumbnailUrl":"https:\/\/dhg1h5j42swfq.cloudfront.net\/2019\/11\/20100430\/Preocupa%C3%A7%C3%A3o-com-o-que-n%C3%A3o-est%C3%A1-no-seu-controle-bruce-mars-xj8qrWvuOEs-unsplash-think.jpg","datePublished":"2025-12-27T11:52:00+00:00","description":"O poder do \u201cn\u00e3o\u201d: Cortando distra\u00e7\u00f5es concurso p\u00fablico digitais F.O.M.O minimalista convites sociais foco dicas","breadcrumb":{"@id":"https:\/\/www.estrategiaconcursos.com.br\/blog\/o-poder-nao-cortando-distracoes\/#breadcrumb"},"inLanguage":"pt-BR","potentialAction":[{"@type":"ReadAction","target":["https:\/\/www.estrategiaconcursos.com.br\/blog\/o-poder-nao-cortando-distracoes\/"]}]},{"@type":"ImageObject","inLanguage":"pt-BR","@id":"https:\/\/www.estrategiaconcursos.com.br\/blog\/o-poder-nao-cortando-distracoes\/#primaryimage","url":"https:\/\/dhg1h5j42swfq.cloudfront.net\/2019\/11\/20100430\/Preocupa%C3%A7%C3%A3o-com-o-que-n%C3%A3o-est%C3%A1-no-seu-controle-bruce-mars-xj8qrWvuOEs-unsplash-think.jpg","contentUrl":"https:\/\/dhg1h5j42swfq.cloudfront.net\/2019\/11\/20100430\/Preocupa%C3%A7%C3%A3o-com-o-que-n%C3%A3o-est%C3%A1-no-seu-controle-bruce-mars-xj8qrWvuOEs-unsplash-think.jpg","width":5760,"height":3840,"caption":"O poder do \u201cn\u00e3o\u201d: Cortando distra\u00e7\u00f5es"},{"@type":"BreadcrumbList","@id":"https:\/\/www.estrategiaconcursos.com.br\/blog\/o-poder-nao-cortando-distracoes\/#breadcrumb","itemListElement":[{"@type":"ListItem","position":1,"name":"In\u00edcio","item":"https:\/\/www.estrategiaconcursos.com.br\/blog\/"},{"@type":"ListItem","position":2,"name":"O poder do \u201cn\u00e3o\u201d: Cortando distra\u00e7\u00f5es"}]},{"@type":"WebSite","@id":"https:\/\/www.estrategiaconcursos.com.br\/blog\/#website","url":"https:\/\/www.estrategiaconcursos.com.br\/blog\/","name":"Estrat\u00e9gia Concursos","description":"O blog da Estrat\u00e9gia Concursos traz not\u00edcias sobre concursos e artigos de professores oferecendo cursos para concursos (pdf + videaulas) no site.","publisher":{"@id":"https:\/\/www.estrategiaconcursos.com.br\/blog\/#organization"},"potentialAction":[{"@type":"SearchAction","target":{"@type":"EntryPoint","urlTemplate":"https:\/\/www.estrategiaconcursos.com.br\/blog\/?s={search_term_string}"},"query-input":{"@type":"PropertyValueSpecification","valueRequired":true,"valueName":"search_term_string"}}],"inLanguage":"pt-BR"},{"@type":"Organization","@id":"https:\/\/www.estrategiaconcursos.com.br\/blog\/#organization","name":"Estrat\u00e9gia Concursos","url":"https:\/\/www.estrategiaconcursos.com.br\/blog\/","logo":{"@type":"ImageObject","inLanguage":"pt-BR","@id":"https:\/\/www.estrategiaconcursos.com.br\/blog\/#\/schema\/logo\/image\/","url":"https:\/\/dhg1h5j42swfq.cloudfront.net\/2025\/06\/03203428\/logo_concursos-1.jpg","contentUrl":"https:\/\/dhg1h5j42swfq.cloudfront.net\/2025\/06\/03203428\/logo_concursos-1.jpg","width":230,"height":60,"caption":"Estrat\u00e9gia Concursos"},"image":{"@id":"https:\/\/www.estrategiaconcursos.com.br\/blog\/#\/schema\/logo\/image\/"},"sameAs":["https:\/\/x.com\/EstratConcursos"]},{"@type":"Person","@id":"https:\/\/www.estrategiaconcursos.com.br\/blog\/#\/schema\/person\/ba5353c5ae7c03146aa160997380a321","name":"Carlos Augusto Canada Silva","image":{"@type":"ImageObject","inLanguage":"pt-BR","@id":"https:\/\/secure.gravatar.com\/avatar\/a3678a0de9b78f31cae66e58ba52f2e5ba85775337ae7925bf91eb689694b7e7?s=96&d=mm&r=g","url":"https:\/\/secure.gravatar.com\/avatar\/a3678a0de9b78f31cae66e58ba52f2e5ba85775337ae7925bf91eb689694b7e7?s=96&d=mm&r=g","contentUrl":"https:\/\/secure.gravatar.com\/avatar\/a3678a0de9b78f31cae66e58ba52f2e5ba85775337ae7925bf91eb689694b7e7?s=96&d=mm&r=g","caption":"Carlos Augusto Canada Silva"},"url":"https:\/\/www.estrategiaconcursos.com.br\/blog\/author\/carlosaugusto-c-silvagmail-com\/"}]}},"_links":{"self":[{"href":"https:\/\/www.estrategiaconcursos.com.br\/blog\/wp-json\/wp\/v2\/posts\/1668295","targetHints":{"allow":["GET"]}}],"collection":[{"href":"https:\/\/www.estrategiaconcursos.com.br\/blog\/wp-json\/wp\/v2\/posts"}],"about":[{"href":"https:\/\/www.estrategiaconcursos.com.br\/blog\/wp-json\/wp\/v2\/types\/post"}],"author":[{"embeddable":true,"href":"https:\/\/www.estrategiaconcursos.com.br\/blog\/wp-json\/wp\/v2\/users\/2978"}],"replies":[{"embeddable":true,"href":"https:\/\/www.estrategiaconcursos.com.br\/blog\/wp-json\/wp\/v2\/comments?post=1668295"}],"version-history":[{"count":2,"href":"https:\/\/www.estrategiaconcursos.com.br\/blog\/wp-json\/wp\/v2\/posts\/1668295\/revisions"}],"predecessor-version":[{"id":1668300,"href":"https:\/\/www.estrategiaconcursos.com.br\/blog\/wp-json\/wp\/v2\/posts\/1668295\/revisions\/1668300"}],"wp:featuredmedia":[{"embeddable":true,"href":"https:\/\/www.estrategiaconcursos.com.br\/blog\/wp-json\/wp\/v2\/media\/449623"}],"wp:attachment":[{"href":"https:\/\/www.estrategiaconcursos.com.br\/blog\/wp-json\/wp\/v2\/media?parent=1668295"}],"wp:term":[{"taxonomy":"category","embeddable":true,"href":"https:\/\/www.estrategiaconcursos.com.br\/blog\/wp-json\/wp\/v2\/categories?post=1668295"},{"taxonomy":"post_tag","embeddable":true,"href":"https:\/\/www.estrategiaconcursos.com.br\/blog\/wp-json\/wp\/v2\/tags?post=1668295"},{"taxonomy":"tax_estado","embeddable":true,"href":"https:\/\/www.estrategiaconcursos.com.br\/blog\/wp-json\/wp\/v2\/tax_estado?post=1668295"}],"curies":[{"name":"wp","href":"https:\/\/api.w.org\/{rel}","templated":true}]}}