{"id":1668206,"date":"2025-11-14T18:00:00","date_gmt":"2025-11-14T21:00:00","guid":{"rendered":"https:\/\/www.estrategiaconcursos.com.br\/blog\/?p=1668206"},"modified":"2025-12-12T18:20:18","modified_gmt":"2025-12-12T21:20:18","slug":"concurso-editais-semana-10-a-14-11","status":"publish","type":"post","link":"https:\/\/www.estrategiaconcursos.com.br\/blog\/concurso-editais-semana-10-a-14-11\/","title":{"rendered":"Concursos P\u00fablicos: 37 editais esta semana; 3,4 mil vagas!"},"content":{"rendered":"\n<p>Neste s\u00e1bado (15), entramos oficialmente nos <strong>47 dias faltantes<\/strong> para o t\u00e9rmino de 2025. Neste marco importante, mais uma semana se encerrou e, com ela, diversos editais foram publicados.<\/p>\n\n\n\n<p>Ao todo, os concurseiros viram a chegada de <strong>37 novos editais de concursos p\u00fablicos<\/strong> que, juntos, ofertam na pra\u00e7a <strong>3.410 oportunidades<\/strong> imediatas e de cadastro reserva.<\/p>\n\n\n\n<p>Desta vez, a \u00e1rea que mais reinou foi a de <strong>Educa\u00e7\u00e3o<\/strong>, trazendo consigo cinco novos certames. Tamb\u00e9m vimos sele\u00e7\u00f5es significativas do \u00e2mbito de Carreiras Jur\u00eddicas abrirem suas portas.<\/p>\n\n\n\n<p>Al\u00e9m delas, 17 novos editais chegaram para prefeituras, consolidando mais uma semana recheada de <strong>oportunidades escondidas.<\/strong><\/p>\n\n\n\n<p>Quer ficar informado sobre TODOS os novos editais de concursos publicados na \u00faltima semana? <em><strong>Confira mais informa\u00e7\u00f5es ao longo deste artigo!<\/strong><\/em><\/p>\n\n\n\n<div class=\"container\" id=\"boxes\">\n  <div class=\"row\">\n\n    <div class=\"col-sm\">\n      <div class=\"banner-estrat-corj\" id=\"box-assinatura\">\n        <h3 class=\"titulo-assinatura\" style=\"text-align: left;\">Cursos para Concursos<\/h3>\n        <p class=\"subtitulo-assinatura\" style=\"text-align: left;\">Conhe\u00e7a os cursos<\/p>\n        <div class=\"box-botao\" style=\"text-align: left;\">\n          <a class=\"btn-assinatura\" target=\"_blank\" href=\"https:\/\/www.estrategiaconcursos.com.br\/cursos\/concurso\/\" role=\"button\" rel=\"noopener noreferrer\">CLIQUE AQUI<\/a>\n        <\/div>\n      <\/div><\/div><\/div><\/div>\n\n\n\n<ul id=\"indice\" class=\"wp-block-list\">\n<li><a href=\"#saude\">Sa\u00fade<\/a><\/li>\n\n\n\n<li><a href=\"#ecj\">Carreiras Jur\u00eddicas<\/a><\/li>\n\n\n\n<li><a href=\"#educacao\">Educa\u00e7\u00e3o<\/a><\/li>\n\n\n\n<li><a href=\"#camaras\">\u00c1rea Legislativa<\/a><\/li>\n\n\n\n<li><a href=\"#outras\">Oportunidades em outras \u00e1reas<\/a><\/li>\n\n\n\n<li><a href=\"#prefeituras\">Prefeituras Municipais<\/a><\/li>\n<\/ul>\n\n\n\n<h3 class=\"wp-block-heading has-text-align-center has-background\" id=\"saude\" style=\"background-color:#e1eaf2\">Sa\u00fade<\/h3>\n\n\n\n<h3 class=\"wp-block-heading\" id=\"h-fundacao-instituto-polo-avancado-da-saude-de-ribeirao-preto-fipase-sp\"><a href=\"https:\/\/www.estrategiaconcursos.com.br\/blog\/concurso-fipase-ribeiro-preto-sp\/\" target=\"_blank\" rel=\"noreferrer noopener\">Funda\u00e7\u00e3o Instituto Polo Avan\u00e7ado da Sa\u00fade de Ribeir\u00e3o Preto<\/a> (FIPASE &#8211; SP)<\/h3>\n\n\n\n<ul class=\"wp-block-list\">\n<li><strong>Banca:<\/strong> Efetiva<\/li>\n\n\n\n<li><strong>Per\u00edodo de inscri\u00e7\u00f5es:<\/strong> 11\/11 a 22\/12<\/li>\n\n\n\n<li><strong>Data da prova<\/strong>: 01\/02\/2026<\/li>\n\n\n\n<li><strong>Vagas:<\/strong> 6 + CR<\/li>\n\n\n\n<li><strong>Sal\u00e1rio inicial:<\/strong> R$ 3.592,03 e R$ 10.507,94<\/li>\n\n\n\n<li><strong>Edital:<\/strong> <a href=\"https:\/\/dhg1h5j42swfq.cloudfront.net\/2025\/11\/11142433\/8d6459db-6e62-40b6-873e-69a3ecd631cb-1.pdf\" target=\"_blank\" rel=\"noreferrer noopener nofollow\">FIPASE Ribeir\u00e3o Preto 2025<\/a><\/li>\n<\/ul>\n\n\n\n<h3 class=\"wp-block-heading has-text-align-center has-background\" id=\"ecj\" style=\"background-color:#e1eaf2\">Carreiras Jur\u00eddicas<\/h3>\n\n\n\n<h3 class=\"wp-block-heading\" id=\"h-oab-45-repescagem\"><a href=\"https:\/\/oab.estrategia.com\/portal\/repescagem-oab-45\/\" target=\"_blank\" rel=\"noreferrer noopener\">OAB 45 Repescagem<\/a><\/h3>\n\n\n\n<ul class=\"wp-block-list\">\n<li><strong>Banca:<\/strong> comiss\u00e3o pr\u00f3pria<\/li>\n\n\n\n<li><strong>Per\u00edodo de inscri\u00e7\u00f5es:<\/strong> 17 a 24\/11<\/li>\n\n\n\n<li><strong>Data da prova<\/strong>: 17\/03\/2026<\/li>\n\n\n\n<li><strong>Edital:<\/strong> <a href=\"https:\/\/oab.estrategia.com\/portal\/edital-oab-44-exame-de-ordem\/\" target=\"_blank\" rel=\"noreferrer noopener nofollow\">Edital OAB 44 Exame<\/a><\/li>\n<\/ul>\n\n\n\n<h3 class=\"wp-block-heading\" id=\"h-residencia-juridica-uerj\"><a href=\"https:\/\/cj.estrategia.com\/portal\/residencia-juridica-uerj\/\" target=\"_blank\" rel=\"noreferrer noopener\">Resid\u00eancia Jur\u00eddica UERJ<\/a><\/h3>\n\n\n\n<ul class=\"wp-block-list\">\n<li><strong>Banca:<\/strong> CEPUERJ<\/li>\n\n\n\n<li><strong>Per\u00edodo de inscri\u00e7\u00f5es:<\/strong> at\u00e9 11\/12<\/li>\n\n\n\n<li><strong>Data da prova<\/strong>: 25\/01\/2026<\/li>\n\n\n\n<li><strong>Vagas:<\/strong> 25<\/li>\n\n\n\n<li><strong>Sal\u00e1rio inicial:<\/strong>&nbsp;R$ 3.000,00<\/li>\n\n\n\n<li><strong>Edital:<\/strong> <a href=\"https:\/\/cj.estrategia.com\/portal\/wp-content\/uploads\/2025\/11\/11202156\/b6ff46d8eb24f74fb818d61532defdbca86074416f0604845d99e5d131bbff8f.pdf\" target=\"_blank\" rel=\"noreferrer noopener nofollow\">Programa de Resid\u00eancia Jur\u00eddica UERJ 2026<\/a><\/li>\n<\/ul>\n\n\n\n<h3 class=\"wp-block-heading\" id=\"h-residencia-juridica-pgm-ribeirao-preto-sp\"><a href=\"https:\/\/cj.estrategia.com\/portal\/residencia-juridica-pgm-ribeirao-preto-sp\/\" target=\"_blank\" rel=\"noreferrer noopener\">Resid\u00eancia Jur\u00eddica PGM Ribeir\u00e3o Preto<\/a> (SP)<\/h3>\n\n\n\n<ul class=\"wp-block-list\">\n<li><strong>Banca:<\/strong> CEPGM-RP<\/li>\n\n\n\n<li><strong>Per\u00edodo de inscri\u00e7\u00f5es:<\/strong> 01 a 19\/12<\/li>\n\n\n\n<li><strong>Data da prova<\/strong>: 25\/01\/2026<\/li>\n\n\n\n<li><strong>Vagas:<\/strong> 17<\/li>\n\n\n\n<li><strong>Sal\u00e1rio inicial:<\/strong> R$ 2.000,00<\/li>\n\n\n\n<li><strong>Edital:<\/strong>&nbsp;<a href=\"https:\/\/cj.estrategia.com\/portal\/wp-content\/uploads\/2025\/11\/11215134\/procuradoria01.pdf\" target=\"_blank\" rel=\"noreferrer noopener nofollow\">Programa de Resid\u00eancia Jur\u00eddica PGM Ribeir\u00e3o Preto SP 2025<\/a><\/li>\n<\/ul>\n\n\n\n<h3 class=\"wp-block-heading\" id=\"h-procuradoria-geral-do-municipio-do-rio-de-janeiro-pgm-rj\"><a href=\"https:\/\/cj.estrategia.com\/portal\/concurso-pgm-rj\/\" target=\"_blank\" rel=\"noreferrer noopener\">Procuradoria-Geral do Munic\u00edpio do Rio de Janeiro<\/a> (PGM RJ)<\/h3>\n\n\n\n<ul class=\"wp-block-list\">\n<li><strong>Banca:<\/strong> FGV<\/li>\n\n\n\n<li><strong>Per\u00edodo de inscri\u00e7\u00f5es:<\/strong> 19\/11 a 18\/12<\/li>\n\n\n\n<li><strong>Data da prova<\/strong>: 29 e 30\/06 e 1, 6, 7, 8 e 9\/07\/2026<\/li>\n\n\n\n<li><strong>Vagas:<\/strong> CR<\/li>\n\n\n\n<li><strong>Sal\u00e1rio inicial:<\/strong>&nbsp;R$ 32.798,21<\/li>\n\n\n\n<li><strong>Edital:<\/strong> <a href=\"https:\/\/cj.estrategia.com\/portal\/wp-content\/uploads\/2025\/11\/12191249\/minuta-edital-pgm-cm-procurador-12.11.2025.pdf\" target=\"_blank\" rel=\"noreferrer noopener nofollow\">PGM RJ 2025<\/a><\/li>\n<\/ul>\n\n\n\n<h3 class=\"wp-block-heading\" id=\"h-procurador-da-camara-municipal-do-rio-de-janeiro-rj\"><a href=\"https:\/\/cj.estrategia.com\/portal\/concurso-procurador-camara-rj\/\" target=\"_blank\" rel=\"noreferrer noopener\">Procurador da C\u00e2mara Municipal do Rio de Janeiro<\/a> (RJ)<\/h3>\n\n\n\n<ul class=\"wp-block-list\">\n<li><strong>Banca:<\/strong> FGV<\/li>\n\n\n\n<li><strong>Per\u00edodo de inscri\u00e7\u00f5es:<\/strong> 19\/11 a 18\/12<\/li>\n\n\n\n<li><strong>Data da prova<\/strong>: 01\/03\/2026<\/li>\n\n\n\n<li><strong>Vagas:<\/strong> 2 + CR<\/li>\n\n\n\n<li><strong>Sal\u00e1rio inicial:<\/strong> R$ 32.797,97<\/li>\n\n\n\n<li><strong>Edital:<\/strong> <a href=\"https:\/\/cj.estrategia.com\/portal\/wp-content\/uploads\/2025\/11\/12191249\/minuta-edital-pgm-cm-procurador-12.11.2025.pdf\" target=\"_blank\" rel=\"noreferrer noopener nofollow\">Procurador C\u00e2mara RJ 2025<\/a><\/li>\n<\/ul>\n\n\n\n<h3 class=\"wp-block-heading has-text-align-center has-background\" id=\"educacao\" style=\"background-color:#e1eaf2\">Educa\u00e7\u00e3o<\/h3>\n\n\n\n<h3 class=\"wp-block-heading\" id=\"h-universidade-federal-do-piaui-ufpi\"><a href=\"https:\/\/www.estrategiaconcursos.com.br\/blog\/concurso-ufpi\/\" target=\"_blank\" rel=\"noreferrer noopener\">Universidade Federal do Piau\u00ed<\/a> (UFPI)<\/h3>\n\n\n\n<ul class=\"wp-block-list\">\n<li><strong>Banca:<\/strong> Copese<\/li>\n\n\n\n<li><strong>Per\u00edodo de inscri\u00e7\u00f5es:<\/strong> at\u00e9 11\/12<\/li>\n\n\n\n<li><strong>Data da prova<\/strong>: 25\/01\/2026<\/li>\n\n\n\n<li><strong>Vagas:<\/strong> 12<\/li>\n\n\n\n<li><strong>Sal\u00e1rio inicial:<\/strong> R$ 3.029,90 a R$ 4.967,04<\/li>\n\n\n\n<li><strong>Edital:<\/strong> <a href=\"https:\/\/dhg1h5j42swfq.cloudfront.net\/2024\/09\/11121719\/edital-17-2025-1_merged_n3.pdf\" target=\"_blank\" rel=\"noreferrer noopener nofollow\">UFPI 2025<\/a><\/li>\n<\/ul>\n\n\n\n<h3 class=\"wp-block-heading\" id=\"h-universidade-estadual-do-parana-unespar\"><a href=\"https:\/\/www.estrategiaconcursos.com.br\/blog\/concurso-unespar\/\" target=\"_blank\" rel=\"noreferrer noopener\">Universidade Estadual do Paran\u00e1<\/a> (Unespar)<\/h3>\n\n\n\n<ul class=\"wp-block-list\">\n<li><strong>Banca:<\/strong> Unespar<\/li>\n\n\n\n<li><strong>Per\u00edodo de inscri\u00e7\u00f5es:<\/strong> 17\/11 a 01\/12<\/li>\n\n\n\n<li><strong>Data da prova<\/strong>: 22\/03\/2026<\/li>\n\n\n\n<li><strong>Vagas:<\/strong> 20<\/li>\n\n\n\n<li><strong>Sal\u00e1rio inicial:<\/strong> R$ 7.616,88<\/li>\n\n\n\n<li><strong>Edital:<\/strong> <a href=\"https:\/\/dhg1h5j42swfq.cloudfront.net\/2025\/11\/12143743\/unespar-edital.pdf\" target=\"_blank\" rel=\"noreferrer noopener nofollow\">UNESPAR 2025<\/a><\/li>\n<\/ul>\n\n\n\n<h3 class=\"wp-block-heading\" id=\"h-secretaria-municipal-de-educacao-de-eusebio-sme-eusebio-ce\"><a href=\"https:\/\/www.estrategiaconcursos.com.br\/blog\/concurso-sme-eusebio\/\" target=\"_blank\" rel=\"noreferrer noopener\">Secretaria Municipal de Educa\u00e7\u00e3o de Eus\u00e9bio<\/a> (SME Eus\u00e9bio &#8211; CE)<\/h3>\n\n\n\n<ul class=\"wp-block-list\">\n<li><strong>Banca:<\/strong> Consulpam<\/li>\n\n\n\n<li><strong>Per\u00edodo de inscri\u00e7\u00f5es:<\/strong> at\u00e9 26\/11<\/li>\n\n\n\n<li><strong>Data da prova<\/strong>: 06 e 07\/12<\/li>\n\n\n\n<li><strong>Vagas:<\/strong> 423 + 1.281 CR<\/li>\n\n\n\n<li><strong>Sal\u00e1rio inicial:&nbsp;<\/strong>R$ 1.858,34 a R$ 5.486,00<\/li>\n\n\n\n<li><strong>Edital:<\/strong> <a href=\"https:\/\/dhg1h5j42swfq.cloudfront.net\/2022\/12\/12100142\/20251107_161231_edital-001-2025-eusac289bio-magisterio.pdf\" target=\"_blank\" rel=\"noreferrer noopener nofollow\">SME Eus\u00e9bio 2025<\/a><\/li>\n<\/ul>\n\n\n\n<h3 class=\"wp-block-heading\" id=\"h-prefeitura-de-fortaleza-pedagogo-ce\"><a href=\"https:\/\/www.estrategiaconcursos.com.br\/blog\/concurso-prefeitura-fortaleza-pedagogo\/\" target=\"_blank\" rel=\"noreferrer noopener\">Prefeitura de Fortaleza &#8211; Pedagogo<\/a> (CE)<\/h3>\n\n\n\n<ul class=\"wp-block-list\">\n<li><strong>Banca:<\/strong> comiss\u00e3o pr\u00f3pria<\/li>\n\n\n\n<li><strong>Per\u00edodo de inscri\u00e7\u00f5es:<\/strong> at\u00e9 14\/12<\/li>\n\n\n\n<li><strong>Data da prova<\/strong>: 18\/01\/2026<\/li>\n\n\n\n<li><strong>Vagas:<\/strong> 32 + CR<\/li>\n\n\n\n<li><strong>Sal\u00e1rio inicial:<\/strong> R$ 2.949,77<\/li>\n\n\n\n<li><strong>Edital:<\/strong> <a href=\"https:\/\/dhg1h5j42swfq.cloudfront.net\/2025\/11\/13092214\/edital_188_2025_sdhds_2025_to_e_pedagogo_dom.pdf\" target=\"_blank\" rel=\"noreferrer noopener nofollow\">Fortaleza \u2013 pedagogo<\/a><\/li>\n<\/ul>\n\n\n\n<h3 class=\"wp-block-heading\" id=\"h-secretaria-municipal-de-educacao-de-cubatao-sme-cubatao-sp\"><a href=\"https:\/\/www.estrategiaconcursos.com.br\/blog\/concurso-cubatao-sp-educacao\/\" target=\"_blank\" rel=\"noreferrer noopener\">Secretaria Municipal de Educa\u00e7\u00e3o de Cubat\u00e3o<\/a> (SME Cubat\u00e3o &#8211; SP)<\/h3>\n\n\n\n<ul class=\"wp-block-list\">\n<li><strong>Banca:<\/strong> IBAM<\/li>\n\n\n\n<li><strong>Per\u00edodo de inscri\u00e7\u00f5es:<\/strong> at\u00e9 11\/12<\/li>\n\n\n\n<li><strong>Data da prova<\/strong>: 22\/02\/2026<\/li>\n\n\n\n<li><strong>Vagas:<\/strong> 289<\/li>\n\n\n\n<li><strong>Sal\u00e1rio inicial:<\/strong> R$ 4.265,07 a&nbsp;R$ 7.427,84<\/li>\n\n\n\n<li><strong>Edital:<\/strong>&nbsp;<a href=\"https:\/\/dhg1h5j42swfq.cloudfront.net\/2024\/11\/13130620\/7501e213-4f45-4cd2-8d80-4c95cb5e8681.pdf\" target=\"_blank\" rel=\"noreferrer noopener nofollow\">Cubat\u00e3o Educa\u00e7\u00e3o 2025<\/a><\/li>\n<\/ul>\n\n\n\n<h3 class=\"wp-block-heading has-text-align-center has-background\" id=\"camaras\" style=\"background-color:#e1eaf2\">\u00c1rea legislativa<\/h3>\n\n\n\n<h3 class=\"wp-block-heading\" id=\"h-camara-de-independencia-ce\"><a href=\"https:\/\/www.estrategiaconcursos.com.br\/blog\/concurso-camara-de-independencia-ce\/\" target=\"_blank\" rel=\"noreferrer noopener\">C\u00e2mara de Independ\u00eancia<\/a> (CE)<\/h3>\n\n\n\n<ul class=\"wp-block-list\">\n<li><strong>Banca:<\/strong> Instituto Seletiva<\/li>\n\n\n\n<li><strong>Per\u00edodo de inscri\u00e7\u00f5es:<\/strong> at\u00e9 07\/12<\/li>\n\n\n\n<li><strong>Data da prova<\/strong>: 21\/12<\/li>\n\n\n\n<li><strong>Vagas:<\/strong> 10 + 100 CR<\/li>\n\n\n\n<li><strong>Sal\u00e1rio inicial:<\/strong> &nbsp;R$ 1.518,00 a R$ 2.500,00<\/li>\n\n\n\n<li><strong>Edital:<\/strong> <a href=\"https:\/\/dhg1h5j42swfq.cloudfront.net\/2025\/11\/10103535\/9b99c153-b218-4714-b52c-3d7926b958ed.pdf\" target=\"_blank\" rel=\"noreferrer noopener nofollow\">C\u00e2mara de Independ\u00eancia CE-2025<\/a><\/li>\n<\/ul>\n\n\n\n<h3 class=\"wp-block-heading\" id=\"h-camara-de-senador-pompeu-ce\"><a href=\"https:\/\/www.estrategiaconcursos.com.br\/blog\/concurso-camara-de-senador-pompeu-ce\/\" target=\"_blank\" rel=\"noreferrer noopener\">C\u00e2mara de Senador Pompeu<\/a> (CE)<\/h3>\n\n\n\n<ul class=\"wp-block-list\">\n<li><strong>Banca:<\/strong> RH Mais<\/li>\n\n\n\n<li><strong>Per\u00edodo de inscri\u00e7\u00f5es:<\/strong> at\u00e9 19\/11<\/li>\n\n\n\n<li><strong>Data da prova<\/strong>: 21\/12<\/li>\n\n\n\n<li><strong>Vagas:<\/strong> 16<\/li>\n\n\n\n<li><strong>Sal\u00e1rio inicial:<\/strong> R$ 1.518,00 a R$ 1.696,48<\/li>\n\n\n\n<li><strong>Edital:<\/strong> <a href=\"https:\/\/dhg1h5j42swfq.cloudfront.net\/2025\/11\/10132351\/ca6ab00b-5804-455d-adcd-300afdc5ef34_compressed.pdf\" target=\"_blank\" rel=\"noreferrer noopener nofollow\">C\u00e2mara de Senador Pompeu 2025<\/a><\/li>\n<\/ul>\n\n\n\n<h3 class=\"wp-block-heading\" id=\"h-camara-de-volta-redonda-rj\"><a href=\"https:\/\/www.estrategiaconcursos.com.br\/blog\/concurso-camara-volta-redonda-rj\/\" target=\"_blank\" rel=\"noreferrer noopener\">C\u00e2mara de Volta Redonda<\/a> (RJ)<\/h3>\n\n\n\n<ul class=\"wp-block-list\">\n<li><strong>Banca:<\/strong> IBDO<\/li>\n\n\n\n<li><strong>Per\u00edodo de inscri\u00e7\u00f5es:<\/strong> at\u00e9 30\/11<\/li>\n\n\n\n<li><strong>Data da prova<\/strong>: 21\/12<\/li>\n\n\n\n<li><strong>Vagas:<\/strong> 11 + CR<\/li>\n\n\n\n<li><strong>Sal\u00e1rio inicial:<\/strong> R$&nbsp;2.301,60 a R$ 3.315,49<\/li>\n\n\n\n<li><strong>Edital:<\/strong> <a href=\"https:\/\/dhg1h5j42swfq.cloudfront.net\/2025\/11\/10120307\/43c988f7-bcb7-46e4-a012-b203f129a827.pdf\" target=\"_blank\" rel=\"noreferrer noopener nofollow\">C\u00e2mara Volta Redonda 2025<\/a><\/li>\n<\/ul>\n\n\n\n<h3 class=\"wp-block-heading\" id=\"h-camara-de-muriae-mg\"><a href=\"https:\/\/www.estrategiaconcursos.com.br\/blog\/concurso-camara-de-muriae-mg\/\" target=\"_blank\" rel=\"noreferrer noopener\">C\u00e2mara de Muria\u00e9<\/a> (MG)<\/h3>\n\n\n\n<ul class=\"wp-block-list\">\n<li><strong>Banca:<\/strong> IBGP<\/li>\n\n\n\n<li><strong>Per\u00edodo de inscri\u00e7\u00f5es:<\/strong> 30\/01 a 02\/03\/2026<\/li>\n\n\n\n<li><strong>Data da prova<\/strong>: 29\/03\/2026<\/li>\n\n\n\n<li><strong>Vagas:<\/strong> 11<\/li>\n\n\n\n<li><strong>Sal\u00e1rio inicial:<\/strong> R$ 1.700,00 a R$ 5.000,00<\/li>\n\n\n\n<li><strong>Edital:<\/strong> <a href=\"https:\/\/dhg1h5j42swfq.cloudfront.net\/2025\/11\/11090053\/00-edital-concurso_camara-de-muriae-mg-final.pdf\" target=\"_blank\" rel=\"noreferrer noopener nofollow\">C\u00e2mara de Muria\u00e9 2025<\/a><\/li>\n<\/ul>\n\n\n\n<h3 class=\"wp-block-heading\" id=\"h-camara-de-londrina-pr\"><a href=\"https:\/\/www.estrategiaconcursos.com.br\/blog\/concurso-camara-de-londrina-pr\/\" target=\"_blank\" rel=\"noreferrer noopener\">C\u00e2mara de Londrina<\/a> (PR)<\/h3>\n\n\n\n<ul class=\"wp-block-list\">\n<li><strong>Banca:<\/strong> COPS UEL<\/li>\n\n\n\n<li><strong>Per\u00edodo de inscri\u00e7\u00f5es:<\/strong> 17\/11 a 11\/12<\/li>\n\n\n\n<li><strong>Data da prova<\/strong>: 08\/02\/2026<\/li>\n\n\n\n<li><strong>Vagas:<\/strong> 6 + CR<\/li>\n\n\n\n<li><strong>Sal\u00e1rio inicial:<\/strong> R$ 6.576,09 a R$ 10.399,17<\/li>\n\n\n\n<li><strong>Edital:<\/strong> <a href=\"https:\/\/dhg1h5j42swfq.cloudfront.net\/2025\/11\/12094119\/389_389_edital-cml_01_2025_abertura_11_11.pdf\" target=\"_blank\" rel=\"noreferrer noopener nofollow\">CM Londrina PR-2025<\/a><\/li>\n<\/ul>\n\n\n\n<h3 class=\"wp-block-heading\" id=\"h-camara-de-igaratinga-mg\"><a href=\"https:\/\/www.estrategiaconcursos.com.br\/blog\/concurso-camara-de-igaratinga-mg\/\" target=\"_blank\" rel=\"noreferrer noopener\">C\u00e2mara de Igaratinga<\/a> (MG)<\/h3>\n\n\n\n<ul class=\"wp-block-list\">\n<li><strong>Banca:<\/strong> IBGP<\/li>\n\n\n\n<li><strong>Per\u00edodo de inscri\u00e7\u00f5es:<\/strong> 29\/12 a 29\/01<\/li>\n\n\n\n<li><strong>Data da prova<\/strong>: 01\/03<\/li>\n\n\n\n<li><strong>Vagas:<\/strong> 2<\/li>\n\n\n\n<li><strong>Sal\u00e1rio inicial:<\/strong> R$ 1.964,00 a R$ 4.865,58<\/li>\n\n\n\n<li><strong>Edital:<\/strong> <a href=\"https:\/\/dhg1h5j42swfq.cloudfront.net\/2025\/11\/11163025\/00-edital-no-01-2025_concurso-camara-igaratinga-mg-c.pdf\" target=\"_blank\" rel=\"noreferrer noopener nofollow\">C\u00e2mara de Igaratinga 2025<\/a><\/li>\n<\/ul>\n\n\n\n<h3 class=\"wp-block-heading\" id=\"h-camara-de-tuiuti-sp\"><a href=\"https:\/\/www.estrategiaconcursos.com.br\/blog\/concurso-camara-de-tuiuti-sp\/\" target=\"_blank\" rel=\"noreferrer noopener\">C\u00e2mara de Tuiuti<\/a> (SP)<\/h3>\n\n\n\n<ul class=\"wp-block-list\">\n<li><strong>Banca:<\/strong> Aplicativa<\/li>\n\n\n\n<li><strong>Per\u00edodo de inscri\u00e7\u00f5es:<\/strong> 17\/11 a 19\/12<\/li>\n\n\n\n<li><strong>Data da prova<\/strong>: 18\/01\/2026<\/li>\n\n\n\n<li><strong>Vagas:<\/strong> 2 + CR<\/li>\n\n\n\n<li><strong>Sal\u00e1rio inicial:<\/strong> R$ 1.851,07 a R$ 2.395,54<\/li>\n\n\n\n<li><strong>Edital:<\/strong> <a href=\"https:\/\/dhg1h5j42swfq.cloudfront.net\/2025\/11\/13094757\/edital_abertura_concurso_publico_001_2025_2025_11_11_10_17_35.pdf\" target=\"_blank\" rel=\"noreferrer noopener nofollow\">C\u00e2mara de Tuiuti SP-2025<\/a><\/li>\n<\/ul>\n\n\n\n<h3 class=\"wp-block-heading has-text-align-center has-background\" id=\"outras\" style=\"background-color:#e1eaf2\">Outras oportunidades<\/h3>\n\n\n\n<h3 class=\"wp-block-heading\" id=\"h-consorcio-metropolitano-de-servicos-do-parana-comesp\"><a href=\"https:\/\/www.estrategiaconcursos.com.br\/blog\/concurso-comesp\/\" target=\"_blank\" rel=\"noreferrer noopener\">Cons\u00f3rcio Metropolitano de Servi\u00e7os do Paran\u00e1<\/a> (COMESP)<\/h3>\n\n\n\n<ul class=\"wp-block-list\">\n<li><strong>Banca:<\/strong> Fafipa<\/li>\n\n\n\n<li><strong>Per\u00edodo de inscri\u00e7\u00f5es:<\/strong> 17\/11 a 17\/12<\/li>\n\n\n\n<li><strong>Data da prova<\/strong>: 18\/01\/2026<\/li>\n\n\n\n<li><strong>Vagas:<\/strong> 6<\/li>\n\n\n\n<li><strong>Sal\u00e1rio inicial:<\/strong>&nbsp;R$ 3.819,47 a R$ 5.092,59<\/li>\n\n\n\n<li><strong>Edital:<\/strong> <a href=\"https:\/\/anexos.cdn.selecao.net.br\/uploads\/281\/concursos\/4116\/anexos\/ffd72f23-d2f5-4841-89b6-e333acee0015.pdf\" target=\"_blank\" rel=\"noreferrer noopener nofollow\">COMESP 2025<\/a><\/li>\n<\/ul>\n\n\n\n<h3 class=\"wp-block-heading has-text-align-center has-background\" id=\"prefeituras\" style=\"background-color:#e1eaf2\">Prefeituras Municipais<\/h3>\n\n\n\n<h3 class=\"wp-block-heading\" id=\"h-prefeitura-de-nazare-da-mata-pe\"><a href=\"https:\/\/www.estrategiaconcursos.com.br\/blog\/concurso-prefeitura-nazare-da-mata\/\" target=\"_blank\" rel=\"noreferrer noopener\">Prefeitura de Nazar\u00e9 da Mata<\/a> (PE)<\/h3>\n\n\n\n<ul class=\"wp-block-list\">\n<li><strong>Banca:<\/strong> Instituto IACP<\/li>\n\n\n\n<li><strong>Per\u00edodo de inscri\u00e7\u00f5es:<\/strong> at\u00e9 04\/12<\/li>\n\n\n\n<li><strong>Data da prova<\/strong>: 25\/01\/2026<\/li>\n\n\n\n<li><strong>Vagas:<\/strong> 13<\/li>\n\n\n\n<li><strong>Sal\u00e1rio inicial:<\/strong> R$ 3.036,00<\/li>\n\n\n\n<li><strong>Edital:<\/strong> <a href=\"https:\/\/dhg1h5j42swfq.cloudfront.net\/2025\/11\/10165456\/edital-nazare-da-mata.pdf\" target=\"_blank\" rel=\"noreferrer noopener nofollow\">Nazar\u00e9 da Mata 2025<\/a><\/li>\n<\/ul>\n\n\n\n<h3 class=\"wp-block-heading\" id=\"h-prefeitura-de-ivate-pr\"><a href=\"https:\/\/www.estrategiaconcursos.com.br\/blog\/concurso-prefeitura-ivate\/\" target=\"_blank\" rel=\"noreferrer noopener\">Prefeitura de Ivat\u00e9<\/a> (PR)<\/h3>\n\n\n\n<ul class=\"wp-block-list\">\n<li><strong>Banca:<\/strong> Unioeste<\/li>\n\n\n\n<li><strong>Per\u00edodo de inscri\u00e7\u00f5es:<\/strong> at\u00e9 11\/12<\/li>\n\n\n\n<li><strong>Data da prova<\/strong>: 18\/01\/2026<\/li>\n\n\n\n<li><strong>Vagas:<\/strong> 30 + CR<\/li>\n\n\n\n<li><strong>Sal\u00e1rio inicial:<\/strong> R$ 1.987,93 a R$ 18.804,96<\/li>\n\n\n\n<li><strong>Edital:<\/strong> <a href=\"https:\/\/dhg1h5j42swfq.cloudfront.net\/2025\/11\/07180556\/edital_n_0012025_abertura_do_concurso_publico_de_ivate_2025_10_29_19_11_59-1.pdf\" target=\"_blank\" rel=\"noreferrer noopener nofollow\">Ivat\u00e9 2025<\/a><\/li>\n<\/ul>\n\n\n\n<h3 class=\"wp-block-heading\" id=\"h-prefeitura-de-castro-pr\"><a href=\"https:\/\/www.estrategiaconcursos.com.br\/blog\/concurso-prefeitura-castro-pr\/\" target=\"_blank\" rel=\"noreferrer noopener\">Prefeitura de Castro<\/a> (PR)<\/h3>\n\n\n\n<ul class=\"wp-block-list\">\n<li><strong>Banca:<\/strong> Unifil<\/li>\n\n\n\n<li><strong>Per\u00edodo de inscri\u00e7\u00f5es:<\/strong> at\u00e9 09\/12<\/li>\n\n\n\n<li><strong>Data da prova<\/strong>: 18\/01\/2026<\/li>\n\n\n\n<li><strong>Vagas:<\/strong> 94<\/li>\n\n\n\n<li><strong>Sal\u00e1rio inicial:<\/strong> R$ 1.518,05 a R$ 7.440,23<\/li>\n\n\n\n<li><strong>Edital:<\/strong>&nbsp;<a href=\"https:\/\/dhg1h5j42swfq.cloudfront.net\/2025\/11\/10144156\/1762544554446.pdf\" target=\"_blank\" rel=\"noreferrer noopener nofollow\">Prefeitura de Castro 2025<\/a><\/li>\n<\/ul>\n\n\n\n<h3 class=\"wp-block-heading\" id=\"h-prefeitura-de-encantado-rs\"><a href=\"https:\/\/www.estrategiaconcursos.com.br\/blog\/concurso-prefeitura-encantado\/\" target=\"_blank\" rel=\"noreferrer noopener\">Prefeitura de Encantado<\/a> (RS)<\/h3>\n\n\n\n<ul class=\"wp-block-list\">\n<li><strong>Banca:<\/strong> Legalle<\/li>\n\n\n\n<li><strong>Per\u00edodo de inscri\u00e7\u00f5es:<\/strong> at\u00e9 09\/12<\/li>\n\n\n\n<li><strong>Data da prova<\/strong>: 31\/01\/2026<\/li>\n\n\n\n<li><strong>Vagas:<\/strong> 9 + CR<\/li>\n\n\n\n<li><strong>Sal\u00e1rio inicial:<\/strong> R$ 2.201,33 a R$ 5.905,6<\/li>\n\n\n\n<li><strong>Edital:<\/strong> <a href=\"https:\/\/dhg1h5j42swfq.cloudfront.net\/2025\/11\/11140654\/encantado.pdf\" target=\"_blank\" rel=\"noreferrer noopener nofollow\">Encantado 2025<\/a><\/li>\n<\/ul>\n\n\n\n<h3 class=\"wp-block-heading\" id=\"h-prefeitura-de-riacho-das-almas-pe\"><a href=\"https:\/\/www.estrategiaconcursos.com.br\/blog\/concurso-prefeitura-riacho-das-almas\/\" target=\"_blank\" rel=\"noreferrer noopener\">Prefeitura de Riacho das Almas<\/a> (PE)<\/h3>\n\n\n\n<ul class=\"wp-block-list\">\n<li><strong>Banca:<\/strong> Instituto IGEDUC<\/li>\n\n\n\n<li><strong>Per\u00edodo de inscri\u00e7\u00f5es:<\/strong> at\u00e9 11\/12<\/li>\n\n\n\n<li><strong>Data da prova<\/strong>: 18\/01\/2026<\/li>\n\n\n\n<li><strong>Vagas:<\/strong> 104 + CR<\/li>\n\n\n\n<li><strong>Sal\u00e1rio inicial:<\/strong> R$ 1.518,00 a R$ 3.650,82<\/li>\n\n\n\n<li><strong>Edital:<\/strong> <a href=\"https:\/\/dhg1h5j42swfq.cloudfront.net\/2025\/11\/11170518\/edital-riacho.pdf\" target=\"_blank\" rel=\"noreferrer noopener nofollow\">Riacho das Almas 2025<\/a><\/li>\n<\/ul>\n\n\n\n<h3 class=\"wp-block-heading\" id=\"h-prefeitura-de-franco-da-rocha-sp\"><a href=\"https:\/\/www.estrategiaconcursos.com.br\/blog\/concurso-prefeitura-franco-da-rocha\/\" target=\"_blank\" rel=\"noreferrer noopener\">Prefeitura de Franco da Rocha<\/a> (SP)<\/h3>\n\n\n\n<ul class=\"wp-block-list\">\n<li><strong>Banca:<\/strong> Instituto Consulpam<\/li>\n\n\n\n<li><strong>Per\u00edodo de inscri\u00e7\u00f5es:<\/strong> at\u00e9 11\/12<\/li>\n\n\n\n<li><strong>Data da prova<\/strong>: 22\/02\/2026<\/li>\n\n\n\n<li><strong>Vagas:<\/strong> 11 + CR<\/li>\n\n\n\n<li><strong>Sal\u00e1rio inicial:<\/strong> R$ 2.192,13 a R$ 5.820,05<\/li>\n\n\n\n<li><strong>Edital:<\/strong>&nbsp;<a href=\"https:\/\/dhg1h5j42swfq.cloudfront.net\/2024\/03\/13102805\/20251112_165446_edital-004-2025-franco-da-rocha-cargos-gerais-revisado-para-comissao-e-pub-1.pdf\" target=\"_blank\" rel=\"noreferrer noopener nofollow\">Franco da Rocha 2025<\/a><\/li>\n<\/ul>\n\n\n\n<h3 class=\"wp-block-heading\" id=\"h-prefeitura-de-ribeirao-pires-sp\"><a href=\"https:\/\/www.estrategiaconcursos.com.br\/blog\/concurso-prefeitura-ribeirao-pires\/\" target=\"_blank\" rel=\"noreferrer noopener\">Prefeitura de Ribeir\u00e3o Pires<\/a> (SP)<\/h3>\n\n\n\n<ul class=\"wp-block-list\">\n<li><strong>Banca:<\/strong> INDEC<\/li>\n\n\n\n<li><strong>Per\u00edodo de inscri\u00e7\u00f5es:<\/strong> at\u00e9 11\/12<\/li>\n\n\n\n<li><strong>Data da prova<\/strong>: 18\/01\/2026<\/li>\n\n\n\n<li><strong>Vagas:<\/strong> 51 + CR<\/li>\n\n\n\n<li><strong>Sal\u00e1rio inicial: <\/strong>R$ 1.556,33 a R$ 13.951,71<\/li>\n\n\n\n<li><strong>Edital:<\/strong> <a href=\"https:\/\/dhg1h5j42swfq.cloudfront.net\/2025\/11\/13094757\/edital_abertura_concurso_publico_001_2025_2025_11_11_10_17_35.pdf\" target=\"_blank\" rel=\"noreferrer noopener nofollow\">Edital Ribeir\u00e3o Pires 2025<\/a><\/li>\n<\/ul>\n\n\n\n<h3 class=\"wp-block-heading\" id=\"h-prefeitura-de-sao-jose-do-campestre-rn\"><a href=\"https:\/\/www.estrategiaconcursos.com.br\/blog\/concurso-prefeitura-sao-jose-do-campestre\/\" target=\"_blank\" rel=\"noreferrer noopener\">Prefeitura de S\u00e3o Jos\u00e9 do Campestre<\/a> (RN)<\/h3>\n\n\n\n<ul class=\"wp-block-list\">\n<li><strong>Banca:<\/strong> Igeduc<\/li>\n\n\n\n<li><strong>Per\u00edodo de inscri\u00e7\u00f5es:<\/strong> at\u00e9 05\/01\/2026<\/li>\n\n\n\n<li><strong>Data da prova<\/strong>: 18\/01\/2026<\/li>\n\n\n\n<li><strong>Vagas:<\/strong> 68 + 117 CR<\/li>\n\n\n\n<li><strong>Sal\u00e1rio inicial:<\/strong> R$ 1.518,00 a R$ 4.563,53<\/li>\n\n\n\n<li><strong>Edital:<\/strong> <a href=\"https:\/\/dhg1h5j42swfq.cloudfront.net\/2025\/11\/13111833\/edital-completo.pdf\" target=\"_blank\" rel=\"noreferrer noopener nofollow\">S\u00e3o Jos\u00e9 do Campestre 2025<\/a><\/li>\n<\/ul>\n\n\n\n<h3 class=\"wp-block-heading\" id=\"h-prefeitura-de-abaete-mg\"><a href=\"https:\/\/www.estrategiaconcursos.com.br\/blog\/concurso-prefeitura-abaete\/\" target=\"_blank\" rel=\"noreferrer noopener\">Prefeitura de Abaet\u00e9<\/a> (MG)<\/h3>\n\n\n\n<ul class=\"wp-block-list\">\n<li><strong>Banca:<\/strong> Elo<\/li>\n\n\n\n<li><strong>Per\u00edodo de inscri\u00e7\u00f5es:<\/strong> 21\/01 a 20\/02<\/li>\n\n\n\n<li><strong>Data da prova<\/strong>: 22\/03<\/li>\n\n\n\n<li><strong>Vagas:<\/strong> 117 + CR<\/li>\n\n\n\n<li><strong>Sal\u00e1rio inicial:<\/strong> R$ 1.469,47 a R$ 5.276,74<\/li>\n\n\n\n<li><strong>Edital:<\/strong> &nbsp;<a href=\"https:\/\/dhg1h5j42swfq.cloudfront.net\/2025\/11\/14135447\/edital-2.pdf\" target=\"_blank\" rel=\"noreferrer noopener nofollow\">Abaet\u00e9 2025<\/a><\/li>\n<\/ul>\n\n\n\n<h3 class=\"wp-block-heading\" id=\"h-prefeitura-de-papagaios-mg\"><a href=\"https:\/\/www.estrategiaconcursos.com.br\/blog\/concurso-prefeitura-papagaios\/\" target=\"_blank\" rel=\"noreferrer noopener\">Prefeitura de Papagaios<\/a> (MG)<\/h3>\n\n\n\n<ul class=\"wp-block-list\">\n<li><strong>Banca:<\/strong> Recrutamento Brasil<\/li>\n\n\n\n<li><strong>Per\u00edodo de inscri\u00e7\u00f5es:<\/strong> 06\/01 a 20\/02\/2026<\/li>\n\n\n\n<li><strong>Data da prova<\/strong>: 22\/03\/2026<\/li>\n\n\n\n<li><strong>Vagas:<\/strong> 27<\/li>\n\n\n\n<li><strong>Sal\u00e1rio inicial:<\/strong> R$ 1.518,72 a R$ 19.891,39<\/li>\n\n\n\n<li><strong>Edital:<\/strong> <a href=\"https:\/\/dhg1h5j42swfq.cloudfront.net\/2025\/11\/13160809\/papagaios.pdf\" target=\"_blank\" rel=\"noreferrer noopener nofollow\">Papagaios 2025<\/a><\/li>\n<\/ul>\n\n\n\n<h3 class=\"wp-block-heading\" id=\"h-prefeitura-de-conchal-sp\"><a href=\"https:\/\/www.estrategiaconcursos.com.br\/blog\/concurso-prefeitura-conchal\/\" target=\"_blank\" rel=\"noreferrer noopener\">Prefeitura de Conchal<\/a> (SP)<\/h3>\n\n\n\n<ul class=\"wp-block-list\">\n<li><strong>Banca:<\/strong> ABCP<\/li>\n\n\n\n<li><strong>Per\u00edodo de inscri\u00e7\u00f5es:<\/strong> 13\/11 a 12\/06\/2026<\/li>\n\n\n\n<li><strong>Data da prova<\/strong>: 18 e 25\/01 e 01\/02\/2026<\/li>\n\n\n\n<li><strong>Vagas:<\/strong> 66 + CR<\/li>\n\n\n\n<li><strong>Sal\u00e1rio inicial:<\/strong> R$ 1.460,92 a R$ 4.511,39<\/li>\n\n\n\n<li><strong>Edital:<\/strong>&nbsp;<a href=\"https:\/\/dhg1h5j42swfq.cloudfront.net\/2025\/11\/14085050\/1.pdf\" target=\"_blank\" rel=\"noreferrer noopener nofollow\">Edital 01<\/a>&nbsp;|&nbsp;<a href=\"https:\/\/dhg1h5j42swfq.cloudfront.net\/2025\/11\/14085045\/2.pdf\" target=\"_blank\" rel=\"noreferrer noopener nofollow\">Edital 02<\/a>&nbsp;|&nbsp;<a href=\"https:\/\/dhg1h5j42swfq.cloudfront.net\/2025\/11\/14085040\/665d7081-990b-4b06-9ea6-a37ded33b073.pdf\" target=\"_blank\" rel=\"noreferrer noopener nofollow\">Edital 03<\/a>&nbsp;|&nbsp;<a href=\"https:\/\/dhg1h5j42swfq.cloudfront.net\/2025\/11\/14085036\/4-1.pdf\" target=\"_blank\" rel=\"noreferrer noopener nofollow\">Edital 04<\/a><\/li>\n<\/ul>\n\n\n\n<h3 class=\"wp-block-heading\" id=\"h-prefeitura-de-pomerode-sc\"><a href=\"https:\/\/www.estrategiaconcursos.com.br\/blog\/concurso-prefeitura-pomerode\/\" target=\"_blank\" rel=\"noreferrer noopener\">Prefeitura de Pomerode<\/a> (SC)<\/h3>\n\n\n\n<ul class=\"wp-block-list\">\n<li><strong>Banca:<\/strong> Instituto Fucap<\/li>\n\n\n\n<li><strong>Per\u00edodo de inscri\u00e7\u00f5es:<\/strong> 02 a 31\/12<\/li>\n\n\n\n<li><strong>Data da prova<\/strong>: 11\/01\/2026<\/li>\n\n\n\n<li><strong>Vagas:<\/strong> 8 + CR<\/li>\n\n\n\n<li><strong>Sal\u00e1rio inicial:<\/strong> R$ 1.295,22 a R$ 22.383,63<\/li>\n\n\n\n<li><strong>Edital:<\/strong> <a href=\"https:\/\/dhg1h5j42swfq.cloudfront.net\/2025\/11\/14163229\/59475bb7-060a-49ce-b23b-1e610a516f08.pdf\" target=\"_blank\" rel=\"noreferrer noopener nofollow\">Pomerode 2025<\/a><\/li>\n<\/ul>\n\n\n\n<h3 class=\"wp-block-heading\" id=\"h-prefeitura-de-taperoa-ba\"><a href=\"https:\/\/www.estrategiaconcursos.com.br\/blog\/concurso-prefeitura-taperoa-ba\/\" target=\"_blank\" rel=\"noreferrer noopener\">Prefeitura de Tapero\u00e1<\/a> (BA)<\/h3>\n\n\n\n<ul class=\"wp-block-list\">\n<li><strong>Banca:<\/strong> Concep\u00e7\u00e3o<\/li>\n\n\n\n<li><strong>Per\u00edodo de inscri\u00e7\u00f5es:<\/strong> at\u00e9 a 05\/12<\/li>\n\n\n\n<li><strong>Data da prova<\/strong>:  21\/12<\/li>\n\n\n\n<li><strong>Vagas:<\/strong> 370 <\/li>\n\n\n\n<li><strong>Sal\u00e1rio inicial:<\/strong> R$ 1.295,22 a R$ 22.383,63<\/li>\n\n\n\n<li><strong>Edital:<\/strong> <a href=\"https:\/\/dhg1h5j42swfq.cloudfront.net\/2025\/11\/14163102\/edital-01-2025-concurso-publico-d-o.pdf\" target=\"_blank\" rel=\"noreferrer noopener nofollow\">Tapero\u00e1 2025<\/a><\/li>\n<\/ul>\n\n\n\n<h3 class=\"wp-block-heading\" id=\"h-prefeitura-de-piloeszinhos-pb\"><a href=\"https:\/\/www.estrategiaconcursos.com.br\/blog\/concurso-prefeitura-piloezinhos\/\" target=\"_blank\" rel=\"noreferrer noopener\">Prefeitura de Pil\u00f5eszinhos<\/a> (PB)<\/h3>\n\n\n\n<ul class=\"wp-block-list\">\n<li><strong>Banca:<\/strong> CPCON<\/li>\n\n\n\n<li><strong>Per\u00edodo de inscri\u00e7\u00f5es:<\/strong> 19\/11 a 21\/12<\/li>\n\n\n\n<li><strong>Data da prova<\/strong>: 08\/02\/2026<\/li>\n\n\n\n<li><strong>Vagas:<\/strong> 52<\/li>\n\n\n\n<li><strong>Sal\u00e1rio inicial:<\/strong> R$ 1.518,00 a R$ 4.370,97<\/li>\n\n\n\n<li><strong>Edital:<\/strong> <a href=\"https:\/\/dhg1h5j42swfq.cloudfront.net\/2025\/11\/14160936\/edital_piloezinhos.pdf\" target=\"_blank\" rel=\"noreferrer noopener nofollow\">Pil\u00f5ezinhos 2025<\/a><\/li>\n<\/ul>\n\n\n\n<h3 class=\"wp-block-heading\" id=\"h-prefeitura-de-salto-veloso-sc\"><a href=\"https:\/\/www.estrategiaconcursos.com.br\/blog\/concurso-prefeitura-salto-veloso\/\" target=\"_blank\" rel=\"noreferrer noopener\">Prefeitura de Salto Veloso<\/a> (SC)<\/h3>\n\n\n\n<ul class=\"wp-block-list\">\n<li><strong>Banca:<\/strong> WE DO<\/li>\n\n\n\n<li><strong>Per\u00edodo de inscri\u00e7\u00f5es:<\/strong> at\u00e9 11\/12<\/li>\n\n\n\n<li><strong>Data da prova<\/strong>: 21\/12<\/li>\n\n\n\n<li><strong>Vagas:<\/strong> 13 + CR<\/li>\n\n\n\n<li><strong>Sal\u00e1rio inicial:<\/strong> &nbsp;R$ 1.915,76 a R$ 5.935,61<\/li>\n\n\n\n<li><strong>Edital:<\/strong> <a href=\"https:\/\/dhg1h5j42swfq.cloudfront.net\/2025\/11\/12164941\/edital-salto-veloso.pdf\" target=\"_blank\" rel=\"noreferrer noopener nofollow\">Salto Veloso 02\/2025<\/a><\/li>\n<\/ul>\n\n\n\n<h3 class=\"wp-block-heading has-text-align-center\" id=\"h-quer-ficar-por-dentro-de-mais-informacoes-sobre-o-mundo-dos-concursos-alem-dos-editais-da-semana-entao-confira-as-principais-noticias-do-dia\"><em>Quer ficar por dentro de mais informa\u00e7\u00f5es sobre o mundo dos concursos, al\u00e9m dos editais da semana? Ent\u00e3o confira as principais not\u00edcias do dia!<\/em><\/h3>\n\n\n\n<p class=\"has-text-align-center has-background\" style=\"background-color:#ededed;font-size:clamp(14.642px, 0.915rem + ((1vw - 3.2px) * 0.721), 22px);px\"><strong><a href=\"https:\/\/www.estrategiaconcursos.com.br\/blog\/principais-noticias-do-dia\/\" target=\"_blank\" rel=\"noreferrer noopener\">Principais not\u00edcias do dia<\/a><\/strong><\/p>\n\n\n\n<div class=\"container\" id=\"boxes\">\r\n  <div class=\"row\">\r\n\r\n    <div class=\"col-sm\">\r\n      <div class=\"estrategia\" id=\"box-assinatura\">\r\n        <h3 class=\"titulo-assinatura\">Assinatura Concursos<\/h3>\r\n        <p class=\"subtitulo-assinatura\">Assinatura de 1 ano ou 2 anos<\/p>\r\n        <div class=\"box-botao\">\r\n          <a class=\"btn-assinatura\" target=\"_blank\" href=\"https:\/\/www.estrategiaconcursos.com.br\/assinaturas\/\" role=\"button\" rel=\"noopener noreferrer\">ASSINE AGORA<\/a>\r\n        <\/div>\r\n      <\/div><\/div><\/div><\/div>\n\n\n\n<h2 class=\"wp-block-heading has-text-align-center\" id=\"h-quer-saber-tudo-sobre-concursos-previstos-e-editais-da-semana-confira-os-nossos-artigos\">Quer saber tudo sobre concursos previstos e editais da semana?<br \/>Confira os nossos artigos!<\/h2>\n\n\n\n<ul class=\"wp-block-list\">\n<li><a href=\"https:\/\/www.estrategiaconcursos.com.br\/blog\/concursos-abertos\/\" target=\"_blank\" rel=\"noreferrer noopener\">Concursos Abertos<\/a><\/li>\n\n\n\n<li><a href=\"https:\/\/www.estrategiaconcursos.com.br\/blog\/concursos-prefeitura\/\" target=\"_blank\" rel=\"noreferrer noopener\">Concursos Abertos Prefeitura<\/a><\/li>\n\n\n\n<li><a href=\"https:\/\/www.estrategiaconcursos.com.br\/blog\/concursos-2025\/\" target=\"_blank\" rel=\"noreferrer noopener\">Concursos 2025<\/a><\/li>\n\n\n\n<li><a href=\"https:\/\/www.estrategiaconcursos.com.br\/blog\/concursos-2026\/\" target=\"_blank\" rel=\"noreferrer noopener\">Concursos 2026<\/a><\/li>\n<\/ul>\n","protected":false},"excerpt":{"rendered":"<p>Neste s\u00e1bado (15), entramos oficialmente nos 47 dias faltantes para o t\u00e9rmino de 2025. Neste marco importante, mais uma semana se encerrou e, com ela, diversos editais foram publicados. Ao todo, os concurseiros viram a chegada de 37 novos editais de concursos p\u00fablicos que, juntos, ofertam na pra\u00e7a 3.410 oportunidades imediatas e de cadastro reserva. [&hellip;]<\/p>\n","protected":false},"author":2692,"featured_media":1445265,"comment_status":"open","ping_status":"closed","sticky":false,"template":"","format":"standard","meta":{"post_tipo":"news","footnotes":""},"categories":[1,220219],"tags":[],"tax_estado":[219963],"class_list":["post-1668206","post","type-post","status-publish","format-standard","has-post-thumbnail","hentry","category-cursos-e-concursos","category-noticias","tax_estado-concursos-federais"],"acf":[],"yoast_head":"<!-- This site is optimized with the Yoast SEO Premium plugin v27.2 (Yoast SEO v27.2) - https:\/\/yoast.com\/product\/yoast-seo-premium-wordpress\/ -->\n<title>Concursos P\u00fablicos: 37 editais esta semana; 3,4 mil vagas!<\/title>\n<meta name=\"description\" content=\"Concurso P\u00fablico 2025: 37 editais sa\u00edram ao longo desta semana (10 a 14\/11). Confira o n\u00famero de oportunidades, remunera\u00e7\u00e3o e datas.\" \/>\n<meta name=\"robots\" content=\"index, follow, max-snippet:-1, max-image-preview:large, max-video-preview:-1\" \/>\n<link rel=\"canonical\" href=\"https:\/\/www.estrategiaconcursos.com.br\/blog\/concurso-editais-semana-10-a-14-11\/\" \/>\n<meta property=\"og:locale\" content=\"pt_BR\" \/>\n<meta property=\"og:type\" content=\"article\" \/>\n<meta property=\"og:title\" content=\"Concursos P\u00fablicos: 37 editais esta semana; 3,4 mil vagas!\" \/>\n<meta property=\"og:description\" content=\"Concurso P\u00fablico 2025: 37 editais sa\u00edram ao longo desta semana (10 a 14\/11). Confira o n\u00famero de oportunidades, remunera\u00e7\u00e3o e datas.\" \/>\n<meta property=\"og:url\" content=\"https:\/\/www.estrategiaconcursos.com.br\/blog\/concurso-editais-semana-10-a-14-11\/\" \/>\n<meta property=\"og:site_name\" content=\"Estrat\u00e9gia Concursos\" \/>\n<meta property=\"article:published_time\" content=\"2025-11-14T21:00:00+00:00\" \/>\n<meta property=\"article:modified_time\" content=\"2025-12-12T21:20:18+00:00\" \/>\n<meta property=\"og:image\" content=\"https:\/\/dhg1h5j42swfq.cloudfront.net\/2024\/08\/14120803\/concursos-2025-1.png\" \/>\n\t<meta property=\"og:image:width\" content=\"692\" \/>\n\t<meta property=\"og:image:height\" content=\"393\" \/>\n\t<meta property=\"og:image:type\" content=\"image\/png\" \/>\n<meta name=\"author\" content=\"Ronaldo Scanavini Neto\" \/>\n<meta name=\"twitter:card\" content=\"summary_large_image\" \/>\n<meta name=\"twitter:creator\" content=\"@EstratConcursos\" \/>\n<meta name=\"twitter:site\" content=\"@EstratConcursos\" \/>\n<meta name=\"twitter:label1\" content=\"Escrito por\" \/>\n\t<meta name=\"twitter:data1\" content=\"Ronaldo Scanavini Neto\" \/>\n\t<meta name=\"twitter:label2\" content=\"Est. tempo de leitura\" \/>\n\t<meta name=\"twitter:data2\" content=\"6 minutos\" \/>\n<script type=\"application\/ld+json\" class=\"yoast-schema-graph\">{\"@context\":\"https:\/\/schema.org\",\"@graph\":[{\"@type\":\"NewsArticle\",\"@id\":\"https:\/\/www.estrategiaconcursos.com.br\/blog\/concurso-editais-semana-10-a-14-11\/#article\",\"isPartOf\":{\"@id\":\"https:\/\/www.estrategiaconcursos.com.br\/blog\/concurso-editais-semana-10-a-14-11\/\"},\"author\":{\"name\":\"Ronaldo Scanavini Neto\",\"@id\":\"https:\/\/www.estrategiaconcursos.com.br\/blog\/#\/schema\/person\/70c2ad4297aa24ff8815b08215b23a76\"},\"headline\":\"Concursos P\u00fablicos: 37 editais esta semana; 3,4 mil vagas!\",\"datePublished\":\"2025-11-14T21:00:00+00:00\",\"dateModified\":\"2025-12-12T21:20:18+00:00\",\"mainEntityOfPage\":{\"@id\":\"https:\/\/www.estrategiaconcursos.com.br\/blog\/concurso-editais-semana-10-a-14-11\/\"},\"wordCount\":1243,\"commentCount\":0,\"publisher\":{\"@id\":\"https:\/\/www.estrategiaconcursos.com.br\/blog\/#organization\"},\"image\":{\"@id\":\"https:\/\/www.estrategiaconcursos.com.br\/blog\/concurso-editais-semana-10-a-14-11\/#primaryimage\"},\"thumbnailUrl\":\"https:\/\/dhg1h5j42swfq.cloudfront.net\/2024\/08\/14120803\/concursos-2025-1.png\",\"articleSection\":[\"Concursos P\u00fablicos\",\"\u00daltimas not\u00edcias\"],\"inLanguage\":\"pt-BR\",\"potentialAction\":[{\"@type\":\"CommentAction\",\"name\":\"Comment\",\"target\":[\"https:\/\/www.estrategiaconcursos.com.br\/blog\/concurso-editais-semana-10-a-14-11\/#respond\"]}],\"copyrightYear\":\"2025\",\"copyrightHolder\":{\"@id\":\"https:\/\/www.estrategiaconcursos.com.br\/blog\/#organization\"}},{\"@type\":\"WebPage\",\"@id\":\"https:\/\/www.estrategiaconcursos.com.br\/blog\/concurso-editais-semana-10-a-14-11\/\",\"url\":\"https:\/\/www.estrategiaconcursos.com.br\/blog\/concurso-editais-semana-10-a-14-11\/\",\"name\":\"Concursos P\u00fablicos: 37 editais esta semana; 3,4 mil vagas!\",\"isPartOf\":{\"@id\":\"https:\/\/www.estrategiaconcursos.com.br\/blog\/#website\"},\"primaryImageOfPage\":{\"@id\":\"https:\/\/www.estrategiaconcursos.com.br\/blog\/concurso-editais-semana-10-a-14-11\/#primaryimage\"},\"image\":{\"@id\":\"https:\/\/www.estrategiaconcursos.com.br\/blog\/concurso-editais-semana-10-a-14-11\/#primaryimage\"},\"thumbnailUrl\":\"https:\/\/dhg1h5j42swfq.cloudfront.net\/2024\/08\/14120803\/concursos-2025-1.png\",\"datePublished\":\"2025-11-14T21:00:00+00:00\",\"dateModified\":\"2025-12-12T21:20:18+00:00\",\"description\":\"Concurso P\u00fablico 2025: 37 editais sa\u00edram ao longo desta semana (10 a 14\/11). Confira o n\u00famero de oportunidades, remunera\u00e7\u00e3o e datas.\",\"breadcrumb\":{\"@id\":\"https:\/\/www.estrategiaconcursos.com.br\/blog\/concurso-editais-semana-10-a-14-11\/#breadcrumb\"},\"inLanguage\":\"pt-BR\",\"potentialAction\":[{\"@type\":\"ReadAction\",\"target\":[\"https:\/\/www.estrategiaconcursos.com.br\/blog\/concurso-editais-semana-10-a-14-11\/\"]}]},{\"@type\":\"ImageObject\",\"inLanguage\":\"pt-BR\",\"@id\":\"https:\/\/www.estrategiaconcursos.com.br\/blog\/concurso-editais-semana-10-a-14-11\/#primaryimage\",\"url\":\"https:\/\/dhg1h5j42swfq.cloudfront.net\/2024\/08\/14120803\/concursos-2025-1.png\",\"contentUrl\":\"https:\/\/dhg1h5j42swfq.cloudfront.net\/2024\/08\/14120803\/concursos-2025-1.png\",\"width\":692,\"height\":393,\"caption\":\"concursos 2025\"},{\"@type\":\"BreadcrumbList\",\"@id\":\"https:\/\/www.estrategiaconcursos.com.br\/blog\/concurso-editais-semana-10-a-14-11\/#breadcrumb\",\"itemListElement\":[{\"@type\":\"ListItem\",\"position\":1,\"name\":\"In\u00edcio\",\"item\":\"https:\/\/www.estrategiaconcursos.com.br\/blog\/\"},{\"@type\":\"ListItem\",\"position\":2,\"name\":\"Concursos P\u00fablicos: 37 editais esta semana; 3,4 mil vagas!\"}]},{\"@type\":\"WebSite\",\"@id\":\"https:\/\/www.estrategiaconcursos.com.br\/blog\/#website\",\"url\":\"https:\/\/www.estrategiaconcursos.com.br\/blog\/\",\"name\":\"Estrat\u00e9gia Concursos\",\"description\":\"O blog da Estrat\u00e9gia Concursos traz not\u00edcias sobre concursos e artigos de professores oferecendo cursos para concursos (pdf + videaulas) no site.\",\"publisher\":{\"@id\":\"https:\/\/www.estrategiaconcursos.com.br\/blog\/#organization\"},\"potentialAction\":[{\"@type\":\"SearchAction\",\"target\":{\"@type\":\"EntryPoint\",\"urlTemplate\":\"https:\/\/www.estrategiaconcursos.com.br\/blog\/?s={search_term_string}\"},\"query-input\":{\"@type\":\"PropertyValueSpecification\",\"valueRequired\":true,\"valueName\":\"search_term_string\"}}],\"inLanguage\":\"pt-BR\"},{\"@type\":\"Organization\",\"@id\":\"https:\/\/www.estrategiaconcursos.com.br\/blog\/#organization\",\"name\":\"Estrat\u00e9gia Concursos\",\"url\":\"https:\/\/www.estrategiaconcursos.com.br\/blog\/\",\"logo\":{\"@type\":\"ImageObject\",\"inLanguage\":\"pt-BR\",\"@id\":\"https:\/\/www.estrategiaconcursos.com.br\/blog\/#\/schema\/logo\/image\/\",\"url\":\"https:\/\/dhg1h5j42swfq.cloudfront.net\/2025\/06\/03203428\/logo_concursos-1.jpg\",\"contentUrl\":\"https:\/\/dhg1h5j42swfq.cloudfront.net\/2025\/06\/03203428\/logo_concursos-1.jpg\",\"width\":230,\"height\":60,\"caption\":\"Estrat\u00e9gia Concursos\"},\"image\":{\"@id\":\"https:\/\/www.estrategiaconcursos.com.br\/blog\/#\/schema\/logo\/image\/\"},\"sameAs\":[\"https:\/\/x.com\/EstratConcursos\"]},{\"@type\":\"Person\",\"@id\":\"https:\/\/www.estrategiaconcursos.com.br\/blog\/#\/schema\/person\/70c2ad4297aa24ff8815b08215b23a76\",\"name\":\"Ronaldo Scanavini Neto\",\"image\":{\"@type\":\"ImageObject\",\"inLanguage\":\"pt-BR\",\"@id\":\"https:\/\/secure.gravatar.com\/avatar\/f93d8e56fe264596e94aee6b3feb737d98ad0fc5bac7eb0a245f04723c5c8f21?s=96&d=mm&r=g\",\"url\":\"https:\/\/secure.gravatar.com\/avatar\/f93d8e56fe264596e94aee6b3feb737d98ad0fc5bac7eb0a245f04723c5c8f21?s=96&d=mm&r=g\",\"contentUrl\":\"https:\/\/secure.gravatar.com\/avatar\/f93d8e56fe264596e94aee6b3feb737d98ad0fc5bac7eb0a245f04723c5c8f21?s=96&d=mm&r=g\",\"caption\":\"Ronaldo Scanavini Neto\"},\"description\":\"Graduando em Comunica\u00e7\u00e3o Social \u2013 Jornalismo pela Universidade Federal de Vi\u00e7osa (UFV). Integra a equipe de jornalismo do Estrat\u00e9gia Concursos desde 2023, atuando com \u00eanfase na cobertura da \u00e1rea fiscal. Tamb\u00e9m realiza a apura\u00e7\u00e3o e produ\u00e7\u00e3o de not\u00edcias sobre concursos federais, \u00f3rg\u00e3os participantes do CNU e das \u00e1reas de controle, gest\u00e3o, engenharia, Exame CFC, comunica\u00e7\u00e3o social TI e \u00e1rea de concursos administrativos.\",\"url\":\"https:\/\/www.estrategiaconcursos.com.br\/blog\/author\/ronaldo-netoestrategia-com\/\"}]}<\/script>\n<!-- \/ Yoast SEO Premium plugin. -->","yoast_head_json":{"title":"Concursos P\u00fablicos: 37 editais esta semana; 3,4 mil vagas!","description":"Concurso P\u00fablico 2025: 37 editais sa\u00edram ao longo desta semana (10 a 14\/11). Confira o n\u00famero de oportunidades, remunera\u00e7\u00e3o e datas.","robots":{"index":"index","follow":"follow","max-snippet":"max-snippet:-1","max-image-preview":"max-image-preview:large","max-video-preview":"max-video-preview:-1"},"canonical":"https:\/\/www.estrategiaconcursos.com.br\/blog\/concurso-editais-semana-10-a-14-11\/","og_locale":"pt_BR","og_type":"article","og_title":"Concursos P\u00fablicos: 37 editais esta semana; 3,4 mil vagas!","og_description":"Concurso P\u00fablico 2025: 37 editais sa\u00edram ao longo desta semana (10 a 14\/11). Confira o n\u00famero de oportunidades, remunera\u00e7\u00e3o e datas.","og_url":"https:\/\/www.estrategiaconcursos.com.br\/blog\/concurso-editais-semana-10-a-14-11\/","og_site_name":"Estrat\u00e9gia Concursos","article_published_time":"2025-11-14T21:00:00+00:00","article_modified_time":"2025-12-12T21:20:18+00:00","og_image":[{"width":692,"height":393,"url":"https:\/\/dhg1h5j42swfq.cloudfront.net\/2024\/08\/14120803\/concursos-2025-1.png","type":"image\/png"}],"author":"Ronaldo Scanavini Neto","twitter_card":"summary_large_image","twitter_creator":"@EstratConcursos","twitter_site":"@EstratConcursos","twitter_misc":{"Escrito por":"Ronaldo Scanavini Neto","Est. tempo de leitura":"6 minutos"},"schema":{"@context":"https:\/\/schema.org","@graph":[{"@type":"NewsArticle","@id":"https:\/\/www.estrategiaconcursos.com.br\/blog\/concurso-editais-semana-10-a-14-11\/#article","isPartOf":{"@id":"https:\/\/www.estrategiaconcursos.com.br\/blog\/concurso-editais-semana-10-a-14-11\/"},"author":{"name":"Ronaldo Scanavini Neto","@id":"https:\/\/www.estrategiaconcursos.com.br\/blog\/#\/schema\/person\/70c2ad4297aa24ff8815b08215b23a76"},"headline":"Concursos P\u00fablicos: 37 editais esta semana; 3,4 mil vagas!","datePublished":"2025-11-14T21:00:00+00:00","dateModified":"2025-12-12T21:20:18+00:00","mainEntityOfPage":{"@id":"https:\/\/www.estrategiaconcursos.com.br\/blog\/concurso-editais-semana-10-a-14-11\/"},"wordCount":1243,"commentCount":0,"publisher":{"@id":"https:\/\/www.estrategiaconcursos.com.br\/blog\/#organization"},"image":{"@id":"https:\/\/www.estrategiaconcursos.com.br\/blog\/concurso-editais-semana-10-a-14-11\/#primaryimage"},"thumbnailUrl":"https:\/\/dhg1h5j42swfq.cloudfront.net\/2024\/08\/14120803\/concursos-2025-1.png","articleSection":["Concursos P\u00fablicos","\u00daltimas not\u00edcias"],"inLanguage":"pt-BR","potentialAction":[{"@type":"CommentAction","name":"Comment","target":["https:\/\/www.estrategiaconcursos.com.br\/blog\/concurso-editais-semana-10-a-14-11\/#respond"]}],"copyrightYear":"2025","copyrightHolder":{"@id":"https:\/\/www.estrategiaconcursos.com.br\/blog\/#organization"}},{"@type":"WebPage","@id":"https:\/\/www.estrategiaconcursos.com.br\/blog\/concurso-editais-semana-10-a-14-11\/","url":"https:\/\/www.estrategiaconcursos.com.br\/blog\/concurso-editais-semana-10-a-14-11\/","name":"Concursos P\u00fablicos: 37 editais esta semana; 3,4 mil vagas!","isPartOf":{"@id":"https:\/\/www.estrategiaconcursos.com.br\/blog\/#website"},"primaryImageOfPage":{"@id":"https:\/\/www.estrategiaconcursos.com.br\/blog\/concurso-editais-semana-10-a-14-11\/#primaryimage"},"image":{"@id":"https:\/\/www.estrategiaconcursos.com.br\/blog\/concurso-editais-semana-10-a-14-11\/#primaryimage"},"thumbnailUrl":"https:\/\/dhg1h5j42swfq.cloudfront.net\/2024\/08\/14120803\/concursos-2025-1.png","datePublished":"2025-11-14T21:00:00+00:00","dateModified":"2025-12-12T21:20:18+00:00","description":"Concurso P\u00fablico 2025: 37 editais sa\u00edram ao longo desta semana (10 a 14\/11). Confira o n\u00famero de oportunidades, remunera\u00e7\u00e3o e datas.","breadcrumb":{"@id":"https:\/\/www.estrategiaconcursos.com.br\/blog\/concurso-editais-semana-10-a-14-11\/#breadcrumb"},"inLanguage":"pt-BR","potentialAction":[{"@type":"ReadAction","target":["https:\/\/www.estrategiaconcursos.com.br\/blog\/concurso-editais-semana-10-a-14-11\/"]}]},{"@type":"ImageObject","inLanguage":"pt-BR","@id":"https:\/\/www.estrategiaconcursos.com.br\/blog\/concurso-editais-semana-10-a-14-11\/#primaryimage","url":"https:\/\/dhg1h5j42swfq.cloudfront.net\/2024\/08\/14120803\/concursos-2025-1.png","contentUrl":"https:\/\/dhg1h5j42swfq.cloudfront.net\/2024\/08\/14120803\/concursos-2025-1.png","width":692,"height":393,"caption":"concursos 2025"},{"@type":"BreadcrumbList","@id":"https:\/\/www.estrategiaconcursos.com.br\/blog\/concurso-editais-semana-10-a-14-11\/#breadcrumb","itemListElement":[{"@type":"ListItem","position":1,"name":"In\u00edcio","item":"https:\/\/www.estrategiaconcursos.com.br\/blog\/"},{"@type":"ListItem","position":2,"name":"Concursos P\u00fablicos: 37 editais esta semana; 3,4 mil vagas!"}]},{"@type":"WebSite","@id":"https:\/\/www.estrategiaconcursos.com.br\/blog\/#website","url":"https:\/\/www.estrategiaconcursos.com.br\/blog\/","name":"Estrat\u00e9gia Concursos","description":"O blog da Estrat\u00e9gia Concursos traz not\u00edcias sobre concursos e artigos de professores oferecendo cursos para concursos (pdf + videaulas) no site.","publisher":{"@id":"https:\/\/www.estrategiaconcursos.com.br\/blog\/#organization"},"potentialAction":[{"@type":"SearchAction","target":{"@type":"EntryPoint","urlTemplate":"https:\/\/www.estrategiaconcursos.com.br\/blog\/?s={search_term_string}"},"query-input":{"@type":"PropertyValueSpecification","valueRequired":true,"valueName":"search_term_string"}}],"inLanguage":"pt-BR"},{"@type":"Organization","@id":"https:\/\/www.estrategiaconcursos.com.br\/blog\/#organization","name":"Estrat\u00e9gia Concursos","url":"https:\/\/www.estrategiaconcursos.com.br\/blog\/","logo":{"@type":"ImageObject","inLanguage":"pt-BR","@id":"https:\/\/www.estrategiaconcursos.com.br\/blog\/#\/schema\/logo\/image\/","url":"https:\/\/dhg1h5j42swfq.cloudfront.net\/2025\/06\/03203428\/logo_concursos-1.jpg","contentUrl":"https:\/\/dhg1h5j42swfq.cloudfront.net\/2025\/06\/03203428\/logo_concursos-1.jpg","width":230,"height":60,"caption":"Estrat\u00e9gia Concursos"},"image":{"@id":"https:\/\/www.estrategiaconcursos.com.br\/blog\/#\/schema\/logo\/image\/"},"sameAs":["https:\/\/x.com\/EstratConcursos"]},{"@type":"Person","@id":"https:\/\/www.estrategiaconcursos.com.br\/blog\/#\/schema\/person\/70c2ad4297aa24ff8815b08215b23a76","name":"Ronaldo Scanavini Neto","image":{"@type":"ImageObject","inLanguage":"pt-BR","@id":"https:\/\/secure.gravatar.com\/avatar\/f93d8e56fe264596e94aee6b3feb737d98ad0fc5bac7eb0a245f04723c5c8f21?s=96&d=mm&r=g","url":"https:\/\/secure.gravatar.com\/avatar\/f93d8e56fe264596e94aee6b3feb737d98ad0fc5bac7eb0a245f04723c5c8f21?s=96&d=mm&r=g","contentUrl":"https:\/\/secure.gravatar.com\/avatar\/f93d8e56fe264596e94aee6b3feb737d98ad0fc5bac7eb0a245f04723c5c8f21?s=96&d=mm&r=g","caption":"Ronaldo Scanavini Neto"},"description":"Graduando em Comunica\u00e7\u00e3o Social \u2013 Jornalismo pela Universidade Federal de Vi\u00e7osa (UFV). Integra a equipe de jornalismo do Estrat\u00e9gia Concursos desde 2023, atuando com \u00eanfase na cobertura da \u00e1rea fiscal. Tamb\u00e9m realiza a apura\u00e7\u00e3o e produ\u00e7\u00e3o de not\u00edcias sobre concursos federais, \u00f3rg\u00e3os participantes do CNU e das \u00e1reas de controle, gest\u00e3o, engenharia, Exame CFC, comunica\u00e7\u00e3o social TI e \u00e1rea de concursos administrativos.","url":"https:\/\/www.estrategiaconcursos.com.br\/blog\/author\/ronaldo-netoestrategia-com\/"}]}},"_links":{"self":[{"href":"https:\/\/www.estrategiaconcursos.com.br\/blog\/wp-json\/wp\/v2\/posts\/1668206","targetHints":{"allow":["GET"]}}],"collection":[{"href":"https:\/\/www.estrategiaconcursos.com.br\/blog\/wp-json\/wp\/v2\/posts"}],"about":[{"href":"https:\/\/www.estrategiaconcursos.com.br\/blog\/wp-json\/wp\/v2\/types\/post"}],"author":[{"embeddable":true,"href":"https:\/\/www.estrategiaconcursos.com.br\/blog\/wp-json\/wp\/v2\/users\/2692"}],"replies":[{"embeddable":true,"href":"https:\/\/www.estrategiaconcursos.com.br\/blog\/wp-json\/wp\/v2\/comments?post=1668206"}],"version-history":[{"count":9,"href":"https:\/\/www.estrategiaconcursos.com.br\/blog\/wp-json\/wp\/v2\/posts\/1668206\/revisions"}],"predecessor-version":[{"id":1671025,"href":"https:\/\/www.estrategiaconcursos.com.br\/blog\/wp-json\/wp\/v2\/posts\/1668206\/revisions\/1671025"}],"wp:featuredmedia":[{"embeddable":true,"href":"https:\/\/www.estrategiaconcursos.com.br\/blog\/wp-json\/wp\/v2\/media\/1445265"}],"wp:attachment":[{"href":"https:\/\/www.estrategiaconcursos.com.br\/blog\/wp-json\/wp\/v2\/media?parent=1668206"}],"wp:term":[{"taxonomy":"category","embeddable":true,"href":"https:\/\/www.estrategiaconcursos.com.br\/blog\/wp-json\/wp\/v2\/categories?post=1668206"},{"taxonomy":"post_tag","embeddable":true,"href":"https:\/\/www.estrategiaconcursos.com.br\/blog\/wp-json\/wp\/v2\/tags?post=1668206"},{"taxonomy":"tax_estado","embeddable":true,"href":"https:\/\/www.estrategiaconcursos.com.br\/blog\/wp-json\/wp\/v2\/tax_estado?post=1668206"}],"curies":[{"name":"wp","href":"https:\/\/api.w.org\/{rel}","templated":true}]}}