{"id":1667768,"date":"2025-12-30T14:49:00","date_gmt":"2025-12-30T17:49:00","guid":{"rendered":"https:\/\/www.estrategiaconcursos.com.br\/blog\/?p=1667768"},"modified":"2025-11-24T17:15:56","modified_gmt":"2025-11-24T20:15:56","slug":"trazer-consigo-trafico-drogas","status":"publish","type":"post","link":"https:\/\/www.estrategiaconcursos.com.br\/blog\/trazer-consigo-trafico-drogas\/","title":{"rendered":"N\u00facleo &#8220;trazer consigo&#8221; no crime de tr\u00e1fico de drogas"},"content":{"rendered":"\n<p>Ol\u00e1, tudo bem? Hoje falaremos sobre um dos n\u00facleos caracterizadores do crime de tr\u00e1fico de drogas, mais especificamente sobre o verbo \u201ctrazer consigo\u201d, previsto no art. 33, <em>caput<\/em>, da Lei de Drogas (Lei n.\u00ba 11.343\/2006).<\/p>\n\n\n\n<p>De in\u00edcio, faremos uma breve abordagem sobre o crime de tr\u00e1fico de drogas. Na sequ\u00eancia, abordaremos o que o Superior Tribunal de Justi\u00e7a (STJ) decidiu no julgamento do AgRg no AREsp 2.791.130-SP.<\/p>\n\n\n\n<p>Vamos ao que interessa!<\/p>\n\n\n\n<figure class=\"wp-block-image aligncenter size-large is-resized\"><img loading=\"lazy\" decoding=\"async\" width=\"1024\" height=\"683\" src=\"https:\/\/dhg1h5j42swfq.cloudfront.net\/2025\/11\/09110342\/mao-com-pilulas-ambiente-escuro-1024x683.jpg\" alt=\"N\u00facleo &quot;trazer consigo&quot; no crime de tr\u00e1fico de drogas\" class=\"wp-image-1667769\" style=\"width:722px;height:auto\" srcset=\"https:\/\/dhg1h5j42swfq.cloudfront.net\/2025\/11\/09110342\/mao-com-pilulas-ambiente-escuro-1024x683.jpg 1024w, https:\/\/dhg1h5j42swfq.cloudfront.net\/2025\/11\/09110342\/mao-com-pilulas-ambiente-escuro-300x200.jpg 300w, https:\/\/dhg1h5j42swfq.cloudfront.net\/2025\/11\/09110342\/mao-com-pilulas-ambiente-escuro-768x512.jpg 768w, https:\/\/dhg1h5j42swfq.cloudfront.net\/2025\/11\/09110342\/mao-com-pilulas-ambiente-escuro-1536x1024.jpg 1536w, https:\/\/dhg1h5j42swfq.cloudfront.net\/2025\/11\/09110342\/mao-com-pilulas-ambiente-escuro-2048x1365.jpg 2048w, https:\/\/dhg1h5j42swfq.cloudfront.net\/2025\/11\/09110342\/mao-com-pilulas-ambiente-escuro-150x100.jpg 150w\" sizes=\"auto, (max-width: 1024px) 100vw, 1024px\" \/><figcaption class=\"wp-element-caption\">N\u00facleo &#8220;trazer consigo&#8221; no crime de tr\u00e1fico de drogas<\/figcaption><\/figure>\n\n\n\n<div class=\"wp-block-yoast-seo-table-of-contents yoast-table-of-contents\"><h2><mark style=\"background-color:rgba(0, 0, 0, 0)\" class=\"has-inline-color has-vivid-cyan-blue-color\">Tabela de conte\u00fados<\/mark><\/h2><ul><li><a href=\"#h-nucleo-trazer-consigo-no-crime-de-trafico-de-drogas\" data-level=\"2\">N\u00facleo &#8220;trazer consigo&#8221; no crime de tr\u00e1fico de drogas<\/a><ul><li><a href=\"#h-crime-de-trafico-de-drogas-nbsp\" data-level=\"3\">Crime de tr\u00e1fico de drogas\u00a0<\/a><\/li><li><a href=\"#h-o-que-o-stj-considera-como-trazer-consigo\" data-level=\"3\">O que o STJ considera como \u201ctrazer consigo\u201d?<\/a><ul><li><a href=\"#h-caso-concreto-do-agrg-no-aresp-2-791-130-sp\" data-level=\"4\">Caso concreto do AgRg no AREsp 2.791.130-SP<\/a><\/li><li><a href=\"#h-qual-foi-a-decisao-do-stj\" data-level=\"4\">Qual foi a decis\u00e3o do STJ?<\/a><\/li><li><a href=\"#h-harmonizacao-com-a-decisao-do-stf-no-tema-506\" data-level=\"4\">Harmoniza\u00e7\u00e3o com a decis\u00e3o do STF no Tema 506<\/a><\/li><\/ul><\/li><\/ul><\/li><li><a href=\"#h-consideracoes-finais\" data-level=\"2\">Considera\u00e7\u00f5es finais<\/a><\/li><li><a href=\"#h-quer-saber-tudo-sobre-concursos-previstos-confira-nossos-artigos\" data-level=\"2\">Quer saber tudo sobre concursos previstos? Confira nossos artigos!<\/a><\/li><\/ul><\/div>\n\n\n\n<h2 class=\"wp-block-heading has-vivid-cyan-blue-color has-text-color has-link-color wp-elements-7daaf976d10bd6b7da095e126b87c99a\" id=\"h-nucleo-trazer-consigo-no-crime-de-trafico-de-drogas\">N\u00facleo &#8220;trazer consigo&#8221; no crime de tr\u00e1fico de drogas<\/h2>\n\n\n\n<h3 class=\"wp-block-heading has-vivid-cyan-blue-color has-text-color has-link-color wp-elements-ed0358fe4e7e6524c75fec4b9973cf28\" id=\"h-crime-de-trafico-de-drogas-nbsp\">Crime de tr\u00e1fico de drogas&nbsp;<\/h3>\n\n\n\n<p>O crime de tr\u00e1fico de drogas est\u00e1 tipificado no artigo 33, <em>caput<\/em> e \u00a7 1\u00ba, da Lei n.\u00ba 11.343\/2006, dispositivo que nos traz diversos n\u00facleos (verbos) aptos a configurar a trafic\u00e2ncia.&nbsp;<\/p>\n\n\n\n<p>Portanto, comete o crime de tr\u00e1fico de drogas aquele que <em>importa, exporta, remete, prepara, produz, fabrica, adquire, vende, exp\u00f5e \u00e0 venda, oferece, tem em dep\u00f3sito, transporta<\/em>, <strong><em><span style=\"text-decoration: underline;\">traz consigo<\/span><\/em><\/strong><em>, guarda, prescreve, ministra, entrega a consumo ou fornece drogas, ainda que gratuitamente, sem autoriza\u00e7\u00e3o ou em desacordo com determina\u00e7\u00e3o legal ou regulamentar.<\/em><\/p>\n\n\n\n<p>Veja que, embora sejam muitos n\u00facleos para memorizar, s\u00e3o todos <strong>atos relacionados ao com\u00e9rcio e \u00e0 cadeia produtiva de entorpecentes<\/strong> descritos nesses dispositivos.<\/p>\n\n\n\n<p>A pena prevista para o crime de tr\u00e1fico de drogas \u00e9 a de reclus\u00e3o de 05 a 15 anos e pagamento de 500 a 1500 dias-multa. Al\u00e9m disso, em seu \u00a7 1\u00ba, prev\u00ea condutas equiparadas ao tr\u00e1fico de drogas, para as quais \u00e9 cominado o mesmo preceito penal secund\u00e1rio.<\/p>\n\n\n\n<h3 class=\"wp-block-heading has-vivid-cyan-blue-color has-text-color has-link-color wp-elements-51c558fb0ad639ce6a351dfe67945b6e\" id=\"h-o-que-o-stj-considera-como-trazer-consigo\">O que o STJ considera como \u201ctrazer consigo\u201d?<\/h3>\n\n\n\n<h4 class=\"wp-block-heading has-vivid-cyan-blue-color has-text-color has-link-color wp-elements-13c5ff26d4b8a1f301d107ff0f82d270\" id=\"h-caso-concreto-do-agrg-no-aresp-2-791-130-sp\">Caso concreto do AgRg no AREsp 2.791.130-SP<\/h4>\n\n\n\n<p>No julgamento do AgRg no AREsp 2.791.130-SP, a Sexta Turma do Superior Tribunal de Justi\u00e7a analisou um caso concreto que nos permitiu entender o significado de \u201ctrazer consigo\u201d.<\/p>\n\n\n\n<p>Naquela oportunidade, alguns indiv\u00edduos estavam em um local, apontado por den\u00fancia an\u00f4nima, no qual estaria ocorrendo tr\u00e1fico de drogas.&nbsp;<\/p>\n\n\n\n<p>Ap\u00f3s os policiais militares chegarem l\u00e1, identificaram <strong>5 indiv\u00edduos conversando e, bem na frente deles, havia um palete sobre o qual havia <\/strong>112 por\u00e7\u00f5es de crack, 980 por\u00e7\u00f5es de coca\u00edna e 608 por\u00e7\u00f5es de maconha.<\/p>\n\n\n\n<p>Ao avistarem a viatura, os suspeitos tentaram fugir. No entanto, o agravante e mais um j\u00e1 levantaram as m\u00e3os e foram detidos. Os demais foram detidos mais \u00e0 frente. As drogas estavam separadas em pacotes com grande quantidade, tipo entrega no atacado.&nbsp;<\/p>\n\n\n\n<p>O acusado, agora agravante perante o STJ, disse em ju\u00edzo que era <strong>usu\u00e1rio e que estava no local apenas para comprar entorpecente, n\u00e3o se tratando de traficante<\/strong>, dizendo que j\u00e1 comprara drogas anteriormente de outro indiv\u00edduo ali presente.<\/p>\n\n\n\n<h4 class=\"wp-block-heading has-vivid-cyan-blue-color has-text-color has-link-color wp-elements-27630e2ed5d9fa418a930a784975c006\" id=\"h-qual-foi-a-decisao-do-stj\">Qual foi a decis\u00e3o do STJ?<\/h4>\n\n\n\n<p>A 6\u00aa Turma do STJ entendeu que a conduta do agravante <strong>enquadrou-se no verbo nuclear &#8220;trazer consigo&#8221; previsto no art. 33 da Lei n.\u00ba 11.343\/2006.<\/strong><\/p>\n\n\n\n<p>Isso porque<strong> \u201ctrazer consigo\u201d<\/strong> n\u00e3o se limita \u00e0 conduta de manter contato direto com a droga junto ao pr\u00f3prio corpo, mas <strong><span style=\"text-decoration: underline;\">tamb\u00e9m abrange a conduta de ter os entorpecentes \u00e0 sua imediata disposi\u00e7\u00e3o, ainda que sem contato corporal imediato<\/span>.<\/strong><\/p>\n\n\n\n<p>Portanto, <span style=\"text-decoration: underline;\">a manuten\u00e7\u00e3o das drogas sob a esfera de disponibilidade do agente \u00e9<strong> su<\/strong><\/span><strong><span style=\"text-decoration: underline;\">ficiente para configurar o referido n\u00facleo<\/span> do tipo do tr\u00e1fico de drogas<\/strong>.<\/p>\n\n\n\n<p>Entretanto, no julgamento, a Sexta Turma tamb\u00e9m destacou ser <strong>necess\u00e1rio avaliar a destina\u00e7\u00e3o das drogas,<\/strong> ou seja, se o contexto permite definir se \u00e9<strong> <\/strong>para comercializa\u00e7\u00e3o ou para consumo pessoal.\u00a0<\/p>\n\n\n\n<p>Para isso, n\u00e3o basta a apreens\u00e3o da droga na esfera de disponibilidade do acusado, sendo indispens\u00e1vel que <strong>outras circunst\u00e2ncias indicativas da destina\u00e7\u00e3o da droga \u00e0 comercializa\u00e7\u00e3o sejam produzidas pelo Minist\u00e9rio P\u00fablico e valoradas<\/strong> pelo \u00f3rg\u00e3o julgador, a fim de motivar a condena\u00e7\u00e3o pelo crime de tr\u00e1fico de drogas.&nbsp;<\/p>\n\n\n\n<p>Assim, o STJ entendeu que, embora o Tribunal de origem tenha fundamentado que havia inten\u00e7\u00e3o de com\u00e9rcio por parte do agravante, o ac\u00f3rd\u00e3o recorrido n\u00e3o afastou de forma suficiente a hip\u00f3tese da defesa (inten\u00e7\u00e3o de compra, e n\u00e3o de venda das drogas).&nbsp;<\/p>\n\n\n\n<p>Assim, com base no princ\u00edpio da inoc\u00eancia e tamb\u00e9m diante de certas inconsist\u00eancias entre os depoimentos, o conte\u00fado das filmagens das bodycams dos policiais, e a vers\u00e3o dos demais acusados de que o agravante era mero usu\u00e1rio, <strong>o agravo regimental foi parcialmente provido para desclassificar a conduta<\/strong> imputada ao recorrente para o delito descrito no art. 28, <em>caput<\/em>, da Lei n. 11.343\/2006 e determinar a<strong> imediata expedi\u00e7\u00e3o de alvar\u00e1 de soltura<\/strong>, se por outro motivo n\u00e3o estiver preso.<\/p>\n\n\n\n<h4 class=\"wp-block-heading has-vivid-cyan-blue-color has-text-color has-link-color wp-elements-a37665e8175356cb1de03a329bbf2ce7\" id=\"h-harmonizacao-com-a-decisao-do-stf-no-tema-506\">Harmoniza\u00e7\u00e3o com a decis\u00e3o do STF no Tema 506<\/h4>\n\n\n\n<p>Por mais que no caso concreto visto acima houvesse diferentes tipos de drogas, \u00e9 importante lembrarmos que, no julgamento do <a href=\"https:\/\/portal.stf.jus.br\/jurisprudenciaRepercussao\/verAndamentoProcesso.asp?incidente=4034145&amp;numeroProcesso=635659&amp;classeProcesso=RE&amp;numeroTema=506\" target=\"_blank\" rel=\"noreferrer noopener\">Tema n.\u00ba 506 de Repercuss\u00e3o Geral<\/a>, o Supremo Tribunal Federal decidiu que n\u00e3o comete infra\u00e7\u00e3o penal quem adquirir, guardar, tiver em dep\u00f3sito, transportar <strong>ou trouxer consigo, para consumo pessoal,<\/strong> a subst\u00e2ncia <em>cannabis sativa <\/em>(maconha).<\/p>\n\n\n\n<p>Assim, tamb\u00e9m \u00e9 necess\u00e1rio observar, no caso concreto, como bem destacado pelo STJ, se a destina\u00e7\u00e3o das drogas se d\u00e1 para a comercializa\u00e7\u00e3o ou para o consumo pessoal.<\/p>\n\n\n\n<h2 class=\"wp-block-heading has-vivid-cyan-blue-color has-text-color has-link-color wp-elements-2bedaf953dddcc5060475c06777272ac\" id=\"h-consideracoes-finais\">Considera\u00e7\u00f5es finais<\/h2>\n\n\n\n<p>Portanto, pessoal, esse foi nosso breve resumo sobre um dos n\u00facleos caracterizadores do crime de tr\u00e1fico de drogas, mais especificamente sobre o verbo \u201ctrazer consigo\u201d, previsto no art. 33, <em>caput<\/em>, da Lei de Drogas (Lei n.\u00ba 11.343\/2006).<\/p>\n\n\n\n<p>Como visto, o verbo nuclear &#8220;trazer consigo&#8221; previsto no art. 33 da Lei n. 11.343\/2006 n\u00e3o se limita \u00e0 conduta de manter contato direto com a droga junto ao pr\u00f3prio corpo, pois tamb\u00e9m abrange a conduta de ter os entorpecentes \u00e0 sua imediata disposi\u00e7\u00e3o, ainda que sem contato corporal imediato.<\/p>\n\n\n\n<p>Nosso tempo aqui \u00e9 breve e n\u00e3o conseguimos, claro, esgotar o assunto. Portanto, n\u00e3o deixe de revisar o tema em seu material de estudo e praticar com diversas quest\u00f5es.<\/p>\n\n\n\n<p>At\u00e9 a pr\u00f3xima!<\/p>\n\n\n\n<figure class=\"wp-block-image aligncenter size-large is-resized\"><img decoding=\"async\" src=\"https:\/\/dhg1h5j42swfq.cloudfront.net\/2020\/09\/18141901\/Coruja_Concursos%404x-506x1024.png\" alt=\"Concursos 2024 Estrat\u00e9gia Concursos\" class=\"wp-image-574355\" style=\"aspect-ratio:0.5;width:30px;height:auto\"\/><\/figure>\n\n\n\n<h2 class=\"wp-block-heading has-text-align-center\" id=\"h-quer-saber-tudo-sobre-concursos-previstos-confira-nossos-artigos\">Quer saber tudo sobre concursos previstos?<br \/>Confira nossos artigos!<\/h2>\n\n\n\n<ul class=\"wp-block-list\">\n<li><a href=\"https:\/\/www.estrategiaconcursos.com.br\/blog\/concursos-abertos\/\" target=\"_blank\" rel=\"noreferrer noopener\">Concursos Abertos<\/a><\/li>\n\n\n\n<li><a href=\"https:\/\/www.estrategiaconcursos.com.br\/blog\/concursos-2025\/\" target=\"_blank\" rel=\"noreferrer noopener\">Concursos 2025<\/a><\/li>\n\n\n\n<li><a href=\"https:\/\/www.estrategiaconcursos.com.br\/blog\/concursos-2026\/\" target=\"_blank\" rel=\"noreferrer noopener\">Concursos 2026<\/a><\/li>\n<\/ul>\n\n\n\n<div class=\"container\" id=\"boxes\">\n  <div class=\"row\">\n\n    <div class=\"col-sm\">\n      <div class=\"banner-estrat-corj\" id=\"box-assinatura\">\n        <h3 class=\"titulo-assinatura\" style=\"text-align: left;\">Concursos 2025<\/h3>\n        <p class=\"subtitulo-assinatura\" style=\"text-align: left;\">Explore os cursos preparat\u00f3rios completos! \u2728<\/p>\n        <div class=\"box-botao\" style=\"text-align: left;\">\n          <a class=\"btn-assinatura\" target=\"_blank\" href=\"https:\/\/www.estrategiaconcursos.com.br\/cursos\/concurso\/\" role=\"button\" rel=\"noopener noreferrer\">CLIQUE AQUI<\/a>\n        <\/div>\n      <\/div><\/div><\/div><\/div>\n\n\n\n<div class=\"container\" id=\"boxes\">\n  <div class=\"row\">\n\n    <div class=\"col-sm\">\n      <div class=\"estrategia\" id=\"box-assinatura\">\n        <h3 class=\"titulo-assinatura\">Assinatura Concursos<\/h3>\n        <p class=\"subtitulo-assinatura\">Assinatura de 1 ano ou 2 anos<\/p>\n        <div class=\"box-botao\">\n          <a class=\"btn-assinatura\" target=\"_blank\" href=\"https:\/\/www.estrategiaconcursos.com.br\/assinaturas\/\" role=\"button\" rel=\"noopener noreferrer\">ASSINE AGORA<\/a>\n        <\/div>\n      <\/div><\/div><\/div><\/div>\n","protected":false},"excerpt":{"rendered":"<p>Ol\u00e1, tudo bem? Hoje falaremos sobre um dos n\u00facleos caracterizadores do crime de tr\u00e1fico de drogas, mais especificamente sobre o verbo \u201ctrazer consigo\u201d, previsto no art. 33, caput, da Lei de Drogas (Lei n.\u00ba 11.343\/2006). De in\u00edcio, faremos uma breve abordagem sobre o crime de tr\u00e1fico de drogas. Na sequ\u00eancia, abordaremos o que o Superior [&hellip;]<\/p>\n","protected":false},"author":2567,"featured_media":1667769,"comment_status":"open","ping_status":"closed","sticky":false,"template":"","format":"standard","meta":{"post_tipo":"article","footnotes":""},"categories":[1],"tags":[],"tax_estado":[222299],"class_list":["post-1667768","post","type-post","status-publish","format-standard","has-post-thumbnail","hentry","category-cursos-e-concursos","tax_estado-sem-estado-definido"],"acf":[],"yoast_head":"<!-- This site is optimized with the Yoast SEO Premium plugin v27.2 (Yoast SEO v27.2) - https:\/\/yoast.com\/product\/yoast-seo-premium-wordpress\/ -->\n<title>N\u00facleo &quot;trazer consigo&quot; no crime de tr\u00e1fico de drogas<\/title>\n<meta name=\"description\" content=\"Resumo sobre o n\u00facleo &quot;trazer consigo&quot; caracterizador do crime de tr\u00e1fico de drogas, conforme o Superior Tribunal de Justi\u00e7a.\" \/>\n<meta name=\"robots\" content=\"index, follow, max-snippet:-1, max-image-preview:large, max-video-preview:-1\" \/>\n<link rel=\"canonical\" href=\"https:\/\/www.estrategiaconcursos.com.br\/blog\/trazer-consigo-trafico-drogas\/\" \/>\n<meta property=\"og:locale\" content=\"pt_BR\" \/>\n<meta property=\"og:type\" content=\"article\" \/>\n<meta property=\"og:title\" content=\"N\u00facleo &quot;trazer consigo&quot; no crime de tr\u00e1fico de drogas\" \/>\n<meta property=\"og:description\" content=\"Resumo sobre o n\u00facleo &quot;trazer consigo&quot; caracterizador do crime de tr\u00e1fico de drogas, conforme o Superior Tribunal de Justi\u00e7a.\" \/>\n<meta property=\"og:url\" content=\"https:\/\/www.estrategiaconcursos.com.br\/blog\/trazer-consigo-trafico-drogas\/\" \/>\n<meta property=\"og:site_name\" content=\"Estrat\u00e9gia Concursos\" \/>\n<meta property=\"article:published_time\" content=\"2025-12-30T17:49:00+00:00\" \/>\n<meta property=\"og:image\" content=\"https:\/\/dhg1h5j42swfq.cloudfront.net\/2025\/11\/09110342\/mao-com-pilulas-ambiente-escuro-scaled.jpg\" \/>\n\t<meta property=\"og:image:width\" content=\"2560\" \/>\n\t<meta property=\"og:image:height\" content=\"1707\" \/>\n\t<meta property=\"og:image:type\" content=\"image\/jpeg\" \/>\n<meta name=\"author\" content=\"Frederico Tadeu Borlot Peixoto\" \/>\n<meta name=\"twitter:card\" content=\"summary_large_image\" \/>\n<meta name=\"twitter:creator\" content=\"@EstratConcursos\" \/>\n<meta name=\"twitter:site\" content=\"@EstratConcursos\" \/>\n<meta name=\"twitter:label1\" content=\"Escrito por\" \/>\n\t<meta name=\"twitter:data1\" content=\"Frederico Tadeu Borlot Peixoto\" \/>\n\t<meta name=\"twitter:label2\" content=\"Est. tempo de leitura\" \/>\n\t<meta name=\"twitter:data2\" content=\"5 minutos\" \/>\n<script type=\"application\/ld+json\" class=\"yoast-schema-graph\">{\"@context\":\"https:\/\/schema.org\",\"@graph\":[{\"@type\":\"NewsArticle\",\"@id\":\"https:\/\/www.estrategiaconcursos.com.br\/blog\/trazer-consigo-trafico-drogas\/#article\",\"isPartOf\":{\"@id\":\"https:\/\/www.estrategiaconcursos.com.br\/blog\/trazer-consigo-trafico-drogas\/\"},\"author\":{\"name\":\"Frederico Tadeu Borlot Peixoto\",\"@id\":\"https:\/\/www.estrategiaconcursos.com.br\/blog\/#\/schema\/person\/48a7e085e45aee7c3d4596399af50ebb\"},\"headline\":\"N\u00facleo &#8220;trazer consigo&#8221; no crime de tr\u00e1fico de drogas\",\"datePublished\":\"2025-12-30T17:49:00+00:00\",\"mainEntityOfPage\":{\"@id\":\"https:\/\/www.estrategiaconcursos.com.br\/blog\/trazer-consigo-trafico-drogas\/\"},\"wordCount\":1106,\"commentCount\":0,\"publisher\":{\"@id\":\"https:\/\/www.estrategiaconcursos.com.br\/blog\/#organization\"},\"image\":{\"@id\":\"https:\/\/www.estrategiaconcursos.com.br\/blog\/trazer-consigo-trafico-drogas\/#primaryimage\"},\"thumbnailUrl\":\"https:\/\/dhg1h5j42swfq.cloudfront.net\/2025\/11\/09110342\/mao-com-pilulas-ambiente-escuro-scaled.jpg\",\"articleSection\":[\"Concursos P\u00fablicos\"],\"inLanguage\":\"pt-BR\",\"potentialAction\":[{\"@type\":\"CommentAction\",\"name\":\"Comment\",\"target\":[\"https:\/\/www.estrategiaconcursos.com.br\/blog\/trazer-consigo-trafico-drogas\/#respond\"]}],\"copyrightYear\":\"2025\",\"copyrightHolder\":{\"@id\":\"https:\/\/www.estrategiaconcursos.com.br\/blog\/#organization\"},\"accessibilityFeature\":[\"tableOfContents\"]},{\"@type\":\"WebPage\",\"@id\":\"https:\/\/www.estrategiaconcursos.com.br\/blog\/trazer-consigo-trafico-drogas\/\",\"url\":\"https:\/\/www.estrategiaconcursos.com.br\/blog\/trazer-consigo-trafico-drogas\/\",\"name\":\"N\u00facleo \\\"trazer consigo\\\" no crime de tr\u00e1fico de drogas\",\"isPartOf\":{\"@id\":\"https:\/\/www.estrategiaconcursos.com.br\/blog\/#website\"},\"primaryImageOfPage\":{\"@id\":\"https:\/\/www.estrategiaconcursos.com.br\/blog\/trazer-consigo-trafico-drogas\/#primaryimage\"},\"image\":{\"@id\":\"https:\/\/www.estrategiaconcursos.com.br\/blog\/trazer-consigo-trafico-drogas\/#primaryimage\"},\"thumbnailUrl\":\"https:\/\/dhg1h5j42swfq.cloudfront.net\/2025\/11\/09110342\/mao-com-pilulas-ambiente-escuro-scaled.jpg\",\"datePublished\":\"2025-12-30T17:49:00+00:00\",\"description\":\"Resumo sobre o n\u00facleo \\\"trazer consigo\\\" caracterizador do crime de tr\u00e1fico de drogas, conforme o Superior Tribunal de Justi\u00e7a.\",\"breadcrumb\":{\"@id\":\"https:\/\/www.estrategiaconcursos.com.br\/blog\/trazer-consigo-trafico-drogas\/#breadcrumb\"},\"inLanguage\":\"pt-BR\",\"potentialAction\":[{\"@type\":\"ReadAction\",\"target\":[\"https:\/\/www.estrategiaconcursos.com.br\/blog\/trazer-consigo-trafico-drogas\/\"]}]},{\"@type\":\"ImageObject\",\"inLanguage\":\"pt-BR\",\"@id\":\"https:\/\/www.estrategiaconcursos.com.br\/blog\/trazer-consigo-trafico-drogas\/#primaryimage\",\"url\":\"https:\/\/dhg1h5j42swfq.cloudfront.net\/2025\/11\/09110342\/mao-com-pilulas-ambiente-escuro-scaled.jpg\",\"contentUrl\":\"https:\/\/dhg1h5j42swfq.cloudfront.net\/2025\/11\/09110342\/mao-com-pilulas-ambiente-escuro-scaled.jpg\",\"width\":2560,\"height\":1707,\"caption\":\"N\u00facleo \\\"trazer consigo\\\" no crime de tr\u00e1fico de drogas\"},{\"@type\":\"BreadcrumbList\",\"@id\":\"https:\/\/www.estrategiaconcursos.com.br\/blog\/trazer-consigo-trafico-drogas\/#breadcrumb\",\"itemListElement\":[{\"@type\":\"ListItem\",\"position\":1,\"name\":\"In\u00edcio\",\"item\":\"https:\/\/www.estrategiaconcursos.com.br\/blog\/\"},{\"@type\":\"ListItem\",\"position\":2,\"name\":\"N\u00facleo &#8220;trazer consigo&#8221; no crime de tr\u00e1fico de drogas\"}]},{\"@type\":\"WebSite\",\"@id\":\"https:\/\/www.estrategiaconcursos.com.br\/blog\/#website\",\"url\":\"https:\/\/www.estrategiaconcursos.com.br\/blog\/\",\"name\":\"Estrat\u00e9gia Concursos\",\"description\":\"O blog da Estrat\u00e9gia Concursos traz not\u00edcias sobre concursos e artigos de professores oferecendo cursos para concursos (pdf + videaulas) no site.\",\"publisher\":{\"@id\":\"https:\/\/www.estrategiaconcursos.com.br\/blog\/#organization\"},\"potentialAction\":[{\"@type\":\"SearchAction\",\"target\":{\"@type\":\"EntryPoint\",\"urlTemplate\":\"https:\/\/www.estrategiaconcursos.com.br\/blog\/?s={search_term_string}\"},\"query-input\":{\"@type\":\"PropertyValueSpecification\",\"valueRequired\":true,\"valueName\":\"search_term_string\"}}],\"inLanguage\":\"pt-BR\"},{\"@type\":\"Organization\",\"@id\":\"https:\/\/www.estrategiaconcursos.com.br\/blog\/#organization\",\"name\":\"Estrat\u00e9gia Concursos\",\"url\":\"https:\/\/www.estrategiaconcursos.com.br\/blog\/\",\"logo\":{\"@type\":\"ImageObject\",\"inLanguage\":\"pt-BR\",\"@id\":\"https:\/\/www.estrategiaconcursos.com.br\/blog\/#\/schema\/logo\/image\/\",\"url\":\"https:\/\/dhg1h5j42swfq.cloudfront.net\/2025\/06\/03203428\/logo_concursos-1.jpg\",\"contentUrl\":\"https:\/\/dhg1h5j42swfq.cloudfront.net\/2025\/06\/03203428\/logo_concursos-1.jpg\",\"width\":230,\"height\":60,\"caption\":\"Estrat\u00e9gia Concursos\"},\"image\":{\"@id\":\"https:\/\/www.estrategiaconcursos.com.br\/blog\/#\/schema\/logo\/image\/\"},\"sameAs\":[\"https:\/\/x.com\/EstratConcursos\"]},{\"@type\":\"Person\",\"@id\":\"https:\/\/www.estrategiaconcursos.com.br\/blog\/#\/schema\/person\/48a7e085e45aee7c3d4596399af50ebb\",\"name\":\"Frederico Tadeu Borlot Peixoto\",\"image\":{\"@type\":\"ImageObject\",\"inLanguage\":\"pt-BR\",\"@id\":\"https:\/\/secure.gravatar.com\/avatar\/df8a49e2321c1e32f85e9e7c2a9c92c688f1f53a947220f40017ff5858b09fdb?s=96&d=mm&r=g\",\"url\":\"https:\/\/secure.gravatar.com\/avatar\/df8a49e2321c1e32f85e9e7c2a9c92c688f1f53a947220f40017ff5858b09fdb?s=96&d=mm&r=g\",\"contentUrl\":\"https:\/\/secure.gravatar.com\/avatar\/df8a49e2321c1e32f85e9e7c2a9c92c688f1f53a947220f40017ff5858b09fdb?s=96&d=mm&r=g\",\"caption\":\"Frederico Tadeu Borlot Peixoto\"},\"description\":\"Analista Judici\u00e1rio - \u00c1rea Judici\u00e1ria do TRF da 4\u00aa regi\u00e3o. Bacharel em Direito. P\u00f3s-graduado em Direito Administrativo, Legisla\u00e7\u00e3o Penal Especial, Direito Penal e Direito Processual Penal. Tamb\u00e9m nomeado no TRF da 3\u00aa regi\u00e3o (8\u00ba lugar); SPPREV (3\u00ba lugar); IFES (2\u00ba lugar); e PMES. https:\/\/www.instagram.com\/proffrederico\/\",\"sameAs\":[\"https:\/\/www.instagram.com\/proffrederico\/\"],\"url\":\"https:\/\/www.estrategiaconcursos.com.br\/blog\/author\/xfredericohotmail-com\/\"}]}<\/script>\n<!-- \/ Yoast SEO Premium plugin. -->","yoast_head_json":{"title":"N\u00facleo \"trazer consigo\" no crime de tr\u00e1fico de drogas","description":"Resumo sobre o n\u00facleo \"trazer consigo\" caracterizador do crime de tr\u00e1fico de drogas, conforme o Superior Tribunal de Justi\u00e7a.","robots":{"index":"index","follow":"follow","max-snippet":"max-snippet:-1","max-image-preview":"max-image-preview:large","max-video-preview":"max-video-preview:-1"},"canonical":"https:\/\/www.estrategiaconcursos.com.br\/blog\/trazer-consigo-trafico-drogas\/","og_locale":"pt_BR","og_type":"article","og_title":"N\u00facleo \"trazer consigo\" no crime de tr\u00e1fico de drogas","og_description":"Resumo sobre o n\u00facleo \"trazer consigo\" caracterizador do crime de tr\u00e1fico de drogas, conforme o Superior Tribunal de Justi\u00e7a.","og_url":"https:\/\/www.estrategiaconcursos.com.br\/blog\/trazer-consigo-trafico-drogas\/","og_site_name":"Estrat\u00e9gia Concursos","article_published_time":"2025-12-30T17:49:00+00:00","og_image":[{"width":2560,"height":1707,"url":"https:\/\/dhg1h5j42swfq.cloudfront.net\/2025\/11\/09110342\/mao-com-pilulas-ambiente-escuro-scaled.jpg","type":"image\/jpeg"}],"author":"Frederico Tadeu Borlot Peixoto","twitter_card":"summary_large_image","twitter_creator":"@EstratConcursos","twitter_site":"@EstratConcursos","twitter_misc":{"Escrito por":"Frederico Tadeu Borlot Peixoto","Est. tempo de leitura":"5 minutos"},"schema":{"@context":"https:\/\/schema.org","@graph":[{"@type":"NewsArticle","@id":"https:\/\/www.estrategiaconcursos.com.br\/blog\/trazer-consigo-trafico-drogas\/#article","isPartOf":{"@id":"https:\/\/www.estrategiaconcursos.com.br\/blog\/trazer-consigo-trafico-drogas\/"},"author":{"name":"Frederico Tadeu Borlot Peixoto","@id":"https:\/\/www.estrategiaconcursos.com.br\/blog\/#\/schema\/person\/48a7e085e45aee7c3d4596399af50ebb"},"headline":"N\u00facleo &#8220;trazer consigo&#8221; no crime de tr\u00e1fico de drogas","datePublished":"2025-12-30T17:49:00+00:00","mainEntityOfPage":{"@id":"https:\/\/www.estrategiaconcursos.com.br\/blog\/trazer-consigo-trafico-drogas\/"},"wordCount":1106,"commentCount":0,"publisher":{"@id":"https:\/\/www.estrategiaconcursos.com.br\/blog\/#organization"},"image":{"@id":"https:\/\/www.estrategiaconcursos.com.br\/blog\/trazer-consigo-trafico-drogas\/#primaryimage"},"thumbnailUrl":"https:\/\/dhg1h5j42swfq.cloudfront.net\/2025\/11\/09110342\/mao-com-pilulas-ambiente-escuro-scaled.jpg","articleSection":["Concursos P\u00fablicos"],"inLanguage":"pt-BR","potentialAction":[{"@type":"CommentAction","name":"Comment","target":["https:\/\/www.estrategiaconcursos.com.br\/blog\/trazer-consigo-trafico-drogas\/#respond"]}],"copyrightYear":"2025","copyrightHolder":{"@id":"https:\/\/www.estrategiaconcursos.com.br\/blog\/#organization"},"accessibilityFeature":["tableOfContents"]},{"@type":"WebPage","@id":"https:\/\/www.estrategiaconcursos.com.br\/blog\/trazer-consigo-trafico-drogas\/","url":"https:\/\/www.estrategiaconcursos.com.br\/blog\/trazer-consigo-trafico-drogas\/","name":"N\u00facleo \"trazer consigo\" no crime de tr\u00e1fico de drogas","isPartOf":{"@id":"https:\/\/www.estrategiaconcursos.com.br\/blog\/#website"},"primaryImageOfPage":{"@id":"https:\/\/www.estrategiaconcursos.com.br\/blog\/trazer-consigo-trafico-drogas\/#primaryimage"},"image":{"@id":"https:\/\/www.estrategiaconcursos.com.br\/blog\/trazer-consigo-trafico-drogas\/#primaryimage"},"thumbnailUrl":"https:\/\/dhg1h5j42swfq.cloudfront.net\/2025\/11\/09110342\/mao-com-pilulas-ambiente-escuro-scaled.jpg","datePublished":"2025-12-30T17:49:00+00:00","description":"Resumo sobre o n\u00facleo \"trazer consigo\" caracterizador do crime de tr\u00e1fico de drogas, conforme o Superior Tribunal de Justi\u00e7a.","breadcrumb":{"@id":"https:\/\/www.estrategiaconcursos.com.br\/blog\/trazer-consigo-trafico-drogas\/#breadcrumb"},"inLanguage":"pt-BR","potentialAction":[{"@type":"ReadAction","target":["https:\/\/www.estrategiaconcursos.com.br\/blog\/trazer-consigo-trafico-drogas\/"]}]},{"@type":"ImageObject","inLanguage":"pt-BR","@id":"https:\/\/www.estrategiaconcursos.com.br\/blog\/trazer-consigo-trafico-drogas\/#primaryimage","url":"https:\/\/dhg1h5j42swfq.cloudfront.net\/2025\/11\/09110342\/mao-com-pilulas-ambiente-escuro-scaled.jpg","contentUrl":"https:\/\/dhg1h5j42swfq.cloudfront.net\/2025\/11\/09110342\/mao-com-pilulas-ambiente-escuro-scaled.jpg","width":2560,"height":1707,"caption":"N\u00facleo \"trazer consigo\" no crime de tr\u00e1fico de drogas"},{"@type":"BreadcrumbList","@id":"https:\/\/www.estrategiaconcursos.com.br\/blog\/trazer-consigo-trafico-drogas\/#breadcrumb","itemListElement":[{"@type":"ListItem","position":1,"name":"In\u00edcio","item":"https:\/\/www.estrategiaconcursos.com.br\/blog\/"},{"@type":"ListItem","position":2,"name":"N\u00facleo &#8220;trazer consigo&#8221; no crime de tr\u00e1fico de drogas"}]},{"@type":"WebSite","@id":"https:\/\/www.estrategiaconcursos.com.br\/blog\/#website","url":"https:\/\/www.estrategiaconcursos.com.br\/blog\/","name":"Estrat\u00e9gia Concursos","description":"O blog da Estrat\u00e9gia Concursos traz not\u00edcias sobre concursos e artigos de professores oferecendo cursos para concursos (pdf + videaulas) no site.","publisher":{"@id":"https:\/\/www.estrategiaconcursos.com.br\/blog\/#organization"},"potentialAction":[{"@type":"SearchAction","target":{"@type":"EntryPoint","urlTemplate":"https:\/\/www.estrategiaconcursos.com.br\/blog\/?s={search_term_string}"},"query-input":{"@type":"PropertyValueSpecification","valueRequired":true,"valueName":"search_term_string"}}],"inLanguage":"pt-BR"},{"@type":"Organization","@id":"https:\/\/www.estrategiaconcursos.com.br\/blog\/#organization","name":"Estrat\u00e9gia Concursos","url":"https:\/\/www.estrategiaconcursos.com.br\/blog\/","logo":{"@type":"ImageObject","inLanguage":"pt-BR","@id":"https:\/\/www.estrategiaconcursos.com.br\/blog\/#\/schema\/logo\/image\/","url":"https:\/\/dhg1h5j42swfq.cloudfront.net\/2025\/06\/03203428\/logo_concursos-1.jpg","contentUrl":"https:\/\/dhg1h5j42swfq.cloudfront.net\/2025\/06\/03203428\/logo_concursos-1.jpg","width":230,"height":60,"caption":"Estrat\u00e9gia Concursos"},"image":{"@id":"https:\/\/www.estrategiaconcursos.com.br\/blog\/#\/schema\/logo\/image\/"},"sameAs":["https:\/\/x.com\/EstratConcursos"]},{"@type":"Person","@id":"https:\/\/www.estrategiaconcursos.com.br\/blog\/#\/schema\/person\/48a7e085e45aee7c3d4596399af50ebb","name":"Frederico Tadeu Borlot Peixoto","image":{"@type":"ImageObject","inLanguage":"pt-BR","@id":"https:\/\/secure.gravatar.com\/avatar\/df8a49e2321c1e32f85e9e7c2a9c92c688f1f53a947220f40017ff5858b09fdb?s=96&d=mm&r=g","url":"https:\/\/secure.gravatar.com\/avatar\/df8a49e2321c1e32f85e9e7c2a9c92c688f1f53a947220f40017ff5858b09fdb?s=96&d=mm&r=g","contentUrl":"https:\/\/secure.gravatar.com\/avatar\/df8a49e2321c1e32f85e9e7c2a9c92c688f1f53a947220f40017ff5858b09fdb?s=96&d=mm&r=g","caption":"Frederico Tadeu Borlot Peixoto"},"description":"Analista Judici\u00e1rio - \u00c1rea Judici\u00e1ria do TRF da 4\u00aa regi\u00e3o. Bacharel em Direito. P\u00f3s-graduado em Direito Administrativo, Legisla\u00e7\u00e3o Penal Especial, Direito Penal e Direito Processual Penal. Tamb\u00e9m nomeado no TRF da 3\u00aa regi\u00e3o (8\u00ba lugar); SPPREV (3\u00ba lugar); IFES (2\u00ba lugar); e PMES. https:\/\/www.instagram.com\/proffrederico\/","sameAs":["https:\/\/www.instagram.com\/proffrederico\/"],"url":"https:\/\/www.estrategiaconcursos.com.br\/blog\/author\/xfredericohotmail-com\/"}]}},"_links":{"self":[{"href":"https:\/\/www.estrategiaconcursos.com.br\/blog\/wp-json\/wp\/v2\/posts\/1667768","targetHints":{"allow":["GET"]}}],"collection":[{"href":"https:\/\/www.estrategiaconcursos.com.br\/blog\/wp-json\/wp\/v2\/posts"}],"about":[{"href":"https:\/\/www.estrategiaconcursos.com.br\/blog\/wp-json\/wp\/v2\/types\/post"}],"author":[{"embeddable":true,"href":"https:\/\/www.estrategiaconcursos.com.br\/blog\/wp-json\/wp\/v2\/users\/2567"}],"replies":[{"embeddable":true,"href":"https:\/\/www.estrategiaconcursos.com.br\/blog\/wp-json\/wp\/v2\/comments?post=1667768"}],"version-history":[{"count":2,"href":"https:\/\/www.estrategiaconcursos.com.br\/blog\/wp-json\/wp\/v2\/posts\/1667768\/revisions"}],"predecessor-version":[{"id":1667771,"href":"https:\/\/www.estrategiaconcursos.com.br\/blog\/wp-json\/wp\/v2\/posts\/1667768\/revisions\/1667771"}],"wp:featuredmedia":[{"embeddable":true,"href":"https:\/\/www.estrategiaconcursos.com.br\/blog\/wp-json\/wp\/v2\/media\/1667769"}],"wp:attachment":[{"href":"https:\/\/www.estrategiaconcursos.com.br\/blog\/wp-json\/wp\/v2\/media?parent=1667768"}],"wp:term":[{"taxonomy":"category","embeddable":true,"href":"https:\/\/www.estrategiaconcursos.com.br\/blog\/wp-json\/wp\/v2\/categories?post=1667768"},{"taxonomy":"post_tag","embeddable":true,"href":"https:\/\/www.estrategiaconcursos.com.br\/blog\/wp-json\/wp\/v2\/tags?post=1667768"},{"taxonomy":"tax_estado","embeddable":true,"href":"https:\/\/www.estrategiaconcursos.com.br\/blog\/wp-json\/wp\/v2\/tax_estado?post=1667768"}],"curies":[{"name":"wp","href":"https:\/\/api.w.org\/{rel}","templated":true}]}}