{"id":1666821,"date":"2026-03-09T08:17:00","date_gmt":"2026-03-09T11:17:00","guid":{"rendered":"https:\/\/www.estrategiaconcursos.com.br\/blog\/?p=1666821"},"modified":"2026-03-09T14:56:13","modified_gmt":"2026-03-09T17:56:13","slug":"concurso-saf-pi","status":"publish","type":"post","link":"https:\/\/www.estrategiaconcursos.com.br\/blog\/concurso-saf-pi\/","title":{"rendered":"Concurso SAF PI: edital em abril; 20 vagas!"},"content":{"rendered":"\n<p>O t\u00e3o aguardado edital do <strong>concurso da SAF PI (Secretaria da Agricultura Familiar<\/strong>), que ser\u00e1 realizado por meio da <a href=\"https:\/\/www.estrategiaconcursos.com.br\/blog\/concurso-unificado-pi\/\" target=\"_blank\" rel=\"noreferrer noopener\">sele\u00e7\u00e3o unificada<\/a>, <strong>ser\u00e1 publicado em abril.<\/strong><\/p>\n\n\n\n<p>A informa\u00e7\u00e3o foi confirmada pelo Secret\u00e1rio de Estado da Administra\u00e7\u00e3o do Piau\u00ed, Samuel Nascimento. <\/p>\n\n\n\n<p>Al\u00e9m disso, \u00e9 importante frisar que a equipe respons\u00e1vel pela escolha da banca organizadora, por meio do procedimento licitat\u00f3rio, j\u00e1 est\u00e1 devidamente institu\u00edda. <\/p>\n\n\n\n<ul class=\"wp-block-list\">\n<li><a href=\"https:\/\/dhg1h5j42swfq.cloudfront.net\/2026\/03\/09083917\/concurso-pi-equipe-planejamento-compras-1-2.pdf\" target=\"_blank\" rel=\"noreferrer noopener nofollow\"><strong>Equipe de planejamento do concurso!<\/strong><\/a><\/li>\n<\/ul>\n\n\n\n<p>Lembrando que est\u00e3o autorizadas <strong>20 vagas para os cargos de Agente de Agricultura Familiar &#8211; Engenheiro, Ge\u00f3logo e Arquiteto<\/strong>.<\/p>\n\n\n\n<ul class=\"wp-block-list has-very-light-gray-to-cyan-bluish-gray-gradient-background has-background\">\n<li><strong>Secretaria da Agricultura Familiar<\/strong><\/li>\n\n\n\n<li><strong>Status:\u00a0<\/strong>autorizado\/escolha da banca<\/li>\n\n\n\n<li><strong>Banca:<\/strong>&nbsp;a definir<\/li>\n\n\n\n<li><strong>Vagas:&nbsp;<\/strong>20 <\/li>\n\n\n\n<li><strong>Remunera\u00e7\u00e3o:<\/strong>&nbsp;R$ 2.800,00 a R$ 3.700,00 <em>(\u00faltimo edital)<\/em><\/li>\n\n\n\n<li><strong>\u00daltimo edital: <\/strong><a href=\"https:\/\/dhg1h5j42swfq.cloudfront.net\/2025\/11\/06210741\/diario-oficial-do-estado-do-piaui-publicacao-n-125.pdf\">PSS 2023<\/a><\/li>\n<\/ul>\n\n\n\n<p>Confira como ocorreu o \u00faltimo edital lan\u00e7ado e as atualiza\u00e7\u00f5es ao longo do artigo!<\/p>\n\n\n\n<ul id=\"indice\" class=\"wp-block-list\">\n<li><strong><a href=\"#sobre\">Sobre a Saf<\/a><\/strong><\/li>\n\n\n\n<li><strong><a href=\"#ultimo-edital\">\u00daltimo concurso<\/a><\/strong>\n<ul class=\"wp-block-list\">\n<li><a href=\"#cargos\">Cargos e vagas<\/a><\/li>\n\n\n\n<li><a href=\"#h-etapas\">Etapa<\/a><\/li>\n<\/ul>\n<\/li>\n\n\n\n<li><strong><a href=\"#ficha\">Ficha t\u00e9cnica<\/a><\/strong><\/li>\n\n\n\n<li><strong><a href=\"#cursos\">Cursos e assinaturas<\/a><\/strong><\/li>\n<\/ul>\n\n\n\n<div class=\"container\" id=\"boxes\">\n  <div class=\"row\">\n\n    <div class=\"col-sm\">\n      <div class=\"banner-adm-ec\" id=\"box-assinatura\">\n        <h2 class=\"titulo-assinatura\" style=\"text-align: left;\">Concursos Administrativos<\/h2>\n        <p class=\"subtitulo-assinatura\" style=\"text-align: left;\">Prepara\u00e7\u00e3o completa para os concursos<\/p>\n        <div class=\"box-botao\" style=\"text-align: left;\">\n          <a class=\"btn-assinatura\" target=\"_blank\" href=\"https:\/\/www.estrategiaconcursos.com.br\/cursos\/concurso\/\" role=\"button\" rel=\"noopener noreferrer\">VER CURSOS<\/a>\n        <\/div>\n      <\/div><\/div><\/div><\/div>\n\n\n\n<h2 class=\"wp-block-heading\" id=\"sobre\">Sobre a SAF PI<\/h2>\n\n\n\n<p>A Secretaria da Agricultura Familiar (SAF) tem por objetivo promover o desenvolvimento rural sustent\u00e1vel atrav\u00e9s do fortalecimento da Agricultura Familiar,&nbsp; visando o aumento da produ\u00e7\u00e3o agr\u00edcola no Piau\u00ed, a sustentabilidade ambiental e a melhoria da qualidade de vida, da seguran\u00e7a e da soberania alimentar no campo. <\/p>\n\n\n\n<p>Dentre as principais a\u00e7\u00f5es da secretaria, est\u00e1 de coordenar projetos de apoio \u00e0 Agricultura Familiar, como a distribui\u00e7\u00e3o de sementes, mudas, alevinos, equipamentos e implementos agr\u00edcolas; a organiza\u00e7\u00e3o de projetos territoriais; o incentivo \u00e0 comercializa\u00e7\u00e3o, agroindustrializa\u00e7\u00e3o e inova\u00e7\u00e3o no campo; e a aten\u00e7\u00e3o \u00e0s organiza\u00e7\u00f5es sociais ligadas \u00e0 agricultura familiar.<\/p>\n\n\n\n<h2 class=\"wp-block-heading\" id=\"ultimo-edital\">\u00daltimo concurso SAF PI<\/h2>\n\n\n\n<p>O&nbsp;edital de processo seletivo simplificado&nbsp;ofertou mais de 8 vagas para T\u00e9cnico Agr\u00edcola e Agr\u00f4nomo, de n\u00edvel m\u00e9dio e superior. <\/p>\n\n\n\n<h3 class=\"wp-block-heading\" id=\"cargos\">Cargos e vagas<\/h3>\n\n\n\n<figure class=\"wp-block-image size-large\"><img loading=\"lazy\" decoding=\"async\" width=\"1024\" height=\"78\" src=\"https:\/\/dhg1h5j42swfq.cloudfront.net\/2025\/11\/06211116\/captura-de-tela-2025-11-06-as-21-10-23-1024x78.png\" alt=\"concurso saf pi - pss\" class=\"wp-image-1666827\" srcset=\"https:\/\/dhg1h5j42swfq.cloudfront.net\/2025\/11\/06211116\/captura-de-tela-2025-11-06-as-21-10-23-1024x78.png 1024w, https:\/\/dhg1h5j42swfq.cloudfront.net\/2025\/11\/06211116\/captura-de-tela-2025-11-06-as-21-10-23-300x23.png 300w, https:\/\/dhg1h5j42swfq.cloudfront.net\/2025\/11\/06211116\/captura-de-tela-2025-11-06-as-21-10-23-768x59.png 768w, https:\/\/dhg1h5j42swfq.cloudfront.net\/2025\/11\/06211116\/captura-de-tela-2025-11-06-as-21-10-23-150x11.png 150w, https:\/\/dhg1h5j42swfq.cloudfront.net\/2025\/11\/06211116\/captura-de-tela-2025-11-06-as-21-10-23.png 1438w\" sizes=\"auto, (max-width: 1024px) 100vw, 1024px\" \/><\/figure>\n\n\n\n<p><strong>T\u00e9cnico Agr\u00edcola<\/strong> &#8211; Conclus\u00e3o de curso t\u00e9cnico agr\u00edcola ou t\u00e9cnico em agropecu\u00e1ria, devidamente<br \/>reconhecido.<\/p>\n\n\n\n<p><strong>Agr\u00f4nomo <\/strong>&#8211; Conclus\u00e3o do curso superior de agronomia ou engenharia agron\u00f4mica.<\/p>\n\n\n\n<h3 class=\"wp-block-heading\" id=\"h-etapas\">Etapas<\/h3>\n\n\n\n<p>O processo seletivo contou somente com etapa de avalia\u00e7\u00e3o de t\u00edtulos.<\/p>\n\n\n\n<figure class=\"wp-block-image size-large\"><img loading=\"lazy\" decoding=\"async\" width=\"1024\" height=\"701\" src=\"https:\/\/dhg1h5j42swfq.cloudfront.net\/2025\/11\/06211650\/captura-de-tela-2025-11-06-as-21-16-31-1024x701.png\" alt=\"concurso saf pi - pss\" class=\"wp-image-1666829\" srcset=\"https:\/\/dhg1h5j42swfq.cloudfront.net\/2025\/11\/06211650\/captura-de-tela-2025-11-06-as-21-16-31-1024x701.png 1024w, https:\/\/dhg1h5j42swfq.cloudfront.net\/2025\/11\/06211650\/captura-de-tela-2025-11-06-as-21-16-31-300x206.png 300w, https:\/\/dhg1h5j42swfq.cloudfront.net\/2025\/11\/06211650\/captura-de-tela-2025-11-06-as-21-16-31-768x526.png 768w, https:\/\/dhg1h5j42swfq.cloudfront.net\/2025\/11\/06211650\/captura-de-tela-2025-11-06-as-21-16-31-150x103.png 150w, https:\/\/dhg1h5j42swfq.cloudfront.net\/2025\/11\/06211650\/captura-de-tela-2025-11-06-as-21-16-31.png 1454w\" sizes=\"auto, (max-width: 1024px) 100vw, 1024px\" \/><\/figure>\n\n\n\n<figure class=\"wp-block-image size-large\"><img loading=\"lazy\" decoding=\"async\" width=\"1024\" height=\"295\" src=\"https:\/\/dhg1h5j42swfq.cloudfront.net\/2025\/11\/06211710\/captura-de-tela-2025-11-06-as-21-16-55-1024x295.png\" alt=\"\" class=\"wp-image-1666830\" srcset=\"https:\/\/dhg1h5j42swfq.cloudfront.net\/2025\/11\/06211710\/captura-de-tela-2025-11-06-as-21-16-55-1024x295.png 1024w, https:\/\/dhg1h5j42swfq.cloudfront.net\/2025\/11\/06211710\/captura-de-tela-2025-11-06-as-21-16-55-300x86.png 300w, https:\/\/dhg1h5j42swfq.cloudfront.net\/2025\/11\/06211710\/captura-de-tela-2025-11-06-as-21-16-55-768x221.png 768w, https:\/\/dhg1h5j42swfq.cloudfront.net\/2025\/11\/06211710\/captura-de-tela-2025-11-06-as-21-16-55-150x43.png 150w, https:\/\/dhg1h5j42swfq.cloudfront.net\/2025\/11\/06211710\/captura-de-tela-2025-11-06-as-21-16-55.png 1436w\" sizes=\"auto, (max-width: 1024px) 100vw, 1024px\" \/><\/figure>\n\n\n\n<hr class=\"wp-block-separator has-alpha-channel-opacity\"\/>\n\n\n\n<h2 class=\"wp-block-heading has-text-align-center\" id=\"estudar\"><em>Quer estudar para o concurso Secretaria da Agricultura Familiar &#8211; SAF PI?<\/em><\/h2>\n\n\n\n<div class=\"container\" id=\"boxes\">\n  <div class=\"row\">\n\n    <div class=\"col-sm\">\n      <div class=\"banner-estrategia\" id=\"box-assinatura\">\n        <h3 class=\"titulo-assinatura\">Cursos para SAF PI<\/h3>\n        <p class=\"subtitulo-assinatura\">Estude conosco<\/p>\n        <div class=\"box-botao\">\n          <a class=\"btn-assinatura\" target=\"_blank\" href=\"https:\/\/www.estrategiaconcursos.com.br\/cursosPorConcurso\/\" role=\"button\" rel=\"noopener noreferrer\">Conhe\u00e7a os cursos<\/a>\n        <\/div>\n      <\/div>\n     \n    <\/div>\n\n  <\/div>\n<\/div>\n\n\n\n<div class=\"container\" id=\"boxes\">\n  <div class=\"row\">\n\n    <div class=\"col-sm\">\n      <div class=\"estrategia\" id=\"box-assinatura\">\n        <h3 class=\"titulo-assinatura\">Assinatura Concursos<\/h3>\n        <p class=\"subtitulo-assinatura\">Assinatura de 1 ano ou 2 anos<\/p>\n        <div class=\"box-botao\">\n          <a class=\"btn-assinatura\" target=\"_blank\" href=\"https:\/\/www.estrategiaconcursos.com.br\/pesquisa\/?q=secretaria+da+mulher\" rel=\"noopener\">ASSINE AGORA<\/a>\n        <\/div>\n      <\/div><\/div><\/div><\/div>\n\n\n\n<h2 class=\"wp-block-heading has-text-align-center\" id=\"cursos\">Quer saber tudo sobre concursos previstos?<br \/>Confira nossos artigos!<\/h2>\n\n\n\n<ul class=\"wp-block-list\">\n<li><a href=\"https:\/\/www.estrategiaconcursos.com.br\/blog\/concursos-abertos\/\" target=\"_blank\" rel=\"noreferrer noopener\">Concursos Abertos<\/a><\/li>\n\n\n\n<li><a href=\"https:\/\/www.estrategiaconcursos.com.br\/blog\/concurso-administrativos\/\">Concursos Administrativos<\/a><\/li>\n\n\n\n<li><a href=\"https:\/\/www.google.com\/search?q=concursos+2026&amp;oq=concursos+2026&amp;gs_lcrp=EgZjaHJvbWUqDwgAEEUYOxiDARixAxiABDIPCAAQRRg7GIMBGLEDGIAEMgcIARAAGIAEMg0IAhAAGIMBGLEDGIAEMgcIAxAAGIAEMgcIBBAAGIAEMgYIBRBFGDwyBggGEEUYPDIGCAcQRRg80gEIMTUyOGowajeoAgCwAgA&amp;sourceid=chrome&amp;ie=UTF-8\" target=\"_blank\" rel=\"noreferrer noopener\">Concursos 2026<\/a><\/li>\n<\/ul>\n\n\n\n<figure class=\"wp-block-image is-resized\" id=\"block-2d54df27-1133-493f-af96-3b0459ef4219\"><img decoding=\"async\" src=\"https:\/\/dhg1h5j42swfq.cloudfront.net\/2021\/03\/29095924\/ficha_t__cnica-1024x632.png\" alt=\"Informa\u00e7\u00f5es do pr\u00f3ximo concurso SAF PI\" style=\"width:329px;height:auto\"\/><\/figure>\n\n\n\n<h3 class=\"wp-block-heading\" id=\"ficha\">Informa\u00e7\u00f5es do concurso Secretaria da Agricultura Familiar do Piau\u00ed &#8211; SAF PI<\/h3>\n\n\n\n<ul id=\"block-fdb2ebea-5ac1-4bda-a06f-cf8b4fd8833b\" class=\"wp-block-list\">\n<li><strong>Data prevista: <\/strong>2026<\/li>\n\n\n\n<li><strong>Vagas<\/strong>: 20 <\/li>\n\n\n\n<li><strong>Cargo<\/strong>: Agente de Agricultura Familiar &#8211; Engenheiro, Ge\u00f3logo e Arquiteto<\/li>\n\n\n\n<li><strong>Banca<\/strong>: a definir<\/li>\n\n\n\n<li><strong>Escolaridade<\/strong>: n\u00edvel superior<\/li>\n\n\n\n<li><strong>\u00daltimo edital: <\/strong><a href=\"https:\/\/dhg1h5j42swfq.cloudfront.net\/2025\/11\/06210741\/diario-oficial-do-estado-do-piaui-publicacao-n-125.pdf\">PSS 2023<\/a><\/li>\n<\/ul>\n","protected":false},"excerpt":{"rendered":"<p>O t\u00e3o aguardado edital do concurso da SAF PI (Secretaria da Agricultura Familiar), que ser\u00e1 realizado por meio da sele\u00e7\u00e3o unificada, ser\u00e1 publicado em abril. A informa\u00e7\u00e3o foi confirmada pelo Secret\u00e1rio de Estado da Administra\u00e7\u00e3o do Piau\u00ed, Samuel Nascimento. Al\u00e9m disso, \u00e9 importante frisar que a equipe respons\u00e1vel pela escolha da banca organizadora, por meio [&hellip;]<\/p>\n","protected":false},"author":2018,"featured_media":1690987,"comment_status":"open","ping_status":"closed","sticky":false,"template":"","format":"standard","meta":{"post_tipo":"news_page","footnotes":""},"categories":[214992],"tags":[],"tax_estado":[219980],"class_list":["post-1666821","post","type-post","status-publish","format-standard","has-post-thumbnail","hentry","category-concursos-administrativos","tax_estado-pi"],"acf":[],"yoast_head":"<!-- This site is optimized with the Yoast SEO Premium plugin v27.2 (Yoast SEO v27.2) - https:\/\/yoast.com\/product\/yoast-seo-premium-wordpress\/ -->\n<title>Concurso SAF PI: edital em abril; 20 vagas!<\/title>\n<meta name=\"description\" content=\"Concurso SAF PI: edital est\u00e1 previsto para ser publicado em abril! Ser\u00e3o 20 vagas que j\u00e1 est\u00e3o autorizadas. Veja aqui!\" \/>\n<meta name=\"robots\" content=\"index, follow, max-snippet:-1, max-image-preview:large, max-video-preview:-1\" \/>\n<link rel=\"canonical\" href=\"https:\/\/www.estrategiaconcursos.com.br\/blog\/concurso-saf-pi\/\" \/>\n<meta property=\"og:locale\" content=\"pt_BR\" \/>\n<meta property=\"og:type\" content=\"article\" \/>\n<meta property=\"og:title\" content=\"Concurso SAF PI: edital em abril; 20 vagas!\" \/>\n<meta property=\"og:description\" content=\"Concurso SAF PI: edital est\u00e1 previsto para ser publicado em abril! Ser\u00e3o 20 vagas que j\u00e1 est\u00e3o autorizadas. Veja aqui!\" \/>\n<meta property=\"og:url\" content=\"https:\/\/www.estrategiaconcursos.com.br\/blog\/concurso-saf-pi\/\" \/>\n<meta property=\"og:site_name\" content=\"Estrat\u00e9gia Concursos\" \/>\n<meta property=\"article:published_time\" content=\"2026-03-09T11:17:00+00:00\" \/>\n<meta property=\"article:modified_time\" content=\"2026-03-09T17:56:13+00:00\" \/>\n<meta property=\"og:image\" content=\"https:\/\/dhg1h5j42swfq.cloudfront.net\/2025\/12\/29091346\/saf-pi.jpg\" \/>\n\t<meta property=\"og:image:width\" content=\"768\" \/>\n\t<meta property=\"og:image:height\" content=\"432\" \/>\n\t<meta property=\"og:image:type\" content=\"image\/jpeg\" \/>\n<meta name=\"author\" content=\"B\u00e1rbara Carvalho Santos\" \/>\n<meta name=\"twitter:card\" content=\"summary_large_image\" \/>\n<meta name=\"twitter:creator\" content=\"@EstratConcursos\" \/>\n<meta name=\"twitter:site\" content=\"@EstratConcursos\" \/>\n<meta name=\"twitter:label1\" content=\"Escrito por\" \/>\n\t<meta name=\"twitter:data1\" content=\"B\u00e1rbara Carvalho Santos\" \/>\n\t<meta name=\"twitter:label2\" content=\"Est. tempo de leitura\" \/>\n\t<meta name=\"twitter:data2\" content=\"2 minutos\" \/>\n<script type=\"application\/ld+json\" class=\"yoast-schema-graph\">{\"@context\":\"https:\/\/schema.org\",\"@graph\":[{\"@type\":\"NewsArticle\",\"@id\":\"https:\/\/www.estrategiaconcursos.com.br\/blog\/concurso-saf-pi\/#article\",\"isPartOf\":{\"@id\":\"https:\/\/www.estrategiaconcursos.com.br\/blog\/concurso-saf-pi\/\"},\"author\":{\"name\":\"B\u00e1rbara Carvalho Santos\",\"@id\":\"https:\/\/www.estrategiaconcursos.com.br\/blog\/#\/schema\/person\/e3882259fa157d54c44c21f4ee4e0e60\"},\"headline\":\"Concurso SAF PI: edital em abril; 20 vagas!\",\"datePublished\":\"2026-03-09T11:17:00+00:00\",\"dateModified\":\"2026-03-09T17:56:13+00:00\",\"mainEntityOfPage\":{\"@id\":\"https:\/\/www.estrategiaconcursos.com.br\/blog\/concurso-saf-pi\/\"},\"wordCount\":445,\"commentCount\":0,\"publisher\":{\"@id\":\"https:\/\/www.estrategiaconcursos.com.br\/blog\/#organization\"},\"image\":{\"@id\":\"https:\/\/www.estrategiaconcursos.com.br\/blog\/concurso-saf-pi\/#primaryimage\"},\"thumbnailUrl\":\"https:\/\/dhg1h5j42swfq.cloudfront.net\/2025\/12\/29091346\/saf-pi.jpg\",\"articleSection\":[\"Executivo (Administrativa)\"],\"inLanguage\":\"pt-BR\",\"potentialAction\":[{\"@type\":\"CommentAction\",\"name\":\"Comment\",\"target\":[\"https:\/\/www.estrategiaconcursos.com.br\/blog\/concurso-saf-pi\/#respond\"]}],\"copyrightYear\":\"2026\",\"copyrightHolder\":{\"@id\":\"https:\/\/www.estrategiaconcursos.com.br\/blog\/#organization\"}},{\"@type\":\"WebPage\",\"@id\":\"https:\/\/www.estrategiaconcursos.com.br\/blog\/concurso-saf-pi\/\",\"url\":\"https:\/\/www.estrategiaconcursos.com.br\/blog\/concurso-saf-pi\/\",\"name\":\"Concurso SAF PI: edital em abril; 20 vagas!\",\"isPartOf\":{\"@id\":\"https:\/\/www.estrategiaconcursos.com.br\/blog\/#website\"},\"primaryImageOfPage\":{\"@id\":\"https:\/\/www.estrategiaconcursos.com.br\/blog\/concurso-saf-pi\/#primaryimage\"},\"image\":{\"@id\":\"https:\/\/www.estrategiaconcursos.com.br\/blog\/concurso-saf-pi\/#primaryimage\"},\"thumbnailUrl\":\"https:\/\/dhg1h5j42swfq.cloudfront.net\/2025\/12\/29091346\/saf-pi.jpg\",\"datePublished\":\"2026-03-09T11:17:00+00:00\",\"dateModified\":\"2026-03-09T17:56:13+00:00\",\"description\":\"Concurso SAF PI: edital est\u00e1 previsto para ser publicado em abril! Ser\u00e3o 20 vagas que j\u00e1 est\u00e3o autorizadas. Veja aqui!\",\"breadcrumb\":{\"@id\":\"https:\/\/www.estrategiaconcursos.com.br\/blog\/concurso-saf-pi\/#breadcrumb\"},\"inLanguage\":\"pt-BR\",\"potentialAction\":[{\"@type\":\"ReadAction\",\"target\":[\"https:\/\/www.estrategiaconcursos.com.br\/blog\/concurso-saf-pi\/\"]}]},{\"@type\":\"ImageObject\",\"inLanguage\":\"pt-BR\",\"@id\":\"https:\/\/www.estrategiaconcursos.com.br\/blog\/concurso-saf-pi\/#primaryimage\",\"url\":\"https:\/\/dhg1h5j42swfq.cloudfront.net\/2025\/12\/29091346\/saf-pi.jpg\",\"contentUrl\":\"https:\/\/dhg1h5j42swfq.cloudfront.net\/2025\/12\/29091346\/saf-pi.jpg\",\"width\":768,\"height\":432},{\"@type\":\"BreadcrumbList\",\"@id\":\"https:\/\/www.estrategiaconcursos.com.br\/blog\/concurso-saf-pi\/#breadcrumb\",\"itemListElement\":[{\"@type\":\"ListItem\",\"position\":1,\"name\":\"In\u00edcio\",\"item\":\"https:\/\/www.estrategiaconcursos.com.br\/blog\/\"},{\"@type\":\"ListItem\",\"position\":2,\"name\":\"Concurso SAF PI: edital em abril; 20 vagas!\"}]},{\"@type\":\"WebSite\",\"@id\":\"https:\/\/www.estrategiaconcursos.com.br\/blog\/#website\",\"url\":\"https:\/\/www.estrategiaconcursos.com.br\/blog\/\",\"name\":\"Estrat\u00e9gia Concursos\",\"description\":\"O blog da Estrat\u00e9gia Concursos traz not\u00edcias sobre concursos e artigos de professores oferecendo cursos para concursos (pdf + videaulas) no site.\",\"publisher\":{\"@id\":\"https:\/\/www.estrategiaconcursos.com.br\/blog\/#organization\"},\"potentialAction\":[{\"@type\":\"SearchAction\",\"target\":{\"@type\":\"EntryPoint\",\"urlTemplate\":\"https:\/\/www.estrategiaconcursos.com.br\/blog\/?s={search_term_string}\"},\"query-input\":{\"@type\":\"PropertyValueSpecification\",\"valueRequired\":true,\"valueName\":\"search_term_string\"}}],\"inLanguage\":\"pt-BR\"},{\"@type\":\"Organization\",\"@id\":\"https:\/\/www.estrategiaconcursos.com.br\/blog\/#organization\",\"name\":\"Estrat\u00e9gia Concursos\",\"url\":\"https:\/\/www.estrategiaconcursos.com.br\/blog\/\",\"logo\":{\"@type\":\"ImageObject\",\"inLanguage\":\"pt-BR\",\"@id\":\"https:\/\/www.estrategiaconcursos.com.br\/blog\/#\/schema\/logo\/image\/\",\"url\":\"https:\/\/dhg1h5j42swfq.cloudfront.net\/2025\/06\/03203428\/logo_concursos-1.jpg\",\"contentUrl\":\"https:\/\/dhg1h5j42swfq.cloudfront.net\/2025\/06\/03203428\/logo_concursos-1.jpg\",\"width\":230,\"height\":60,\"caption\":\"Estrat\u00e9gia Concursos\"},\"image\":{\"@id\":\"https:\/\/www.estrategiaconcursos.com.br\/blog\/#\/schema\/logo\/image\/\"},\"sameAs\":[\"https:\/\/x.com\/EstratConcursos\"]},{\"@type\":\"Person\",\"@id\":\"https:\/\/www.estrategiaconcursos.com.br\/blog\/#\/schema\/person\/e3882259fa157d54c44c21f4ee4e0e60\",\"name\":\"B\u00e1rbara Carvalho Santos\",\"image\":{\"@type\":\"ImageObject\",\"inLanguage\":\"pt-BR\",\"@id\":\"https:\/\/secure.gravatar.com\/avatar\/353300f73140f779692b9be2b39f434d1341e4e34c7f55bd5a990fe29ef352eb?s=96&d=mm&r=g\",\"url\":\"https:\/\/secure.gravatar.com\/avatar\/353300f73140f779692b9be2b39f434d1341e4e34c7f55bd5a990fe29ef352eb?s=96&d=mm&r=g\",\"contentUrl\":\"https:\/\/secure.gravatar.com\/avatar\/353300f73140f779692b9be2b39f434d1341e4e34c7f55bd5a990fe29ef352eb?s=96&d=mm&r=g\",\"caption\":\"B\u00e1rbara Carvalho Santos\"},\"description\":\"M\u00e3e e jornalista formada pela UNIP, possui ampla experi\u00eancia na cobertura de entretenimento em grandes ve\u00edculos, como o site da CNN, RedeTV! e Estrat\u00e9gia Educacional. Atuou tamb\u00e9m em ag\u00eancias de marketing, produtoras musicais e assessorias de imprensa, com foco especial no trabalho com personalidades p\u00fablicas. Atualmente, integra a equipe do Estrat\u00e9gia Concursos, onde \u00e9 respons\u00e1vel pela produ\u00e7\u00e3o de conte\u00fados estrat\u00e9gicos voltados para o setor de concursos p\u00fablicos, com destaque para a \u00e1rea fiscal, gest\u00e3o, controle, concursos administrativos e Minist\u00e9rios participantes do CNU, al\u00e9m de diversos \u00f3rg\u00e3os federais. Tem como miss\u00e3o transformar informa\u00e7\u00f5es complexas em conte\u00fados acess\u00edveis, relevantes e de alto valor para quem sonha com uma carreira no servi\u00e7o p\u00fablico.\",\"url\":\"https:\/\/www.estrategiaconcursos.com.br\/blog\/author\/barbara-santos\/\"}]}<\/script>\n<!-- \/ Yoast SEO Premium plugin. -->","yoast_head_json":{"title":"Concurso SAF PI: edital em abril; 20 vagas!","description":"Concurso SAF PI: edital est\u00e1 previsto para ser publicado em abril! Ser\u00e3o 20 vagas que j\u00e1 est\u00e3o autorizadas. Veja aqui!","robots":{"index":"index","follow":"follow","max-snippet":"max-snippet:-1","max-image-preview":"max-image-preview:large","max-video-preview":"max-video-preview:-1"},"canonical":"https:\/\/www.estrategiaconcursos.com.br\/blog\/concurso-saf-pi\/","og_locale":"pt_BR","og_type":"article","og_title":"Concurso SAF PI: edital em abril; 20 vagas!","og_description":"Concurso SAF PI: edital est\u00e1 previsto para ser publicado em abril! Ser\u00e3o 20 vagas que j\u00e1 est\u00e3o autorizadas. Veja aqui!","og_url":"https:\/\/www.estrategiaconcursos.com.br\/blog\/concurso-saf-pi\/","og_site_name":"Estrat\u00e9gia Concursos","article_published_time":"2026-03-09T11:17:00+00:00","article_modified_time":"2026-03-09T17:56:13+00:00","og_image":[{"width":768,"height":432,"url":"https:\/\/dhg1h5j42swfq.cloudfront.net\/2025\/12\/29091346\/saf-pi.jpg","type":"image\/jpeg"}],"author":"B\u00e1rbara Carvalho Santos","twitter_card":"summary_large_image","twitter_creator":"@EstratConcursos","twitter_site":"@EstratConcursos","twitter_misc":{"Escrito por":"B\u00e1rbara Carvalho Santos","Est. tempo de leitura":"2 minutos"},"schema":{"@context":"https:\/\/schema.org","@graph":[{"@type":"NewsArticle","@id":"https:\/\/www.estrategiaconcursos.com.br\/blog\/concurso-saf-pi\/#article","isPartOf":{"@id":"https:\/\/www.estrategiaconcursos.com.br\/blog\/concurso-saf-pi\/"},"author":{"name":"B\u00e1rbara Carvalho Santos","@id":"https:\/\/www.estrategiaconcursos.com.br\/blog\/#\/schema\/person\/e3882259fa157d54c44c21f4ee4e0e60"},"headline":"Concurso SAF PI: edital em abril; 20 vagas!","datePublished":"2026-03-09T11:17:00+00:00","dateModified":"2026-03-09T17:56:13+00:00","mainEntityOfPage":{"@id":"https:\/\/www.estrategiaconcursos.com.br\/blog\/concurso-saf-pi\/"},"wordCount":445,"commentCount":0,"publisher":{"@id":"https:\/\/www.estrategiaconcursos.com.br\/blog\/#organization"},"image":{"@id":"https:\/\/www.estrategiaconcursos.com.br\/blog\/concurso-saf-pi\/#primaryimage"},"thumbnailUrl":"https:\/\/dhg1h5j42swfq.cloudfront.net\/2025\/12\/29091346\/saf-pi.jpg","articleSection":["Executivo (Administrativa)"],"inLanguage":"pt-BR","potentialAction":[{"@type":"CommentAction","name":"Comment","target":["https:\/\/www.estrategiaconcursos.com.br\/blog\/concurso-saf-pi\/#respond"]}],"copyrightYear":"2026","copyrightHolder":{"@id":"https:\/\/www.estrategiaconcursos.com.br\/blog\/#organization"}},{"@type":"WebPage","@id":"https:\/\/www.estrategiaconcursos.com.br\/blog\/concurso-saf-pi\/","url":"https:\/\/www.estrategiaconcursos.com.br\/blog\/concurso-saf-pi\/","name":"Concurso SAF PI: edital em abril; 20 vagas!","isPartOf":{"@id":"https:\/\/www.estrategiaconcursos.com.br\/blog\/#website"},"primaryImageOfPage":{"@id":"https:\/\/www.estrategiaconcursos.com.br\/blog\/concurso-saf-pi\/#primaryimage"},"image":{"@id":"https:\/\/www.estrategiaconcursos.com.br\/blog\/concurso-saf-pi\/#primaryimage"},"thumbnailUrl":"https:\/\/dhg1h5j42swfq.cloudfront.net\/2025\/12\/29091346\/saf-pi.jpg","datePublished":"2026-03-09T11:17:00+00:00","dateModified":"2026-03-09T17:56:13+00:00","description":"Concurso SAF PI: edital est\u00e1 previsto para ser publicado em abril! Ser\u00e3o 20 vagas que j\u00e1 est\u00e3o autorizadas. Veja aqui!","breadcrumb":{"@id":"https:\/\/www.estrategiaconcursos.com.br\/blog\/concurso-saf-pi\/#breadcrumb"},"inLanguage":"pt-BR","potentialAction":[{"@type":"ReadAction","target":["https:\/\/www.estrategiaconcursos.com.br\/blog\/concurso-saf-pi\/"]}]},{"@type":"ImageObject","inLanguage":"pt-BR","@id":"https:\/\/www.estrategiaconcursos.com.br\/blog\/concurso-saf-pi\/#primaryimage","url":"https:\/\/dhg1h5j42swfq.cloudfront.net\/2025\/12\/29091346\/saf-pi.jpg","contentUrl":"https:\/\/dhg1h5j42swfq.cloudfront.net\/2025\/12\/29091346\/saf-pi.jpg","width":768,"height":432},{"@type":"BreadcrumbList","@id":"https:\/\/www.estrategiaconcursos.com.br\/blog\/concurso-saf-pi\/#breadcrumb","itemListElement":[{"@type":"ListItem","position":1,"name":"In\u00edcio","item":"https:\/\/www.estrategiaconcursos.com.br\/blog\/"},{"@type":"ListItem","position":2,"name":"Concurso SAF PI: edital em abril; 20 vagas!"}]},{"@type":"WebSite","@id":"https:\/\/www.estrategiaconcursos.com.br\/blog\/#website","url":"https:\/\/www.estrategiaconcursos.com.br\/blog\/","name":"Estrat\u00e9gia Concursos","description":"O blog da Estrat\u00e9gia Concursos traz not\u00edcias sobre concursos e artigos de professores oferecendo cursos para concursos (pdf + videaulas) no site.","publisher":{"@id":"https:\/\/www.estrategiaconcursos.com.br\/blog\/#organization"},"potentialAction":[{"@type":"SearchAction","target":{"@type":"EntryPoint","urlTemplate":"https:\/\/www.estrategiaconcursos.com.br\/blog\/?s={search_term_string}"},"query-input":{"@type":"PropertyValueSpecification","valueRequired":true,"valueName":"search_term_string"}}],"inLanguage":"pt-BR"},{"@type":"Organization","@id":"https:\/\/www.estrategiaconcursos.com.br\/blog\/#organization","name":"Estrat\u00e9gia Concursos","url":"https:\/\/www.estrategiaconcursos.com.br\/blog\/","logo":{"@type":"ImageObject","inLanguage":"pt-BR","@id":"https:\/\/www.estrategiaconcursos.com.br\/blog\/#\/schema\/logo\/image\/","url":"https:\/\/dhg1h5j42swfq.cloudfront.net\/2025\/06\/03203428\/logo_concursos-1.jpg","contentUrl":"https:\/\/dhg1h5j42swfq.cloudfront.net\/2025\/06\/03203428\/logo_concursos-1.jpg","width":230,"height":60,"caption":"Estrat\u00e9gia Concursos"},"image":{"@id":"https:\/\/www.estrategiaconcursos.com.br\/blog\/#\/schema\/logo\/image\/"},"sameAs":["https:\/\/x.com\/EstratConcursos"]},{"@type":"Person","@id":"https:\/\/www.estrategiaconcursos.com.br\/blog\/#\/schema\/person\/e3882259fa157d54c44c21f4ee4e0e60","name":"B\u00e1rbara Carvalho Santos","image":{"@type":"ImageObject","inLanguage":"pt-BR","@id":"https:\/\/secure.gravatar.com\/avatar\/353300f73140f779692b9be2b39f434d1341e4e34c7f55bd5a990fe29ef352eb?s=96&d=mm&r=g","url":"https:\/\/secure.gravatar.com\/avatar\/353300f73140f779692b9be2b39f434d1341e4e34c7f55bd5a990fe29ef352eb?s=96&d=mm&r=g","contentUrl":"https:\/\/secure.gravatar.com\/avatar\/353300f73140f779692b9be2b39f434d1341e4e34c7f55bd5a990fe29ef352eb?s=96&d=mm&r=g","caption":"B\u00e1rbara Carvalho Santos"},"description":"M\u00e3e e jornalista formada pela UNIP, possui ampla experi\u00eancia na cobertura de entretenimento em grandes ve\u00edculos, como o site da CNN, RedeTV! e Estrat\u00e9gia Educacional. Atuou tamb\u00e9m em ag\u00eancias de marketing, produtoras musicais e assessorias de imprensa, com foco especial no trabalho com personalidades p\u00fablicas. Atualmente, integra a equipe do Estrat\u00e9gia Concursos, onde \u00e9 respons\u00e1vel pela produ\u00e7\u00e3o de conte\u00fados estrat\u00e9gicos voltados para o setor de concursos p\u00fablicos, com destaque para a \u00e1rea fiscal, gest\u00e3o, controle, concursos administrativos e Minist\u00e9rios participantes do CNU, al\u00e9m de diversos \u00f3rg\u00e3os federais. Tem como miss\u00e3o transformar informa\u00e7\u00f5es complexas em conte\u00fados acess\u00edveis, relevantes e de alto valor para quem sonha com uma carreira no servi\u00e7o p\u00fablico.","url":"https:\/\/www.estrategiaconcursos.com.br\/blog\/author\/barbara-santos\/"}]}},"_links":{"self":[{"href":"https:\/\/www.estrategiaconcursos.com.br\/blog\/wp-json\/wp\/v2\/posts\/1666821","targetHints":{"allow":["GET"]}}],"collection":[{"href":"https:\/\/www.estrategiaconcursos.com.br\/blog\/wp-json\/wp\/v2\/posts"}],"about":[{"href":"https:\/\/www.estrategiaconcursos.com.br\/blog\/wp-json\/wp\/v2\/types\/post"}],"author":[{"embeddable":true,"href":"https:\/\/www.estrategiaconcursos.com.br\/blog\/wp-json\/wp\/v2\/users\/2018"}],"replies":[{"embeddable":true,"href":"https:\/\/www.estrategiaconcursos.com.br\/blog\/wp-json\/wp\/v2\/comments?post=1666821"}],"version-history":[{"count":16,"href":"https:\/\/www.estrategiaconcursos.com.br\/blog\/wp-json\/wp\/v2\/posts\/1666821\/revisions"}],"predecessor-version":[{"id":1728246,"href":"https:\/\/www.estrategiaconcursos.com.br\/blog\/wp-json\/wp\/v2\/posts\/1666821\/revisions\/1728246"}],"wp:featuredmedia":[{"embeddable":true,"href":"https:\/\/www.estrategiaconcursos.com.br\/blog\/wp-json\/wp\/v2\/media\/1690987"}],"wp:attachment":[{"href":"https:\/\/www.estrategiaconcursos.com.br\/blog\/wp-json\/wp\/v2\/media?parent=1666821"}],"wp:term":[{"taxonomy":"category","embeddable":true,"href":"https:\/\/www.estrategiaconcursos.com.br\/blog\/wp-json\/wp\/v2\/categories?post=1666821"},{"taxonomy":"post_tag","embeddable":true,"href":"https:\/\/www.estrategiaconcursos.com.br\/blog\/wp-json\/wp\/v2\/tags?post=1666821"},{"taxonomy":"tax_estado","embeddable":true,"href":"https:\/\/www.estrategiaconcursos.com.br\/blog\/wp-json\/wp\/v2\/tax_estado?post=1666821"}],"curies":[{"name":"wp","href":"https:\/\/api.w.org\/{rel}","templated":true}]}}