{"id":1665624,"date":"2025-12-14T08:57:00","date_gmt":"2025-12-14T11:57:00","guid":{"rendered":"https:\/\/www.estrategiaconcursos.com.br\/blog\/?p=1665624"},"modified":"2025-11-24T16:31:11","modified_gmt":"2025-11-24T19:31:11","slug":"revogacao-beneficio-lei-complementar","status":"publish","type":"post","link":"https:\/\/www.estrategiaconcursos.com.br\/blog\/revogacao-beneficio-lei-complementar\/","title":{"rendered":"Revoga\u00e7\u00e3o de benef\u00edcio institu\u00eddo por lei complementar\u00a0"},"content":{"rendered":"\n<p>Ol\u00e1, tudo bem? Hoje falaremos sobre a possibilidade de revoga\u00e7\u00e3o de benef\u00edcio por lei ordin\u00e1ria, quando institu\u00eddo por lei complementar, conforme a jurisprud\u00eancia do Supremo Tribunal Federal (STF).<\/p>\n\n\n\n<p>De in\u00edcio, faremos uma breve abordagem sobre o processo legislativo envolvendo as leis ordin\u00e1rias e as leis complementares. Na sequ\u00eancia, abordaremos o que o STF decidiu no julgamento do Tema 1.352 de Repercuss\u00e3o Geral (Leading case ARE 1.521.802\/MG).<\/p>\n\n\n\n<p>Vamos ao que interessa!<\/p>\n\n\n\n<figure class=\"wp-block-image aligncenter size-large is-resized\"><img loading=\"lazy\" decoding=\"async\" width=\"1024\" height=\"683\" src=\"https:\/\/dhg1h5j42swfq.cloudfront.net\/2025\/11\/05072104\/natureza-morta-de-moedas-de-dolar-em-escala-1024x683.jpg\" alt=\"Revoga\u00e7\u00e3o de benef\u00edcio institu\u00eddo por lei complementar\u00a0\" class=\"wp-image-1665628\" style=\"width:790px;height:auto\" srcset=\"https:\/\/dhg1h5j42swfq.cloudfront.net\/2025\/11\/05072104\/natureza-morta-de-moedas-de-dolar-em-escala-1024x683.jpg 1024w, https:\/\/dhg1h5j42swfq.cloudfront.net\/2025\/11\/05072104\/natureza-morta-de-moedas-de-dolar-em-escala-300x200.jpg 300w, https:\/\/dhg1h5j42swfq.cloudfront.net\/2025\/11\/05072104\/natureza-morta-de-moedas-de-dolar-em-escala-768x512.jpg 768w, https:\/\/dhg1h5j42swfq.cloudfront.net\/2025\/11\/05072104\/natureza-morta-de-moedas-de-dolar-em-escala-1536x1025.jpg 1536w, https:\/\/dhg1h5j42swfq.cloudfront.net\/2025\/11\/05072104\/natureza-morta-de-moedas-de-dolar-em-escala-2048x1366.jpg 2048w, https:\/\/dhg1h5j42swfq.cloudfront.net\/2025\/11\/05072104\/natureza-morta-de-moedas-de-dolar-em-escala-150x100.jpg 150w\" sizes=\"auto, (max-width: 1024px) 100vw, 1024px\" \/><figcaption class=\"wp-element-caption\">Revoga\u00e7\u00e3o de benef\u00edcio institu\u00eddo por lei complementar\u00a0<\/figcaption><\/figure>\n\n\n\n<h2 class=\"wp-block-heading has-vivid-cyan-blue-color has-text-color has-link-color wp-elements-54457b11de525b6efbd2275d71e4cae9\">Revoga\u00e7\u00e3o de benef\u00edcio institu\u00eddo por lei complementar&nbsp;<\/h2>\n\n\n\n<h3 class=\"wp-block-heading has-vivid-cyan-blue-color has-text-color has-link-color wp-elements-bcb11e6fae34bd3ed28d03ad89ebb5b4\">Aprova\u00e7\u00e3o das leis ordin\u00e1rias e leis complementares<\/h3>\n\n\n\n<p>Quando falamos em \u201clei\u201d, em um sentido amplo, estamos nos referindo aos chamados atos normativos prim\u00e1rios, que s\u00e3o aqueles que retiram seu fundamento de validade diretamente do texto constitucional.&nbsp;<\/p>\n\n\n\n<p>Eles est\u00e3o previstos no artigo 59 da CF\/88, que, em seus incisos II e III, prev\u00ea a edi\u00e7\u00e3o de leis <strong>complementares <\/strong>e leis <strong>ordin\u00e1rias<\/strong>.<\/p>\n\n\n\n<p>Enquanto a <strong>lei ordin\u00e1ria exige apenas a aprova\u00e7\u00e3o do projeto de lei pela maioria relativa<\/strong> de cada Casa (art. 47 da CF\/88), a <strong>lei complementar <\/strong>exige a aprova\u00e7\u00e3o pela maioria absoluta (art. 69 da CF\/88).<\/p>\n\n\n\n<p>Em qualquer dos casos, claro, \u00e9 necess\u00e1ria a presen\u00e7a da maioria absoluta para in\u00edcio da vota\u00e7\u00e3o.<\/p>\n\n\n\n<h3 class=\"wp-block-heading has-vivid-cyan-blue-color has-text-color has-link-color wp-elements-7f8f6e3236fdbafde7e605352f3a2cbc\">Finalidade e inexist\u00eancia de hierarquia<\/h3>\n\n\n\n<p>Uma quest\u00e3o muito explorada em prova \u00e9 a poss\u00edvel hierarquia existente entre a lei complementar e a lei ordin\u00e1ria, uma vez que aquela possui um processo mais dif\u00edcil de aprova\u00e7\u00e3o do que esta \u00faltima.<\/p>\n\n\n\n<p>Entretanto, o STF j\u00e1 decidiu que <strong>n\u00e3o h\u00e1 rela\u00e7\u00e3o hier\u00e1rquica <\/strong>entre lei complementar e lei ordin\u00e1ria (vide <a href=\"https:\/\/jurisprudencia.stf.jus.br\/pages\/search\/sjur350715\/false\" target=\"_blank\" rel=\"noreferrer noopener\">RE 509300 AgR-EDv<\/a>, rel. min. Gilmar Mendes, j. 17\/03\/2016; e RE 381.964\/MG, rel. min. Gilmar Mendes, j. 17\/09\/2008).\u00a0<\/p>\n\n\n\n<p>Na verdade, o que as diferencia, al\u00e9m do rito de aprova\u00e7\u00e3o, \u00e9 que s\u00e3o esp\u00e9cies normativas <strong>formalmente distintas. Essa distin\u00e7\u00e3o formal se d\u00e1 exclusivamente pela mat\u00e9ria reservada \u00e0 lei complementar<\/strong> pela pr\u00f3pria Constitui\u00e7\u00e3o Federal. <\/p>\n\n\n\n<p>Em resumo, quando a CF\/88 diz que determinada mat\u00e9ria tem que ser disciplinada por lei complementar, n\u00e3o pode o legislador regulament\u00e1-la por meio de lei ordin\u00e1ria.<\/p>\n\n\n\n<h3 class=\"wp-block-heading has-vivid-cyan-blue-color has-text-color has-link-color wp-elements-b1f785640f184147e2b9610c5c6edb5a\">Possibilidade de revoga\u00e7\u00e3o de benef\u00edcio por lei ordin\u00e1ria, quando institu\u00eddo por Lei Complementar<\/h3>\n\n\n\n<h4 class=\"wp-block-heading has-vivid-cyan-blue-color has-text-color has-link-color wp-elements-ccd63daaf1d254c4768bf6009119729b\">Caso concreto e controv\u00e9rsia<\/h4>\n\n\n\n<p>Com essas premissas em mente, agora podemos abordar a decis\u00e3o do STF no julgamento do Recurso Extraordin\u00e1rio com Agravo <a href=\"https:\/\/portal.stf.jus.br\/processos\/detalhe.asp?incidente=7072851\" target=\"_blank\" rel=\"noreferrer noopener\">(ARE) n.\u00ba 1.521.802<\/a> (<a href=\"https:\/\/portal.stf.jus.br\/jurisprudenciaRepercussao\/verAndamentoProcesso.asp?incidente=7072851&amp;numeroProcesso=1521802&amp;classeProcesso=ARE&amp;numeroTema=1352\" target=\"_blank\" rel=\"noreferrer noopener\">Tema de Repercuss\u00e3o Geral n.\u00ba 1.352<\/a>).<\/p>\n\n\n\n<p>A quest\u00e3o em discuss\u00e3o era a <strong>possibilidade de revoga\u00e7\u00e3o por lei ordin\u00e1ria de benef\u00edcio implementado por lei complementar<\/strong>, no caso concreto, o <strong>aux\u00edlio-condu\u00e7\u00e3o.<\/strong>&nbsp;<\/p>\n\n\n\n<p>Em resumo, o Recurso Extraordin\u00e1rio foi interposto pelo Munic\u00edpio de Formiga-MG contra ac\u00f3rd\u00e3o de Turma Recursal que entendeu, em obedi\u00eancia ao princ\u00edpio do paralelismo das formas, pela concess\u00e3o do aux\u00edlio-condu\u00e7\u00e3o \u00e0 professora municipal, o qual est\u00e1 previsto no artigo 126 do Estatuto dos Profissionais da Educa\u00e7\u00e3o.&nbsp;<\/p>\n\n\n\n<p>O problema \u00e9 que o Estatuto dos Profissionais da Educa\u00e7\u00e3o do Munic\u00edpio de Formiga (art. 126 da <strong>Lei Complementar<\/strong> n\u00ba 44\/2011) conferiu aos servidores ocupantes dos cargos de magist\u00e9rio o referido adicional; <strong>no entanto, a Lei Ordin\u00e1ria n\u00ba 4.494\/2011, editada posteriormente ao Estatuto, n\u00e3o previu esse benef\u00edcio<\/strong>.<\/p>\n\n\n\n<p>Ou seja, em tese, <strong><\/strong><strong>a Lei Ordin\u00e1ria teria \u201crevogado\u201d neste ponto a Lei Complementar anteriormente editada.<\/strong><\/p>\n\n\n\n<p>Assim, no Recurso Extraordin\u00e1rio o Munic\u00edpio apontou ofensa aos artigos 2\u00ba, 37, <em>caput<\/em>, e 59 da Constitui\u00e7\u00e3o Federal, bem como \u00e0 S\u00famula Vinculante 37, uma vez que <strong>o ac\u00f3rd\u00e3o recorrido afastou a incid\u00eancia da Lei Ordin\u00e1ria<\/strong> n\u00ba 4.494\/2011, ainda que editada posteriormente ao mencionado estatuto, considerando que lei complementar n\u00e3o pode ser revogada por lei ordin\u00e1ria, em obedi\u00eancia ao princ\u00edpio do paralelismo das formas.<\/p>\n\n\n\n<h4 class=\"wp-block-heading has-vivid-cyan-blue-color has-text-color has-link-color wp-elements-7c7404b0ecf0751d4664fe4e39b9415f\">Tese fixada pelo STF e raz\u00f5es de decidir<\/h4>\n\n\n\n<p>Diante da controv\u00e9rsia acima, o STF firmou tese de repercuss\u00e3o geral no seguinte sentido:&nbsp;<\/p>\n\n\n\n<div class=\"wp-block-group has-background has-global-padding is-layout-constrained wp-block-group-is-layout-constrained\" style=\"background-color:#9b51e029\">\n<p>\u201c<strong>\u00c9 poss\u00edvel <\/strong>a revoga\u00e7\u00e3o ou altera\u00e7\u00e3o por lei ordin\u00e1ria de benef\u00edcio institu\u00eddo a servidor p\u00fablico por lei complementar quando materialmente ordin\u00e1ria, observado o princ\u00edpio da simetria\u201d.<\/p>\n<\/div>\n\n\n\n<p>Isso porque o STF considerou que o ac\u00f3rd\u00e3o recorrido estava em diverg\u00eancia com sua jurisprud\u00eancia, a qual foi firmada no sentido de que <strong>a Constitui\u00e7\u00e3o Federal n\u00e3o exige a edi\u00e7\u00e3o de lei complementar no caso de normas que versam sobre servidores p\u00fablicos<\/strong>.&nbsp;<\/p>\n\n\n\n<p>Desse modo, <strong>embora o Estatuto<\/strong> dos Profissionais da Educa\u00e7\u00e3o do Munic\u00edpio de Formiga<strong> tenha sido aprovado sob a denomina\u00e7\u00e3o formal de Lei Complementar<\/strong>, na verdade estamos diante de <strong>norma materialmente classific\u00e1vel como Lei Ordin\u00e1ria<\/strong>.<\/p>\n\n\n\n<p>Por esse motivo, \u00e9 plenamente poss\u00edvel que o art. 126 do Estatuto dos Profissionais da Educa\u00e7\u00e3o do Munic\u00edpio de Formiga (Lei Complementar n\u00ba 4.494\/2011) seja revogado por lei ordin\u00e1ria (Lei n\u00ba 4.494\/2011), considerando-se que, na hip\u00f3tese, <strong>o referido Estatuto tem \u201c<em>status<\/em>\u201d de lei ordin\u00e1ria, situa\u00e7\u00e3o que n\u00e3o ofende o devido processo legislativo constitucional, em observ\u00e2ncia ao princ\u00edpio da simetria<\/strong>.<\/p>\n\n\n\n<p>Assim sendo, o STF <strong>deu provimento ao recurso <\/strong>para cassar parcialmente o ac\u00f3rd\u00e3o recorrido, no ponto em que reconheceu o direito ao aux\u00edlio-condu\u00e7\u00e3o \u00e0 servidora p\u00fablica municipal, considerando-se que, na hip\u00f3tese dos autos, <strong>\u00e9 poss\u00edvel a revoga\u00e7\u00e3o por lei ordin\u00e1ria de benef\u00edcio que foi institu\u00eddo por lei complementar,<\/strong> uma vez que o Texto Constitucional n\u00e3o exige a edi\u00e7\u00e3o de lei complementar para disciplinar mat\u00e9ria envolvendo servidor p\u00fablico.<\/p>\n\n\n\n<h2 class=\"wp-block-heading has-vivid-cyan-blue-color has-text-color has-link-color wp-elements-6580bc21bf8576f2fbcfe64fb7362399\">Considera\u00e7\u00f5es finais<\/h2>\n\n\n\n<p>Portanto, pessoal, esse foi nosso breve resumo sobre a possibilidade de revoga\u00e7\u00e3o de benef\u00edcio por lei ordin\u00e1ria, quando institu\u00eddo por lei complementar, conforme a jurisprud\u00eancia do Supremo Tribunal Federal.<\/p>\n\n\n\n<p>Como visto, \u00e9 constitucional, e est\u00e1 em conson\u00e2ncia com as regras do processo legislativo e com o princ\u00edpio da simetria, a revoga\u00e7\u00e3o ou altera\u00e7\u00e3o, por lei ordin\u00e1ria, da regulamenta\u00e7\u00e3o de lei complementar, <span style=\"text-decoration: underline;\">quando esta possuir <em>status <\/em>de lei ordin\u00e1ria<\/span>.<\/p>\n\n\n\n<p>Nosso tempo aqui \u00e9 breve e n\u00e3o conseguimos, claro, esgotar o assunto. Portanto, n\u00e3o deixe de revisar o tema em seu material de estudo e praticar com diversas quest\u00f5es.<\/p>\n\n\n\n<p>At\u00e9 a pr\u00f3xima!<\/p>\n\n\n\n<figure class=\"wp-block-image aligncenter size-large is-resized\"><img decoding=\"async\" src=\"https:\/\/dhg1h5j42swfq.cloudfront.net\/2020\/09\/18141901\/Coruja_Concursos%404x-506x1024.png\" alt=\"Concursos 2024 Estrat\u00e9gia Concursos\" class=\"wp-image-574355\" style=\"aspect-ratio:0.5;width:30px;height:auto\"\/><\/figure>\n\n\n\n<h2 class=\"wp-block-heading has-text-align-center\" id=\"h-quer-saber-tudo-sobre-concursos-previstos-confira-nossos-artigos\">Quer saber tudo sobre concursos previstos?<br \/>Confira nossos artigos!<\/h2>\n\n\n\n<ul class=\"wp-block-list\">\n<li><a href=\"https:\/\/www.estrategiaconcursos.com.br\/blog\/concursos-abertos\/\" target=\"_blank\" rel=\"noreferrer noopener\">Concursos Abertos<\/a><\/li>\n\n\n\n<li><a href=\"https:\/\/www.estrategiaconcursos.com.br\/blog\/concursos-2025\/\">Concursos 2025<\/a><\/li>\n<\/ul>\n\n\n\n<div class=\"container\" id=\"boxes\">\n  <div class=\"row\">\n\n    <div class=\"col-sm\">\n      <div class=\"banner-estrat-corj\" id=\"box-assinatura\">\n        <h3 class=\"titulo-assinatura\" style=\"text-align: left;\">Concursos 2025<\/h3>\n        <p class=\"subtitulo-assinatura\" style=\"text-align: left;\">Explore os cursos preparat\u00f3rios completos! \u2728<\/p>\n        <div class=\"box-botao\" style=\"text-align: left;\">\n          <a class=\"btn-assinatura\" target=\"_blank\" href=\"https:\/\/www.estrategiaconcursos.com.br\/cursos\/concurso\/\" role=\"button\" rel=\"noopener noreferrer\">CLIQUE AQUI<\/a>\n        <\/div>\n      <\/div><\/div><\/div><\/div>\n\n\n\n<div class=\"container\" id=\"boxes\">\n  <div class=\"row\">\n\n    <div class=\"col-sm\">\n      <div class=\"estrategia\" id=\"box-assinatura\">\n        <h3 class=\"titulo-assinatura\">Assinatura Concursos<\/h3>\n        <p class=\"subtitulo-assinatura\">Assinatura de 1 ano ou 2 anos<\/p>\n        <div class=\"box-botao\">\n          <a class=\"btn-assinatura\" target=\"_blank\" href=\"https:\/\/www.estrategiaconcursos.com.br\/assinaturas\/\" role=\"button\" rel=\"noopener noreferrer\">ASSINE AGORA<\/a>\n        <\/div>\n      <\/div><\/div><\/div><\/div>\n","protected":false},"excerpt":{"rendered":"<p>Ol\u00e1, tudo bem? Hoje falaremos sobre a possibilidade de revoga\u00e7\u00e3o de benef\u00edcio por lei ordin\u00e1ria, quando institu\u00eddo por lei complementar, conforme a jurisprud\u00eancia do Supremo Tribunal Federal (STF). De in\u00edcio, faremos uma breve abordagem sobre o processo legislativo envolvendo as leis ordin\u00e1rias e as leis complementares. Na sequ\u00eancia, abordaremos o que o STF decidiu no [&hellip;]<\/p>\n","protected":false},"author":2567,"featured_media":1665628,"comment_status":"open","ping_status":"closed","sticky":false,"template":"","format":"standard","meta":{"post_tipo":"article","footnotes":""},"categories":[1],"tags":[],"tax_estado":[222299],"class_list":["post-1665624","post","type-post","status-publish","format-standard","has-post-thumbnail","hentry","category-cursos-e-concursos","tax_estado-sem-estado-definido"],"acf":[],"yoast_head":"<!-- This site is optimized with the Yoast SEO Premium plugin v27.2 (Yoast SEO v27.2) - https:\/\/yoast.com\/product\/yoast-seo-premium-wordpress\/ -->\n<title>Revoga\u00e7\u00e3o de benef\u00edcio institu\u00eddo por lei complementar\u00a0<\/title>\n<meta name=\"description\" content=\"Resumo sobre a possibilidade de revoga\u00e7\u00e3o de benef\u00edcio por lei ordin\u00e1ria, quando institu\u00eddo por lei complementar, conforme o STF.\" \/>\n<meta name=\"robots\" content=\"index, follow, max-snippet:-1, max-image-preview:large, max-video-preview:-1\" \/>\n<link rel=\"canonical\" href=\"https:\/\/www.estrategiaconcursos.com.br\/blog\/revogacao-beneficio-lei-complementar\/\" \/>\n<meta property=\"og:locale\" content=\"pt_BR\" \/>\n<meta property=\"og:type\" content=\"article\" \/>\n<meta property=\"og:title\" content=\"Revoga\u00e7\u00e3o de benef\u00edcio institu\u00eddo por lei complementar\u00a0\" \/>\n<meta property=\"og:description\" content=\"Resumo sobre a possibilidade de revoga\u00e7\u00e3o de benef\u00edcio por lei ordin\u00e1ria, quando institu\u00eddo por lei complementar, conforme o STF.\" \/>\n<meta property=\"og:url\" content=\"https:\/\/www.estrategiaconcursos.com.br\/blog\/revogacao-beneficio-lei-complementar\/\" \/>\n<meta property=\"og:site_name\" content=\"Estrat\u00e9gia Concursos\" \/>\n<meta property=\"article:published_time\" content=\"2025-12-14T11:57:00+00:00\" \/>\n<meta property=\"og:image\" content=\"https:\/\/dhg1h5j42swfq.cloudfront.net\/2025\/11\/05072104\/natureza-morta-de-moedas-de-dolar-em-escala-scaled.jpg\" \/>\n\t<meta property=\"og:image:width\" content=\"2560\" \/>\n\t<meta property=\"og:image:height\" content=\"1708\" \/>\n\t<meta property=\"og:image:type\" content=\"image\/jpeg\" \/>\n<meta name=\"author\" content=\"Frederico Tadeu Borlot Peixoto\" \/>\n<meta name=\"twitter:card\" content=\"summary_large_image\" \/>\n<meta name=\"twitter:creator\" content=\"@EstratConcursos\" \/>\n<meta name=\"twitter:site\" content=\"@EstratConcursos\" \/>\n<meta name=\"twitter:label1\" content=\"Escrito por\" \/>\n\t<meta name=\"twitter:data1\" content=\"Frederico Tadeu Borlot Peixoto\" \/>\n\t<meta name=\"twitter:label2\" content=\"Est. tempo de leitura\" \/>\n\t<meta name=\"twitter:data2\" content=\"5 minutos\" \/>\n<script type=\"application\/ld+json\" class=\"yoast-schema-graph\">{\"@context\":\"https:\/\/schema.org\",\"@graph\":[{\"@type\":\"NewsArticle\",\"@id\":\"https:\/\/www.estrategiaconcursos.com.br\/blog\/revogacao-beneficio-lei-complementar\/#article\",\"isPartOf\":{\"@id\":\"https:\/\/www.estrategiaconcursos.com.br\/blog\/revogacao-beneficio-lei-complementar\/\"},\"author\":{\"name\":\"Frederico Tadeu Borlot Peixoto\",\"@id\":\"https:\/\/www.estrategiaconcursos.com.br\/blog\/#\/schema\/person\/48a7e085e45aee7c3d4596399af50ebb\"},\"headline\":\"Revoga\u00e7\u00e3o de benef\u00edcio institu\u00eddo por lei complementar\u00a0\",\"datePublished\":\"2025-12-14T11:57:00+00:00\",\"mainEntityOfPage\":{\"@id\":\"https:\/\/www.estrategiaconcursos.com.br\/blog\/revogacao-beneficio-lei-complementar\/\"},\"wordCount\":1096,\"commentCount\":0,\"publisher\":{\"@id\":\"https:\/\/www.estrategiaconcursos.com.br\/blog\/#organization\"},\"image\":{\"@id\":\"https:\/\/www.estrategiaconcursos.com.br\/blog\/revogacao-beneficio-lei-complementar\/#primaryimage\"},\"thumbnailUrl\":\"https:\/\/dhg1h5j42swfq.cloudfront.net\/2025\/11\/05072104\/natureza-morta-de-moedas-de-dolar-em-escala-scaled.jpg\",\"articleSection\":[\"Concursos P\u00fablicos\"],\"inLanguage\":\"pt-BR\",\"potentialAction\":[{\"@type\":\"CommentAction\",\"name\":\"Comment\",\"target\":[\"https:\/\/www.estrategiaconcursos.com.br\/blog\/revogacao-beneficio-lei-complementar\/#respond\"]}],\"copyrightYear\":\"2025\",\"copyrightHolder\":{\"@id\":\"https:\/\/www.estrategiaconcursos.com.br\/blog\/#organization\"}},{\"@type\":\"WebPage\",\"@id\":\"https:\/\/www.estrategiaconcursos.com.br\/blog\/revogacao-beneficio-lei-complementar\/\",\"url\":\"https:\/\/www.estrategiaconcursos.com.br\/blog\/revogacao-beneficio-lei-complementar\/\",\"name\":\"Revoga\u00e7\u00e3o de benef\u00edcio institu\u00eddo por lei complementar\u00a0\",\"isPartOf\":{\"@id\":\"https:\/\/www.estrategiaconcursos.com.br\/blog\/#website\"},\"primaryImageOfPage\":{\"@id\":\"https:\/\/www.estrategiaconcursos.com.br\/blog\/revogacao-beneficio-lei-complementar\/#primaryimage\"},\"image\":{\"@id\":\"https:\/\/www.estrategiaconcursos.com.br\/blog\/revogacao-beneficio-lei-complementar\/#primaryimage\"},\"thumbnailUrl\":\"https:\/\/dhg1h5j42swfq.cloudfront.net\/2025\/11\/05072104\/natureza-morta-de-moedas-de-dolar-em-escala-scaled.jpg\",\"datePublished\":\"2025-12-14T11:57:00+00:00\",\"description\":\"Resumo sobre a possibilidade de revoga\u00e7\u00e3o de benef\u00edcio por lei ordin\u00e1ria, quando institu\u00eddo por lei complementar, conforme o STF.\",\"breadcrumb\":{\"@id\":\"https:\/\/www.estrategiaconcursos.com.br\/blog\/revogacao-beneficio-lei-complementar\/#breadcrumb\"},\"inLanguage\":\"pt-BR\",\"potentialAction\":[{\"@type\":\"ReadAction\",\"target\":[\"https:\/\/www.estrategiaconcursos.com.br\/blog\/revogacao-beneficio-lei-complementar\/\"]}]},{\"@type\":\"ImageObject\",\"inLanguage\":\"pt-BR\",\"@id\":\"https:\/\/www.estrategiaconcursos.com.br\/blog\/revogacao-beneficio-lei-complementar\/#primaryimage\",\"url\":\"https:\/\/dhg1h5j42swfq.cloudfront.net\/2025\/11\/05072104\/natureza-morta-de-moedas-de-dolar-em-escala-scaled.jpg\",\"contentUrl\":\"https:\/\/dhg1h5j42swfq.cloudfront.net\/2025\/11\/05072104\/natureza-morta-de-moedas-de-dolar-em-escala-scaled.jpg\",\"width\":2560,\"height\":1708,\"caption\":\"Revoga\u00e7\u00e3o de benef\u00edcio institu\u00eddo por lei complementar\u00a0\"},{\"@type\":\"BreadcrumbList\",\"@id\":\"https:\/\/www.estrategiaconcursos.com.br\/blog\/revogacao-beneficio-lei-complementar\/#breadcrumb\",\"itemListElement\":[{\"@type\":\"ListItem\",\"position\":1,\"name\":\"In\u00edcio\",\"item\":\"https:\/\/www.estrategiaconcursos.com.br\/blog\/\"},{\"@type\":\"ListItem\",\"position\":2,\"name\":\"Revoga\u00e7\u00e3o de benef\u00edcio institu\u00eddo por lei complementar\u00a0\"}]},{\"@type\":\"WebSite\",\"@id\":\"https:\/\/www.estrategiaconcursos.com.br\/blog\/#website\",\"url\":\"https:\/\/www.estrategiaconcursos.com.br\/blog\/\",\"name\":\"Estrat\u00e9gia Concursos\",\"description\":\"O blog da Estrat\u00e9gia Concursos traz not\u00edcias sobre concursos e artigos de professores oferecendo cursos para concursos (pdf + videaulas) no site.\",\"publisher\":{\"@id\":\"https:\/\/www.estrategiaconcursos.com.br\/blog\/#organization\"},\"potentialAction\":[{\"@type\":\"SearchAction\",\"target\":{\"@type\":\"EntryPoint\",\"urlTemplate\":\"https:\/\/www.estrategiaconcursos.com.br\/blog\/?s={search_term_string}\"},\"query-input\":{\"@type\":\"PropertyValueSpecification\",\"valueRequired\":true,\"valueName\":\"search_term_string\"}}],\"inLanguage\":\"pt-BR\"},{\"@type\":\"Organization\",\"@id\":\"https:\/\/www.estrategiaconcursos.com.br\/blog\/#organization\",\"name\":\"Estrat\u00e9gia Concursos\",\"url\":\"https:\/\/www.estrategiaconcursos.com.br\/blog\/\",\"logo\":{\"@type\":\"ImageObject\",\"inLanguage\":\"pt-BR\",\"@id\":\"https:\/\/www.estrategiaconcursos.com.br\/blog\/#\/schema\/logo\/image\/\",\"url\":\"https:\/\/dhg1h5j42swfq.cloudfront.net\/2025\/06\/03203428\/logo_concursos-1.jpg\",\"contentUrl\":\"https:\/\/dhg1h5j42swfq.cloudfront.net\/2025\/06\/03203428\/logo_concursos-1.jpg\",\"width\":230,\"height\":60,\"caption\":\"Estrat\u00e9gia Concursos\"},\"image\":{\"@id\":\"https:\/\/www.estrategiaconcursos.com.br\/blog\/#\/schema\/logo\/image\/\"},\"sameAs\":[\"https:\/\/x.com\/EstratConcursos\"]},{\"@type\":\"Person\",\"@id\":\"https:\/\/www.estrategiaconcursos.com.br\/blog\/#\/schema\/person\/48a7e085e45aee7c3d4596399af50ebb\",\"name\":\"Frederico Tadeu Borlot Peixoto\",\"image\":{\"@type\":\"ImageObject\",\"inLanguage\":\"pt-BR\",\"@id\":\"https:\/\/secure.gravatar.com\/avatar\/df8a49e2321c1e32f85e9e7c2a9c92c688f1f53a947220f40017ff5858b09fdb?s=96&d=mm&r=g\",\"url\":\"https:\/\/secure.gravatar.com\/avatar\/df8a49e2321c1e32f85e9e7c2a9c92c688f1f53a947220f40017ff5858b09fdb?s=96&d=mm&r=g\",\"contentUrl\":\"https:\/\/secure.gravatar.com\/avatar\/df8a49e2321c1e32f85e9e7c2a9c92c688f1f53a947220f40017ff5858b09fdb?s=96&d=mm&r=g\",\"caption\":\"Frederico Tadeu Borlot Peixoto\"},\"description\":\"Analista Judici\u00e1rio - \u00c1rea Judici\u00e1ria do TRF da 4\u00aa regi\u00e3o. Bacharel em Direito. P\u00f3s-graduado em Direito Administrativo, Legisla\u00e7\u00e3o Penal Especial, Direito Penal e Direito Processual Penal. Tamb\u00e9m nomeado no TRF da 3\u00aa regi\u00e3o (8\u00ba lugar); SPPREV (3\u00ba lugar); IFES (2\u00ba lugar); e PMES. https:\/\/www.instagram.com\/proffrederico\/\",\"sameAs\":[\"https:\/\/www.instagram.com\/proffrederico\/\"],\"url\":\"https:\/\/www.estrategiaconcursos.com.br\/blog\/author\/xfredericohotmail-com\/\"}]}<\/script>\n<!-- \/ Yoast SEO Premium plugin. -->","yoast_head_json":{"title":"Revoga\u00e7\u00e3o de benef\u00edcio institu\u00eddo por lei complementar\u00a0","description":"Resumo sobre a possibilidade de revoga\u00e7\u00e3o de benef\u00edcio por lei ordin\u00e1ria, quando institu\u00eddo por lei complementar, conforme o STF.","robots":{"index":"index","follow":"follow","max-snippet":"max-snippet:-1","max-image-preview":"max-image-preview:large","max-video-preview":"max-video-preview:-1"},"canonical":"https:\/\/www.estrategiaconcursos.com.br\/blog\/revogacao-beneficio-lei-complementar\/","og_locale":"pt_BR","og_type":"article","og_title":"Revoga\u00e7\u00e3o de benef\u00edcio institu\u00eddo por lei complementar\u00a0","og_description":"Resumo sobre a possibilidade de revoga\u00e7\u00e3o de benef\u00edcio por lei ordin\u00e1ria, quando institu\u00eddo por lei complementar, conforme o STF.","og_url":"https:\/\/www.estrategiaconcursos.com.br\/blog\/revogacao-beneficio-lei-complementar\/","og_site_name":"Estrat\u00e9gia Concursos","article_published_time":"2025-12-14T11:57:00+00:00","og_image":[{"width":2560,"height":1708,"url":"https:\/\/dhg1h5j42swfq.cloudfront.net\/2025\/11\/05072104\/natureza-morta-de-moedas-de-dolar-em-escala-scaled.jpg","type":"image\/jpeg"}],"author":"Frederico Tadeu Borlot Peixoto","twitter_card":"summary_large_image","twitter_creator":"@EstratConcursos","twitter_site":"@EstratConcursos","twitter_misc":{"Escrito por":"Frederico Tadeu Borlot Peixoto","Est. tempo de leitura":"5 minutos"},"schema":{"@context":"https:\/\/schema.org","@graph":[{"@type":"NewsArticle","@id":"https:\/\/www.estrategiaconcursos.com.br\/blog\/revogacao-beneficio-lei-complementar\/#article","isPartOf":{"@id":"https:\/\/www.estrategiaconcursos.com.br\/blog\/revogacao-beneficio-lei-complementar\/"},"author":{"name":"Frederico Tadeu Borlot Peixoto","@id":"https:\/\/www.estrategiaconcursos.com.br\/blog\/#\/schema\/person\/48a7e085e45aee7c3d4596399af50ebb"},"headline":"Revoga\u00e7\u00e3o de benef\u00edcio institu\u00eddo por lei complementar\u00a0","datePublished":"2025-12-14T11:57:00+00:00","mainEntityOfPage":{"@id":"https:\/\/www.estrategiaconcursos.com.br\/blog\/revogacao-beneficio-lei-complementar\/"},"wordCount":1096,"commentCount":0,"publisher":{"@id":"https:\/\/www.estrategiaconcursos.com.br\/blog\/#organization"},"image":{"@id":"https:\/\/www.estrategiaconcursos.com.br\/blog\/revogacao-beneficio-lei-complementar\/#primaryimage"},"thumbnailUrl":"https:\/\/dhg1h5j42swfq.cloudfront.net\/2025\/11\/05072104\/natureza-morta-de-moedas-de-dolar-em-escala-scaled.jpg","articleSection":["Concursos P\u00fablicos"],"inLanguage":"pt-BR","potentialAction":[{"@type":"CommentAction","name":"Comment","target":["https:\/\/www.estrategiaconcursos.com.br\/blog\/revogacao-beneficio-lei-complementar\/#respond"]}],"copyrightYear":"2025","copyrightHolder":{"@id":"https:\/\/www.estrategiaconcursos.com.br\/blog\/#organization"}},{"@type":"WebPage","@id":"https:\/\/www.estrategiaconcursos.com.br\/blog\/revogacao-beneficio-lei-complementar\/","url":"https:\/\/www.estrategiaconcursos.com.br\/blog\/revogacao-beneficio-lei-complementar\/","name":"Revoga\u00e7\u00e3o de benef\u00edcio institu\u00eddo por lei complementar\u00a0","isPartOf":{"@id":"https:\/\/www.estrategiaconcursos.com.br\/blog\/#website"},"primaryImageOfPage":{"@id":"https:\/\/www.estrategiaconcursos.com.br\/blog\/revogacao-beneficio-lei-complementar\/#primaryimage"},"image":{"@id":"https:\/\/www.estrategiaconcursos.com.br\/blog\/revogacao-beneficio-lei-complementar\/#primaryimage"},"thumbnailUrl":"https:\/\/dhg1h5j42swfq.cloudfront.net\/2025\/11\/05072104\/natureza-morta-de-moedas-de-dolar-em-escala-scaled.jpg","datePublished":"2025-12-14T11:57:00+00:00","description":"Resumo sobre a possibilidade de revoga\u00e7\u00e3o de benef\u00edcio por lei ordin\u00e1ria, quando institu\u00eddo por lei complementar, conforme o STF.","breadcrumb":{"@id":"https:\/\/www.estrategiaconcursos.com.br\/blog\/revogacao-beneficio-lei-complementar\/#breadcrumb"},"inLanguage":"pt-BR","potentialAction":[{"@type":"ReadAction","target":["https:\/\/www.estrategiaconcursos.com.br\/blog\/revogacao-beneficio-lei-complementar\/"]}]},{"@type":"ImageObject","inLanguage":"pt-BR","@id":"https:\/\/www.estrategiaconcursos.com.br\/blog\/revogacao-beneficio-lei-complementar\/#primaryimage","url":"https:\/\/dhg1h5j42swfq.cloudfront.net\/2025\/11\/05072104\/natureza-morta-de-moedas-de-dolar-em-escala-scaled.jpg","contentUrl":"https:\/\/dhg1h5j42swfq.cloudfront.net\/2025\/11\/05072104\/natureza-morta-de-moedas-de-dolar-em-escala-scaled.jpg","width":2560,"height":1708,"caption":"Revoga\u00e7\u00e3o de benef\u00edcio institu\u00eddo por lei complementar\u00a0"},{"@type":"BreadcrumbList","@id":"https:\/\/www.estrategiaconcursos.com.br\/blog\/revogacao-beneficio-lei-complementar\/#breadcrumb","itemListElement":[{"@type":"ListItem","position":1,"name":"In\u00edcio","item":"https:\/\/www.estrategiaconcursos.com.br\/blog\/"},{"@type":"ListItem","position":2,"name":"Revoga\u00e7\u00e3o de benef\u00edcio institu\u00eddo por lei complementar\u00a0"}]},{"@type":"WebSite","@id":"https:\/\/www.estrategiaconcursos.com.br\/blog\/#website","url":"https:\/\/www.estrategiaconcursos.com.br\/blog\/","name":"Estrat\u00e9gia Concursos","description":"O blog da Estrat\u00e9gia Concursos traz not\u00edcias sobre concursos e artigos de professores oferecendo cursos para concursos (pdf + videaulas) no site.","publisher":{"@id":"https:\/\/www.estrategiaconcursos.com.br\/blog\/#organization"},"potentialAction":[{"@type":"SearchAction","target":{"@type":"EntryPoint","urlTemplate":"https:\/\/www.estrategiaconcursos.com.br\/blog\/?s={search_term_string}"},"query-input":{"@type":"PropertyValueSpecification","valueRequired":true,"valueName":"search_term_string"}}],"inLanguage":"pt-BR"},{"@type":"Organization","@id":"https:\/\/www.estrategiaconcursos.com.br\/blog\/#organization","name":"Estrat\u00e9gia Concursos","url":"https:\/\/www.estrategiaconcursos.com.br\/blog\/","logo":{"@type":"ImageObject","inLanguage":"pt-BR","@id":"https:\/\/www.estrategiaconcursos.com.br\/blog\/#\/schema\/logo\/image\/","url":"https:\/\/dhg1h5j42swfq.cloudfront.net\/2025\/06\/03203428\/logo_concursos-1.jpg","contentUrl":"https:\/\/dhg1h5j42swfq.cloudfront.net\/2025\/06\/03203428\/logo_concursos-1.jpg","width":230,"height":60,"caption":"Estrat\u00e9gia Concursos"},"image":{"@id":"https:\/\/www.estrategiaconcursos.com.br\/blog\/#\/schema\/logo\/image\/"},"sameAs":["https:\/\/x.com\/EstratConcursos"]},{"@type":"Person","@id":"https:\/\/www.estrategiaconcursos.com.br\/blog\/#\/schema\/person\/48a7e085e45aee7c3d4596399af50ebb","name":"Frederico Tadeu Borlot Peixoto","image":{"@type":"ImageObject","inLanguage":"pt-BR","@id":"https:\/\/secure.gravatar.com\/avatar\/df8a49e2321c1e32f85e9e7c2a9c92c688f1f53a947220f40017ff5858b09fdb?s=96&d=mm&r=g","url":"https:\/\/secure.gravatar.com\/avatar\/df8a49e2321c1e32f85e9e7c2a9c92c688f1f53a947220f40017ff5858b09fdb?s=96&d=mm&r=g","contentUrl":"https:\/\/secure.gravatar.com\/avatar\/df8a49e2321c1e32f85e9e7c2a9c92c688f1f53a947220f40017ff5858b09fdb?s=96&d=mm&r=g","caption":"Frederico Tadeu Borlot Peixoto"},"description":"Analista Judici\u00e1rio - \u00c1rea Judici\u00e1ria do TRF da 4\u00aa regi\u00e3o. Bacharel em Direito. P\u00f3s-graduado em Direito Administrativo, Legisla\u00e7\u00e3o Penal Especial, Direito Penal e Direito Processual Penal. Tamb\u00e9m nomeado no TRF da 3\u00aa regi\u00e3o (8\u00ba lugar); SPPREV (3\u00ba lugar); IFES (2\u00ba lugar); e PMES. https:\/\/www.instagram.com\/proffrederico\/","sameAs":["https:\/\/www.instagram.com\/proffrederico\/"],"url":"https:\/\/www.estrategiaconcursos.com.br\/blog\/author\/xfredericohotmail-com\/"}]}},"_links":{"self":[{"href":"https:\/\/www.estrategiaconcursos.com.br\/blog\/wp-json\/wp\/v2\/posts\/1665624","targetHints":{"allow":["GET"]}}],"collection":[{"href":"https:\/\/www.estrategiaconcursos.com.br\/blog\/wp-json\/wp\/v2\/posts"}],"about":[{"href":"https:\/\/www.estrategiaconcursos.com.br\/blog\/wp-json\/wp\/v2\/types\/post"}],"author":[{"embeddable":true,"href":"https:\/\/www.estrategiaconcursos.com.br\/blog\/wp-json\/wp\/v2\/users\/2567"}],"replies":[{"embeddable":true,"href":"https:\/\/www.estrategiaconcursos.com.br\/blog\/wp-json\/wp\/v2\/comments?post=1665624"}],"version-history":[{"count":4,"href":"https:\/\/www.estrategiaconcursos.com.br\/blog\/wp-json\/wp\/v2\/posts\/1665624\/revisions"}],"predecessor-version":[{"id":1665633,"href":"https:\/\/www.estrategiaconcursos.com.br\/blog\/wp-json\/wp\/v2\/posts\/1665624\/revisions\/1665633"}],"wp:featuredmedia":[{"embeddable":true,"href":"https:\/\/www.estrategiaconcursos.com.br\/blog\/wp-json\/wp\/v2\/media\/1665628"}],"wp:attachment":[{"href":"https:\/\/www.estrategiaconcursos.com.br\/blog\/wp-json\/wp\/v2\/media?parent=1665624"}],"wp:term":[{"taxonomy":"category","embeddable":true,"href":"https:\/\/www.estrategiaconcursos.com.br\/blog\/wp-json\/wp\/v2\/categories?post=1665624"},{"taxonomy":"post_tag","embeddable":true,"href":"https:\/\/www.estrategiaconcursos.com.br\/blog\/wp-json\/wp\/v2\/tags?post=1665624"},{"taxonomy":"tax_estado","embeddable":true,"href":"https:\/\/www.estrategiaconcursos.com.br\/blog\/wp-json\/wp\/v2\/tax_estado?post=1665624"}],"curies":[{"name":"wp","href":"https:\/\/api.w.org\/{rel}","templated":true}]}}