{"id":1665417,"date":"2025-11-05T09:37:00","date_gmt":"2025-11-05T12:37:00","guid":{"rendered":"https:\/\/www.estrategiaconcursos.com.br\/blog\/?p=1665417"},"modified":"2025-11-18T17:28:13","modified_gmt":"2025-11-18T20:28:13","slug":"questoes-acentuacao-grafica-ja-cairam-concursos","status":"publish","type":"post","link":"https:\/\/www.estrategiaconcursos.com.br\/blog\/questoes-acentuacao-grafica-ja-cairam-concursos\/","title":{"rendered":"8 Quest\u00f5es de Acentua\u00e7\u00e3o Gr\u00e1fica\u00a0que j\u00e1 ca\u00edram em concursos"},"content":{"rendered":"\n<p style=\"font-size:clamp(14.082px, 0.88rem + ((1vw - 3.2px) * 0.678), 21px);\"><strong><em>Veja como as bancas cobram Acentua\u00e7\u00e3o Gr\u00e1fica e aprenda com quest\u00f5es reais de concursos p\u00fablicos<\/em><\/strong><\/p>\n\n\n\n<p>A <strong>acentua\u00e7\u00e3o gr\u00e1fica <\/strong>\u00e9 um dos temas mais<strong> tradicionais da L\u00edngua Portuguesa<\/strong> e aparece com frequ\u00eancia nas provas de concursos p\u00fablicos, especialmente nos de n\u00edvel m\u00e9dio e superior. <\/p>\n\n\n\n<p>Embora muitos candidatos considerem esse assunto simples, as bancas costumam elaborar quest\u00f5es que exigem aten\u00e7\u00e3o aos detalhes e dom\u00ednio das regras, desde o uso dos acentos diferenciais at\u00e9 a classifica\u00e7\u00e3o de ox\u00edtonas, parox\u00edtonas e proparox\u00edtonas.<\/p>\n\n\n\n<p>Compreender bem essas regras \u00e9 essencial n\u00e3o apenas para acertar quest\u00f5es diretas sobre o tema, mas tamb\u00e9m para melhorar o desempenho em interpreta\u00e7\u00e3o de texto, ortografia e at\u00e9 reda\u00e7\u00e3o oficial. Uma pequena distra\u00e7\u00e3o pode custar pontos preciosos, e treinar com quest\u00f5es reais faz toda a diferen\u00e7a.<\/p>\n\n\n\n<p>Neste artigo, reunimos <strong>quest\u00f5es de acentua\u00e7\u00e3o gr\u00e1fica que j\u00e1 ca\u00edram em concursos anteriores<\/strong>, permitindo que voc\u00ea observe como as bancas abordam o assunto, identifique os pontos que mais geram d\u00favida e aprofunde sua prepara\u00e7\u00e3o de forma pr\u00e1tica e objetiva.<\/p>\n\n\n\n<p><strong>Veja tamb\u00e9m:<\/strong><br \/>+ <a href=\"https:\/\/www.estrategiaconcursos.com.br\/blog\/questoes-interpretacao-texto-que-ja-cairam-concursos\/\" target=\"_blank\" rel=\"noreferrer noopener\">Quest\u00f5es de Interpreta\u00e7\u00e3o de Texto que j\u00e1 ca\u00edram em concursos<\/a><br \/><strong>+<\/strong> <a href=\"https:\/\/www.estrategiaconcursos.com.br\/blog\/questoes-portugues-ja-cairam-concursos\/\" target=\"_blank\" rel=\"noreferrer noopener\">9 quest\u00f5es de Portugu\u00eas que j\u00e1 ca\u00edram em concursos<\/a><strong><br \/>+<\/strong> <a href=\"https:\/\/www.estrategiaconcursos.com.br\/blog\/como-estudar-por-questoes-de-concurso\/\" target=\"_blank\" rel=\"noreferrer noopener\">Como estudar por meio de quest\u00f5es?<\/a><\/p>\n\n\n\n<p>A ideia \u00e9 que, ao analisar e resolver essas quest\u00f5es, voc\u00ea consiga identificar padr\u00f5es, aprimorar seu racioc\u00ednio e se preparar de forma mais estrat\u00e9gica para os pr\u00f3ximos desafios.<\/p>\n\n\n\n<div class=\"container\" id=\"boxes\">\n  <div class=\"row\">\n\n<div class=\"col-sm\">\n      <div class=\"questoes\" id=\"box-assinatura\">\n        <h3 class=\"titulo-assinatura\">Sistema de Quest\u00f5es EC<\/h3>\n        <p class=\"subtitulo-assinatura\">S\u00e3o mais de 2 milh\u00f5es de quest\u00f5es cadastradas!\n<\/p>\n        <div class=\"box-botao\">\n          <a class=\"btn-assinatura\" target=\"_blank\" href=\"https:\/\/www.estrategiaconcursos.com.br\/pesquisa\/?q=sistema+questoes\" role=\"button\" rel=\"noopener noreferrer\">ASSINE AGORA<\/a>\n      <\/div>\n      <\/div><\/div><\/div><\/div>\n\n\n\n<h2 class=\"wp-block-heading\" id=\"h-concurso-compesa-pe\">Concurso COMPESA PE<\/h2>\n\n\n\n<ul class=\"wp-block-list\">\n<li><em>Banca: FGV<\/em><\/li>\n\n\n\n<li><em>Ano: 2018 <\/em><\/li>\n\n\n\n<li><em>Cargo: Analista de Saneamento &#8211; Engenheiro Cart\u00f3grafo<\/em><\/li>\n<\/ul>\n\n\n\n<p><strong>Texto 1<\/strong><\/p>\n\n\n\n<p><strong>A Pol\u00edtica de Toler\u00e2ncia Zero<\/strong><\/p>\n\n\n\n<p>Suas vozes fr\u00e1geis e seus corpos mi\u00fados sugerem que elas n\u00e3o t\u00eam mais de 7 anos, mas j\u00e1 conhecem a brutal realidade dos desaventurados cuja sina \u00e9 cruzar fronteiras para sobreviver. O drama dessas crian\u00e7as tiradas dos bra\u00e7os de seus pais e m\u00e3es pela \u201cpol\u00edtica de toler\u00e2ncia zero\u201d do governo americano tem comovido o mundo e dividido o pa\u00eds do presidente Donald Trump. Os relatos s\u00e3o de solid\u00e3o e desespero para essas fam\u00edlias divididas, que, n\u00e3o raro, mal podem se comunicar com o mundo exterior e n\u00e3o conseguem informa\u00e7\u00f5es sobre o paradeiro de seus parentes ap\u00f3s terem cruzado a fronteira do M\u00e9xico para os EUA em busca de uma vida menos dif\u00edcil. Em vez de encontrarem a realiza\u00e7\u00e3o de seu \u201csonho americano\u201d, elas v\u00eam sendo recebidas por essa pr\u00e1tica de hostilidade refor\u00e7ada na zona fronteiri\u00e7a, que j\u00e1 separou mais de 2300 crian\u00e7as de seus pais desde abril.<\/p>\n\n\n\n<p>\u00c9poca, n\u00ba 1043. Adaptado.<\/p>\n\n\n\n<p><strong>Texto 2<\/strong><\/p>\n\n\n\n<p>\u201cIsso \u00e9 inacredit\u00e1vel. Autoridades do governo Trump est\u00e3o enviando beb\u00eas e crian\u00e7as pequenas&#8230; desculpem&#8230; h\u00e1 pelo menos tr\u00eas&#8230;\u201d. Foi o que conseguiu dizer Rachel Maddow, \u00e2ncora da MSNBC, antes de se render \u00e0s l\u00e1grimas ao tentar noticiar esse drama infantil latino-americano, num v\u00eddeo que j\u00e1 viralizou\u201d.<\/p>\n\n\n\n<p>\u00c9poca, n\u00ba 1043, p. 11.<\/p>\n\n\n\n<p>\u201cSuas vozes fr\u00e1geis e seus corpos mi\u00fados sugerem que elas n\u00e3o t\u00eam mais de 7 anos, \/ mas j\u00e1 conhecem a brutal realidade dos desaventurados cuja sina \u00e9 cruzar fronteiras para sobreviver.\u201d<\/p>\n\n\n\n<p>Na digita\u00e7\u00e3o desse segmento do texto, o corretor sublinhou um termo, indicando-o como inadequado. Assinale a op\u00e7\u00e3o que indica o termo destacado.<\/p>\n\n\n\n<p>A) \u201cdesaventurados\u201d, que deveria estar grafado \u201cdesventurados\u201d.<\/p>\n\n\n\n<p>B) a forma verbal \u201ct\u00eam\u201d, que deveria ser grafada sem acento.<\/p>\n\n\n\n<p>C) a m\u00e1 posi\u00e7\u00e3o do adjetivo em \u201cbrutal realidade\u201d, que deveria ser substitu\u00edda por \u201crealidade brutal\u201d.<\/p>\n\n\n\n<p>D) a forma verbal \u201csobreviver\u201d que deveria ser trocada por \u201csobreviverem\u201d.<\/p>\n\n\n\n<p>E) a forma do relativo \u201ccuja\u201d deveria ser alterada para \u201cem que\u201d.<\/p>\n\n\n\n<details class=\"wp-block-details is-layout-flow wp-block-details-is-layout-flow\"><summary><strong>Resposta<\/strong><\/summary>\n<p><strong>A)<\/strong> \u201cdesaventurados\u201d, que deveria estar grafado \u201cdesventurados\u201d.<\/p>\n<\/details>\n\n\n\n<hr class=\"wp-block-separator has-alpha-channel-opacity is-style-dots\"\/>\n\n\n\n<h2 class=\"wp-block-heading\" id=\"h-concurso-pc-sp\">Concurso PC SP<\/h2>\n\n\n\n<ul class=\"wp-block-list\">\n<li><em>Banca: Funda\u00e7\u00e3o VUNESP <\/em><\/li>\n\n\n\n<li><em>Ano: 2018<\/em><\/li>\n\n\n\n<li><em>Cargo: Investigador de Pol\u00edcia<\/em><\/li>\n<\/ul>\n\n\n\n<p>Embora Freud tenha sa\u00eddo _____\u00a0campo para testar suas ideias, seu m\u00e9todo n\u00e3o tinha o mesmo rigor cient\u00edfico atual, em que n\u00e3o basta confirmar ______ hip\u00f3teses \u2013 \u00e9 preciso tentar neg\u00e1-las. Se elas resistirem ______ tentativa de refuta\u00e7\u00e3o, provisoriamente mantemos nossa cren\u00e7a. (Galileu, novembro de 2017. Adaptado)\u00a0<\/p>\n\n\n\n<p>De acordo com a norma-padr\u00e3o, as lacunas do texto devem ser preenchidas, correta e respectivamente, com:<\/p>\n\n\n\n<p>A) \u00e0 \u2026 \u00e0s \u2026 a<\/p>\n\n\n\n<p>B) a \u2026 as \u2026 a<\/p>\n\n\n\n<p>C) \u00e0 \u2026 as \u2026 \u00e0<\/p>\n\n\n\n<p>D) a \u2026 \u00e0s \u2026 \u00e0<\/p>\n\n\n\n<p>E) a \u2026 as \u2026 \u00e0<\/p>\n\n\n\n<details class=\"wp-block-details is-layout-flow wp-block-details-is-layout-flow\"><summary><strong>Resposta<\/strong><\/summary>\n<p><strong>E)<\/strong> a \u2026 as \u2026 \u00e0<\/p>\n<\/details>\n\n\n\n<hr class=\"wp-block-separator has-alpha-channel-opacity is-style-dots\"\/>\n\n\n\n<h2 class=\"wp-block-heading\" id=\"h-concurso-prefeitura-de-passo-do-sobrado-rs\">Concurso Prefeitura de Passo do Sobrado RS<\/h2>\n\n\n\n<ul class=\"wp-block-list\">\n<li><em>Banca: Fundatec <\/em><\/li>\n\n\n\n<li><em>Ano: 2024<\/em><\/li>\n\n\n\n<li><em>Cargo: Agente Fazend\u00e1rio<\/em><\/li>\n<\/ul>\n\n\n\n<p>Analise as assertivas abaixo:&nbsp;<\/p>\n\n\n\n<p>I. A palavra \u201c\u00c1gua-de-col\u00f4nia\u201d leva h\u00edfen porque \u00e9 uma palavra composta.&nbsp;<\/p>\n\n\n\n<p>II. As palavras \u201ccachorro\u201d e \u201cmenino\u201d t\u00eam seis fonemas cada.&nbsp;<\/p>\n\n\n\n<p>III. A palavra \u201cpa\u00eds\u201d \u00e9 acentuada conforme a regra do hiato.&nbsp;<\/p>\n\n\n\n<p>Quais est\u00e3o corretas?<\/p>\n\n\n\n<p>A) Apenas II.\u00a0<\/p>\n\n\n\n<p>B) Apenas III.\u00a0<\/p>\n\n\n\n<p>C) Apenas I e II.\u00a0<\/p>\n\n\n\n<p>D) Apenas II e III.\u00a0<\/p>\n\n\n\n<p>E) I, II e III.\u00a0<\/p>\n\n\n\n<details class=\"wp-block-details is-layout-flow wp-block-details-is-layout-flow\"><summary><strong>Resposta<\/strong><\/summary>\n<p><strong>E)<\/strong> I, II e III.\u00a0<\/p>\n<\/details>\n\n\n\n<hr class=\"wp-block-separator has-alpha-channel-opacity is-style-dots\"\/>\n\n\n\n<h2 class=\"wp-block-heading\" id=\"h-concurso-policia-federal\">Concurso Pol\u00edcia Federal<\/h2>\n\n\n\n<ul class=\"wp-block-list\">\n<li><em>Banca: Cebraspe<\/em><\/li>\n\n\n\n<li><em>Ano: 2025<\/em><\/li>\n\n\n\n<li><em>Cargo: Perito Criminal Federal &#8211; \u00c1rea: Cont\u00e1bil\/Financeira<\/em><\/li>\n<\/ul>\n\n\n\n<p>A intelig\u00eancia artificial (IA) tem desempenhado papel cada vez mais importante nos \u00faltimos anos. M\u00e1quinas n\u00e3o se limitam mais a executar tarefas f\u00edsicas, pois tamb\u00e9m desempenham fun\u00e7\u00f5es intelectuais que exigem o que se considera intelig\u00eancia.<\/p>\n\n\n\n<p>Inicialmente, a IA foi aplicada principalmente na solu\u00e7\u00e3o de problemas do mundo real por meio da programa\u00e7\u00e3o do conhecimento de especialistas em programas de computador. Esses programas, chamados de sistemas especialistas ou sistemas baseados em conhecimento, foram desenvolvidos com base em entrevistas com especialistas em determinadas \u00e1reas. No entanto, havia limita\u00e7\u00f5es, como subjetividade e falta de coopera\u00e7\u00e3o dos especialistas.<\/p>\n\n\n\n<p>Atualmente \u00e9 grande o entusiasmo em rela\u00e7\u00e3o aos potenciais benef\u00edcios da IA, de forma que m\u00e1quinas est\u00e3o aprendendo a dirigir carros independentes e tradutores autom\u00e1ticos est\u00e3o se tornando cada vez mais precisos. Al\u00e9m disso, a IA est\u00e1 presente em tarefas cotidianas como ler <em>emails<\/em>, lavar roupas e recomendar filmes em plataformas de <em>streaming<\/em>.<\/p>\n\n\n\n<p>O r\u00e1pido desenvolvimento de tecnologias para processamento e armazenamento de dados tem impulsionado o crescimento da IA e, \u00e0 medida que os problemas se tornam mais complexos e a quantidade de dados aumenta, \u00e9 necess\u00e1rio desenvolver ferramentas computacionais avan\u00e7adas e personalizadas, baseadas no aprendizado de m\u00e1quina, que dependem cada vez menos da interven\u00e7\u00e3o humana. No entanto, esse desenvolvimento vem acompanhado de preocupa\u00e7\u00f5es, principalmente em rela\u00e7\u00e3o \u00e0 \u00e9tica e ao impacto na sociedade, considerando-se quest\u00f5es legais e de responsabilidade, para garantir que a IA seja ben\u00e9fica e justa.<\/p>\n\n\n\n<p>Jhadson Silva Leonel, Camila Ferreira Silva Leonel, Jonas Byk, Silvania da Concei\u00e7\u00e3o Furtado. <strong>Intelig\u00eancia artificial<\/strong>: desafios \u00e9ticos e futuros. <strong>Revista Bio\u00e9tica<\/strong>, 32, 2024 (com adapta\u00e7\u00f5es).<\/p>\n\n\n\n<p>A respeito do texto precedente, de suas ideias e de seus aspectos lingu\u00edsticos, julgue o item subsequente.<\/p>\n\n\n\n<p>No primeiro per\u00edodo do \u00faltimo par\u00e1grafo, a flex\u00e3o da forma verbal \u201ctem\u201d no plural \u2014 <strong>t\u00eam <\/strong>\u2014 prejudicaria a corre\u00e7\u00e3o gramatical do texto.<\/p>\n\n\n\n<p>C) Certo.<\/p>\n\n\n\n<p>E) Errado.<\/p>\n\n\n\n<details class=\"wp-block-details is-layout-flow wp-block-details-is-layout-flow\"><summary><strong>Resposta<\/strong><\/summary>\n<p><strong>C) <\/strong>Certo<\/p>\n<\/details>\n\n\n\n<hr class=\"wp-block-separator has-alpha-channel-opacity is-style-dots\"\/>\n\n\n\n<h2 class=\"wp-block-heading\" id=\"h-concurso-sefaz-ms\">Concurso Sefaz MS<\/h2>\n\n\n\n<ul class=\"wp-block-list\">\n<li><em>Banca: ESAF <\/em><\/li>\n\n\n\n<li><em>Ano: 2001<\/em><\/li>\n\n\n\n<li><em>Cargo: Agente Tribut\u00e1rio Estadual<\/em><\/li>\n<\/ul>\n\n\n\n<p>Leia o texto adaptado de diploma legal e, em seguida, responda \u00e0 quest\u00e3o.<\/p>\n\n\n\n<p>O imposto \u00e9 tachado no momento:<\/p>\n\n\n\n<p>I &#8211; da saida de mercadoria de estabelecimento de contribuinte, ainda que para outro estabelecimento do mesmo titular;<\/p>\n\n\n\n<p>II &#8211; do fornecimento de alimenta\u00e7\u00e3o, bebidas e outras mercadorias por qualquer estabelecimento;<\/p>\n\n\n\n<p>III &#8211; da transmiss\u00e3o a terceiro de mercadoria depositada em armazem geral ou em dep\u00f3sito fechado, neste Estado;<\/p>\n\n\n\n<p>IV &#8211; da transmiss\u00e3o de propriedade de mercadoria, ou de t\u00edtulo que a represente, quando a mercadoria n\u00e3o tiver transitado pelo estabelecimento transmitente;<\/p>\n\n\n\n<p>V &#8211; do in\u00edcio da presta\u00e7\u00e3o de servi\u00e7os de transporte, de qualquer natureza;<\/p>\n\n\n\n<p>VI &#8211; do ato final do transporte iniciado no exterior;<\/p>\n\n\n\n<p>VII &#8211; do fornecimento de mercadoria com presta\u00e7\u00e3o de servi\u00e7os n\u00e3o compreendidos na compet\u00eancia tribut\u00e1ria dos Munic\u00edpios.<\/p>\n\n\n\n<p>Quanto \u00e0 ortografia, ocorre(m) neste texto<\/p>\n\n\n\n<p>A) um erro.<\/p>\n\n\n\n<p>B) nenhum erro.<\/p>\n\n\n\n<p>C) dois erros.<\/p>\n\n\n\n<p>D) tr\u00eas erros.<\/p>\n\n\n\n<p>E) quatro erros.<\/p>\n\n\n\n<details class=\"wp-block-details is-layout-flow wp-block-details-is-layout-flow\"><summary><strong>Resposta<\/strong><\/summary>\n<p><strong>D)<\/strong> tr\u00eas erros.<\/p>\n<\/details>\n\n\n\n<hr class=\"wp-block-separator has-alpha-channel-opacity is-style-dots\"\/>\n\n\n\n<h2 class=\"wp-block-heading\" id=\"h-concurso-alba\">Concurso ALBA<\/h2>\n\n\n\n<ul class=\"wp-block-list\">\n<li><em>Banca: FGV<\/em><\/li>\n\n\n\n<li><em>Ano: 2014<\/em><\/li>\n\n\n\n<li><em>Cargo: T\u00e9cnico Superior &#8211; Reda\u00e7\u00e3o e Revis\u00e3o Legislativa: Letras<\/em><\/li>\n<\/ul>\n\n\n\n<p>Ao escrever\u2010se um texto no computador, o corretor autom\u00e1tico sublinhou de vermelho a palavra&nbsp;<em>\u201ccortesmente\u201d<\/em>, indicando poss\u00edvel erro. Isso se explica porque<\/p>\n\n\n\n<p>A) falta o acento circunflexo, j\u00e1 que o adv\u00e9rbio \u00e9 derivado do adjetivo<em>\u00a0\u201ccort\u00eas\u201d.<\/em><\/p>\n\n\n\n<p>B) a forma correta do adv\u00e9rbio \u00e9<em>\u00a0\u201ccortesamente\u201d<\/em>, j\u00e1 que esses adv\u00e9rbios se formam a partir do feminino dos adjetivos.<\/p>\n\n\n\n<p>C) nos dicion\u00e1rios n\u00e3o est\u00e3o presentes muitos dos adv\u00e9rbios em \u2013mente, o que faz o corretor indicar \u201ccortesmente\u201d como forma errada.<\/p>\n\n\n\n<p>D) a grafia do adv\u00e9rbio est\u00e1 errada, j\u00e1 que o adjetivo se grafa com Z final e n\u00e3o com S.<\/p>\n\n\n\n<p>E) se trata de um neologismo, visto que nem todos os adjetivos formam derivados em \u2013mente.<\/p>\n\n\n\n<details class=\"wp-block-details is-layout-flow wp-block-details-is-layout-flow\"><summary><strong>Resposta<\/strong><\/summary>\n<p><strong>C)<\/strong> nos dicion\u00e1rios n\u00e3o est\u00e3o presentes muitos dos adv\u00e9rbios em \u2013mente, o que faz o corretor indicar \u201ccortesmente\u201d como forma errada.<\/p>\n<\/details>\n\n\n\n<hr class=\"wp-block-separator has-alpha-channel-opacity is-style-dots\"\/>\n\n\n\n<h2 class=\"wp-block-heading\" id=\"h-concurso-tre-al\">Concurso TRE AL<\/h2>\n\n\n\n<ul class=\"wp-block-list\">\n<li><em>Banca: Cebraspe<\/em><\/li>\n\n\n\n<li><em>Ano: 2004<\/em><\/li>\n\n\n\n<li><em>Cargo: Analista Judici\u00e1rio &#8211; Taquigrafia<\/em><\/li>\n<\/ul>\n\n\n\n<p>Considerando que os fragmentos inclu\u00eddos no item seguinte, na ordem em que est\u00e3o apresentados, s\u00e3o partes sucessivas de um texto, julgue-os com refer\u00eancia \u00e0 ortografia oficial e \u00e0 acentua\u00e7\u00e3o gr\u00e1fica.<\/p>\n\n\n\n<p>No intuito de apurar a qualidade dos servi\u00e7os prestados aos cidad\u00e3os usu\u00e1rios dos servi\u00e7os p\u00fablicos estaduais, \u00e9 necess\u00e1rio avaliar periodicamente o atendimento \u00e0 coletividade.<\/p>\n\n\n\n<p>C) Certo.<\/p>\n\n\n\n<p>E) Errado.<\/p>\n\n\n\n<details class=\"wp-block-details is-layout-flow wp-block-details-is-layout-flow\"><summary><strong>Resposta<\/strong><\/summary>\n<p><strong>C) <\/strong>Certo.<\/p>\n<\/details>\n\n\n\n<hr class=\"wp-block-separator has-alpha-channel-opacity is-style-dots\"\/>\n\n\n\n<h2 class=\"wp-block-heading\" id=\"h-concurso-pm-ap\">Concurso PM AP<\/h2>\n\n\n\n<ul class=\"wp-block-list\">\n<li><em>Banca: FCC<\/em><\/li>\n\n\n\n<li><em>Ano: 2017<\/em><\/li>\n\n\n\n<li><em>Cargo: Soldado<\/em><\/li>\n<\/ul>\n\n\n\n<p>A frase redigida em conformidade com a norma-padr\u00e3o da l\u00edngua portuguesa \u00e9:&nbsp;<\/p>\n\n\n\n<p>A) O sentido dos ditados aos quais aprendemos na inf\u00e2ncia se alterar\u00e3o conforme nos exp\u00f4ssemos \u00e0 novas situa\u00e7\u00f5es.\u00a0<\/p>\n\n\n\n<p>B) Os proverbios, ou ditados, transmite \u00e0 cada um de n\u00f3s ensinamentos do qual s\u00e3o \u00fateis para a boa conviv\u00eancia.\u00a0<\/p>\n\n\n\n<p>C) Os ditados ap\u00f3iam-se no sensu comum e pode ter preconceito, como qualquer textos que s\u00e3o coletivo.\u00a0<\/p>\n\n\n\n<p>D) A universalidade dos conte\u00fados dos ditos populares fazem com que eles mant\u00e9m-se constantemente atualisados.\u00a0<\/p>\n\n\n\n<p>E) Em virtude de sua linguagem compacta e expressiva, os ditos populares podem ser facilmente memorizados.\u00a0<\/p>\n\n\n\n<details class=\"wp-block-details is-layout-flow wp-block-details-is-layout-flow\"><summary><strong>Resposta<\/strong><\/summary>\n<p><strong>E)<\/strong> Em virtude de sua linguagem compacta e expressiva, os ditos populares podem ser facilmente memorizados.\u00a0<\/p>\n<\/details>\n\n\n\n<hr class=\"wp-block-separator has-alpha-channel-opacity is-style-wide is-style-wide--1\"\/>\n\n\n\n<h2 class=\"wp-block-heading has-text-align-center\" id=\"cursos\">Quer saber tudo sobre concursos previstos? <br \/>Confira nossos artigos!<\/h2>\n\n\n\n<ul class=\"wp-block-list\">\n<li><a href=\"https:\/\/www.estrategiaconcursos.com.br\/blog\/concurso-policia-civil-sp\/\" target=\"_blank\" rel=\"noreferrer noopener\">Concurso PC SP<\/a><\/li>\n\n\n\n<li><a href=\"https:\/\/www.estrategiaconcursos.com.br\/blog\/concurso-policia-federal\/\" target=\"_blank\" rel=\"noreferrer noopener\">Concurso Pol\u00edcia Federal<\/a><\/li>\n\n\n\n<li><a href=\"https:\/\/www.estrategiaconcursos.com.br\/blog\/concurso-sefaz-ms\/\" target=\"_blank\" rel=\"noreferrer noopener\">Concurso Sefaz MS<\/a><\/li>\n\n\n\n<li><a href=\"https:\/\/www.estrategiaconcursos.com.br\/blog\/concurso-pm-ap\/\" target=\"_blank\" rel=\"noreferrer noopener\">Concurso PM AP<\/a><\/li>\n\n\n\n<li><a href=\"https:\/\/www.estrategiaconcursos.com.br\/blog\/concursos-2026\/\" target=\"_blank\" rel=\"noreferrer noopener\">Concursos 2026<\/a><\/li>\n<\/ul>\n\n\n\n<div class=\"container\" id=\"boxes\">\r\n  <div class=\"row\">\r\n\r\n    <div class=\"col-sm\">\r\n      <div class=\"banner-estrat-corj\" id=\"box-assinatura\">\r\n        <h3 class=\"titulo-assinatura\" style=\"text-align: left;\">Cursos para Concursos<\/h3>\r\n        <p class=\"subtitulo-assinatura\" style=\"text-align: left;\">Conhe\u00e7a os cursos<\/p>\r\n        <div class=\"box-botao\" style=\"text-align: left;\">\r\n          <a class=\"btn-assinatura\" target=\"_blank\" href=\"https:\/\/www.estrategiaconcursos.com.br\/cursos\/concurso\/\" role=\"button\" rel=\"noopener noreferrer\">CLIQUE AQUI<\/a>\r\n        <\/div>\r\n      <\/div><\/div><\/div><\/div>\n","protected":false},"excerpt":{"rendered":"<p>Veja como as bancas cobram Acentua\u00e7\u00e3o Gr\u00e1fica e aprenda com quest\u00f5es reais de concursos p\u00fablicos A acentua\u00e7\u00e3o gr\u00e1fica \u00e9 um dos temas mais tradicionais da L\u00edngua Portuguesa e aparece com frequ\u00eancia nas provas de concursos p\u00fablicos, especialmente nos de n\u00edvel m\u00e9dio e superior. Embora muitos candidatos considerem esse assunto simples, as bancas costumam elaborar quest\u00f5es [&hellip;]<\/p>\n","protected":false},"author":1206,"featured_media":1665462,"comment_status":"open","ping_status":"closed","sticky":false,"template":"","format":"standard","meta":{"post_tipo":"news","footnotes":""},"categories":[1,220219],"tags":[],"tax_estado":[219963],"class_list":["post-1665417","post","type-post","status-publish","format-standard","has-post-thumbnail","hentry","category-cursos-e-concursos","category-noticias","tax_estado-concursos-federais"],"acf":[],"yoast_head":"<!-- This site is optimized with the Yoast SEO Premium plugin v27.2 (Yoast SEO v27.2) - https:\/\/yoast.com\/product\/yoast-seo-premium-wordpress\/ -->\n<title>8 Quest\u00f5es de Acentua\u00e7\u00e3o Gr\u00e1fica\u00a0que j\u00e1 ca\u00edram em concursos<\/title>\n<meta name=\"description\" content=\"Veja como as bancas cobram Acentua\u00e7\u00e3o Gr\u00e1fica e aprenda com quest\u00f5es reais de concursos p\u00fablicos. Confira aqui as quest\u00f5es!\" \/>\n<meta name=\"robots\" content=\"index, follow, max-snippet:-1, max-image-preview:large, max-video-preview:-1\" \/>\n<link rel=\"canonical\" href=\"https:\/\/www.estrategiaconcursos.com.br\/blog\/questoes-acentuacao-grafica-ja-cairam-concursos\/\" \/>\n<meta property=\"og:locale\" content=\"pt_BR\" \/>\n<meta property=\"og:type\" content=\"article\" \/>\n<meta property=\"og:title\" content=\"8 Quest\u00f5es de Acentua\u00e7\u00e3o Gr\u00e1fica\u00a0que j\u00e1 ca\u00edram em concursos\" \/>\n<meta property=\"og:description\" content=\"Veja como as bancas cobram Acentua\u00e7\u00e3o Gr\u00e1fica e aprenda com quest\u00f5es reais de concursos p\u00fablicos. Confira aqui as quest\u00f5es!\" \/>\n<meta property=\"og:url\" content=\"https:\/\/www.estrategiaconcursos.com.br\/blog\/questoes-acentuacao-grafica-ja-cairam-concursos\/\" \/>\n<meta property=\"og:site_name\" content=\"Estrat\u00e9gia Concursos\" \/>\n<meta property=\"article:published_time\" content=\"2025-11-05T12:37:00+00:00\" \/>\n<meta property=\"article:modified_time\" content=\"2025-11-18T20:28:13+00:00\" \/>\n<meta property=\"og:image\" content=\"https:\/\/dhg1h5j42swfq.cloudfront.net\/2025\/11\/04173707\/capa-news-sobre-questoes.png\" \/>\n\t<meta property=\"og:image:width\" content=\"768\" \/>\n\t<meta property=\"og:image:height\" content=\"432\" \/>\n\t<meta property=\"og:image:type\" content=\"image\/png\" \/>\n<meta name=\"author\" content=\"Bruna de Andrade Fran\u00e7a\" \/>\n<meta name=\"twitter:card\" content=\"summary_large_image\" \/>\n<meta name=\"twitter:creator\" content=\"@EstratConcursos\" \/>\n<meta name=\"twitter:site\" content=\"@EstratConcursos\" \/>\n<meta name=\"twitter:label1\" content=\"Escrito por\" \/>\n\t<meta name=\"twitter:data1\" content=\"Bruna de Andrade Fran\u00e7a\" \/>\n\t<meta name=\"twitter:label2\" content=\"Est. tempo de leitura\" \/>\n\t<meta name=\"twitter:data2\" content=\"9 minutos\" \/>\n<script type=\"application\/ld+json\" class=\"yoast-schema-graph\">{\"@context\":\"https:\/\/schema.org\",\"@graph\":[{\"@type\":\"NewsArticle\",\"@id\":\"https:\/\/www.estrategiaconcursos.com.br\/blog\/questoes-acentuacao-grafica-ja-cairam-concursos\/#article\",\"isPartOf\":{\"@id\":\"https:\/\/www.estrategiaconcursos.com.br\/blog\/questoes-acentuacao-grafica-ja-cairam-concursos\/\"},\"author\":{\"name\":\"Bruna de Andrade Fran\u00e7a\",\"@id\":\"https:\/\/www.estrategiaconcursos.com.br\/blog\/#\/schema\/person\/6630f91134abc08115cca62ce6372855\"},\"headline\":\"8 Quest\u00f5es de Acentua\u00e7\u00e3o Gr\u00e1fica\u00a0que j\u00e1 ca\u00edram em concursos\",\"datePublished\":\"2025-11-05T12:37:00+00:00\",\"dateModified\":\"2025-11-18T20:28:13+00:00\",\"mainEntityOfPage\":{\"@id\":\"https:\/\/www.estrategiaconcursos.com.br\/blog\/questoes-acentuacao-grafica-ja-cairam-concursos\/\"},\"wordCount\":1800,\"commentCount\":0,\"publisher\":{\"@id\":\"https:\/\/www.estrategiaconcursos.com.br\/blog\/#organization\"},\"image\":{\"@id\":\"https:\/\/www.estrategiaconcursos.com.br\/blog\/questoes-acentuacao-grafica-ja-cairam-concursos\/#primaryimage\"},\"thumbnailUrl\":\"https:\/\/dhg1h5j42swfq.cloudfront.net\/2025\/11\/04173707\/capa-news-sobre-questoes.png\",\"articleSection\":[\"Concursos P\u00fablicos\",\"\u00daltimas not\u00edcias\"],\"inLanguage\":\"pt-BR\",\"potentialAction\":[{\"@type\":\"CommentAction\",\"name\":\"Comment\",\"target\":[\"https:\/\/www.estrategiaconcursos.com.br\/blog\/questoes-acentuacao-grafica-ja-cairam-concursos\/#respond\"]}],\"copyrightYear\":\"2025\",\"copyrightHolder\":{\"@id\":\"https:\/\/www.estrategiaconcursos.com.br\/blog\/#organization\"}},{\"@type\":\"WebPage\",\"@id\":\"https:\/\/www.estrategiaconcursos.com.br\/blog\/questoes-acentuacao-grafica-ja-cairam-concursos\/\",\"url\":\"https:\/\/www.estrategiaconcursos.com.br\/blog\/questoes-acentuacao-grafica-ja-cairam-concursos\/\",\"name\":\"8 Quest\u00f5es de Acentua\u00e7\u00e3o Gr\u00e1fica\u00a0que j\u00e1 ca\u00edram em concursos\",\"isPartOf\":{\"@id\":\"https:\/\/www.estrategiaconcursos.com.br\/blog\/#website\"},\"primaryImageOfPage\":{\"@id\":\"https:\/\/www.estrategiaconcursos.com.br\/blog\/questoes-acentuacao-grafica-ja-cairam-concursos\/#primaryimage\"},\"image\":{\"@id\":\"https:\/\/www.estrategiaconcursos.com.br\/blog\/questoes-acentuacao-grafica-ja-cairam-concursos\/#primaryimage\"},\"thumbnailUrl\":\"https:\/\/dhg1h5j42swfq.cloudfront.net\/2025\/11\/04173707\/capa-news-sobre-questoes.png\",\"datePublished\":\"2025-11-05T12:37:00+00:00\",\"dateModified\":\"2025-11-18T20:28:13+00:00\",\"description\":\"Veja como as bancas cobram Acentua\u00e7\u00e3o Gr\u00e1fica e aprenda com quest\u00f5es reais de concursos p\u00fablicos. Confira aqui as quest\u00f5es!\",\"breadcrumb\":{\"@id\":\"https:\/\/www.estrategiaconcursos.com.br\/blog\/questoes-acentuacao-grafica-ja-cairam-concursos\/#breadcrumb\"},\"inLanguage\":\"pt-BR\",\"potentialAction\":[{\"@type\":\"ReadAction\",\"target\":[\"https:\/\/www.estrategiaconcursos.com.br\/blog\/questoes-acentuacao-grafica-ja-cairam-concursos\/\"]}]},{\"@type\":\"ImageObject\",\"inLanguage\":\"pt-BR\",\"@id\":\"https:\/\/www.estrategiaconcursos.com.br\/blog\/questoes-acentuacao-grafica-ja-cairam-concursos\/#primaryimage\",\"url\":\"https:\/\/dhg1h5j42swfq.cloudfront.net\/2025\/11\/04173707\/capa-news-sobre-questoes.png\",\"contentUrl\":\"https:\/\/dhg1h5j42swfq.cloudfront.net\/2025\/11\/04173707\/capa-news-sobre-questoes.png\",\"width\":768,\"height\":432,\"caption\":\"Quest\u00f5es de Acentua\u00e7\u00e3o Gr\u00e1fica\u00a0concursos\"},{\"@type\":\"BreadcrumbList\",\"@id\":\"https:\/\/www.estrategiaconcursos.com.br\/blog\/questoes-acentuacao-grafica-ja-cairam-concursos\/#breadcrumb\",\"itemListElement\":[{\"@type\":\"ListItem\",\"position\":1,\"name\":\"In\u00edcio\",\"item\":\"https:\/\/www.estrategiaconcursos.com.br\/blog\/\"},{\"@type\":\"ListItem\",\"position\":2,\"name\":\"8 Quest\u00f5es de Acentua\u00e7\u00e3o Gr\u00e1fica\u00a0que j\u00e1 ca\u00edram em concursos\"}]},{\"@type\":\"WebSite\",\"@id\":\"https:\/\/www.estrategiaconcursos.com.br\/blog\/#website\",\"url\":\"https:\/\/www.estrategiaconcursos.com.br\/blog\/\",\"name\":\"Estrat\u00e9gia Concursos\",\"description\":\"O blog da Estrat\u00e9gia Concursos traz not\u00edcias sobre concursos e artigos de professores oferecendo cursos para concursos (pdf + videaulas) no site.\",\"publisher\":{\"@id\":\"https:\/\/www.estrategiaconcursos.com.br\/blog\/#organization\"},\"potentialAction\":[{\"@type\":\"SearchAction\",\"target\":{\"@type\":\"EntryPoint\",\"urlTemplate\":\"https:\/\/www.estrategiaconcursos.com.br\/blog\/?s={search_term_string}\"},\"query-input\":{\"@type\":\"PropertyValueSpecification\",\"valueRequired\":true,\"valueName\":\"search_term_string\"}}],\"inLanguage\":\"pt-BR\"},{\"@type\":\"Organization\",\"@id\":\"https:\/\/www.estrategiaconcursos.com.br\/blog\/#organization\",\"name\":\"Estrat\u00e9gia Concursos\",\"url\":\"https:\/\/www.estrategiaconcursos.com.br\/blog\/\",\"logo\":{\"@type\":\"ImageObject\",\"inLanguage\":\"pt-BR\",\"@id\":\"https:\/\/www.estrategiaconcursos.com.br\/blog\/#\/schema\/logo\/image\/\",\"url\":\"https:\/\/dhg1h5j42swfq.cloudfront.net\/2025\/06\/03203428\/logo_concursos-1.jpg\",\"contentUrl\":\"https:\/\/dhg1h5j42swfq.cloudfront.net\/2025\/06\/03203428\/logo_concursos-1.jpg\",\"width\":230,\"height\":60,\"caption\":\"Estrat\u00e9gia Concursos\"},\"image\":{\"@id\":\"https:\/\/www.estrategiaconcursos.com.br\/blog\/#\/schema\/logo\/image\/\"},\"sameAs\":[\"https:\/\/x.com\/EstratConcursos\"]},{\"@type\":\"Person\",\"@id\":\"https:\/\/www.estrategiaconcursos.com.br\/blog\/#\/schema\/person\/6630f91134abc08115cca62ce6372855\",\"name\":\"Bruna de Andrade Fran\u00e7a\",\"image\":{\"@type\":\"ImageObject\",\"inLanguage\":\"pt-BR\",\"@id\":\"https:\/\/secure.gravatar.com\/avatar\/d6316d36d50cea0fadae28ed3015b8870cc90a2d3d8a95c37b44006af36a00e3?s=96&d=mm&r=g\",\"url\":\"https:\/\/secure.gravatar.com\/avatar\/d6316d36d50cea0fadae28ed3015b8870cc90a2d3d8a95c37b44006af36a00e3?s=96&d=mm&r=g\",\"contentUrl\":\"https:\/\/secure.gravatar.com\/avatar\/d6316d36d50cea0fadae28ed3015b8870cc90a2d3d8a95c37b44006af36a00e3?s=96&d=mm&r=g\",\"caption\":\"Bruna de Andrade Fran\u00e7a\"},\"description\":\"Bruna de Andrade Fran\u00e7a \u00e9 publicit\u00e1ria com p\u00f3s-gradua\u00e7\u00e3o em Marketing &amp; Growth, atuando h\u00e1 mais de 6 anos no universo dos concursos p\u00fablicos. Desde 2021, lidera no Blog do Estrat\u00e9gia Concursos a cobertura editorial especializada em Concursos Policiais (PF, PRF, PM, PC, etc.), al\u00e9m das frentes de concursos banc\u00e1rios, de sa\u00fade e da \u00e1rea legislativa. Especialista em reda\u00e7\u00e3o, com pr\u00e1ticas de SEO e Copywriting, possui tamb\u00e9m atua\u00e7\u00e3o pr\u00e1tica de contato direto com \u00f3rg\u00e3os p\u00fablicos respons\u00e1veis por editais, permitindo acesso antecipado a informa\u00e7\u00f5es, desdobramentos importantes e atualiza\u00e7\u00e3o eficiente dos concursos p\u00fablicos.\",\"url\":\"https:\/\/www.estrategiaconcursos.com.br\/blog\/author\/bruna-andrade\/\"}]}<\/script>\n<!-- \/ Yoast SEO Premium plugin. -->","yoast_head_json":{"title":"8 Quest\u00f5es de Acentua\u00e7\u00e3o Gr\u00e1fica\u00a0que j\u00e1 ca\u00edram em concursos","description":"Veja como as bancas cobram Acentua\u00e7\u00e3o Gr\u00e1fica e aprenda com quest\u00f5es reais de concursos p\u00fablicos. Confira aqui as quest\u00f5es!","robots":{"index":"index","follow":"follow","max-snippet":"max-snippet:-1","max-image-preview":"max-image-preview:large","max-video-preview":"max-video-preview:-1"},"canonical":"https:\/\/www.estrategiaconcursos.com.br\/blog\/questoes-acentuacao-grafica-ja-cairam-concursos\/","og_locale":"pt_BR","og_type":"article","og_title":"8 Quest\u00f5es de Acentua\u00e7\u00e3o Gr\u00e1fica\u00a0que j\u00e1 ca\u00edram em concursos","og_description":"Veja como as bancas cobram Acentua\u00e7\u00e3o Gr\u00e1fica e aprenda com quest\u00f5es reais de concursos p\u00fablicos. Confira aqui as quest\u00f5es!","og_url":"https:\/\/www.estrategiaconcursos.com.br\/blog\/questoes-acentuacao-grafica-ja-cairam-concursos\/","og_site_name":"Estrat\u00e9gia Concursos","article_published_time":"2025-11-05T12:37:00+00:00","article_modified_time":"2025-11-18T20:28:13+00:00","og_image":[{"width":768,"height":432,"url":"https:\/\/dhg1h5j42swfq.cloudfront.net\/2025\/11\/04173707\/capa-news-sobre-questoes.png","type":"image\/png"}],"author":"Bruna de Andrade Fran\u00e7a","twitter_card":"summary_large_image","twitter_creator":"@EstratConcursos","twitter_site":"@EstratConcursos","twitter_misc":{"Escrito por":"Bruna de Andrade Fran\u00e7a","Est. tempo de leitura":"9 minutos"},"schema":{"@context":"https:\/\/schema.org","@graph":[{"@type":"NewsArticle","@id":"https:\/\/www.estrategiaconcursos.com.br\/blog\/questoes-acentuacao-grafica-ja-cairam-concursos\/#article","isPartOf":{"@id":"https:\/\/www.estrategiaconcursos.com.br\/blog\/questoes-acentuacao-grafica-ja-cairam-concursos\/"},"author":{"name":"Bruna de Andrade Fran\u00e7a","@id":"https:\/\/www.estrategiaconcursos.com.br\/blog\/#\/schema\/person\/6630f91134abc08115cca62ce6372855"},"headline":"8 Quest\u00f5es de Acentua\u00e7\u00e3o Gr\u00e1fica\u00a0que j\u00e1 ca\u00edram em concursos","datePublished":"2025-11-05T12:37:00+00:00","dateModified":"2025-11-18T20:28:13+00:00","mainEntityOfPage":{"@id":"https:\/\/www.estrategiaconcursos.com.br\/blog\/questoes-acentuacao-grafica-ja-cairam-concursos\/"},"wordCount":1800,"commentCount":0,"publisher":{"@id":"https:\/\/www.estrategiaconcursos.com.br\/blog\/#organization"},"image":{"@id":"https:\/\/www.estrategiaconcursos.com.br\/blog\/questoes-acentuacao-grafica-ja-cairam-concursos\/#primaryimage"},"thumbnailUrl":"https:\/\/dhg1h5j42swfq.cloudfront.net\/2025\/11\/04173707\/capa-news-sobre-questoes.png","articleSection":["Concursos P\u00fablicos","\u00daltimas not\u00edcias"],"inLanguage":"pt-BR","potentialAction":[{"@type":"CommentAction","name":"Comment","target":["https:\/\/www.estrategiaconcursos.com.br\/blog\/questoes-acentuacao-grafica-ja-cairam-concursos\/#respond"]}],"copyrightYear":"2025","copyrightHolder":{"@id":"https:\/\/www.estrategiaconcursos.com.br\/blog\/#organization"}},{"@type":"WebPage","@id":"https:\/\/www.estrategiaconcursos.com.br\/blog\/questoes-acentuacao-grafica-ja-cairam-concursos\/","url":"https:\/\/www.estrategiaconcursos.com.br\/blog\/questoes-acentuacao-grafica-ja-cairam-concursos\/","name":"8 Quest\u00f5es de Acentua\u00e7\u00e3o Gr\u00e1fica\u00a0que j\u00e1 ca\u00edram em concursos","isPartOf":{"@id":"https:\/\/www.estrategiaconcursos.com.br\/blog\/#website"},"primaryImageOfPage":{"@id":"https:\/\/www.estrategiaconcursos.com.br\/blog\/questoes-acentuacao-grafica-ja-cairam-concursos\/#primaryimage"},"image":{"@id":"https:\/\/www.estrategiaconcursos.com.br\/blog\/questoes-acentuacao-grafica-ja-cairam-concursos\/#primaryimage"},"thumbnailUrl":"https:\/\/dhg1h5j42swfq.cloudfront.net\/2025\/11\/04173707\/capa-news-sobre-questoes.png","datePublished":"2025-11-05T12:37:00+00:00","dateModified":"2025-11-18T20:28:13+00:00","description":"Veja como as bancas cobram Acentua\u00e7\u00e3o Gr\u00e1fica e aprenda com quest\u00f5es reais de concursos p\u00fablicos. Confira aqui as quest\u00f5es!","breadcrumb":{"@id":"https:\/\/www.estrategiaconcursos.com.br\/blog\/questoes-acentuacao-grafica-ja-cairam-concursos\/#breadcrumb"},"inLanguage":"pt-BR","potentialAction":[{"@type":"ReadAction","target":["https:\/\/www.estrategiaconcursos.com.br\/blog\/questoes-acentuacao-grafica-ja-cairam-concursos\/"]}]},{"@type":"ImageObject","inLanguage":"pt-BR","@id":"https:\/\/www.estrategiaconcursos.com.br\/blog\/questoes-acentuacao-grafica-ja-cairam-concursos\/#primaryimage","url":"https:\/\/dhg1h5j42swfq.cloudfront.net\/2025\/11\/04173707\/capa-news-sobre-questoes.png","contentUrl":"https:\/\/dhg1h5j42swfq.cloudfront.net\/2025\/11\/04173707\/capa-news-sobre-questoes.png","width":768,"height":432,"caption":"Quest\u00f5es de Acentua\u00e7\u00e3o Gr\u00e1fica\u00a0concursos"},{"@type":"BreadcrumbList","@id":"https:\/\/www.estrategiaconcursos.com.br\/blog\/questoes-acentuacao-grafica-ja-cairam-concursos\/#breadcrumb","itemListElement":[{"@type":"ListItem","position":1,"name":"In\u00edcio","item":"https:\/\/www.estrategiaconcursos.com.br\/blog\/"},{"@type":"ListItem","position":2,"name":"8 Quest\u00f5es de Acentua\u00e7\u00e3o Gr\u00e1fica\u00a0que j\u00e1 ca\u00edram em concursos"}]},{"@type":"WebSite","@id":"https:\/\/www.estrategiaconcursos.com.br\/blog\/#website","url":"https:\/\/www.estrategiaconcursos.com.br\/blog\/","name":"Estrat\u00e9gia Concursos","description":"O blog da Estrat\u00e9gia Concursos traz not\u00edcias sobre concursos e artigos de professores oferecendo cursos para concursos (pdf + videaulas) no site.","publisher":{"@id":"https:\/\/www.estrategiaconcursos.com.br\/blog\/#organization"},"potentialAction":[{"@type":"SearchAction","target":{"@type":"EntryPoint","urlTemplate":"https:\/\/www.estrategiaconcursos.com.br\/blog\/?s={search_term_string}"},"query-input":{"@type":"PropertyValueSpecification","valueRequired":true,"valueName":"search_term_string"}}],"inLanguage":"pt-BR"},{"@type":"Organization","@id":"https:\/\/www.estrategiaconcursos.com.br\/blog\/#organization","name":"Estrat\u00e9gia Concursos","url":"https:\/\/www.estrategiaconcursos.com.br\/blog\/","logo":{"@type":"ImageObject","inLanguage":"pt-BR","@id":"https:\/\/www.estrategiaconcursos.com.br\/blog\/#\/schema\/logo\/image\/","url":"https:\/\/dhg1h5j42swfq.cloudfront.net\/2025\/06\/03203428\/logo_concursos-1.jpg","contentUrl":"https:\/\/dhg1h5j42swfq.cloudfront.net\/2025\/06\/03203428\/logo_concursos-1.jpg","width":230,"height":60,"caption":"Estrat\u00e9gia Concursos"},"image":{"@id":"https:\/\/www.estrategiaconcursos.com.br\/blog\/#\/schema\/logo\/image\/"},"sameAs":["https:\/\/x.com\/EstratConcursos"]},{"@type":"Person","@id":"https:\/\/www.estrategiaconcursos.com.br\/blog\/#\/schema\/person\/6630f91134abc08115cca62ce6372855","name":"Bruna de Andrade Fran\u00e7a","image":{"@type":"ImageObject","inLanguage":"pt-BR","@id":"https:\/\/secure.gravatar.com\/avatar\/d6316d36d50cea0fadae28ed3015b8870cc90a2d3d8a95c37b44006af36a00e3?s=96&d=mm&r=g","url":"https:\/\/secure.gravatar.com\/avatar\/d6316d36d50cea0fadae28ed3015b8870cc90a2d3d8a95c37b44006af36a00e3?s=96&d=mm&r=g","contentUrl":"https:\/\/secure.gravatar.com\/avatar\/d6316d36d50cea0fadae28ed3015b8870cc90a2d3d8a95c37b44006af36a00e3?s=96&d=mm&r=g","caption":"Bruna de Andrade Fran\u00e7a"},"description":"Bruna de Andrade Fran\u00e7a \u00e9 publicit\u00e1ria com p\u00f3s-gradua\u00e7\u00e3o em Marketing &amp; Growth, atuando h\u00e1 mais de 6 anos no universo dos concursos p\u00fablicos. Desde 2021, lidera no Blog do Estrat\u00e9gia Concursos a cobertura editorial especializada em Concursos Policiais (PF, PRF, PM, PC, etc.), al\u00e9m das frentes de concursos banc\u00e1rios, de sa\u00fade e da \u00e1rea legislativa. Especialista em reda\u00e7\u00e3o, com pr\u00e1ticas de SEO e Copywriting, possui tamb\u00e9m atua\u00e7\u00e3o pr\u00e1tica de contato direto com \u00f3rg\u00e3os p\u00fablicos respons\u00e1veis por editais, permitindo acesso antecipado a informa\u00e7\u00f5es, desdobramentos importantes e atualiza\u00e7\u00e3o eficiente dos concursos p\u00fablicos.","url":"https:\/\/www.estrategiaconcursos.com.br\/blog\/author\/bruna-andrade\/"}]}},"_links":{"self":[{"href":"https:\/\/www.estrategiaconcursos.com.br\/blog\/wp-json\/wp\/v2\/posts\/1665417","targetHints":{"allow":["GET"]}}],"collection":[{"href":"https:\/\/www.estrategiaconcursos.com.br\/blog\/wp-json\/wp\/v2\/posts"}],"about":[{"href":"https:\/\/www.estrategiaconcursos.com.br\/blog\/wp-json\/wp\/v2\/types\/post"}],"author":[{"embeddable":true,"href":"https:\/\/www.estrategiaconcursos.com.br\/blog\/wp-json\/wp\/v2\/users\/1206"}],"replies":[{"embeddable":true,"href":"https:\/\/www.estrategiaconcursos.com.br\/blog\/wp-json\/wp\/v2\/comments?post=1665417"}],"version-history":[{"count":2,"href":"https:\/\/www.estrategiaconcursos.com.br\/blog\/wp-json\/wp\/v2\/posts\/1665417\/revisions"}],"predecessor-version":[{"id":1665465,"href":"https:\/\/www.estrategiaconcursos.com.br\/blog\/wp-json\/wp\/v2\/posts\/1665417\/revisions\/1665465"}],"wp:featuredmedia":[{"embeddable":true,"href":"https:\/\/www.estrategiaconcursos.com.br\/blog\/wp-json\/wp\/v2\/media\/1665462"}],"wp:attachment":[{"href":"https:\/\/www.estrategiaconcursos.com.br\/blog\/wp-json\/wp\/v2\/media?parent=1665417"}],"wp:term":[{"taxonomy":"category","embeddable":true,"href":"https:\/\/www.estrategiaconcursos.com.br\/blog\/wp-json\/wp\/v2\/categories?post=1665417"},{"taxonomy":"post_tag","embeddable":true,"href":"https:\/\/www.estrategiaconcursos.com.br\/blog\/wp-json\/wp\/v2\/tags?post=1665417"},{"taxonomy":"tax_estado","embeddable":true,"href":"https:\/\/www.estrategiaconcursos.com.br\/blog\/wp-json\/wp\/v2\/tax_estado?post=1665417"}],"curies":[{"name":"wp","href":"https:\/\/api.w.org\/{rel}","templated":true}]}}