{"id":1664445,"date":"2025-12-22T08:39:00","date_gmt":"2025-12-22T11:39:00","guid":{"rendered":"https:\/\/www.estrategiaconcursos.com.br\/blog\/?p=1664445"},"modified":"2025-11-24T16:51:23","modified_gmt":"2025-11-24T19:51:23","slug":"constitucionalidade-registro-federacoes-partidarias","status":"publish","type":"post","link":"https:\/\/www.estrategiaconcursos.com.br\/blog\/constitucionalidade-registro-federacoes-partidarias\/","title":{"rendered":"Constitucionalidade e registro das Federa\u00e7\u00f5es Partid\u00e1rias\u00a0"},"content":{"rendered":"\n<p>Ol\u00e1, tudo bem? Hoje falaremos sobre a constitucionalidade e o registro das Federa\u00e7\u00f5es Partid\u00e1rias, conforme a jurisprud\u00eancia do Supremo Tribunal Federal (STF).<\/p>\n\n\n\n<p>De in\u00edcio, faremos uma breve abordagem sobre as Federa\u00e7\u00f5es Partid\u00e1rias. Na sequ\u00eancia, abordaremos o que o STF decidiu no julgamento da A\u00e7\u00e3o Direta de Inconstitucionalidade (ADI) n\u00ba 7.021\/DF.<\/p>\n\n\n\n<p>Vamos ao que interessa!<\/p>\n\n\n\n<figure class=\"wp-block-image aligncenter size-large is-resized\"><img loading=\"lazy\" decoding=\"async\" width=\"1024\" height=\"1024\" src=\"https:\/\/dhg1h5j42swfq.cloudfront.net\/2025\/11\/03071232\/521794-piy43q-407-1024x1024.jpg\" alt=\"Constitucionalidade e registro das Federa\u00e7\u00f5es Partid\u00e1rias\" class=\"wp-image-1664449\" style=\"width:734px;height:auto\" srcset=\"https:\/\/dhg1h5j42swfq.cloudfront.net\/2025\/11\/03071232\/521794-piy43q-407-1024x1024.jpg 1024w, https:\/\/dhg1h5j42swfq.cloudfront.net\/2025\/11\/03071232\/521794-piy43q-407-300x300.jpg 300w, https:\/\/dhg1h5j42swfq.cloudfront.net\/2025\/11\/03071232\/521794-piy43q-407-150x150.jpg 150w, https:\/\/dhg1h5j42swfq.cloudfront.net\/2025\/11\/03071232\/521794-piy43q-407-768x768.jpg 768w, https:\/\/dhg1h5j42swfq.cloudfront.net\/2025\/11\/03071232\/521794-piy43q-407-1536x1536.jpg 1536w, https:\/\/dhg1h5j42swfq.cloudfront.net\/2025\/11\/03071232\/521794-piy43q-407-96x96.jpg 96w, https:\/\/dhg1h5j42swfq.cloudfront.net\/2025\/11\/03071232\/521794-piy43q-407.jpg 2000w\" sizes=\"auto, (max-width: 1024px) 100vw, 1024px\" \/><figcaption class=\"wp-element-caption\">Constitucionalidade e registro das Federa\u00e7\u00f5es Partid\u00e1rias<\/figcaption><\/figure>\n\n\n\n<div class=\"wp-block-yoast-seo-table-of-contents yoast-table-of-contents\"><h2><mark style=\"background-color:rgba(0, 0, 0, 0)\" class=\"has-inline-color has-vivid-cyan-blue-color\">\u00cdndice<\/mark><\/h2><ul><li><a href=\"#h-constitucionalidade-e-registro-das-federacoes-partidarias-nbsp\" data-level=\"2\">Constitucionalidade e registro das Federa\u00e7\u00f5es Partid\u00e1rias\u00a0<\/a><ul><li><a href=\"#h-o-que-sao-as-federacoes-de-partidos-politicos\" data-level=\"3\">O que s\u00e3o as federa\u00e7\u00f5es de partidos pol\u00edticos?<\/a><\/li><li><a href=\"#h-diferenca-entre-as-federacoes-e-as-coligacoes-partidarias\" data-level=\"3\">Diferen\u00e7a entre as federa\u00e7\u00f5es e as coliga\u00e7\u00f5es partid\u00e1rias<\/a><\/li><li><a href=\"#h-constitucionalidade-das-federacoes-partidarias\" data-level=\"3\">Constitucionalidade das Federa\u00e7\u00f5es Partid\u00e1rias<\/a><\/li><li><a href=\"#h-registro-das-federacoes-e-inconstitucionalidade-do-prazo-nbsp\" data-level=\"3\">Registro das Federa\u00e7\u00f5es e inconstitucionalidade do prazo\u00a0<\/a><\/li><li><a href=\"#h-literalidade-da-tese-fixada-na-adi-7-021-df\" data-level=\"3\">Literalidade da tese fixada na ADI 7.021\/DF<\/a><\/li><\/ul><\/li><li><a href=\"#h-consideracoes-finais\" data-level=\"2\">Considera\u00e7\u00f5es finais<\/a><\/li><li><a href=\"#h-quer-saber-tudo-sobre-concursos-previstos-confira-nossos-artigos\" data-level=\"2\">Quer saber tudo sobre concursos previstos? Confira nossos artigos!<\/a><\/li><\/ul><\/div>\n\n\n\n<h2 class=\"wp-block-heading has-vivid-cyan-blue-color has-text-color has-link-color wp-elements-754dc86daec28ef53a117a3e83cebd55\" id=\"h-constitucionalidade-e-registro-das-federacoes-partidarias-nbsp\">Constitucionalidade e registro das Federa\u00e7\u00f5es Partid\u00e1rias&nbsp;<\/h2>\n\n\n\n<h3 class=\"wp-block-heading has-vivid-cyan-blue-color has-text-color has-link-color wp-elements-4c9b15e219f408eee21c36bf81188639\" id=\"h-o-que-sao-as-federacoes-de-partidos-politicos\">O que s\u00e3o as federa\u00e7\u00f5es de partidos pol\u00edticos?<\/h3>\n\n\n\n<p>A Lei n.\u00ba 14.208\/2021 incluiu na Lei dos Partidos Pol\u00edticos (Lei n.\u00ba 9.096\/1995) a figura da federa\u00e7\u00e3o de partidos pol\u00edticos, por meio do artigo 11-A.<\/p>\n\n\n\n<p>Esse dispositivo preconiza que <strong>2 ou mais partidos pol\u00edticos<\/strong> poder\u00e3o reunir-se em federa\u00e7\u00e3o, a qual, ap\u00f3s sua constitui\u00e7\u00e3o e respectivo registro perante o Tribunal Superior Eleitoral (TSE), <strong>atuar\u00e1 como se fosse uma \u00fanica agremia\u00e7\u00e3o partid\u00e1ria.&nbsp;<\/strong><\/p>\n\n\n\n<p>Aplicam-se \u00e0s federa\u00e7\u00f5es de partidos pol\u00edticos<strong> todas as normas que regem o funcionamento parlamentar e a fidelidade partid\u00e1ria<\/strong>. Al\u00e9m disso, tamb\u00e9m se aplicam todas as normas que regem as atividades dos partidos pol\u00edticos <strong>no que diz respeito \u00e0s elei\u00e7\u00f5es<\/strong>, inclusive no que se refere \u00e0 escolha e registro de candidatos para as elei\u00e7\u00f5es majorit\u00e1rias e proporcionais, \u00e0 arrecada\u00e7\u00e3o e aplica\u00e7\u00e3o de recursos em campanhas eleitorais, \u00e0 propaganda eleitoral, \u00e0 contagem de votos, \u00e0 obten\u00e7\u00e3o de cadeiras, \u00e0 presta\u00e7\u00e3o de contas e \u00e0 convoca\u00e7\u00e3o de suplentes.&nbsp;<\/p>\n\n\n\n<h3 class=\"wp-block-heading has-vivid-cyan-blue-color has-text-color has-link-color wp-elements-9d96df00c71a16eb7e6408550e6c12b4\" id=\"h-diferenca-entre-as-federacoes-e-as-coligacoes-partidarias\">Diferen\u00e7a entre as federa\u00e7\u00f5es e as coliga\u00e7\u00f5es partid\u00e1rias<\/h3>\n\n\n\n<p><strong>Fique atento(a)! N\u00e3o podemos confundir<\/strong> as federa\u00e7\u00f5es com as coliga\u00e7\u00f5es partid\u00e1rias.&nbsp;<\/p>\n\n\n\n<figure class=\"wp-block-image aligncenter size-full\"><img loading=\"lazy\" decoding=\"async\" width=\"195\" height=\"86\" src=\"https:\/\/dhg1h5j42swfq.cloudfront.net\/2025\/11\/03070825\/image-3.png\" alt=\"\" class=\"wp-image-1664446\" srcset=\"https:\/\/dhg1h5j42swfq.cloudfront.net\/2025\/11\/03070825\/image-3.png 195w, https:\/\/dhg1h5j42swfq.cloudfront.net\/2025\/11\/03070825\/image-3-150x66.png 150w\" sizes=\"auto, (max-width: 195px) 100vw, 195px\" \/><\/figure>\n\n\n\n<p>Enquanto a federa\u00e7\u00e3o possui <strong>prazo m\u00ednimo de 04 anos<\/strong>, ultrapassando as elei\u00e7\u00f5es, a coliga\u00e7\u00e3o partid\u00e1ria existe apenas at\u00e9 a data do pleito eleitoral.<\/p>\n\n\n\n<p>Al\u00e9m disso, a federa\u00e7\u00e3o possui <strong>abrang\u00eancia nacional e abrange tanto as elei\u00e7\u00f5es majorit\u00e1rias quanto as elei\u00e7\u00f5es proporcionais<\/strong>. J\u00e1 as coliga\u00e7\u00f5es n\u00e3o podem ser celebradas para as elei\u00e7\u00f5es proporcionais, mas podem ter abrang\u00eancia municipal, estadual ou nacional.<\/p>\n\n\n\n<h3 class=\"wp-block-heading has-vivid-cyan-blue-color has-text-color has-link-color wp-elements-e073340dd6d7b0be62504d97c1b28236\" id=\"h-constitucionalidade-das-federacoes-partidarias\">Constitucionalidade das Federa\u00e7\u00f5es Partid\u00e1rias<\/h3>\n\n\n\n<p>O Supremo Tribunal Federal foi chamado a se posicionar sobre a constitucionalidade das Federa\u00e7\u00f5es Partid\u00e1ria, analisando, assim, a compatibilidade da Lei n.\u00ba 14.208\/2021 com a Constitui\u00e7\u00e3o Federal de 1988 no bojo da <a href=\"https:\/\/portal.stf.jus.br\/processos\/detalhe.asp?incidente=6293255\" target=\"_blank\" rel=\"noreferrer noopener\">A\u00e7\u00e3o Direta de Inconstitucionalidade n\u00ba 7.021\/DF<\/a>.\u00a0<\/p>\n\n\n\n<p>A primeira parte da tese fixada foi no sentido de que <strong>\u00e9 constitucional a Lei n.\u00ba 14.208\/2021<\/strong>, que instituiu as federa\u00e7\u00f5es partid\u00e1rias.&nbsp;<\/p>\n\n\n\n<p>Dessa forma, o STF <mark style=\"background-color:rgba(0, 0, 0, 0)\" class=\"has-inline-color has-vivid-red-color\"><strong>afastou <\/strong>a argumenta\u00e7\u00e3o <\/mark>de que a institui\u00e7\u00e3o das federa\u00e7\u00f5es representaria um <mark style=\"background-color:rgba(0, 0, 0, 0)\" class=\"has-inline-color has-vivid-red-color\">\u201cretorno disfar\u00e7ado\u201d das coliga\u00e7\u00f5es proporcionais.<\/mark><\/p>\n\n\n\n<p>Al\u00e9m disso, o Supremo destacou que a figura das federa\u00e7\u00f5es <strong>promoveu a estabilidade institucional entre partidos<\/strong>, permitindo a uni\u00e3o entre partidos pol\u00edticos, inclusive para concorrerem em elei\u00e7\u00f5es proporcionais (para deputado federal, estadual e vereador).<\/p>\n\n\n\n<p>Desse modo, o STF apontou que a federa\u00e7\u00e3o partid\u00e1ria, embora assegure a identidade e a autonomia dos partidos que a integram (art. 11-A, \u00a7 2\u00ba), promove entre eles:&nbsp;<\/p>\n\n\n\n<div class=\"wp-block-group has-background has-global-padding is-layout-constrained wp-block-group-is-layout-constrained\" style=\"background-color:#8dd2fc17\">\n<p>(i) uma uni\u00e3o est\u00e1vel, ainda que transit\u00f3ria, com durabilidade de no m\u00ednimo 4 (quatro) anos (art. 11-A, \u00a7 3\u00ba, II);&nbsp;<\/p>\n\n\n\n<p>(ii) requer afinidade program\u00e1tica, que permita a formula\u00e7\u00e3o de estatuto e de um programa comuns \u00e0 federa\u00e7\u00e3o (art. 11-A, \u00a7 6\u00ba, II); e&nbsp;<\/p>\n\n\n\n<p>(iii) vincula o funcionamento parlamentar posterior \u00e0s elei\u00e7\u00f5es (art. 11-A, \u00a7 1\u00ba).&nbsp;<\/p>\n<\/div>\n\n\n\n<p>Assim, em conclus\u00e3o, essas condi\u00e7\u00f5es sob as quais as federa\u00e7\u00f5es s\u00e3o celebradas <strong>n\u00e3o implicam transfer\u00eancia ileg\u00edtima de voto entre partidos com vis\u00f5es ideol\u00f3gicas diversas<\/strong> e, portanto, n\u00e3o geram os impactos negativos sobre o sistema representativo que resultavam das antigas coliga\u00e7\u00f5es proporcionais.<\/p>\n\n\n\n<h3 class=\"wp-block-heading has-vivid-cyan-blue-color has-text-color has-link-color wp-elements-a251ac8b763794b654fa3fb84b8d3d64\" id=\"h-registro-das-federacoes-e-inconstitucionalidade-do-prazo-nbsp\">Registro das Federa\u00e7\u00f5es e inconstitucionalidade do prazo&nbsp;<\/h3>\n\n\n\n<p>No entanto, no mesmo julgamento da ADI 7.021\/DF, o Supremo destacou que <strong>a Lei n.\u00ba 14.208\/2021 \u00e9 INCONSTITUCIONAL quanto ao prazo para registro das Federa\u00e7\u00f5es.<\/strong><\/p>\n\n\n\n<p>Isso porque a Lei permitiu que as federa\u00e7\u00f5es fossem registradas perante o Tribunal Superior Eleitoral (TSE) at\u00e9 a data final do per\u00edodo de realiza\u00e7\u00e3o das conven\u00e7\u00f5es partid\u00e1rias. Ou seja, at\u00e9 5 de agosto do ano eleitoral, vide art. 8\u00ba da Lei das Elei\u00e7\u00f5es (Lei n.\u00ba 9.504\/1997).<\/p>\n\n\n\n<p>No entanto, a mesma Lei das Elei\u00e7\u00f5es obriga que os partidos pol\u00edticos observem o<strong> prazo de 06 (seis) meses antes das elei\u00e7\u00f5es <\/strong>(art. 4\u00ba) para que sejam registrados.<\/p>\n\n\n\n<p><strong>Diante dessa diferencia\u00e7\u00e3o<\/strong>, o STF entendeu haver uma desequipara\u00e7\u00e3o que n\u00e3o se justifica e que pode dar \u00e0 federa\u00e7\u00e3o indevida vantagem competitiva no pleito eleitoral.<\/p>\n\n\n\n<p>Portanto, <strong>a tese fixada pelo STF determina que o mesmo prazo para seu registro, que dever\u00e1 ser o mesmo aplic\u00e1vel aos partidos pol\u00edticos (at\u00e9 06 meses antes das elei\u00e7\u00f5es)<\/strong>.<\/p>\n\n\n\n<h4 class=\"wp-block-heading has-vivid-cyan-blue-color has-text-color has-link-color wp-elements-7259ee5d2c2359f1b5caad68f9faa2f4\" id=\"h-relativizacao-da-tese-para-as-eleicoes-de-2022-e-2026\">Relativiza\u00e7\u00e3o da tese para as elei\u00e7\u00f5es de 2022 e 2026<\/h4>\n\n\n\n<p>Entretanto, como se tratava de uma Lei aprovada em 2021, cuja constitucionalidade s\u00f3 veio a ser analisada posteriormente, o STF relativizou a tese fixada para as elei\u00e7\u00f5es de 2022 e 2026.<\/p>\n\n\n\n<p>Assim, de forma excepcional, nas elei\u00e7\u00f5es de 2022, o prazo para constitui\u00e7\u00e3o de federa\u00e7\u00f5es partid\u00e1rias foi estendido at\u00e9 31 de maio do mesmo ano.<\/p>\n\n\n\n<p>Por sua vez, no caso das federa\u00e7\u00f5es constitu\u00eddas em 2022, admite-se que, nas elei\u00e7\u00f5es de 2026, os partidos que as integraram possam alterar sua composi\u00e7\u00e3o ou formar nova federa\u00e7\u00e3o antes do decurso do prazo de quatro anos, sem a incid\u00eancia das san\u00e7\u00f5es previstas no art. 11-A, \u00a7 4\u00ba, da Lei n\u00ba 9.096\/1995, de modo a viabilizar o cumprimento do requisito de constitui\u00e7\u00e3o da federa\u00e7\u00e3o at\u00e9 seis meses antes do pleito.<\/p>\n\n\n\n<h3 class=\"wp-block-heading has-vivid-cyan-blue-color has-text-color has-link-color wp-elements-f60783be1e8aaa87ba4ad0a89a720007\" id=\"h-literalidade-da-tese-fixada-na-adi-7-021-df\">Literalidade da tese fixada na ADI 7.021\/DF<\/h3>\n\n\n\n<div class=\"wp-block-group has-background has-global-padding is-layout-constrained wp-block-group-is-layout-constrained\" style=\"background-color:#9b51e017\">\n<p><strong>Tese fixada:<\/strong><\/p>\n\n\n\n<p>\u201c1- \u00c9 constitucional a Lei n\u00ba 14.208\/2021, que institui as federa\u00e7\u00f5es partid\u00e1rias, salvo quanto ao prazo para seu registro, que dever\u00e1 ser o mesmo aplic\u00e1vel aos partidos pol\u00edticos. Excepcionalmente, nas elei\u00e7\u00f5es de 2022, o prazo para constitui\u00e7\u00e3o de federa\u00e7\u00f5es partid\u00e1rias foi estendido at\u00e9 31 de maio do mesmo ano;&nbsp;<\/p>\n\n\n\n<p>2- No caso das federa\u00e7\u00f5es constitu\u00eddas em 2022, admite-se que, nas elei\u00e7\u00f5es de 2026, os partidos que as integraram possam alterar sua composi\u00e7\u00e3o ou formar nova federa\u00e7\u00e3o antes do decurso do prazo de quatro anos, sem a incid\u00eancia das san\u00e7\u00f5es previstas no art. 11-A, \u00a7 4\u00ba, da Lei n\u00ba 9.096\/1995, de modo a viabilizar o cumprimento do requisito de constitui\u00e7\u00e3o da federa\u00e7\u00e3o at\u00e9 seis meses antes do pleito\u201d.<\/p>\n<\/div>\n\n\n\n<h2 class=\"wp-block-heading has-vivid-cyan-blue-color has-text-color has-link-color wp-elements-2bedaf953dddcc5060475c06777272ac\" id=\"h-consideracoes-finais\">Considera\u00e7\u00f5es finais<\/h2>\n\n\n\n<p>Portanto, pessoal, esse foi nosso breve resumo sobre a constitucionalidade e o registro das Federa\u00e7\u00f5es Partid\u00e1rias, conforme a jurisprud\u00eancia do Supremo Tribunal Federal.<\/p>\n\n\n\n<p>Como visto, \u00e9 constitucional a Lei n\u00ba 14.208\/2021, que institui as federa\u00e7\u00f5es partid\u00e1rias. Por outro lado, \u00e9 inconstitucional o tratamento diferenciado quanto ao prazo para constitui\u00e7\u00e3o e registro das federa\u00e7\u00f5es perante o Tribunal Superior Eleitoral.<\/p>\n\n\n\n<p>Nosso tempo aqui \u00e9 breve e n\u00e3o conseguimos, claro, esgotar o assunto. Portanto, n\u00e3o deixe de revisar o tema em seu material de estudo e praticar com diversas quest\u00f5es.<\/p>\n\n\n\n<p>At\u00e9 a pr\u00f3xima!<\/p>\n\n\n\n<figure class=\"wp-block-image aligncenter size-large is-resized\"><img decoding=\"async\" src=\"https:\/\/dhg1h5j42swfq.cloudfront.net\/2020\/09\/18141901\/Coruja_Concursos%404x-506x1024.png\" alt=\"Concursos 2024 Estrat\u00e9gia Concursos\" class=\"wp-image-574355\" style=\"aspect-ratio:0.5;width:30px;height:auto\"\/><\/figure>\n\n\n\n<h2 class=\"wp-block-heading has-text-align-center\" id=\"h-quer-saber-tudo-sobre-concursos-previstos-confira-nossos-artigos\">Quer saber tudo sobre concursos previstos?<br \/>Confira nossos artigos!<\/h2>\n\n\n\n<ul class=\"wp-block-list\">\n<li><a href=\"https:\/\/www.estrategiaconcursos.com.br\/blog\/concursos-abertos\/\" target=\"_blank\" rel=\"noreferrer noopener\">Concursos Abertos<\/a><\/li>\n\n\n\n<li><a href=\"https:\/\/www.estrategiaconcursos.com.br\/blog\/concursos-2025\/\">Concursos 2025<\/a><\/li>\n<\/ul>\n\n\n\n<div class=\"container\" id=\"boxes\">\n  <div class=\"row\">\n\n    <div class=\"col-sm\">\n      <div class=\"banner-estrat-corj\" id=\"box-assinatura\">\n        <h3 class=\"titulo-assinatura\" style=\"text-align: left;\">Concursos 2025<\/h3>\n        <p class=\"subtitulo-assinatura\" style=\"text-align: left;\">Explore os cursos preparat\u00f3rios completos! \u2728<\/p>\n        <div class=\"box-botao\" style=\"text-align: left;\">\n          <a class=\"btn-assinatura\" target=\"_blank\" href=\"https:\/\/www.estrategiaconcursos.com.br\/cursos\/concurso\/\" role=\"button\" rel=\"noopener noreferrer\">CLIQUE AQUI<\/a>\n        <\/div>\n      <\/div><\/div><\/div><\/div>\n\n\n\n<div class=\"container\" id=\"boxes\">\n  <div class=\"row\">\n\n    <div class=\"col-sm\">\n      <div class=\"estrategia\" id=\"box-assinatura\">\n        <h3 class=\"titulo-assinatura\">Assinatura Concursos<\/h3>\n        <p class=\"subtitulo-assinatura\">Assinatura de 1 ano ou 2 anos<\/p>\n        <div class=\"box-botao\">\n          <a class=\"btn-assinatura\" target=\"_blank\" href=\"https:\/\/www.estrategiaconcursos.com.br\/assinaturas\/\" role=\"button\" rel=\"noopener noreferrer\">ASSINE AGORA<\/a>\n        <\/div>\n      <\/div><\/div><\/div><\/div>\n\n\n\n<p><\/p>\n","protected":false},"excerpt":{"rendered":"<p>Ol\u00e1, tudo bem? Hoje falaremos sobre a constitucionalidade e o registro das Federa\u00e7\u00f5es Partid\u00e1rias, conforme a jurisprud\u00eancia do Supremo Tribunal Federal (STF). De in\u00edcio, faremos uma breve abordagem sobre as Federa\u00e7\u00f5es Partid\u00e1rias. Na sequ\u00eancia, abordaremos o que o STF decidiu no julgamento da A\u00e7\u00e3o Direta de Inconstitucionalidade (ADI) n\u00ba 7.021\/DF. Vamos ao que interessa! Constitucionalidade [&hellip;]<\/p>\n","protected":false},"author":2567,"featured_media":1664449,"comment_status":"open","ping_status":"closed","sticky":false,"template":"","format":"standard","meta":{"post_tipo":"article","footnotes":""},"categories":[1],"tags":[],"tax_estado":[222299],"class_list":["post-1664445","post","type-post","status-publish","format-standard","has-post-thumbnail","hentry","category-cursos-e-concursos","tax_estado-sem-estado-definido"],"acf":[],"yoast_head":"<!-- This site is optimized with the Yoast SEO Premium plugin v27.2 (Yoast SEO v27.2) - https:\/\/yoast.com\/product\/yoast-seo-premium-wordpress\/ -->\n<title>Constitucionalidade e registro das Federa\u00e7\u00f5es Partid\u00e1rias\u00a0<\/title>\n<meta name=\"description\" content=\"Resumo sobre a constitucionalidade e o registro das Federa\u00e7\u00f5es Partid\u00e1rias, conforme a jurisprud\u00eancia do Supremo Tribunal Federal.\" \/>\n<meta name=\"robots\" content=\"index, follow, max-snippet:-1, max-image-preview:large, max-video-preview:-1\" \/>\n<link rel=\"canonical\" href=\"https:\/\/www.estrategiaconcursos.com.br\/blog\/constitucionalidade-registro-federacoes-partidarias\/\" \/>\n<meta property=\"og:locale\" content=\"pt_BR\" \/>\n<meta property=\"og:type\" content=\"article\" \/>\n<meta property=\"og:title\" content=\"Constitucionalidade e registro das Federa\u00e7\u00f5es Partid\u00e1rias\u00a0\" \/>\n<meta property=\"og:description\" content=\"Resumo sobre a constitucionalidade e o registro das Federa\u00e7\u00f5es Partid\u00e1rias, conforme a jurisprud\u00eancia do Supremo Tribunal Federal.\" \/>\n<meta property=\"og:url\" content=\"https:\/\/www.estrategiaconcursos.com.br\/blog\/constitucionalidade-registro-federacoes-partidarias\/\" \/>\n<meta property=\"og:site_name\" content=\"Estrat\u00e9gia Concursos\" \/>\n<meta property=\"article:published_time\" content=\"2025-12-22T11:39:00+00:00\" \/>\n<meta property=\"og:image\" content=\"https:\/\/dhg1h5j42swfq.cloudfront.net\/2025\/11\/03071232\/521794-piy43q-407.jpg\" \/>\n\t<meta property=\"og:image:width\" content=\"2000\" \/>\n\t<meta property=\"og:image:height\" content=\"2000\" \/>\n\t<meta property=\"og:image:type\" content=\"image\/jpeg\" \/>\n<meta name=\"author\" content=\"Frederico Tadeu Borlot Peixoto\" \/>\n<meta name=\"twitter:card\" content=\"summary_large_image\" \/>\n<meta name=\"twitter:creator\" content=\"@EstratConcursos\" \/>\n<meta name=\"twitter:site\" content=\"@EstratConcursos\" \/>\n<meta name=\"twitter:label1\" content=\"Escrito por\" \/>\n\t<meta name=\"twitter:data1\" content=\"Frederico Tadeu Borlot Peixoto\" \/>\n\t<meta name=\"twitter:label2\" content=\"Est. tempo de leitura\" \/>\n\t<meta name=\"twitter:data2\" content=\"6 minutos\" \/>\n<script type=\"application\/ld+json\" class=\"yoast-schema-graph\">{\"@context\":\"https:\/\/schema.org\",\"@graph\":[{\"@type\":\"NewsArticle\",\"@id\":\"https:\/\/www.estrategiaconcursos.com.br\/blog\/constitucionalidade-registro-federacoes-partidarias\/#article\",\"isPartOf\":{\"@id\":\"https:\/\/www.estrategiaconcursos.com.br\/blog\/constitucionalidade-registro-federacoes-partidarias\/\"},\"author\":{\"name\":\"Frederico Tadeu Borlot Peixoto\",\"@id\":\"https:\/\/www.estrategiaconcursos.com.br\/blog\/#\/schema\/person\/48a7e085e45aee7c3d4596399af50ebb\"},\"headline\":\"Constitucionalidade e registro das Federa\u00e7\u00f5es Partid\u00e1rias\u00a0\",\"datePublished\":\"2025-12-22T11:39:00+00:00\",\"mainEntityOfPage\":{\"@id\":\"https:\/\/www.estrategiaconcursos.com.br\/blog\/constitucionalidade-registro-federacoes-partidarias\/\"},\"wordCount\":1272,\"commentCount\":0,\"publisher\":{\"@id\":\"https:\/\/www.estrategiaconcursos.com.br\/blog\/#organization\"},\"image\":{\"@id\":\"https:\/\/www.estrategiaconcursos.com.br\/blog\/constitucionalidade-registro-federacoes-partidarias\/#primaryimage\"},\"thumbnailUrl\":\"https:\/\/dhg1h5j42swfq.cloudfront.net\/2025\/11\/03071232\/521794-piy43q-407.jpg\",\"articleSection\":[\"Concursos P\u00fablicos\"],\"inLanguage\":\"pt-BR\",\"potentialAction\":[{\"@type\":\"CommentAction\",\"name\":\"Comment\",\"target\":[\"https:\/\/www.estrategiaconcursos.com.br\/blog\/constitucionalidade-registro-federacoes-partidarias\/#respond\"]}],\"copyrightYear\":\"2025\",\"copyrightHolder\":{\"@id\":\"https:\/\/www.estrategiaconcursos.com.br\/blog\/#organization\"},\"accessibilityFeature\":[\"tableOfContents\"]},{\"@type\":\"WebPage\",\"@id\":\"https:\/\/www.estrategiaconcursos.com.br\/blog\/constitucionalidade-registro-federacoes-partidarias\/\",\"url\":\"https:\/\/www.estrategiaconcursos.com.br\/blog\/constitucionalidade-registro-federacoes-partidarias\/\",\"name\":\"Constitucionalidade e registro das Federa\u00e7\u00f5es Partid\u00e1rias\u00a0\",\"isPartOf\":{\"@id\":\"https:\/\/www.estrategiaconcursos.com.br\/blog\/#website\"},\"primaryImageOfPage\":{\"@id\":\"https:\/\/www.estrategiaconcursos.com.br\/blog\/constitucionalidade-registro-federacoes-partidarias\/#primaryimage\"},\"image\":{\"@id\":\"https:\/\/www.estrategiaconcursos.com.br\/blog\/constitucionalidade-registro-federacoes-partidarias\/#primaryimage\"},\"thumbnailUrl\":\"https:\/\/dhg1h5j42swfq.cloudfront.net\/2025\/11\/03071232\/521794-piy43q-407.jpg\",\"datePublished\":\"2025-12-22T11:39:00+00:00\",\"description\":\"Resumo sobre a constitucionalidade e o registro das Federa\u00e7\u00f5es Partid\u00e1rias, conforme a jurisprud\u00eancia do Supremo Tribunal Federal.\",\"breadcrumb\":{\"@id\":\"https:\/\/www.estrategiaconcursos.com.br\/blog\/constitucionalidade-registro-federacoes-partidarias\/#breadcrumb\"},\"inLanguage\":\"pt-BR\",\"potentialAction\":[{\"@type\":\"ReadAction\",\"target\":[\"https:\/\/www.estrategiaconcursos.com.br\/blog\/constitucionalidade-registro-federacoes-partidarias\/\"]}]},{\"@type\":\"ImageObject\",\"inLanguage\":\"pt-BR\",\"@id\":\"https:\/\/www.estrategiaconcursos.com.br\/blog\/constitucionalidade-registro-federacoes-partidarias\/#primaryimage\",\"url\":\"https:\/\/dhg1h5j42swfq.cloudfront.net\/2025\/11\/03071232\/521794-piy43q-407.jpg\",\"contentUrl\":\"https:\/\/dhg1h5j42swfq.cloudfront.net\/2025\/11\/03071232\/521794-piy43q-407.jpg\",\"width\":2000,\"height\":2000,\"caption\":\"Constitucionalidade e registro das Federa\u00e7\u00f5es Partid\u00e1rias\"},{\"@type\":\"BreadcrumbList\",\"@id\":\"https:\/\/www.estrategiaconcursos.com.br\/blog\/constitucionalidade-registro-federacoes-partidarias\/#breadcrumb\",\"itemListElement\":[{\"@type\":\"ListItem\",\"position\":1,\"name\":\"In\u00edcio\",\"item\":\"https:\/\/www.estrategiaconcursos.com.br\/blog\/\"},{\"@type\":\"ListItem\",\"position\":2,\"name\":\"Constitucionalidade e registro das Federa\u00e7\u00f5es Partid\u00e1rias\u00a0\"}]},{\"@type\":\"WebSite\",\"@id\":\"https:\/\/www.estrategiaconcursos.com.br\/blog\/#website\",\"url\":\"https:\/\/www.estrategiaconcursos.com.br\/blog\/\",\"name\":\"Estrat\u00e9gia Concursos\",\"description\":\"O blog da Estrat\u00e9gia Concursos traz not\u00edcias sobre concursos e artigos de professores oferecendo cursos para concursos (pdf + videaulas) no site.\",\"publisher\":{\"@id\":\"https:\/\/www.estrategiaconcursos.com.br\/blog\/#organization\"},\"potentialAction\":[{\"@type\":\"SearchAction\",\"target\":{\"@type\":\"EntryPoint\",\"urlTemplate\":\"https:\/\/www.estrategiaconcursos.com.br\/blog\/?s={search_term_string}\"},\"query-input\":{\"@type\":\"PropertyValueSpecification\",\"valueRequired\":true,\"valueName\":\"search_term_string\"}}],\"inLanguage\":\"pt-BR\"},{\"@type\":\"Organization\",\"@id\":\"https:\/\/www.estrategiaconcursos.com.br\/blog\/#organization\",\"name\":\"Estrat\u00e9gia Concursos\",\"url\":\"https:\/\/www.estrategiaconcursos.com.br\/blog\/\",\"logo\":{\"@type\":\"ImageObject\",\"inLanguage\":\"pt-BR\",\"@id\":\"https:\/\/www.estrategiaconcursos.com.br\/blog\/#\/schema\/logo\/image\/\",\"url\":\"https:\/\/dhg1h5j42swfq.cloudfront.net\/2025\/06\/03203428\/logo_concursos-1.jpg\",\"contentUrl\":\"https:\/\/dhg1h5j42swfq.cloudfront.net\/2025\/06\/03203428\/logo_concursos-1.jpg\",\"width\":230,\"height\":60,\"caption\":\"Estrat\u00e9gia Concursos\"},\"image\":{\"@id\":\"https:\/\/www.estrategiaconcursos.com.br\/blog\/#\/schema\/logo\/image\/\"},\"sameAs\":[\"https:\/\/x.com\/EstratConcursos\"]},{\"@type\":\"Person\",\"@id\":\"https:\/\/www.estrategiaconcursos.com.br\/blog\/#\/schema\/person\/48a7e085e45aee7c3d4596399af50ebb\",\"name\":\"Frederico Tadeu Borlot Peixoto\",\"image\":{\"@type\":\"ImageObject\",\"inLanguage\":\"pt-BR\",\"@id\":\"https:\/\/secure.gravatar.com\/avatar\/df8a49e2321c1e32f85e9e7c2a9c92c688f1f53a947220f40017ff5858b09fdb?s=96&d=mm&r=g\",\"url\":\"https:\/\/secure.gravatar.com\/avatar\/df8a49e2321c1e32f85e9e7c2a9c92c688f1f53a947220f40017ff5858b09fdb?s=96&d=mm&r=g\",\"contentUrl\":\"https:\/\/secure.gravatar.com\/avatar\/df8a49e2321c1e32f85e9e7c2a9c92c688f1f53a947220f40017ff5858b09fdb?s=96&d=mm&r=g\",\"caption\":\"Frederico Tadeu Borlot Peixoto\"},\"description\":\"Analista Judici\u00e1rio - \u00c1rea Judici\u00e1ria do TRF da 4\u00aa regi\u00e3o. Bacharel em Direito. P\u00f3s-graduado em Direito Administrativo, Legisla\u00e7\u00e3o Penal Especial, Direito Penal e Direito Processual Penal. Tamb\u00e9m nomeado no TRF da 3\u00aa regi\u00e3o (8\u00ba lugar); SPPREV (3\u00ba lugar); IFES (2\u00ba lugar); e PMES. https:\/\/www.instagram.com\/proffrederico\/\",\"sameAs\":[\"https:\/\/www.instagram.com\/proffrederico\/\"],\"url\":\"https:\/\/www.estrategiaconcursos.com.br\/blog\/author\/xfredericohotmail-com\/\"}]}<\/script>\n<!-- \/ Yoast SEO Premium plugin. -->","yoast_head_json":{"title":"Constitucionalidade e registro das Federa\u00e7\u00f5es Partid\u00e1rias\u00a0","description":"Resumo sobre a constitucionalidade e o registro das Federa\u00e7\u00f5es Partid\u00e1rias, conforme a jurisprud\u00eancia do Supremo Tribunal Federal.","robots":{"index":"index","follow":"follow","max-snippet":"max-snippet:-1","max-image-preview":"max-image-preview:large","max-video-preview":"max-video-preview:-1"},"canonical":"https:\/\/www.estrategiaconcursos.com.br\/blog\/constitucionalidade-registro-federacoes-partidarias\/","og_locale":"pt_BR","og_type":"article","og_title":"Constitucionalidade e registro das Federa\u00e7\u00f5es Partid\u00e1rias\u00a0","og_description":"Resumo sobre a constitucionalidade e o registro das Federa\u00e7\u00f5es Partid\u00e1rias, conforme a jurisprud\u00eancia do Supremo Tribunal Federal.","og_url":"https:\/\/www.estrategiaconcursos.com.br\/blog\/constitucionalidade-registro-federacoes-partidarias\/","og_site_name":"Estrat\u00e9gia Concursos","article_published_time":"2025-12-22T11:39:00+00:00","og_image":[{"width":2000,"height":2000,"url":"https:\/\/dhg1h5j42swfq.cloudfront.net\/2025\/11\/03071232\/521794-piy43q-407.jpg","type":"image\/jpeg"}],"author":"Frederico Tadeu Borlot Peixoto","twitter_card":"summary_large_image","twitter_creator":"@EstratConcursos","twitter_site":"@EstratConcursos","twitter_misc":{"Escrito por":"Frederico Tadeu Borlot Peixoto","Est. tempo de leitura":"6 minutos"},"schema":{"@context":"https:\/\/schema.org","@graph":[{"@type":"NewsArticle","@id":"https:\/\/www.estrategiaconcursos.com.br\/blog\/constitucionalidade-registro-federacoes-partidarias\/#article","isPartOf":{"@id":"https:\/\/www.estrategiaconcursos.com.br\/blog\/constitucionalidade-registro-federacoes-partidarias\/"},"author":{"name":"Frederico Tadeu Borlot Peixoto","@id":"https:\/\/www.estrategiaconcursos.com.br\/blog\/#\/schema\/person\/48a7e085e45aee7c3d4596399af50ebb"},"headline":"Constitucionalidade e registro das Federa\u00e7\u00f5es Partid\u00e1rias\u00a0","datePublished":"2025-12-22T11:39:00+00:00","mainEntityOfPage":{"@id":"https:\/\/www.estrategiaconcursos.com.br\/blog\/constitucionalidade-registro-federacoes-partidarias\/"},"wordCount":1272,"commentCount":0,"publisher":{"@id":"https:\/\/www.estrategiaconcursos.com.br\/blog\/#organization"},"image":{"@id":"https:\/\/www.estrategiaconcursos.com.br\/blog\/constitucionalidade-registro-federacoes-partidarias\/#primaryimage"},"thumbnailUrl":"https:\/\/dhg1h5j42swfq.cloudfront.net\/2025\/11\/03071232\/521794-piy43q-407.jpg","articleSection":["Concursos P\u00fablicos"],"inLanguage":"pt-BR","potentialAction":[{"@type":"CommentAction","name":"Comment","target":["https:\/\/www.estrategiaconcursos.com.br\/blog\/constitucionalidade-registro-federacoes-partidarias\/#respond"]}],"copyrightYear":"2025","copyrightHolder":{"@id":"https:\/\/www.estrategiaconcursos.com.br\/blog\/#organization"},"accessibilityFeature":["tableOfContents"]},{"@type":"WebPage","@id":"https:\/\/www.estrategiaconcursos.com.br\/blog\/constitucionalidade-registro-federacoes-partidarias\/","url":"https:\/\/www.estrategiaconcursos.com.br\/blog\/constitucionalidade-registro-federacoes-partidarias\/","name":"Constitucionalidade e registro das Federa\u00e7\u00f5es Partid\u00e1rias\u00a0","isPartOf":{"@id":"https:\/\/www.estrategiaconcursos.com.br\/blog\/#website"},"primaryImageOfPage":{"@id":"https:\/\/www.estrategiaconcursos.com.br\/blog\/constitucionalidade-registro-federacoes-partidarias\/#primaryimage"},"image":{"@id":"https:\/\/www.estrategiaconcursos.com.br\/blog\/constitucionalidade-registro-federacoes-partidarias\/#primaryimage"},"thumbnailUrl":"https:\/\/dhg1h5j42swfq.cloudfront.net\/2025\/11\/03071232\/521794-piy43q-407.jpg","datePublished":"2025-12-22T11:39:00+00:00","description":"Resumo sobre a constitucionalidade e o registro das Federa\u00e7\u00f5es Partid\u00e1rias, conforme a jurisprud\u00eancia do Supremo Tribunal Federal.","breadcrumb":{"@id":"https:\/\/www.estrategiaconcursos.com.br\/blog\/constitucionalidade-registro-federacoes-partidarias\/#breadcrumb"},"inLanguage":"pt-BR","potentialAction":[{"@type":"ReadAction","target":["https:\/\/www.estrategiaconcursos.com.br\/blog\/constitucionalidade-registro-federacoes-partidarias\/"]}]},{"@type":"ImageObject","inLanguage":"pt-BR","@id":"https:\/\/www.estrategiaconcursos.com.br\/blog\/constitucionalidade-registro-federacoes-partidarias\/#primaryimage","url":"https:\/\/dhg1h5j42swfq.cloudfront.net\/2025\/11\/03071232\/521794-piy43q-407.jpg","contentUrl":"https:\/\/dhg1h5j42swfq.cloudfront.net\/2025\/11\/03071232\/521794-piy43q-407.jpg","width":2000,"height":2000,"caption":"Constitucionalidade e registro das Federa\u00e7\u00f5es Partid\u00e1rias"},{"@type":"BreadcrumbList","@id":"https:\/\/www.estrategiaconcursos.com.br\/blog\/constitucionalidade-registro-federacoes-partidarias\/#breadcrumb","itemListElement":[{"@type":"ListItem","position":1,"name":"In\u00edcio","item":"https:\/\/www.estrategiaconcursos.com.br\/blog\/"},{"@type":"ListItem","position":2,"name":"Constitucionalidade e registro das Federa\u00e7\u00f5es Partid\u00e1rias\u00a0"}]},{"@type":"WebSite","@id":"https:\/\/www.estrategiaconcursos.com.br\/blog\/#website","url":"https:\/\/www.estrategiaconcursos.com.br\/blog\/","name":"Estrat\u00e9gia Concursos","description":"O blog da Estrat\u00e9gia Concursos traz not\u00edcias sobre concursos e artigos de professores oferecendo cursos para concursos (pdf + videaulas) no site.","publisher":{"@id":"https:\/\/www.estrategiaconcursos.com.br\/blog\/#organization"},"potentialAction":[{"@type":"SearchAction","target":{"@type":"EntryPoint","urlTemplate":"https:\/\/www.estrategiaconcursos.com.br\/blog\/?s={search_term_string}"},"query-input":{"@type":"PropertyValueSpecification","valueRequired":true,"valueName":"search_term_string"}}],"inLanguage":"pt-BR"},{"@type":"Organization","@id":"https:\/\/www.estrategiaconcursos.com.br\/blog\/#organization","name":"Estrat\u00e9gia Concursos","url":"https:\/\/www.estrategiaconcursos.com.br\/blog\/","logo":{"@type":"ImageObject","inLanguage":"pt-BR","@id":"https:\/\/www.estrategiaconcursos.com.br\/blog\/#\/schema\/logo\/image\/","url":"https:\/\/dhg1h5j42swfq.cloudfront.net\/2025\/06\/03203428\/logo_concursos-1.jpg","contentUrl":"https:\/\/dhg1h5j42swfq.cloudfront.net\/2025\/06\/03203428\/logo_concursos-1.jpg","width":230,"height":60,"caption":"Estrat\u00e9gia Concursos"},"image":{"@id":"https:\/\/www.estrategiaconcursos.com.br\/blog\/#\/schema\/logo\/image\/"},"sameAs":["https:\/\/x.com\/EstratConcursos"]},{"@type":"Person","@id":"https:\/\/www.estrategiaconcursos.com.br\/blog\/#\/schema\/person\/48a7e085e45aee7c3d4596399af50ebb","name":"Frederico Tadeu Borlot Peixoto","image":{"@type":"ImageObject","inLanguage":"pt-BR","@id":"https:\/\/secure.gravatar.com\/avatar\/df8a49e2321c1e32f85e9e7c2a9c92c688f1f53a947220f40017ff5858b09fdb?s=96&d=mm&r=g","url":"https:\/\/secure.gravatar.com\/avatar\/df8a49e2321c1e32f85e9e7c2a9c92c688f1f53a947220f40017ff5858b09fdb?s=96&d=mm&r=g","contentUrl":"https:\/\/secure.gravatar.com\/avatar\/df8a49e2321c1e32f85e9e7c2a9c92c688f1f53a947220f40017ff5858b09fdb?s=96&d=mm&r=g","caption":"Frederico Tadeu Borlot Peixoto"},"description":"Analista Judici\u00e1rio - \u00c1rea Judici\u00e1ria do TRF da 4\u00aa regi\u00e3o. Bacharel em Direito. P\u00f3s-graduado em Direito Administrativo, Legisla\u00e7\u00e3o Penal Especial, Direito Penal e Direito Processual Penal. Tamb\u00e9m nomeado no TRF da 3\u00aa regi\u00e3o (8\u00ba lugar); SPPREV (3\u00ba lugar); IFES (2\u00ba lugar); e PMES. https:\/\/www.instagram.com\/proffrederico\/","sameAs":["https:\/\/www.instagram.com\/proffrederico\/"],"url":"https:\/\/www.estrategiaconcursos.com.br\/blog\/author\/xfredericohotmail-com\/"}]}},"_links":{"self":[{"href":"https:\/\/www.estrategiaconcursos.com.br\/blog\/wp-json\/wp\/v2\/posts\/1664445","targetHints":{"allow":["GET"]}}],"collection":[{"href":"https:\/\/www.estrategiaconcursos.com.br\/blog\/wp-json\/wp\/v2\/posts"}],"about":[{"href":"https:\/\/www.estrategiaconcursos.com.br\/blog\/wp-json\/wp\/v2\/types\/post"}],"author":[{"embeddable":true,"href":"https:\/\/www.estrategiaconcursos.com.br\/blog\/wp-json\/wp\/v2\/users\/2567"}],"replies":[{"embeddable":true,"href":"https:\/\/www.estrategiaconcursos.com.br\/blog\/wp-json\/wp\/v2\/comments?post=1664445"}],"version-history":[{"count":2,"href":"https:\/\/www.estrategiaconcursos.com.br\/blog\/wp-json\/wp\/v2\/posts\/1664445\/revisions"}],"predecessor-version":[{"id":1664450,"href":"https:\/\/www.estrategiaconcursos.com.br\/blog\/wp-json\/wp\/v2\/posts\/1664445\/revisions\/1664450"}],"wp:featuredmedia":[{"embeddable":true,"href":"https:\/\/www.estrategiaconcursos.com.br\/blog\/wp-json\/wp\/v2\/media\/1664449"}],"wp:attachment":[{"href":"https:\/\/www.estrategiaconcursos.com.br\/blog\/wp-json\/wp\/v2\/media?parent=1664445"}],"wp:term":[{"taxonomy":"category","embeddable":true,"href":"https:\/\/www.estrategiaconcursos.com.br\/blog\/wp-json\/wp\/v2\/categories?post=1664445"},{"taxonomy":"post_tag","embeddable":true,"href":"https:\/\/www.estrategiaconcursos.com.br\/blog\/wp-json\/wp\/v2\/tags?post=1664445"},{"taxonomy":"tax_estado","embeddable":true,"href":"https:\/\/www.estrategiaconcursos.com.br\/blog\/wp-json\/wp\/v2\/tax_estado?post=1664445"}],"curies":[{"name":"wp","href":"https:\/\/api.w.org\/{rel}","templated":true}]}}