{"id":1664359,"date":"2025-12-10T08:46:00","date_gmt":"2025-12-10T11:46:00","guid":{"rendered":"https:\/\/www.estrategiaconcursos.com.br\/blog\/?p=1664359"},"modified":"2026-03-01T16:44:11","modified_gmt":"2026-03-01T19:44:11","slug":"deslocamento-remocao-x-redistribuicao","status":"publish","type":"post","link":"https:\/\/www.estrategiaconcursos.com.br\/blog\/deslocamento-remocao-x-redistribuicao\/","title":{"rendered":"Deslocamento: Remo\u00e7\u00e3o x Redistribui\u00e7\u00e3o"},"content":{"rendered":"\n<p>Antes de tudo, \u00e9 importante evidenciar que entender sobre &#8220;Deslocamento: Remo\u00e7\u00e3o x Redistribui\u00e7\u00e3o&#8221; o deixar\u00e1 mais preparado para as quest\u00f5es de Direito Administrativo. Dessa forma, objetivando ajudar voc\u00ea, candidato, reunimos o essencial sobre essa tem\u00e1tica neste artigo!<\/p>\n\n\n\n<figure class=\"wp-block-image size-full\"><img loading=\"lazy\" decoding=\"async\" width=\"768\" height=\"438\" src=\"https:\/\/dhg1h5j42swfq.cloudfront.net\/2025\/11\/01145326\/image-2.png\" alt=\"Imagem do artigo \" class=\"wp-image-1664360\" srcset=\"https:\/\/dhg1h5j42swfq.cloudfront.net\/2025\/11\/01145326\/image-2.png 768w, https:\/\/dhg1h5j42swfq.cloudfront.net\/2025\/11\/01145326\/image-2-300x171.png 300w, https:\/\/dhg1h5j42swfq.cloudfront.net\/2025\/11\/01145326\/image-2-150x86.png 150w\" sizes=\"auto, (max-width: 768px) 100vw, 768px\" \/><\/figure>\n\n\n\n<p>A compreens\u00e3o aprofundada dos institutos da remo\u00e7\u00e3o e da redistribui\u00e7\u00e3o revela-se essencial para os estudantes que se preparam para concursos p\u00fablicos. Isso acontece porque tais mecanismos representam formas de deslocamento do servidor ou do cargo dentro da Administra\u00e7\u00e3o P\u00fablica.<\/p>\n\n\n\n<p>O Estatuto dos Servidores P\u00fablicos Federais (<a href=\"https:\/\/www.planalto.gov.br\/ccivil_03\/LEIS\/L8112cons.htm\">Lei n\u00ba 8.112\/90<\/a>) detalha as regras aplic\u00e1veis a esses dois institutos. A norma estabelece as condi\u00e7\u00f5es e os limites para a movimenta\u00e7\u00e3o, visando sempre aprimorar a gest\u00e3o de pessoal.<\/p>\n\n\n\n<p>Nesse contexto, estruturaremos este tema nos seguintes t\u00f3picos:<a href=\"#_Remo\u00e7\u00e3o:_Conceito_e\"><\/a><\/p>\n\n\n\n<ul class=\"wp-block-list\">\n<li><a href=\"#_Remo\u00e7\u00e3o:_Conceito_e\">Remo\u00e7\u00e3o: Conceito e modalidades<\/a><\/li>\n\n\n\n<li><a href=\"#_Hip\u00f3teses_de_Remo\u00e7\u00e3o\">Situa\u00e7\u00f5es de Remo\u00e7\u00e3o Independentemente do Interesse da Administra\u00e7\u00e3o<\/a><\/li>\n\n\n\n<li><a href=\"#_Natureza_da_Redistribui\u00e7\u00e3o\">Natureza da Redistribui\u00e7\u00e3o<\/a><\/li>\n\n\n\n<li><a href=\"#_Preceitos_Obrigat\u00f3rios_da\">Preceitos Obrigat\u00f3rios da Redistribui\u00e7\u00e3o<\/a><\/li>\n\n\n\n<li><a href=\"#_Prazo_para_Entrada\">Prazo para Entrada em Exerc\u00edcio<\/a><\/li>\n\n\n\n<li><a href=\"#_Conclus\u00e3o_do_artigo:\">Conclus\u00e3o do Artigo \u201cDeslocamento: Remo\u00e7\u00e3o e Redistribui\u00e7\u00e3o\u201d<\/a><\/li>\n<\/ul>\n\n\n\n<h2 class=\"wp-block-heading\" id=\"h-remocao-conceito-e-modalidades\"><a><\/a><a><\/a><a id=\"_Remo\u00e7\u00e3o:_Conceito_e\"><\/a>Remo\u00e7\u00e3o: Conceito e modalidades<\/h2>\n\n\n\n<p>Primeiramente, destaca-se que a remo\u00e7\u00e3o constitui o <strong>deslocamento do servidor<\/strong>, seja a pedido, seja de of\u00edcio. Esse deslocamento ocorre <strong>no \u00e2mbito do mesmo quadro<\/strong> de pessoal, podendo envolver ou n\u00e3o a mudan\u00e7a de sede.<\/p>\n\n\n\n<p>Dessa forma, \u00e9 fundamental notar que a remo\u00e7\u00e3o <strong>n\u00e3o implica na altera\u00e7\u00e3o do cargo<\/strong> ou da lota\u00e7\u00e3o original do cargo. Portanto, movimenta-se apenas o servidor.<\/p>\n\n\n\n<p>Por fim, a Lei n\u00ba 8.112\/90, em seu artigo 36, par\u00e1grafo \u00fanico, define as modalidades de remo\u00e7\u00e3o:<\/p>\n\n\n\n<ul class=\"wp-block-list\">\n<li><strong>Remo\u00e7\u00e3o de of\u00edcio:<\/strong> Ocorre no <strong>interesse da Administra\u00e7\u00e3o<\/strong>.<\/li>\n<\/ul>\n\n\n\n<ul class=\"wp-block-list\">\n<li><strong>Remo\u00e7\u00e3o a pedido, a crit\u00e9rio da Administra\u00e7\u00e3o:<\/strong> Depende da avalia\u00e7\u00e3o de <strong>conveni\u00eancia e oportunidade<\/strong> pela Administra\u00e7\u00e3o P\u00fablica.<\/li>\n<\/ul>\n\n\n\n<ul class=\"wp-block-list\">\n<li><strong>Remo\u00e7\u00e3o a pedido, independentemente do interesse da Administra\u00e7\u00e3o:<\/strong> Nestes casos, o servidor possui <strong>direito subjetivo<\/strong> \u00e0 remo\u00e7\u00e3o.<\/li>\n<\/ul>\n\n\n\n<h2 class=\"wp-block-heading\" id=\"h-situacoes-de-remocao-independentemente-do-interesse-da-administracao\"><a><\/a><a id=\"_Hip\u00f3teses_de_Remo\u00e7\u00e3o\"><\/a>Situa\u00e7\u00f5es de Remo\u00e7\u00e3o Independentemente do Interesse da Administra\u00e7\u00e3o<\/h2>\n\n\n\n<p>Primeiramente, por sua natureza especial, destacaremos agora, entre as situa\u00e7\u00f5es apresentadas ao longo do artigo \u201cDeslocamento: Remo\u00e7\u00e3o x Redistribui\u00e7\u00e3o\u201d, aquelas que permitem a remo\u00e7\u00e3o independentemente do interesse da Administra\u00e7\u00e3o.<\/p>\n\n\n\n<p>Dessa maneira, a Lei n\u00ba 8.112\/90 estabelece tr\u00eas circunst\u00e2ncias em que ocorre, as quais est\u00e3o elencadas a seguir:<\/p>\n\n\n\n<ul class=\"wp-block-list\">\n<li><strong>Acompanhamento de C\u00f4njuge ou Companheiro:<\/strong> Aplica-se quando o c\u00f4njuge ou companheiro, tamb\u00e9m servidor p\u00fablico (civil ou militar, de qualquer dos Poderes da Uni\u00e3o, Estados, Distrito Federal e Munic\u00edpios), \u00e9 <strong>deslocado no interesse da Administra\u00e7\u00e3o<\/strong>. O c\u00f4njuge ou companheiro n\u00e3o precisa ser regido pela Lei n\u00ba 8.112\/90. O deslocamento do c\u00f4njuge deve ter ocorrido <strong>de of\u00edcio<\/strong> pela Administra\u00e7\u00e3o P\u00fablica.<\/li>\n<\/ul>\n\n\n\n<ul class=\"wp-block-list\">\n<li><strong>Motivo de Sa\u00fade:<\/strong> A remo\u00e7\u00e3o se justifica por motivo de sa\u00fade do <strong>servidor<\/strong>, de seu <strong>c\u00f4njuge<\/strong>, <strong>companheiro<\/strong> ou <strong>dependente<\/strong> que viva \u00e0s suas expensas e conste do assentamento funcional. A efetiva\u00e7\u00e3o da remo\u00e7\u00e3o exige <strong>comprova\u00e7\u00e3o por junta m\u00e9dica oficial<\/strong>. O termo &#8220;expensas&#8221; implica a necessidade de <strong>depend\u00eancia econ\u00f4mica<\/strong> do parente, n\u00e3o bastando a depend\u00eancia f\u00edsica ou afetiva.<\/li>\n<\/ul>\n\n\n\n<ul class=\"wp-block-list\">\n<li><strong>Processo Seletivo:<\/strong> Ocorre em virtude de <strong>processo seletivo<\/strong> promovido pelo \u00f3rg\u00e3o ou entidade. Esta modalidade \u00e9 aplicada na hip\u00f3tese em que o <strong>n\u00famero de interessados \u00e9 superior ao n\u00famero de vagas<\/strong>. As normas que regem o processo seletivo devem ser preestabelecidas.<\/li>\n<\/ul>\n\n\n\n<h2 class=\"wp-block-heading\" id=\"h-natureza-da-redistribuicao\"><a><\/a><a id=\"_Natureza_da_Redistribui\u00e7\u00e3o\"><\/a>Natureza da Redistribui\u00e7\u00e3o<\/h2>\n\n\n\n<p>A princ\u00edpio, \u00e9 importante salientar que a redistribui\u00e7\u00e3o se diferencia substancialmente da remo\u00e7\u00e3o, pois seu foco est\u00e1 no <strong>deslocamento do cargo de provimento efetivo<\/strong>.<\/p>\n\n\n\n<p>Sendo assim, a redistribui\u00e7\u00e3o \u00e9 o <strong>deslocamento do cargo<\/strong>, seja este <strong>ocupado ou vago<\/strong>, no \u00e2mbito do quadro geral de pessoal. A movimenta\u00e7\u00e3o ocorre para <strong>outro \u00f3rg\u00e3o ou entidade do mesmo Poder<\/strong>.<\/p>\n\n\n\n<p>Trata-se de um ato <strong>exclusivamente de of\u00edcio<\/strong>, ou seja, realizado pela Administra\u00e7\u00e3o, e \u00e9 motivado pelo <strong>ajustamento de quadros de pessoal \u00e0s necessidades dos servi\u00e7os<\/strong>. Essa medida se justifica, por exemplo, em casos de reorganiza\u00e7\u00e3o, extin\u00e7\u00e3o ou cria\u00e7\u00e3o de \u00f3rg\u00e3o ou entidade.<\/p>\n\n\n\n<h2 class=\"wp-block-heading\" id=\"h-preceitos-obrigatorios-da-redistribuicao\"><a><\/a><a><\/a><a id=\"_Preceitos_Obrigat\u00f3rios_da\"><\/a>Preceitos Obrigat\u00f3rios da Redistribui\u00e7\u00e3o<\/h2>\n\n\n\n<p>O processo de redistribui\u00e7\u00e3o exige a observ\u00e2ncia rigorosa de preceitos legais, conforme o artigo 37 da Lei n\u00ba 8.112\/90:<\/p>\n\n\n\n<ul class=\"wp-block-list\">\n<li><strong>Interesse da Administra\u00e7\u00e3o:<\/strong> A redistribui\u00e7\u00e3o deve sempre atender ao interesse p\u00fablico, visando ao ajustamento da for\u00e7a de trabalho.<\/li>\n<\/ul>\n\n\n\n<ul class=\"wp-block-list\">\n<li><strong>Equival\u00eancia de Vencimentos:<\/strong> Os vencimentos do cargo de destino devem ser equivalentes aos do cargo de origem.<\/li>\n<\/ul>\n\n\n\n<ul class=\"wp-block-list\">\n<li><strong>Manuten\u00e7\u00e3o da Ess\u00eancia das Atribui\u00e7\u00f5es do Cargo:<\/strong> Devem-se manter a natureza e as fun\u00e7\u00f5es principais do cargo.<\/li>\n<\/ul>\n\n\n\n<ul class=\"wp-block-list\">\n<li><strong>V\u00ednculo entre Graus de Responsabilidade e Complexidade:<\/strong> Deve existir vincula\u00e7\u00e3o entre os graus de responsabilidade e a complexidade das atividades.<\/li>\n<\/ul>\n\n\n\n<ul class=\"wp-block-list\">\n<li><strong>Mesmo N\u00edvel de Escolaridade, Especialidade ou Habilita\u00e7\u00e3o Profissional:<\/strong> Os requisitos de forma\u00e7\u00e3o para o cargo devem ser os mesmos.<\/li>\n<\/ul>\n\n\n\n<ul class=\"wp-block-list\">\n<li><strong>Compatibilidade entre Atribui\u00e7\u00f5es e Finalidades Institucionais:<\/strong> As atribui\u00e7\u00f5es do cargo redistribu\u00eddo devem ser compat\u00edveis com as finalidades institucionais do \u00f3rg\u00e3o ou entidade de destino.<\/li>\n<\/ul>\n\n\n\n<p>Por \u00faltimo, a redistribui\u00e7\u00e3o de cargos efetivos, quando vagos, exige um <strong>ato conjunto<\/strong> entre o \u00f3rg\u00e3o central do SIPEC (Sistema de Pessoal Civil da Administra\u00e7\u00e3o Federal) e os \u00f3rg\u00e3os ou entidades da Administra\u00e7\u00e3o P\u00fablica Federal envolvidos.<\/p>\n\n\n\n<h2 class=\"wp-block-heading\" id=\"h-deslocamento-remocao-x-redistribuicao-prazo-para-entrada-em-exercicio\"><a id=\"_Prazo_para_Entrada\"><\/a>Deslocamento: Remo\u00e7\u00e3o x Redistribui\u00e7\u00e3o &#8211; Prazo para Entrada em Exerc\u00edcio <\/h2>\n\n\n\n<p>Tanto na remo\u00e7\u00e3o quanto na redistribui\u00e7\u00e3o que impliquem a <strong>mudan\u00e7a de domic\u00edlio<\/strong> para outra localidade, o servidor ter\u00e1 um <strong>prazo de 30 (trinta) dias<\/strong> para entrar em exerc\u00edcio.<\/p>\n\n\n\n<p>Este prazo de 30 dias j\u00e1 inclui o tempo necess\u00e1rio para o deslocamento at\u00e9 a nova sede.<\/p>\n\n\n\n<h2 class=\"wp-block-heading\" id=\"h-conclusao-do-artigo-deslocamento-remocao-x-redistribuicao\"><a id=\"_Conclus\u00e3o_do_artigo:\"><\/a>Conclus\u00e3o do artigo &#8220;Deslocamento: Remo\u00e7\u00e3o x Redistribui\u00e7\u00e3o\u201d<\/h2>\n\n\n\n<p>Chegamos, ent\u00e3o, ao fim do nosso artigo sobre \u201cRemo\u00e7\u00e3o e Redistribui\u00e7\u00e3o de Servidores P\u00fablicos\u201d.<\/p>\n\n\n\n<p>Nele, aprendemos os conceitos, as diferen\u00e7as e as hip\u00f3teses de aplica\u00e7\u00e3o desses mecanismos, os quais est\u00e3o resumidos no quadro abaixo:<\/p>\n\n\n\n<figure class=\"wp-block-image aligncenter size-full\"><img loading=\"lazy\" decoding=\"async\" width=\"542\" height=\"611\" src=\"https:\/\/dhg1h5j42swfq.cloudfront.net\/2025\/12\/01094616\/image-1.png\" alt=\"\" class=\"wp-image-1723300\" srcset=\"https:\/\/dhg1h5j42swfq.cloudfront.net\/2025\/12\/01094616\/image-1.png 542w, https:\/\/dhg1h5j42swfq.cloudfront.net\/2025\/12\/01094616\/image-1-266x300.png 266w, https:\/\/dhg1h5j42swfq.cloudfront.net\/2025\/12\/01094616\/image-1-150x169.png 150w\" sizes=\"auto, (max-width: 542px) 100vw, 542px\" \/><\/figure>\n\n\n\n<p>Por fim, caso queira consolidar todo conhecimento aprendido neste artigo, v\u00e1 at\u00e9 o <a href=\"https:\/\/questoes.estrategiaconcursos.com.br\/\" target=\"_blank\" rel=\"noreferrer noopener\"><strong>Sistema de Quest\u00f5es do Estrat\u00e9gia<\/strong><\/a> e comece j\u00e1 o treinamento!<\/p>\n\n\n\n<p class=\"has-text-align-center has-very-light-gray-to-cyan-bluish-gray-gradient-background has-background\"><strong>ASSINE AGORA \u2013<\/strong><a href=\"https:\/\/www.estrategiaconcursos.com.br\/assinaturas\" target=\"_blank\" rel=\"noreferrer noopener\"><strong> Assinaturas<\/strong><\/a><\/p>\n\n\n\n<p><strong><em>Assine agora a nossa Assinatura Anual e tenha acesso ilimitado a todos os nossos cursos.<\/em><\/strong><\/p>\n\n\n\n<p><strong><em>Fique por dentro de todos os<\/em><\/strong><a href=\"https:\/\/www.estrategiaconcursos.com.br\/blog\/comunidade-platinum-e-trilha-individualizada\/\" target=\"_blank\" rel=\"noreferrer noopener\"><strong><em> concursos<\/em>:<\/strong><\/a><\/p>\n\n\n\n<p class=\"has-text-align-center has-very-light-gray-to-cyan-bluish-gray-gradient-background has-background\"><a href=\"https:\/\/www.estrategiaconcursos.com.br\/blog\/concursos-abertos\/\" target=\"_blank\" rel=\"noreferrer noopener\"><strong>Concursos abertos<\/strong><\/a><\/p>\n\n\n\n<p class=\"has-text-align-center has-very-light-gray-to-cyan-bluish-gray-gradient-background has-background\"><a href=\"https:\/\/www.estrategiaconcursos.com.br\/blog\/concursos-2025\/\" target=\"_blank\" rel=\"noreferrer noopener\"><strong>Concursos 2025<\/strong><\/a><\/p>\n\n\n\n<p class=\"has-text-align-center has-very-light-gray-to-cyan-bluish-gray-gradient-background has-background\"><strong><a href=\"https:\/\/www.estrategiaconcursos.com.br\/blog\/concursos-2026\/\" target=\"_blank\" rel=\"noreferrer noopener\">Concursos 2026<\/a><\/strong><\/p>\n","protected":false},"excerpt":{"rendered":"<p>Antes de tudo, \u00e9 importante evidenciar que entender sobre &#8220;Deslocamento: Remo\u00e7\u00e3o x Redistribui\u00e7\u00e3o&#8221; o deixar\u00e1 mais preparado para as quest\u00f5es de Direito Administrativo. Dessa forma, objetivando ajudar voc\u00ea, candidato, reunimos o essencial sobre essa tem\u00e1tica neste artigo! A compreens\u00e3o aprofundada dos institutos da remo\u00e7\u00e3o e da redistribui\u00e7\u00e3o revela-se essencial para os estudantes que se preparam [&hellip;]<\/p>\n","protected":false},"author":3082,"featured_media":1664360,"comment_status":"open","ping_status":"closed","sticky":false,"template":"","format":"standard","meta":{"post_tipo":"article","footnotes":""},"categories":[1],"tags":[40],"tax_estado":[222299],"class_list":["post-1664359","post","type-post","status-publish","format-standard","has-post-thumbnail","hentry","category-cursos-e-concursos","tag-concurso","tax_estado-sem-estado-definido"],"acf":[],"yoast_head":"<!-- This site is optimized with the Yoast SEO Premium plugin v27.2 (Yoast SEO v27.2) - https:\/\/yoast.com\/product\/yoast-seo-premium-wordpress\/ -->\n<title>Deslocamento: Remo\u00e7\u00e3o x Redistribui\u00e7\u00e3o<\/title>\n<meta name=\"description\" content=\"Entender sobre Hip\u00f3teses de Deslocamento: Remo\u00e7\u00e3o x Redistribui\u00e7\u00e3o pode ser fundamental para fazer uma boa prova. Saiba mais neste artigo!\" \/>\n<meta name=\"robots\" content=\"index, follow, max-snippet:-1, max-image-preview:large, max-video-preview:-1\" \/>\n<link rel=\"canonical\" href=\"https:\/\/www.estrategiaconcursos.com.br\/blog\/deslocamento-remocao-x-redistribuicao\/\" \/>\n<meta property=\"og:locale\" content=\"pt_BR\" \/>\n<meta property=\"og:type\" content=\"article\" \/>\n<meta property=\"og:title\" content=\"Deslocamento: Remo\u00e7\u00e3o x Redistribui\u00e7\u00e3o\" \/>\n<meta property=\"og:description\" content=\"Entender sobre Hip\u00f3teses de Deslocamento: Remo\u00e7\u00e3o x Redistribui\u00e7\u00e3o pode ser fundamental para fazer uma boa prova. Saiba mais neste artigo!\" \/>\n<meta property=\"og:url\" content=\"https:\/\/www.estrategiaconcursos.com.br\/blog\/deslocamento-remocao-x-redistribuicao\/\" \/>\n<meta property=\"og:site_name\" content=\"Estrat\u00e9gia Concursos\" \/>\n<meta property=\"article:published_time\" content=\"2025-12-10T11:46:00+00:00\" \/>\n<meta property=\"article:modified_time\" content=\"2026-03-01T19:44:11+00:00\" \/>\n<meta property=\"og:image\" content=\"https:\/\/dhg1h5j42swfq.cloudfront.net\/2025\/11\/01145326\/image-2.png\" \/>\n\t<meta property=\"og:image:width\" content=\"768\" \/>\n\t<meta property=\"og:image:height\" content=\"438\" \/>\n\t<meta property=\"og:image:type\" content=\"image\/png\" \/>\n<meta name=\"author\" content=\"Danilo Matheus da Silva\" \/>\n<meta name=\"twitter:card\" content=\"summary_large_image\" \/>\n<meta name=\"twitter:creator\" content=\"@EstratConcursos\" \/>\n<meta name=\"twitter:site\" content=\"@EstratConcursos\" \/>\n<meta name=\"twitter:label1\" content=\"Escrito por\" \/>\n\t<meta name=\"twitter:data1\" content=\"Danilo Matheus da Silva\" \/>\n\t<meta name=\"twitter:label2\" content=\"Est. tempo de leitura\" \/>\n\t<meta name=\"twitter:data2\" content=\"5 minutos\" \/>\n<script type=\"application\/ld+json\" class=\"yoast-schema-graph\">{\"@context\":\"https:\/\/schema.org\",\"@graph\":[{\"@type\":\"NewsArticle\",\"@id\":\"https:\/\/www.estrategiaconcursos.com.br\/blog\/deslocamento-remocao-x-redistribuicao\/#article\",\"isPartOf\":{\"@id\":\"https:\/\/www.estrategiaconcursos.com.br\/blog\/deslocamento-remocao-x-redistribuicao\/\"},\"author\":{\"name\":\"Danilo Matheus da Silva\",\"@id\":\"https:\/\/www.estrategiaconcursos.com.br\/blog\/#\/schema\/person\/eac2b6c86bd9f45309d91a52a5ea00f5\"},\"headline\":\"Deslocamento: Remo\u00e7\u00e3o x Redistribui\u00e7\u00e3o\",\"datePublished\":\"2025-12-10T11:46:00+00:00\",\"dateModified\":\"2026-03-01T19:44:11+00:00\",\"mainEntityOfPage\":{\"@id\":\"https:\/\/www.estrategiaconcursos.com.br\/blog\/deslocamento-remocao-x-redistribuicao\/\"},\"wordCount\":1051,\"commentCount\":0,\"publisher\":{\"@id\":\"https:\/\/www.estrategiaconcursos.com.br\/blog\/#organization\"},\"image\":{\"@id\":\"https:\/\/www.estrategiaconcursos.com.br\/blog\/deslocamento-remocao-x-redistribuicao\/#primaryimage\"},\"thumbnailUrl\":\"https:\/\/dhg1h5j42swfq.cloudfront.net\/2025\/11\/01145326\/image-2.png\",\"keywords\":[\"Concurso\"],\"articleSection\":[\"Concursos P\u00fablicos\"],\"inLanguage\":\"pt-BR\",\"potentialAction\":[{\"@type\":\"CommentAction\",\"name\":\"Comment\",\"target\":[\"https:\/\/www.estrategiaconcursos.com.br\/blog\/deslocamento-remocao-x-redistribuicao\/#respond\"]}],\"copyrightYear\":\"2025\",\"copyrightHolder\":{\"@id\":\"https:\/\/www.estrategiaconcursos.com.br\/blog\/#organization\"}},{\"@type\":\"WebPage\",\"@id\":\"https:\/\/www.estrategiaconcursos.com.br\/blog\/deslocamento-remocao-x-redistribuicao\/\",\"url\":\"https:\/\/www.estrategiaconcursos.com.br\/blog\/deslocamento-remocao-x-redistribuicao\/\",\"name\":\"Deslocamento: Remo\u00e7\u00e3o x Redistribui\u00e7\u00e3o\",\"isPartOf\":{\"@id\":\"https:\/\/www.estrategiaconcursos.com.br\/blog\/#website\"},\"primaryImageOfPage\":{\"@id\":\"https:\/\/www.estrategiaconcursos.com.br\/blog\/deslocamento-remocao-x-redistribuicao\/#primaryimage\"},\"image\":{\"@id\":\"https:\/\/www.estrategiaconcursos.com.br\/blog\/deslocamento-remocao-x-redistribuicao\/#primaryimage\"},\"thumbnailUrl\":\"https:\/\/dhg1h5j42swfq.cloudfront.net\/2025\/11\/01145326\/image-2.png\",\"datePublished\":\"2025-12-10T11:46:00+00:00\",\"dateModified\":\"2026-03-01T19:44:11+00:00\",\"description\":\"Entender sobre Hip\u00f3teses de Deslocamento: Remo\u00e7\u00e3o x Redistribui\u00e7\u00e3o pode ser fundamental para fazer uma boa prova. Saiba mais neste artigo!\",\"breadcrumb\":{\"@id\":\"https:\/\/www.estrategiaconcursos.com.br\/blog\/deslocamento-remocao-x-redistribuicao\/#breadcrumb\"},\"inLanguage\":\"pt-BR\",\"potentialAction\":[{\"@type\":\"ReadAction\",\"target\":[\"https:\/\/www.estrategiaconcursos.com.br\/blog\/deslocamento-remocao-x-redistribuicao\/\"]}]},{\"@type\":\"ImageObject\",\"inLanguage\":\"pt-BR\",\"@id\":\"https:\/\/www.estrategiaconcursos.com.br\/blog\/deslocamento-remocao-x-redistribuicao\/#primaryimage\",\"url\":\"https:\/\/dhg1h5j42swfq.cloudfront.net\/2025\/11\/01145326\/image-2.png\",\"contentUrl\":\"https:\/\/dhg1h5j42swfq.cloudfront.net\/2025\/11\/01145326\/image-2.png\",\"width\":768,\"height\":438,\"caption\":\"Hip\u00f3teses de Deslocamento: Remo\u00e7\u00e3o x Redistribui\u00e7\u00e3o\"},{\"@type\":\"BreadcrumbList\",\"@id\":\"https:\/\/www.estrategiaconcursos.com.br\/blog\/deslocamento-remocao-x-redistribuicao\/#breadcrumb\",\"itemListElement\":[{\"@type\":\"ListItem\",\"position\":1,\"name\":\"In\u00edcio\",\"item\":\"https:\/\/www.estrategiaconcursos.com.br\/blog\/\"},{\"@type\":\"ListItem\",\"position\":2,\"name\":\"Deslocamento: Remo\u00e7\u00e3o x Redistribui\u00e7\u00e3o\"}]},{\"@type\":\"WebSite\",\"@id\":\"https:\/\/www.estrategiaconcursos.com.br\/blog\/#website\",\"url\":\"https:\/\/www.estrategiaconcursos.com.br\/blog\/\",\"name\":\"Estrat\u00e9gia Concursos\",\"description\":\"O blog da Estrat\u00e9gia Concursos traz not\u00edcias sobre concursos e artigos de professores oferecendo cursos para concursos (pdf + videaulas) no site.\",\"publisher\":{\"@id\":\"https:\/\/www.estrategiaconcursos.com.br\/blog\/#organization\"},\"potentialAction\":[{\"@type\":\"SearchAction\",\"target\":{\"@type\":\"EntryPoint\",\"urlTemplate\":\"https:\/\/www.estrategiaconcursos.com.br\/blog\/?s={search_term_string}\"},\"query-input\":{\"@type\":\"PropertyValueSpecification\",\"valueRequired\":true,\"valueName\":\"search_term_string\"}}],\"inLanguage\":\"pt-BR\"},{\"@type\":\"Organization\",\"@id\":\"https:\/\/www.estrategiaconcursos.com.br\/blog\/#organization\",\"name\":\"Estrat\u00e9gia Concursos\",\"url\":\"https:\/\/www.estrategiaconcursos.com.br\/blog\/\",\"logo\":{\"@type\":\"ImageObject\",\"inLanguage\":\"pt-BR\",\"@id\":\"https:\/\/www.estrategiaconcursos.com.br\/blog\/#\/schema\/logo\/image\/\",\"url\":\"https:\/\/dhg1h5j42swfq.cloudfront.net\/2025\/06\/03203428\/logo_concursos-1.jpg\",\"contentUrl\":\"https:\/\/dhg1h5j42swfq.cloudfront.net\/2025\/06\/03203428\/logo_concursos-1.jpg\",\"width\":230,\"height\":60,\"caption\":\"Estrat\u00e9gia Concursos\"},\"image\":{\"@id\":\"https:\/\/www.estrategiaconcursos.com.br\/blog\/#\/schema\/logo\/image\/\"},\"sameAs\":[\"https:\/\/x.com\/EstratConcursos\"]},{\"@type\":\"Person\",\"@id\":\"https:\/\/www.estrategiaconcursos.com.br\/blog\/#\/schema\/person\/eac2b6c86bd9f45309d91a52a5ea00f5\",\"name\":\"Danilo Matheus da Silva\",\"image\":{\"@type\":\"ImageObject\",\"inLanguage\":\"pt-BR\",\"@id\":\"https:\/\/secure.gravatar.com\/avatar\/5d90504ef42466730a02da6c6b185b210fb5a85017042e1e0780e1612700f910?s=96&d=mm&r=g\",\"url\":\"https:\/\/secure.gravatar.com\/avatar\/5d90504ef42466730a02da6c6b185b210fb5a85017042e1e0780e1612700f910?s=96&d=mm&r=g\",\"contentUrl\":\"https:\/\/secure.gravatar.com\/avatar\/5d90504ef42466730a02da6c6b185b210fb5a85017042e1e0780e1612700f910?s=96&d=mm&r=g\",\"caption\":\"Danilo Matheus da Silva\"},\"url\":\"https:\/\/www.estrategiaconcursos.com.br\/blog\/author\/danilo-silvape23gmail-com\/\"}]}<\/script>\n<!-- \/ Yoast SEO Premium plugin. -->","yoast_head_json":{"title":"Deslocamento: Remo\u00e7\u00e3o x Redistribui\u00e7\u00e3o","description":"Entender sobre Hip\u00f3teses de Deslocamento: Remo\u00e7\u00e3o x Redistribui\u00e7\u00e3o pode ser fundamental para fazer uma boa prova. Saiba mais neste artigo!","robots":{"index":"index","follow":"follow","max-snippet":"max-snippet:-1","max-image-preview":"max-image-preview:large","max-video-preview":"max-video-preview:-1"},"canonical":"https:\/\/www.estrategiaconcursos.com.br\/blog\/deslocamento-remocao-x-redistribuicao\/","og_locale":"pt_BR","og_type":"article","og_title":"Deslocamento: Remo\u00e7\u00e3o x Redistribui\u00e7\u00e3o","og_description":"Entender sobre Hip\u00f3teses de Deslocamento: Remo\u00e7\u00e3o x Redistribui\u00e7\u00e3o pode ser fundamental para fazer uma boa prova. Saiba mais neste artigo!","og_url":"https:\/\/www.estrategiaconcursos.com.br\/blog\/deslocamento-remocao-x-redistribuicao\/","og_site_name":"Estrat\u00e9gia Concursos","article_published_time":"2025-12-10T11:46:00+00:00","article_modified_time":"2026-03-01T19:44:11+00:00","og_image":[{"width":768,"height":438,"url":"https:\/\/dhg1h5j42swfq.cloudfront.net\/2025\/11\/01145326\/image-2.png","type":"image\/png"}],"author":"Danilo Matheus da Silva","twitter_card":"summary_large_image","twitter_creator":"@EstratConcursos","twitter_site":"@EstratConcursos","twitter_misc":{"Escrito por":"Danilo Matheus da Silva","Est. tempo de leitura":"5 minutos"},"schema":{"@context":"https:\/\/schema.org","@graph":[{"@type":"NewsArticle","@id":"https:\/\/www.estrategiaconcursos.com.br\/blog\/deslocamento-remocao-x-redistribuicao\/#article","isPartOf":{"@id":"https:\/\/www.estrategiaconcursos.com.br\/blog\/deslocamento-remocao-x-redistribuicao\/"},"author":{"name":"Danilo Matheus da Silva","@id":"https:\/\/www.estrategiaconcursos.com.br\/blog\/#\/schema\/person\/eac2b6c86bd9f45309d91a52a5ea00f5"},"headline":"Deslocamento: Remo\u00e7\u00e3o x Redistribui\u00e7\u00e3o","datePublished":"2025-12-10T11:46:00+00:00","dateModified":"2026-03-01T19:44:11+00:00","mainEntityOfPage":{"@id":"https:\/\/www.estrategiaconcursos.com.br\/blog\/deslocamento-remocao-x-redistribuicao\/"},"wordCount":1051,"commentCount":0,"publisher":{"@id":"https:\/\/www.estrategiaconcursos.com.br\/blog\/#organization"},"image":{"@id":"https:\/\/www.estrategiaconcursos.com.br\/blog\/deslocamento-remocao-x-redistribuicao\/#primaryimage"},"thumbnailUrl":"https:\/\/dhg1h5j42swfq.cloudfront.net\/2025\/11\/01145326\/image-2.png","keywords":["Concurso"],"articleSection":["Concursos P\u00fablicos"],"inLanguage":"pt-BR","potentialAction":[{"@type":"CommentAction","name":"Comment","target":["https:\/\/www.estrategiaconcursos.com.br\/blog\/deslocamento-remocao-x-redistribuicao\/#respond"]}],"copyrightYear":"2025","copyrightHolder":{"@id":"https:\/\/www.estrategiaconcursos.com.br\/blog\/#organization"}},{"@type":"WebPage","@id":"https:\/\/www.estrategiaconcursos.com.br\/blog\/deslocamento-remocao-x-redistribuicao\/","url":"https:\/\/www.estrategiaconcursos.com.br\/blog\/deslocamento-remocao-x-redistribuicao\/","name":"Deslocamento: Remo\u00e7\u00e3o x Redistribui\u00e7\u00e3o","isPartOf":{"@id":"https:\/\/www.estrategiaconcursos.com.br\/blog\/#website"},"primaryImageOfPage":{"@id":"https:\/\/www.estrategiaconcursos.com.br\/blog\/deslocamento-remocao-x-redistribuicao\/#primaryimage"},"image":{"@id":"https:\/\/www.estrategiaconcursos.com.br\/blog\/deslocamento-remocao-x-redistribuicao\/#primaryimage"},"thumbnailUrl":"https:\/\/dhg1h5j42swfq.cloudfront.net\/2025\/11\/01145326\/image-2.png","datePublished":"2025-12-10T11:46:00+00:00","dateModified":"2026-03-01T19:44:11+00:00","description":"Entender sobre Hip\u00f3teses de Deslocamento: Remo\u00e7\u00e3o x Redistribui\u00e7\u00e3o pode ser fundamental para fazer uma boa prova. Saiba mais neste artigo!","breadcrumb":{"@id":"https:\/\/www.estrategiaconcursos.com.br\/blog\/deslocamento-remocao-x-redistribuicao\/#breadcrumb"},"inLanguage":"pt-BR","potentialAction":[{"@type":"ReadAction","target":["https:\/\/www.estrategiaconcursos.com.br\/blog\/deslocamento-remocao-x-redistribuicao\/"]}]},{"@type":"ImageObject","inLanguage":"pt-BR","@id":"https:\/\/www.estrategiaconcursos.com.br\/blog\/deslocamento-remocao-x-redistribuicao\/#primaryimage","url":"https:\/\/dhg1h5j42swfq.cloudfront.net\/2025\/11\/01145326\/image-2.png","contentUrl":"https:\/\/dhg1h5j42swfq.cloudfront.net\/2025\/11\/01145326\/image-2.png","width":768,"height":438,"caption":"Hip\u00f3teses de Deslocamento: Remo\u00e7\u00e3o x Redistribui\u00e7\u00e3o"},{"@type":"BreadcrumbList","@id":"https:\/\/www.estrategiaconcursos.com.br\/blog\/deslocamento-remocao-x-redistribuicao\/#breadcrumb","itemListElement":[{"@type":"ListItem","position":1,"name":"In\u00edcio","item":"https:\/\/www.estrategiaconcursos.com.br\/blog\/"},{"@type":"ListItem","position":2,"name":"Deslocamento: Remo\u00e7\u00e3o x Redistribui\u00e7\u00e3o"}]},{"@type":"WebSite","@id":"https:\/\/www.estrategiaconcursos.com.br\/blog\/#website","url":"https:\/\/www.estrategiaconcursos.com.br\/blog\/","name":"Estrat\u00e9gia Concursos","description":"O blog da Estrat\u00e9gia Concursos traz not\u00edcias sobre concursos e artigos de professores oferecendo cursos para concursos (pdf + videaulas) no site.","publisher":{"@id":"https:\/\/www.estrategiaconcursos.com.br\/blog\/#organization"},"potentialAction":[{"@type":"SearchAction","target":{"@type":"EntryPoint","urlTemplate":"https:\/\/www.estrategiaconcursos.com.br\/blog\/?s={search_term_string}"},"query-input":{"@type":"PropertyValueSpecification","valueRequired":true,"valueName":"search_term_string"}}],"inLanguage":"pt-BR"},{"@type":"Organization","@id":"https:\/\/www.estrategiaconcursos.com.br\/blog\/#organization","name":"Estrat\u00e9gia Concursos","url":"https:\/\/www.estrategiaconcursos.com.br\/blog\/","logo":{"@type":"ImageObject","inLanguage":"pt-BR","@id":"https:\/\/www.estrategiaconcursos.com.br\/blog\/#\/schema\/logo\/image\/","url":"https:\/\/dhg1h5j42swfq.cloudfront.net\/2025\/06\/03203428\/logo_concursos-1.jpg","contentUrl":"https:\/\/dhg1h5j42swfq.cloudfront.net\/2025\/06\/03203428\/logo_concursos-1.jpg","width":230,"height":60,"caption":"Estrat\u00e9gia Concursos"},"image":{"@id":"https:\/\/www.estrategiaconcursos.com.br\/blog\/#\/schema\/logo\/image\/"},"sameAs":["https:\/\/x.com\/EstratConcursos"]},{"@type":"Person","@id":"https:\/\/www.estrategiaconcursos.com.br\/blog\/#\/schema\/person\/eac2b6c86bd9f45309d91a52a5ea00f5","name":"Danilo Matheus da Silva","image":{"@type":"ImageObject","inLanguage":"pt-BR","@id":"https:\/\/secure.gravatar.com\/avatar\/5d90504ef42466730a02da6c6b185b210fb5a85017042e1e0780e1612700f910?s=96&d=mm&r=g","url":"https:\/\/secure.gravatar.com\/avatar\/5d90504ef42466730a02da6c6b185b210fb5a85017042e1e0780e1612700f910?s=96&d=mm&r=g","contentUrl":"https:\/\/secure.gravatar.com\/avatar\/5d90504ef42466730a02da6c6b185b210fb5a85017042e1e0780e1612700f910?s=96&d=mm&r=g","caption":"Danilo Matheus da Silva"},"url":"https:\/\/www.estrategiaconcursos.com.br\/blog\/author\/danilo-silvape23gmail-com\/"}]}},"_links":{"self":[{"href":"https:\/\/www.estrategiaconcursos.com.br\/blog\/wp-json\/wp\/v2\/posts\/1664359","targetHints":{"allow":["GET"]}}],"collection":[{"href":"https:\/\/www.estrategiaconcursos.com.br\/blog\/wp-json\/wp\/v2\/posts"}],"about":[{"href":"https:\/\/www.estrategiaconcursos.com.br\/blog\/wp-json\/wp\/v2\/types\/post"}],"author":[{"embeddable":true,"href":"https:\/\/www.estrategiaconcursos.com.br\/blog\/wp-json\/wp\/v2\/users\/3082"}],"replies":[{"embeddable":true,"href":"https:\/\/www.estrategiaconcursos.com.br\/blog\/wp-json\/wp\/v2\/comments?post=1664359"}],"version-history":[{"count":5,"href":"https:\/\/www.estrategiaconcursos.com.br\/blog\/wp-json\/wp\/v2\/posts\/1664359\/revisions"}],"predecessor-version":[{"id":1723302,"href":"https:\/\/www.estrategiaconcursos.com.br\/blog\/wp-json\/wp\/v2\/posts\/1664359\/revisions\/1723302"}],"wp:featuredmedia":[{"embeddable":true,"href":"https:\/\/www.estrategiaconcursos.com.br\/blog\/wp-json\/wp\/v2\/media\/1664360"}],"wp:attachment":[{"href":"https:\/\/www.estrategiaconcursos.com.br\/blog\/wp-json\/wp\/v2\/media?parent=1664359"}],"wp:term":[{"taxonomy":"category","embeddable":true,"href":"https:\/\/www.estrategiaconcursos.com.br\/blog\/wp-json\/wp\/v2\/categories?post=1664359"},{"taxonomy":"post_tag","embeddable":true,"href":"https:\/\/www.estrategiaconcursos.com.br\/blog\/wp-json\/wp\/v2\/tags?post=1664359"},{"taxonomy":"tax_estado","embeddable":true,"href":"https:\/\/www.estrategiaconcursos.com.br\/blog\/wp-json\/wp\/v2\/tax_estado?post=1664359"}],"curies":[{"name":"wp","href":"https:\/\/api.w.org\/{rel}","templated":true}]}}