{"id":1663711,"date":"2025-10-31T10:45:04","date_gmt":"2025-10-31T13:45:04","guid":{"rendered":"https:\/\/www.estrategiaconcursos.com.br\/blog\/?p=1663711"},"modified":"2025-10-31T10:48:20","modified_gmt":"2025-10-31T13:48:20","slug":"concurso-seduc-se-requisitos","status":"publish","type":"post","link":"https:\/\/www.estrategiaconcursos.com.br\/blog\/concurso-seduc-se-requisitos\/","title":{"rendered":"Quais s\u00e3o os requisitos exigidos no concurso SEDUC SE?"},"content":{"rendered":"\n<p><strong><em>As oportunidades do concurso SEDUC SE s\u00e3o de n\u00edvel superior <\/em><\/strong><\/p>\n\n\n\n<p>Est\u00e1 na pra\u00e7a o edital do concurso SEDUC SE (<a href=\"https:\/\/www.estrategiaconcursos.com.br\/cursosPorConcurso\/secretaria-de-educacao-de-sergipe-seed-se\/\" target=\"_blank\" rel=\"noreferrer noopener\">Secretaria de Estado da Educa\u00e7\u00e3o, do Esporte e da Cultura de Sergipe<\/a>)! <\/p>\n\n\n\n<p>S\u00e3o ofertadas 300 vagas de n\u00edvel superior para Professor de Educa\u00e7\u00e3o B\u00e1sica, al\u00e9m de forma\u00e7\u00e3o de cadastro reserva. O sal\u00e1rio inicial \u00e9 de at\u00e9 R$ 5.142,15. Para concorrer \u00e9 necess\u00e1rio:<\/p>\n\n\n\n<h3 class=\"wp-block-heading\" id=\"h-a-grupo-i-ensino-fundamental-e-ensino-medio\">A. GRUPO I: Ensino Fundamental e Ensino M\u00e9dio<\/h3>\n\n\n\n<figure class=\"wp-block-table is-style-stripes\"><table class=\"has-fixed-layout\"><tbody><tr><th>Cargo\/Disciplina<\/th><th>Requisito Espec\u00edfico<\/th><\/tr><tr><td><strong>CARGO 1: ARTE<\/strong><\/td><td>Licenciatura Plena em&nbsp;<strong>Educa\u00e7\u00e3o Art\u00edstica<\/strong>&nbsp;ou Licenciatura Plena em&nbsp;<strong>Artes<\/strong>&nbsp;em qualquer das linguagens: Artes Visuais, Artes Pl\u00e1sticas, M\u00fasica, Teatro, Artes C\u00eanicas ou Dan\u00e7a.<\/td><\/tr><tr><td><strong>CARGO 2: BIOLOGIA<\/strong><\/td><td>Licenciatura Plena em&nbsp;<strong>Ci\u00eancias Biol\u00f3gicas<\/strong>.<\/td><\/tr><tr><td><strong>CARGO 3: EDUCA\u00c7\u00c3O F\u00cdSICA<\/strong><\/td><td>Licenciatura Plena em&nbsp;<strong>Educa\u00e7\u00e3o F\u00edsica<\/strong>.<\/td><\/tr><tr><td><strong>CARGO 4: ENSINO RELIGIOSO<\/strong><\/td><td>Licenciatura Plena em&nbsp;<strong>Ci\u00eancias da Religi\u00e3o<\/strong>.<\/td><\/tr><tr><td><strong>CARGO 5: FILOSOFIA<\/strong><\/td><td>Licenciatura Plena em&nbsp;<strong>Filosofia<\/strong>.<\/td><\/tr><tr><td><strong>CARGO 6: F\u00cdSICA<\/strong><\/td><td>Licenciatura Plena em&nbsp;<strong>F\u00edsica<\/strong>.<\/td><\/tr><tr><td><strong>CARGO 7: GEOGRAFIA<\/strong><\/td><td>Licenciatura Plena em&nbsp;<strong>Geografia<\/strong>.<\/td><\/tr><tr><td><strong>CARGO 8: HIST\u00d3RIA<\/strong><\/td><td>Licenciatura Plena em&nbsp;<strong>Hist\u00f3ria<\/strong>.<\/td><\/tr><tr><td><strong>CARGO 9: INFORM\u00c1TICA\/COMPUTA\u00c7\u00c3O<\/strong><\/td><td>Licenciatura Plena em&nbsp;<strong>Inform\u00e1tica<\/strong>, Licenciatura Plena em&nbsp;<strong>Computa\u00e7\u00e3o<\/strong>, Licenciatura Plena em&nbsp;<strong>Ci\u00eancias da Computa\u00e7\u00e3o<\/strong>, ou Licenciatura Plena em&nbsp;<strong>Tecnologias Educacionais<\/strong>.<\/td><\/tr><tr><td><strong>CARGO 10: L\u00cdNGUA ESPANHOLA<\/strong><\/td><td>Licenciatura Plena em&nbsp;<strong>Letras, com habilita\u00e7\u00e3o em Espanhol<\/strong>.<\/td><\/tr><tr><td><strong>CARGO 11: L\u00cdNGUA INGLESA<\/strong><\/td><td>Licenciatura Plena (O restante da habilita\u00e7\u00e3o, presumidamente em Ingl\u00eas, est\u00e1 truncado no excerto. No entanto, \u00e9 exigido um diploma de Licenciatura Plena).<\/td><\/tr><tr><td><strong>CARGO 12: L\u00cdNGUA PORTUGUESA<\/strong><\/td><td>Licenciatura Plena em&nbsp;<strong>Letras, com habilita\u00e7\u00e3o em Portugu\u00eas<\/strong>.<\/td><\/tr><tr><td><strong>CARGO 13: MATEM\u00c1TICA<\/strong><\/td><td>Licenciatura Plena em&nbsp;<strong>Matem\u00e1tica<\/strong>.<\/td><\/tr><tr><td><strong>CARGO 14: QU\u00cdMICA<\/strong><\/td><td>Licenciatura Plena em&nbsp;<strong>Qu\u00edmica<\/strong>.<\/td><\/tr><tr><td><strong>CARGO 15: SOCIOLOGIA<\/strong><\/td><td>Licenciatura Plena em&nbsp;<strong>Sociologia<\/strong>&nbsp;ou Licenciatura Plena em&nbsp;<strong>Ci\u00eancias Sociais<\/strong>.<\/td><\/tr><\/tbody><\/table><\/figure>\n\n\n\n<h3 class=\"wp-block-heading\" id=\"h-b-grupo-ii-conservatorio-de-musica-cargos-16-a-41\">B. GRUPO II: Conservat\u00f3rio de M\u00fasica (Cargos 16 a 41)<\/h3>\n\n\n\n<p>Para&nbsp;<strong>todos<\/strong>&nbsp;os 26 cargos listados no Grupo II (Conservat\u00f3rio de M\u00fasica):<\/p>\n\n\n\n<ul class=\"wp-block-list\">\n<li>Diploma de\u00a0<strong>Licenciatura Plena em M\u00fasica<\/strong>,\u00a0<strong>Licenciatura Plena em Educa\u00e7\u00e3o Musical<\/strong>\u00a0ou\u00a0<strong>Licenciatura Plena em Artes com habilita\u00e7\u00e3o em M\u00fasica<\/strong>.<\/li>\n<\/ul>\n\n\n\n<h3 class=\"wp-block-heading\" id=\"h-c-grupo-iii-educacao-especial\">C. GRUPO III: Educa\u00e7\u00e3o Especial<\/h3>\n\n\n\n<figure class=\"wp-block-table is-style-stripes\"><table class=\"has-fixed-layout\"><tbody><tr><th>Cargo\/Disciplina<\/th><th>Requisito Espec\u00edfico<\/th><\/tr><tr><td><strong>CARGO 42: LIBRAS<\/strong><\/td><td>Licenciatura Plena em&nbsp;<strong>Letras, com habilita\u00e7\u00e3o em Libras<\/strong>.<\/td><\/tr><\/tbody><\/table><\/figure>\n\n\n\n<p>Confira o artigo completo preparado especialmente para voc\u00ea:<\/p>\n\n\n\n<h2 class=\"wp-block-heading has-text-align-center has-cyan-bluish-gray-background-color has-background has-medium-font-size\" id=\"h-saiba-mais-concurso-seduc-se\">Saiba mais: <a href=\"https:\/\/www.estrategiaconcursos.com.br\/blog\/concurso-seduc-se\/\">concurso Seduc SE<\/a><\/h2>\n\n\n\n<h2 class=\"wp-block-heading has-text-align-center\" id=\"h-quer-saber-tudo-sobre-concursos-previstos-confira-nossos-artigos\">Quer saber tudo sobre concursos previstos?<br \/>Confira  nossos artigos!<\/h2>\n\n\n\n<ul class=\"wp-block-list\">\n<li><a href=\"https:\/\/www.estrategiaconcursos.com.br\/blog\/concursos-abertos\/\" target=\"_blank\" rel=\"noreferrer noopener\">Concursos abertos<\/a><\/li>\n\n\n\n<li><a href=\"https:\/\/www.estrategiaconcursos.com.br\/blog\/concursos-educacao\/\">Concursos educa\u00e7\u00e3o<\/a><\/li>\n\n\n\n<li><a href=\"https:\/\/www.estrategiaconcursos.com.br\/blog\/concursos-2025\" target=\"_blank\" rel=\"noreferrer noopener\">Concursos 2025<\/a><\/li>\n\n\n\n<li><a href=\"https:\/\/www.estrategiaconcursos.com.br\/blog\/concursos-2026\/\">Concursos 2026<\/a><\/li>\n<\/ul>\n\n\n\n<h2 class=\"wp-block-heading has-text-align-center\" id=\"h-que-tal-iniciar-os-estudos\">Que tal iniciar os estudos?<\/h2>\n\n\n\n<div class=\"container\" id=\"boxes\">\n  <div class=\"row\">\n\n    <div class=\"col-sm\">\n      <div class=\"banner-estrategia\" id=\"box-assinatura\">\n        <h3 class=\"titulo-assinatura\">Cursos para concursos<\/h3>\n        <p class=\"subtitulo-assinatura\">Estude conosco<\/p>\n        <div class=\"box-botao\">\n          <a class=\"btn-assinatura\" target=\"_blank\" href=\"https:\/\/www.estrategiaconcursos.com.br\/cursos\/\" role=\"button\" rel=\"noopener noreferrer\">Conhe\u00e7a os cursos<\/a>\n        <\/div>\n      <\/div>\n     \n    <\/div>\n\n  <\/div>\n<\/div>\n\n\n\n<div class=\"container\" id=\"boxes\">\n  <div class=\"row\">\n\n    <div class=\"col-sm\">\n      <div class=\"estrategia\" id=\"box-assinatura\">\n        <h3 class=\"titulo-assinatura\">Assinatura de Concursos<\/h3>\n        <p class=\"subtitulo-assinatura\">Assinatura de 1 ano ou 2 anos<\/p>\n        <div class=\"box-botao\">\n          <a class=\"btn-assinatura\" target=\"_blank\" href=\"https:\/\/www.estrategiaconcursos.com.br\/assinaturas\/\" role=\"button\" rel=\"noopener noreferrer\">ASSINE AGORA<\/a>\n        <\/div>\n      <\/div>\n     \n    <\/div><\/div><\/div>\n\n\n\n<p><\/p>\n\n\n\n<p><br \/><\/p>\n","protected":false},"excerpt":{"rendered":"<p>As oportunidades do concurso SEDUC SE s\u00e3o de n\u00edvel superior Est\u00e1 na pra\u00e7a o edital do concurso SEDUC SE (Secretaria de Estado da Educa\u00e7\u00e3o, do Esporte e da Cultura de Sergipe)! S\u00e3o ofertadas 300 vagas de n\u00edvel superior para Professor de Educa\u00e7\u00e3o B\u00e1sica, al\u00e9m de forma\u00e7\u00e3o de cadastro reserva. O sal\u00e1rio inicial \u00e9 de at\u00e9 [&hellip;]<\/p>\n","protected":false},"author":2375,"featured_media":1634491,"comment_status":"open","ping_status":"closed","sticky":false,"template":"","format":"standard","meta":{"post_tipo":"news","footnotes":""},"categories":[3766,220219],"tags":[],"tax_estado":[219988],"class_list":["post-1663711","post","type-post","status-publish","format-standard","has-post-thumbnail","hentry","category-educacional","category-noticias","tax_estado-se"],"acf":[],"yoast_head":"<!-- This site is optimized with the Yoast SEO Premium plugin v27.2 (Yoast SEO v27.2) - https:\/\/yoast.com\/product\/yoast-seo-premium-wordpress\/ -->\n<title>Quais s\u00e3o os requisitos exigidos no concurso SEDUC SE?<\/title>\n<meta name=\"description\" content=\"Concurso SEDUC SE: veja os requisitos exigidos no edital da Secretaria de Estado da Educa\u00e7\u00e3o, do Esporte e da Cultura de Sergipe!\" \/>\n<meta name=\"robots\" content=\"index, follow, max-snippet:-1, max-image-preview:large, max-video-preview:-1\" \/>\n<link rel=\"canonical\" href=\"https:\/\/www.estrategiaconcursos.com.br\/blog\/concurso-seduc-se-requisitos\/\" \/>\n<meta property=\"og:locale\" content=\"pt_BR\" \/>\n<meta property=\"og:type\" content=\"article\" \/>\n<meta property=\"og:title\" content=\"Quais s\u00e3o os requisitos exigidos no concurso SEDUC SE?\" \/>\n<meta property=\"og:description\" content=\"Concurso SEDUC SE: veja os requisitos exigidos no edital da Secretaria de Estado da Educa\u00e7\u00e3o, do Esporte e da Cultura de Sergipe!\" \/>\n<meta property=\"og:url\" content=\"https:\/\/www.estrategiaconcursos.com.br\/blog\/concurso-seduc-se-requisitos\/\" \/>\n<meta property=\"og:site_name\" content=\"Estrat\u00e9gia Concursos\" \/>\n<meta property=\"article:published_time\" content=\"2025-10-31T13:45:04+00:00\" \/>\n<meta property=\"article:modified_time\" content=\"2025-10-31T13:48:20+00:00\" \/>\n<meta property=\"og:image\" content=\"https:\/\/dhg1h5j42swfq.cloudfront.net\/2025\/09\/05123558\/concurso-seduc-se.jpg\" \/>\n\t<meta property=\"og:image:width\" content=\"768\" \/>\n\t<meta property=\"og:image:height\" content=\"432\" \/>\n\t<meta property=\"og:image:type\" content=\"image\/jpeg\" \/>\n<meta name=\"author\" content=\"Priscila Almeida\" \/>\n<meta name=\"twitter:card\" content=\"summary_large_image\" \/>\n<meta name=\"twitter:creator\" content=\"@EstratConcursos\" \/>\n<meta name=\"twitter:site\" content=\"@EstratConcursos\" \/>\n<meta name=\"twitter:label1\" content=\"Escrito por\" \/>\n\t<meta name=\"twitter:data1\" content=\"Priscila Almeida\" \/>\n\t<meta name=\"twitter:label2\" content=\"Est. tempo de leitura\" \/>\n\t<meta name=\"twitter:data2\" content=\"2 minutos\" \/>\n<script type=\"application\/ld+json\" class=\"yoast-schema-graph\">{\"@context\":\"https:\/\/schema.org\",\"@graph\":[{\"@type\":\"NewsArticle\",\"@id\":\"https:\/\/www.estrategiaconcursos.com.br\/blog\/concurso-seduc-se-requisitos\/#article\",\"isPartOf\":{\"@id\":\"https:\/\/www.estrategiaconcursos.com.br\/blog\/concurso-seduc-se-requisitos\/\"},\"author\":{\"name\":\"Priscila Almeida\",\"@id\":\"https:\/\/www.estrategiaconcursos.com.br\/blog\/#\/schema\/person\/a06e841e501f2e1d8c49c4e8f066bfd1\"},\"headline\":\"Quais s\u00e3o os requisitos exigidos no concurso SEDUC SE?\",\"datePublished\":\"2025-10-31T13:45:04+00:00\",\"dateModified\":\"2025-10-31T13:48:20+00:00\",\"mainEntityOfPage\":{\"@id\":\"https:\/\/www.estrategiaconcursos.com.br\/blog\/concurso-seduc-se-requisitos\/\"},\"wordCount\":444,\"commentCount\":0,\"publisher\":{\"@id\":\"https:\/\/www.estrategiaconcursos.com.br\/blog\/#organization\"},\"image\":{\"@id\":\"https:\/\/www.estrategiaconcursos.com.br\/blog\/concurso-seduc-se-requisitos\/#primaryimage\"},\"thumbnailUrl\":\"https:\/\/dhg1h5j42swfq.cloudfront.net\/2025\/09\/05123558\/concurso-seduc-se.jpg\",\"articleSection\":[\"Educa\u00e7\u00e3o\",\"\u00daltimas not\u00edcias\"],\"inLanguage\":\"pt-BR\",\"potentialAction\":[{\"@type\":\"CommentAction\",\"name\":\"Comment\",\"target\":[\"https:\/\/www.estrategiaconcursos.com.br\/blog\/concurso-seduc-se-requisitos\/#respond\"]}],\"copyrightYear\":\"2025\",\"copyrightHolder\":{\"@id\":\"https:\/\/www.estrategiaconcursos.com.br\/blog\/#organization\"}},{\"@type\":\"WebPage\",\"@id\":\"https:\/\/www.estrategiaconcursos.com.br\/blog\/concurso-seduc-se-requisitos\/\",\"url\":\"https:\/\/www.estrategiaconcursos.com.br\/blog\/concurso-seduc-se-requisitos\/\",\"name\":\"Quais s\u00e3o os requisitos exigidos no concurso SEDUC SE?\",\"isPartOf\":{\"@id\":\"https:\/\/www.estrategiaconcursos.com.br\/blog\/#website\"},\"primaryImageOfPage\":{\"@id\":\"https:\/\/www.estrategiaconcursos.com.br\/blog\/concurso-seduc-se-requisitos\/#primaryimage\"},\"image\":{\"@id\":\"https:\/\/www.estrategiaconcursos.com.br\/blog\/concurso-seduc-se-requisitos\/#primaryimage\"},\"thumbnailUrl\":\"https:\/\/dhg1h5j42swfq.cloudfront.net\/2025\/09\/05123558\/concurso-seduc-se.jpg\",\"datePublished\":\"2025-10-31T13:45:04+00:00\",\"dateModified\":\"2025-10-31T13:48:20+00:00\",\"description\":\"Concurso SEDUC SE: veja os requisitos exigidos no edital da Secretaria de Estado da Educa\u00e7\u00e3o, do Esporte e da Cultura de Sergipe!\",\"breadcrumb\":{\"@id\":\"https:\/\/www.estrategiaconcursos.com.br\/blog\/concurso-seduc-se-requisitos\/#breadcrumb\"},\"inLanguage\":\"pt-BR\",\"potentialAction\":[{\"@type\":\"ReadAction\",\"target\":[\"https:\/\/www.estrategiaconcursos.com.br\/blog\/concurso-seduc-se-requisitos\/\"]}]},{\"@type\":\"ImageObject\",\"inLanguage\":\"pt-BR\",\"@id\":\"https:\/\/www.estrategiaconcursos.com.br\/blog\/concurso-seduc-se-requisitos\/#primaryimage\",\"url\":\"https:\/\/dhg1h5j42swfq.cloudfront.net\/2025\/09\/05123558\/concurso-seduc-se.jpg\",\"contentUrl\":\"https:\/\/dhg1h5j42swfq.cloudfront.net\/2025\/09\/05123558\/concurso-seduc-se.jpg\",\"width\":768,\"height\":432,\"caption\":\"concurso Seduc SE n\u00famero de vagas\"},{\"@type\":\"BreadcrumbList\",\"@id\":\"https:\/\/www.estrategiaconcursos.com.br\/blog\/concurso-seduc-se-requisitos\/#breadcrumb\",\"itemListElement\":[{\"@type\":\"ListItem\",\"position\":1,\"name\":\"In\u00edcio\",\"item\":\"https:\/\/www.estrategiaconcursos.com.br\/blog\/\"},{\"@type\":\"ListItem\",\"position\":2,\"name\":\"Quais s\u00e3o os requisitos exigidos no concurso SEDUC SE?\"}]},{\"@type\":\"WebSite\",\"@id\":\"https:\/\/www.estrategiaconcursos.com.br\/blog\/#website\",\"url\":\"https:\/\/www.estrategiaconcursos.com.br\/blog\/\",\"name\":\"Estrat\u00e9gia Concursos\",\"description\":\"O blog da Estrat\u00e9gia Concursos traz not\u00edcias sobre concursos e artigos de professores oferecendo cursos para concursos (pdf + videaulas) no site.\",\"publisher\":{\"@id\":\"https:\/\/www.estrategiaconcursos.com.br\/blog\/#organization\"},\"potentialAction\":[{\"@type\":\"SearchAction\",\"target\":{\"@type\":\"EntryPoint\",\"urlTemplate\":\"https:\/\/www.estrategiaconcursos.com.br\/blog\/?s={search_term_string}\"},\"query-input\":{\"@type\":\"PropertyValueSpecification\",\"valueRequired\":true,\"valueName\":\"search_term_string\"}}],\"inLanguage\":\"pt-BR\"},{\"@type\":\"Organization\",\"@id\":\"https:\/\/www.estrategiaconcursos.com.br\/blog\/#organization\",\"name\":\"Estrat\u00e9gia Concursos\",\"url\":\"https:\/\/www.estrategiaconcursos.com.br\/blog\/\",\"logo\":{\"@type\":\"ImageObject\",\"inLanguage\":\"pt-BR\",\"@id\":\"https:\/\/www.estrategiaconcursos.com.br\/blog\/#\/schema\/logo\/image\/\",\"url\":\"https:\/\/dhg1h5j42swfq.cloudfront.net\/2025\/06\/03203428\/logo_concursos-1.jpg\",\"contentUrl\":\"https:\/\/dhg1h5j42swfq.cloudfront.net\/2025\/06\/03203428\/logo_concursos-1.jpg\",\"width\":230,\"height\":60,\"caption\":\"Estrat\u00e9gia Concursos\"},\"image\":{\"@id\":\"https:\/\/www.estrategiaconcursos.com.br\/blog\/#\/schema\/logo\/image\/\"},\"sameAs\":[\"https:\/\/x.com\/EstratConcursos\"]},{\"@type\":\"Person\",\"@id\":\"https:\/\/www.estrategiaconcursos.com.br\/blog\/#\/schema\/person\/a06e841e501f2e1d8c49c4e8f066bfd1\",\"name\":\"Priscila Almeida\",\"image\":{\"@type\":\"ImageObject\",\"inLanguage\":\"pt-BR\",\"@id\":\"https:\/\/secure.gravatar.com\/avatar\/0a963c9e2a947fa675b669cea2b5d0ba6dd1cbf46b966190343b6c9973ad3337?s=96&d=mm&r=g\",\"url\":\"https:\/\/secure.gravatar.com\/avatar\/0a963c9e2a947fa675b669cea2b5d0ba6dd1cbf46b966190343b6c9973ad3337?s=96&d=mm&r=g\",\"contentUrl\":\"https:\/\/secure.gravatar.com\/avatar\/0a963c9e2a947fa675b669cea2b5d0ba6dd1cbf46b966190343b6c9973ad3337?s=96&d=mm&r=g\",\"caption\":\"Priscila Almeida\"},\"description\":\"Atua na \u00e1rea de concursos p\u00fablicos desde 2019. As editorias que mais t\u00eam familiaridade s\u00e3o: Tribunais (TJs; TRTs; TREs; TSTs; STJ, STF, STM e TSE); Defensorias; Minist\u00e9rios P\u00fablicos; Procuradorias; Educa\u00e7\u00e3o e Conselhos. Na \u00e1rea de comunica\u00e7\u00e3o, de maneira geral, a caminhada \u00e9 um pouco mais longa - desde 2007. Possui experi\u00eancia em reda\u00e7\u00f5es de r\u00e1dio, TV, Web e impresso, al\u00e9m de desenvolver trabalhos em assessorias de comunica\u00e7\u00e3o institucional, empresarial e p\u00fablicas. Entre outros trabalhos, se destacam a atua\u00e7\u00e3o nas \u00e1reas de Justi\u00e7a, Congresso, Esportes, Sa\u00fade, Agropecu\u00e1ria, Cidades e Avia\u00e7\u00e3o Civil.\",\"url\":\"https:\/\/www.estrategiaconcursos.com.br\/blog\/author\/priscila-almeidaestrategia-com\/\"}]}<\/script>\n<!-- \/ Yoast SEO Premium plugin. -->","yoast_head_json":{"title":"Quais s\u00e3o os requisitos exigidos no concurso SEDUC SE?","description":"Concurso SEDUC SE: veja os requisitos exigidos no edital da Secretaria de Estado da Educa\u00e7\u00e3o, do Esporte e da Cultura de Sergipe!","robots":{"index":"index","follow":"follow","max-snippet":"max-snippet:-1","max-image-preview":"max-image-preview:large","max-video-preview":"max-video-preview:-1"},"canonical":"https:\/\/www.estrategiaconcursos.com.br\/blog\/concurso-seduc-se-requisitos\/","og_locale":"pt_BR","og_type":"article","og_title":"Quais s\u00e3o os requisitos exigidos no concurso SEDUC SE?","og_description":"Concurso SEDUC SE: veja os requisitos exigidos no edital da Secretaria de Estado da Educa\u00e7\u00e3o, do Esporte e da Cultura de Sergipe!","og_url":"https:\/\/www.estrategiaconcursos.com.br\/blog\/concurso-seduc-se-requisitos\/","og_site_name":"Estrat\u00e9gia Concursos","article_published_time":"2025-10-31T13:45:04+00:00","article_modified_time":"2025-10-31T13:48:20+00:00","og_image":[{"width":768,"height":432,"url":"https:\/\/dhg1h5j42swfq.cloudfront.net\/2025\/09\/05123558\/concurso-seduc-se.jpg","type":"image\/jpeg"}],"author":"Priscila Almeida","twitter_card":"summary_large_image","twitter_creator":"@EstratConcursos","twitter_site":"@EstratConcursos","twitter_misc":{"Escrito por":"Priscila Almeida","Est. tempo de leitura":"2 minutos"},"schema":{"@context":"https:\/\/schema.org","@graph":[{"@type":"NewsArticle","@id":"https:\/\/www.estrategiaconcursos.com.br\/blog\/concurso-seduc-se-requisitos\/#article","isPartOf":{"@id":"https:\/\/www.estrategiaconcursos.com.br\/blog\/concurso-seduc-se-requisitos\/"},"author":{"name":"Priscila Almeida","@id":"https:\/\/www.estrategiaconcursos.com.br\/blog\/#\/schema\/person\/a06e841e501f2e1d8c49c4e8f066bfd1"},"headline":"Quais s\u00e3o os requisitos exigidos no concurso SEDUC SE?","datePublished":"2025-10-31T13:45:04+00:00","dateModified":"2025-10-31T13:48:20+00:00","mainEntityOfPage":{"@id":"https:\/\/www.estrategiaconcursos.com.br\/blog\/concurso-seduc-se-requisitos\/"},"wordCount":444,"commentCount":0,"publisher":{"@id":"https:\/\/www.estrategiaconcursos.com.br\/blog\/#organization"},"image":{"@id":"https:\/\/www.estrategiaconcursos.com.br\/blog\/concurso-seduc-se-requisitos\/#primaryimage"},"thumbnailUrl":"https:\/\/dhg1h5j42swfq.cloudfront.net\/2025\/09\/05123558\/concurso-seduc-se.jpg","articleSection":["Educa\u00e7\u00e3o","\u00daltimas not\u00edcias"],"inLanguage":"pt-BR","potentialAction":[{"@type":"CommentAction","name":"Comment","target":["https:\/\/www.estrategiaconcursos.com.br\/blog\/concurso-seduc-se-requisitos\/#respond"]}],"copyrightYear":"2025","copyrightHolder":{"@id":"https:\/\/www.estrategiaconcursos.com.br\/blog\/#organization"}},{"@type":"WebPage","@id":"https:\/\/www.estrategiaconcursos.com.br\/blog\/concurso-seduc-se-requisitos\/","url":"https:\/\/www.estrategiaconcursos.com.br\/blog\/concurso-seduc-se-requisitos\/","name":"Quais s\u00e3o os requisitos exigidos no concurso SEDUC SE?","isPartOf":{"@id":"https:\/\/www.estrategiaconcursos.com.br\/blog\/#website"},"primaryImageOfPage":{"@id":"https:\/\/www.estrategiaconcursos.com.br\/blog\/concurso-seduc-se-requisitos\/#primaryimage"},"image":{"@id":"https:\/\/www.estrategiaconcursos.com.br\/blog\/concurso-seduc-se-requisitos\/#primaryimage"},"thumbnailUrl":"https:\/\/dhg1h5j42swfq.cloudfront.net\/2025\/09\/05123558\/concurso-seduc-se.jpg","datePublished":"2025-10-31T13:45:04+00:00","dateModified":"2025-10-31T13:48:20+00:00","description":"Concurso SEDUC SE: veja os requisitos exigidos no edital da Secretaria de Estado da Educa\u00e7\u00e3o, do Esporte e da Cultura de Sergipe!","breadcrumb":{"@id":"https:\/\/www.estrategiaconcursos.com.br\/blog\/concurso-seduc-se-requisitos\/#breadcrumb"},"inLanguage":"pt-BR","potentialAction":[{"@type":"ReadAction","target":["https:\/\/www.estrategiaconcursos.com.br\/blog\/concurso-seduc-se-requisitos\/"]}]},{"@type":"ImageObject","inLanguage":"pt-BR","@id":"https:\/\/www.estrategiaconcursos.com.br\/blog\/concurso-seduc-se-requisitos\/#primaryimage","url":"https:\/\/dhg1h5j42swfq.cloudfront.net\/2025\/09\/05123558\/concurso-seduc-se.jpg","contentUrl":"https:\/\/dhg1h5j42swfq.cloudfront.net\/2025\/09\/05123558\/concurso-seduc-se.jpg","width":768,"height":432,"caption":"concurso Seduc SE n\u00famero de vagas"},{"@type":"BreadcrumbList","@id":"https:\/\/www.estrategiaconcursos.com.br\/blog\/concurso-seduc-se-requisitos\/#breadcrumb","itemListElement":[{"@type":"ListItem","position":1,"name":"In\u00edcio","item":"https:\/\/www.estrategiaconcursos.com.br\/blog\/"},{"@type":"ListItem","position":2,"name":"Quais s\u00e3o os requisitos exigidos no concurso SEDUC SE?"}]},{"@type":"WebSite","@id":"https:\/\/www.estrategiaconcursos.com.br\/blog\/#website","url":"https:\/\/www.estrategiaconcursos.com.br\/blog\/","name":"Estrat\u00e9gia Concursos","description":"O blog da Estrat\u00e9gia Concursos traz not\u00edcias sobre concursos e artigos de professores oferecendo cursos para concursos (pdf + videaulas) no site.","publisher":{"@id":"https:\/\/www.estrategiaconcursos.com.br\/blog\/#organization"},"potentialAction":[{"@type":"SearchAction","target":{"@type":"EntryPoint","urlTemplate":"https:\/\/www.estrategiaconcursos.com.br\/blog\/?s={search_term_string}"},"query-input":{"@type":"PropertyValueSpecification","valueRequired":true,"valueName":"search_term_string"}}],"inLanguage":"pt-BR"},{"@type":"Organization","@id":"https:\/\/www.estrategiaconcursos.com.br\/blog\/#organization","name":"Estrat\u00e9gia Concursos","url":"https:\/\/www.estrategiaconcursos.com.br\/blog\/","logo":{"@type":"ImageObject","inLanguage":"pt-BR","@id":"https:\/\/www.estrategiaconcursos.com.br\/blog\/#\/schema\/logo\/image\/","url":"https:\/\/dhg1h5j42swfq.cloudfront.net\/2025\/06\/03203428\/logo_concursos-1.jpg","contentUrl":"https:\/\/dhg1h5j42swfq.cloudfront.net\/2025\/06\/03203428\/logo_concursos-1.jpg","width":230,"height":60,"caption":"Estrat\u00e9gia Concursos"},"image":{"@id":"https:\/\/www.estrategiaconcursos.com.br\/blog\/#\/schema\/logo\/image\/"},"sameAs":["https:\/\/x.com\/EstratConcursos"]},{"@type":"Person","@id":"https:\/\/www.estrategiaconcursos.com.br\/blog\/#\/schema\/person\/a06e841e501f2e1d8c49c4e8f066bfd1","name":"Priscila Almeida","image":{"@type":"ImageObject","inLanguage":"pt-BR","@id":"https:\/\/secure.gravatar.com\/avatar\/0a963c9e2a947fa675b669cea2b5d0ba6dd1cbf46b966190343b6c9973ad3337?s=96&d=mm&r=g","url":"https:\/\/secure.gravatar.com\/avatar\/0a963c9e2a947fa675b669cea2b5d0ba6dd1cbf46b966190343b6c9973ad3337?s=96&d=mm&r=g","contentUrl":"https:\/\/secure.gravatar.com\/avatar\/0a963c9e2a947fa675b669cea2b5d0ba6dd1cbf46b966190343b6c9973ad3337?s=96&d=mm&r=g","caption":"Priscila Almeida"},"description":"Atua na \u00e1rea de concursos p\u00fablicos desde 2019. As editorias que mais t\u00eam familiaridade s\u00e3o: Tribunais (TJs; TRTs; TREs; TSTs; STJ, STF, STM e TSE); Defensorias; Minist\u00e9rios P\u00fablicos; Procuradorias; Educa\u00e7\u00e3o e Conselhos. Na \u00e1rea de comunica\u00e7\u00e3o, de maneira geral, a caminhada \u00e9 um pouco mais longa - desde 2007. Possui experi\u00eancia em reda\u00e7\u00f5es de r\u00e1dio, TV, Web e impresso, al\u00e9m de desenvolver trabalhos em assessorias de comunica\u00e7\u00e3o institucional, empresarial e p\u00fablicas. Entre outros trabalhos, se destacam a atua\u00e7\u00e3o nas \u00e1reas de Justi\u00e7a, Congresso, Esportes, Sa\u00fade, Agropecu\u00e1ria, Cidades e Avia\u00e7\u00e3o Civil.","url":"https:\/\/www.estrategiaconcursos.com.br\/blog\/author\/priscila-almeidaestrategia-com\/"}]}},"_links":{"self":[{"href":"https:\/\/www.estrategiaconcursos.com.br\/blog\/wp-json\/wp\/v2\/posts\/1663711","targetHints":{"allow":["GET"]}}],"collection":[{"href":"https:\/\/www.estrategiaconcursos.com.br\/blog\/wp-json\/wp\/v2\/posts"}],"about":[{"href":"https:\/\/www.estrategiaconcursos.com.br\/blog\/wp-json\/wp\/v2\/types\/post"}],"author":[{"embeddable":true,"href":"https:\/\/www.estrategiaconcursos.com.br\/blog\/wp-json\/wp\/v2\/users\/2375"}],"replies":[{"embeddable":true,"href":"https:\/\/www.estrategiaconcursos.com.br\/blog\/wp-json\/wp\/v2\/comments?post=1663711"}],"version-history":[{"count":4,"href":"https:\/\/www.estrategiaconcursos.com.br\/blog\/wp-json\/wp\/v2\/posts\/1663711\/revisions"}],"predecessor-version":[{"id":1663729,"href":"https:\/\/www.estrategiaconcursos.com.br\/blog\/wp-json\/wp\/v2\/posts\/1663711\/revisions\/1663729"}],"wp:featuredmedia":[{"embeddable":true,"href":"https:\/\/www.estrategiaconcursos.com.br\/blog\/wp-json\/wp\/v2\/media\/1634491"}],"wp:attachment":[{"href":"https:\/\/www.estrategiaconcursos.com.br\/blog\/wp-json\/wp\/v2\/media?parent=1663711"}],"wp:term":[{"taxonomy":"category","embeddable":true,"href":"https:\/\/www.estrategiaconcursos.com.br\/blog\/wp-json\/wp\/v2\/categories?post=1663711"},{"taxonomy":"post_tag","embeddable":true,"href":"https:\/\/www.estrategiaconcursos.com.br\/blog\/wp-json\/wp\/v2\/tags?post=1663711"},{"taxonomy":"tax_estado","embeddable":true,"href":"https:\/\/www.estrategiaconcursos.com.br\/blog\/wp-json\/wp\/v2\/tax_estado?post=1663711"}],"curies":[{"name":"wp","href":"https:\/\/api.w.org\/{rel}","templated":true}]}}