{"id":166331,"date":"2019-02-15T17:48:33","date_gmt":"2019-02-15T20:48:33","guid":{"rendered":"https:\/\/www.estrategiaconcursos.com.br\/blog\/?p=166331"},"modified":"2019-11-08T16:42:49","modified_gmt":"2019-11-08T19:42:49","slug":"pm-rj-comentarios-as-questoes-de-direito-penal-militar","status":"publish","type":"post","link":"https:\/\/www.estrategiaconcursos.com.br\/blog\/pm-rj-comentarios-as-questoes-de-direito-penal-militar\/","title":{"rendered":"PM-RJ &#8211; Coment\u00e1rios \u00e0s quest\u00f5es de Direito Penal Militar"},"content":{"rendered":"\n<p>Ol\u00e1 pessoal! Aqui \u00e9 o Prof. Paulo Guimar\u00e3es e agora vamos comentar as quest\u00f5es de Direito Penal Militar aplicadas no concurso da Pol\u00edcia Militar do Rio de Janeiro no dia 10\/2.<\/p>\n\n\n\n<p>Se tiver alguma d\u00favida lembre que voc\u00ea pode me encontrar no <a rel=\"noreferrer noopener\" aria-label=\"instagram  (opens in a new tab)\" href=\"http:\/\/www.instagram.com\/profpauloguimaraes\" target=\"_blank\">instagram <\/a>e tamb\u00e9m no <a rel=\"noreferrer noopener\" aria-label=\"youtube (opens in a new tab)\" href=\"http:\/\/www.youtube.com\/professorpauloguimaraes\" target=\"_blank\">youtube<\/a>.<\/p>\n\n\n\n<p><\/p>\n\n\n\n<p><strong>Quest\u00e3o 56 <\/strong><\/p>\n\n\n\n<p>O conjunto de medidas,\nincluindo instru\u00e7\u00e3o, adestramento e preparo log\u00edstico, para tornar uma\norganiza\u00e7\u00e3o policial-militar pronta para emprego imediato pertence ao conceito\nde:<\/p>\n\n\n\n<p>a) Controle.<\/p>\n\n\n\n<p>b) Dota\u00e7\u00e3o.<\/p>\n\n\n\n<p>c) Agrega\u00e7\u00e3o.<\/p>\n\n\n\n<p>d) Adestramento.<\/p>\n\n\n\n<p>e) Aprestamento.<\/p>\n\n\n\n<p><strong>Coment\u00e1rios:<\/strong><\/p>\n\n\n\n<p><strong>Est\u00e1 correta a letra E.<\/strong><\/p>\n\n\n\n<p>Nos moldes do art. 2\u00ba, item 4, do\ndecreto n\u00b0 88.777\/1983, <strong>aprestamento<\/strong>\n\u00e9 \u201co conjunto de medidas, incluindo instru\u00e7\u00e3o, adestramento e preparo\nlog\u00edstico, para tornar uma organiza\u00e7\u00e3o policial-militar pronta para emprego\nimediato.\u201d<\/p>\n\n\n\n<p>Ali\u00e1s, todas as alternativas\nfundamentaram-se no referido decreto. Assim:<\/p>\n\n\n\n<p><strong>Letra A: errada! <em>Controle<\/em><\/strong>\n\u00e9 \u201cato ou efeito de acompanhar a execu\u00e7\u00e3o das atividades das Pol\u00edcias\nMilitares, por forma a n\u00e3o permitir desvios dos prop\u00f3sitos que lhe forem\nestabelecidos pela Uni\u00e3o, na legisla\u00e7\u00e3o pertinente.\u201d (Art. 2\u00ba, item 7, do decreto\nn\u00b0 88.777\/1983)<\/p>\n\n\n\n<p><strong>Letra B: errada! <\/strong>Por <strong><em>dota\u00e7\u00e3o<\/em><\/strong>, compreende-se a \u201cquantidade\nde determinado material, cuja posse pelas Pol\u00edcias Militares \u00e9 autorizada pelo\nMinist\u00e9rio do Ex\u00e9rcito, visando ao perfeito cumprimento de suas miss\u00f5es.\u201d (Art.\n2\u00ba, item 10, do decreto n\u00b0 88.777\/1983)<\/p>\n\n\n\n<p><strong>Letra C: errada! <\/strong>Define-se como <strong><em>agrega\u00e7\u00e3o<\/em>, <\/strong>a \u201csitua\u00e7\u00e3o na\nqual o policial-militar da ativa deixa de ocupar vaga na escala hier\u00e1rquica do\nseu quadro, nela permanecendo sem n\u00famero.\u201d (Art. 2\u00ba, item 3, do decreto n\u00b0\n88.777\/1983).<\/p>\n\n\n\n<p><strong>Letra D: errada! <\/strong>Por fim, <strong><em>adestramento<\/em><\/strong> corresponde a \u201catividade\ndestinada a exercitar o policial-militar, individualmente e em equipe,\ndesenvolvendo-lhe a habilidade para o desempenho das tarefas para as quais j\u00e1\nrecebeu a adequada instru\u00e7\u00e3o.\u201d (Art. 2\u00ba, item 2, do decreto n\u00b0 88.777\/1983)<\/p>\n\n\n\n<p><\/p>\n\n\n\n<p><strong>Quest\u00e3o 57<\/strong><\/p>\n\n\n\n<p>Acerca da Estrutura e\nOrganiza\u00e7\u00e3o, na forma do R-200, que aprova o regulamento para as pol\u00edcias militares\ne corpo de bombeiros militares, assinale a assertiva correta.<\/p>\n\n\n\n<p>a) O Comandante da Pol\u00edcia\nMilitar, quando Oficial do Ex\u00e9rcito, n\u00e3o poder\u00e1 desempenhar, ainda que\nacumulativamente com as fun\u00e7\u00f5es de Comandantes, outra fun\u00e7\u00e3o, no \u00e2mbito\nestadual, por prazo superior a 30 (trinta) dias em cada per\u00edodo consecutivo de\n10 (dez) meses.<\/p>\n\n\n\n<p>b) A cria\u00e7\u00e3o e a\nlocaliza\u00e7\u00e3o de organiza\u00e7\u00f5es policial-militares dever\u00e3o atender ao cumprimento\nde suas miss\u00f5es normais, independendo de aprova\u00e7\u00e3o pelo Estado-Maior do\nEx\u00e9rcito.<\/p>\n\n\n\n<p>c) Os Comandantes-Gerais das\nPol\u00edcias Militares s\u00e3o os respons\u00e1veis, em n\u00edvel de Administra\u00e7\u00e3o Indireta,\nperante os Governadores das respectivas Unidades Federativas, pela\nadministra\u00e7\u00e3o e emprego da Corpora\u00e7\u00e3o.<\/p>\n\n\n\n<p>d) O policial do servi\u00e7o\nativo do Ex\u00e9rcito, nomeado para comandar Pol\u00edcia Militar ou Corpo de Bombeiro\nMilitar passar\u00e1 \u00e0 disposi\u00e7\u00e3o do respectivo Governo do Estado, Territ\u00f3rio ou\nDistrito Federal, pelo prazo de 3 (tr\u00eas) anos.<\/p>\n\n\n\n<p>e) Com rela\u00e7\u00e3o ao emprego,\na responsabilidade funcional dos Comandantes-Gerais verificar-se-\u00e1 quanto \u00e0\noperacionalidade, ao assessoramento e fiscaliza\u00e7\u00e3o das respectivas Corpora\u00e7\u00f5es\nPoliciais-Militares.<\/p>\n\n\n\n<p><strong>Coment\u00e1rios:<\/strong><\/p>\n\n\n\n<p>Por for\u00e7a do art. 9\u00ba, do decreto\nn\u00b0 88.777\/1983, que aprovou o Regulamento para as Pol\u00edcias Militares e Corpos\nde Bombeiros Militares (R-200), <strong>est\u00e1\ncorreta a letra A. <\/strong><\/p>\n\n\n\n<p>Observe:<\/p>\n\n\n\n<p><em>Art. 9\u00ba &#8211; O Comandante de Pol\u00edcia Militar, quando Oficial do Ex\u00e9rcito, n\u00e3o poder\u00e1 desempenhar, ainda que acumulativamente com as fun\u00e7\u00f5es de Comandantes, outra fun\u00e7\u00e3o, no \u00e2mbito estadual, por prazo superior a 30 (trinta) dias em cada per\u00edodo consecutivo de 10 (dez) meses<\/em>.<\/p>\n\n\n\n<p>Quanto as demais alternativas,\nvejamos:<\/p>\n\n\n\n<p><strong>Letra B: errada! <\/strong>De acordo com o art. 7\u00ba, do decreto n\u00b0 88.777\/1983,\na cria\u00e7\u00e3o e a localiza\u00e7\u00e3o de organiza\u00e7\u00f5es policiais-militares <strong>dependem de\naprova\u00e7\u00e3o pelo Estado-Maior do Ex\u00e9rcito. <\/strong><\/p>\n\n\n\n<p><em>Art. 7\u00ba &#8211; A cria\u00e7\u00e3o e a localiza\u00e7\u00e3o de organiza\u00e7\u00f5es policiais-militares dever\u00e3o atender ao cumprimento de suas miss\u00f5es normais, em conson\u00e2ncia com os planejamentos de Defesa Interna e de Defesa Territorial, <\/em><strong><em>dependendo de aprova\u00e7\u00e3o pelo Estado-Maior do Ex\u00e9rcito<\/em>.<\/strong><\/p>\n\n\n\n<p><strong>Letra C: errada! <\/strong>Os Comandantes-Gerais das Pol\u00edcias Militares s\u00e3o\nos respons\u00e1veis, em n\u00edvel de <strong>Administra\u00e7\u00e3o Direta<\/strong> <strong>(e n\u00e3o da Administra\u00e7\u00e3o Indireta!),<\/strong> perante os Governadores das\nrespectivas Unidades Federativas, pela administra\u00e7\u00e3o e emprego da Corpora\u00e7\u00e3o.\n(Art. 10, do decreto n\u00b0 88.777\/1983).<\/p>\n\n\n\n<p><strong>Letra D: errada! <\/strong>O prazo em que o policial do servi\u00e7o ativo do\nEx\u00e9rcito, nomeado para comandar Pol\u00edcia Militar ou Corpo de Bombeiro, ficar\u00e1 \u00e0\ndisposi\u00e7\u00e3o do respectivo Governo do Estado, Territ\u00f3rio ou Distrito Federal,\nser\u00e1 de <strong>02\n(dois) anos <\/strong>e n\u00e3o de 03 (tr\u00eas) anos, como afirmado na alternativa.<\/p>\n\n\n\n<p>\u00c9 o que prev\u00ea o art. 8\u00ba, \u00a71\u00ba, do\ndecreto n\u00b0 88.777\/1983:<\/p>\n\n\n\n<p><em>Art. 8\u00ba. (&#8230;)<\/em><\/p>\n\n\n\n<p><em>\u00a7 1\u00ba &#8211; O policial do servi\u00e7o ativo do Ex\u00e9rcito, nomeado para comandar Pol\u00edcia Militar ou Corpo de Bombeiro Militar, passar\u00e1 \u00e0 disposi\u00e7\u00e3o do respectivo Governo do Estado, Territ\u00f3rio ou Distrito Federal, pelo prazo de <\/em><strong><em>2 (dois) anos<\/em><\/strong><em>.<\/em><\/p>\n\n\n\n<p><strong>Letra E: errada! <\/strong>Com rela\u00e7\u00e3o ao emprego, a responsabilidade\nfuncional dos Comandantes-Gerais verificar-se-\u00e1 quanto \u00e0 <strong>operacionalidade, ao adestramento e\naprestamento<\/strong> das respectivas Corpora\u00e7\u00f5es Policiais-Militares, n\u00e3o\nincluindo o assessoramento e a fiscaliza\u00e7\u00e3o.<\/p>\n\n\n\n<p>Neste sentido, art. 10, \u00a71\u00ba, do\ndecreto n\u00b0 88.777\/1983:<\/p>\n\n\n\n<p><em>Art. 10\u00a0 (&#8230;)<\/em><\/p>\n\n\n\n<p><em>\u00a7 1\u00ba &#8211; Com rela\u00e7\u00e3o ao emprego, a responsabilidade funcional dos Comandantes-Gerais verificar-se-\u00e1 quanto \u00e0 operacionalide, ao adestramento e aprestamento das respectivas Corpora\u00e7\u00f5es Policiais-Militares<\/em>.<\/p>\n\n\n\n<p><\/p>\n\n\n\n<p><strong>Quest\u00e3o 58<\/strong><\/p>\n\n\n\n<p>No que tange \u00e0 Disposi\u00e7\u00f5es\nPreliminares do Estatuto dos Policiais Militares do Rio de Janeiro, assinale a\nassertiva correta.<\/p>\n\n\n\n<p>a) O servi\u00e7o\npolicial-militar consiste no exerc\u00edcio de atividades inerentes \u00e0 Pol\u00edcia Militar\ne compreende todos os encargos previstos na legisla\u00e7\u00e3o espec\u00edfica, relacionados\ncom a atividade investigativa.<\/p>\n\n\n\n<p>b) A carreira\npolicial-militar \u00e9 privativa do pessoal da ativa; inicia-se com o ingresso na\nPol\u00edcia Militar e obedece \u00e0 sequ\u00eancia de graus hier\u00e1rquicos.<\/p>\n\n\n\n<p>c) Os integrantes da\nPol\u00edcia Militar, em raz\u00e3o de sua destina\u00e7\u00e3o constitucional, formam uma\ncategoria de servidores do Estado e s\u00e3o denominados policiais-civis.<\/p>\n\n\n\n<p>d) \u00c9 privativa de\nbrasileiro nato e naturalizado a carreira de Oficial da Pol\u00edcia Militar.<\/p>\n\n\n\n<p>e) A Pol\u00edcia Militar do\nEstado do Rio de Janeiro, \u00e9 uma institui\u00e7\u00e3o tempor\u00e1ria, organizada com base na\nhierarquia e na disciplina, destinada \u00e0 manuten\u00e7\u00e3o da ordem p\u00fablica no Estado\ndo Rio de Janeiro.<\/p>\n\n\n\n<p><strong>Coment\u00e1rios:<\/strong><\/p>\n\n\n\n<p><strong>Est\u00e1 correta a letra\nB.<\/strong><\/p>\n\n\n\n<p>Consoante o art. 5\u00ba, \u00a71\u00ba, do\nEstatuto dos Policiais-Militares do Estado do Rio de Janeiro (Lei estadual n\u00b0\n443\/1981), \u201ca carreira policial-militar \u00e9 privativa do pessoal da ativa;\ninicia-se com o ingresso na Pol\u00edcia Militar e obedece \u00e0 sequ\u00eancia de graus\nhier\u00e1rquicos.\u201d<\/p>\n\n\n\n<p>Vamos, ent\u00e3o, a an\u00e1lise das\ndemais alternativas:<\/p>\n\n\n\n<p><strong>Letra A: errada! <\/strong>De fato, no art. 4\u00ba, da lei n\u00b0 443\/1981, \u00e9\nprevisto que o servi\u00e7o policial-militar consiste no exerc\u00edcio de atividades\ninerentes \u00e0 Pol\u00edcia Militar, bem como compreende todos os encargos previstos na\nlegisla\u00e7\u00e3o espec\u00edfica relacionados com a <strong>manuten\u00e7\u00e3o da ordem p\u00fablica. <\/strong><\/p>\n\n\n\n<p>O item est\u00e1 errado por haver\nsubstitu\u00eddo a express\u00e3o \u201cmanuten\u00e7\u00e3o da ordem p\u00fablica\u201d por \u201catividade\ninvestigativa\u201d, indevidamente alterando texto expresso de lei.<\/p>\n\n\n\n<p><strong>Letra C: errada! <\/strong>A falha da alternativa est\u00e1 em sua parte final e\npoderia ter sido notado de pronto, a partir de uma leitura atenta, afinal, n\u00e3o\nhaveria sentido denominar os integrantes da Pol\u00edcia Militar de policiais civis.<\/p>\n\n\n\n<p>Como bem se sabe, as duas\nexpress\u00f5es da for\u00e7a policial n\u00e3o se confundem, exercendo, cada qual, fun\u00e7\u00f5es\ndistintas.<\/p>\n\n\n\n<p>De todo modo, o art. 3\u00ba, da lei\nn\u00b0 443\/1981, n\u00e3o conferiu margem \u00e0 d\u00favidas, prevendo que:<\/p>\n\n\n\n<p><em>Art. 3\u00ba\u00a0&#8211; Os integrantes da Pol\u00edcia Militar, em raz\u00e3o de sua destina\u00e7\u00e3o constitucional, formam uma categoria de servidores do Estado e <\/em><strong><em>s\u00e3o denominados policiais-militares<\/em><\/strong>.<\/p>\n\n\n\n<p><strong>Letra D: errada! <\/strong>\u00c9 privativa de brasileiro nato, <strong>n\u00e3o podendo ser\nocupada por brasileiro naturalizado<\/strong>, a carreira de Oficial da\nPol\u00edcia Militar.<\/p>\n\n\n\n<p>Assim estabelece o art. 5\u00ba, \u00a72\u00ba,\nda lei n\u00b0 443\/1981:<\/p>\n\n\n\n<p><em>Art. 5\u00ba. (&#8230;)<\/em><\/p>\n\n\n\n<p><em>\u00a7 2\u00ba\u00a0&#8211; \u00c9 privativa de <\/em><strong><em>brasileiro nato<\/em><\/strong><em> a carreira de Oficial da Pol\u00edcia Militar.<\/em><\/p>\n\n\n\n<p><strong>Letra E: errada! <\/strong>Determina o art. 2\u00ba, da lei n\u00b0 443\/1981, que a\nPol\u00edcia Militar do Estado do Rio de Janeiro, \u00e9 uma <strong>institui\u00e7\u00e3o permanente<\/strong>.<\/p>\n\n\n\n<p><em>Art. 2\u00ba\u00a0&#8211; A Pol\u00edcia Militar do Estado do Rio de Janeiro, subordinada ao Secret\u00e1rio de Estado de Seguran\u00e7a P\u00fablica, <\/em><strong><em>\u00e9 uma institui\u00e7\u00e3o permanente<\/em><\/strong><em>, organizada com base na hierarquia e na disciplina, destinada \u00e0 manuten\u00e7\u00e3o da ordem p\u00fablica no Estado do Rio de Janeiro, sendo considerada For\u00e7a Auxiliar, reserva do Ex\u00e9rcito.<\/em><\/p>\n\n\n\n<p><\/p>\n\n\n\n<p><strong>Quest\u00e3o 59<\/strong><\/p>\n\n\n\n<p>Quanto ao Comando e\nSubordina\u00e7\u00e3o, previsto no Estatuto dos Policiais Militares do Estado do Rio de\nJaneiro, pode-se afirmar:<\/p>\n\n\n\n<p>a) A subordina\u00e7\u00e3o \u00e9 a soma\nde autoridade, deveres e responsabilidades de que o policial-militar \u00e9\ninvestido legalmente, quando conduz homens ou dirige uma organiza\u00e7\u00e3o\npolicial-militar.<\/p>\n\n\n\n<p>b) Os Cabos e Soldados\ns\u00e3o, essencialmente, os elementos de execu\u00e7\u00e3o.<\/p>\n\n\n\n<p>c) Os Tenentes e Sargentos\nauxiliam e complementam as atividades dos Oficiais, quer no adestramento e no\nemprego dos meios, quer na Instru\u00e7\u00e3o e na administra\u00e7\u00e3o; dever\u00e3o ser empregados\nna execu\u00e7\u00e3o de atividades de policiamento ostensivo peculiares \u00e0 Policia\nMilitar.<\/p>\n\n\n\n<p>d) A subordina\u00e7\u00e3o, embora\nafete a dignidade pessoal do policial-militar, decorre, exclusivamente, da\nestrutura hierarquizada da Pol\u00edcia Militar.<\/p>\n\n\n\n<p>e) O Pra\u00e7a \u00e9 preparado, ao\nlongo da carreira, para o exerc\u00edcio de Comando, de Chefia e de Dire\u00e7\u00e3o.<\/p>\n\n\n\n<p><strong>Coment\u00e1rios<\/strong><\/p>\n\n\n\n<p>Correspondendo a literalidade do\nart. 37, da lei n\u00b0 443\/1981 (Estatuto dos Policiais-Militares do Estado do Rio\nde Janeiro), <strong>est\u00e1 correta a alternativa\nB.<\/strong><\/p>\n\n\n\n<p>Deste modo:<\/p>\n\n\n\n<p><em>Art. 37\u00a0&#8211; Os Cabos e Soldados s\u00e3o, essencialmente, os elementos de execu\u00e7\u00e3o.<\/em><\/p>\n\n\n\n<p><strong>Letra A: errada! <\/strong>O conceito exposto no item refere-se \u00e0 \u201ccomando\u201d e\nn\u00e3o \u00e0 \u201cautoridade\u201d. Assim, estabelece o art. 33, da lei n\u00b0 443\/1981, que:<\/p>\n\n\n\n<p><em>Art. 33\u00a0&#8211; <\/em><strong><em>Comando<\/em><\/strong><em> \u00e9 a soma de autoridade, deveres e responsabilidades de que o policial-militar \u00e9 investido legalmente, quando conduz homens ou dirige uma organiza\u00e7\u00e3o policial-militar. O Comando \u00e9 vinculado ao grau hier\u00e1rquico e constitui uma prerrogativa impessoal, em cujo exerc\u00edcio o policial-militar se define e se caracteriza como Chefe.<\/em><\/p>\n\n\n\n<p><strong>Letra C: errada! <\/strong>S\u00e3o os <strong>Subtenentes\n<\/strong>(n\u00e3o os tenentes!) e os Sargentosque\nauxiliam e complementam as atividades dos Oficiais, quer no adestramento e no\nemprego dos meios, quer na Instru\u00e7\u00e3o e na administra\u00e7\u00e3o; dever\u00e3o ser empregados\nna execu\u00e7\u00e3o de atividades de policiamento ostensivo peculiares \u00e0 Policia\nMilitar. (Art. 33, da lei n\u00b0 443\/1981)<\/p>\n\n\n\n<p><strong>Letra D: errada! <\/strong>A subordina\u00e7\u00e3o decorre, exclusivamente, da\nestrutura hierarquizada da Pol\u00edcia Militar e <strong>n\u00e3o afeta<\/strong>, de modo algum, a\ndignidade pessoal do policial-militar. (Art. 34, da lei n\u00b0 443\/1981)<\/p>\n\n\n\n<p><strong>Letra E: errada! <\/strong>Conforme o art. 35, da lei n\u00b0 443\/1981, o <strong>Oficial <\/strong>(n\u00e3o o pra\u00e7a!) \u00e9 quem ser\u00e1\npreparado, ao longo da carreira, para o exerc\u00edcio de Comando, de Chefia e de\nDire\u00e7\u00e3o.<\/p>\n\n\n\n<p><\/p>\n\n\n\n<p><strong>Quest\u00e3o 60<\/strong><\/p>\n\n\n\n<p>De acordo com a aplica\u00e7\u00e3o\nda lei penal militar, prevista no C\u00f3digo Penal Militar, assinale a assertiva\ncorreta.<\/p>\n\n\n\n<p>a) Aplica-se a lei penal\nmilitar, sem preju\u00edzo de conven\u00e7\u00f5es, tratados e regras de direito\ninternacional, ao crime cometido, no todo ou em parte no territ\u00f3rio nacional,\nou fora dele, ainda que, neste caso, o agente esteja sendo processado ou tenha\nsido julgado pela justi\u00e7a estrangeira.<\/p>\n\n\n\n<p>b) Considera-se praticado\no fato, no lugar em que se desenvolveu a atividade criminosa, no todo ou em\nparte, exceto se sob forma de participa\u00e7\u00e3o, bem como onde se produziu ou\ndeveria produzir-se o resultado. Nos crimes omissivos, o fato considera-se\npraticado no lugar em que deveria realizar-se a a\u00e7\u00e3o omitida.<\/p>\n\n\n\n<p>c) Considera-se praticado\no crime no momento da a\u00e7\u00e3o ou omiss\u00e3o, desde que seja o mesmo do resultado.<\/p>\n\n\n\n<p>d) Para se reconhecer qual\na mais favor\u00e1vel, a lei posterior e a anterior devem ser consideradas\nconjuntamente.<\/p>\n\n\n\n<p>e) Ao crime praticado a\nbordo de aeronaves ou navios estrangeiros, desde que em lugar sujeito \u00e0\nadministra\u00e7\u00e3o militar, aplica-se a lei penal comum.<\/p>\n\n\n\n<p><strong>Coment\u00e1rios:<\/strong><\/p>\n\n\n\n<p><strong>Est\u00e1 correta a letra A.<\/strong><\/p>\n\n\n\n<p>Quanto aplica\u00e7\u00e3o da lei penal\nmilitar no espa\u00e7o, a alternativa expressou os conceitos presentes no art. 7\u00ba, <em>caput<\/em>, do C\u00f3digo Penal Militar, que,\nneste ponto, adotou a <strong>teoria da territorialidade\nmitigada<\/strong> e a <strong>teoria da\nextraterritorialidade incondicionada. <\/strong><\/p>\n\n\n\n<p>Por territorialidade mitigada,\ncompreende-se que a lei penal militar ser\u00e1 aplicada ao crime cometido no\nterrit\u00f3rio nacional, por\u00e9m, ocorre que em determinadas situa\u00e7\u00f5es a lei nacional\npoder\u00e1 ser mitigada em respeito ao disposto nos tratados e conven\u00e7\u00f5es\ninternacionais do qual o Brasil seja signat\u00e1rio.<\/p>\n\n\n\n<p>Quanto a extraterritorialidade\nincondicionada, significa que a lei penal militar brasileira ser\u00e1 aplicada aos\ncrimes cometidos fora do territ\u00f3rio nacional.<\/p>\n\n\n\n<p>Assim, vejamos:<\/p>\n\n\n\n<p><em>Art.\u00a07\u00ba Aplica-se a lei penal militar, sem preju\u00edzo de conven\u00e7\u00f5es, tratados e regras de direito internacional, ao crime cometido, no todo ou em parte no territ\u00f3rio nacional, ou fora d\u00eale, ainda que, neste caso, o agente esteja sendo processado ou tenha sido julgado pela justi\u00e7a estrangeira.<\/em><\/p>\n\n\n\n<p><strong>Letra B: errada! <\/strong>Prev\u00ea o C\u00f3digo Penal Militar, em seu art.&nbsp;6\u00ba,\nque \u201cconsidera-se praticado o fato, no lugar em\nque se desenvolveu a atividade criminosa, no todo ou em parte, e <strong>ainda que sob\nforma de participa\u00e7\u00e3o<\/strong>, bem como onde se produziu ou deveria\nproduzir-se o resultado. Nos crimes omissivos, o fato considera-se praticado no\nlugar em que deveria realizar-se a a\u00e7\u00e3o omitida.\u201d<\/p>\n\n\n\n<p>Quanto ao <strong>lugar do crime<\/strong>, note que o CPM aderiu a um <strong>sistema misto<\/strong>, aplicando a <strong>teoria\nda a\u00e7\u00e3o ou atividade no caso de crimes omissivos<\/strong>, pois considera-se\npraticado o fato \u201cno lugar em que deveria realizar-se a a\u00e7\u00e3o omitida\u201d <strong>e a teoria da ubiquidade (mista ou\nunit\u00e1ria) na hip\u00f3tese de crimes comissivos, <\/strong>uma vez que \u201c\u201cconsidera-se praticado o fato, no lugar\nem que se desenvolveu a atividade criminosa, no todo ou em parte, e ainda que\nsob forma de participa\u00e7\u00e3o, bem como onde se produziu ou deveria produzir-se o\nresultado.\u201d<\/p>\n\n\n\n<p><strong>Letra C: errada! <\/strong>De acordo com o art. 5\u00ba, do CPM, \u201cconsidera-se\npraticado o crime no momento da a\u00e7\u00e3o ou omiss\u00e3o, <strong>ainda que outro seja o do resultado<\/strong>.\u201d<\/p>\n\n\n\n<p>Em rela\u00e7\u00e3o ao tempo do crime, o\nCPM adotou a <strong>teoria da atividade<\/strong>.<\/p>\n\n\n\n<p><strong>Letra D: errada! <\/strong>Na apura\u00e7\u00e3o da maior benignidade da lei, o art.\n2\u00ba, \u00a72\u00ba, do CPM estabelece que:<\/p>\n\n\n\n<p><em>\u00a7 2\u00b0 Para se reconhecer qual a mais favor\u00e1vel, a lei posterior e a anterior devem ser consideradas <\/em><strong><em>separadamente,<\/em><\/strong><em> cada qual no conjunto de suas normas aplic\u00e1veis ao fato.<\/em><\/p>\n\n\n\n<p><strong>Letra E: errada! <\/strong>O art. 7\u00ba, \u00a72\u00ba, do CPM, \u00e9 claro ao dispor que a\nlei penal militar tamb\u00e9m ser\u00e1 aplicada aos crimes praticados a bordo de\naeronaves ou navios estrangeiros <strong>sujeitos\n\u00e0 administra\u00e7\u00e3o militar<\/strong>, pois nestas condi\u00e7\u00f5es devem ser considerados como\nextens\u00e3o do territ\u00f3rio nacional.<\/p>\n","protected":false},"excerpt":{"rendered":"<p>Ol\u00e1 pessoal! Aqui \u00e9 o Prof. Paulo Guimar\u00e3es e agora vamos comentar as quest\u00f5es de Direito Penal Militar aplicadas no concurso da Pol\u00edcia Militar do Rio de Janeiro no dia 10\/2. Se tiver alguma d\u00favida lembre que voc\u00ea pode me encontrar no instagram e tamb\u00e9m no youtube. Quest\u00e3o 56 O conjunto de medidas, incluindo instru\u00e7\u00e3o, [&hellip;]<\/p>\n","protected":false},"author":99,"featured_media":0,"comment_status":"open","ping_status":"closed","sticky":false,"template":"","format":"standard","meta":{"post_tipo":"article","footnotes":""},"categories":[1,1988],"tags":[],"tax_estado":[],"class_list":["post-166331","post","type-post","status-publish","format-standard","hentry","category-cursos-e-concursos","category-policia"],"acf":[],"yoast_head":"<!-- This site is optimized with the Yoast SEO Premium plugin v27.2 (Yoast SEO v27.2) - https:\/\/yoast.com\/product\/yoast-seo-premium-wordpress\/ -->\n<title>PM-RJ - Coment\u00e1rios \u00e0s quest\u00f5es de Direito Penal Militar<\/title>\n<meta name=\"robots\" content=\"index, follow, max-snippet:-1, max-image-preview:large, max-video-preview:-1\" \/>\n<link rel=\"canonical\" href=\"https:\/\/www.estrategiaconcursos.com.br\/blog\/pm-rj-comentarios-as-questoes-de-direito-penal-militar\/\" \/>\n<meta property=\"og:locale\" content=\"pt_BR\" \/>\n<meta property=\"og:type\" content=\"article\" \/>\n<meta property=\"og:title\" content=\"PM-RJ - Coment\u00e1rios \u00e0s quest\u00f5es de Direito Penal Militar\" \/>\n<meta property=\"og:description\" content=\"Ol\u00e1 pessoal! Aqui \u00e9 o Prof. Paulo Guimar\u00e3es e agora vamos comentar as quest\u00f5es de Direito Penal Militar aplicadas no concurso da Pol\u00edcia Militar do Rio de Janeiro no dia 10\/2. Se tiver alguma d\u00favida lembre que voc\u00ea pode me encontrar no instagram e tamb\u00e9m no youtube. Quest\u00e3o 56 O conjunto de medidas, incluindo instru\u00e7\u00e3o, [&hellip;]\" \/>\n<meta property=\"og:url\" content=\"https:\/\/www.estrategiaconcursos.com.br\/blog\/pm-rj-comentarios-as-questoes-de-direito-penal-militar\/\" \/>\n<meta property=\"og:site_name\" content=\"Estrat\u00e9gia Concursos\" \/>\n<meta property=\"article:published_time\" content=\"2019-02-15T20:48:33+00:00\" \/>\n<meta property=\"article:modified_time\" content=\"2019-11-08T19:42:49+00:00\" \/>\n<meta name=\"author\" content=\"Paulo Guimar\u00e3es\" \/>\n<meta name=\"twitter:card\" content=\"summary_large_image\" \/>\n<meta name=\"twitter:creator\" content=\"@EstratConcursos\" \/>\n<meta name=\"twitter:site\" content=\"@EstratConcursos\" \/>\n<meta name=\"twitter:label1\" content=\"Escrito por\" \/>\n\t<meta name=\"twitter:data1\" content=\"Paulo Guimar\u00e3es\" \/>\n\t<meta name=\"twitter:label2\" content=\"Est. tempo de leitura\" \/>\n\t<meta name=\"twitter:data2\" content=\"12 minutos\" \/>\n<script type=\"application\/ld+json\" class=\"yoast-schema-graph\">{\"@context\":\"https:\/\/schema.org\",\"@graph\":[{\"@type\":\"NewsArticle\",\"@id\":\"https:\/\/www.estrategiaconcursos.com.br\/blog\/pm-rj-comentarios-as-questoes-de-direito-penal-militar\/#article\",\"isPartOf\":{\"@id\":\"https:\/\/www.estrategiaconcursos.com.br\/blog\/pm-rj-comentarios-as-questoes-de-direito-penal-militar\/\"},\"author\":{\"name\":\"Paulo Guimar\u00e3es\",\"@id\":\"https:\/\/www.estrategiaconcursos.com.br\/blog\/#\/schema\/person\/80ff9f9f52e43a90b6efd99f2869d22b\"},\"headline\":\"PM-RJ &#8211; Coment\u00e1rios \u00e0s quest\u00f5es de Direito Penal Militar\",\"datePublished\":\"2019-02-15T20:48:33+00:00\",\"dateModified\":\"2019-11-08T19:42:49+00:00\",\"mainEntityOfPage\":{\"@id\":\"https:\/\/www.estrategiaconcursos.com.br\/blog\/pm-rj-comentarios-as-questoes-de-direito-penal-militar\/\"},\"wordCount\":2434,\"commentCount\":2,\"publisher\":{\"@id\":\"https:\/\/www.estrategiaconcursos.com.br\/blog\/#organization\"},\"articleSection\":[\"Concursos P\u00fablicos\",\"Policial (Agente, Escriv\u00e3o e Investigador)\"],\"inLanguage\":\"pt-BR\",\"potentialAction\":[{\"@type\":\"CommentAction\",\"name\":\"Comment\",\"target\":[\"https:\/\/www.estrategiaconcursos.com.br\/blog\/pm-rj-comentarios-as-questoes-de-direito-penal-militar\/#respond\"]}],\"copyrightYear\":\"2019\",\"copyrightHolder\":{\"@id\":\"https:\/\/www.estrategiaconcursos.com.br\/blog\/#organization\"}},{\"@type\":\"WebPage\",\"@id\":\"https:\/\/www.estrategiaconcursos.com.br\/blog\/pm-rj-comentarios-as-questoes-de-direito-penal-militar\/\",\"url\":\"https:\/\/www.estrategiaconcursos.com.br\/blog\/pm-rj-comentarios-as-questoes-de-direito-penal-militar\/\",\"name\":\"PM-RJ - Coment\u00e1rios \u00e0s quest\u00f5es de Direito Penal Militar\",\"isPartOf\":{\"@id\":\"https:\/\/www.estrategiaconcursos.com.br\/blog\/#website\"},\"datePublished\":\"2019-02-15T20:48:33+00:00\",\"dateModified\":\"2019-11-08T19:42:49+00:00\",\"breadcrumb\":{\"@id\":\"https:\/\/www.estrategiaconcursos.com.br\/blog\/pm-rj-comentarios-as-questoes-de-direito-penal-militar\/#breadcrumb\"},\"inLanguage\":\"pt-BR\",\"potentialAction\":[{\"@type\":\"ReadAction\",\"target\":[\"https:\/\/www.estrategiaconcursos.com.br\/blog\/pm-rj-comentarios-as-questoes-de-direito-penal-militar\/\"]}]},{\"@type\":\"BreadcrumbList\",\"@id\":\"https:\/\/www.estrategiaconcursos.com.br\/blog\/pm-rj-comentarios-as-questoes-de-direito-penal-militar\/#breadcrumb\",\"itemListElement\":[{\"@type\":\"ListItem\",\"position\":1,\"name\":\"In\u00edcio\",\"item\":\"https:\/\/www.estrategiaconcursos.com.br\/blog\/\"},{\"@type\":\"ListItem\",\"position\":2,\"name\":\"PM-RJ &#8211; Coment\u00e1rios \u00e0s quest\u00f5es de Direito Penal Militar\"}]},{\"@type\":\"WebSite\",\"@id\":\"https:\/\/www.estrategiaconcursos.com.br\/blog\/#website\",\"url\":\"https:\/\/www.estrategiaconcursos.com.br\/blog\/\",\"name\":\"Estrat\u00e9gia Concursos\",\"description\":\"O blog da Estrat\u00e9gia Concursos traz not\u00edcias sobre concursos e artigos de professores oferecendo cursos para concursos (pdf + videaulas) no site.\",\"publisher\":{\"@id\":\"https:\/\/www.estrategiaconcursos.com.br\/blog\/#organization\"},\"potentialAction\":[{\"@type\":\"SearchAction\",\"target\":{\"@type\":\"EntryPoint\",\"urlTemplate\":\"https:\/\/www.estrategiaconcursos.com.br\/blog\/?s={search_term_string}\"},\"query-input\":{\"@type\":\"PropertyValueSpecification\",\"valueRequired\":true,\"valueName\":\"search_term_string\"}}],\"inLanguage\":\"pt-BR\"},{\"@type\":\"Organization\",\"@id\":\"https:\/\/www.estrategiaconcursos.com.br\/blog\/#organization\",\"name\":\"Estrat\u00e9gia Concursos\",\"url\":\"https:\/\/www.estrategiaconcursos.com.br\/blog\/\",\"logo\":{\"@type\":\"ImageObject\",\"inLanguage\":\"pt-BR\",\"@id\":\"https:\/\/www.estrategiaconcursos.com.br\/blog\/#\/schema\/logo\/image\/\",\"url\":\"https:\/\/dhg1h5j42swfq.cloudfront.net\/2025\/06\/03203428\/logo_concursos-1.jpg\",\"contentUrl\":\"https:\/\/dhg1h5j42swfq.cloudfront.net\/2025\/06\/03203428\/logo_concursos-1.jpg\",\"width\":230,\"height\":60,\"caption\":\"Estrat\u00e9gia Concursos\"},\"image\":{\"@id\":\"https:\/\/www.estrategiaconcursos.com.br\/blog\/#\/schema\/logo\/image\/\"},\"sameAs\":[\"https:\/\/x.com\/EstratConcursos\"]},{\"@type\":\"Person\",\"@id\":\"https:\/\/www.estrategiaconcursos.com.br\/blog\/#\/schema\/person\/80ff9f9f52e43a90b6efd99f2869d22b\",\"name\":\"Paulo Guimar\u00e3es\",\"image\":{\"@type\":\"ImageObject\",\"inLanguage\":\"pt-BR\",\"@id\":\"https:\/\/secure.gravatar.com\/avatar\/08d24bbaa2d103a1d6aba72ee81baa1680267436588d5d9cfb8d32c3aa4ca278?s=96&d=mm&r=g\",\"url\":\"https:\/\/secure.gravatar.com\/avatar\/08d24bbaa2d103a1d6aba72ee81baa1680267436588d5d9cfb8d32c3aa4ca278?s=96&d=mm&r=g\",\"contentUrl\":\"https:\/\/secure.gravatar.com\/avatar\/08d24bbaa2d103a1d6aba72ee81baa1680267436588d5d9cfb8d32c3aa4ca278?s=96&d=mm&r=g\",\"caption\":\"Paulo Guimar\u00e3es\"},\"url\":\"https:\/\/www.estrategiaconcursos.com.br\/blog\/author\/pauloguimaraesestrategiaconcursos-com-br\/\"}]}<\/script>\n<!-- \/ Yoast SEO Premium plugin. -->","yoast_head_json":{"title":"PM-RJ - Coment\u00e1rios \u00e0s quest\u00f5es de Direito Penal Militar","robots":{"index":"index","follow":"follow","max-snippet":"max-snippet:-1","max-image-preview":"max-image-preview:large","max-video-preview":"max-video-preview:-1"},"canonical":"https:\/\/www.estrategiaconcursos.com.br\/blog\/pm-rj-comentarios-as-questoes-de-direito-penal-militar\/","og_locale":"pt_BR","og_type":"article","og_title":"PM-RJ - Coment\u00e1rios \u00e0s quest\u00f5es de Direito Penal Militar","og_description":"Ol\u00e1 pessoal! Aqui \u00e9 o Prof. Paulo Guimar\u00e3es e agora vamos comentar as quest\u00f5es de Direito Penal Militar aplicadas no concurso da Pol\u00edcia Militar do Rio de Janeiro no dia 10\/2. Se tiver alguma d\u00favida lembre que voc\u00ea pode me encontrar no instagram e tamb\u00e9m no youtube. Quest\u00e3o 56 O conjunto de medidas, incluindo instru\u00e7\u00e3o, [&hellip;]","og_url":"https:\/\/www.estrategiaconcursos.com.br\/blog\/pm-rj-comentarios-as-questoes-de-direito-penal-militar\/","og_site_name":"Estrat\u00e9gia Concursos","article_published_time":"2019-02-15T20:48:33+00:00","article_modified_time":"2019-11-08T19:42:49+00:00","author":"Paulo Guimar\u00e3es","twitter_card":"summary_large_image","twitter_creator":"@EstratConcursos","twitter_site":"@EstratConcursos","twitter_misc":{"Escrito por":"Paulo Guimar\u00e3es","Est. tempo de leitura":"12 minutos"},"schema":{"@context":"https:\/\/schema.org","@graph":[{"@type":"NewsArticle","@id":"https:\/\/www.estrategiaconcursos.com.br\/blog\/pm-rj-comentarios-as-questoes-de-direito-penal-militar\/#article","isPartOf":{"@id":"https:\/\/www.estrategiaconcursos.com.br\/blog\/pm-rj-comentarios-as-questoes-de-direito-penal-militar\/"},"author":{"name":"Paulo Guimar\u00e3es","@id":"https:\/\/www.estrategiaconcursos.com.br\/blog\/#\/schema\/person\/80ff9f9f52e43a90b6efd99f2869d22b"},"headline":"PM-RJ &#8211; Coment\u00e1rios \u00e0s quest\u00f5es de Direito Penal Militar","datePublished":"2019-02-15T20:48:33+00:00","dateModified":"2019-11-08T19:42:49+00:00","mainEntityOfPage":{"@id":"https:\/\/www.estrategiaconcursos.com.br\/blog\/pm-rj-comentarios-as-questoes-de-direito-penal-militar\/"},"wordCount":2434,"commentCount":2,"publisher":{"@id":"https:\/\/www.estrategiaconcursos.com.br\/blog\/#organization"},"articleSection":["Concursos P\u00fablicos","Policial (Agente, Escriv\u00e3o e Investigador)"],"inLanguage":"pt-BR","potentialAction":[{"@type":"CommentAction","name":"Comment","target":["https:\/\/www.estrategiaconcursos.com.br\/blog\/pm-rj-comentarios-as-questoes-de-direito-penal-militar\/#respond"]}],"copyrightYear":"2019","copyrightHolder":{"@id":"https:\/\/www.estrategiaconcursos.com.br\/blog\/#organization"}},{"@type":"WebPage","@id":"https:\/\/www.estrategiaconcursos.com.br\/blog\/pm-rj-comentarios-as-questoes-de-direito-penal-militar\/","url":"https:\/\/www.estrategiaconcursos.com.br\/blog\/pm-rj-comentarios-as-questoes-de-direito-penal-militar\/","name":"PM-RJ - Coment\u00e1rios \u00e0s quest\u00f5es de Direito Penal Militar","isPartOf":{"@id":"https:\/\/www.estrategiaconcursos.com.br\/blog\/#website"},"datePublished":"2019-02-15T20:48:33+00:00","dateModified":"2019-11-08T19:42:49+00:00","breadcrumb":{"@id":"https:\/\/www.estrategiaconcursos.com.br\/blog\/pm-rj-comentarios-as-questoes-de-direito-penal-militar\/#breadcrumb"},"inLanguage":"pt-BR","potentialAction":[{"@type":"ReadAction","target":["https:\/\/www.estrategiaconcursos.com.br\/blog\/pm-rj-comentarios-as-questoes-de-direito-penal-militar\/"]}]},{"@type":"BreadcrumbList","@id":"https:\/\/www.estrategiaconcursos.com.br\/blog\/pm-rj-comentarios-as-questoes-de-direito-penal-militar\/#breadcrumb","itemListElement":[{"@type":"ListItem","position":1,"name":"In\u00edcio","item":"https:\/\/www.estrategiaconcursos.com.br\/blog\/"},{"@type":"ListItem","position":2,"name":"PM-RJ &#8211; Coment\u00e1rios \u00e0s quest\u00f5es de Direito Penal Militar"}]},{"@type":"WebSite","@id":"https:\/\/www.estrategiaconcursos.com.br\/blog\/#website","url":"https:\/\/www.estrategiaconcursos.com.br\/blog\/","name":"Estrat\u00e9gia Concursos","description":"O blog da Estrat\u00e9gia Concursos traz not\u00edcias sobre concursos e artigos de professores oferecendo cursos para concursos (pdf + videaulas) no site.","publisher":{"@id":"https:\/\/www.estrategiaconcursos.com.br\/blog\/#organization"},"potentialAction":[{"@type":"SearchAction","target":{"@type":"EntryPoint","urlTemplate":"https:\/\/www.estrategiaconcursos.com.br\/blog\/?s={search_term_string}"},"query-input":{"@type":"PropertyValueSpecification","valueRequired":true,"valueName":"search_term_string"}}],"inLanguage":"pt-BR"},{"@type":"Organization","@id":"https:\/\/www.estrategiaconcursos.com.br\/blog\/#organization","name":"Estrat\u00e9gia Concursos","url":"https:\/\/www.estrategiaconcursos.com.br\/blog\/","logo":{"@type":"ImageObject","inLanguage":"pt-BR","@id":"https:\/\/www.estrategiaconcursos.com.br\/blog\/#\/schema\/logo\/image\/","url":"https:\/\/dhg1h5j42swfq.cloudfront.net\/2025\/06\/03203428\/logo_concursos-1.jpg","contentUrl":"https:\/\/dhg1h5j42swfq.cloudfront.net\/2025\/06\/03203428\/logo_concursos-1.jpg","width":230,"height":60,"caption":"Estrat\u00e9gia Concursos"},"image":{"@id":"https:\/\/www.estrategiaconcursos.com.br\/blog\/#\/schema\/logo\/image\/"},"sameAs":["https:\/\/x.com\/EstratConcursos"]},{"@type":"Person","@id":"https:\/\/www.estrategiaconcursos.com.br\/blog\/#\/schema\/person\/80ff9f9f52e43a90b6efd99f2869d22b","name":"Paulo Guimar\u00e3es","image":{"@type":"ImageObject","inLanguage":"pt-BR","@id":"https:\/\/secure.gravatar.com\/avatar\/08d24bbaa2d103a1d6aba72ee81baa1680267436588d5d9cfb8d32c3aa4ca278?s=96&d=mm&r=g","url":"https:\/\/secure.gravatar.com\/avatar\/08d24bbaa2d103a1d6aba72ee81baa1680267436588d5d9cfb8d32c3aa4ca278?s=96&d=mm&r=g","contentUrl":"https:\/\/secure.gravatar.com\/avatar\/08d24bbaa2d103a1d6aba72ee81baa1680267436588d5d9cfb8d32c3aa4ca278?s=96&d=mm&r=g","caption":"Paulo Guimar\u00e3es"},"url":"https:\/\/www.estrategiaconcursos.com.br\/blog\/author\/pauloguimaraesestrategiaconcursos-com-br\/"}]}},"_links":{"self":[{"href":"https:\/\/www.estrategiaconcursos.com.br\/blog\/wp-json\/wp\/v2\/posts\/166331","targetHints":{"allow":["GET"]}}],"collection":[{"href":"https:\/\/www.estrategiaconcursos.com.br\/blog\/wp-json\/wp\/v2\/posts"}],"about":[{"href":"https:\/\/www.estrategiaconcursos.com.br\/blog\/wp-json\/wp\/v2\/types\/post"}],"author":[{"embeddable":true,"href":"https:\/\/www.estrategiaconcursos.com.br\/blog\/wp-json\/wp\/v2\/users\/99"}],"replies":[{"embeddable":true,"href":"https:\/\/www.estrategiaconcursos.com.br\/blog\/wp-json\/wp\/v2\/comments?post=166331"}],"version-history":[{"count":2,"href":"https:\/\/www.estrategiaconcursos.com.br\/blog\/wp-json\/wp\/v2\/posts\/166331\/revisions"}],"predecessor-version":[{"id":166333,"href":"https:\/\/www.estrategiaconcursos.com.br\/blog\/wp-json\/wp\/v2\/posts\/166331\/revisions\/166333"}],"wp:attachment":[{"href":"https:\/\/www.estrategiaconcursos.com.br\/blog\/wp-json\/wp\/v2\/media?parent=166331"}],"wp:term":[{"taxonomy":"category","embeddable":true,"href":"https:\/\/www.estrategiaconcursos.com.br\/blog\/wp-json\/wp\/v2\/categories?post=166331"},{"taxonomy":"post_tag","embeddable":true,"href":"https:\/\/www.estrategiaconcursos.com.br\/blog\/wp-json\/wp\/v2\/tags?post=166331"},{"taxonomy":"tax_estado","embeddable":true,"href":"https:\/\/www.estrategiaconcursos.com.br\/blog\/wp-json\/wp\/v2\/tax_estado?post=166331"}],"curies":[{"name":"wp","href":"https:\/\/api.w.org\/{rel}","templated":true}]}}