{"id":1662546,"date":"2025-10-29T17:01:30","date_gmt":"2025-10-29T20:01:30","guid":{"rendered":"https:\/\/blog-estrategia.mystagingwebsite.com\/blog\/?p=1662546"},"modified":"2025-10-29T17:39:05","modified_gmt":"2025-10-29T20:39:05","slug":"programa-de-formacao-do-tcu-tecnico","status":"publish","type":"post","link":"https:\/\/www.estrategiaconcursos.com.br\/blog\/programa-de-formacao-do-tcu-tecnico\/","title":{"rendered":"Convoca\u00e7\u00e3o do Programa de Forma\u00e7\u00e3o do TCU &#8211; T\u00e9cnico"},"content":{"rendered":"\n<p class=\"wp-block-paragraph\" style=\"font-size:clamp(14.642px, 0.915rem + ((1vw - 3.2px) * 0.721), 22px);\"><strong><em>Candidatos dever\u00e3o se matricular no Programa de Forma\u00e7\u00e3o do concurso TCU &#8211; T\u00e9cnico a partir do dia 30 de outubro!<\/em><\/strong><\/p>\n\n\n\n<p class=\"wp-block-paragraph\">O Cebraspe publicou a convoca\u00e7\u00e3o para o <strong>Programa de Forma\u00e7\u00e3o<\/strong> do <strong>concurso TCU (<a href=\"https:\/\/www.estrategiaconcursos.com.br\/cursosPorConcurso\/tcu-tecnico-federal-de-controle-externo-66\/\" target=\"_blank\" rel=\"noreferrer noopener\">Tribunal de Contas da Uni\u00e3o<\/a>)<\/strong>, destinado ao cargo de <strong>T\u00e9cnico<\/strong>. Essa \u00e9 a segunda etapa do certame, de car\u00e1ter eliminat\u00f3rio.<\/p>\n\n\n\n<p class=\"wp-block-paragraph\">De acordo com o documento, a etapa ser\u00e1 aplicada aos candidatos no per\u00edodo de <strong>26 de novembro e 08 de dezembro<\/strong>. A organiza\u00e7\u00e3o \u00e9 por conta do Instituto Serzedello Corr\u00eaa (ISC).<\/p>\n\n\n\n<h3 class=\"wp-block-heading\" id=\"h-como-sera-o-programa-de-formacao-do-tcu-tecnico\">Como ser\u00e1 o Programa de Forma\u00e7\u00e3o do TCU &#8211; T\u00e9cnico?<\/h3>\n\n\n\n<p class=\"wp-block-paragraph\">O Programa de Forma\u00e7\u00e3o, que tem por finalidade a integra\u00e7\u00e3o inicial no ambiente de trabalho e o desenvolvimento b\u00e1sico de compet\u00eancias necess\u00e1rias \u00e0 atua\u00e7\u00e3o profissional dos novos servidores, ser\u00e1 composto de uma parte geral.<\/p>\n\n\n\n<p class=\"wp-block-paragraph\">Basicamente trata-se de aulas presenciais e de outras atividades relacionadas \u00e0 estrutura org\u00e2nica, ao funcionamento e aos modelos de gest\u00e3o do TCU.<\/p>\n\n\n\n<p class=\"wp-block-paragraph\">J\u00e1 a parte espec\u00edfica contar\u00e1 com aulas presenciais e outras atividades voltadas diretamente \u00e0s atribui\u00e7\u00f5es do cargo.<\/p>\n\n\n\n<figure class=\"wp-block-image aligncenter size-large is-resized\"><img loading=\"lazy\" decoding=\"async\" width=\"1024\" height=\"682\" src=\"https:\/\/www.estrategiaconcursos.com.br\/blog\/wp-content\/uploads\/2025\/10\/image-290-1024x682.png\" alt=\"Convoca\u00e7\u00e3o do Programa de Forma\u00e7\u00e3o do TCU - T\u00e9cnico\" class=\"wp-image-1662567\" style=\"width:770px;height:auto\" srcset=\"https:\/\/dhg1h5j42swfq.cloudfront.net\/2025\/10\/29164329\/image-290-1024x682.png 1024w, https:\/\/dhg1h5j42swfq.cloudfront.net\/2025\/10\/29164329\/image-290-300x200.png 300w, https:\/\/dhg1h5j42swfq.cloudfront.net\/2025\/10\/29164329\/image-290-768x512.png 768w, https:\/\/dhg1h5j42swfq.cloudfront.net\/2025\/10\/29164329\/image-290-1536x1023.png 1536w, https:\/\/dhg1h5j42swfq.cloudfront.net\/2025\/10\/29164329\/image-290-150x100.png 150w, https:\/\/dhg1h5j42swfq.cloudfront.net\/2025\/10\/29164329\/image-290.png 1599w\" sizes=\"auto, (max-width: 1024px) 100vw, 1024px\" \/><figcaption class=\"wp-element-caption\">Convoca\u00e7\u00e3o do Programa de Forma\u00e7\u00e3o do TCU &#8211; T\u00e9cnico | Foto: Ag\u00eancia Senado<\/figcaption><\/figure>\n\n\n\n<p class=\"wp-block-paragraph\">Al\u00e9m disso, a aprova\u00e7\u00e3o do candidato no Programa de Forma\u00e7\u00e3o requer desempenho m\u00e9dio geral igual ou superior a 60,00 pontos e desempenho em cada disciplina em que houver avalia\u00e7\u00e3o de rendimento igual ou superior a 50,00 pontos. <\/p>\n\n\n\n<p class=\"wp-block-paragraph\">O desempenho do candidato em cada disciplina \u00e9 aferido com base nas notas obtidas nas provas e atividades realizadas, que podem variar de zero a 100,00 pontos.<\/p>\n\n\n\n<h3 class=\"wp-block-heading\" id=\"h-como-realizar-a-matricula-para-o-programa-de-formacao-do-tcu-tecnico\">Como realizar a matricula para o Programa de Forma\u00e7\u00e3o do TCU &#8211; T\u00e9cnico?<\/h3>\n\n\n\n<p class=\"wp-block-paragraph\">Todos os candidatos que constam na lista de convoca\u00e7\u00e3o devem se atentar ao procedimento de matr\u00edcula no Programa de Forma\u00e7\u00e3o do TCU.<\/p>\n\n\n\n<p class=\"wp-block-paragraph\">A matr\u00edcula dever\u00e1 ser feita, exclusivamente, no site do <a href=\"https:\/\/www.cebraspe.org.br\/concursos\/tcu_25_tefc\" target=\"_blank\" rel=\"noreferrer noopener\">Cebraspe<\/a>, <strong>no per\u00edodo de 10 horas do dia 30 de<br \/>e 16 horas do dia 31 de outubro de 2025<\/strong> (hor\u00e1rio oficial de Bras\u00edlia\/DF).<\/p>\n\n\n\n<p class=\"wp-block-paragraph\">A efetiva\u00e7\u00e3o da matr\u00edcula est\u00e1 condicionada ao preenchimento online de formul\u00e1rio de requerimento de matr\u00edcula e entrega, obrigat\u00f3ria, no primeiro dia do Programa de Forma\u00e7\u00e3o, da seguinte documenta\u00e7\u00e3o:<\/p>\n\n\n\n<ul class=\"wp-block-list\">\n<li>a) atestado de sanidade f\u00edsica e mental, que comprove a aptid\u00e3o do candidato para frequentar o Programa de Forma\u00e7\u00e3o;<\/li>\n\n\n\n<li>b) no caso de servidor ocupante de cargo efetivo da Administra\u00e7\u00e3o P\u00fablica Federal, apresenta\u00e7\u00e3o de declara\u00e7\u00e3o que comprove essa condi\u00e7\u00e3o emitida pelo dirigente de pessoal do \u00f3rg\u00e3o\/entidade de lota\u00e7\u00e3o, liberando-o para participar do Programa de Forma\u00e7\u00e3o em regime integral e dedica\u00e7\u00e3o exclusiva;<\/li>\n\n\n\n<li>c) formaliza\u00e7\u00e3o de sua op\u00e7\u00e3o quanto \u00e0 percep\u00e7\u00e3o pecuni\u00e1ria por meio do preenchimento de um dos formul\u00e1rios (de op\u00e7\u00e3o pelo aux\u00edlio-financeiro ou de op\u00e7\u00e3o pela remunera\u00e7\u00e3o do cargo efetivo) <\/li>\n<\/ul>\n\n\n\n<p class=\"wp-block-paragraph\">Ap\u00f3s efetuar a matr\u00edcula, o candidato ter\u00e1 a matr\u00edcula bloqueada pelo sistema, n\u00e3o sendo permitida, em hip\u00f3tese alguma, quaisquer altera\u00e7\u00f5es.<\/p>\n\n\n\n<ul class=\"wp-block-list\">\n<li><a href=\"https:\/\/cdn.cebraspe.org.br\/concursos\/tcu_25_tefc\/arquivos\/696D898F5B4C96B5F69BA622EC572527F7ED1521BE6CD6F5F58B2F4AB0DA29A9.pdf\" target=\"_blank\" rel=\"noreferrer noopener nofollow\"><strong>Convoca\u00e7\u00e3o para o Programa de Forma\u00e7\u00e3o<\/strong><\/a><\/li>\n<\/ul>\n\n\n\n<p class=\"wp-block-paragraph\">Ademais, vale lembrar que o TCU publicou um novo edital de concurso p\u00fablico para o cargo de Auditor Federal de Controle Externo. Ao todo, s\u00e3o contempladas 20 vagas com <strong>sal\u00e1rios iniciais de R$ 26,1 mil!<\/strong><\/p>\n\n\n\n<p class=\"wp-block-paragraph\">Para concorrer ao cargo, o candidato precisa possuir apenas n\u00edvel superior em qualquer \u00e1rea de forma\u00e7\u00e3o.&nbsp;Se voc\u00ea deseja conferir TODAS as informa\u00e7\u00f5es do certame, acesse agora mesmo o link abaixo:<\/p>\n\n\n\n<p class=\"has-text-align-center has-background wp-block-paragraph\" style=\"background-color:#f4f4f4;font-size:clamp(14.642px, 0.915rem + ((1vw - 3.2px) * 0.721), 22px);\"><strong>Saiba mais: <a href=\"https:\/\/www.estrategiaconcursos.com.br\/blog\/concurso-tcu\/\" target=\"_blank\" rel=\"noreferrer noopener\">Concurso TCU<\/a><\/strong><\/p>\n\n\n\n<h2 class=\"wp-block-heading has-text-align-center\" id=\"cursos\"><em>Quer estudar para o concurso TCU?<\/em><\/h2>\n\n\n\n<div id=\"boxes\" class=\"container\">\n<div class=\"row\">\n<div class=\"col-sm\">\n<div id=\"box-assinatura\" class=\"banner-tcu-ec\">\n<h2 class=\"titulo-assinatura\">Concurso TCU<\/h2>\n<p class=\"subtitulo-assinatura\">Prepare-se para o Tribunal de Contas da Uni\u00e3o!<\/p>\n<div class=\"box-botao\"><a class=\"btn-assinatura\" role=\"button\" href=\"https:\/\/www.estrategiaconcursos.com.br\/cursosPorConcurso\/tcu-tecnico-federal-de-controle-externo-66\/\" target=\"_blank\" rel=\"noopener noreferrer\">VER CURSOS<\/a><\/div>\n<\/div>\n<\/div>\n<\/div>\n<\/div>\n\n\n\n<div id=\"boxes\" class=\"container\">\n<div class=\"row\">\n<div class=\"col-sm\">\n<div id=\"box-assinatura\" class=\"estrategia\">\n<h3 class=\"titulo-assinatura\">Assinatura Concursos<\/h3>\n<p class=\"subtitulo-assinatura\">Assinatura de 1 ano ou 2 anos<\/p>\n<div class=\"box-botao\"><a class=\"btn-assinatura\" role=\"button\" href=\"https:\/\/www.estrategiaconcursos.com.br\/blog\/assinaturas\/\" target=\"_blank\" rel=\"noopener noreferrer\">ASSINE AGORA<\/a><\/div>\n<\/div><\/div><\/div><\/div>\n\n\n\n<h2 class=\"wp-block-heading has-text-align-center\" id=\"h-quer-saber-tudo-sobre-concursos-previstos-confira-nossos-artigos\">Quer saber tudo sobre concursos previstos?<br \/>Confira nossos artigos!<\/h2>\n\n\n\n<ul class=\"wp-block-list\">\n<li><a href=\"https:\/\/www.estrategiaconcursos.com.br\/blog\/concursos-abertos\/\" target=\"_blank\" rel=\"noreferrer noopener\">Concursos Abertos<\/a><\/li>\n\n\n\n<li><a href=\"https:\/\/www.estrategiaconcursos.com.br\/blog\/concursos-controle\/\" target=\"_blank\" rel=\"noreferrer noopener\">Concursos Controle<\/a><\/li>\n\n\n\n<li><a href=\"https:\/\/www.estrategiaconcursos.com.br\/blog\/concursos-2025\/\" target=\"_blank\" rel=\"noreferrer noopener\">Concursos 2025<\/a><\/li>\n\n\n\n<li><a href=\"https:\/\/www.estrategiaconcursos.com.br\/blog\/concursos-2026\/\" target=\"_blank\" rel=\"noreferrer noopener\">Concursos 2026<\/a><\/li>\n<\/ul>\n","protected":false},"excerpt":{"rendered":"<p>Candidatos dever\u00e3o se matricular no Programa de Forma\u00e7\u00e3o do concurso TCU &#8211; T\u00e9cnico a partir do dia 30 de outubro! O Cebraspe publicou a convoca\u00e7\u00e3o para o Programa de Forma\u00e7\u00e3o do concurso TCU (Tribunal de Contas da Uni\u00e3o), destinado ao cargo de T\u00e9cnico. Essa \u00e9 a segunda etapa do certame, de car\u00e1ter eliminat\u00f3rio. De acordo [&hellip;]<\/p>\n","protected":false},"author":656,"featured_media":903336,"comment_status":"open","ping_status":"closed","sticky":false,"template":"","format":"standard","meta":{"_acf_changed":false,"post_tipo":"news","footnotes":""},"categories":[214710,220219],"tags":[],"tax_estado":[219963],"class_list":["post-1662546","post","type-post","status-publish","format-standard","has-post-thumbnail","hentry","category-tribunais-de-contas","category-noticias","tax_estado-concursos-federais"],"acf":[],"yoast_head":"<!-- This site is optimized with the Yoast SEO Premium plugin v28.1 (Yoast SEO v28.1) - https:\/\/yoast.com\/product\/yoast-seo-premium-wordpress\/ -->\n<title>Convoca\u00e7\u00e3o do Programa de Forma\u00e7\u00e3o do TCU - T\u00e9cnico<\/title>\n<meta name=\"description\" content=\"Convoca\u00e7\u00e3o do Programa de Forma\u00e7\u00e3o do TCU para o cargo de T\u00e9cnico. Os candidatos devem realizar a matr\u00edcula a partir do dia 30 de novembro.\" \/>\n<meta name=\"robots\" content=\"index, follow, max-snippet:-1, max-image-preview:large, max-video-preview:-1\" \/>\n<link rel=\"canonical\" href=\"https:\/\/www.estrategiaconcursos.com.br\/blog\/programa-de-formacao-do-tcu-tecnico\/\" \/>\n<meta property=\"og:locale\" content=\"pt_BR\" \/>\n<meta property=\"og:type\" content=\"article\" \/>\n<meta property=\"og:title\" content=\"Convoca\u00e7\u00e3o do Programa de Forma\u00e7\u00e3o do TCU - T\u00e9cnico\" \/>\n<meta property=\"og:description\" content=\"Convoca\u00e7\u00e3o do Programa de Forma\u00e7\u00e3o do TCU para o cargo de T\u00e9cnico. Os candidatos devem realizar a matr\u00edcula a partir do dia 30 de novembro.\" \/>\n<meta property=\"og:url\" content=\"https:\/\/www.estrategiaconcursos.com.br\/blog\/programa-de-formacao-do-tcu-tecnico\/\" \/>\n<meta property=\"og:site_name\" content=\"Estrat\u00e9gia Concursos\" \/>\n<meta property=\"article:published_time\" content=\"2025-10-29T20:01:30+00:00\" \/>\n<meta property=\"article:modified_time\" content=\"2025-10-29T20:39:05+00:00\" \/>\n<meta property=\"og:image\" content=\"https:\/\/dhg1h5j42swfq.cloudfront.net\/2021\/11\/08141609\/tcu.jpg\" \/>\n\t<meta property=\"og:image:width\" content=\"1024\" \/>\n\t<meta property=\"og:image:height\" content=\"536\" \/>\n\t<meta property=\"og:image:type\" content=\"image\/jpeg\" \/>\n<meta name=\"author\" content=\"F\u00e1bio Scaldelai\" \/>\n<meta name=\"twitter:card\" content=\"summary_large_image\" \/>\n<meta name=\"twitter:creator\" content=\"@EstratConcursos\" \/>\n<meta name=\"twitter:site\" content=\"@EstratConcursos\" \/>\n<meta name=\"twitter:label1\" content=\"Escrito por\" \/>\n\t<meta name=\"twitter:data1\" content=\"F\u00e1bio Scaldelai\" \/>\n\t<meta name=\"twitter:label2\" content=\"Est. tempo de leitura\" \/>\n\t<meta name=\"twitter:data2\" content=\"3 minutos\" \/>\n<script type=\"application\/ld+json\" class=\"yoast-schema-graph\">{\"@context\":\"https:\\\/\\\/schema.org\",\"@graph\":[{\"@type\":\"NewsArticle\",\"@id\":\"https:\\\/\\\/www.estrategiaconcursos.com.br\\\/blog\\\/programa-de-formacao-do-tcu-tecnico\\\/#article\",\"isPartOf\":{\"@id\":\"https:\\\/\\\/www.estrategiaconcursos.com.br\\\/blog\\\/programa-de-formacao-do-tcu-tecnico\\\/\"},\"author\":{\"name\":\"F\u00e1bio Scaldelai\",\"@id\":\"https:\\\/\\\/blog-estrategia.mystagingwebsite.com\\\/#\\\/schema\\\/person\\\/e3b6b7ce0192dd4ad270655969d61750\"},\"headline\":\"Convoca\u00e7\u00e3o do Programa de Forma\u00e7\u00e3o do TCU &#8211; T\u00e9cnico\",\"datePublished\":\"2025-10-29T20:01:30+00:00\",\"dateModified\":\"2025-10-29T20:39:05+00:00\",\"mainEntityOfPage\":{\"@id\":\"https:\\\/\\\/www.estrategiaconcursos.com.br\\\/blog\\\/programa-de-formacao-do-tcu-tecnico\\\/\"},\"wordCount\":647,\"commentCount\":0,\"publisher\":{\"@id\":\"https:\\\/\\\/blog-estrategia.mystagingwebsite.com\\\/#organization\"},\"image\":{\"@id\":\"https:\\\/\\\/www.estrategiaconcursos.com.br\\\/blog\\\/programa-de-formacao-do-tcu-tecnico\\\/#primaryimage\"},\"thumbnailUrl\":\"https:\\\/\\\/dhg1h5j42swfq.cloudfront.net\\\/2021\\\/11\\\/08141609\\\/tcu.jpg\",\"articleSection\":[\"Tribunais de Contas (TCU, TCE, TCM)\",\"\u00daltimas not\u00edcias\"],\"inLanguage\":\"pt-BR\",\"potentialAction\":[{\"@type\":\"CommentAction\",\"name\":\"Comment\",\"target\":[\"https:\\\/\\\/www.estrategiaconcursos.com.br\\\/blog\\\/programa-de-formacao-do-tcu-tecnico\\\/#respond\"]}],\"copyrightYear\":\"2025\",\"copyrightHolder\":{\"@id\":\"https:\\\/\\\/www.estrategiaconcursos.com.br\\\/blog\\\/#organization\"}},{\"@type\":\"WebPage\",\"@id\":\"https:\\\/\\\/www.estrategiaconcursos.com.br\\\/blog\\\/programa-de-formacao-do-tcu-tecnico\\\/\",\"url\":\"https:\\\/\\\/www.estrategiaconcursos.com.br\\\/blog\\\/programa-de-formacao-do-tcu-tecnico\\\/\",\"name\":\"Convoca\u00e7\u00e3o do Programa de Forma\u00e7\u00e3o do TCU - T\u00e9cnico\",\"isPartOf\":{\"@id\":\"https:\\\/\\\/blog-estrategia.mystagingwebsite.com\\\/#website\"},\"primaryImageOfPage\":{\"@id\":\"https:\\\/\\\/www.estrategiaconcursos.com.br\\\/blog\\\/programa-de-formacao-do-tcu-tecnico\\\/#primaryimage\"},\"image\":{\"@id\":\"https:\\\/\\\/www.estrategiaconcursos.com.br\\\/blog\\\/programa-de-formacao-do-tcu-tecnico\\\/#primaryimage\"},\"thumbnailUrl\":\"https:\\\/\\\/dhg1h5j42swfq.cloudfront.net\\\/2021\\\/11\\\/08141609\\\/tcu.jpg\",\"datePublished\":\"2025-10-29T20:01:30+00:00\",\"dateModified\":\"2025-10-29T20:39:05+00:00\",\"description\":\"Convoca\u00e7\u00e3o do Programa de Forma\u00e7\u00e3o do TCU para o cargo de T\u00e9cnico. Os candidatos devem realizar a matr\u00edcula a partir do dia 30 de novembro.\",\"breadcrumb\":{\"@id\":\"https:\\\/\\\/www.estrategiaconcursos.com.br\\\/blog\\\/programa-de-formacao-do-tcu-tecnico\\\/#breadcrumb\"},\"inLanguage\":\"pt-BR\",\"potentialAction\":[{\"@type\":\"ReadAction\",\"target\":[\"https:\\\/\\\/www.estrategiaconcursos.com.br\\\/blog\\\/programa-de-formacao-do-tcu-tecnico\\\/\"]}]},{\"@type\":\"ImageObject\",\"inLanguage\":\"pt-BR\",\"@id\":\"https:\\\/\\\/www.estrategiaconcursos.com.br\\\/blog\\\/programa-de-formacao-do-tcu-tecnico\\\/#primaryimage\",\"url\":\"https:\\\/\\\/dhg1h5j42swfq.cloudfront.net\\\/2021\\\/11\\\/08141609\\\/tcu.jpg\",\"contentUrl\":\"https:\\\/\\\/dhg1h5j42swfq.cloudfront.net\\\/2021\\\/11\\\/08141609\\\/tcu.jpg\",\"width\":1024,\"height\":536,\"caption\":\"Concurso TCU Auditor: divulgado resultado da primeira etapa\"},{\"@type\":\"BreadcrumbList\",\"@id\":\"https:\\\/\\\/www.estrategiaconcursos.com.br\\\/blog\\\/programa-de-formacao-do-tcu-tecnico\\\/#breadcrumb\",\"itemListElement\":[{\"@type\":\"ListItem\",\"position\":1,\"name\":\"In\u00edcio\",\"item\":\"https:\\\/\\\/blog-estrategia.mystagingwebsite.com\\\/\"},{\"@type\":\"ListItem\",\"position\":2,\"name\":\"Convoca\u00e7\u00e3o do Programa de Forma\u00e7\u00e3o do TCU &#8211; T\u00e9cnico\"}]},{\"@type\":\"WebSite\",\"@id\":\"https:\\\/\\\/blog-estrategia.mystagingwebsite.com\\\/#website\",\"url\":\"https:\\\/\\\/blog-estrategia.mystagingwebsite.com\\\/\",\"name\":\"Estrat\u00e9gia Concursos\",\"description\":\"O blog da Estrat\u00e9gia Concursos traz not\u00edcias sobre concursos e artigos de professores oferecendo cursos para concursos (pdf + videaulas) no site.\",\"publisher\":{\"@id\":\"https:\\\/\\\/blog-estrategia.mystagingwebsite.com\\\/#organization\"},\"potentialAction\":[{\"@type\":\"SearchAction\",\"target\":{\"@type\":\"EntryPoint\",\"urlTemplate\":\"https:\\\/\\\/blog-estrategia.mystagingwebsite.com\\\/?s={search_term_string}\"},\"query-input\":{\"@type\":\"PropertyValueSpecification\",\"valueRequired\":true,\"valueName\":\"search_term_string\"}}],\"inLanguage\":\"pt-BR\"},{\"@type\":\"Organization\",\"@id\":\"https:\\\/\\\/blog-estrategia.mystagingwebsite.com\\\/#organization\",\"name\":\"Estrat\u00e9gia Concursos\",\"url\":\"https:\\\/\\\/blog-estrategia.mystagingwebsite.com\\\/\",\"logo\":{\"@type\":\"ImageObject\",\"inLanguage\":\"pt-BR\",\"@id\":\"https:\\\/\\\/blog-estrategia.mystagingwebsite.com\\\/#\\\/schema\\\/logo\\\/image\\\/\",\"url\":\"https:\\\/\\\/dhg1h5j42swfq.cloudfront.net\\\/2025\\\/06\\\/03203428\\\/logo_concursos-1.jpg\",\"contentUrl\":\"https:\\\/\\\/dhg1h5j42swfq.cloudfront.net\\\/2025\\\/06\\\/03203428\\\/logo_concursos-1.jpg\",\"width\":230,\"height\":60,\"caption\":\"Estrat\u00e9gia Concursos\"},\"image\":{\"@id\":\"https:\\\/\\\/blog-estrategia.mystagingwebsite.com\\\/#\\\/schema\\\/logo\\\/image\\\/\"},\"sameAs\":[\"https:\\\/\\\/x.com\\\/EstratConcursos\"]},{\"@type\":\"Person\",\"@id\":\"https:\\\/\\\/blog-estrategia.mystagingwebsite.com\\\/#\\\/schema\\\/person\\\/e3b6b7ce0192dd4ad270655969d61750\",\"name\":\"F\u00e1bio Scaldelai\",\"image\":{\"@type\":\"ImageObject\",\"inLanguage\":\"pt-BR\",\"@id\":\"https:\\\/\\\/secure.gravatar.com\\\/avatar\\\/8ed7492c4d88d8495bc0cb24cda6847b8ae23eec459a919e08e77d0ca0fd79ec?s=96&d=mm&r=g\",\"url\":\"https:\\\/\\\/secure.gravatar.com\\\/avatar\\\/8ed7492c4d88d8495bc0cb24cda6847b8ae23eec459a919e08e77d0ca0fd79ec?s=96&d=mm&r=g\",\"contentUrl\":\"https:\\\/\\\/secure.gravatar.com\\\/avatar\\\/8ed7492c4d88d8495bc0cb24cda6847b8ae23eec459a919e08e77d0ca0fd79ec?s=96&d=mm&r=g\",\"caption\":\"F\u00e1bio Scaldelai\"},\"description\":\"Jornalista no Estrat\u00e9gia Concursos e Produtor de Televis\u00e3o, formado em Jornalismo, R\u00e1dio e TV pela Faculdade Integrada Rio Branco, com especializa\u00e7\u00f5es em Gest\u00e3o Empresarial e Marketing pelo M\u00f3dulo. Atuou como produtor no SBT, TV Bandeirantes e R\u00e1dio Band FM, al\u00e9m de acumular tr\u00eas anos de experi\u00eancia no setor de concursos p\u00fablicos pela LFG (Luiz Fl\u00e1vio Gomes). No Estrat\u00e9gia Concursos, atua na apura\u00e7\u00e3o de not\u00edcias da \u00e1rea fiscal, al\u00e9m de coberturas sobre concursos das \u00e1reas de controle (TCU, TCE, etc), concurso AFT, \u00e1rea de gest\u00e3o e administrativa, bem como dos \u00f3rg\u00e3os participantes do CNU. Tamb\u00e9m possui experi\u00eancia em link building e an\u00e1lise de m\u00eddia, adquirida durante sua atua\u00e7\u00e3o na ag\u00eancia SEO Marketing.\",\"url\":\"https:\\\/\\\/www.estrategiaconcursos.com.br\\\/blog\\\/author\\\/fabio-scaldelaiestrategiaconcursos-com-br\\\/\"}]}<\/script>\n<!-- \/ Yoast SEO Premium plugin. -->","yoast_head_json":{"title":"Convoca\u00e7\u00e3o do Programa de Forma\u00e7\u00e3o do TCU - T\u00e9cnico","description":"Convoca\u00e7\u00e3o do Programa de Forma\u00e7\u00e3o do TCU para o cargo de T\u00e9cnico. Os candidatos devem realizar a matr\u00edcula a partir do dia 30 de novembro.","robots":{"index":"index","follow":"follow","max-snippet":"max-snippet:-1","max-image-preview":"max-image-preview:large","max-video-preview":"max-video-preview:-1"},"canonical":"https:\/\/www.estrategiaconcursos.com.br\/blog\/programa-de-formacao-do-tcu-tecnico\/","og_locale":"pt_BR","og_type":"article","og_title":"Convoca\u00e7\u00e3o do Programa de Forma\u00e7\u00e3o do TCU - T\u00e9cnico","og_description":"Convoca\u00e7\u00e3o do Programa de Forma\u00e7\u00e3o do TCU para o cargo de T\u00e9cnico. Os candidatos devem realizar a matr\u00edcula a partir do dia 30 de novembro.","og_url":"https:\/\/www.estrategiaconcursos.com.br\/blog\/programa-de-formacao-do-tcu-tecnico\/","og_site_name":"Estrat\u00e9gia Concursos","article_published_time":"2025-10-29T20:01:30+00:00","article_modified_time":"2025-10-29T20:39:05+00:00","og_image":[{"width":1024,"height":536,"url":"https:\/\/dhg1h5j42swfq.cloudfront.net\/2021\/11\/08141609\/tcu.jpg","type":"image\/jpeg"}],"author":"F\u00e1bio Scaldelai","twitter_card":"summary_large_image","twitter_creator":"@EstratConcursos","twitter_site":"@EstratConcursos","twitter_misc":{"Escrito por":"F\u00e1bio Scaldelai","Est. tempo de leitura":"3 minutos"},"schema":{"@context":"https:\/\/schema.org","@graph":[{"@type":"NewsArticle","@id":"https:\/\/www.estrategiaconcursos.com.br\/blog\/programa-de-formacao-do-tcu-tecnico\/#article","isPartOf":{"@id":"https:\/\/www.estrategiaconcursos.com.br\/blog\/programa-de-formacao-do-tcu-tecnico\/"},"author":{"name":"F\u00e1bio Scaldelai","@id":"https:\/\/blog-estrategia.mystagingwebsite.com\/#\/schema\/person\/e3b6b7ce0192dd4ad270655969d61750"},"headline":"Convoca\u00e7\u00e3o do Programa de Forma\u00e7\u00e3o do TCU &#8211; T\u00e9cnico","datePublished":"2025-10-29T20:01:30+00:00","dateModified":"2025-10-29T20:39:05+00:00","mainEntityOfPage":{"@id":"https:\/\/www.estrategiaconcursos.com.br\/blog\/programa-de-formacao-do-tcu-tecnico\/"},"wordCount":647,"commentCount":0,"publisher":{"@id":"https:\/\/blog-estrategia.mystagingwebsite.com\/#organization"},"image":{"@id":"https:\/\/www.estrategiaconcursos.com.br\/blog\/programa-de-formacao-do-tcu-tecnico\/#primaryimage"},"thumbnailUrl":"https:\/\/dhg1h5j42swfq.cloudfront.net\/2021\/11\/08141609\/tcu.jpg","articleSection":["Tribunais de Contas (TCU, TCE, TCM)","\u00daltimas not\u00edcias"],"inLanguage":"pt-BR","potentialAction":[{"@type":"CommentAction","name":"Comment","target":["https:\/\/www.estrategiaconcursos.com.br\/blog\/programa-de-formacao-do-tcu-tecnico\/#respond"]}],"copyrightYear":"2025","copyrightHolder":{"@id":"https:\/\/www.estrategiaconcursos.com.br\/blog\/#organization"}},{"@type":"WebPage","@id":"https:\/\/www.estrategiaconcursos.com.br\/blog\/programa-de-formacao-do-tcu-tecnico\/","url":"https:\/\/www.estrategiaconcursos.com.br\/blog\/programa-de-formacao-do-tcu-tecnico\/","name":"Convoca\u00e7\u00e3o do Programa de Forma\u00e7\u00e3o do TCU - T\u00e9cnico","isPartOf":{"@id":"https:\/\/blog-estrategia.mystagingwebsite.com\/#website"},"primaryImageOfPage":{"@id":"https:\/\/www.estrategiaconcursos.com.br\/blog\/programa-de-formacao-do-tcu-tecnico\/#primaryimage"},"image":{"@id":"https:\/\/www.estrategiaconcursos.com.br\/blog\/programa-de-formacao-do-tcu-tecnico\/#primaryimage"},"thumbnailUrl":"https:\/\/dhg1h5j42swfq.cloudfront.net\/2021\/11\/08141609\/tcu.jpg","datePublished":"2025-10-29T20:01:30+00:00","dateModified":"2025-10-29T20:39:05+00:00","description":"Convoca\u00e7\u00e3o do Programa de Forma\u00e7\u00e3o do TCU para o cargo de T\u00e9cnico. Os candidatos devem realizar a matr\u00edcula a partir do dia 30 de novembro.","breadcrumb":{"@id":"https:\/\/www.estrategiaconcursos.com.br\/blog\/programa-de-formacao-do-tcu-tecnico\/#breadcrumb"},"inLanguage":"pt-BR","potentialAction":[{"@type":"ReadAction","target":["https:\/\/www.estrategiaconcursos.com.br\/blog\/programa-de-formacao-do-tcu-tecnico\/"]}]},{"@type":"ImageObject","inLanguage":"pt-BR","@id":"https:\/\/www.estrategiaconcursos.com.br\/blog\/programa-de-formacao-do-tcu-tecnico\/#primaryimage","url":"https:\/\/dhg1h5j42swfq.cloudfront.net\/2021\/11\/08141609\/tcu.jpg","contentUrl":"https:\/\/dhg1h5j42swfq.cloudfront.net\/2021\/11\/08141609\/tcu.jpg","width":1024,"height":536,"caption":"Concurso TCU Auditor: divulgado resultado da primeira etapa"},{"@type":"BreadcrumbList","@id":"https:\/\/www.estrategiaconcursos.com.br\/blog\/programa-de-formacao-do-tcu-tecnico\/#breadcrumb","itemListElement":[{"@type":"ListItem","position":1,"name":"In\u00edcio","item":"https:\/\/blog-estrategia.mystagingwebsite.com\/"},{"@type":"ListItem","position":2,"name":"Convoca\u00e7\u00e3o do Programa de Forma\u00e7\u00e3o do TCU &#8211; T\u00e9cnico"}]},{"@type":"WebSite","@id":"https:\/\/blog-estrategia.mystagingwebsite.com\/#website","url":"https:\/\/blog-estrategia.mystagingwebsite.com\/","name":"Estrat\u00e9gia Concursos","description":"O blog da Estrat\u00e9gia Concursos traz not\u00edcias sobre concursos e artigos de professores oferecendo cursos para concursos (pdf + videaulas) no site.","publisher":{"@id":"https:\/\/blog-estrategia.mystagingwebsite.com\/#organization"},"potentialAction":[{"@type":"SearchAction","target":{"@type":"EntryPoint","urlTemplate":"https:\/\/blog-estrategia.mystagingwebsite.com\/?s={search_term_string}"},"query-input":{"@type":"PropertyValueSpecification","valueRequired":true,"valueName":"search_term_string"}}],"inLanguage":"pt-BR"},{"@type":"Organization","@id":"https:\/\/blog-estrategia.mystagingwebsite.com\/#organization","name":"Estrat\u00e9gia Concursos","url":"https:\/\/blog-estrategia.mystagingwebsite.com\/","logo":{"@type":"ImageObject","inLanguage":"pt-BR","@id":"https:\/\/blog-estrategia.mystagingwebsite.com\/#\/schema\/logo\/image\/","url":"https:\/\/dhg1h5j42swfq.cloudfront.net\/2025\/06\/03203428\/logo_concursos-1.jpg","contentUrl":"https:\/\/dhg1h5j42swfq.cloudfront.net\/2025\/06\/03203428\/logo_concursos-1.jpg","width":230,"height":60,"caption":"Estrat\u00e9gia Concursos"},"image":{"@id":"https:\/\/blog-estrategia.mystagingwebsite.com\/#\/schema\/logo\/image\/"},"sameAs":["https:\/\/x.com\/EstratConcursos"]},{"@type":"Person","@id":"https:\/\/blog-estrategia.mystagingwebsite.com\/#\/schema\/person\/e3b6b7ce0192dd4ad270655969d61750","name":"F\u00e1bio Scaldelai","image":{"@type":"ImageObject","inLanguage":"pt-BR","@id":"https:\/\/secure.gravatar.com\/avatar\/8ed7492c4d88d8495bc0cb24cda6847b8ae23eec459a919e08e77d0ca0fd79ec?s=96&d=mm&r=g","url":"https:\/\/secure.gravatar.com\/avatar\/8ed7492c4d88d8495bc0cb24cda6847b8ae23eec459a919e08e77d0ca0fd79ec?s=96&d=mm&r=g","contentUrl":"https:\/\/secure.gravatar.com\/avatar\/8ed7492c4d88d8495bc0cb24cda6847b8ae23eec459a919e08e77d0ca0fd79ec?s=96&d=mm&r=g","caption":"F\u00e1bio Scaldelai"},"description":"Jornalista no Estrat\u00e9gia Concursos e Produtor de Televis\u00e3o, formado em Jornalismo, R\u00e1dio e TV pela Faculdade Integrada Rio Branco, com especializa\u00e7\u00f5es em Gest\u00e3o Empresarial e Marketing pelo M\u00f3dulo. Atuou como produtor no SBT, TV Bandeirantes e R\u00e1dio Band FM, al\u00e9m de acumular tr\u00eas anos de experi\u00eancia no setor de concursos p\u00fablicos pela LFG (Luiz Fl\u00e1vio Gomes). No Estrat\u00e9gia Concursos, atua na apura\u00e7\u00e3o de not\u00edcias da \u00e1rea fiscal, al\u00e9m de coberturas sobre concursos das \u00e1reas de controle (TCU, TCE, etc), concurso AFT, \u00e1rea de gest\u00e3o e administrativa, bem como dos \u00f3rg\u00e3os participantes do CNU. Tamb\u00e9m possui experi\u00eancia em link building e an\u00e1lise de m\u00eddia, adquirida durante sua atua\u00e7\u00e3o na ag\u00eancia SEO Marketing.","url":"https:\/\/www.estrategiaconcursos.com.br\/blog\/author\/fabio-scaldelaiestrategiaconcursos-com-br\/"}]}},"_links":{"self":[{"href":"https:\/\/www.estrategiaconcursos.com.br\/blog\/wp-json\/wp\/v2\/posts\/1662546","targetHints":{"allow":["GET"]}}],"collection":[{"href":"https:\/\/www.estrategiaconcursos.com.br\/blog\/wp-json\/wp\/v2\/posts"}],"about":[{"href":"https:\/\/www.estrategiaconcursos.com.br\/blog\/wp-json\/wp\/v2\/types\/post"}],"author":[{"embeddable":true,"href":"https:\/\/www.estrategiaconcursos.com.br\/blog\/wp-json\/wp\/v2\/users\/656"}],"replies":[{"embeddable":true,"href":"https:\/\/www.estrategiaconcursos.com.br\/blog\/wp-json\/wp\/v2\/comments?post=1662546"}],"version-history":[{"count":0,"href":"https:\/\/www.estrategiaconcursos.com.br\/blog\/wp-json\/wp\/v2\/posts\/1662546\/revisions"}],"wp:featuredmedia":[{"embeddable":true,"href":"https:\/\/www.estrategiaconcursos.com.br\/blog\/wp-json\/wp\/v2\/media\/903336"}],"wp:attachment":[{"href":"https:\/\/www.estrategiaconcursos.com.br\/blog\/wp-json\/wp\/v2\/media?parent=1662546"}],"wp:term":[{"taxonomy":"category","embeddable":true,"href":"https:\/\/www.estrategiaconcursos.com.br\/blog\/wp-json\/wp\/v2\/categories?post=1662546"},{"taxonomy":"post_tag","embeddable":true,"href":"https:\/\/www.estrategiaconcursos.com.br\/blog\/wp-json\/wp\/v2\/tags?post=1662546"},{"taxonomy":"tax_estado","embeddable":true,"href":"https:\/\/www.estrategiaconcursos.com.br\/blog\/wp-json\/wp\/v2\/tax_estado?post=1662546"}],"curies":[{"name":"wp","href":"https:\/\/api.w.org\/{rel}","templated":true}]}}