{"id":1662387,"date":"2025-11-24T14:15:00","date_gmt":"2025-11-24T17:15:00","guid":{"rendered":"https:\/\/blog-estrategia.mystagingwebsite.com\/blog\/?p=1662387"},"modified":"2025-11-26T11:28:03","modified_gmt":"2025-11-26T14:28:03","slug":"querela-nullitatis-cpu-pe","status":"publish","type":"post","link":"https:\/\/www.estrategiaconcursos.com.br\/blog\/querela-nullitatis-cpu-pe\/","title":{"rendered":"Querela Nullitatis para o Concurso Unificado Pernambuco"},"content":{"rendered":"\n<p class=\"wp-block-paragraph\">Ol\u00e1, tudo bem? Hoje faremos um resumo sobre a <em>Querela Nullitatis<\/em> para o concurso do CPU PE (Concurso P\u00fablico Unificado do Estado de Pernambuco).<\/p>\n\n\n\n<p class=\"wp-block-paragraph\">O CPU-PE, organizado pela Funda\u00e7\u00e3o Carlos Chagas (FCC), teve seu edital lan\u00e7ado recentemente, contando com <strong>460 vagas de provimento imediato <\/strong>para fun\u00e7\u00f5es de <strong>n\u00edveis m\u00e9dio e superior<\/strong>, distribu\u00eddas em nove dos \u00f3rg\u00e3os estaduais.<\/p>\n\n\n\n<p class=\"wp-block-paragraph\">Embora suspenso temporariamente, a <strong>previs\u00e3o \u00e9 de retomada em breve<\/strong>, com sal\u00e1rios iniciais variando entre <strong>R$2.870,00 a R$11.359,85<\/strong>. Para maiores informa\u00e7\u00f5es, fique de olho em nosso artigo sobre este concurso!<\/p>\n\n\n\n<p class=\"wp-block-paragraph\">Agora, vamos ao que interessa!<\/p>\n\n\n\n<figure class=\"wp-block-image aligncenter size-large is-resized\"><img loading=\"lazy\" decoding=\"async\" width=\"1024\" height=\"683\" src=\"https:\/\/www.estrategiaconcursos.com.br\/blog\/wp-content\/uploads\/2025\/10\/homem-lancando-paginas-e-escrevendo-1024x683.jpg\" alt=\"Querela Nullitatis para o CPU-PE\" class=\"wp-image-1662389\" style=\"width:712px;height:auto\" srcset=\"https:\/\/dhg1h5j42swfq.cloudfront.net\/2025\/10\/29105056\/homem-lancando-paginas-e-escrevendo-1024x683.jpg 1024w, https:\/\/dhg1h5j42swfq.cloudfront.net\/2025\/10\/29105056\/homem-lancando-paginas-e-escrevendo-300x200.jpg 300w, https:\/\/dhg1h5j42swfq.cloudfront.net\/2025\/10\/29105056\/homem-lancando-paginas-e-escrevendo-768x512.jpg 768w, https:\/\/dhg1h5j42swfq.cloudfront.net\/2025\/10\/29105056\/homem-lancando-paginas-e-escrevendo-1536x1025.jpg 1536w, https:\/\/dhg1h5j42swfq.cloudfront.net\/2025\/10\/29105056\/homem-lancando-paginas-e-escrevendo-2048x1366.jpg 2048w, https:\/\/dhg1h5j42swfq.cloudfront.net\/2025\/10\/29105056\/homem-lancando-paginas-e-escrevendo-150x100.jpg 150w\" sizes=\"auto, (max-width: 1024px) 100vw, 1024px\" \/><figcaption class=\"wp-element-caption\"><em>Querela Nullitatis para o Concurso Unificado PE<\/em><\/figcaption><\/figure>\n\n\n\n<div class=\"wp-block-yoast-seo-table-of-contents yoast-table-of-contents\"><ul><li><a href=\"#h-querela-nullitatis-para-o-cpu-pe\" data-level=\"2\">Querela Nullitatis para o CPU PE<\/a><ul><li><a href=\"#h-conceito\" data-level=\"3\">Conceito<\/a><\/li><li><a href=\"#h-diferenca-da-querela-nullitatis-para-a-acao-rescisoria\" data-level=\"3\">Diferen\u00e7a da Querela Nullitatis para a A\u00e7\u00e3o Rescis\u00f3ria<\/a><\/li><li><a href=\"#h-exemplos-de-vicios-transrescisorios\" data-level=\"3\">Exemplos de v\u00edcios transrescis\u00f3rios<\/a><\/li><li><a href=\"#h-forma-de-requerimento-da-declaracao-de-nulidade\" data-level=\"3\">Forma de requerimento da declara\u00e7\u00e3o de nulidade<\/a><\/li><li><a href=\"#h-competencia-para-julgar-a-querela-nullitatis\" data-level=\"3\">Compet\u00eancia para julgar a Querela Nullitatis<\/a><\/li><li><a href=\"#h-consideracoes-finais\" data-level=\"3\">Considera\u00e7\u00f5es finais<\/a><\/li><\/ul><\/li><li><a href=\"#h-quer-saber-tudo-sobre-concursos-previstos-confira-nossos-artigos\" data-level=\"2\">Quer saber tudo sobre concursos previstos? Confira nossos artigos!<\/a><\/li><\/ul><\/div>\n\n\n\n<div class=\"container\" id=\"boxes\">\n  <div class=\"row\">\n\n    <div class=\"col-sm\">\n      <div class=\"banner-estrat-corj\" id=\"box-assinatura\">\n        <h2 class=\"titulo-assinatura\" style=\"text-align: left;\">Concurso Unificado Pernambuco<\/h2>\n        <p class=\"subtitulo-assinatura\" style=\"text-align: left;\">Veja os cursos que te colocam mais perto da aprova\u00e7\u00e3o!<\/p>\n        <div class=\"box-botao\" style=\"text-align: left;\">\n          <a class=\"btn-assinatura\" target=\"_blank\" href=\"https:\/\/www.estrategiaconcursos.com.br\/cursosPorConcurso\/cpu-pe\/\" role=\"button\" rel=\"noopener noreferrer\">CLIQUE AQUI<\/a>\n        <\/div>\n      <\/div><\/div><\/div><\/div>\n\n\n\n<h2 class=\"wp-block-heading has-vivid-cyan-blue-color has-text-color has-link-color wp-elements-1\" id=\"h-querela-nullitatis-para-o-cpu-pe\"><em>Querela Nullitatis<\/em> para o CPU PE<\/h2>\n\n\n\n<p class=\"wp-block-paragraph\">A <em>Querela Nullitatis <\/em>\u00e9 um dos itens <strong>expressamente previstos no conte\u00fado program\u00e1tico<\/strong> do Concurso P\u00fablico Unificado do Estado de Pernambuco. Mais especificamente, est\u00e1 prevista para os cargos de n.\u00ba 10, 21 e 40:<\/p>\n\n\n\n<ul class=\"wp-block-list\">\n<li>Cargo 10 &#8211; Analista de Regula\u00e7\u00e3o dos Servi\u00e7os P\u00fablicos Delegados \u2013 \u00c1rea: Jur\u00eddica;<\/li>\n\n\n\n<li>Cargo 21 &#8211; Analista em Gest\u00e3o Ambiental \u2013 Especialidade: Direito;<\/li>\n\n\n\n<li>Cargo 40 &#8211; Analista de Gest\u00e3o em Metrologia e Qualidade Industrial \u2013 Especialidade: Analista Jur\u00eddico.<\/li>\n<\/ul>\n\n\n\n<h3 class=\"wp-block-heading has-vivid-cyan-blue-color has-text-color has-link-color wp-elements-2\" id=\"h-conceito\">Conceito<\/h3>\n\n\n\n<p class=\"wp-block-paragraph\">A <em>Querela Nullitatis<\/em> \u00e9 uma a\u00e7\u00e3o judicial de <strong>car\u00e1ter excepcional\u00edssimo<\/strong>, tendo como objetivo a desconstitui\u00e7\u00e3o de uma decis\u00e3o judicial definitiva (senten\u00e7a transitada em julgado) que possui <strong>v\u00edcio insan\u00e1vel<\/strong> e que flagrantemente <strong>compromete a pr\u00f3pria exist\u00eancia do ato judicial<\/strong>.<\/p>\n\n\n\n<p class=\"wp-block-paragraph\">Tamb\u00e9m pode ser chamado de <em>Querela Nullitatis Insanabilis <\/em>ou de A\u00e7\u00e3o Declarat\u00f3ria de Nulidade, tendo como objetivo a corre\u00e7\u00e3o dos chamados <strong>\u201cv\u00edcios transrescis\u00f3rios\u201d<\/strong>.<\/p>\n\n\n\n<p class=\"wp-block-paragraph\">Para entender o que \u00e9 o \u201cv\u00edcio transrescis\u00f3rio\u201d, objeto de impugna\u00e7\u00e3o por meio da <em>Querela Nullitatis<\/em>, \u00e9 necess\u00e1rio, antes, entendermos a diferen\u00e7a entre essa a\u00e7\u00e3o e a A\u00e7\u00e3o Rescis\u00f3ria.<\/p>\n\n\n\n<h3 class=\"wp-block-heading has-vivid-cyan-blue-color has-text-color has-link-color wp-elements-3\" id=\"h-diferenca-da-querela-nullitatis-para-a-acao-rescisoria\">Diferen\u00e7a da <em>Querela Nullitatis<\/em> para a A\u00e7\u00e3o Rescis\u00f3ria<\/h3>\n\n\n\n<p class=\"wp-block-paragraph\">A A\u00e7\u00e3o Rescis\u00f3ria \u00e9 uma a\u00e7\u00e3o de impugna\u00e7\u00e3o aut\u00f4noma a ser utilizada contra uma decis\u00e3o judicial transitada em julgado. Ou seja, \u00e9 utilizada depois um processo finalizado no qual foi proferida decis\u00e3o definitiva de m\u00e9rito.&nbsp;<\/p>\n\n\n\n<p class=\"wp-block-paragraph\">Por tal raz\u00e3o, muitos confundem quando \u00e9 caso de sua utiliza\u00e7\u00e3o e quando se est\u00e1 diante do cabimento da <em>Querela Nullitatis<\/em>.<\/p>\n\n\n\n<p class=\"wp-block-paragraph\">Isso se d\u00e1, principalmente, pelo fato de ambas serem utilizadas ap\u00f3s o tr\u00e2nsito em julgado de uma decis\u00e3o, que, em tese, n\u00e3o seria mais pass\u00edvel de recurso. No entanto, considerando que as decis\u00f5es humanas n\u00e3o s\u00e3o imunes \u00e0 falha, o ordenamento jur\u00eddico prev\u00ea o cabimento desses instrumentos de corre\u00e7\u00e3o.<\/p>\n\n\n\n<p class=\"wp-block-paragraph\">A a\u00e7\u00e3o rescis\u00f3ria, com previs\u00e3o legal no <a href=\"https:\/\/www.planalto.gov.br\/ccivil_03\/_ato2015-2018\/2015\/lei\/l13105.htm#:~:text=Art.%20966.%20A%20decis%C3%A3o%20de%20m%C3%A9rito%2C%20transitada%20em%20julgado%2C%20pode%20ser%20rescindida%20quando%3A\" target=\"_blank\" rel=\"noreferrer noopener\">artigo 966 do C\u00f3digo de Processo Civil<\/a>, possui hip\u00f3teses espec\u00edficas de cabimento.&nbsp;<\/p>\n\n\n\n<p class=\"wp-block-paragraph\">Por sua vez, a <em>Querela Nullitatis, <\/em>como j\u00e1 dito acima, \u00e9 instituto de car\u00e1ter ainda mais excepcional, o qual, de acordo com o STJ, <strong>s\u00f3 pode ser utilizado para atacar v\u00edcios que de modo flagrante comprometem a pr\u00f3pria exist\u00eancia do ato judicial<\/strong>, como \u00e9 o caso do v\u00edcio de nulidade por aus\u00eancia de cita\u00e7\u00e3o (AREsp n. 2.886.592\/SP, relator Ministro Ricardo Villas B\u00f4as Cueva, Terceira Turma, julgado em 22\/9\/2025, DJEN de 26\/9\/2025).<\/p>\n\n\n\n<p class=\"wp-block-paragraph\">Al\u00e9m disso, na a\u00e7\u00e3o rescis\u00f3ria \u00e9 poss\u00edvel atacar o m\u00e9rito da demanda, como nos casos em que sobrev\u00e9m prova nova. Por outro lado, na <em>Querela Nullitatis <\/em><strong>o que se procura atingir \u00e9 a pr\u00f3pria validade do ato judicial eivado de v\u00edcio insan\u00e1vel.<\/strong><\/p>\n\n\n\n<p class=\"wp-block-paragraph\">Nesse sentido, no julgamento do REsp n\u00ba&nbsp; 1.782.867\/MS, relator Ministro Marco Aur\u00e9lio Bellizze, Terceira Turma, julgado em 6\/8\/2019, o Superior Tribunal de Justi\u00e7a destacou que:&nbsp;<\/p>\n\n\n\n<div class=\"wp-block-group has-background has-global-padding is-layout-constrained wp-block-group-is-layout-constrained\" style=\"background-color:#9b51e021\">\n<p class=\"wp-block-paragraph\"><em>4.&nbsp; A par de tais hip\u00f3teses legais em que se autoriza a desconstitui\u00e7\u00e3o da coisa julgada por meio da via rescis\u00f3ria, doutrina e jurisprud\u00eancia admitem, tamb\u00e9m, o ajuizamento de a\u00e7\u00e3o destinada a declarar v\u00edcio insuper\u00e1vel de exist\u00eancia da senten\u00e7a transitada em julgado que, por tal raz\u00e3o, apenas faria coisa julgada formal, mas nunca material, inapta, em verdade, a produzir efeitos.&nbsp; Por isso, n\u00e3o haveria, em tese, comprometimento da almejada seguran\u00e7a jur\u00eddica. Trata-se, pois, da Querela Nullitatis insanabilis, a qual, <strong>ao contr\u00e1rio da a\u00e7\u00e3o rescis\u00f3ria, que busca desconstituir senten\u00e7a de m\u00e9rito v\u00e1lida e eficaz, proferida em rela\u00e7\u00e3o processual regularmente constitu\u00edda, tem por finalidade declarar a inefic\u00e1cia de senten\u00e7a que n\u00e3o observa pressuposto de exist\u00eancia e, por consequ\u00eancia, de validade.&nbsp;<\/strong><\/em><\/p>\n<\/div>\n\n\n\n<p class=\"wp-block-paragraph\">A a\u00e7\u00e3o rescis\u00f3ria deve ser utilizada, em regra, no prazo m\u00e1ximo decadencial de 02 (dois) anos contados do tr\u00e2nsito em julgado da \u00faltima decis\u00e3o proferida no processo. J\u00e1 para a <em>Querela Nullitatis <\/em>n\u00e3o h\u00e1 um prazo espec\u00edfico.<\/p>\n\n\n\n<p class=\"wp-block-paragraph\">Eis um resumo sobre as principais diferen\u00e7as entre essas duas a\u00e7\u00f5es de impugna\u00e7\u00e3o:<\/p>\n\n\n\n<figure class=\"wp-block-table\"><table class=\"has-fixed-layout\"><tbody><tr><td class=\"has-text-align-center\" data-align=\"center\"><strong>A\u00e7\u00e3o Rescis\u00f3ria<\/strong><\/td><td class=\"has-text-align-center\" data-align=\"center\"><strong><em>Querela Nullitatis<\/em><\/strong><\/td><\/tr><tr><td class=\"has-text-align-center\" data-align=\"center\">Hip\u00f3teses do art. 966 do CPC<\/td><td class=\"has-text-align-center\" data-align=\"center\">Utiliza\u00e7\u00e3o excepcional\u00edssima &#8211; para atacar a exist\u00eancia do ato judicial<\/td><\/tr><tr><td class=\"has-text-align-center\" data-align=\"center\">Busca desconstituir senten\u00e7a de m\u00e9rito v\u00e1lida e eficaz<\/td><td class=\"has-text-align-center\" data-align=\"center\">Busca declarar a inefic\u00e1cia de senten\u00e7a que n\u00e3o observa pressuposto de exist\u00eancia e, por consequ\u00eancia, de validade<\/td><\/tr><tr><td class=\"has-text-align-center\" data-align=\"center\">Prazo decadencial de 2 anos<\/td><td class=\"has-text-align-center\" data-align=\"center\">N\u00e3o h\u00e1 prazo definido&nbsp;<\/td><\/tr><tr><td class=\"has-text-align-center\" data-align=\"center\">V\u00edcios rescis\u00f3rios<\/td><td class=\"has-text-align-center\" data-align=\"center\">V\u00edcios transrescis\u00f3rios<\/td><\/tr><\/tbody><\/table><\/figure>\n\n\n\n<h3 class=\"wp-block-heading has-vivid-cyan-blue-color has-text-color has-link-color wp-elements-4\" id=\"h-exemplos-de-vicios-transrescisorios\">Exemplos de v\u00edcios transrescis\u00f3rios<\/h3>\n\n\n\n<p class=\"wp-block-paragraph\">Como visto, a A\u00e7\u00e3o Rescis\u00f3ria \u00e9 utilizada para sanar nulidades que sobrevivem ao tr\u00e2nsito em julgado e s\u00e3o pass\u00edveis de rescis\u00e3o por meio de a\u00e7\u00e3o rescis\u00f3ria durante o prazo decadencial.<\/p>\n\n\n\n<p class=\"wp-block-paragraph\">No entanto, como destacado pelo Ministro Ricardo Villas B\u00f4as Cueva no julgamento do <a href=\"https:\/\/scon.stj.jus.br\/SCON\/GetInteiroTeorDoAcordao?num_registro=202404892841&amp;dt_publicacao=08\/08\/2025\" target=\"_blank\" rel=\"noreferrer noopener\">Recurso Especial n.\u00ba 2.190.554\/MT<\/a>, h\u00e1 <strong>casos graves em que o v\u00edcio \u00e9 pass\u00edvel de argui\u00e7\u00e3o mesmo ap\u00f3s o decurso do prazo para a a\u00e7\u00e3o rescis\u00f3ria<\/strong>: temos a\u00ed os <strong>v\u00edcios transrescis\u00f3rios<\/strong>.<\/p>\n\n\n\n<figure class=\"wp-block-image aligncenter size-full\"><img loading=\"lazy\" decoding=\"async\" width=\"255\" height=\"82\" src=\"https:\/\/dhg1h5j42swfq.cloudfront.net\/2025\/10\/29104951\/image-285.png\" alt=\"\" class=\"wp-image-1662388\" srcset=\"https:\/\/dhg1h5j42swfq.cloudfront.net\/2025\/10\/29104951\/image-285.png 255w, https:\/\/dhg1h5j42swfq.cloudfront.net\/2025\/10\/29104951\/image-285-150x48.png 150w\" sizes=\"auto, (max-width: 255px) 100vw, 255px\" \/><\/figure>\n\n\n\n<p class=\"wp-block-paragraph\">A partir do julgamento pelo Superior Tribunal de Justi\u00e7a dos Recursos Especiais n.\u00ba 1.782.867\/MS e 2.190.554\/MT, podemos elencar os seguintes <strong>exemplos de v\u00edcios transrescis\u00f3rios<\/strong>:<\/p>\n\n\n\n<ul class=\"wp-block-list\">\n<li><strong>Aus\u00eancia de cita\u00e7\u00e3o v\u00e1lida<\/strong>, desenvolvendo-se o processo \u00e0 revelia do r\u00e9u;&nbsp;<\/li>\n\n\n\n<li><strong>N\u00e3o integra\u00e7\u00e3o de litisconsorte passivo necess\u00e1rio<\/strong> no feito;&nbsp;<\/li>\n\n\n\n<li><strong>Senten\u00e7a proferida por quem n\u00e3o \u00e9 juiz ou por juiz materialmente incompetente<\/strong>, em manifesta contrariedade \u00e0 reparti\u00e7\u00e3o constitucional de compet\u00eancias;<\/li>\n\n\n\n<li><strong>Senten\u00e7as consideradas inconstitucionais<\/strong>, assim compreendidas como aquelas que est\u00e3o fundadas em lei ou ato normativo declarados inconstitucionais pelo Supremo Tribunal Federal;<\/li>\n\n\n\n<li>Senten\u00e7a n\u00e3o assinada ou sem dispositivo;&nbsp;<\/li>\n\n\n\n<li>Senten\u00e7a que n\u00e3o conste em documento escrito.&nbsp;<\/li>\n<\/ul>\n\n\n\n<h3 class=\"wp-block-heading has-vivid-cyan-blue-color has-text-color has-link-color wp-elements-5\" id=\"h-forma-de-requerimento-da-declaracao-de-nulidade\">Forma de requerimento da declara\u00e7\u00e3o de nulidade<\/h3>\n\n\n\n<p class=\"wp-block-paragraph\">De acordo com o Superior Tribunal de Justi\u00e7a, diante da gravidade do v\u00edcio, por constru\u00e7\u00e3o jurisprudencial, admite-se sua alega\u00e7\u00e3o por meio de a\u00e7\u00e3o rescis\u00f3ria (por aplica\u00e7\u00e3o do princ\u00edpio da fungibilidade), a\u00e7\u00e3o declarat\u00f3ria&nbsp; (<em>Querela Nullitatis<\/em>), e at\u00e9 mesmo por simples peti\u00e7\u00e3o (REsp n. 2.190.554\/MT).<\/p>\n\n\n\n<p class=\"wp-block-paragraph\">Da mesma maneira, a ministra Nancy Andrighi, no julgamento do REsp 2.095.463\/PR, explicitou que a pretens\u00e3o da <em>Querela Nullitatis <\/em>tanto pode ser requerida em a\u00e7\u00e3o declarat\u00f3ria espec\u00edfica e aut\u00f4noma quanto pode ser formulada em demanda na qual se apresente como quest\u00e3o incidental ou prejudicial para o exame de outros pedidos.<\/p>\n\n\n\n<h3 class=\"wp-block-heading has-vivid-cyan-blue-color has-text-color has-link-color wp-elements-6\" id=\"h-competencia-para-julgar-a-querela-nullitatis\">Compet\u00eancia para julgar a <em>Querela Nullitatis<\/em><\/h3>\n\n\n\n<p class=\"wp-block-paragraph\">A compet\u00eancia para julgamento da <em>Querela Nullitatis <\/em><strong>\u00e9 do ju\u00edzo que proferiu a decis\u00e3o supostamente viciada<\/strong> (<a href=\"https:\/\/scon.stj.jus.br\/SCON\/GetInteiroTeorDoAcordao?num_registro=201001937966&amp;dt_publicacao=01\/08\/2011\" target=\"_blank\" rel=\"noreferrer noopener\">CC 114.593-SP<\/a>, Rel. Min. Maria Thereza de Assis Moura, julgado em 22\/6\/2011, Informativo STJ n\u00ba 458).<\/p>\n\n\n\n<p class=\"wp-block-paragraph\">Isso porque n\u00e3o se pretende a rescis\u00e3o da coisa julgada, mas apenas o reconhecimento de que a rela\u00e7\u00e3o processual e a decis\u00e3o jamais existiram (vide REsp 1015133\/MT e REsp 710.599\/SP).<\/p>\n\n\n\n<h3 class=\"wp-block-heading has-vivid-cyan-blue-color has-text-color has-link-color wp-elements-7\" id=\"h-consideracoes-finais\">Considera\u00e7\u00f5es finais<\/h3>\n\n\n\n<p class=\"wp-block-paragraph\">Pessoal, esse foi nosso breve resumo sobre a <em>Querela Nullitatis<\/em> para o concurso do CPU-PE (Concurso P\u00fablico Unificado do Estado de Pernambuco).<\/p>\n\n\n\n<p class=\"wp-block-paragraph\">Nosso tempo aqui \u00e9 breve e n\u00e3o conseguimos, claro, esgotar o assunto. Portanto, n\u00e3o deixe de revisar o tema em seu material de estudo e praticar com diversas quest\u00f5es.<\/p>\n\n\n\n<p class=\"wp-block-paragraph\">At\u00e9 a pr\u00f3xima!<\/p>\n\n\n\n<p class=\"has-text-align-center has-very-light-gray-to-cyan-bluish-gray-gradient-background has-background has-medium-font-size wp-block-paragraph\"><a href=\"https:\/\/www.estrategiaconcursos.com.br\/blog\/concurso-unificado-pe\/\" target=\"_blank\" rel=\"noreferrer noopener\"><strong>Concurso Unificado Pernambuco<\/strong><\/a><\/p>\n\n\n\n<figure class=\"wp-block-image aligncenter size-large is-resized\"><img loading=\"lazy\" decoding=\"async\" width=\"506\" height=\"1024\" src=\"https:\/\/www.estrategiaconcursos.com.br\/blog\/wp-content\/uploads\/2020\/09\/Coruja_Concursos@4x-506x1024.png\" alt=\"Concursos 2024 Estrat\u00e9gia Concursos\" class=\"wp-image-574355\" style=\"aspect-ratio:0.5;width:30px;height:auto\"\/><\/figure>\n\n\n\n<h2 class=\"wp-block-heading has-text-align-center\" id=\"h-quer-saber-tudo-sobre-concursos-previstos-confira-nossos-artigos\">Quer saber tudo sobre concursos previstos?<br \/>Confira nossos artigos!<\/h2>\n\n\n\n<ul class=\"wp-block-list\">\n<li><a href=\"https:\/\/www.estrategiaconcursos.com.br\/blog\/concursos-abertos\/\" target=\"_blank\" rel=\"noreferrer noopener\">Concursos Abertos<\/a><\/li>\n\n\n\n<li><a href=\"https:\/\/www.estrategiaconcursos.com.br\/blog\/concursos-2026\/\" target=\"_blank\" rel=\"noreferrer noopener\">Concursos 2026<\/a><\/li>\n\n\n\n<li><a href=\"https:\/\/www.estrategiaconcursos.com.br\/blog\/concursos-pe\/\" target=\"_blank\" rel=\"noreferrer noopener\">Concursos PE<\/a><\/li>\n<\/ul>\n\n\n\n<div class=\"container\" id=\"boxes\">\n  <div class=\"row\">\n\n    <div class=\"col-sm\">\n      <div class=\"banner-estrat-corj\" id=\"box-assinatura\">\n        <h3 class=\"titulo-assinatura\" style=\"text-align: left;\">Concursos 2025<\/h3>\n        <p class=\"subtitulo-assinatura\" style=\"text-align: left;\">Explore os cursos preparat\u00f3rios completos! \u2728<\/p>\n        <div class=\"box-botao\" style=\"text-align: left;\">\n          <a class=\"btn-assinatura\" target=\"_blank\" href=\"https:\/\/www.estrategiaconcursos.com.br\/blog\/cursos\/concurso\/\" role=\"button\" rel=\"noopener noreferrer\">CLIQUE AQUI<\/a>\n        <\/div>\n      <\/div><\/div><\/div><\/div>\n\n\n\n<div class=\"container\" id=\"boxes\">\n  <div class=\"row\">\n\n    <div class=\"col-sm\">\n      <div class=\"estrategia\" id=\"box-assinatura\">\n        <h3 class=\"titulo-assinatura\">Assinatura Concursos<\/h3>\n        <p class=\"subtitulo-assinatura\">Assinatura de 1 ano ou 2 anos<\/p>\n        <div class=\"box-botao\">\n          <a class=\"btn-assinatura\" target=\"_blank\" href=\"https:\/\/www.estrategiaconcursos.com.br\/blog\/assinaturas\/\" role=\"button\" rel=\"noopener noreferrer\">ASSINE AGORA<\/a>\n        <\/div>\n      <\/div><\/div><\/div><\/div>\n","protected":false},"excerpt":{"rendered":"<p>Ol\u00e1, tudo bem? Hoje faremos um resumo sobre a Querela Nullitatis para o concurso do CPU PE (Concurso P\u00fablico Unificado do Estado de Pernambuco). O CPU-PE, organizado pela Funda\u00e7\u00e3o Carlos Chagas (FCC), teve seu edital lan\u00e7ado recentemente, contando com 460 vagas de provimento imediato para fun\u00e7\u00f5es de n\u00edveis m\u00e9dio e superior, distribu\u00eddas em nove dos [&hellip;]<\/p>\n","protected":false},"author":2567,"featured_media":1662389,"comment_status":"open","ping_status":"closed","sticky":false,"template":"","format":"standard","meta":{"_acf_changed":false,"post_tipo":"article","footnotes":""},"categories":[1],"tags":[],"tax_estado":[219979],"class_list":["post-1662387","post","type-post","status-publish","format-standard","has-post-thumbnail","hentry","category-cursos-e-concursos","tax_estado-pe"],"acf":[],"yoast_head":"<!-- This site is optimized with the Yoast SEO Premium plugin v28.1 (Yoast SEO v28.1) - https:\/\/yoast.com\/product\/yoast-seo-premium-wordpress\/ -->\n<title>Querela Nullitatis para o Concurso Unificado Pernambuco<\/title>\n<meta name=\"description\" content=\"Resumo sobre a Querela Nullitatis para o Concurso P\u00fablico Unificado do Estado de Pernambuco. Confira aqui!\" \/>\n<meta name=\"robots\" content=\"index, follow, max-snippet:-1, max-image-preview:large, max-video-preview:-1\" \/>\n<link rel=\"canonical\" href=\"https:\/\/www.estrategiaconcursos.com.br\/blog\/querela-nullitatis-cpu-pe\/\" \/>\n<meta property=\"og:locale\" content=\"pt_BR\" \/>\n<meta property=\"og:type\" content=\"article\" \/>\n<meta property=\"og:title\" content=\"Querela Nullitatis para o Concurso Unificado Pernambuco\" \/>\n<meta property=\"og:description\" content=\"Resumo sobre a Querela Nullitatis para o Concurso P\u00fablico Unificado do Estado de Pernambuco. Confira aqui!\" \/>\n<meta property=\"og:url\" content=\"https:\/\/www.estrategiaconcursos.com.br\/blog\/querela-nullitatis-cpu-pe\/\" \/>\n<meta property=\"og:site_name\" content=\"Estrat\u00e9gia Concursos\" \/>\n<meta property=\"article:published_time\" content=\"2025-11-24T17:15:00+00:00\" \/>\n<meta property=\"article:modified_time\" content=\"2025-11-26T14:28:03+00:00\" \/>\n<meta property=\"og:image\" content=\"https:\/\/dhg1h5j42swfq.cloudfront.net\/2025\/10\/29105056\/homem-lancando-paginas-e-escrevendo-scaled.jpg\" \/>\n\t<meta property=\"og:image:width\" content=\"2560\" \/>\n\t<meta property=\"og:image:height\" content=\"1708\" \/>\n\t<meta property=\"og:image:type\" content=\"image\/jpeg\" \/>\n<meta name=\"author\" content=\"Frederico Tadeu Borlot Peixoto\" \/>\n<meta name=\"twitter:card\" content=\"summary_large_image\" \/>\n<meta name=\"twitter:creator\" content=\"@EstratConcursos\" \/>\n<meta name=\"twitter:site\" content=\"@EstratConcursos\" \/>\n<meta name=\"twitter:label1\" content=\"Escrito por\" \/>\n\t<meta name=\"twitter:data1\" content=\"Frederico Tadeu Borlot Peixoto\" \/>\n\t<meta name=\"twitter:label2\" content=\"Est. tempo de leitura\" \/>\n\t<meta name=\"twitter:data2\" content=\"7 minutos\" \/>\n<script type=\"application\/ld+json\" class=\"yoast-schema-graph\">{\"@context\":\"https:\\\/\\\/schema.org\",\"@graph\":[{\"@type\":\"NewsArticle\",\"@id\":\"https:\\\/\\\/www.estrategiaconcursos.com.br\\\/blog\\\/querela-nullitatis-cpu-pe\\\/#article\",\"isPartOf\":{\"@id\":\"https:\\\/\\\/www.estrategiaconcursos.com.br\\\/blog\\\/querela-nullitatis-cpu-pe\\\/\"},\"author\":{\"name\":\"Frederico Tadeu Borlot Peixoto\",\"@id\":\"https:\\\/\\\/blog-estrategia.mystagingwebsite.com\\\/#\\\/schema\\\/person\\\/48a7e085e45aee7c3d4596399af50ebb\"},\"headline\":\"Querela Nullitatis para o Concurso Unificado Pernambuco\",\"datePublished\":\"2025-11-24T17:15:00+00:00\",\"dateModified\":\"2025-11-26T14:28:03+00:00\",\"mainEntityOfPage\":{\"@id\":\"https:\\\/\\\/www.estrategiaconcursos.com.br\\\/blog\\\/querela-nullitatis-cpu-pe\\\/\"},\"wordCount\":1463,\"commentCount\":0,\"publisher\":{\"@id\":\"https:\\\/\\\/blog-estrategia.mystagingwebsite.com\\\/#organization\"},\"image\":{\"@id\":\"https:\\\/\\\/www.estrategiaconcursos.com.br\\\/blog\\\/querela-nullitatis-cpu-pe\\\/#primaryimage\"},\"thumbnailUrl\":\"https:\\\/\\\/dhg1h5j42swfq.cloudfront.net\\\/2025\\\/10\\\/29105056\\\/homem-lancando-paginas-e-escrevendo-scaled.jpg\",\"articleSection\":[\"Concursos P\u00fablicos\"],\"inLanguage\":\"pt-BR\",\"potentialAction\":[{\"@type\":\"CommentAction\",\"name\":\"Comment\",\"target\":[\"https:\\\/\\\/www.estrategiaconcursos.com.br\\\/blog\\\/querela-nullitatis-cpu-pe\\\/#respond\"]}],\"copyrightYear\":\"2025\",\"copyrightHolder\":{\"@id\":\"https:\\\/\\\/www.estrategiaconcursos.com.br\\\/blog\\\/#organization\"},\"accessibilityFeature\":[\"tableOfContents\"]},{\"@type\":\"WebPage\",\"@id\":\"https:\\\/\\\/www.estrategiaconcursos.com.br\\\/blog\\\/querela-nullitatis-cpu-pe\\\/\",\"url\":\"https:\\\/\\\/www.estrategiaconcursos.com.br\\\/blog\\\/querela-nullitatis-cpu-pe\\\/\",\"name\":\"Querela Nullitatis para o Concurso Unificado Pernambuco\",\"isPartOf\":{\"@id\":\"https:\\\/\\\/blog-estrategia.mystagingwebsite.com\\\/#website\"},\"primaryImageOfPage\":{\"@id\":\"https:\\\/\\\/www.estrategiaconcursos.com.br\\\/blog\\\/querela-nullitatis-cpu-pe\\\/#primaryimage\"},\"image\":{\"@id\":\"https:\\\/\\\/www.estrategiaconcursos.com.br\\\/blog\\\/querela-nullitatis-cpu-pe\\\/#primaryimage\"},\"thumbnailUrl\":\"https:\\\/\\\/dhg1h5j42swfq.cloudfront.net\\\/2025\\\/10\\\/29105056\\\/homem-lancando-paginas-e-escrevendo-scaled.jpg\",\"datePublished\":\"2025-11-24T17:15:00+00:00\",\"dateModified\":\"2025-11-26T14:28:03+00:00\",\"description\":\"Resumo sobre a Querela Nullitatis para o Concurso P\u00fablico Unificado do Estado de Pernambuco. Confira aqui!\",\"breadcrumb\":{\"@id\":\"https:\\\/\\\/www.estrategiaconcursos.com.br\\\/blog\\\/querela-nullitatis-cpu-pe\\\/#breadcrumb\"},\"inLanguage\":\"pt-BR\",\"potentialAction\":[{\"@type\":\"ReadAction\",\"target\":[\"https:\\\/\\\/www.estrategiaconcursos.com.br\\\/blog\\\/querela-nullitatis-cpu-pe\\\/\"]}]},{\"@type\":\"ImageObject\",\"inLanguage\":\"pt-BR\",\"@id\":\"https:\\\/\\\/www.estrategiaconcursos.com.br\\\/blog\\\/querela-nullitatis-cpu-pe\\\/#primaryimage\",\"url\":\"https:\\\/\\\/dhg1h5j42swfq.cloudfront.net\\\/2025\\\/10\\\/29105056\\\/homem-lancando-paginas-e-escrevendo-scaled.jpg\",\"contentUrl\":\"https:\\\/\\\/dhg1h5j42swfq.cloudfront.net\\\/2025\\\/10\\\/29105056\\\/homem-lancando-paginas-e-escrevendo-scaled.jpg\",\"width\":2560,\"height\":1708,\"caption\":\"Querela Nullitatis para o CPU-PE\"},{\"@type\":\"BreadcrumbList\",\"@id\":\"https:\\\/\\\/www.estrategiaconcursos.com.br\\\/blog\\\/querela-nullitatis-cpu-pe\\\/#breadcrumb\",\"itemListElement\":[{\"@type\":\"ListItem\",\"position\":1,\"name\":\"In\u00edcio\",\"item\":\"https:\\\/\\\/blog-estrategia.mystagingwebsite.com\\\/\"},{\"@type\":\"ListItem\",\"position\":2,\"name\":\"Querela Nullitatis para o Concurso Unificado Pernambuco\"}]},{\"@type\":\"WebSite\",\"@id\":\"https:\\\/\\\/blog-estrategia.mystagingwebsite.com\\\/#website\",\"url\":\"https:\\\/\\\/blog-estrategia.mystagingwebsite.com\\\/\",\"name\":\"Estrat\u00e9gia Concursos\",\"description\":\"O blog da Estrat\u00e9gia Concursos traz not\u00edcias sobre concursos e artigos de professores oferecendo cursos para concursos (pdf + videaulas) no site.\",\"publisher\":{\"@id\":\"https:\\\/\\\/blog-estrategia.mystagingwebsite.com\\\/#organization\"},\"potentialAction\":[{\"@type\":\"SearchAction\",\"target\":{\"@type\":\"EntryPoint\",\"urlTemplate\":\"https:\\\/\\\/blog-estrategia.mystagingwebsite.com\\\/?s={search_term_string}\"},\"query-input\":{\"@type\":\"PropertyValueSpecification\",\"valueRequired\":true,\"valueName\":\"search_term_string\"}}],\"inLanguage\":\"pt-BR\"},{\"@type\":\"Organization\",\"@id\":\"https:\\\/\\\/blog-estrategia.mystagingwebsite.com\\\/#organization\",\"name\":\"Estrat\u00e9gia Concursos\",\"url\":\"https:\\\/\\\/blog-estrategia.mystagingwebsite.com\\\/\",\"logo\":{\"@type\":\"ImageObject\",\"inLanguage\":\"pt-BR\",\"@id\":\"https:\\\/\\\/blog-estrategia.mystagingwebsite.com\\\/#\\\/schema\\\/logo\\\/image\\\/\",\"url\":\"https:\\\/\\\/dhg1h5j42swfq.cloudfront.net\\\/2025\\\/06\\\/03203428\\\/logo_concursos-1.jpg\",\"contentUrl\":\"https:\\\/\\\/dhg1h5j42swfq.cloudfront.net\\\/2025\\\/06\\\/03203428\\\/logo_concursos-1.jpg\",\"width\":230,\"height\":60,\"caption\":\"Estrat\u00e9gia Concursos\"},\"image\":{\"@id\":\"https:\\\/\\\/blog-estrategia.mystagingwebsite.com\\\/#\\\/schema\\\/logo\\\/image\\\/\"},\"sameAs\":[\"https:\\\/\\\/x.com\\\/EstratConcursos\"]},{\"@type\":\"Person\",\"@id\":\"https:\\\/\\\/blog-estrategia.mystagingwebsite.com\\\/#\\\/schema\\\/person\\\/48a7e085e45aee7c3d4596399af50ebb\",\"name\":\"Frederico Tadeu Borlot Peixoto\",\"image\":{\"@type\":\"ImageObject\",\"inLanguage\":\"pt-BR\",\"@id\":\"https:\\\/\\\/secure.gravatar.com\\\/avatar\\\/df8a49e2321c1e32f85e9e7c2a9c92c688f1f53a947220f40017ff5858b09fdb?s=96&d=mm&r=g\",\"url\":\"https:\\\/\\\/secure.gravatar.com\\\/avatar\\\/df8a49e2321c1e32f85e9e7c2a9c92c688f1f53a947220f40017ff5858b09fdb?s=96&d=mm&r=g\",\"contentUrl\":\"https:\\\/\\\/secure.gravatar.com\\\/avatar\\\/df8a49e2321c1e32f85e9e7c2a9c92c688f1f53a947220f40017ff5858b09fdb?s=96&d=mm&r=g\",\"caption\":\"Frederico Tadeu Borlot Peixoto\"},\"description\":\"Analista Judici\u00e1rio - \u00c1rea Judici\u00e1ria do TRF da 4\u00aa regi\u00e3o. Bacharel em Direito. P\u00f3s-graduado em Direito Administrativo, Legisla\u00e7\u00e3o Penal Especial, Direito Penal e Direito Processual Penal. Tamb\u00e9m nomeado no TRF da 3\u00aa regi\u00e3o (8\u00ba lugar); SPPREV (3\u00ba lugar); IFES (2\u00ba lugar); e PMES. https:\\\/\\\/www.instagram.com\\\/proffrederico\\\/\",\"sameAs\":[\"https:\\\/\\\/www.instagram.com\\\/proffrederico\\\/\"],\"url\":\"https:\\\/\\\/www.estrategiaconcursos.com.br\\\/blog\\\/author\\\/xfredericohotmail-com\\\/\"}]}<\/script>\n<!-- \/ Yoast SEO Premium plugin. -->","yoast_head_json":{"title":"Querela Nullitatis para o Concurso Unificado Pernambuco","description":"Resumo sobre a Querela Nullitatis para o Concurso P\u00fablico Unificado do Estado de Pernambuco. Confira aqui!","robots":{"index":"index","follow":"follow","max-snippet":"max-snippet:-1","max-image-preview":"max-image-preview:large","max-video-preview":"max-video-preview:-1"},"canonical":"https:\/\/www.estrategiaconcursos.com.br\/blog\/querela-nullitatis-cpu-pe\/","og_locale":"pt_BR","og_type":"article","og_title":"Querela Nullitatis para o Concurso Unificado Pernambuco","og_description":"Resumo sobre a Querela Nullitatis para o Concurso P\u00fablico Unificado do Estado de Pernambuco. Confira aqui!","og_url":"https:\/\/www.estrategiaconcursos.com.br\/blog\/querela-nullitatis-cpu-pe\/","og_site_name":"Estrat\u00e9gia Concursos","article_published_time":"2025-11-24T17:15:00+00:00","article_modified_time":"2025-11-26T14:28:03+00:00","og_image":[{"width":2560,"height":1708,"url":"https:\/\/dhg1h5j42swfq.cloudfront.net\/2025\/10\/29105056\/homem-lancando-paginas-e-escrevendo-scaled.jpg","type":"image\/jpeg"}],"author":"Frederico Tadeu Borlot Peixoto","twitter_card":"summary_large_image","twitter_creator":"@EstratConcursos","twitter_site":"@EstratConcursos","twitter_misc":{"Escrito por":"Frederico Tadeu Borlot Peixoto","Est. tempo de leitura":"7 minutos"},"schema":{"@context":"https:\/\/schema.org","@graph":[{"@type":"NewsArticle","@id":"https:\/\/www.estrategiaconcursos.com.br\/blog\/querela-nullitatis-cpu-pe\/#article","isPartOf":{"@id":"https:\/\/www.estrategiaconcursos.com.br\/blog\/querela-nullitatis-cpu-pe\/"},"author":{"name":"Frederico Tadeu Borlot Peixoto","@id":"https:\/\/blog-estrategia.mystagingwebsite.com\/#\/schema\/person\/48a7e085e45aee7c3d4596399af50ebb"},"headline":"Querela Nullitatis para o Concurso Unificado Pernambuco","datePublished":"2025-11-24T17:15:00+00:00","dateModified":"2025-11-26T14:28:03+00:00","mainEntityOfPage":{"@id":"https:\/\/www.estrategiaconcursos.com.br\/blog\/querela-nullitatis-cpu-pe\/"},"wordCount":1463,"commentCount":0,"publisher":{"@id":"https:\/\/blog-estrategia.mystagingwebsite.com\/#organization"},"image":{"@id":"https:\/\/www.estrategiaconcursos.com.br\/blog\/querela-nullitatis-cpu-pe\/#primaryimage"},"thumbnailUrl":"https:\/\/dhg1h5j42swfq.cloudfront.net\/2025\/10\/29105056\/homem-lancando-paginas-e-escrevendo-scaled.jpg","articleSection":["Concursos P\u00fablicos"],"inLanguage":"pt-BR","potentialAction":[{"@type":"CommentAction","name":"Comment","target":["https:\/\/www.estrategiaconcursos.com.br\/blog\/querela-nullitatis-cpu-pe\/#respond"]}],"copyrightYear":"2025","copyrightHolder":{"@id":"https:\/\/www.estrategiaconcursos.com.br\/blog\/#organization"},"accessibilityFeature":["tableOfContents"]},{"@type":"WebPage","@id":"https:\/\/www.estrategiaconcursos.com.br\/blog\/querela-nullitatis-cpu-pe\/","url":"https:\/\/www.estrategiaconcursos.com.br\/blog\/querela-nullitatis-cpu-pe\/","name":"Querela Nullitatis para o Concurso Unificado Pernambuco","isPartOf":{"@id":"https:\/\/blog-estrategia.mystagingwebsite.com\/#website"},"primaryImageOfPage":{"@id":"https:\/\/www.estrategiaconcursos.com.br\/blog\/querela-nullitatis-cpu-pe\/#primaryimage"},"image":{"@id":"https:\/\/www.estrategiaconcursos.com.br\/blog\/querela-nullitatis-cpu-pe\/#primaryimage"},"thumbnailUrl":"https:\/\/dhg1h5j42swfq.cloudfront.net\/2025\/10\/29105056\/homem-lancando-paginas-e-escrevendo-scaled.jpg","datePublished":"2025-11-24T17:15:00+00:00","dateModified":"2025-11-26T14:28:03+00:00","description":"Resumo sobre a Querela Nullitatis para o Concurso P\u00fablico Unificado do Estado de Pernambuco. Confira aqui!","breadcrumb":{"@id":"https:\/\/www.estrategiaconcursos.com.br\/blog\/querela-nullitatis-cpu-pe\/#breadcrumb"},"inLanguage":"pt-BR","potentialAction":[{"@type":"ReadAction","target":["https:\/\/www.estrategiaconcursos.com.br\/blog\/querela-nullitatis-cpu-pe\/"]}]},{"@type":"ImageObject","inLanguage":"pt-BR","@id":"https:\/\/www.estrategiaconcursos.com.br\/blog\/querela-nullitatis-cpu-pe\/#primaryimage","url":"https:\/\/dhg1h5j42swfq.cloudfront.net\/2025\/10\/29105056\/homem-lancando-paginas-e-escrevendo-scaled.jpg","contentUrl":"https:\/\/dhg1h5j42swfq.cloudfront.net\/2025\/10\/29105056\/homem-lancando-paginas-e-escrevendo-scaled.jpg","width":2560,"height":1708,"caption":"Querela Nullitatis para o CPU-PE"},{"@type":"BreadcrumbList","@id":"https:\/\/www.estrategiaconcursos.com.br\/blog\/querela-nullitatis-cpu-pe\/#breadcrumb","itemListElement":[{"@type":"ListItem","position":1,"name":"In\u00edcio","item":"https:\/\/blog-estrategia.mystagingwebsite.com\/"},{"@type":"ListItem","position":2,"name":"Querela Nullitatis para o Concurso Unificado Pernambuco"}]},{"@type":"WebSite","@id":"https:\/\/blog-estrategia.mystagingwebsite.com\/#website","url":"https:\/\/blog-estrategia.mystagingwebsite.com\/","name":"Estrat\u00e9gia Concursos","description":"O blog da Estrat\u00e9gia Concursos traz not\u00edcias sobre concursos e artigos de professores oferecendo cursos para concursos (pdf + videaulas) no site.","publisher":{"@id":"https:\/\/blog-estrategia.mystagingwebsite.com\/#organization"},"potentialAction":[{"@type":"SearchAction","target":{"@type":"EntryPoint","urlTemplate":"https:\/\/blog-estrategia.mystagingwebsite.com\/?s={search_term_string}"},"query-input":{"@type":"PropertyValueSpecification","valueRequired":true,"valueName":"search_term_string"}}],"inLanguage":"pt-BR"},{"@type":"Organization","@id":"https:\/\/blog-estrategia.mystagingwebsite.com\/#organization","name":"Estrat\u00e9gia Concursos","url":"https:\/\/blog-estrategia.mystagingwebsite.com\/","logo":{"@type":"ImageObject","inLanguage":"pt-BR","@id":"https:\/\/blog-estrategia.mystagingwebsite.com\/#\/schema\/logo\/image\/","url":"https:\/\/dhg1h5j42swfq.cloudfront.net\/2025\/06\/03203428\/logo_concursos-1.jpg","contentUrl":"https:\/\/dhg1h5j42swfq.cloudfront.net\/2025\/06\/03203428\/logo_concursos-1.jpg","width":230,"height":60,"caption":"Estrat\u00e9gia Concursos"},"image":{"@id":"https:\/\/blog-estrategia.mystagingwebsite.com\/#\/schema\/logo\/image\/"},"sameAs":["https:\/\/x.com\/EstratConcursos"]},{"@type":"Person","@id":"https:\/\/blog-estrategia.mystagingwebsite.com\/#\/schema\/person\/48a7e085e45aee7c3d4596399af50ebb","name":"Frederico Tadeu Borlot Peixoto","image":{"@type":"ImageObject","inLanguage":"pt-BR","@id":"https:\/\/secure.gravatar.com\/avatar\/df8a49e2321c1e32f85e9e7c2a9c92c688f1f53a947220f40017ff5858b09fdb?s=96&d=mm&r=g","url":"https:\/\/secure.gravatar.com\/avatar\/df8a49e2321c1e32f85e9e7c2a9c92c688f1f53a947220f40017ff5858b09fdb?s=96&d=mm&r=g","contentUrl":"https:\/\/secure.gravatar.com\/avatar\/df8a49e2321c1e32f85e9e7c2a9c92c688f1f53a947220f40017ff5858b09fdb?s=96&d=mm&r=g","caption":"Frederico Tadeu Borlot Peixoto"},"description":"Analista Judici\u00e1rio - \u00c1rea Judici\u00e1ria do TRF da 4\u00aa regi\u00e3o. Bacharel em Direito. P\u00f3s-graduado em Direito Administrativo, Legisla\u00e7\u00e3o Penal Especial, Direito Penal e Direito Processual Penal. Tamb\u00e9m nomeado no TRF da 3\u00aa regi\u00e3o (8\u00ba lugar); SPPREV (3\u00ba lugar); IFES (2\u00ba lugar); e PMES. https:\/\/www.instagram.com\/proffrederico\/","sameAs":["https:\/\/www.instagram.com\/proffrederico\/"],"url":"https:\/\/www.estrategiaconcursos.com.br\/blog\/author\/xfredericohotmail-com\/"}]}},"_links":{"self":[{"href":"https:\/\/www.estrategiaconcursos.com.br\/blog\/wp-json\/wp\/v2\/posts\/1662387","targetHints":{"allow":["GET"]}}],"collection":[{"href":"https:\/\/www.estrategiaconcursos.com.br\/blog\/wp-json\/wp\/v2\/posts"}],"about":[{"href":"https:\/\/www.estrategiaconcursos.com.br\/blog\/wp-json\/wp\/v2\/types\/post"}],"author":[{"embeddable":true,"href":"https:\/\/www.estrategiaconcursos.com.br\/blog\/wp-json\/wp\/v2\/users\/2567"}],"replies":[{"embeddable":true,"href":"https:\/\/www.estrategiaconcursos.com.br\/blog\/wp-json\/wp\/v2\/comments?post=1662387"}],"version-history":[{"count":0,"href":"https:\/\/www.estrategiaconcursos.com.br\/blog\/wp-json\/wp\/v2\/posts\/1662387\/revisions"}],"wp:featuredmedia":[{"embeddable":true,"href":"https:\/\/www.estrategiaconcursos.com.br\/blog\/wp-json\/wp\/v2\/media\/1662389"}],"wp:attachment":[{"href":"https:\/\/www.estrategiaconcursos.com.br\/blog\/wp-json\/wp\/v2\/media?parent=1662387"}],"wp:term":[{"taxonomy":"category","embeddable":true,"href":"https:\/\/www.estrategiaconcursos.com.br\/blog\/wp-json\/wp\/v2\/categories?post=1662387"},{"taxonomy":"post_tag","embeddable":true,"href":"https:\/\/www.estrategiaconcursos.com.br\/blog\/wp-json\/wp\/v2\/tags?post=1662387"},{"taxonomy":"tax_estado","embeddable":true,"href":"https:\/\/www.estrategiaconcursos.com.br\/blog\/wp-json\/wp\/v2\/tax_estado?post=1662387"}],"curies":[{"name":"wp","href":"https:\/\/api.w.org\/{rel}","templated":true}]}}