{"id":1662357,"date":"2025-10-29T10:04:49","date_gmt":"2025-10-29T13:04:49","guid":{"rendered":"https:\/\/www.estrategiaconcursos.com.br\/blog\/?p=1662357"},"modified":"2025-10-31T22:52:51","modified_gmt":"2025-11-01T01:52:51","slug":"concurso-alego-2025-requisitos","status":"publish","type":"post","link":"https:\/\/www.estrategiaconcursos.com.br\/blog\/concurso-alego-2025-requisitos\/","title":{"rendered":"Concurso ALEGO: saiu edital! Confira os requisitos dos cargos"},"content":{"rendered":"\n<p style=\"font-size:clamp(14.642px, 0.915rem + ((1vw - 3.2px) * 0.721), 22px);\"><em><strong>Conhe\u00e7a neste artigo os requisitos dos cargos do concurso ALEGO<\/strong><\/em> <em><strong>2025 e ganhe sal\u00e1rio inicial de at\u00e9 R$ 10,1 mil!<\/strong><\/em><\/p>\n\n\n\n<p>Foi publicado o aguardado edital do <strong>concurso p\u00fablico ALEGO<\/strong> (<a href=\"https:\/\/www.estrategiaconcursos.com.br\/cursosPorConcurso\/assembleia-legislativa-de-goias-ale-go\/\" target=\"_blank\" rel=\"noreferrer noopener\">Assembleia Legislativa do Estado de Goi\u00e1s<\/a>) para provimento de 101 vagas imediatas.<\/p>\n\n\n\n<p>As oportunidades s\u00e3o para os<strong> cargos de Policial Legislativo, Assistente Legislativo e Analista Legislativo<\/strong>, distribu\u00eddas entre ampla concorr\u00eancia, pessoas com defici\u00eancia e negros. Os sal\u00e1rios variam&nbsp;R$ 7.408,90 a R$ 10.150,33.<\/p>\n\n\n\n<div class=\"container\" id=\"boxes\">\n  <div class=\"row\">\n\n    <div class=\"col-sm\">\n      <div class=\"banner-ale\" id=\"box-assinatura\">\n        <h3 class=\"titulo-assinatura\">Concurso ALEGO<\/h3>\n        <p class=\"subtitulo-assinatura\">Prepara\u00e7\u00e3o completa para a carreira na ALEGO<\/p>\n        <div class=\"box-botao\">\n          <a class=\"btn-assinatura\" target=\"_blank\" href=\"https:\/\/www.estrategiaconcursos.com.br\/cursosPorConcurso\/assembleia-legislativa-de-goias-ale-go\/\" role=\"button\" rel=\"noopener noreferrer\">INICIAR PREPARA\u00c7\u00c3O<\/a>\n        <\/div>\n      <\/div>\n     \n    <\/div>\n\n  <\/div>\n<\/div>\n\n\n\n<h2 class=\"wp-block-heading\" id=\"h-quais-os-requisitos-dos-cargos-do-concurso-alego-2025\">Quais os requisitos dos cargos do concurso ALEGO 2025?<\/h2>\n\n\n\n<ul class=\"wp-block-list\">\n<li><strong>Policial Legislativo:<\/strong><\/li>\n<\/ul>\n\n\n\n<p>Forma\u00e7\u00e3o de n\u00edvel m\u00e9dio.<\/p>\n\n\n\n<ul class=\"wp-block-list\">\n<li><strong>Assistente Legislativo &#8211; Assistente de Suporte em TI:<\/strong><\/li>\n<\/ul>\n\n\n\n<p>Diploma de Ensino T\u00e9cnico em Inform\u00e1tica ou Tecnologia integrado ao Ensino M\u00e9dio ou Diploma de Ensino M\u00e9dio e forma\u00e7\u00e3o t\u00e9cnica na \u00e1rea de Inform\u00e1tica ou Tecnologia.<\/p>\n\n\n\n<ul class=\"wp-block-list\">\n<li><strong>Assistente Legislativo &#8211; Fot\u00f3grafo:<\/strong><\/li>\n<\/ul>\n\n\n\n<p>Diploma de Ensino M\u00e9dio e forma\u00e7\u00e3o t\u00e9cnica na \u00e1rea de Fotografia<\/p>\n\n\n\n<ul class=\"wp-block-list\">\n<li><strong>Assistente Legislativo &#8211; T\u00e9cnico em Grava\u00e7\u00e3o e Som:<\/strong><\/li>\n<\/ul>\n\n\n\n<p>Diploma de Ensino M\u00e9dio e habilita\u00e7\u00e3o profissional na \u00e1rea.<\/p>\n\n\n\n<ul class=\"wp-block-list\">\n<li><strong>Assistente Legislativo &#8211; T\u00e9cnico em Refrigera\u00e7\u00e3o e Ar-Condicionado:<\/strong><\/li>\n<\/ul>\n\n\n\n<p>Diploma de Ensino M\u00e9dio ou de Curso T\u00e9cnico equivalente e certificado de conclus\u00e3o do curso de T\u00e9cnico em Refrigera\u00e7\u00e3o.<\/p>\n\n\n\n<ul class=\"wp-block-list\">\n<li><strong>Analista Legislativo &#8211; Analista Administrativo:<\/strong><\/li>\n<\/ul>\n\n\n\n<p>Diploma de conclus\u00e3o de qualquer curso de n\u00edvel superior.<\/p>\n\n\n\n<ul class=\"wp-block-list\">\n<li><strong>Analista Legislativo &#8211; Analista de Ci\u00eancia de Dados:<\/strong><\/li>\n<\/ul>\n\n\n\n<p>Diploma de conclus\u00e3o de n\u00edvel superior na \u00e1rea de Tecnologia da Informa\u00e7\u00e3o ou na \u00e1rea de Ci\u00eancias Exatas e com p\u00f3s-gradua\u00e7\u00e3o na \u00e1rea de Ci\u00eancia de Dados ou Intelig\u00eancia Artificial, com carga hor\u00e1ria m\u00ednima de 360 horas.<\/p>\n\n\n\n<ul class=\"wp-block-list\">\n<li><strong>Analista Legislativo &#8211; Analista de Controle Externo em Contabilidade:<\/strong><\/li>\n<\/ul>\n\n\n\n<p>Diploma de conclus\u00e3o de n\u00edvel superior em Ci\u00eancias Cont\u00e1beis e inscri\u00e7\u00e3o no Conselho Regional de Contabilidade.<\/p>\n\n\n\n<ul class=\"wp-block-list\">\n<li><strong>Analista Legislativo &#8211; Analista de Controle Externo em Finan\u00e7as e Controle:<\/strong><\/li>\n<\/ul>\n\n\n\n<p>Diploma de conclus\u00e3o de n\u00edvel superior em Ci\u00eancias Econ\u00f4micas, Ci\u00eancia de Dados, Estat\u00edstica, Ci\u00eancias Atuariais, Administra\u00e7\u00e3o ou Administra\u00e7\u00e3o P\u00fablica.<\/p>\n\n\n\n<ul class=\"wp-block-list\">\n<li><strong>Analista Legislativo &#8211; Analista de Controle Interno em Contabilidade:<\/strong><\/li>\n<\/ul>\n\n\n\n<p>Diploma de conclus\u00e3o de n\u00edvel superior em Ci\u00eancias Cont\u00e1beis e inscri\u00e7\u00e3o no Conselho Regional de<br \/>Contabilidade.<\/p>\n\n\n\n<ul class=\"wp-block-list\">\n<li><strong>Analista Legislativo &#8211; Analista de Controle Interno em Finan\u00e7as e Controle:<\/strong><\/li>\n<\/ul>\n\n\n\n<p>Diploma de conclus\u00e3o de n\u00edvel superior em Ci\u00eancias Cont\u00e1beis, Ci\u00eancias Econ\u00f4micas, Administra\u00e7\u00e3o P\u00fablica ou Direito.<\/p>\n\n\n\n<ul class=\"wp-block-list\">\n<li><strong>Analista Legislativo &#8211; Analista em Gerenciamento de Projetos de TI:<\/strong><\/li>\n<\/ul>\n\n\n\n<p>Diploma de conclus\u00e3o de n\u00edvel superior na \u00e1rea de Tecnologia da Informa\u00e7\u00e3o e certificado de conclus\u00e3o de curso de p\u00f3s-gradua\u00e7\u00e3o na \u00e1rea de Gerenciamento de Projetos (m\u00ednimo de 360 horas).<\/p>\n\n\n\n<ul class=\"wp-block-list\">\n<li><strong>Analista Legislativo &#8211; Analista de Sistema:<\/strong><\/li>\n<\/ul>\n\n\n\n<p>Diploma de conclus\u00e3o de n\u00edvel superior na \u00e1rea de Tecnologia da Informa\u00e7\u00e3o.<\/p>\n\n\n\n<ul class=\"wp-block-list\">\n<li><strong>Analista Legislativo &#8211; Analista de Infraestrutura:<\/strong><\/li>\n<\/ul>\n\n\n\n<p>Diploma de conclus\u00e3o de n\u00edvel superior na \u00e1rea de Tecnologia da Informa\u00e7\u00e3o.<\/p>\n\n\n\n<ul class=\"wp-block-list\">\n<li><strong>Analista Legislativo &#8211; Contador:<\/strong><\/li>\n<\/ul>\n\n\n\n<p>Diploma, devidamente registrado, de conclus\u00e3o de curso de n\u00edvel superior em Ci\u00eancias Cont\u00e1beis e registro no Conselho Regional de Contabilidade.<\/p>\n\n\n\n<ul class=\"wp-block-list\">\n<li><strong>Analista Legislativo &#8211; Desenvolvedor de Sistemas:<\/strong><\/li>\n<\/ul>\n\n\n\n<p>Diploma de conclus\u00e3o de n\u00edvel superior na \u00e1rea de Tecnologia da Informa\u00e7\u00e3o.<\/p>\n\n\n\n<ul class=\"wp-block-list\">\n<li><strong>Analista Legislativo &#8211; Economista:<\/strong><\/li>\n<\/ul>\n\n\n\n<p>Diploma de conclus\u00e3o de n\u00edvel superior em Ci\u00eancias Econ\u00f4micas e registro no Conselho Regional de Economia.<\/p>\n\n\n\n<p>Se interessou? As&nbsp;<strong>inscri\u00e7\u00f5es podem ser realizadas no per\u00edodo de <\/strong><strong>11 de novembro a 10 de dezembro<\/strong>, pelo <a href=\"https:\/\/conhecimento.fgv.br\/concursos\/alego25\" target=\"_blank\" rel=\"noreferrer noopener\">site da banca organizadora<\/a>, FGV. A taxa foi determinada nos valores de R$ 120,00 a R$ 195,00.<\/p>\n\n\n\n<p class=\"has-text-align-center\"><em>Para saber mais sobre os requisitos, cargos e todos os detalhes do novo concurso ALEGO 2025, acesse nosso artigo na \u00edntegra:<\/em><\/p>\n\n\n\n<h2 class=\"wp-block-heading has-text-align-center has-very-light-gray-to-cyan-bluish-gray-gradient-background has-background has-medium-font-size\" id=\"h-saiba-mais-concurso-assembleia-legislativa-goias\">Saiba mais: <a href=\"https:\/\/www.estrategiaconcursos.com.br\/blog\/concurso-assembleia-legislativa-go\/\" target=\"_blank\" rel=\"noreferrer noopener\">Concurso Assembleia Legislativa Goi\u00e1s<\/a><\/h2>\n\n\n\n<hr class=\"wp-block-separator has-alpha-channel-opacity\"\/>\n\n\n\n<h2 class=\"wp-block-heading has-text-align-center\" id=\"h-quer-saber-tudo-sobre-concursos-previstos-confira-nossos-artigos\">Quer saber tudo sobre concursos previstos?<br \/>Confira nossos artigos!<\/h2>\n\n\n\n<ul class=\"wp-block-list\">\n<li><a href=\"https:\/\/www.estrategiaconcursos.com.br\/blog\/concursos-abertos\/\" target=\"_blank\" rel=\"noreferrer noopener\">Concursos abertos<\/a><\/li>\n\n\n\n<li><a href=\"https:\/\/www.estrategiaconcursos.com.br\/blog\/concursos-area-legislativa\/\" target=\"_blank\" rel=\"noreferrer noopener\">Concursos legislativos<\/a><\/li>\n\n\n\n<li><a href=\"https:\/\/www.estrategiaconcursos.com.br\/blog\/concursos-2025\/\" target=\"_blank\" rel=\"noreferrer noopener\">Concursos 2025<\/a><\/li>\n\n\n\n<li><a href=\"https:\/\/www.estrategiaconcursos.com.br\/blog\/concursos-2026\/\" target=\"_blank\" rel=\"noreferrer noopener\">Concursos 2026<\/a><\/li>\n<\/ul>\n\n\n\n<div class=\"container\" id=\"boxes\">\n  <div class=\"row\">\n\n    <div class=\"col-sm\">\n      <div class=\"estrategia\" id=\"box-assinatura\">\n        <h3 class=\"titulo-assinatura\">Assinatura Concursos<\/h3>\n        <p class=\"subtitulo-assinatura\">Assinatura de 1 ano ou 2 anos<\/p>\n        <div class=\"box-botao\">\n          <a class=\"btn-assinatura\" target=\"_blank\" href=\"https:\/\/www.estrategiaconcursos.com.br\/assinaturas\/\" role=\"button\" rel=\"noopener noreferrer\">ASSINE AGORA<\/a>\n        <\/div>\n      <\/div><\/div><\/div><\/div>\n","protected":false},"excerpt":{"rendered":"<p>Conhe\u00e7a neste artigo os requisitos dos cargos do concurso ALEGO 2025 e ganhe sal\u00e1rio inicial de at\u00e9 R$ 10,1 mil! Foi publicado o aguardado edital do concurso p\u00fablico ALEGO (Assembleia Legislativa do Estado de Goi\u00e1s) para provimento de 101 vagas imediatas. As oportunidades s\u00e3o para os cargos de Policial Legislativo, Assistente Legislativo e Analista Legislativo, [&hellip;]<\/p>\n","protected":false},"author":1206,"featured_media":1259388,"comment_status":"open","ping_status":"closed","sticky":false,"template":"","format":"standard","meta":{"post_tipo":"news","footnotes":""},"categories":[2017,220219],"tags":[],"tax_estado":[219972],"class_list":["post-1662357","post","type-post","status-publish","format-standard","has-post-thumbnail","hentry","category-concursos-legislativos","category-noticias","tax_estado-go"],"acf":[],"yoast_head":"<!-- This site is optimized with the Yoast SEO Premium plugin v27.2 (Yoast SEO v27.2) - https:\/\/yoast.com\/product\/yoast-seo-premium-wordpress\/ -->\n<title>Concurso ALEGO: saiu edital! Confira os requisitos dos cargos<\/title>\n<meta name=\"description\" content=\"Conhe\u00e7a neste artigo os requisitos dos cargos do concurso ALEGO 2025 e ganhe sal\u00e1rio inicial de at\u00e9 R$ 10,1 mil!\" \/>\n<meta name=\"robots\" content=\"index, follow, max-snippet:-1, max-image-preview:large, max-video-preview:-1\" \/>\n<link rel=\"canonical\" href=\"https:\/\/www.estrategiaconcursos.com.br\/blog\/concurso-alego-2025-requisitos\/\" \/>\n<meta property=\"og:locale\" content=\"pt_BR\" \/>\n<meta property=\"og:type\" content=\"article\" \/>\n<meta property=\"og:title\" content=\"Concurso ALEGO: saiu edital! Confira os requisitos dos cargos\" \/>\n<meta property=\"og:description\" content=\"Conhe\u00e7a neste artigo os requisitos dos cargos do concurso ALEGO 2025 e ganhe sal\u00e1rio inicial de at\u00e9 R$ 10,1 mil!\" \/>\n<meta property=\"og:url\" content=\"https:\/\/www.estrategiaconcursos.com.br\/blog\/concurso-alego-2025-requisitos\/\" \/>\n<meta property=\"og:site_name\" content=\"Estrat\u00e9gia Concursos\" \/>\n<meta property=\"article:published_time\" content=\"2025-10-29T13:04:49+00:00\" \/>\n<meta property=\"article:modified_time\" content=\"2025-11-01T01:52:51+00:00\" \/>\n<meta property=\"og:image\" content=\"https:\/\/dhg1h5j42swfq.cloudfront.net\/2023\/08\/02210349\/alego.jpg\" \/>\n\t<meta property=\"og:image:width\" content=\"768\" \/>\n\t<meta property=\"og:image:height\" content=\"432\" \/>\n\t<meta property=\"og:image:type\" content=\"image\/jpeg\" \/>\n<meta name=\"author\" content=\"Bruna de Andrade Fran\u00e7a\" \/>\n<meta name=\"twitter:card\" content=\"summary_large_image\" \/>\n<meta name=\"twitter:creator\" content=\"@EstratConcursos\" \/>\n<meta name=\"twitter:site\" content=\"@EstratConcursos\" \/>\n<meta name=\"twitter:label1\" content=\"Escrito por\" \/>\n\t<meta name=\"twitter:data1\" content=\"Bruna de Andrade Fran\u00e7a\" \/>\n\t<meta name=\"twitter:label2\" content=\"Est. tempo de leitura\" \/>\n\t<meta name=\"twitter:data2\" content=\"3 minutos\" \/>\n<script type=\"application\/ld+json\" class=\"yoast-schema-graph\">{\"@context\":\"https:\/\/schema.org\",\"@graph\":[{\"@type\":\"NewsArticle\",\"@id\":\"https:\/\/www.estrategiaconcursos.com.br\/blog\/concurso-alego-2025-requisitos\/#article\",\"isPartOf\":{\"@id\":\"https:\/\/www.estrategiaconcursos.com.br\/blog\/concurso-alego-2025-requisitos\/\"},\"author\":{\"name\":\"Bruna de Andrade Fran\u00e7a\",\"@id\":\"https:\/\/www.estrategiaconcursos.com.br\/blog\/#\/schema\/person\/6630f91134abc08115cca62ce6372855\"},\"headline\":\"Concurso ALEGO: saiu edital! Confira os requisitos dos cargos\",\"datePublished\":\"2025-10-29T13:04:49+00:00\",\"dateModified\":\"2025-11-01T01:52:51+00:00\",\"mainEntityOfPage\":{\"@id\":\"https:\/\/www.estrategiaconcursos.com.br\/blog\/concurso-alego-2025-requisitos\/\"},\"wordCount\":683,\"commentCount\":0,\"publisher\":{\"@id\":\"https:\/\/www.estrategiaconcursos.com.br\/blog\/#organization\"},\"image\":{\"@id\":\"https:\/\/www.estrategiaconcursos.com.br\/blog\/concurso-alego-2025-requisitos\/#primaryimage\"},\"thumbnailUrl\":\"https:\/\/dhg1h5j42swfq.cloudfront.net\/2023\/08\/02210349\/alego.jpg\",\"articleSection\":[\"Legislativo\",\"\u00daltimas not\u00edcias\"],\"inLanguage\":\"pt-BR\",\"potentialAction\":[{\"@type\":\"CommentAction\",\"name\":\"Comment\",\"target\":[\"https:\/\/www.estrategiaconcursos.com.br\/blog\/concurso-alego-2025-requisitos\/#respond\"]}],\"copyrightYear\":\"2025\",\"copyrightHolder\":{\"@id\":\"https:\/\/www.estrategiaconcursos.com.br\/blog\/#organization\"}},{\"@type\":\"WebPage\",\"@id\":\"https:\/\/www.estrategiaconcursos.com.br\/blog\/concurso-alego-2025-requisitos\/\",\"url\":\"https:\/\/www.estrategiaconcursos.com.br\/blog\/concurso-alego-2025-requisitos\/\",\"name\":\"Concurso ALEGO: saiu edital! Confira os requisitos dos cargos\",\"isPartOf\":{\"@id\":\"https:\/\/www.estrategiaconcursos.com.br\/blog\/#website\"},\"primaryImageOfPage\":{\"@id\":\"https:\/\/www.estrategiaconcursos.com.br\/blog\/concurso-alego-2025-requisitos\/#primaryimage\"},\"image\":{\"@id\":\"https:\/\/www.estrategiaconcursos.com.br\/blog\/concurso-alego-2025-requisitos\/#primaryimage\"},\"thumbnailUrl\":\"https:\/\/dhg1h5j42swfq.cloudfront.net\/2023\/08\/02210349\/alego.jpg\",\"datePublished\":\"2025-10-29T13:04:49+00:00\",\"dateModified\":\"2025-11-01T01:52:51+00:00\",\"description\":\"Conhe\u00e7a neste artigo os requisitos dos cargos do concurso ALEGO 2025 e ganhe sal\u00e1rio inicial de at\u00e9 R$ 10,1 mil!\",\"breadcrumb\":{\"@id\":\"https:\/\/www.estrategiaconcursos.com.br\/blog\/concurso-alego-2025-requisitos\/#breadcrumb\"},\"inLanguage\":\"pt-BR\",\"potentialAction\":[{\"@type\":\"ReadAction\",\"target\":[\"https:\/\/www.estrategiaconcursos.com.br\/blog\/concurso-alego-2025-requisitos\/\"]}]},{\"@type\":\"ImageObject\",\"inLanguage\":\"pt-BR\",\"@id\":\"https:\/\/www.estrategiaconcursos.com.br\/blog\/concurso-alego-2025-requisitos\/#primaryimage\",\"url\":\"https:\/\/dhg1h5j42swfq.cloudfront.net\/2023\/08\/02210349\/alego.jpg\",\"contentUrl\":\"https:\/\/dhg1h5j42swfq.cloudfront.net\/2023\/08\/02210349\/alego.jpg\",\"width\":768,\"height\":432,\"caption\":\"concurso alego\"},{\"@type\":\"BreadcrumbList\",\"@id\":\"https:\/\/www.estrategiaconcursos.com.br\/blog\/concurso-alego-2025-requisitos\/#breadcrumb\",\"itemListElement\":[{\"@type\":\"ListItem\",\"position\":1,\"name\":\"In\u00edcio\",\"item\":\"https:\/\/www.estrategiaconcursos.com.br\/blog\/\"},{\"@type\":\"ListItem\",\"position\":2,\"name\":\"Concurso ALEGO: saiu edital! Confira os requisitos dos cargos\"}]},{\"@type\":\"WebSite\",\"@id\":\"https:\/\/www.estrategiaconcursos.com.br\/blog\/#website\",\"url\":\"https:\/\/www.estrategiaconcursos.com.br\/blog\/\",\"name\":\"Estrat\u00e9gia Concursos\",\"description\":\"O blog da Estrat\u00e9gia Concursos traz not\u00edcias sobre concursos e artigos de professores oferecendo cursos para concursos (pdf + videaulas) no site.\",\"publisher\":{\"@id\":\"https:\/\/www.estrategiaconcursos.com.br\/blog\/#organization\"},\"potentialAction\":[{\"@type\":\"SearchAction\",\"target\":{\"@type\":\"EntryPoint\",\"urlTemplate\":\"https:\/\/www.estrategiaconcursos.com.br\/blog\/?s={search_term_string}\"},\"query-input\":{\"@type\":\"PropertyValueSpecification\",\"valueRequired\":true,\"valueName\":\"search_term_string\"}}],\"inLanguage\":\"pt-BR\"},{\"@type\":\"Organization\",\"@id\":\"https:\/\/www.estrategiaconcursos.com.br\/blog\/#organization\",\"name\":\"Estrat\u00e9gia Concursos\",\"url\":\"https:\/\/www.estrategiaconcursos.com.br\/blog\/\",\"logo\":{\"@type\":\"ImageObject\",\"inLanguage\":\"pt-BR\",\"@id\":\"https:\/\/www.estrategiaconcursos.com.br\/blog\/#\/schema\/logo\/image\/\",\"url\":\"https:\/\/dhg1h5j42swfq.cloudfront.net\/2025\/06\/03203428\/logo_concursos-1.jpg\",\"contentUrl\":\"https:\/\/dhg1h5j42swfq.cloudfront.net\/2025\/06\/03203428\/logo_concursos-1.jpg\",\"width\":230,\"height\":60,\"caption\":\"Estrat\u00e9gia Concursos\"},\"image\":{\"@id\":\"https:\/\/www.estrategiaconcursos.com.br\/blog\/#\/schema\/logo\/image\/\"},\"sameAs\":[\"https:\/\/x.com\/EstratConcursos\"]},{\"@type\":\"Person\",\"@id\":\"https:\/\/www.estrategiaconcursos.com.br\/blog\/#\/schema\/person\/6630f91134abc08115cca62ce6372855\",\"name\":\"Bruna de Andrade Fran\u00e7a\",\"image\":{\"@type\":\"ImageObject\",\"inLanguage\":\"pt-BR\",\"@id\":\"https:\/\/secure.gravatar.com\/avatar\/d6316d36d50cea0fadae28ed3015b8870cc90a2d3d8a95c37b44006af36a00e3?s=96&d=mm&r=g\",\"url\":\"https:\/\/secure.gravatar.com\/avatar\/d6316d36d50cea0fadae28ed3015b8870cc90a2d3d8a95c37b44006af36a00e3?s=96&d=mm&r=g\",\"contentUrl\":\"https:\/\/secure.gravatar.com\/avatar\/d6316d36d50cea0fadae28ed3015b8870cc90a2d3d8a95c37b44006af36a00e3?s=96&d=mm&r=g\",\"caption\":\"Bruna de Andrade Fran\u00e7a\"},\"description\":\"Bruna de Andrade Fran\u00e7a \u00e9 publicit\u00e1ria com p\u00f3s-gradua\u00e7\u00e3o em Marketing &amp; Growth, atuando h\u00e1 mais de 6 anos no universo dos concursos p\u00fablicos. Desde 2021, lidera no Blog do Estrat\u00e9gia Concursos a cobertura editorial especializada em Concursos Policiais (PF, PRF, PM, PC, etc.), al\u00e9m das frentes de concursos banc\u00e1rios, de sa\u00fade e da \u00e1rea legislativa. Especialista em reda\u00e7\u00e3o, com pr\u00e1ticas de SEO e Copywriting, possui tamb\u00e9m atua\u00e7\u00e3o pr\u00e1tica de contato direto com \u00f3rg\u00e3os p\u00fablicos respons\u00e1veis por editais, permitindo acesso antecipado a informa\u00e7\u00f5es, desdobramentos importantes e atualiza\u00e7\u00e3o eficiente dos concursos p\u00fablicos.\",\"url\":\"https:\/\/www.estrategiaconcursos.com.br\/blog\/author\/bruna-andrade\/\"}]}<\/script>\n<!-- \/ Yoast SEO Premium plugin. -->","yoast_head_json":{"title":"Concurso ALEGO: saiu edital! Confira os requisitos dos cargos","description":"Conhe\u00e7a neste artigo os requisitos dos cargos do concurso ALEGO 2025 e ganhe sal\u00e1rio inicial de at\u00e9 R$ 10,1 mil!","robots":{"index":"index","follow":"follow","max-snippet":"max-snippet:-1","max-image-preview":"max-image-preview:large","max-video-preview":"max-video-preview:-1"},"canonical":"https:\/\/www.estrategiaconcursos.com.br\/blog\/concurso-alego-2025-requisitos\/","og_locale":"pt_BR","og_type":"article","og_title":"Concurso ALEGO: saiu edital! Confira os requisitos dos cargos","og_description":"Conhe\u00e7a neste artigo os requisitos dos cargos do concurso ALEGO 2025 e ganhe sal\u00e1rio inicial de at\u00e9 R$ 10,1 mil!","og_url":"https:\/\/www.estrategiaconcursos.com.br\/blog\/concurso-alego-2025-requisitos\/","og_site_name":"Estrat\u00e9gia Concursos","article_published_time":"2025-10-29T13:04:49+00:00","article_modified_time":"2025-11-01T01:52:51+00:00","og_image":[{"width":768,"height":432,"url":"https:\/\/dhg1h5j42swfq.cloudfront.net\/2023\/08\/02210349\/alego.jpg","type":"image\/jpeg"}],"author":"Bruna de Andrade Fran\u00e7a","twitter_card":"summary_large_image","twitter_creator":"@EstratConcursos","twitter_site":"@EstratConcursos","twitter_misc":{"Escrito por":"Bruna de Andrade Fran\u00e7a","Est. tempo de leitura":"3 minutos"},"schema":{"@context":"https:\/\/schema.org","@graph":[{"@type":"NewsArticle","@id":"https:\/\/www.estrategiaconcursos.com.br\/blog\/concurso-alego-2025-requisitos\/#article","isPartOf":{"@id":"https:\/\/www.estrategiaconcursos.com.br\/blog\/concurso-alego-2025-requisitos\/"},"author":{"name":"Bruna de Andrade Fran\u00e7a","@id":"https:\/\/www.estrategiaconcursos.com.br\/blog\/#\/schema\/person\/6630f91134abc08115cca62ce6372855"},"headline":"Concurso ALEGO: saiu edital! Confira os requisitos dos cargos","datePublished":"2025-10-29T13:04:49+00:00","dateModified":"2025-11-01T01:52:51+00:00","mainEntityOfPage":{"@id":"https:\/\/www.estrategiaconcursos.com.br\/blog\/concurso-alego-2025-requisitos\/"},"wordCount":683,"commentCount":0,"publisher":{"@id":"https:\/\/www.estrategiaconcursos.com.br\/blog\/#organization"},"image":{"@id":"https:\/\/www.estrategiaconcursos.com.br\/blog\/concurso-alego-2025-requisitos\/#primaryimage"},"thumbnailUrl":"https:\/\/dhg1h5j42swfq.cloudfront.net\/2023\/08\/02210349\/alego.jpg","articleSection":["Legislativo","\u00daltimas not\u00edcias"],"inLanguage":"pt-BR","potentialAction":[{"@type":"CommentAction","name":"Comment","target":["https:\/\/www.estrategiaconcursos.com.br\/blog\/concurso-alego-2025-requisitos\/#respond"]}],"copyrightYear":"2025","copyrightHolder":{"@id":"https:\/\/www.estrategiaconcursos.com.br\/blog\/#organization"}},{"@type":"WebPage","@id":"https:\/\/www.estrategiaconcursos.com.br\/blog\/concurso-alego-2025-requisitos\/","url":"https:\/\/www.estrategiaconcursos.com.br\/blog\/concurso-alego-2025-requisitos\/","name":"Concurso ALEGO: saiu edital! Confira os requisitos dos cargos","isPartOf":{"@id":"https:\/\/www.estrategiaconcursos.com.br\/blog\/#website"},"primaryImageOfPage":{"@id":"https:\/\/www.estrategiaconcursos.com.br\/blog\/concurso-alego-2025-requisitos\/#primaryimage"},"image":{"@id":"https:\/\/www.estrategiaconcursos.com.br\/blog\/concurso-alego-2025-requisitos\/#primaryimage"},"thumbnailUrl":"https:\/\/dhg1h5j42swfq.cloudfront.net\/2023\/08\/02210349\/alego.jpg","datePublished":"2025-10-29T13:04:49+00:00","dateModified":"2025-11-01T01:52:51+00:00","description":"Conhe\u00e7a neste artigo os requisitos dos cargos do concurso ALEGO 2025 e ganhe sal\u00e1rio inicial de at\u00e9 R$ 10,1 mil!","breadcrumb":{"@id":"https:\/\/www.estrategiaconcursos.com.br\/blog\/concurso-alego-2025-requisitos\/#breadcrumb"},"inLanguage":"pt-BR","potentialAction":[{"@type":"ReadAction","target":["https:\/\/www.estrategiaconcursos.com.br\/blog\/concurso-alego-2025-requisitos\/"]}]},{"@type":"ImageObject","inLanguage":"pt-BR","@id":"https:\/\/www.estrategiaconcursos.com.br\/blog\/concurso-alego-2025-requisitos\/#primaryimage","url":"https:\/\/dhg1h5j42swfq.cloudfront.net\/2023\/08\/02210349\/alego.jpg","contentUrl":"https:\/\/dhg1h5j42swfq.cloudfront.net\/2023\/08\/02210349\/alego.jpg","width":768,"height":432,"caption":"concurso alego"},{"@type":"BreadcrumbList","@id":"https:\/\/www.estrategiaconcursos.com.br\/blog\/concurso-alego-2025-requisitos\/#breadcrumb","itemListElement":[{"@type":"ListItem","position":1,"name":"In\u00edcio","item":"https:\/\/www.estrategiaconcursos.com.br\/blog\/"},{"@type":"ListItem","position":2,"name":"Concurso ALEGO: saiu edital! Confira os requisitos dos cargos"}]},{"@type":"WebSite","@id":"https:\/\/www.estrategiaconcursos.com.br\/blog\/#website","url":"https:\/\/www.estrategiaconcursos.com.br\/blog\/","name":"Estrat\u00e9gia Concursos","description":"O blog da Estrat\u00e9gia Concursos traz not\u00edcias sobre concursos e artigos de professores oferecendo cursos para concursos (pdf + videaulas) no site.","publisher":{"@id":"https:\/\/www.estrategiaconcursos.com.br\/blog\/#organization"},"potentialAction":[{"@type":"SearchAction","target":{"@type":"EntryPoint","urlTemplate":"https:\/\/www.estrategiaconcursos.com.br\/blog\/?s={search_term_string}"},"query-input":{"@type":"PropertyValueSpecification","valueRequired":true,"valueName":"search_term_string"}}],"inLanguage":"pt-BR"},{"@type":"Organization","@id":"https:\/\/www.estrategiaconcursos.com.br\/blog\/#organization","name":"Estrat\u00e9gia Concursos","url":"https:\/\/www.estrategiaconcursos.com.br\/blog\/","logo":{"@type":"ImageObject","inLanguage":"pt-BR","@id":"https:\/\/www.estrategiaconcursos.com.br\/blog\/#\/schema\/logo\/image\/","url":"https:\/\/dhg1h5j42swfq.cloudfront.net\/2025\/06\/03203428\/logo_concursos-1.jpg","contentUrl":"https:\/\/dhg1h5j42swfq.cloudfront.net\/2025\/06\/03203428\/logo_concursos-1.jpg","width":230,"height":60,"caption":"Estrat\u00e9gia Concursos"},"image":{"@id":"https:\/\/www.estrategiaconcursos.com.br\/blog\/#\/schema\/logo\/image\/"},"sameAs":["https:\/\/x.com\/EstratConcursos"]},{"@type":"Person","@id":"https:\/\/www.estrategiaconcursos.com.br\/blog\/#\/schema\/person\/6630f91134abc08115cca62ce6372855","name":"Bruna de Andrade Fran\u00e7a","image":{"@type":"ImageObject","inLanguage":"pt-BR","@id":"https:\/\/secure.gravatar.com\/avatar\/d6316d36d50cea0fadae28ed3015b8870cc90a2d3d8a95c37b44006af36a00e3?s=96&d=mm&r=g","url":"https:\/\/secure.gravatar.com\/avatar\/d6316d36d50cea0fadae28ed3015b8870cc90a2d3d8a95c37b44006af36a00e3?s=96&d=mm&r=g","contentUrl":"https:\/\/secure.gravatar.com\/avatar\/d6316d36d50cea0fadae28ed3015b8870cc90a2d3d8a95c37b44006af36a00e3?s=96&d=mm&r=g","caption":"Bruna de Andrade Fran\u00e7a"},"description":"Bruna de Andrade Fran\u00e7a \u00e9 publicit\u00e1ria com p\u00f3s-gradua\u00e7\u00e3o em Marketing &amp; Growth, atuando h\u00e1 mais de 6 anos no universo dos concursos p\u00fablicos. Desde 2021, lidera no Blog do Estrat\u00e9gia Concursos a cobertura editorial especializada em Concursos Policiais (PF, PRF, PM, PC, etc.), al\u00e9m das frentes de concursos banc\u00e1rios, de sa\u00fade e da \u00e1rea legislativa. Especialista em reda\u00e7\u00e3o, com pr\u00e1ticas de SEO e Copywriting, possui tamb\u00e9m atua\u00e7\u00e3o pr\u00e1tica de contato direto com \u00f3rg\u00e3os p\u00fablicos respons\u00e1veis por editais, permitindo acesso antecipado a informa\u00e7\u00f5es, desdobramentos importantes e atualiza\u00e7\u00e3o eficiente dos concursos p\u00fablicos.","url":"https:\/\/www.estrategiaconcursos.com.br\/blog\/author\/bruna-andrade\/"}]}},"_links":{"self":[{"href":"https:\/\/www.estrategiaconcursos.com.br\/blog\/wp-json\/wp\/v2\/posts\/1662357","targetHints":{"allow":["GET"]}}],"collection":[{"href":"https:\/\/www.estrategiaconcursos.com.br\/blog\/wp-json\/wp\/v2\/posts"}],"about":[{"href":"https:\/\/www.estrategiaconcursos.com.br\/blog\/wp-json\/wp\/v2\/types\/post"}],"author":[{"embeddable":true,"href":"https:\/\/www.estrategiaconcursos.com.br\/blog\/wp-json\/wp\/v2\/users\/1206"}],"replies":[{"embeddable":true,"href":"https:\/\/www.estrategiaconcursos.com.br\/blog\/wp-json\/wp\/v2\/comments?post=1662357"}],"version-history":[{"count":3,"href":"https:\/\/www.estrategiaconcursos.com.br\/blog\/wp-json\/wp\/v2\/posts\/1662357\/revisions"}],"predecessor-version":[{"id":1664222,"href":"https:\/\/www.estrategiaconcursos.com.br\/blog\/wp-json\/wp\/v2\/posts\/1662357\/revisions\/1664222"}],"wp:featuredmedia":[{"embeddable":true,"href":"https:\/\/www.estrategiaconcursos.com.br\/blog\/wp-json\/wp\/v2\/media\/1259388"}],"wp:attachment":[{"href":"https:\/\/www.estrategiaconcursos.com.br\/blog\/wp-json\/wp\/v2\/media?parent=1662357"}],"wp:term":[{"taxonomy":"category","embeddable":true,"href":"https:\/\/www.estrategiaconcursos.com.br\/blog\/wp-json\/wp\/v2\/categories?post=1662357"},{"taxonomy":"post_tag","embeddable":true,"href":"https:\/\/www.estrategiaconcursos.com.br\/blog\/wp-json\/wp\/v2\/tags?post=1662357"},{"taxonomy":"tax_estado","embeddable":true,"href":"https:\/\/www.estrategiaconcursos.com.br\/blog\/wp-json\/wp\/v2\/tax_estado?post=1662357"}],"curies":[{"name":"wp","href":"https:\/\/api.w.org\/{rel}","templated":true}]}}