{"id":1662213,"date":"2025-11-27T08:24:00","date_gmt":"2025-11-27T11:24:00","guid":{"rendered":"https:\/\/www.estrategiaconcursos.com.br\/blog\/?p=1662213"},"modified":"2025-11-10T16:35:36","modified_gmt":"2025-11-10T19:35:36","slug":"teoria-imprevisao-contratos-administrativos","status":"publish","type":"post","link":"https:\/\/www.estrategiaconcursos.com.br\/blog\/teoria-imprevisao-contratos-administrativos\/","title":{"rendered":"A Teoria da Imprevis\u00e3o e a Revis\u00e3o de Contratos Administrativos"},"content":{"rendered":"\n<figure class=\"wp-block-image aligncenter size-large is-resized is-style-rounded\"><img loading=\"lazy\" decoding=\"async\" width=\"683\" height=\"1024\" src=\"https:\/\/dhg1h5j42swfq.cloudfront.net\/2025\/10\/28224147\/image-generation-3-683x1024.jpg\" alt=\"Teoria da Imprevis\u00e3o\" class=\"wp-image-1662227\" style=\"width:414px;height:auto\" srcset=\"https:\/\/dhg1h5j42swfq.cloudfront.net\/2025\/10\/28224147\/image-generation-3-683x1024.jpg 683w, https:\/\/dhg1h5j42swfq.cloudfront.net\/2025\/10\/28224147\/image-generation-3-200x300.jpg 200w, https:\/\/dhg1h5j42swfq.cloudfront.net\/2025\/10\/28224147\/image-generation-3-768x1152.jpg 768w, https:\/\/dhg1h5j42swfq.cloudfront.net\/2025\/10\/28224147\/image-generation-3-150x225.jpg 150w, https:\/\/dhg1h5j42swfq.cloudfront.net\/2025\/10\/28224147\/image-generation-3.jpg 1024w\" sizes=\"auto, (max-width: 683px) 100vw, 683px\" \/><\/figure>\n\n\n\n<p>Ol\u00e1, concurseiro! Os contratos celebrados pela Administra\u00e7\u00e3o P\u00fablica possuem caracter\u00edsticas singulares que os diferenciam dos contratos privados. Nesse sentido, o princ\u00edpio da imutabilidade n\u00e3o \u00e9 absoluto, e a <strong>Teoria da Imprevis\u00e3o<\/strong> e a <strong>Revis\u00e3o de Contratos<\/strong> surgem como mecanismos essenciais para garantir o equil\u00edbrio econ\u00f4mico-financeiro do contrato.<\/p>\n\n\n\n<p>Portanto, entender como e quando essa teoria se aplica \u00e9 fundamental para quem estuda Direito Administrativo. Afinal, a manuten\u00e7\u00e3o da equa\u00e7\u00e3o financeira original \u00e9 um <strong>direito subjetivo do contratado<\/strong> e um <strong>dever da Administra\u00e7\u00e3o<\/strong>, visando a <strong>continuidade do servi\u00e7o p\u00fablico<\/strong>.<\/p>\n\n\n\n<p>A seguir, abordaremos os seguintes t\u00f3picos:<\/p>\n\n\n\n<ul class=\"wp-block-list\">\n<li><strong>O conceito e o fundamento da Teoria da Imprevis\u00e3o;<\/strong><\/li>\n\n\n\n<li><strong>Os requisitos cumulativos para a sua aplica\u00e7\u00e3o;<\/strong><\/li>\n\n\n\n<li><strong>A distin\u00e7\u00e3o entre Teoria da Imprevis\u00e3o, Fato do Pr\u00edncipe e Fato da Administra\u00e7\u00e3o;<\/strong><\/li>\n\n\n\n<li><strong>A revis\u00e3o contratual e as inova\u00e7\u00f5es da Lei n\u00ba 14.133\/2021;<\/strong><\/li>\n\n\n\n<li><strong>A import\u00e2ncia do reequil\u00edbrio para a supremacia do interesse p\u00fablico.<\/strong><\/li>\n<\/ul>\n\n\n\n<h2 class=\"wp-block-heading\" id=\"h-o-conceito-e-fundamento-da-teoria-da-imprevisao\">O Conceito e Fundamento da Teoria da Imprevis\u00e3o<\/h2>\n\n\n\n<p>A <strong>Teoria da Imprevis\u00e3o<\/strong> \u00e9 um princ\u00edpio de Direito Administrativo que permite a revis\u00e3o de um contrato quando <strong>eventos imprevis\u00edveis e extraordin\u00e1rios<\/strong> tornam a execu\u00e7\u00e3o do pactuado <strong>excessivamente onerosa <\/strong>para uma das partes.<\/p>\n\n\n\n<p>Em outras palavras, essa teoria busca restabelecer o <strong>equil\u00edbrio econ\u00f4mico-financeiro<\/strong> do contrato quando um fato alheio \u00e0 vontade das partes o rompe. Ela fundamenta-se na mitiga\u00e7\u00e3o do princ\u00edpio\u00a0<strong>pacta sunt servanda<\/strong>\u00a0(os contratos devem ser cumpridos) pela cl\u00e1usula\u00a0<strong>rebus sic stantibus<\/strong>\u00a0(o contrato ser\u00e1 cumprido enquanto as circunst\u00e2ncias permanecerem inalteradas).<\/p>\n\n\n\n<p>Dessa forma, a Administra\u00e7\u00e3o P\u00fablica tem o <strong>poder-dever de revisar<\/strong> o contrato para que o contratado n\u00e3o sofra preju\u00edzo indevido e, al\u00e9m disso, para que o servi\u00e7o p\u00fablico n\u00e3o seja interrompido. A revis\u00e3o \u00e9, portanto, um instrumento de conserva\u00e7\u00e3o do contrato.<\/p>\n\n\n\n<p>O <a href=\"https:\/\/www.jusbrasil.com.br\/topicos\/386671845\/artigo-131-da-lei-n-14133-de-01-de-abril-de-2021\" target=\"_blank\" rel=\"noreferrer noopener\">Art. 131 da Lei n\u00ba 14.133\/2021<\/a> (Nova Lei de Licita\u00e7\u00f5es e Contratos Administrativos) consagra essa teoria, estabelecendo que o reequil\u00edbrio deve ser mantido durante toda a execu\u00e7\u00e3o do contrato.<\/p>\n\n\n\n<h2 class=\"wp-block-heading\" id=\"h-os-requisitos-cumulativos-para-a-aplicacao\">Os Requisitos Cumulativos para a Aplica\u00e7\u00e3o<\/h2>\n\n\n\n<p>Para que a <strong>Teoria da Imprevis\u00e3o<\/strong> seja aplicada, n\u00e3o basta que o contrato se torne menos vantajoso. Pelo contr\u00e1rio, a jurisprud\u00eancia e a doutrina exigem a presen\u00e7a <strong>cumulativa<\/strong> de quatro requisitos.<\/p>\n\n\n\n<p>Vejamos quais s\u00e3o eles, e tome nota:<\/p>\n\n\n\n<figure class=\"wp-block-image aligncenter size-large is-resized is-style-default\"><img loading=\"lazy\" decoding=\"async\" width=\"1024\" height=\"724\" src=\"https:\/\/dhg1h5j42swfq.cloudfront.net\/2025\/10\/28222700\/coruja-1024x724.png\" alt=\"coruja teoria imprevis\u00e3o\" class=\"wp-image-1662223\" style=\"width:214px;height:auto\" srcset=\"https:\/\/dhg1h5j42swfq.cloudfront.net\/2025\/10\/28222700\/coruja-1024x724.png 1024w, https:\/\/dhg1h5j42swfq.cloudfront.net\/2025\/10\/28222700\/coruja-300x212.png 300w, https:\/\/dhg1h5j42swfq.cloudfront.net\/2025\/10\/28222700\/coruja-768x543.png 768w, https:\/\/dhg1h5j42swfq.cloudfront.net\/2025\/10\/28222700\/coruja-1536x1086.png 1536w, https:\/\/dhg1h5j42swfq.cloudfront.net\/2025\/10\/28222700\/coruja-2048x1448.png 2048w, https:\/\/dhg1h5j42swfq.cloudfront.net\/2025\/10\/28222700\/coruja-150x106.png 150w\" sizes=\"auto, (max-width: 1024px) 100vw, 1024px\" \/><\/figure>\n\n\n\n<ul class=\"wp-block-list\">\n<li><strong>Fato Superveniente:<\/strong> O evento deve ocorrer ap\u00f3s a celebra\u00e7\u00e3o do contrato. Ou seja, se o fato j\u00e1 existia, presume-se que as partes o consideraram ao negociar.<\/li>\n\n\n\n<li><strong>Fato Imprevis\u00edvel:<\/strong> O evento n\u00e3o poderia ser previsto pelas partes no momento da contrata\u00e7\u00e3o. N\u00e3o se trata de uma imprevisibilidade absoluta, mas de uma imprevisibilidade relativa, ou seja, algo que n\u00e3o est\u00e1 no rol de riscos ordin\u00e1rios do neg\u00f3cio (ex: uma crise econ\u00f4mica mundial n\u00e3o esperada, uma pandemia).<\/li>\n\n\n\n<li><strong>Fato Extraordin\u00e1rio:<\/strong> O evento deve ser incomum, portanto, fora da normalidade dos acontecimentos. \u00c9 um evento de grande magnitude.<\/li>\n\n\n\n<li><strong>Consequ\u00eancia Inevit\u00e1vel:<\/strong> O evento deve gerar uma onerosidade excessiva para uma das partes e, por consequ\u00eancia, um desequil\u00edbrio na equa\u00e7\u00e3o econ\u00f4mico-financeira original. O preju\u00edzo deve ser significativo.<\/li>\n<\/ul>\n\n\n\n<p>Assim sendo, o risco comum do neg\u00f3cio (o chamado risco empresarial ou \u00e1lea econ\u00f4mica ordin\u00e1ria) n\u00e3o se enquadra na Teoria da Imprevis\u00e3o. O contratado assume os riscos normais da execu\u00e7\u00e3o.<\/p>\n\n\n\n<h2 class=\"wp-block-heading\" id=\"h-imprevisao-fato-do-principe-e-fato-da-administracao\">Imprevis\u00e3o, Fato do Pr\u00edncipe e Fato da Administra\u00e7\u00e3o<\/h2>\n\n\n\n<p>\u00c9 fundamental para a prova de concurso distinguir a <strong>Teoria da Imprevis\u00e3o<\/strong> de outros fatores que tamb\u00e9m podem gerar o desequil\u00edbrio contratual.<\/p>\n\n\n\n<h3 class=\"wp-block-heading\" id=\"h-1-fato-do-principe\">1. Fato do Pr\u00edncipe<\/h3>\n\n\n\n<p>O <strong>Fato do Pr\u00edncipe<\/strong> \u00e9 uma determina\u00e7\u00e3o geral e abstrata do pr\u00f3prio Poder P\u00fablico (que n\u00e3o tem rela\u00e7\u00e3o direta com o contrato) que onera a execu\u00e7\u00e3o. Por exemplo, um aumento geral de imposto (ato legislativo) que afeta o custo do servi\u00e7o.<\/p>\n\n\n\n<p>A principal diferen\u00e7a para a <strong>Imprevis\u00e3o<\/strong> \u00e9 que, no <strong>Fato do Pr\u00edncipe<\/strong>, a causa do desequil\u00edbrio \u00e9 um <strong>ato do pr\u00f3prio Poder P\u00fablico<\/strong>, embora de natureza geral e n\u00e3o espec\u00edfica para aquele contrato.<\/p>\n\n\n\n<h3 class=\"wp-block-heading\" id=\"h-2-fato-da-administracao\">2. Fato da Administra\u00e7\u00e3o<\/h3>\n\n\n\n<p>O <strong>Fato da Administra\u00e7\u00e3o<\/strong> \u00e9 uma <strong>a\u00e7\u00e3o ou omiss\u00e3o espec\u00edfica<\/strong> da Administra\u00e7\u00e3o P\u00fablica, diretamente ligada ao contrato, que impede ou dificulta a sua execu\u00e7\u00e3o. Por exemplo, o atraso na entrega de um local de obra ou a suspens\u00e3o unilateral do contrato sem justa causa.<\/p>\n\n\n\n<p>Nesse caso, o ato \u00e9 <strong>espec\u00edfico e imput\u00e1vel \u00e0 Administra\u00e7\u00e3o<\/strong>, gerando o dever de indenizar o contratado.<\/p>\n\n\n\n<figure class=\"wp-block-table\"><table class=\"has-fixed-layout\"><tbody><tr><td class=\"has-text-align-center\" data-align=\"center\"><strong>Caracter\u00edstica<\/strong><\/td><td class=\"has-text-align-center\" data-align=\"center\"><strong>Teoria da Imprevis\u00e3o<\/strong><\/td><td class=\"has-text-align-center\" data-align=\"center\"><strong>Fato do Pr\u00edncipe<\/strong><\/td><td class=\"has-text-align-center\" data-align=\"center\"><strong>Fato da Administra\u00e7\u00e3o<\/strong><\/td><\/tr><tr><td class=\"has-text-align-center\" data-align=\"center\"><strong>Origem do Fato<\/strong><\/td><td class=\"has-text-align-center\" data-align=\"center\">Evento alheio \u00e0 vontade das partes (for\u00e7a maior)<\/td><td class=\"has-text-align-center\" data-align=\"center\">Ato geral do Poder P\u00fablico<\/td><td class=\"has-text-align-center\" data-align=\"center\">Ato espec\u00edfico do Poder P\u00fablico<\/td><\/tr><tr><td class=\"has-text-align-center\" data-align=\"center\"><strong>Rela\u00e7\u00e3o com o Contrato<\/strong><\/td><td class=\"has-text-align-center\" data-align=\"center\">Indireta (ex: crise internacional)<\/td><td class=\"has-text-align-center\" data-align=\"center\">Indireta (ex: aumento de tributo)<\/td><td class=\"has-text-align-center\" data-align=\"center\">Direta (ex: atraso na entrega de \u00e1rea)<\/td><\/tr><tr><td class=\"has-text-align-center\" data-align=\"center\"><strong>Natureza<\/strong><\/td><td class=\"has-text-align-center\" data-align=\"center\">Imprevis\u00edvel e Extraordin\u00e1rio<\/td><td class=\"has-text-align-center\" data-align=\"center\">Previs\u00edvel ou Imprevis\u00edvel<\/td><td class=\"has-text-align-center\" data-align=\"center\">Imput\u00e1vel \u00e0 Administra\u00e7\u00e3o<\/td><\/tr><\/tbody><\/table><\/figure>\n\n\n\n<p>Em suma, todos levam \u00e0 revis\u00e3o, mas a origem do fato \u00e9 o elemento distintivo.<\/p>\n\n\n\n<h2 class=\"wp-block-heading\" id=\"h-a-revisao-contratual-e-a-nova-lei-de-licitacoes\">A Revis\u00e3o Contratual e a Nova Lei de Licita\u00e7\u00f5es<\/h2>\n\n\n\n<p>A <strong>revis\u00e3o do contrato<\/strong>, baseada na <strong>Teoria da Imprevis\u00e3o<\/strong>, tem como \u00fanico objetivo o restabelecimento da rela\u00e7\u00e3o custo-benef\u00edcio original. Nesse sentido, as partes podem alterar o valor do contrato por meio de um aditivo contratual ou estender o prazo de execu\u00e7\u00e3o.<\/p>\n\n\n\n<p>A <strong>Lei n\u00ba 14.133\/2021<\/strong>, em seus <strong>artigos <a href=\"https:\/\/www.jusbrasil.com.br\/topicos\/386671888\/artigo-124-da-lei-n-14133-de-01-de-abril-de-2021\" target=\"_blank\" rel=\"noreferrer noopener\">124<\/a> e <a href=\"https:\/\/www.jusbrasil.com.br\/topicos\/386671845\/artigo-131-da-lei-n-14133-de-01-de-abril-de-2021\" target=\"_blank\" rel=\"noreferrer noopener\">131<\/a><\/strong>, aborda o <strong>reequil\u00edbrio econ\u00f4mico-financeiro<\/strong>, refor\u00e7ando a necessidade de manter as condi\u00e7\u00f5es efetivas da proposta. Esses artigos garantem que, em caso de eventos supervenientes que impactem os custos contratuais, as partes possam ajustar os termos financeiros para preservar o equil\u00edbrio original do contrato.<\/p>\n\n\n\n<p>As inova\u00e7\u00f5es trazidas pela nova lei incluem:<\/p>\n\n\n\n<ul class=\"wp-block-list\">\n<li><strong>Reconhecimento Expresso: <\/strong>A lei refor\u00e7a a possibilidade de reequil\u00edbrio em caso de <strong>fato do pr\u00edncipe<\/strong> ou <strong>fato da administra\u00e7\u00e3o<\/strong>, al\u00e9m disso, em casos de <strong>for\u00e7a maior, caso fortuito ou fato imprevis\u00edvel<\/strong>.<\/li>\n\n\n\n<li><strong>Formaliza\u00e7\u00e3o:<\/strong> A revis\u00e3o deve ser formalizada por meio de <strong>termo aditivo<\/strong>, respeitando o <strong>princ\u00edpio da formalidade<\/strong>.<\/li>\n\n\n\n<li><strong>Veda\u00e7\u00e3o ao Enriquecimento:<\/strong> O reequil\u00edbrio deve ser <strong>justo<\/strong>, vedando-se o enriquecimento sem causa de qualquer das partes.<\/li>\n<\/ul>\n\n\n\n<p>\u00c9 importante destacar que a revis\u00e3o n\u00e3o implica a extin\u00e7\u00e3o do contrato. Pelo contr\u00e1rio, ela \u00e9 um mecanismo de conserva\u00e7\u00e3o do ajuste, permitindo que a Administra\u00e7\u00e3o continue a receber o servi\u00e7o e o contratado n\u00e3o seja prejudicado.<\/p>\n\n\n\n<h2 class=\"wp-block-heading\" id=\"h-conclusao\">Conclus\u00e3o<\/h2>\n\n\n\n<p>A <strong>Teoria da Imprevis\u00e3o<\/strong> \u00e9 a manifesta\u00e7\u00e3o do <strong>princ\u00edpio da mutabilidade dos contratos administrativos <\/strong>em face de eventos imprevis\u00edveis. Em resumo, ela protege o contratado e, principalmente, <strong>garante a continuidade<\/strong> do servi\u00e7o p\u00fablico, que \u00e9 o objetivo maior da contrata\u00e7\u00e3o.<\/p>\n\n\n\n<p>Para finalizar, lembre-se dos <strong>quatro requisitos<\/strong> e da distin\u00e7\u00e3o crucial com o <strong>Fato do Pr\u00edncipe<\/strong> e o <strong>Fato da Administra\u00e7\u00e3o<\/strong>. Portanto, revise este t\u00f3pico com aten\u00e7\u00e3o, pois ele \u00e9 recorrente nas provas de Direito Administrativo.<\/p>\n\n\n\n<p>Bons estudos e at\u00e9 a pr\u00f3xima!<\/p>\n\n\n\n<p><strong>Quer saber mais sobre esse e v\u00e1rios outros assuntos?<\/strong> Confira nossa se\u00e7\u00e3o de <a href=\"https:\/\/www.estrategiaconcursos.com.br\/blog\/?filter=artigos\" target=\"_blank\" rel=\"noreferrer noopener\">artigos<\/a>.<\/p>\n\n\n\n<p class=\"has-text-align-center has-vivid-cyan-blue-color has-text-color has-background\" style=\"background-color:#0078bd\"><a href=\"https:\/\/www.estrategiaconcursos.com.br\/blog\/concursos-abertos\/\" target=\"_blank\" rel=\"noreferrer noopener\"><strong><mark style=\"background-color:rgba(0, 0, 0, 0)\" class=\"has-inline-color has-white-color\">Concursos Abertos<\/mark><\/strong><\/a><\/p>\n\n\n\n<p class=\"has-text-align-center has-vivid-cyan-blue-color has-text-color has-background\" style=\"background-color:#0078bd\"><a href=\"https:\/\/www.estrategiaconcursos.com.br\/blog\/concursos-2025\/\" target=\"_blank\" rel=\"noreferrer noopener\"><strong><mark style=\"background-color:rgba(0, 0, 0, 0)\" class=\"has-inline-color has-white-color\">Concursos 2025<\/mark><\/strong><\/a><\/p>\n","protected":false},"excerpt":{"rendered":"<p>Ol\u00e1, concurseiro! Os contratos celebrados pela Administra\u00e7\u00e3o P\u00fablica possuem caracter\u00edsticas singulares que os diferenciam dos contratos privados. Nesse sentido, o princ\u00edpio da imutabilidade n\u00e3o \u00e9 absoluto, e a Teoria da Imprevis\u00e3o e a Revis\u00e3o de Contratos surgem como mecanismos essenciais para garantir o equil\u00edbrio econ\u00f4mico-financeiro do contrato. Portanto, entender como e quando essa teoria se [&hellip;]<\/p>\n","protected":false},"author":3083,"featured_media":1662227,"comment_status":"open","ping_status":"closed","sticky":false,"template":"","format":"standard","meta":{"post_tipo":"article","footnotes":""},"categories":[220215,2313,1,220180,222240,164300,214992,220181,1983,220182,220183,220193,220194,220195,220196,220197,2017,222238,1988,220190,222278,220191,220737,1984,214710,222239,222235,222236,222237],"tags":[],"tax_estado":[],"class_list":["post-1662213","post","type-post","status-publish","format-standard","has-post-thumbnail","hentry","category-agencia-reguladora","category-carreiras-bancarias","category-cursos-e-concursos","category-controle-gestao","category-defensoria-publica-2","category-concurso-diplomacia","category-concursos-administrativos","category-area-financeira","category-fiscal-estadual","category-fiscal-federal","category-fiscal-municipal","category-defensoria-publica","category-delegado","category-magistratura","category-procuradorias","category-promotor-de-justica","category-concursos-legislativos","category-ministerio-publico","category-policia","category-policial-peritos","category-prefeituras","category-previdenciaria","category-tribunais-tribunais","category-tribunais","category-tribunais-de-contas","category-tribunais-regionais-federais","category-tribunal-de-justica","category-tribunal-regional-do-trabalho","category-tribunal-regional-eleitoral"],"acf":[],"yoast_head":"<!-- This site is optimized with the Yoast SEO Premium plugin v27.2 (Yoast SEO v27.2) - https:\/\/yoast.com\/product\/yoast-seo-premium-wordpress\/ -->\n<title>Teoria da Imprevis\u00e3o e a Revis\u00e3o de Contratos Administrativos<\/title>\n<meta name=\"description\" content=\"Entenda a Teoria da Imprevis\u00e3o e a Revis\u00e3o de Contratos no Direito Administrativo. Conhe\u00e7a seus requisitos e aplica\u00e7\u00f5es.\" \/>\n<meta name=\"robots\" content=\"index, follow, max-snippet:-1, max-image-preview:large, max-video-preview:-1\" \/>\n<link rel=\"canonical\" href=\"https:\/\/www.estrategiaconcursos.com.br\/blog\/teoria-imprevisao-contratos-administrativos\/\" \/>\n<meta property=\"og:locale\" content=\"pt_BR\" \/>\n<meta property=\"og:type\" content=\"article\" \/>\n<meta property=\"og:title\" content=\"A Teoria da Imprevis\u00e3o e a Revis\u00e3o de Contratos Administrativos\" \/>\n<meta property=\"og:description\" content=\"Entenda a Teoria da Imprevis\u00e3o e a Revis\u00e3o de Contratos no Direito Administrativo. Conhe\u00e7a seus requisitos e aplica\u00e7\u00f5es.\" \/>\n<meta property=\"og:url\" content=\"https:\/\/www.estrategiaconcursos.com.br\/blog\/teoria-imprevisao-contratos-administrativos\/\" \/>\n<meta property=\"og:site_name\" content=\"Estrat\u00e9gia Concursos\" \/>\n<meta property=\"article:published_time\" content=\"2025-11-27T11:24:00+00:00\" \/>\n<meta property=\"og:image\" content=\"https:\/\/dhg1h5j42swfq.cloudfront.net\/2025\/10\/28224147\/image-generation-3.jpg\" \/>\n\t<meta property=\"og:image:width\" content=\"1024\" \/>\n\t<meta property=\"og:image:height\" content=\"1536\" \/>\n\t<meta property=\"og:image:type\" content=\"image\/jpeg\" \/>\n<meta name=\"author\" content=\"Oscar Vareda Moreira Neto\" \/>\n<meta name=\"twitter:card\" content=\"summary_large_image\" \/>\n<meta name=\"twitter:creator\" content=\"@EstratConcursos\" \/>\n<meta name=\"twitter:site\" content=\"@EstratConcursos\" \/>\n<meta name=\"twitter:label1\" content=\"Escrito por\" \/>\n\t<meta name=\"twitter:data1\" content=\"Oscar Vareda Moreira Neto\" \/>\n\t<meta name=\"twitter:label2\" content=\"Est. tempo de leitura\" \/>\n\t<meta name=\"twitter:data2\" content=\"6 minutos\" \/>\n<script type=\"application\/ld+json\" class=\"yoast-schema-graph\">{\"@context\":\"https:\/\/schema.org\",\"@graph\":[{\"@type\":\"NewsArticle\",\"@id\":\"https:\/\/www.estrategiaconcursos.com.br\/blog\/teoria-imprevisao-contratos-administrativos\/#article\",\"isPartOf\":{\"@id\":\"https:\/\/www.estrategiaconcursos.com.br\/blog\/teoria-imprevisao-contratos-administrativos\/\"},\"author\":{\"name\":\"Oscar Vareda Moreira Neto\",\"@id\":\"https:\/\/www.estrategiaconcursos.com.br\/blog\/#\/schema\/person\/90384de657b66e51fb05ebaa6c54ce0e\"},\"headline\":\"A Teoria da Imprevis\u00e3o e a Revis\u00e3o de Contratos Administrativos\",\"datePublished\":\"2025-11-27T11:24:00+00:00\",\"mainEntityOfPage\":{\"@id\":\"https:\/\/www.estrategiaconcursos.com.br\/blog\/teoria-imprevisao-contratos-administrativos\/\"},\"wordCount\":1221,\"commentCount\":0,\"publisher\":{\"@id\":\"https:\/\/www.estrategiaconcursos.com.br\/blog\/#organization\"},\"image\":{\"@id\":\"https:\/\/www.estrategiaconcursos.com.br\/blog\/teoria-imprevisao-contratos-administrativos\/#primaryimage\"},\"thumbnailUrl\":\"https:\/\/dhg1h5j42swfq.cloudfront.net\/2025\/10\/28224147\/image-generation-3.jpg\",\"articleSection\":[\"Ag\u00eancia Reguladora\",\"Banc\u00e1ria (BB, CEF e Bancos Estaduais)\",\"Concursos P\u00fablicos\",\"Controladorias\/Gest\u00e3o (CGU, CGE, STN, EPPGG)\",\"Defensoria P\u00fablica\",\"Diplomacia (CACD)\",\"Executivo (Administrativa)\",\"Financeira (BACEN, CVM, SUSEP e BNDES)\",\"Fiscal - Estadual (ICMS)\",\"Fiscal - Federal (RFB e AFT)\",\"Fiscal - Municipal (ISS)\",\"Jur\u00eddico - Defensoria P\u00fablica\",\"Jur\u00eddico - Delegado\",\"Jur\u00eddico - Magistratura\",\"Jur\u00eddico - Procuradorias\",\"Jur\u00eddico - Promotor de Justi\u00e7a\",\"Legislativo\",\"Minist\u00e9rio P\u00fablico\",\"Policial (Agente, Escriv\u00e3o e Investigador)\",\"Policial (Peritos, Papiloscopistas)\",\"Prefeituras\",\"Previdenci\u00e1ria (INSS, PREVIC)\",\"Tribunais\",\"Tribunais\",\"Tribunais de Contas (TCU, TCE, TCM)\",\"Tribunais Regionais Federais\",\"Tribunal de Justi\u00e7a\",\"Tribunal Regional do Trabalho\",\"Tribunal Regional Eleitoral\"],\"inLanguage\":\"pt-BR\",\"potentialAction\":[{\"@type\":\"CommentAction\",\"name\":\"Comment\",\"target\":[\"https:\/\/www.estrategiaconcursos.com.br\/blog\/teoria-imprevisao-contratos-administrativos\/#respond\"]}],\"copyrightYear\":\"2025\",\"copyrightHolder\":{\"@id\":\"https:\/\/www.estrategiaconcursos.com.br\/blog\/#organization\"}},{\"@type\":\"WebPage\",\"@id\":\"https:\/\/www.estrategiaconcursos.com.br\/blog\/teoria-imprevisao-contratos-administrativos\/\",\"url\":\"https:\/\/www.estrategiaconcursos.com.br\/blog\/teoria-imprevisao-contratos-administrativos\/\",\"name\":\"Teoria da Imprevis\u00e3o e a Revis\u00e3o de Contratos Administrativos\",\"isPartOf\":{\"@id\":\"https:\/\/www.estrategiaconcursos.com.br\/blog\/#website\"},\"primaryImageOfPage\":{\"@id\":\"https:\/\/www.estrategiaconcursos.com.br\/blog\/teoria-imprevisao-contratos-administrativos\/#primaryimage\"},\"image\":{\"@id\":\"https:\/\/www.estrategiaconcursos.com.br\/blog\/teoria-imprevisao-contratos-administrativos\/#primaryimage\"},\"thumbnailUrl\":\"https:\/\/dhg1h5j42swfq.cloudfront.net\/2025\/10\/28224147\/image-generation-3.jpg\",\"datePublished\":\"2025-11-27T11:24:00+00:00\",\"description\":\"Entenda a Teoria da Imprevis\u00e3o e a Revis\u00e3o de Contratos no Direito Administrativo. Conhe\u00e7a seus requisitos e aplica\u00e7\u00f5es.\",\"breadcrumb\":{\"@id\":\"https:\/\/www.estrategiaconcursos.com.br\/blog\/teoria-imprevisao-contratos-administrativos\/#breadcrumb\"},\"inLanguage\":\"pt-BR\",\"potentialAction\":[{\"@type\":\"ReadAction\",\"target\":[\"https:\/\/www.estrategiaconcursos.com.br\/blog\/teoria-imprevisao-contratos-administrativos\/\"]}]},{\"@type\":\"ImageObject\",\"inLanguage\":\"pt-BR\",\"@id\":\"https:\/\/www.estrategiaconcursos.com.br\/blog\/teoria-imprevisao-contratos-administrativos\/#primaryimage\",\"url\":\"https:\/\/dhg1h5j42swfq.cloudfront.net\/2025\/10\/28224147\/image-generation-3.jpg\",\"contentUrl\":\"https:\/\/dhg1h5j42swfq.cloudfront.net\/2025\/10\/28224147\/image-generation-3.jpg\",\"width\":1024,\"height\":1536,\"caption\":\"Teoria da Imprevis\u00e3o\"},{\"@type\":\"BreadcrumbList\",\"@id\":\"https:\/\/www.estrategiaconcursos.com.br\/blog\/teoria-imprevisao-contratos-administrativos\/#breadcrumb\",\"itemListElement\":[{\"@type\":\"ListItem\",\"position\":1,\"name\":\"In\u00edcio\",\"item\":\"https:\/\/www.estrategiaconcursos.com.br\/blog\/\"},{\"@type\":\"ListItem\",\"position\":2,\"name\":\"A Teoria da Imprevis\u00e3o e a Revis\u00e3o de Contratos Administrativos\"}]},{\"@type\":\"WebSite\",\"@id\":\"https:\/\/www.estrategiaconcursos.com.br\/blog\/#website\",\"url\":\"https:\/\/www.estrategiaconcursos.com.br\/blog\/\",\"name\":\"Estrat\u00e9gia Concursos\",\"description\":\"O blog da Estrat\u00e9gia Concursos traz not\u00edcias sobre concursos e artigos de professores oferecendo cursos para concursos (pdf + videaulas) no site.\",\"publisher\":{\"@id\":\"https:\/\/www.estrategiaconcursos.com.br\/blog\/#organization\"},\"potentialAction\":[{\"@type\":\"SearchAction\",\"target\":{\"@type\":\"EntryPoint\",\"urlTemplate\":\"https:\/\/www.estrategiaconcursos.com.br\/blog\/?s={search_term_string}\"},\"query-input\":{\"@type\":\"PropertyValueSpecification\",\"valueRequired\":true,\"valueName\":\"search_term_string\"}}],\"inLanguage\":\"pt-BR\"},{\"@type\":\"Organization\",\"@id\":\"https:\/\/www.estrategiaconcursos.com.br\/blog\/#organization\",\"name\":\"Estrat\u00e9gia Concursos\",\"url\":\"https:\/\/www.estrategiaconcursos.com.br\/blog\/\",\"logo\":{\"@type\":\"ImageObject\",\"inLanguage\":\"pt-BR\",\"@id\":\"https:\/\/www.estrategiaconcursos.com.br\/blog\/#\/schema\/logo\/image\/\",\"url\":\"https:\/\/dhg1h5j42swfq.cloudfront.net\/2025\/06\/03203428\/logo_concursos-1.jpg\",\"contentUrl\":\"https:\/\/dhg1h5j42swfq.cloudfront.net\/2025\/06\/03203428\/logo_concursos-1.jpg\",\"width\":230,\"height\":60,\"caption\":\"Estrat\u00e9gia Concursos\"},\"image\":{\"@id\":\"https:\/\/www.estrategiaconcursos.com.br\/blog\/#\/schema\/logo\/image\/\"},\"sameAs\":[\"https:\/\/x.com\/EstratConcursos\"]},{\"@type\":\"Person\",\"@id\":\"https:\/\/www.estrategiaconcursos.com.br\/blog\/#\/schema\/person\/90384de657b66e51fb05ebaa6c54ce0e\",\"name\":\"Oscar Vareda Moreira Neto\",\"image\":{\"@type\":\"ImageObject\",\"inLanguage\":\"pt-BR\",\"@id\":\"https:\/\/secure.gravatar.com\/avatar\/754b625bf051a51e7127a9e3de6e66da202155bd66e3936a251bc875ed5428aa?s=96&d=mm&r=g\",\"url\":\"https:\/\/secure.gravatar.com\/avatar\/754b625bf051a51e7127a9e3de6e66da202155bd66e3936a251bc875ed5428aa?s=96&d=mm&r=g\",\"contentUrl\":\"https:\/\/secure.gravatar.com\/avatar\/754b625bf051a51e7127a9e3de6e66da202155bd66e3936a251bc875ed5428aa?s=96&d=mm&r=g\",\"caption\":\"Oscar Vareda Moreira Neto\"},\"url\":\"https:\/\/www.estrategiaconcursos.com.br\/blog\/author\/oscarvaredagmail-com\/\"}]}<\/script>\n<!-- \/ Yoast SEO Premium plugin. -->","yoast_head_json":{"title":"Teoria da Imprevis\u00e3o e a Revis\u00e3o de Contratos Administrativos","description":"Entenda a Teoria da Imprevis\u00e3o e a Revis\u00e3o de Contratos no Direito Administrativo. Conhe\u00e7a seus requisitos e aplica\u00e7\u00f5es.","robots":{"index":"index","follow":"follow","max-snippet":"max-snippet:-1","max-image-preview":"max-image-preview:large","max-video-preview":"max-video-preview:-1"},"canonical":"https:\/\/www.estrategiaconcursos.com.br\/blog\/teoria-imprevisao-contratos-administrativos\/","og_locale":"pt_BR","og_type":"article","og_title":"A Teoria da Imprevis\u00e3o e a Revis\u00e3o de Contratos Administrativos","og_description":"Entenda a Teoria da Imprevis\u00e3o e a Revis\u00e3o de Contratos no Direito Administrativo. Conhe\u00e7a seus requisitos e aplica\u00e7\u00f5es.","og_url":"https:\/\/www.estrategiaconcursos.com.br\/blog\/teoria-imprevisao-contratos-administrativos\/","og_site_name":"Estrat\u00e9gia Concursos","article_published_time":"2025-11-27T11:24:00+00:00","og_image":[{"width":1024,"height":1536,"url":"https:\/\/dhg1h5j42swfq.cloudfront.net\/2025\/10\/28224147\/image-generation-3.jpg","type":"image\/jpeg"}],"author":"Oscar Vareda Moreira Neto","twitter_card":"summary_large_image","twitter_creator":"@EstratConcursos","twitter_site":"@EstratConcursos","twitter_misc":{"Escrito por":"Oscar Vareda Moreira Neto","Est. tempo de leitura":"6 minutos"},"schema":{"@context":"https:\/\/schema.org","@graph":[{"@type":"NewsArticle","@id":"https:\/\/www.estrategiaconcursos.com.br\/blog\/teoria-imprevisao-contratos-administrativos\/#article","isPartOf":{"@id":"https:\/\/www.estrategiaconcursos.com.br\/blog\/teoria-imprevisao-contratos-administrativos\/"},"author":{"name":"Oscar Vareda Moreira Neto","@id":"https:\/\/www.estrategiaconcursos.com.br\/blog\/#\/schema\/person\/90384de657b66e51fb05ebaa6c54ce0e"},"headline":"A Teoria da Imprevis\u00e3o e a Revis\u00e3o de Contratos Administrativos","datePublished":"2025-11-27T11:24:00+00:00","mainEntityOfPage":{"@id":"https:\/\/www.estrategiaconcursos.com.br\/blog\/teoria-imprevisao-contratos-administrativos\/"},"wordCount":1221,"commentCount":0,"publisher":{"@id":"https:\/\/www.estrategiaconcursos.com.br\/blog\/#organization"},"image":{"@id":"https:\/\/www.estrategiaconcursos.com.br\/blog\/teoria-imprevisao-contratos-administrativos\/#primaryimage"},"thumbnailUrl":"https:\/\/dhg1h5j42swfq.cloudfront.net\/2025\/10\/28224147\/image-generation-3.jpg","articleSection":["Ag\u00eancia Reguladora","Banc\u00e1ria (BB, CEF e Bancos Estaduais)","Concursos P\u00fablicos","Controladorias\/Gest\u00e3o (CGU, CGE, STN, EPPGG)","Defensoria P\u00fablica","Diplomacia (CACD)","Executivo (Administrativa)","Financeira (BACEN, CVM, SUSEP e BNDES)","Fiscal - Estadual (ICMS)","Fiscal - Federal (RFB e AFT)","Fiscal - Municipal (ISS)","Jur\u00eddico - Defensoria P\u00fablica","Jur\u00eddico - Delegado","Jur\u00eddico - Magistratura","Jur\u00eddico - Procuradorias","Jur\u00eddico - Promotor de Justi\u00e7a","Legislativo","Minist\u00e9rio P\u00fablico","Policial (Agente, Escriv\u00e3o e Investigador)","Policial (Peritos, Papiloscopistas)","Prefeituras","Previdenci\u00e1ria (INSS, PREVIC)","Tribunais","Tribunais","Tribunais de Contas (TCU, TCE, TCM)","Tribunais Regionais Federais","Tribunal de Justi\u00e7a","Tribunal Regional do Trabalho","Tribunal Regional Eleitoral"],"inLanguage":"pt-BR","potentialAction":[{"@type":"CommentAction","name":"Comment","target":["https:\/\/www.estrategiaconcursos.com.br\/blog\/teoria-imprevisao-contratos-administrativos\/#respond"]}],"copyrightYear":"2025","copyrightHolder":{"@id":"https:\/\/www.estrategiaconcursos.com.br\/blog\/#organization"}},{"@type":"WebPage","@id":"https:\/\/www.estrategiaconcursos.com.br\/blog\/teoria-imprevisao-contratos-administrativos\/","url":"https:\/\/www.estrategiaconcursos.com.br\/blog\/teoria-imprevisao-contratos-administrativos\/","name":"Teoria da Imprevis\u00e3o e a Revis\u00e3o de Contratos Administrativos","isPartOf":{"@id":"https:\/\/www.estrategiaconcursos.com.br\/blog\/#website"},"primaryImageOfPage":{"@id":"https:\/\/www.estrategiaconcursos.com.br\/blog\/teoria-imprevisao-contratos-administrativos\/#primaryimage"},"image":{"@id":"https:\/\/www.estrategiaconcursos.com.br\/blog\/teoria-imprevisao-contratos-administrativos\/#primaryimage"},"thumbnailUrl":"https:\/\/dhg1h5j42swfq.cloudfront.net\/2025\/10\/28224147\/image-generation-3.jpg","datePublished":"2025-11-27T11:24:00+00:00","description":"Entenda a Teoria da Imprevis\u00e3o e a Revis\u00e3o de Contratos no Direito Administrativo. Conhe\u00e7a seus requisitos e aplica\u00e7\u00f5es.","breadcrumb":{"@id":"https:\/\/www.estrategiaconcursos.com.br\/blog\/teoria-imprevisao-contratos-administrativos\/#breadcrumb"},"inLanguage":"pt-BR","potentialAction":[{"@type":"ReadAction","target":["https:\/\/www.estrategiaconcursos.com.br\/blog\/teoria-imprevisao-contratos-administrativos\/"]}]},{"@type":"ImageObject","inLanguage":"pt-BR","@id":"https:\/\/www.estrategiaconcursos.com.br\/blog\/teoria-imprevisao-contratos-administrativos\/#primaryimage","url":"https:\/\/dhg1h5j42swfq.cloudfront.net\/2025\/10\/28224147\/image-generation-3.jpg","contentUrl":"https:\/\/dhg1h5j42swfq.cloudfront.net\/2025\/10\/28224147\/image-generation-3.jpg","width":1024,"height":1536,"caption":"Teoria da Imprevis\u00e3o"},{"@type":"BreadcrumbList","@id":"https:\/\/www.estrategiaconcursos.com.br\/blog\/teoria-imprevisao-contratos-administrativos\/#breadcrumb","itemListElement":[{"@type":"ListItem","position":1,"name":"In\u00edcio","item":"https:\/\/www.estrategiaconcursos.com.br\/blog\/"},{"@type":"ListItem","position":2,"name":"A Teoria da Imprevis\u00e3o e a Revis\u00e3o de Contratos Administrativos"}]},{"@type":"WebSite","@id":"https:\/\/www.estrategiaconcursos.com.br\/blog\/#website","url":"https:\/\/www.estrategiaconcursos.com.br\/blog\/","name":"Estrat\u00e9gia Concursos","description":"O blog da Estrat\u00e9gia Concursos traz not\u00edcias sobre concursos e artigos de professores oferecendo cursos para concursos (pdf + videaulas) no site.","publisher":{"@id":"https:\/\/www.estrategiaconcursos.com.br\/blog\/#organization"},"potentialAction":[{"@type":"SearchAction","target":{"@type":"EntryPoint","urlTemplate":"https:\/\/www.estrategiaconcursos.com.br\/blog\/?s={search_term_string}"},"query-input":{"@type":"PropertyValueSpecification","valueRequired":true,"valueName":"search_term_string"}}],"inLanguage":"pt-BR"},{"@type":"Organization","@id":"https:\/\/www.estrategiaconcursos.com.br\/blog\/#organization","name":"Estrat\u00e9gia Concursos","url":"https:\/\/www.estrategiaconcursos.com.br\/blog\/","logo":{"@type":"ImageObject","inLanguage":"pt-BR","@id":"https:\/\/www.estrategiaconcursos.com.br\/blog\/#\/schema\/logo\/image\/","url":"https:\/\/dhg1h5j42swfq.cloudfront.net\/2025\/06\/03203428\/logo_concursos-1.jpg","contentUrl":"https:\/\/dhg1h5j42swfq.cloudfront.net\/2025\/06\/03203428\/logo_concursos-1.jpg","width":230,"height":60,"caption":"Estrat\u00e9gia Concursos"},"image":{"@id":"https:\/\/www.estrategiaconcursos.com.br\/blog\/#\/schema\/logo\/image\/"},"sameAs":["https:\/\/x.com\/EstratConcursos"]},{"@type":"Person","@id":"https:\/\/www.estrategiaconcursos.com.br\/blog\/#\/schema\/person\/90384de657b66e51fb05ebaa6c54ce0e","name":"Oscar Vareda Moreira Neto","image":{"@type":"ImageObject","inLanguage":"pt-BR","@id":"https:\/\/secure.gravatar.com\/avatar\/754b625bf051a51e7127a9e3de6e66da202155bd66e3936a251bc875ed5428aa?s=96&d=mm&r=g","url":"https:\/\/secure.gravatar.com\/avatar\/754b625bf051a51e7127a9e3de6e66da202155bd66e3936a251bc875ed5428aa?s=96&d=mm&r=g","contentUrl":"https:\/\/secure.gravatar.com\/avatar\/754b625bf051a51e7127a9e3de6e66da202155bd66e3936a251bc875ed5428aa?s=96&d=mm&r=g","caption":"Oscar Vareda Moreira Neto"},"url":"https:\/\/www.estrategiaconcursos.com.br\/blog\/author\/oscarvaredagmail-com\/"}]}},"_links":{"self":[{"href":"https:\/\/www.estrategiaconcursos.com.br\/blog\/wp-json\/wp\/v2\/posts\/1662213","targetHints":{"allow":["GET"]}}],"collection":[{"href":"https:\/\/www.estrategiaconcursos.com.br\/blog\/wp-json\/wp\/v2\/posts"}],"about":[{"href":"https:\/\/www.estrategiaconcursos.com.br\/blog\/wp-json\/wp\/v2\/types\/post"}],"author":[{"embeddable":true,"href":"https:\/\/www.estrategiaconcursos.com.br\/blog\/wp-json\/wp\/v2\/users\/3083"}],"replies":[{"embeddable":true,"href":"https:\/\/www.estrategiaconcursos.com.br\/blog\/wp-json\/wp\/v2\/comments?post=1662213"}],"version-history":[{"count":2,"href":"https:\/\/www.estrategiaconcursos.com.br\/blog\/wp-json\/wp\/v2\/posts\/1662213\/revisions"}],"predecessor-version":[{"id":1662230,"href":"https:\/\/www.estrategiaconcursos.com.br\/blog\/wp-json\/wp\/v2\/posts\/1662213\/revisions\/1662230"}],"wp:featuredmedia":[{"embeddable":true,"href":"https:\/\/www.estrategiaconcursos.com.br\/blog\/wp-json\/wp\/v2\/media\/1662227"}],"wp:attachment":[{"href":"https:\/\/www.estrategiaconcursos.com.br\/blog\/wp-json\/wp\/v2\/media?parent=1662213"}],"wp:term":[{"taxonomy":"category","embeddable":true,"href":"https:\/\/www.estrategiaconcursos.com.br\/blog\/wp-json\/wp\/v2\/categories?post=1662213"},{"taxonomy":"post_tag","embeddable":true,"href":"https:\/\/www.estrategiaconcursos.com.br\/blog\/wp-json\/wp\/v2\/tags?post=1662213"},{"taxonomy":"tax_estado","embeddable":true,"href":"https:\/\/www.estrategiaconcursos.com.br\/blog\/wp-json\/wp\/v2\/tax_estado?post=1662213"}],"curies":[{"name":"wp","href":"https:\/\/api.w.org\/{rel}","templated":true}]}}