{"id":1662197,"date":"2026-03-06T06:45:00","date_gmt":"2026-03-06T09:45:00","guid":{"rendered":"https:\/\/www.estrategiaconcursos.com.br\/blog\/?p=1662197"},"modified":"2026-03-06T15:09:36","modified_gmt":"2026-03-06T18:09:36","slug":"concurso-fapeal","status":"publish","type":"post","link":"https:\/\/www.estrategiaconcursos.com.br\/blog\/concurso-fapeal\/","title":{"rendered":"Concurso Fapeal: comiss\u00e3o alterada! Banca iminente!"},"content":{"rendered":"\n<p>Foi alterada a comiss\u00e3o organizadora do concurso p\u00fablico da <strong>Funda\u00e7\u00e3o de Amparo \u00e0 Pesquisa (Fapeal).<\/strong> <\/p>\n\n\n\n<p>Vale lembrar que a principal fun\u00e7\u00e3o da comiss\u00e3o \u00e9 dar prosseguimento nos tr\u00e2mites do certame, bem como escolher e oficializar a empresa organizadora.<\/p>\n\n\n\n<p>A seguir, confira o documento divulgado pelo governo estadual que apresenta as mudan\u00e7as nas&nbsp;<strong>comiss\u00f5es organizadoras de alguns concursos em Alagoas<\/strong>.<\/p>\n\n\n\n<ul class=\"wp-block-list\">\n<li><strong><a href=\"https:\/\/dhg1h5j42swfq.cloudfront.net\/2026\/01\/06070504\/alagoas.pdf\" target=\"_blank\" rel=\"noreferrer noopener nofollow\">Comiss\u00e3o alterada<\/a><\/strong><\/li>\n<\/ul>\n\n\n\n<p>S\u00e3o previstas <strong>10 vagas imediatas<\/strong> mais <strong>10 em cadastro reserva<\/strong> para o cargo de <strong>Gestor Especializado de Ci\u00eancia e Tecnologia<\/strong>, que exige n\u00edvel superior e tem jornada de trabalho de 40 horas semanais.<\/p>\n\n\n\n<p>Apesar do certame oferecer apenas oportunidades para <strong>Analista<\/strong>, segundo o Plano de Cargos da autarquia, o quadro de servidores \u00e9 ainda formado por cargos de <strong>Assistente T\u00e9cnico e Auxiliar T\u00e9cnico<\/strong>, ambos de n\u00edvel m\u00e9dio.<\/p>\n\n\n\n<ul class=\"wp-block-list has-very-light-gray-to-cyan-bluish-gray-gradient-background has-background\">\n<li><strong>Funda\u00e7\u00e3o de Amparo \u00e0 Pesquisa do Estado de Alagoas <\/strong><\/li>\n\n\n\n<li><strong style=\"color: initial;\">Status:&nbsp;<\/strong>comiss\u00e3o formada<\/li>\n\n\n\n<li><strong>Banca:<\/strong>&nbsp;a definir<\/li>\n\n\n\n<li><strong>Vagas:<\/strong> 10 + 10 CR<\/li>\n\n\n\n<li><strong>Sal\u00e1rio inicial:<\/strong>&nbsp;R$ 1.800,00 a R$ 5.359,57 <em>&#8211; conforme Plano de Cargos (2022)<\/em><\/li>\n<\/ul>\n\n\n\n<ul class=\"wp-block-list\">\n<li><strong><a href=\"#arsal\">Sobre a Fapeal<\/a><\/strong><\/li>\n\n\n\n<li><a href=\"#atual\"><strong>Autoriza\u00e7\u00e3o do concurso<\/strong><\/a><\/li>\n\n\n\n<li><a href=\"#plano\"><strong>Plano de Cargos<\/strong><\/a>\n<ul class=\"wp-block-list\">\n<li><a href=\"#salarios\">Sal\u00e1rios<\/a><\/li>\n\n\n\n<li><a href=\"#cargos\">N\u00ba de cargos<\/a><\/li>\n<\/ul>\n<\/li>\n\n\n\n<li><a href=\"#cursos\"><strong>Assinatura e cursos<\/strong><\/a><\/li>\n\n\n\n<li><a href=\"#ficha\"><strong>Ficha t\u00e9cnica<\/strong><\/a><\/li>\n<\/ul>\n\n\n\n<div class=\"container\" id=\"boxes\">\n  <div class=\"row\">\n\n    <div class=\"col-sm\">\n      <div class=\"banner-adm-ec\" id=\"box-assinatura\">\n        <h2 class=\"titulo-assinatura\" style=\"text-align: left;\">Concursos Administrativos<\/h2>\n        <p class=\"subtitulo-assinatura\" style=\"text-align: left;\">Prepara\u00e7\u00e3o completa para os concursos<\/p>\n        <div class=\"box-botao\" style=\"text-align: left;\">\n          <a class=\"btn-assinatura\" target=\"_blank\" href=\"https:\/\/www.estrategiaconcursos.com.br\/pesquisa\/?q=apeal\/\" role=\"button\" rel=\"noopener noreferrer\">VER CURSOS<\/a>\n        <\/div>\n      <\/div><\/div><\/div><\/div>\n\n\n\n<h2 class=\"wp-block-heading\" id=\"arsal\">Sobre a Fapeal<\/h2>\n\n\n\n<p>A <a href=\"https:\/\/www.fapeal.br\/institucional\/competencia\/\" target=\"_blank\" rel=\"noreferrer noopener\">FAPEAL<\/a> exerce atividades de fomento \u00e0 pesquisa e indu\u00e7\u00e3o tecnol\u00f3gica, al\u00e9m de ser gestora do Ponto de Presen\u00e7a (PoP) da Rede Nacional de Pesquisa (RNP), que liga pioneiramente o Estado de Alagoas \u00e0 Internet, oferecendo servi\u00e7os de conectividade \u00e0 comunidade cient\u00edfica, institui\u00e7\u00f5es governamentais e ONGs. Viabiliza Projetos de Pesquisas Induzidos que priorizam \u00e1reas estrat\u00e9gicas para o desenvolvimento do Estado, al\u00e9m de ter realizado o Programa Pr\u00f3-Ci\u00eancias, que capacitou mais de seiscentos professores das disciplinas de Matem\u00e1tica, F\u00edsica, Qu\u00edmica e Biologia e o Projeto Nordeste de Pesquisa e P\u00f3s-Gradua\u00e7\u00e3o que estimulou cursos de P\u00f3s-Gradua\u00e7\u00e3o realizados em Alagoas, sem contar com as centenas de bolsas e aux\u00edlios que oferece anualmente, melhor qualificando e contribuindo para a forma\u00e7\u00e3o de recursos humanos de alto n\u00edvel para Alagoas. A FAPEAL representa hoje uma institui\u00e7\u00e3o inteiramente comprometida com o desenvolvimento e com o destino do Estado.<\/p>\n\n\n\n<h2 class=\"wp-block-heading\" id=\"h-concurso-fapeal-autorizacao\">Concurso Fapeal: autoriza\u00e7\u00e3o<\/h2>\n\n\n\n<p>No dia 28 de outubro de 2025, o governador Paulo Dantas, em alus\u00e3o ao Dia do Servidor P\u00fablico, anunciou mais de <strong>11 mil vagas em concursos p\u00fablicos de <a href=\"https:\/\/www.estrategiaconcursos.com.br\/blog\/concurso-al-vagas-orgaos-ate-2026\/\" target=\"_blank\" rel=\"noreferrer noopener\">diferentes \u00f3rg\u00e3os estaduais<\/a><\/strong>.<\/p>\n\n\n\n<p>Entre eles, estava a Fapeal, que ter\u00e1 <strong>10 vagas imediatas mais 10 de cadastro reserva<\/strong> para o cargo de <strong>Gestor Especializado de Ci\u00eancia e Tecnologia<\/strong>, de n\u00edvel superior.<\/p>\n\n\n\n<p>Na ocasi\u00e3o, tamb\u00e9m foi anunciado que os concursos n\u00e3o ser\u00e3o unificados em um s\u00f3 edital, j\u00e1 que as oportunidades s\u00e3o para diversas \u00e1reas.<\/p>\n\n\n\n<h2 class=\"wp-block-heading\" id=\"h-concurso-fapeal-plano-de-cargos\">Concurso Fapeal: Plano de Cargos<\/h2>\n\n\n\n<h3 class=\"wp-block-heading\" id=\"salarios\">Sal\u00e1rios<\/h3>\n\n\n\n<p>O Plano de Cargos referente \u00e0s carreiras do concurso Fapeal s\u00e3o vigentes atrav\u00e9s da LEI N\u00ba 8.626, DE 28 DE MAR\u00c7O DE 2022<\/p>\n\n\n\n<p>Segundo o documento, a remunera\u00e7\u00e3o-base e as gratifica\u00e7\u00f5es dos cargos se distribuem em classes progressivas da seguinte forma:<\/p>\n\n\n\n<ul class=\"wp-block-list\">\n<li><strong><\/strong><strong>Gestor Especializado de Ci\u00eancia e Tecnologia<\/strong>: em 7 (sete) Classes denominadas pelas letras mai\u00fasculas A, B, C, D, E, F e G, e 4 (quatro) N\u00edveis, denominados pelos algarismos romanos I, II, III e IV, nos moldes da Matriz de Desenvolvimento.<\/li>\n\n\n\n<li><strong>Assistente T\u00e9cnico Especializado, Assistente T\u00e9cnico e Quadro Suplementar com forma\u00e7\u00e3o em N\u00edvel Elementar:<\/strong> em 7 (sete) Classes denominadas pelas letras mai\u00fasculas A, B, C, D, E, F e G; e 3 (tr\u00eas) N\u00edveis, denominados pelos algarismos romanos I, II e III<\/li>\n<\/ul>\n\n\n\n<figure class=\"wp-block-image aligncenter size-full\"><img loading=\"lazy\" decoding=\"async\" width=\"684\" height=\"311\" src=\"https:\/\/dhg1h5j42swfq.cloudfront.net\/2025\/10\/28214002\/image-283.png\" alt=\"plano de cargos do concurso fapeal\" class=\"wp-image-1662208\" srcset=\"https:\/\/dhg1h5j42swfq.cloudfront.net\/2025\/10\/28214002\/image-283.png 684w, https:\/\/dhg1h5j42swfq.cloudfront.net\/2025\/10\/28214002\/image-283-300x136.png 300w, https:\/\/dhg1h5j42swfq.cloudfront.net\/2025\/10\/28214002\/image-283-150x68.png 150w\" sizes=\"auto, (max-width: 684px) 100vw, 684px\" \/><\/figure>\n\n\n\n<p>Para o desenvolvimento referente \u00e0 progress\u00e3o horizontal, o servidor ter\u00e1 de ter chegado a um tempo de servi\u00e7o <strong>de 5 anos<\/strong>, ter tido um desempenho funcional comprovado por sistema permanente e ter se aperfei\u00e7oado tecnicamente atrav\u00e9s do Plano de Qualifica\u00e7\u00e3o Profissional.<\/p>\n\n\n\n<p>J\u00e1 de forma vertical, os requisitos s\u00e3o o tempo de servi\u00e7o, com progress\u00e3o sempre na mesma classe, e mediante exig\u00eancia de nova habilita\u00e7\u00e3o ou titula\u00e7\u00e3o. Veja:<\/p>\n\n\n\n<ul class=\"wp-block-list\">\n<li><strong>Gestor Especializado em Ci\u00eancia e Tecnologia<\/strong>:\n<ul class=\"wp-block-list\">\n<li>a) N\u00edvel I: N\u00edvel Superior, na especialidade de ingresso estabelecida em Edital; <\/li>\n\n\n\n<li>b) N\u00edvel II: o servidor de N\u00edvel I que adquiriu ou vier a adquirir titula\u00e7\u00e3o de P\u00f3s-gradua\u00e7\u00e3o em N\u00edvel de Especializa\u00e7\u00e3o, no \u00e2mbito da especialidade de ingresso;<\/li>\n\n\n\n<li>c) N\u00edvel III: o servidor de N\u00edvel I ou II que adquiriu ou vier a adquirir titula\u00e7\u00e3o de P\u00f3s-Gradua\u00e7\u00e3o em N\u00edvel de Mestrado, no \u00e2mbito da especialidade de ingresso; e d<\/li>\n\n\n\n<li>) N\u00edvel IV: o servidor de N\u00edvel I, II ou III que adquiriu ou vier a adquirir titula\u00e7\u00e3o de P\u00f3s-gradua\u00e7\u00e3o em N\u00edvel de Doutorado, no \u00e2mbito da especialidade de ingresso.<\/li>\n<\/ul>\n<\/li>\n<\/ul>\n\n\n\n<ul class=\"wp-block-list\">\n<li><strong>Assistente T\u00e9cnico Especializado e Assistente T\u00e9cnico:<\/strong>\n<ul class=\"wp-block-list\">\n<li>a) N\u00edvel I: N\u00edvel M\u00e9dio e\/ou T\u00e9cnico Profissionalizante;<\/li>\n\n\n\n<li>b) N\u00edvel II: o servidor de N\u00edvel I que adquiriu ou vier a adquirir forma\u00e7\u00e3o\/habilita\u00e7\u00e3o em N\u00edvel Superior, no \u00e2mbito da especialidade de ingresso; e <\/li>\n\n\n\n<li>c) N\u00edvel III: o servidor de N\u00edvel I ou II que adquiriu ou vier a adquirir titula\u00e7\u00e3o de P\u00f3s-Gradua\u00e7\u00e3o em N\u00edvel de Especializa\u00e7\u00e3o, no \u00e2mbito da especialidade de ingresso.<\/li>\n<\/ul>\n<\/li>\n<\/ul>\n\n\n\n<ul class=\"wp-block-list\">\n<li><strong>Cargo do Quadro Suplementar com forma\u00e7\u00e3o em N\u00edvel Elementar<\/strong> <em>(em extin\u00e7\u00e3o)<\/em>:\n<ul class=\"wp-block-list\">\n<li>a) N\u00edvel I: N\u00edvel Elementar completo; <\/li>\n\n\n\n<li>b) N\u00edvel II: O servidor de N\u00edvel I, que adquiriu, ou vier a adquirir, forma\u00e7\u00e3o em N\u00edvel M\u00e9dio; e <\/li>\n\n\n\n<li>c) N\u00edvel III: O servidor de N\u00edvel I ou II, que adquiriu, ou vier a adquirir, forma\u00e7\u00e3o em N\u00edvel T\u00e9cnico Profissionalizante, no \u00e2mbito da especialidade de ingresso.<\/li>\n<\/ul>\n<\/li>\n<\/ul>\n\n\n\n<p>J\u00e1 em rela\u00e7\u00e3o \u00e0 remunera\u00e7\u00e3o, o Plano de Cargos estabeleceu, naquela \u00e9poca, os seguintes valores no quadro de estrutura remunerat\u00f3ria:<\/p>\n\n\n\n<ul class=\"wp-block-list\">\n<li><strong>Gestor Especializado em Ci\u00eancia e Tecnologia<\/strong>: R$ 5.359,57 iniciais<\/li>\n\n\n\n<li><strong><\/strong><strong>Assistente T\u00e9cnico Especializado e Assistente T\u00e9cnico:<\/strong> R$ 2.133,33 iniciais<\/li>\n\n\n\n<li><strong>Auxiliar T\u00e9cnico Especializado e Auxiliar T\u00e9cnico<\/strong> <em>(em extin\u00e7\u00e3o):<\/em> R$ 1.800,00 iniciais<\/li>\n<\/ul>\n\n\n\n<figure class=\"wp-block-image size-full\"><img loading=\"lazy\" decoding=\"async\" width=\"901\" height=\"404\" src=\"https:\/\/dhg1h5j42swfq.cloudfront.net\/2025\/10\/28214018\/image-284.png\" alt=\"remunera\u00e7\u00e3o do concurso fapeal\" class=\"wp-image-1662209\" srcset=\"https:\/\/dhg1h5j42swfq.cloudfront.net\/2025\/10\/28214018\/image-284.png 901w, https:\/\/dhg1h5j42swfq.cloudfront.net\/2025\/10\/28214018\/image-284-300x135.png 300w, https:\/\/dhg1h5j42swfq.cloudfront.net\/2025\/10\/28214018\/image-284-768x344.png 768w, https:\/\/dhg1h5j42swfq.cloudfront.net\/2025\/10\/28214018\/image-284-150x67.png 150w\" sizes=\"auto, (max-width: 901px) 100vw, 901px\" \/><\/figure>\n\n\n\n<h3 class=\"wp-block-heading\" id=\"h-n\u00ba-de-cargos\">N\u00ba de cargos<\/h3>\n\n\n\n<p>Conforme o Plano de Cargos, abaixo voc\u00ea confere as especialidades de cada carreira e o n\u00famero de cargos:<\/p>\n\n\n\n<figure class=\"wp-block-image aligncenter size-full\"><img loading=\"lazy\" decoding=\"async\" width=\"922\" height=\"260\" src=\"https:\/\/dhg1h5j42swfq.cloudfront.net\/2025\/10\/28213907\/image-282.png\" alt=\"cargos do concurso fapeal\" class=\"wp-image-1662206\" srcset=\"https:\/\/dhg1h5j42swfq.cloudfront.net\/2025\/10\/28213907\/image-282.png 922w, https:\/\/dhg1h5j42swfq.cloudfront.net\/2025\/10\/28213907\/image-282-300x85.png 300w, https:\/\/dhg1h5j42swfq.cloudfront.net\/2025\/10\/28213907\/image-282-768x217.png 768w, https:\/\/dhg1h5j42swfq.cloudfront.net\/2025\/10\/28213907\/image-282-150x42.png 150w\" sizes=\"auto, (max-width: 922px) 100vw, 922px\" \/><\/figure>\n\n\n\n<hr class=\"wp-block-separator has-alpha-channel-opacity\"\/>\n\n\n\n<h2 class=\"wp-block-heading has-text-align-center\" id=\"cursos\"><em>Quer estudar para o concurso Fapeal?<\/em><\/h2>\n\n\n\n<div class=\"container\" id=\"boxes\">\n  <div class=\"row\">\n\n    <div class=\"col-sm\">\n      <div class=\"banner-adm-ec\" id=\"box-assinatura\">\n        <h2 class=\"titulo-assinatura\" style=\"text-align: left;\">Concursos Administrativos<\/h2>\n        <p class=\"subtitulo-assinatura\" style=\"text-align: left;\">Prepara\u00e7\u00e3o completa para os concursos<\/p>\n        <div class=\"box-botao\" style=\"text-align: left;\">\n          <a class=\"btn-assinatura\" target=\"_blank\" href=\"https:\/\/www.estrategiaconcursos.com.br\/pesquisa\/?q=apeal\/\" role=\"button\" rel=\"noopener noreferrer\">VER CURSOS<\/a>\n        <\/div>\n      <\/div><\/div><\/div><\/div>\n\n\n\n<div class=\"container\" id=\"boxes\">\n  <div class=\"row\">\n\n    <div class=\"col-sm\">\n      <div class=\"estrategia\" id=\"box-assinatura\">\n        <h3 class=\"titulo-assinatura\">Assinatura Concursos<\/h3>\n        <p class=\"subtitulo-assinatura\">Assinatura de 1 ano ou 2 anos<\/p>\n        <div class=\"box-botao\">\n          <a class=\"btn-assinatura\" target=\"_blank\" href=\"https:\/\/www.estrategiaconcursos.com.br\/assinaturas\/\" role=\"button\" rel=\"noopener noreferrer\">ASSINE AGORA<\/a>\n        <\/div>\n      <\/div><\/div><\/div><\/div>\n\n\n\n<h2 class=\"wp-block-heading has-text-align-center\" id=\"h-quer-saber-tudo-sobre-concursos-previstos-confira-os-nossos-artigos\">Quer saber tudo sobre concursos previstos?<br \/>Confira os nossos artigos!<\/h2>\n\n\n\n<ul class=\"wp-block-list\">\n<li><a href=\"https:\/\/www.estrategiaconcursos.com.br\/blog\/concursos-abertos\/\" target=\"_blank\" rel=\"noreferrer noopener\">Concursos Abertos<\/a><\/li>\n\n\n\n<li><a href=\"https:\/\/www.estrategiaconcursos.com.br\/blog\/concursos-2026\/\" target=\"_blank\" rel=\"noreferrer noopener\">Concursos 2026<\/a><\/li>\n<\/ul>\n\n\n\n<figure class=\"wp-block-image is-resized\"><img loading=\"lazy\" decoding=\"async\" width=\"1024\" height=\"632\" src=\"https:\/\/dhg1h5j42swfq.cloudfront.net\/2021\/04\/01161145\/ficha-tecnica-5-1024x632.png\" alt=\"Informa\u00e7\u00f5es do concurso Fapeal\" class=\"wp-image-706736\" style=\"width:236px;height:145px\" srcset=\"https:\/\/dhg1h5j42swfq.cloudfront.net\/2021\/04\/01161145\/ficha-tecnica-5-1024x632.png 1024w, https:\/\/dhg1h5j42swfq.cloudfront.net\/2021\/04\/01161145\/ficha-tecnica-5-300x185.png 300w, https:\/\/dhg1h5j42swfq.cloudfront.net\/2021\/04\/01161145\/ficha-tecnica-5-768x474.png 768w, https:\/\/dhg1h5j42swfq.cloudfront.net\/2021\/04\/01161145\/ficha-tecnica-5-1536x948.png 1536w, https:\/\/dhg1h5j42swfq.cloudfront.net\/2021\/04\/01161145\/ficha-tecnica-5-610x377.png 610w, https:\/\/dhg1h5j42swfq.cloudfront.net\/2021\/04\/01161145\/ficha-tecnica-5.png 1571w\" sizes=\"auto, (max-width: 1024px) 100vw, 1024px\" \/><\/figure>\n\n\n\n<h3 class=\"wp-block-heading\" id=\"ficha-tecnica\">Informa\u00e7\u00f5es do pr\u00f3ximo Concurso Fapeal<\/h3>\n\n\n\n<ul class=\"wp-block-list\">\n<li><strong>Data prevista<\/strong>: 2026<\/li>\n\n\n\n<li><strong>Banca<\/strong>: a definir<\/li>\n\n\n\n<li><strong>Escolaridade<\/strong>: n\u00edvel superior<\/li>\n\n\n\n<li><strong>Vagas:<\/strong> 10 + 10 CR<\/li>\n\n\n\n<li><strong>Cargo<\/strong>: Gestor Especializado de Ci\u00eancia e Tecnologia<\/li>\n<\/ul>\n","protected":false},"excerpt":{"rendered":"<p>Foi alterada a comiss\u00e3o organizadora do concurso p\u00fablico da Funda\u00e7\u00e3o de Amparo \u00e0 Pesquisa (Fapeal). Vale lembrar que a principal fun\u00e7\u00e3o da comiss\u00e3o \u00e9 dar prosseguimento nos tr\u00e2mites do certame, bem como escolher e oficializar a empresa organizadora. A seguir, confira o documento divulgado pelo governo estadual que apresenta as mudan\u00e7as nas&nbsp;comiss\u00f5es organizadoras de alguns [&hellip;]<\/p>\n","protected":false},"author":2692,"featured_media":1662544,"comment_status":"open","ping_status":"closed","sticky":false,"template":"","format":"standard","meta":{"post_tipo":"news_page","footnotes":""},"categories":[214992],"tags":[],"tax_estado":[219965],"class_list":["post-1662197","post","type-post","status-publish","format-standard","has-post-thumbnail","hentry","category-concursos-administrativos","tax_estado-al"],"acf":[],"yoast_head":"<!-- This site is optimized with the Yoast SEO Premium plugin v27.2 (Yoast SEO v27.2) - https:\/\/yoast.com\/product\/yoast-seo-premium-wordpress\/ -->\n<title>Concurso Fapeal: comiss\u00e3o alterada! Banca iminente!<\/title>\n<meta name=\"description\" content=\"Concurso Fapeal: comiss\u00e3o alterada para o edital que ter\u00e1 20 vagas para a carreira de Gestor! Acesse e saiba mais aqui!\" \/>\n<meta name=\"robots\" content=\"index, follow, max-snippet:-1, max-image-preview:large, max-video-preview:-1\" \/>\n<link rel=\"canonical\" href=\"https:\/\/www.estrategiaconcursos.com.br\/blog\/concurso-fapeal\/\" \/>\n<meta property=\"og:locale\" content=\"pt_BR\" \/>\n<meta property=\"og:type\" content=\"article\" \/>\n<meta property=\"og:title\" content=\"Concurso Fapeal: comiss\u00e3o alterada! Banca iminente!\" \/>\n<meta property=\"og:description\" content=\"Concurso Fapeal: comiss\u00e3o alterada para o edital que ter\u00e1 20 vagas para a carreira de Gestor! Acesse e saiba mais aqui!\" \/>\n<meta property=\"og:url\" content=\"https:\/\/www.estrategiaconcursos.com.br\/blog\/concurso-fapeal\/\" \/>\n<meta property=\"og:site_name\" content=\"Estrat\u00e9gia Concursos\" \/>\n<meta property=\"article:published_time\" content=\"2026-03-06T09:45:00+00:00\" \/>\n<meta property=\"article:modified_time\" content=\"2026-03-06T18:09:36+00:00\" \/>\n<meta property=\"og:image\" content=\"https:\/\/dhg1h5j42swfq.cloudfront.net\/2025\/10\/29162335\/fapeal.jpg\" \/>\n\t<meta property=\"og:image:width\" content=\"768\" \/>\n\t<meta property=\"og:image:height\" content=\"432\" \/>\n\t<meta property=\"og:image:type\" content=\"image\/jpeg\" \/>\n<meta name=\"author\" content=\"Ronaldo Scanavini Neto\" \/>\n<meta name=\"twitter:card\" content=\"summary_large_image\" \/>\n<meta name=\"twitter:creator\" content=\"@EstratConcursos\" \/>\n<meta name=\"twitter:site\" content=\"@EstratConcursos\" \/>\n<meta name=\"twitter:label1\" content=\"Escrito por\" \/>\n\t<meta name=\"twitter:data1\" content=\"Ronaldo Scanavini Neto\" \/>\n\t<meta name=\"twitter:label2\" content=\"Est. tempo de leitura\" \/>\n\t<meta name=\"twitter:data2\" content=\"6 minutos\" \/>\n<script type=\"application\/ld+json\" class=\"yoast-schema-graph\">{\"@context\":\"https:\/\/schema.org\",\"@graph\":[{\"@type\":\"NewsArticle\",\"@id\":\"https:\/\/www.estrategiaconcursos.com.br\/blog\/concurso-fapeal\/#article\",\"isPartOf\":{\"@id\":\"https:\/\/www.estrategiaconcursos.com.br\/blog\/concurso-fapeal\/\"},\"author\":{\"name\":\"Ronaldo Scanavini Neto\",\"@id\":\"https:\/\/www.estrategiaconcursos.com.br\/blog\/#\/schema\/person\/70c2ad4297aa24ff8815b08215b23a76\"},\"headline\":\"Concurso Fapeal: comiss\u00e3o alterada! Banca iminente!\",\"datePublished\":\"2026-03-06T09:45:00+00:00\",\"dateModified\":\"2026-03-06T18:09:36+00:00\",\"mainEntityOfPage\":{\"@id\":\"https:\/\/www.estrategiaconcursos.com.br\/blog\/concurso-fapeal\/\"},\"wordCount\":1111,\"commentCount\":0,\"publisher\":{\"@id\":\"https:\/\/www.estrategiaconcursos.com.br\/blog\/#organization\"},\"image\":{\"@id\":\"https:\/\/www.estrategiaconcursos.com.br\/blog\/concurso-fapeal\/#primaryimage\"},\"thumbnailUrl\":\"https:\/\/dhg1h5j42swfq.cloudfront.net\/2025\/10\/29162335\/fapeal.jpg\",\"articleSection\":[\"Executivo (Administrativa)\"],\"inLanguage\":\"pt-BR\",\"potentialAction\":[{\"@type\":\"CommentAction\",\"name\":\"Comment\",\"target\":[\"https:\/\/www.estrategiaconcursos.com.br\/blog\/concurso-fapeal\/#respond\"]}],\"copyrightYear\":\"2026\",\"copyrightHolder\":{\"@id\":\"https:\/\/www.estrategiaconcursos.com.br\/blog\/#organization\"}},{\"@type\":\"WebPage\",\"@id\":\"https:\/\/www.estrategiaconcursos.com.br\/blog\/concurso-fapeal\/\",\"url\":\"https:\/\/www.estrategiaconcursos.com.br\/blog\/concurso-fapeal\/\",\"name\":\"Concurso Fapeal: comiss\u00e3o alterada! Banca iminente!\",\"isPartOf\":{\"@id\":\"https:\/\/www.estrategiaconcursos.com.br\/blog\/#website\"},\"primaryImageOfPage\":{\"@id\":\"https:\/\/www.estrategiaconcursos.com.br\/blog\/concurso-fapeal\/#primaryimage\"},\"image\":{\"@id\":\"https:\/\/www.estrategiaconcursos.com.br\/blog\/concurso-fapeal\/#primaryimage\"},\"thumbnailUrl\":\"https:\/\/dhg1h5j42swfq.cloudfront.net\/2025\/10\/29162335\/fapeal.jpg\",\"datePublished\":\"2026-03-06T09:45:00+00:00\",\"dateModified\":\"2026-03-06T18:09:36+00:00\",\"description\":\"Concurso Fapeal: comiss\u00e3o alterada para o edital que ter\u00e1 20 vagas para a carreira de Gestor! Acesse e saiba mais aqui!\",\"breadcrumb\":{\"@id\":\"https:\/\/www.estrategiaconcursos.com.br\/blog\/concurso-fapeal\/#breadcrumb\"},\"inLanguage\":\"pt-BR\",\"potentialAction\":[{\"@type\":\"ReadAction\",\"target\":[\"https:\/\/www.estrategiaconcursos.com.br\/blog\/concurso-fapeal\/\"]}]},{\"@type\":\"ImageObject\",\"inLanguage\":\"pt-BR\",\"@id\":\"https:\/\/www.estrategiaconcursos.com.br\/blog\/concurso-fapeal\/#primaryimage\",\"url\":\"https:\/\/dhg1h5j42swfq.cloudfront.net\/2025\/10\/29162335\/fapeal.jpg\",\"contentUrl\":\"https:\/\/dhg1h5j42swfq.cloudfront.net\/2025\/10\/29162335\/fapeal.jpg\",\"width\":768,\"height\":432},{\"@type\":\"BreadcrumbList\",\"@id\":\"https:\/\/www.estrategiaconcursos.com.br\/blog\/concurso-fapeal\/#breadcrumb\",\"itemListElement\":[{\"@type\":\"ListItem\",\"position\":1,\"name\":\"In\u00edcio\",\"item\":\"https:\/\/www.estrategiaconcursos.com.br\/blog\/\"},{\"@type\":\"ListItem\",\"position\":2,\"name\":\"Concurso Fapeal: comiss\u00e3o alterada! Banca iminente!\"}]},{\"@type\":\"WebSite\",\"@id\":\"https:\/\/www.estrategiaconcursos.com.br\/blog\/#website\",\"url\":\"https:\/\/www.estrategiaconcursos.com.br\/blog\/\",\"name\":\"Estrat\u00e9gia Concursos\",\"description\":\"O blog da Estrat\u00e9gia Concursos traz not\u00edcias sobre concursos e artigos de professores oferecendo cursos para concursos (pdf + videaulas) no site.\",\"publisher\":{\"@id\":\"https:\/\/www.estrategiaconcursos.com.br\/blog\/#organization\"},\"potentialAction\":[{\"@type\":\"SearchAction\",\"target\":{\"@type\":\"EntryPoint\",\"urlTemplate\":\"https:\/\/www.estrategiaconcursos.com.br\/blog\/?s={search_term_string}\"},\"query-input\":{\"@type\":\"PropertyValueSpecification\",\"valueRequired\":true,\"valueName\":\"search_term_string\"}}],\"inLanguage\":\"pt-BR\"},{\"@type\":\"Organization\",\"@id\":\"https:\/\/www.estrategiaconcursos.com.br\/blog\/#organization\",\"name\":\"Estrat\u00e9gia Concursos\",\"url\":\"https:\/\/www.estrategiaconcursos.com.br\/blog\/\",\"logo\":{\"@type\":\"ImageObject\",\"inLanguage\":\"pt-BR\",\"@id\":\"https:\/\/www.estrategiaconcursos.com.br\/blog\/#\/schema\/logo\/image\/\",\"url\":\"https:\/\/dhg1h5j42swfq.cloudfront.net\/2025\/06\/03203428\/logo_concursos-1.jpg\",\"contentUrl\":\"https:\/\/dhg1h5j42swfq.cloudfront.net\/2025\/06\/03203428\/logo_concursos-1.jpg\",\"width\":230,\"height\":60,\"caption\":\"Estrat\u00e9gia Concursos\"},\"image\":{\"@id\":\"https:\/\/www.estrategiaconcursos.com.br\/blog\/#\/schema\/logo\/image\/\"},\"sameAs\":[\"https:\/\/x.com\/EstratConcursos\"]},{\"@type\":\"Person\",\"@id\":\"https:\/\/www.estrategiaconcursos.com.br\/blog\/#\/schema\/person\/70c2ad4297aa24ff8815b08215b23a76\",\"name\":\"Ronaldo Scanavini Neto\",\"image\":{\"@type\":\"ImageObject\",\"inLanguage\":\"pt-BR\",\"@id\":\"https:\/\/secure.gravatar.com\/avatar\/f93d8e56fe264596e94aee6b3feb737d98ad0fc5bac7eb0a245f04723c5c8f21?s=96&d=mm&r=g\",\"url\":\"https:\/\/secure.gravatar.com\/avatar\/f93d8e56fe264596e94aee6b3feb737d98ad0fc5bac7eb0a245f04723c5c8f21?s=96&d=mm&r=g\",\"contentUrl\":\"https:\/\/secure.gravatar.com\/avatar\/f93d8e56fe264596e94aee6b3feb737d98ad0fc5bac7eb0a245f04723c5c8f21?s=96&d=mm&r=g\",\"caption\":\"Ronaldo Scanavini Neto\"},\"description\":\"Graduando em Comunica\u00e7\u00e3o Social \u2013 Jornalismo pela Universidade Federal de Vi\u00e7osa (UFV). Integra a equipe de jornalismo do Estrat\u00e9gia Concursos desde 2023, atuando com \u00eanfase na cobertura da \u00e1rea fiscal. Tamb\u00e9m realiza a apura\u00e7\u00e3o e produ\u00e7\u00e3o de not\u00edcias sobre concursos federais, \u00f3rg\u00e3os participantes do CNU e das \u00e1reas de controle, gest\u00e3o, engenharia, Exame CFC, comunica\u00e7\u00e3o social TI e \u00e1rea de concursos administrativos.\",\"url\":\"https:\/\/www.estrategiaconcursos.com.br\/blog\/author\/ronaldo-netoestrategia-com\/\"}]}<\/script>\n<!-- \/ Yoast SEO Premium plugin. -->","yoast_head_json":{"title":"Concurso Fapeal: comiss\u00e3o alterada! Banca iminente!","description":"Concurso Fapeal: comiss\u00e3o alterada para o edital que ter\u00e1 20 vagas para a carreira de Gestor! Acesse e saiba mais aqui!","robots":{"index":"index","follow":"follow","max-snippet":"max-snippet:-1","max-image-preview":"max-image-preview:large","max-video-preview":"max-video-preview:-1"},"canonical":"https:\/\/www.estrategiaconcursos.com.br\/blog\/concurso-fapeal\/","og_locale":"pt_BR","og_type":"article","og_title":"Concurso Fapeal: comiss\u00e3o alterada! Banca iminente!","og_description":"Concurso Fapeal: comiss\u00e3o alterada para o edital que ter\u00e1 20 vagas para a carreira de Gestor! Acesse e saiba mais aqui!","og_url":"https:\/\/www.estrategiaconcursos.com.br\/blog\/concurso-fapeal\/","og_site_name":"Estrat\u00e9gia Concursos","article_published_time":"2026-03-06T09:45:00+00:00","article_modified_time":"2026-03-06T18:09:36+00:00","og_image":[{"width":768,"height":432,"url":"https:\/\/dhg1h5j42swfq.cloudfront.net\/2025\/10\/29162335\/fapeal.jpg","type":"image\/jpeg"}],"author":"Ronaldo Scanavini Neto","twitter_card":"summary_large_image","twitter_creator":"@EstratConcursos","twitter_site":"@EstratConcursos","twitter_misc":{"Escrito por":"Ronaldo Scanavini Neto","Est. tempo de leitura":"6 minutos"},"schema":{"@context":"https:\/\/schema.org","@graph":[{"@type":"NewsArticle","@id":"https:\/\/www.estrategiaconcursos.com.br\/blog\/concurso-fapeal\/#article","isPartOf":{"@id":"https:\/\/www.estrategiaconcursos.com.br\/blog\/concurso-fapeal\/"},"author":{"name":"Ronaldo Scanavini Neto","@id":"https:\/\/www.estrategiaconcursos.com.br\/blog\/#\/schema\/person\/70c2ad4297aa24ff8815b08215b23a76"},"headline":"Concurso Fapeal: comiss\u00e3o alterada! Banca iminente!","datePublished":"2026-03-06T09:45:00+00:00","dateModified":"2026-03-06T18:09:36+00:00","mainEntityOfPage":{"@id":"https:\/\/www.estrategiaconcursos.com.br\/blog\/concurso-fapeal\/"},"wordCount":1111,"commentCount":0,"publisher":{"@id":"https:\/\/www.estrategiaconcursos.com.br\/blog\/#organization"},"image":{"@id":"https:\/\/www.estrategiaconcursos.com.br\/blog\/concurso-fapeal\/#primaryimage"},"thumbnailUrl":"https:\/\/dhg1h5j42swfq.cloudfront.net\/2025\/10\/29162335\/fapeal.jpg","articleSection":["Executivo (Administrativa)"],"inLanguage":"pt-BR","potentialAction":[{"@type":"CommentAction","name":"Comment","target":["https:\/\/www.estrategiaconcursos.com.br\/blog\/concurso-fapeal\/#respond"]}],"copyrightYear":"2026","copyrightHolder":{"@id":"https:\/\/www.estrategiaconcursos.com.br\/blog\/#organization"}},{"@type":"WebPage","@id":"https:\/\/www.estrategiaconcursos.com.br\/blog\/concurso-fapeal\/","url":"https:\/\/www.estrategiaconcursos.com.br\/blog\/concurso-fapeal\/","name":"Concurso Fapeal: comiss\u00e3o alterada! Banca iminente!","isPartOf":{"@id":"https:\/\/www.estrategiaconcursos.com.br\/blog\/#website"},"primaryImageOfPage":{"@id":"https:\/\/www.estrategiaconcursos.com.br\/blog\/concurso-fapeal\/#primaryimage"},"image":{"@id":"https:\/\/www.estrategiaconcursos.com.br\/blog\/concurso-fapeal\/#primaryimage"},"thumbnailUrl":"https:\/\/dhg1h5j42swfq.cloudfront.net\/2025\/10\/29162335\/fapeal.jpg","datePublished":"2026-03-06T09:45:00+00:00","dateModified":"2026-03-06T18:09:36+00:00","description":"Concurso Fapeal: comiss\u00e3o alterada para o edital que ter\u00e1 20 vagas para a carreira de Gestor! Acesse e saiba mais aqui!","breadcrumb":{"@id":"https:\/\/www.estrategiaconcursos.com.br\/blog\/concurso-fapeal\/#breadcrumb"},"inLanguage":"pt-BR","potentialAction":[{"@type":"ReadAction","target":["https:\/\/www.estrategiaconcursos.com.br\/blog\/concurso-fapeal\/"]}]},{"@type":"ImageObject","inLanguage":"pt-BR","@id":"https:\/\/www.estrategiaconcursos.com.br\/blog\/concurso-fapeal\/#primaryimage","url":"https:\/\/dhg1h5j42swfq.cloudfront.net\/2025\/10\/29162335\/fapeal.jpg","contentUrl":"https:\/\/dhg1h5j42swfq.cloudfront.net\/2025\/10\/29162335\/fapeal.jpg","width":768,"height":432},{"@type":"BreadcrumbList","@id":"https:\/\/www.estrategiaconcursos.com.br\/blog\/concurso-fapeal\/#breadcrumb","itemListElement":[{"@type":"ListItem","position":1,"name":"In\u00edcio","item":"https:\/\/www.estrategiaconcursos.com.br\/blog\/"},{"@type":"ListItem","position":2,"name":"Concurso Fapeal: comiss\u00e3o alterada! Banca iminente!"}]},{"@type":"WebSite","@id":"https:\/\/www.estrategiaconcursos.com.br\/blog\/#website","url":"https:\/\/www.estrategiaconcursos.com.br\/blog\/","name":"Estrat\u00e9gia Concursos","description":"O blog da Estrat\u00e9gia Concursos traz not\u00edcias sobre concursos e artigos de professores oferecendo cursos para concursos (pdf + videaulas) no site.","publisher":{"@id":"https:\/\/www.estrategiaconcursos.com.br\/blog\/#organization"},"potentialAction":[{"@type":"SearchAction","target":{"@type":"EntryPoint","urlTemplate":"https:\/\/www.estrategiaconcursos.com.br\/blog\/?s={search_term_string}"},"query-input":{"@type":"PropertyValueSpecification","valueRequired":true,"valueName":"search_term_string"}}],"inLanguage":"pt-BR"},{"@type":"Organization","@id":"https:\/\/www.estrategiaconcursos.com.br\/blog\/#organization","name":"Estrat\u00e9gia Concursos","url":"https:\/\/www.estrategiaconcursos.com.br\/blog\/","logo":{"@type":"ImageObject","inLanguage":"pt-BR","@id":"https:\/\/www.estrategiaconcursos.com.br\/blog\/#\/schema\/logo\/image\/","url":"https:\/\/dhg1h5j42swfq.cloudfront.net\/2025\/06\/03203428\/logo_concursos-1.jpg","contentUrl":"https:\/\/dhg1h5j42swfq.cloudfront.net\/2025\/06\/03203428\/logo_concursos-1.jpg","width":230,"height":60,"caption":"Estrat\u00e9gia Concursos"},"image":{"@id":"https:\/\/www.estrategiaconcursos.com.br\/blog\/#\/schema\/logo\/image\/"},"sameAs":["https:\/\/x.com\/EstratConcursos"]},{"@type":"Person","@id":"https:\/\/www.estrategiaconcursos.com.br\/blog\/#\/schema\/person\/70c2ad4297aa24ff8815b08215b23a76","name":"Ronaldo Scanavini Neto","image":{"@type":"ImageObject","inLanguage":"pt-BR","@id":"https:\/\/secure.gravatar.com\/avatar\/f93d8e56fe264596e94aee6b3feb737d98ad0fc5bac7eb0a245f04723c5c8f21?s=96&d=mm&r=g","url":"https:\/\/secure.gravatar.com\/avatar\/f93d8e56fe264596e94aee6b3feb737d98ad0fc5bac7eb0a245f04723c5c8f21?s=96&d=mm&r=g","contentUrl":"https:\/\/secure.gravatar.com\/avatar\/f93d8e56fe264596e94aee6b3feb737d98ad0fc5bac7eb0a245f04723c5c8f21?s=96&d=mm&r=g","caption":"Ronaldo Scanavini Neto"},"description":"Graduando em Comunica\u00e7\u00e3o Social \u2013 Jornalismo pela Universidade Federal de Vi\u00e7osa (UFV). Integra a equipe de jornalismo do Estrat\u00e9gia Concursos desde 2023, atuando com \u00eanfase na cobertura da \u00e1rea fiscal. Tamb\u00e9m realiza a apura\u00e7\u00e3o e produ\u00e7\u00e3o de not\u00edcias sobre concursos federais, \u00f3rg\u00e3os participantes do CNU e das \u00e1reas de controle, gest\u00e3o, engenharia, Exame CFC, comunica\u00e7\u00e3o social TI e \u00e1rea de concursos administrativos.","url":"https:\/\/www.estrategiaconcursos.com.br\/blog\/author\/ronaldo-netoestrategia-com\/"}]}},"_links":{"self":[{"href":"https:\/\/www.estrategiaconcursos.com.br\/blog\/wp-json\/wp\/v2\/posts\/1662197","targetHints":{"allow":["GET"]}}],"collection":[{"href":"https:\/\/www.estrategiaconcursos.com.br\/blog\/wp-json\/wp\/v2\/posts"}],"about":[{"href":"https:\/\/www.estrategiaconcursos.com.br\/blog\/wp-json\/wp\/v2\/types\/post"}],"author":[{"embeddable":true,"href":"https:\/\/www.estrategiaconcursos.com.br\/blog\/wp-json\/wp\/v2\/users\/2692"}],"replies":[{"embeddable":true,"href":"https:\/\/www.estrategiaconcursos.com.br\/blog\/wp-json\/wp\/v2\/comments?post=1662197"}],"version-history":[{"count":8,"href":"https:\/\/www.estrategiaconcursos.com.br\/blog\/wp-json\/wp\/v2\/posts\/1662197\/revisions"}],"predecessor-version":[{"id":1726976,"href":"https:\/\/www.estrategiaconcursos.com.br\/blog\/wp-json\/wp\/v2\/posts\/1662197\/revisions\/1726976"}],"wp:featuredmedia":[{"embeddable":true,"href":"https:\/\/www.estrategiaconcursos.com.br\/blog\/wp-json\/wp\/v2\/media\/1662544"}],"wp:attachment":[{"href":"https:\/\/www.estrategiaconcursos.com.br\/blog\/wp-json\/wp\/v2\/media?parent=1662197"}],"wp:term":[{"taxonomy":"category","embeddable":true,"href":"https:\/\/www.estrategiaconcursos.com.br\/blog\/wp-json\/wp\/v2\/categories?post=1662197"},{"taxonomy":"post_tag","embeddable":true,"href":"https:\/\/www.estrategiaconcursos.com.br\/blog\/wp-json\/wp\/v2\/tags?post=1662197"},{"taxonomy":"tax_estado","embeddable":true,"href":"https:\/\/www.estrategiaconcursos.com.br\/blog\/wp-json\/wp\/v2\/tax_estado?post=1662197"}],"curies":[{"name":"wp","href":"https:\/\/api.w.org\/{rel}","templated":true}]}}