{"id":1662085,"date":"2026-04-17T10:05:00","date_gmt":"2026-04-17T13:05:00","guid":{"rendered":"https:\/\/www.estrategiaconcursos.com.br\/blog\/?p=1662085"},"modified":"2026-04-17T14:22:50","modified_gmt":"2026-04-17T17:22:50","slug":"concurso-arsal","status":"publish","type":"post","link":"https:\/\/www.estrategiaconcursos.com.br\/blog\/concurso-arsal\/","title":{"rendered":"Concurso Arsal: Cebraspe \u00e9 a banca organizadora!"},"content":{"rendered":"\n<p>A Procuradoria Geral autorizou a contrata\u00e7\u00e3o do <strong>Cebraspe <\/strong>para organizar o <strong>Concurso Arsal (<a href=\"https:\/\/www.estrategiaconcursos.com.br\/pesquisa\/?q=Arsal\" target=\"_blank\" rel=\"noreferrer noopener\">Ag\u00eancia Reguladora de Servi\u00e7os P\u00fablicos do Estado de Alagoas<\/a>)<\/strong>.<\/p>\n\n\n\n<p>O documento que confirma a escolha da empresa foi publicado no Di\u00e1rio Oficial do Estado de Alagoas no dia 17 de abril. Confira logo abaixo:<\/p>\n\n\n\n<figure class=\"wp-block-image aligncenter size-full is-resized\"><img loading=\"lazy\" decoding=\"async\" width=\"466\" height=\"704\" src=\"https:\/\/dhg1h5j42swfq.cloudfront.net\/2026\/04\/17095528\/banca-do-concurso-arsal-2026.png\" alt=\"ARSAL banca\" class=\"wp-image-1755038\" style=\"aspect-ratio:0.6619390065255027;width:410px;height:auto\" srcset=\"https:\/\/dhg1h5j42swfq.cloudfront.net\/2026\/04\/17095528\/banca-do-concurso-arsal-2026.png 466w, https:\/\/dhg1h5j42swfq.cloudfront.net\/2026\/04\/17095528\/banca-do-concurso-arsal-2026-199x300.png 199w, https:\/\/dhg1h5j42swfq.cloudfront.net\/2026\/04\/17095528\/banca-do-concurso-arsal-2026-150x227.png 150w\" sizes=\"auto, (max-width: 466px) 100vw, 466px\" \/><\/figure>\n\n\n\n<p>Ainda, o quantitativo de vagas que ser\u00e3o contempladas no edital foi atualizado. Ao todo, ser\u00e3o 16 oportunidades imediatas mais cadastro de reserva.<\/p>\n\n\n\n<p>O cargo do certame \u00e9 o de <strong>Analista de Regula\u00e7\u00e3o<\/strong>, que possui sal\u00e1rio inicial de <strong>R$ 4.500,00<\/strong>, para uma jornada de 40 horas semanais.<\/p>\n\n\n\n<p>Vale lembrar que o governador Paulo Dantas anunciou o certame no dia 28 de outubro de 2025. Inclusive, j\u00e1 existe uma comiss\u00e3o formada. <\/p>\n\n\n\n<p>Esta ser\u00e1 a primeira vez que a Arsal realizar\u00e1 um concurso p\u00fablico para preencher o seu quadro profissional permanente. At\u00e9 ent\u00e3o, a ag\u00eancia dependia de cargos comissionados e contratos tempor\u00e1rios.<\/p>\n\n\n\n<ul class=\"wp-block-list has-very-light-gray-to-cyan-bluish-gray-gradient-background has-background\">\n<li><strong>Ag\u00eancia Reguladora de Servi\u00e7os P\u00fablicos do Estado de Alagoas<\/strong> <\/li>\n\n\n\n<li><strong style=\"color: initial;\">Status:&nbsp;<\/strong>banca definida <\/li>\n\n\n\n<li><strong>Banca:<\/strong>&nbsp;Cebraspe<\/li>\n\n\n\n<li><strong>Vagas:<\/strong> 16 + CR<\/li>\n\n\n\n<li><strong>Sal\u00e1rio inicial:<\/strong> R$ 4.500,00<\/li>\n<\/ul>\n\n\n\n<p>Apesar do certame oferecer apenas oportunidades para <strong>Analista<\/strong>, segundo o Plano de Cargos da autarquia, o quadro de servidores \u00e9 ainda formado por cargos de <strong>Fiscal e Auxiliar T\u00e9cnico de Regula\u00e7\u00e3o<\/strong>, ambos de n\u00edvel m\u00e9dio.<\/p>\n\n\n\n<ul class=\"wp-block-list\">\n<li><strong><a href=\"#arsal\">Sobre a Arsal<\/a><\/strong><\/li>\n\n\n\n<li><a href=\"#atual\"><strong>Situa\u00e7\u00e3o atual<\/strong><\/a>\n<ul class=\"wp-block-list\">\n<li><a href=\"#anunciado\">Anunciado<\/a><\/li>\n<\/ul>\n<\/li>\n\n\n\n<li><a href=\"#plano\"><strong>Plano de Cargos<\/strong><\/a>\n<ul class=\"wp-block-list\">\n<li><a href=\"#salarios\">Sal\u00e1rios<\/a><\/li>\n\n\n\n<li><a href=\"#atribuicoes\">Atribui\u00e7\u00f5es<\/a><\/li>\n<\/ul>\n<\/li>\n\n\n\n<li><a href=\"#cursos\"><strong>Assinatura e cursos<\/strong><\/a><\/li>\n\n\n\n<li><a href=\"#ficha\"><strong>Ficha t\u00e9cnica<\/strong><\/a><\/li>\n<\/ul>\n\n\n\n<div class=\"container\" id=\"boxes\">\n  <div class=\"row\">\n\n    <div class=\"col-sm\">\n      <div class=\"banner-adm-ec\" id=\"box-assinatura\">\n        <h2 class=\"titulo-assinatura\" style=\"text-align: left;\">Concursos Administrativos<\/h2>\n        <p class=\"subtitulo-assinatura\" style=\"text-align: left;\">Prepara\u00e7\u00e3o completa para os concursos<\/p>\n        <div class=\"box-botao\" style=\"text-align: left;\">\n          <a class=\"btn-assinatura\" target=\"_blank\" href=\"https:\/\/www.estrategiaconcursos.com.br\/cursos\/concurso\/\" role=\"button\" rel=\"noopener noreferrer\">VER CURSOS<\/a>\n        <\/div>\n      <\/div><\/div><\/div><\/div>\n\n\n\n<h2 class=\"wp-block-heading\" id=\"arsal\">Sobre a Arsal<\/h2>\n\n\n\n<p>Criada em 20 de setembro de 2001, por meio da Lei de n\u00ba 6267\/01, a Ag\u00eancia Reguladora de Servi\u00e7os P\u00fablicos do Estado de Alagoas &#8211; Arsal, procura estar cada dia mais pr\u00f3xima do cidad\u00e3o, sendo uma ponte entre usu\u00e1rios, concession\u00e1rias e permission\u00e1rios dos servi\u00e7os p\u00fablicos.<\/p>\n\n\n\n<p>Atuando nas \u00e1reas de Energia El\u00e9trica, G\u00e1s Canalizado, Transporte Intermunicipal e Saneamento, a Arsal tem como principal miss\u00e3o institucional ser um instrumento em favor dos direitos e interesses dos consumidores, fiscalizando as concession\u00e1rias, garantindo a qualidade dos servi\u00e7os p\u00fablicos prestados e zelando pelo equil\u00edbrio econ\u00f4mico-financeiro das concession\u00e1rias e permission\u00e1rios.<\/p>\n\n\n\n<p>Cabe a Arsal ainda fornecer subs\u00eddios aos processos de reajustes, revis\u00e3o e defini\u00e7\u00e3o de tarifas para os servi\u00e7os por ela regulados.<\/p>\n\n\n\n<h2 class=\"wp-block-heading\" id=\"h-concurso-arsal-anunciado\">Concurso Arsal: anunciado<\/h2>\n\n\n\n<p>No dia 28 de outubro de 2025, o governador Paulo Dantas, em alus\u00e3o ao Dia do Servidor P\u00fablico, anunciou mais de <strong>11 mil vagas em concursos p\u00fablico de <a href=\"https:\/\/www.estrategiaconcursos.com.br\/blog\/concurso-al-vagas-orgaos-ate-2026\/\" target=\"_blank\" rel=\"noreferrer noopener\">diferentes \u00f3rg\u00e3os estaduais<\/a><\/strong>.<\/p>\n\n\n\n<p>Entre eles, est\u00e1 o Arsal, que ter\u00e1 <strong>16 vagas imediatas mais cadastro reserva<\/strong> para o cargo de <strong>Analista de Regula\u00e7\u00e3o<\/strong>, de n\u00edvel superior.<\/p>\n\n\n\n<p>Na ocasi\u00e3o, tamb\u00e9m foi anunciado que n\u00e3o os concursos n\u00e3o ser\u00e3o unificados em um s\u00f3 edital, j\u00e1 que as oportunidades s\u00e3o de diversas \u00e1reas.<\/p>\n\n\n\n<h2 class=\"wp-block-heading\" id=\"h-concurso-arsal-plano-de-cargos\">Concurso Arsal: Plano de Cargos<\/h2>\n\n\n\n<h3 class=\"wp-block-heading\" id=\"salarios\">Sal\u00e1rios<\/h3>\n\n\n\n<p>O Plano de Cargos referente \u00e0s carreiras do concurso Arsal s\u00e3o vigentes atrav\u00e9s da Lei n\u00ba 8.648, de 31 de mar\u00e7o de 2022.<\/p>\n\n\n\n<p>Segundo o documento, a remunera\u00e7\u00e3o-base e as gratifica\u00e7\u00f5es dos cargos se distribuem em classes progressivas da seguinte forma:<\/p>\n\n\n\n<ul class=\"wp-block-list\">\n<li><strong>Analista de Regula\u00e7\u00e3o: <\/strong>em 7 (sete) Classes denominadas pelas letras mai\u00fasculas A, B, C, D, E, F e G, e 4 (quatro) N\u00edveis, denominados pelos algarismos romanos I, II, III e IV, nos moldes da Matriz de Desenvolvimento.<\/li>\n\n\n\n<li><strong>Fiscal de Regula\u00e7\u00e3o e Auxiliar T\u00e9cnico de Regula\u00e7\u00e3o:<\/strong> em 7 (sete) Classes denominadas pelas letras mai\u00fasculas A, B, C, D, E, F e G e 3 (tr\u00eas) N\u00edveis, denominados pelos algarismos romanos I, II e III.<\/li>\n<\/ul>\n\n\n\n<figure class=\"wp-block-image aligncenter size-full\"><img loading=\"lazy\" decoding=\"async\" width=\"758\" height=\"246\" src=\"https:\/\/dhg1h5j42swfq.cloudfront.net\/2025\/10\/28210756\/image-278.png\" alt=\"concurso Arsal: distribui\u00e7\u00e3o das classes\" class=\"wp-image-1662190\" srcset=\"https:\/\/dhg1h5j42swfq.cloudfront.net\/2025\/10\/28210756\/image-278.png 758w, https:\/\/dhg1h5j42swfq.cloudfront.net\/2025\/10\/28210756\/image-278-300x97.png 300w, https:\/\/dhg1h5j42swfq.cloudfront.net\/2025\/10\/28210756\/image-278-150x49.png 150w\" sizes=\"auto, (max-width: 758px) 100vw, 758px\" \/><\/figure>\n\n\n\n<p>Para o desenvolvimento referente \u00e0 progress\u00e3o horizontal, o servidor ter\u00e1 de ter chegado a um tempo de servi\u00e7o <strong>de 5 anos<\/strong>, ter tido um desempenho funcional comprovado por sistema permanente e ter se aperfei\u00e7oado tecnicamente atrav\u00e9s do Plano de Qualifica\u00e7\u00e3o Profissional.<\/p>\n\n\n\n<p>J\u00e1 de forma vertical, os requisitos s\u00e3o o tempo de servi\u00e7o, com progress\u00e3o sempre na mesma classe, e mediante exig\u00eancia de nova habilita\u00e7\u00e3o ou titula\u00e7\u00e3o. Veja:<\/p>\n\n\n\n<ul class=\"wp-block-list\">\n<li><strong>Analista de Regula\u00e7\u00e3o:<\/strong> \n<ul class=\"wp-block-list\">\n<li>a) N\u00edvel I: N\u00edvel Superior, na especialidade de ingresso estabelecida em Edital; <\/li>\n\n\n\n<li>b) N\u00edvel II: o servidor de N\u00edvel I que adquiriu ou vier a adquirir titula\u00e7\u00e3o de P\u00f3sgradua\u00e7\u00e3o em N\u00edvel de Especializa\u00e7\u00e3o, no \u00e2mbito da especialidade de ingresso; <\/li>\n\n\n\n<li>c) N\u00edvel III: o servidor de N\u00edvel I ou II que adquiriu ou vier a adquirir titula\u00e7\u00e3o de P\u00f3s-Gradua\u00e7\u00e3o em N\u00edvel de Mestrado, no \u00e2mbito da especialidade de ingresso; e d<\/li>\n\n\n\n<li>) N\u00edvel IV: o servidor de N\u00edvel I, II ou III que adquiriu ou vier a adquirir titula\u00e7\u00e3o de P\u00f3s-gradua\u00e7\u00e3o em N\u00edvel de Doutorado, no \u00e2mbito da especialidade de ingresso.<\/li>\n<\/ul>\n<\/li>\n<\/ul>\n\n\n\n<ul class=\"wp-block-list\">\n<li><strong>Fiscal de Regula\u00e7\u00e3o e Auxiliar T\u00e9cnico de Regula\u00e7\u00e3o:<\/strong>\n<ul class=\"wp-block-list\">\n<li>a) N\u00edvel I: N\u00edvel M\u00e9dio e\/ou T\u00e9cnico Profissionalizante;<\/li>\n\n\n\n<li>b) N\u00edvel II: o servidor de N\u00edvel I que adquiriu ou vier a adquirir forma\u00e7\u00e3o\/habilita\u00e7\u00e3o em N\u00edvel Superior, no \u00e2mbito da especialidade de ingresso; e <\/li>\n\n\n\n<li>c) N\u00edvel III: o servidor de N\u00edvel I ou II que adquiriu ou vier a adquirir titula\u00e7\u00e3o de P\u00f3s-Gradua\u00e7\u00e3o em N\u00edvel de Especializa\u00e7\u00e3o, no \u00e2mbito da especialidade de ingresso.<\/li>\n<\/ul>\n<\/li>\n<\/ul>\n\n\n\n<p>J\u00e1 em rela\u00e7\u00e3o \u00e0 remunera\u00e7\u00e3o, o Plano de Cargos estabeleceu, naquela \u00e9poca, os seguintes valores no quadro de estrutura remunerat\u00f3ria:<\/p>\n\n\n\n<ul class=\"wp-block-list\">\n<li><strong>Analista de Regula\u00e7\u00e3o:<\/strong> R$ 5.359,57 iniciais<\/li>\n\n\n\n<li><strong>Fiscal de Regula\u00e7\u00e3o e Auxiliar T\u00e9cnico de Regula\u00e7\u00e3o:<\/strong> R$ 2.133,33 iniciais<\/li>\n<\/ul>\n\n\n\n<figure class=\"wp-block-image aligncenter size-full\"><img loading=\"lazy\" decoding=\"async\" width=\"911\" height=\"325\" src=\"https:\/\/dhg1h5j42swfq.cloudfront.net\/2025\/10\/28211742\/image-281.png\" alt=\"estrutura remunerat\u00f3ria dos cargos\" class=\"wp-image-1662200\" srcset=\"https:\/\/dhg1h5j42swfq.cloudfront.net\/2025\/10\/28211742\/image-281.png 911w, https:\/\/dhg1h5j42swfq.cloudfront.net\/2025\/10\/28211742\/image-281-300x107.png 300w, https:\/\/dhg1h5j42swfq.cloudfront.net\/2025\/10\/28211742\/image-281-768x274.png 768w, https:\/\/dhg1h5j42swfq.cloudfront.net\/2025\/10\/28211742\/image-281-150x54.png 150w\" sizes=\"auto, (max-width: 911px) 100vw, 911px\" \/><\/figure>\n\n\n\n<h3 class=\"wp-block-heading\" id=\"h-atribuicoes-dos-cargos\">Atribui\u00e7\u00f5es dos cargos<\/h3>\n\n\n\n<figure class=\"wp-block-image aligncenter size-full is-resized\"><img loading=\"lazy\" decoding=\"async\" width=\"571\" height=\"505\" src=\"https:\/\/dhg1h5j42swfq.cloudfront.net\/2025\/10\/28211221\/image-279.png\" alt=\"atribui\u00e7\u00f5es do concurso Arsal\" class=\"wp-image-1662194\" style=\"width:754px;height:auto\" srcset=\"https:\/\/dhg1h5j42swfq.cloudfront.net\/2025\/10\/28211221\/image-279.png 571w, https:\/\/dhg1h5j42swfq.cloudfront.net\/2025\/10\/28211221\/image-279-300x265.png 300w, https:\/\/dhg1h5j42swfq.cloudfront.net\/2025\/10\/28211221\/image-279-150x133.png 150w\" sizes=\"auto, (max-width: 571px) 100vw, 571px\" \/><\/figure>\n\n\n\n<figure class=\"wp-block-image aligncenter size-full is-resized\"><img loading=\"lazy\" decoding=\"async\" width=\"579\" height=\"122\" src=\"https:\/\/dhg1h5j42swfq.cloudfront.net\/2025\/10\/28211229\/image-280.png\" alt=\"atribui\u00e7\u00f5es do concurso Arsal\" class=\"wp-image-1662195\" style=\"width:759px;height:auto\" srcset=\"https:\/\/dhg1h5j42swfq.cloudfront.net\/2025\/10\/28211229\/image-280.png 579w, https:\/\/dhg1h5j42swfq.cloudfront.net\/2025\/10\/28211229\/image-280-300x63.png 300w, https:\/\/dhg1h5j42swfq.cloudfront.net\/2025\/10\/28211229\/image-280-150x32.png 150w\" sizes=\"auto, (max-width: 579px) 100vw, 579px\" \/><\/figure>\n\n\n\n<hr class=\"wp-block-separator has-alpha-channel-opacity\"\/>\n\n\n\n<p class=\"has-text-align-center has-x-large-font-size\" id=\"cursos\"><em>Quer estudar para o Concurso Arsal?<\/em><\/p>\n\n\n\n<div class=\"container\" id=\"boxes\">\n  <div class=\"row\">\n\n    <div class=\"col-sm\">\n      <div class=\"banner-adm-ec\" id=\"box-assinatura\">\n        <h2 class=\"titulo-assinatura\" style=\"text-align: left;\">Concursos Administrativos<\/h2>\n        <p class=\"subtitulo-assinatura\" style=\"text-align: left;\">Prepara\u00e7\u00e3o completa para os concursos<\/p>\n        <div class=\"box-botao\" style=\"text-align: left;\">\n          <a class=\"btn-assinatura\" target=\"_blank\" href=\"https:\/\/www.estrategiaconcursos.com.br\/cursos\/concurso\/\" role=\"button\" rel=\"noopener noreferrer\">VER CURSOS<\/a>\n        <\/div>\n      <\/div><\/div><\/div><\/div>\n\n\n\n<div class=\"container\" id=\"boxes\">\n  <div class=\"row\">\n\n    <div class=\"col-sm\">\n      <div class=\"estrategia\" id=\"box-assinatura\">\n        <h3 class=\"titulo-assinatura\">Assinatura Concursos<\/h3>\n        <p class=\"subtitulo-assinatura\">Assinatura de 1 ano ou 2 anos<\/p>\n        <div class=\"box-botao\">\n          <a class=\"btn-assinatura\" target=\"_blank\" href=\"https:\/\/www.estrategiaconcursos.com.br\/assinaturas\/\" role=\"button\" rel=\"noopener noreferrer\">ASSINE AGORA<\/a>\n        <\/div>\n      <\/div><\/div><\/div><\/div>\n\n\n\n<p class=\"has-text-align-center has-x-large-font-size\" id=\"h-quer-saber-tudo-sobre-concursos-previstos-confira-os-nossos-artigos\">Quer saber tudo sobre concursos previstos?<br \/>Confira os nossos artigos!<\/p>\n\n\n\n<ul class=\"wp-block-list\">\n<li><a href=\"https:\/\/www.estrategiaconcursos.com.br\/blog\/concursos-abertos\/\" target=\"_blank\" rel=\"noreferrer noopener\">Concursos Abertos<\/a><\/li>\n\n\n\n<li><a href=\"https:\/\/www.estrategiaconcursos.com.br\/blog\/concursos-2026\/\" target=\"_blank\" rel=\"noreferrer noopener\">Concursos 2026<\/a><\/li>\n<\/ul>\n\n\n\n<figure class=\"wp-block-image is-resized\"><img loading=\"lazy\" decoding=\"async\" width=\"1024\" height=\"632\" src=\"https:\/\/dhg1h5j42swfq.cloudfront.net\/2021\/04\/01161145\/ficha-tecnica-5-1024x632.png\" alt=\"Informa\u00e7\u00f5es do concurso \" class=\"wp-image-706736\" style=\"width:236px;height:145px\" srcset=\"https:\/\/dhg1h5j42swfq.cloudfront.net\/2021\/04\/01161145\/ficha-tecnica-5-1024x632.png 1024w, https:\/\/dhg1h5j42swfq.cloudfront.net\/2021\/04\/01161145\/ficha-tecnica-5-300x185.png 300w, https:\/\/dhg1h5j42swfq.cloudfront.net\/2021\/04\/01161145\/ficha-tecnica-5-768x474.png 768w, https:\/\/dhg1h5j42swfq.cloudfront.net\/2021\/04\/01161145\/ficha-tecnica-5-1536x948.png 1536w, https:\/\/dhg1h5j42swfq.cloudfront.net\/2021\/04\/01161145\/ficha-tecnica-5-610x377.png 610w, https:\/\/dhg1h5j42swfq.cloudfront.net\/2021\/04\/01161145\/ficha-tecnica-5.png 1571w\" sizes=\"auto, (max-width: 1024px) 100vw, 1024px\" \/><\/figure>\n\n\n\n<h3 class=\"wp-block-heading\" id=\"ficha-tecnica\">Informa\u00e7\u00f5es do Concurso Arsal<\/h3>\n\n\n\n<ul class=\"wp-block-list\">\n<li><strong>Data prevista:<\/strong> 2026<\/li>\n\n\n\n<li><strong>Banca<\/strong>: Cebraspe<\/li>\n\n\n\n<li><strong>Escolaridade<\/strong>: n\u00edvel superior<\/li>\n\n\n\n<li><strong>Vagas:<\/strong> 16 + CR<\/li>\n\n\n\n<li><strong>Cargo<\/strong>: Analista de Regula\u00e7\u00e3o<\/li>\n<\/ul>\n\n\n\n<p><\/p>\n","protected":false},"excerpt":{"rendered":"<p>A Procuradoria Geral autorizou a contrata\u00e7\u00e3o do Cebraspe para organizar o Concurso Arsal (Ag\u00eancia Reguladora de Servi\u00e7os P\u00fablicos do Estado de Alagoas). O documento que confirma a escolha da empresa foi publicado no Di\u00e1rio Oficial do Estado de Alagoas no dia 17 de abril. Confira logo abaixo: Ainda, o quantitativo de vagas que ser\u00e3o contempladas [&hellip;]<\/p>\n","protected":false},"author":2692,"featured_media":1662189,"comment_status":"open","ping_status":"closed","sticky":false,"template":"","format":"standard","meta":{"post_tipo":"news_page","footnotes":""},"categories":[220215,214992],"tags":[],"tax_estado":[219965],"class_list":["post-1662085","post","type-post","status-publish","format-standard","has-post-thumbnail","hentry","category-agencia-reguladora","category-concursos-administrativos","tax_estado-al"],"acf":[],"yoast_head":"<!-- This site is optimized with the Yoast SEO Premium plugin v27.2 (Yoast SEO v27.2) - https:\/\/yoast.com\/product\/yoast-seo-premium-wordpress\/ -->\n<title>Concurso Arsal: Cebraspe \u00e9 a banca organizadora!<\/title>\n<meta name=\"description\" content=\"Concurso Arsal: Cebraspe \u00e9 a banca organizadora! Edital ser\u00e1 para 16 vagas mais CR no cargo de Analista. Veja tudo aqui!\" \/>\n<meta name=\"robots\" content=\"index, follow, max-snippet:-1, max-image-preview:large, max-video-preview:-1\" \/>\n<link rel=\"canonical\" href=\"https:\/\/www.estrategiaconcursos.com.br\/blog\/concurso-arsal\/\" \/>\n<meta property=\"og:locale\" content=\"pt_BR\" \/>\n<meta property=\"og:type\" content=\"article\" \/>\n<meta property=\"og:title\" content=\"Concurso Arsal: Cebraspe \u00e9 a banca organizadora!\" \/>\n<meta property=\"og:description\" content=\"Concurso Arsal: Cebraspe \u00e9 a banca organizadora! Edital ser\u00e1 para 16 vagas mais CR no cargo de Analista. Veja tudo aqui!\" \/>\n<meta property=\"og:url\" content=\"https:\/\/www.estrategiaconcursos.com.br\/blog\/concurso-arsal\/\" \/>\n<meta property=\"og:site_name\" content=\"Estrat\u00e9gia Concursos\" \/>\n<meta property=\"article:published_time\" content=\"2026-04-17T13:05:00+00:00\" \/>\n<meta property=\"article:modified_time\" content=\"2026-04-17T17:22:50+00:00\" \/>\n<meta property=\"og:image\" content=\"https:\/\/dhg1h5j42swfq.cloudfront.net\/2025\/10\/28202408\/arsal.jpg\" \/>\n\t<meta property=\"og:image:width\" content=\"768\" \/>\n\t<meta property=\"og:image:height\" content=\"432\" \/>\n\t<meta property=\"og:image:type\" content=\"image\/jpeg\" \/>\n<meta name=\"author\" content=\"Ronaldo Scanavini Neto\" \/>\n<meta name=\"twitter:card\" content=\"summary_large_image\" \/>\n<meta name=\"twitter:creator\" content=\"@EstratConcursos\" \/>\n<meta name=\"twitter:site\" content=\"@EstratConcursos\" \/>\n<meta name=\"twitter:label1\" content=\"Escrito por\" \/>\n\t<meta name=\"twitter:data1\" content=\"Ronaldo Scanavini Neto\" \/>\n\t<meta name=\"twitter:label2\" content=\"Est. tempo de leitura\" \/>\n\t<meta name=\"twitter:data2\" content=\"5 minutos\" \/>\n<script type=\"application\/ld+json\" class=\"yoast-schema-graph\">{\"@context\":\"https:\/\/schema.org\",\"@graph\":[{\"@type\":\"NewsArticle\",\"@id\":\"https:\/\/www.estrategiaconcursos.com.br\/blog\/concurso-arsal\/#article\",\"isPartOf\":{\"@id\":\"https:\/\/www.estrategiaconcursos.com.br\/blog\/concurso-arsal\/\"},\"author\":{\"name\":\"Ronaldo Scanavini Neto\",\"@id\":\"https:\/\/www.estrategiaconcursos.com.br\/blog\/#\/schema\/person\/70c2ad4297aa24ff8815b08215b23a76\"},\"headline\":\"Concurso Arsal: Cebraspe \u00e9 a banca organizadora!\",\"datePublished\":\"2026-04-17T13:05:00+00:00\",\"dateModified\":\"2026-04-17T17:22:50+00:00\",\"mainEntityOfPage\":{\"@id\":\"https:\/\/www.estrategiaconcursos.com.br\/blog\/concurso-arsal\/\"},\"wordCount\":1003,\"commentCount\":0,\"publisher\":{\"@id\":\"https:\/\/www.estrategiaconcursos.com.br\/blog\/#organization\"},\"image\":{\"@id\":\"https:\/\/www.estrategiaconcursos.com.br\/blog\/concurso-arsal\/#primaryimage\"},\"thumbnailUrl\":\"https:\/\/dhg1h5j42swfq.cloudfront.net\/2025\/10\/28202408\/arsal.jpg\",\"articleSection\":[\"Ag\u00eancia Reguladora\",\"Executivo (Administrativa)\"],\"inLanguage\":\"pt-BR\",\"potentialAction\":[{\"@type\":\"CommentAction\",\"name\":\"Comment\",\"target\":[\"https:\/\/www.estrategiaconcursos.com.br\/blog\/concurso-arsal\/#respond\"]}],\"copyrightYear\":\"2026\",\"copyrightHolder\":{\"@id\":\"https:\/\/www.estrategiaconcursos.com.br\/blog\/#organization\"}},{\"@type\":\"WebPage\",\"@id\":\"https:\/\/www.estrategiaconcursos.com.br\/blog\/concurso-arsal\/\",\"url\":\"https:\/\/www.estrategiaconcursos.com.br\/blog\/concurso-arsal\/\",\"name\":\"Concurso Arsal: Cebraspe \u00e9 a banca organizadora!\",\"isPartOf\":{\"@id\":\"https:\/\/www.estrategiaconcursos.com.br\/blog\/#website\"},\"primaryImageOfPage\":{\"@id\":\"https:\/\/www.estrategiaconcursos.com.br\/blog\/concurso-arsal\/#primaryimage\"},\"image\":{\"@id\":\"https:\/\/www.estrategiaconcursos.com.br\/blog\/concurso-arsal\/#primaryimage\"},\"thumbnailUrl\":\"https:\/\/dhg1h5j42swfq.cloudfront.net\/2025\/10\/28202408\/arsal.jpg\",\"datePublished\":\"2026-04-17T13:05:00+00:00\",\"dateModified\":\"2026-04-17T17:22:50+00:00\",\"description\":\"Concurso Arsal: Cebraspe \u00e9 a banca organizadora! Edital ser\u00e1 para 16 vagas mais CR no cargo de Analista. Veja tudo aqui!\",\"breadcrumb\":{\"@id\":\"https:\/\/www.estrategiaconcursos.com.br\/blog\/concurso-arsal\/#breadcrumb\"},\"inLanguage\":\"pt-BR\",\"potentialAction\":[{\"@type\":\"ReadAction\",\"target\":[\"https:\/\/www.estrategiaconcursos.com.br\/blog\/concurso-arsal\/\"]}]},{\"@type\":\"ImageObject\",\"inLanguage\":\"pt-BR\",\"@id\":\"https:\/\/www.estrategiaconcursos.com.br\/blog\/concurso-arsal\/#primaryimage\",\"url\":\"https:\/\/dhg1h5j42swfq.cloudfront.net\/2025\/10\/28202408\/arsal.jpg\",\"contentUrl\":\"https:\/\/dhg1h5j42swfq.cloudfront.net\/2025\/10\/28202408\/arsal.jpg\",\"width\":768,\"height\":432},{\"@type\":\"BreadcrumbList\",\"@id\":\"https:\/\/www.estrategiaconcursos.com.br\/blog\/concurso-arsal\/#breadcrumb\",\"itemListElement\":[{\"@type\":\"ListItem\",\"position\":1,\"name\":\"In\u00edcio\",\"item\":\"https:\/\/www.estrategiaconcursos.com.br\/blog\/\"},{\"@type\":\"ListItem\",\"position\":2,\"name\":\"Concurso Arsal: Cebraspe \u00e9 a banca organizadora!\"}]},{\"@type\":\"WebSite\",\"@id\":\"https:\/\/www.estrategiaconcursos.com.br\/blog\/#website\",\"url\":\"https:\/\/www.estrategiaconcursos.com.br\/blog\/\",\"name\":\"Estrat\u00e9gia Concursos\",\"description\":\"O blog da Estrat\u00e9gia Concursos traz not\u00edcias sobre concursos e artigos de professores oferecendo cursos para concursos (pdf + videaulas) no site.\",\"publisher\":{\"@id\":\"https:\/\/www.estrategiaconcursos.com.br\/blog\/#organization\"},\"potentialAction\":[{\"@type\":\"SearchAction\",\"target\":{\"@type\":\"EntryPoint\",\"urlTemplate\":\"https:\/\/www.estrategiaconcursos.com.br\/blog\/?s={search_term_string}\"},\"query-input\":{\"@type\":\"PropertyValueSpecification\",\"valueRequired\":true,\"valueName\":\"search_term_string\"}}],\"inLanguage\":\"pt-BR\"},{\"@type\":\"Organization\",\"@id\":\"https:\/\/www.estrategiaconcursos.com.br\/blog\/#organization\",\"name\":\"Estrat\u00e9gia Concursos\",\"url\":\"https:\/\/www.estrategiaconcursos.com.br\/blog\/\",\"logo\":{\"@type\":\"ImageObject\",\"inLanguage\":\"pt-BR\",\"@id\":\"https:\/\/www.estrategiaconcursos.com.br\/blog\/#\/schema\/logo\/image\/\",\"url\":\"https:\/\/dhg1h5j42swfq.cloudfront.net\/2025\/06\/03203428\/logo_concursos-1.jpg\",\"contentUrl\":\"https:\/\/dhg1h5j42swfq.cloudfront.net\/2025\/06\/03203428\/logo_concursos-1.jpg\",\"width\":230,\"height\":60,\"caption\":\"Estrat\u00e9gia Concursos\"},\"image\":{\"@id\":\"https:\/\/www.estrategiaconcursos.com.br\/blog\/#\/schema\/logo\/image\/\"},\"sameAs\":[\"https:\/\/x.com\/EstratConcursos\"]},{\"@type\":\"Person\",\"@id\":\"https:\/\/www.estrategiaconcursos.com.br\/blog\/#\/schema\/person\/70c2ad4297aa24ff8815b08215b23a76\",\"name\":\"Ronaldo Scanavini Neto\",\"image\":{\"@type\":\"ImageObject\",\"inLanguage\":\"pt-BR\",\"@id\":\"https:\/\/secure.gravatar.com\/avatar\/f93d8e56fe264596e94aee6b3feb737d98ad0fc5bac7eb0a245f04723c5c8f21?s=96&d=mm&r=g\",\"url\":\"https:\/\/secure.gravatar.com\/avatar\/f93d8e56fe264596e94aee6b3feb737d98ad0fc5bac7eb0a245f04723c5c8f21?s=96&d=mm&r=g\",\"contentUrl\":\"https:\/\/secure.gravatar.com\/avatar\/f93d8e56fe264596e94aee6b3feb737d98ad0fc5bac7eb0a245f04723c5c8f21?s=96&d=mm&r=g\",\"caption\":\"Ronaldo Scanavini Neto\"},\"description\":\"Graduando em Comunica\u00e7\u00e3o Social \u2013 Jornalismo pela Universidade Federal de Vi\u00e7osa (UFV). Integra a equipe de jornalismo do Estrat\u00e9gia Concursos desde 2023, atuando com \u00eanfase na cobertura da \u00e1rea fiscal. Tamb\u00e9m realiza a apura\u00e7\u00e3o e produ\u00e7\u00e3o de not\u00edcias sobre concursos federais, \u00f3rg\u00e3os participantes do CNU e das \u00e1reas de controle, gest\u00e3o, engenharia, Exame CFC, comunica\u00e7\u00e3o social TI e \u00e1rea de concursos administrativos.\",\"url\":\"https:\/\/www.estrategiaconcursos.com.br\/blog\/author\/ronaldo-netoestrategia-com\/\"}]}<\/script>\n<!-- \/ Yoast SEO Premium plugin. -->","yoast_head_json":{"title":"Concurso Arsal: Cebraspe \u00e9 a banca organizadora!","description":"Concurso Arsal: Cebraspe \u00e9 a banca organizadora! Edital ser\u00e1 para 16 vagas mais CR no cargo de Analista. Veja tudo aqui!","robots":{"index":"index","follow":"follow","max-snippet":"max-snippet:-1","max-image-preview":"max-image-preview:large","max-video-preview":"max-video-preview:-1"},"canonical":"https:\/\/www.estrategiaconcursos.com.br\/blog\/concurso-arsal\/","og_locale":"pt_BR","og_type":"article","og_title":"Concurso Arsal: Cebraspe \u00e9 a banca organizadora!","og_description":"Concurso Arsal: Cebraspe \u00e9 a banca organizadora! Edital ser\u00e1 para 16 vagas mais CR no cargo de Analista. Veja tudo aqui!","og_url":"https:\/\/www.estrategiaconcursos.com.br\/blog\/concurso-arsal\/","og_site_name":"Estrat\u00e9gia Concursos","article_published_time":"2026-04-17T13:05:00+00:00","article_modified_time":"2026-04-17T17:22:50+00:00","og_image":[{"width":768,"height":432,"url":"https:\/\/dhg1h5j42swfq.cloudfront.net\/2025\/10\/28202408\/arsal.jpg","type":"image\/jpeg"}],"author":"Ronaldo Scanavini Neto","twitter_card":"summary_large_image","twitter_creator":"@EstratConcursos","twitter_site":"@EstratConcursos","twitter_misc":{"Escrito por":"Ronaldo Scanavini Neto","Est. tempo de leitura":"5 minutos"},"schema":{"@context":"https:\/\/schema.org","@graph":[{"@type":"NewsArticle","@id":"https:\/\/www.estrategiaconcursos.com.br\/blog\/concurso-arsal\/#article","isPartOf":{"@id":"https:\/\/www.estrategiaconcursos.com.br\/blog\/concurso-arsal\/"},"author":{"name":"Ronaldo Scanavini Neto","@id":"https:\/\/www.estrategiaconcursos.com.br\/blog\/#\/schema\/person\/70c2ad4297aa24ff8815b08215b23a76"},"headline":"Concurso Arsal: Cebraspe \u00e9 a banca organizadora!","datePublished":"2026-04-17T13:05:00+00:00","dateModified":"2026-04-17T17:22:50+00:00","mainEntityOfPage":{"@id":"https:\/\/www.estrategiaconcursos.com.br\/blog\/concurso-arsal\/"},"wordCount":1003,"commentCount":0,"publisher":{"@id":"https:\/\/www.estrategiaconcursos.com.br\/blog\/#organization"},"image":{"@id":"https:\/\/www.estrategiaconcursos.com.br\/blog\/concurso-arsal\/#primaryimage"},"thumbnailUrl":"https:\/\/dhg1h5j42swfq.cloudfront.net\/2025\/10\/28202408\/arsal.jpg","articleSection":["Ag\u00eancia Reguladora","Executivo (Administrativa)"],"inLanguage":"pt-BR","potentialAction":[{"@type":"CommentAction","name":"Comment","target":["https:\/\/www.estrategiaconcursos.com.br\/blog\/concurso-arsal\/#respond"]}],"copyrightYear":"2026","copyrightHolder":{"@id":"https:\/\/www.estrategiaconcursos.com.br\/blog\/#organization"}},{"@type":"WebPage","@id":"https:\/\/www.estrategiaconcursos.com.br\/blog\/concurso-arsal\/","url":"https:\/\/www.estrategiaconcursos.com.br\/blog\/concurso-arsal\/","name":"Concurso Arsal: Cebraspe \u00e9 a banca organizadora!","isPartOf":{"@id":"https:\/\/www.estrategiaconcursos.com.br\/blog\/#website"},"primaryImageOfPage":{"@id":"https:\/\/www.estrategiaconcursos.com.br\/blog\/concurso-arsal\/#primaryimage"},"image":{"@id":"https:\/\/www.estrategiaconcursos.com.br\/blog\/concurso-arsal\/#primaryimage"},"thumbnailUrl":"https:\/\/dhg1h5j42swfq.cloudfront.net\/2025\/10\/28202408\/arsal.jpg","datePublished":"2026-04-17T13:05:00+00:00","dateModified":"2026-04-17T17:22:50+00:00","description":"Concurso Arsal: Cebraspe \u00e9 a banca organizadora! Edital ser\u00e1 para 16 vagas mais CR no cargo de Analista. Veja tudo aqui!","breadcrumb":{"@id":"https:\/\/www.estrategiaconcursos.com.br\/blog\/concurso-arsal\/#breadcrumb"},"inLanguage":"pt-BR","potentialAction":[{"@type":"ReadAction","target":["https:\/\/www.estrategiaconcursos.com.br\/blog\/concurso-arsal\/"]}]},{"@type":"ImageObject","inLanguage":"pt-BR","@id":"https:\/\/www.estrategiaconcursos.com.br\/blog\/concurso-arsal\/#primaryimage","url":"https:\/\/dhg1h5j42swfq.cloudfront.net\/2025\/10\/28202408\/arsal.jpg","contentUrl":"https:\/\/dhg1h5j42swfq.cloudfront.net\/2025\/10\/28202408\/arsal.jpg","width":768,"height":432},{"@type":"BreadcrumbList","@id":"https:\/\/www.estrategiaconcursos.com.br\/blog\/concurso-arsal\/#breadcrumb","itemListElement":[{"@type":"ListItem","position":1,"name":"In\u00edcio","item":"https:\/\/www.estrategiaconcursos.com.br\/blog\/"},{"@type":"ListItem","position":2,"name":"Concurso Arsal: Cebraspe \u00e9 a banca organizadora!"}]},{"@type":"WebSite","@id":"https:\/\/www.estrategiaconcursos.com.br\/blog\/#website","url":"https:\/\/www.estrategiaconcursos.com.br\/blog\/","name":"Estrat\u00e9gia Concursos","description":"O blog da Estrat\u00e9gia Concursos traz not\u00edcias sobre concursos e artigos de professores oferecendo cursos para concursos (pdf + videaulas) no site.","publisher":{"@id":"https:\/\/www.estrategiaconcursos.com.br\/blog\/#organization"},"potentialAction":[{"@type":"SearchAction","target":{"@type":"EntryPoint","urlTemplate":"https:\/\/www.estrategiaconcursos.com.br\/blog\/?s={search_term_string}"},"query-input":{"@type":"PropertyValueSpecification","valueRequired":true,"valueName":"search_term_string"}}],"inLanguage":"pt-BR"},{"@type":"Organization","@id":"https:\/\/www.estrategiaconcursos.com.br\/blog\/#organization","name":"Estrat\u00e9gia Concursos","url":"https:\/\/www.estrategiaconcursos.com.br\/blog\/","logo":{"@type":"ImageObject","inLanguage":"pt-BR","@id":"https:\/\/www.estrategiaconcursos.com.br\/blog\/#\/schema\/logo\/image\/","url":"https:\/\/dhg1h5j42swfq.cloudfront.net\/2025\/06\/03203428\/logo_concursos-1.jpg","contentUrl":"https:\/\/dhg1h5j42swfq.cloudfront.net\/2025\/06\/03203428\/logo_concursos-1.jpg","width":230,"height":60,"caption":"Estrat\u00e9gia Concursos"},"image":{"@id":"https:\/\/www.estrategiaconcursos.com.br\/blog\/#\/schema\/logo\/image\/"},"sameAs":["https:\/\/x.com\/EstratConcursos"]},{"@type":"Person","@id":"https:\/\/www.estrategiaconcursos.com.br\/blog\/#\/schema\/person\/70c2ad4297aa24ff8815b08215b23a76","name":"Ronaldo Scanavini Neto","image":{"@type":"ImageObject","inLanguage":"pt-BR","@id":"https:\/\/secure.gravatar.com\/avatar\/f93d8e56fe264596e94aee6b3feb737d98ad0fc5bac7eb0a245f04723c5c8f21?s=96&d=mm&r=g","url":"https:\/\/secure.gravatar.com\/avatar\/f93d8e56fe264596e94aee6b3feb737d98ad0fc5bac7eb0a245f04723c5c8f21?s=96&d=mm&r=g","contentUrl":"https:\/\/secure.gravatar.com\/avatar\/f93d8e56fe264596e94aee6b3feb737d98ad0fc5bac7eb0a245f04723c5c8f21?s=96&d=mm&r=g","caption":"Ronaldo Scanavini Neto"},"description":"Graduando em Comunica\u00e7\u00e3o Social \u2013 Jornalismo pela Universidade Federal de Vi\u00e7osa (UFV). Integra a equipe de jornalismo do Estrat\u00e9gia Concursos desde 2023, atuando com \u00eanfase na cobertura da \u00e1rea fiscal. Tamb\u00e9m realiza a apura\u00e7\u00e3o e produ\u00e7\u00e3o de not\u00edcias sobre concursos federais, \u00f3rg\u00e3os participantes do CNU e das \u00e1reas de controle, gest\u00e3o, engenharia, Exame CFC, comunica\u00e7\u00e3o social TI e \u00e1rea de concursos administrativos.","url":"https:\/\/www.estrategiaconcursos.com.br\/blog\/author\/ronaldo-netoestrategia-com\/"}]}},"_links":{"self":[{"href":"https:\/\/www.estrategiaconcursos.com.br\/blog\/wp-json\/wp\/v2\/posts\/1662085","targetHints":{"allow":["GET"]}}],"collection":[{"href":"https:\/\/www.estrategiaconcursos.com.br\/blog\/wp-json\/wp\/v2\/posts"}],"about":[{"href":"https:\/\/www.estrategiaconcursos.com.br\/blog\/wp-json\/wp\/v2\/types\/post"}],"author":[{"embeddable":true,"href":"https:\/\/www.estrategiaconcursos.com.br\/blog\/wp-json\/wp\/v2\/users\/2692"}],"replies":[{"embeddable":true,"href":"https:\/\/www.estrategiaconcursos.com.br\/blog\/wp-json\/wp\/v2\/comments?post=1662085"}],"version-history":[{"count":14,"href":"https:\/\/www.estrategiaconcursos.com.br\/blog\/wp-json\/wp\/v2\/posts\/1662085\/revisions"}],"predecessor-version":[{"id":1755308,"href":"https:\/\/www.estrategiaconcursos.com.br\/blog\/wp-json\/wp\/v2\/posts\/1662085\/revisions\/1755308"}],"wp:featuredmedia":[{"embeddable":true,"href":"https:\/\/www.estrategiaconcursos.com.br\/blog\/wp-json\/wp\/v2\/media\/1662189"}],"wp:attachment":[{"href":"https:\/\/www.estrategiaconcursos.com.br\/blog\/wp-json\/wp\/v2\/media?parent=1662085"}],"wp:term":[{"taxonomy":"category","embeddable":true,"href":"https:\/\/www.estrategiaconcursos.com.br\/blog\/wp-json\/wp\/v2\/categories?post=1662085"},{"taxonomy":"post_tag","embeddable":true,"href":"https:\/\/www.estrategiaconcursos.com.br\/blog\/wp-json\/wp\/v2\/tags?post=1662085"},{"taxonomy":"tax_estado","embeddable":true,"href":"https:\/\/www.estrategiaconcursos.com.br\/blog\/wp-json\/wp\/v2\/tax_estado?post=1662085"}],"curies":[{"name":"wp","href":"https:\/\/api.w.org\/{rel}","templated":true}]}}