{"id":1662072,"date":"2025-10-29T09:20:00","date_gmt":"2025-10-29T12:20:00","guid":{"rendered":"https:\/\/www.estrategiaconcursos.com.br\/blog\/?p=1662072"},"modified":"2025-10-28T17:46:47","modified_gmt":"2025-10-28T20:46:47","slug":"questoes-interpretacao-texto-que-ja-cairam-concursos","status":"publish","type":"post","link":"https:\/\/www.estrategiaconcursos.com.br\/blog\/questoes-interpretacao-texto-que-ja-cairam-concursos\/","title":{"rendered":"Quest\u00f5es de Interpreta\u00e7\u00e3o de Texto que j\u00e1 ca\u00edram em concursos"},"content":{"rendered":"\n<p style=\"font-size:clamp(14.082px, 0.88rem + ((1vw - 3.2px) * 0.678), 21px);\"><em><strong>Interpreta\u00e7\u00e3o de texto \u00e9 um tema sempre cobrado nas provas de concursos p\u00fablicos; confira algumas quest\u00f5es e reforce a sua prepara\u00e7\u00e3o!<\/strong><\/em><\/p>\n\n\n\n<p>A <strong>interpreta\u00e7\u00e3o de texto<\/strong> \u00e9 uma das compet\u00eancias mais cobradas e, ao mesmo tempo, mais desafiadoras para quem se prepara para concursos p\u00fablicos. <\/p>\n\n\n\n<p>Mais do que dominar regras gramaticais, o candidato precisa compreender ideias, identificar inten\u00e7\u00f5es, reconhecer infer\u00eancias e interpretar diferentes g\u00eaneros textuais.<\/p>\n\n\n\n<p>As bancas costumam usar esse tipo de quest\u00e3o para avaliar a capacidade de an\u00e1lise e compreens\u00e3o do candidato, o que faz da interpreta\u00e7\u00e3o de texto um verdadeiro diferencial competitivo. <\/p>\n\n\n\n<p>Afinal, quem entende bem o que l\u00ea consegue responder com mais seguran\u00e7a n\u00e3o s\u00f3 \u00e0s quest\u00f5es de Portugu\u00eas, mas tamb\u00e9m \u00e0s de outras disciplinas que dependem de leitura e interpreta\u00e7\u00e3o precisa.<\/p>\n\n\n\n<p>Neste artigo, reunimos <strong>quest\u00f5es de interpreta\u00e7\u00e3o de texto que j\u00e1 ca\u00edram em concursos anteriores<\/strong>, para que voc\u00ea possa compreender melhor o estilo das bancas, aprimorar sua leitura cr\u00edtica e desenvolver estrat\u00e9gias para alcan\u00e7ar um desempenho superior nas provas.<\/p>\n\n\n\n<p><strong>Veja tamb\u00e9m:<\/strong><br \/>+ <a href=\"https:\/\/www.estrategiaconcursos.com.br\/blog\/questoes-raciocinio-logico-ja-cairam-concursos\/\" target=\"_blank\" rel=\"noreferrer noopener\">Quest\u00f5es de Racioc\u00ednio L\u00f3gico que j\u00e1 ca\u00edram em concursos<\/a><br \/><strong>+<\/strong> <a href=\"https:\/\/www.estrategiaconcursos.com.br\/blog\/questoes-portugues-ja-cairam-concursos\/\" target=\"_blank\" rel=\"noreferrer noopener\">9 quest\u00f5es de Portugu\u00eas que j\u00e1 ca\u00edram em concursos<\/a><strong><br \/>+<\/strong> <a href=\"https:\/\/www.estrategiaconcursos.com.br\/blog\/como-estudar-por-questoes-de-concurso\/\" target=\"_blank\" rel=\"noreferrer noopener\">Como estudar por meio de quest\u00f5es?<\/a><\/p>\n\n\n\n<p>A ideia \u00e9 que, ao analisar e resolver essas quest\u00f5es, voc\u00ea consiga identificar padr\u00f5es, aprimorar seu racioc\u00ednio e se preparar de forma mais estrat\u00e9gica para os pr\u00f3ximos desafios.<\/p>\n\n\n\n<div class=\"container\" id=\"boxes\">\n  <div class=\"row\">\n\n<div class=\"col-sm\">\n      <div class=\"questoes\" id=\"box-assinatura\">\n        <h3 class=\"titulo-assinatura\">Sistema de Quest\u00f5es EC<\/h3>\n        <p class=\"subtitulo-assinatura\">S\u00e3o mais de 2 milh\u00f5es de quest\u00f5es cadastradas!\n<\/p>\n        <div class=\"box-botao\">\n          <a class=\"btn-assinatura\" target=\"_blank\" href=\"https:\/\/www.estrategiaconcursos.com.br\/pesquisa\/?q=sistema+questoes\" role=\"button\" rel=\"noopener noreferrer\">ASSINE AGORA<\/a>\n      <\/div>\n      <\/div><\/div><\/div><\/div>\n\n\n\n<h2 class=\"wp-block-heading\" id=\"h-concurso-camara-de-salvador-ba\">Concurso C\u00e2mara de Salvador BA<\/h2>\n\n\n\n<ul class=\"wp-block-list\">\n<li><em>Banca: FGV<\/em><\/li>\n\n\n\n<li><em>Ano: 2017<\/em><\/li>\n\n\n\n<li><em>Cargo: Legislativo Municipal<\/em><\/li>\n<\/ul>\n\n\n\n<p>Texto 1 \u2013 Guerra civil<br \/>Renato Casagrande,<em>\u00a0O Globo<\/em>, 23\/11\/2017<\/p>\n\n\n\n<p>O 11\u00ba Relat\u00f3rio do F\u00f3rum Brasileiro de Seguran\u00e7a P\u00fablica, mostrando o crescimento das mortes violentas no Brasil em 2016, mais uma vez assustou a todos. Foram 61.619 pessoas que perderam a vida devido \u00e0 viol\u00eancia. Outro dado relevante \u00e9 o crescimento da viol\u00eancia em alguns estados do Sul e do Sudeste.<\/p>\n\n\n\n<p>Na verdade, todos os anos a imprensa nacional destaca os inaceit\u00e1veis n\u00fameros da viol\u00eancia no pa\u00eds. Todos se assustam, o tempo passa, e pouca a\u00e7\u00e3o ocorre de fato. Tem sido assim com o governo federal e boa parte das demais unidades da Federa\u00e7\u00e3o.<\/p>\n\n\n\n<p>Agora, com a crise, o argumento \u00e9 a incapacidade de investimento, mas, mesmo em per\u00edodos de economia mais forte, pouco se viu da implementa\u00e7\u00e3o de programas estruturantes com o objetivo de enfrentar o crime. Contrata\u00e7\u00e3o de policiais, aquisi\u00e7\u00e3o de equipamentos, viaturas e novas tecnologias s\u00e3o medidas essenciais, mas \u00e9 preciso ir muito al\u00e9m. Definir metas e alcan\u00e7\u00e1-las, utilizando um bom m\u00e9todo de trabalho, deve ser parte de um programa bem articulado, que permita o acompanhamento das a\u00e7\u00f5es e que incentive o trabalho integrado entre as for\u00e7as policiais do estado, da Uni\u00e3o e das guardas municipais.<\/p>\n\n\n\n<p>O primeiro par\u00e1grafo do texto 1 \u00e9 constitu\u00eddo por tr\u00eas per\u00edodos; sobre o terceiro per\u00edodo, \u00e9 INCORRETO afirmar que:<\/p>\n\n\n\n<p>A) \u00e9 parcialmente redundante j\u00e1 que a informa\u00e7\u00e3o do crescimento da viol\u00eancia no Brasil j\u00e1 foi dada antes;<\/p>\n\n\n\n<p>B) indica a supervaloriza\u00e7\u00e3o de algumas regi\u00f5es do Brasil em rela\u00e7\u00e3o \u00e0s demais;<\/p>\n\n\n\n<p>C) faz supor que o crescimento da viol\u00eancia nas regi\u00f5es destacadas foi bem maior que nas demais;<\/p>\n\n\n\n<p>D) leva o leitor \u00e0 suposi\u00e7\u00e3o de que o crescimento da viol\u00eancia n\u00e3o atingia anteriormente essas regi\u00f5es;<\/p>\n\n\n\n<p>E) mostra uma quebra de expectativa quanto ao crescimento da viol\u00eancia no Brasil.<\/p>\n\n\n\n<details class=\"wp-block-details is-layout-flow wp-block-details-is-layout-flow\"><summary><strong>Resposta<\/strong><\/summary>\n<p><strong>B)<\/strong> indica a supervaloriza\u00e7\u00e3o de algumas regi\u00f5es do Brasil em rela\u00e7\u00e3o \u00e0s demais;<\/p>\n<\/details>\n\n\n\n<hr class=\"wp-block-separator has-alpha-channel-opacity is-style-dots\"\/>\n\n\n\n<h2 class=\"wp-block-heading\" id=\"h-concurso-pm-pa\">Concurso PM PA<\/h2>\n\n\n\n<ul class=\"wp-block-list\">\n<li><em>Banca: UEPA<\/em><\/li>\n\n\n\n<li><em>Ano: 2012<\/em><\/li>\n\n\n\n<li><em>Cargo: Soldado<\/em><\/li>\n<\/ul>\n\n\n\n<p><strong>&nbsp;MENOR + \u00c1LCOOL PROIBIDO, MAS NINGU\u00c9M LIGA&nbsp;<\/strong><\/p>\n\n\n\n<p>A lei pro\u00edbe menores de beber, mas ningu\u00e9m, nem os pais, a respeita. Os jovens pagam o pre\u00e7o por isso, e ele \u00e9 alto. De todas as leis ignoradas no Brasil \u2014 e a lista \u00e9 longa \u2014, poucas s\u00e3o descumpridas com tanta naturalidade, e na escala, como aquela que pro\u00edbe menores de 18 anos de beber.&nbsp;&nbsp; &nbsp; &nbsp;&nbsp; &nbsp; &nbsp;&nbsp; &nbsp; &nbsp;<\/p>\n\n\n\n<p>Pesquisa in\u00e9dita feita em sete capitais do pa\u00eds \u2014 S\u00e3o Paulo, Belo Horizonte, Porto Alegre, Recife, Rio de Janeiro, Bel\u00e9m e Campo Grande \u2014 mostra que adolescentes que tentam comprar bebidas alco\u00f3licas t\u00eam sucesso em, pelo menos, 70% das vezes.\u00a0 \u00a0 \u00a0 \u00a0 \u00a0\u00a0<\/p>\n\n\n\n<p>Na capital paraense, esse \u00edndice chega a estupefacientes 88%, recorde seguido de perto pelo Rio, com 86%. Mesmo em S\u00e3o Paulo, onde uma norma estadual aumenta o rigor das puni\u00e7\u00f5es aos donos de estabelecimentos que vendem bebidas para menores, 71% dos adolescentes t\u00eam tr\u00e2nsito livre para o balc\u00e3o do bar.\u00a0 \u00a0 \u00a0 \u00a0 \u00a0 \u00a0 \u00a0\u00a0\u00a0 \u00a0 \u00a0\u00a0 \u00a0 \u00a0<\/p>\n\n\n\n<p>Levantamentos feitos no Brasil e no exterior comprovam que beber \u2014 em qualquer idade \u2014 potencializa comportamentos temer\u00e1rios. No adolescente, com sua onipot\u00eancia e impulsividade caracter\u00edsticas, o risco de o \u00e1lcool provocar ou facilitar situa\u00e7\u00f5es como gravidez precoce, contamina\u00e7\u00e3o por doen\u00e7as sexualmente transmiss\u00edveis, envolvimento com a criminalidade e uso de drogas il\u00edcitas \u00e9 perigosamente maior. Junte-se a isso o fato de que, num organismo jovem, o impacto e as consequ\u00eancias da ingest\u00e3o de bebida s\u00e3o muito diferentes do que os que incidem sobre um adulto e a conclus\u00e3o \u2014 un\u00e2nime \u2014 dos especialistas \u00e9 menores de 18 anos n\u00e3o devem beber sequer uma gota de \u00e1lcool.\u00a0 \u00a0 \u00a0\u00a0 \u00a0 \u00a0\u00a0 \u00a0 <\/p>\n\n\n\n<p>Ao longo de um ano, um em cada tr\u00eas jovens brasileiros de 14 a 17 anos se embebedou ao menos uma vez. Em 40% dos casos mais recentes, isso ocorreu na sua casa ou na de amigos e parentes. Os n\u00fameros confirmam tamb\u00e9m a leni\u00eancia com que adultos encaram a transgress\u00e3o. Em 11% dos epis\u00f3dios, os menores estavam acompanhados dos pr\u00f3prios pais ou de tios.\u00a0 \u00a0 \u00a0\u00a0 \u00a0 \u00a0\u00a0 \u00a0 \u00a0<\/p>\n\n\n\n<p>Um dos dados que mais chamam aten\u00e7\u00e3o na pesquisa \u00e9 o que mostra que, ao contr\u00e1rio de pa\u00edses como os Estados Unidos, por exemplo, no Brasil, os jovens mais ricos s\u00e3o os que mais t\u00eam o h\u00e1bito de se embebedar. O estudo mostrou que quase metade dos jovens da classe A, em que a renda familiar m\u00e9dia supera os 10000 reais, se embriagaram ao menos uma vez no \u00faltimo ano. \u00c9 quase o dobro do \u00edndice registrado entre as classes D e E (renda familiar m\u00e9dia de 600 reais).\u00a0 \u00a0 \u00a0 \u00a0\u00a0\u00a0 \u00a0 \u00a0<\/p>\n\n\n\n<p>Entrevistas feitas por VEJA com jovens, pais e funcion\u00e1rios de bares de norte a sul do Brasil refletem com precis\u00e3o a teoria do \u201cmal menor&#8221; captada pelas pesquisas. Uma m\u00e3e de Porto Alegre, por exemplo, disse que incentiva os filhos a beber em casa com os amigos para que n\u00e3o fa\u00e7am isso na rua, onde estariam desamparados. Ela acredita que assim est\u00e1 protegendo devidamente os meninos. Outros, como um gar\u00e7om de Bel\u00e9m, admitem vender bebidas a menores, porque, se ele n\u00e3o o fizer, \u201coutra pessoa vai fazer&#8221;. Documentos de identidade falsificados, companhia indispens\u00e1vel nas noitadas, s\u00e3o aceitos \u00e0 larga. E a completa falta de fiscaliza\u00e7\u00e3o para coibir tanto o consumo como a venda das bebidas \u00e9 a regra. Vende-se livremente porque n\u00e3o h\u00e1 a menor possibilidade de puni\u00e7\u00e3o. Algumas iniciativas isoladas, no entanto, come\u00e7am a atacar o problema.\u00a0 \u00a0 \u00a0 \u00a0\u00a0 \u00a0 \u00a0\u00a0 \u00a0 \u00a0\u00a0 \u00a0 \u00a0\u00a0<\/p>\n\n\n\n<p>Esse cen\u00e1rio de vergonha nacional requer, antes de tudo, uma mudan\u00e7a de mentalidade. At\u00e9 recentemente, pouca gente achava que o cinto de seguran\u00e7a era um acess\u00f3rio \u00fatil \u2014 ou via algum problema em estar ao lado de um fumante num bar ou em outro ambiente fechado. Essas vis\u00f5es n\u00e3o mudaram a partir da cria\u00e7\u00e3o de novas leis, mas a partir do momento em que a obedi\u00eancia \u00e0s regras passou a ser cobrada. A fiscaliza\u00e7\u00e3o precisa ser apertada nas ruas e o rigor tem de aumentar em casa. Nos dois casos, o caminho mais seguro para proteger os adolescentes das ciladas do \u00e1lcool \u00e9 um s\u00f3: seguir a lei. Bebida s\u00f3 depois dos 18.\u00a0<\/p>\n\n\n\n<p class=\"has-text-align-center\">(Excerto do texto publicado na Revista Veja de 9\/7\/2012)<\/p>\n\n\n\n<p>Em geral, os adolescentes bebem com o consentimento dos pais e em ambiente:<\/p>\n\n\n\n<p>A) desconhecido<\/p>\n\n\n\n<p>B) familiar\u00a0<\/p>\n\n\n\n<p>C) impr\u00f3prio<\/p>\n\n\n\n<p>D) escolar\u00a0<\/p>\n\n\n\n<p>E) pernicioso\u00a0<\/p>\n\n\n\n<details class=\"wp-block-details is-layout-flow wp-block-details-is-layout-flow\"><summary><strong>Resposta<\/strong><\/summary>\n<p><strong>B)<\/strong> familiar\u00a0<\/p>\n<\/details>\n\n\n\n<hr class=\"wp-block-separator has-alpha-channel-opacity is-style-dots\"\/>\n\n\n\n<h2 class=\"wp-block-heading\" id=\"h-concurso-iss-goiania-go\">Concurso ISS Goi\u00e2nia GO<\/h2>\n\n\n\n<ul class=\"wp-block-list\">\n<li><em>Banca: CS UFG <\/em><\/li>\n\n\n\n<li><em>Ano: 2016 <\/em><\/li>\n\n\n\n<li><em>Cargo: Auditor de Tributos <\/em><\/li>\n<\/ul>\n\n\n\n<figure class=\"wp-block-image aligncenter size-full\"><img loading=\"lazy\" decoding=\"async\" width=\"400\" height=\"232\" src=\"https:\/\/dhg1h5j42swfq.cloudfront.net\/2025\/10\/28173606\/da6d2347-9bc6-8d66-7a5a-1ab27d1a8f98-400.png\" alt=\"Quest\u00f5es de Interpreta\u00e7\u00e3o de Texto que j\u00e1 ca\u00edram em concursos\" class=\"wp-image-1662087\" srcset=\"https:\/\/dhg1h5j42swfq.cloudfront.net\/2025\/10\/28173606\/da6d2347-9bc6-8d66-7a5a-1ab27d1a8f98-400.png 400w, https:\/\/dhg1h5j42swfq.cloudfront.net\/2025\/10\/28173606\/da6d2347-9bc6-8d66-7a5a-1ab27d1a8f98-400-300x174.png 300w, https:\/\/dhg1h5j42swfq.cloudfront.net\/2025\/10\/28173606\/da6d2347-9bc6-8d66-7a5a-1ab27d1a8f98-400-150x87.png 150w\" sizes=\"auto, (max-width: 400px) 100vw, 400px\" \/><figcaption class=\"wp-element-caption\">Quest\u00f5es de Interpreta\u00e7\u00e3o de Texto que j\u00e1 ca\u00edram em concursos<\/figcaption><\/figure>\n\n\n\n<p>O recurso lingu\u00edstico empregado para produzir o efeito de humor da tira \u00e9 a:<\/p>\n\n\n\n<p>A) meton\u00edmia.<\/p>\n\n\n\n<p>B) infer\u00eancia.<\/p>\n\n\n\n<p>C) met\u00e1fora.<\/p>\n\n\n\n<p>D) cita\u00e7\u00e3o.<\/p>\n\n\n\n<details class=\"wp-block-details is-layout-flow wp-block-details-is-layout-flow\"><summary><strong>Resposta<\/strong><\/summary>\n<p><strong>A)<\/strong> meton\u00edmia.<\/p>\n<\/details>\n\n\n\n<hr class=\"wp-block-separator has-alpha-channel-opacity is-style-dots\"\/>\n\n\n\n<h2 class=\"wp-block-heading\" id=\"h-concurso-prefeitura-de-vila-velha-es\">Concurso Prefeitura de Vila Velha ES<\/h2>\n\n\n\n<ul class=\"wp-block-list\">\n<li><em>Banca: IBADE <\/em><\/li>\n\n\n\n<li><em>Ano: 2019 <\/em><\/li>\n\n\n\n<li><em>Cargo: Professor Coordenador <\/em><\/li>\n<\/ul>\n\n\n\n<p>Nas alternativas abaixo, para se alcan\u00e7ar coer\u00eancia e coes\u00e3o, foram utilizados operadores lingu\u00edsticos para se estabelecerem rela\u00e7\u00f5es. A alternativa cuja rela\u00e7\u00e3o foi identificada corretamente entre as proposi\u00e7\u00f5es \u00e9:&nbsp;<\/p>\n\n\n\n<p>A) <strong><u>Tamanho<\/u><\/strong>\u00a0foi o esfor\u00e7o dos galos\u00a0<strong><u>que<\/u><\/strong>\u00a0alguns emudeceram. Rela\u00e7\u00e3o de explica\u00e7\u00e3o.\u00a0\u00a0<\/p>\n\n\n\n<p>B) A manh\u00e3 surgiu vigorosa,\u00a0<strong><u>por<\/u>\u00a0<u>conseguinte<\/u><\/strong>\u00a0os galos retomaram suas rotinas. Rela\u00e7\u00e3o de conclus\u00e3o.\u00a0<\/p>\n\n\n\n<p>C) N\u00e3o pouparam a cantoria,\u00a0<strong><u>embora<\/u><\/strong>\u00a0se exigisse muitos esfor\u00e7os. Rela\u00e7\u00e3o de tempo.\u00a0<\/p>\n\n\n\n<p>D) A manh\u00e3 surgiu\u00a0<strong><u>como<\/u><\/strong>\u00a0uma deusa de luz, iluminando os campos. Rela\u00e7\u00e3o de causa.\u00a0<\/p>\n\n\n\n<p>E) <strong><u>Antes<\/u>\u00a0<u>que<\/u><\/strong>\u00a0as pessoas acordassem, os galos preparavam a manh\u00e3. Rela\u00e7\u00e3o de consequ\u00eancia.<\/p>\n\n\n\n<details class=\"wp-block-details is-layout-flow wp-block-details-is-layout-flow\"><summary><strong>Resposta<\/strong><\/summary>\n<p><strong>B) <\/strong>A manh\u00e3 surgiu vigorosa,\u00a0<strong><u>por<\/u>\u00a0<u>conseguinte<\/u><\/strong>\u00a0os galos retomaram suas rotinas. Rela\u00e7\u00e3o de conclus\u00e3o.\u00a0<\/p>\n<\/details>\n\n\n\n<hr class=\"wp-block-separator has-alpha-channel-opacity is-style-dots\"\/>\n\n\n\n<h2 class=\"wp-block-heading\" id=\"h-concurso-tce-pr\">Concurso TCE PR<\/h2>\n\n\n\n<ul class=\"wp-block-list\">\n<li><em>Banca: 2011 <\/em><\/li>\n\n\n\n<li><em>Ano: FCC<\/em><\/li>\n\n\n\n<li><em>Cargo: Analista de Controle Externo &#8211; \u00c1rea Jur\u00eddica<\/em><\/li>\n<\/ul>\n\n\n\n<p><em>Perspectiva de Montesquieu<\/em><\/p>\n\n\n\n<p><em>O grande pensador franc\u00eas Montesquieu (1689-1755) \u00e9 um dos mais importantes intelectuais na hist\u00f3ria das ci\u00eancias jur\u00eddicas. A grande originalidade de sua obra maior \u2212 O esp\u00edrito das leis \u2212 consiste na revolu\u00e7\u00e3o metodol\u00f3gica. O m\u00e9todo de Montesquieu comporta dois aspectos inter-relacionados, que podem ser distinguidos com clareza. O primeiro exclui da ci\u00eancia social toda perspectiva religiosa ou moral; o segundo afasta o autor das teorias abstratas e dedutivas e o dirige para a abordagem descritiva e comparativa dos fatos sociais.<\/em><\/p>\n\n\n\n<p><em>Quanto ao primeiro, constitu\u00eda um solapamento do finalismo teol\u00f3gico e moral que ainda predominava na \u00e9poca, segundo o qual todo o desenvolvimento hist\u00f3rico do homem estaria subordinado ao cumprimento de des\u00edgnios divinos. Montesquieu, ao contr\u00e1rio, reduz as institui\u00e7\u00f5es a causas puramente humanas. Segundo ele, introduzir princ\u00edpios teol\u00f3gicos no dom\u00ednio da hist\u00f3ria, como fatores explicativos, \u00e9 confundir duas ordens distintas de pensamento. Deliberadamente, disp\u00f5e-se a permanecer nos estritos dom\u00ednios dos fen\u00f4menos pol\u00edticos, e jamais abandona tal projeto.<\/em><\/p>\n\n\n\n<p><em>J\u00e1 nas primeiras p\u00e1ginas do Esp\u00edrito das leis ele adverte o leitor contra um poss\u00edvel mal-entendido no que diz respeito \u00e0 palavra \u201cvirtude\u201d, que emprega ami\u00fade com significado exclusivamente pol\u00edtico, e n\u00e3o moral. Para Montesquieu, o correto conhecimento dos fatos humanos s\u00f3 pode ser realizado cientificamente na medida em que eles sejam visados como s\u00e3o e n\u00e3o como deveriam ser. Enquanto n\u00e3o forem abordados como independentes de fins religiosos e morais, jamais poder\u00e3o ser compreendidos. As ci\u00eancias humanas deveriam libertar-se da vis\u00e3o finalista, como j\u00e1 haviam feito as ci\u00eancias naturais, que s\u00f3 progrediram realmente quando se desvencilharam do jugo teol\u00f3gico.<\/em><\/p>\n\n\n\n<p><em>Para o debate moderno das rela\u00e7\u00f5es que se devem ou n\u00e3o travar entre os \u00e2mbitos do direito, da ci\u00eancia e da religi\u00e3o, Montesquieu continua sendo um provocador de alto n\u00edvel.<\/em><\/p>\n\n\n\n<p>(Adaptado de Montesquieu \u2212 Os Pensadores. S. Paulo: Abril, 1973)<\/p>\n\n\n\n<p>Est\u00e1 INADEQUADA a correla\u00e7\u00e3o entre tempos e modos verbais na frase:<\/p>\n\n\n\n<p>A) Enquanto n\u00e3o fossem abordados como independentes de fins religiosos e morais, os fatos humanos jamais seriam compreendidos, acreditava Montesquieu.<\/p>\n\n\n\n<p>B) Deliberadamente, Montesquieu dispunha-se a permanecer nos estritos dom\u00ednios dos fen\u00f4menos pol\u00edticos, e jamais abandonaria tal projeto.<\/p>\n\n\n\n<p>C) Ele mais de uma vez advertiu o leitor contra um poss\u00edvel mal-entendido no que dizia respeito \u00e0 palavra \u201cvirtude\u201d, que empregava ami\u00fade com significado exclusivamente pol\u00edtico.<\/p>\n\n\n\n<p>D) O primeiro aspecto do m\u00e9todo exclu\u00eda da perspectiva social todo valor religioso, ao passo que o segundo afastasse o autor das abstra\u00e7\u00f5es te\u00f3ricas.<\/p>\n\n\n\n<p>E) Segundo a moral que predomina na \u00e9poca, o desenvolvimento hist\u00f3rico do homem deve subordinar-se ao cumprimento dos des\u00edgnios divinos.<\/p>\n\n\n\n<details class=\"wp-block-details is-layout-flow wp-block-details-is-layout-flow\"><summary><strong>Resposta<\/strong><\/summary>\n<p><strong>D) <\/strong>O primeiro aspecto do m\u00e9todo exclu\u00eda da perspectiva social todo valor religioso, ao passo que o segundo afastasse o autor das abstra\u00e7\u00f5es te\u00f3ricas.<\/p>\n<\/details>\n\n\n\n<hr class=\"wp-block-separator has-alpha-channel-opacity is-style-dots\"\/>\n\n\n\n<h2 class=\"wp-block-heading\" id=\"h-concurso-cesan-es\">Concurso CESAN ES<\/h2>\n\n\n\n<ul class=\"wp-block-list\">\n<li><em>Banca: Consulplan<\/em><\/li>\n\n\n\n<li><em>Ano: 2009<\/em><\/li>\n\n\n\n<li><em>Cargo: T\u00e9cnico Operador de ETA 500<\/em><\/li>\n<\/ul>\n\n\n\n<p>\u00c0s vezes, interferimos no ciclo da \u00e1gua. A \u00e1gua que sai das torneiras chega originalmente ao solo sob a forma de chuva. Como n\u00e3o chove todos os dias, ela \u00e9 armazenada em represas ou reservat\u00f3rios artificiais. A \u00e1gua desses reservat\u00f3rios passa por esta\u00e7\u00f5es de tratamento antes de chegar \u00e0s resid\u00eancias e f\u00e1bricas.<\/p>\n\n\n\n<p>A \u00e1gua dos esgotos residenciais ou das f\u00e1bricas carrega perigosas bact\u00e9rias e subst\u00e2ncias qu\u00edmicas. Quando apenas um pouco dessa \u00e1gua \u00e9 jogada nos rios e lagos, n\u00e3o h\u00e1 perigo. Outras bact\u00e9rias \u201cboas\u201d destroem a maior parte do esgoto; o restante vai para o fundo sem causar problema. Mas um grande volume de esgotos sobrecarrega essa limpeza natural, causando polui\u00e7\u00e3o. \u00c9 por isso que os esgotos devem passar por esta\u00e7\u00f5es de tratamento antes de chegarem aos rios. Mas at\u00e9 mesmo esse esgoto \u201climpo\u201d cont\u00e9m algumas subst\u00e2ncias qu\u00edmicas prejudiciais \u00e0 vida nos rios e nos riachos.<\/p>\n\n\n\n<p>Esgotos sem tratamento s\u00e3o comumente lan\u00e7ados no mar. Por\u00e9m algumas vezes eles refluem, ou seja, voltam para as praias, causando enorme polui\u00e7\u00e3o.<\/p>\n\n\n\n<p>Em muitos lugares a \u00fanica fonte de \u00e1gua \u00e9 um rio ou um lago polu\u00eddo. Nesses casos, atividades cotidianas como beber um copo d&#8217;\u00e1gua, banhar-se ou lavar roupa podem causar v\u00e1rias doen\u00e7as.<\/p>\n\n\n\n<p>Os fazendeiros usam produtos qu\u00edmicos para adubar o solo ou matar as pragas que atacam as lavouras. Esses venenos s\u00e3o levados para os rios ou se infiltram no subsolo junto com a \u00e1gua da chuva. Em regi\u00f5es sem \u00e1gua encanada, a popula\u00e7\u00e3o usa a \u00e1gua do subsolo, retirada em po\u00e7os ou nascentes, sem saber que ela pode estar contaminada por pesticidas.<\/p>\n\n\n\n<p>(Paul Bennett. Terra \u2014 uma incr\u00edvel m\u00e1quina de reciclagem. Tradu\u00e7\u00e3o de Fl\u00e1via Glens. S\u00e3o Paulo: Moderna, 1998, p. 8-12)<\/p>\n\n\n\n<p>A express\u00e3o \u201c\u00e0s vezes\u201d no in\u00edcio do texto, tem o sentido de:<\/p>\n\n\n\n<p>A) Sempre.<\/p>\n\n\n\n<p>B) Algumas vezes.<\/p>\n\n\n\n<p>C) Todo o tempo.<\/p>\n\n\n\n<p>D) Muitas vezes.<\/p>\n\n\n\n<p>E) De repente.<\/p>\n\n\n\n<details class=\"wp-block-details is-layout-flow wp-block-details-is-layout-flow\"><summary><strong>Resposta<\/strong><\/summary>\n<p><strong>B) <\/strong>Algumas vezes.<\/p>\n<\/details>\n\n\n\n<hr class=\"wp-block-separator has-alpha-channel-opacity is-style-dots\"\/>\n\n\n\n<h2 class=\"wp-block-heading\" id=\"h-concurso-ses-mg\">Concurso SES MG<\/h2>\n\n\n\n<ul class=\"wp-block-list\">\n<li><em>Banca: FUNCAB<\/em><\/li>\n\n\n\n<li><em>Ano: 2014<\/em><\/li>\n\n\n\n<li><em>Cargo: T\u00e9cnico de Gest\u00e3o de Sa\u00fade &#8211; Administrativo<\/em><\/li>\n<\/ul>\n\n\n\n<p><strong>Um mosquito contra a dengue<\/strong><\/p>\n\n\n\n<p>O m\u00e9todo foi inventado por cientistas ingleses, mas saiu de um laborat\u00f3rio localizado em Juazeiro, na Bahia, a tecnologia que permitiu aplic\u00e1-lo numa escala in\u00e9dita. A Moscamed Brasil produz, por semana, 1 milh\u00e3o de mosquitos que, modificados geneticamente e soltos na natureza, se transformam em um ex\u00e9rcito de combate \u00e0 dengue. No ano passado, a doen\u00e7a matou quase 600 pessoas no Brasil.&nbsp;<\/p>\n\n\n\n<p>Batizada de OX513A, essa linhagem transg\u00eanica do&nbsp;<em>Aedes aegypti<\/em>&nbsp;\u2014 formada apenas por machos, que n\u00e3o picam e portanto n\u00e3o transmitem a doen\u00e7a \u2014 tem por fun\u00e7\u00e3o copular com as f\u00eameas que est\u00e3o na natureza. Dessa forma, eles transferem para os filhotes um gene letal que cont\u00eam. Criado pelo laborat\u00f3rio ingl\u00eas Oxitec, esse gene fabrica em excesso a prote\u00edna tTA, que interfere no metabolismo da larva e faz com que ela n\u00e3o consiga produzir outras prote\u00ednas necess\u00e1rias para a sobreviv\u00eancia. Como a c\u00f3pula entre os insetos acontece apenas uma vez, o resultado \u00e9 que cada mosquito transg\u00eanico \u201cneutraliza\u201d uma f\u00eamea de&nbsp;<em>Aedes aegypti<\/em>, fazendo com que ela perca a capacidade de gerar novos transmissores da doen\u00e7a.<\/p>\n\n\n\n<p>Embora sejam portadores do gene mortal, os mosquitos criados em laborat\u00f3rio conseguem sobreviver at\u00e9 a fase adulta porque recebem o antibi\u00f3tico tetraciclina, que funciona como uma esp\u00e9cie de ant\u00eddoto ao gene modificado. \u201cJ\u00e1 as novas pupas e larvas que herdam o gene mortal n\u00e3o encontram o antibi\u00f3tico na natureza. Por isso, morrem antes de chegar \u00e0 fase adulta\u201d, explica a bi\u00f3loga Michelle Cristine Pedrosa. Em bairros como Mandacaru e lItaberaba, a soltura dos OX513A reduziu em at\u00e9 93% a quantidade de mosquitos da dengue.<\/p>\n\n\n\n<p>[&#8230;]<\/p>\n\n\n\n<p>Em junho do ano passado, os testes da Moscamed entraram numa nova fase. Pela primeira vez no mundo, a experi\u00eancia com os mosquitos transg\u00eanicos come\u00e7ou a ser feita n\u00e3o em bairros, como no caso de Juazeiro, mas numa cidade. Jacobina, na Bahia, com 84.000 habitantes, receber\u00e1, at\u00e9 o fim do ano, 4 milh\u00f5es de mosquitos por semana. No bairro Pedra Branca, onde os testes tiveram in\u00edcio, a redu\u00e7\u00e3o no n\u00famero de mosquitos selvagens chegou a 92%. Se o resultado final for t\u00e3o bom quanto o inicial, a t\u00e9cnica ser\u00e1 incorporada pelo Minist\u00e9rio da Sa\u00fade como um dos mecanismos de combate a dengue em escala nacional.<\/p>\n\n\n\n<p>[&#8230;]<\/p>\n\n\n\n<p>(COURA, Kalleo. Um mosquito contra a dengue. Revista Veja. Ed. Abril, ed. 2376, n. 23, p.72-73, 4 jun. 2014.)<\/p>\n\n\n\n<p>Assinale a \u00fanica afirma\u00e7\u00e3o que se pode inferir do texto.<\/p>\n\n\n\n<p>A) Os mosquitos transg\u00eanicos recebem um gene letal para que possam sobreviver ate a idade adulta, quando estar\u00e3o prontos para\u00a0 copular com as f\u00eameas produzidas em laborat\u00f3rios.<\/p>\n\n\n\n<p>B) O Brasil importou da Inglaterra uma tecnologia que permitiu a aplica\u00e7\u00e3o de um gene letal capaz de matar os mosquitos machos brasileiros em grande escala.<\/p>\n\n\n\n<p>C) Se o antibi\u00f3tico tetraciclina estivesse dispon\u00edvel na natureza, todo o processo seria inviabilizado, pois os filhotes sobreviveriam e continuariam a transmitir a doen\u00e7a.<\/p>\n\n\n\n<p>D) O gene letal, criado em laborat\u00f3rio, precisa ser injetado diretamente nas f\u00eameas para que elas, de produtivas, se tornem est\u00e9reis.<\/p>\n\n\n\n<details class=\"wp-block-details is-layout-flow wp-block-details-is-layout-flow\"><summary><strong>Resposta<\/strong><\/summary>\n<p><strong>C)<\/strong> Se o antibi\u00f3tico tetraciclina estivesse dispon\u00edvel na natureza, todo o processo seria inviabilizado, pois os filhotes sobreviveriam e continuariam a transmitir a doen\u00e7a.<\/p>\n<\/details>\n\n\n\n<hr class=\"wp-block-separator has-alpha-channel-opacity is-style-dots\"\/>\n\n\n\n<hr class=\"wp-block-separator has-alpha-channel-opacity\"\/>\n\n\n\n<h2 class=\"wp-block-heading has-text-align-center\" id=\"cursos\">Quer saber tudo sobre concursos previstos? <br \/>Confira nossos artigos!<\/h2>\n\n\n\n<ul class=\"wp-block-list\">\n<li><a href=\"https:\/\/www.estrategiaconcursos.com.br\/blog\/concurso-pm-pa\/\" target=\"_blank\" rel=\"noreferrer noopener\">Concurso PM PA<\/a><\/li>\n\n\n\n<li><a href=\"https:\/\/www.estrategiaconcursos.com.br\/blog\/concurso-iss-goiania\/\" target=\"_blank\" rel=\"noreferrer noopener\">Concurso ISS Goi\u00e2nia GO<\/a><\/li>\n\n\n\n<li><a href=\"https:\/\/www.estrategiaconcursos.com.br\/blog\/concurso-prefeitura-vila-velha\/\" target=\"_blank\" rel=\"noreferrer noopener\">Concurso Prefeitura de Vila Velha ES<\/a><\/li>\n\n\n\n<li><a href=\"https:\/\/www.estrategiaconcursos.com.br\/blog\/concurso-ses-mg\/\" target=\"_blank\" rel=\"noreferrer noopener\">Concurso SES MG<\/a><\/li>\n\n\n\n<li><a href=\"https:\/\/www.estrategiaconcursos.com.br\/blog\/concursos-2026\/\" target=\"_blank\" rel=\"noreferrer noopener\">Concursos 2026<\/a><\/li>\n<\/ul>\n\n\n\n<div class=\"container\" id=\"boxes\">\r\n  <div class=\"row\">\r\n\r\n    <div class=\"col-sm\">\r\n      <div class=\"banner-estrat-corj\" id=\"box-assinatura\">\r\n        <h3 class=\"titulo-assinatura\" style=\"text-align: left;\">Cursos para Concursos<\/h3>\r\n        <p class=\"subtitulo-assinatura\" style=\"text-align: left;\">Conhe\u00e7a os cursos<\/p>\r\n        <div class=\"box-botao\" style=\"text-align: left;\">\r\n          <a class=\"btn-assinatura\" target=\"_blank\" href=\"https:\/\/www.estrategiaconcursos.com.br\/cursos\/concurso\/\" role=\"button\" rel=\"noopener noreferrer\">CLIQUE AQUI<\/a>\r\n        <\/div>\r\n      <\/div><\/div><\/div><\/div>\n","protected":false},"excerpt":{"rendered":"<p>Interpreta\u00e7\u00e3o de texto \u00e9 um tema sempre cobrado nas provas de concursos p\u00fablicos; confira algumas quest\u00f5es e reforce a sua prepara\u00e7\u00e3o! A interpreta\u00e7\u00e3o de texto \u00e9 uma das compet\u00eancias mais cobradas e, ao mesmo tempo, mais desafiadoras para quem se prepara para concursos p\u00fablicos. Mais do que dominar regras gramaticais, o candidato precisa compreender ideias, [&hellip;]<\/p>\n","protected":false},"author":1206,"featured_media":1662074,"comment_status":"open","ping_status":"closed","sticky":false,"template":"","format":"standard","meta":{"post_tipo":"news","footnotes":""},"categories":[1,220219],"tags":[],"tax_estado":[219963],"class_list":["post-1662072","post","type-post","status-publish","format-standard","has-post-thumbnail","hentry","category-cursos-e-concursos","category-noticias","tax_estado-concursos-federais"],"acf":[],"yoast_head":"<!-- This site is optimized with the Yoast SEO Premium plugin v27.2 (Yoast SEO v27.2) - https:\/\/yoast.com\/product\/yoast-seo-premium-wordpress\/ -->\n<title>Quest\u00f5es de Interpreta\u00e7\u00e3o de Texto que j\u00e1 ca\u00edram em concursos<\/title>\n<meta name=\"description\" content=\"Interpreta\u00e7\u00e3o de texto \u00e9 um tema sempre cobrado nas provas de concursos p\u00fablicos; confira algumas quest\u00f5es e reforce a sua prepara\u00e7\u00e3o!\" \/>\n<meta name=\"robots\" content=\"index, follow, max-snippet:-1, max-image-preview:large, max-video-preview:-1\" \/>\n<link rel=\"canonical\" href=\"https:\/\/www.estrategiaconcursos.com.br\/blog\/questoes-interpretacao-texto-que-ja-cairam-concursos\/\" \/>\n<meta property=\"og:locale\" content=\"pt_BR\" \/>\n<meta property=\"og:type\" content=\"article\" \/>\n<meta property=\"og:title\" content=\"Quest\u00f5es de Interpreta\u00e7\u00e3o de Texto que j\u00e1 ca\u00edram em concursos\" \/>\n<meta property=\"og:description\" content=\"Interpreta\u00e7\u00e3o de texto \u00e9 um tema sempre cobrado nas provas de concursos p\u00fablicos; confira algumas quest\u00f5es e reforce a sua prepara\u00e7\u00e3o!\" \/>\n<meta property=\"og:url\" content=\"https:\/\/www.estrategiaconcursos.com.br\/blog\/questoes-interpretacao-texto-que-ja-cairam-concursos\/\" \/>\n<meta property=\"og:site_name\" content=\"Estrat\u00e9gia Concursos\" \/>\n<meta property=\"article:published_time\" content=\"2025-10-29T12:20:00+00:00\" \/>\n<meta property=\"og:image\" content=\"https:\/\/dhg1h5j42swfq.cloudfront.net\/2025\/10\/28172221\/capa-news-sobre-questoes-4.png\" \/>\n\t<meta property=\"og:image:width\" content=\"768\" \/>\n\t<meta property=\"og:image:height\" content=\"432\" \/>\n\t<meta property=\"og:image:type\" content=\"image\/png\" \/>\n<meta name=\"author\" content=\"Bruna de Andrade Fran\u00e7a\" \/>\n<meta name=\"twitter:card\" content=\"summary_large_image\" \/>\n<meta name=\"twitter:creator\" content=\"@EstratConcursos\" \/>\n<meta name=\"twitter:site\" content=\"@EstratConcursos\" \/>\n<meta name=\"twitter:label1\" content=\"Escrito por\" \/>\n\t<meta name=\"twitter:data1\" content=\"Bruna de Andrade Fran\u00e7a\" \/>\n\t<meta name=\"twitter:label2\" content=\"Est. tempo de leitura\" \/>\n\t<meta name=\"twitter:data2\" content=\"15 minutos\" \/>\n<script type=\"application\/ld+json\" class=\"yoast-schema-graph\">{\"@context\":\"https:\/\/schema.org\",\"@graph\":[{\"@type\":\"NewsArticle\",\"@id\":\"https:\/\/www.estrategiaconcursos.com.br\/blog\/questoes-interpretacao-texto-que-ja-cairam-concursos\/#article\",\"isPartOf\":{\"@id\":\"https:\/\/www.estrategiaconcursos.com.br\/blog\/questoes-interpretacao-texto-que-ja-cairam-concursos\/\"},\"author\":{\"name\":\"Bruna de Andrade Fran\u00e7a\",\"@id\":\"https:\/\/www.estrategiaconcursos.com.br\/blog\/#\/schema\/person\/6630f91134abc08115cca62ce6372855\"},\"headline\":\"Quest\u00f5es de Interpreta\u00e7\u00e3o de Texto que j\u00e1 ca\u00edram em concursos\",\"datePublished\":\"2025-10-29T12:20:00+00:00\",\"mainEntityOfPage\":{\"@id\":\"https:\/\/www.estrategiaconcursos.com.br\/blog\/questoes-interpretacao-texto-que-ja-cairam-concursos\/\"},\"wordCount\":3083,\"commentCount\":0,\"publisher\":{\"@id\":\"https:\/\/www.estrategiaconcursos.com.br\/blog\/#organization\"},\"image\":{\"@id\":\"https:\/\/www.estrategiaconcursos.com.br\/blog\/questoes-interpretacao-texto-que-ja-cairam-concursos\/#primaryimage\"},\"thumbnailUrl\":\"https:\/\/dhg1h5j42swfq.cloudfront.net\/2025\/10\/28172221\/capa-news-sobre-questoes-4.png\",\"articleSection\":[\"Concursos P\u00fablicos\",\"\u00daltimas not\u00edcias\"],\"inLanguage\":\"pt-BR\",\"potentialAction\":[{\"@type\":\"CommentAction\",\"name\":\"Comment\",\"target\":[\"https:\/\/www.estrategiaconcursos.com.br\/blog\/questoes-interpretacao-texto-que-ja-cairam-concursos\/#respond\"]}],\"copyrightYear\":\"2025\",\"copyrightHolder\":{\"@id\":\"https:\/\/www.estrategiaconcursos.com.br\/blog\/#organization\"}},{\"@type\":\"WebPage\",\"@id\":\"https:\/\/www.estrategiaconcursos.com.br\/blog\/questoes-interpretacao-texto-que-ja-cairam-concursos\/\",\"url\":\"https:\/\/www.estrategiaconcursos.com.br\/blog\/questoes-interpretacao-texto-que-ja-cairam-concursos\/\",\"name\":\"Quest\u00f5es de Interpreta\u00e7\u00e3o de Texto que j\u00e1 ca\u00edram em concursos\",\"isPartOf\":{\"@id\":\"https:\/\/www.estrategiaconcursos.com.br\/blog\/#website\"},\"primaryImageOfPage\":{\"@id\":\"https:\/\/www.estrategiaconcursos.com.br\/blog\/questoes-interpretacao-texto-que-ja-cairam-concursos\/#primaryimage\"},\"image\":{\"@id\":\"https:\/\/www.estrategiaconcursos.com.br\/blog\/questoes-interpretacao-texto-que-ja-cairam-concursos\/#primaryimage\"},\"thumbnailUrl\":\"https:\/\/dhg1h5j42swfq.cloudfront.net\/2025\/10\/28172221\/capa-news-sobre-questoes-4.png\",\"datePublished\":\"2025-10-29T12:20:00+00:00\",\"description\":\"Interpreta\u00e7\u00e3o de texto \u00e9 um tema sempre cobrado nas provas de concursos p\u00fablicos; confira algumas quest\u00f5es e reforce a sua prepara\u00e7\u00e3o!\",\"breadcrumb\":{\"@id\":\"https:\/\/www.estrategiaconcursos.com.br\/blog\/questoes-interpretacao-texto-que-ja-cairam-concursos\/#breadcrumb\"},\"inLanguage\":\"pt-BR\",\"potentialAction\":[{\"@type\":\"ReadAction\",\"target\":[\"https:\/\/www.estrategiaconcursos.com.br\/blog\/questoes-interpretacao-texto-que-ja-cairam-concursos\/\"]}]},{\"@type\":\"ImageObject\",\"inLanguage\":\"pt-BR\",\"@id\":\"https:\/\/www.estrategiaconcursos.com.br\/blog\/questoes-interpretacao-texto-que-ja-cairam-concursos\/#primaryimage\",\"url\":\"https:\/\/dhg1h5j42swfq.cloudfront.net\/2025\/10\/28172221\/capa-news-sobre-questoes-4.png\",\"contentUrl\":\"https:\/\/dhg1h5j42swfq.cloudfront.net\/2025\/10\/28172221\/capa-news-sobre-questoes-4.png\",\"width\":768,\"height\":432,\"caption\":\"Quest\u00f5es de interpreta\u00e7\u00e3o de texto que j\u00e1 ca\u00edram em concursos\"},{\"@type\":\"BreadcrumbList\",\"@id\":\"https:\/\/www.estrategiaconcursos.com.br\/blog\/questoes-interpretacao-texto-que-ja-cairam-concursos\/#breadcrumb\",\"itemListElement\":[{\"@type\":\"ListItem\",\"position\":1,\"name\":\"In\u00edcio\",\"item\":\"https:\/\/www.estrategiaconcursos.com.br\/blog\/\"},{\"@type\":\"ListItem\",\"position\":2,\"name\":\"Quest\u00f5es de Interpreta\u00e7\u00e3o de Texto que j\u00e1 ca\u00edram em concursos\"}]},{\"@type\":\"WebSite\",\"@id\":\"https:\/\/www.estrategiaconcursos.com.br\/blog\/#website\",\"url\":\"https:\/\/www.estrategiaconcursos.com.br\/blog\/\",\"name\":\"Estrat\u00e9gia Concursos\",\"description\":\"O blog da Estrat\u00e9gia Concursos traz not\u00edcias sobre concursos e artigos de professores oferecendo cursos para concursos (pdf + videaulas) no site.\",\"publisher\":{\"@id\":\"https:\/\/www.estrategiaconcursos.com.br\/blog\/#organization\"},\"potentialAction\":[{\"@type\":\"SearchAction\",\"target\":{\"@type\":\"EntryPoint\",\"urlTemplate\":\"https:\/\/www.estrategiaconcursos.com.br\/blog\/?s={search_term_string}\"},\"query-input\":{\"@type\":\"PropertyValueSpecification\",\"valueRequired\":true,\"valueName\":\"search_term_string\"}}],\"inLanguage\":\"pt-BR\"},{\"@type\":\"Organization\",\"@id\":\"https:\/\/www.estrategiaconcursos.com.br\/blog\/#organization\",\"name\":\"Estrat\u00e9gia Concursos\",\"url\":\"https:\/\/www.estrategiaconcursos.com.br\/blog\/\",\"logo\":{\"@type\":\"ImageObject\",\"inLanguage\":\"pt-BR\",\"@id\":\"https:\/\/www.estrategiaconcursos.com.br\/blog\/#\/schema\/logo\/image\/\",\"url\":\"https:\/\/dhg1h5j42swfq.cloudfront.net\/2025\/06\/03203428\/logo_concursos-1.jpg\",\"contentUrl\":\"https:\/\/dhg1h5j42swfq.cloudfront.net\/2025\/06\/03203428\/logo_concursos-1.jpg\",\"width\":230,\"height\":60,\"caption\":\"Estrat\u00e9gia Concursos\"},\"image\":{\"@id\":\"https:\/\/www.estrategiaconcursos.com.br\/blog\/#\/schema\/logo\/image\/\"},\"sameAs\":[\"https:\/\/x.com\/EstratConcursos\"]},{\"@type\":\"Person\",\"@id\":\"https:\/\/www.estrategiaconcursos.com.br\/blog\/#\/schema\/person\/6630f91134abc08115cca62ce6372855\",\"name\":\"Bruna de Andrade Fran\u00e7a\",\"image\":{\"@type\":\"ImageObject\",\"inLanguage\":\"pt-BR\",\"@id\":\"https:\/\/secure.gravatar.com\/avatar\/d6316d36d50cea0fadae28ed3015b8870cc90a2d3d8a95c37b44006af36a00e3?s=96&d=mm&r=g\",\"url\":\"https:\/\/secure.gravatar.com\/avatar\/d6316d36d50cea0fadae28ed3015b8870cc90a2d3d8a95c37b44006af36a00e3?s=96&d=mm&r=g\",\"contentUrl\":\"https:\/\/secure.gravatar.com\/avatar\/d6316d36d50cea0fadae28ed3015b8870cc90a2d3d8a95c37b44006af36a00e3?s=96&d=mm&r=g\",\"caption\":\"Bruna de Andrade Fran\u00e7a\"},\"description\":\"Bruna de Andrade Fran\u00e7a \u00e9 publicit\u00e1ria com p\u00f3s-gradua\u00e7\u00e3o em Marketing &amp; Growth, atuando h\u00e1 mais de 6 anos no universo dos concursos p\u00fablicos. Desde 2021, lidera no Blog do Estrat\u00e9gia Concursos a cobertura editorial especializada em Concursos Policiais (PF, PRF, PM, PC, etc.), al\u00e9m das frentes de concursos banc\u00e1rios, de sa\u00fade e da \u00e1rea legislativa. Especialista em reda\u00e7\u00e3o, com pr\u00e1ticas de SEO e Copywriting, possui tamb\u00e9m atua\u00e7\u00e3o pr\u00e1tica de contato direto com \u00f3rg\u00e3os p\u00fablicos respons\u00e1veis por editais, permitindo acesso antecipado a informa\u00e7\u00f5es, desdobramentos importantes e atualiza\u00e7\u00e3o eficiente dos concursos p\u00fablicos.\",\"url\":\"https:\/\/www.estrategiaconcursos.com.br\/blog\/author\/bruna-andrade\/\"}]}<\/script>\n<!-- \/ Yoast SEO Premium plugin. -->","yoast_head_json":{"title":"Quest\u00f5es de Interpreta\u00e7\u00e3o de Texto que j\u00e1 ca\u00edram em concursos","description":"Interpreta\u00e7\u00e3o de texto \u00e9 um tema sempre cobrado nas provas de concursos p\u00fablicos; confira algumas quest\u00f5es e reforce a sua prepara\u00e7\u00e3o!","robots":{"index":"index","follow":"follow","max-snippet":"max-snippet:-1","max-image-preview":"max-image-preview:large","max-video-preview":"max-video-preview:-1"},"canonical":"https:\/\/www.estrategiaconcursos.com.br\/blog\/questoes-interpretacao-texto-que-ja-cairam-concursos\/","og_locale":"pt_BR","og_type":"article","og_title":"Quest\u00f5es de Interpreta\u00e7\u00e3o de Texto que j\u00e1 ca\u00edram em concursos","og_description":"Interpreta\u00e7\u00e3o de texto \u00e9 um tema sempre cobrado nas provas de concursos p\u00fablicos; confira algumas quest\u00f5es e reforce a sua prepara\u00e7\u00e3o!","og_url":"https:\/\/www.estrategiaconcursos.com.br\/blog\/questoes-interpretacao-texto-que-ja-cairam-concursos\/","og_site_name":"Estrat\u00e9gia Concursos","article_published_time":"2025-10-29T12:20:00+00:00","og_image":[{"width":768,"height":432,"url":"https:\/\/dhg1h5j42swfq.cloudfront.net\/2025\/10\/28172221\/capa-news-sobre-questoes-4.png","type":"image\/png"}],"author":"Bruna de Andrade Fran\u00e7a","twitter_card":"summary_large_image","twitter_creator":"@EstratConcursos","twitter_site":"@EstratConcursos","twitter_misc":{"Escrito por":"Bruna de Andrade Fran\u00e7a","Est. tempo de leitura":"15 minutos"},"schema":{"@context":"https:\/\/schema.org","@graph":[{"@type":"NewsArticle","@id":"https:\/\/www.estrategiaconcursos.com.br\/blog\/questoes-interpretacao-texto-que-ja-cairam-concursos\/#article","isPartOf":{"@id":"https:\/\/www.estrategiaconcursos.com.br\/blog\/questoes-interpretacao-texto-que-ja-cairam-concursos\/"},"author":{"name":"Bruna de Andrade Fran\u00e7a","@id":"https:\/\/www.estrategiaconcursos.com.br\/blog\/#\/schema\/person\/6630f91134abc08115cca62ce6372855"},"headline":"Quest\u00f5es de Interpreta\u00e7\u00e3o de Texto que j\u00e1 ca\u00edram em concursos","datePublished":"2025-10-29T12:20:00+00:00","mainEntityOfPage":{"@id":"https:\/\/www.estrategiaconcursos.com.br\/blog\/questoes-interpretacao-texto-que-ja-cairam-concursos\/"},"wordCount":3083,"commentCount":0,"publisher":{"@id":"https:\/\/www.estrategiaconcursos.com.br\/blog\/#organization"},"image":{"@id":"https:\/\/www.estrategiaconcursos.com.br\/blog\/questoes-interpretacao-texto-que-ja-cairam-concursos\/#primaryimage"},"thumbnailUrl":"https:\/\/dhg1h5j42swfq.cloudfront.net\/2025\/10\/28172221\/capa-news-sobre-questoes-4.png","articleSection":["Concursos P\u00fablicos","\u00daltimas not\u00edcias"],"inLanguage":"pt-BR","potentialAction":[{"@type":"CommentAction","name":"Comment","target":["https:\/\/www.estrategiaconcursos.com.br\/blog\/questoes-interpretacao-texto-que-ja-cairam-concursos\/#respond"]}],"copyrightYear":"2025","copyrightHolder":{"@id":"https:\/\/www.estrategiaconcursos.com.br\/blog\/#organization"}},{"@type":"WebPage","@id":"https:\/\/www.estrategiaconcursos.com.br\/blog\/questoes-interpretacao-texto-que-ja-cairam-concursos\/","url":"https:\/\/www.estrategiaconcursos.com.br\/blog\/questoes-interpretacao-texto-que-ja-cairam-concursos\/","name":"Quest\u00f5es de Interpreta\u00e7\u00e3o de Texto que j\u00e1 ca\u00edram em concursos","isPartOf":{"@id":"https:\/\/www.estrategiaconcursos.com.br\/blog\/#website"},"primaryImageOfPage":{"@id":"https:\/\/www.estrategiaconcursos.com.br\/blog\/questoes-interpretacao-texto-que-ja-cairam-concursos\/#primaryimage"},"image":{"@id":"https:\/\/www.estrategiaconcursos.com.br\/blog\/questoes-interpretacao-texto-que-ja-cairam-concursos\/#primaryimage"},"thumbnailUrl":"https:\/\/dhg1h5j42swfq.cloudfront.net\/2025\/10\/28172221\/capa-news-sobre-questoes-4.png","datePublished":"2025-10-29T12:20:00+00:00","description":"Interpreta\u00e7\u00e3o de texto \u00e9 um tema sempre cobrado nas provas de concursos p\u00fablicos; confira algumas quest\u00f5es e reforce a sua prepara\u00e7\u00e3o!","breadcrumb":{"@id":"https:\/\/www.estrategiaconcursos.com.br\/blog\/questoes-interpretacao-texto-que-ja-cairam-concursos\/#breadcrumb"},"inLanguage":"pt-BR","potentialAction":[{"@type":"ReadAction","target":["https:\/\/www.estrategiaconcursos.com.br\/blog\/questoes-interpretacao-texto-que-ja-cairam-concursos\/"]}]},{"@type":"ImageObject","inLanguage":"pt-BR","@id":"https:\/\/www.estrategiaconcursos.com.br\/blog\/questoes-interpretacao-texto-que-ja-cairam-concursos\/#primaryimage","url":"https:\/\/dhg1h5j42swfq.cloudfront.net\/2025\/10\/28172221\/capa-news-sobre-questoes-4.png","contentUrl":"https:\/\/dhg1h5j42swfq.cloudfront.net\/2025\/10\/28172221\/capa-news-sobre-questoes-4.png","width":768,"height":432,"caption":"Quest\u00f5es de interpreta\u00e7\u00e3o de texto que j\u00e1 ca\u00edram em concursos"},{"@type":"BreadcrumbList","@id":"https:\/\/www.estrategiaconcursos.com.br\/blog\/questoes-interpretacao-texto-que-ja-cairam-concursos\/#breadcrumb","itemListElement":[{"@type":"ListItem","position":1,"name":"In\u00edcio","item":"https:\/\/www.estrategiaconcursos.com.br\/blog\/"},{"@type":"ListItem","position":2,"name":"Quest\u00f5es de Interpreta\u00e7\u00e3o de Texto que j\u00e1 ca\u00edram em concursos"}]},{"@type":"WebSite","@id":"https:\/\/www.estrategiaconcursos.com.br\/blog\/#website","url":"https:\/\/www.estrategiaconcursos.com.br\/blog\/","name":"Estrat\u00e9gia Concursos","description":"O blog da Estrat\u00e9gia Concursos traz not\u00edcias sobre concursos e artigos de professores oferecendo cursos para concursos (pdf + videaulas) no site.","publisher":{"@id":"https:\/\/www.estrategiaconcursos.com.br\/blog\/#organization"},"potentialAction":[{"@type":"SearchAction","target":{"@type":"EntryPoint","urlTemplate":"https:\/\/www.estrategiaconcursos.com.br\/blog\/?s={search_term_string}"},"query-input":{"@type":"PropertyValueSpecification","valueRequired":true,"valueName":"search_term_string"}}],"inLanguage":"pt-BR"},{"@type":"Organization","@id":"https:\/\/www.estrategiaconcursos.com.br\/blog\/#organization","name":"Estrat\u00e9gia Concursos","url":"https:\/\/www.estrategiaconcursos.com.br\/blog\/","logo":{"@type":"ImageObject","inLanguage":"pt-BR","@id":"https:\/\/www.estrategiaconcursos.com.br\/blog\/#\/schema\/logo\/image\/","url":"https:\/\/dhg1h5j42swfq.cloudfront.net\/2025\/06\/03203428\/logo_concursos-1.jpg","contentUrl":"https:\/\/dhg1h5j42swfq.cloudfront.net\/2025\/06\/03203428\/logo_concursos-1.jpg","width":230,"height":60,"caption":"Estrat\u00e9gia Concursos"},"image":{"@id":"https:\/\/www.estrategiaconcursos.com.br\/blog\/#\/schema\/logo\/image\/"},"sameAs":["https:\/\/x.com\/EstratConcursos"]},{"@type":"Person","@id":"https:\/\/www.estrategiaconcursos.com.br\/blog\/#\/schema\/person\/6630f91134abc08115cca62ce6372855","name":"Bruna de Andrade Fran\u00e7a","image":{"@type":"ImageObject","inLanguage":"pt-BR","@id":"https:\/\/secure.gravatar.com\/avatar\/d6316d36d50cea0fadae28ed3015b8870cc90a2d3d8a95c37b44006af36a00e3?s=96&d=mm&r=g","url":"https:\/\/secure.gravatar.com\/avatar\/d6316d36d50cea0fadae28ed3015b8870cc90a2d3d8a95c37b44006af36a00e3?s=96&d=mm&r=g","contentUrl":"https:\/\/secure.gravatar.com\/avatar\/d6316d36d50cea0fadae28ed3015b8870cc90a2d3d8a95c37b44006af36a00e3?s=96&d=mm&r=g","caption":"Bruna de Andrade Fran\u00e7a"},"description":"Bruna de Andrade Fran\u00e7a \u00e9 publicit\u00e1ria com p\u00f3s-gradua\u00e7\u00e3o em Marketing &amp; Growth, atuando h\u00e1 mais de 6 anos no universo dos concursos p\u00fablicos. Desde 2021, lidera no Blog do Estrat\u00e9gia Concursos a cobertura editorial especializada em Concursos Policiais (PF, PRF, PM, PC, etc.), al\u00e9m das frentes de concursos banc\u00e1rios, de sa\u00fade e da \u00e1rea legislativa. Especialista em reda\u00e7\u00e3o, com pr\u00e1ticas de SEO e Copywriting, possui tamb\u00e9m atua\u00e7\u00e3o pr\u00e1tica de contato direto com \u00f3rg\u00e3os p\u00fablicos respons\u00e1veis por editais, permitindo acesso antecipado a informa\u00e7\u00f5es, desdobramentos importantes e atualiza\u00e7\u00e3o eficiente dos concursos p\u00fablicos.","url":"https:\/\/www.estrategiaconcursos.com.br\/blog\/author\/bruna-andrade\/"}]}},"_links":{"self":[{"href":"https:\/\/www.estrategiaconcursos.com.br\/blog\/wp-json\/wp\/v2\/posts\/1662072","targetHints":{"allow":["GET"]}}],"collection":[{"href":"https:\/\/www.estrategiaconcursos.com.br\/blog\/wp-json\/wp\/v2\/posts"}],"about":[{"href":"https:\/\/www.estrategiaconcursos.com.br\/blog\/wp-json\/wp\/v2\/types\/post"}],"author":[{"embeddable":true,"href":"https:\/\/www.estrategiaconcursos.com.br\/blog\/wp-json\/wp\/v2\/users\/1206"}],"replies":[{"embeddable":true,"href":"https:\/\/www.estrategiaconcursos.com.br\/blog\/wp-json\/wp\/v2\/comments?post=1662072"}],"version-history":[{"count":2,"href":"https:\/\/www.estrategiaconcursos.com.br\/blog\/wp-json\/wp\/v2\/posts\/1662072\/revisions"}],"predecessor-version":[{"id":1662095,"href":"https:\/\/www.estrategiaconcursos.com.br\/blog\/wp-json\/wp\/v2\/posts\/1662072\/revisions\/1662095"}],"wp:featuredmedia":[{"embeddable":true,"href":"https:\/\/www.estrategiaconcursos.com.br\/blog\/wp-json\/wp\/v2\/media\/1662074"}],"wp:attachment":[{"href":"https:\/\/www.estrategiaconcursos.com.br\/blog\/wp-json\/wp\/v2\/media?parent=1662072"}],"wp:term":[{"taxonomy":"category","embeddable":true,"href":"https:\/\/www.estrategiaconcursos.com.br\/blog\/wp-json\/wp\/v2\/categories?post=1662072"},{"taxonomy":"post_tag","embeddable":true,"href":"https:\/\/www.estrategiaconcursos.com.br\/blog\/wp-json\/wp\/v2\/tags?post=1662072"},{"taxonomy":"tax_estado","embeddable":true,"href":"https:\/\/www.estrategiaconcursos.com.br\/blog\/wp-json\/wp\/v2\/tax_estado?post=1662072"}],"curies":[{"name":"wp","href":"https:\/\/api.w.org\/{rel}","templated":true}]}}