{"id":1661564,"date":"2025-12-23T11:41:00","date_gmt":"2025-12-23T14:41:00","guid":{"rendered":"https:\/\/www.estrategiaconcursos.com.br\/blog\/?p=1661564"},"modified":"2025-12-23T13:57:01","modified_gmt":"2025-12-23T16:57:01","slug":"medo-nao-fechar-edital-v2","status":"publish","type":"post","link":"https:\/\/www.estrategiaconcursos.com.br\/blog\/medo-nao-fechar-edital-v2\/","title":{"rendered":"Medo de n\u00e3o fechar o edital"},"content":{"rendered":"\n<figure class=\"wp-block-image size-full\"><img loading=\"lazy\" decoding=\"async\" width=\"861\" height=\"800\" src=\"https:\/\/dhg1h5j42swfq.cloudfront.net\/2024\/08\/30083957\/mesa-de-estudos-organizada-livros-empilhados-1.png\" alt=\"Medo de n\u00e3o fechar o edital\" class=\"wp-image-1453489\" srcset=\"https:\/\/dhg1h5j42swfq.cloudfront.net\/2024\/08\/30083957\/mesa-de-estudos-organizada-livros-empilhados-1.png 861w, https:\/\/dhg1h5j42swfq.cloudfront.net\/2024\/08\/30083957\/mesa-de-estudos-organizada-livros-empilhados-1-300x279.png 300w, https:\/\/dhg1h5j42swfq.cloudfront.net\/2024\/08\/30083957\/mesa-de-estudos-organizada-livros-empilhados-1-768x714.png 768w, https:\/\/dhg1h5j42swfq.cloudfront.net\/2024\/08\/30083957\/mesa-de-estudos-organizada-livros-empilhados-1-610x567.png 610w, https:\/\/dhg1h5j42swfq.cloudfront.net\/2024\/08\/30083957\/mesa-de-estudos-organizada-livros-empilhados-1-150x139.png 150w\" sizes=\"auto, (max-width: 861px) 100vw, 861px\" \/><\/figure>\n\n\n\n<p>O presente artigo visa abordar o medo de n\u00e3o fechar o edital, muito comum entre os estudantes de concurso, como os da banca <a href=\"https:\/\/www.cebraspe.org.br\/concursos\/\">CEBRASPE<\/a>, por exemplo. E como este medo pode ajudar e atrapalhar o candidato em sua jornada de estudos.<\/p>\n\n\n\n<h2 class=\"wp-block-heading\" id=\"h-o-que-significa-fechar-o-edital\">O que significa fechar o edital<\/h2>\n\n\n\n<p>O termo <mark style=\"background-color:#abb8c3\" class=\"has-inline-color\"><strong>\u201cfechar o edital\u201d<\/strong><\/mark> \u00e9 muito comum entre concurseiros. Por\u00e9m, quem est\u00e1 come\u00e7ando a jornada dos estudos, ou pensando em come\u00e7ar, pode n\u00e3o entender exatamente o que significa.<\/p>\n\n\n\n<p>Um edital de concursos traz o conte\u00fado das <strong>disciplinas <\/strong>que a prova vai cobrar. Exemplos de disciplinas s\u00e3o: l\u00edngua portuguesa, direito constitucional, inform\u00e1tica.\u00a0<\/p>\n\n\n\n<p>E, dentro de cada disciplina, o edital apresenta os t\u00f3picos que a prova vai abordar. Por exemplo, em inform\u00e1tica: editor de texto, editor de planilha, seguran\u00e7a da informa\u00e7\u00e3o e internet e navegadores.<\/p>\n\n\n\n<p>Fechar o edital \u00e9 planejar o m\u00e9todo de estudos para todos os t\u00f3picos de todas as disciplinas, e conseguir cumprir o calend\u00e1rio a tempo. Ou seja, estudar <strong>todo o conte\u00fado program\u00e1tico<\/strong> do concurso antes da prova.<\/p>\n\n\n\n<p>Por\u00e9m, nem sempre estudar todo o conte\u00fado significa dominar todo o conte\u00fado do edital. <strong>Quantidade nem sempre significa qualidade.\u00a0<\/strong><\/p>\n\n\n\n<p>Al\u00e9m disso, o objetivo de fechar o edital pode ser uma meta, e guiar e acelerar os estudos. Ao passo que pode trazer cobran\u00e7a e ansiedade desnecess\u00e1rios, juntamente com o medo.<\/p>\n\n\n\n<h2 class=\"wp-block-heading\" id=\"h-medo-de-nao-fechar-o-edital-o-fator-tempo\">Medo de n\u00e3o fechar o edital &#8211; O fator tempo<\/h2>\n\n\n\n<p>Continuando a an\u00e1lise sobre medo de n\u00e3o fechar o edital, aborda-se o <mark style=\"background-color:#f78da7\" class=\"has-inline-color\"><strong>fator tempo<\/strong><\/mark> no processo de fechar o edital.<\/p>\n\n\n\n<p>Quando o edital abre, os <strong>cron\u00f4metros <\/strong>entre os estudos e o dia da prova come\u00e7am a correr. E inicia a <strong>contagem regressiva<\/strong>.<\/p>\n\n\n\n<p>\u00c9 comum querer fechar o edital. Por\u00e9m, come\u00e7a a surgir a <strong>sensa\u00e7\u00e3o de urg\u00eancia.<\/strong> Nada mais \u00e9 que o medo de que n\u00e3o dar\u00e1 tempo de ver tudo, de revisar, de resolver quest\u00f5es. Isto pode gerar um ciclo de <strong>ansiedade <\/strong>que atrapalha os estudos, gerando desorganiza\u00e7\u00e3o e bloqueios.<\/p>\n\n\n\n<p>Al\u00e9m disso, existe a ideia de que s\u00f3 quem fechar o edital em 100% vai garantir a vaga. \u00c9 o <strong>mito da perfei\u00e7\u00e3o<\/strong>. Tamb\u00e9m come\u00e7a a <strong>compara\u00e7\u00e3o <\/strong>mental com outros candidatos, e <strong>autocobran\u00e7a<\/strong>.<\/p>\n\n\n\n<p>Por\u00e9m, \u00e9 imposs\u00edvel a banca abordar todos os t\u00f3picos nas poucas quest\u00f5es da prova, comparativamente. Fora que algumas disciplinas possuem mais <strong>peso <\/strong>e <strong>quantidade <\/strong>que outras.<\/p>\n\n\n\n<p>Assim, a aprova\u00e7\u00e3o vem mais de <strong>acertos s\u00f3lidos nas mat\u00e9rias principais<\/strong>, n\u00e3o de um desempenho impec\u00e1vel em cada detalhe do conte\u00fado.<\/p>\n\n\n\n<h2 class=\"wp-block-heading\" id=\"h-medo-de-nao-fechar-o-edital-priorizacao-inteligente\">Medo de n\u00e3o fechar o edital &#8211; Prioriza\u00e7\u00e3o inteligente<\/h2>\n\n\n\n<p>Prosseguindo com o tema medo de n\u00e3o fechar o edital, aborda-se\u00a0 a <mark style=\"background-color:#cf2e2e\" class=\"has-inline-color\"><strong>prioriza\u00e7\u00e3o inteligente<\/strong><\/mark> nos estudos.<\/p>\n\n\n\n<p>Priorizar o estudo de algumas disciplinas pode aumentar a qualidade dos estudos.<\/p>\n\n\n\n<p>Alguns editais especificam a quantidade e peso de quest\u00f5es de cada disciplina. Outros editais n\u00e3o. Por\u00e9m nem todos os t\u00f3picos de disciplina t\u00eam o mesmo <strong>peso<\/strong>, e isto sempre ocorre em concursos p\u00fablicos.<\/p>\n\n\n\n<p>Quando estiver dif\u00edcil de prever o peso das disciplinas e t\u00f3picos, pode ser analisado o <strong>perfil da banca<\/strong> em quest\u00e3o e suas <strong>provas anteriores<\/strong>. Al\u00e9m das aulas elaboradas por professores especializados, simulados e quest\u00f5es anteriores.<\/p>\n\n\n\n<p>O <strong>princ\u00edpio de Pareto<\/strong> \u00e9 um m\u00e9todo que organiza um conjunto de 100% de itens, e os classifica em 3 categorias. A categoria A \u00e9 a mais importante em prioridade, mas a menor em n\u00famero, com no m\u00e1ximo 20% do conjunto de itens. A B, com import\u00e2ncia mediana, \u00e9 formada por 30% dos itens. E a categoria C, com 50% dos itens do conjunto, t\u00eam baixa import\u00e2ncia.<\/p>\n\n\n\n<p>\u00c9 poss\u00edvel aplicar o princ\u00edpio de Pareto a prioriza\u00e7\u00e3o dos estudos. Cerca de 50% dos t\u00f3picos t\u00eam baixa import\u00e2ncia e probabilidade de cair. E outros 50% realmente pontuam na nota final.<\/p>\n\n\n\n<p>Assim, o estudo precisa ser <strong>estrat\u00e9gico <\/strong>e n\u00e3o <strong>enciclop\u00e9dico<\/strong>.<\/p>\n\n\n\n<h2 class=\"wp-block-heading\" id=\"h-origem-e-remedios-para-o-medo\">Origem e rem\u00e9dios para o medo<\/h2>\n\n\n\n<p>Finalizando o artigo \u201cMedo de n\u00e3o fechar o edital\u201d, abordam-se a <mark style=\"background-color:#fcb900\" class=\"has-inline-color\"><strong>origem e os rem\u00e9dios<\/strong><\/mark> para o medo.<\/p>\n\n\n\n<p>A origem do medo vem de <strong>compara\u00e7\u00e3o<\/strong>, na maior parte imagin\u00e1ria antes da prova, com outros candidatos. Al\u00e9m de press\u00e3o interna e externa e falta de planejamento ou autoconfian\u00e7a.<\/p>\n\n\n\n<p>A autocr\u00edtica \u00e9 importante, mas em excesso, pode se tornar <strong>autossabotagem <\/strong>e compara\u00e7\u00e3o <strong>destrutiva<\/strong>. Nesse caso, mentores, grupos de estudo e coachings podem ajudar, dosando a autocr\u00edtica.<\/p>\n\n\n\n<p>A ansiedade tamb\u00e9m \u00e9 comum, por\u00e9m n\u00e3o pode ser excessiva. Para a ansiedade, o <strong>descanso <\/strong>e o cuidado com o corpo e mente, de forma equilibrada, \u00e9 muito importante. Exerc\u00edcio f\u00edsico leve e sono regular ajudam muito. Assim, \u00e9 poss\u00edvel transformar a ansiedade em <strong>combust\u00edvel <\/strong>para disciplina necess\u00e1ria ao estudar para concursos.<\/p>\n\n\n\n<p>Por fim, medo \u00e9 um sentimento humano e natural, e faz parte do processo de estudos para concursos, al\u00e9m de muitos outros. O importante \u00e9 ter <strong>sabedoria<\/strong>, e usar o medo para o <strong>progresso<\/strong>, e n\u00e3o o contr\u00e1rio.<\/p>\n\n\n\n<h2 class=\"wp-block-heading has-text-align-center\" id=\"cursos-assinatura\">Cursos e Assinaturas<\/h2>\n\n\n\n<p>Prepare-se com o melhor material e com quem mais aprova em Concursos P\u00fablicos em todo o pa\u00eds!<\/p>\n\n\n\n<p class=\"has-text-align-center has-vivid-cyan-blue-color has-text-color has-background\" style=\"background-color:#0078bd\"><a href=\"https:\/\/www.estrategiaconcursos.com.br\/blog\/concursos-abertos\/\" target=\"_blank\" rel=\"noreferrer noopener\"><strong><mark style=\"background-color:rgba(0, 0, 0, 0)\" class=\"has-inline-color has-white-color\">Concursos Abertos<\/mark><\/strong><\/a><\/p>\n\n\n\n<p class=\"has-text-align-center has-vivid-cyan-blue-color has-text-color has-background\" style=\"background-color:#0078bd\"><a href=\"https:\/\/www.estrategiaconcursos.com.br\/blog\/concursos-2025\/\" target=\"_blank\" rel=\"noreferrer noopener\"><strong><mark style=\"background-color:rgba(0, 0, 0, 0)\" class=\"has-inline-color has-white-color\">Concursos 2025<\/mark><\/strong><\/a><\/p>\n","protected":false},"excerpt":{"rendered":"<p>O presente artigo visa abordar o medo de n\u00e3o fechar o edital, muito comum entre os estudantes de concurso, como os da banca CEBRASPE, por exemplo. E como este medo pode ajudar e atrapalhar o candidato em sua jornada de estudos. O que significa fechar o edital O termo \u201cfechar o edital\u201d \u00e9 muito comum [&hellip;]<\/p>\n","protected":false},"author":2978,"featured_media":1453489,"comment_status":"open","ping_status":"closed","sticky":false,"template":"","format":"standard","meta":{"post_tipo":"article","footnotes":""},"categories":[1],"tags":[],"tax_estado":[],"class_list":["post-1661564","post","type-post","status-publish","format-standard","has-post-thumbnail","hentry","category-cursos-e-concursos"],"acf":[],"yoast_head":"<!-- This site is optimized with the Yoast SEO Premium plugin v27.2 (Yoast SEO v27.2) - https:\/\/yoast.com\/product\/yoast-seo-premium-wordpress\/ -->\n<title>Medo de n\u00e3o fechar o edital<\/title>\n<meta name=\"description\" content=\"Medo de n\u00e3o fechar o edital fator tempo prioriza\u00e7\u00e3o inteligente pareto concurso p\u00fablico disciplinas banca compara\u00e7\u00e3o\" \/>\n<meta name=\"robots\" content=\"index, follow, max-snippet:-1, max-image-preview:large, max-video-preview:-1\" \/>\n<link rel=\"canonical\" href=\"https:\/\/www.estrategiaconcursos.com.br\/blog\/medo-nao-fechar-edital-v2\/\" \/>\n<meta property=\"og:locale\" content=\"pt_BR\" \/>\n<meta property=\"og:type\" content=\"article\" \/>\n<meta property=\"og:title\" content=\"Medo de n\u00e3o fechar o edital\" \/>\n<meta property=\"og:description\" content=\"Medo de n\u00e3o fechar o edital fator tempo prioriza\u00e7\u00e3o inteligente pareto concurso p\u00fablico disciplinas banca compara\u00e7\u00e3o\" \/>\n<meta property=\"og:url\" content=\"https:\/\/www.estrategiaconcursos.com.br\/blog\/medo-nao-fechar-edital-v2\/\" \/>\n<meta property=\"og:site_name\" content=\"Estrat\u00e9gia Concursos\" \/>\n<meta property=\"article:published_time\" content=\"2025-12-23T14:41:00+00:00\" \/>\n<meta property=\"article:modified_time\" content=\"2025-12-23T16:57:01+00:00\" \/>\n<meta property=\"og:image\" content=\"https:\/\/dhg1h5j42swfq.cloudfront.net\/2024\/08\/30083957\/mesa-de-estudos-organizada-livros-empilhados-1.png\" \/>\n\t<meta property=\"og:image:width\" content=\"861\" \/>\n\t<meta property=\"og:image:height\" content=\"800\" \/>\n\t<meta property=\"og:image:type\" content=\"image\/png\" \/>\n<meta name=\"author\" content=\"Carlos Augusto Canada Silva\" \/>\n<meta name=\"twitter:card\" content=\"summary_large_image\" \/>\n<meta name=\"twitter:creator\" content=\"@EstratConcursos\" \/>\n<meta name=\"twitter:site\" content=\"@EstratConcursos\" \/>\n<meta name=\"twitter:label1\" content=\"Escrito por\" \/>\n\t<meta name=\"twitter:data1\" content=\"Carlos Augusto Canada Silva\" \/>\n\t<meta name=\"twitter:label2\" content=\"Est. tempo de leitura\" \/>\n\t<meta name=\"twitter:data2\" content=\"4 minutos\" \/>\n<script type=\"application\/ld+json\" class=\"yoast-schema-graph\">{\"@context\":\"https:\/\/schema.org\",\"@graph\":[{\"@type\":\"NewsArticle\",\"@id\":\"https:\/\/www.estrategiaconcursos.com.br\/blog\/medo-nao-fechar-edital-v2\/#article\",\"isPartOf\":{\"@id\":\"https:\/\/www.estrategiaconcursos.com.br\/blog\/medo-nao-fechar-edital-v2\/\"},\"author\":{\"name\":\"Carlos Augusto Canada Silva\",\"@id\":\"https:\/\/www.estrategiaconcursos.com.br\/blog\/#\/schema\/person\/ba5353c5ae7c03146aa160997380a321\"},\"headline\":\"Medo de n\u00e3o fechar o edital\",\"datePublished\":\"2025-12-23T14:41:00+00:00\",\"dateModified\":\"2025-12-23T16:57:01+00:00\",\"mainEntityOfPage\":{\"@id\":\"https:\/\/www.estrategiaconcursos.com.br\/blog\/medo-nao-fechar-edital-v2\/\"},\"wordCount\":892,\"commentCount\":0,\"publisher\":{\"@id\":\"https:\/\/www.estrategiaconcursos.com.br\/blog\/#organization\"},\"image\":{\"@id\":\"https:\/\/www.estrategiaconcursos.com.br\/blog\/medo-nao-fechar-edital-v2\/#primaryimage\"},\"thumbnailUrl\":\"https:\/\/dhg1h5j42swfq.cloudfront.net\/2024\/08\/30083957\/mesa-de-estudos-organizada-livros-empilhados-1.png\",\"articleSection\":[\"Concursos P\u00fablicos\"],\"inLanguage\":\"pt-BR\",\"potentialAction\":[{\"@type\":\"CommentAction\",\"name\":\"Comment\",\"target\":[\"https:\/\/www.estrategiaconcursos.com.br\/blog\/medo-nao-fechar-edital-v2\/#respond\"]}],\"copyrightYear\":\"2025\",\"copyrightHolder\":{\"@id\":\"https:\/\/www.estrategiaconcursos.com.br\/blog\/#organization\"}},{\"@type\":\"WebPage\",\"@id\":\"https:\/\/www.estrategiaconcursos.com.br\/blog\/medo-nao-fechar-edital-v2\/\",\"url\":\"https:\/\/www.estrategiaconcursos.com.br\/blog\/medo-nao-fechar-edital-v2\/\",\"name\":\"Medo de n\u00e3o fechar o edital\",\"isPartOf\":{\"@id\":\"https:\/\/www.estrategiaconcursos.com.br\/blog\/#website\"},\"primaryImageOfPage\":{\"@id\":\"https:\/\/www.estrategiaconcursos.com.br\/blog\/medo-nao-fechar-edital-v2\/#primaryimage\"},\"image\":{\"@id\":\"https:\/\/www.estrategiaconcursos.com.br\/blog\/medo-nao-fechar-edital-v2\/#primaryimage\"},\"thumbnailUrl\":\"https:\/\/dhg1h5j42swfq.cloudfront.net\/2024\/08\/30083957\/mesa-de-estudos-organizada-livros-empilhados-1.png\",\"datePublished\":\"2025-12-23T14:41:00+00:00\",\"dateModified\":\"2025-12-23T16:57:01+00:00\",\"description\":\"Medo de n\u00e3o fechar o edital fator tempo prioriza\u00e7\u00e3o inteligente pareto concurso p\u00fablico disciplinas banca compara\u00e7\u00e3o\",\"breadcrumb\":{\"@id\":\"https:\/\/www.estrategiaconcursos.com.br\/blog\/medo-nao-fechar-edital-v2\/#breadcrumb\"},\"inLanguage\":\"pt-BR\",\"potentialAction\":[{\"@type\":\"ReadAction\",\"target\":[\"https:\/\/www.estrategiaconcursos.com.br\/blog\/medo-nao-fechar-edital-v2\/\"]}]},{\"@type\":\"ImageObject\",\"inLanguage\":\"pt-BR\",\"@id\":\"https:\/\/www.estrategiaconcursos.com.br\/blog\/medo-nao-fechar-edital-v2\/#primaryimage\",\"url\":\"https:\/\/dhg1h5j42swfq.cloudfront.net\/2024\/08\/30083957\/mesa-de-estudos-organizada-livros-empilhados-1.png\",\"contentUrl\":\"https:\/\/dhg1h5j42swfq.cloudfront.net\/2024\/08\/30083957\/mesa-de-estudos-organizada-livros-empilhados-1.png\",\"width\":861,\"height\":800,\"caption\":\"Medo de n\u00e3o fechar o edital\"},{\"@type\":\"BreadcrumbList\",\"@id\":\"https:\/\/www.estrategiaconcursos.com.br\/blog\/medo-nao-fechar-edital-v2\/#breadcrumb\",\"itemListElement\":[{\"@type\":\"ListItem\",\"position\":1,\"name\":\"In\u00edcio\",\"item\":\"https:\/\/www.estrategiaconcursos.com.br\/blog\/\"},{\"@type\":\"ListItem\",\"position\":2,\"name\":\"Medo de n\u00e3o fechar o edital\"}]},{\"@type\":\"WebSite\",\"@id\":\"https:\/\/www.estrategiaconcursos.com.br\/blog\/#website\",\"url\":\"https:\/\/www.estrategiaconcursos.com.br\/blog\/\",\"name\":\"Estrat\u00e9gia Concursos\",\"description\":\"O blog da Estrat\u00e9gia Concursos traz not\u00edcias sobre concursos e artigos de professores oferecendo cursos para concursos (pdf + videaulas) no site.\",\"publisher\":{\"@id\":\"https:\/\/www.estrategiaconcursos.com.br\/blog\/#organization\"},\"potentialAction\":[{\"@type\":\"SearchAction\",\"target\":{\"@type\":\"EntryPoint\",\"urlTemplate\":\"https:\/\/www.estrategiaconcursos.com.br\/blog\/?s={search_term_string}\"},\"query-input\":{\"@type\":\"PropertyValueSpecification\",\"valueRequired\":true,\"valueName\":\"search_term_string\"}}],\"inLanguage\":\"pt-BR\"},{\"@type\":\"Organization\",\"@id\":\"https:\/\/www.estrategiaconcursos.com.br\/blog\/#organization\",\"name\":\"Estrat\u00e9gia Concursos\",\"url\":\"https:\/\/www.estrategiaconcursos.com.br\/blog\/\",\"logo\":{\"@type\":\"ImageObject\",\"inLanguage\":\"pt-BR\",\"@id\":\"https:\/\/www.estrategiaconcursos.com.br\/blog\/#\/schema\/logo\/image\/\",\"url\":\"https:\/\/dhg1h5j42swfq.cloudfront.net\/2025\/06\/03203428\/logo_concursos-1.jpg\",\"contentUrl\":\"https:\/\/dhg1h5j42swfq.cloudfront.net\/2025\/06\/03203428\/logo_concursos-1.jpg\",\"width\":230,\"height\":60,\"caption\":\"Estrat\u00e9gia Concursos\"},\"image\":{\"@id\":\"https:\/\/www.estrategiaconcursos.com.br\/blog\/#\/schema\/logo\/image\/\"},\"sameAs\":[\"https:\/\/x.com\/EstratConcursos\"]},{\"@type\":\"Person\",\"@id\":\"https:\/\/www.estrategiaconcursos.com.br\/blog\/#\/schema\/person\/ba5353c5ae7c03146aa160997380a321\",\"name\":\"Carlos Augusto Canada Silva\",\"image\":{\"@type\":\"ImageObject\",\"inLanguage\":\"pt-BR\",\"@id\":\"https:\/\/secure.gravatar.com\/avatar\/a3678a0de9b78f31cae66e58ba52f2e5ba85775337ae7925bf91eb689694b7e7?s=96&d=mm&r=g\",\"url\":\"https:\/\/secure.gravatar.com\/avatar\/a3678a0de9b78f31cae66e58ba52f2e5ba85775337ae7925bf91eb689694b7e7?s=96&d=mm&r=g\",\"contentUrl\":\"https:\/\/secure.gravatar.com\/avatar\/a3678a0de9b78f31cae66e58ba52f2e5ba85775337ae7925bf91eb689694b7e7?s=96&d=mm&r=g\",\"caption\":\"Carlos Augusto Canada Silva\"},\"url\":\"https:\/\/www.estrategiaconcursos.com.br\/blog\/author\/carlosaugusto-c-silvagmail-com\/\"}]}<\/script>\n<!-- \/ Yoast SEO Premium plugin. -->","yoast_head_json":{"title":"Medo de n\u00e3o fechar o edital","description":"Medo de n\u00e3o fechar o edital fator tempo prioriza\u00e7\u00e3o inteligente pareto concurso p\u00fablico disciplinas banca compara\u00e7\u00e3o","robots":{"index":"index","follow":"follow","max-snippet":"max-snippet:-1","max-image-preview":"max-image-preview:large","max-video-preview":"max-video-preview:-1"},"canonical":"https:\/\/www.estrategiaconcursos.com.br\/blog\/medo-nao-fechar-edital-v2\/","og_locale":"pt_BR","og_type":"article","og_title":"Medo de n\u00e3o fechar o edital","og_description":"Medo de n\u00e3o fechar o edital fator tempo prioriza\u00e7\u00e3o inteligente pareto concurso p\u00fablico disciplinas banca compara\u00e7\u00e3o","og_url":"https:\/\/www.estrategiaconcursos.com.br\/blog\/medo-nao-fechar-edital-v2\/","og_site_name":"Estrat\u00e9gia Concursos","article_published_time":"2025-12-23T14:41:00+00:00","article_modified_time":"2025-12-23T16:57:01+00:00","og_image":[{"width":861,"height":800,"url":"https:\/\/dhg1h5j42swfq.cloudfront.net\/2024\/08\/30083957\/mesa-de-estudos-organizada-livros-empilhados-1.png","type":"image\/png"}],"author":"Carlos Augusto Canada Silva","twitter_card":"summary_large_image","twitter_creator":"@EstratConcursos","twitter_site":"@EstratConcursos","twitter_misc":{"Escrito por":"Carlos Augusto Canada Silva","Est. tempo de leitura":"4 minutos"},"schema":{"@context":"https:\/\/schema.org","@graph":[{"@type":"NewsArticle","@id":"https:\/\/www.estrategiaconcursos.com.br\/blog\/medo-nao-fechar-edital-v2\/#article","isPartOf":{"@id":"https:\/\/www.estrategiaconcursos.com.br\/blog\/medo-nao-fechar-edital-v2\/"},"author":{"name":"Carlos Augusto Canada Silva","@id":"https:\/\/www.estrategiaconcursos.com.br\/blog\/#\/schema\/person\/ba5353c5ae7c03146aa160997380a321"},"headline":"Medo de n\u00e3o fechar o edital","datePublished":"2025-12-23T14:41:00+00:00","dateModified":"2025-12-23T16:57:01+00:00","mainEntityOfPage":{"@id":"https:\/\/www.estrategiaconcursos.com.br\/blog\/medo-nao-fechar-edital-v2\/"},"wordCount":892,"commentCount":0,"publisher":{"@id":"https:\/\/www.estrategiaconcursos.com.br\/blog\/#organization"},"image":{"@id":"https:\/\/www.estrategiaconcursos.com.br\/blog\/medo-nao-fechar-edital-v2\/#primaryimage"},"thumbnailUrl":"https:\/\/dhg1h5j42swfq.cloudfront.net\/2024\/08\/30083957\/mesa-de-estudos-organizada-livros-empilhados-1.png","articleSection":["Concursos P\u00fablicos"],"inLanguage":"pt-BR","potentialAction":[{"@type":"CommentAction","name":"Comment","target":["https:\/\/www.estrategiaconcursos.com.br\/blog\/medo-nao-fechar-edital-v2\/#respond"]}],"copyrightYear":"2025","copyrightHolder":{"@id":"https:\/\/www.estrategiaconcursos.com.br\/blog\/#organization"}},{"@type":"WebPage","@id":"https:\/\/www.estrategiaconcursos.com.br\/blog\/medo-nao-fechar-edital-v2\/","url":"https:\/\/www.estrategiaconcursos.com.br\/blog\/medo-nao-fechar-edital-v2\/","name":"Medo de n\u00e3o fechar o edital","isPartOf":{"@id":"https:\/\/www.estrategiaconcursos.com.br\/blog\/#website"},"primaryImageOfPage":{"@id":"https:\/\/www.estrategiaconcursos.com.br\/blog\/medo-nao-fechar-edital-v2\/#primaryimage"},"image":{"@id":"https:\/\/www.estrategiaconcursos.com.br\/blog\/medo-nao-fechar-edital-v2\/#primaryimage"},"thumbnailUrl":"https:\/\/dhg1h5j42swfq.cloudfront.net\/2024\/08\/30083957\/mesa-de-estudos-organizada-livros-empilhados-1.png","datePublished":"2025-12-23T14:41:00+00:00","dateModified":"2025-12-23T16:57:01+00:00","description":"Medo de n\u00e3o fechar o edital fator tempo prioriza\u00e7\u00e3o inteligente pareto concurso p\u00fablico disciplinas banca compara\u00e7\u00e3o","breadcrumb":{"@id":"https:\/\/www.estrategiaconcursos.com.br\/blog\/medo-nao-fechar-edital-v2\/#breadcrumb"},"inLanguage":"pt-BR","potentialAction":[{"@type":"ReadAction","target":["https:\/\/www.estrategiaconcursos.com.br\/blog\/medo-nao-fechar-edital-v2\/"]}]},{"@type":"ImageObject","inLanguage":"pt-BR","@id":"https:\/\/www.estrategiaconcursos.com.br\/blog\/medo-nao-fechar-edital-v2\/#primaryimage","url":"https:\/\/dhg1h5j42swfq.cloudfront.net\/2024\/08\/30083957\/mesa-de-estudos-organizada-livros-empilhados-1.png","contentUrl":"https:\/\/dhg1h5j42swfq.cloudfront.net\/2024\/08\/30083957\/mesa-de-estudos-organizada-livros-empilhados-1.png","width":861,"height":800,"caption":"Medo de n\u00e3o fechar o edital"},{"@type":"BreadcrumbList","@id":"https:\/\/www.estrategiaconcursos.com.br\/blog\/medo-nao-fechar-edital-v2\/#breadcrumb","itemListElement":[{"@type":"ListItem","position":1,"name":"In\u00edcio","item":"https:\/\/www.estrategiaconcursos.com.br\/blog\/"},{"@type":"ListItem","position":2,"name":"Medo de n\u00e3o fechar o edital"}]},{"@type":"WebSite","@id":"https:\/\/www.estrategiaconcursos.com.br\/blog\/#website","url":"https:\/\/www.estrategiaconcursos.com.br\/blog\/","name":"Estrat\u00e9gia Concursos","description":"O blog da Estrat\u00e9gia Concursos traz not\u00edcias sobre concursos e artigos de professores oferecendo cursos para concursos (pdf + videaulas) no site.","publisher":{"@id":"https:\/\/www.estrategiaconcursos.com.br\/blog\/#organization"},"potentialAction":[{"@type":"SearchAction","target":{"@type":"EntryPoint","urlTemplate":"https:\/\/www.estrategiaconcursos.com.br\/blog\/?s={search_term_string}"},"query-input":{"@type":"PropertyValueSpecification","valueRequired":true,"valueName":"search_term_string"}}],"inLanguage":"pt-BR"},{"@type":"Organization","@id":"https:\/\/www.estrategiaconcursos.com.br\/blog\/#organization","name":"Estrat\u00e9gia Concursos","url":"https:\/\/www.estrategiaconcursos.com.br\/blog\/","logo":{"@type":"ImageObject","inLanguage":"pt-BR","@id":"https:\/\/www.estrategiaconcursos.com.br\/blog\/#\/schema\/logo\/image\/","url":"https:\/\/dhg1h5j42swfq.cloudfront.net\/2025\/06\/03203428\/logo_concursos-1.jpg","contentUrl":"https:\/\/dhg1h5j42swfq.cloudfront.net\/2025\/06\/03203428\/logo_concursos-1.jpg","width":230,"height":60,"caption":"Estrat\u00e9gia Concursos"},"image":{"@id":"https:\/\/www.estrategiaconcursos.com.br\/blog\/#\/schema\/logo\/image\/"},"sameAs":["https:\/\/x.com\/EstratConcursos"]},{"@type":"Person","@id":"https:\/\/www.estrategiaconcursos.com.br\/blog\/#\/schema\/person\/ba5353c5ae7c03146aa160997380a321","name":"Carlos Augusto Canada Silva","image":{"@type":"ImageObject","inLanguage":"pt-BR","@id":"https:\/\/secure.gravatar.com\/avatar\/a3678a0de9b78f31cae66e58ba52f2e5ba85775337ae7925bf91eb689694b7e7?s=96&d=mm&r=g","url":"https:\/\/secure.gravatar.com\/avatar\/a3678a0de9b78f31cae66e58ba52f2e5ba85775337ae7925bf91eb689694b7e7?s=96&d=mm&r=g","contentUrl":"https:\/\/secure.gravatar.com\/avatar\/a3678a0de9b78f31cae66e58ba52f2e5ba85775337ae7925bf91eb689694b7e7?s=96&d=mm&r=g","caption":"Carlos Augusto Canada Silva"},"url":"https:\/\/www.estrategiaconcursos.com.br\/blog\/author\/carlosaugusto-c-silvagmail-com\/"}]}},"_links":{"self":[{"href":"https:\/\/www.estrategiaconcursos.com.br\/blog\/wp-json\/wp\/v2\/posts\/1661564","targetHints":{"allow":["GET"]}}],"collection":[{"href":"https:\/\/www.estrategiaconcursos.com.br\/blog\/wp-json\/wp\/v2\/posts"}],"about":[{"href":"https:\/\/www.estrategiaconcursos.com.br\/blog\/wp-json\/wp\/v2\/types\/post"}],"author":[{"embeddable":true,"href":"https:\/\/www.estrategiaconcursos.com.br\/blog\/wp-json\/wp\/v2\/users\/2978"}],"replies":[{"embeddable":true,"href":"https:\/\/www.estrategiaconcursos.com.br\/blog\/wp-json\/wp\/v2\/comments?post=1661564"}],"version-history":[{"count":3,"href":"https:\/\/www.estrategiaconcursos.com.br\/blog\/wp-json\/wp\/v2\/posts\/1661564\/revisions"}],"predecessor-version":[{"id":1662764,"href":"https:\/\/www.estrategiaconcursos.com.br\/blog\/wp-json\/wp\/v2\/posts\/1661564\/revisions\/1662764"}],"wp:featuredmedia":[{"embeddable":true,"href":"https:\/\/www.estrategiaconcursos.com.br\/blog\/wp-json\/wp\/v2\/media\/1453489"}],"wp:attachment":[{"href":"https:\/\/www.estrategiaconcursos.com.br\/blog\/wp-json\/wp\/v2\/media?parent=1661564"}],"wp:term":[{"taxonomy":"category","embeddable":true,"href":"https:\/\/www.estrategiaconcursos.com.br\/blog\/wp-json\/wp\/v2\/categories?post=1661564"},{"taxonomy":"post_tag","embeddable":true,"href":"https:\/\/www.estrategiaconcursos.com.br\/blog\/wp-json\/wp\/v2\/tags?post=1661564"},{"taxonomy":"tax_estado","embeddable":true,"href":"https:\/\/www.estrategiaconcursos.com.br\/blog\/wp-json\/wp\/v2\/tax_estado?post=1661564"}],"curies":[{"name":"wp","href":"https:\/\/api.w.org\/{rel}","templated":true}]}}