{"id":1661481,"date":"2025-10-31T18:00:00","date_gmt":"2025-10-31T21:00:00","guid":{"rendered":"https:\/\/www.estrategiaconcursos.com.br\/blog\/?p=1661481"},"modified":"2025-12-12T18:20:25","modified_gmt":"2025-12-12T21:20:25","slug":"concurso-editais-semana-27-a-30-10","status":"publish","type":"post","link":"https:\/\/www.estrategiaconcursos.com.br\/blog\/concurso-editais-semana-27-a-30-10\/","title":{"rendered":"Concursos P\u00fablicos: 26 editais esta semana; 13 mil vagas!"},"content":{"rendered":"\n<p>Mais um m\u00eas de 2025 est\u00e1 oficialmente se encerrando e, com ele, uma <strong>semana<\/strong> recheada de <strong>novos editais de concursos p\u00fablicos<\/strong> e diversas <strong>vagas <\/strong>foi a protagonista deste finalzinho de outubro.<\/p>\n\n\n\n<p>Ao todo, foram publicados <strong>26 novos editais<\/strong> com <strong>13.069<\/strong> oportunidades imediatas e de cadastro reserva, revelando a alta import\u00e2ncia dos \u00faltimos dias no mundo dos concursos p\u00fablicos.<\/p>\n\n\n\n<p>Entre as novas sele\u00e7\u00f5es, reinou a \u00e1rea legislativa, trazendo dois <strong>concursos<\/strong> para a assembleias legislativas: <strong>ALE GO e ALE RO.<\/strong><\/p>\n\n\n\n<p>A <strong>ALE GO<\/strong> traz <strong>101 vagas imediatas<\/strong> e sal\u00e1rios pra l\u00e1 de atrativos que alcan\u00e7am <strong>R$ 10,1 mil<\/strong>, isso sem contar os benef\u00edcios oficiais <strong>do funcionalismo p\u00fablico<\/strong>.<\/p>\n\n\n\n<p>J\u00e1 a <strong>ALE RO<\/strong> chegou com incr\u00edveis <strong>425 oportunidades<\/strong> e sal\u00e1rios apenas iniciais de at\u00e9 <strong>R$ 24 mil<\/strong>, valores que aumentam ao longo da carreira como servidor.<\/p>\n\n\n\n<p>Quer ficar informado sobre TODOS os novos editais de concursos publicados na \u00faltima semana? <em><strong>Confira mais informa\u00e7\u00f5es ao longo deste artigo!<\/strong><\/em><\/p>\n\n\n\n<div class=\"container\" id=\"boxes\">\n  <div class=\"row\">\n\n    <div class=\"col-sm\">\n      <div class=\"banner-estrat-corj\" id=\"box-assinatura\">\n        <h3 class=\"titulo-assinatura\" style=\"text-align: left;\">Cursos para Concursos<\/h3>\n        <p class=\"subtitulo-assinatura\" style=\"text-align: left;\">Conhe\u00e7a os cursos<\/p>\n        <div class=\"box-botao\" style=\"text-align: left;\">\n          <a class=\"btn-assinatura\" target=\"_blank\" href=\"https:\/\/www.estrategiaconcursos.com.br\/cursos\/concurso\/\" role=\"button\" rel=\"noopener noreferrer\">CLIQUE AQUI<\/a>\n        <\/div>\n      <\/div><\/div><\/div><\/div>\n\n\n\n<ul id=\"indice\" class=\"wp-block-list\">\n<li><a href=\"#seguranca\">Seguran\u00e7a p\u00fablica<\/a><\/li>\n\n\n\n<li><a href=\"#educacao\">Educa\u00e7\u00e3o<\/a><\/li>\n\n\n\n<li><a href=\"#camaras\">\u00c1rea Legislativa<\/a><\/li>\n\n\n\n<li><a href=\"#outras\">Oportunidades em outras \u00e1reas<\/a><\/li>\n\n\n\n<li><a href=\"#prefeituras\">Prefeituras Municipais<\/a><\/li>\n<\/ul>\n\n\n\n<h3 class=\"wp-block-heading has-text-align-center has-background\" id=\"seguranca\" style=\"background-color:#e1eaf2\">Seguran\u00e7a p\u00fablica<\/h3>\n\n\n\n<h3 class=\"wp-block-heading\" id=\"h-gcm-maranguape-ce\"><a href=\"https:\/\/www.estrategiaconcursos.com.br\/blog\/concurso-gcm-maranguape-ce\/\" target=\"_blank\" rel=\"noreferrer noopener\">GCM Maranguape<\/a> (CE)<\/h3>\n\n\n\n<ul class=\"wp-block-list\">\n<li><strong>Banca:<\/strong> Instituto Consulpam<\/li>\n\n\n\n<li><strong>Per\u00edodo de inscri\u00e7\u00f5es:<\/strong> at\u00e9 17\/11<\/li>\n\n\n\n<li><strong>Data da prova<\/strong>: 07\/02\/2026<\/li>\n\n\n\n<li><strong>Vagas:<\/strong> 10 + 300 CR<\/li>\n\n\n\n<li><strong>Sal\u00e1rio inicial:<\/strong> R$ 4.743,75<\/li>\n\n\n\n<li><strong>Edital: <\/strong><a href=\"https:\/\/dhg1h5j42swfq.cloudfront.net\/2025\/10\/27085201\/20251024_155013_edital-002-2025-prefeitura-municipal-de-maranguape-guarda-municipal.pdf?utm_source=google&amp;utm_medium=cpc&amp;utm_campaign=ec-adm-vd-gsh-pssibge-web-151025\" target=\"_blank\" rel=\"noreferrer noopener nofollow\">Guarda de Maranguape CE-2025<\/a><\/li>\n<\/ul>\n\n\n\n<h3 class=\"wp-block-heading\" id=\"h-gcm-satuba-al\"><a href=\"https:\/\/www.estrategiaconcursos.com.br\/blog\/concurso-gcm-satuba-al\/\" target=\"_blank\" rel=\"noreferrer noopener\">GCM Satuba<\/a> (AL)<\/h3>\n\n\n\n<ul class=\"wp-block-list\">\n<li><strong>Banca:<\/strong> IACP<\/li>\n\n\n\n<li><strong>Per\u00edodo de inscri\u00e7\u00f5es:<\/strong> 03\/11 a 01\/12 <\/li>\n\n\n\n<li><strong>Data da prova<\/strong>: 11\/01\/2026<\/li>\n\n\n\n<li><strong>Vagas:<\/strong> 8<\/li>\n\n\n\n<li><strong>Sal\u00e1rio inicial:<\/strong> R$ 1.800,00<\/li>\n\n\n\n<li><strong>Edital:<\/strong> <a href=\"https:\/\/dhg1h5j42swfq.cloudfront.net\/2025\/10\/29154241\/b9bc4a1f8bb12aaf64ae8739f678eb47.pdf?utm_source=google&amp;utm_medium=cpc&amp;utm_campaign=ec-tc-vd-gsh-tcu-semesp-180625\" target=\"_blank\" rel=\"noreferrer noopener nofollow\">GCM Satuba AL 2025<\/a><\/li>\n<\/ul>\n\n\n\n<h3 class=\"wp-block-heading has-text-align-center has-background\" id=\"educacao\" style=\"background-color:#e1eaf2\">Educa\u00e7\u00e3o<\/h3>\n\n\n\n<h3 class=\"wp-block-heading\" id=\"h-sme-maranguape-ce\"><a href=\"https:\/\/www.estrategiaconcursos.com.br\/blog\/concurso-sme-maranguape-ce\/\" target=\"_blank\" rel=\"noreferrer noopener\">SME<\/a><a href=\"https:\/\/www.estrategiaconcursos.com.br\/blog\/concurso-sme-maranguape-ce\/\"> Maranguape<\/a> (CE)<\/h3>\n\n\n\n<ul class=\"wp-block-list\">\n<li><strong>Banca:<\/strong> Instituto Consulpam<\/li>\n\n\n\n<li><strong>Per\u00edodo de inscri\u00e7\u00f5es:<\/strong> at\u00e9 17\/11 <\/li>\n\n\n\n<li><strong>Data da prova<\/strong>: 22\/02\/2026<\/li>\n\n\n\n<li><strong>Vagas:<\/strong> 335 + 3.620 CR<\/li>\n\n\n\n<li><strong>Sal\u00e1rio inicial:<\/strong> R$ 4.885,64<\/li>\n\n\n\n<li><strong>Edital:<\/strong> <a href=\"https:\/\/dhg1h5j42swfq.cloudfront.net\/2025\/10\/27090829\/20251024_154407_edital-001-2025-maranguape-magisterio.pdf?utm_source=google&amp;utm_medium=cpc&amp;utm_campaign=ec-adm-vd-gsh-pssibge-web-151025\" target=\"_blank\" rel=\"noreferrer noopener nofollow\">SME Maranguape 2025<\/a><\/li>\n<\/ul>\n\n\n\n<h3 class=\"wp-block-heading\" id=\"h-secretaria-da-educacao-do-esporte-e-da-cultura-de-sergipe-seduc-se\"><a href=\"https:\/\/www.estrategiaconcursos.com.br\/blog\/concurso-seduc-se-2025-edital-publicado\/\" target=\"_blank\" rel=\"noreferrer noopener\">Secretaria da Educa\u00e7\u00e3o, do Esporte e da Cultura de Sergipe<\/a> (Seduc SE)<\/h3>\n\n\n\n<ul class=\"wp-block-list\">\n<li><strong>Banca:<\/strong> Cebraspe<\/li>\n\n\n\n<li><strong>Per\u00edodo de inscri\u00e7\u00f5es:<\/strong> 24\/11 a 08\/12<\/li>\n\n\n\n<li><strong>Data da prova<\/strong>: 11\/01\/2026<\/li>\n\n\n\n<li><strong>Vagas:<\/strong> 300 + CR<\/li>\n\n\n\n<li><strong>Sal\u00e1rio inicial:<\/strong> at\u00e9 R$ 5.142,15<\/li>\n\n\n\n<li><strong>Edital:<\/strong> <a href=\"https:\/\/dhg1h5j42swfq.cloudfront.net\/2025\/10\/31160913\/seduc-se-edital.pdf?utm_source=google&amp;utm_medium=cpc&amp;utm_campaign=ec-tc-vd-gsh-tcu-semesp-180625\" target=\"_blank\" rel=\"noreferrer noopener nofollow\">SEDUC SE 2025<\/a><\/li>\n<\/ul>\n\n\n\n<h3 class=\"wp-block-heading has-text-align-center has-background\" id=\"camaras\" style=\"background-color:#e1eaf2\">\u00c1rea legislativa<\/h3>\n\n\n\n<h3 class=\"wp-block-heading\" id=\"h-assembleia-legislativa-de-goias-alego\"><a href=\"https:\/\/www.estrategiaconcursos.com.br\/blog\/concurso-assembleia-legislativa-go\/\" target=\"_blank\" rel=\"noreferrer noopener\">Assembleia Legislativa de Goi\u00e1s<\/a> (ALEGO)<\/h3>\n\n\n\n<ul class=\"wp-block-list\">\n<li><strong>Banca:<\/strong> FGV<\/li>\n\n\n\n<li><strong>Per\u00edodo de inscri\u00e7\u00f5es:<\/strong> 11\/11 a 10\/12<\/li>\n\n\n\n<li><strong>Data da prova<\/strong>: 08\/02\/2026<\/li>\n\n\n\n<li><strong>Vagas:<\/strong> 101<\/li>\n\n\n\n<li><strong>Sal\u00e1rio inicial:<\/strong> R$ 7.408,90 a R$ 10.150,33<\/li>\n\n\n\n<li><strong>Edital:<\/strong> <a href=\"https:\/\/dhg1h5j42swfq.cloudfront.net\/2025\/10\/28103136\/edital-alego-2025.pdf?utm_source=google&amp;utm_medium=cpc&amp;utm_campaign=ec-adm-vd-gsh-pssibge-web-151025\" target=\"_blank\" rel=\"noreferrer noopener nofollow\">ALEGO 2025<\/a><\/li>\n<\/ul>\n\n\n\n<h3 class=\"wp-block-heading\" id=\"h-concurso-assembleia-legislativa-de-rondonia-ale-ro\"><a href=\"https:\/\/www.estrategiaconcursos.com.br\/blog\/concurso-ale-ro\/\" target=\"_blank\" rel=\"noreferrer noopener\">Concurso Assembleia Legislativa de Rond\u00f4nia<\/a> (ALE RO)<\/h3>\n\n\n\n<ul class=\"wp-block-list\">\n<li><strong>Banca:<\/strong> FGV<\/li>\n\n\n\n<li><strong>Per\u00edodo de inscri\u00e7\u00f5es:<\/strong> 03\/11 a 04\/12<\/li>\n\n\n\n<li><strong>Data da prova<\/strong>: 08\/02\/2026<\/li>\n\n\n\n<li><strong>Vagas:<\/strong> 200 + 225 CR<\/li>\n\n\n\n<li><strong>Sal\u00e1rio inicial:<\/strong> R$ 6.503,55 a R$ 24.078,42<\/li>\n\n\n\n<li><strong>Edital:<\/strong> <a href=\"https:\/\/dhg1h5j42swfq.cloudfront.net\/2025\/10\/29182204\/edital-alero.pdf?utm_source=google&amp;utm_medium=cpc&amp;utm_campaign=ec-tc-vd-gsh-tcu-semesp-180625\" target=\"_blank\" rel=\"noreferrer noopener\">ALE RO 2025<\/a><\/li>\n<\/ul>\n\n\n\n<h3 class=\"wp-block-heading\" id=\"h-c-amara-de-miguelopolis-sp\"><a href=\"https:\/\/www.estrategiaconcursos.com.br\/blog\/concurso-camara-de-miguelopolis-sp\/\" target=\"_blank\" rel=\"noreferrer noopener\">C<\/a><a href=\"https:\/\/www.estrategiaconcursos.com.br\/blog\/concurso-camara-de-miguelopolis-sp\/\">\u00e2mara de Miguel\u00f3polis<\/a> (SP)<\/h3>\n\n\n\n<ul class=\"wp-block-list\">\n<li><strong>Banca:<\/strong> Fafipa<\/li>\n\n\n\n<li><strong>Per\u00edodo de inscri\u00e7\u00f5es:<\/strong> at\u00e9 27\/11<\/li>\n\n\n\n<li><strong>Data da prova<\/strong>: 14\/12<\/li>\n\n\n\n<li><strong>Vagas:<\/strong> 2 + CR<\/li>\n\n\n\n<li><strong>Sal\u00e1rio inicial:<\/strong> R$ 4.111,89 a R$ 8.354,93<\/li>\n\n\n\n<li><strong>Edital:<\/strong> <a href=\"https:\/\/dhg1h5j42swfq.cloudfront.net\/2025\/10\/27090942\/4985e980-13f8-497d-bad4-424ff7353f04.pdf?utm_source=google&amp;utm_medium=cpc&amp;utm_campaign=ec-adm-vd-gsh-pssibge-web-151025\" target=\"_blank\" rel=\"noreferrer noopener nofollow\">C\u00e2mara de Miguel\u00f3polis SP-2025<\/a><\/li>\n<\/ul>\n\n\n\n<h3 class=\"wp-block-heading\" id=\"h-camara-de-craibas-al\"><a href=\"https:\/\/www.estrategiaconcursos.com.br\/blog\/concurso-camara-de-craibas-al\/\" target=\"_blank\" rel=\"noreferrer noopener\">C\u00e2mara de Cra\u00edbas<\/a> (AL)<\/h3>\n\n\n\n<ul class=\"wp-block-list\">\n<li><strong>Banca:<\/strong> Igeduc<\/li>\n\n\n\n<li><strong>Per\u00edodo de inscri\u00e7\u00f5es:<\/strong> at\u00e9 30\/11<\/li>\n\n\n\n<li><strong>Data da prova<\/strong>: 21\/12<\/li>\n\n\n\n<li><strong>Vagas:<\/strong> 7<\/li>\n\n\n\n<li><strong>Sal\u00e1rio inicial:<\/strong> R$ 1.518,00 a R$ 2.000,00<\/li>\n\n\n\n<li><strong>Edital:<\/strong> <a href=\"https:\/\/dhg1h5j42swfq.cloudfront.net\/2025\/10\/27090942\/4985e980-13f8-497d-bad4-424ff7353f04.pdf?utm_source=google&amp;utm_medium=cpc&amp;utm_campaign=ec-adm-vd-gsh-pssibge-web-151025\" target=\"_blank\" rel=\"noreferrer noopener nofollow\"><\/a><a href=\"https:\/\/dhg1h5j42swfq.cloudfront.net\/2025\/10\/31161113\/030000de-5d1b-4703-b0a4-2daf6e7ca2e6.pdf?utm_source=google&amp;utm_medium=cpc&amp;utm_campaign=ec-tc-vd-gsh-tcu-semesp-180625\" target=\"_blank\" rel=\"noreferrer noopener\">C\u00e2mara de Cra\u00edbas 2025<\/a><\/li>\n<\/ul>\n\n\n\n<h3 class=\"wp-block-heading has-text-align-center has-background\" id=\"outras\" style=\"background-color:#e1eaf2\">Outras oportunidades<\/h3>\n\n\n\n<h3 class=\"wp-block-heading\" id=\"h-conselho-regional-de-educacao-fisica-da-19\u00aa-regiao-nbsp-cref-al\"><a href=\"https:\/\/www.estrategiaconcursos.com.br\/pesquisa\/?q=cref+al\" target=\"_blank\" rel=\"noreferrer noopener\">Conselho Regional de Educa\u00e7\u00e3o F\u00edsica da 19\u00aa Regi\u00e3o<\/a>&nbsp;(CREF AL)<\/h3>\n\n\n\n<ul class=\"wp-block-list\">\n<li><strong>Banca:<\/strong> Ibade<\/li>\n\n\n\n<li><strong>Per\u00edodo de inscri\u00e7\u00f5es:<\/strong> at\u00e9 04\/12<\/li>\n\n\n\n<li><strong>Data da prova<\/strong>: 26\/01<\/li>\n\n\n\n<li><strong>Vagas:<\/strong> 2<\/li>\n\n\n\n<li><strong>Sal\u00e1rio inicial:<\/strong> R$ 2.400,00 a R$3.000,00<\/li>\n\n\n\n<li><strong>Edital:<\/strong>&nbsp;<a href=\"https:\/\/dhg1h5j42swfq.cloudfront.net\/2025\/10\/29150138\/5f83b2ae6d7faf9837ee53e34ee89c9b.pdf?utm_source=google&amp;utm_medium=cpc&amp;utm_campaign=ec-tc-vd-gsh-tcu-semesp-180625\" target=\"_blank\" rel=\"noreferrer noopener nofollow\">CREF AL 2025<\/a><\/li>\n<\/ul>\n\n\n\n<h3 class=\"wp-block-heading\" id=\"h-conselho-regional-de-educacao-fisica-da-12\u00aa-regiao-cref-pe\"><a href=\"https:\/\/www.estrategiaconcursos.com.br\/blog\/concurso-cref-pe\/\" target=\"_blank\" rel=\"noreferrer noopener\">Conselho Regional de Educa\u00e7\u00e3o F\u00edsica da 12\u00aa Regi\u00e3o<\/a> (CREF PE)<\/h3>\n\n\n\n<ul class=\"wp-block-list\">\n<li><strong>Banca:<\/strong> UEPB<\/li>\n\n\n\n<li><strong>Per\u00edodo de inscri\u00e7\u00f5es:<\/strong> at\u00e9 02\/11<\/li>\n\n\n\n<li><strong>Data da prova<\/strong>: 23\/11<\/li>\n\n\n\n<li><strong>Vagas:<\/strong> 01<\/li>\n\n\n\n<li><strong>Sal\u00e1rio inicial:<\/strong> R$ 6.653,01<\/li>\n\n\n\n<li><strong>Edital:<\/strong> <a href=\"https:\/\/dhg1h5j42swfq.cloudfront.net\/2025\/10\/24141221\/edital_cref12.pdf?utm_source=google&amp;utm_medium=cpc&amp;utm_campaign=ec-tc-vd-gsh-tcu-semesp-180625\" target=\"_blank\" rel=\"noreferrer noopener nofollow\"><strong>Edital CREF PE 2025<\/strong><\/a><\/li>\n<\/ul>\n\n\n\n<h3 class=\"wp-block-heading has-text-align-center has-background\" id=\"prefeituras\" style=\"background-color:#e1eaf2\">Prefeituras Municipais<\/h3>\n\n\n\n<h3 class=\"wp-block-heading\" id=\"h-prefeitura-de-jundiai-do-sul-pr\"><a href=\"https:\/\/www.estrategiaconcursos.com.br\/blog\/concurso-prefeitura-jundiai-do-sul\/\" target=\"_blank\" rel=\"noreferrer noopener\">Prefeitura de Jundia\u00ed do Sul<\/a> (PR)<\/h3>\n\n\n\n<ul class=\"wp-block-list\">\n<li><strong>Banca:<\/strong> Funda\u00e7\u00e3o FAFIPA<\/li>\n\n\n\n<li><strong>Per\u00edodo de inscri\u00e7\u00f5es:<\/strong> at\u00e9 17\/11<\/li>\n\n\n\n<li><strong>Data da prova<\/strong>: 14\/12<\/li>\n\n\n\n<li><strong>Vagas:<\/strong> 7 + CR<\/li>\n\n\n\n<li><strong>Sal\u00e1rio inicial:<\/strong> R$ 1.518,00 a R$ 15.000,00<\/li>\n\n\n\n<li><strong>Edital:<\/strong> <a href=\"https:\/\/dhg1h5j42swfq.cloudfront.net\/2025\/10\/25122138\/jundiai-do-sul.pdf?utm_source=google&amp;utm_medium=cpc&amp;utm_campaign=ec-adm-vd-gsh-pssibge-web-151025\" target=\"_blank\" rel=\"noreferrer noopener nofollow\">Jundia\u00ed do Sul 2025<\/a><\/li>\n<\/ul>\n\n\n\n<h3 class=\"wp-block-heading\" id=\"h-prefeitura-de-potim-sp\"><a href=\"https:\/\/www.estrategiaconcursos.com.br\/blog\/concurso-prefeitura-potim\/\" target=\"_blank\" rel=\"noreferrer noopener\">Prefeitura de Potim<\/a> (SP)<\/h3>\n\n\n\n<ul class=\"wp-block-list\">\n<li><strong>Banca:<\/strong> Avan\u00e7a SP<\/li>\n\n\n\n<li><strong>Per\u00edodo de inscri\u00e7\u00f5es:<\/strong> at\u00e9 17\/11<\/li>\n\n\n\n<li><strong>Data da prova<\/strong>: 07\/12<\/li>\n\n\n\n<li><strong>Vagas:<\/strong> 60 + CR<\/li>\n\n\n\n<li><strong>Sal\u00e1rio inicial:<\/strong>&nbsp;R$ 1.537,82 a R$ 5.642,09<\/li>\n\n\n\n<li><strong>Edital:<\/strong> <a href=\"https:\/\/dhg1h5j42swfq.cloudfront.net\/2025\/10\/27140003\/completo.pdf?utm_source=google&amp;utm_medium=cpc&amp;utm_campaign=ec-adm-vd-gsh-pssibge-web-151025\" target=\"_blank\" rel=\"noreferrer noopener nofollow\">Potim 2025<\/a><\/li>\n<\/ul>\n\n\n\n<h3 class=\"wp-block-heading\" id=\"h-prefeitura-de-joacaba-sc\"><a href=\"https:\/\/www.estrategiaconcursos.com.br\/blog\/concurso-prefeitura-joacaba\/\" target=\"_blank\" rel=\"noreferrer noopener\">Prefeitura de Joa\u00e7aba<\/a> (SC)<\/h3>\n\n\n\n<ul class=\"wp-block-list\">\n<li><strong>Banca:<\/strong> Fepese<\/li>\n\n\n\n<li><strong>Per\u00edodo de inscri\u00e7\u00f5es:<\/strong> at\u00e9 24\/11<\/li>\n\n\n\n<li><strong>Data da prova<\/strong>: 14\/12<\/li>\n\n\n\n<li><strong>Vagas:<\/strong> 31 + CR<\/li>\n\n\n\n<li><strong>Sal\u00e1rio inicial:<\/strong> R$ 2.044,07 a R$ 24.252,19<\/li>\n\n\n\n<li><strong>Edital:<\/strong> <a href=\"https:\/\/dhg1h5j42swfq.cloudfront.net\/2025\/10\/27185340\/edital-01-1.pdf?utm_source=google&amp;utm_medium=cpc&amp;utm_campaign=ec-adm-vd-gsh-pssibge-web-151025\" target=\"_blank\" rel=\"noreferrer noopener nofollow\">Edital 01\/2025<\/a>&nbsp;|&nbsp;<a href=\"https:\/\/dhg1h5j42swfq.cloudfront.net\/2025\/10\/27185328\/edital-02.pdf?utm_source=google&amp;utm_medium=cpc&amp;utm_campaign=ec-adm-vd-gsh-pssibge-web-151025\" target=\"_blank\" rel=\"noreferrer noopener nofollow\">Edital 02\/2025<\/a><\/li>\n<\/ul>\n\n\n\n<h3 class=\"wp-block-heading\" id=\"h-prefeitura-de-betim-mg\"><a href=\"https:\/\/www.estrategiaconcursos.com.br\/blog\/concurso-prefeitura-betim\/\" target=\"_blank\" rel=\"noreferrer noopener\">Prefeitura de Betim<\/a> (MG)<\/h3>\n\n\n\n<ul class=\"wp-block-list\">\n<li><strong>Banca:<\/strong> IBGP<\/li>\n\n\n\n<li><strong>Per\u00edodo de inscri\u00e7\u00f5es:<\/strong> 02\/01 a 02\/02\/2026<\/li>\n\n\n\n<li><strong>Data da prova<\/strong>: 22\/03\/2026<\/li>\n\n\n\n<li><strong>Vagas:<\/strong> 781<\/li>\n\n\n\n<li><strong>Sal\u00e1rio inicial:<\/strong> R$ 1.669,46 a R$ 5.953,88<\/li>\n\n\n\n<li><strong>Edital:<\/strong> <a href=\"https:\/\/dhg1h5j42swfq.cloudfront.net\/2025\/10\/28113403\/00-edital-no-01-2025-concurso-da-educacao-betim-mg-oficial-envio.pdf?utm_source=google&amp;utm_medium=cpc&amp;utm_campaign=ec-adm-vd-gsh-pssibge-web-151025\" target=\"_blank\" rel=\"noreferrer noopener nofollow\">Betim 2025<\/a><\/li>\n<\/ul>\n\n\n\n<h3 class=\"wp-block-heading\" id=\"h-prefeitura-de-santa-gertrudes-sp\"><a href=\"https:\/\/www.estrategiaconcursos.com.br\/blog\/concurso-prefeitura-santa-gertrudes\/\" target=\"_blank\" rel=\"noreferrer noopener\">Prefeitura de Santa Gertrudes<\/a> (SP)<\/h3>\n\n\n\n<ul class=\"wp-block-list\">\n<li><strong>Banca:<\/strong> Instituto Mais<\/li>\n\n\n\n<li><strong>Per\u00edodo de inscri\u00e7\u00f5es:<\/strong> 03\/11 a 11\/12<\/li>\n\n\n\n<li><strong>Data da prova<\/strong>: 01\/02\/2026<\/li>\n\n\n\n<li><strong>Vagas:<\/strong> 20 + CR<\/li>\n\n\n\n<li><strong>Sal\u00e1rio inicial:<\/strong> R$ 1.729,01 a R$ 4.648,11<\/li>\n\n\n\n<li><strong>Edital:<\/strong> <a href=\"https:\/\/dhg1h5j42swfq.cloudfront.net\/2025\/10\/28144942\/pm-sgertrudes_cp-01-25_edital-de-abertura.pdf?utm_source=google&amp;utm_medium=cpc&amp;utm_campaign=ec-adm-vd-gsh-pssibge-web-151025\" target=\"_blank\" rel=\"noreferrer noopener nofollow\">Edital 01<\/a>&nbsp;\u2013&nbsp;<a href=\"https:\/\/dhg1h5j42swfq.cloudfront.net\/2025\/10\/28145657\/pm-sgertrudes_cp-02-25_edital-de-abertura.pdf?utm_source=google&amp;utm_medium=cpc&amp;utm_campaign=ec-adm-vd-gsh-pssibge-web-151025\" target=\"_blank\" rel=\"noreferrer noopener nofollow\">Edital 02<\/a><\/li>\n<\/ul>\n\n\n\n<h3 class=\"wp-block-heading\" id=\"h-prefeitura-de-cascavel-pr\"><a href=\"https:\/\/www.estrategiaconcursos.com.br\/blog\/concurso-prefeitura-cascavel-pr\/\" target=\"_blank\" rel=\"noreferrer noopener\">Prefeitura de Cascavel<\/a> (PR)<\/h3>\n\n\n\n<ul class=\"wp-block-list\">\n<li><strong>Banca:<\/strong> Fafipa<\/li>\n\n\n\n<li><strong>Per\u00edodo de inscri\u00e7\u00f5es:<\/strong> at\u00e9 25\/11<\/li>\n\n\n\n<li><strong>Data da prova<\/strong>: 14\/12<\/li>\n\n\n\n<li><strong>Vagas:<\/strong> 109 + CR<\/li>\n\n\n\n<li><strong>Sal\u00e1rio inicial:<\/strong>&nbsp;R$ 1.902,87 a R$ 13.201,61<\/li>\n\n\n\n<li><strong>Edital:<\/strong> <a href=\"https:\/\/dhg1h5j42swfq.cloudfront.net\/2025\/10\/29115608\/fd896e31-0d6c-4b0e-a8b2-9b656a80e191.pdf?utm_source=google&amp;utm_medium=cpc&amp;utm_campaign=ec-tc-vd-gsh-tcu-semesp-180625\" target=\"_blank\" rel=\"noreferrer noopener nofollow\">Cascavel 2025<\/a><\/li>\n<\/ul>\n\n\n\n<h3 class=\"wp-block-heading\" id=\"h-prefeitura-de-marmeleiro-pr\"><a href=\"https:\/\/www.estrategiaconcursos.com.br\/blog\/concurso-prefeitura-marmeleiro\/\" target=\"_blank\" rel=\"noreferrer noopener\">Prefeitura de Marmeleiro<\/a> (PR)<\/h3>\n\n\n\n<ul class=\"wp-block-list\">\n<li><strong>Banca:<\/strong> FAU<\/li>\n\n\n\n<li><strong>Per\u00edodo de inscri\u00e7\u00f5es:<\/strong> 03 a 30\/11<\/li>\n\n\n\n<li><strong>Data da prova<\/strong>: 01\/02\/2026<\/li>\n\n\n\n<li><strong>Vagas:<\/strong> 138 + CR<\/li>\n\n\n\n<li><strong>Sal\u00e1rio inicial:<\/strong> R$ 1.630,83 a R$ 13.218,35<\/li>\n\n\n\n<li><strong>Edital:<\/strong> <a href=\"https:\/\/dhg1h5j42swfq.cloudfront.net\/2025\/10\/29095816\/edital_concurso_publico_marmeleiro_1.pdf?utm_source=google&amp;utm_medium=cpc&amp;utm_campaign=ec-tc-vd-gsh-tcu-semesp-180625\" target=\"_blank\" rel=\"noreferrer noopener nofollow\">Marmeleiro 2025<\/a><\/li>\n<\/ul>\n\n\n\n<h3 class=\"wp-block-heading\" id=\"h-pre-feitura-de-joaquim-tavora-pr\"><a href=\"https:\/\/www.estrategiaconcursos.com.br\/blog\/concurso-prefeitura-joaquim-tavora\/\" target=\"_blank\" rel=\"noreferrer noopener\">Pre<\/a><a href=\"https:\/\/www.estrategiaconcursos.com.br\/blog\/concurso-prefeitura-joaquim-tavora\/\">feitura de Joaquim T\u00e1vora<\/a> (PR)<\/h3>\n\n\n\n<ul class=\"wp-block-list\">\n<li><strong>Banca:<\/strong> Fafipa<\/li>\n\n\n\n<li><strong>Per\u00edodo de inscri\u00e7\u00f5es:<\/strong> 05\/11 a 07\/12<\/li>\n\n\n\n<li><strong>Data da prova<\/strong>: 18\/01\/2026<\/li>\n\n\n\n<li><strong>Vagas:<\/strong> 16 + CR<\/li>\n\n\n\n<li><strong>Sal\u00e1rio inicial:<\/strong> R$ 1.518,00 a R$ 10.684,41<\/li>\n\n\n\n<li><strong>Edital:<\/strong>&nbsp;<a href=\"https:\/\/dhg1h5j42swfq.cloudfront.net\/2025\/10\/31152116\/joaquim-tavora.pdf?utm_source=google&amp;utm_medium=cpc&amp;utm_campaign=ec-tc-vd-gsh-tcu-semesp-180625\" target=\"_blank\" rel=\"noreferrer noopener nofollow\">Joaquim T\u00e1vora 2025<\/a><\/li>\n<\/ul>\n\n\n\n<h3 class=\"wp-block-heading\" id=\"h-prefeitura-de-lindolfo-collor-rs\"><a href=\"https:\/\/www.estrategiaconcursos.com.br\/blog\/concurso-prefeitura-lindolfo-collor\/\" target=\"_blank\" rel=\"noreferrer noopener\">Prefeitura de Lindolfo Collor<\/a> (RS)<\/h3>\n\n\n\n<ul class=\"wp-block-list\">\n<li><strong>Banca:<\/strong> HC Assessoria<\/li>\n\n\n\n<li><strong>Per\u00edodo de inscri\u00e7\u00f5es:<\/strong> at\u00e9 26\/11<\/li>\n\n\n\n<li><strong>Data da prova<\/strong>: 07\/12<\/li>\n\n\n\n<li><strong>Vagas:<\/strong> CR<\/li>\n\n\n\n<li><strong>Sal\u00e1rio inicial:<\/strong> R$ 2.570,00 a R$ 7.980,00<\/li>\n\n\n\n<li><strong>Edital:<\/strong> <a href=\"https:\/\/dhg1h5j42swfq.cloudfront.net\/2025\/10\/31142705\/edital-lindolfo-collor.pdf?utm_source=google&amp;utm_medium=cpc&amp;utm_campaign=ec-tc-vd-gsh-tcu-semesp-180625\" target=\"_blank\" rel=\"noreferrer noopener nofollow\">Lindolfo Collor 2025<\/a><\/li>\n<\/ul>\n\n\n\n<h3 class=\"wp-block-heading\" id=\"h-prefeitura-de-senador-canedo-go\"><a href=\"https:\/\/www.estrategiaconcursos.com.br\/blog\/concurso-prefeitura-de-senador-canedo\/\" target=\"_blank\" rel=\"noreferrer noopener\">Prefeitura de Senador Canedo<\/a> (GO)<\/h3>\n\n\n\n<ul class=\"wp-block-list\">\n<li><strong>Banca:<\/strong> Instituto Verbena\/UFG<\/li>\n\n\n\n<li><strong>Per\u00edodo de inscri\u00e7\u00f5es:<\/strong> 15\/12 a 15\/01\/2026<\/li>\n\n\n\n<li><strong>Data da prova<\/strong>: 22\/02 e 01\/03\/2026<\/li>\n\n\n\n<li><strong>Vagas:<\/strong> 1.505 + 4.515<\/li>\n\n\n\n<li><strong>Sal\u00e1rio inicial:<\/strong> &nbsp;R$ 1.796,93 a R$ 9.929,68<\/li>\n\n\n\n<li><strong>Edital:<\/strong> <a href=\"https:\/\/dhg1h5j42swfq.cloudfront.net\/2025\/10\/30132109\/edital_de_abertura_senador_canedo-1.pdf?utm_source=google&amp;utm_medium=cpc&amp;utm_campaign=ec-tc-vd-gsh-tcu-semesp-180625\" target=\"_blank\" rel=\"noreferrer noopener nofollow\">Prefeitura de Senador Canedo 2025<\/a><\/li>\n<\/ul>\n\n\n\n<h3 class=\"wp-block-heading\" id=\"h-prefeitura-de-aragarcas-go\"><a href=\"https:\/\/www.estrategiaconcursos.com.br\/blog\/concurso-prefeitura-aragarcas\/\" target=\"_blank\" rel=\"noreferrer noopener\">Prefeitura de Aragar\u00e7as<\/a> (GO)<\/h3>\n\n\n\n<ul class=\"wp-block-list\">\n<li><strong>Banca:<\/strong> Itame<\/li>\n\n\n\n<li><strong>Per\u00edodo de inscri\u00e7\u00f5es:<\/strong> 03\/12 a 06\/01\/2026<\/li>\n\n\n\n<li><strong>Data da prova<\/strong>: 08\/03\/2026<\/li>\n\n\n\n<li><strong>Vagas:<\/strong> 82 + 323 CR<\/li>\n\n\n\n<li><strong>Sal\u00e1rio inicial:<\/strong> R$ 1.518,00 a R$ 3.435,30<\/li>\n\n\n\n<li><strong>Edital:<\/strong> <a href=\"https:\/\/dhg1h5j42swfq.cloudfront.net\/2025\/10\/29210655\/0f427fd3-a412-4ed7-af13-9ba746a4332d.pdf?utm_source=google&amp;utm_medium=cpc&amp;utm_campaign=ec-tc-vd-gsh-tcu-semesp-180625\" target=\"_blank\" rel=\"noreferrer noopener nofollow\">Aragar\u00e7as 2025<\/a><\/li>\n<\/ul>\n\n\n\n<h3 class=\"wp-block-heading\" id=\"h-prefeitura-de-barbosa-sp\"><a href=\"https:\/\/www.estrategiaconcursos.com.br\/blog\/concurso-prefeitura-barbosa\/\" target=\"_blank\" rel=\"noreferrer noopener\">Prefeitura de Barbosa<\/a> (SP)<\/h3>\n\n\n\n<ul class=\"wp-block-list\">\n<li><strong>Banca:<\/strong> F\u00eanix Assessoria<\/li>\n\n\n\n<li><strong>Per\u00edodo de inscri\u00e7\u00f5es:<\/strong> at\u00e9 13\/11<\/li>\n\n\n\n<li><strong>Data da prova<\/strong>: 07\/12<\/li>\n\n\n\n<li><strong>Vagas:<\/strong> 12 + CR<\/li>\n\n\n\n<li><strong>Sal\u00e1rio inicial:<\/strong> R$ 1.965,12 a R$ 4.336,81<\/li>\n\n\n\n<li><strong>Edital:<\/strong> <a href=\"https:\/\/dhg1h5j42swfq.cloudfront.net\/2025\/10\/30193537\/c6ea20e6c1aba72639c5ae9df84b9ead.pdf?utm_source=google&amp;utm_medium=cpc&amp;utm_campaign=ec-tc-vd-gsh-tcu-semesp-180625\" target=\"_blank\" rel=\"noreferrer noopener nofollow\">Barbosa SP 2025<\/a><\/li>\n<\/ul>\n\n\n\n<h3 class=\"wp-block-heading\" id=\"h-prefeitura-de-craibas-al\"><a href=\"https:\/\/www.estrategiaconcursos.com.br\/blog\/concurso-prefeitura-craibas\/\" target=\"_blank\" rel=\"noreferrer noopener\">Prefeitura de Cra\u00edbas<\/a> (AL)<\/h3>\n\n\n\n<ul class=\"wp-block-list\">\n<li><strong>Banca:<\/strong> Igeduc<\/li>\n\n\n\n<li><strong>Per\u00edodo de inscri\u00e7\u00f5es:<\/strong> at\u00e9 30\/11<\/li>\n\n\n\n<li><strong>Data da prova<\/strong>: 21\/12<\/li>\n\n\n\n<li><strong>Vagas:<\/strong> 278<\/li>\n\n\n\n<li><strong>Sal\u00e1rio inicial:<\/strong> R$ 1.518,00 a R$ 3.500,00<\/li>\n\n\n\n<li><strong>Edital:<\/strong> <a href=\"https:\/\/dhg1h5j42swfq.cloudfront.net\/2025\/10\/30190956\/524f3bf0-f957-46d2-a3f6-a269ad37a23f.pdf?utm_source=google&amp;utm_medium=cpc&amp;utm_campaign=ec-tc-vd-gsh-tcu-semesp-180625\" target=\"_blank\" rel=\"noreferrer noopener nofollow\">Cra\u00edbas AL 2025<\/a><\/li>\n<\/ul>\n\n\n\n<h3 class=\"wp-block-heading\" id=\"h-prefeitura-de-vere-pr\"><a href=\"https:\/\/www.estrategiaconcursos.com.br\/blog\/concurso-prefeitura-vere\/\" target=\"_blank\" rel=\"noreferrer noopener\">Prefeitura de Ver\u00ea<\/a> (PR)<\/h3>\n\n\n\n<ul class=\"wp-block-list\">\n<li><strong>Banca:<\/strong> Fau Concursos<\/li>\n\n\n\n<li><strong>Per\u00edodo de inscri\u00e7\u00f5es:<\/strong> 03\/11 a 02\/12<\/li>\n\n\n\n<li><strong>Data da prova<\/strong>: 08\/02\/2026<\/li>\n\n\n\n<li><strong>Vagas:<\/strong> 81 + CR<\/li>\n\n\n\n<li><strong>Sal\u00e1rio inicial:<\/strong> R$ 1.556,73 a R$ 14.363,13<\/li>\n\n\n\n<li><strong>Edital:<\/strong>&nbsp;<a href=\"https:\/\/dhg1h5j42swfq.cloudfront.net\/2025\/10\/29194218\/edital_concurso_publico_vere_-1.pdf?utm_source=google&amp;utm_medium=cpc&amp;utm_campaign=ec-tc-vd-gsh-tcu-semesp-180625\" target=\"_blank\" rel=\"noreferrer noopener nofollow\">Ver\u00ea 2025<\/a><\/li>\n<\/ul>\n\n\n\n<h3 class=\"wp-block-heading has-text-align-center\" id=\"h-quer-ficar-por-dentro-de-mais-informacoes-sobre-o-mundo-dos-concursos-alem-dos-editais-da-semana-entao-confira-as-principais-noticias-do-dia\"><em>Quer ficar por dentro de mais informa\u00e7\u00f5es sobre o mundo dos concursos, al\u00e9m dos editais da semana? Ent\u00e3o confira as principais not\u00edcias do dia!<\/em><\/h3>\n\n\n\n<p class=\"has-text-align-center has-background\" style=\"background-color:#ededed;font-size:clamp(14.642px, 0.915rem + ((1vw - 3.2px) * 0.721), 22px);px\"><strong><a href=\"https:\/\/www.estrategiaconcursos.com.br\/blog\/principais-noticias-do-dia\/\" target=\"_blank\" rel=\"noreferrer noopener\">Principais not\u00edcias do dia<\/a><\/strong><\/p>\n\n\n\n<div class=\"container\" id=\"boxes\">\r\n  <div class=\"row\">\r\n\r\n    <div class=\"col-sm\">\r\n      <div class=\"estrategia\" id=\"box-assinatura\">\r\n        <h3 class=\"titulo-assinatura\">Assinatura Concursos<\/h3>\r\n        <p class=\"subtitulo-assinatura\">Assinatura de 1 ano ou 2 anos<\/p>\r\n        <div class=\"box-botao\">\r\n          <a class=\"btn-assinatura\" target=\"_blank\" href=\"https:\/\/www.estrategiaconcursos.com.br\/assinaturas\/\" role=\"button\" rel=\"noopener noreferrer\">ASSINE AGORA<\/a>\r\n        <\/div>\r\n      <\/div><\/div><\/div><\/div>\n\n\n\n<h2 class=\"wp-block-heading has-text-align-center\" id=\"h-quer-saber-tudo-sobre-concursos-previstos-e-editais-da-semana-confira-os-nossos-artigos\">Quer saber tudo sobre concursos previstos e editais da semana?<br \/>Confira os nossos artigos!<\/h2>\n\n\n\n<ul class=\"wp-block-list\">\n<li><a href=\"https:\/\/www.estrategiaconcursos.com.br\/blog\/concursos-abertos\/\" target=\"_blank\" rel=\"noreferrer noopener\">Concursos Abertos<\/a><\/li>\n\n\n\n<li><a href=\"https:\/\/www.estrategiaconcursos.com.br\/blog\/concursos-prefeitura\/\" target=\"_blank\" rel=\"noreferrer noopener\">Concursos Abertos Prefeitura<\/a><\/li>\n\n\n\n<li><a href=\"https:\/\/www.estrategiaconcursos.com.br\/blog\/concursos-2025\/\" target=\"_blank\" rel=\"noreferrer noopener\">Concursos 2025<\/a><\/li>\n\n\n\n<li><a href=\"https:\/\/www.estrategiaconcursos.com.br\/blog\/concursos-2026\/\" target=\"_blank\" rel=\"noreferrer noopener\">Concursos 2026<\/a><\/li>\n<\/ul>\n","protected":false},"excerpt":{"rendered":"<p>Mais um m\u00eas de 2025 est\u00e1 oficialmente se encerrando e, com ele, uma semana recheada de novos editais de concursos p\u00fablicos e diversas vagas foi a protagonista deste finalzinho de outubro. Ao todo, foram publicados 26 novos editais com 13.069 oportunidades imediatas e de cadastro reserva, revelando a alta import\u00e2ncia dos \u00faltimos dias no mundo [&hellip;]<\/p>\n","protected":false},"author":2692,"featured_media":1445265,"comment_status":"open","ping_status":"closed","sticky":false,"template":"","format":"standard","meta":{"post_tipo":"news","footnotes":""},"categories":[1,220219],"tags":[],"tax_estado":[219963],"class_list":["post-1661481","post","type-post","status-publish","format-standard","has-post-thumbnail","hentry","category-cursos-e-concursos","category-noticias","tax_estado-concursos-federais"],"acf":[],"yoast_head":"<!-- This site is optimized with the Yoast SEO Premium plugin v27.2 (Yoast SEO v27.2) - https:\/\/yoast.com\/product\/yoast-seo-premium-wordpress\/ -->\n<title>Concursos P\u00fablicos: 26 editais esta semana; 13 mil vagas!<\/title>\n<meta name=\"description\" content=\"Concurso P\u00fablico 2025: 26 editais sa\u00edram ao longo desta semana (27 a 31\/10). Confira o n\u00famero de oportunidades, remunera\u00e7\u00e3o e datas.\" \/>\n<meta name=\"robots\" content=\"index, follow, max-snippet:-1, max-image-preview:large, max-video-preview:-1\" \/>\n<link rel=\"canonical\" href=\"https:\/\/www.estrategiaconcursos.com.br\/blog\/concurso-editais-semana-27-a-30-10\/\" \/>\n<meta property=\"og:locale\" content=\"pt_BR\" \/>\n<meta property=\"og:type\" content=\"article\" \/>\n<meta property=\"og:title\" content=\"Concursos P\u00fablicos: 26 editais esta semana; 13 mil vagas!\" \/>\n<meta property=\"og:description\" content=\"Concurso P\u00fablico 2025: 26 editais sa\u00edram ao longo desta semana (27 a 31\/10). Confira o n\u00famero de oportunidades, remunera\u00e7\u00e3o e datas.\" \/>\n<meta property=\"og:url\" content=\"https:\/\/www.estrategiaconcursos.com.br\/blog\/concurso-editais-semana-27-a-30-10\/\" \/>\n<meta property=\"og:site_name\" content=\"Estrat\u00e9gia Concursos\" \/>\n<meta property=\"article:published_time\" content=\"2025-10-31T21:00:00+00:00\" \/>\n<meta property=\"article:modified_time\" content=\"2025-12-12T21:20:25+00:00\" \/>\n<meta property=\"og:image\" content=\"https:\/\/dhg1h5j42swfq.cloudfront.net\/2024\/08\/14120803\/concursos-2025-1.png\" \/>\n\t<meta property=\"og:image:width\" content=\"692\" \/>\n\t<meta property=\"og:image:height\" content=\"393\" \/>\n\t<meta property=\"og:image:type\" content=\"image\/png\" \/>\n<meta name=\"author\" content=\"Ronaldo Scanavini Neto\" \/>\n<meta name=\"twitter:card\" content=\"summary_large_image\" \/>\n<meta name=\"twitter:creator\" content=\"@EstratConcursos\" \/>\n<meta name=\"twitter:site\" content=\"@EstratConcursos\" \/>\n<meta name=\"twitter:label1\" content=\"Escrito por\" \/>\n\t<meta name=\"twitter:data1\" content=\"Ronaldo Scanavini Neto\" \/>\n\t<meta name=\"twitter:label2\" content=\"Est. tempo de leitura\" \/>\n\t<meta name=\"twitter:data2\" content=\"5 minutos\" \/>\n<script type=\"application\/ld+json\" class=\"yoast-schema-graph\">{\"@context\":\"https:\/\/schema.org\",\"@graph\":[{\"@type\":\"NewsArticle\",\"@id\":\"https:\/\/www.estrategiaconcursos.com.br\/blog\/concurso-editais-semana-27-a-30-10\/#article\",\"isPartOf\":{\"@id\":\"https:\/\/www.estrategiaconcursos.com.br\/blog\/concurso-editais-semana-27-a-30-10\/\"},\"author\":{\"name\":\"Ronaldo Scanavini Neto\",\"@id\":\"https:\/\/www.estrategiaconcursos.com.br\/blog\/#\/schema\/person\/70c2ad4297aa24ff8815b08215b23a76\"},\"headline\":\"Concursos P\u00fablicos: 26 editais esta semana; 13 mil vagas!\",\"datePublished\":\"2025-10-31T21:00:00+00:00\",\"dateModified\":\"2025-12-12T21:20:25+00:00\",\"mainEntityOfPage\":{\"@id\":\"https:\/\/www.estrategiaconcursos.com.br\/blog\/concurso-editais-semana-27-a-30-10\/\"},\"wordCount\":949,\"commentCount\":0,\"publisher\":{\"@id\":\"https:\/\/www.estrategiaconcursos.com.br\/blog\/#organization\"},\"image\":{\"@id\":\"https:\/\/www.estrategiaconcursos.com.br\/blog\/concurso-editais-semana-27-a-30-10\/#primaryimage\"},\"thumbnailUrl\":\"https:\/\/dhg1h5j42swfq.cloudfront.net\/2024\/08\/14120803\/concursos-2025-1.png\",\"articleSection\":[\"Concursos P\u00fablicos\",\"\u00daltimas not\u00edcias\"],\"inLanguage\":\"pt-BR\",\"potentialAction\":[{\"@type\":\"CommentAction\",\"name\":\"Comment\",\"target\":[\"https:\/\/www.estrategiaconcursos.com.br\/blog\/concurso-editais-semana-27-a-30-10\/#respond\"]}],\"copyrightYear\":\"2025\",\"copyrightHolder\":{\"@id\":\"https:\/\/www.estrategiaconcursos.com.br\/blog\/#organization\"}},{\"@type\":\"WebPage\",\"@id\":\"https:\/\/www.estrategiaconcursos.com.br\/blog\/concurso-editais-semana-27-a-30-10\/\",\"url\":\"https:\/\/www.estrategiaconcursos.com.br\/blog\/concurso-editais-semana-27-a-30-10\/\",\"name\":\"Concursos P\u00fablicos: 26 editais esta semana; 13 mil vagas!\",\"isPartOf\":{\"@id\":\"https:\/\/www.estrategiaconcursos.com.br\/blog\/#website\"},\"primaryImageOfPage\":{\"@id\":\"https:\/\/www.estrategiaconcursos.com.br\/blog\/concurso-editais-semana-27-a-30-10\/#primaryimage\"},\"image\":{\"@id\":\"https:\/\/www.estrategiaconcursos.com.br\/blog\/concurso-editais-semana-27-a-30-10\/#primaryimage\"},\"thumbnailUrl\":\"https:\/\/dhg1h5j42swfq.cloudfront.net\/2024\/08\/14120803\/concursos-2025-1.png\",\"datePublished\":\"2025-10-31T21:00:00+00:00\",\"dateModified\":\"2025-12-12T21:20:25+00:00\",\"description\":\"Concurso P\u00fablico 2025: 26 editais sa\u00edram ao longo desta semana (27 a 31\/10). Confira o n\u00famero de oportunidades, remunera\u00e7\u00e3o e datas.\",\"breadcrumb\":{\"@id\":\"https:\/\/www.estrategiaconcursos.com.br\/blog\/concurso-editais-semana-27-a-30-10\/#breadcrumb\"},\"inLanguage\":\"pt-BR\",\"potentialAction\":[{\"@type\":\"ReadAction\",\"target\":[\"https:\/\/www.estrategiaconcursos.com.br\/blog\/concurso-editais-semana-27-a-30-10\/\"]}]},{\"@type\":\"ImageObject\",\"inLanguage\":\"pt-BR\",\"@id\":\"https:\/\/www.estrategiaconcursos.com.br\/blog\/concurso-editais-semana-27-a-30-10\/#primaryimage\",\"url\":\"https:\/\/dhg1h5j42swfq.cloudfront.net\/2024\/08\/14120803\/concursos-2025-1.png\",\"contentUrl\":\"https:\/\/dhg1h5j42swfq.cloudfront.net\/2024\/08\/14120803\/concursos-2025-1.png\",\"width\":692,\"height\":393,\"caption\":\"concursos 2025\"},{\"@type\":\"BreadcrumbList\",\"@id\":\"https:\/\/www.estrategiaconcursos.com.br\/blog\/concurso-editais-semana-27-a-30-10\/#breadcrumb\",\"itemListElement\":[{\"@type\":\"ListItem\",\"position\":1,\"name\":\"In\u00edcio\",\"item\":\"https:\/\/www.estrategiaconcursos.com.br\/blog\/\"},{\"@type\":\"ListItem\",\"position\":2,\"name\":\"Concursos P\u00fablicos: 26 editais esta semana; 13 mil vagas!\"}]},{\"@type\":\"WebSite\",\"@id\":\"https:\/\/www.estrategiaconcursos.com.br\/blog\/#website\",\"url\":\"https:\/\/www.estrategiaconcursos.com.br\/blog\/\",\"name\":\"Estrat\u00e9gia Concursos\",\"description\":\"O blog da Estrat\u00e9gia Concursos traz not\u00edcias sobre concursos e artigos de professores oferecendo cursos para concursos (pdf + videaulas) no site.\",\"publisher\":{\"@id\":\"https:\/\/www.estrategiaconcursos.com.br\/blog\/#organization\"},\"potentialAction\":[{\"@type\":\"SearchAction\",\"target\":{\"@type\":\"EntryPoint\",\"urlTemplate\":\"https:\/\/www.estrategiaconcursos.com.br\/blog\/?s={search_term_string}\"},\"query-input\":{\"@type\":\"PropertyValueSpecification\",\"valueRequired\":true,\"valueName\":\"search_term_string\"}}],\"inLanguage\":\"pt-BR\"},{\"@type\":\"Organization\",\"@id\":\"https:\/\/www.estrategiaconcursos.com.br\/blog\/#organization\",\"name\":\"Estrat\u00e9gia Concursos\",\"url\":\"https:\/\/www.estrategiaconcursos.com.br\/blog\/\",\"logo\":{\"@type\":\"ImageObject\",\"inLanguage\":\"pt-BR\",\"@id\":\"https:\/\/www.estrategiaconcursos.com.br\/blog\/#\/schema\/logo\/image\/\",\"url\":\"https:\/\/dhg1h5j42swfq.cloudfront.net\/2025\/06\/03203428\/logo_concursos-1.jpg\",\"contentUrl\":\"https:\/\/dhg1h5j42swfq.cloudfront.net\/2025\/06\/03203428\/logo_concursos-1.jpg\",\"width\":230,\"height\":60,\"caption\":\"Estrat\u00e9gia Concursos\"},\"image\":{\"@id\":\"https:\/\/www.estrategiaconcursos.com.br\/blog\/#\/schema\/logo\/image\/\"},\"sameAs\":[\"https:\/\/x.com\/EstratConcursos\"]},{\"@type\":\"Person\",\"@id\":\"https:\/\/www.estrategiaconcursos.com.br\/blog\/#\/schema\/person\/70c2ad4297aa24ff8815b08215b23a76\",\"name\":\"Ronaldo Scanavini Neto\",\"image\":{\"@type\":\"ImageObject\",\"inLanguage\":\"pt-BR\",\"@id\":\"https:\/\/secure.gravatar.com\/avatar\/f93d8e56fe264596e94aee6b3feb737d98ad0fc5bac7eb0a245f04723c5c8f21?s=96&d=mm&r=g\",\"url\":\"https:\/\/secure.gravatar.com\/avatar\/f93d8e56fe264596e94aee6b3feb737d98ad0fc5bac7eb0a245f04723c5c8f21?s=96&d=mm&r=g\",\"contentUrl\":\"https:\/\/secure.gravatar.com\/avatar\/f93d8e56fe264596e94aee6b3feb737d98ad0fc5bac7eb0a245f04723c5c8f21?s=96&d=mm&r=g\",\"caption\":\"Ronaldo Scanavini Neto\"},\"description\":\"Graduando em Comunica\u00e7\u00e3o Social \u2013 Jornalismo pela Universidade Federal de Vi\u00e7osa (UFV). Integra a equipe de jornalismo do Estrat\u00e9gia Concursos desde 2023, atuando com \u00eanfase na cobertura da \u00e1rea fiscal. Tamb\u00e9m realiza a apura\u00e7\u00e3o e produ\u00e7\u00e3o de not\u00edcias sobre concursos federais, \u00f3rg\u00e3os participantes do CNU e das \u00e1reas de controle, gest\u00e3o, engenharia, Exame CFC, comunica\u00e7\u00e3o social TI e \u00e1rea de concursos administrativos.\",\"url\":\"https:\/\/www.estrategiaconcursos.com.br\/blog\/author\/ronaldo-netoestrategia-com\/\"}]}<\/script>\n<!-- \/ Yoast SEO Premium plugin. -->","yoast_head_json":{"title":"Concursos P\u00fablicos: 26 editais esta semana; 13 mil vagas!","description":"Concurso P\u00fablico 2025: 26 editais sa\u00edram ao longo desta semana (27 a 31\/10). Confira o n\u00famero de oportunidades, remunera\u00e7\u00e3o e datas.","robots":{"index":"index","follow":"follow","max-snippet":"max-snippet:-1","max-image-preview":"max-image-preview:large","max-video-preview":"max-video-preview:-1"},"canonical":"https:\/\/www.estrategiaconcursos.com.br\/blog\/concurso-editais-semana-27-a-30-10\/","og_locale":"pt_BR","og_type":"article","og_title":"Concursos P\u00fablicos: 26 editais esta semana; 13 mil vagas!","og_description":"Concurso P\u00fablico 2025: 26 editais sa\u00edram ao longo desta semana (27 a 31\/10). Confira o n\u00famero de oportunidades, remunera\u00e7\u00e3o e datas.","og_url":"https:\/\/www.estrategiaconcursos.com.br\/blog\/concurso-editais-semana-27-a-30-10\/","og_site_name":"Estrat\u00e9gia Concursos","article_published_time":"2025-10-31T21:00:00+00:00","article_modified_time":"2025-12-12T21:20:25+00:00","og_image":[{"width":692,"height":393,"url":"https:\/\/dhg1h5j42swfq.cloudfront.net\/2024\/08\/14120803\/concursos-2025-1.png","type":"image\/png"}],"author":"Ronaldo Scanavini Neto","twitter_card":"summary_large_image","twitter_creator":"@EstratConcursos","twitter_site":"@EstratConcursos","twitter_misc":{"Escrito por":"Ronaldo Scanavini Neto","Est. tempo de leitura":"5 minutos"},"schema":{"@context":"https:\/\/schema.org","@graph":[{"@type":"NewsArticle","@id":"https:\/\/www.estrategiaconcursos.com.br\/blog\/concurso-editais-semana-27-a-30-10\/#article","isPartOf":{"@id":"https:\/\/www.estrategiaconcursos.com.br\/blog\/concurso-editais-semana-27-a-30-10\/"},"author":{"name":"Ronaldo Scanavini Neto","@id":"https:\/\/www.estrategiaconcursos.com.br\/blog\/#\/schema\/person\/70c2ad4297aa24ff8815b08215b23a76"},"headline":"Concursos P\u00fablicos: 26 editais esta semana; 13 mil vagas!","datePublished":"2025-10-31T21:00:00+00:00","dateModified":"2025-12-12T21:20:25+00:00","mainEntityOfPage":{"@id":"https:\/\/www.estrategiaconcursos.com.br\/blog\/concurso-editais-semana-27-a-30-10\/"},"wordCount":949,"commentCount":0,"publisher":{"@id":"https:\/\/www.estrategiaconcursos.com.br\/blog\/#organization"},"image":{"@id":"https:\/\/www.estrategiaconcursos.com.br\/blog\/concurso-editais-semana-27-a-30-10\/#primaryimage"},"thumbnailUrl":"https:\/\/dhg1h5j42swfq.cloudfront.net\/2024\/08\/14120803\/concursos-2025-1.png","articleSection":["Concursos P\u00fablicos","\u00daltimas not\u00edcias"],"inLanguage":"pt-BR","potentialAction":[{"@type":"CommentAction","name":"Comment","target":["https:\/\/www.estrategiaconcursos.com.br\/blog\/concurso-editais-semana-27-a-30-10\/#respond"]}],"copyrightYear":"2025","copyrightHolder":{"@id":"https:\/\/www.estrategiaconcursos.com.br\/blog\/#organization"}},{"@type":"WebPage","@id":"https:\/\/www.estrategiaconcursos.com.br\/blog\/concurso-editais-semana-27-a-30-10\/","url":"https:\/\/www.estrategiaconcursos.com.br\/blog\/concurso-editais-semana-27-a-30-10\/","name":"Concursos P\u00fablicos: 26 editais esta semana; 13 mil vagas!","isPartOf":{"@id":"https:\/\/www.estrategiaconcursos.com.br\/blog\/#website"},"primaryImageOfPage":{"@id":"https:\/\/www.estrategiaconcursos.com.br\/blog\/concurso-editais-semana-27-a-30-10\/#primaryimage"},"image":{"@id":"https:\/\/www.estrategiaconcursos.com.br\/blog\/concurso-editais-semana-27-a-30-10\/#primaryimage"},"thumbnailUrl":"https:\/\/dhg1h5j42swfq.cloudfront.net\/2024\/08\/14120803\/concursos-2025-1.png","datePublished":"2025-10-31T21:00:00+00:00","dateModified":"2025-12-12T21:20:25+00:00","description":"Concurso P\u00fablico 2025: 26 editais sa\u00edram ao longo desta semana (27 a 31\/10). Confira o n\u00famero de oportunidades, remunera\u00e7\u00e3o e datas.","breadcrumb":{"@id":"https:\/\/www.estrategiaconcursos.com.br\/blog\/concurso-editais-semana-27-a-30-10\/#breadcrumb"},"inLanguage":"pt-BR","potentialAction":[{"@type":"ReadAction","target":["https:\/\/www.estrategiaconcursos.com.br\/blog\/concurso-editais-semana-27-a-30-10\/"]}]},{"@type":"ImageObject","inLanguage":"pt-BR","@id":"https:\/\/www.estrategiaconcursos.com.br\/blog\/concurso-editais-semana-27-a-30-10\/#primaryimage","url":"https:\/\/dhg1h5j42swfq.cloudfront.net\/2024\/08\/14120803\/concursos-2025-1.png","contentUrl":"https:\/\/dhg1h5j42swfq.cloudfront.net\/2024\/08\/14120803\/concursos-2025-1.png","width":692,"height":393,"caption":"concursos 2025"},{"@type":"BreadcrumbList","@id":"https:\/\/www.estrategiaconcursos.com.br\/blog\/concurso-editais-semana-27-a-30-10\/#breadcrumb","itemListElement":[{"@type":"ListItem","position":1,"name":"In\u00edcio","item":"https:\/\/www.estrategiaconcursos.com.br\/blog\/"},{"@type":"ListItem","position":2,"name":"Concursos P\u00fablicos: 26 editais esta semana; 13 mil vagas!"}]},{"@type":"WebSite","@id":"https:\/\/www.estrategiaconcursos.com.br\/blog\/#website","url":"https:\/\/www.estrategiaconcursos.com.br\/blog\/","name":"Estrat\u00e9gia Concursos","description":"O blog da Estrat\u00e9gia Concursos traz not\u00edcias sobre concursos e artigos de professores oferecendo cursos para concursos (pdf + videaulas) no site.","publisher":{"@id":"https:\/\/www.estrategiaconcursos.com.br\/blog\/#organization"},"potentialAction":[{"@type":"SearchAction","target":{"@type":"EntryPoint","urlTemplate":"https:\/\/www.estrategiaconcursos.com.br\/blog\/?s={search_term_string}"},"query-input":{"@type":"PropertyValueSpecification","valueRequired":true,"valueName":"search_term_string"}}],"inLanguage":"pt-BR"},{"@type":"Organization","@id":"https:\/\/www.estrategiaconcursos.com.br\/blog\/#organization","name":"Estrat\u00e9gia Concursos","url":"https:\/\/www.estrategiaconcursos.com.br\/blog\/","logo":{"@type":"ImageObject","inLanguage":"pt-BR","@id":"https:\/\/www.estrategiaconcursos.com.br\/blog\/#\/schema\/logo\/image\/","url":"https:\/\/dhg1h5j42swfq.cloudfront.net\/2025\/06\/03203428\/logo_concursos-1.jpg","contentUrl":"https:\/\/dhg1h5j42swfq.cloudfront.net\/2025\/06\/03203428\/logo_concursos-1.jpg","width":230,"height":60,"caption":"Estrat\u00e9gia Concursos"},"image":{"@id":"https:\/\/www.estrategiaconcursos.com.br\/blog\/#\/schema\/logo\/image\/"},"sameAs":["https:\/\/x.com\/EstratConcursos"]},{"@type":"Person","@id":"https:\/\/www.estrategiaconcursos.com.br\/blog\/#\/schema\/person\/70c2ad4297aa24ff8815b08215b23a76","name":"Ronaldo Scanavini Neto","image":{"@type":"ImageObject","inLanguage":"pt-BR","@id":"https:\/\/secure.gravatar.com\/avatar\/f93d8e56fe264596e94aee6b3feb737d98ad0fc5bac7eb0a245f04723c5c8f21?s=96&d=mm&r=g","url":"https:\/\/secure.gravatar.com\/avatar\/f93d8e56fe264596e94aee6b3feb737d98ad0fc5bac7eb0a245f04723c5c8f21?s=96&d=mm&r=g","contentUrl":"https:\/\/secure.gravatar.com\/avatar\/f93d8e56fe264596e94aee6b3feb737d98ad0fc5bac7eb0a245f04723c5c8f21?s=96&d=mm&r=g","caption":"Ronaldo Scanavini Neto"},"description":"Graduando em Comunica\u00e7\u00e3o Social \u2013 Jornalismo pela Universidade Federal de Vi\u00e7osa (UFV). Integra a equipe de jornalismo do Estrat\u00e9gia Concursos desde 2023, atuando com \u00eanfase na cobertura da \u00e1rea fiscal. Tamb\u00e9m realiza a apura\u00e7\u00e3o e produ\u00e7\u00e3o de not\u00edcias sobre concursos federais, \u00f3rg\u00e3os participantes do CNU e das \u00e1reas de controle, gest\u00e3o, engenharia, Exame CFC, comunica\u00e7\u00e3o social TI e \u00e1rea de concursos administrativos.","url":"https:\/\/www.estrategiaconcursos.com.br\/blog\/author\/ronaldo-netoestrategia-com\/"}]}},"_links":{"self":[{"href":"https:\/\/www.estrategiaconcursos.com.br\/blog\/wp-json\/wp\/v2\/posts\/1661481","targetHints":{"allow":["GET"]}}],"collection":[{"href":"https:\/\/www.estrategiaconcursos.com.br\/blog\/wp-json\/wp\/v2\/posts"}],"about":[{"href":"https:\/\/www.estrategiaconcursos.com.br\/blog\/wp-json\/wp\/v2\/types\/post"}],"author":[{"embeddable":true,"href":"https:\/\/www.estrategiaconcursos.com.br\/blog\/wp-json\/wp\/v2\/users\/2692"}],"replies":[{"embeddable":true,"href":"https:\/\/www.estrategiaconcursos.com.br\/blog\/wp-json\/wp\/v2\/comments?post=1661481"}],"version-history":[{"count":10,"href":"https:\/\/www.estrategiaconcursos.com.br\/blog\/wp-json\/wp\/v2\/posts\/1661481\/revisions"}],"predecessor-version":[{"id":1664111,"href":"https:\/\/www.estrategiaconcursos.com.br\/blog\/wp-json\/wp\/v2\/posts\/1661481\/revisions\/1664111"}],"wp:featuredmedia":[{"embeddable":true,"href":"https:\/\/www.estrategiaconcursos.com.br\/blog\/wp-json\/wp\/v2\/media\/1445265"}],"wp:attachment":[{"href":"https:\/\/www.estrategiaconcursos.com.br\/blog\/wp-json\/wp\/v2\/media?parent=1661481"}],"wp:term":[{"taxonomy":"category","embeddable":true,"href":"https:\/\/www.estrategiaconcursos.com.br\/blog\/wp-json\/wp\/v2\/categories?post=1661481"},{"taxonomy":"post_tag","embeddable":true,"href":"https:\/\/www.estrategiaconcursos.com.br\/blog\/wp-json\/wp\/v2\/tags?post=1661481"},{"taxonomy":"tax_estado","embeddable":true,"href":"https:\/\/www.estrategiaconcursos.com.br\/blog\/wp-json\/wp\/v2\/tax_estado?post=1661481"}],"curies":[{"name":"wp","href":"https:\/\/api.w.org\/{rel}","templated":true}]}}