{"id":1659392,"date":"2025-11-04T17:21:21","date_gmt":"2025-11-04T20:21:21","guid":{"rendered":"https:\/\/www.estrategiaconcursos.com.br\/blog\/?p=1659392"},"modified":"2025-11-04T19:53:19","modified_gmt":"2025-11-04T22:53:19","slug":"cpu-pe-bloco-1","status":"publish","type":"post","link":"https:\/\/www.estrategiaconcursos.com.br\/blog\/cpu-pe-bloco-1\/","title":{"rendered":"CPU PE Bloco 1: s\u00e3o 261 vagas e sal\u00e1rios at\u00e9 R$ 11 mil!"},"content":{"rendered":"\n<p class=\"has-medium-font-size\"><em><strong>O Bloco 1 do CPU PE \u00e9 de cargos com forma\u00e7\u00e3o espec\u00edfica de n\u00edvel superior! <\/strong><\/em><\/p>\n\n\n\n<p>Chegou mais uma \u00f3tima oportunidade para os amantes de concursos p\u00fablicos! Estamos falando do <strong>Bloco 1 <\/strong>do <strong><a href=\"https:\/\/www.estrategiaconcursos.com.br\/cursosPorConcurso\/cpu-pe\/\" target=\"_blank\" rel=\"noreferrer noopener\">Concurso P\u00fablico Unificado do Estado do Pernambuco<\/a> (CPU PE)<\/strong>.<\/p>\n\n\n\n<p>Segundo o edital, s\u00e3o ofertadas <strong>261 vagas imediatas<\/strong> para diversos cargos e especialidades. No entanto, <strong>as carreiras desse grupo exigem forma\u00e7\u00f5es superiores espec\u00edficas<\/strong>, conforme o cargo pretendido.<\/p>\n\n\n\n<p>J\u00e1 os sal\u00e1rios iniciais dos cargos desse bloco alcan\u00e7am valores pra l\u00e1 de atrativos. Estamos falando de remunera\u00e7\u00f5es surpreendentes de <strong>R$ 11,3 mil!<\/strong><\/p>\n\n\n\n<p>J\u00e1 em rela\u00e7\u00e3o \u00e0s inscri\u00e7\u00f5es, diretamente pelo site da banca organizadora, a <a href=\"https:\/\/www.concursosfcc.com.br\/\" target=\"_blank\" rel=\"noreferrer noopener\">Funda\u00e7\u00e3o Carlos Chagas (FCC)<\/a><strong>, o per\u00edodo estar\u00e1 aberto durante os dias 30 de outubro e 28 de novembro<\/strong>, ao custo de <strong>R$ 130,00<\/strong> (superior &#8211; exceto Gestor Governamental) ou <strong>R$ 190,00<\/strong> (superior &#8211; Gestor Governamental).<\/p>\n\n\n\n<p>Ademais, vale lembrar que um dos diferenciais da sele\u00e7\u00e3o \u00e9 que o candidato poder\u00e1 concorrer a <strong>at\u00e9 tr\u00eas cargos <\/strong>simultaneamente, desde que perten\u00e7am a blocos e per\u00edodos de provas diferentes.<\/p>\n\n\n\n<p>Os futuros candidatos ter\u00e3o de enfrentar <strong>provas objetivas e discursivas<\/strong> <strong>nos dias 18 de janeiro<\/strong>. Exclusivamente para Gestor Governamental, tamb\u00e9m haver\u00e1 um Programa de Forma\u00e7\u00e3o Profissional.<\/p>\n\n\n\n<ul class=\"wp-block-list has-very-light-gray-to-cyan-bluish-gray-gradient-background has-background\">\n<li><strong>Concurso Unificado do Estado do Pernambuco &#8211; Bloco 1<\/strong><\/li>\n\n\n\n<li><strong style=\"color: initial;\">Status:&nbsp;<\/strong>inscri\u00e7\u00f5es abertas at\u00e9 28\/11<\/li>\n\n\n\n<li><strong>Banca:<\/strong>&nbsp;<a href=\"https:\/\/www.concursosfcc.com.br\/\" target=\"_blank\" rel=\"noreferrer noopener\">FCC<\/a><\/li>\n\n\n\n<li><strong>Vagas:<\/strong> 261<\/li>\n\n\n\n<li><strong>Sal\u00e1rio inicial:<\/strong>&nbsp;R$ 3.298,0 a R$ 11.359,85<\/li>\n\n\n\n<li><strong>Edital:<\/strong> <a href=\"https:\/\/dhg1h5j42swfq.cloudfront.net\/2025\/10\/09094108\/edital-concurso-unificado-pernambuco-2025-cup-pe-2.pdf\" target=\"_blank\" rel=\"noreferrer noopener nofollow\">Edital CPU PE 2025<\/a><\/li>\n<\/ul>\n\n\n\n<p>Neste artigo voc\u00ea encontra as principais informa\u00e7\u00f5es do Concurso Unificado PE. Acompanhe os t\u00f3picos abaixo e n\u00e3o perca nenhum detalhe:<\/p>\n\n\n\n<ul id=\"indice\" class=\"wp-block-list\">\n<li><strong><a href=\"#datas\">Principais datas<\/a><\/strong><\/li>\n\n\n\n<li><strong><a href=\"#cargos\">Cargos e vagas<\/a><\/strong>\n<ul class=\"wp-block-list\">\n<li><a href=\"#remuneracao\">Remunera\u00e7\u00e3o<\/a><\/li>\n<\/ul>\n<\/li>\n\n\n\n<li><strong><a href=\"#etapas\">Etapas de prova<\/a><\/strong>\n<ul class=\"wp-block-list\">\n<li><a href=\"#objetiva\">Prova objetiva<\/a><\/li>\n\n\n\n<li><a href=\"#discursiva\">Prova discursiva<\/a><\/li>\n\n\n\n<li><a href=\"#formacao\">Programa de forma\u00e7\u00e3o<\/a><\/li>\n<\/ul>\n<\/li>\n\n\n\n<li><a href=\"#cursos\"><strong>Assinatura e cursos<\/strong><\/a><\/li>\n\n\n\n<li><a href=\"#ficha-tecnica\"><strong>Ficha t\u00e9cnica<\/strong><\/a><\/li>\n<\/ul>\n\n\n\n<div class=\"container\" id=\"boxes\">\n  <div class=\"row\">\n\n    <div class=\"col-sm\">\n      <div class=\"banner-estrat-corj\" id=\"box-assinatura\">\n        <h2 class=\"titulo-assinatura\" style=\"text-align: left;\">Concurso Unificado Pernambuco<\/h2>\n        <p class=\"subtitulo-assinatura\" style=\"text-align: left;\">Veja os cursos que te colocam mais perto da aprova\u00e7\u00e3o!<\/p>\n        <div class=\"box-botao\" style=\"text-align: left;\">\n          <a class=\"btn-assinatura\" target=\"_blank\" href=\"https:\/\/www.estrategiaconcursos.com.br\/cursosPorConcurso\/cpu-pe\/\" role=\"button\" rel=\"noopener noreferrer\">CLIQUE AQUI<\/a>\n        <\/div>\n      <\/div><\/div><\/div><\/div>\n\n\n\n<p class=\"has-text-align-center has-pale-cyan-blue-background-color has-background\" style=\"font-size:clamp(14.642px, 0.915rem + ((1vw - 3.2px) * 0.721), 22px);\"><strong>BLOCO 01 &#8211; FORMA\u00c7\u00c3O ESPEC\u00cdFICA DE N\u00cdVEL SUPERIOR<\/strong><\/p>\n\n\n\n<h2 class=\"wp-block-heading\" id=\"datas\">Principais datas do Bloco 1 do CPU PE <\/h2>\n\n\n\n<ul class=\"wp-block-list\">\n<li><strong>Inscri\u00e7\u00f5es:<\/strong> 30 de outubro a 28 de novembro<\/li>\n\n\n\n<li><strong>Isen\u00e7\u00e3o da taxa:<\/strong> 30 de outubro a 03 de novembro<\/li>\n\n\n\n<li><strong>Pagamento da taxa:<\/strong> at\u00e9 1\u00ba de dezembro<\/li>\n\n\n\n<li><strong>Datas das provas:<\/strong> 18 de janeiro de 2026<\/li>\n<\/ul>\n\n\n\n<h2 class=\"wp-block-heading\" id=\"cargos\">Cargos e vagas do Bloco 1 do CPU PE<\/h2>\n\n\n\n<p>As vagas e cargos do bloco 1 se distribuem em um total de <strong>sete \u00f3rg\u00e3os estaduais<\/strong>, sendo eles:<\/p>\n\n\n\n<p><strong>261 vagas<\/strong> para <a href=\"https:\/\/www.estrategiaconcursos.com.br\/blog\/concurso-arpe\/\" target=\"_blank\" rel=\"noreferrer noopener\">Ag\u00eancia de Regula\u00e7\u00e3o de Pernambuco<\/a>&nbsp;(ARPE), <a href=\"https:\/\/www.estrategiaconcursos.com.br\/blog\/concurso-ati-pe\/\" target=\"_blank\" rel=\"noreferrer noopener\">Ag\u00eancia Estadual de Tecnologia da Informa\u00e7\u00e3o<\/a>&nbsp;(ATI), <a href=\"https:\/\/www.estrategiaconcursos.com.br\/blog\/concurso-cprh-pe\/\" target=\"_blank\" rel=\"noreferrer noopener\">Ag\u00eancia Estadual de Meio Ambiente<\/a>&nbsp;(CPRH), <a href=\"https:\/\/www.estrategiaconcursos.com.br\/blog\/concurso-funape\/\" target=\"_blank\" rel=\"noreferrer noopener\">Funda\u00e7\u00e3o de Aposentadorias e Pens\u00f5es dos Servidores do Estado<\/a>&nbsp;(FUNAPE), <a href=\"https:\/\/www.estrategiaconcursos.com.br\/blog\/concurso-funase-pe\/\" target=\"_blank\" rel=\"noreferrer noopener\">Funda\u00e7\u00e3o de Atendimento Socioeducativo<\/a>&nbsp;(FUNASE), <a href=\"https:\/\/www.estrategiaconcursos.com.br\/blog\/concurso-ipem-pe\/\" target=\"_blank\" rel=\"noreferrer noopener\">Instituto de Pesos e Medidas<\/a>&nbsp;(IPEM) e <a href=\"https:\/\/www.estrategiaconcursos.com.br\/blog\/concurso-sad-pe\/\" target=\"_blank\" rel=\"noreferrer noopener\">Secretaria de Administra\u00e7\u00e3o<\/a>&nbsp;(SAD).<\/p>\n\n\n\n<figure class=\"wp-block-image aligncenter size-full is-resized\"><img loading=\"lazy\" decoding=\"async\" width=\"685\" height=\"746\" src=\"https:\/\/dhg1h5j42swfq.cloudfront.net\/2025\/10\/09100105\/image-117.png\" alt=\"Quadro informativo de cargos e vagas do Bloco 1 do Concurso Unificado Pernambuco - CPU PE\" class=\"wp-image-1652617\" style=\"width:559px;height:auto\" srcset=\"https:\/\/dhg1h5j42swfq.cloudfront.net\/2025\/10\/09100105\/image-117.png 685w, https:\/\/dhg1h5j42swfq.cloudfront.net\/2025\/10\/09100105\/image-117-275x300.png 275w, https:\/\/dhg1h5j42swfq.cloudfront.net\/2025\/10\/09100105\/image-117-150x163.png 150w\" sizes=\"auto, (max-width: 685px) 100vw, 685px\" \/><\/figure>\n\n\n\n<figure class=\"wp-block-image aligncenter size-full\"><img loading=\"lazy\" decoding=\"async\" width=\"548\" height=\"797\" src=\"https:\/\/dhg1h5j42swfq.cloudfront.net\/2025\/10\/09100146\/image-118.png\" alt=\"Quadro de cargos e vagas do Bloco 1 do Concurso Unificado Pernambuco - CPU PE\" class=\"wp-image-1652618\" srcset=\"https:\/\/dhg1h5j42swfq.cloudfront.net\/2025\/10\/09100146\/image-118.png 548w, https:\/\/dhg1h5j42swfq.cloudfront.net\/2025\/10\/09100146\/image-118-206x300.png 206w, https:\/\/dhg1h5j42swfq.cloudfront.net\/2025\/10\/09100146\/image-118-150x218.png 150w\" sizes=\"auto, (max-width: 548px) 100vw, 548px\" \/><\/figure>\n\n\n\n<figure class=\"wp-block-image aligncenter size-full is-resized\"><img loading=\"lazy\" decoding=\"async\" width=\"687\" height=\"265\" src=\"https:\/\/dhg1h5j42swfq.cloudfront.net\/2025\/10\/09100234\/image-119.png\" alt=\"Quadro do edital do CPU PE de cargos e vagas do Bloco 1 do Concurso Unificado Pernambuco - CPU PE\" class=\"wp-image-1652620\" style=\"width:553px;height:auto\" srcset=\"https:\/\/dhg1h5j42swfq.cloudfront.net\/2025\/10\/09100234\/image-119.png 687w, https:\/\/dhg1h5j42swfq.cloudfront.net\/2025\/10\/09100234\/image-119-300x116.png 300w, https:\/\/dhg1h5j42swfq.cloudfront.net\/2025\/10\/09100234\/image-119-150x58.png 150w\" sizes=\"auto, (max-width: 687px) 100vw, 687px\" \/><\/figure>\n\n\n\n<h3 class=\"wp-block-heading\" id=\"remuneracao\">Sal\u00e1rios dos cargos do Bloco 1 do CPU PE<\/h3>\n\n\n\n<p>&gt;<strong>Ag\u00eancia de Regula\u00e7\u00e3o de Pernambuco&nbsp;(ARPE)<\/strong><br \/><strong>Analista de Regula\u00e7\u00e3o dos Servi\u00e7os P\u00fablicos Delegados: <\/strong>remunera\u00e7\u00e3o de <span style=\"text-decoration: underline;\">at\u00e9 R$ 7.935,19<\/span>, correspondente ao vencimento-base de R$ 5.290,13, acrescido do Adicional de Desempenho de Atividade de Regula\u00e7\u00e3o, no valor de at\u00e9 50% do vencimento-base.<\/p>\n\n\n\n<p>&gt;<strong>Ag\u00eancia Estadual de Tecnologia da Informa\u00e7\u00e3o&nbsp;(ATI)<br \/><\/strong>Analista em Gest\u00e3o de Tecnologia da Informa\u00e7\u00e3o e Comunica\u00e7\u00e3o: remunera\u00e7\u00e3o de <span style=\"text-decoration: underline;\">at\u00e9 R$ 9.906,00<\/span>, correspondente ao vencimento-base de R$ 8.255,00, podendo ser acrescido do Adicional de Tecnologia da Informa\u00e7\u00e3o e Governo Digital, no valor de 20% do vencimento-base.<\/p>\n\n\n\n<p>&gt;<strong>Ag\u00eancia Estadual de Meio Ambiente&nbsp;(CPRH)<br \/>Analista em Gest\u00e3o Ambiental: <\/strong>remunera\u00e7\u00e3o de <span style=\"text-decoration: underline;\">R$ 5.280,00<\/span>, correspondente ao vencimento-base de R$ 4.880,00, acrescido da Parcela Remunerat\u00f3ria de Valoriza\u00e7\u00e3o do Servidor \u2013 PARES, no valor de R$ 400,00. Faz jus tamb\u00e9m ao Aux\u00edlio de Atividade de Fiscaliza\u00e7\u00e3o Ambiental, de natureza vari\u00e1vel.<\/p>\n\n\n\n<p>&gt;<strong>Funda\u00e7\u00e3o de Aposentadorias e Pens\u00f5es dos Servidores do Estado&nbsp;(FUNAPE)<br \/><\/strong>Analista Jur\u00eddico-Previdenci\u00e1rio: remunera\u00e7\u00e3o de <span style=\"text-decoration: underline;\">R$ 5.354,54<\/span>, correspondente ao vencimento-base do cargo.<\/p>\n\n\n\n<p>&gt;<strong>Funda\u00e7\u00e3o de Atendimento Socioeducativo&nbsp;(FUNASE)<\/strong><br \/><strong>Analista em Gest\u00e3o Socioeducativa: <\/strong>remunera\u00e7\u00e3o de <span style=\"text-decoration: underline;\">R$ 4.828,90<\/span>, correspondente ao vencimento-base do cargo.<\/p>\n\n\n\n<p>&gt;<strong>Instituto de Pesos e Medidas&nbsp;(IPEM)<\/strong><br \/><strong>Analista de Gest\u00e3o em Metrologia e Qualidade Industrial<\/strong>: remunera\u00e7\u00e3o de <span style=\"text-decoration: underline;\">R$ 3.298,02<\/span>, correspondente ao vencimento-base do cargo.<\/p>\n\n\n\n<p>&gt;<strong>Secretaria de Administra\u00e7\u00e3o&nbsp;(SAD)<\/strong><br \/><strong>Gestor Governamental \u2013 Especialidade: Administrativa<\/strong>: remunera\u00e7\u00e3o de <span style=\"text-decoration: underline;\">at\u00e9 R$ 11.359,85<\/span>, correspondente ao vencimento-base de R$ 6.599,91, acrescido da Parcela Remunerat\u00f3ria de Valoriza\u00e7\u00e3o do Servidor \u2013 PARES, no valor de R$ 800,00, e do Adicional de Incentivo \u00e0 Qualifica\u00e7\u00e3o Profissional, no valor de at\u00e9 60% do vencimento-base.<\/p>\n\n\n\n<h2 class=\"wp-block-heading\" id=\"etapas\">Etapas e provas do Bloco 1 do CPU PE<\/h2>\n\n\n\n<p>Os candidatos ser\u00e3o avaliados mediante aplica\u00e7\u00e3o de duas etapas, sendo de provas objetiva e discursiva, ambas de car\u00e1ter eliminat\u00f3rio e classificat\u00f3rio.<\/p>\n\n\n\n<h3 class=\"wp-block-heading\" id=\"objetiva\">Prova objetiva<\/h3>\n\n\n\n<p>Com dura\u00e7\u00e3o de <strong>5 horas<\/strong>, a prova objetiva ser\u00e1 realizada no dia 18 de janeiro de 2026. O exame ser\u00e1 composto por <strong>60 a 70 quest\u00f5es <\/strong>de m\u00faltipla escolha, com 5 alternativas, sendo apenas uma a correta.<\/p>\n\n\n\n<p><strong>Para todos os cargos (exceto Gestor Governamental):<\/strong><\/p>\n\n\n\n<ul class=\"wp-block-list\">\n<li>Conhecimentos Gerais: 30 quest\u00f5es<\/li>\n\n\n\n<li>Conhecimentos Espec\u00edficos: 30 quest\u00f5es<\/li>\n<\/ul>\n\n\n\n<p><strong>Apenas para o cargo de Gestor Governamental:<\/strong><\/p>\n\n\n\n<ul class=\"wp-block-list\">\n<li>Conhecimentos Gerais: 30 quest\u00f5es<\/li>\n\n\n\n<li>Conhecimentos Espec\u00edficos: 40 quest\u00f5es<\/li>\n<\/ul>\n\n\n\n<p>&gt;&gt;&gt; <strong><a href=\"https:\/\/dhg1h5j42swfq.cloudfront.net\/2025\/10\/09102855\/provas-cup-pe.pdf\" target=\"_blank\" rel=\"noreferrer noopener nofollow\">Confira na \u00edntegra os detalhes das provas para cada cargo e Bloco<\/a>.<\/strong><\/p>\n\n\n\n<p>Ser\u00e1 considerado habilitado nesta etapa o candidato que tenha obtido o total de pontos, no somat\u00f3rio das notas padronizadas das Provas Objetivas de Conhecimentos Gerais e de Conhecimentos Espec\u00edficos, igual ou superior a 200.<\/p>\n\n\n\n<p>Ao todo, 10 cidades ser\u00e3o sede da aplica\u00e7\u00e3o das provas do novo processo seletivo de Pernambuco. S\u00e3o elas: <strong>Recife, Carpina, Palmares, Caruaru, Arcoverde, Floresta, Afogados da Ingazeira, Salgueiro, Ariripina e Petrolina.<\/strong><\/p>\n\n\n\n<p>Vale ressaltar que a op\u00e7\u00e3o de lota\u00e7\u00e3o <span style=\"text-decoration: underline;\">n\u00e3o<\/span> vincula o candidato a realizar as provas objetivas e discursivas no munic\u00edpio de aplica\u00e7\u00e3o daquela cidade.<\/p>\n\n\n\n<h3 class=\"wp-block-heading\" id=\"discursiva\">Prova discursiva<\/h3>\n\n\n\n<p>A <strong>Prova Discursiva \u2013 Estudo de Caso<\/strong> consistir\u00e1 em 02 (duas) quest\u00f5es pr\u00e1ticas. Cada quest\u00e3o ser\u00e1 avaliada na escala de 0 a 100,00 pontos. Considerar-se-\u00e1 habilitado o candidato que tiver obtido, no conjunto das duas quest\u00f5es, m\u00e9dia igual ou superior a 50,00 pontos.<\/p>\n\n\n\n<h3 class=\"wp-block-heading\" id=\"formacao\">Programa de forma\u00e7\u00e3o (segunda etapa)<\/h3>\n\n\n\n<p>O Programa de Forma\u00e7\u00e3o ser\u00e1 de car\u00e1ter eliminat\u00f3rio, sob a responsabilidade do Governo do Estado de Pernambuco, para os seguintes Cargos\/\u00c1reas\/Especialidades\/Qualifica\u00e7\u00e3o: <\/p>\n\n\n\n<ul class=\"wp-block-list\">\n<li>Gestor Governamental \u2013 Especialidade: Administrativa \u2013 Qualifica\u00e7\u00e3o: Contador;<\/li>\n<\/ul>\n\n\n\n<p>O Programa de Forma\u00e7\u00e3o ser\u00e1 realizado no Munic\u00edpio de Recife\/PE. Demais informa\u00e7\u00f5es ser\u00e3o divulgadas em edital espec\u00edfico a ser publicado no Di\u00e1rio Oficial do Estado.<\/p>\n\n\n\n<hr class=\"wp-block-separator has-alpha-channel-opacity\"\/>\n\n\n\n<h2 class=\"wp-block-heading has-text-align-center\" id=\"cursos\"><em>Quer estudar para o Concurso Unificado Pernambuco (CPU PE) Bloco 1?<\/em><\/h2>\n\n\n\n<div class=\"container\" id=\"boxes\">\n  <div class=\"row\">\n\n    <div class=\"col-sm\">\n      <div class=\"banner-estrat-corj\" id=\"box-assinatura\">\n        <h2 class=\"titulo-assinatura\" style=\"text-align: left;\">Concurso Unificado PE<\/h2>\n        <p class=\"subtitulo-assinatura\" style=\"text-align: left;\">Estude com foco e estrat\u00e9gia!<\/p>\n        <div class=\"box-botao\" style=\"text-align: left;\">\n          <a class=\"btn-assinatura\" target=\"_blank\" href=\"https:\/\/www.estrategiaconcursos.com.br\/cursosPorConcurso\/cpu-pe\/\" role=\"button\" rel=\"noopener noreferrer\">CONHE\u00c7A OS CURSOS<\/a>\n        <\/div>\n      <\/div><\/div><\/div><\/div>\n\n\n\n<div class=\"container\" id=\"boxes\">\n  <div class=\"row\">\n\n    <div class=\"col-sm\">\n      <div class=\"estrategia\" id=\"box-assinatura\">\n        <h3 class=\"titulo-assinatura\">Assinatura Concursos<\/h3>\n        <p class=\"subtitulo-assinatura\">Assinatura de 1 ano ou 2 anos<\/p>\n        <div class=\"box-botao\">\n          <a class=\"btn-assinatura\" target=\"_blank\" href=\"https:\/\/www.estrategiaconcursos.com.br\/assinaturas\/\" role=\"button\" rel=\"noopener noreferrer\">ASSINE AGORA<\/a>\n        <\/div>\n      <\/div><\/div><\/div><\/div>\n\n\n\n<h2 class=\"wp-block-heading has-text-align-center\" id=\"h-quer-saber-tudo-sobre-concursos-previstos-confira-os-nossos-artigos\">Quer saber tudo sobre concursos previstos?<br \/>Confira os nossos artigos!<\/h2>\n\n\n\n<ul class=\"wp-block-list\">\n<li><a href=\"https:\/\/www.estrategiaconcursos.com.br\/blog\/concursos-abertos\/\" target=\"_blank\" rel=\"noreferrer noopener\">Concursos Abertos<\/a><\/li>\n\n\n\n<li><a href=\"https:\/\/www.estrategiaconcursos.com.br\/blog\/concursos-2025\/?srsltid=AfmBOopDMNzJ8gNLVf-tf6hA8LSL1sPFHmj_NErbeR3s_vM_WcHgNMbD\" target=\"_blank\" rel=\"noreferrer noopener\">Concursos 2025<\/a><\/li>\n\n\n\n<li><a href=\"https:\/\/www.estrategiaconcursos.com.br\/blog\/concursos-2026\/\" target=\"_blank\" rel=\"noreferrer noopener\">Concursos 2026<\/a><\/li>\n\n\n\n<li><a href=\"https:\/\/www.estrategiaconcursos.com.br\/blog\/concursos-pe\/\" target=\"_blank\" rel=\"noreferrer noopener\">Concursos PE<\/a><\/li>\n<\/ul>\n\n\n\n<figure class=\"wp-block-image is-resized\"><img loading=\"lazy\" decoding=\"async\" width=\"1024\" height=\"632\" src=\"https:\/\/dhg1h5j42swfq.cloudfront.net\/2021\/04\/01161145\/ficha-tecnica-5-1024x632.png\" alt=\"Ficha t\u00e9cnica do CPU PE bloco 1\" class=\"wp-image-706736\" style=\"width:236px;height:145px\" srcset=\"https:\/\/dhg1h5j42swfq.cloudfront.net\/2021\/04\/01161145\/ficha-tecnica-5-1024x632.png 1024w, https:\/\/dhg1h5j42swfq.cloudfront.net\/2021\/04\/01161145\/ficha-tecnica-5-300x185.png 300w, https:\/\/dhg1h5j42swfq.cloudfront.net\/2021\/04\/01161145\/ficha-tecnica-5-768x474.png 768w, https:\/\/dhg1h5j42swfq.cloudfront.net\/2021\/04\/01161145\/ficha-tecnica-5-1536x948.png 1536w, https:\/\/dhg1h5j42swfq.cloudfront.net\/2021\/04\/01161145\/ficha-tecnica-5-610x377.png 610w, https:\/\/dhg1h5j42swfq.cloudfront.net\/2021\/04\/01161145\/ficha-tecnica-5.png 1571w\" sizes=\"auto, (max-width: 1024px) 100vw, 1024px\" \/><\/figure>\n\n\n\n<h3 class=\"wp-block-heading\" id=\"ficha-tecnica\">Informa\u00e7\u00f5es do Concurso Unificado Pernambuco\/PE (CPU PE) &#8211; Bloco 1<\/h3>\n\n\n\n<ul class=\"wp-block-list\">\n<li><strong>Data da prova:<\/strong> 18\/01\/2026<\/li>\n\n\n\n<li><strong>Banca<\/strong>: FCC<\/li>\n\n\n\n<li><strong>Escolaridade<\/strong>: n\u00edvel superior<\/li>\n\n\n\n<li><strong>Vagas:<\/strong> 261<\/li>\n\n\n\n<li><strong>Cargos<\/strong>: diversos<\/li>\n\n\n\n<li><strong>Edital:<\/strong> <a href=\"https:\/\/dhg1h5j42swfq.cloudfront.net\/2025\/10\/09094108\/edital-concurso-unificado-pernambuco-2025-cup-pe-2.pdf\" target=\"_blank\" rel=\"noreferrer noopener nofollow\">Edital CPU PE 2025<\/a><\/li>\n<\/ul>\n","protected":false},"excerpt":{"rendered":"<p>O Bloco 1 do CPU PE \u00e9 de cargos com forma\u00e7\u00e3o espec\u00edfica de n\u00edvel superior! Chegou mais uma \u00f3tima oportunidade para os amantes de concursos p\u00fablicos! Estamos falando do Bloco 1 do Concurso P\u00fablico Unificado do Estado do Pernambuco (CPU PE). Segundo o edital, s\u00e3o ofertadas 261 vagas imediatas para diversos cargos e especialidades. No [&hellip;]<\/p>\n","protected":false},"author":2692,"featured_media":1659425,"comment_status":"open","ping_status":"closed","sticky":false,"template":"","format":"standard","meta":{"post_tipo":"news_page","footnotes":""},"categories":[214992],"tags":[],"tax_estado":[219979],"class_list":["post-1659392","post","type-post","status-publish","format-standard","has-post-thumbnail","hentry","category-concursos-administrativos","tax_estado-pe"],"acf":[],"yoast_head":"<!-- This site is optimized with the Yoast SEO Premium plugin v27.2 (Yoast SEO v27.2) - https:\/\/yoast.com\/product\/yoast-seo-premium-wordpress\/ -->\n<title>CPU PE Bloco 1: s\u00e3o 261 vagas e sal\u00e1rios at\u00e9 R$ 11 mil!<\/title>\n<meta name=\"description\" content=\"CPU PE Bloco 1 \u00e9 RETOMADO! S\u00e3o 261 vagas para sal\u00e1rios de at\u00e9 R$ 11,3 mil. Inscreva-se at\u00e9 o dia 28 de novembro!\" \/>\n<meta name=\"robots\" content=\"index, follow, max-snippet:-1, max-image-preview:large, max-video-preview:-1\" \/>\n<link rel=\"canonical\" href=\"https:\/\/www.estrategiaconcursos.com.br\/blog\/cpu-pe-bloco-1\/\" \/>\n<meta property=\"og:locale\" content=\"pt_BR\" \/>\n<meta property=\"og:type\" content=\"article\" \/>\n<meta property=\"og:title\" content=\"CPU PE Bloco 1: s\u00e3o 261 vagas e sal\u00e1rios at\u00e9 R$ 11 mil!\" \/>\n<meta property=\"og:description\" content=\"CPU PE Bloco 1 \u00e9 RETOMADO! S\u00e3o 261 vagas para sal\u00e1rios de at\u00e9 R$ 11,3 mil. Inscreva-se at\u00e9 o dia 28 de novembro!\" \/>\n<meta property=\"og:url\" content=\"https:\/\/www.estrategiaconcursos.com.br\/blog\/cpu-pe-bloco-1\/\" \/>\n<meta property=\"og:site_name\" content=\"Estrat\u00e9gia Concursos\" \/>\n<meta property=\"article:published_time\" content=\"2025-11-04T20:21:21+00:00\" \/>\n<meta property=\"article:modified_time\" content=\"2025-11-04T22:53:19+00:00\" \/>\n<meta property=\"og:image\" content=\"https:\/\/dhg1h5j42swfq.cloudfront.net\/2025\/10\/22234701\/cpu-pe-bloco-1.jpg\" \/>\n\t<meta property=\"og:image:width\" content=\"768\" \/>\n\t<meta property=\"og:image:height\" content=\"432\" \/>\n\t<meta property=\"og:image:type\" content=\"image\/jpeg\" \/>\n<meta name=\"author\" content=\"Ronaldo Scanavini Neto\" \/>\n<meta name=\"twitter:card\" content=\"summary_large_image\" \/>\n<meta name=\"twitter:creator\" content=\"@EstratConcursos\" \/>\n<meta name=\"twitter:site\" content=\"@EstratConcursos\" \/>\n<meta name=\"twitter:label1\" content=\"Escrito por\" \/>\n\t<meta name=\"twitter:data1\" content=\"Ronaldo Scanavini Neto\" \/>\n\t<meta name=\"twitter:label2\" content=\"Est. tempo de leitura\" \/>\n\t<meta name=\"twitter:data2\" content=\"6 minutos\" \/>\n<script type=\"application\/ld+json\" class=\"yoast-schema-graph\">{\"@context\":\"https:\/\/schema.org\",\"@graph\":[{\"@type\":\"NewsArticle\",\"@id\":\"https:\/\/www.estrategiaconcursos.com.br\/blog\/cpu-pe-bloco-1\/#article\",\"isPartOf\":{\"@id\":\"https:\/\/www.estrategiaconcursos.com.br\/blog\/cpu-pe-bloco-1\/\"},\"author\":{\"name\":\"Ronaldo Scanavini Neto\",\"@id\":\"https:\/\/www.estrategiaconcursos.com.br\/blog\/#\/schema\/person\/70c2ad4297aa24ff8815b08215b23a76\"},\"headline\":\"CPU PE Bloco 1: s\u00e3o 261 vagas e sal\u00e1rios at\u00e9 R$ 11 mil!\",\"datePublished\":\"2025-11-04T20:21:21+00:00\",\"dateModified\":\"2025-11-04T22:53:19+00:00\",\"mainEntityOfPage\":{\"@id\":\"https:\/\/www.estrategiaconcursos.com.br\/blog\/cpu-pe-bloco-1\/\"},\"wordCount\":1136,\"commentCount\":0,\"publisher\":{\"@id\":\"https:\/\/www.estrategiaconcursos.com.br\/blog\/#organization\"},\"image\":{\"@id\":\"https:\/\/www.estrategiaconcursos.com.br\/blog\/cpu-pe-bloco-1\/#primaryimage\"},\"thumbnailUrl\":\"https:\/\/dhg1h5j42swfq.cloudfront.net\/2025\/10\/22234701\/cpu-pe-bloco-1.jpg\",\"articleSection\":[\"Executivo (Administrativa)\"],\"inLanguage\":\"pt-BR\",\"potentialAction\":[{\"@type\":\"CommentAction\",\"name\":\"Comment\",\"target\":[\"https:\/\/www.estrategiaconcursos.com.br\/blog\/cpu-pe-bloco-1\/#respond\"]}],\"copyrightYear\":\"2025\",\"copyrightHolder\":{\"@id\":\"https:\/\/www.estrategiaconcursos.com.br\/blog\/#organization\"}},{\"@type\":\"WebPage\",\"@id\":\"https:\/\/www.estrategiaconcursos.com.br\/blog\/cpu-pe-bloco-1\/\",\"url\":\"https:\/\/www.estrategiaconcursos.com.br\/blog\/cpu-pe-bloco-1\/\",\"name\":\"CPU PE Bloco 1: s\u00e3o 261 vagas e sal\u00e1rios at\u00e9 R$ 11 mil!\",\"isPartOf\":{\"@id\":\"https:\/\/www.estrategiaconcursos.com.br\/blog\/#website\"},\"primaryImageOfPage\":{\"@id\":\"https:\/\/www.estrategiaconcursos.com.br\/blog\/cpu-pe-bloco-1\/#primaryimage\"},\"image\":{\"@id\":\"https:\/\/www.estrategiaconcursos.com.br\/blog\/cpu-pe-bloco-1\/#primaryimage\"},\"thumbnailUrl\":\"https:\/\/dhg1h5j42swfq.cloudfront.net\/2025\/10\/22234701\/cpu-pe-bloco-1.jpg\",\"datePublished\":\"2025-11-04T20:21:21+00:00\",\"dateModified\":\"2025-11-04T22:53:19+00:00\",\"description\":\"CPU PE Bloco 1 \u00e9 RETOMADO! S\u00e3o 261 vagas para sal\u00e1rios de at\u00e9 R$ 11,3 mil. Inscreva-se at\u00e9 o dia 28 de novembro!\",\"breadcrumb\":{\"@id\":\"https:\/\/www.estrategiaconcursos.com.br\/blog\/cpu-pe-bloco-1\/#breadcrumb\"},\"inLanguage\":\"pt-BR\",\"potentialAction\":[{\"@type\":\"ReadAction\",\"target\":[\"https:\/\/www.estrategiaconcursos.com.br\/blog\/cpu-pe-bloco-1\/\"]}]},{\"@type\":\"ImageObject\",\"inLanguage\":\"pt-BR\",\"@id\":\"https:\/\/www.estrategiaconcursos.com.br\/blog\/cpu-pe-bloco-1\/#primaryimage\",\"url\":\"https:\/\/dhg1h5j42swfq.cloudfront.net\/2025\/10\/22234701\/cpu-pe-bloco-1.jpg\",\"contentUrl\":\"https:\/\/dhg1h5j42swfq.cloudfront.net\/2025\/10\/22234701\/cpu-pe-bloco-1.jpg\",\"width\":768,\"height\":432},{\"@type\":\"BreadcrumbList\",\"@id\":\"https:\/\/www.estrategiaconcursos.com.br\/blog\/cpu-pe-bloco-1\/#breadcrumb\",\"itemListElement\":[{\"@type\":\"ListItem\",\"position\":1,\"name\":\"In\u00edcio\",\"item\":\"https:\/\/www.estrategiaconcursos.com.br\/blog\/\"},{\"@type\":\"ListItem\",\"position\":2,\"name\":\"CPU PE Bloco 1: s\u00e3o 261 vagas e sal\u00e1rios at\u00e9 R$ 11 mil!\"}]},{\"@type\":\"WebSite\",\"@id\":\"https:\/\/www.estrategiaconcursos.com.br\/blog\/#website\",\"url\":\"https:\/\/www.estrategiaconcursos.com.br\/blog\/\",\"name\":\"Estrat\u00e9gia Concursos\",\"description\":\"O blog da Estrat\u00e9gia Concursos traz not\u00edcias sobre concursos e artigos de professores oferecendo cursos para concursos (pdf + videaulas) no site.\",\"publisher\":{\"@id\":\"https:\/\/www.estrategiaconcursos.com.br\/blog\/#organization\"},\"potentialAction\":[{\"@type\":\"SearchAction\",\"target\":{\"@type\":\"EntryPoint\",\"urlTemplate\":\"https:\/\/www.estrategiaconcursos.com.br\/blog\/?s={search_term_string}\"},\"query-input\":{\"@type\":\"PropertyValueSpecification\",\"valueRequired\":true,\"valueName\":\"search_term_string\"}}],\"inLanguage\":\"pt-BR\"},{\"@type\":\"Organization\",\"@id\":\"https:\/\/www.estrategiaconcursos.com.br\/blog\/#organization\",\"name\":\"Estrat\u00e9gia Concursos\",\"url\":\"https:\/\/www.estrategiaconcursos.com.br\/blog\/\",\"logo\":{\"@type\":\"ImageObject\",\"inLanguage\":\"pt-BR\",\"@id\":\"https:\/\/www.estrategiaconcursos.com.br\/blog\/#\/schema\/logo\/image\/\",\"url\":\"https:\/\/dhg1h5j42swfq.cloudfront.net\/2025\/06\/03203428\/logo_concursos-1.jpg\",\"contentUrl\":\"https:\/\/dhg1h5j42swfq.cloudfront.net\/2025\/06\/03203428\/logo_concursos-1.jpg\",\"width\":230,\"height\":60,\"caption\":\"Estrat\u00e9gia Concursos\"},\"image\":{\"@id\":\"https:\/\/www.estrategiaconcursos.com.br\/blog\/#\/schema\/logo\/image\/\"},\"sameAs\":[\"https:\/\/x.com\/EstratConcursos\"]},{\"@type\":\"Person\",\"@id\":\"https:\/\/www.estrategiaconcursos.com.br\/blog\/#\/schema\/person\/70c2ad4297aa24ff8815b08215b23a76\",\"name\":\"Ronaldo Scanavini Neto\",\"image\":{\"@type\":\"ImageObject\",\"inLanguage\":\"pt-BR\",\"@id\":\"https:\/\/secure.gravatar.com\/avatar\/f93d8e56fe264596e94aee6b3feb737d98ad0fc5bac7eb0a245f04723c5c8f21?s=96&d=mm&r=g\",\"url\":\"https:\/\/secure.gravatar.com\/avatar\/f93d8e56fe264596e94aee6b3feb737d98ad0fc5bac7eb0a245f04723c5c8f21?s=96&d=mm&r=g\",\"contentUrl\":\"https:\/\/secure.gravatar.com\/avatar\/f93d8e56fe264596e94aee6b3feb737d98ad0fc5bac7eb0a245f04723c5c8f21?s=96&d=mm&r=g\",\"caption\":\"Ronaldo Scanavini Neto\"},\"description\":\"Graduando em Comunica\u00e7\u00e3o Social \u2013 Jornalismo pela Universidade Federal de Vi\u00e7osa (UFV). Integra a equipe de jornalismo do Estrat\u00e9gia Concursos desde 2023, atuando com \u00eanfase na cobertura da \u00e1rea fiscal. Tamb\u00e9m realiza a apura\u00e7\u00e3o e produ\u00e7\u00e3o de not\u00edcias sobre concursos federais, \u00f3rg\u00e3os participantes do CNU e das \u00e1reas de controle, gest\u00e3o, engenharia, Exame CFC, comunica\u00e7\u00e3o social TI e \u00e1rea de concursos administrativos.\",\"url\":\"https:\/\/www.estrategiaconcursos.com.br\/blog\/author\/ronaldo-netoestrategia-com\/\"}]}<\/script>\n<!-- \/ Yoast SEO Premium plugin. -->","yoast_head_json":{"title":"CPU PE Bloco 1: s\u00e3o 261 vagas e sal\u00e1rios at\u00e9 R$ 11 mil!","description":"CPU PE Bloco 1 \u00e9 RETOMADO! S\u00e3o 261 vagas para sal\u00e1rios de at\u00e9 R$ 11,3 mil. Inscreva-se at\u00e9 o dia 28 de novembro!","robots":{"index":"index","follow":"follow","max-snippet":"max-snippet:-1","max-image-preview":"max-image-preview:large","max-video-preview":"max-video-preview:-1"},"canonical":"https:\/\/www.estrategiaconcursos.com.br\/blog\/cpu-pe-bloco-1\/","og_locale":"pt_BR","og_type":"article","og_title":"CPU PE Bloco 1: s\u00e3o 261 vagas e sal\u00e1rios at\u00e9 R$ 11 mil!","og_description":"CPU PE Bloco 1 \u00e9 RETOMADO! S\u00e3o 261 vagas para sal\u00e1rios de at\u00e9 R$ 11,3 mil. Inscreva-se at\u00e9 o dia 28 de novembro!","og_url":"https:\/\/www.estrategiaconcursos.com.br\/blog\/cpu-pe-bloco-1\/","og_site_name":"Estrat\u00e9gia Concursos","article_published_time":"2025-11-04T20:21:21+00:00","article_modified_time":"2025-11-04T22:53:19+00:00","og_image":[{"width":768,"height":432,"url":"https:\/\/dhg1h5j42swfq.cloudfront.net\/2025\/10\/22234701\/cpu-pe-bloco-1.jpg","type":"image\/jpeg"}],"author":"Ronaldo Scanavini Neto","twitter_card":"summary_large_image","twitter_creator":"@EstratConcursos","twitter_site":"@EstratConcursos","twitter_misc":{"Escrito por":"Ronaldo Scanavini Neto","Est. tempo de leitura":"6 minutos"},"schema":{"@context":"https:\/\/schema.org","@graph":[{"@type":"NewsArticle","@id":"https:\/\/www.estrategiaconcursos.com.br\/blog\/cpu-pe-bloco-1\/#article","isPartOf":{"@id":"https:\/\/www.estrategiaconcursos.com.br\/blog\/cpu-pe-bloco-1\/"},"author":{"name":"Ronaldo Scanavini Neto","@id":"https:\/\/www.estrategiaconcursos.com.br\/blog\/#\/schema\/person\/70c2ad4297aa24ff8815b08215b23a76"},"headline":"CPU PE Bloco 1: s\u00e3o 261 vagas e sal\u00e1rios at\u00e9 R$ 11 mil!","datePublished":"2025-11-04T20:21:21+00:00","dateModified":"2025-11-04T22:53:19+00:00","mainEntityOfPage":{"@id":"https:\/\/www.estrategiaconcursos.com.br\/blog\/cpu-pe-bloco-1\/"},"wordCount":1136,"commentCount":0,"publisher":{"@id":"https:\/\/www.estrategiaconcursos.com.br\/blog\/#organization"},"image":{"@id":"https:\/\/www.estrategiaconcursos.com.br\/blog\/cpu-pe-bloco-1\/#primaryimage"},"thumbnailUrl":"https:\/\/dhg1h5j42swfq.cloudfront.net\/2025\/10\/22234701\/cpu-pe-bloco-1.jpg","articleSection":["Executivo (Administrativa)"],"inLanguage":"pt-BR","potentialAction":[{"@type":"CommentAction","name":"Comment","target":["https:\/\/www.estrategiaconcursos.com.br\/blog\/cpu-pe-bloco-1\/#respond"]}],"copyrightYear":"2025","copyrightHolder":{"@id":"https:\/\/www.estrategiaconcursos.com.br\/blog\/#organization"}},{"@type":"WebPage","@id":"https:\/\/www.estrategiaconcursos.com.br\/blog\/cpu-pe-bloco-1\/","url":"https:\/\/www.estrategiaconcursos.com.br\/blog\/cpu-pe-bloco-1\/","name":"CPU PE Bloco 1: s\u00e3o 261 vagas e sal\u00e1rios at\u00e9 R$ 11 mil!","isPartOf":{"@id":"https:\/\/www.estrategiaconcursos.com.br\/blog\/#website"},"primaryImageOfPage":{"@id":"https:\/\/www.estrategiaconcursos.com.br\/blog\/cpu-pe-bloco-1\/#primaryimage"},"image":{"@id":"https:\/\/www.estrategiaconcursos.com.br\/blog\/cpu-pe-bloco-1\/#primaryimage"},"thumbnailUrl":"https:\/\/dhg1h5j42swfq.cloudfront.net\/2025\/10\/22234701\/cpu-pe-bloco-1.jpg","datePublished":"2025-11-04T20:21:21+00:00","dateModified":"2025-11-04T22:53:19+00:00","description":"CPU PE Bloco 1 \u00e9 RETOMADO! S\u00e3o 261 vagas para sal\u00e1rios de at\u00e9 R$ 11,3 mil. Inscreva-se at\u00e9 o dia 28 de novembro!","breadcrumb":{"@id":"https:\/\/www.estrategiaconcursos.com.br\/blog\/cpu-pe-bloco-1\/#breadcrumb"},"inLanguage":"pt-BR","potentialAction":[{"@type":"ReadAction","target":["https:\/\/www.estrategiaconcursos.com.br\/blog\/cpu-pe-bloco-1\/"]}]},{"@type":"ImageObject","inLanguage":"pt-BR","@id":"https:\/\/www.estrategiaconcursos.com.br\/blog\/cpu-pe-bloco-1\/#primaryimage","url":"https:\/\/dhg1h5j42swfq.cloudfront.net\/2025\/10\/22234701\/cpu-pe-bloco-1.jpg","contentUrl":"https:\/\/dhg1h5j42swfq.cloudfront.net\/2025\/10\/22234701\/cpu-pe-bloco-1.jpg","width":768,"height":432},{"@type":"BreadcrumbList","@id":"https:\/\/www.estrategiaconcursos.com.br\/blog\/cpu-pe-bloco-1\/#breadcrumb","itemListElement":[{"@type":"ListItem","position":1,"name":"In\u00edcio","item":"https:\/\/www.estrategiaconcursos.com.br\/blog\/"},{"@type":"ListItem","position":2,"name":"CPU PE Bloco 1: s\u00e3o 261 vagas e sal\u00e1rios at\u00e9 R$ 11 mil!"}]},{"@type":"WebSite","@id":"https:\/\/www.estrategiaconcursos.com.br\/blog\/#website","url":"https:\/\/www.estrategiaconcursos.com.br\/blog\/","name":"Estrat\u00e9gia Concursos","description":"O blog da Estrat\u00e9gia Concursos traz not\u00edcias sobre concursos e artigos de professores oferecendo cursos para concursos (pdf + videaulas) no site.","publisher":{"@id":"https:\/\/www.estrategiaconcursos.com.br\/blog\/#organization"},"potentialAction":[{"@type":"SearchAction","target":{"@type":"EntryPoint","urlTemplate":"https:\/\/www.estrategiaconcursos.com.br\/blog\/?s={search_term_string}"},"query-input":{"@type":"PropertyValueSpecification","valueRequired":true,"valueName":"search_term_string"}}],"inLanguage":"pt-BR"},{"@type":"Organization","@id":"https:\/\/www.estrategiaconcursos.com.br\/blog\/#organization","name":"Estrat\u00e9gia Concursos","url":"https:\/\/www.estrategiaconcursos.com.br\/blog\/","logo":{"@type":"ImageObject","inLanguage":"pt-BR","@id":"https:\/\/www.estrategiaconcursos.com.br\/blog\/#\/schema\/logo\/image\/","url":"https:\/\/dhg1h5j42swfq.cloudfront.net\/2025\/06\/03203428\/logo_concursos-1.jpg","contentUrl":"https:\/\/dhg1h5j42swfq.cloudfront.net\/2025\/06\/03203428\/logo_concursos-1.jpg","width":230,"height":60,"caption":"Estrat\u00e9gia Concursos"},"image":{"@id":"https:\/\/www.estrategiaconcursos.com.br\/blog\/#\/schema\/logo\/image\/"},"sameAs":["https:\/\/x.com\/EstratConcursos"]},{"@type":"Person","@id":"https:\/\/www.estrategiaconcursos.com.br\/blog\/#\/schema\/person\/70c2ad4297aa24ff8815b08215b23a76","name":"Ronaldo Scanavini Neto","image":{"@type":"ImageObject","inLanguage":"pt-BR","@id":"https:\/\/secure.gravatar.com\/avatar\/f93d8e56fe264596e94aee6b3feb737d98ad0fc5bac7eb0a245f04723c5c8f21?s=96&d=mm&r=g","url":"https:\/\/secure.gravatar.com\/avatar\/f93d8e56fe264596e94aee6b3feb737d98ad0fc5bac7eb0a245f04723c5c8f21?s=96&d=mm&r=g","contentUrl":"https:\/\/secure.gravatar.com\/avatar\/f93d8e56fe264596e94aee6b3feb737d98ad0fc5bac7eb0a245f04723c5c8f21?s=96&d=mm&r=g","caption":"Ronaldo Scanavini Neto"},"description":"Graduando em Comunica\u00e7\u00e3o Social \u2013 Jornalismo pela Universidade Federal de Vi\u00e7osa (UFV). Integra a equipe de jornalismo do Estrat\u00e9gia Concursos desde 2023, atuando com \u00eanfase na cobertura da \u00e1rea fiscal. Tamb\u00e9m realiza a apura\u00e7\u00e3o e produ\u00e7\u00e3o de not\u00edcias sobre concursos federais, \u00f3rg\u00e3os participantes do CNU e das \u00e1reas de controle, gest\u00e3o, engenharia, Exame CFC, comunica\u00e7\u00e3o social TI e \u00e1rea de concursos administrativos.","url":"https:\/\/www.estrategiaconcursos.com.br\/blog\/author\/ronaldo-netoestrategia-com\/"}]}},"_links":{"self":[{"href":"https:\/\/www.estrategiaconcursos.com.br\/blog\/wp-json\/wp\/v2\/posts\/1659392","targetHints":{"allow":["GET"]}}],"collection":[{"href":"https:\/\/www.estrategiaconcursos.com.br\/blog\/wp-json\/wp\/v2\/posts"}],"about":[{"href":"https:\/\/www.estrategiaconcursos.com.br\/blog\/wp-json\/wp\/v2\/types\/post"}],"author":[{"embeddable":true,"href":"https:\/\/www.estrategiaconcursos.com.br\/blog\/wp-json\/wp\/v2\/users\/2692"}],"replies":[{"embeddable":true,"href":"https:\/\/www.estrategiaconcursos.com.br\/blog\/wp-json\/wp\/v2\/comments?post=1659392"}],"version-history":[{"count":7,"href":"https:\/\/www.estrategiaconcursos.com.br\/blog\/wp-json\/wp\/v2\/posts\/1659392\/revisions"}],"predecessor-version":[{"id":1665521,"href":"https:\/\/www.estrategiaconcursos.com.br\/blog\/wp-json\/wp\/v2\/posts\/1659392\/revisions\/1665521"}],"wp:featuredmedia":[{"embeddable":true,"href":"https:\/\/www.estrategiaconcursos.com.br\/blog\/wp-json\/wp\/v2\/media\/1659425"}],"wp:attachment":[{"href":"https:\/\/www.estrategiaconcursos.com.br\/blog\/wp-json\/wp\/v2\/media?parent=1659392"}],"wp:term":[{"taxonomy":"category","embeddable":true,"href":"https:\/\/www.estrategiaconcursos.com.br\/blog\/wp-json\/wp\/v2\/categories?post=1659392"},{"taxonomy":"post_tag","embeddable":true,"href":"https:\/\/www.estrategiaconcursos.com.br\/blog\/wp-json\/wp\/v2\/tags?post=1659392"},{"taxonomy":"tax_estado","embeddable":true,"href":"https:\/\/www.estrategiaconcursos.com.br\/blog\/wp-json\/wp\/v2\/tax_estado?post=1659392"}],"curies":[{"name":"wp","href":"https:\/\/api.w.org\/{rel}","templated":true}]}}