{"id":1659389,"date":"2025-11-04T17:25:15","date_gmt":"2025-11-04T20:25:15","guid":{"rendered":"https:\/\/www.estrategiaconcursos.com.br\/blog\/?p=1659389"},"modified":"2025-11-07T09:44:55","modified_gmt":"2025-11-07T12:44:55","slug":"cpu-pe-bloco-2","status":"publish","type":"post","link":"https:\/\/www.estrategiaconcursos.com.br\/blog\/cpu-pe-bloco-2\/","title":{"rendered":"CPU PE Bloco 2: mais de 100 vagas e inicial de R$ 11,3 mil!"},"content":{"rendered":"\n<p class=\"has-medium-font-size\"><em><strong>O Bloco 2 do CPU PE \u00e9 de cargos com forma\u00e7\u00e3o em qualquer \u00e1rea de n\u00edvel superior! <\/strong><\/em><\/p>\n\n\n\n<p>O <strong>Bloco 2 do<\/strong> <strong><a href=\"https:\/\/www.estrategiaconcursos.com.br\/cursosPorConcurso\/cpu-pe\/\" target=\"_blank\" rel=\"noreferrer noopener\">Concurso P\u00fablico Unificado do Estado do Pernambuco<\/a> (CPU PE)<\/strong> \u00e9 aquele com <strong>121 vagas<\/strong> para cargos de <strong>n\u00edvel superior em qualquer \u00e1rea de forma\u00e7\u00e3o.<\/strong><\/p>\n\n\n\n<p>As oportunidades se distribuem em carreiras de quatro \u00f3rg\u00e3os: Funape, SAD, CGE e Seplag, com sal\u00e1rios iniciais pra l\u00e1 de atrativos, que chegam a <strong>R$ 11,3 mil<\/strong>.<\/p>\n\n\n\n<p>J\u00e1 em rela\u00e7\u00e3o \u00e0s inscri\u00e7\u00f5es, diretamente pelo site da banca organizadora, a <a href=\"https:\/\/www.concursosfcc.com.br\/\" target=\"_blank\" rel=\"noreferrer noopener\">Funda\u00e7\u00e3o Carlos Chagas (FCC)<\/a><strong>, o per\u00edodo estar\u00e1 aberto durante os dias 30 de outubro e 28 de novembro<\/strong>, ao custo de <strong>R$ 130,00<\/strong> (superior &#8211; exceto Gestor Governamental) ou <strong>R$ 190,00<\/strong> (superior &#8211; Gestor Governamental).<\/p>\n\n\n\n<p>Ademais, vale lembrar que um dos diferenciais da sele\u00e7\u00e3o \u00e9 que o candidato poder\u00e1 concorrer a <strong>at\u00e9 tr\u00eas cargos <\/strong>simultaneamente, desde que perten\u00e7am a blocos e per\u00edodos de prova diferentes.<\/p>\n\n\n\n<p>As provas do bloco 2 est\u00e3o marcadas para <strong>o dia <\/strong><strong>25 de janeiro<\/strong>. Os candidatos ser\u00e3o avaliados por meio de avalia\u00e7\u00f5es objetiva e discursiva.<\/p>\n\n\n\n<p>A segunda etapa ser\u00e1 o Programa de Forma\u00e7\u00e3o Profissional (somente para os cargos de Gestor Governamental), sob a responsabilidade do Governo do Estado de Pernambuco.<\/p>\n\n\n\n<ul class=\"wp-block-list has-very-light-gray-to-cyan-bluish-gray-gradient-background has-background\">\n<li><strong>Concurso Unificado do Estado do Pernambuco &#8211; Bloco 2<\/strong><\/li>\n\n\n\n<li><strong style=\"color: initial;\">Status:&nbsp;<\/strong>inscri\u00e7\u00f5es abertas at\u00e9 28\/11<\/li>\n\n\n\n<li><strong>Banca:<\/strong>&nbsp;<a href=\"https:\/\/www.concursosfcc.com.br\/\" target=\"_blank\" rel=\"noreferrer noopener\">FCC<\/a><\/li>\n\n\n\n<li><strong>Vagas:<\/strong> 121<\/li>\n\n\n\n<li><strong>Sal\u00e1rio inicial:<\/strong>&nbsp;R$ 4.828,90 a R$ 11.359,85<\/li>\n\n\n\n<li><strong>Edital:<\/strong> <a href=\"https:\/\/dhg1h5j42swfq.cloudfront.net\/2025\/10\/09094108\/edital-concurso-unificado-pernambuco-2025-cup-pe-2.pdf\" target=\"_blank\" rel=\"noreferrer noopener nofollow\">Edital CPU PE 2025<\/a><\/li>\n<\/ul>\n\n\n\n<p>Neste artigo voc\u00ea encontra as principais informa\u00e7\u00f5es do CPU PE bloco 2. Acompanhe os t\u00f3picos abaixo e n\u00e3o perca nenhum detalhe:<\/p>\n\n\n\n<ul id=\"indice\" class=\"wp-block-list\">\n<li><strong><a href=\"#datas\">Principais datas<\/a><\/strong><\/li>\n\n\n\n<li><strong><a href=\"#cargos\">Cargos e vagas<\/a><\/strong>\n<ul class=\"wp-block-list\">\n<li><a href=\"#remuneracao\">Remunera\u00e7\u00e3o<\/a><\/li>\n<\/ul>\n<\/li>\n\n\n\n<li><strong><a href=\"#etapas\">Etapas de prova<\/a><\/strong>\n<ul class=\"wp-block-list\">\n<li><a href=\"#objetiva\">Prova objetiva<\/a><\/li>\n\n\n\n<li><a href=\"#discursiva\">Prova discursiva<\/a><\/li>\n\n\n\n<li><a href=\"#formacao\">Programa de forma\u00e7\u00e3o<\/a><\/li>\n<\/ul>\n<\/li>\n\n\n\n<li><a href=\"#cursos\"><strong>Assinatura e cursos<\/strong><\/a><\/li>\n\n\n\n<li><a href=\"#ficha-tecnica\"><strong>Ficha t\u00e9cnica<\/strong><\/a><\/li>\n<\/ul>\n\n\n\n<div class=\"container\" id=\"boxes\">\n  <div class=\"row\">\n\n    <div class=\"col-sm\">\n      <div class=\"banner-estrat-corj\" id=\"box-assinatura\">\n        <h2 class=\"titulo-assinatura\" style=\"text-align: left;\">Concurso Unificado Pernambuco<\/h2>\n        <p class=\"subtitulo-assinatura\" style=\"text-align: left;\">Veja os cursos que te colocam mais perto da aprova\u00e7\u00e3o!<\/p>\n        <div class=\"box-botao\" style=\"text-align: left;\">\n          <a class=\"btn-assinatura\" target=\"_blank\" href=\"https:\/\/www.estrategiaconcursos.com.br\/cursosPorConcurso\/cpu-pe\/\" role=\"button\" rel=\"noopener noreferrer\">CLIQUE AQUI<\/a>\n        <\/div>\n      <\/div><\/div><\/div><\/div>\n\n\n\n<p class=\"has-text-align-center has-luminous-vivid-amber-background-color has-background\" style=\"font-size:clamp(14.642px, 0.915rem + ((1vw - 3.2px) * 0.721), 22px);\"><strong>BLOCO 02 &#8211; QUALQUER \u00c1REA DE N\u00cdVEL SUPERIOR<\/strong><\/p>\n\n\n\n<h2 class=\"wp-block-heading\" id=\"datas\">Principais datas do bloco 2 do CPU PE <\/h2>\n\n\n\n<ul class=\"wp-block-list\">\n<li><strong>Inscri\u00e7\u00f5es:<\/strong> 30 de outubro a 28 de novembro<\/li>\n\n\n\n<li><strong>Isen\u00e7\u00e3o da taxa:<\/strong> 30 de outubro a 03 de novembro<\/li>\n\n\n\n<li><strong>Pagamento da taxa:<\/strong> at\u00e9 1\u00ba de dezembro<\/li>\n\n\n\n<li><strong>Datas das provas:<\/strong> 25 de janeiro de 2026<\/li>\n<\/ul>\n\n\n\n<h2 class=\"wp-block-heading\" id=\"cargos\">Cargos e vagas do bloco 2 do CPU PE<\/h2>\n\n\n\n<p>As vagas e cargos do bloco 2 se distribuem em um total de <strong>quatro \u00f3rg\u00e3os estaduais<\/strong>. S\u00e3o eles:<\/p>\n\n\n\n<p><strong>121 vagas<\/strong> para a <a href=\"https:\/\/www.estrategiaconcursos.com.br\/blog\/concurso-funape\/\" target=\"_blank\" rel=\"noreferrer noopener\">Funda\u00e7\u00e3o de Aposentadorias e Pens\u00f5es dos Servidores do Estado<\/a>&nbsp;(FUNAPE), <a href=\"https:\/\/www.estrategiaconcursos.com.br\/blog\/concurso-sad-pe\/\" target=\"_blank\" rel=\"noreferrer noopener\">Secretaria de Administra\u00e7\u00e3o<\/a>&nbsp;(SAD), <a href=\"https:\/\/www.estrategiaconcursos.com.br\/blog\/concurso-cge-pe\/\" target=\"_blank\" rel=\"noreferrer noopener\">Secretaria da Controladoria-Geral do Estado de Pernambuco<\/a>&nbsp;(CGE) e <a href=\"https:\/\/www.estrategiaconcursos.com.br\/blog\/concurso-seplag-pe\/\" target=\"_blank\" rel=\"noreferrer noopener\">Secretaria de Planejamento, Gest\u00e3o e Desenvolvimento Regional<\/a>&nbsp;(SEPLAG).<\/p>\n\n\n\n<figure class=\"wp-block-image aligncenter size-full\"><img loading=\"lazy\" decoding=\"async\" width=\"688\" height=\"564\" src=\"https:\/\/dhg1h5j42swfq.cloudfront.net\/2025\/10\/09100341\/image-120.png\" alt=\"Quadro noticioso de cargos e vagas do Bloco 2 do Concurso Unificado Pernambuco - CPU PE\" class=\"wp-image-1652621\" srcset=\"https:\/\/dhg1h5j42swfq.cloudfront.net\/2025\/10\/09100341\/image-120.png 688w, https:\/\/dhg1h5j42swfq.cloudfront.net\/2025\/10\/09100341\/image-120-300x246.png 300w, https:\/\/dhg1h5j42swfq.cloudfront.net\/2025\/10\/09100341\/image-120-150x123.png 150w\" sizes=\"auto, (max-width: 688px) 100vw, 688px\" \/><figcaption class=\"wp-element-caption\">CPU PE bloco 2: cargos e vagas<\/figcaption><\/figure>\n\n\n\n<h3 class=\"wp-block-heading\" id=\"remuneracao\">Remunera\u00e7\u00e3o do bloco 2 do CPU PE<\/h3>\n\n\n\n<p>&gt;<strong>Funda\u00e7\u00e3o de Aposentadorias e Pens\u00f5es dos Servidores do Estado&nbsp;(FUNAPE)<br \/><\/strong>Analista em Gest\u00e3o Previdenci\u00e1ria: remunera\u00e7\u00e3o de <span style=\"text-decoration: underline;\">R$ 5.354,54<\/span>, correspondente ao vencimento-base do cargo.<\/p>\n\n\n\n<p>&gt;<strong>Secretaria de Administra\u00e7\u00e3o&nbsp;(SAD)<\/strong><br \/><strong>Gestor Governamental \u2013 Especialidade: Administrativa<\/strong>: remunera\u00e7\u00e3o de <span style=\"text-decoration: underline;\">at\u00e9 R$ 11.359,85<\/span>, correspondente ao vencimento-base de R$ 6.599,91, acrescido da Parcela Remunerat\u00f3ria de Valoriza\u00e7\u00e3o do Servidor \u2013 PARES, no valor de R$ 800,00, e do Adicional de Incentivo \u00e0 Qualifica\u00e7\u00e3o Profissional, no valor de at\u00e9 60% do vencimento-base.<\/p>\n\n\n\n<p>&gt;<strong>Secretaria da Controladoria-Geral do Estado de Pernambuco&nbsp;(CGE)<\/strong><br \/><strong>Gestor Governamental \u2013 Especialidade: Controle Interno<\/strong>: remunera\u00e7\u00e3o de <span style=\"text-decoration: underline;\">at\u00e9 R$ 11.359,85<\/span>, correspondente ao vencimento-base de R$ 6.599,91, acrescido da Parcela Remunerat\u00f3ria de Valoriza\u00e7\u00e3o do Servidor \u2013 PARES, no valor de R$ 800,00, e do Adicional de Incentivo \u00e0 Qualifica\u00e7\u00e3o Profissional, no valor de at\u00e9 60% do vencimento-base.<\/p>\n\n\n\n<p>&gt;<strong>Secretaria de Planejamento, Gest\u00e3o e Desenvolvimento Regional&nbsp;(SEPLAG)<\/strong><br \/><strong>Gestor Governamental \u2013 Especialidade: Planejamento, Or\u00e7amento e Gest\u00e3o:<\/strong> remunera\u00e7\u00e3o de <span style=\"text-decoration: underline;\">at\u00e9 R$ 11.359,85<\/span>, correspondente ao vencimento-base de R$ 6.599,91, acrescido da Parcela Remunerat\u00f3ria de Valoriza\u00e7\u00e3o do Servidor \u2013 PARES, no valor de R$ 800,00, e do Adicional de Incentivo \u00e0 Qualifica\u00e7\u00e3o Profissional, no valor de at\u00e9 60%dovencimento-base.<\/p>\n\n\n\n<h2 class=\"wp-block-heading\" id=\"etapas\">Etapas e provas do bloco 2 do CPU PE<\/h2>\n\n\n\n<p>Os candidatos do bloco 2 do CPU PE ser\u00e3o avaliados mediante aplica\u00e7\u00e3o de duas etapas, sendo de provas objetivas e discursiva, ambas de car\u00e1ter eliminat\u00f3rio e classificat\u00f3rio.<\/p>\n\n\n\n<h3 class=\"wp-block-heading\" id=\"objetiva\">Prova objetiva<\/h3>\n\n\n\n<p>Com dura\u00e7\u00e3o de<strong> 5 horas<\/strong>, a prova objetiva ser\u00e1 realizada no dia 25 de janeiro de 2026. O exame ser\u00e1 composto por <strong>60 a 70 quest\u00f5es <\/strong>de m\u00faltipla escolha, com 5 alternativas, sendo apenas uma a correta.<\/p>\n\n\n\n<p><strong>Para Analista em Gest\u00e3o Previdenci\u00e1ria:<\/strong><\/p>\n\n\n\n<ul class=\"wp-block-list\">\n<li>Conhecimentos Gerais: 30 quest\u00f5es<\/li>\n\n\n\n<li>Conhecimentos Espec\u00edficos: 30 quest\u00f5es<\/li>\n<\/ul>\n\n\n\n<p><strong>Apenas para o cargo de Gestor Governamental:<\/strong><\/p>\n\n\n\n<ul class=\"wp-block-list\">\n<li>Conhecimentos Gerais: 30 quest\u00f5es<\/li>\n\n\n\n<li>Conhecimentos Espec\u00edficos: 40 quest\u00f5es<\/li>\n<\/ul>\n\n\n\n<p>&gt;&gt;&gt; <strong><a href=\"https:\/\/dhg1h5j42swfq.cloudfront.net\/2025\/10\/09102855\/provas-cup-pe.pdf\" target=\"_blank\" rel=\"noreferrer noopener nofollow\">Confira na \u00edntegra os detalhes das provas para cada cargo e Bloco<\/a>.<\/strong><\/p>\n\n\n\n<p>Ser\u00e1 considerado habilitado nesta etapa o candidato que tenha obtido o total de pontos, no somat\u00f3rio das notas padronizadas das Provas Objetivas de Conhecimentos Gerais e de Conhecimentos Espec\u00edfico, igual ou superior a 200.<\/p>\n\n\n\n<p>Ao todo, 10 cidades ser\u00e3o sede da aplica\u00e7\u00e3o das provas do novo processo seletivo de Pernambuco. S\u00e3o elas: <strong>Recife, Carpina, Palmares, Caruaru, Arcoverde, Floresta, Afogados da Ingazeira, Salgueiro, Ariripina e Petrolina.<\/strong><\/p>\n\n\n\n<p>Vale ressaltar que a op\u00e7\u00e3o de lota\u00e7\u00e3o <span style=\"text-decoration: underline;\">n\u00e3o<\/span> vincula o candidato a realizar as provas objetivas e discursivas no munic\u00edpio de aplica\u00e7\u00e3o daquela cidade.<\/p>\n\n\n\n<h3 class=\"wp-block-heading\" id=\"discursiva\">Prova discursiva<\/h3>\n\n\n\n<p>Para os cargos de <strong>n\u00edvel m\u00e9dio<\/strong> ser\u00e1 aplicada uma <strong>Prova Discursiva \u2013 Reda\u00e7\u00e3o<\/strong>. O candidato dever\u00e1 produzir um texto dissertativo-argumentativo autoral, coeso e coerente.<\/p>\n\n\n\n<p>Nele, dever\u00e1 ser empregando a norma-padr\u00e3o da l\u00edngua portuguesa, a partir de proposta \u00fanica sobre assunto de interesse geral n\u00e3o atrelado necessariamente ao Conte\u00fado Program\u00e1tico de Conhecimentos Espec\u00edficos.<\/p>\n\n\n\n<p>A etapa ser\u00e1 avaliada na escala de 0 a 100,00 pontos. Considerar-se-\u00e1 habilitado o candidato que tiver obtido nota igual ou superior a 60,00 pontos, incluindo os candidatos com defici\u00eancia<\/p>\n\n\n\n<hr class=\"wp-block-separator has-alpha-channel-opacity is-style-dots\"\/>\n\n\n\n<p>Para os cargos de <strong>n\u00edvel <\/strong>superior ser\u00e1 aplicada uma <strong>Prova Discursiva \u2013 Estudo de Caso<\/strong>, 02 (duas) quest\u00f5es pr\u00e1ticas.<\/p>\n\n\n\n<p>Cada quest\u00e3o ser\u00e1 avaliada na escala de 0 a 100,00 pontos. Considerar-se-\u00e1 habilitado o candidato que tiver obtido, no conjunto das duas quest\u00f5es, m\u00e9dia igual ou superior a 50,00 pontos.<\/p>\n\n\n\n<h3 class=\"wp-block-heading\" id=\"formacao\">Programa de forma\u00e7\u00e3o (segunda etapa)<\/h3>\n\n\n\n<p>O Programa de Forma\u00e7\u00e3o ser\u00e1 de car\u00e1ter eliminat\u00f3rio, sob a responsabilidade do Governo do Estado de Pernambuco, para os seguintes Cargos\/\u00c1reas\/Especialidades\/Qualifica\u00e7\u00e3o: <\/p>\n\n\n\n<ul class=\"wp-block-list\">\n<li>Gestor Governamental \u2013 Especialidade: Administrativa;<\/li>\n\n\n\n<li>Gestor Governamental \u2013 Especialidade: Controle Interno (todas as \u00e1reas); e <\/li>\n\n\n\n<li>Gestor Governamental \u2013 Especialidade: Planejamento, Or\u00e7amento e Gest\u00e3o.<\/li>\n<\/ul>\n\n\n\n<p>O Programa de Forma\u00e7\u00e3o ser\u00e1 realizado no Munic\u00edpio de Recife\/PE. Demais informa\u00e7\u00f5es ser\u00e3o divulgadas em edital espec\u00edfico a ser publicado no Di\u00e1rio Oficial do Estado.<\/p>\n\n\n\n<p class=\"has-text-align-center has-very-light-gray-to-cyan-bluish-gray-gradient-background has-background has-medium-font-size\"><strong><a href=\"https:\/\/www.estrategiaconcursos.com.br\/blog\/concurso-unificado-pe\/\" target=\"_blank\" rel=\"noreferrer noopener\">Saiba tudo sobre o Concurso Unificado Pernambuco AQUI!<\/a><\/strong><\/p>\n\n\n\n<hr class=\"wp-block-separator has-alpha-channel-opacity\"\/>\n\n\n\n<h2 class=\"wp-block-heading has-text-align-center\" id=\"cursos\"><em>Quer estudar para o Concurso Unificado Pernambuco (CPU PE) do Bloco 2?<\/em><\/h2>\n\n\n\n<div class=\"container\" id=\"boxes\">\n  <div class=\"row\">\n\n    <div class=\"col-sm\">\n      <div class=\"banner-estrat-corj\" id=\"box-assinatura\">\n        <h2 class=\"titulo-assinatura\" style=\"text-align: left;\">Concurso Unificado PE<\/h2>\n        <p class=\"subtitulo-assinatura\" style=\"text-align: left;\">Estude com foco e estrat\u00e9gia!<\/p>\n        <div class=\"box-botao\" style=\"text-align: left;\">\n          <a class=\"btn-assinatura\" target=\"_blank\" href=\"https:\/\/www.estrategiaconcursos.com.br\/cursosPorConcurso\/cpu-pe\/\" role=\"button\" rel=\"noopener noreferrer\">CONHE\u00c7A OS CURSOS<\/a>\n        <\/div>\n      <\/div><\/div><\/div><\/div>\n\n\n\n<div class=\"container\" id=\"boxes\">\n  <div class=\"row\">\n\n    <div class=\"col-sm\">\n      <div class=\"estrategia\" id=\"box-assinatura\">\n        <h3 class=\"titulo-assinatura\">Assinatura Concursos<\/h3>\n        <p class=\"subtitulo-assinatura\">Assinatura de 1 ano ou 2 anos<\/p>\n        <div class=\"box-botao\">\n          <a class=\"btn-assinatura\" target=\"_blank\" href=\"https:\/\/www.estrategiaconcursos.com.br\/assinaturas\/\" role=\"button\" rel=\"noopener noreferrer\">ASSINE AGORA<\/a>\n        <\/div>\n      <\/div><\/div><\/div><\/div>\n\n\n\n<h2 class=\"wp-block-heading has-text-align-center\" id=\"h-quer-saber-tudo-sobre-concursos-previstos-confira-os-nossos-artigos\">Quer saber tudo sobre concursos previstos?<br \/>Confira os nossos artigos!<\/h2>\n\n\n\n<ul class=\"wp-block-list\">\n<li><a href=\"https:\/\/www.estrategiaconcursos.com.br\/blog\/concursos-abertos\/\" target=\"_blank\" rel=\"noreferrer noopener\">Concursos Abertos<\/a><\/li>\n\n\n\n<li><a href=\"https:\/\/www.estrategiaconcursos.com.br\/blog\/concursos-2025\/?srsltid=AfmBOopDMNzJ8gNLVf-tf6hA8LSL1sPFHmj_NErbeR3s_vM_WcHgNMbD\" target=\"_blank\" rel=\"noreferrer noopener\">Concursos 2025<\/a><\/li>\n\n\n\n<li><a href=\"https:\/\/www.estrategiaconcursos.com.br\/blog\/concursos-2026\/\" target=\"_blank\" rel=\"noreferrer noopener\">Concursos 2026<\/a><\/li>\n\n\n\n<li><a href=\"https:\/\/www.estrategiaconcursos.com.br\/blog\/concursos-pe\/\" target=\"_blank\" rel=\"noreferrer noopener\">Concursos PE<\/a><\/li>\n<\/ul>\n\n\n\n<figure class=\"wp-block-image is-resized\"><img loading=\"lazy\" decoding=\"async\" width=\"1024\" height=\"632\" src=\"https:\/\/dhg1h5j42swfq.cloudfront.net\/2021\/04\/01161145\/ficha-tecnica-5-1024x632.png\" alt=\"Informa\u00e7\u00f5es do CPU PE bloco 2\" class=\"wp-image-706736\" style=\"width:236px;height:145px\" srcset=\"https:\/\/dhg1h5j42swfq.cloudfront.net\/2021\/04\/01161145\/ficha-tecnica-5-1024x632.png 1024w, https:\/\/dhg1h5j42swfq.cloudfront.net\/2021\/04\/01161145\/ficha-tecnica-5-300x185.png 300w, https:\/\/dhg1h5j42swfq.cloudfront.net\/2021\/04\/01161145\/ficha-tecnica-5-768x474.png 768w, https:\/\/dhg1h5j42swfq.cloudfront.net\/2021\/04\/01161145\/ficha-tecnica-5-1536x948.png 1536w, https:\/\/dhg1h5j42swfq.cloudfront.net\/2021\/04\/01161145\/ficha-tecnica-5-610x377.png 610w, https:\/\/dhg1h5j42swfq.cloudfront.net\/2021\/04\/01161145\/ficha-tecnica-5.png 1571w\" sizes=\"auto, (max-width: 1024px) 100vw, 1024px\" \/><\/figure>\n\n\n\n<h3 class=\"wp-block-heading\" id=\"ficha-tecnica\">Informa\u00e7\u00f5es do CPU PE bloco 2<\/h3>\n\n\n\n<ul class=\"wp-block-list\">\n<li><strong>Data da prova:<\/strong> 25\/01\/2026<\/li>\n\n\n\n<li><strong>Banca<\/strong>: FCC<\/li>\n\n\n\n<li><strong>Escolaridade<\/strong>: n\u00edvel superior<\/li>\n\n\n\n<li><strong>Vagas:<\/strong> 121<\/li>\n\n\n\n<li><strong>Cargos<\/strong>: diversos<\/li>\n\n\n\n<li><strong>Edital:<\/strong> <a href=\"https:\/\/dhg1h5j42swfq.cloudfront.net\/2025\/10\/09094108\/edital-concurso-unificado-pernambuco-2025-cup-pe-2.pdf\" target=\"_blank\" rel=\"noreferrer noopener nofollow\">Edital CPU PE 2025<\/a><\/li>\n<\/ul>\n","protected":false},"excerpt":{"rendered":"<p>O Bloco 2 do CPU PE \u00e9 de cargos com forma\u00e7\u00e3o em qualquer \u00e1rea de n\u00edvel superior! O Bloco 2 do Concurso P\u00fablico Unificado do Estado do Pernambuco (CPU PE) \u00e9 aquele com 121 vagas para cargos de n\u00edvel superior em qualquer \u00e1rea de forma\u00e7\u00e3o. As oportunidades se distribuem em carreiras de quatro \u00f3rg\u00e3os: Funape, [&hellip;]<\/p>\n","protected":false},"author":2692,"featured_media":1659428,"comment_status":"open","ping_status":"closed","sticky":false,"template":"","format":"standard","meta":{"post_tipo":"news_page","footnotes":""},"categories":[214992],"tags":[],"tax_estado":[219979],"class_list":["post-1659389","post","type-post","status-publish","format-standard","has-post-thumbnail","hentry","category-concursos-administrativos","tax_estado-pe"],"acf":[],"yoast_head":"<!-- This site is optimized with the Yoast SEO Premium plugin v27.2 (Yoast SEO v27.2) - https:\/\/yoast.com\/product\/yoast-seo-premium-wordpress\/ -->\n<title>CPU PE Bloco 2: mais de 100 vagas e inicial de R$ 11,3 mil!<\/title>\n<meta name=\"description\" content=\"CPU PE bloco 2 tem inscri\u00e7\u00f5es abertas para 121 vagas imediatas e sal\u00e1rios de at\u00e9 R$ 11,3 mil para n\u00edvel superior em qualquer \u00e1rea!\" \/>\n<meta name=\"robots\" content=\"index, follow, max-snippet:-1, max-image-preview:large, max-video-preview:-1\" \/>\n<link rel=\"canonical\" href=\"https:\/\/www.estrategiaconcursos.com.br\/blog\/cpu-pe-bloco-2\/\" \/>\n<meta property=\"og:locale\" content=\"pt_BR\" \/>\n<meta property=\"og:type\" content=\"article\" \/>\n<meta property=\"og:title\" content=\"CPU PE Bloco 2: mais de 100 vagas e inicial de R$ 11,3 mil!\" \/>\n<meta property=\"og:description\" content=\"CPU PE bloco 2 tem inscri\u00e7\u00f5es abertas para 121 vagas imediatas e sal\u00e1rios de at\u00e9 R$ 11,3 mil para n\u00edvel superior em qualquer \u00e1rea!\" \/>\n<meta property=\"og:url\" content=\"https:\/\/www.estrategiaconcursos.com.br\/blog\/cpu-pe-bloco-2\/\" \/>\n<meta property=\"og:site_name\" content=\"Estrat\u00e9gia Concursos\" \/>\n<meta property=\"article:published_time\" content=\"2025-11-04T20:25:15+00:00\" \/>\n<meta property=\"article:modified_time\" content=\"2025-11-07T12:44:55+00:00\" \/>\n<meta property=\"og:image\" content=\"https:\/\/dhg1h5j42swfq.cloudfront.net\/2025\/10\/22234745\/cpu-pe-bloco-2-1.jpg\" \/>\n\t<meta property=\"og:image:width\" content=\"768\" \/>\n\t<meta property=\"og:image:height\" content=\"432\" \/>\n\t<meta property=\"og:image:type\" content=\"image\/jpeg\" \/>\n<meta name=\"author\" content=\"Ronaldo Scanavini Neto\" \/>\n<meta name=\"twitter:card\" content=\"summary_large_image\" \/>\n<meta name=\"twitter:creator\" content=\"@EstratConcursos\" \/>\n<meta name=\"twitter:site\" content=\"@EstratConcursos\" \/>\n<meta name=\"twitter:label1\" content=\"Escrito por\" \/>\n\t<meta name=\"twitter:data1\" content=\"Ronaldo Scanavini Neto\" \/>\n\t<meta name=\"twitter:label2\" content=\"Est. tempo de leitura\" \/>\n\t<meta name=\"twitter:data2\" content=\"6 minutos\" \/>\n<script type=\"application\/ld+json\" class=\"yoast-schema-graph\">{\"@context\":\"https:\/\/schema.org\",\"@graph\":[{\"@type\":\"NewsArticle\",\"@id\":\"https:\/\/www.estrategiaconcursos.com.br\/blog\/cpu-pe-bloco-2\/#article\",\"isPartOf\":{\"@id\":\"https:\/\/www.estrategiaconcursos.com.br\/blog\/cpu-pe-bloco-2\/\"},\"author\":{\"name\":\"Ronaldo Scanavini Neto\",\"@id\":\"https:\/\/www.estrategiaconcursos.com.br\/blog\/#\/schema\/person\/70c2ad4297aa24ff8815b08215b23a76\"},\"headline\":\"CPU PE Bloco 2: mais de 100 vagas e inicial de R$ 11,3 mil!\",\"datePublished\":\"2025-11-04T20:25:15+00:00\",\"dateModified\":\"2025-11-07T12:44:55+00:00\",\"mainEntityOfPage\":{\"@id\":\"https:\/\/www.estrategiaconcursos.com.br\/blog\/cpu-pe-bloco-2\/\"},\"wordCount\":1149,\"commentCount\":0,\"publisher\":{\"@id\":\"https:\/\/www.estrategiaconcursos.com.br\/blog\/#organization\"},\"image\":{\"@id\":\"https:\/\/www.estrategiaconcursos.com.br\/blog\/cpu-pe-bloco-2\/#primaryimage\"},\"thumbnailUrl\":\"https:\/\/dhg1h5j42swfq.cloudfront.net\/2025\/10\/22234745\/cpu-pe-bloco-2-1.jpg\",\"articleSection\":[\"Executivo (Administrativa)\"],\"inLanguage\":\"pt-BR\",\"potentialAction\":[{\"@type\":\"CommentAction\",\"name\":\"Comment\",\"target\":[\"https:\/\/www.estrategiaconcursos.com.br\/blog\/cpu-pe-bloco-2\/#respond\"]}],\"copyrightYear\":\"2025\",\"copyrightHolder\":{\"@id\":\"https:\/\/www.estrategiaconcursos.com.br\/blog\/#organization\"}},{\"@type\":\"WebPage\",\"@id\":\"https:\/\/www.estrategiaconcursos.com.br\/blog\/cpu-pe-bloco-2\/\",\"url\":\"https:\/\/www.estrategiaconcursos.com.br\/blog\/cpu-pe-bloco-2\/\",\"name\":\"CPU PE Bloco 2: mais de 100 vagas e inicial de R$ 11,3 mil!\",\"isPartOf\":{\"@id\":\"https:\/\/www.estrategiaconcursos.com.br\/blog\/#website\"},\"primaryImageOfPage\":{\"@id\":\"https:\/\/www.estrategiaconcursos.com.br\/blog\/cpu-pe-bloco-2\/#primaryimage\"},\"image\":{\"@id\":\"https:\/\/www.estrategiaconcursos.com.br\/blog\/cpu-pe-bloco-2\/#primaryimage\"},\"thumbnailUrl\":\"https:\/\/dhg1h5j42swfq.cloudfront.net\/2025\/10\/22234745\/cpu-pe-bloco-2-1.jpg\",\"datePublished\":\"2025-11-04T20:25:15+00:00\",\"dateModified\":\"2025-11-07T12:44:55+00:00\",\"description\":\"CPU PE bloco 2 tem inscri\u00e7\u00f5es abertas para 121 vagas imediatas e sal\u00e1rios de at\u00e9 R$ 11,3 mil para n\u00edvel superior em qualquer \u00e1rea!\",\"breadcrumb\":{\"@id\":\"https:\/\/www.estrategiaconcursos.com.br\/blog\/cpu-pe-bloco-2\/#breadcrumb\"},\"inLanguage\":\"pt-BR\",\"potentialAction\":[{\"@type\":\"ReadAction\",\"target\":[\"https:\/\/www.estrategiaconcursos.com.br\/blog\/cpu-pe-bloco-2\/\"]}]},{\"@type\":\"ImageObject\",\"inLanguage\":\"pt-BR\",\"@id\":\"https:\/\/www.estrategiaconcursos.com.br\/blog\/cpu-pe-bloco-2\/#primaryimage\",\"url\":\"https:\/\/dhg1h5j42swfq.cloudfront.net\/2025\/10\/22234745\/cpu-pe-bloco-2-1.jpg\",\"contentUrl\":\"https:\/\/dhg1h5j42swfq.cloudfront.net\/2025\/10\/22234745\/cpu-pe-bloco-2-1.jpg\",\"width\":768,\"height\":432},{\"@type\":\"BreadcrumbList\",\"@id\":\"https:\/\/www.estrategiaconcursos.com.br\/blog\/cpu-pe-bloco-2\/#breadcrumb\",\"itemListElement\":[{\"@type\":\"ListItem\",\"position\":1,\"name\":\"In\u00edcio\",\"item\":\"https:\/\/www.estrategiaconcursos.com.br\/blog\/\"},{\"@type\":\"ListItem\",\"position\":2,\"name\":\"CPU PE Bloco 2: mais de 100 vagas e inicial de R$ 11,3 mil!\"}]},{\"@type\":\"WebSite\",\"@id\":\"https:\/\/www.estrategiaconcursos.com.br\/blog\/#website\",\"url\":\"https:\/\/www.estrategiaconcursos.com.br\/blog\/\",\"name\":\"Estrat\u00e9gia Concursos\",\"description\":\"O blog da Estrat\u00e9gia Concursos traz not\u00edcias sobre concursos e artigos de professores oferecendo cursos para concursos (pdf + videaulas) no site.\",\"publisher\":{\"@id\":\"https:\/\/www.estrategiaconcursos.com.br\/blog\/#organization\"},\"potentialAction\":[{\"@type\":\"SearchAction\",\"target\":{\"@type\":\"EntryPoint\",\"urlTemplate\":\"https:\/\/www.estrategiaconcursos.com.br\/blog\/?s={search_term_string}\"},\"query-input\":{\"@type\":\"PropertyValueSpecification\",\"valueRequired\":true,\"valueName\":\"search_term_string\"}}],\"inLanguage\":\"pt-BR\"},{\"@type\":\"Organization\",\"@id\":\"https:\/\/www.estrategiaconcursos.com.br\/blog\/#organization\",\"name\":\"Estrat\u00e9gia Concursos\",\"url\":\"https:\/\/www.estrategiaconcursos.com.br\/blog\/\",\"logo\":{\"@type\":\"ImageObject\",\"inLanguage\":\"pt-BR\",\"@id\":\"https:\/\/www.estrategiaconcursos.com.br\/blog\/#\/schema\/logo\/image\/\",\"url\":\"https:\/\/dhg1h5j42swfq.cloudfront.net\/2025\/06\/03203428\/logo_concursos-1.jpg\",\"contentUrl\":\"https:\/\/dhg1h5j42swfq.cloudfront.net\/2025\/06\/03203428\/logo_concursos-1.jpg\",\"width\":230,\"height\":60,\"caption\":\"Estrat\u00e9gia Concursos\"},\"image\":{\"@id\":\"https:\/\/www.estrategiaconcursos.com.br\/blog\/#\/schema\/logo\/image\/\"},\"sameAs\":[\"https:\/\/x.com\/EstratConcursos\"]},{\"@type\":\"Person\",\"@id\":\"https:\/\/www.estrategiaconcursos.com.br\/blog\/#\/schema\/person\/70c2ad4297aa24ff8815b08215b23a76\",\"name\":\"Ronaldo Scanavini Neto\",\"image\":{\"@type\":\"ImageObject\",\"inLanguage\":\"pt-BR\",\"@id\":\"https:\/\/secure.gravatar.com\/avatar\/f93d8e56fe264596e94aee6b3feb737d98ad0fc5bac7eb0a245f04723c5c8f21?s=96&d=mm&r=g\",\"url\":\"https:\/\/secure.gravatar.com\/avatar\/f93d8e56fe264596e94aee6b3feb737d98ad0fc5bac7eb0a245f04723c5c8f21?s=96&d=mm&r=g\",\"contentUrl\":\"https:\/\/secure.gravatar.com\/avatar\/f93d8e56fe264596e94aee6b3feb737d98ad0fc5bac7eb0a245f04723c5c8f21?s=96&d=mm&r=g\",\"caption\":\"Ronaldo Scanavini Neto\"},\"description\":\"Graduando em Comunica\u00e7\u00e3o Social \u2013 Jornalismo pela Universidade Federal de Vi\u00e7osa (UFV). Integra a equipe de jornalismo do Estrat\u00e9gia Concursos desde 2023, atuando com \u00eanfase na cobertura da \u00e1rea fiscal. Tamb\u00e9m realiza a apura\u00e7\u00e3o e produ\u00e7\u00e3o de not\u00edcias sobre concursos federais, \u00f3rg\u00e3os participantes do CNU e das \u00e1reas de controle, gest\u00e3o, engenharia, Exame CFC, comunica\u00e7\u00e3o social TI e \u00e1rea de concursos administrativos.\",\"url\":\"https:\/\/www.estrategiaconcursos.com.br\/blog\/author\/ronaldo-netoestrategia-com\/\"}]}<\/script>\n<!-- \/ Yoast SEO Premium plugin. -->","yoast_head_json":{"title":"CPU PE Bloco 2: mais de 100 vagas e inicial de R$ 11,3 mil!","description":"CPU PE bloco 2 tem inscri\u00e7\u00f5es abertas para 121 vagas imediatas e sal\u00e1rios de at\u00e9 R$ 11,3 mil para n\u00edvel superior em qualquer \u00e1rea!","robots":{"index":"index","follow":"follow","max-snippet":"max-snippet:-1","max-image-preview":"max-image-preview:large","max-video-preview":"max-video-preview:-1"},"canonical":"https:\/\/www.estrategiaconcursos.com.br\/blog\/cpu-pe-bloco-2\/","og_locale":"pt_BR","og_type":"article","og_title":"CPU PE Bloco 2: mais de 100 vagas e inicial de R$ 11,3 mil!","og_description":"CPU PE bloco 2 tem inscri\u00e7\u00f5es abertas para 121 vagas imediatas e sal\u00e1rios de at\u00e9 R$ 11,3 mil para n\u00edvel superior em qualquer \u00e1rea!","og_url":"https:\/\/www.estrategiaconcursos.com.br\/blog\/cpu-pe-bloco-2\/","og_site_name":"Estrat\u00e9gia Concursos","article_published_time":"2025-11-04T20:25:15+00:00","article_modified_time":"2025-11-07T12:44:55+00:00","og_image":[{"width":768,"height":432,"url":"https:\/\/dhg1h5j42swfq.cloudfront.net\/2025\/10\/22234745\/cpu-pe-bloco-2-1.jpg","type":"image\/jpeg"}],"author":"Ronaldo Scanavini Neto","twitter_card":"summary_large_image","twitter_creator":"@EstratConcursos","twitter_site":"@EstratConcursos","twitter_misc":{"Escrito por":"Ronaldo Scanavini Neto","Est. tempo de leitura":"6 minutos"},"schema":{"@context":"https:\/\/schema.org","@graph":[{"@type":"NewsArticle","@id":"https:\/\/www.estrategiaconcursos.com.br\/blog\/cpu-pe-bloco-2\/#article","isPartOf":{"@id":"https:\/\/www.estrategiaconcursos.com.br\/blog\/cpu-pe-bloco-2\/"},"author":{"name":"Ronaldo Scanavini Neto","@id":"https:\/\/www.estrategiaconcursos.com.br\/blog\/#\/schema\/person\/70c2ad4297aa24ff8815b08215b23a76"},"headline":"CPU PE Bloco 2: mais de 100 vagas e inicial de R$ 11,3 mil!","datePublished":"2025-11-04T20:25:15+00:00","dateModified":"2025-11-07T12:44:55+00:00","mainEntityOfPage":{"@id":"https:\/\/www.estrategiaconcursos.com.br\/blog\/cpu-pe-bloco-2\/"},"wordCount":1149,"commentCount":0,"publisher":{"@id":"https:\/\/www.estrategiaconcursos.com.br\/blog\/#organization"},"image":{"@id":"https:\/\/www.estrategiaconcursos.com.br\/blog\/cpu-pe-bloco-2\/#primaryimage"},"thumbnailUrl":"https:\/\/dhg1h5j42swfq.cloudfront.net\/2025\/10\/22234745\/cpu-pe-bloco-2-1.jpg","articleSection":["Executivo (Administrativa)"],"inLanguage":"pt-BR","potentialAction":[{"@type":"CommentAction","name":"Comment","target":["https:\/\/www.estrategiaconcursos.com.br\/blog\/cpu-pe-bloco-2\/#respond"]}],"copyrightYear":"2025","copyrightHolder":{"@id":"https:\/\/www.estrategiaconcursos.com.br\/blog\/#organization"}},{"@type":"WebPage","@id":"https:\/\/www.estrategiaconcursos.com.br\/blog\/cpu-pe-bloco-2\/","url":"https:\/\/www.estrategiaconcursos.com.br\/blog\/cpu-pe-bloco-2\/","name":"CPU PE Bloco 2: mais de 100 vagas e inicial de R$ 11,3 mil!","isPartOf":{"@id":"https:\/\/www.estrategiaconcursos.com.br\/blog\/#website"},"primaryImageOfPage":{"@id":"https:\/\/www.estrategiaconcursos.com.br\/blog\/cpu-pe-bloco-2\/#primaryimage"},"image":{"@id":"https:\/\/www.estrategiaconcursos.com.br\/blog\/cpu-pe-bloco-2\/#primaryimage"},"thumbnailUrl":"https:\/\/dhg1h5j42swfq.cloudfront.net\/2025\/10\/22234745\/cpu-pe-bloco-2-1.jpg","datePublished":"2025-11-04T20:25:15+00:00","dateModified":"2025-11-07T12:44:55+00:00","description":"CPU PE bloco 2 tem inscri\u00e7\u00f5es abertas para 121 vagas imediatas e sal\u00e1rios de at\u00e9 R$ 11,3 mil para n\u00edvel superior em qualquer \u00e1rea!","breadcrumb":{"@id":"https:\/\/www.estrategiaconcursos.com.br\/blog\/cpu-pe-bloco-2\/#breadcrumb"},"inLanguage":"pt-BR","potentialAction":[{"@type":"ReadAction","target":["https:\/\/www.estrategiaconcursos.com.br\/blog\/cpu-pe-bloco-2\/"]}]},{"@type":"ImageObject","inLanguage":"pt-BR","@id":"https:\/\/www.estrategiaconcursos.com.br\/blog\/cpu-pe-bloco-2\/#primaryimage","url":"https:\/\/dhg1h5j42swfq.cloudfront.net\/2025\/10\/22234745\/cpu-pe-bloco-2-1.jpg","contentUrl":"https:\/\/dhg1h5j42swfq.cloudfront.net\/2025\/10\/22234745\/cpu-pe-bloco-2-1.jpg","width":768,"height":432},{"@type":"BreadcrumbList","@id":"https:\/\/www.estrategiaconcursos.com.br\/blog\/cpu-pe-bloco-2\/#breadcrumb","itemListElement":[{"@type":"ListItem","position":1,"name":"In\u00edcio","item":"https:\/\/www.estrategiaconcursos.com.br\/blog\/"},{"@type":"ListItem","position":2,"name":"CPU PE Bloco 2: mais de 100 vagas e inicial de R$ 11,3 mil!"}]},{"@type":"WebSite","@id":"https:\/\/www.estrategiaconcursos.com.br\/blog\/#website","url":"https:\/\/www.estrategiaconcursos.com.br\/blog\/","name":"Estrat\u00e9gia Concursos","description":"O blog da Estrat\u00e9gia Concursos traz not\u00edcias sobre concursos e artigos de professores oferecendo cursos para concursos (pdf + videaulas) no site.","publisher":{"@id":"https:\/\/www.estrategiaconcursos.com.br\/blog\/#organization"},"potentialAction":[{"@type":"SearchAction","target":{"@type":"EntryPoint","urlTemplate":"https:\/\/www.estrategiaconcursos.com.br\/blog\/?s={search_term_string}"},"query-input":{"@type":"PropertyValueSpecification","valueRequired":true,"valueName":"search_term_string"}}],"inLanguage":"pt-BR"},{"@type":"Organization","@id":"https:\/\/www.estrategiaconcursos.com.br\/blog\/#organization","name":"Estrat\u00e9gia Concursos","url":"https:\/\/www.estrategiaconcursos.com.br\/blog\/","logo":{"@type":"ImageObject","inLanguage":"pt-BR","@id":"https:\/\/www.estrategiaconcursos.com.br\/blog\/#\/schema\/logo\/image\/","url":"https:\/\/dhg1h5j42swfq.cloudfront.net\/2025\/06\/03203428\/logo_concursos-1.jpg","contentUrl":"https:\/\/dhg1h5j42swfq.cloudfront.net\/2025\/06\/03203428\/logo_concursos-1.jpg","width":230,"height":60,"caption":"Estrat\u00e9gia Concursos"},"image":{"@id":"https:\/\/www.estrategiaconcursos.com.br\/blog\/#\/schema\/logo\/image\/"},"sameAs":["https:\/\/x.com\/EstratConcursos"]},{"@type":"Person","@id":"https:\/\/www.estrategiaconcursos.com.br\/blog\/#\/schema\/person\/70c2ad4297aa24ff8815b08215b23a76","name":"Ronaldo Scanavini Neto","image":{"@type":"ImageObject","inLanguage":"pt-BR","@id":"https:\/\/secure.gravatar.com\/avatar\/f93d8e56fe264596e94aee6b3feb737d98ad0fc5bac7eb0a245f04723c5c8f21?s=96&d=mm&r=g","url":"https:\/\/secure.gravatar.com\/avatar\/f93d8e56fe264596e94aee6b3feb737d98ad0fc5bac7eb0a245f04723c5c8f21?s=96&d=mm&r=g","contentUrl":"https:\/\/secure.gravatar.com\/avatar\/f93d8e56fe264596e94aee6b3feb737d98ad0fc5bac7eb0a245f04723c5c8f21?s=96&d=mm&r=g","caption":"Ronaldo Scanavini Neto"},"description":"Graduando em Comunica\u00e7\u00e3o Social \u2013 Jornalismo pela Universidade Federal de Vi\u00e7osa (UFV). Integra a equipe de jornalismo do Estrat\u00e9gia Concursos desde 2023, atuando com \u00eanfase na cobertura da \u00e1rea fiscal. Tamb\u00e9m realiza a apura\u00e7\u00e3o e produ\u00e7\u00e3o de not\u00edcias sobre concursos federais, \u00f3rg\u00e3os participantes do CNU e das \u00e1reas de controle, gest\u00e3o, engenharia, Exame CFC, comunica\u00e7\u00e3o social TI e \u00e1rea de concursos administrativos.","url":"https:\/\/www.estrategiaconcursos.com.br\/blog\/author\/ronaldo-netoestrategia-com\/"}]}},"_links":{"self":[{"href":"https:\/\/www.estrategiaconcursos.com.br\/blog\/wp-json\/wp\/v2\/posts\/1659389","targetHints":{"allow":["GET"]}}],"collection":[{"href":"https:\/\/www.estrategiaconcursos.com.br\/blog\/wp-json\/wp\/v2\/posts"}],"about":[{"href":"https:\/\/www.estrategiaconcursos.com.br\/blog\/wp-json\/wp\/v2\/types\/post"}],"author":[{"embeddable":true,"href":"https:\/\/www.estrategiaconcursos.com.br\/blog\/wp-json\/wp\/v2\/users\/2692"}],"replies":[{"embeddable":true,"href":"https:\/\/www.estrategiaconcursos.com.br\/blog\/wp-json\/wp\/v2\/comments?post=1659389"}],"version-history":[{"count":8,"href":"https:\/\/www.estrategiaconcursos.com.br\/blog\/wp-json\/wp\/v2\/posts\/1659389\/revisions"}],"predecessor-version":[{"id":1667034,"href":"https:\/\/www.estrategiaconcursos.com.br\/blog\/wp-json\/wp\/v2\/posts\/1659389\/revisions\/1667034"}],"wp:featuredmedia":[{"embeddable":true,"href":"https:\/\/www.estrategiaconcursos.com.br\/blog\/wp-json\/wp\/v2\/media\/1659428"}],"wp:attachment":[{"href":"https:\/\/www.estrategiaconcursos.com.br\/blog\/wp-json\/wp\/v2\/media?parent=1659389"}],"wp:term":[{"taxonomy":"category","embeddable":true,"href":"https:\/\/www.estrategiaconcursos.com.br\/blog\/wp-json\/wp\/v2\/categories?post=1659389"},{"taxonomy":"post_tag","embeddable":true,"href":"https:\/\/www.estrategiaconcursos.com.br\/blog\/wp-json\/wp\/v2\/tags?post=1659389"},{"taxonomy":"tax_estado","embeddable":true,"href":"https:\/\/www.estrategiaconcursos.com.br\/blog\/wp-json\/wp\/v2\/tax_estado?post=1659389"}],"curies":[{"name":"wp","href":"https:\/\/api.w.org\/{rel}","templated":true}]}}