{"id":1659301,"date":"2025-11-26T11:29:00","date_gmt":"2025-11-26T14:29:00","guid":{"rendered":"https:\/\/www.estrategiaconcursos.com.br\/blog\/?p=1659301"},"modified":"2025-11-10T16:34:03","modified_gmt":"2025-11-10T19:34:03","slug":"sumula-vinculante-cpu-pe","status":"publish","type":"post","link":"https:\/\/www.estrategiaconcursos.com.br\/blog\/sumula-vinculante-cpu-pe\/","title":{"rendered":"S\u00famula Vinculante para o CPU-PE"},"content":{"rendered":"\n<p>Ol\u00e1, tudo bem? Hoje faremos um resumo sobre a S\u00famula Vinculante para o concurso do CPU-PE (Concurso P\u00fablico Unificado do Estado de Pernambuco).<\/p>\n\n\n\n<p>O CPU-PE, organizado pela Funda\u00e7\u00e3o Carlos Chagas (FCC), teve seu edital lan\u00e7ado recentemente, contando com <strong>460 vagas de provimento imediato <\/strong>para fun\u00e7\u00f5es de <strong>n\u00edveis m\u00e9dio e superior<\/strong>, distribu\u00eddas em nove dos \u00f3rg\u00e3os estaduais.<\/p>\n\n\n\n<p>Embora suspenso temporariamente, a <strong>previs\u00e3o \u00e9 de retomada em breve<\/strong>, com sal\u00e1rios iniciais variando entre <strong>R$2.870,00 a R$11.359,85<\/strong>. Para maiores informa\u00e7\u00f5es, fique de olho em <a href=\"https:\/\/www.estrategiaconcursos.com.br\/blog\/concurso-unificado-pe\/\">nosso <\/a><a href=\"https:\/\/www.estrategiaconcursos.com.br\/blog\/concurso-unificado-pe\/\" target=\"_blank\" rel=\"noreferrer noopener\">a<\/a><a href=\"https:\/\/www.estrategiaconcursos.com.br\/blog\/concurso-unificado-pe\/\">rtigo sobre este concurso<\/a>!<\/p>\n\n\n\n<p>Agora, vamos ao que interessa!<\/p>\n\n\n\n<figure class=\"wp-block-image aligncenter size-large\"><img loading=\"lazy\" decoding=\"async\" width=\"683\" height=\"1024\" src=\"https:\/\/dhg1h5j42swfq.cloudfront.net\/2025\/10\/22174749\/visao-superior-sobre-itens-de-orientacao-de-carreira-para-juizes-683x1024.jpg\" alt=\"S\u00famula Vinculante para o CPU-PE\" class=\"wp-image-1659302\" srcset=\"https:\/\/dhg1h5j42swfq.cloudfront.net\/2025\/10\/22174749\/visao-superior-sobre-itens-de-orientacao-de-carreira-para-juizes-683x1024.jpg 683w, https:\/\/dhg1h5j42swfq.cloudfront.net\/2025\/10\/22174749\/visao-superior-sobre-itens-de-orientacao-de-carreira-para-juizes-200x300.jpg 200w, https:\/\/dhg1h5j42swfq.cloudfront.net\/2025\/10\/22174749\/visao-superior-sobre-itens-de-orientacao-de-carreira-para-juizes-768x1152.jpg 768w, https:\/\/dhg1h5j42swfq.cloudfront.net\/2025\/10\/22174749\/visao-superior-sobre-itens-de-orientacao-de-carreira-para-juizes-1024x1536.jpg 1024w, https:\/\/dhg1h5j42swfq.cloudfront.net\/2025\/10\/22174749\/visao-superior-sobre-itens-de-orientacao-de-carreira-para-juizes-1365x2048.jpg 1365w, https:\/\/dhg1h5j42swfq.cloudfront.net\/2025\/10\/22174749\/visao-superior-sobre-itens-de-orientacao-de-carreira-para-juizes-150x225.jpg 150w, https:\/\/dhg1h5j42swfq.cloudfront.net\/2025\/10\/22174749\/visao-superior-sobre-itens-de-orientacao-de-carreira-para-juizes-scaled.jpg 1707w\" sizes=\"auto, (max-width: 683px) 100vw, 683px\" \/><figcaption class=\"wp-element-caption\">S\u00famula Vinculante para o CPU-PE<\/figcaption><\/figure>\n\n\n\n<div class=\"wp-block-yoast-seo-table-of-contents yoast-table-of-contents\"><h2><mark style=\"background-color:rgba(0, 0, 0, 0)\" class=\"has-inline-color has-vivid-cyan-blue-color\">Tabela de conte\u00fados<\/mark><\/h2><ul><li><a href=\"#h-sumula-vinculante-para-o-cpu-pe\" data-level=\"2\">S\u00famula Vinculante para o CPU-PE<\/a><ul><li><a href=\"#h-previsao-legal-e-finalidade\" data-level=\"3\">Previs\u00e3o legal e finalidade<\/a><\/li><li><a href=\"#h-efeitos-das-sumulas-vinculantes\" data-level=\"3\">Efeitos das s\u00famulas vinculantes<\/a><\/li><li><a href=\"#h-edicao-revisao-e-cancelamento-das-sumulas-vinculantes\" data-level=\"3\">Edi\u00e7\u00e3o, revis\u00e3o e cancelamento das S\u00famulas Vinculantes<\/a><\/li><li><a href=\"#h-reclamacao-constitucional\" data-level=\"3\">Reclama\u00e7\u00e3o constitucional<\/a><\/li><li><a href=\"#h-consideracoes-finais\" data-level=\"3\">Considera\u00e7\u00f5es finais<\/a><\/li><\/ul><\/li><li><a href=\"#h-quer-saber-tudo-sobre-concursos-previstos-confira-nossos-artigos\" data-level=\"2\">Quer saber tudo sobre concursos previstos? Confira nossos artigos!<\/a><\/li><\/ul><\/div>\n\n\n\n<h2 class=\"wp-block-heading has-vivid-cyan-blue-color has-text-color has-link-color wp-elements-99d678d052f1526418e769b48e363c2c\" id=\"h-sumula-vinculante-para-o-cpu-pe\">S\u00famula Vinculante para o CPU-PE<\/h2>\n\n\n\n<h3 class=\"wp-block-heading has-vivid-cyan-blue-color has-text-color has-link-color wp-elements-2e28d4397712920ac8530b3e4ce17fa5\" id=\"h-previsao-legal-e-finalidade\">Previs\u00e3o legal e finalidade<\/h3>\n\n\n\n<p>A Constitui\u00e7\u00e3o Federal de 1988 (CF\/88) passou a prever a figura da s\u00famula vinculante a partir da Emenda Constitucional n\u00ba 45\/2004, que inseriu o art. 103-A na CF\/88:<\/p>\n\n\n\n<div class=\"wp-block-group has-background has-global-padding is-layout-constrained wp-block-group-is-layout-constrained\" style=\"background-color:#8dd2fc2e\">\n<p>Art. 103-A. O Supremo Tribunal Federal poder\u00e1, de of\u00edcio ou por provoca\u00e7\u00e3o, mediante decis\u00e3o de dois ter\u00e7os dos seus membros, ap\u00f3s reiteradas decis\u00f5es sobre mat\u00e9ria constitucional, aprovar s\u00famula que, a partir de sua publica\u00e7\u00e3o na imprensa oficial, ter\u00e1 efeito vinculante em rela\u00e7\u00e3o aos demais \u00f3rg\u00e3os do Poder Judici\u00e1rio e \u00e0 administra\u00e7\u00e3o p\u00fablica direta e indireta, nas esferas federal, estadual e municipal, bem como proceder \u00e0 sua revis\u00e3o ou cancelamento, na forma estabelecida em lei.<\/p>\n<\/div>\n\n\n\n<p>Portanto, assim como as demais s\u00famulas, que indicam entendimentos consolidados dos Tribunais, as s\u00famulas vinculantes tamb\u00e9m tem esse objetivo.&nbsp;<\/p>\n\n\n\n<p>No entanto, a grande diferen\u00e7a entre uma s\u00famula vinculante e uma s\u00famula comum est\u00e1 justamente na parte em que aquela obriga (vincula) os demais \u00f3rg\u00e3os do Poder Judici\u00e1rio e a Administra\u00e7\u00e3o P\u00fablica direta e indireta a observarem.<\/p>\n\n\n\n<p><strong>O \u00fanico \u00f3rg\u00e3o que n\u00e3o \u00e9 vinculado<\/strong> ao enunciado da s\u00famula vinculante \u00e9 o <strong>pr\u00f3prio Supremo Tribunal Federal (STF)<\/strong>, pois \u00e9 o respons\u00e1vel por aprovar e por revisar ou cancelar tais verbetes sumulares.<\/p>\n\n\n\n<p>O <strong>enunciado da s\u00famula ter\u00e1 por objeto a validade, a interpreta\u00e7\u00e3o e a efic\u00e1cia de normas determinada<\/strong>s, acerca das quais haja, entre \u00f3rg\u00e3os judici\u00e1rios ou entre esses e a administra\u00e7\u00e3o p\u00fablica,<strong> controv\u00e9rsia atual <\/strong>que acarrete <strong>grave inseguran\u00e7a jur\u00eddica e relevante multiplica\u00e7\u00e3o de processos <\/strong>sobre id\u00eantica quest\u00e3o.<\/p>\n\n\n\n<p>Para al\u00e9m da CF\/88, houve tamb\u00e9m a aprova\u00e7\u00e3o da <a href=\"https:\/\/www.planalto.gov.br\/ccivil_03\/_ato2004-2006\/2006\/lei\/l11417.htm\">Lei 11.417\/06<\/a> (Lei das S\u00famulas Vinculantes), que disciplinou o tema em \u00e2mbito infraconstitucional.<\/p>\n\n\n\n<h3 class=\"wp-block-heading has-vivid-cyan-blue-color has-text-color has-link-color wp-elements-4c61189ae15b85eb8f87f2c878937298\" id=\"h-efeitos-das-sumulas-vinculantes\">Efeitos das s\u00famulas vinculantes<\/h3>\n\n\n\n<p>Para al\u00e9m do <strong>efeito vinculante<\/strong> de que j\u00e1 tratamos, as s\u00famulas vinculantes tamb\u00e9m t\u00eam<strong> efic\u00e1cia imediata<\/strong>, o que significa dizer que ser\u00e3o aplic\u00e1veis a partir de sua enuncia\u00e7\u00e3o.<\/p>\n\n\n\n<p>No entanto, o pr\u00f3prio STF poder\u00e1, se entender necess\u00e1rio, realizar a chamada <strong>modula\u00e7\u00e3o dos efeitos<\/strong>. Ou seja, poder\u00e1 restringir a aplica\u00e7\u00e3o dos efeitos ou determinar que s\u00f3 ocorrer\u00e3o em momento posterior.<\/p>\n\n\n\n<p>Essa t\u00e9cnica da modula\u00e7\u00e3o dos efeitos \u00e9 importante para assegurar, em alguns casos, a seguran\u00e7a jur\u00eddica ou excepcional interesse p\u00fablico, bem como dar tempo h\u00e1bil para que os demais \u00f3rg\u00e3os do Judici\u00e1rio, a Administra\u00e7\u00e3o P\u00fablica e a pr\u00f3pria sociedade se adaptem \u00e0 nova s\u00famula vinculante.<\/p>\n\n\n\n<p>A <strong>modula\u00e7\u00e3o dos efeitos<\/strong> das s\u00famulas vinculantes apenas ocorrer\u00e1 se<strong> 2\/3 (dois ter\u00e7os)<\/strong> dos membros do STF assim decidirem.<\/p>\n\n\n\n<h3 class=\"wp-block-heading has-vivid-cyan-blue-color has-text-color has-link-color wp-elements-e3b3a2d92afba709df2bef504bbe91e3\" id=\"h-edicao-revisao-e-cancelamento-das-sumulas-vinculantes\">Edi\u00e7\u00e3o, revis\u00e3o e cancelamento das S\u00famulas Vinculantes<\/h3>\n\n\n\n<p>Para que ocorra a edi\u00e7\u00e3o, a revis\u00e3o ou o cancelamento de enunciado de s\u00famula com efeito vinculante, \u00e9 necess\u00e1rio que<strong> 2\/3 (dois ter\u00e7os)<\/strong> dos membros do STF assim decidam, da mesma forma que ocorre na modula\u00e7\u00e3o de seus efeitos.<\/p>\n\n\n\n<p>A aprova\u00e7\u00e3o (edi\u00e7\u00e3o), revis\u00e3o ou cancelamento de s\u00famula vinculante poder\u00e1 ser provocada pelas autoridades do artigo 3\u00ba da Lei 11.417\/2006:<\/p>\n\n\n\n<div class=\"wp-block-group has-background has-global-padding is-layout-constrained wp-block-group-is-layout-constrained\" style=\"background-color:#8dd2fc2e\">\n<p>Art. 3\u00ba S\u00e3o legitimados a propor a edi\u00e7\u00e3o, a revis\u00e3o ou o cancelamento de enunciado de s\u00famula vinculante:<\/p>\n\n\n\n<p>I &#8211; o Presidente da Rep\u00fablica;<\/p>\n\n\n\n<p>II &#8211; a Mesa do Senado Federal;<\/p>\n\n\n\n<p>III \u2013 a Mesa da C\u00e2mara dos Deputados;<\/p>\n\n\n\n<p>IV \u2013 o Procurador-Geral da Rep\u00fablica;<\/p>\n\n\n\n<p>V &#8211; o Conselho Federal da Ordem dos Advogados do Brasil;<\/p>\n\n\n\n<p>VI &#8211; o Defensor P\u00fablico-Geral da Uni\u00e3o;<\/p>\n\n\n\n<p>VII \u2013 partido pol\u00edtico com representa\u00e7\u00e3o no Congresso Nacional;<\/p>\n\n\n\n<p>VIII \u2013 confedera\u00e7\u00e3o sindical ou entidade de classe de \u00e2mbito nacional;<\/p>\n\n\n\n<p>IX \u2013 a Mesa de Assembl\u00e9ia Legislativa ou da C\u00e2mara Legislativa do Distrito Federal;<\/p>\n\n\n\n<p>X &#8211; o Governador de Estado ou do Distrito Federal;<\/p>\n\n\n\n<p>XI &#8211; os Tribunais Superiores, os Tribunais de Justi\u00e7a de Estados ou do Distrito Federal e Territ\u00f3rios, os Tribunais Regionais Federais, os Tribunais Regionais do Trabalho, os Tribunais Regionais Eleitorais e os Tribunais Militares.<\/p>\n<\/div>\n\n\n\n<p>No prazo de 10 (dez) dias ap\u00f3s a sess\u00e3o em que editar, rever ou cancelar enunciado de s\u00famula com efeito vinculante, o STF far\u00e1 publicar, em se\u00e7\u00e3o especial do Di\u00e1rio da Justi\u00e7a e do Di\u00e1rio Oficial da Uni\u00e3o, o enunciado respectivo.<\/p>\n\n\n\n<h3 class=\"wp-block-heading has-vivid-cyan-blue-color has-text-color has-link-color wp-elements-0e1574f395b06de420675750a965c575\" id=\"h-reclamacao-constitucional\">Reclama\u00e7\u00e3o constitucional<\/h3>\n\n\n\n<p>Como dissemos, a s\u00famula vinculante tem esse nome porque deve ser respeitada pelos demais \u00f3rg\u00e3os do Poder Judici\u00e1rio e pela&nbsp; administra\u00e7\u00e3o p\u00fablica direta e indireta de todas as esferas.<\/p>\n\n\n\n<p>Entretanto, <strong>caso n\u00e3o se observe o que diz o enunciado da SV, caber\u00e1 reclama\u00e7\u00e3o ao STF:<\/strong><\/p>\n\n\n\n<div class=\"wp-block-group has-background has-global-padding is-layout-constrained wp-block-group-is-layout-constrained\" style=\"background-color:#8dd2fc2e\">\n<p>CF\/88 &#8211; Art. 103-A. (&#8230;) \u00a7 3\u00ba Do ato administrativo ou decis\u00e3o judicial que contrariar a s\u00famula aplic\u00e1vel ou que indevidamente a aplicar, caber\u00e1 <strong>reclama\u00e7\u00e3o <\/strong>ao Supremo Tribunal Federal que, julgando-a procedente, anular\u00e1 o ato administrativo ou cassar\u00e1 a decis\u00e3o judicial reclamada, e determinar\u00e1 que outra seja proferida com ou sem a aplica\u00e7\u00e3o da s\u00famula, conforme o caso.<\/p>\n\n\n\n<p>Lei 11.417\/2006 &#8211; Art. 7\u00ba Da decis\u00e3o judicial ou do ato administrativo que contrariar enunciado de s\u00famula vinculante, negar-lhe vig\u00eancia ou aplic\u00e1-lo indevidamente caber\u00e1 <strong>reclama\u00e7\u00e3o <\/strong>ao Supremo Tribunal Federal, sem preju\u00edzo dos recursos ou outros meios admiss\u00edveis de impugna\u00e7\u00e3o.<\/p>\n<\/div>\n\n\n\n<p>No entanto, caso se trate de omiss\u00e3o ou ato da administra\u00e7\u00e3o p\u00fablica, o uso da reclama\u00e7\u00e3o s\u00f3 ser\u00e1 admitido ap\u00f3s esgotamento das vias administrativas (trata-se de uma mitiga\u00e7\u00e3o\/exce\u00e7\u00e3o ao princ\u00edpio da inafastabilidade de jurisdi\u00e7\u00e3o).<\/p>\n\n\n\n<p>Caso julgue procedente a reclama\u00e7\u00e3o, o STF anular\u00e1 o ato administrativo ou cassar\u00e1 a decis\u00e3o judicial impugnada, determinando que outra seja proferida com ou sem aplica\u00e7\u00e3o da s\u00famula, conforme o caso.<\/p>\n\n\n\n<h3 class=\"wp-block-heading has-vivid-cyan-blue-color has-text-color has-link-color wp-elements-fb891aa362d50efd77a7db81cb91ab17\" id=\"h-consideracoes-finais\">Considera\u00e7\u00f5es finais<\/h3>\n\n\n\n<p>Pessoal, esse foi nosso breve resumo sobre a S\u00famula Vinculante para o concurso do CPU-PE (Concurso P\u00fablico Unificado do Estado de Pernambuco).<\/p>\n\n\n\n<p>Nosso tempo aqui \u00e9 breve e n\u00e3o conseguimos, claro, esgotar o assunto. Portanto, n\u00e3o deixe de revisar o tema em seu material de estudo e praticar com diversas quest\u00f5es.<\/p>\n\n\n\n<p>At\u00e9 a pr\u00f3xima!<\/p>\n\n\n\n<figure class=\"wp-block-image aligncenter size-large is-resized\"><img decoding=\"async\" src=\"https:\/\/dhg1h5j42swfq.cloudfront.net\/2020\/09\/18141901\/Coruja_Concursos%404x-506x1024.png\" alt=\"Concursos 2024 Estrat\u00e9gia Concursos\" class=\"wp-image-574355\" style=\"aspect-ratio:0.5;width:30px;height:auto\"\/><\/figure>\n\n\n\n<h2 class=\"wp-block-heading has-text-align-center\" id=\"h-quer-saber-tudo-sobre-concursos-previstos-confira-nossos-artigos\">Quer saber tudo sobre concursos previstos?<br \/>Confira nossos artigos!<\/h2>\n\n\n\n<ul class=\"wp-block-list\">\n<li><a href=\"https:\/\/www.estrategiaconcursos.com.br\/blog\/concursos-abertos\/\" target=\"_blank\" rel=\"noreferrer noopener\">Concursos Abertos<\/a><\/li>\n\n\n\n<li><a href=\"https:\/\/www.estrategiaconcursos.com.br\/blog\/concursos-2025\/\">Concursos 2025<\/a><\/li>\n<\/ul>\n\n\n\n<div class=\"container\" id=\"boxes\">\n  <div class=\"row\">\n\n    <div class=\"col-sm\">\n      <div class=\"banner-estrat-corj\" id=\"box-assinatura\">\n        <h3 class=\"titulo-assinatura\" style=\"text-align: left;\">Concursos 2025<\/h3>\n        <p class=\"subtitulo-assinatura\" style=\"text-align: left;\">Explore os cursos preparat\u00f3rios completos! \u2728<\/p>\n        <div class=\"box-botao\" style=\"text-align: left;\">\n          <a class=\"btn-assinatura\" target=\"_blank\" href=\"https:\/\/www.estrategiaconcursos.com.br\/cursos\/concurso\/\" role=\"button\" rel=\"noopener noreferrer\">CLIQUE AQUI<\/a>\n        <\/div>\n      <\/div><\/div><\/div><\/div>\n\n\n\n<div class=\"container\" id=\"boxes\">\n  <div class=\"row\">\n\n    <div class=\"col-sm\">\n      <div class=\"estrategia\" id=\"box-assinatura\">\n        <h3 class=\"titulo-assinatura\">Assinatura Concursos<\/h3>\n        <p class=\"subtitulo-assinatura\">Assinatura de 1 ano ou 2 anos<\/p>\n        <div class=\"box-botao\">\n          <a class=\"btn-assinatura\" target=\"_blank\" href=\"https:\/\/www.estrategiaconcursos.com.br\/assinaturas\/\" role=\"button\" rel=\"noopener noreferrer\">ASSINE AGORA<\/a>\n        <\/div>\n      <\/div><\/div><\/div><\/div>\n","protected":false},"excerpt":{"rendered":"<p>Ol\u00e1, tudo bem? Hoje faremos um resumo sobre a S\u00famula Vinculante para o concurso do CPU-PE (Concurso P\u00fablico Unificado do Estado de Pernambuco). O CPU-PE, organizado pela Funda\u00e7\u00e3o Carlos Chagas (FCC), teve seu edital lan\u00e7ado recentemente, contando com 460 vagas de provimento imediato para fun\u00e7\u00f5es de n\u00edveis m\u00e9dio e superior, distribu\u00eddas em nove dos \u00f3rg\u00e3os [&hellip;]<\/p>\n","protected":false},"author":2567,"featured_media":1659302,"comment_status":"open","ping_status":"closed","sticky":false,"template":"","format":"standard","meta":{"post_tipo":"article","footnotes":""},"categories":[1],"tags":[],"tax_estado":[219979],"class_list":["post-1659301","post","type-post","status-publish","format-standard","has-post-thumbnail","hentry","category-cursos-e-concursos","tax_estado-pe"],"acf":[],"yoast_head":"<!-- This site is optimized with the Yoast SEO Premium plugin v27.2 (Yoast SEO v27.2) - https:\/\/yoast.com\/product\/yoast-seo-premium-wordpress\/ -->\n<title>S\u00famula Vinculante para o CPU-PE<\/title>\n<meta name=\"description\" content=\"Confira nosso resumo sobre a S\u00famula Vinculante para o concurso do CPU-PE (Concurso P\u00fablico Unificado do Estado de Pernambuco).\" \/>\n<meta name=\"robots\" content=\"index, follow, max-snippet:-1, max-image-preview:large, max-video-preview:-1\" \/>\n<link rel=\"canonical\" href=\"https:\/\/www.estrategiaconcursos.com.br\/blog\/sumula-vinculante-cpu-pe\/\" \/>\n<meta property=\"og:locale\" content=\"pt_BR\" \/>\n<meta property=\"og:type\" content=\"article\" \/>\n<meta property=\"og:title\" content=\"S\u00famula Vinculante para o CPU-PE\" \/>\n<meta property=\"og:description\" content=\"Confira nosso resumo sobre a S\u00famula Vinculante para o concurso do CPU-PE (Concurso P\u00fablico Unificado do Estado de Pernambuco).\" \/>\n<meta property=\"og:url\" content=\"https:\/\/www.estrategiaconcursos.com.br\/blog\/sumula-vinculante-cpu-pe\/\" \/>\n<meta property=\"og:site_name\" content=\"Estrat\u00e9gia Concursos\" \/>\n<meta property=\"article:published_time\" content=\"2025-11-26T14:29:00+00:00\" \/>\n<meta property=\"og:image\" content=\"https:\/\/dhg1h5j42swfq.cloudfront.net\/2025\/10\/22174749\/visao-superior-sobre-itens-de-orientacao-de-carreira-para-juizes-scaled.jpg\" \/>\n\t<meta property=\"og:image:width\" content=\"1707\" \/>\n\t<meta property=\"og:image:height\" content=\"2560\" \/>\n\t<meta property=\"og:image:type\" content=\"image\/jpeg\" \/>\n<meta name=\"author\" content=\"Frederico Tadeu Borlot Peixoto\" \/>\n<meta name=\"twitter:card\" content=\"summary_large_image\" \/>\n<meta name=\"twitter:creator\" content=\"@EstratConcursos\" \/>\n<meta name=\"twitter:site\" content=\"@EstratConcursos\" \/>\n<meta name=\"twitter:label1\" content=\"Escrito por\" \/>\n\t<meta name=\"twitter:data1\" content=\"Frederico Tadeu Borlot Peixoto\" \/>\n\t<meta name=\"twitter:label2\" content=\"Est. tempo de leitura\" \/>\n\t<meta name=\"twitter:data2\" content=\"6 minutos\" \/>\n<script type=\"application\/ld+json\" class=\"yoast-schema-graph\">{\"@context\":\"https:\/\/schema.org\",\"@graph\":[{\"@type\":\"NewsArticle\",\"@id\":\"https:\/\/www.estrategiaconcursos.com.br\/blog\/sumula-vinculante-cpu-pe\/#article\",\"isPartOf\":{\"@id\":\"https:\/\/www.estrategiaconcursos.com.br\/blog\/sumula-vinculante-cpu-pe\/\"},\"author\":{\"name\":\"Frederico Tadeu Borlot Peixoto\",\"@id\":\"https:\/\/www.estrategiaconcursos.com.br\/blog\/#\/schema\/person\/48a7e085e45aee7c3d4596399af50ebb\"},\"headline\":\"S\u00famula Vinculante para o CPU-PE\",\"datePublished\":\"2025-11-26T14:29:00+00:00\",\"mainEntityOfPage\":{\"@id\":\"https:\/\/www.estrategiaconcursos.com.br\/blog\/sumula-vinculante-cpu-pe\/\"},\"wordCount\":1232,\"commentCount\":0,\"publisher\":{\"@id\":\"https:\/\/www.estrategiaconcursos.com.br\/blog\/#organization\"},\"image\":{\"@id\":\"https:\/\/www.estrategiaconcursos.com.br\/blog\/sumula-vinculante-cpu-pe\/#primaryimage\"},\"thumbnailUrl\":\"https:\/\/dhg1h5j42swfq.cloudfront.net\/2025\/10\/22174749\/visao-superior-sobre-itens-de-orientacao-de-carreira-para-juizes-scaled.jpg\",\"articleSection\":[\"Concursos P\u00fablicos\"],\"inLanguage\":\"pt-BR\",\"potentialAction\":[{\"@type\":\"CommentAction\",\"name\":\"Comment\",\"target\":[\"https:\/\/www.estrategiaconcursos.com.br\/blog\/sumula-vinculante-cpu-pe\/#respond\"]}],\"copyrightYear\":\"2025\",\"copyrightHolder\":{\"@id\":\"https:\/\/www.estrategiaconcursos.com.br\/blog\/#organization\"},\"accessibilityFeature\":[\"tableOfContents\"]},{\"@type\":\"WebPage\",\"@id\":\"https:\/\/www.estrategiaconcursos.com.br\/blog\/sumula-vinculante-cpu-pe\/\",\"url\":\"https:\/\/www.estrategiaconcursos.com.br\/blog\/sumula-vinculante-cpu-pe\/\",\"name\":\"S\u00famula Vinculante para o CPU-PE\",\"isPartOf\":{\"@id\":\"https:\/\/www.estrategiaconcursos.com.br\/blog\/#website\"},\"primaryImageOfPage\":{\"@id\":\"https:\/\/www.estrategiaconcursos.com.br\/blog\/sumula-vinculante-cpu-pe\/#primaryimage\"},\"image\":{\"@id\":\"https:\/\/www.estrategiaconcursos.com.br\/blog\/sumula-vinculante-cpu-pe\/#primaryimage\"},\"thumbnailUrl\":\"https:\/\/dhg1h5j42swfq.cloudfront.net\/2025\/10\/22174749\/visao-superior-sobre-itens-de-orientacao-de-carreira-para-juizes-scaled.jpg\",\"datePublished\":\"2025-11-26T14:29:00+00:00\",\"description\":\"Confira nosso resumo sobre a S\u00famula Vinculante para o concurso do CPU-PE (Concurso P\u00fablico Unificado do Estado de Pernambuco).\",\"breadcrumb\":{\"@id\":\"https:\/\/www.estrategiaconcursos.com.br\/blog\/sumula-vinculante-cpu-pe\/#breadcrumb\"},\"inLanguage\":\"pt-BR\",\"potentialAction\":[{\"@type\":\"ReadAction\",\"target\":[\"https:\/\/www.estrategiaconcursos.com.br\/blog\/sumula-vinculante-cpu-pe\/\"]}]},{\"@type\":\"ImageObject\",\"inLanguage\":\"pt-BR\",\"@id\":\"https:\/\/www.estrategiaconcursos.com.br\/blog\/sumula-vinculante-cpu-pe\/#primaryimage\",\"url\":\"https:\/\/dhg1h5j42swfq.cloudfront.net\/2025\/10\/22174749\/visao-superior-sobre-itens-de-orientacao-de-carreira-para-juizes-scaled.jpg\",\"contentUrl\":\"https:\/\/dhg1h5j42swfq.cloudfront.net\/2025\/10\/22174749\/visao-superior-sobre-itens-de-orientacao-de-carreira-para-juizes-scaled.jpg\",\"width\":1707,\"height\":2560,\"caption\":\"S\u00famula Vinculante para o CPU-PE\"},{\"@type\":\"BreadcrumbList\",\"@id\":\"https:\/\/www.estrategiaconcursos.com.br\/blog\/sumula-vinculante-cpu-pe\/#breadcrumb\",\"itemListElement\":[{\"@type\":\"ListItem\",\"position\":1,\"name\":\"In\u00edcio\",\"item\":\"https:\/\/www.estrategiaconcursos.com.br\/blog\/\"},{\"@type\":\"ListItem\",\"position\":2,\"name\":\"S\u00famula Vinculante para o CPU-PE\"}]},{\"@type\":\"WebSite\",\"@id\":\"https:\/\/www.estrategiaconcursos.com.br\/blog\/#website\",\"url\":\"https:\/\/www.estrategiaconcursos.com.br\/blog\/\",\"name\":\"Estrat\u00e9gia Concursos\",\"description\":\"O blog da Estrat\u00e9gia Concursos traz not\u00edcias sobre concursos e artigos de professores oferecendo cursos para concursos (pdf + videaulas) no site.\",\"publisher\":{\"@id\":\"https:\/\/www.estrategiaconcursos.com.br\/blog\/#organization\"},\"potentialAction\":[{\"@type\":\"SearchAction\",\"target\":{\"@type\":\"EntryPoint\",\"urlTemplate\":\"https:\/\/www.estrategiaconcursos.com.br\/blog\/?s={search_term_string}\"},\"query-input\":{\"@type\":\"PropertyValueSpecification\",\"valueRequired\":true,\"valueName\":\"search_term_string\"}}],\"inLanguage\":\"pt-BR\"},{\"@type\":\"Organization\",\"@id\":\"https:\/\/www.estrategiaconcursos.com.br\/blog\/#organization\",\"name\":\"Estrat\u00e9gia Concursos\",\"url\":\"https:\/\/www.estrategiaconcursos.com.br\/blog\/\",\"logo\":{\"@type\":\"ImageObject\",\"inLanguage\":\"pt-BR\",\"@id\":\"https:\/\/www.estrategiaconcursos.com.br\/blog\/#\/schema\/logo\/image\/\",\"url\":\"https:\/\/dhg1h5j42swfq.cloudfront.net\/2025\/06\/03203428\/logo_concursos-1.jpg\",\"contentUrl\":\"https:\/\/dhg1h5j42swfq.cloudfront.net\/2025\/06\/03203428\/logo_concursos-1.jpg\",\"width\":230,\"height\":60,\"caption\":\"Estrat\u00e9gia Concursos\"},\"image\":{\"@id\":\"https:\/\/www.estrategiaconcursos.com.br\/blog\/#\/schema\/logo\/image\/\"},\"sameAs\":[\"https:\/\/x.com\/EstratConcursos\"]},{\"@type\":\"Person\",\"@id\":\"https:\/\/www.estrategiaconcursos.com.br\/blog\/#\/schema\/person\/48a7e085e45aee7c3d4596399af50ebb\",\"name\":\"Frederico Tadeu Borlot Peixoto\",\"image\":{\"@type\":\"ImageObject\",\"inLanguage\":\"pt-BR\",\"@id\":\"https:\/\/secure.gravatar.com\/avatar\/df8a49e2321c1e32f85e9e7c2a9c92c688f1f53a947220f40017ff5858b09fdb?s=96&d=mm&r=g\",\"url\":\"https:\/\/secure.gravatar.com\/avatar\/df8a49e2321c1e32f85e9e7c2a9c92c688f1f53a947220f40017ff5858b09fdb?s=96&d=mm&r=g\",\"contentUrl\":\"https:\/\/secure.gravatar.com\/avatar\/df8a49e2321c1e32f85e9e7c2a9c92c688f1f53a947220f40017ff5858b09fdb?s=96&d=mm&r=g\",\"caption\":\"Frederico Tadeu Borlot Peixoto\"},\"description\":\"Analista Judici\u00e1rio - \u00c1rea Judici\u00e1ria do TRF da 4\u00aa regi\u00e3o. Bacharel em Direito. P\u00f3s-graduado em Direito Administrativo, Legisla\u00e7\u00e3o Penal Especial, Direito Penal e Direito Processual Penal. Tamb\u00e9m nomeado no TRF da 3\u00aa regi\u00e3o (8\u00ba lugar); SPPREV (3\u00ba lugar); IFES (2\u00ba lugar); e PMES. https:\/\/www.instagram.com\/proffrederico\/\",\"sameAs\":[\"https:\/\/www.instagram.com\/proffrederico\/\"],\"url\":\"https:\/\/www.estrategiaconcursos.com.br\/blog\/author\/xfredericohotmail-com\/\"}]}<\/script>\n<!-- \/ Yoast SEO Premium plugin. -->","yoast_head_json":{"title":"S\u00famula Vinculante para o CPU-PE","description":"Confira nosso resumo sobre a S\u00famula Vinculante para o concurso do CPU-PE (Concurso P\u00fablico Unificado do Estado de Pernambuco).","robots":{"index":"index","follow":"follow","max-snippet":"max-snippet:-1","max-image-preview":"max-image-preview:large","max-video-preview":"max-video-preview:-1"},"canonical":"https:\/\/www.estrategiaconcursos.com.br\/blog\/sumula-vinculante-cpu-pe\/","og_locale":"pt_BR","og_type":"article","og_title":"S\u00famula Vinculante para o CPU-PE","og_description":"Confira nosso resumo sobre a S\u00famula Vinculante para o concurso do CPU-PE (Concurso P\u00fablico Unificado do Estado de Pernambuco).","og_url":"https:\/\/www.estrategiaconcursos.com.br\/blog\/sumula-vinculante-cpu-pe\/","og_site_name":"Estrat\u00e9gia Concursos","article_published_time":"2025-11-26T14:29:00+00:00","og_image":[{"width":1707,"height":2560,"url":"https:\/\/dhg1h5j42swfq.cloudfront.net\/2025\/10\/22174749\/visao-superior-sobre-itens-de-orientacao-de-carreira-para-juizes-scaled.jpg","type":"image\/jpeg"}],"author":"Frederico Tadeu Borlot Peixoto","twitter_card":"summary_large_image","twitter_creator":"@EstratConcursos","twitter_site":"@EstratConcursos","twitter_misc":{"Escrito por":"Frederico Tadeu Borlot Peixoto","Est. tempo de leitura":"6 minutos"},"schema":{"@context":"https:\/\/schema.org","@graph":[{"@type":"NewsArticle","@id":"https:\/\/www.estrategiaconcursos.com.br\/blog\/sumula-vinculante-cpu-pe\/#article","isPartOf":{"@id":"https:\/\/www.estrategiaconcursos.com.br\/blog\/sumula-vinculante-cpu-pe\/"},"author":{"name":"Frederico Tadeu Borlot Peixoto","@id":"https:\/\/www.estrategiaconcursos.com.br\/blog\/#\/schema\/person\/48a7e085e45aee7c3d4596399af50ebb"},"headline":"S\u00famula Vinculante para o CPU-PE","datePublished":"2025-11-26T14:29:00+00:00","mainEntityOfPage":{"@id":"https:\/\/www.estrategiaconcursos.com.br\/blog\/sumula-vinculante-cpu-pe\/"},"wordCount":1232,"commentCount":0,"publisher":{"@id":"https:\/\/www.estrategiaconcursos.com.br\/blog\/#organization"},"image":{"@id":"https:\/\/www.estrategiaconcursos.com.br\/blog\/sumula-vinculante-cpu-pe\/#primaryimage"},"thumbnailUrl":"https:\/\/dhg1h5j42swfq.cloudfront.net\/2025\/10\/22174749\/visao-superior-sobre-itens-de-orientacao-de-carreira-para-juizes-scaled.jpg","articleSection":["Concursos P\u00fablicos"],"inLanguage":"pt-BR","potentialAction":[{"@type":"CommentAction","name":"Comment","target":["https:\/\/www.estrategiaconcursos.com.br\/blog\/sumula-vinculante-cpu-pe\/#respond"]}],"copyrightYear":"2025","copyrightHolder":{"@id":"https:\/\/www.estrategiaconcursos.com.br\/blog\/#organization"},"accessibilityFeature":["tableOfContents"]},{"@type":"WebPage","@id":"https:\/\/www.estrategiaconcursos.com.br\/blog\/sumula-vinculante-cpu-pe\/","url":"https:\/\/www.estrategiaconcursos.com.br\/blog\/sumula-vinculante-cpu-pe\/","name":"S\u00famula Vinculante para o CPU-PE","isPartOf":{"@id":"https:\/\/www.estrategiaconcursos.com.br\/blog\/#website"},"primaryImageOfPage":{"@id":"https:\/\/www.estrategiaconcursos.com.br\/blog\/sumula-vinculante-cpu-pe\/#primaryimage"},"image":{"@id":"https:\/\/www.estrategiaconcursos.com.br\/blog\/sumula-vinculante-cpu-pe\/#primaryimage"},"thumbnailUrl":"https:\/\/dhg1h5j42swfq.cloudfront.net\/2025\/10\/22174749\/visao-superior-sobre-itens-de-orientacao-de-carreira-para-juizes-scaled.jpg","datePublished":"2025-11-26T14:29:00+00:00","description":"Confira nosso resumo sobre a S\u00famula Vinculante para o concurso do CPU-PE (Concurso P\u00fablico Unificado do Estado de Pernambuco).","breadcrumb":{"@id":"https:\/\/www.estrategiaconcursos.com.br\/blog\/sumula-vinculante-cpu-pe\/#breadcrumb"},"inLanguage":"pt-BR","potentialAction":[{"@type":"ReadAction","target":["https:\/\/www.estrategiaconcursos.com.br\/blog\/sumula-vinculante-cpu-pe\/"]}]},{"@type":"ImageObject","inLanguage":"pt-BR","@id":"https:\/\/www.estrategiaconcursos.com.br\/blog\/sumula-vinculante-cpu-pe\/#primaryimage","url":"https:\/\/dhg1h5j42swfq.cloudfront.net\/2025\/10\/22174749\/visao-superior-sobre-itens-de-orientacao-de-carreira-para-juizes-scaled.jpg","contentUrl":"https:\/\/dhg1h5j42swfq.cloudfront.net\/2025\/10\/22174749\/visao-superior-sobre-itens-de-orientacao-de-carreira-para-juizes-scaled.jpg","width":1707,"height":2560,"caption":"S\u00famula Vinculante para o CPU-PE"},{"@type":"BreadcrumbList","@id":"https:\/\/www.estrategiaconcursos.com.br\/blog\/sumula-vinculante-cpu-pe\/#breadcrumb","itemListElement":[{"@type":"ListItem","position":1,"name":"In\u00edcio","item":"https:\/\/www.estrategiaconcursos.com.br\/blog\/"},{"@type":"ListItem","position":2,"name":"S\u00famula Vinculante para o CPU-PE"}]},{"@type":"WebSite","@id":"https:\/\/www.estrategiaconcursos.com.br\/blog\/#website","url":"https:\/\/www.estrategiaconcursos.com.br\/blog\/","name":"Estrat\u00e9gia Concursos","description":"O blog da Estrat\u00e9gia Concursos traz not\u00edcias sobre concursos e artigos de professores oferecendo cursos para concursos (pdf + videaulas) no site.","publisher":{"@id":"https:\/\/www.estrategiaconcursos.com.br\/blog\/#organization"},"potentialAction":[{"@type":"SearchAction","target":{"@type":"EntryPoint","urlTemplate":"https:\/\/www.estrategiaconcursos.com.br\/blog\/?s={search_term_string}"},"query-input":{"@type":"PropertyValueSpecification","valueRequired":true,"valueName":"search_term_string"}}],"inLanguage":"pt-BR"},{"@type":"Organization","@id":"https:\/\/www.estrategiaconcursos.com.br\/blog\/#organization","name":"Estrat\u00e9gia Concursos","url":"https:\/\/www.estrategiaconcursos.com.br\/blog\/","logo":{"@type":"ImageObject","inLanguage":"pt-BR","@id":"https:\/\/www.estrategiaconcursos.com.br\/blog\/#\/schema\/logo\/image\/","url":"https:\/\/dhg1h5j42swfq.cloudfront.net\/2025\/06\/03203428\/logo_concursos-1.jpg","contentUrl":"https:\/\/dhg1h5j42swfq.cloudfront.net\/2025\/06\/03203428\/logo_concursos-1.jpg","width":230,"height":60,"caption":"Estrat\u00e9gia Concursos"},"image":{"@id":"https:\/\/www.estrategiaconcursos.com.br\/blog\/#\/schema\/logo\/image\/"},"sameAs":["https:\/\/x.com\/EstratConcursos"]},{"@type":"Person","@id":"https:\/\/www.estrategiaconcursos.com.br\/blog\/#\/schema\/person\/48a7e085e45aee7c3d4596399af50ebb","name":"Frederico Tadeu Borlot Peixoto","image":{"@type":"ImageObject","inLanguage":"pt-BR","@id":"https:\/\/secure.gravatar.com\/avatar\/df8a49e2321c1e32f85e9e7c2a9c92c688f1f53a947220f40017ff5858b09fdb?s=96&d=mm&r=g","url":"https:\/\/secure.gravatar.com\/avatar\/df8a49e2321c1e32f85e9e7c2a9c92c688f1f53a947220f40017ff5858b09fdb?s=96&d=mm&r=g","contentUrl":"https:\/\/secure.gravatar.com\/avatar\/df8a49e2321c1e32f85e9e7c2a9c92c688f1f53a947220f40017ff5858b09fdb?s=96&d=mm&r=g","caption":"Frederico Tadeu Borlot Peixoto"},"description":"Analista Judici\u00e1rio - \u00c1rea Judici\u00e1ria do TRF da 4\u00aa regi\u00e3o. Bacharel em Direito. P\u00f3s-graduado em Direito Administrativo, Legisla\u00e7\u00e3o Penal Especial, Direito Penal e Direito Processual Penal. Tamb\u00e9m nomeado no TRF da 3\u00aa regi\u00e3o (8\u00ba lugar); SPPREV (3\u00ba lugar); IFES (2\u00ba lugar); e PMES. https:\/\/www.instagram.com\/proffrederico\/","sameAs":["https:\/\/www.instagram.com\/proffrederico\/"],"url":"https:\/\/www.estrategiaconcursos.com.br\/blog\/author\/xfredericohotmail-com\/"}]}},"_links":{"self":[{"href":"https:\/\/www.estrategiaconcursos.com.br\/blog\/wp-json\/wp\/v2\/posts\/1659301","targetHints":{"allow":["GET"]}}],"collection":[{"href":"https:\/\/www.estrategiaconcursos.com.br\/blog\/wp-json\/wp\/v2\/posts"}],"about":[{"href":"https:\/\/www.estrategiaconcursos.com.br\/blog\/wp-json\/wp\/v2\/types\/post"}],"author":[{"embeddable":true,"href":"https:\/\/www.estrategiaconcursos.com.br\/blog\/wp-json\/wp\/v2\/users\/2567"}],"replies":[{"embeddable":true,"href":"https:\/\/www.estrategiaconcursos.com.br\/blog\/wp-json\/wp\/v2\/comments?post=1659301"}],"version-history":[{"count":1,"href":"https:\/\/www.estrategiaconcursos.com.br\/blog\/wp-json\/wp\/v2\/posts\/1659301\/revisions"}],"predecessor-version":[{"id":1659303,"href":"https:\/\/www.estrategiaconcursos.com.br\/blog\/wp-json\/wp\/v2\/posts\/1659301\/revisions\/1659303"}],"wp:featuredmedia":[{"embeddable":true,"href":"https:\/\/www.estrategiaconcursos.com.br\/blog\/wp-json\/wp\/v2\/media\/1659302"}],"wp:attachment":[{"href":"https:\/\/www.estrategiaconcursos.com.br\/blog\/wp-json\/wp\/v2\/media?parent=1659301"}],"wp:term":[{"taxonomy":"category","embeddable":true,"href":"https:\/\/www.estrategiaconcursos.com.br\/blog\/wp-json\/wp\/v2\/categories?post=1659301"},{"taxonomy":"post_tag","embeddable":true,"href":"https:\/\/www.estrategiaconcursos.com.br\/blog\/wp-json\/wp\/v2\/tags?post=1659301"},{"taxonomy":"tax_estado","embeddable":true,"href":"https:\/\/www.estrategiaconcursos.com.br\/blog\/wp-json\/wp\/v2\/tax_estado?post=1659301"}],"curies":[{"name":"wp","href":"https:\/\/api.w.org\/{rel}","templated":true}]}}