{"id":1658754,"date":"2025-10-30T01:10:00","date_gmt":"2025-10-30T04:10:00","guid":{"rendered":"https:\/\/www.estrategiaconcursos.com.br\/blog\/?p=1658754"},"modified":"2025-12-03T13:04:10","modified_gmt":"2025-12-03T16:04:10","slug":"concurso-seap-rn","status":"publish","type":"post","link":"https:\/\/www.estrategiaconcursos.com.br\/blog\/concurso-seap-rn\/","title":{"rendered":"Concurso SEAP RN: 300 vagas autorizadas; edital at\u00e9 mar\u00e7o!"},"content":{"rendered":"\n<p style=\"font-size:clamp(14.082px, 0.88rem + ((1vw - 3.2px) * 0.678), 21px);\"><strong><em>Novo concurso SEAP RN ter\u00e1 oportunidades para os n\u00edveis m\u00e9dio e superior. Edital previsto no Plano Plurianual<\/em><\/strong><\/p>\n\n\n\n<p>Est\u00e3o oficialmente formadas as comiss\u00f5es do novo <strong>concurso SEAP RN<\/strong> (Secretaria de Estado da Administra\u00e7\u00e3o Penitenci\u00e1ria)! Os documentos foram divulgados no Di\u00e1rio Oficial. <\/p>\n\n\n\n<p>A sele\u00e7\u00e3o ofertar\u00e1 um total de <strong>300 vagas imediatas<\/strong>, sendo 200 para a carreira de Policial Penal, 60 para Especialista em Assist\u00eancia Penitenci\u00e1ria e 40 para Cargos Administrativos.<\/p>\n\n\n\n<p>Segundo informa\u00e7\u00f5es do secret\u00e1rio de Estado da Administra\u00e7\u00e3o do Rio Grande do Norte, Pedro Lopes, a contrata\u00e7\u00e3o da banca organizadora deve ocorrer at\u00e9 fevereiro. J\u00e1 o <strong>edital \u00e9 previsto entre fevereiro e mar\u00e7o de 2026<\/strong>.<\/p>\n\n\n\n<p>Inclusive, a realiza\u00e7\u00e3o da nova sele\u00e7\u00e3o est\u00e1 prevista na revis\u00e3o do\u00a0<span style=\"text-decoration: underline;\">Plano Plurianual de 2024-2027<\/span>. Abaixo, confira o documento oficial.<\/p>\n\n\n\n<ul class=\"wp-block-list\">\n<li><strong><a href=\"https:\/\/dhg1h5j42swfq.cloudfront.net\/2025\/08\/03124210\/diariooficial-3-1-1.pdf\" target=\"_blank\" rel=\"noreferrer noopener nofollow\">Confira o Plano Plurianual<\/a><\/strong><\/li>\n<\/ul>\n\n\n\n<ul class=\"wp-block-list has-very-light-gray-to-cyan-bluish-gray-gradient-background has-background\">\n<li><strong>Concurso SEAP RN<\/strong><\/li>\n\n\n\n<li><strong>Status<\/strong>: comiss\u00e3o formada\/Previsto no Plano Plurianual<\/li>\n\n\n\n<li><strong style=\"background-color: initial; color: initial;\">Vagas<\/strong><span style=\"background-color: initial; color: initial;\">: 300<\/span><\/li>\n\n\n\n<li><strong>Cargos<\/strong>: Policial Penal, Especialista em Assist\u00eancia Penitenci\u00e1ria e Cargos Administrativos<\/li>\n<\/ul>\n\n\n\n<p>A fim de te deixar sempre bem informado, elaboramos este artigo com as principais informa\u00e7\u00f5es e novidades sobre o concurso. Acompanhe os t\u00f3picos abaixo e n\u00e3o perca nenhum detalhe:<\/p>\n\n\n\n<ul id=\"indice\" class=\"wp-block-list\">\n<li><a href=\"#situacao\">Situa\u00e7\u00e3o atual do concurso<\/a>\n<ul class=\"wp-block-list\">\n<li><a href=\"#comissao-formada\">Comiss\u00e3o formada<\/a><\/li>\n\n\n\n<li><a href=\"#vagas-previsao\">Vagas e previs\u00e3o<\/a><\/li>\n\n\n\n<li><a href=\"#autorizado\">Concurso autorizado<\/a><\/li>\n\n\n\n<li><a href=\"#criacao\">Cria\u00e7\u00e3o de cargos<\/a><\/li>\n<\/ul>\n<\/li>\n\n\n\n<li><a href=\"#sobre\">Sobre a SEAP RN<\/a>\n<ul class=\"wp-block-list\">\n<li><a href=\"#prisionais\">Unidades Prisionais<\/a><\/li>\n\n\n\n<li><a href=\"#administrativas\">Unidades Administrativas<\/a><\/li>\n<\/ul>\n<\/li>\n\n\n\n<li><a href=\"#cursos\">Cursos e assinatura<\/a><\/li>\n\n\n\n<li><a href=\"#ficha\">Ficha t\u00e9cnica<\/a><\/li>\n<\/ul>\n\n\n\n<div class=\"container\" id=\"boxes\">\n  <div class=\"row\">\n\n    <div class=\"col-sm\">\n      <div class=\"banner-estrat-corj\" id=\"box-assinatura\">\n        <h3 class=\"titulo-assinatura\">Concurso SEAP RN<\/h3>\n        <p class=\"subtitulo-assinatura\">Conhe\u00e7a os cursos<\/p>\n        <div class=\"box-botao\">\n          <a class=\"btn-assinatura\" target=\"_blank\" href=\"https:\/\/www.estrategiaconcursos.com.br\/pesquisa\/?q=seap+rn\" role=\"button\" rel=\"noopener noreferrer\">Conhe\u00e7a mais<\/a>\n        <\/div>\n      <\/div>\n     \n    <\/div>\n\n  <\/div>\n<\/div>\n\n\n\n<h2 class=\"wp-block-heading\" id=\"situacao\">Situa\u00e7\u00e3o atual do concurso SEAP RN<\/h2>\n\n\n\n<h3 class=\"wp-block-heading\" id=\"comissao-formada\">Comiss\u00e3o formada<\/h3>\n\n\n\n<p>Foram divulgados os nomes dos membros que passam a compor as comiss\u00f5es do concurso p\u00fablico da Secretaria de Estado da Administra\u00e7\u00e3o Penitenci\u00e1ria do Rio Grande do Norte. Veja na \u00edntegra!<\/p>\n\n\n\n<figure class=\"wp-block-image aligncenter size-full\"><img loading=\"lazy\" decoding=\"async\" width=\"721\" height=\"746\" src=\"https:\/\/dhg1h5j42swfq.cloudfront.net\/2025\/10\/30011932\/image-28-2.png\" alt=\"\" class=\"wp-image-1662821\" srcset=\"https:\/\/dhg1h5j42swfq.cloudfront.net\/2025\/10\/30011932\/image-28-2.png 721w, https:\/\/dhg1h5j42swfq.cloudfront.net\/2025\/10\/30011932\/image-28-2-290x300.png 290w, https:\/\/dhg1h5j42swfq.cloudfront.net\/2025\/10\/30011932\/image-28-2-150x155.png 150w\" sizes=\"auto, (max-width: 721px) 100vw, 721px\" \/><\/figure>\n\n\n\n<figure class=\"wp-block-image aligncenter size-full\"><img loading=\"lazy\" decoding=\"async\" width=\"715\" height=\"702\" src=\"https:\/\/dhg1h5j42swfq.cloudfront.net\/2025\/10\/30011927\/comissaorn25-2.png\" alt=\"Membros da comiss\u00e3o do concurso PP RN\" class=\"wp-image-1662820\" srcset=\"https:\/\/dhg1h5j42swfq.cloudfront.net\/2025\/10\/30011927\/comissaorn25-2.png 715w, https:\/\/dhg1h5j42swfq.cloudfront.net\/2025\/10\/30011927\/comissaorn25-2-300x295.png 300w, https:\/\/dhg1h5j42swfq.cloudfront.net\/2025\/10\/30011927\/comissaorn25-2-150x147.png 150w\" sizes=\"auto, (max-width: 715px) 100vw, 715px\" \/><figcaption class=\"wp-element-caption\">Membros da comiss\u00e3o do concurso PP RN<\/figcaption><\/figure>\n\n\n\n<h3 class=\"wp-block-heading\" id=\"vagas-previsao\">Vagas e previs\u00e3o<\/h3>\n\n\n\n<p>O secret\u00e1rio de Estado da Administra\u00e7\u00e3o do Rio Grande do Norte, Pedro Lopes, revelou mais detalhes sobre o novo concurso p\u00fablico para a SEAP RN. Ser\u00e3o ofertadas<strong> 300 vagas imediatas<\/strong>, sendo:<\/p>\n\n\n\n<ul class=\"wp-block-list\">\n<li><strong>200 vagas de Policial Penal<\/strong><\/li>\n\n\n\n<li><strong>60 vagas para Especialista em Assist\u00eancia Penitenci\u00e1ria:<\/strong>\n<ul class=\"wp-block-list\">\n<li>20 &#8211; Assistente Social<\/li>\n\n\n\n<li>20 &#8211; Psic\u00f3logo<\/li>\n\n\n\n<li>14 &#8211; Terapia Ocupacional<\/li>\n\n\n\n<li>6 &#8211; M\u00e9dico Psiquiatra<\/li>\n<\/ul>\n<\/li>\n\n\n\n<li><strong> 40 vagas para Carreiras Administrativas (Lei 432\/2010 &#8211; 1\u00ba concurso):<\/strong>\n<ul class=\"wp-block-list\">\n<li>9 &#8211; qualquer \u00e1rea de n\u00edvel superior<\/li>\n\n\n\n<li>5 &#8211; Administra\u00e7\u00e3o<\/li>\n\n\n\n<li>1 &#8211; Contabilidade<\/li>\n\n\n\n<li>2 &#8211; TI<\/li>\n\n\n\n<li>3 &#8211; Engenharia<\/li>\n\n\n\n<li>14 &#8211; n\u00edvel m\u00e9dio geral<\/li>\n\n\n\n<li>3 &#8211; t\u00e9cnico Contabilidade<\/li>\n\n\n\n<li>3 &#8211; t\u00e9cnico TI<\/li>\n<\/ul>\n<\/li>\n<\/ul>\n\n\n\n<p>Al\u00e9m disso, segundo as informa\u00e7\u00f5es compartilhadas, a contrata\u00e7\u00e3o da banca organizadora ocorrer\u00e1 at\u00e9 fevereiro. J\u00e1 o <strong>edital \u00e9 previsto entre fevereiro e mar\u00e7o de 2026<\/strong>.<\/p>\n\n\n\n<blockquote class=\"instagram-media\" data-instgrm-captioned data-instgrm-permalink=\"https:\/\/www.instagram.com\/reel\/DQEzUVjkah6\/?utm_source=ig_embed&amp;utm_campaign=loading\" data-instgrm-version=\"14\" style=\" background:#FFF; border:0; border-radius:3px; box-shadow:0 0 1px 0 rgba(0,0,0,0.5),0 1px 10px 0 rgba(0,0,0,0.15); margin: 1px; max-width:540px; min-width:326px; padding:0; width:99.375%; width:-webkit-calc(100% - 2px); width:calc(100% - 2px);\"><div style=\"padding:16px;\"> <a href=\"https:\/\/www.instagram.com\/reel\/DQEzUVjkah6\/?utm_source=ig_embed&amp;utm_campaign=loading\" style=\" background:#FFFFFF; line-height:0; padding:0 0; text-align:center; text-decoration:none; width:100%;\" target=\"_blank\"> <div style=\" display: flex; flex-direction: row; align-items: center;\"> <div style=\"background-color: #F4F4F4; border-radius: 50%; flex-grow: 0; height: 40px; margin-right: 14px; width: 40px;\"><\/div> <div style=\"display: flex; flex-direction: column; flex-grow: 1; justify-content: center;\"> <div style=\" background-color: #F4F4F4; border-radius: 4px; flex-grow: 0; height: 14px; margin-bottom: 6px; width: 100px;\"><\/div> <div style=\" background-color: #F4F4F4; border-radius: 4px; flex-grow: 0; height: 14px; width: 60px;\"><\/div><\/div><\/div><div style=\"padding: 19% 0;\"><\/div> <div style=\"display:block; height:50px; margin:0 auto 12px; width:50px;\"><svg width=\"50px\" height=\"50px\" viewBox=\"0 0 60 60\" version=\"1.1\" xmlns=\"https:\/\/www.w3.org\/2000\/svg\" xmlns:xlink=\"https:\/\/www.w3.org\/1999\/xlink\"><g stroke=\"none\" stroke-width=\"1\" fill=\"none\" fill-rule=\"evenodd\"><\/g><g transform=\"translate(-511.000000, -20.000000)\" fill=\"#000000\"><\/g><g><path d=\"M556.869,30.41 C554.814,30.41 553.148,32.076 553.148,34.131 C553.148,36.186 554.814,37.852 556.869,37.852 C558.924,37.852 560.59,36.186 560.59,34.131 C560.59,32.076 558.924,30.41 556.869,30.41 M541,60.657 C535.114,60.657 530.342,55.887 530.342,50 C530.342,44.114 535.114,39.342 541,39.342 C546.887,39.342 551.658,44.114 551.658,50 C551.658,55.887 546.887,60.657 541,60.657 M541,33.886 C532.1,33.886 524.886,41.1 524.886,50 C524.886,58.899 532.1,66.113 541,66.113 C549.9,66.113 557.115,58.899 557.115,50 C557.115,41.1 549.9,33.886 541,33.886 M565.378,62.101 C565.244,65.022 564.756,66.606 564.346,67.663 C563.803,69.06 563.154,70.057 562.106,71.106 C561.058,72.155 560.06,72.803 558.662,73.347 C557.607,73.757 556.021,74.244 553.102,74.378 C549.944,74.521 548.997,74.552 541,74.552 C533.003,74.552 532.056,74.521 528.898,74.378 C525.979,74.244 524.393,73.757 523.338,73.347 C521.94,72.803 520.942,72.155 519.894,71.106 C518.846,70.057 518.197,69.06 517.654,67.663 C517.244,66.606 516.755,65.022 516.623,62.101 C516.479,58.943 516.448,57.996 516.448,50 C516.448,42.003 516.479,41.056 516.623,37.899 C516.755,34.978 517.244,33.391 517.654,32.338 C518.197,30.938 518.846,29.942 519.894,28.894 C520.942,27.846 521.94,27.196 523.338,26.654 C524.393,26.244 525.979,25.756 528.898,25.623 C532.057,25.479 533.004,25.448 541,25.448 C548.997,25.448 549.943,25.479 553.102,25.623 C556.021,25.756 557.607,26.244 558.662,26.654 C560.06,27.196 561.058,27.846 562.106,28.894 C563.154,29.942 563.803,30.938 564.346,32.338 C564.756,33.391 565.244,34.978 565.378,37.899 C565.522,41.056 565.552,42.003 565.552,50 C565.552,57.996 565.522,58.943 565.378,62.101 M570.82,37.631 C570.674,34.438 570.167,32.258 569.425,30.349 C568.659,28.377 567.633,26.702 565.965,25.035 C564.297,23.368 562.623,22.342 560.652,21.575 C558.743,20.834 556.562,20.326 553.369,20.18 C550.169,20.033 549.148,20 541,20 C532.853,20 531.831,20.033 528.631,20.18 C525.438,20.326 523.257,20.834 521.349,21.575 C519.376,22.342 517.703,23.368 516.035,25.035 C514.368,26.702 513.342,28.377 512.574,30.349 C511.834,32.258 511.326,34.438 511.181,37.631 C511.035,40.831 511,41.851 511,50 C511,58.147 511.035,59.17 511.181,62.369 C511.326,65.562 511.834,67.743 512.574,69.651 C513.342,71.625 514.368,73.296 516.035,74.965 C517.703,76.634 519.376,77.658 521.349,78.425 C523.257,79.167 525.438,79.673 528.631,79.82 C531.831,79.965 532.853,80.001 541,80.001 C549.148,80.001 550.169,79.965 553.369,79.82 C556.562,79.673 558.743,79.167 560.652,78.425 C562.623,77.658 564.297,76.634 565.965,74.965 C567.633,73.296 568.659,71.625 569.425,69.651 C570.167,67.743 570.674,65.562 570.82,62.369 C570.966,59.17 571,58.147 571,50 C571,41.851 570.966,40.831 570.82,37.631\"><\/path><\/g><\/svg><\/div><div style=\"padding-top: 8px;\"> <div style=\" color:#3897f0; font-family:Arial,sans-serif; font-size:14px; font-style:normal; font-weight:550; line-height:18px;\">Ver essa foto no Instagram<\/div><\/div><div style=\"padding: 12.5% 0;\"><\/div> <div style=\"display: flex; flex-direction: row; margin-bottom: 14px; align-items: center;\"><div> <div style=\"background-color: #F4F4F4; border-radius: 50%; height: 12.5px; width: 12.5px; transform: translateX(0px) translateY(7px);\"><\/div> <div style=\"background-color: #F4F4F4; height: 12.5px; transform: rotate(-45deg) translateX(3px) translateY(1px); width: 12.5px; flex-grow: 0; margin-right: 14px; margin-left: 2px;\"><\/div> <div style=\"background-color: #F4F4F4; border-radius: 50%; height: 12.5px; width: 12.5px; transform: translateX(9px) translateY(-18px);\"><\/div><\/div><div style=\"margin-left: 8px;\"> <div style=\" background-color: #F4F4F4; border-radius: 50%; flex-grow: 0; height: 20px; width: 20px;\"><\/div> <div style=\" width: 0; height: 0; border-top: 2px solid transparent; border-left: 6px solid #f4f4f4; border-bottom: 2px solid transparent; transform: translateX(16px) translateY(-4px) rotate(30deg)\"><\/div><\/div><div style=\"margin-left: auto;\"> <div style=\" width: 0px; border-top: 8px solid #F4F4F4; border-right: 8px solid transparent; transform: translateY(16px);\"><\/div> <div style=\" background-color: #F4F4F4; flex-grow: 0; height: 12px; width: 16px; transform: translateY(-4px);\"><\/div> <div style=\" width: 0; height: 0; border-top: 8px solid #F4F4F4; border-left: 8px solid transparent; transform: translateY(-4px) translateX(8px);\"><\/div><\/div><\/div> <div style=\"display: flex; flex-direction: column; flex-grow: 1; justify-content: center; margin-bottom: 24px;\"> <div style=\" background-color: #F4F4F4; border-radius: 4px; flex-grow: 0; height: 14px; margin-bottom: 6px; width: 224px;\"><\/div> <div style=\" background-color: #F4F4F4; border-radius: 4px; flex-grow: 0; height: 14px; width: 144px;\"><\/div><\/div><\/a><p style=\" color:#c9c8cd; font-family:Arial,sans-serif; font-size:14px; line-height:17px; margin-bottom:0; margin-top:8px; overflow:hidden; padding:8px 0 7px; text-align:center; text-overflow:ellipsis; white-space:nowrap;\"><a href=\"https:\/\/www.instagram.com\/reel\/DQEzUVjkah6\/?utm_source=ig_embed&amp;utm_campaign=loading\" style=\" color:#c9c8cd; font-family:Arial,sans-serif; font-size:14px; font-style:normal; font-weight:normal; line-height:17px; text-decoration:none;\" target=\"_blank\">Uma publica\u00e7\u00e3o compartilhada por Pedrolopes Rgn (@pedrolopes.rgn)<\/a><\/p><\/div><\/blockquote>\n<script async src=\"\/\/www.instagram.com\/embed.js\"><\/script>\n\n\n\n<h3 class=\"wp-block-heading\" id=\"autorizado\">Concurso autorizado<\/h3>\n\n\n\n<p>O <strong>concurso Pol\u00edcia Penal RN<\/strong>&nbsp;foi oficialmente<strong> autorizado!<\/strong> A informa\u00e7\u00e3o foi divulgada pela governadora do estado, F\u00e1tima Bezerra, em suas redes sociais. <\/p>\n\n\n\n<p>Conforme o an\u00fancio, <strong>ser\u00e3o contempladas 200 vagas para a carreira de Policial Penal<\/strong>. Al\u00e9m disso, o certame contar\u00e1 com 60 oportunidades para Especialista em Assist\u00eancia Penitenci\u00e1ria e 40 para Cargos Administrativos.<\/p>\n\n\n\n<blockquote class=\"instagram-media\" data-instgrm-captioned data-instgrm-permalink=\"https:\/\/www.instagram.com\/reel\/DQC4bfREblM\/?utm_source=ig_embed&amp;utm_campaign=loading\" data-instgrm-version=\"14\" style=\" background:#FFF; border:0; border-radius:3px; box-shadow:0 0 1px 0 rgba(0,0,0,0.5),0 1px 10px 0 rgba(0,0,0,0.15); margin: 1px; max-width:540px; min-width:326px; padding:0; width:99.375%; width:-webkit-calc(100% - 2px); width:calc(100% - 2px);\"><div style=\"padding:16px;\"> <a href=\"https:\/\/www.instagram.com\/reel\/DQC4bfREblM\/?utm_source=ig_embed&amp;utm_campaign=loading\" style=\" background:#FFFFFF; line-height:0; padding:0 0; text-align:center; text-decoration:none; width:100%;\" target=\"_blank\"> <div style=\" display: flex; flex-direction: row; align-items: center;\"> <div style=\"background-color: #F4F4F4; border-radius: 50%; flex-grow: 0; height: 40px; margin-right: 14px; width: 40px;\"><\/div> <div style=\"display: flex; flex-direction: column; flex-grow: 1; justify-content: center;\"> <div style=\" background-color: #F4F4F4; border-radius: 4px; flex-grow: 0; height: 14px; margin-bottom: 6px; width: 100px;\"><\/div> <div style=\" background-color: #F4F4F4; border-radius: 4px; flex-grow: 0; height: 14px; width: 60px;\"><\/div><\/div><\/div><div style=\"padding: 19% 0;\"><\/div> <div style=\"display:block; height:50px; margin:0 auto 12px; width:50px;\"><svg width=\"50px\" height=\"50px\" viewBox=\"0 0 60 60\" version=\"1.1\" xmlns=\"https:\/\/www.w3.org\/2000\/svg\" xmlns:xlink=\"https:\/\/www.w3.org\/1999\/xlink\"><g stroke=\"none\" stroke-width=\"1\" fill=\"none\" fill-rule=\"evenodd\"><\/g><g transform=\"translate(-511.000000, -20.000000)\" fill=\"#000000\"><\/g><g><path d=\"M556.869,30.41 C554.814,30.41 553.148,32.076 553.148,34.131 C553.148,36.186 554.814,37.852 556.869,37.852 C558.924,37.852 560.59,36.186 560.59,34.131 C560.59,32.076 558.924,30.41 556.869,30.41 M541,60.657 C535.114,60.657 530.342,55.887 530.342,50 C530.342,44.114 535.114,39.342 541,39.342 C546.887,39.342 551.658,44.114 551.658,50 C551.658,55.887 546.887,60.657 541,60.657 M541,33.886 C532.1,33.886 524.886,41.1 524.886,50 C524.886,58.899 532.1,66.113 541,66.113 C549.9,66.113 557.115,58.899 557.115,50 C557.115,41.1 549.9,33.886 541,33.886 M565.378,62.101 C565.244,65.022 564.756,66.606 564.346,67.663 C563.803,69.06 563.154,70.057 562.106,71.106 C561.058,72.155 560.06,72.803 558.662,73.347 C557.607,73.757 556.021,74.244 553.102,74.378 C549.944,74.521 548.997,74.552 541,74.552 C533.003,74.552 532.056,74.521 528.898,74.378 C525.979,74.244 524.393,73.757 523.338,73.347 C521.94,72.803 520.942,72.155 519.894,71.106 C518.846,70.057 518.197,69.06 517.654,67.663 C517.244,66.606 516.755,65.022 516.623,62.101 C516.479,58.943 516.448,57.996 516.448,50 C516.448,42.003 516.479,41.056 516.623,37.899 C516.755,34.978 517.244,33.391 517.654,32.338 C518.197,30.938 518.846,29.942 519.894,28.894 C520.942,27.846 521.94,27.196 523.338,26.654 C524.393,26.244 525.979,25.756 528.898,25.623 C532.057,25.479 533.004,25.448 541,25.448 C548.997,25.448 549.943,25.479 553.102,25.623 C556.021,25.756 557.607,26.244 558.662,26.654 C560.06,27.196 561.058,27.846 562.106,28.894 C563.154,29.942 563.803,30.938 564.346,32.338 C564.756,33.391 565.244,34.978 565.378,37.899 C565.522,41.056 565.552,42.003 565.552,50 C565.552,57.996 565.522,58.943 565.378,62.101 M570.82,37.631 C570.674,34.438 570.167,32.258 569.425,30.349 C568.659,28.377 567.633,26.702 565.965,25.035 C564.297,23.368 562.623,22.342 560.652,21.575 C558.743,20.834 556.562,20.326 553.369,20.18 C550.169,20.033 549.148,20 541,20 C532.853,20 531.831,20.033 528.631,20.18 C525.438,20.326 523.257,20.834 521.349,21.575 C519.376,22.342 517.703,23.368 516.035,25.035 C514.368,26.702 513.342,28.377 512.574,30.349 C511.834,32.258 511.326,34.438 511.181,37.631 C511.035,40.831 511,41.851 511,50 C511,58.147 511.035,59.17 511.181,62.369 C511.326,65.562 511.834,67.743 512.574,69.651 C513.342,71.625 514.368,73.296 516.035,74.965 C517.703,76.634 519.376,77.658 521.349,78.425 C523.257,79.167 525.438,79.673 528.631,79.82 C531.831,79.965 532.853,80.001 541,80.001 C549.148,80.001 550.169,79.965 553.369,79.82 C556.562,79.673 558.743,79.167 560.652,78.425 C562.623,77.658 564.297,76.634 565.965,74.965 C567.633,73.296 568.659,71.625 569.425,69.651 C570.167,67.743 570.674,65.562 570.82,62.369 C570.966,59.17 571,58.147 571,50 C571,41.851 570.966,40.831 570.82,37.631\"><\/path><\/g><\/svg><\/div><div style=\"padding-top: 8px;\"> <div style=\" color:#3897f0; font-family:Arial,sans-serif; font-size:14px; font-style:normal; font-weight:550; line-height:18px;\">Ver essa foto no Instagram<\/div><\/div><div style=\"padding: 12.5% 0;\"><\/div> <div style=\"display: flex; flex-direction: row; margin-bottom: 14px; align-items: center;\"><div> <div style=\"background-color: #F4F4F4; border-radius: 50%; height: 12.5px; width: 12.5px; transform: translateX(0px) translateY(7px);\"><\/div> <div style=\"background-color: #F4F4F4; height: 12.5px; transform: rotate(-45deg) translateX(3px) translateY(1px); width: 12.5px; flex-grow: 0; margin-right: 14px; margin-left: 2px;\"><\/div> <div style=\"background-color: #F4F4F4; border-radius: 50%; height: 12.5px; width: 12.5px; transform: translateX(9px) translateY(-18px);\"><\/div><\/div><div style=\"margin-left: 8px;\"> <div style=\" background-color: #F4F4F4; border-radius: 50%; flex-grow: 0; height: 20px; width: 20px;\"><\/div> <div style=\" width: 0; height: 0; border-top: 2px solid transparent; border-left: 6px solid #f4f4f4; border-bottom: 2px solid transparent; transform: translateX(16px) translateY(-4px) rotate(30deg)\"><\/div><\/div><div style=\"margin-left: auto;\"> <div style=\" width: 0px; border-top: 8px solid #F4F4F4; border-right: 8px solid transparent; transform: translateY(16px);\"><\/div> <div style=\" background-color: #F4F4F4; flex-grow: 0; height: 12px; width: 16px; transform: translateY(-4px);\"><\/div> <div style=\" width: 0; height: 0; border-top: 8px solid #F4F4F4; border-left: 8px solid transparent; transform: translateY(-4px) translateX(8px);\"><\/div><\/div><\/div> <div style=\"display: flex; flex-direction: column; flex-grow: 1; justify-content: center; margin-bottom: 24px;\"> <div style=\" background-color: #F4F4F4; border-radius: 4px; flex-grow: 0; height: 14px; margin-bottom: 6px; width: 224px;\"><\/div> <div style=\" background-color: #F4F4F4; border-radius: 4px; flex-grow: 0; height: 14px; width: 144px;\"><\/div><\/div><\/a><p style=\" color:#c9c8cd; font-family:Arial,sans-serif; font-size:14px; line-height:17px; margin-bottom:0; margin-top:8px; overflow:hidden; padding:8px 0 7px; text-align:center; text-overflow:ellipsis; white-space:nowrap;\"><a href=\"https:\/\/www.instagram.com\/reel\/DQC4bfREblM\/?utm_source=ig_embed&amp;utm_campaign=loading\" style=\" color:#c9c8cd; font-family:Arial,sans-serif; font-size:14px; font-style:normal; font-weight:normal; line-height:17px; text-decoration:none;\" target=\"_blank\">Uma publica\u00e7\u00e3o compartilhada por Fa\u0301tima Bezerra (@fatimabezerra13)<\/a><\/p><\/div><\/blockquote>\n<script async src=\"\/\/www.instagram.com\/embed.js\"><\/script>\n\n\n\n<h3 class=\"wp-block-heading\" id=\"criacao\">Cria\u00e7\u00e3o de cargos<\/h3>\n\n\n\n<p>A nova legisla\u00e7\u00e3o criou 556 cargos efetivos de policial penal. Al\u00e9m disso, foram institu\u00eddos 60 cargos de Especialista em Assist\u00eancia Penitenci\u00e1ria, distribu\u00eddos entre assistentes sociais, psic\u00f3logos, terapeutas ocupacionais e m\u00e9dicos psiquiatras.<\/p>\n\n\n\n<p>A Lei Complementar tamb\u00e9m incorporou 40 cargos administrativos, sendo 20 de n\u00edvel m\u00e9dio e 20 de n\u00edvel superior, com fun\u00e7\u00f5es de suporte t\u00e9cnico, gest\u00e3o e infraestrutura.<\/p>\n\n\n\n<p>Tamb\u00e9m houve a cria\u00e7\u00e3o e transforma\u00e7\u00e3o de cargos comissionados estrat\u00e9gicos, incluindo diretores de estabelecimentos prisionais, chefias de seguran\u00e7a e coordena\u00e7\u00f5es operacionais.<\/p>\n\n\n\n<p><em>\u201cCom o concurso, vamos reestruturar completamente a secretaria e ampliar o n\u00famero de cargos. Isso \u00e9 muito importante para fortalecer o sistema de seguran\u00e7a p\u00fablica do Rio Grande do Norte\u201d<\/em>, disse o secret\u00e1rio estadual de Administra\u00e7\u00e3o Penitenci\u00e1ria, Helton Edi Xavier.<\/p>\n\n\n\n<h2 class=\"wp-block-heading\" id=\"sobre\">Sobre a SEAP RN<\/h2>\n\n\n\n<h3 class=\"wp-block-heading\" id=\"prisionais\">Unidades Prisionais<\/h3>\n\n\n\n<p><strong>Cadeias P\u00fablicas<\/strong><\/p>\n\n\n\n<ul class=\"wp-block-list\">\n<li>CP &#8211; CARA\u00daBAS &#8211; Cadeia P\u00fablica de Cara\u00fabas<\/li>\n\n\n\n<li>CP &#8211; MOSSOR\u00d3 &#8211; Cadeia P\u00fablica de Mossor\u00f3<\/li>\n\n\n\n<li>CP &#8211; NATAL &#8211; Cadeia P\u00fablica de Natal<\/li>\n\n\n\n<li>CP&nbsp;&#8211; NOVA CRUZ &#8211; Cadeia P\u00fablica de Nova Cruz<\/li>\n\n\n\n<li>CP &#8211; CEAR\u00c1 MIRIM &#8211; Cadeia Publica de Cear\u00e1-Mirim<\/li>\n<\/ul>\n\n\n\n<p><strong>Centros de Deten\u00e7\u00e3o Provis\u00f3ria<\/strong><\/p>\n\n\n\n<ul class=\"wp-block-list\">\n<li>CDP &#8211; APODI &#8211; Centro de Deten\u00e7\u00e3o Provis\u00f3ria de Apodi<\/li>\n\n\n\n<li>CDP &#8211; PARNAMIRIM &#8211; FEM &#8211; Centro de Deten\u00e7\u00e3o Provis\u00f3ria de Parnamirim (Feminino)<\/li>\n<\/ul>\n\n\n\n<p><strong>Triagem&nbsp;<\/strong><\/p>\n\n\n\n<ul class=\"wp-block-list\">\n<li>CRT &#8211; Centro de Recebimento e Triagem<\/li>\n<\/ul>\n\n\n\n<p><strong>Complexos Penais<\/strong><\/p>\n\n\n\n<ul class=\"wp-block-list\">\n<li>CPEAMN &#8211; Complexo Penal Estadual Agr\u00edcola M\u00e1rio Neg\u00f3cio<\/li>\n\n\n\n<li>CPJC &#8211; Complexo Penal Dr. Jo\u00e3o Chaves&nbsp;(Masculino)<\/li>\n\n\n\n<li>CPJC &#8211; Complexo Penal Dr. Jo\u00e3o Chaves&nbsp;(Feminino)<\/li>\n\n\n\n<li>CPRPF &#8211; PAU DOS FERROS &#8211; Complexo Penal Regional de Pau dos Ferros<\/li>\n<\/ul>\n\n\n\n<p><strong>Penitenci\u00e1rias Estaduais<\/strong><\/p>\n\n\n\n<ul class=\"wp-block-list\">\n<li>PEA &#8211; Penitenci\u00e1ria Estadual Dr. Francisco Nogueira Fernandes (Alca\u00e7uz)<\/li>\n\n\n\n<li>PEP &#8211; Penitenci\u00e1ria Estadual de Parnamirim<\/li>\n\n\n\n<li>PERCM &#8211; Penitenci\u00e1ria Estadual Rog\u00e9rio Coutinho Madruga<\/li>\n\n\n\n<li>PES &#8211; Penitenci\u00e1ria Estadual do Serid\u00f3<\/li>\n<\/ul>\n\n\n\n<p><strong>Unidade Psiqui\u00e1trica<\/strong><\/p>\n\n\n\n<ul class=\"wp-block-list\">\n<li>UPCT &#8211; Unidade Psiqui\u00e1trica de Cust\u00f3dia e Tratamento<\/li>\n<\/ul>\n\n\n\n<h3 class=\"wp-block-heading\" id=\"administrativas\">Unidades Administrativas<\/h3>\n\n\n\n<ul class=\"wp-block-list\">\n<li>Central Integrada de Gerenciamento Operacional &#8211; CIGOSPen<\/li>\n\n\n\n<li>Central de Monitoramento Eletr\u00f4nico &#8211; CEME<\/li>\n\n\n\n<li>Central de R\u00e1dio e Videomonitoramento &#8211; CRV<\/li>\n<\/ul>\n\n\n\n<hr class=\"wp-block-separator has-alpha-channel-opacity\"\/>\n\n\n\n<h2 class=\"wp-block-heading has-text-align-center\" id=\"h-quer-saber-tudo-sobre-concursos-previstos-confira-nossos-artigos\">Quer saber tudo sobre concursos previstos?<br \/>Confira nossos artigos!<\/h2>\n\n\n\n<ul class=\"wp-block-list\">\n<li><a href=\"https:\/\/www.estrategiaconcursos.com.br\/blog\/concursos-abertos\/\" target=\"_blank\" rel=\"noreferrer noopener\">Concursos abertos<\/a><\/li>\n\n\n\n<li><a href=\"https:\/\/www.estrategiaconcursos.com.br\/blog\/concursos-policia-penal\/\" target=\"_blank\" rel=\"noreferrer noopener\">Concurso Pol\u00edcia Penal<\/a><\/li>\n\n\n\n<li><a href=\"https:\/\/www.estrategiaconcursos.com.br\/blog\/concursos-2025\" target=\"_blank\" rel=\"noreferrer noopener\">Concursos 2025<\/a><\/li>\n\n\n\n<li><a href=\"https:\/\/www.estrategiaconcursos.com.br\/blog\/concursos-2026\/\" target=\"_blank\" rel=\"noreferrer noopener\">Concursos 2026<\/a><\/li>\n<\/ul>\n\n\n\n<h2 class=\"wp-block-heading has-text-align-center\" id=\"assinatura\">Quer estudar para o concurso SEAP RN?<\/h2>\n\n\n\n<div class=\"container\" id=\"boxes\">\n  <div class=\"row\">\n\n    <div class=\"col-sm\">\n      <div class=\"banner-estrat-corj\" id=\"box-assinatura\">\n        <h3 class=\"titulo-assinatura\">Concurso SEAP RN<\/h3>\n        <p class=\"subtitulo-assinatura\">Conhe\u00e7a os cursos<\/p>\n        <div class=\"box-botao\">\n          <a class=\"btn-assinatura\" target=\"_blank\" href=\"https:\/\/www.estrategiaconcursos.com.br\/pesquisa\/?q=seap+rn\" role=\"button\" rel=\"noopener noreferrer\">Conhe\u00e7a mais<\/a>\n        <\/div>\n      <\/div>\n     \n    <\/div>\n\n  <\/div>\n<\/div>\n\n\n\n<div class=\"container\" id=\"boxes\">\n  <div class=\"row\">\n\n    <div class=\"col-sm\">\n      <div class=\"estrategia\" id=\"box-assinatura\">\n        <h3 class=\"titulo-assinatura\">Assinatura Concursos<\/h3>\n        <p class=\"subtitulo-assinatura\">Assinatura de 1 ano ou 2 anos<\/p>\n        <div class=\"box-botao\">\n          <a class=\"btn-assinatura\" target=\"_blank\" href=\"https:\/\/www.estrategiaconcursos.com.br\/assinaturas\/\" role=\"button\" rel=\"noopener noreferrer\">ASSINE AGORA<\/a>\n        <\/div>\n      <\/div><\/div><\/div><\/div>\n\n\n\n<figure class=\"wp-block-image size-large is-resized\"><img loading=\"lazy\" decoding=\"async\" width=\"1024\" height=\"632\" src=\"https:\/\/dhg1h5j42swfq.cloudfront.net\/2021\/04\/29103905\/ficha-tecnica-184-1024x632.png\" alt=\"Ficha t\u00e9cnica\" class=\"wp-image-726529\" style=\"width:279px;height:172px\" srcset=\"https:\/\/dhg1h5j42swfq.cloudfront.net\/2021\/04\/29103905\/ficha-tecnica-184-1024x632.png 1024w, https:\/\/dhg1h5j42swfq.cloudfront.net\/2021\/04\/29103905\/ficha-tecnica-184-300x185.png 300w, https:\/\/dhg1h5j42swfq.cloudfront.net\/2021\/04\/29103905\/ficha-tecnica-184-768x474.png 768w, https:\/\/dhg1h5j42swfq.cloudfront.net\/2021\/04\/29103905\/ficha-tecnica-184-1536x948.png 1536w, https:\/\/dhg1h5j42swfq.cloudfront.net\/2021\/04\/29103905\/ficha-tecnica-184-610x377.png 610w, https:\/\/dhg1h5j42swfq.cloudfront.net\/2021\/04\/29103905\/ficha-tecnica-184.png 1571w\" sizes=\"auto, (max-width: 1024px) 100vw, 1024px\" \/><\/figure>\n\n\n\n<h3 class=\"wp-block-heading\" id=\"h-informacoes-do-concurso-seap-rn\">Informa\u00e7\u00f5es do concurso SEAP RN<\/h3>\n\n\n\n<ul class=\"wp-block-list\">\n<li><span style=\"color: #000000;\"><strong>Data prevista: <\/strong>2026<\/span><\/li>\n\n\n\n<li><span style=\"color: #000000;\"><strong>Vagas:&nbsp;<\/strong>300<\/span><\/li>\n\n\n\n<li><strong>Cargo<\/strong>: Policial Penal, Especialista em Assist\u00eancia Penitenci\u00e1ria e Carreira Administrativa<\/li>\n\n\n\n<li><span style=\"color: #000000;\"><strong>Banca:<\/strong>&nbsp;<\/span>a definir<\/li>\n\n\n\n<li><strong>Escolaridade:<\/strong>&nbsp;n\u00edvel m\u00e9dio superior<\/li>\n<\/ul>\n","protected":false},"excerpt":{"rendered":"<p>Novo concurso SEAP RN ter\u00e1 oportunidades para os n\u00edveis m\u00e9dio e superior. Edital previsto no Plano Plurianual Est\u00e3o oficialmente formadas as comiss\u00f5es do novo concurso SEAP RN (Secretaria de Estado da Administra\u00e7\u00e3o Penitenci\u00e1ria)! Os documentos foram divulgados no Di\u00e1rio Oficial. A sele\u00e7\u00e3o ofertar\u00e1 um total de 300 vagas imediatas, sendo 200 para a carreira de [&hellip;]<\/p>\n","protected":false},"author":1206,"featured_media":1658843,"comment_status":"open","ping_status":"closed","sticky":false,"template":"","format":"standard","meta":{"post_tipo":"news_page","footnotes":""},"categories":[214992,220188],"tags":[],"tax_estado":[219983],"class_list":["post-1658754","post","type-post","status-publish","format-standard","has-post-thumbnail","hentry","category-concursos-administrativos","category-policial-agente-penitenciario","tax_estado-rn"],"acf":[],"yoast_head":"<!-- This site is optimized with the Yoast SEO Premium plugin v27.2 (Yoast SEO v27.2) - https:\/\/yoast.com\/product\/yoast-seo-premium-wordpress\/ -->\n<title>Concurso SEAP RN: 300 vagas autorizadas; edital at\u00e9 mar\u00e7o!<\/title>\n<meta name=\"description\" content=\"Novo concurso SEAP RN tem comiss\u00e3o formada. Edital ofertar\u00e1 300 vagas de n\u00edveis m\u00e9dio e superior at\u00e9 mar\u00e7o de 2026. Saiba mais!\" \/>\n<meta name=\"robots\" content=\"index, follow, max-snippet:-1, max-image-preview:large, max-video-preview:-1\" \/>\n<link rel=\"canonical\" href=\"https:\/\/www.estrategiaconcursos.com.br\/blog\/concurso-seap-rn\/\" \/>\n<meta property=\"og:locale\" content=\"pt_BR\" \/>\n<meta property=\"og:type\" content=\"article\" \/>\n<meta property=\"og:title\" content=\"Concurso SEAP RN: 300 vagas autorizadas; edital at\u00e9 mar\u00e7o!\" \/>\n<meta property=\"og:description\" content=\"Novo concurso SEAP RN tem comiss\u00e3o formada. Edital ofertar\u00e1 300 vagas de n\u00edveis m\u00e9dio e superior at\u00e9 mar\u00e7o de 2026. Saiba mais!\" \/>\n<meta property=\"og:url\" content=\"https:\/\/www.estrategiaconcursos.com.br\/blog\/concurso-seap-rn\/\" \/>\n<meta property=\"og:site_name\" content=\"Estrat\u00e9gia Concursos\" \/>\n<meta property=\"article:published_time\" content=\"2025-10-30T04:10:00+00:00\" \/>\n<meta property=\"article:modified_time\" content=\"2025-12-03T16:04:10+00:00\" \/>\n<meta property=\"og:image\" content=\"https:\/\/dhg1h5j42swfq.cloudfront.net\/2025\/10\/21182801\/seap-rn.jpg\" \/>\n\t<meta property=\"og:image:width\" content=\"768\" \/>\n\t<meta property=\"og:image:height\" content=\"432\" \/>\n\t<meta property=\"og:image:type\" content=\"image\/jpeg\" \/>\n<meta name=\"author\" content=\"Bruna de Andrade Fran\u00e7a\" \/>\n<meta name=\"twitter:card\" content=\"summary_large_image\" \/>\n<meta name=\"twitter:creator\" content=\"@EstratConcursos\" \/>\n<meta name=\"twitter:site\" content=\"@EstratConcursos\" \/>\n<meta name=\"twitter:label1\" content=\"Escrito por\" \/>\n\t<meta name=\"twitter:data1\" content=\"Bruna de Andrade Fran\u00e7a\" \/>\n\t<meta name=\"twitter:label2\" content=\"Est. tempo de leitura\" \/>\n\t<meta name=\"twitter:data2\" content=\"5 minutos\" \/>\n<script type=\"application\/ld+json\" class=\"yoast-schema-graph\">{\"@context\":\"https:\/\/schema.org\",\"@graph\":[{\"@type\":\"NewsArticle\",\"@id\":\"https:\/\/www.estrategiaconcursos.com.br\/blog\/concurso-seap-rn\/#article\",\"isPartOf\":{\"@id\":\"https:\/\/www.estrategiaconcursos.com.br\/blog\/concurso-seap-rn\/\"},\"author\":{\"name\":\"Bruna de Andrade Fran\u00e7a\",\"@id\":\"https:\/\/www.estrategiaconcursos.com.br\/blog\/#\/schema\/person\/6630f91134abc08115cca62ce6372855\"},\"headline\":\"Concurso SEAP RN: 300 vagas autorizadas; edital at\u00e9 mar\u00e7o!\",\"datePublished\":\"2025-10-30T04:10:00+00:00\",\"dateModified\":\"2025-12-03T16:04:10+00:00\",\"mainEntityOfPage\":{\"@id\":\"https:\/\/www.estrategiaconcursos.com.br\/blog\/concurso-seap-rn\/\"},\"wordCount\":955,\"commentCount\":0,\"publisher\":{\"@id\":\"https:\/\/www.estrategiaconcursos.com.br\/blog\/#organization\"},\"image\":{\"@id\":\"https:\/\/www.estrategiaconcursos.com.br\/blog\/concurso-seap-rn\/#primaryimage\"},\"thumbnailUrl\":\"https:\/\/dhg1h5j42swfq.cloudfront.net\/2025\/10\/21182801\/seap-rn.jpg\",\"articleSection\":[\"Executivo (Administrativa)\",\"Policial (Agente Penitenci\u00e1rio)\"],\"inLanguage\":\"pt-BR\",\"potentialAction\":[{\"@type\":\"CommentAction\",\"name\":\"Comment\",\"target\":[\"https:\/\/www.estrategiaconcursos.com.br\/blog\/concurso-seap-rn\/#respond\"]}],\"copyrightYear\":\"2025\",\"copyrightHolder\":{\"@id\":\"https:\/\/www.estrategiaconcursos.com.br\/blog\/#organization\"}},{\"@type\":\"WebPage\",\"@id\":\"https:\/\/www.estrategiaconcursos.com.br\/blog\/concurso-seap-rn\/\",\"url\":\"https:\/\/www.estrategiaconcursos.com.br\/blog\/concurso-seap-rn\/\",\"name\":\"Concurso SEAP RN: 300 vagas autorizadas; edital at\u00e9 mar\u00e7o!\",\"isPartOf\":{\"@id\":\"https:\/\/www.estrategiaconcursos.com.br\/blog\/#website\"},\"primaryImageOfPage\":{\"@id\":\"https:\/\/www.estrategiaconcursos.com.br\/blog\/concurso-seap-rn\/#primaryimage\"},\"image\":{\"@id\":\"https:\/\/www.estrategiaconcursos.com.br\/blog\/concurso-seap-rn\/#primaryimage\"},\"thumbnailUrl\":\"https:\/\/dhg1h5j42swfq.cloudfront.net\/2025\/10\/21182801\/seap-rn.jpg\",\"datePublished\":\"2025-10-30T04:10:00+00:00\",\"dateModified\":\"2025-12-03T16:04:10+00:00\",\"description\":\"Novo concurso SEAP RN tem comiss\u00e3o formada. Edital ofertar\u00e1 300 vagas de n\u00edveis m\u00e9dio e superior at\u00e9 mar\u00e7o de 2026. Saiba mais!\",\"breadcrumb\":{\"@id\":\"https:\/\/www.estrategiaconcursos.com.br\/blog\/concurso-seap-rn\/#breadcrumb\"},\"inLanguage\":\"pt-BR\",\"potentialAction\":[{\"@type\":\"ReadAction\",\"target\":[\"https:\/\/www.estrategiaconcursos.com.br\/blog\/concurso-seap-rn\/\"]}]},{\"@type\":\"ImageObject\",\"inLanguage\":\"pt-BR\",\"@id\":\"https:\/\/www.estrategiaconcursos.com.br\/blog\/concurso-seap-rn\/#primaryimage\",\"url\":\"https:\/\/dhg1h5j42swfq.cloudfront.net\/2025\/10\/21182801\/seap-rn.jpg\",\"contentUrl\":\"https:\/\/dhg1h5j42swfq.cloudfront.net\/2025\/10\/21182801\/seap-rn.jpg\",\"width\":768,\"height\":432,\"caption\":\"Concurso SEAP RN\"},{\"@type\":\"BreadcrumbList\",\"@id\":\"https:\/\/www.estrategiaconcursos.com.br\/blog\/concurso-seap-rn\/#breadcrumb\",\"itemListElement\":[{\"@type\":\"ListItem\",\"position\":1,\"name\":\"In\u00edcio\",\"item\":\"https:\/\/www.estrategiaconcursos.com.br\/blog\/\"},{\"@type\":\"ListItem\",\"position\":2,\"name\":\"Concurso SEAP RN: 300 vagas autorizadas; edital at\u00e9 mar\u00e7o!\"}]},{\"@type\":\"WebSite\",\"@id\":\"https:\/\/www.estrategiaconcursos.com.br\/blog\/#website\",\"url\":\"https:\/\/www.estrategiaconcursos.com.br\/blog\/\",\"name\":\"Estrat\u00e9gia Concursos\",\"description\":\"O blog da Estrat\u00e9gia Concursos traz not\u00edcias sobre concursos e artigos de professores oferecendo cursos para concursos (pdf + videaulas) no site.\",\"publisher\":{\"@id\":\"https:\/\/www.estrategiaconcursos.com.br\/blog\/#organization\"},\"potentialAction\":[{\"@type\":\"SearchAction\",\"target\":{\"@type\":\"EntryPoint\",\"urlTemplate\":\"https:\/\/www.estrategiaconcursos.com.br\/blog\/?s={search_term_string}\"},\"query-input\":{\"@type\":\"PropertyValueSpecification\",\"valueRequired\":true,\"valueName\":\"search_term_string\"}}],\"inLanguage\":\"pt-BR\"},{\"@type\":\"Organization\",\"@id\":\"https:\/\/www.estrategiaconcursos.com.br\/blog\/#organization\",\"name\":\"Estrat\u00e9gia Concursos\",\"url\":\"https:\/\/www.estrategiaconcursos.com.br\/blog\/\",\"logo\":{\"@type\":\"ImageObject\",\"inLanguage\":\"pt-BR\",\"@id\":\"https:\/\/www.estrategiaconcursos.com.br\/blog\/#\/schema\/logo\/image\/\",\"url\":\"https:\/\/dhg1h5j42swfq.cloudfront.net\/2025\/06\/03203428\/logo_concursos-1.jpg\",\"contentUrl\":\"https:\/\/dhg1h5j42swfq.cloudfront.net\/2025\/06\/03203428\/logo_concursos-1.jpg\",\"width\":230,\"height\":60,\"caption\":\"Estrat\u00e9gia Concursos\"},\"image\":{\"@id\":\"https:\/\/www.estrategiaconcursos.com.br\/blog\/#\/schema\/logo\/image\/\"},\"sameAs\":[\"https:\/\/x.com\/EstratConcursos\"]},{\"@type\":\"Person\",\"@id\":\"https:\/\/www.estrategiaconcursos.com.br\/blog\/#\/schema\/person\/6630f91134abc08115cca62ce6372855\",\"name\":\"Bruna de Andrade Fran\u00e7a\",\"image\":{\"@type\":\"ImageObject\",\"inLanguage\":\"pt-BR\",\"@id\":\"https:\/\/secure.gravatar.com\/avatar\/d6316d36d50cea0fadae28ed3015b8870cc90a2d3d8a95c37b44006af36a00e3?s=96&d=mm&r=g\",\"url\":\"https:\/\/secure.gravatar.com\/avatar\/d6316d36d50cea0fadae28ed3015b8870cc90a2d3d8a95c37b44006af36a00e3?s=96&d=mm&r=g\",\"contentUrl\":\"https:\/\/secure.gravatar.com\/avatar\/d6316d36d50cea0fadae28ed3015b8870cc90a2d3d8a95c37b44006af36a00e3?s=96&d=mm&r=g\",\"caption\":\"Bruna de Andrade Fran\u00e7a\"},\"description\":\"Bruna de Andrade Fran\u00e7a \u00e9 publicit\u00e1ria com p\u00f3s-gradua\u00e7\u00e3o em Marketing &amp; Growth, atuando h\u00e1 mais de 6 anos no universo dos concursos p\u00fablicos. Desde 2021, lidera no Blog do Estrat\u00e9gia Concursos a cobertura editorial especializada em Concursos Policiais (PF, PRF, PM, PC, etc.), al\u00e9m das frentes de concursos banc\u00e1rios, de sa\u00fade e da \u00e1rea legislativa. Especialista em reda\u00e7\u00e3o, com pr\u00e1ticas de SEO e Copywriting, possui tamb\u00e9m atua\u00e7\u00e3o pr\u00e1tica de contato direto com \u00f3rg\u00e3os p\u00fablicos respons\u00e1veis por editais, permitindo acesso antecipado a informa\u00e7\u00f5es, desdobramentos importantes e atualiza\u00e7\u00e3o eficiente dos concursos p\u00fablicos.\",\"url\":\"https:\/\/www.estrategiaconcursos.com.br\/blog\/author\/bruna-andrade\/\"}]}<\/script>\n<!-- \/ Yoast SEO Premium plugin. -->","yoast_head_json":{"title":"Concurso SEAP RN: 300 vagas autorizadas; edital at\u00e9 mar\u00e7o!","description":"Novo concurso SEAP RN tem comiss\u00e3o formada. Edital ofertar\u00e1 300 vagas de n\u00edveis m\u00e9dio e superior at\u00e9 mar\u00e7o de 2026. Saiba mais!","robots":{"index":"index","follow":"follow","max-snippet":"max-snippet:-1","max-image-preview":"max-image-preview:large","max-video-preview":"max-video-preview:-1"},"canonical":"https:\/\/www.estrategiaconcursos.com.br\/blog\/concurso-seap-rn\/","og_locale":"pt_BR","og_type":"article","og_title":"Concurso SEAP RN: 300 vagas autorizadas; edital at\u00e9 mar\u00e7o!","og_description":"Novo concurso SEAP RN tem comiss\u00e3o formada. Edital ofertar\u00e1 300 vagas de n\u00edveis m\u00e9dio e superior at\u00e9 mar\u00e7o de 2026. Saiba mais!","og_url":"https:\/\/www.estrategiaconcursos.com.br\/blog\/concurso-seap-rn\/","og_site_name":"Estrat\u00e9gia Concursos","article_published_time":"2025-10-30T04:10:00+00:00","article_modified_time":"2025-12-03T16:04:10+00:00","og_image":[{"width":768,"height":432,"url":"https:\/\/dhg1h5j42swfq.cloudfront.net\/2025\/10\/21182801\/seap-rn.jpg","type":"image\/jpeg"}],"author":"Bruna de Andrade Fran\u00e7a","twitter_card":"summary_large_image","twitter_creator":"@EstratConcursos","twitter_site":"@EstratConcursos","twitter_misc":{"Escrito por":"Bruna de Andrade Fran\u00e7a","Est. tempo de leitura":"5 minutos"},"schema":{"@context":"https:\/\/schema.org","@graph":[{"@type":"NewsArticle","@id":"https:\/\/www.estrategiaconcursos.com.br\/blog\/concurso-seap-rn\/#article","isPartOf":{"@id":"https:\/\/www.estrategiaconcursos.com.br\/blog\/concurso-seap-rn\/"},"author":{"name":"Bruna de Andrade Fran\u00e7a","@id":"https:\/\/www.estrategiaconcursos.com.br\/blog\/#\/schema\/person\/6630f91134abc08115cca62ce6372855"},"headline":"Concurso SEAP RN: 300 vagas autorizadas; edital at\u00e9 mar\u00e7o!","datePublished":"2025-10-30T04:10:00+00:00","dateModified":"2025-12-03T16:04:10+00:00","mainEntityOfPage":{"@id":"https:\/\/www.estrategiaconcursos.com.br\/blog\/concurso-seap-rn\/"},"wordCount":955,"commentCount":0,"publisher":{"@id":"https:\/\/www.estrategiaconcursos.com.br\/blog\/#organization"},"image":{"@id":"https:\/\/www.estrategiaconcursos.com.br\/blog\/concurso-seap-rn\/#primaryimage"},"thumbnailUrl":"https:\/\/dhg1h5j42swfq.cloudfront.net\/2025\/10\/21182801\/seap-rn.jpg","articleSection":["Executivo (Administrativa)","Policial (Agente Penitenci\u00e1rio)"],"inLanguage":"pt-BR","potentialAction":[{"@type":"CommentAction","name":"Comment","target":["https:\/\/www.estrategiaconcursos.com.br\/blog\/concurso-seap-rn\/#respond"]}],"copyrightYear":"2025","copyrightHolder":{"@id":"https:\/\/www.estrategiaconcursos.com.br\/blog\/#organization"}},{"@type":"WebPage","@id":"https:\/\/www.estrategiaconcursos.com.br\/blog\/concurso-seap-rn\/","url":"https:\/\/www.estrategiaconcursos.com.br\/blog\/concurso-seap-rn\/","name":"Concurso SEAP RN: 300 vagas autorizadas; edital at\u00e9 mar\u00e7o!","isPartOf":{"@id":"https:\/\/www.estrategiaconcursos.com.br\/blog\/#website"},"primaryImageOfPage":{"@id":"https:\/\/www.estrategiaconcursos.com.br\/blog\/concurso-seap-rn\/#primaryimage"},"image":{"@id":"https:\/\/www.estrategiaconcursos.com.br\/blog\/concurso-seap-rn\/#primaryimage"},"thumbnailUrl":"https:\/\/dhg1h5j42swfq.cloudfront.net\/2025\/10\/21182801\/seap-rn.jpg","datePublished":"2025-10-30T04:10:00+00:00","dateModified":"2025-12-03T16:04:10+00:00","description":"Novo concurso SEAP RN tem comiss\u00e3o formada. Edital ofertar\u00e1 300 vagas de n\u00edveis m\u00e9dio e superior at\u00e9 mar\u00e7o de 2026. Saiba mais!","breadcrumb":{"@id":"https:\/\/www.estrategiaconcursos.com.br\/blog\/concurso-seap-rn\/#breadcrumb"},"inLanguage":"pt-BR","potentialAction":[{"@type":"ReadAction","target":["https:\/\/www.estrategiaconcursos.com.br\/blog\/concurso-seap-rn\/"]}]},{"@type":"ImageObject","inLanguage":"pt-BR","@id":"https:\/\/www.estrategiaconcursos.com.br\/blog\/concurso-seap-rn\/#primaryimage","url":"https:\/\/dhg1h5j42swfq.cloudfront.net\/2025\/10\/21182801\/seap-rn.jpg","contentUrl":"https:\/\/dhg1h5j42swfq.cloudfront.net\/2025\/10\/21182801\/seap-rn.jpg","width":768,"height":432,"caption":"Concurso SEAP RN"},{"@type":"BreadcrumbList","@id":"https:\/\/www.estrategiaconcursos.com.br\/blog\/concurso-seap-rn\/#breadcrumb","itemListElement":[{"@type":"ListItem","position":1,"name":"In\u00edcio","item":"https:\/\/www.estrategiaconcursos.com.br\/blog\/"},{"@type":"ListItem","position":2,"name":"Concurso SEAP RN: 300 vagas autorizadas; edital at\u00e9 mar\u00e7o!"}]},{"@type":"WebSite","@id":"https:\/\/www.estrategiaconcursos.com.br\/blog\/#website","url":"https:\/\/www.estrategiaconcursos.com.br\/blog\/","name":"Estrat\u00e9gia Concursos","description":"O blog da Estrat\u00e9gia Concursos traz not\u00edcias sobre concursos e artigos de professores oferecendo cursos para concursos (pdf + videaulas) no site.","publisher":{"@id":"https:\/\/www.estrategiaconcursos.com.br\/blog\/#organization"},"potentialAction":[{"@type":"SearchAction","target":{"@type":"EntryPoint","urlTemplate":"https:\/\/www.estrategiaconcursos.com.br\/blog\/?s={search_term_string}"},"query-input":{"@type":"PropertyValueSpecification","valueRequired":true,"valueName":"search_term_string"}}],"inLanguage":"pt-BR"},{"@type":"Organization","@id":"https:\/\/www.estrategiaconcursos.com.br\/blog\/#organization","name":"Estrat\u00e9gia Concursos","url":"https:\/\/www.estrategiaconcursos.com.br\/blog\/","logo":{"@type":"ImageObject","inLanguage":"pt-BR","@id":"https:\/\/www.estrategiaconcursos.com.br\/blog\/#\/schema\/logo\/image\/","url":"https:\/\/dhg1h5j42swfq.cloudfront.net\/2025\/06\/03203428\/logo_concursos-1.jpg","contentUrl":"https:\/\/dhg1h5j42swfq.cloudfront.net\/2025\/06\/03203428\/logo_concursos-1.jpg","width":230,"height":60,"caption":"Estrat\u00e9gia Concursos"},"image":{"@id":"https:\/\/www.estrategiaconcursos.com.br\/blog\/#\/schema\/logo\/image\/"},"sameAs":["https:\/\/x.com\/EstratConcursos"]},{"@type":"Person","@id":"https:\/\/www.estrategiaconcursos.com.br\/blog\/#\/schema\/person\/6630f91134abc08115cca62ce6372855","name":"Bruna de Andrade Fran\u00e7a","image":{"@type":"ImageObject","inLanguage":"pt-BR","@id":"https:\/\/secure.gravatar.com\/avatar\/d6316d36d50cea0fadae28ed3015b8870cc90a2d3d8a95c37b44006af36a00e3?s=96&d=mm&r=g","url":"https:\/\/secure.gravatar.com\/avatar\/d6316d36d50cea0fadae28ed3015b8870cc90a2d3d8a95c37b44006af36a00e3?s=96&d=mm&r=g","contentUrl":"https:\/\/secure.gravatar.com\/avatar\/d6316d36d50cea0fadae28ed3015b8870cc90a2d3d8a95c37b44006af36a00e3?s=96&d=mm&r=g","caption":"Bruna de Andrade Fran\u00e7a"},"description":"Bruna de Andrade Fran\u00e7a \u00e9 publicit\u00e1ria com p\u00f3s-gradua\u00e7\u00e3o em Marketing &amp; Growth, atuando h\u00e1 mais de 6 anos no universo dos concursos p\u00fablicos. Desde 2021, lidera no Blog do Estrat\u00e9gia Concursos a cobertura editorial especializada em Concursos Policiais (PF, PRF, PM, PC, etc.), al\u00e9m das frentes de concursos banc\u00e1rios, de sa\u00fade e da \u00e1rea legislativa. Especialista em reda\u00e7\u00e3o, com pr\u00e1ticas de SEO e Copywriting, possui tamb\u00e9m atua\u00e7\u00e3o pr\u00e1tica de contato direto com \u00f3rg\u00e3os p\u00fablicos respons\u00e1veis por editais, permitindo acesso antecipado a informa\u00e7\u00f5es, desdobramentos importantes e atualiza\u00e7\u00e3o eficiente dos concursos p\u00fablicos.","url":"https:\/\/www.estrategiaconcursos.com.br\/blog\/author\/bruna-andrade\/"}]}},"_links":{"self":[{"href":"https:\/\/www.estrategiaconcursos.com.br\/blog\/wp-json\/wp\/v2\/posts\/1658754","targetHints":{"allow":["GET"]}}],"collection":[{"href":"https:\/\/www.estrategiaconcursos.com.br\/blog\/wp-json\/wp\/v2\/posts"}],"about":[{"href":"https:\/\/www.estrategiaconcursos.com.br\/blog\/wp-json\/wp\/v2\/types\/post"}],"author":[{"embeddable":true,"href":"https:\/\/www.estrategiaconcursos.com.br\/blog\/wp-json\/wp\/v2\/users\/1206"}],"replies":[{"embeddable":true,"href":"https:\/\/www.estrategiaconcursos.com.br\/blog\/wp-json\/wp\/v2\/comments?post=1658754"}],"version-history":[{"count":8,"href":"https:\/\/www.estrategiaconcursos.com.br\/blog\/wp-json\/wp\/v2\/posts\/1658754\/revisions"}],"predecessor-version":[{"id":1679508,"href":"https:\/\/www.estrategiaconcursos.com.br\/blog\/wp-json\/wp\/v2\/posts\/1658754\/revisions\/1679508"}],"wp:featuredmedia":[{"embeddable":true,"href":"https:\/\/www.estrategiaconcursos.com.br\/blog\/wp-json\/wp\/v2\/media\/1658843"}],"wp:attachment":[{"href":"https:\/\/www.estrategiaconcursos.com.br\/blog\/wp-json\/wp\/v2\/media?parent=1658754"}],"wp:term":[{"taxonomy":"category","embeddable":true,"href":"https:\/\/www.estrategiaconcursos.com.br\/blog\/wp-json\/wp\/v2\/categories?post=1658754"},{"taxonomy":"post_tag","embeddable":true,"href":"https:\/\/www.estrategiaconcursos.com.br\/blog\/wp-json\/wp\/v2\/tags?post=1658754"},{"taxonomy":"tax_estado","embeddable":true,"href":"https:\/\/www.estrategiaconcursos.com.br\/blog\/wp-json\/wp\/v2\/tax_estado?post=1658754"}],"curies":[{"name":"wp","href":"https:\/\/api.w.org\/{rel}","templated":true}]}}