{"id":1656255,"date":"2026-02-09T11:19:00","date_gmt":"2026-02-09T14:19:00","guid":{"rendered":"https:\/\/blog-estrategia.mystagingwebsite.com\/blog\/?p=1656255"},"modified":"2026-08-10T22:39:21","modified_gmt":"2026-08-11T01:39:21","slug":"concurso-camara-de-londrina-pr","status":"publish","type":"post","link":"https:\/\/www.estrategiaconcursos.com.br\/blog\/concurso-camara-de-londrina-pr\/","title":{"rendered":"Concurso C\u00e2mara de Londrina PR: gabaritos divulgados!"},"content":{"rendered":"\n<p class=\"wp-block-paragraph\" style=\"font-size:clamp(14.642px, 0.915rem + ((1vw - 3.2px) * 0.721), 22px);\"><strong><em>Novo concurso da C\u00e2mara de Londrina oferece sal\u00e1rio inicial de at\u00e9 R$ 10,3 mil!<\/em><\/strong><\/p>\n\n\n\n<p class=\"wp-block-paragraph\">Est\u00e1 dispon\u00edvel a consulta ao gabarito preliminar das provas do <strong>concurso C\u00e2mara de Londrina<\/strong>, munic\u00edpio localizado no estado do Paran\u00e1. Os recursos ser\u00e3o aceitos at\u00e9 o dia 10 de fevereiro.<\/p>\n\n\n\n<ul class=\"wp-block-list\">\n<li><a href=\"https:\/\/www.cops.uel.br\/v2\/ProvasGabaritos\/ConsultarProvisoriosConcurso\/Selecao\/389\/Fase\/1\/Atividade\/21158\" target=\"_blank\" rel=\"noreferrer noopener\">Consulta ao gabarito preliminar<\/a><\/li>\n<\/ul>\n\n\n\n<p class=\"wp-block-paragraph\">S\u00e3o ofertadas 6 vagas imediatas e cadastro de reserva, distribu\u00eddas entre os <strong>cargos de T\u00e9cnico Legislativo e Contador<\/strong>, de n\u00edvel m\u00e9dio e superior. Os sal\u00e1rios variam de R$ 6.576,09 a R$ 10.399,17.<\/p>\n\n\n\n<ul class=\"wp-block-list has-very-light-gray-to-cyan-bluish-gray-gradient-background has-background\">\n<li><strong>C\u00e2mara de Londrina PR<\/strong><\/li>\n\n\n\n<li><strong style=\"color: initial;\">Situa\u00e7\u00e3o:<\/strong> gabaritos divulgados<\/li>\n\n\n\n<li><strong>Banca<\/strong>: Universidade Estadual de Londrina (<a href=\"https:\/\/www.cops.uel.br\/v2\/Selecao\/DetalharSelecao\/Selecao\/389\" target=\"_blank\" rel=\"noreferrer noopener\">COPS\/UEL<\/a>)<\/li>\n\n\n\n<li><strong>Vagas:<\/strong>&nbsp;6 + CR<\/li>\n\n\n\n<li><strong>Sal\u00e1rio inicial:<\/strong>&nbsp;R$ 6.576,09 a R$ 10.399,17<\/li>\n\n\n\n<li><strong>Edital:<\/strong> <a href=\"https:\/\/dhg1h5j42swfq.cloudfront.net\/2025\/11\/12094119\/389_389_edital-cml_01_2025_abertura_11_11.pdf\" target=\"_blank\" rel=\"noreferrer noopener nofollow\">CM Londrina PR-2025<\/a><\/li>\n<\/ul>\n\n\n\n<p class=\"wp-block-paragraph\">A fim de te deixar sempre bem informado, elaboramos este artigo com as principais informa\u00e7\u00f5es e novidades sobre o concurso. Acompanhe os t\u00f3picos abaixo e n\u00e3o perca nenhum detalhe!<\/p>\n\n\n\n<ul id=\"indice\" class=\"wp-block-list\">\n<li><a href=\"#concurso-2025\">Informa\u00e7\u00f5es do concurso<\/a>\n<ul class=\"wp-block-list\">\n<li><a href=\"#cargos\">Cargos e vagas<\/a><\/li>\n\n\n\n<li><a href=\"#etapas\">Etapas e provas<\/a><\/li>\n<\/ul>\n<\/li>\n\n\n\n<li><a href=\"#ultimo-concurso\">\u00daltimo concurso<\/a>\n<ul class=\"wp-block-list\">\n<li><a href=\"#etapas-ultimo\">Etapas<\/a><\/li>\n<\/ul>\n<\/li>\n\n\n\n<li><a href=\"#cursos\">Cursos e assinaturas<\/a><\/li>\n\n\n\n<li><a href=\"#ficha\">Ficha t\u00e9cnica<\/a><\/li>\n<\/ul>\n\n\n\n<div class=\"container\" id=\"boxes\">\n  <div class=\"row\">\n\n    <div class=\"col-sm\">\n      <div class=\"banner-camaras\" id=\"box-assinatura\">\n        <h3 class=\"titulo-assinatura\">Concurso C\u00e2mara de Londrina PR<\/h3>\n        <p class=\"subtitulo-assinatura\">Conhe\u00e7a os cursos<\/p>\n        <div class=\"box-botao\">\n          <a class=\"btn-assinatura\" target=\"_blank\" href=\"https:\/\/www.estrategiaconcursos.com.br\/cursosPorConcurso\/camara-londrina\/\" role=\"button\" rel=\"noopener noreferrer\">Conhe\u00e7a mais<\/a>\n        <\/div>\n      <\/div>\n     \n    <\/div>\n\n  <\/div>\n<\/div>\n\n\n\n<h2 class=\"wp-block-heading\" id=\"concurso-2025\">Informa\u00e7\u00f5es do concurso C\u00e2mara de Londrina<\/h2>\n\n\n\n<h3 class=\"wp-block-heading\" id=\"cargos\">Cargos e vagas do concurso C\u00e2mara de Londrina<\/h3>\n\n\n\n<figure class=\"wp-block-table is-style-stripes\"><table class=\"has-very-light-gray-to-cyan-bluish-gray-gradient-background has-background has-fixed-layout\"><thead><tr><th class=\"has-text-align-center\" data-align=\"center\">Cargo<\/th><th class=\"has-text-align-center\" data-align=\"center\">Vagas AC<\/th><th class=\"has-text-align-center\" data-align=\"center\">Vagas Negros<\/th><th class=\"has-text-align-center\" data-align=\"center\">Total de Vagas<\/th><\/tr><\/thead><tbody><tr><td class=\"has-text-align-center\" data-align=\"center\">T\u00e9cnico Legislativo<\/td><td class=\"has-text-align-center\" data-align=\"center\">4 + CR<\/td><td class=\"has-text-align-center\" data-align=\"center\">1<\/td><td class=\"has-text-align-center\" data-align=\"center\">5 + CR<\/td><\/tr><tr><td class=\"has-text-align-center\" data-align=\"center\">Contador<\/td><td class=\"has-text-align-center\" data-align=\"center\">1 + CR<\/td><td class=\"has-text-align-center\" data-align=\"center\">\u2013<\/td><td class=\"has-text-align-center\" data-align=\"center\">1 + CR<\/td><\/tr><\/tbody><\/table><\/figure>\n\n\n\n<h3 class=\"wp-block-heading\" id=\"etapas\">Etapas e provas do concurso C\u00e2mara de Londrina<\/h3>\n\n\n\n<p class=\"wp-block-paragraph\">Os candidatos do concurso s\u00e3o avaliados mediante aplica\u00e7\u00e3o das seguintes etapas:<\/p>\n\n\n\n<ul class=\"wp-block-list\">\n<li>a) <strong>Prova Objetiva<\/strong> aos candidatos do cargo de Contador e de T\u00e9cnico Legislativo;<\/li>\n\n\n\n<li>b) <strong>Prova Discursiva e Prova de T\u00edtulos<\/strong> somente aos candidatos do cargo de Contador;<\/li>\n\n\n\n<li>c) <strong>Prova de Reda\u00e7\u00e3o<\/strong> exclusivamente aos candidatos do cargo de T\u00e9cnico Legislativo.<\/li>\n<\/ul>\n\n\n\n<h4 class=\"wp-block-heading\" id=\"objetiva\">Provas Objetivas<\/h4>\n\n\n\n<p class=\"wp-block-paragraph\">As provas objetivas foram aplicadas na cidade de Londrina, com dura\u00e7\u00e3o de 4 horas (in\u00edcio \u00e0s 14h), compostas por quest\u00f5es de m\u00faltipla escolha (a, b, c, d, e).<\/p>\n\n\n\n<ul class=\"wp-block-list\">\n<li>L\u00edngua Portuguesa &#8211; 10<\/li>\n\n\n\n<li>Racioc\u00ednio L\u00f3gico Matem\u00e1tico &#8211; 10<\/li>\n\n\n\n<li>Conhecimentos Espec\u00edficos &#8211; 20<\/li>\n<\/ul>\n\n\n\n<p class=\"wp-block-paragraph\">Para a obten\u00e7\u00e3o do resultado da Prova Objetiva, ser\u00e3o observados os seguintes crit\u00e9rios:<\/p>\n\n\n\n<ul class=\"wp-block-list\">\n<li><strong>1\u00ba CRIT\u00c9RIO<\/strong>: \n<ul class=\"wp-block-list\">\n<li>Ser\u00e3o considerados aprovados todos os candidatos que apresentarem, no conjunto das quest\u00f5es, total de acertos igual ou superior a 50% do total da Prova Objetiva; al\u00e9m disso, o candidato dever\u00e1 apresentar, no m\u00ednimo, 50% de acertos do total de quest\u00f5es da \u00e1rea de Conhecimentos Espec\u00edficos do cargo.<\/li>\n<\/ul>\n<\/li>\n\n\n\n<li><strong>2\u00ba CRIT\u00c9RIO<\/strong>: \n<ul class=\"wp-block-list\">\n<li>Os candidatos aprovados na prova, conforme o 1\u00ba crit\u00e9rio, ser\u00e3o classificados conforme o resultado do somat\u00f3rio de pontos obtidos ap\u00f3s a aplica\u00e7\u00e3o das seguintes f\u00f3rmulas:<\/li>\n<\/ul>\n<\/li>\n<\/ul>\n\n\n\n<figure class=\"wp-block-image aligncenter size-large\"><img loading=\"lazy\" decoding=\"async\" width=\"1024\" height=\"254\" src=\"https:\/\/www.estrategiaconcursos.com.br\/blog\/wp-content\/uploads\/2025\/10\/image-94-1024x254.png\" alt=\"\" class=\"wp-image-1669091\" srcset=\"https:\/\/dhg1h5j42swfq.cloudfront.net\/2025\/10\/07175810\/image-94-1024x254.png 1024w, https:\/\/dhg1h5j42swfq.cloudfront.net\/2025\/10\/07175810\/image-94-300x74.png 300w, https:\/\/dhg1h5j42swfq.cloudfront.net\/2025\/10\/07175810\/image-94-768x191.png 768w, https:\/\/dhg1h5j42swfq.cloudfront.net\/2025\/10\/07175810\/image-94-150x37.png 150w, https:\/\/dhg1h5j42swfq.cloudfront.net\/2025\/10\/07175810\/image-94.png 1148w\" sizes=\"auto, (max-width: 1024px) 100vw, 1024px\" \/><\/figure>\n\n\n\n<h4 class=\"wp-block-heading\" id=\"discursiva\">Prova Discursiva e de Reda\u00e7\u00e3o<\/h4>\n\n\n\n<p class=\"wp-block-paragraph\">Foi aplicada Prova Discursiva para o cargo de Contador, composta de 1 quest\u00e3o, de no m\u00ednimo 15 e no m\u00e1ximo 30 linhas. Ser\u00e1 considerado aprovado o candidato que obtiver 50 pontos.<\/p>\n\n\n\n<p class=\"wp-block-paragraph\">A Prova de Reda\u00e7\u00e3o foi aplicada ao cargo de T\u00e9cnico Legislativo, contendo 1 quest\u00e3o, de 20 a 25 linhas, de texto do g\u00eanero dissertativo-argumentativo. Ser\u00e1 aprovado o candidato que obtiver 15 pontos.<\/p>\n\n\n\n<h4 class=\"wp-block-heading\" id=\"titulos\">Avalia\u00e7\u00e3o de T\u00edtulos<\/h4>\n\n\n\n<p class=\"wp-block-paragraph\">A Prova de T\u00edtulos, de car\u00e1ter classificat\u00f3rio, ser\u00e1 aplicada exclusivamente para o cargo de Contador. A etapa valer\u00e1 100 pontos e ser\u00e3o considerados e pontuados a forma\u00e7\u00e3o acad\u00eamica e a experi\u00eancia Profissional.<\/p>\n\n\n\n<figure class=\"wp-block-image aligncenter size-large\"><img loading=\"lazy\" decoding=\"async\" width=\"1024\" height=\"411\" src=\"https:\/\/www.estrategiaconcursos.com.br\/blog\/wp-content\/uploads\/2025\/10\/titulos-camara-de-londrina-1024x411.png\" alt=\"Quadro de t\u00edtulos do concurso C\u00e2mara de Londrina\" class=\"wp-image-1669093\" srcset=\"https:\/\/dhg1h5j42swfq.cloudfront.net\/2025\/10\/12095746\/titulos-camara-de-londrina-1024x411.png 1024w, https:\/\/dhg1h5j42swfq.cloudfront.net\/2025\/10\/12095746\/titulos-camara-de-londrina-300x120.png 300w, https:\/\/dhg1h5j42swfq.cloudfront.net\/2025\/10\/12095746\/titulos-camara-de-londrina-768x308.png 768w, https:\/\/dhg1h5j42swfq.cloudfront.net\/2025\/10\/12095746\/titulos-camara-de-londrina-150x60.png 150w, https:\/\/dhg1h5j42swfq.cloudfront.net\/2025\/10\/12095746\/titulos-camara-de-londrina.png 1116w\" sizes=\"auto, (max-width: 1024px) 100vw, 1024px\" \/><figcaption class=\"wp-element-caption\">Quadro de t\u00edtulos do concurso C\u00e2mara de Londrina<\/figcaption><\/figure>\n\n\n\n<h2 class=\"wp-block-heading\" id=\"ultimo-concurso\">\u00daltimo concurso C\u00e2mara de Londrina<\/h2>\n\n\n\n<ul class=\"wp-block-list\">\n<li><strong>\u00daltimo edital:<\/strong> <a href=\"https:\/\/dhg1h5j42swfq.cloudfront.net\/2025\/10\/16102307\/edital-2016-camara-de-londrina-pr.pdf\" target=\"_blank\" rel=\"noreferrer noopener nofollow\">CM Londrina PR-2016<\/a><\/li>\n<\/ul>\n\n\n\n<p class=\"wp-block-paragraph\">Realizado em 2016, foram ofertadas 14 vagas imediatas e forma\u00e7\u00e3o de cadastro de reserva para cargos nos n\u00edveis m\u00e9dio e superior. Na \u00e9poca, os sal\u00e1rios variaram de R$ 3.942,45 a R$ 6.532,47.<\/p>\n\n\n\n<ul class=\"wp-block-list\">\n<li>Advogado: 2<\/li>\n\n\n\n<li>Analista de Inform\u00e1tica: 1<\/li>\n\n\n\n<li>Analista de Recursos Humanos: 1<\/li>\n\n\n\n<li>Bibliotec\u00e1rio: CR<\/li>\n\n\n\n<li>Contador: 2<\/li>\n\n\n\n<li>Jornalista: 1<\/li>\n\n\n\n<li>Rela\u00e7\u00f5es P\u00fablicas: 1<\/li>\n\n\n\n<li>Revisor de Textos: 1<\/li>\n\n\n\n<li>T\u00e9cnico Legislativo: 5<\/li>\n<\/ul>\n\n\n\n<h3 class=\"wp-block-heading\" id=\"etapas-ultimo\">Etapas e provas<\/h3>\n\n\n\n<p class=\"wp-block-paragraph\">Sob organiza\u00e7\u00e3o da Universidade Estadual de Londrina (COPS\/UEL), os candidatos foram avaliados por meio de Prova Objetiva, Prova Dissertativa e Prova de T\u00edtulos.<\/p>\n\n\n\n<p class=\"wp-block-paragraph\">A prova objetiva, de car\u00e1ter eliminat\u00f3rio e classificat\u00f3rio, consistiu em 40 quest\u00f5es de m\u00faltipla escolha (a, b, c, d, e). <\/p>\n\n\n\n<ul class=\"wp-block-list\">\n<li><strong>Para Cargos de N\u00edvel Superior:<\/strong>\n<ul class=\"wp-block-list\">\n<li>L\u00edngua Portuguesa &#8211; 8<\/li>\n\n\n\n<li>Racioc\u00ednio L\u00f3gico &#8211; 4<\/li>\n\n\n\n<li>Legisla\u00e7\u00e3o Municipal &#8211; 8<\/li>\n\n\n\n<li>Conhecimentos Espec\u00edficos &#8211; 20<\/li>\n<\/ul>\n<\/li>\n<\/ul>\n\n\n\n<ul class=\"wp-block-list\">\n<li><strong>Para Cargo de N\u00edvel M\u00e9dio:<\/strong>\n<ul class=\"wp-block-list\">\n<li>L\u00edngua Portuguesa &#8211; 10<\/li>\n\n\n\n<li>Matem\u00e1tica e Racioc\u00ednio L\u00f3gico &#8211; 10<\/li>\n\n\n\n<li>Conhecimentos Espec\u00edficos &#8211; 20<\/li>\n<\/ul>\n<\/li>\n<\/ul>\n\n\n\n<p class=\"wp-block-paragraph\">A prova dissertativa foi composta de uma Quest\u00e3o Discursiva para os cargos de N\u00edvel Superior e uma Reda\u00e7\u00e3o para o cargo de T\u00e9cnico Legislativo.<\/p>\n\n\n\n<p class=\"wp-block-paragraph\">J\u00e1 a prova de t\u00edtulos, de car\u00e1ter classificat\u00f3rio, foi aplicada exclusivamente para os cargos de Advogado, Analista de Inform\u00e1tica, Analista de Recursos Humanos, Bibliotec\u00e1rio, Contador, Jornalista, Rela\u00e7\u00f5es P\u00fablicas e Revisor de Textos.<\/p>\n\n\n\n<figure class=\"wp-block-image aligncenter size-full\"><img loading=\"lazy\" decoding=\"async\" width=\"929\" height=\"382\" src=\"https:\/\/dhg1h5j42swfq.cloudfront.net\/2025\/10\/16102847\/image-193.png\" alt=\"Quadro de t\u00edtulos do \u00faltimo concurso C\u00e2mara de Londrina\" class=\"wp-image-1656293\" srcset=\"https:\/\/dhg1h5j42swfq.cloudfront.net\/2025\/10\/16102847\/image-193.png 929w, https:\/\/dhg1h5j42swfq.cloudfront.net\/2025\/10\/16102847\/image-193-300x123.png 300w, https:\/\/dhg1h5j42swfq.cloudfront.net\/2025\/10\/16102847\/image-193-768x316.png 768w, https:\/\/dhg1h5j42swfq.cloudfront.net\/2025\/10\/16102847\/image-193-150x62.png 150w\" sizes=\"auto, (max-width: 929px) 100vw, 929px\" \/><figcaption class=\"wp-element-caption\">Quadro de t\u00edtulos do \u00faltimo concurso C\u00e2mara de Londrina<\/figcaption><\/figure>\n\n\n\n<hr class=\"wp-block-separator has-alpha-channel-opacity\"\/>\n\n\n\n<h2 class=\"wp-block-heading has-text-align-center\" id=\"h-quer-saber-tudo-sobre-concursos-previstos-confira-nossos-artigos\">Quer saber tudo sobre concursos previstos?<br \/>Confira  nossos artigos!<\/h2>\n\n\n\n<ul class=\"wp-block-list\">\n<li><a href=\"https:\/\/www.estrategiaconcursos.com.br\/blog\/concursos-abertos\/\" target=\"_blank\" rel=\"noreferrer noopener\">Concursos abertos<\/a><\/li>\n\n\n\n<li><a href=\"https:\/\/www.estrategiaconcursos.com.br\/blog\/concursos-camaras-municipais\/\" target=\"_blank\" rel=\"noreferrer noopener\">Concursos C\u00e2maras<\/a><\/li>\n\n\n\n<li><a href=\"https:\/\/www.estrategiaconcursos.com.br\/blog\/concursos-2026\/\" target=\"_blank\" rel=\"noreferrer noopener\">Concursos 2026<\/a><\/li>\n<\/ul>\n\n\n\n<h2 class=\"wp-block-heading has-text-align-center\" id=\"cursos\">Quer estudar para o concurso C\u00e2mara de Londrina?<\/h2>\n\n\n\n<div class=\"container\" id=\"boxes\">\n  <div class=\"row\">\n\n    <div class=\"col-sm\">\n      <div class=\"banner-camaras\" id=\"box-assinatura\">\n        <h3 class=\"titulo-assinatura\">C\u00e2mara de Londrina PR<\/h3>\n        <p class=\"subtitulo-assinatura\">Conhe\u00e7a os cursos<\/p>\n        <div class=\"box-botao\">\n          <a class=\"btn-assinatura\" target=\"_blank\" href=\"https:\/\/www.estrategiaconcursos.com.br\/cursosPorConcurso\/camara-londrina\/\" role=\"button\" rel=\"noopener noreferrer\">Conhe\u00e7a mais<\/a>\n        <\/div>\n      <\/div>\n     \n    <\/div>\n\n  <\/div>\n<\/div>\n\n\n\n<div class=\"container\" id=\"boxes\">\n  <div class=\"row\">\n\n    <div class=\"col-sm\">\n      <div class=\"estrategia\" id=\"box-assinatura\">\n        <h3 class=\"titulo-assinatura\">Assinatura Concursos<\/h3>\n        <p class=\"subtitulo-assinatura\">Assinatura de 1 ano ou 2 anos<\/p>\n        <div class=\"box-botao\">\n          <a class=\"btn-assinatura\" target=\"_blank\" href=\"https:\/\/www.estrategiaconcursos.com.br\/blog\/assinaturas\/\" role=\"button\" rel=\"noopener noreferrer\">ASSINE AGORA<\/a>\n        <\/div>\n      <\/div><\/div><\/div><\/div>\n\n\n\n<figure class=\"wp-block-image size-large is-resized\"><img loading=\"lazy\" decoding=\"async\" width=\"1024\" height=\"632\" src=\"https:\/\/www.estrategiaconcursos.com.br\/blog\/wp-content\/uploads\/2025\/06\/ficha-tecnica-1-1024x632.png\" alt=\"ficha t\u00e9cnica\" class=\"wp-image-702728\" style=\"aspect-ratio:1.620253164556962;width:282px;height:auto\" srcset=\"https:\/\/dhg1h5j42swfq.cloudfront.net\/2025\/06\/27101122\/ficha-tecnica-1-1024x632.png 1024w, https:\/\/dhg1h5j42swfq.cloudfront.net\/2025\/06\/27101122\/ficha-tecnica-1-300x185.png 300w, https:\/\/dhg1h5j42swfq.cloudfront.net\/2025\/06\/27101122\/ficha-tecnica-1-768x474.png 768w, https:\/\/dhg1h5j42swfq.cloudfront.net\/2025\/06\/27101122\/ficha-tecnica-1-1536x948.png 1536w, https:\/\/dhg1h5j42swfq.cloudfront.net\/2025\/06\/27101122\/ficha-tecnica-1-610x377.png 610w, https:\/\/dhg1h5j42swfq.cloudfront.net\/2025\/06\/27101122\/ficha-tecnica-1.png 1571w\" sizes=\"auto, (max-width: 1024px) 100vw, 1024px\" \/><\/figure>\n\n\n\n<h3 class=\"wp-block-heading\" id=\"ficha\">Informa\u00e7\u00f5es do concurso C\u00e2mara de Londrina &#8211; PR<\/h3>\n\n\n\n<ul class=\"wp-block-list\">\n<li><strong>Provas:<\/strong> 08\/02\/2026<\/li>\n\n\n\n<li><strong>Vagas:<\/strong> 6 + CR<\/li>\n\n\n\n<li><strong>Cargos<\/strong>: T\u00e9cnico Legislativo e Contador<\/li>\n\n\n\n<li><strong>Escolaridade<\/strong>: n\u00edveis m\u00e9dio e superior<\/li>\n\n\n\n<li><strong>Banca<\/strong>: Universidade Estadual de Londrina (COPS\/UEL)<\/li>\n\n\n\n<li><strong>Edital:<\/strong> <a href=\"https:\/\/dhg1h5j42swfq.cloudfront.net\/2025\/11\/12094119\/389_389_edital-cml_01_2025_abertura_11_11.pdf\" target=\"_blank\" rel=\"noreferrer noopener nofollow\">CM Londrina PR-2025<\/a><\/li>\n<\/ul>\n\n\n\n<p class=\"wp-block-paragraph\"><\/p>\n","protected":false},"excerpt":{"rendered":"<p>Novo concurso da C\u00e2mara de Londrina oferece sal\u00e1rio inicial de at\u00e9 R$ 10,3 mil! Est\u00e1 dispon\u00edvel a consulta ao gabarito preliminar das provas do concurso C\u00e2mara de Londrina, munic\u00edpio localizado no estado do Paran\u00e1. Os recursos ser\u00e3o aceitos at\u00e9 o dia 10 de fevereiro. S\u00e3o ofertadas 6 vagas imediatas e cadastro de reserva, distribu\u00eddas entre [&hellip;]<\/p>\n","protected":false},"author":656,"featured_media":1656301,"comment_status":"open","ping_status":"closed","sticky":false,"template":"","format":"standard","meta":{"_acf_changed":false,"post_tipo":"news_page","footnotes":""},"categories":[2017],"tags":[],"tax_estado":[219981],"class_list":["post-1656255","post","type-post","status-publish","format-standard","has-post-thumbnail","hentry","category-concursos-legislativos","tax_estado-pr"],"acf":[],"yoast_head":"<!-- This site is optimized with the Yoast SEO Premium plugin v28.1 (Yoast SEO v28.1) - https:\/\/yoast.com\/product\/yoast-seo-premium-wordpress\/ -->\n<title>Concurso C\u00e2mara de Londrina PR: gabaritos divulgados!<\/title>\n<meta name=\"description\" content=\"Concurso C\u00e2mara de Londrina PR oferece sal\u00e1rios de at\u00e9 R$ 10,3 mil em seu novo edital. Provas aplicadas e gabaritos divulgados!\" \/>\n<meta name=\"robots\" content=\"index, follow, max-snippet:-1, max-image-preview:large, max-video-preview:-1\" \/>\n<link rel=\"canonical\" href=\"https:\/\/www.estrategiaconcursos.com.br\/blog\/concurso-camara-de-londrina-pr\/\" \/>\n<meta property=\"og:locale\" content=\"pt_BR\" \/>\n<meta property=\"og:type\" content=\"article\" \/>\n<meta property=\"og:title\" content=\"Concurso C\u00e2mara de Londrina PR: gabaritos divulgados!\" \/>\n<meta property=\"og:description\" content=\"Concurso C\u00e2mara de Londrina PR oferece sal\u00e1rios de at\u00e9 R$ 10,3 mil em seu novo edital. Provas aplicadas e gabaritos divulgados!\" \/>\n<meta property=\"og:url\" content=\"https:\/\/www.estrategiaconcursos.com.br\/blog\/concurso-camara-de-londrina-pr\/\" \/>\n<meta property=\"og:site_name\" content=\"Estrat\u00e9gia Concursos\" \/>\n<meta property=\"article:published_time\" content=\"2026-02-09T14:19:00+00:00\" \/>\n<meta property=\"article:modified_time\" content=\"2026-08-11T01:39:21+00:00\" \/>\n<meta property=\"og:image\" content=\"https:\/\/dhg1h5j42swfq.cloudfront.net\/2025\/10\/16104259\/camara-de-londrina-pr.jpg\" \/>\n\t<meta property=\"og:image:width\" content=\"768\" \/>\n\t<meta property=\"og:image:height\" content=\"432\" \/>\n\t<meta property=\"og:image:type\" content=\"image\/jpeg\" \/>\n<meta name=\"author\" content=\"F\u00e1bio Scaldelai\" \/>\n<meta name=\"twitter:card\" content=\"summary_large_image\" \/>\n<meta name=\"twitter:creator\" content=\"@EstratConcursos\" \/>\n<meta name=\"twitter:site\" content=\"@EstratConcursos\" \/>\n<meta name=\"twitter:label1\" content=\"Escrito por\" \/>\n\t<meta name=\"twitter:data1\" content=\"F\u00e1bio Scaldelai\" \/>\n\t<meta name=\"twitter:label2\" content=\"Est. tempo de leitura\" \/>\n\t<meta name=\"twitter:data2\" content=\"4 minutos\" \/>\n<script type=\"application\/ld+json\" class=\"yoast-schema-graph\">{\"@context\":\"https:\\\/\\\/schema.org\",\"@graph\":[{\"@type\":\"NewsArticle\",\"@id\":\"https:\\\/\\\/www.estrategiaconcursos.com.br\\\/blog\\\/concurso-camara-de-londrina-pr\\\/#article\",\"isPartOf\":{\"@id\":\"https:\\\/\\\/www.estrategiaconcursos.com.br\\\/blog\\\/concurso-camara-de-londrina-pr\\\/\"},\"author\":{\"name\":\"F\u00e1bio Scaldelai\",\"@id\":\"https:\\\/\\\/blog-estrategia.mystagingwebsite.com\\\/#\\\/schema\\\/person\\\/e3b6b7ce0192dd4ad270655969d61750\"},\"headline\":\"Concurso C\u00e2mara de Londrina PR: gabaritos divulgados!\",\"datePublished\":\"2026-02-09T14:19:00+00:00\",\"dateModified\":\"2026-08-11T01:39:21+00:00\",\"mainEntityOfPage\":{\"@id\":\"https:\\\/\\\/www.estrategiaconcursos.com.br\\\/blog\\\/concurso-camara-de-londrina-pr\\\/\"},\"wordCount\":883,\"commentCount\":0,\"publisher\":{\"@id\":\"https:\\\/\\\/blog-estrategia.mystagingwebsite.com\\\/#organization\"},\"image\":{\"@id\":\"https:\\\/\\\/www.estrategiaconcursos.com.br\\\/blog\\\/concurso-camara-de-londrina-pr\\\/#primaryimage\"},\"thumbnailUrl\":\"https:\\\/\\\/dhg1h5j42swfq.cloudfront.net\\\/2025\\\/10\\\/16104259\\\/camara-de-londrina-pr.jpg\",\"articleSection\":[\"Legislativo\"],\"inLanguage\":\"pt-BR\",\"potentialAction\":[{\"@type\":\"CommentAction\",\"name\":\"Comment\",\"target\":[\"https:\\\/\\\/www.estrategiaconcursos.com.br\\\/blog\\\/concurso-camara-de-londrina-pr\\\/#respond\"]}],\"copyrightYear\":\"2026\",\"copyrightHolder\":{\"@id\":\"https:\\\/\\\/www.estrategiaconcursos.com.br\\\/blog\\\/#organization\"}},{\"@type\":\"WebPage\",\"@id\":\"https:\\\/\\\/www.estrategiaconcursos.com.br\\\/blog\\\/concurso-camara-de-londrina-pr\\\/\",\"url\":\"https:\\\/\\\/www.estrategiaconcursos.com.br\\\/blog\\\/concurso-camara-de-londrina-pr\\\/\",\"name\":\"Concurso C\u00e2mara de Londrina PR: gabaritos divulgados!\",\"isPartOf\":{\"@id\":\"https:\\\/\\\/blog-estrategia.mystagingwebsite.com\\\/#website\"},\"primaryImageOfPage\":{\"@id\":\"https:\\\/\\\/www.estrategiaconcursos.com.br\\\/blog\\\/concurso-camara-de-londrina-pr\\\/#primaryimage\"},\"image\":{\"@id\":\"https:\\\/\\\/www.estrategiaconcursos.com.br\\\/blog\\\/concurso-camara-de-londrina-pr\\\/#primaryimage\"},\"thumbnailUrl\":\"https:\\\/\\\/dhg1h5j42swfq.cloudfront.net\\\/2025\\\/10\\\/16104259\\\/camara-de-londrina-pr.jpg\",\"datePublished\":\"2026-02-09T14:19:00+00:00\",\"dateModified\":\"2026-08-11T01:39:21+00:00\",\"description\":\"Concurso C\u00e2mara de Londrina PR oferece sal\u00e1rios de at\u00e9 R$ 10,3 mil em seu novo edital. Provas aplicadas e gabaritos divulgados!\",\"breadcrumb\":{\"@id\":\"https:\\\/\\\/www.estrategiaconcursos.com.br\\\/blog\\\/concurso-camara-de-londrina-pr\\\/#breadcrumb\"},\"inLanguage\":\"pt-BR\",\"potentialAction\":[{\"@type\":\"ReadAction\",\"target\":[\"https:\\\/\\\/www.estrategiaconcursos.com.br\\\/blog\\\/concurso-camara-de-londrina-pr\\\/\"]}]},{\"@type\":\"ImageObject\",\"inLanguage\":\"pt-BR\",\"@id\":\"https:\\\/\\\/www.estrategiaconcursos.com.br\\\/blog\\\/concurso-camara-de-londrina-pr\\\/#primaryimage\",\"url\":\"https:\\\/\\\/dhg1h5j42swfq.cloudfront.net\\\/2025\\\/10\\\/16104259\\\/camara-de-londrina-pr.jpg\",\"contentUrl\":\"https:\\\/\\\/dhg1h5j42swfq.cloudfront.net\\\/2025\\\/10\\\/16104259\\\/camara-de-londrina-pr.jpg\",\"width\":768,\"height\":432,\"caption\":\"Concurso C\u00e2mara de Londrina PR\"},{\"@type\":\"BreadcrumbList\",\"@id\":\"https:\\\/\\\/www.estrategiaconcursos.com.br\\\/blog\\\/concurso-camara-de-londrina-pr\\\/#breadcrumb\",\"itemListElement\":[{\"@type\":\"ListItem\",\"position\":1,\"name\":\"In\u00edcio\",\"item\":\"https:\\\/\\\/blog-estrategia.mystagingwebsite.com\\\/\"},{\"@type\":\"ListItem\",\"position\":2,\"name\":\"Concurso C\u00e2mara de Londrina PR: gabaritos divulgados!\"}]},{\"@type\":\"WebSite\",\"@id\":\"https:\\\/\\\/blog-estrategia.mystagingwebsite.com\\\/#website\",\"url\":\"https:\\\/\\\/blog-estrategia.mystagingwebsite.com\\\/\",\"name\":\"Estrat\u00e9gia Concursos\",\"description\":\"O blog da Estrat\u00e9gia Concursos traz not\u00edcias sobre concursos e artigos de professores oferecendo cursos para concursos (pdf + videaulas) no site.\",\"publisher\":{\"@id\":\"https:\\\/\\\/blog-estrategia.mystagingwebsite.com\\\/#organization\"},\"potentialAction\":[{\"@type\":\"SearchAction\",\"target\":{\"@type\":\"EntryPoint\",\"urlTemplate\":\"https:\\\/\\\/blog-estrategia.mystagingwebsite.com\\\/?s={search_term_string}\"},\"query-input\":{\"@type\":\"PropertyValueSpecification\",\"valueRequired\":true,\"valueName\":\"search_term_string\"}}],\"inLanguage\":\"pt-BR\"},{\"@type\":\"Organization\",\"@id\":\"https:\\\/\\\/blog-estrategia.mystagingwebsite.com\\\/#organization\",\"name\":\"Estrat\u00e9gia Concursos\",\"url\":\"https:\\\/\\\/blog-estrategia.mystagingwebsite.com\\\/\",\"logo\":{\"@type\":\"ImageObject\",\"inLanguage\":\"pt-BR\",\"@id\":\"https:\\\/\\\/blog-estrategia.mystagingwebsite.com\\\/#\\\/schema\\\/logo\\\/image\\\/\",\"url\":\"https:\\\/\\\/dhg1h5j42swfq.cloudfront.net\\\/2025\\\/06\\\/03203428\\\/logo_concursos-1.jpg\",\"contentUrl\":\"https:\\\/\\\/dhg1h5j42swfq.cloudfront.net\\\/2025\\\/06\\\/03203428\\\/logo_concursos-1.jpg\",\"width\":230,\"height\":60,\"caption\":\"Estrat\u00e9gia Concursos\"},\"image\":{\"@id\":\"https:\\\/\\\/blog-estrategia.mystagingwebsite.com\\\/#\\\/schema\\\/logo\\\/image\\\/\"},\"sameAs\":[\"https:\\\/\\\/x.com\\\/EstratConcursos\"]},{\"@type\":\"Person\",\"@id\":\"https:\\\/\\\/blog-estrategia.mystagingwebsite.com\\\/#\\\/schema\\\/person\\\/e3b6b7ce0192dd4ad270655969d61750\",\"name\":\"F\u00e1bio Scaldelai\",\"image\":{\"@type\":\"ImageObject\",\"inLanguage\":\"pt-BR\",\"@id\":\"https:\\\/\\\/secure.gravatar.com\\\/avatar\\\/8ed7492c4d88d8495bc0cb24cda6847b8ae23eec459a919e08e77d0ca0fd79ec?s=96&d=mm&r=g\",\"url\":\"https:\\\/\\\/secure.gravatar.com\\\/avatar\\\/8ed7492c4d88d8495bc0cb24cda6847b8ae23eec459a919e08e77d0ca0fd79ec?s=96&d=mm&r=g\",\"contentUrl\":\"https:\\\/\\\/secure.gravatar.com\\\/avatar\\\/8ed7492c4d88d8495bc0cb24cda6847b8ae23eec459a919e08e77d0ca0fd79ec?s=96&d=mm&r=g\",\"caption\":\"F\u00e1bio Scaldelai\"},\"description\":\"Jornalista no Estrat\u00e9gia Concursos e Produtor de Televis\u00e3o, formado em Jornalismo, R\u00e1dio e TV pela Faculdade Integrada Rio Branco, com especializa\u00e7\u00f5es em Gest\u00e3o Empresarial e Marketing pelo M\u00f3dulo. Atuou como produtor no SBT, TV Bandeirantes e R\u00e1dio Band FM, al\u00e9m de acumular tr\u00eas anos de experi\u00eancia no setor de concursos p\u00fablicos pela LFG (Luiz Fl\u00e1vio Gomes). No Estrat\u00e9gia Concursos, atua na apura\u00e7\u00e3o de not\u00edcias da \u00e1rea fiscal, al\u00e9m de coberturas sobre concursos das \u00e1reas de controle (TCU, TCE, etc), concurso AFT, \u00e1rea de gest\u00e3o e administrativa, bem como dos \u00f3rg\u00e3os participantes do CNU. Tamb\u00e9m possui experi\u00eancia em link building e an\u00e1lise de m\u00eddia, adquirida durante sua atua\u00e7\u00e3o na ag\u00eancia SEO Marketing.\",\"url\":\"https:\\\/\\\/www.estrategiaconcursos.com.br\\\/blog\\\/author\\\/fabio-scaldelaiestrategiaconcursos-com-br\\\/\"}]}<\/script>\n<!-- \/ Yoast SEO Premium plugin. -->","yoast_head_json":{"title":"Concurso C\u00e2mara de Londrina PR: gabaritos divulgados!","description":"Concurso C\u00e2mara de Londrina PR oferece sal\u00e1rios de at\u00e9 R$ 10,3 mil em seu novo edital. Provas aplicadas e gabaritos divulgados!","robots":{"index":"index","follow":"follow","max-snippet":"max-snippet:-1","max-image-preview":"max-image-preview:large","max-video-preview":"max-video-preview:-1"},"canonical":"https:\/\/www.estrategiaconcursos.com.br\/blog\/concurso-camara-de-londrina-pr\/","og_locale":"pt_BR","og_type":"article","og_title":"Concurso C\u00e2mara de Londrina PR: gabaritos divulgados!","og_description":"Concurso C\u00e2mara de Londrina PR oferece sal\u00e1rios de at\u00e9 R$ 10,3 mil em seu novo edital. Provas aplicadas e gabaritos divulgados!","og_url":"https:\/\/www.estrategiaconcursos.com.br\/blog\/concurso-camara-de-londrina-pr\/","og_site_name":"Estrat\u00e9gia Concursos","article_published_time":"2026-02-09T14:19:00+00:00","article_modified_time":"2026-08-11T01:39:21+00:00","og_image":[{"width":768,"height":432,"url":"https:\/\/dhg1h5j42swfq.cloudfront.net\/2025\/10\/16104259\/camara-de-londrina-pr.jpg","type":"image\/jpeg"}],"author":"F\u00e1bio Scaldelai","twitter_card":"summary_large_image","twitter_creator":"@EstratConcursos","twitter_site":"@EstratConcursos","twitter_misc":{"Escrito por":"F\u00e1bio Scaldelai","Est. tempo de leitura":"4 minutos"},"schema":{"@context":"https:\/\/schema.org","@graph":[{"@type":"NewsArticle","@id":"https:\/\/www.estrategiaconcursos.com.br\/blog\/concurso-camara-de-londrina-pr\/#article","isPartOf":{"@id":"https:\/\/www.estrategiaconcursos.com.br\/blog\/concurso-camara-de-londrina-pr\/"},"author":{"name":"F\u00e1bio Scaldelai","@id":"https:\/\/blog-estrategia.mystagingwebsite.com\/#\/schema\/person\/e3b6b7ce0192dd4ad270655969d61750"},"headline":"Concurso C\u00e2mara de Londrina PR: gabaritos divulgados!","datePublished":"2026-02-09T14:19:00+00:00","dateModified":"2026-08-11T01:39:21+00:00","mainEntityOfPage":{"@id":"https:\/\/www.estrategiaconcursos.com.br\/blog\/concurso-camara-de-londrina-pr\/"},"wordCount":883,"commentCount":0,"publisher":{"@id":"https:\/\/blog-estrategia.mystagingwebsite.com\/#organization"},"image":{"@id":"https:\/\/www.estrategiaconcursos.com.br\/blog\/concurso-camara-de-londrina-pr\/#primaryimage"},"thumbnailUrl":"https:\/\/dhg1h5j42swfq.cloudfront.net\/2025\/10\/16104259\/camara-de-londrina-pr.jpg","articleSection":["Legislativo"],"inLanguage":"pt-BR","potentialAction":[{"@type":"CommentAction","name":"Comment","target":["https:\/\/www.estrategiaconcursos.com.br\/blog\/concurso-camara-de-londrina-pr\/#respond"]}],"copyrightYear":"2026","copyrightHolder":{"@id":"https:\/\/www.estrategiaconcursos.com.br\/blog\/#organization"}},{"@type":"WebPage","@id":"https:\/\/www.estrategiaconcursos.com.br\/blog\/concurso-camara-de-londrina-pr\/","url":"https:\/\/www.estrategiaconcursos.com.br\/blog\/concurso-camara-de-londrina-pr\/","name":"Concurso C\u00e2mara de Londrina PR: gabaritos divulgados!","isPartOf":{"@id":"https:\/\/blog-estrategia.mystagingwebsite.com\/#website"},"primaryImageOfPage":{"@id":"https:\/\/www.estrategiaconcursos.com.br\/blog\/concurso-camara-de-londrina-pr\/#primaryimage"},"image":{"@id":"https:\/\/www.estrategiaconcursos.com.br\/blog\/concurso-camara-de-londrina-pr\/#primaryimage"},"thumbnailUrl":"https:\/\/dhg1h5j42swfq.cloudfront.net\/2025\/10\/16104259\/camara-de-londrina-pr.jpg","datePublished":"2026-02-09T14:19:00+00:00","dateModified":"2026-08-11T01:39:21+00:00","description":"Concurso C\u00e2mara de Londrina PR oferece sal\u00e1rios de at\u00e9 R$ 10,3 mil em seu novo edital. Provas aplicadas e gabaritos divulgados!","breadcrumb":{"@id":"https:\/\/www.estrategiaconcursos.com.br\/blog\/concurso-camara-de-londrina-pr\/#breadcrumb"},"inLanguage":"pt-BR","potentialAction":[{"@type":"ReadAction","target":["https:\/\/www.estrategiaconcursos.com.br\/blog\/concurso-camara-de-londrina-pr\/"]}]},{"@type":"ImageObject","inLanguage":"pt-BR","@id":"https:\/\/www.estrategiaconcursos.com.br\/blog\/concurso-camara-de-londrina-pr\/#primaryimage","url":"https:\/\/dhg1h5j42swfq.cloudfront.net\/2025\/10\/16104259\/camara-de-londrina-pr.jpg","contentUrl":"https:\/\/dhg1h5j42swfq.cloudfront.net\/2025\/10\/16104259\/camara-de-londrina-pr.jpg","width":768,"height":432,"caption":"Concurso C\u00e2mara de Londrina PR"},{"@type":"BreadcrumbList","@id":"https:\/\/www.estrategiaconcursos.com.br\/blog\/concurso-camara-de-londrina-pr\/#breadcrumb","itemListElement":[{"@type":"ListItem","position":1,"name":"In\u00edcio","item":"https:\/\/blog-estrategia.mystagingwebsite.com\/"},{"@type":"ListItem","position":2,"name":"Concurso C\u00e2mara de Londrina PR: gabaritos divulgados!"}]},{"@type":"WebSite","@id":"https:\/\/blog-estrategia.mystagingwebsite.com\/#website","url":"https:\/\/blog-estrategia.mystagingwebsite.com\/","name":"Estrat\u00e9gia Concursos","description":"O blog da Estrat\u00e9gia Concursos traz not\u00edcias sobre concursos e artigos de professores oferecendo cursos para concursos (pdf + videaulas) no site.","publisher":{"@id":"https:\/\/blog-estrategia.mystagingwebsite.com\/#organization"},"potentialAction":[{"@type":"SearchAction","target":{"@type":"EntryPoint","urlTemplate":"https:\/\/blog-estrategia.mystagingwebsite.com\/?s={search_term_string}"},"query-input":{"@type":"PropertyValueSpecification","valueRequired":true,"valueName":"search_term_string"}}],"inLanguage":"pt-BR"},{"@type":"Organization","@id":"https:\/\/blog-estrategia.mystagingwebsite.com\/#organization","name":"Estrat\u00e9gia Concursos","url":"https:\/\/blog-estrategia.mystagingwebsite.com\/","logo":{"@type":"ImageObject","inLanguage":"pt-BR","@id":"https:\/\/blog-estrategia.mystagingwebsite.com\/#\/schema\/logo\/image\/","url":"https:\/\/dhg1h5j42swfq.cloudfront.net\/2025\/06\/03203428\/logo_concursos-1.jpg","contentUrl":"https:\/\/dhg1h5j42swfq.cloudfront.net\/2025\/06\/03203428\/logo_concursos-1.jpg","width":230,"height":60,"caption":"Estrat\u00e9gia Concursos"},"image":{"@id":"https:\/\/blog-estrategia.mystagingwebsite.com\/#\/schema\/logo\/image\/"},"sameAs":["https:\/\/x.com\/EstratConcursos"]},{"@type":"Person","@id":"https:\/\/blog-estrategia.mystagingwebsite.com\/#\/schema\/person\/e3b6b7ce0192dd4ad270655969d61750","name":"F\u00e1bio Scaldelai","image":{"@type":"ImageObject","inLanguage":"pt-BR","@id":"https:\/\/secure.gravatar.com\/avatar\/8ed7492c4d88d8495bc0cb24cda6847b8ae23eec459a919e08e77d0ca0fd79ec?s=96&d=mm&r=g","url":"https:\/\/secure.gravatar.com\/avatar\/8ed7492c4d88d8495bc0cb24cda6847b8ae23eec459a919e08e77d0ca0fd79ec?s=96&d=mm&r=g","contentUrl":"https:\/\/secure.gravatar.com\/avatar\/8ed7492c4d88d8495bc0cb24cda6847b8ae23eec459a919e08e77d0ca0fd79ec?s=96&d=mm&r=g","caption":"F\u00e1bio Scaldelai"},"description":"Jornalista no Estrat\u00e9gia Concursos e Produtor de Televis\u00e3o, formado em Jornalismo, R\u00e1dio e TV pela Faculdade Integrada Rio Branco, com especializa\u00e7\u00f5es em Gest\u00e3o Empresarial e Marketing pelo M\u00f3dulo. Atuou como produtor no SBT, TV Bandeirantes e R\u00e1dio Band FM, al\u00e9m de acumular tr\u00eas anos de experi\u00eancia no setor de concursos p\u00fablicos pela LFG (Luiz Fl\u00e1vio Gomes). No Estrat\u00e9gia Concursos, atua na apura\u00e7\u00e3o de not\u00edcias da \u00e1rea fiscal, al\u00e9m de coberturas sobre concursos das \u00e1reas de controle (TCU, TCE, etc), concurso AFT, \u00e1rea de gest\u00e3o e administrativa, bem como dos \u00f3rg\u00e3os participantes do CNU. Tamb\u00e9m possui experi\u00eancia em link building e an\u00e1lise de m\u00eddia, adquirida durante sua atua\u00e7\u00e3o na ag\u00eancia SEO Marketing.","url":"https:\/\/www.estrategiaconcursos.com.br\/blog\/author\/fabio-scaldelaiestrategiaconcursos-com-br\/"}]}},"_links":{"self":[{"href":"https:\/\/www.estrategiaconcursos.com.br\/blog\/wp-json\/wp\/v2\/posts\/1656255","targetHints":{"allow":["GET"]}}],"collection":[{"href":"https:\/\/www.estrategiaconcursos.com.br\/blog\/wp-json\/wp\/v2\/posts"}],"about":[{"href":"https:\/\/www.estrategiaconcursos.com.br\/blog\/wp-json\/wp\/v2\/types\/post"}],"author":[{"embeddable":true,"href":"https:\/\/www.estrategiaconcursos.com.br\/blog\/wp-json\/wp\/v2\/users\/656"}],"replies":[{"embeddable":true,"href":"https:\/\/www.estrategiaconcursos.com.br\/blog\/wp-json\/wp\/v2\/comments?post=1656255"}],"version-history":[{"count":1,"href":"https:\/\/www.estrategiaconcursos.com.br\/blog\/wp-json\/wp\/v2\/posts\/1656255\/revisions"}],"predecessor-version":[{"id":1789322,"href":"https:\/\/www.estrategiaconcursos.com.br\/blog\/wp-json\/wp\/v2\/posts\/1656255\/revisions\/1789322"}],"wp:featuredmedia":[{"embeddable":true,"href":"https:\/\/www.estrategiaconcursos.com.br\/blog\/wp-json\/wp\/v2\/media\/1656301"}],"wp:attachment":[{"href":"https:\/\/www.estrategiaconcursos.com.br\/blog\/wp-json\/wp\/v2\/media?parent=1656255"}],"wp:term":[{"taxonomy":"category","embeddable":true,"href":"https:\/\/www.estrategiaconcursos.com.br\/blog\/wp-json\/wp\/v2\/categories?post=1656255"},{"taxonomy":"post_tag","embeddable":true,"href":"https:\/\/www.estrategiaconcursos.com.br\/blog\/wp-json\/wp\/v2\/tags?post=1656255"},{"taxonomy":"tax_estado","embeddable":true,"href":"https:\/\/www.estrategiaconcursos.com.br\/blog\/wp-json\/wp\/v2\/tax_estado?post=1656255"}],"curies":[{"name":"wp","href":"https:\/\/api.w.org\/{rel}","templated":true}]}}