{"id":165575,"date":"2026-03-14T13:30:00","date_gmt":"2026-03-14T16:30:00","guid":{"rendered":"https:\/\/www.estrategiaconcursos.com.br\/blog\/?p=165575"},"modified":"2026-03-15T13:08:55","modified_gmt":"2026-03-15T16:08:55","slug":"concurso-pm-sc","status":"publish","type":"post","link":"https:\/\/www.estrategiaconcursos.com.br\/blog\/concurso-pm-sc\/","title":{"rendered":"Concurso PM SC: 1.465 vagas tempor\u00e1rias. Veja o gabarito"},"content":{"rendered":"\n<p style=\"font-size:clamp(15.747px, 0.984rem + ((1vw - 3.2px) * 0.809), 24px);\"><strong><em>Concurso PM SC para tempor\u00e1rios oferece sal\u00e1rio inicial de R$ 8,5 mil!<\/em><\/strong><\/p>\n\n\n\n<p>Foi divulgado o gabarito preliminar do <strong>processo seletivo simplificado PM SC <\/strong>(<a href=\"https:\/\/www.estrategiaconcursos.com.br\/cursosPorConcurso\/policia-militar-de-santa-catarina-pm-sc\/\" target=\"_blank\" rel=\"noreferrer noopener\">Pol\u00edcia Militar do Estado de Santa Catarina<\/a>).<\/p>\n\n\n\n<p>Os recursos ser\u00e3o aceitos at\u00e9 o dia 15 de mar\u00e7o, no site da banca IDECAN. Al\u00e9m disso, est\u00e1 dispon\u00edvel o resultado preliminar, bem como o <a href=\"https:\/\/dhg1h5j42swfq.cloudfront.net\/2026\/02\/14133638\/kwgf8n4yaok5jx6lltl8b4sxjjdo088olu90rgj767ljtj131pa839rlsy7vl138kcqp1a457ic1748s6954.pdf\" target=\"_blank\" rel=\"noreferrer noopener nofollow\">cronograma atualizado<\/a> do certame.<\/p>\n\n\n\n<ul class=\"wp-block-list\">\n<li><a href=\"https:\/\/dhg1h5j42swfq.cloudfront.net\/2026\/02\/14133439\/9w04ek5egu71lnb7pkye1cw2ntmpn6q5851x4scbbe115hho7c0a5js01xd3ms3ac407tax6k2ub1jam6951.pdf\" target=\"_blank\" rel=\"noreferrer noopener nofollow\">Gabarito &#8211; A<\/a> || <a href=\"https:\/\/dhg1h5j42swfq.cloudfront.net\/2026\/02\/14133509\/lh3tnyv1hhmbjyhurueqm2k2ahdl0ndiuimcrqccmxnvrfpcn212we0kf2s6tdfp9c1h8ojovadpgqm56952.pdf\" target=\"_blank\" rel=\"noreferrer noopener nofollow\">Gabarito &#8211; B<\/a><\/li>\n<\/ul>\n\n\n\n<p>S\u00e3o ofertadas <strong>1.465 vagas<\/strong> para o <strong>cargo de Soldado de 1\u00aa Classe<\/strong>, que exige n\u00edvel superior e conta com sal\u00e1rio inicial de R$ 8.505,00 + R$ 550,00 de aux\u00edlio-alimenta\u00e7\u00e3o.<\/p>\n\n\n\n<ul class=\"wp-block-list has-very-light-gray-to-cyan-bluish-gray-gradient-background has-background\">\n<li><strong>Concurso PM SC<\/strong> &#8211; <strong>Soldado Tempor\u00e1rio<\/strong><\/li>\n\n\n\n<li><strong>Status<\/strong>: resultado preliminar<\/li>\n\n\n\n<li><strong>Banca<\/strong>: <a href=\"https:\/\/concurso.idecan.org.br\/Concurso.aspx?ID=207\" target=\"_blank\" rel=\"noreferrer noopener\">Idecan<\/a><\/li>\n\n\n\n<li><strong style=\"color: initial;\">Vagas<\/strong><span style=\"color: initial;\">: 1.4<\/span>65<\/li>\n\n\n\n<li><strong>Sal\u00e1rio<\/strong>: R$ 8.505,00 + R$ 550,00 aux\u00edlio-alimenta\u00e7\u00e3o<\/li>\n\n\n\n<li><strong>Edital<\/strong>: <a href=\"https:\/\/dhg1h5j42swfq.cloudfront.net\/2025\/12\/23113454\/edital-n-200ccp2025-concurso-publico-para-o-preenchimento-de-vagas-temporarias-no-curso-basico-de-formacao-da-policia-militar-de-santa-catarina-3550-1.pdf\" target=\"_blank\" rel=\"noreferrer noopener\">PSS PM SC Tempor\u00e1rios 2025<\/a><\/li>\n<\/ul>\n\n\n\n<p>Ao longo deste artigo voc\u00ea vai encontrar as principais informa\u00e7\u00f5es e novidades sobre o concurso PM SC. Confira nos t\u00f3picos:<\/p>\n\n\n\n<ul id=\"indice\" class=\"wp-block-list\">\n<li><a href=\"#situacao\">Informa\u00e7\u00f5es do PSS<\/a>\n<ul class=\"wp-block-list\">\n<li><a href=\"#cargos\">Cargos e vagas<\/a><\/li>\n\n\n\n<li><a href=\"#etapas\">Etapas e provas<\/a><\/li>\n<\/ul>\n<\/li>\n\n\n\n<li><a href=\"#novo\">Informa\u00e7\u00f5es do novo concurso<\/a>\n<ul class=\"wp-block-list\">\n<li><a href=\"#anunciado\">Anunciado<\/a><\/li>\n<\/ul>\n<\/li>\n\n\n\n<li><a href=\"#carreiras\">Sobre as carreiras<\/a>\n<ul class=\"wp-block-list\">\n<li><a href=\"#requisitos\">Requisitos<\/a><\/li>\n\n\n\n<li><span style=\"text-decoration: underline;\"><a href=\"#remuneracao-beneficios\">Remunera\u00e7\u00e3o e benef\u00edcios<\/a><\/span><\/li>\n<\/ul>\n<\/li>\n\n\n\n<li><a href=\"#2023\">\u00daltimo concurso 2023<\/a><\/li>\n\n\n\n<li><a href=\"#materiais\">Materiais de Estudos<\/a><\/li>\n\n\n\n<li><a href=\"#cursos-assinatura\">Cursos e Assinatura<\/a><\/li>\n\n\n\n<li><a href=\"#ficha-tecnica\">Ficha t\u00e9cnica<\/a><\/li>\n<\/ul>\n\n\n\n<div id=\"boxes\" class=\"container\">\n<div class=\"row\">\n<div class=\"col-sm\">\n<div id=\"box-assinatura\" class=\"banner-policia-militar\">\n<h2 class=\"titulo-assinatura\">Concurso PM SC<\/h2>\n<p class=\"subtitulo-assinatura\">Rumo \u00e0 carreira policial dos seus sonhos!<\/p>\n<div class=\"box-botao\"><a class=\"btn-assinatura\" role=\"button\" href=\"https:\/\/www.estrategiaconcursos.com.br\/cursosPorConcurso\/policia-militar-de-santa-catarina-pm-sc\/\" target=\"_blank\" rel=\"noopener noreferrer\">VER CURSOS<\/a><\/div>\n<\/div>\n<\/div>\n<\/div>\n<\/div>\n\n\n\n<h2 class=\"wp-block-heading\" id=\"situacao\">Concurso PM SC: informa\u00e7\u00f5es do processo seletivo<\/h2>\n\n\n\n<h3 class=\"wp-block-heading\" id=\"cargos\">Cargos e vagas do PSS PM SC<\/h3>\n\n\n\n<p>Confira abaixo a divis\u00e3o exata das vagas do edital:<\/p>\n\n\n\n<figure class=\"wp-block-table is-style-stripes\"><table class=\"has-very-light-gray-to-cyan-bluish-gray-gradient-background has-background has-fixed-layout\"><thead><tr><th class=\"has-text-align-center\" data-align=\"center\">CARGO<\/th><th class=\"has-text-align-center\" data-align=\"center\">VAGAS<\/th><th class=\"has-text-align-center\" data-align=\"center\">REMUNERA\u00c7\u00c3O<\/th><\/tr><\/thead><tbody><tr><td class=\"has-text-align-center\" data-align=\"center\">Soldado 1\u00aa Classe (tempor\u00e1rio)<\/td><td class=\"has-text-align-center\" data-align=\"center\">1.465<\/td><td class=\"has-text-align-center\" data-align=\"center\">R$ 8.505,00 + R$ 550,00 (aux\u00edlio-alimenta\u00e7\u00e3o)<\/td><\/tr><\/tbody><\/table><\/figure>\n\n\n\n<h3 class=\"wp-block-heading\" id=\"etapas\">Etapas e provas do PSS PM SC<\/h3>\n\n\n\n<p>Os candidatos s\u00e3o avaliados pelas seguintes etapas e provas:<\/p>\n\n\n\n<ul class=\"wp-block-list\">\n<li><strong>Prova objetiva,<\/strong> de car\u00e1ter eliminat\u00f3rio e classificat\u00f3rio;<\/li>\n\n\n\n<li><strong>Prova de t\u00edtulos, <\/strong>de car\u00e1ter classificat\u00f3rio; e<\/li>\n\n\n\n<li><strong>Teste de Aptid\u00e3o F\u00edsica (TAF), <\/strong>de car\u00e1ter eliminat\u00f3rio.<\/li>\n<\/ul>\n\n\n\n<p><em>As provas foram aplicadas nas cidades de: Balne\u00e1rio Cambori\u00fa, Blumenau, Canoinhas, Chapec\u00f3, Crici\u00fama, Florian\u00f3polis, Joa\u00e7aba, Joinville, Lages, Rio do Sul, S\u00e3o Miguel do Oeste e Tubar\u00e3o.<\/em><\/p>\n\n\n\n<h4 class=\"wp-block-heading\" id=\"objetiva\">Provas Objetivas do PSS PM SC<\/h4>\n\n\n\n<p>A Prova Objetiva foi composta por <strong>50 quest\u00f5es<\/strong>, com <strong>dura\u00e7\u00e3o de 4 horas<\/strong> e <strong>5 alternativas<\/strong>, sendo que cada quest\u00e3o teve <strong>apenas uma alternativa correta<\/strong>. <\/p>\n\n\n\n<ul class=\"wp-block-list\">\n<li>L\u00edngua Portuguesa &#8211; 08<\/li>\n\n\n\n<li>Racioc\u00ednio L\u00f3gico e Matem\u00e1tico &#8211; 05<\/li>\n\n\n\n<li>Geografia de Santa Catarina &#8211; 05<\/li>\n\n\n\n<li>Inform\u00e1tica &#8211; 05<\/li>\n\n\n\n<li>Legisla\u00e7\u00e3o Institucional &#8211; 07<\/li>\n\n\n\n<li>Legisla\u00e7\u00e3o Penal &#8211; 05<\/li>\n\n\n\n<li>Legisla\u00e7\u00e3o Penal Militar &#8211; 05<\/li>\n\n\n\n<li>Constitui\u00e7\u00e3o Federal de 1988 &#8211; 05<\/li>\n\n\n\n<li>C\u00f3digo de Tr\u00e2nsito Brasileiro &#8211; 05<\/li>\n<\/ul>\n\n\n\n<p>A etapa teve valor m\u00e1ximo de 100,00 pontos, tendo todas as quest\u00f5es o mesmo peso, com perfil m\u00ednimo de aprova\u00e7\u00e3o de 50%.<\/p>\n\n\n\n<h4 class=\"wp-block-heading\" id=\"h-provas-de-titulos-do-pss-pm-sc\">Provas de T\u00edtulos do PSS PM SC<\/h4>\n\n\n\n<p>Para pontua\u00e7\u00e3o do concurso PM SC (PSS tempor\u00e1rios) Soldado de 1\u00aa Classe ser\u00e3o considerados os seguintes t\u00edtulos:<\/p>\n\n\n\n<figure class=\"wp-block-table is-style-stripes\"><table class=\"has-very-light-gray-to-cyan-bluish-gray-gradient-background has-background has-fixed-layout\"><thead><tr><th class=\"has-text-align-center\" data-align=\"center\">Experi\u00eancia Profissional<\/th><th class=\"has-text-align-center\" data-align=\"center\">Pontua\u00e7\u00e3o Unit\u00e1ria<\/th><th class=\"has-text-align-center\" data-align=\"center\">Pontua\u00e7\u00e3o M\u00e1xima<\/th><\/tr><\/thead><tbody><tr><td class=\"has-text-align-center\" data-align=\"center\">Servi\u00e7o Militar (tempor\u00e1rio ou n\u00e3o) das For\u00e7as Armadas<\/td><td class=\"has-text-align-center\" data-align=\"center\">0,25 ponto a cada ano completo<\/td><td class=\"has-text-align-center\" data-align=\"center\">18,00<\/td><\/tr><tr><td class=\"has-text-align-center\" data-align=\"center\">Servi\u00e7o Militar estadual<\/td><td class=\"has-text-align-center\" data-align=\"center\">0,25 pontos por ano completo<\/td><td class=\"has-text-align-center\" data-align=\"center\">18,00<\/td><\/tr><tr><td class=\"has-text-align-center\" data-align=\"center\">Demais servidores das institui\u00e7\u00f5es previstas no art. 144 da CF\/88<\/td><td class=\"has-text-align-center\" data-align=\"center\">0,20 pontos por ano completo<\/td><td class=\"has-text-align-center\" data-align=\"center\">12,00<\/td><\/tr><tr><td class=\"has-text-align-center\" data-align=\"center\">Servi\u00e7o Auxiliar Tempor\u00e1rio da PMSC<\/td><td class=\"has-text-align-center\" data-align=\"center\">0,25 ponto a cada ano completo<\/td><td class=\"has-text-align-center\" data-align=\"center\">18,00<\/td><\/tr><tr><td class=\"has-text-align-center\" data-align=\"center\">Servi\u00e7o Auxiliar Tempor\u00e1rio do CBMSC<\/td><td class=\"has-text-align-center\" data-align=\"center\">0,15 ponto a cada ano completo<\/td><td class=\"has-text-align-center\" data-align=\"center\">10,00<\/td><\/tr><tr><td class=\"has-text-align-center\" data-align=\"center\">Servidor tempor\u00e1rio da Secretaria de Estado da Seguran\u00e7a P\u00fablica<\/td><td class=\"has-text-align-center\" data-align=\"center\">1,00 ponto a cada ano completo<\/td><td class=\"has-text-align-center\" data-align=\"center\">15,00<\/td><\/tr><tr><td class=\"has-text-align-center\" data-align=\"center\">Especializa\u00e7\u00e3o lato sensu, com carga hor\u00e1ria m\u00ednima de 360 horas, reconhecida pelo MEC, em qualquer \u00e1rea de conhecimento<\/td><td class=\"has-text-align-center\" data-align=\"center\">1,0 ponto por titula\u00e7\u00e3o<\/td><td class=\"has-text-align-center\" data-align=\"center\">5,00<\/td><\/tr><tr><td class=\"has-text-align-center\" data-align=\"center\">Mestrado em qualquer \u00e1rea de conhecimento<\/td><td class=\"has-text-align-center\" data-align=\"center\">6,00 pontos por titula\u00e7\u00e3o<\/td><td class=\"has-text-align-center\" data-align=\"center\">12,00<\/td><\/tr><tr><td class=\"has-text-align-center\" data-align=\"center\">Doutorado em qualquer \u00e1rea de conhecimento<\/td><td class=\"has-text-align-center\" data-align=\"center\">9,00 pontos por titula\u00e7\u00e3o<\/td><td class=\"has-text-align-center\" data-align=\"center\">18,00<\/td><\/tr><\/tbody><\/table><\/figure>\n\n\n\n<h3 class=\"wp-block-heading\" id=\"h-taf-teste-de-aptidao-fisica\">TAF &#8211; Teste de Aptid\u00e3o F\u00edsica<\/h3>\n\n\n\n<figure class=\"wp-block-table is-style-stripes\"><table class=\"has-very-light-gray-to-cyan-bluish-gray-gradient-background has-background has-fixed-layout\"><thead><tr><th class=\"has-text-align-center\" data-align=\"center\">Sexo<\/th><th class=\"has-text-align-center\" data-align=\"center\">Teste F\u00edsico<\/th><\/tr><\/thead><tbody><tr><td class=\"has-text-align-center\" data-align=\"center\">Homens<\/td><td class=\"has-text-align-center\" data-align=\"center\">Flex\u00e3o de bra\u00e7os com apoio de frente sobre o solo<br \/>Flex\u00e3o abdominal tipo remador (1 minuto)<br \/>Avalia\u00e7\u00e3o da capacidade cardiorrespirat\u00f3ria (VO\u2082 M\u00e1x) \u2013 teste ergom\u00e9trico computadorizado<\/td><\/tr><tr><td class=\"has-text-align-center\" data-align=\"center\">Mulheres<\/td><td class=\"has-text-align-center\" data-align=\"center\">Desenvolvimento militar com carga de 10 kg<br \/>Flex\u00e3o abdominal tipo remador (1 minuto)<br \/>Avalia\u00e7\u00e3o da capacidade cardiorrespirat\u00f3ria (VO\u2082 M\u00e1x) \u2013 teste ergom\u00e9trico computadorizado<\/td><\/tr><\/tbody><\/table><\/figure>\n\n\n\n<h2 class=\"wp-block-heading\" id=\"novo\">Concurso PM SC: situa\u00e7\u00e3o atual (efetivos)<\/h2>\n\n\n\n<h3 class=\"wp-block-heading\" id=\"anunciado\">Anunciado<\/h3>\n\n\n\n<p>Um novo concurso p\u00fablico da Pol\u00edcia Militar de Santa Catarina (PM SC), para efetivos, segue esperado para 2026 com oferta de 500 vagas.  Veja abaixo an\u00fancio da corpora\u00e7\u00e3o:<\/p>\n\n\n\n<blockquote class=\"instagram-media\" data-instgrm-captioned data-instgrm-permalink=\"https:\/\/www.instagram.com\/reel\/DSd0eLWDotb\/?utm_source=ig_embed&amp;utm_campaign=loading\" data-instgrm-version=\"14\" style=\" background:#FFF; border:0; border-radius:3px; box-shadow:0 0 1px 0 rgba(0,0,0,0.5),0 1px 10px 0 rgba(0,0,0,0.15); margin: 1px; max-width:540px; min-width:326px; padding:0; width:99.375%; width:-webkit-calc(100% - 2px); width:calc(100% - 2px);\"><div style=\"padding:16px;\"> <a href=\"https:\/\/www.instagram.com\/reel\/DSd0eLWDotb\/?utm_source=ig_embed&amp;utm_campaign=loading\" style=\" background:#FFFFFF; line-height:0; padding:0 0; text-align:center; text-decoration:none; width:100%;\" target=\"_blank\"> <div style=\" display: flex; flex-direction: row; align-items: center;\"> <div style=\"background-color: #F4F4F4; border-radius: 50%; flex-grow: 0; height: 40px; margin-right: 14px; width: 40px;\"><\/div> <div style=\"display: flex; flex-direction: column; flex-grow: 1; justify-content: center;\"> <div style=\" background-color: #F4F4F4; border-radius: 4px; flex-grow: 0; height: 14px; margin-bottom: 6px; width: 100px;\"><\/div> <div style=\" background-color: #F4F4F4; border-radius: 4px; flex-grow: 0; height: 14px; width: 60px;\"><\/div><\/div><\/div><div style=\"padding: 19% 0;\"><\/div> <div style=\"display:block; height:50px; margin:0 auto 12px; width:50px;\"><svg width=\"50px\" height=\"50px\" viewBox=\"0 0 60 60\" version=\"1.1\" xmlns=\"https:\/\/www.w3.org\/2000\/svg\" xmlns:xlink=\"https:\/\/www.w3.org\/1999\/xlink\"><g stroke=\"none\" stroke-width=\"1\" fill=\"none\" fill-rule=\"evenodd\"><\/g><g transform=\"translate(-511.000000, -20.000000)\" fill=\"#000000\"><\/g><g><path d=\"M556.869,30.41 C554.814,30.41 553.148,32.076 553.148,34.131 C553.148,36.186 554.814,37.852 556.869,37.852 C558.924,37.852 560.59,36.186 560.59,34.131 C560.59,32.076 558.924,30.41 556.869,30.41 M541,60.657 C535.114,60.657 530.342,55.887 530.342,50 C530.342,44.114 535.114,39.342 541,39.342 C546.887,39.342 551.658,44.114 551.658,50 C551.658,55.887 546.887,60.657 541,60.657 M541,33.886 C532.1,33.886 524.886,41.1 524.886,50 C524.886,58.899 532.1,66.113 541,66.113 C549.9,66.113 557.115,58.899 557.115,50 C557.115,41.1 549.9,33.886 541,33.886 M565.378,62.101 C565.244,65.022 564.756,66.606 564.346,67.663 C563.803,69.06 563.154,70.057 562.106,71.106 C561.058,72.155 560.06,72.803 558.662,73.347 C557.607,73.757 556.021,74.244 553.102,74.378 C549.944,74.521 548.997,74.552 541,74.552 C533.003,74.552 532.056,74.521 528.898,74.378 C525.979,74.244 524.393,73.757 523.338,73.347 C521.94,72.803 520.942,72.155 519.894,71.106 C518.846,70.057 518.197,69.06 517.654,67.663 C517.244,66.606 516.755,65.022 516.623,62.101 C516.479,58.943 516.448,57.996 516.448,50 C516.448,42.003 516.479,41.056 516.623,37.899 C516.755,34.978 517.244,33.391 517.654,32.338 C518.197,30.938 518.846,29.942 519.894,28.894 C520.942,27.846 521.94,27.196 523.338,26.654 C524.393,26.244 525.979,25.756 528.898,25.623 C532.057,25.479 533.004,25.448 541,25.448 C548.997,25.448 549.943,25.479 553.102,25.623 C556.021,25.756 557.607,26.244 558.662,26.654 C560.06,27.196 561.058,27.846 562.106,28.894 C563.154,29.942 563.803,30.938 564.346,32.338 C564.756,33.391 565.244,34.978 565.378,37.899 C565.522,41.056 565.552,42.003 565.552,50 C565.552,57.996 565.522,58.943 565.378,62.101 M570.82,37.631 C570.674,34.438 570.167,32.258 569.425,30.349 C568.659,28.377 567.633,26.702 565.965,25.035 C564.297,23.368 562.623,22.342 560.652,21.575 C558.743,20.834 556.562,20.326 553.369,20.18 C550.169,20.033 549.148,20 541,20 C532.853,20 531.831,20.033 528.631,20.18 C525.438,20.326 523.257,20.834 521.349,21.575 C519.376,22.342 517.703,23.368 516.035,25.035 C514.368,26.702 513.342,28.377 512.574,30.349 C511.834,32.258 511.326,34.438 511.181,37.631 C511.035,40.831 511,41.851 511,50 C511,58.147 511.035,59.17 511.181,62.369 C511.326,65.562 511.834,67.743 512.574,69.651 C513.342,71.625 514.368,73.296 516.035,74.965 C517.703,76.634 519.376,77.658 521.349,78.425 C523.257,79.167 525.438,79.673 528.631,79.82 C531.831,79.965 532.853,80.001 541,80.001 C549.148,80.001 550.169,79.965 553.369,79.82 C556.562,79.673 558.743,79.167 560.652,78.425 C562.623,77.658 564.297,76.634 565.965,74.965 C567.633,73.296 568.659,71.625 569.425,69.651 C570.167,67.743 570.674,65.562 570.82,62.369 C570.966,59.17 571,58.147 571,50 C571,41.851 570.966,40.831 570.82,37.631\"><\/path><\/g><\/svg><\/div><div style=\"padding-top: 8px;\"> <div style=\" color:#3897f0; font-family:Arial,sans-serif; font-size:14px; font-style:normal; font-weight:550; line-height:18px;\">Ver essa foto no Instagram<\/div><\/div><div style=\"padding: 12.5% 0;\"><\/div> <div style=\"display: flex; flex-direction: row; margin-bottom: 14px; align-items: center;\"><div> <div style=\"background-color: #F4F4F4; border-radius: 50%; height: 12.5px; width: 12.5px; transform: translateX(0px) translateY(7px);\"><\/div> <div style=\"background-color: #F4F4F4; height: 12.5px; transform: rotate(-45deg) translateX(3px) translateY(1px); width: 12.5px; flex-grow: 0; margin-right: 14px; margin-left: 2px;\"><\/div> <div style=\"background-color: #F4F4F4; border-radius: 50%; height: 12.5px; width: 12.5px; transform: translateX(9px) translateY(-18px);\"><\/div><\/div><div style=\"margin-left: 8px;\"> <div style=\" background-color: #F4F4F4; border-radius: 50%; flex-grow: 0; height: 20px; width: 20px;\"><\/div> <div style=\" width: 0; height: 0; border-top: 2px solid transparent; border-left: 6px solid #f4f4f4; border-bottom: 2px solid transparent; transform: translateX(16px) translateY(-4px) rotate(30deg)\"><\/div><\/div><div style=\"margin-left: auto;\"> <div style=\" width: 0px; border-top: 8px solid #F4F4F4; border-right: 8px solid transparent; transform: translateY(16px);\"><\/div> <div style=\" background-color: #F4F4F4; flex-grow: 0; height: 12px; width: 16px; transform: translateY(-4px);\"><\/div> <div style=\" width: 0; height: 0; border-top: 8px solid #F4F4F4; border-left: 8px solid transparent; transform: translateY(-4px) translateX(8px);\"><\/div><\/div><\/div> <div style=\"display: flex; flex-direction: column; flex-grow: 1; justify-content: center; margin-bottom: 24px;\"> <div style=\" background-color: #F4F4F4; border-radius: 4px; flex-grow: 0; height: 14px; margin-bottom: 6px; width: 224px;\"><\/div> <div style=\" background-color: #F4F4F4; border-radius: 4px; flex-grow: 0; height: 14px; width: 144px;\"><\/div><\/div><\/a><p style=\" color:#c9c8cd; font-family:Arial,sans-serif; font-size:14px; line-height:17px; margin-bottom:0; margin-top:8px; overflow:hidden; padding:8px 0 7px; text-align:center; text-overflow:ellipsis; white-space:nowrap;\"><a href=\"https:\/\/www.instagram.com\/reel\/DSd0eLWDotb\/?utm_source=ig_embed&amp;utm_campaign=loading\" style=\" color:#c9c8cd; font-family:Arial,sans-serif; font-size:14px; font-style:normal; font-weight:normal; line-height:17px; text-decoration:none;\" target=\"_blank\">Um post compartilhado por Poli\u0301cia Militar &#8211; PMSC (@pmscoficial)<\/a><\/p><\/div><\/blockquote>\n<script async src=\"\/\/www.instagram.com\/embed.js\"><\/script>\n\n\n\n<h2 class=\"wp-block-heading\" id=\"carreiras\">Concurso PM SC: sobre as carreiras<\/h2>\n\n\n\n<h3 class=\"wp-block-heading\" id=\"requisitos\">Requisitos para o cargo<\/h3>\n\n\n\n<p>Os principais requisitos para ingressar <strong>no cargo de Soldado do concurso PM SC<\/strong>, s\u00e3o os seguintes:<\/p>\n\n\n\n<ul class=\"wp-block-list\">\n<li>Possuir n\u00edvel superior em qualquer \u00e1rea de forma\u00e7\u00e3o<\/li>\n\n\n\n<li>Altura m\u00ednima de 1,65m para homens<\/li>\n\n\n\n<li>Altura m\u00ednima de&nbsp;1,60m para mulheres<\/li>\n\n\n\n<li>Possuir CNH em qualquer categoria<\/li>\n\n\n\n<li>N\u00e3o ter completado a idade m\u00e1xima de 30 anos at\u00e9 o \u00faltimo dia de inscri\u00e7\u00e3o no concurso p\u00fablico<\/li>\n<\/ul>\n\n\n\n<p>Os principais requisitos para ingressar <strong>no cargo de Oficial do concurso PM SC<\/strong>, s\u00e3o os seguintes:<\/p>\n\n\n\n<ul class=\"wp-block-list\">\n<li>Bacharel em Direito;<\/li>\n\n\n\n<li>Altura m\u00ednima de 1,65m para homens;<\/li>\n\n\n\n<li>Altura m\u00ednima de&nbsp;1,60m para mulheres;<\/li>\n\n\n\n<li>Possuir CNH em qualquer categoria;<\/li>\n\n\n\n<li>N\u00e3o ter completado a idade m\u00e1xima de 30 anos at\u00e9 o \u00faltimo dia de inscri\u00e7\u00e3o no concurso p\u00fablico.<\/li>\n<\/ul>\n\n\n\n<h3 class=\"wp-block-heading\" id=\"remuneracao-beneficios\">Remunera\u00e7\u00e3o e benef\u00edcios do concurso PM SC<\/h3>\n\n\n\n<p>Na tabela abaixo, \u00e9 poss\u00edvel ver a estrutura remunerat\u00f3ria da Pol\u00edcia Militar de Santa Catarina e suas respectivas evolu\u00e7\u00f5es (<a href=\"http:\/\/leis.alesc.sc.gov.br\/html\/2020\/765_2020_lei_complementar.html\" target=\"_blank\" rel=\"noreferrer noopener\">Lei Complementar n\u00ba 765\/2020<\/a>):<\/p>\n\n\n\n<p><strong>OFICIAIS MILITARES ESTADUAIS<\/strong><\/p>\n\n\n\n<figure class=\"wp-block-table is-style-stripes\"><table class=\"has-very-light-gray-to-cyan-bluish-gray-gradient-background has-background has-fixed-layout\"><thead><tr><th class=\"has-text-align-center\" data-align=\"center\">POSTO<\/th><th class=\"has-text-align-center\" data-align=\"center\">VALOR (R$)<\/th><\/tr><\/thead><tbody><tr><td class=\"has-text-align-center\" data-align=\"center\">Coronel<\/td><td class=\"has-text-align-center\" data-align=\"center\">26.952,00<\/td><\/tr><tr><td class=\"has-text-align-center\" data-align=\"center\">Tenente-Coronel<\/td><td class=\"has-text-align-center\" data-align=\"center\">24.256,80<\/td><\/tr><tr><td class=\"has-text-align-center\" data-align=\"center\">Major<\/td><td class=\"has-text-align-center\" data-align=\"center\">21.561,60<\/td><\/tr><tr><td class=\"has-text-align-center\" data-align=\"center\">Capit\u00e3o<\/td><td class=\"has-text-align-center\" data-align=\"center\">18.866,40<\/td><\/tr><tr><td class=\"has-text-align-center\" data-align=\"center\">1\u00ba Tenente<\/td><td class=\"has-text-align-center\" data-align=\"center\">17.249,30<\/td><\/tr><tr><td class=\"has-text-align-center\" data-align=\"center\">2\u00ba Tenente<\/td><td class=\"has-text-align-center\" data-align=\"center\">15.362,60<\/td><\/tr><tr><td class=\"has-text-align-center\" data-align=\"center\">Aspirante a Oficial<\/td><td class=\"has-text-align-center\" data-align=\"center\">13.476,00<\/td><\/tr><\/tbody><\/table><figcaption class=\"wp-element-caption\">Quadro de remunera\u00e7\u00e3o para Oficiais Militares Estaduais<\/figcaption><\/figure>\n\n\n\n<p><strong>PRA\u00c7AS ESPECIAIS E PRA\u00c7AS MILITARES ESTADUAIS<\/strong><\/p>\n\n\n\n<figure class=\"wp-block-table is-style-stripes\"><table class=\"has-very-light-gray-to-cyan-bluish-gray-gradient-background has-background has-fixed-layout\"><thead><tr><th class=\"has-text-align-center\" data-align=\"center\">GRADUA\u00c7\u00c3O<\/th><th class=\"has-text-align-center\" data-align=\"center\">VALOR (R$)<\/th><\/tr><\/thead><tbody><tr><td class=\"has-text-align-center\" data-align=\"center\">Aluno Oficial 4\u00ba Per\u00edodo<\/td><td class=\"has-text-align-center\" data-align=\"center\">5.650,30<\/td><\/tr><tr><td class=\"has-text-align-center\" data-align=\"center\">Aluno Oficial 3\u00ba Per\u00edodo<\/td><td class=\"has-text-align-center\" data-align=\"center\">5.198,27<\/td><\/tr><tr><td class=\"has-text-align-center\" data-align=\"center\">Aluno Oficial 2\u00ba Per\u00edodo<\/td><td class=\"has-text-align-center\" data-align=\"center\">4.972,26<\/td><\/tr><tr><td class=\"has-text-align-center\" data-align=\"center\">Aluno Oficial 1\u00ba Per\u00edodo<\/td><td class=\"has-text-align-center\" data-align=\"center\">4.746,24<\/td><\/tr><tr><td class=\"has-text-align-center\" data-align=\"center\">Subtenente<\/td><td class=\"has-text-align-center\" data-align=\"center\">13.058,20<\/td><\/tr><tr><td class=\"has-text-align-center\" data-align=\"center\">1\u00ba Sargento<\/td><td class=\"has-text-align-center\" data-align=\"center\">10.326,40<\/td><\/tr><tr><td class=\"has-text-align-center\" data-align=\"center\">2\u00ba Sargento<\/td><td class=\"has-text-align-center\" data-align=\"center\">8.777,40<\/td><\/tr><tr><td class=\"has-text-align-center\" data-align=\"center\">3\u00ba Sargento<\/td><td class=\"has-text-align-center\" data-align=\"center\">7.460,80<\/td><\/tr><tr><td class=\"has-text-align-center\" data-align=\"center\">Cabo<\/td><td class=\"has-text-align-center\" data-align=\"center\">6.341,70<\/td><\/tr><tr><td class=\"has-text-align-center\" data-align=\"center\">Soldado de 1\u00aa Classe<\/td><td class=\"has-text-align-center\" data-align=\"center\">5.390,40<\/td><\/tr><tr><td class=\"has-text-align-center\" data-align=\"center\">Soldado de 2\u00aa Classe<\/td><td class=\"has-text-align-center\" data-align=\"center\">4.851,40<\/td><\/tr><tr><td class=\"has-text-align-center\" data-align=\"center\">Soldado de 3\u00aa Classe<\/td><td class=\"has-text-align-center\" data-align=\"center\">4.581,90<\/td><\/tr><\/tbody><\/table><figcaption class=\"wp-element-caption\">Quadro de remunera\u00e7\u00e3o para Pra\u00e7as Especiais e Pra\u00e7as Militares Estaduais<\/figcaption><\/figure>\n\n\n\n<p>Al\u00e9m disso, os Policiais Militares de Santa Catarina t\u00eam direito a fardamento, previd\u00eancia social especial, assist\u00eancia \u00e0 sa\u00fade pr\u00f3pria e dos dependentes por interm\u00e9dio do Hospital da Pol\u00edcia Militar e Odonto cl\u00ednica, entre outras prerrogativas contidas no Estatuto dos Policiais Militares.<\/p>\n\n\n\n<p>Veja as informa\u00e7\u00f5es mais importantes sobre o Concurso PM SC:<\/p>\n\n\n\n<h3 class=\"wp-block-heading\" id=\"cargos-vagas\">Cargos e vagas do concurso PM SC<\/h3>\n\n\n\n<figure class=\"wp-block-table is-style-stripes\"><table class=\"has-very-light-gray-to-cyan-bluish-gray-gradient-background has-background has-fixed-layout\"><thead><tr><th class=\"has-text-align-center\" data-align=\"center\">Cargos<\/th><th class=\"has-text-align-center\" data-align=\"center\">Vagas<\/th><th class=\"has-text-align-center\" data-align=\"center\">Sal\u00e1rio<\/th><\/tr><\/thead><tbody><tr><td class=\"has-text-align-center\" data-align=\"center\">Oficial<\/td><td class=\"has-text-align-center\" data-align=\"center\">40 (feminino) e 10 (masculino<\/td><td class=\"has-text-align-center\" data-align=\"center\">R$ 16.306,00<\/td><\/tr><tr><td class=\"has-text-align-center\" data-align=\"center\">Soldado<\/td><td class=\"has-text-align-center\" data-align=\"center\">500<\/td><td class=\"has-text-align-center\" data-align=\"center\">R$ 6.000,00<\/td><\/tr><\/tbody><\/table><figcaption class=\"wp-element-caption\">Quadro de cargos, vagas e remunera\u00e7\u00f5es<\/figcaption><\/figure>\n\n\n\n<h4 class=\"wp-block-heading\" id=\"concorrencia\">Concorr\u00eancia<\/h4>\n\n\n\n<figure class=\"wp-block-table is-style-stripes\"><table class=\"has-very-light-gray-to-cyan-bluish-gray-gradient-background has-background has-fixed-layout\"><thead><tr><th class=\"has-text-align-center\" data-align=\"center\">Cargos<\/th><th class=\"has-text-align-center\" data-align=\"center\">Inscritos<\/th><th class=\"has-text-align-center\" data-align=\"center\">Vagas <\/th><th class=\"has-text-align-center\" data-align=\"center\">Candidatos x vaga<\/th><\/tr><\/thead><tbody><tr><td class=\"has-text-align-center\" data-align=\"center\">Oficial<\/td><td class=\"has-text-align-center\" data-align=\"center\">2.813<\/td><td class=\"has-text-align-center\" data-align=\"center\">50<\/td><td class=\"has-text-align-center\" data-align=\"center\">56,26<\/td><\/tr><tr><td class=\"has-text-align-center\" data-align=\"center\">Soldado<\/td><td class=\"has-text-align-center\" data-align=\"center\">13.458<\/td><td class=\"has-text-align-center\" data-align=\"center\">500<\/td><td class=\"has-text-align-center\" data-align=\"center\">26,29<\/td><\/tr><\/tbody><\/table><figcaption class=\"wp-element-caption\">Quadro de candidados por vaga<\/figcaption><\/figure>\n\n\n\n<h4 class=\"wp-block-heading\">Quais os principais requisitos?<\/h4>\n\n\n\n<ul class=\"wp-block-list\">\n<li>N\u00edvel superior em qualquer \u00e1rea de forma\u00e7\u00e3o (Soldado);<\/li>\n\n\n\n<li>Bacharel em Direito (Oficial);<\/li>\n\n\n\n<li>N\u00e3o ter completado a idade m\u00e1xima de 30 anos at\u00e9 o \u00faltimo dia de inscri\u00e7\u00e3o no concurso p\u00fablico;<\/li>\n\n\n\n<li>Altura m\u00ednima de 1,65m para homens e de&nbsp;1,60m para mulheres;<\/li>\n\n\n\n<li>Possuir Carteira Nacional de Habilita\u00e7\u00e3o (CNH).<\/li>\n<\/ul>\n\n\n\n<h3 class=\"wp-block-heading\" id=\"etapas\">Etapas e provas do concurso PM SC<\/h3>\n\n\n\n<p>Os candidatos do concurso Pol\u00edcia Militar de Santa Catarina foram avaliados mediante aplica\u00e7\u00e3o das seguintes etapas:<\/p>\n\n\n\n<ul class=\"wp-block-list\">\n<li>a) prova objetiva, de car\u00e1ter eliminat\u00f3rio e classificat\u00f3rio;<\/li>\n\n\n\n<li>b) provas discursivas, de car\u00e1ter eliminat\u00f3rio e classificat\u00f3rio;<\/li>\n\n\n\n<li>c) avalia\u00e7\u00e3o f\u00edsica, de car\u00e1ter eliminat\u00f3rio;<\/li>\n\n\n\n<li>d) exame de sa\u00fade (m\u00e9dico e odontol\u00f3gico);<\/li>\n\n\n\n<li>e) exame toxicol\u00f3gico, de car\u00e1ter eliminat\u00f3rio;<\/li>\n\n\n\n<li>f) investiga\u00e7\u00e3o social, de car\u00e1ter eliminat\u00f3rio;<\/li>\n\n\n\n<li>g) avalia\u00e7\u00e3o psicol\u00f3gica, de car\u00e1ter eliminat\u00f3rio.<\/li>\n<\/ul>\n\n\n\n<p>Para Soldado as provas objetiva e discursiva foram realizadas nas cidades de Balne\u00e1rio Cambori\u00fa, Blumenau, Canoinhas, Chapec\u00f3, Crici\u00fama, Florian\u00f3polis, Joa\u00e7aba, Joinville, Lages, Rio do Sul, S\u00e3o Miguel do Oeste e Tubar\u00e3o.<\/p>\n\n\n\n<p>J\u00e1 para Oficial todas as fases foram realizadas na cidade de Florian\u00f3polis\/SC.<\/p>\n\n\n\n<h3 class=\"wp-block-heading\">Como foi a prova objetiva?<\/h3>\n\n\n\n<p>Com<strong> dura\u00e7\u00e3o de 5 horas<\/strong>, a prova objetiva foi composta por quest\u00f5es de m\u00faltipla escolha, com cinco op\u00e7\u00f5es (A, B, C, D e E). <\/p>\n\n\n\n<ul class=\"wp-block-list\">\n<li><strong>Oficial: <\/strong>\n<ul class=\"wp-block-list\">\n<li>Direito Constitucional &#8211; 7<\/li>\n\n\n\n<li>Direito Administrativo &#8211; 7<\/li>\n\n\n\n<li>Direito Penal Comum &#8211; 7<\/li>\n\n\n\n<li>Direito Processual Penal Comum &#8211; 7<\/li>\n\n\n\n<li>Direito Penal Militar &#8211; 7<\/li>\n\n\n\n<li>Direito Processual Penal Militar &#8211; 7<\/li>\n\n\n\n<li>Direito Civil &#8211; 6<\/li>\n\n\n\n<li>Legisla\u00e7\u00e3o Institucional &#8211; 7<\/li>\n\n\n\n<li>L\u00edngua Portuguesa &#8211; 8<\/li>\n\n\n\n<li>Racioc\u00ednio L\u00f3gico &#8211; 7<\/li>\n\n\n\n<li>Ingl\u00eas &#8211; 5<\/li>\n\n\n\n<li>Inform\u00e1tica &#8211; 5<\/li>\n<\/ul>\n<\/li>\n<\/ul>\n\n\n\n<ul class=\"wp-block-list\">\n<li><strong>Soldado:<\/strong>\n<ul class=\"wp-block-list\">\n<li>No\u00e7\u00f5es de Direito Constitucional &#8211; 8<\/li>\n\n\n\n<li>No\u00e7\u00f5es de Direito Penal Comum &#8211; 8<\/li>\n\n\n\n<li>No\u00e7\u00f5es de Direito Processual Penal Comum &#8211; 8 <\/li>\n\n\n\n<li>Legisla\u00e7\u00e3o Institucional &#8211; 8<\/li>\n\n\n\n<li>L\u00edngua Portuguesa &#8211; 10<\/li>\n\n\n\n<li>Inform\u00e1tica &#8211; 8<\/li>\n\n\n\n<li>Racioc\u00ednio L\u00f3gico &#8211; 8<\/li>\n<\/ul>\n<\/li>\n<\/ul>\n\n\n\n<p>A prova objetiva, de car\u00e1ter eliminat\u00f3rio e classificat\u00f3rio, valeu 10,00 pontos. Foi aprovado o candidato que obteve nota igual ou superior a 5,00 pontos.<\/p>\n\n\n\n<h3 class=\"wp-block-heading\">Como foi a prova discursiva?<\/h3>\n\n\n\n<p>Para Soldado a prova discursiva foi aplicada em conjunto com a prova objetiva. J\u00e1 para Oficial a avalia\u00e7\u00e3o discursiva teve <strong>dura\u00e7\u00e3o de 6 horas<\/strong>, aplicada em dias distintos.<\/p>\n\n\n\n<p>As provas discursivas P2 e P3 aos candidatos de <span style=\"text-decoration: underline;\">Oficial<\/span> valeram um total de 10,00 pontos e consistiram de:<\/p>\n\n\n\n<ul class=\"wp-block-list\">\n<li><strong>a) prova discursiva \u2013 P2<\/strong>: quatro quest\u00f5es dissertativas do tipo situa\u00e7\u00e3o-problema, a serem respondidas em, no m\u00ednimo, 20 linhas e, no m\u00e1ximo, 30 linhas cada, no valor de 1,50 ponto cada, totalizando 6,00 pontos, a respeito das \u00e1reas de conhecimento relacionadas \u00e0s disciplinas de Direito Constitucional, Direto Administrativo, Direito Penal e Processual Penal e Direito Penal Militar e Processual Penal Militar no qual o candidato deve apresentar a fundamenta\u00e7\u00e3o jur\u00eddica e desenvolver uma argumenta\u00e7\u00e3o objetiva correta como resposta.<\/li>\n\n\n\n<li><strong>b) prova discursiva \u2013 P3<\/strong>: reda\u00e7\u00e3o de texto dissertativo, de 20 linhas, no m\u00ednimo, at\u00e9 30 linhas, no valor de 4,00 pontos, a respeito do tema Ordem P\u00fablica.<\/li>\n<\/ul>\n\n\n\n<p>A prova discursiva para <span style=\"text-decoration: underline;\">Soldado<\/span> valeu 10,00 pontos e consistiu da reda\u00e7\u00e3o de texto dissertativo de, no m\u00ednimo, 20 linhas e, no m\u00e1ximo, 30 linhas, a respeito de tema relacionado \u00e0 ordem p\u00fablica.<\/p>\n\n\n\n<h3 class=\"wp-block-heading\" id=\"h-informacoes-sobre-o-teste-de-aptidao-fisica\">Informa\u00e7\u00f5es sobre o Teste de Aptid\u00e3o F\u00edsica<\/h3>\n\n\n\n<p>A avalia\u00e7\u00e3o f\u00edsica do concurso PM SC constou dos testes especificados a seguir:<\/p>\n\n\n\n<ul class=\"wp-block-list\">\n<li>a) teste de flex\u00e3o de bra\u00e7o na barra fixa (para candidatos do sexo masculino);<\/li>\n\n\n\n<li>b) teste de desenvolvimento com halteres (para candidatas do sexo feminino);<\/li>\n\n\n\n<li>c) teste de flex\u00e3o abdominal remador (para ambos os sexos);<\/li>\n\n\n\n<li>d) teste de corrida de velocidade \u2013 100 metros (para ambos os sexos);<\/li>\n\n\n\n<li>e) teste de apoio de quatro tempos \u2013 meio sugado (para ambos os sexos); e<\/li>\n\n\n\n<li>f) teste de Cooper (para ambos os sexos).<\/li>\n<\/ul>\n\n\n\n<h2 class=\"wp-block-heading\" id=\"materiais\">Materiais de estudo<\/h2>\n\n\n\n<ul class=\"wp-block-list\">\n<li><a href=\"https:\/\/www.estrategiaconcursos.com.br\/blog\/guia-de-estudos-concurso-pm-sc\/\" target=\"_blank\" rel=\"noreferrer noopener\">Guia de Estudos &#8211; PM SC<\/a><\/li>\n<\/ul>\n\n\n\n<hr class=\"wp-block-separator has-css-opacity\"\/>\n\n\n\n<h2 class=\"wp-block-heading has-text-align-center\" id=\"h-quer-saber-tudo-sobre-concursos-previstos-confira-nossos-artigos\">Quer saber tudo sobre concursos previstos?<br \/>Confira  nossos artigos!<\/h2>\n\n\n\n<ul class=\"wp-block-list\">\n<li><a href=\"https:\/\/www.estrategiaconcursos.com.br\/blog\/concursos-policia-militar\" target=\"_blank\" rel=\"noreferrer noopener\">Concursos Pol\u00edcia Militar<\/a><\/li>\n\n\n\n<li><a href=\"https:\/\/www.estrategiaconcursos.com.br\/blog\/concursos-de-policia\/\" target=\"_blank\" rel=\"noreferrer noopener\">Concursos de Pol\u00edcia<\/a><\/li>\n\n\n\n<li><a href=\"https:\/\/www.estrategiaconcursos.com.br\/blog\/concursos-abertos\/\" target=\"_blank\" rel=\"noreferrer noopener\">Concursos Abertos<\/a><\/li>\n\n\n\n<li><a href=\"https:\/\/www.estrategiaconcursos.com.br\/blog\/concursos-2026\/\" target=\"_blank\" rel=\"noreferrer noopener\">Concursos 2026<\/a><\/li>\n<\/ul>\n\n\n\n<h2 class=\"wp-block-heading has-text-align-center\" id=\"cursos-assinatura\">Quer estudar para concurso PM SC?<\/h2>\n\n\n\n<div id=\"boxes\" class=\"container\">\n<div class=\"row\">\n<div class=\"col-sm\">\n<div id=\"box-assinatura\" class=\"banner-policia-militar\">\n<h3 class=\"titulo-assinatura\">Concurso PM SC<\/h3>\n<p class=\"subtitulo-assinatura\">Rumo \u00e0 carreira policial dos seus sonhos!<\/p>\n<div class=\"box-botao\"><a class=\"btn-assinatura\" role=\"button\" href=\"https:\/\/www.estrategiaconcursos.com.br\/cursosPorConcurso\/policia-militar-de-santa-catarina-pm-sc\/\" target=\"_blank\" rel=\"noopener noreferrer\">VER CURSOS<\/a><\/div>\n<\/div>\n<\/div>\n<\/div>\n<\/div>\n\n\n\n<div id=\"boxes\" class=\"container\">\n<div class=\"row\">\n<div class=\"col-sm\">\n<div id=\"box-assinatura\" class=\"estrategia\">\n<h3 class=\"titulo-assinatura\">Assinatura de Concursos<\/h3>\n<p class=\"subtitulo-assinatura\">Assinatura 1 ou 2 anos <\/p>\n<div class=\"box-botao\"><a class=\"btn-assinatura\" role=\"button\" href=\"https:\/\/www.estrategiaconcursos.com.br\/assinaturas\/\" target=\"_blank\" rel=\"noopener noreferrer\">ASSINE AGORA<\/a><\/div>\n<\/div><\/div><\/div><\/div>\n\n\n\n<figure class=\"wp-block-image size-large is-resized\"><img loading=\"lazy\" decoding=\"async\" width=\"1024\" height=\"632\" src=\"https:\/\/dhg1h5j42swfq.cloudfront.net\/2021\/05\/05103351\/ficha-tecnica-7-1024x632.png\" alt=\"Ficha t\u00e9cnica do concurso pol\u00edcia Militar Santa Catarina\" class=\"wp-image-731606\" style=\"width:268px;height:165px\" srcset=\"https:\/\/dhg1h5j42swfq.cloudfront.net\/2021\/05\/05103351\/ficha-tecnica-7-1024x632.png 1024w, https:\/\/dhg1h5j42swfq.cloudfront.net\/2021\/05\/05103351\/ficha-tecnica-7-300x185.png 300w, https:\/\/dhg1h5j42swfq.cloudfront.net\/2021\/05\/05103351\/ficha-tecnica-7-768x474.png 768w, https:\/\/dhg1h5j42swfq.cloudfront.net\/2021\/05\/05103351\/ficha-tecnica-7-1536x948.png 1536w, https:\/\/dhg1h5j42swfq.cloudfront.net\/2021\/05\/05103351\/ficha-tecnica-7-610x377.png 610w, https:\/\/dhg1h5j42swfq.cloudfront.net\/2021\/05\/05103351\/ficha-tecnica-7.png 1571w\" sizes=\"auto, (max-width: 1024px) 100vw, 1024px\" \/><\/figure>\n\n\n\n<h3 class=\"wp-block-heading\" id=\"ficha-tecnica\">\u2666 Informa\u00e7\u00f5es do Concurso PM&nbsp;SC Tempor\u00e1rios<\/h3>\n\n\n\n<ul class=\"wp-block-list\">\n<li><strong>Provas<\/strong>: 08\/03\/2026<\/li>\n\n\n\n<li><strong style=\"color: initial;\">Vagas:<\/strong><span style=\"color: initial;\">&nbsp;1.465<\/span><\/li>\n\n\n\n<li><strong>Cargos:<\/strong>&nbsp;Soldado de 1\u00aa Classe<\/li>\n\n\n\n<li><strong>Banca:<\/strong>&nbsp;Idecan<\/li>\n\n\n\n<li><strong>Escolaridade:<\/strong>&nbsp;n\u00edvel superior<\/li>\n\n\n\n<li><strong>Edital<\/strong>: <a href=\"https:\/\/dhg1h5j42swfq.cloudfront.net\/2025\/12\/23113454\/edital-n-200ccp2025-concurso-publico-para-o-preenchimento-de-vagas-temporarias-no-curso-basico-de-formacao-da-policia-militar-de-santa-catarina-3550-1.pdf\" target=\"_blank\" rel=\"noreferrer noopener\">PSS PM SC Tempor\u00e1rios 2025<\/a><\/li>\n<\/ul>\n","protected":false},"excerpt":{"rendered":"<p>Concurso PM SC para tempor\u00e1rios oferece sal\u00e1rio inicial de R$ 8,5 mil! Foi divulgado o gabarito preliminar do processo seletivo simplificado PM SC (Pol\u00edcia Militar do Estado de Santa Catarina). Os recursos ser\u00e3o aceitos at\u00e9 o dia 15 de mar\u00e7o, no site da banca IDECAN. Al\u00e9m disso, est\u00e1 dispon\u00edvel o resultado preliminar, bem como o [&hellip;]<\/p>\n","protected":false},"author":1206,"featured_media":874654,"comment_status":"open","ping_status":"closed","sticky":false,"template":"","format":"standard","meta":{"post_tipo":"news_page","footnotes":""},"categories":[220186,220187],"tags":[],"tax_estado":[219987],"class_list":["post-165575","post","type-post","status-publish","format-standard","has-post-thumbnail","hentry","category-policial-oficial","category-policial-pracas","tax_estado-sc"],"acf":[],"yoast_head":"<!-- This site is optimized with the Yoast SEO Premium plugin v27.2 (Yoast SEO v27.2) - https:\/\/yoast.com\/product\/yoast-seo-premium-wordpress\/ -->\n<title>Concurso PM SC: 1.465 vagas tempor\u00e1rias. Veja o gabarito<\/title>\n<meta name=\"description\" content=\"Concurso PM SC oferece 1.465 vagas para Soldado de 1\u00aa Classe Tempor\u00e1rio, com inicial de R$ 8,5 mil. Gabaritos e resultados divulgados!\" \/>\n<meta name=\"robots\" content=\"index, follow, max-snippet:-1, max-image-preview:large, max-video-preview:-1\" \/>\n<link rel=\"canonical\" href=\"https:\/\/www.estrategiaconcursos.com.br\/blog\/concurso-pm-sc\/\" \/>\n<meta property=\"og:locale\" content=\"pt_BR\" \/>\n<meta property=\"og:type\" content=\"article\" \/>\n<meta property=\"og:title\" content=\"Concurso PM SC: 1.465 vagas tempor\u00e1rias. Veja o gabarito\" \/>\n<meta property=\"og:description\" content=\"Concurso PM SC oferece 1.465 vagas para Soldado de 1\u00aa Classe Tempor\u00e1rio, com inicial de R$ 8,5 mil. Gabaritos e resultados divulgados!\" \/>\n<meta property=\"og:url\" content=\"https:\/\/www.estrategiaconcursos.com.br\/blog\/concurso-pm-sc\/\" \/>\n<meta property=\"og:site_name\" content=\"Estrat\u00e9gia Concursos\" \/>\n<meta property=\"article:published_time\" content=\"2026-03-14T16:30:00+00:00\" \/>\n<meta property=\"article:modified_time\" content=\"2026-03-15T16:08:55+00:00\" \/>\n<meta property=\"og:image\" content=\"https:\/\/dhg1h5j42swfq.cloudfront.net\/2021\/09\/30160834\/pm-sc.jpg\" \/>\n\t<meta property=\"og:image:width\" content=\"768\" \/>\n\t<meta property=\"og:image:height\" content=\"432\" \/>\n\t<meta property=\"og:image:type\" content=\"image\/jpeg\" \/>\n<meta name=\"author\" content=\"Bruna de Andrade Fran\u00e7a\" \/>\n<meta name=\"twitter:card\" content=\"summary_large_image\" \/>\n<meta name=\"twitter:creator\" content=\"@EstratConcursos\" \/>\n<meta name=\"twitter:site\" content=\"@EstratConcursos\" \/>\n<meta name=\"twitter:label1\" content=\"Escrito por\" \/>\n\t<meta name=\"twitter:data1\" content=\"Bruna de Andrade Fran\u00e7a\" \/>\n\t<meta name=\"twitter:label2\" content=\"Est. tempo de leitura\" \/>\n\t<meta name=\"twitter:data2\" content=\"8 minutos\" \/>\n<script type=\"application\/ld+json\" class=\"yoast-schema-graph\">{\"@context\":\"https:\/\/schema.org\",\"@graph\":[{\"@type\":\"NewsArticle\",\"@id\":\"https:\/\/www.estrategiaconcursos.com.br\/blog\/concurso-pm-sc\/#article\",\"isPartOf\":{\"@id\":\"https:\/\/www.estrategiaconcursos.com.br\/blog\/concurso-pm-sc\/\"},\"author\":{\"name\":\"Bruna de Andrade Fran\u00e7a\",\"@id\":\"https:\/\/www.estrategiaconcursos.com.br\/blog\/#\/schema\/person\/6630f91134abc08115cca62ce6372855\"},\"headline\":\"Concurso PM SC: 1.465 vagas tempor\u00e1rias. Veja o gabarito\",\"datePublished\":\"2026-03-14T16:30:00+00:00\",\"dateModified\":\"2026-03-15T16:08:55+00:00\",\"mainEntityOfPage\":{\"@id\":\"https:\/\/www.estrategiaconcursos.com.br\/blog\/concurso-pm-sc\/\"},\"wordCount\":1778,\"commentCount\":33,\"publisher\":{\"@id\":\"https:\/\/www.estrategiaconcursos.com.br\/blog\/#organization\"},\"image\":{\"@id\":\"https:\/\/www.estrategiaconcursos.com.br\/blog\/concurso-pm-sc\/#primaryimage\"},\"thumbnailUrl\":\"https:\/\/dhg1h5j42swfq.cloudfront.net\/2021\/09\/30160834\/pm-sc.jpg\",\"articleSection\":[\"Policial (PM\/BM - Oficial)\",\"Policial (PM\/BM - Pra\u00e7as)\"],\"inLanguage\":\"pt-BR\",\"potentialAction\":[{\"@type\":\"CommentAction\",\"name\":\"Comment\",\"target\":[\"https:\/\/www.estrategiaconcursos.com.br\/blog\/concurso-pm-sc\/#respond\"]}],\"copyrightYear\":\"2026\",\"copyrightHolder\":{\"@id\":\"https:\/\/www.estrategiaconcursos.com.br\/blog\/#organization\"}},{\"@type\":\"WebPage\",\"@id\":\"https:\/\/www.estrategiaconcursos.com.br\/blog\/concurso-pm-sc\/\",\"url\":\"https:\/\/www.estrategiaconcursos.com.br\/blog\/concurso-pm-sc\/\",\"name\":\"Concurso PM SC: 1.465 vagas tempor\u00e1rias. Veja o gabarito\",\"isPartOf\":{\"@id\":\"https:\/\/www.estrategiaconcursos.com.br\/blog\/#website\"},\"primaryImageOfPage\":{\"@id\":\"https:\/\/www.estrategiaconcursos.com.br\/blog\/concurso-pm-sc\/#primaryimage\"},\"image\":{\"@id\":\"https:\/\/www.estrategiaconcursos.com.br\/blog\/concurso-pm-sc\/#primaryimage\"},\"thumbnailUrl\":\"https:\/\/dhg1h5j42swfq.cloudfront.net\/2021\/09\/30160834\/pm-sc.jpg\",\"datePublished\":\"2026-03-14T16:30:00+00:00\",\"dateModified\":\"2026-03-15T16:08:55+00:00\",\"description\":\"Concurso PM SC oferece 1.465 vagas para Soldado de 1\u00aa Classe Tempor\u00e1rio, com inicial de R$ 8,5 mil. Gabaritos e resultados divulgados!\",\"breadcrumb\":{\"@id\":\"https:\/\/www.estrategiaconcursos.com.br\/blog\/concurso-pm-sc\/#breadcrumb\"},\"inLanguage\":\"pt-BR\",\"potentialAction\":[{\"@type\":\"ReadAction\",\"target\":[\"https:\/\/www.estrategiaconcursos.com.br\/blog\/concurso-pm-sc\/\"]}]},{\"@type\":\"ImageObject\",\"inLanguage\":\"pt-BR\",\"@id\":\"https:\/\/www.estrategiaconcursos.com.br\/blog\/concurso-pm-sc\/#primaryimage\",\"url\":\"https:\/\/dhg1h5j42swfq.cloudfront.net\/2021\/09\/30160834\/pm-sc.jpg\",\"contentUrl\":\"https:\/\/dhg1h5j42swfq.cloudfront.net\/2021\/09\/30160834\/pm-sc.jpg\",\"width\":768,\"height\":432,\"caption\":\"concurso pm sc\"},{\"@type\":\"BreadcrumbList\",\"@id\":\"https:\/\/www.estrategiaconcursos.com.br\/blog\/concurso-pm-sc\/#breadcrumb\",\"itemListElement\":[{\"@type\":\"ListItem\",\"position\":1,\"name\":\"In\u00edcio\",\"item\":\"https:\/\/www.estrategiaconcursos.com.br\/blog\/\"},{\"@type\":\"ListItem\",\"position\":2,\"name\":\"Concurso PM SC: 1.465 vagas tempor\u00e1rias. Veja o gabarito\"}]},{\"@type\":\"WebSite\",\"@id\":\"https:\/\/www.estrategiaconcursos.com.br\/blog\/#website\",\"url\":\"https:\/\/www.estrategiaconcursos.com.br\/blog\/\",\"name\":\"Estrat\u00e9gia Concursos\",\"description\":\"O blog da Estrat\u00e9gia Concursos traz not\u00edcias sobre concursos e artigos de professores oferecendo cursos para concursos (pdf + videaulas) no site.\",\"publisher\":{\"@id\":\"https:\/\/www.estrategiaconcursos.com.br\/blog\/#organization\"},\"potentialAction\":[{\"@type\":\"SearchAction\",\"target\":{\"@type\":\"EntryPoint\",\"urlTemplate\":\"https:\/\/www.estrategiaconcursos.com.br\/blog\/?s={search_term_string}\"},\"query-input\":{\"@type\":\"PropertyValueSpecification\",\"valueRequired\":true,\"valueName\":\"search_term_string\"}}],\"inLanguage\":\"pt-BR\"},{\"@type\":\"Organization\",\"@id\":\"https:\/\/www.estrategiaconcursos.com.br\/blog\/#organization\",\"name\":\"Estrat\u00e9gia Concursos\",\"url\":\"https:\/\/www.estrategiaconcursos.com.br\/blog\/\",\"logo\":{\"@type\":\"ImageObject\",\"inLanguage\":\"pt-BR\",\"@id\":\"https:\/\/www.estrategiaconcursos.com.br\/blog\/#\/schema\/logo\/image\/\",\"url\":\"https:\/\/dhg1h5j42swfq.cloudfront.net\/2025\/06\/03203428\/logo_concursos-1.jpg\",\"contentUrl\":\"https:\/\/dhg1h5j42swfq.cloudfront.net\/2025\/06\/03203428\/logo_concursos-1.jpg\",\"width\":230,\"height\":60,\"caption\":\"Estrat\u00e9gia Concursos\"},\"image\":{\"@id\":\"https:\/\/www.estrategiaconcursos.com.br\/blog\/#\/schema\/logo\/image\/\"},\"sameAs\":[\"https:\/\/x.com\/EstratConcursos\"]},{\"@type\":\"Person\",\"@id\":\"https:\/\/www.estrategiaconcursos.com.br\/blog\/#\/schema\/person\/6630f91134abc08115cca62ce6372855\",\"name\":\"Bruna de Andrade Fran\u00e7a\",\"image\":{\"@type\":\"ImageObject\",\"inLanguage\":\"pt-BR\",\"@id\":\"https:\/\/secure.gravatar.com\/avatar\/d6316d36d50cea0fadae28ed3015b8870cc90a2d3d8a95c37b44006af36a00e3?s=96&d=mm&r=g\",\"url\":\"https:\/\/secure.gravatar.com\/avatar\/d6316d36d50cea0fadae28ed3015b8870cc90a2d3d8a95c37b44006af36a00e3?s=96&d=mm&r=g\",\"contentUrl\":\"https:\/\/secure.gravatar.com\/avatar\/d6316d36d50cea0fadae28ed3015b8870cc90a2d3d8a95c37b44006af36a00e3?s=96&d=mm&r=g\",\"caption\":\"Bruna de Andrade Fran\u00e7a\"},\"description\":\"Bruna de Andrade Fran\u00e7a \u00e9 publicit\u00e1ria com p\u00f3s-gradua\u00e7\u00e3o em Marketing &amp; Growth, atuando h\u00e1 mais de 6 anos no universo dos concursos p\u00fablicos. Desde 2021, lidera no Blog do Estrat\u00e9gia Concursos a cobertura editorial especializada em Concursos Policiais (PF, PRF, PM, PC, etc.), al\u00e9m das frentes de concursos banc\u00e1rios, de sa\u00fade e da \u00e1rea legislativa. Especialista em reda\u00e7\u00e3o, com pr\u00e1ticas de SEO e Copywriting, possui tamb\u00e9m atua\u00e7\u00e3o pr\u00e1tica de contato direto com \u00f3rg\u00e3os p\u00fablicos respons\u00e1veis por editais, permitindo acesso antecipado a informa\u00e7\u00f5es, desdobramentos importantes e atualiza\u00e7\u00e3o eficiente dos concursos p\u00fablicos.\",\"url\":\"https:\/\/www.estrategiaconcursos.com.br\/blog\/author\/bruna-andrade\/\"}]}<\/script>\n<!-- \/ Yoast SEO Premium plugin. -->","yoast_head_json":{"title":"Concurso PM SC: 1.465 vagas tempor\u00e1rias. Veja o gabarito","description":"Concurso PM SC oferece 1.465 vagas para Soldado de 1\u00aa Classe Tempor\u00e1rio, com inicial de R$ 8,5 mil. Gabaritos e resultados divulgados!","robots":{"index":"index","follow":"follow","max-snippet":"max-snippet:-1","max-image-preview":"max-image-preview:large","max-video-preview":"max-video-preview:-1"},"canonical":"https:\/\/www.estrategiaconcursos.com.br\/blog\/concurso-pm-sc\/","og_locale":"pt_BR","og_type":"article","og_title":"Concurso PM SC: 1.465 vagas tempor\u00e1rias. Veja o gabarito","og_description":"Concurso PM SC oferece 1.465 vagas para Soldado de 1\u00aa Classe Tempor\u00e1rio, com inicial de R$ 8,5 mil. Gabaritos e resultados divulgados!","og_url":"https:\/\/www.estrategiaconcursos.com.br\/blog\/concurso-pm-sc\/","og_site_name":"Estrat\u00e9gia Concursos","article_published_time":"2026-03-14T16:30:00+00:00","article_modified_time":"2026-03-15T16:08:55+00:00","og_image":[{"width":768,"height":432,"url":"https:\/\/dhg1h5j42swfq.cloudfront.net\/2021\/09\/30160834\/pm-sc.jpg","type":"image\/jpeg"}],"author":"Bruna de Andrade Fran\u00e7a","twitter_card":"summary_large_image","twitter_creator":"@EstratConcursos","twitter_site":"@EstratConcursos","twitter_misc":{"Escrito por":"Bruna de Andrade Fran\u00e7a","Est. tempo de leitura":"8 minutos"},"schema":{"@context":"https:\/\/schema.org","@graph":[{"@type":"NewsArticle","@id":"https:\/\/www.estrategiaconcursos.com.br\/blog\/concurso-pm-sc\/#article","isPartOf":{"@id":"https:\/\/www.estrategiaconcursos.com.br\/blog\/concurso-pm-sc\/"},"author":{"name":"Bruna de Andrade Fran\u00e7a","@id":"https:\/\/www.estrategiaconcursos.com.br\/blog\/#\/schema\/person\/6630f91134abc08115cca62ce6372855"},"headline":"Concurso PM SC: 1.465 vagas tempor\u00e1rias. Veja o gabarito","datePublished":"2026-03-14T16:30:00+00:00","dateModified":"2026-03-15T16:08:55+00:00","mainEntityOfPage":{"@id":"https:\/\/www.estrategiaconcursos.com.br\/blog\/concurso-pm-sc\/"},"wordCount":1778,"commentCount":33,"publisher":{"@id":"https:\/\/www.estrategiaconcursos.com.br\/blog\/#organization"},"image":{"@id":"https:\/\/www.estrategiaconcursos.com.br\/blog\/concurso-pm-sc\/#primaryimage"},"thumbnailUrl":"https:\/\/dhg1h5j42swfq.cloudfront.net\/2021\/09\/30160834\/pm-sc.jpg","articleSection":["Policial (PM\/BM - Oficial)","Policial (PM\/BM - Pra\u00e7as)"],"inLanguage":"pt-BR","potentialAction":[{"@type":"CommentAction","name":"Comment","target":["https:\/\/www.estrategiaconcursos.com.br\/blog\/concurso-pm-sc\/#respond"]}],"copyrightYear":"2026","copyrightHolder":{"@id":"https:\/\/www.estrategiaconcursos.com.br\/blog\/#organization"}},{"@type":"WebPage","@id":"https:\/\/www.estrategiaconcursos.com.br\/blog\/concurso-pm-sc\/","url":"https:\/\/www.estrategiaconcursos.com.br\/blog\/concurso-pm-sc\/","name":"Concurso PM SC: 1.465 vagas tempor\u00e1rias. Veja o gabarito","isPartOf":{"@id":"https:\/\/www.estrategiaconcursos.com.br\/blog\/#website"},"primaryImageOfPage":{"@id":"https:\/\/www.estrategiaconcursos.com.br\/blog\/concurso-pm-sc\/#primaryimage"},"image":{"@id":"https:\/\/www.estrategiaconcursos.com.br\/blog\/concurso-pm-sc\/#primaryimage"},"thumbnailUrl":"https:\/\/dhg1h5j42swfq.cloudfront.net\/2021\/09\/30160834\/pm-sc.jpg","datePublished":"2026-03-14T16:30:00+00:00","dateModified":"2026-03-15T16:08:55+00:00","description":"Concurso PM SC oferece 1.465 vagas para Soldado de 1\u00aa Classe Tempor\u00e1rio, com inicial de R$ 8,5 mil. Gabaritos e resultados divulgados!","breadcrumb":{"@id":"https:\/\/www.estrategiaconcursos.com.br\/blog\/concurso-pm-sc\/#breadcrumb"},"inLanguage":"pt-BR","potentialAction":[{"@type":"ReadAction","target":["https:\/\/www.estrategiaconcursos.com.br\/blog\/concurso-pm-sc\/"]}]},{"@type":"ImageObject","inLanguage":"pt-BR","@id":"https:\/\/www.estrategiaconcursos.com.br\/blog\/concurso-pm-sc\/#primaryimage","url":"https:\/\/dhg1h5j42swfq.cloudfront.net\/2021\/09\/30160834\/pm-sc.jpg","contentUrl":"https:\/\/dhg1h5j42swfq.cloudfront.net\/2021\/09\/30160834\/pm-sc.jpg","width":768,"height":432,"caption":"concurso pm sc"},{"@type":"BreadcrumbList","@id":"https:\/\/www.estrategiaconcursos.com.br\/blog\/concurso-pm-sc\/#breadcrumb","itemListElement":[{"@type":"ListItem","position":1,"name":"In\u00edcio","item":"https:\/\/www.estrategiaconcursos.com.br\/blog\/"},{"@type":"ListItem","position":2,"name":"Concurso PM SC: 1.465 vagas tempor\u00e1rias. Veja o gabarito"}]},{"@type":"WebSite","@id":"https:\/\/www.estrategiaconcursos.com.br\/blog\/#website","url":"https:\/\/www.estrategiaconcursos.com.br\/blog\/","name":"Estrat\u00e9gia Concursos","description":"O blog da Estrat\u00e9gia Concursos traz not\u00edcias sobre concursos e artigos de professores oferecendo cursos para concursos (pdf + videaulas) no site.","publisher":{"@id":"https:\/\/www.estrategiaconcursos.com.br\/blog\/#organization"},"potentialAction":[{"@type":"SearchAction","target":{"@type":"EntryPoint","urlTemplate":"https:\/\/www.estrategiaconcursos.com.br\/blog\/?s={search_term_string}"},"query-input":{"@type":"PropertyValueSpecification","valueRequired":true,"valueName":"search_term_string"}}],"inLanguage":"pt-BR"},{"@type":"Organization","@id":"https:\/\/www.estrategiaconcursos.com.br\/blog\/#organization","name":"Estrat\u00e9gia Concursos","url":"https:\/\/www.estrategiaconcursos.com.br\/blog\/","logo":{"@type":"ImageObject","inLanguage":"pt-BR","@id":"https:\/\/www.estrategiaconcursos.com.br\/blog\/#\/schema\/logo\/image\/","url":"https:\/\/dhg1h5j42swfq.cloudfront.net\/2025\/06\/03203428\/logo_concursos-1.jpg","contentUrl":"https:\/\/dhg1h5j42swfq.cloudfront.net\/2025\/06\/03203428\/logo_concursos-1.jpg","width":230,"height":60,"caption":"Estrat\u00e9gia Concursos"},"image":{"@id":"https:\/\/www.estrategiaconcursos.com.br\/blog\/#\/schema\/logo\/image\/"},"sameAs":["https:\/\/x.com\/EstratConcursos"]},{"@type":"Person","@id":"https:\/\/www.estrategiaconcursos.com.br\/blog\/#\/schema\/person\/6630f91134abc08115cca62ce6372855","name":"Bruna de Andrade Fran\u00e7a","image":{"@type":"ImageObject","inLanguage":"pt-BR","@id":"https:\/\/secure.gravatar.com\/avatar\/d6316d36d50cea0fadae28ed3015b8870cc90a2d3d8a95c37b44006af36a00e3?s=96&d=mm&r=g","url":"https:\/\/secure.gravatar.com\/avatar\/d6316d36d50cea0fadae28ed3015b8870cc90a2d3d8a95c37b44006af36a00e3?s=96&d=mm&r=g","contentUrl":"https:\/\/secure.gravatar.com\/avatar\/d6316d36d50cea0fadae28ed3015b8870cc90a2d3d8a95c37b44006af36a00e3?s=96&d=mm&r=g","caption":"Bruna de Andrade Fran\u00e7a"},"description":"Bruna de Andrade Fran\u00e7a \u00e9 publicit\u00e1ria com p\u00f3s-gradua\u00e7\u00e3o em Marketing &amp; Growth, atuando h\u00e1 mais de 6 anos no universo dos concursos p\u00fablicos. Desde 2021, lidera no Blog do Estrat\u00e9gia Concursos a cobertura editorial especializada em Concursos Policiais (PF, PRF, PM, PC, etc.), al\u00e9m das frentes de concursos banc\u00e1rios, de sa\u00fade e da \u00e1rea legislativa. Especialista em reda\u00e7\u00e3o, com pr\u00e1ticas de SEO e Copywriting, possui tamb\u00e9m atua\u00e7\u00e3o pr\u00e1tica de contato direto com \u00f3rg\u00e3os p\u00fablicos respons\u00e1veis por editais, permitindo acesso antecipado a informa\u00e7\u00f5es, desdobramentos importantes e atualiza\u00e7\u00e3o eficiente dos concursos p\u00fablicos.","url":"https:\/\/www.estrategiaconcursos.com.br\/blog\/author\/bruna-andrade\/"}]}},"_links":{"self":[{"href":"https:\/\/www.estrategiaconcursos.com.br\/blog\/wp-json\/wp\/v2\/posts\/165575","targetHints":{"allow":["GET"]}}],"collection":[{"href":"https:\/\/www.estrategiaconcursos.com.br\/blog\/wp-json\/wp\/v2\/posts"}],"about":[{"href":"https:\/\/www.estrategiaconcursos.com.br\/blog\/wp-json\/wp\/v2\/types\/post"}],"author":[{"embeddable":true,"href":"https:\/\/www.estrategiaconcursos.com.br\/blog\/wp-json\/wp\/v2\/users\/1206"}],"replies":[{"embeddable":true,"href":"https:\/\/www.estrategiaconcursos.com.br\/blog\/wp-json\/wp\/v2\/comments?post=165575"}],"version-history":[{"count":233,"href":"https:\/\/www.estrategiaconcursos.com.br\/blog\/wp-json\/wp\/v2\/posts\/165575\/revisions"}],"predecessor-version":[{"id":1734597,"href":"https:\/\/www.estrategiaconcursos.com.br\/blog\/wp-json\/wp\/v2\/posts\/165575\/revisions\/1734597"}],"wp:featuredmedia":[{"embeddable":true,"href":"https:\/\/www.estrategiaconcursos.com.br\/blog\/wp-json\/wp\/v2\/media\/874654"}],"wp:attachment":[{"href":"https:\/\/www.estrategiaconcursos.com.br\/blog\/wp-json\/wp\/v2\/media?parent=165575"}],"wp:term":[{"taxonomy":"category","embeddable":true,"href":"https:\/\/www.estrategiaconcursos.com.br\/blog\/wp-json\/wp\/v2\/categories?post=165575"},{"taxonomy":"post_tag","embeddable":true,"href":"https:\/\/www.estrategiaconcursos.com.br\/blog\/wp-json\/wp\/v2\/tags?post=165575"},{"taxonomy":"tax_estado","embeddable":true,"href":"https:\/\/www.estrategiaconcursos.com.br\/blog\/wp-json\/wp\/v2\/tax_estado?post=165575"}],"curies":[{"name":"wp","href":"https:\/\/api.w.org\/{rel}","templated":true}]}}