{"id":1655381,"date":"2025-11-05T08:52:00","date_gmt":"2025-11-05T11:52:00","guid":{"rendered":"https:\/\/www.estrategiaconcursos.com.br\/blog\/?p=1655381"},"modified":"2025-11-01T00:38:52","modified_gmt":"2025-11-01T03:38:52","slug":"direito-empresarial-idade-media","status":"publish","type":"post","link":"https:\/\/www.estrategiaconcursos.com.br\/blog\/direito-empresarial-idade-media\/","title":{"rendered":"Direito Empresarial na Idade M\u00e9dia"},"content":{"rendered":"\n<p>Ol\u00e1, estudantes do Direito! Preparados para mais uma sess\u00e3o de aprendizado? Neste artigo estudaremos o Direito Empresarial na Idade M\u00e9dia.<\/p>\n\n\n\n<p>Para melhor compreens\u00e3o, o assunto foi dividido nos seguintes t\u00f3picos:<\/p>\n\n\n\n<ul class=\"wp-block-list\">\n<li><strong>Introdu\u00e7\u00e3o<\/strong><\/li>\n\n\n\n<li><strong>As Guildas e os t\u00edtulos de cr\u00e9dito<\/strong><\/li>\n\n\n\n<li><strong>Os templ\u00e1rios e os bancos<\/strong><\/li>\n\n\n\n<li><strong>Os templ\u00e1rios e as cartas de cr\u00e9dito<\/strong><\/li>\n\n\n\n<li><strong>Registros hist\u00f3ricos de outras civiliza\u00e7\u00f5es<\/strong><\/li>\n\n\n\n<li><strong>Considera\u00e7\u00f5es finais<\/strong><\/li>\n<\/ul>\n\n\n\n<p>Vamos l\u00e1!<\/p>\n\n\n\n<figure class=\"wp-block-image size-full is-resized\"><img loading=\"lazy\" decoding=\"async\" width=\"356\" height=\"464\" src=\"https:\/\/dhg1h5j42swfq.cloudfront.net\/2025\/10\/15043158\/direito-empresarial-1-1.png\" alt=\"direito empresarial\" class=\"wp-image-1655389\" style=\"width:400px;height:auto\" srcset=\"https:\/\/dhg1h5j42swfq.cloudfront.net\/2025\/10\/15043158\/direito-empresarial-1-1.png 356w, https:\/\/dhg1h5j42swfq.cloudfront.net\/2025\/10\/15043158\/direito-empresarial-1-1-230x300.png 230w, https:\/\/dhg1h5j42swfq.cloudfront.net\/2025\/10\/15043158\/direito-empresarial-1-1-150x196.png 150w\" sizes=\"auto, (max-width: 356px) 100vw, 356px\" \/><\/figure>\n\n\n\n<h2 class=\"wp-block-heading has-large-font-size\" id=\"h-introducao\">Introdu\u00e7\u00e3o<\/h2>\n\n\n\n<p>O Direito Empresarial passou por um longo processo evolutivo at\u00e9 chegar \u00e0 sua concep\u00e7\u00e3o atual.<\/p>\n\n\n\n<p>Inicialmente, o Direito n\u00e3o diferenciava as rela\u00e7\u00f5es civis gerais dequelas que atualmente se enquadram no escopo do Direito Empresarial.<\/p>\n\n\n\n<p>Contudo, com a intensifica\u00e7\u00e3o da aglomera\u00e7\u00e3o populacional em centros urbanos nas diversas regi\u00f5es da Europa, com destaque para as localidades em que hoje se localizam a Fran\u00e7a e a It\u00e1lia, come\u00e7ou a surgir o que s\u00e3o consideradas as primeiras manifesta\u00e7\u00f5es do Direito Empresarial. Com o aumento das transa\u00e7\u00f5es no meio urbano e a especializa\u00e7\u00e3o laboral, fundamentadas principalmente na atua\u00e7\u00e3o das corpora\u00e7\u00f5es de of\u00edcio, desenvolveu-se na Baixa Idade M\u00e9dia (entre os s\u00e9culos XI e XIII) um direito consuetudin\u00e1rio aplic\u00e1vel especialmente aos integrantes dessas corpora\u00e7\u00f5es (tamb\u00e9m camadas de guildas). Ao conjunto de normas que regulava a atua\u00e7\u00e3o dessas corpora\u00e7\u00f5es, deu-se o nome de <strong>Direito Mercantil<\/strong>.<\/p>\n\n\n\n<p>Posteriormente, no in\u00edcio do s\u00e9culo XIX, come\u00e7aram a ser observadas as primeiras legisla\u00e7\u00f5es estatais sobre as atividades consideradas comerciais. O C\u00f3digo Comercial franc\u00eas, de 1808, foi considerado o primeiro instrumento legal desse movimento e retirou das guildas a autonomia para regula\u00e7\u00e3o de suas pr\u00f3prias atividades. Surgiu, nesse per\u00edodo, o <strong>Direito Comercial<\/strong>, destinado a regular as rela\u00e7\u00f5es de quem realizasse com\u00e9rcio de maneira regular.<\/p>\n\n\n\n<p>Somente em 1942, com o advento do C\u00f3digo Civil italiano, a teoria da empresa passou a ser difundida da maneira como conhecida atualmente. Desde ent\u00e3o, <strong>empresa<\/strong> pode ser entendida como atividade econ\u00f4mica profissional e organizada voltada \u00e0 produ\u00e7\u00e3o ou circula\u00e7\u00e3o de bens ou servi\u00e7os. Assim, somente a partir do C\u00f3digo Civil italiano de 1942 \u00e9 que passou a existir o Direito Empresarial.<\/p>\n\n\n\n<p>Com efeito, sequer \u00e9 adequado falar em <strong>Direito Empresarial<\/strong> na Idade M\u00e9dia, pois tal concep\u00e7\u00e3o n\u00e3o existia \u00e0quele tempo. Todavia, a ado\u00e7\u00e3o dessa express\u00e3o neste artigo, feitas as devidas ressalvas, pode facilitar a discuss\u00e3o do assunto.<\/p>\n\n\n\n<p>Dito isso, n\u00e3o de pode esquecer que o Direito Mercantil teve importante papel para o desenvolvimento das atividades econ\u00f4micas durante a Idade M\u00e9dia. Sua influ\u00eancia foi tamanha que, mesmo ap\u00f3s s\u00e9culos de sua ocorr\u00eancia, as t\u00e9cnicas e instrumentos daquele tempo continuaram sendo utilizadas, construindo as bases de institutos do Direito Empresarial.<\/p>\n\n\n\n<p>Sendo assim, veremos nos pr\u00f3ximos t\u00f3picos as principais contribui\u00e7\u00f5es do Direito Mercantil (ou Direito Empresarial da Idade M\u00e9dia), para o Direito Empresarial contempor\u00e2neo.<\/p>\n\n\n\n<h2 class=\"wp-block-heading has-large-font-size\" id=\"h-as-guildas-e-os-titulos-de-credito\">As Guildas e os t\u00edtulos de cr\u00e9dito<\/h2>\n\n\n\n<p>Como j\u00e1 mencionado na introdu\u00e7\u00e3o, as guildas exerceram um importante papel para a regula\u00e7\u00e3o das atividades mercantis. Contudo, suas cria\u00e7\u00f5es transcenderam aquela \u00e9poca e s\u00e3o observadas at\u00e9 hoje no Direito Empresarial.<\/p>\n\n\n\n<p>Em que pese ter existido instrumentos semelhantes em outras civiliza\u00e7\u00f5es, atribui-se \u00e0s corpora\u00e7\u00f5es de of\u00edcio medievais o m\u00e9rito de terem consagrado as letras de c\u00e2mbio e as promiss\u00f3rias como t\u00edtulos de cr\u00e9dito eficientes, confi\u00e1veis e pr\u00e1ticos.<\/p>\n\n\n\n<h2 class=\"wp-block-heading has-large-font-size\" id=\"h-os-templarios-e-os-bancos\">Os templ\u00e1rios e os bancos<\/h2>\n\n\n\n<p>A exist\u00eancia de ativos virtuais \u00e9 um fato muito recente na hist\u00f3ria humana. At\u00e9 poucas d\u00e9cadas atr\u00e1s, as riquezas existiam em si ou eram representadas por t\u00edtulos. Ainda assim, at\u00e9 mesmo os t\u00edtulos eram representados por instrumentos f\u00edsicos.<\/p>\n\n\n\n<p>Assim como existe receio de que os ativos e riquezas virtuais atuais sejam subtra\u00eddos por golpistas e hackers, sempre existiu o receio de que as riquezas materiais e seus t\u00edtulos fossem tomados de seus detentores leg\u00edtimos. Hoje existem ferramentas que ajudam a mitigar os perigos da subtra\u00e7\u00e3o de riquezas pessoais, assim como tamb\u00e9m haviam recursos para prote\u00e7\u00e3o de bens no in\u00edcio da Idade M\u00e9dia .<\/p>\n\n\n\n<p>No fim do s\u00e9culo XI eram comuns as peregrina\u00e7\u00f5es de crist\u00e3os por toda Europa. Durante as principais Cruzadas, que persistiram at\u00e9 o final do s\u00e9culo XIII, a quantidade de migra\u00e7\u00f5es de crist\u00e3os aumentava. Era comum que durantes suas viagens as pessoas fossem assaltadas, furtadas ou mortas. Esses riscos se tornavam ainda maiores quando as viagens eram mais longas.<\/p>\n\n\n\n<p>Nesse contexto, em 1118 foi criada a<strong> Ordem dos Templ\u00e1rios, que era composta por cavaleiros incumbidos da tarefa de proteger os crist\u00e3os durante as peregrina\u00e7\u00f5es para Jerusal\u00e9m<\/strong>, local onde se concentraram as Cruzadas.<\/p>\n\n\n\n<p>Para evitar que seus os bens dos peregrinos e as doa\u00e7\u00f5es realizadas em favor do esfor\u00e7o da guerra fossem perdidas ou saqueadas, a Ordem dos Templ\u00e1rios passou a oferecer <strong>servi\u00e7os de dep\u00f3sito de bens<\/strong>, que poderiam ser <strong>restitu\u00eddos posteriormente ou compensados em outro local por outros Templ\u00e1rios<\/strong>.<\/p>\n\n\n\n<p>A tarefa de guarda desses bens correspondeu a uma <strong>forma rudimentar das tarefas hoje efetuadas pelos bancos contempor\u00e2neos<\/strong>. Esses servi\u00e7os se mantiveram por muitos anos por meio dos esfor\u00e7os dos Templ\u00e1rios. Somente ap\u00f3s um s\u00e9culo da dissolu\u00e7\u00e3o da Ordem (ocorrida em 1312) \u00e9 que foi surgir outra institui\u00e7\u00e3o semelhante na It\u00e1lia.<\/p>\n\n\n\n<h2 class=\"wp-block-heading has-large-font-size\" id=\"h-os-templarios-e-os-titulos-de-credito\">Os templ\u00e1rios e os t\u00edtulos de cr\u00e9dito<\/h2>\n\n\n\n<p>Como nem sempre era vi\u00e1vel efetuar o transporte dos bens colocados sob a guarda dos templ\u00e1rios, em alguns casos era prefer\u00edvel efetuar, em outra localidade, o pagamento de seu valor. Esse instrumento revolucionou o sistema de t\u00edtulos de cr\u00e9dito. Muitas pessoas que teriam dificuldades em se migrar com suas riquezas puderam concluir suas viagens sem \u00f4nus significativos. Naquela \u00e9poca esses sistema n\u00e3o recebeu nome espec\u00edfico. Apesar de essa ordem de pagamento ser parecida com outras j\u00e1 existentes \u00e0quela \u00e9poca, <strong>se diferenciavam por terem, na maioria vezes, identidade entre o tomador e o sacador<\/strong>.<\/p>\n\n\n\n<p>No Brasil, um sistema muito semelhante foi adotado pelos Correios: <strong>o vale postal ou a nota postal<\/strong>. Por meio dela, uma pessoa pode efetuar o pagamento de uma taxa para depositar um dinheiro em uma ag\u00eancia dos Correios e o destinat\u00e1rio pode efetuar seu saque em outra ag\u00eancia, mediante procedimento de identifica\u00e7\u00e3o razoavelmente simples.<\/p>\n\n\n\n<h2 class=\"wp-block-heading has-large-font-size\" id=\"h-registros-historicos-de-outras-civilizacoes\">Registros hist\u00f3ricos de outras civiliza\u00e7\u00f5es<\/h2>\n\n\n\n<p>Existem ind\u00edcios hist\u00f3ricos de que sistemas de cr\u00e9dito e banc\u00e1rios rudimentares tamb\u00e9m tenham sido utilizados na Mesopot\u00e2mia, no Antigo Egito e na China da Alta Idade M\u00e9dia (por volta do s\u00e9culo IX). Contudo, n\u00e3o \u00e9 poss\u00edvel verificar que tais ind\u00edcios tenham influenciado o modo como o Direito Empresarial ocidental se desenvolveu.<\/p>\n\n\n\n<p>Com efeito, os principais elementos que corroboraram para a forma\u00e7\u00e3o do Direito Empresarial surgiram todos na Europa, em diferentes momentos da hist\u00f3ria. Como visto, alguns instrumentos desenvolvidos ainda na Europa Medieval s\u00e3o utilizados at\u00e9 hoje.<\/p>\n\n\n\n<h2 class=\"wp-block-heading has-large-font-size\" id=\"h-consideracoes-finais\">Considera\u00e7\u00f5es finais<\/h2>\n\n\n\n<p>As contribui\u00e7\u00f5es do Direito Empresarial da Idade M\u00e9dia para o Direito Empresarial contempor\u00e2neo s\u00e3o in\u00fameras. Apesar de existirem assuntos mais recorrentes nas provas de concursos, n\u00e3o \u00e9 raro que as bancas exijam dos candidatos conhecimentos hist\u00f3ricos do Direito Empresarial.<\/p>\n\n\n\n<p>Gostou do texto? Deixe um coment\u00e1rio abaixo.<\/p>\n\n\n\n<p class=\"has-text-align-center has-white-color has-vivid-cyan-blue-background-color has-text-color has-background has-link-color wp-elements-934bee992b67b6144e8b666952a903fb\"><strong><a href=\"https:\/\/www.youtube.com\/@EstrategiaConcursosBrasil\">Canal do Estrat\u00e9gia Concursos no Youtube<\/a><\/strong><\/p>\n\n\n\n<p class=\"has-text-align-center has-white-color has-vivid-cyan-blue-background-color has-text-color has-background has-link-color wp-elements-4ee3858d78f8e73e6a059835bfd98e6f\"><a href=\"https:\/\/www.estrategiaconcursos.com.br\/blog\/concursos-abertos\/\"><strong>Concursos Abertos<\/strong><\/a><\/p>\n\n\n\n<p class=\"has-text-align-center has-white-color has-vivid-cyan-blue-background-color has-text-color has-background has-link-color wp-elements-1aca1c51fe870dad71059b988ff0425d\"><a href=\"https:\/\/www.estrategiaconcursos.com.br\/blog\/concursos-2025\/\"><strong>Concursos 2025<\/strong><\/a><\/p>\n","protected":false},"excerpt":{"rendered":"<p>Ol\u00e1, estudantes do Direito! Preparados para mais uma sess\u00e3o de aprendizado? Neste artigo estudaremos o Direito Empresarial na Idade M\u00e9dia. Para melhor compreens\u00e3o, o assunto foi dividido nos seguintes t\u00f3picos: Vamos l\u00e1! Introdu\u00e7\u00e3o O Direito Empresarial passou por um longo processo evolutivo at\u00e9 chegar \u00e0 sua concep\u00e7\u00e3o atual. Inicialmente, o Direito n\u00e3o diferenciava as rela\u00e7\u00f5es [&hellip;]<\/p>\n","protected":false},"author":3013,"featured_media":1655389,"comment_status":"open","ping_status":"closed","sticky":false,"template":"","format":"standard","meta":{"post_tipo":"article","footnotes":""},"categories":[1],"tags":[],"tax_estado":[],"class_list":["post-1655381","post","type-post","status-publish","format-standard","has-post-thumbnail","hentry","category-cursos-e-concursos"],"acf":[],"yoast_head":"<!-- This site is optimized with the Yoast SEO Premium plugin v27.2 (Yoast SEO v27.2) - https:\/\/yoast.com\/product\/yoast-seo-premium-wordpress\/ -->\n<title>Direito Empresarial na Idade M\u00e9dia<\/title>\n<meta name=\"description\" content=\"Veja curiosidades sobre o Direito Empresarial na Idade M\u00e9dia e descubra sua import\u00e2ncia para o Direito Empresarial contempor\u00e2neo.\" \/>\n<meta name=\"robots\" content=\"index, follow, max-snippet:-1, max-image-preview:large, max-video-preview:-1\" \/>\n<link rel=\"canonical\" href=\"https:\/\/www.estrategiaconcursos.com.br\/blog\/direito-empresarial-idade-media\/\" \/>\n<meta property=\"og:locale\" content=\"pt_BR\" \/>\n<meta property=\"og:type\" content=\"article\" \/>\n<meta property=\"og:title\" content=\"Direito Empresarial na Idade M\u00e9dia\" \/>\n<meta property=\"og:description\" content=\"Veja curiosidades sobre o Direito Empresarial na Idade M\u00e9dia e descubra sua import\u00e2ncia para o Direito Empresarial contempor\u00e2neo.\" \/>\n<meta property=\"og:url\" content=\"https:\/\/www.estrategiaconcursos.com.br\/blog\/direito-empresarial-idade-media\/\" \/>\n<meta property=\"og:site_name\" content=\"Estrat\u00e9gia Concursos\" \/>\n<meta property=\"article:published_time\" content=\"2025-11-05T11:52:00+00:00\" \/>\n<meta property=\"og:image\" content=\"https:\/\/dhg1h5j42swfq.cloudfront.net\/2025\/10\/15043158\/direito-empresarial-1-1.png\" \/>\n\t<meta property=\"og:image:width\" content=\"356\" \/>\n\t<meta property=\"og:image:height\" content=\"464\" \/>\n\t<meta property=\"og:image:type\" content=\"image\/png\" \/>\n<meta name=\"author\" content=\"Gabriel Souza Santos\" \/>\n<meta name=\"twitter:card\" content=\"summary_large_image\" \/>\n<meta name=\"twitter:creator\" content=\"@EstratConcursos\" \/>\n<meta name=\"twitter:site\" content=\"@EstratConcursos\" \/>\n<meta name=\"twitter:label1\" content=\"Escrito por\" \/>\n\t<meta name=\"twitter:data1\" content=\"Gabriel Souza Santos\" \/>\n\t<meta name=\"twitter:label2\" content=\"Est. tempo de leitura\" \/>\n\t<meta name=\"twitter:data2\" content=\"6 minutos\" \/>\n<script type=\"application\/ld+json\" class=\"yoast-schema-graph\">{\"@context\":\"https:\/\/schema.org\",\"@graph\":[{\"@type\":\"NewsArticle\",\"@id\":\"https:\/\/www.estrategiaconcursos.com.br\/blog\/direito-empresarial-idade-media\/#article\",\"isPartOf\":{\"@id\":\"https:\/\/www.estrategiaconcursos.com.br\/blog\/direito-empresarial-idade-media\/\"},\"author\":{\"name\":\"Gabriel Souza Santos\",\"@id\":\"https:\/\/www.estrategiaconcursos.com.br\/blog\/#\/schema\/person\/d948c69f6dd3bbd74ea6c9f7451a93c6\"},\"headline\":\"Direito Empresarial na Idade M\u00e9dia\",\"datePublished\":\"2025-11-05T11:52:00+00:00\",\"mainEntityOfPage\":{\"@id\":\"https:\/\/www.estrategiaconcursos.com.br\/blog\/direito-empresarial-idade-media\/\"},\"wordCount\":1270,\"commentCount\":0,\"publisher\":{\"@id\":\"https:\/\/www.estrategiaconcursos.com.br\/blog\/#organization\"},\"image\":{\"@id\":\"https:\/\/www.estrategiaconcursos.com.br\/blog\/direito-empresarial-idade-media\/#primaryimage\"},\"thumbnailUrl\":\"https:\/\/dhg1h5j42swfq.cloudfront.net\/2025\/10\/15043158\/direito-empresarial-1-1.png\",\"articleSection\":[\"Concursos P\u00fablicos\"],\"inLanguage\":\"pt-BR\",\"potentialAction\":[{\"@type\":\"CommentAction\",\"name\":\"Comment\",\"target\":[\"https:\/\/www.estrategiaconcursos.com.br\/blog\/direito-empresarial-idade-media\/#respond\"]}],\"copyrightYear\":\"2025\",\"copyrightHolder\":{\"@id\":\"https:\/\/www.estrategiaconcursos.com.br\/blog\/#organization\"}},{\"@type\":\"WebPage\",\"@id\":\"https:\/\/www.estrategiaconcursos.com.br\/blog\/direito-empresarial-idade-media\/\",\"url\":\"https:\/\/www.estrategiaconcursos.com.br\/blog\/direito-empresarial-idade-media\/\",\"name\":\"Direito Empresarial na Idade M\u00e9dia\",\"isPartOf\":{\"@id\":\"https:\/\/www.estrategiaconcursos.com.br\/blog\/#website\"},\"primaryImageOfPage\":{\"@id\":\"https:\/\/www.estrategiaconcursos.com.br\/blog\/direito-empresarial-idade-media\/#primaryimage\"},\"image\":{\"@id\":\"https:\/\/www.estrategiaconcursos.com.br\/blog\/direito-empresarial-idade-media\/#primaryimage\"},\"thumbnailUrl\":\"https:\/\/dhg1h5j42swfq.cloudfront.net\/2025\/10\/15043158\/direito-empresarial-1-1.png\",\"datePublished\":\"2025-11-05T11:52:00+00:00\",\"description\":\"Veja curiosidades sobre o Direito Empresarial na Idade M\u00e9dia e descubra sua import\u00e2ncia para o Direito Empresarial contempor\u00e2neo.\",\"breadcrumb\":{\"@id\":\"https:\/\/www.estrategiaconcursos.com.br\/blog\/direito-empresarial-idade-media\/#breadcrumb\"},\"inLanguage\":\"pt-BR\",\"potentialAction\":[{\"@type\":\"ReadAction\",\"target\":[\"https:\/\/www.estrategiaconcursos.com.br\/blog\/direito-empresarial-idade-media\/\"]}]},{\"@type\":\"ImageObject\",\"inLanguage\":\"pt-BR\",\"@id\":\"https:\/\/www.estrategiaconcursos.com.br\/blog\/direito-empresarial-idade-media\/#primaryimage\",\"url\":\"https:\/\/dhg1h5j42swfq.cloudfront.net\/2025\/10\/15043158\/direito-empresarial-1-1.png\",\"contentUrl\":\"https:\/\/dhg1h5j42swfq.cloudfront.net\/2025\/10\/15043158\/direito-empresarial-1-1.png\",\"width\":356,\"height\":464,\"caption\":\"direito empresarial\"},{\"@type\":\"BreadcrumbList\",\"@id\":\"https:\/\/www.estrategiaconcursos.com.br\/blog\/direito-empresarial-idade-media\/#breadcrumb\",\"itemListElement\":[{\"@type\":\"ListItem\",\"position\":1,\"name\":\"In\u00edcio\",\"item\":\"https:\/\/www.estrategiaconcursos.com.br\/blog\/\"},{\"@type\":\"ListItem\",\"position\":2,\"name\":\"Direito Empresarial na Idade M\u00e9dia\"}]},{\"@type\":\"WebSite\",\"@id\":\"https:\/\/www.estrategiaconcursos.com.br\/blog\/#website\",\"url\":\"https:\/\/www.estrategiaconcursos.com.br\/blog\/\",\"name\":\"Estrat\u00e9gia Concursos\",\"description\":\"O blog da Estrat\u00e9gia Concursos traz not\u00edcias sobre concursos e artigos de professores oferecendo cursos para concursos (pdf + videaulas) no site.\",\"publisher\":{\"@id\":\"https:\/\/www.estrategiaconcursos.com.br\/blog\/#organization\"},\"potentialAction\":[{\"@type\":\"SearchAction\",\"target\":{\"@type\":\"EntryPoint\",\"urlTemplate\":\"https:\/\/www.estrategiaconcursos.com.br\/blog\/?s={search_term_string}\"},\"query-input\":{\"@type\":\"PropertyValueSpecification\",\"valueRequired\":true,\"valueName\":\"search_term_string\"}}],\"inLanguage\":\"pt-BR\"},{\"@type\":\"Organization\",\"@id\":\"https:\/\/www.estrategiaconcursos.com.br\/blog\/#organization\",\"name\":\"Estrat\u00e9gia Concursos\",\"url\":\"https:\/\/www.estrategiaconcursos.com.br\/blog\/\",\"logo\":{\"@type\":\"ImageObject\",\"inLanguage\":\"pt-BR\",\"@id\":\"https:\/\/www.estrategiaconcursos.com.br\/blog\/#\/schema\/logo\/image\/\",\"url\":\"https:\/\/dhg1h5j42swfq.cloudfront.net\/2025\/06\/03203428\/logo_concursos-1.jpg\",\"contentUrl\":\"https:\/\/dhg1h5j42swfq.cloudfront.net\/2025\/06\/03203428\/logo_concursos-1.jpg\",\"width\":230,\"height\":60,\"caption\":\"Estrat\u00e9gia Concursos\"},\"image\":{\"@id\":\"https:\/\/www.estrategiaconcursos.com.br\/blog\/#\/schema\/logo\/image\/\"},\"sameAs\":[\"https:\/\/x.com\/EstratConcursos\"]},{\"@type\":\"Person\",\"@id\":\"https:\/\/www.estrategiaconcursos.com.br\/blog\/#\/schema\/person\/d948c69f6dd3bbd74ea6c9f7451a93c6\",\"name\":\"Gabriel Souza Santos\",\"image\":{\"@type\":\"ImageObject\",\"inLanguage\":\"pt-BR\",\"@id\":\"https:\/\/secure.gravatar.com\/avatar\/fd1003725e80f9cbb3f5083f64f112beb33dbd3bcbc7d34e628143a7cdd6cb8a?s=96&d=mm&r=g\",\"url\":\"https:\/\/secure.gravatar.com\/avatar\/fd1003725e80f9cbb3f5083f64f112beb33dbd3bcbc7d34e628143a7cdd6cb8a?s=96&d=mm&r=g\",\"contentUrl\":\"https:\/\/secure.gravatar.com\/avatar\/fd1003725e80f9cbb3f5083f64f112beb33dbd3bcbc7d34e628143a7cdd6cb8a?s=96&d=mm&r=g\",\"caption\":\"Gabriel Souza Santos\"},\"url\":\"https:\/\/www.estrategiaconcursos.com.br\/blog\/author\/gabriel-s-96hotmail-com\/\"}]}<\/script>\n<!-- \/ Yoast SEO Premium plugin. -->","yoast_head_json":{"title":"Direito Empresarial na Idade M\u00e9dia","description":"Veja curiosidades sobre o Direito Empresarial na Idade M\u00e9dia e descubra sua import\u00e2ncia para o Direito Empresarial contempor\u00e2neo.","robots":{"index":"index","follow":"follow","max-snippet":"max-snippet:-1","max-image-preview":"max-image-preview:large","max-video-preview":"max-video-preview:-1"},"canonical":"https:\/\/www.estrategiaconcursos.com.br\/blog\/direito-empresarial-idade-media\/","og_locale":"pt_BR","og_type":"article","og_title":"Direito Empresarial na Idade M\u00e9dia","og_description":"Veja curiosidades sobre o Direito Empresarial na Idade M\u00e9dia e descubra sua import\u00e2ncia para o Direito Empresarial contempor\u00e2neo.","og_url":"https:\/\/www.estrategiaconcursos.com.br\/blog\/direito-empresarial-idade-media\/","og_site_name":"Estrat\u00e9gia Concursos","article_published_time":"2025-11-05T11:52:00+00:00","og_image":[{"width":356,"height":464,"url":"https:\/\/dhg1h5j42swfq.cloudfront.net\/2025\/10\/15043158\/direito-empresarial-1-1.png","type":"image\/png"}],"author":"Gabriel Souza Santos","twitter_card":"summary_large_image","twitter_creator":"@EstratConcursos","twitter_site":"@EstratConcursos","twitter_misc":{"Escrito por":"Gabriel Souza Santos","Est. tempo de leitura":"6 minutos"},"schema":{"@context":"https:\/\/schema.org","@graph":[{"@type":"NewsArticle","@id":"https:\/\/www.estrategiaconcursos.com.br\/blog\/direito-empresarial-idade-media\/#article","isPartOf":{"@id":"https:\/\/www.estrategiaconcursos.com.br\/blog\/direito-empresarial-idade-media\/"},"author":{"name":"Gabriel Souza Santos","@id":"https:\/\/www.estrategiaconcursos.com.br\/blog\/#\/schema\/person\/d948c69f6dd3bbd74ea6c9f7451a93c6"},"headline":"Direito Empresarial na Idade M\u00e9dia","datePublished":"2025-11-05T11:52:00+00:00","mainEntityOfPage":{"@id":"https:\/\/www.estrategiaconcursos.com.br\/blog\/direito-empresarial-idade-media\/"},"wordCount":1270,"commentCount":0,"publisher":{"@id":"https:\/\/www.estrategiaconcursos.com.br\/blog\/#organization"},"image":{"@id":"https:\/\/www.estrategiaconcursos.com.br\/blog\/direito-empresarial-idade-media\/#primaryimage"},"thumbnailUrl":"https:\/\/dhg1h5j42swfq.cloudfront.net\/2025\/10\/15043158\/direito-empresarial-1-1.png","articleSection":["Concursos P\u00fablicos"],"inLanguage":"pt-BR","potentialAction":[{"@type":"CommentAction","name":"Comment","target":["https:\/\/www.estrategiaconcursos.com.br\/blog\/direito-empresarial-idade-media\/#respond"]}],"copyrightYear":"2025","copyrightHolder":{"@id":"https:\/\/www.estrategiaconcursos.com.br\/blog\/#organization"}},{"@type":"WebPage","@id":"https:\/\/www.estrategiaconcursos.com.br\/blog\/direito-empresarial-idade-media\/","url":"https:\/\/www.estrategiaconcursos.com.br\/blog\/direito-empresarial-idade-media\/","name":"Direito Empresarial na Idade M\u00e9dia","isPartOf":{"@id":"https:\/\/www.estrategiaconcursos.com.br\/blog\/#website"},"primaryImageOfPage":{"@id":"https:\/\/www.estrategiaconcursos.com.br\/blog\/direito-empresarial-idade-media\/#primaryimage"},"image":{"@id":"https:\/\/www.estrategiaconcursos.com.br\/blog\/direito-empresarial-idade-media\/#primaryimage"},"thumbnailUrl":"https:\/\/dhg1h5j42swfq.cloudfront.net\/2025\/10\/15043158\/direito-empresarial-1-1.png","datePublished":"2025-11-05T11:52:00+00:00","description":"Veja curiosidades sobre o Direito Empresarial na Idade M\u00e9dia e descubra sua import\u00e2ncia para o Direito Empresarial contempor\u00e2neo.","breadcrumb":{"@id":"https:\/\/www.estrategiaconcursos.com.br\/blog\/direito-empresarial-idade-media\/#breadcrumb"},"inLanguage":"pt-BR","potentialAction":[{"@type":"ReadAction","target":["https:\/\/www.estrategiaconcursos.com.br\/blog\/direito-empresarial-idade-media\/"]}]},{"@type":"ImageObject","inLanguage":"pt-BR","@id":"https:\/\/www.estrategiaconcursos.com.br\/blog\/direito-empresarial-idade-media\/#primaryimage","url":"https:\/\/dhg1h5j42swfq.cloudfront.net\/2025\/10\/15043158\/direito-empresarial-1-1.png","contentUrl":"https:\/\/dhg1h5j42swfq.cloudfront.net\/2025\/10\/15043158\/direito-empresarial-1-1.png","width":356,"height":464,"caption":"direito empresarial"},{"@type":"BreadcrumbList","@id":"https:\/\/www.estrategiaconcursos.com.br\/blog\/direito-empresarial-idade-media\/#breadcrumb","itemListElement":[{"@type":"ListItem","position":1,"name":"In\u00edcio","item":"https:\/\/www.estrategiaconcursos.com.br\/blog\/"},{"@type":"ListItem","position":2,"name":"Direito Empresarial na Idade M\u00e9dia"}]},{"@type":"WebSite","@id":"https:\/\/www.estrategiaconcursos.com.br\/blog\/#website","url":"https:\/\/www.estrategiaconcursos.com.br\/blog\/","name":"Estrat\u00e9gia Concursos","description":"O blog da Estrat\u00e9gia Concursos traz not\u00edcias sobre concursos e artigos de professores oferecendo cursos para concursos (pdf + videaulas) no site.","publisher":{"@id":"https:\/\/www.estrategiaconcursos.com.br\/blog\/#organization"},"potentialAction":[{"@type":"SearchAction","target":{"@type":"EntryPoint","urlTemplate":"https:\/\/www.estrategiaconcursos.com.br\/blog\/?s={search_term_string}"},"query-input":{"@type":"PropertyValueSpecification","valueRequired":true,"valueName":"search_term_string"}}],"inLanguage":"pt-BR"},{"@type":"Organization","@id":"https:\/\/www.estrategiaconcursos.com.br\/blog\/#organization","name":"Estrat\u00e9gia Concursos","url":"https:\/\/www.estrategiaconcursos.com.br\/blog\/","logo":{"@type":"ImageObject","inLanguage":"pt-BR","@id":"https:\/\/www.estrategiaconcursos.com.br\/blog\/#\/schema\/logo\/image\/","url":"https:\/\/dhg1h5j42swfq.cloudfront.net\/2025\/06\/03203428\/logo_concursos-1.jpg","contentUrl":"https:\/\/dhg1h5j42swfq.cloudfront.net\/2025\/06\/03203428\/logo_concursos-1.jpg","width":230,"height":60,"caption":"Estrat\u00e9gia Concursos"},"image":{"@id":"https:\/\/www.estrategiaconcursos.com.br\/blog\/#\/schema\/logo\/image\/"},"sameAs":["https:\/\/x.com\/EstratConcursos"]},{"@type":"Person","@id":"https:\/\/www.estrategiaconcursos.com.br\/blog\/#\/schema\/person\/d948c69f6dd3bbd74ea6c9f7451a93c6","name":"Gabriel Souza Santos","image":{"@type":"ImageObject","inLanguage":"pt-BR","@id":"https:\/\/secure.gravatar.com\/avatar\/fd1003725e80f9cbb3f5083f64f112beb33dbd3bcbc7d34e628143a7cdd6cb8a?s=96&d=mm&r=g","url":"https:\/\/secure.gravatar.com\/avatar\/fd1003725e80f9cbb3f5083f64f112beb33dbd3bcbc7d34e628143a7cdd6cb8a?s=96&d=mm&r=g","contentUrl":"https:\/\/secure.gravatar.com\/avatar\/fd1003725e80f9cbb3f5083f64f112beb33dbd3bcbc7d34e628143a7cdd6cb8a?s=96&d=mm&r=g","caption":"Gabriel Souza Santos"},"url":"https:\/\/www.estrategiaconcursos.com.br\/blog\/author\/gabriel-s-96hotmail-com\/"}]}},"_links":{"self":[{"href":"https:\/\/www.estrategiaconcursos.com.br\/blog\/wp-json\/wp\/v2\/posts\/1655381","targetHints":{"allow":["GET"]}}],"collection":[{"href":"https:\/\/www.estrategiaconcursos.com.br\/blog\/wp-json\/wp\/v2\/posts"}],"about":[{"href":"https:\/\/www.estrategiaconcursos.com.br\/blog\/wp-json\/wp\/v2\/types\/post"}],"author":[{"embeddable":true,"href":"https:\/\/www.estrategiaconcursos.com.br\/blog\/wp-json\/wp\/v2\/users\/3013"}],"replies":[{"embeddable":true,"href":"https:\/\/www.estrategiaconcursos.com.br\/blog\/wp-json\/wp\/v2\/comments?post=1655381"}],"version-history":[{"count":8,"href":"https:\/\/www.estrategiaconcursos.com.br\/blog\/wp-json\/wp\/v2\/posts\/1655381\/revisions"}],"predecessor-version":[{"id":1664245,"href":"https:\/\/www.estrategiaconcursos.com.br\/blog\/wp-json\/wp\/v2\/posts\/1655381\/revisions\/1664245"}],"wp:featuredmedia":[{"embeddable":true,"href":"https:\/\/www.estrategiaconcursos.com.br\/blog\/wp-json\/wp\/v2\/media\/1655389"}],"wp:attachment":[{"href":"https:\/\/www.estrategiaconcursos.com.br\/blog\/wp-json\/wp\/v2\/media?parent=1655381"}],"wp:term":[{"taxonomy":"category","embeddable":true,"href":"https:\/\/www.estrategiaconcursos.com.br\/blog\/wp-json\/wp\/v2\/categories?post=1655381"},{"taxonomy":"post_tag","embeddable":true,"href":"https:\/\/www.estrategiaconcursos.com.br\/blog\/wp-json\/wp\/v2\/tags?post=1655381"},{"taxonomy":"tax_estado","embeddable":true,"href":"https:\/\/www.estrategiaconcursos.com.br\/blog\/wp-json\/wp\/v2\/tax_estado?post=1655381"}],"curies":[{"name":"wp","href":"https:\/\/api.w.org\/{rel}","templated":true}]}}