{"id":1654922,"date":"2026-01-26T19:24:16","date_gmt":"2026-01-26T22:24:16","guid":{"rendered":"https:\/\/www.estrategiaconcursos.com.br\/blog\/?p=1654922"},"modified":"2026-01-26T19:24:18","modified_gmt":"2026-01-26T22:24:18","slug":"concurso-gcm-vitoria-do-mearim-ma","status":"publish","type":"post","link":"https:\/\/www.estrategiaconcursos.com.br\/blog\/concurso-gcm-vitoria-do-mearim-ma\/","title":{"rendered":"Concurso GCM Vit\u00f3ria do Mearim MA: sa\u00edram os gabaritos"},"content":{"rendered":"\n<p class=\"has-medium-font-size\"><em><strong>Edital do concurso Guarda Municipal de Vit\u00f3ria do Mearim oferece vagas de n\u00edvel m\u00e9dio!<\/strong><\/em><\/p>\n\n\n\n<p>Est\u00e3o dispon\u00edveis os gabaritos das provas do <strong>concurso GCM Vit\u00f3ria do Mearim<\/strong>, munic\u00edpio localizado no estado do Maranh\u00e3o, com oferta de <strong>9 vagas imediatas<\/strong>.<\/p>\n\n\n\n<ul class=\"wp-block-list\">\n<li><a href=\"https:\/\/dhg1h5j42swfq.cloudfront.net\/2026\/01\/26192106\/923947fb3e9e49c159409fd2c6e78663.pdf\" target=\"_blank\" rel=\"noreferrer noopener nofollow\">Gabaritos preliminares GCM Vit\u00f3ria do Mearim MA<\/a><\/li>\n<\/ul>\n\n\n\n<p>Agora, os interessados poder\u00e3o interpor recursos entre os dias 27 e 28 de janeiro, no site da banca FUNATEC.<\/p>\n\n\n\n<p>As oportunidades s\u00e3o para a carreira de Guarda Municipal, com exig\u00eancia de n\u00edvel m\u00e9dio completo. O sal\u00e1rio inicial \u00e9 de <strong>R$ 1.900,00<\/strong>.<\/p>\n\n\n\n<ul class=\"wp-block-list has-very-light-gray-to-cyan-bluish-gray-gradient-background has-background\">\n<li><strong>GCM Vit\u00f3ria do Mearim &#8211; MA<\/strong><\/li>\n\n\n\n<li><strong style=\"color: initial;\">Situa\u00e7\u00e3o:<\/strong><span style=\"color: initial;\">\u00a0<\/span>gabaritos divulgados<\/li>\n\n\n\n<li><strong>Banca:<\/strong>&nbsp;<a href=\"https:\/\/www.funatec.org.br\/concursos\/154\/concurso-publico-da-prefeitura-municipal-de-vitoria-do-mearim-ma\" target=\"_blank\" rel=\"noreferrer noopener\">FUNATEC<\/a><\/li>\n\n\n\n<li><strong>Vagas:<\/strong>&nbsp;9<\/li>\n\n\n\n<li><strong>Sal\u00e1rio inicial:<\/strong>&nbsp;R$ 1.900,00<\/li>\n\n\n\n<li><strong>Edital: <\/strong><a href=\"https:\/\/dhg1h5j42swfq.cloudfront.net\/2025\/10\/14114700\/01-edital-de-abertura-n-001-2025-1760390772.pdf\" target=\"_blank\" rel=\"noreferrer noopener nofollow\">GCM Vit\u00f3ria do Mearim 2025<\/a><\/li>\n<\/ul>\n\n\n\n<p>A fim de te deixar sempre bem informado, elaboramos este artigo com as principais informa\u00e7\u00f5es e novidades sobre o concurso. Acompanhe os t\u00f3picos abaixo e n\u00e3o perca nenhum detalhe!<\/p>\n\n\n\n<ul id=\"indice\" class=\"wp-block-list\">\n<li><a href=\"#h-cargos-e-vagas\">Cargo e vagas<\/a><\/li>\n\n\n\n<li><a href=\"#h-etapas-do-novo-concurso\">Etapas do concurso<\/a><\/li>\n\n\n\n<li><a href=\"#cursos\">Cursos e assinaturas<\/a><\/li>\n\n\n\n<li><a href=\"#ficha\">Ficha t\u00e9cnica<\/a><\/li>\n<\/ul>\n\n\n\n<div class=\"container\" id=\"boxes\">\n  <div class=\"row\">\n\n    <div class=\"col-sm\">\n      <div class=\"banner-guarda-gcm\" id=\"box-assinatura\">\n        <h2 class=\"titulo-assinatura\">Concurso GCM Vit\u00f3ria do Mearim MA<\/h2>\n        <p class=\"subtitulo-assinatura\">Explore os cursos preparat\u00f3rios completos! \u2728<\/p>\n        <div class=\"box-botao\">\n          <a class=\"btn-assinatura\" target=\"_blank\" href=\"https:\/\/www.estrategiaconcursos.com.br\/pesquisa\/?q=GCM+Vit%C3%B3ria+do+Mearim+MA\" role=\"button\" rel=\"noopener noreferrer\">VER CURSOS<\/a>\n        <\/div>\n      <\/div>\n     \n    <\/div>\n\n  <\/div>\n<\/div>\n\n\n\n<h2 class=\"wp-block-heading\" id=\"h-cargo-e-vagas-do-concurso-gcm-vitoria-do-mearim-ma\">Cargo e vagas do concurso GCM Vit\u00f3ria do Mearim MA<\/h2>\n\n\n\n<p><strong><span style=\"text-decoration: underline;\">N\u00edvel m\u00e9dio<\/span><\/strong><\/p>\n\n\n\n<figure class=\"wp-block-table is-style-stripes\"><table class=\"has-very-light-gray-to-cyan-bluish-gray-gradient-background has-background has-fixed-layout\"><thead><tr><th class=\"has-text-align-center\" data-align=\"center\">CARGO<\/th><th class=\"has-text-align-center\" data-align=\"center\">VAGAS<\/th><th class=\"has-text-align-center\" data-align=\"center\">SAL\u00c1RIO INICIAL<\/th><\/tr><\/thead><tbody><tr><td class=\"has-text-align-center\" data-align=\"center\">Guarda Municipal<\/td><td class=\"has-text-align-center\" data-align=\"center\">9<\/td><td class=\"has-text-align-center\" data-align=\"center\">R$ 1.900,00<\/td><\/tr><\/tbody><\/table><\/figure>\n\n\n\n<h2 class=\"wp-block-heading\" id=\"h-etapas-do-concurso-gcm-vitoria-do-mearim-ma\">Etapas do concurso GCM Vit\u00f3ria do Mearim MA<\/h2>\n\n\n\n<p>Os candidatos s\u00e3o avaliados por meio das seguintes etapas:<\/p>\n\n\n\n<ul class=\"wp-block-list\">\n<li>Provas Objetivas; e<\/li>\n\n\n\n<li>Teste de Aptid\u00e3o F\u00edsica \u2013 TAF. <\/li>\n<\/ul>\n\n\n\n<h3 class=\"wp-block-heading\" id=\"h-prova-objetiva\">Prova Objetiva<\/h3>\n\n\n\n<p>A etapa, de car\u00e1ter eliminat\u00f3rio e classificat\u00f3rio, foi composta por 40 quest\u00f5es do tipo m\u00faltipla escolha (4 alternativas).<\/p>\n\n\n\n<ul class=\"wp-block-list\">\n<li><strong>Conhecimentos b\u00e1sicos<\/strong>\n<ul class=\"wp-block-list\">\n<li><strong>L\u00edngua Portuguesa<\/strong> &#8211; 15 quest\u00f5es<\/li>\n\n\n\n<li><strong>Inform\u00e1tica<\/strong> &#8211; 5 quest\u00f5es<\/li>\n<\/ul>\n<\/li>\n\n\n\n<li><strong>Conhecimentos espec\u00edficos<\/strong> &#8211; 20 quest\u00f5es<\/li>\n<\/ul>\n\n\n\n<p>Ser\u00e1 considerado classificado o candidato que obter, no m\u00ednimo, nota igual ou superior a 24 pontos nas quest\u00f5es de conhecimentos espec\u00edficos e, no m\u00ednimo, 10 pontos nas quest\u00f5es de conhecimentos b\u00e1sicos, desde que n\u00e3o tenha zerado em nenhuma disciplina. <\/p>\n\n\n\n<h3 class=\"wp-block-heading\" id=\"h-testes-de-aptidao-fisica\">Testes de Aptid\u00e3o F\u00edsica <\/h3>\n\n\n\n<p>A etapa, de car\u00e1ter eliminat\u00f3rio, destina-se a avaliar a capacidade f\u00edsica do candidato para o desempenho das atribui\u00e7\u00f5es do cargo de Guarda Municipal.<\/p>\n\n\n\n<p>No edital de abertura, n\u00e3o constam informa\u00e7\u00f5es sobre os exerc\u00edcios a serem cobrados no TAF.<\/p>\n\n\n\n<hr class=\"wp-block-separator has-alpha-channel-opacity\"\/>\n\n\n\n<h2 class=\"wp-block-heading has-text-align-center\" id=\"h-quer-saber-tudo-sobre-concursos-previstos-confira-nossos-artigos\">Quer saber tudo sobre concursos previstos?<br \/>Confira  nossos artigos!<\/h2>\n\n\n\n<ul class=\"wp-block-list\">\n<li><a href=\"https:\/\/www.estrategiaconcursos.com.br\/blog\/concursos-abertos\/\" target=\"_blank\" rel=\"noreferrer noopener\">Concursos abertos<\/a><\/li>\n\n\n\n<li><a href=\"https:\/\/www.estrategiaconcursos.com.br\/blog\/concursos-guarda-municipal\/\" target=\"_blank\" rel=\"noreferrer noopener\">Concursos Guardas Municipais<\/a><\/li>\n\n\n\n<li><a href=\"https:\/\/www.estrategiaconcursos.com.br\/blog\/concursos-2026\/\" target=\"_blank\" rel=\"noreferrer noopener\">Concursos 2026<\/a><\/li>\n<\/ul>\n\n\n\n<h2 class=\"wp-block-heading has-text-align-center\" id=\"cursos\">Quer estudar para o concurso GCM Vit\u00f3ria do Mearim MA?<\/h2>\n\n\n\n<div class=\"container\" id=\"boxes\">\r\n  <div class=\"row\">\r\n\r\n    <div class=\"col-sm\">\r\n      <div class=\"banner-guarda-gcm\" id=\"box-assinatura\">\r\n        <h2 class=\"titulo-assinatura\">Concurso GCM Vit\u00f3ria do Mearim MA<\/h2>\r\n        <p class=\"subtitulo-assinatura\">Explore os cursos preparat\u00f3rios completos! \u2728<\/p>\r\n        <div class=\"box-botao\">\r\n          <a class=\"btn-assinatura\" target=\"_blank\" href=\"https:\/\/www.estrategiaconcursos.com.br\/pesquisa\/?q=GCM+Vit%C3%B3ria+do+Mearim+MA\" role=\"button\" rel=\"noopener noreferrer\">VER CURSOS<\/a>\r\n        <\/div>\r\n      <\/div>\r\n     \r\n    <\/div>\r\n\r\n  <\/div>\r\n<\/div>\n\n\n\n<div class=\"container\" id=\"boxes\">\n  <div class=\"row\">\n\n    <div class=\"col-sm\">\n      <div class=\"estrategia\" id=\"box-assinatura\">\n        <h3 class=\"titulo-assinatura\">Assinatura Concursos<\/h3>\n        <p class=\"subtitulo-assinatura\">Assinatura de 1 ano ou 2 anos<\/p>\n        <div class=\"box-botao\">\n          <a class=\"btn-assinatura\" target=\"_blank\" href=\"https:\/\/www.estrategiaconcursos.com.br\/assinaturas\/\" role=\"button\" rel=\"noopener noreferrer\">ASSINE AGORA<\/a>\n        <\/div>\n      <\/div><\/div><\/div><\/div>\n\n\n\n<figure class=\"wp-block-image size-large is-resized\"><img loading=\"lazy\" decoding=\"async\" width=\"1024\" height=\"632\" src=\"https:\/\/dhg1h5j42swfq.cloudfront.net\/2025\/06\/27101122\/ficha-tecnica-1-1024x632.png\" alt=\"Ficha t\u00e9cnica\" class=\"wp-image-702728\" style=\"aspect-ratio:1.620253164556962;width:282px;height:auto\" srcset=\"https:\/\/dhg1h5j42swfq.cloudfront.net\/2025\/06\/27101122\/ficha-tecnica-1-1024x632.png 1024w, https:\/\/dhg1h5j42swfq.cloudfront.net\/2025\/06\/27101122\/ficha-tecnica-1-300x185.png 300w, https:\/\/dhg1h5j42swfq.cloudfront.net\/2025\/06\/27101122\/ficha-tecnica-1-768x474.png 768w, https:\/\/dhg1h5j42swfq.cloudfront.net\/2025\/06\/27101122\/ficha-tecnica-1-1536x948.png 1536w, https:\/\/dhg1h5j42swfq.cloudfront.net\/2025\/06\/27101122\/ficha-tecnica-1-610x377.png 610w, https:\/\/dhg1h5j42swfq.cloudfront.net\/2025\/06\/27101122\/ficha-tecnica-1.png 1571w\" sizes=\"auto, (max-width: 1024px) 100vw, 1024px\" \/><\/figure>\n\n\n\n<h3 class=\"wp-block-heading\" id=\"ficha\">Informa\u00e7\u00f5es do concurso GCM Vit\u00f3ria do Mearim MA<\/h3>\n\n\n\n<ul class=\"wp-block-list\">\n<li><strong>Prova<\/strong>: 25\/01\/2026<\/li>\n\n\n\n<li><strong>Vagas:<\/strong> 9<\/li>\n\n\n\n<li><strong>Cargo<\/strong>: Guarda Municipal<\/li>\n\n\n\n<li><strong>Escolaridade<\/strong>: m\u00e9dio<\/li>\n\n\n\n<li><strong>Banca<\/strong>: FUNATEC<\/li>\n\n\n\n<li><strong>Edital: <\/strong><a href=\"https:\/\/dhg1h5j42swfq.cloudfront.net\/2025\/10\/14114700\/01-edital-de-abertura-n-001-2025-1760390772.pdf\" target=\"_blank\" rel=\"noreferrer noopener nofollow\">GCM Vit\u00f3ria do Mearim 2025<\/a><\/li>\n<\/ul>\n\n\n\n<p><\/p>\n","protected":false},"excerpt":{"rendered":"<p>Edital do concurso Guarda Municipal de Vit\u00f3ria do Mearim oferece vagas de n\u00edvel m\u00e9dio! Est\u00e3o dispon\u00edveis os gabaritos das provas do concurso GCM Vit\u00f3ria do Mearim, munic\u00edpio localizado no estado do Maranh\u00e3o, com oferta de 9 vagas imediatas. Agora, os interessados poder\u00e3o interpor recursos entre os dias 27 e 28 de janeiro, no site da [&hellip;]<\/p>\n","protected":false},"author":1,"featured_media":1656567,"comment_status":"open","ping_status":"closed","sticky":false,"template":"","format":"standard","meta":{"post_tipo":"news_page","footnotes":""},"categories":[220189],"tags":[],"tax_estado":[219973],"class_list":["post-1654922","post","type-post","status-publish","format-standard","has-post-thumbnail","hentry","category-policial-guarda-civis","tax_estado-ma"],"acf":[],"yoast_head":"<!-- This site is optimized with the Yoast SEO Premium plugin v27.2 (Yoast SEO v27.2) - https:\/\/yoast.com\/product\/yoast-seo-premium-wordpress\/ -->\n<title>Concurso GCM Vit\u00f3ria do Mearim MA: sa\u00edram os gabaritos<\/title>\n<meta name=\"description\" content=\"Concurso GCM Vit\u00f3ria do Mearim, no estado do Maranh\u00e3o, oferece 9 vagas imediatas de n\u00edvel m\u00e9dio. Provas aplicadas e gabaritos divulgados!\" \/>\n<meta name=\"robots\" content=\"index, follow, max-snippet:-1, max-image-preview:large, max-video-preview:-1\" \/>\n<link rel=\"canonical\" href=\"https:\/\/www.estrategiaconcursos.com.br\/blog\/concurso-gcm-vitoria-do-mearim-ma\/\" \/>\n<meta property=\"og:locale\" content=\"pt_BR\" \/>\n<meta property=\"og:type\" content=\"article\" \/>\n<meta property=\"og:title\" content=\"Concurso GCM Vit\u00f3ria do Mearim MA: sa\u00edram os gabaritos\" \/>\n<meta property=\"og:description\" content=\"Concurso GCM Vit\u00f3ria do Mearim, no estado do Maranh\u00e3o, oferece 9 vagas imediatas de n\u00edvel m\u00e9dio. Provas aplicadas e gabaritos divulgados!\" \/>\n<meta property=\"og:url\" content=\"https:\/\/www.estrategiaconcursos.com.br\/blog\/concurso-gcm-vitoria-do-mearim-ma\/\" \/>\n<meta property=\"og:site_name\" content=\"Estrat\u00e9gia Concursos\" \/>\n<meta property=\"article:author\" content=\"https:\/\/www.facebook.com\/EstrategiaConcursos\" \/>\n<meta property=\"article:published_time\" content=\"2026-01-26T22:24:16+00:00\" \/>\n<meta property=\"article:modified_time\" content=\"2026-01-26T22:24:18+00:00\" \/>\n<meta property=\"og:image\" content=\"https:\/\/dhg1h5j42swfq.cloudfront.net\/2025\/10\/16161638\/gcm-vitoria-do-mearim-ma-1.jpg\" \/>\n\t<meta property=\"og:image:width\" content=\"768\" \/>\n\t<meta property=\"og:image:height\" content=\"432\" \/>\n\t<meta property=\"og:image:type\" content=\"image\/jpeg\" \/>\n<meta name=\"author\" content=\"Coordena\u00e7\u00e3o\" \/>\n<meta name=\"twitter:card\" content=\"summary_large_image\" \/>\n<meta name=\"twitter:creator\" content=\"@EstratConcursos\" \/>\n<meta name=\"twitter:site\" content=\"@EstratConcursos\" \/>\n<meta name=\"twitter:label1\" content=\"Escrito por\" \/>\n\t<meta name=\"twitter:data1\" content=\"Coordena\u00e7\u00e3o\" \/>\n\t<meta name=\"twitter:label2\" content=\"Est. tempo de leitura\" \/>\n\t<meta name=\"twitter:data2\" content=\"2 minutos\" \/>\n<script type=\"application\/ld+json\" class=\"yoast-schema-graph\">{\"@context\":\"https:\/\/schema.org\",\"@graph\":[{\"@type\":\"NewsArticle\",\"@id\":\"https:\/\/www.estrategiaconcursos.com.br\/blog\/concurso-gcm-vitoria-do-mearim-ma\/#article\",\"isPartOf\":{\"@id\":\"https:\/\/www.estrategiaconcursos.com.br\/blog\/concurso-gcm-vitoria-do-mearim-ma\/\"},\"author\":{\"name\":\"Coordena\u00e7\u00e3o\",\"@id\":\"https:\/\/www.estrategiaconcursos.com.br\/blog\/#\/schema\/person\/b4a388c97673c5f483d72185668afa1f\"},\"headline\":\"Concurso GCM Vit\u00f3ria do Mearim MA: sa\u00edram os gabaritos\",\"datePublished\":\"2026-01-26T22:24:16+00:00\",\"dateModified\":\"2026-01-26T22:24:18+00:00\",\"mainEntityOfPage\":{\"@id\":\"https:\/\/www.estrategiaconcursos.com.br\/blog\/concurso-gcm-vitoria-do-mearim-ma\/\"},\"wordCount\":459,\"commentCount\":0,\"publisher\":{\"@id\":\"https:\/\/www.estrategiaconcursos.com.br\/blog\/#organization\"},\"image\":{\"@id\":\"https:\/\/www.estrategiaconcursos.com.br\/blog\/concurso-gcm-vitoria-do-mearim-ma\/#primaryimage\"},\"thumbnailUrl\":\"https:\/\/dhg1h5j42swfq.cloudfront.net\/2025\/10\/16161638\/gcm-vitoria-do-mearim-ma-1.jpg\",\"articleSection\":[\"Policial (Guardas Civis)\"],\"inLanguage\":\"pt-BR\",\"potentialAction\":[{\"@type\":\"CommentAction\",\"name\":\"Comment\",\"target\":[\"https:\/\/www.estrategiaconcursos.com.br\/blog\/concurso-gcm-vitoria-do-mearim-ma\/#respond\"]}],\"copyrightYear\":\"2026\",\"copyrightHolder\":{\"@id\":\"https:\/\/www.estrategiaconcursos.com.br\/blog\/#organization\"}},{\"@type\":\"WebPage\",\"@id\":\"https:\/\/www.estrategiaconcursos.com.br\/blog\/concurso-gcm-vitoria-do-mearim-ma\/\",\"url\":\"https:\/\/www.estrategiaconcursos.com.br\/blog\/concurso-gcm-vitoria-do-mearim-ma\/\",\"name\":\"Concurso GCM Vit\u00f3ria do Mearim MA: sa\u00edram os gabaritos\",\"isPartOf\":{\"@id\":\"https:\/\/www.estrategiaconcursos.com.br\/blog\/#website\"},\"primaryImageOfPage\":{\"@id\":\"https:\/\/www.estrategiaconcursos.com.br\/blog\/concurso-gcm-vitoria-do-mearim-ma\/#primaryimage\"},\"image\":{\"@id\":\"https:\/\/www.estrategiaconcursos.com.br\/blog\/concurso-gcm-vitoria-do-mearim-ma\/#primaryimage\"},\"thumbnailUrl\":\"https:\/\/dhg1h5j42swfq.cloudfront.net\/2025\/10\/16161638\/gcm-vitoria-do-mearim-ma-1.jpg\",\"datePublished\":\"2026-01-26T22:24:16+00:00\",\"dateModified\":\"2026-01-26T22:24:18+00:00\",\"description\":\"Concurso GCM Vit\u00f3ria do Mearim, no estado do Maranh\u00e3o, oferece 9 vagas imediatas de n\u00edvel m\u00e9dio. Provas aplicadas e gabaritos divulgados!\",\"breadcrumb\":{\"@id\":\"https:\/\/www.estrategiaconcursos.com.br\/blog\/concurso-gcm-vitoria-do-mearim-ma\/#breadcrumb\"},\"inLanguage\":\"pt-BR\",\"potentialAction\":[{\"@type\":\"ReadAction\",\"target\":[\"https:\/\/www.estrategiaconcursos.com.br\/blog\/concurso-gcm-vitoria-do-mearim-ma\/\"]}]},{\"@type\":\"ImageObject\",\"inLanguage\":\"pt-BR\",\"@id\":\"https:\/\/www.estrategiaconcursos.com.br\/blog\/concurso-gcm-vitoria-do-mearim-ma\/#primaryimage\",\"url\":\"https:\/\/dhg1h5j42swfq.cloudfront.net\/2025\/10\/16161638\/gcm-vitoria-do-mearim-ma-1.jpg\",\"contentUrl\":\"https:\/\/dhg1h5j42swfq.cloudfront.net\/2025\/10\/16161638\/gcm-vitoria-do-mearim-ma-1.jpg\",\"width\":768,\"height\":432,\"caption\":\"concurso gcm vit\u00f3ria do mearim\"},{\"@type\":\"BreadcrumbList\",\"@id\":\"https:\/\/www.estrategiaconcursos.com.br\/blog\/concurso-gcm-vitoria-do-mearim-ma\/#breadcrumb\",\"itemListElement\":[{\"@type\":\"ListItem\",\"position\":1,\"name\":\"In\u00edcio\",\"item\":\"https:\/\/www.estrategiaconcursos.com.br\/blog\/\"},{\"@type\":\"ListItem\",\"position\":2,\"name\":\"Concurso GCM Vit\u00f3ria do Mearim MA: sa\u00edram os gabaritos\"}]},{\"@type\":\"WebSite\",\"@id\":\"https:\/\/www.estrategiaconcursos.com.br\/blog\/#website\",\"url\":\"https:\/\/www.estrategiaconcursos.com.br\/blog\/\",\"name\":\"Estrat\u00e9gia Concursos\",\"description\":\"O blog da Estrat\u00e9gia Concursos traz not\u00edcias sobre concursos e artigos de professores oferecendo cursos para concursos (pdf + videaulas) no site.\",\"publisher\":{\"@id\":\"https:\/\/www.estrategiaconcursos.com.br\/blog\/#organization\"},\"potentialAction\":[{\"@type\":\"SearchAction\",\"target\":{\"@type\":\"EntryPoint\",\"urlTemplate\":\"https:\/\/www.estrategiaconcursos.com.br\/blog\/?s={search_term_string}\"},\"query-input\":{\"@type\":\"PropertyValueSpecification\",\"valueRequired\":true,\"valueName\":\"search_term_string\"}}],\"inLanguage\":\"pt-BR\"},{\"@type\":\"Organization\",\"@id\":\"https:\/\/www.estrategiaconcursos.com.br\/blog\/#organization\",\"name\":\"Estrat\u00e9gia Concursos\",\"url\":\"https:\/\/www.estrategiaconcursos.com.br\/blog\/\",\"logo\":{\"@type\":\"ImageObject\",\"inLanguage\":\"pt-BR\",\"@id\":\"https:\/\/www.estrategiaconcursos.com.br\/blog\/#\/schema\/logo\/image\/\",\"url\":\"https:\/\/dhg1h5j42swfq.cloudfront.net\/2025\/06\/03203428\/logo_concursos-1.jpg\",\"contentUrl\":\"https:\/\/dhg1h5j42swfq.cloudfront.net\/2025\/06\/03203428\/logo_concursos-1.jpg\",\"width\":230,\"height\":60,\"caption\":\"Estrat\u00e9gia Concursos\"},\"image\":{\"@id\":\"https:\/\/www.estrategiaconcursos.com.br\/blog\/#\/schema\/logo\/image\/\"},\"sameAs\":[\"https:\/\/x.com\/EstratConcursos\"]},{\"@type\":\"Person\",\"@id\":\"https:\/\/www.estrategiaconcursos.com.br\/blog\/#\/schema\/person\/b4a388c97673c5f483d72185668afa1f\",\"name\":\"Coordena\u00e7\u00e3o\",\"image\":{\"@type\":\"ImageObject\",\"inLanguage\":\"pt-BR\",\"@id\":\"https:\/\/secure.gravatar.com\/avatar\/b720319e4c9a967eb58678d110f4fe35452fc5d5f97b202bac7b8acceb18c6ad?s=96&d=mm&r=g\",\"url\":\"https:\/\/secure.gravatar.com\/avatar\/b720319e4c9a967eb58678d110f4fe35452fc5d5f97b202bac7b8acceb18c6ad?s=96&d=mm&r=g\",\"contentUrl\":\"https:\/\/secure.gravatar.com\/avatar\/b720319e4c9a967eb58678d110f4fe35452fc5d5f97b202bac7b8acceb18c6ad?s=96&d=mm&r=g\",\"caption\":\"Coordena\u00e7\u00e3o\"},\"sameAs\":[\"https:\/\/www.facebook.com\/EstrategiaConcursos\",\"https:\/\/x.com\/EstratConcursos\"],\"url\":\"https:\/\/www.estrategiaconcursos.com.br\/blog\/author\/estrategia2013\/\"}]}<\/script>\n<!-- \/ Yoast SEO Premium plugin. -->","yoast_head_json":{"title":"Concurso GCM Vit\u00f3ria do Mearim MA: sa\u00edram os gabaritos","description":"Concurso GCM Vit\u00f3ria do Mearim, no estado do Maranh\u00e3o, oferece 9 vagas imediatas de n\u00edvel m\u00e9dio. Provas aplicadas e gabaritos divulgados!","robots":{"index":"index","follow":"follow","max-snippet":"max-snippet:-1","max-image-preview":"max-image-preview:large","max-video-preview":"max-video-preview:-1"},"canonical":"https:\/\/www.estrategiaconcursos.com.br\/blog\/concurso-gcm-vitoria-do-mearim-ma\/","og_locale":"pt_BR","og_type":"article","og_title":"Concurso GCM Vit\u00f3ria do Mearim MA: sa\u00edram os gabaritos","og_description":"Concurso GCM Vit\u00f3ria do Mearim, no estado do Maranh\u00e3o, oferece 9 vagas imediatas de n\u00edvel m\u00e9dio. Provas aplicadas e gabaritos divulgados!","og_url":"https:\/\/www.estrategiaconcursos.com.br\/blog\/concurso-gcm-vitoria-do-mearim-ma\/","og_site_name":"Estrat\u00e9gia Concursos","article_author":"https:\/\/www.facebook.com\/EstrategiaConcursos","article_published_time":"2026-01-26T22:24:16+00:00","article_modified_time":"2026-01-26T22:24:18+00:00","og_image":[{"width":768,"height":432,"url":"https:\/\/dhg1h5j42swfq.cloudfront.net\/2025\/10\/16161638\/gcm-vitoria-do-mearim-ma-1.jpg","type":"image\/jpeg"}],"author":"Coordena\u00e7\u00e3o","twitter_card":"summary_large_image","twitter_creator":"@EstratConcursos","twitter_site":"@EstratConcursos","twitter_misc":{"Escrito por":"Coordena\u00e7\u00e3o","Est. tempo de leitura":"2 minutos"},"schema":{"@context":"https:\/\/schema.org","@graph":[{"@type":"NewsArticle","@id":"https:\/\/www.estrategiaconcursos.com.br\/blog\/concurso-gcm-vitoria-do-mearim-ma\/#article","isPartOf":{"@id":"https:\/\/www.estrategiaconcursos.com.br\/blog\/concurso-gcm-vitoria-do-mearim-ma\/"},"author":{"name":"Coordena\u00e7\u00e3o","@id":"https:\/\/www.estrategiaconcursos.com.br\/blog\/#\/schema\/person\/b4a388c97673c5f483d72185668afa1f"},"headline":"Concurso GCM Vit\u00f3ria do Mearim MA: sa\u00edram os gabaritos","datePublished":"2026-01-26T22:24:16+00:00","dateModified":"2026-01-26T22:24:18+00:00","mainEntityOfPage":{"@id":"https:\/\/www.estrategiaconcursos.com.br\/blog\/concurso-gcm-vitoria-do-mearim-ma\/"},"wordCount":459,"commentCount":0,"publisher":{"@id":"https:\/\/www.estrategiaconcursos.com.br\/blog\/#organization"},"image":{"@id":"https:\/\/www.estrategiaconcursos.com.br\/blog\/concurso-gcm-vitoria-do-mearim-ma\/#primaryimage"},"thumbnailUrl":"https:\/\/dhg1h5j42swfq.cloudfront.net\/2025\/10\/16161638\/gcm-vitoria-do-mearim-ma-1.jpg","articleSection":["Policial (Guardas Civis)"],"inLanguage":"pt-BR","potentialAction":[{"@type":"CommentAction","name":"Comment","target":["https:\/\/www.estrategiaconcursos.com.br\/blog\/concurso-gcm-vitoria-do-mearim-ma\/#respond"]}],"copyrightYear":"2026","copyrightHolder":{"@id":"https:\/\/www.estrategiaconcursos.com.br\/blog\/#organization"}},{"@type":"WebPage","@id":"https:\/\/www.estrategiaconcursos.com.br\/blog\/concurso-gcm-vitoria-do-mearim-ma\/","url":"https:\/\/www.estrategiaconcursos.com.br\/blog\/concurso-gcm-vitoria-do-mearim-ma\/","name":"Concurso GCM Vit\u00f3ria do Mearim MA: sa\u00edram os gabaritos","isPartOf":{"@id":"https:\/\/www.estrategiaconcursos.com.br\/blog\/#website"},"primaryImageOfPage":{"@id":"https:\/\/www.estrategiaconcursos.com.br\/blog\/concurso-gcm-vitoria-do-mearim-ma\/#primaryimage"},"image":{"@id":"https:\/\/www.estrategiaconcursos.com.br\/blog\/concurso-gcm-vitoria-do-mearim-ma\/#primaryimage"},"thumbnailUrl":"https:\/\/dhg1h5j42swfq.cloudfront.net\/2025\/10\/16161638\/gcm-vitoria-do-mearim-ma-1.jpg","datePublished":"2026-01-26T22:24:16+00:00","dateModified":"2026-01-26T22:24:18+00:00","description":"Concurso GCM Vit\u00f3ria do Mearim, no estado do Maranh\u00e3o, oferece 9 vagas imediatas de n\u00edvel m\u00e9dio. Provas aplicadas e gabaritos divulgados!","breadcrumb":{"@id":"https:\/\/www.estrategiaconcursos.com.br\/blog\/concurso-gcm-vitoria-do-mearim-ma\/#breadcrumb"},"inLanguage":"pt-BR","potentialAction":[{"@type":"ReadAction","target":["https:\/\/www.estrategiaconcursos.com.br\/blog\/concurso-gcm-vitoria-do-mearim-ma\/"]}]},{"@type":"ImageObject","inLanguage":"pt-BR","@id":"https:\/\/www.estrategiaconcursos.com.br\/blog\/concurso-gcm-vitoria-do-mearim-ma\/#primaryimage","url":"https:\/\/dhg1h5j42swfq.cloudfront.net\/2025\/10\/16161638\/gcm-vitoria-do-mearim-ma-1.jpg","contentUrl":"https:\/\/dhg1h5j42swfq.cloudfront.net\/2025\/10\/16161638\/gcm-vitoria-do-mearim-ma-1.jpg","width":768,"height":432,"caption":"concurso gcm vit\u00f3ria do mearim"},{"@type":"BreadcrumbList","@id":"https:\/\/www.estrategiaconcursos.com.br\/blog\/concurso-gcm-vitoria-do-mearim-ma\/#breadcrumb","itemListElement":[{"@type":"ListItem","position":1,"name":"In\u00edcio","item":"https:\/\/www.estrategiaconcursos.com.br\/blog\/"},{"@type":"ListItem","position":2,"name":"Concurso GCM Vit\u00f3ria do Mearim MA: sa\u00edram os gabaritos"}]},{"@type":"WebSite","@id":"https:\/\/www.estrategiaconcursos.com.br\/blog\/#website","url":"https:\/\/www.estrategiaconcursos.com.br\/blog\/","name":"Estrat\u00e9gia Concursos","description":"O blog da Estrat\u00e9gia Concursos traz not\u00edcias sobre concursos e artigos de professores oferecendo cursos para concursos (pdf + videaulas) no site.","publisher":{"@id":"https:\/\/www.estrategiaconcursos.com.br\/blog\/#organization"},"potentialAction":[{"@type":"SearchAction","target":{"@type":"EntryPoint","urlTemplate":"https:\/\/www.estrategiaconcursos.com.br\/blog\/?s={search_term_string}"},"query-input":{"@type":"PropertyValueSpecification","valueRequired":true,"valueName":"search_term_string"}}],"inLanguage":"pt-BR"},{"@type":"Organization","@id":"https:\/\/www.estrategiaconcursos.com.br\/blog\/#organization","name":"Estrat\u00e9gia Concursos","url":"https:\/\/www.estrategiaconcursos.com.br\/blog\/","logo":{"@type":"ImageObject","inLanguage":"pt-BR","@id":"https:\/\/www.estrategiaconcursos.com.br\/blog\/#\/schema\/logo\/image\/","url":"https:\/\/dhg1h5j42swfq.cloudfront.net\/2025\/06\/03203428\/logo_concursos-1.jpg","contentUrl":"https:\/\/dhg1h5j42swfq.cloudfront.net\/2025\/06\/03203428\/logo_concursos-1.jpg","width":230,"height":60,"caption":"Estrat\u00e9gia Concursos"},"image":{"@id":"https:\/\/www.estrategiaconcursos.com.br\/blog\/#\/schema\/logo\/image\/"},"sameAs":["https:\/\/x.com\/EstratConcursos"]},{"@type":"Person","@id":"https:\/\/www.estrategiaconcursos.com.br\/blog\/#\/schema\/person\/b4a388c97673c5f483d72185668afa1f","name":"Coordena\u00e7\u00e3o","image":{"@type":"ImageObject","inLanguage":"pt-BR","@id":"https:\/\/secure.gravatar.com\/avatar\/b720319e4c9a967eb58678d110f4fe35452fc5d5f97b202bac7b8acceb18c6ad?s=96&d=mm&r=g","url":"https:\/\/secure.gravatar.com\/avatar\/b720319e4c9a967eb58678d110f4fe35452fc5d5f97b202bac7b8acceb18c6ad?s=96&d=mm&r=g","contentUrl":"https:\/\/secure.gravatar.com\/avatar\/b720319e4c9a967eb58678d110f4fe35452fc5d5f97b202bac7b8acceb18c6ad?s=96&d=mm&r=g","caption":"Coordena\u00e7\u00e3o"},"sameAs":["https:\/\/www.facebook.com\/EstrategiaConcursos","https:\/\/x.com\/EstratConcursos"],"url":"https:\/\/www.estrategiaconcursos.com.br\/blog\/author\/estrategia2013\/"}]}},"_links":{"self":[{"href":"https:\/\/www.estrategiaconcursos.com.br\/blog\/wp-json\/wp\/v2\/posts\/1654922","targetHints":{"allow":["GET"]}}],"collection":[{"href":"https:\/\/www.estrategiaconcursos.com.br\/blog\/wp-json\/wp\/v2\/posts"}],"about":[{"href":"https:\/\/www.estrategiaconcursos.com.br\/blog\/wp-json\/wp\/v2\/types\/post"}],"author":[{"embeddable":true,"href":"https:\/\/www.estrategiaconcursos.com.br\/blog\/wp-json\/wp\/v2\/users\/1"}],"replies":[{"embeddable":true,"href":"https:\/\/www.estrategiaconcursos.com.br\/blog\/wp-json\/wp\/v2\/comments?post=1654922"}],"version-history":[{"count":15,"href":"https:\/\/www.estrategiaconcursos.com.br\/blog\/wp-json\/wp\/v2\/posts\/1654922\/revisions"}],"predecessor-version":[{"id":1705432,"href":"https:\/\/www.estrategiaconcursos.com.br\/blog\/wp-json\/wp\/v2\/posts\/1654922\/revisions\/1705432"}],"wp:featuredmedia":[{"embeddable":true,"href":"https:\/\/www.estrategiaconcursos.com.br\/blog\/wp-json\/wp\/v2\/media\/1656567"}],"wp:attachment":[{"href":"https:\/\/www.estrategiaconcursos.com.br\/blog\/wp-json\/wp\/v2\/media?parent=1654922"}],"wp:term":[{"taxonomy":"category","embeddable":true,"href":"https:\/\/www.estrategiaconcursos.com.br\/blog\/wp-json\/wp\/v2\/categories?post=1654922"},{"taxonomy":"post_tag","embeddable":true,"href":"https:\/\/www.estrategiaconcursos.com.br\/blog\/wp-json\/wp\/v2\/tags?post=1654922"},{"taxonomy":"tax_estado","embeddable":true,"href":"https:\/\/www.estrategiaconcursos.com.br\/blog\/wp-json\/wp\/v2\/tax_estado?post=1654922"}],"curies":[{"name":"wp","href":"https:\/\/api.w.org\/{rel}","templated":true}]}}