{"id":1654570,"date":"2026-03-13T15:17:00","date_gmt":"2026-03-13T18:17:00","guid":{"rendered":"https:\/\/www.estrategiaconcursos.com.br\/blog\/?p=1654570"},"modified":"2026-03-13T15:18:23","modified_gmt":"2026-03-13T18:18:23","slug":"concurso-urbel","status":"publish","type":"post","link":"https:\/\/www.estrategiaconcursos.com.br\/blog\/concurso-urbel\/","title":{"rendered":"Concurso URBEL: comiss\u00e3o formada; em fase de estudos"},"content":{"rendered":"\n<p style=\"font-size:clamp(15.747px, 0.984rem + ((1vw - 3.2px) * 0.809), 24px);\"><strong><em>\u00daltimo concurso da URBEL foi realizado h\u00e1 mais de 10 anos<\/em><\/strong><\/p>\n\n\n\n<p>Ap\u00f3s 14 anos, um novo <strong>concurso p\u00fablico<\/strong> para a <strong>Companhia Urbanizadora e de Habita\u00e7\u00e3o de Belo Horizonte &#8211; <a href=\"https:\/\/www.estrategiaconcursos.com.br\/cursosPorConcurso\/urbel\/\" target=\"_blank\" rel=\"noreferrer noopener\">URBEL<\/a><\/strong> vai, enfim, sair do papel.<\/p>\n\n\n\n<p>Isso porque foi institu\u00edda a comiss\u00e3o organizadora para a realiza\u00e7\u00e3o de um novo edital. A informa\u00e7\u00e3o foi publicada em 11 de outubro de 2025 no <a href=\"https:\/\/www.estrategiaconcursos.com.br\/blog\/concurso-urbel-comissao\/\" target=\"_blank\" rel=\"noreferrer noopener\">Di\u00e1rio Oficial do Munic\u00edpio<\/a>.<\/p>\n\n\n\n<p>Ao todo, foram designados <strong>cinco servidores<\/strong> que dever\u00e3o elaborar o termo de refer\u00eancia para contrata\u00e7\u00e3o da banca organizadora, entre outras atribui\u00e7\u00f5es.<\/p>\n\n\n\n<p>Vale ressaltar que, atualmente, o grupo trabalha na defini\u00e7\u00e3o do quantitativo de vagas e cargos. Conforme informa\u00e7\u00f5es da Companhia a <em>&#8220;comiss\u00e3o\u00a0est\u00e1 atualmente em fase de estudos preliminares&#8221;<\/em>.<\/p>\n\n\n\n<p>Lembrando que o \u00faltimo edital do \u00f3rg\u00e3o aconteceu em <strong>2012<\/strong>, quando, na \u00e9poca, a Fundep organizou um edital com 60 vagas imediatas de n\u00edveis m\u00e9dio e superior.<\/p>\n\n\n\n<ul class=\"wp-block-list has-very-light-gray-to-cyan-bluish-gray-gradient-background has-background\">\n<li><span><strong style=\"font-weight: bold;\">Companhia Urbanizadora e de Habita\u00e7\u00e3o de Belo Horizonte &#8211; URBEL<\/strong><\/span><strong> (MG) <\/strong><\/li>\n\n\n\n<li><strong style=\"color: initial;\">Status:&nbsp;<\/strong>comiss\u00e3o formada<\/li>\n\n\n\n<li><strong>Banca:<\/strong>&nbsp;a definir<\/li>\n\n\n\n<li><strong>Vagas:<\/strong> a definir<\/li>\n\n\n\n<li><strong>Sal\u00e1rio inicial:<\/strong>&nbsp;R$ 1.480,96 a R$ 5.114,29 <em>&#8211; \u00faltimo edital<\/em><\/li>\n\n\n\n<li><strong>\u00daltimo edital:<\/strong> <a href=\"https:\/\/dhg1h5j42swfq.cloudfront.net\/2025\/10\/13185640\/anexos_de_a_a_g_-_publicado_no_dom_em_13-07-12.pdf\" target=\"_blank\" rel=\"noreferrer noopener nofollow\">URBEL 2012<\/a><\/li>\n<\/ul>\n\n\n\n<p>Neste artigo voc\u00ea encontra as principais informa\u00e7\u00f5es do concurso URBEL. Acompanhe os t\u00f3picos abaixo e n\u00e3o perca nenhum detalhe:<\/p>\n\n\n\n<ul id=\"indice\" class=\"wp-block-list\">\n<li><strong><a href=\"#datas\">Sobre a URBEL<\/a><\/strong><\/li>\n\n\n\n<li><strong><a href=\"#cargo\">\u00daltimo concurso <em>&#8211; 2012<\/em><\/a><\/strong>\n<ul class=\"wp-block-list\">\n<li><a href=\"#vagas\">Distribui\u00e7\u00e3o de vagas<\/a><\/li>\n\n\n\n<li><a href=\"#etapas\">Etapa de prova<\/a><\/li>\n<\/ul>\n<\/li>\n\n\n\n<li><a href=\"#cursos\"><strong>Assinatura e cursos<\/strong><\/a><\/li>\n\n\n\n<li><a href=\"#ficha\"><strong>Ficha t\u00e9cnica<\/strong><\/a><\/li>\n<\/ul>\n\n\n\n<div class=\"container\" id=\"boxes\">\n  <div class=\"row\">\n\n    <div class=\"col-sm\">\n      <div class=\"banner-estrat-corj\" id=\"box-assinatura\">\n        <h2 class=\"titulo-assinatura\" style=\"text-align: left;\">Cursos para URBEL<\/h2>\n        <p class=\"subtitulo-assinatura\" style=\"text-align: left;\">Conhe\u00e7a os cursos<\/p>\n        <div class=\"box-botao\" style=\"text-align: left;\">\n          <a class=\"btn-assinatura\" target=\"_blank\" href=\"https:\/\/www.estrategiaconcursos.com.br\/cursosPorConcurso\/urbel\/\" role=\"button\" rel=\"noopener noreferrer\">CLIQUE AQUI<\/a>\n        <\/div>\n      <\/div><\/div><\/div><\/div>\n\n\n\n<h2 class=\"wp-block-heading\" id=\"datas\">Sobre a URBEL<\/h2>\n\n\n\n<p>A Companhia Urbanizadora e de Habita\u00e7\u00e3o de Belo Horizonte (<a href=\"https:\/\/prefeitura.pbh.gov.br\/urbel\" target=\"_blank\" rel=\"noreferrer noopener\">Urbel<\/a>) \u00e9 uma empresa de economia mista, criada em 1983, respons\u00e1vel pela implementa\u00e7\u00e3o da Pol\u00edtica Municipal de Habita\u00e7\u00e3o Popular.<\/p>\n\n\n\n<p>A PMH \u00e9 executada a partir de um amplo conjunto de a\u00e7\u00f5es e programas que t\u00eam como objetivo melhorar o padr\u00e3o de vida dos moradores das \u00e1reas de interesse social e reduzir o d\u00e9ficit qualitativo e quantitativo do Munic\u00edpio.<\/p>\n\n\n\n<p>Um trabalho que, desde 1983, vem sendo constru\u00eddo coletivamente, &nbsp;com a participa\u00e7\u00e3o dos movimentos de luta pela moradia, gestores, t\u00e9cnicos e especialistas em habita\u00e7\u00e3o que &nbsp;discutem e formulam conjuntamente, por meio do Conselho Municipal de Habita\u00e7\u00e3o &#8211; CMH, as diretrizes de pol\u00edtica habitacional considerando as necessidades da popula\u00e7\u00e3o carente de Belo Horizonte.<\/p>\n\n\n\n<p>Ao longo desse tempo, o intenso trabalho possibilitou a melhoria na vida de milhares de pessoas, em fun\u00e7\u00e3o da execu\u00e7\u00e3o de planos e programas como &nbsp;o Programa Estrutural em \u00c1rea de Risco (PEAR) e o Programa Vila Viva, que se tornaram refer\u00eancias de pr\u00e1ticas urbanas.<\/p>\n\n\n\n<h2 class=\"wp-block-heading\" id=\"cargo\">Concurso URBEL: \u00faltimo edital <em> &#8211; 2012<\/em><\/h2>\n\n\n\n<p>A realiza\u00e7\u00e3o do \u00faltimo <strong>concurso p\u00fablico da Urbel<\/strong> aconteceu h\u00e1 13 anos, quando a Fundep organizou um edital com <strong>60 vagas imediatas<\/strong> para os cargos de Arquiteto, Engenheiro e Ge\u00f3logo, entre outros.<\/p>\n\n\n\n<p>Na \u00e9poca, os interessados disputaram jornadas de 44 horas semanais e sal\u00e1rios que variavam de <strong>R$ 1.480,96<\/strong> a <strong>R$ 5.006,57<\/strong>.<\/p>\n\n\n\n<p>Em meio \u00e0 disputa, os candidatos tiveram de enfrentar apenas provas objetivas, distribu\u00eddas entre conhecimentos de atualidades, espec\u00edfico e l\u00edngua portuguesa.<\/p>\n\n\n\n<h3 class=\"wp-block-heading\" id=\"vagas\">Distribui\u00e7\u00e3o das vagas<\/h3>\n\n\n\n<p><strong>N\u00edvel m\u00e9dio\/t\u00e9cnico<\/strong><\/p>\n\n\n\n<p>Sal\u00e1rio de R$ 1.480,96<\/p>\n\n\n\n<ul class=\"wp-block-list\">\n<li>Assistente Administrativo &#8211; Assistente de Servi\u00e7os Administrativos, 11 vagas;<\/li>\n\n\n\n<li>Assistente Administrativo &#8211; Programador de Computador, 1 vaga;<\/li>\n\n\n\n<li>Assistente Administrativo &#8211; T\u00e9cnico de Seguran\u00e7a do Trabalho, 1 vaga;<\/li>\n\n\n\n<li>Assistente T\u00e9cnico &#8211; T\u00e9cnico em Edifica\u00e7\u00f5es, 1 vaga.<\/li>\n<\/ul>\n\n\n\n<p><strong>N\u00edvel superior<\/strong><\/p>\n\n\n\n<p>Sal\u00e1rios de R$ 5.006,57 a R$ 5.114,29<\/p>\n\n\n\n<ul class=\"wp-block-list\">\n<li>Analista Administrativo &#8211; Advogado, 1 vaga;<\/li>\n\n\n\n<li>Analista Administrativo &#8211; Analista de Administra\u00e7\u00e3o e Finan\u00e7as, 1 vaga;<\/li>\n\n\n\n<li>Analista Administrativo &#8211; Analista de Recursos Humanos, 1 vaga;<\/li>\n\n\n\n<li>Analista Administrativo &#8211; Analista de Sistemas, 1 vaga;<\/li>\n\n\n\n<li>Analista Administrativo &#8211; Contaodr, 1 vaga;<\/li>\n\n\n\n<li>Analista T\u00e9cnico &#8211; Analista Social, 10 vagas;<\/li>\n\n\n\n<li>Arquiteto, 5 vagas;<\/li>\n\n\n\n<li>Engenheiro, 15 vagas;<\/li>\n\n\n\n<li>Ge\u00f3logo, 5 vagas.<\/li>\n<\/ul>\n\n\n\n<h3 class=\"wp-block-heading\" id=\"etapas\">Prova objetiva<\/h3>\n\n\n\n<p>A prova objetiva foi composta por quest\u00f5es de m\u00faltipla escolha, com 5 alternativas, sendo apenas uma a correta.<\/p>\n\n\n\n<p>Para ser considerado aprovado nesta etapa, o candidato teve de obter, no m\u00ednimo, 50% da pontua\u00e7\u00e3o m\u00e1xima, que escala de 0 a 100 pontos.<\/p>\n\n\n\n<figure class=\"wp-block-image aligncenter size-full\"><img loading=\"lazy\" decoding=\"async\" width=\"650\" height=\"291\" src=\"https:\/\/dhg1h5j42swfq.cloudfront.net\/2025\/10\/13190852\/image-149.png\" alt=\"tabela de provas objetivas do \u00faltimo concurso URBEL\" class=\"wp-image-1654578\" srcset=\"https:\/\/dhg1h5j42swfq.cloudfront.net\/2025\/10\/13190852\/image-149.png 650w, https:\/\/dhg1h5j42swfq.cloudfront.net\/2025\/10\/13190852\/image-149-300x134.png 300w, https:\/\/dhg1h5j42swfq.cloudfront.net\/2025\/10\/13190852\/image-149-150x67.png 150w\" sizes=\"auto, (max-width: 650px) 100vw, 650px\" \/><\/figure>\n\n\n\n<figure class=\"wp-block-image aligncenter size-full\"><img loading=\"lazy\" decoding=\"async\" width=\"700\" height=\"415\" src=\"https:\/\/dhg1h5j42swfq.cloudfront.net\/2025\/10\/13190852\/image-149.png\" alt=\"tabela de provas objetivas do \u00faltimo concurso URBEL\" class=\"wp-image-1654579\" srcset=\"https:\/\/dhg1h5j42swfq.cloudfront.net\/2025\/10\/13190852\/image-149.png 700w, https:\/\/dhg1h5j42swfq.cloudfront.net\/2025\/10\/13190852\/image-149-300x178.png 300w, https:\/\/dhg1h5j42swfq.cloudfront.net\/2025\/10\/13190852\/image-149-150x89.png 150w\" sizes=\"auto, (max-width: 700px) 100vw, 700px\" \/><\/figure>\n\n\n\n<hr class=\"wp-block-separator has-alpha-channel-opacity\"\/>\n\n\n\n<h2 class=\"wp-block-heading has-text-align-center\" id=\"cursos\"><em>Assinaturas e cursos para concursos!<\/em><\/h2>\n\n\n\n<div class=\"container\" id=\"boxes\">\n  <div class=\"row\">\n\n    <div class=\"col-sm\">\n      <div class=\"banner-estrat-corj\" id=\"box-assinatura\">\n        <h2 class=\"titulo-assinatura\" style=\"text-align: left;\">Cursos para URBEL<\/h2>\n        <p class=\"subtitulo-assinatura\" style=\"text-align: left;\">Conhe\u00e7a os cursos<\/p>\n        <div class=\"box-botao\" style=\"text-align: left;\">\n          <a class=\"btn-assinatura\" target=\"_blank\" href=\"https:\/\/www.estrategiaconcursos.com.br\/cursosPorConcurso\/urbel\/\" role=\"button\" rel=\"noopener noreferrer\">CLIQUE AQUI<\/a>\n        <\/div>\n      <\/div><\/div><\/div><\/div>\n\n\n\n<div class=\"container\" id=\"boxes\">\n  <div class=\"row\">\n\n    <div class=\"col-sm\">\n      <div class=\"banner-adm-ec\" id=\"box-assinatura\">\n        <h2 class=\"titulo-assinatura\" style=\"text-align: left;\">Concursos Administrativos<\/h2>\n        <p class=\"subtitulo-assinatura\" style=\"text-align: left;\">Prepara\u00e7\u00e3o completa para os concursos<\/p>\n        <div class=\"box-botao\" style=\"text-align: left;\">\n          <a class=\"btn-assinatura\" target=\"_blank\" href=\"https:\/\/www.estrategiaconcursos.com.br\/cursos\/concurso\/\" role=\"button\" rel=\"noopener noreferrer\">VER CURSOS<\/a>\n        <\/div>\n      <\/div><\/div><\/div><\/div>\n\n\n\n<h2 class=\"wp-block-heading has-text-align-center\" id=\"h-quer-saber-tudo-sobre-concursos-previstos-confira-nossos-artigos\">Quer saber tudo sobre concursos previstos?<br \/>Confira nossos artigos!<\/h2>\n\n\n\n<ul class=\"wp-block-list\">\n<li><a href=\"https:\/\/www.estrategiaconcursos.com.br\/blog\/concursos-abertos\/\" target=\"_blank\" rel=\"noreferrer noopener\">Concursos Abertos<\/a><\/li>\n\n\n\n<li><a href=\"https:\/\/www.estrategiaconcursos.com.br\/blog\/concurso-administrativos\/\" target=\"_blank\" rel=\"noreferrer noopener\">Concursos Administrativos<\/a><\/li>\n\n\n\n<li><a href=\"https:\/\/www.estrategiaconcursos.com.br\/blog\/concursos-2026\/\" target=\"_blank\" rel=\"noreferrer noopener\">Concursos 2026<\/a><\/li>\n\n\n\n<li><a href=\"https:\/\/www.estrategiaconcursos.com.br\/blog\/concursos-mg\/\" target=\"_blank\" rel=\"noreferrer noopener\">Concursos MG<\/a><\/li>\n<\/ul>\n\n\n\n<figure class=\"wp-block-image size-large is-resized\"><img loading=\"lazy\" decoding=\"async\" width=\"1024\" height=\"632\" src=\"https:\/\/dhg1h5j42swfq.cloudfront.net\/2021\/08\/18151931\/ficha-tecnica-3-1024x632.png\" alt=\"Ficha t\u00e9cnica do concurso URBEL\" class=\"wp-image-839757\" style=\"width:269px;height:165px\" srcset=\"https:\/\/dhg1h5j42swfq.cloudfront.net\/2021\/08\/18151931\/ficha-tecnica-3-1024x632.png 1024w, https:\/\/dhg1h5j42swfq.cloudfront.net\/2021\/08\/18151931\/ficha-tecnica-3-300x185.png 300w, https:\/\/dhg1h5j42swfq.cloudfront.net\/2021\/08\/18151931\/ficha-tecnica-3-768x474.png 768w, https:\/\/dhg1h5j42swfq.cloudfront.net\/2021\/08\/18151931\/ficha-tecnica-3-1536x948.png 1536w, https:\/\/dhg1h5j42swfq.cloudfront.net\/2021\/08\/18151931\/ficha-tecnica-3-610x377.png 610w, https:\/\/dhg1h5j42swfq.cloudfront.net\/2021\/08\/18151931\/ficha-tecnica-3.png 1571w\" sizes=\"auto, (max-width: 1024px) 100vw, 1024px\" \/><\/figure>\n\n\n\n<h3 class=\"wp-block-heading\" id=\"ficha-tecnica\">Informa\u00e7\u00f5es do pr\u00f3ximo concurso URBEL &#8211; MG<\/h3>\n\n\n\n<ul class=\"wp-block-list\">\n<li><strong>Data prevista:<\/strong> 2026<\/li>\n\n\n\n<li><strong>Vagas:<\/strong>&nbsp;a definir<\/li>\n\n\n\n<li><strong>Cargos<\/strong>: a definir<\/li>\n\n\n\n<li><strong>Banca:<\/strong>&nbsp;a definir<\/li>\n\n\n\n<li><strong>Escolaridade:<\/strong>&nbsp;a definir<\/li>\n\n\n\n<li><strong>\u00daltimo edital:<\/strong> <a href=\"https:\/\/dhg1h5j42swfq.cloudfront.net\/2025\/10\/13185640\/anexos_de_a_a_g_-_publicado_no_dom_em_13-07-12.pdf\" target=\"_blank\" rel=\"noreferrer noopener nofollow\">URBEL 2012<\/a><\/li>\n<\/ul>\n","protected":false},"excerpt":{"rendered":"<p>\u00daltimo concurso da URBEL foi realizado h\u00e1 mais de 10 anos Ap\u00f3s 14 anos, um novo concurso p\u00fablico para a Companhia Urbanizadora e de Habita\u00e7\u00e3o de Belo Horizonte &#8211; URBEL vai, enfim, sair do papel. Isso porque foi institu\u00edda a comiss\u00e3o organizadora para a realiza\u00e7\u00e3o de um novo edital. A informa\u00e7\u00e3o foi publicada em 11 [&hellip;]<\/p>\n","protected":false},"author":2018,"featured_media":1654582,"comment_status":"open","ping_status":"closed","sticky":false,"template":"","format":"standard","meta":{"post_tipo":"news_page","footnotes":""},"categories":[214992],"tags":[],"tax_estado":[219974],"class_list":["post-1654570","post","type-post","status-publish","format-standard","has-post-thumbnail","hentry","category-concursos-administrativos","tax_estado-mg"],"acf":[],"yoast_head":"<!-- This site is optimized with the Yoast SEO Premium plugin v27.2 (Yoast SEO v27.2) - https:\/\/yoast.com\/product\/yoast-seo-premium-wordpress\/ -->\n<title>Concurso URBEL: comiss\u00e3o formada; em fase de estudos<\/title>\n<meta name=\"description\" content=\"Concurso URBEL 2026: comiss\u00e3o \u00e9 formada para a realiza\u00e7\u00e3o de um novo edital. \u00daltimo certame foi realizado h\u00e1 14 anos.\" \/>\n<meta name=\"robots\" content=\"index, follow, max-snippet:-1, max-image-preview:large, max-video-preview:-1\" \/>\n<link rel=\"canonical\" href=\"https:\/\/www.estrategiaconcursos.com.br\/blog\/concurso-urbel\/\" \/>\n<meta property=\"og:locale\" content=\"pt_BR\" \/>\n<meta property=\"og:type\" content=\"article\" \/>\n<meta property=\"og:title\" content=\"Concurso URBEL: comiss\u00e3o formada; em fase de estudos\" \/>\n<meta property=\"og:description\" content=\"Concurso URBEL 2026: comiss\u00e3o \u00e9 formada para a realiza\u00e7\u00e3o de um novo edital. \u00daltimo certame foi realizado h\u00e1 14 anos.\" \/>\n<meta property=\"og:url\" content=\"https:\/\/www.estrategiaconcursos.com.br\/blog\/concurso-urbel\/\" \/>\n<meta property=\"og:site_name\" content=\"Estrat\u00e9gia Concursos\" \/>\n<meta property=\"article:published_time\" content=\"2026-03-13T18:17:00+00:00\" \/>\n<meta property=\"article:modified_time\" content=\"2026-03-13T18:18:23+00:00\" \/>\n<meta property=\"og:image\" content=\"https:\/\/dhg1h5j42swfq.cloudfront.net\/2025\/10\/13191011\/urbel-mg.jpg\" \/>\n\t<meta property=\"og:image:width\" content=\"768\" \/>\n\t<meta property=\"og:image:height\" content=\"432\" \/>\n\t<meta property=\"og:image:type\" content=\"image\/jpeg\" \/>\n<meta name=\"author\" content=\"B\u00e1rbara Carvalho Santos\" \/>\n<meta name=\"twitter:card\" content=\"summary_large_image\" \/>\n<meta name=\"twitter:creator\" content=\"@EstratConcursos\" \/>\n<meta name=\"twitter:site\" content=\"@EstratConcursos\" \/>\n<meta name=\"twitter:label1\" content=\"Escrito por\" \/>\n\t<meta name=\"twitter:data1\" content=\"B\u00e1rbara Carvalho Santos\" \/>\n\t<meta name=\"twitter:label2\" content=\"Est. tempo de leitura\" \/>\n\t<meta name=\"twitter:data2\" content=\"4 minutos\" \/>\n<script type=\"application\/ld+json\" class=\"yoast-schema-graph\">{\"@context\":\"https:\/\/schema.org\",\"@graph\":[{\"@type\":\"NewsArticle\",\"@id\":\"https:\/\/www.estrategiaconcursos.com.br\/blog\/concurso-urbel\/#article\",\"isPartOf\":{\"@id\":\"https:\/\/www.estrategiaconcursos.com.br\/blog\/concurso-urbel\/\"},\"author\":{\"name\":\"B\u00e1rbara Carvalho Santos\",\"@id\":\"https:\/\/www.estrategiaconcursos.com.br\/blog\/#\/schema\/person\/e3882259fa157d54c44c21f4ee4e0e60\"},\"headline\":\"Concurso URBEL: comiss\u00e3o formada; em fase de estudos\",\"datePublished\":\"2026-03-13T18:17:00+00:00\",\"dateModified\":\"2026-03-13T18:18:23+00:00\",\"mainEntityOfPage\":{\"@id\":\"https:\/\/www.estrategiaconcursos.com.br\/blog\/concurso-urbel\/\"},\"wordCount\":739,\"commentCount\":0,\"publisher\":{\"@id\":\"https:\/\/www.estrategiaconcursos.com.br\/blog\/#organization\"},\"image\":{\"@id\":\"https:\/\/www.estrategiaconcursos.com.br\/blog\/concurso-urbel\/#primaryimage\"},\"thumbnailUrl\":\"https:\/\/dhg1h5j42swfq.cloudfront.net\/2025\/10\/13191011\/urbel-mg.jpg\",\"articleSection\":[\"Executivo (Administrativa)\"],\"inLanguage\":\"pt-BR\",\"potentialAction\":[{\"@type\":\"CommentAction\",\"name\":\"Comment\",\"target\":[\"https:\/\/www.estrategiaconcursos.com.br\/blog\/concurso-urbel\/#respond\"]}],\"copyrightYear\":\"2026\",\"copyrightHolder\":{\"@id\":\"https:\/\/www.estrategiaconcursos.com.br\/blog\/#organization\"}},{\"@type\":\"WebPage\",\"@id\":\"https:\/\/www.estrategiaconcursos.com.br\/blog\/concurso-urbel\/\",\"url\":\"https:\/\/www.estrategiaconcursos.com.br\/blog\/concurso-urbel\/\",\"name\":\"Concurso URBEL: comiss\u00e3o formada; em fase de estudos\",\"isPartOf\":{\"@id\":\"https:\/\/www.estrategiaconcursos.com.br\/blog\/#website\"},\"primaryImageOfPage\":{\"@id\":\"https:\/\/www.estrategiaconcursos.com.br\/blog\/concurso-urbel\/#primaryimage\"},\"image\":{\"@id\":\"https:\/\/www.estrategiaconcursos.com.br\/blog\/concurso-urbel\/#primaryimage\"},\"thumbnailUrl\":\"https:\/\/dhg1h5j42swfq.cloudfront.net\/2025\/10\/13191011\/urbel-mg.jpg\",\"datePublished\":\"2026-03-13T18:17:00+00:00\",\"dateModified\":\"2026-03-13T18:18:23+00:00\",\"description\":\"Concurso URBEL 2026: comiss\u00e3o \u00e9 formada para a realiza\u00e7\u00e3o de um novo edital. \u00daltimo certame foi realizado h\u00e1 14 anos.\",\"breadcrumb\":{\"@id\":\"https:\/\/www.estrategiaconcursos.com.br\/blog\/concurso-urbel\/#breadcrumb\"},\"inLanguage\":\"pt-BR\",\"potentialAction\":[{\"@type\":\"ReadAction\",\"target\":[\"https:\/\/www.estrategiaconcursos.com.br\/blog\/concurso-urbel\/\"]}]},{\"@type\":\"ImageObject\",\"inLanguage\":\"pt-BR\",\"@id\":\"https:\/\/www.estrategiaconcursos.com.br\/blog\/concurso-urbel\/#primaryimage\",\"url\":\"https:\/\/dhg1h5j42swfq.cloudfront.net\/2025\/10\/13191011\/urbel-mg.jpg\",\"contentUrl\":\"https:\/\/dhg1h5j42swfq.cloudfront.net\/2025\/10\/13191011\/urbel-mg.jpg\",\"width\":768,\"height\":432},{\"@type\":\"BreadcrumbList\",\"@id\":\"https:\/\/www.estrategiaconcursos.com.br\/blog\/concurso-urbel\/#breadcrumb\",\"itemListElement\":[{\"@type\":\"ListItem\",\"position\":1,\"name\":\"In\u00edcio\",\"item\":\"https:\/\/www.estrategiaconcursos.com.br\/blog\/\"},{\"@type\":\"ListItem\",\"position\":2,\"name\":\"Concurso URBEL: comiss\u00e3o formada; em fase de estudos\"}]},{\"@type\":\"WebSite\",\"@id\":\"https:\/\/www.estrategiaconcursos.com.br\/blog\/#website\",\"url\":\"https:\/\/www.estrategiaconcursos.com.br\/blog\/\",\"name\":\"Estrat\u00e9gia Concursos\",\"description\":\"O blog da Estrat\u00e9gia Concursos traz not\u00edcias sobre concursos e artigos de professores oferecendo cursos para concursos (pdf + videaulas) no site.\",\"publisher\":{\"@id\":\"https:\/\/www.estrategiaconcursos.com.br\/blog\/#organization\"},\"potentialAction\":[{\"@type\":\"SearchAction\",\"target\":{\"@type\":\"EntryPoint\",\"urlTemplate\":\"https:\/\/www.estrategiaconcursos.com.br\/blog\/?s={search_term_string}\"},\"query-input\":{\"@type\":\"PropertyValueSpecification\",\"valueRequired\":true,\"valueName\":\"search_term_string\"}}],\"inLanguage\":\"pt-BR\"},{\"@type\":\"Organization\",\"@id\":\"https:\/\/www.estrategiaconcursos.com.br\/blog\/#organization\",\"name\":\"Estrat\u00e9gia Concursos\",\"url\":\"https:\/\/www.estrategiaconcursos.com.br\/blog\/\",\"logo\":{\"@type\":\"ImageObject\",\"inLanguage\":\"pt-BR\",\"@id\":\"https:\/\/www.estrategiaconcursos.com.br\/blog\/#\/schema\/logo\/image\/\",\"url\":\"https:\/\/dhg1h5j42swfq.cloudfront.net\/2025\/06\/03203428\/logo_concursos-1.jpg\",\"contentUrl\":\"https:\/\/dhg1h5j42swfq.cloudfront.net\/2025\/06\/03203428\/logo_concursos-1.jpg\",\"width\":230,\"height\":60,\"caption\":\"Estrat\u00e9gia Concursos\"},\"image\":{\"@id\":\"https:\/\/www.estrategiaconcursos.com.br\/blog\/#\/schema\/logo\/image\/\"},\"sameAs\":[\"https:\/\/x.com\/EstratConcursos\"]},{\"@type\":\"Person\",\"@id\":\"https:\/\/www.estrategiaconcursos.com.br\/blog\/#\/schema\/person\/e3882259fa157d54c44c21f4ee4e0e60\",\"name\":\"B\u00e1rbara Carvalho Santos\",\"image\":{\"@type\":\"ImageObject\",\"inLanguage\":\"pt-BR\",\"@id\":\"https:\/\/secure.gravatar.com\/avatar\/353300f73140f779692b9be2b39f434d1341e4e34c7f55bd5a990fe29ef352eb?s=96&d=mm&r=g\",\"url\":\"https:\/\/secure.gravatar.com\/avatar\/353300f73140f779692b9be2b39f434d1341e4e34c7f55bd5a990fe29ef352eb?s=96&d=mm&r=g\",\"contentUrl\":\"https:\/\/secure.gravatar.com\/avatar\/353300f73140f779692b9be2b39f434d1341e4e34c7f55bd5a990fe29ef352eb?s=96&d=mm&r=g\",\"caption\":\"B\u00e1rbara Carvalho Santos\"},\"description\":\"M\u00e3e e jornalista formada pela UNIP, possui ampla experi\u00eancia na cobertura de entretenimento em grandes ve\u00edculos, como o site da CNN, RedeTV! e Estrat\u00e9gia Educacional. Atuou tamb\u00e9m em ag\u00eancias de marketing, produtoras musicais e assessorias de imprensa, com foco especial no trabalho com personalidades p\u00fablicas. Atualmente, integra a equipe do Estrat\u00e9gia Concursos, onde \u00e9 respons\u00e1vel pela produ\u00e7\u00e3o de conte\u00fados estrat\u00e9gicos voltados para o setor de concursos p\u00fablicos, com destaque para a \u00e1rea fiscal, gest\u00e3o, controle, concursos administrativos e Minist\u00e9rios participantes do CNU, al\u00e9m de diversos \u00f3rg\u00e3os federais. Tem como miss\u00e3o transformar informa\u00e7\u00f5es complexas em conte\u00fados acess\u00edveis, relevantes e de alto valor para quem sonha com uma carreira no servi\u00e7o p\u00fablico.\",\"url\":\"https:\/\/www.estrategiaconcursos.com.br\/blog\/author\/barbara-santos\/\"}]}<\/script>\n<!-- \/ Yoast SEO Premium plugin. -->","yoast_head_json":{"title":"Concurso URBEL: comiss\u00e3o formada; em fase de estudos","description":"Concurso URBEL 2026: comiss\u00e3o \u00e9 formada para a realiza\u00e7\u00e3o de um novo edital. \u00daltimo certame foi realizado h\u00e1 14 anos.","robots":{"index":"index","follow":"follow","max-snippet":"max-snippet:-1","max-image-preview":"max-image-preview:large","max-video-preview":"max-video-preview:-1"},"canonical":"https:\/\/www.estrategiaconcursos.com.br\/blog\/concurso-urbel\/","og_locale":"pt_BR","og_type":"article","og_title":"Concurso URBEL: comiss\u00e3o formada; em fase de estudos","og_description":"Concurso URBEL 2026: comiss\u00e3o \u00e9 formada para a realiza\u00e7\u00e3o de um novo edital. \u00daltimo certame foi realizado h\u00e1 14 anos.","og_url":"https:\/\/www.estrategiaconcursos.com.br\/blog\/concurso-urbel\/","og_site_name":"Estrat\u00e9gia Concursos","article_published_time":"2026-03-13T18:17:00+00:00","article_modified_time":"2026-03-13T18:18:23+00:00","og_image":[{"width":768,"height":432,"url":"https:\/\/dhg1h5j42swfq.cloudfront.net\/2025\/10\/13191011\/urbel-mg.jpg","type":"image\/jpeg"}],"author":"B\u00e1rbara Carvalho Santos","twitter_card":"summary_large_image","twitter_creator":"@EstratConcursos","twitter_site":"@EstratConcursos","twitter_misc":{"Escrito por":"B\u00e1rbara Carvalho Santos","Est. tempo de leitura":"4 minutos"},"schema":{"@context":"https:\/\/schema.org","@graph":[{"@type":"NewsArticle","@id":"https:\/\/www.estrategiaconcursos.com.br\/blog\/concurso-urbel\/#article","isPartOf":{"@id":"https:\/\/www.estrategiaconcursos.com.br\/blog\/concurso-urbel\/"},"author":{"name":"B\u00e1rbara Carvalho Santos","@id":"https:\/\/www.estrategiaconcursos.com.br\/blog\/#\/schema\/person\/e3882259fa157d54c44c21f4ee4e0e60"},"headline":"Concurso URBEL: comiss\u00e3o formada; em fase de estudos","datePublished":"2026-03-13T18:17:00+00:00","dateModified":"2026-03-13T18:18:23+00:00","mainEntityOfPage":{"@id":"https:\/\/www.estrategiaconcursos.com.br\/blog\/concurso-urbel\/"},"wordCount":739,"commentCount":0,"publisher":{"@id":"https:\/\/www.estrategiaconcursos.com.br\/blog\/#organization"},"image":{"@id":"https:\/\/www.estrategiaconcursos.com.br\/blog\/concurso-urbel\/#primaryimage"},"thumbnailUrl":"https:\/\/dhg1h5j42swfq.cloudfront.net\/2025\/10\/13191011\/urbel-mg.jpg","articleSection":["Executivo (Administrativa)"],"inLanguage":"pt-BR","potentialAction":[{"@type":"CommentAction","name":"Comment","target":["https:\/\/www.estrategiaconcursos.com.br\/blog\/concurso-urbel\/#respond"]}],"copyrightYear":"2026","copyrightHolder":{"@id":"https:\/\/www.estrategiaconcursos.com.br\/blog\/#organization"}},{"@type":"WebPage","@id":"https:\/\/www.estrategiaconcursos.com.br\/blog\/concurso-urbel\/","url":"https:\/\/www.estrategiaconcursos.com.br\/blog\/concurso-urbel\/","name":"Concurso URBEL: comiss\u00e3o formada; em fase de estudos","isPartOf":{"@id":"https:\/\/www.estrategiaconcursos.com.br\/blog\/#website"},"primaryImageOfPage":{"@id":"https:\/\/www.estrategiaconcursos.com.br\/blog\/concurso-urbel\/#primaryimage"},"image":{"@id":"https:\/\/www.estrategiaconcursos.com.br\/blog\/concurso-urbel\/#primaryimage"},"thumbnailUrl":"https:\/\/dhg1h5j42swfq.cloudfront.net\/2025\/10\/13191011\/urbel-mg.jpg","datePublished":"2026-03-13T18:17:00+00:00","dateModified":"2026-03-13T18:18:23+00:00","description":"Concurso URBEL 2026: comiss\u00e3o \u00e9 formada para a realiza\u00e7\u00e3o de um novo edital. \u00daltimo certame foi realizado h\u00e1 14 anos.","breadcrumb":{"@id":"https:\/\/www.estrategiaconcursos.com.br\/blog\/concurso-urbel\/#breadcrumb"},"inLanguage":"pt-BR","potentialAction":[{"@type":"ReadAction","target":["https:\/\/www.estrategiaconcursos.com.br\/blog\/concurso-urbel\/"]}]},{"@type":"ImageObject","inLanguage":"pt-BR","@id":"https:\/\/www.estrategiaconcursos.com.br\/blog\/concurso-urbel\/#primaryimage","url":"https:\/\/dhg1h5j42swfq.cloudfront.net\/2025\/10\/13191011\/urbel-mg.jpg","contentUrl":"https:\/\/dhg1h5j42swfq.cloudfront.net\/2025\/10\/13191011\/urbel-mg.jpg","width":768,"height":432},{"@type":"BreadcrumbList","@id":"https:\/\/www.estrategiaconcursos.com.br\/blog\/concurso-urbel\/#breadcrumb","itemListElement":[{"@type":"ListItem","position":1,"name":"In\u00edcio","item":"https:\/\/www.estrategiaconcursos.com.br\/blog\/"},{"@type":"ListItem","position":2,"name":"Concurso URBEL: comiss\u00e3o formada; em fase de estudos"}]},{"@type":"WebSite","@id":"https:\/\/www.estrategiaconcursos.com.br\/blog\/#website","url":"https:\/\/www.estrategiaconcursos.com.br\/blog\/","name":"Estrat\u00e9gia Concursos","description":"O blog da Estrat\u00e9gia Concursos traz not\u00edcias sobre concursos e artigos de professores oferecendo cursos para concursos (pdf + videaulas) no site.","publisher":{"@id":"https:\/\/www.estrategiaconcursos.com.br\/blog\/#organization"},"potentialAction":[{"@type":"SearchAction","target":{"@type":"EntryPoint","urlTemplate":"https:\/\/www.estrategiaconcursos.com.br\/blog\/?s={search_term_string}"},"query-input":{"@type":"PropertyValueSpecification","valueRequired":true,"valueName":"search_term_string"}}],"inLanguage":"pt-BR"},{"@type":"Organization","@id":"https:\/\/www.estrategiaconcursos.com.br\/blog\/#organization","name":"Estrat\u00e9gia Concursos","url":"https:\/\/www.estrategiaconcursos.com.br\/blog\/","logo":{"@type":"ImageObject","inLanguage":"pt-BR","@id":"https:\/\/www.estrategiaconcursos.com.br\/blog\/#\/schema\/logo\/image\/","url":"https:\/\/dhg1h5j42swfq.cloudfront.net\/2025\/06\/03203428\/logo_concursos-1.jpg","contentUrl":"https:\/\/dhg1h5j42swfq.cloudfront.net\/2025\/06\/03203428\/logo_concursos-1.jpg","width":230,"height":60,"caption":"Estrat\u00e9gia Concursos"},"image":{"@id":"https:\/\/www.estrategiaconcursos.com.br\/blog\/#\/schema\/logo\/image\/"},"sameAs":["https:\/\/x.com\/EstratConcursos"]},{"@type":"Person","@id":"https:\/\/www.estrategiaconcursos.com.br\/blog\/#\/schema\/person\/e3882259fa157d54c44c21f4ee4e0e60","name":"B\u00e1rbara Carvalho Santos","image":{"@type":"ImageObject","inLanguage":"pt-BR","@id":"https:\/\/secure.gravatar.com\/avatar\/353300f73140f779692b9be2b39f434d1341e4e34c7f55bd5a990fe29ef352eb?s=96&d=mm&r=g","url":"https:\/\/secure.gravatar.com\/avatar\/353300f73140f779692b9be2b39f434d1341e4e34c7f55bd5a990fe29ef352eb?s=96&d=mm&r=g","contentUrl":"https:\/\/secure.gravatar.com\/avatar\/353300f73140f779692b9be2b39f434d1341e4e34c7f55bd5a990fe29ef352eb?s=96&d=mm&r=g","caption":"B\u00e1rbara Carvalho Santos"},"description":"M\u00e3e e jornalista formada pela UNIP, possui ampla experi\u00eancia na cobertura de entretenimento em grandes ve\u00edculos, como o site da CNN, RedeTV! e Estrat\u00e9gia Educacional. Atuou tamb\u00e9m em ag\u00eancias de marketing, produtoras musicais e assessorias de imprensa, com foco especial no trabalho com personalidades p\u00fablicas. Atualmente, integra a equipe do Estrat\u00e9gia Concursos, onde \u00e9 respons\u00e1vel pela produ\u00e7\u00e3o de conte\u00fados estrat\u00e9gicos voltados para o setor de concursos p\u00fablicos, com destaque para a \u00e1rea fiscal, gest\u00e3o, controle, concursos administrativos e Minist\u00e9rios participantes do CNU, al\u00e9m de diversos \u00f3rg\u00e3os federais. Tem como miss\u00e3o transformar informa\u00e7\u00f5es complexas em conte\u00fados acess\u00edveis, relevantes e de alto valor para quem sonha com uma carreira no servi\u00e7o p\u00fablico.","url":"https:\/\/www.estrategiaconcursos.com.br\/blog\/author\/barbara-santos\/"}]}},"_links":{"self":[{"href":"https:\/\/www.estrategiaconcursos.com.br\/blog\/wp-json\/wp\/v2\/posts\/1654570","targetHints":{"allow":["GET"]}}],"collection":[{"href":"https:\/\/www.estrategiaconcursos.com.br\/blog\/wp-json\/wp\/v2\/posts"}],"about":[{"href":"https:\/\/www.estrategiaconcursos.com.br\/blog\/wp-json\/wp\/v2\/types\/post"}],"author":[{"embeddable":true,"href":"https:\/\/www.estrategiaconcursos.com.br\/blog\/wp-json\/wp\/v2\/users\/2018"}],"replies":[{"embeddable":true,"href":"https:\/\/www.estrategiaconcursos.com.br\/blog\/wp-json\/wp\/v2\/comments?post=1654570"}],"version-history":[{"count":8,"href":"https:\/\/www.estrategiaconcursos.com.br\/blog\/wp-json\/wp\/v2\/posts\/1654570\/revisions"}],"predecessor-version":[{"id":1733891,"href":"https:\/\/www.estrategiaconcursos.com.br\/blog\/wp-json\/wp\/v2\/posts\/1654570\/revisions\/1733891"}],"wp:featuredmedia":[{"embeddable":true,"href":"https:\/\/www.estrategiaconcursos.com.br\/blog\/wp-json\/wp\/v2\/media\/1654582"}],"wp:attachment":[{"href":"https:\/\/www.estrategiaconcursos.com.br\/blog\/wp-json\/wp\/v2\/media?parent=1654570"}],"wp:term":[{"taxonomy":"category","embeddable":true,"href":"https:\/\/www.estrategiaconcursos.com.br\/blog\/wp-json\/wp\/v2\/categories?post=1654570"},{"taxonomy":"post_tag","embeddable":true,"href":"https:\/\/www.estrategiaconcursos.com.br\/blog\/wp-json\/wp\/v2\/tags?post=1654570"},{"taxonomy":"tax_estado","embeddable":true,"href":"https:\/\/www.estrategiaconcursos.com.br\/blog\/wp-json\/wp\/v2\/tax_estado?post=1654570"}],"curies":[{"name":"wp","href":"https:\/\/api.w.org\/{rel}","templated":true}]}}