{"id":1653280,"date":"2025-11-22T14:54:00","date_gmt":"2025-11-22T17:54:00","guid":{"rendered":"https:\/\/www.estrategiaconcursos.com.br\/blog\/?p=1653280"},"modified":"2025-10-21T18:31:19","modified_gmt":"2025-10-21T21:31:19","slug":"acao-penal-privada-tce-sc","status":"publish","type":"post","link":"https:\/\/www.estrategiaconcursos.com.br\/blog\/acao-penal-privada-tce-sc\/","title":{"rendered":"A\u00e7\u00e3o Penal Privada para o TCE-SC"},"content":{"rendered":"\n<p>Ol\u00e1, tudo bem? Hoje faremos um resumo sobre a A\u00e7\u00e3o Penal Privada para o concurso do TCE-SC (Tribunal de Contas do Estado de Santa Catarina).<\/p>\n\n\n\n<p>O edital da TCE-SC est\u00e1 pr\u00f3ximo de ser lan\u00e7ado para o cargo de <strong>Auditor Fiscal de Controle Externo, nas seguintes especialidades<\/strong>: Administra\u00e7\u00e3o (2 vagas); Ci\u00eancias Cont\u00e1beis (3 vagas); Ci\u00eancias da Computa\u00e7\u00e3o, Sistemas de Informa\u00e7\u00e3o ou Engenharia de Computa\u00e7\u00e3o (5 vagas); Ci\u00eancias Econ\u00f4micas (2 vagas); Direito (5 vagas); Engenharia (2 vagas); Ci\u00eancias Atuariais (1 vaga).<\/p>\n\n\n\n<p><strong>Portanto, s\u00e3o 20 vagas imediatas + cadastro de reserva. <\/strong>A banca respons\u00e1vel pela organiza\u00e7\u00e3o ainda ser\u00e1 definida. Para maiores informa\u00e7\u00f5es, fique de olho em <a href=\"https:\/\/www.estrategiaconcursos.com.br\/blog\/concurso-tce-sc\/\" target=\"_blank\" rel=\"noreferrer noopener\">nosso artigo sobre este concurso<\/a>!<\/p>\n\n\n\n<p>Agora, vamos ao que interessa!<\/p>\n\n\n\n<figure class=\"wp-block-image aligncenter size-large is-resized\"><img loading=\"lazy\" decoding=\"async\" width=\"1024\" height=\"683\" src=\"https:\/\/dhg1h5j42swfq.cloudfront.net\/2025\/10\/10074159\/martelo-com-livros-na-velha-mesa-de-madeira-1-1024x683.jpg\" alt=\"A\u00e7\u00e3o Penal Privada para o TCE-SC\" class=\"wp-image-1653282\" style=\"width:718px;height:auto\" srcset=\"https:\/\/dhg1h5j42swfq.cloudfront.net\/2025\/10\/10074159\/martelo-com-livros-na-velha-mesa-de-madeira-1-1024x683.jpg 1024w, https:\/\/dhg1h5j42swfq.cloudfront.net\/2025\/10\/10074159\/martelo-com-livros-na-velha-mesa-de-madeira-1-300x200.jpg 300w, https:\/\/dhg1h5j42swfq.cloudfront.net\/2025\/10\/10074159\/martelo-com-livros-na-velha-mesa-de-madeira-1-768x512.jpg 768w, https:\/\/dhg1h5j42swfq.cloudfront.net\/2025\/10\/10074159\/martelo-com-livros-na-velha-mesa-de-madeira-1-1536x1024.jpg 1536w, https:\/\/dhg1h5j42swfq.cloudfront.net\/2025\/10\/10074159\/martelo-com-livros-na-velha-mesa-de-madeira-1-2048x1365.jpg 2048w, https:\/\/dhg1h5j42swfq.cloudfront.net\/2025\/10\/10074159\/martelo-com-livros-na-velha-mesa-de-madeira-1-150x100.jpg 150w\" sizes=\"auto, (max-width: 1024px) 100vw, 1024px\" \/><figcaption class=\"wp-element-caption\">A\u00e7\u00e3o Penal Privada para o TCE-SC<\/figcaption><\/figure>\n\n\n\n<div class=\"wp-block-yoast-seo-table-of-contents yoast-table-of-contents\"><h2><mark style=\"background-color:rgba(0, 0, 0, 0)\" class=\"has-inline-color has-vivid-cyan-blue-color\">Tabela de conte\u00fados<\/mark><\/h2><ul><li><a href=\"#h-acao-penal-privada-para-o-tce-sc\" data-level=\"2\">A\u00e7\u00e3o Penal Privada para o TCE-SC<\/a><ul><li><a href=\"#h-conceito-e-finalidade-da-acao-penal\" data-level=\"3\">Conceito e finalidade da a\u00e7\u00e3o penal<\/a><\/li><li><a href=\"#h-tipos-de-acao-penal\" data-level=\"3\">Tipos de a\u00e7\u00e3o penal<\/a><\/li><li><a href=\"#h-acao-penal-exclusivamente-privada-nbsp\" data-level=\"3\">A\u00e7\u00e3o penal exclusivamente privada\u00a0<\/a><\/li><li><a href=\"#h-acao-penal-privada-personalissima-nbsp\" data-level=\"3\">A\u00e7\u00e3o penal privada personal\u00edssima\u00a0<\/a><\/li><li><a href=\"#h-acao-penal-privada-subsidiaria-da-publica\" data-level=\"3\">A\u00e7\u00e3o penal privada subsidi\u00e1ria da p\u00fablica<\/a><\/li><li><a href=\"#h-consideracoes-finais\" data-level=\"3\">Considera\u00e7\u00f5es finais<\/a><\/li><\/ul><\/li><li><a href=\"#h-quer-saber-tudo-sobre-concursos-previstos-confira-nossos-artigos\" data-level=\"2\">Quer saber tudo sobre concursos previstos? Confira nossos artigos!<\/a><\/li><\/ul><\/div>\n\n\n\n<h2 class=\"wp-block-heading has-vivid-cyan-blue-color has-text-color has-link-color wp-elements-1673f58c412d19a73d08ebaf2e6acf2c\" id=\"h-acao-penal-privada-para-o-tce-sc\">A\u00e7\u00e3o Penal Privada para o TCE-SC<\/h2>\n\n\n\n<h3 class=\"wp-block-heading has-vivid-cyan-blue-color has-text-color has-link-color wp-elements-8d3c4fb760c0c1b981bb7d2c88d0ca48\" id=\"h-conceito-e-finalidade-da-acao-penal\">Conceito e finalidade da a\u00e7\u00e3o penal<\/h3>\n\n\n\n<p>Quando falamos em <strong>a\u00e7\u00e3o penal<\/strong>, estamos nos referindo no exerc\u00edcio do direito de punir do Estado (<em>ius puniendi<\/em>) por meio de um processo judicial, adotando-se o procedimento adequado previsto em lei para o crime em julgamento.<\/p>\n\n\n\n<p>Nesse sentido, Rog\u00e9rio Sanches Cunha define a a\u00e7\u00e3o penal como o direito de pedir (ou exigir) a tutela jurisdicional do Estado, <strong>visando \u00e0 resolu\u00e7\u00e3o de um conflito advindo de um fato concreto.&nbsp;<\/strong><\/p>\n\n\n\n<p>Assim, o autor explica que a a\u00e7\u00e3o penal, leg\u00edtima e amparada nos ditames constitucionais, \u00e9 pressuposto de exist\u00eancia e validade para aplica\u00e7\u00e3o da pena individualizada, que decorre unicamente do processo legal.<\/p>\n\n\n\n<h3 class=\"wp-block-heading has-vivid-cyan-blue-color has-text-color has-link-color wp-elements-26e3f4b693a14a8d46464c03cfc71a23\" id=\"h-tipos-de-acao-penal\">Tipos de a\u00e7\u00e3o penal<\/h3>\n\n\n\n<p>A a\u00e7\u00e3o penal pode ser classificada como <strong>p\u00fablica <\/strong>ou <strong>privada<\/strong>, ambos com ramifica\u00e7\u00f5es.<\/p>\n\n\n\n<p>A a\u00e7\u00e3o penal <strong>p\u00fablica<\/strong> pode ser <strong>incondicionada <\/strong>ou <strong>condicionada<\/strong> (\u00e0 representa\u00e7\u00e3o da v\u00edtima ou \u00e0 requisi\u00e7\u00e3o do Ministro da Justi\u00e7a). J\u00e1 a a\u00e7\u00e3o penal <strong>privada<\/strong> pode ser <strong>exclusivamente privada<\/strong>, <strong>personal\u00edssima <\/strong>ou <strong>subsidi\u00e1ria da p\u00fablica<\/strong>.<\/p>\n\n\n\n<p>Hoje falaremos dos tipos de a\u00e7\u00e3o penal <strong>privada<\/strong>!<\/p>\n\n\n\n<h3 class=\"wp-block-heading has-vivid-cyan-blue-color has-text-color has-link-color wp-elements-6210592fd81931ad0ce07696fefbddb6\" id=\"h-acao-penal-exclusivamente-privada-nbsp\">A\u00e7\u00e3o penal exclusivamente privada&nbsp;<\/h3>\n\n\n\n<p>A a\u00e7\u00e3o penal p\u00fablica exclusivamente privada \u00e9 a que mais est\u00e1 presente em nosso ordenamento jur\u00eddico dentre as a\u00e7\u00f5es penais que n\u00e3o s\u00e3o p\u00fablicas.<\/p>\n\n\n\n<p>Nesta a\u00e7\u00e3o, <strong>o pr\u00f3prio ofendido\/v\u00edtima \u00e9 quem det\u00e9m a titularidade da a\u00e7\u00e3o penal<\/strong> (<span style=\"text-decoration: underline;\">se maior de 18 anos<\/span>), <strong>ou ent\u00e3o seu representante legal<\/strong> (<span style=\"text-decoration: underline;\">se a v\u00edtima \u00e9 menor de 18 anos<\/span>), conforme disp\u00f5e o\u00a0 \u00a7 2\u00ba do artigo 100 do C\u00f3digo Penal e o artigo 30 do C\u00f3digo de Processo Penal:<\/p>\n\n\n\n<div class=\"wp-block-group has-background has-global-padding is-layout-constrained wp-block-group-is-layout-constrained\" style=\"background-color:#8dd2fc3d\">\n<p>CP &#8211; Art. 100. (&#8230;) \u00a7 2\u00ba &#8211; A a\u00e7\u00e3o de iniciativa privada \u00e9 promovida mediante queixa do ofendido ou de quem tenha qualidade para represent\u00e1-lo.<\/p>\n\n\n\n<p>CPP &#8211; Art. 30.&nbsp; Ao ofendido ou a quem tenha qualidade para represent\u00e1-lo caber\u00e1 intentar a a\u00e7\u00e3o privada.<\/p>\n<\/div>\n\n\n\n<p>Como podemos notar, enquanto na a\u00e7\u00e3o penal p\u00fablica a pe\u00e7a que inaugura o processo penal \u00e9 a den\u00fancia; na a\u00e7\u00e3o penal privada a pe\u00e7a correspondente \u00e9 a <strong>queixa-crime<\/strong>. Ambas devem cumprir os requisitos do artigo 41 do CPP para serem recebidas pelo juiz.<\/p>\n\n\n\n<p>No caso de <strong>morte <\/strong>do ofendido ou quando declarado <strong>ausente <\/strong>por decis\u00e3o judicial, o direito de oferecer queixa ou prosseguir na a\u00e7\u00e3o passar\u00e1 ao <strong>c\u00f4njuge, ascendente, descendente ou irm\u00e3o<\/strong>. Sobre isso, Rog\u00e9rio Sanches Cunha alerta para o fato de que atualmente o companheiro\/companheira tamb\u00e9m det\u00e9m essa legitimidade.<\/p>\n\n\n\n<p>Al\u00e9m disso, se o ofendido for <em>menor de 18 anos, ou mentalmente enfermo, ou retardado mental<\/em>, e n\u00e3o tiver representante legal, ou colidirem os interesses deste com os daquele, <strong>o direito de queixa poder\u00e1 ser exercido por curador especial<\/strong>, nomeado, de of\u00edcio ou a requerimento do Minist\u00e9rio P\u00fablico, pelo juiz competente para o processo penal.<\/p>\n\n\n\n<p>Em qualquer desses casos, a queixa-crime deve ser oferecida no <strong>prazo decadencial de 06 (seis) meses<\/strong>, caso contr\u00e1rio, <strong>contado do dia em que vier a saber quem \u00e9 o autor do crime<\/strong>.<\/p>\n\n\n\n<p>Por fim, conforme leciona Rog\u00e9rio Sanches Cunha, os <strong>princ\u00edpios da a\u00e7\u00e3o penal privada<\/strong> s\u00e3o:&nbsp;<\/p>\n\n\n\n<figure class=\"wp-block-image aligncenter size-full\"><img loading=\"lazy\" decoding=\"async\" width=\"171\" height=\"94\" src=\"https:\/\/dhg1h5j42swfq.cloudfront.net\/2025\/10\/10074111\/image-136.png\" alt=\"\" class=\"wp-image-1653281\" srcset=\"https:\/\/dhg1h5j42swfq.cloudfront.net\/2025\/10\/10074111\/image-136.png 171w, https:\/\/dhg1h5j42swfq.cloudfront.net\/2025\/10\/10074111\/image-136-150x82.png 150w\" sizes=\"auto, (max-width: 171px) 100vw, 171px\" \/><\/figure>\n\n\n\n<p><strong>(i)<\/strong> <strong>oportunidade (ou conveni\u00eancia)<\/strong>: o ofendido ingressa com a queixa se quiser, n\u00e3o h\u00e1 obriga\u00e7\u00e3o;<\/p>\n\n\n\n<p><strong>(ii) disponibilidade<\/strong>: a v\u00edtima pode dispor da a\u00e7\u00e3o penal privada por meio de institutos pr\u00f3prios que ensejam a extin\u00e7\u00e3o da punibilidade do Estado, tais como o perd\u00e3o, a ren\u00fancia, a decad\u00eancia e a peremp\u00e7\u00e3o;<\/p>\n\n\n\n<p><strong>(iii)<\/strong> <strong>indivisibilidade<\/strong>: a v\u00edtima n\u00e3o pode oferecer queixa-crime apenas contra parte dos autores do crime. Portanto, ou move a a\u00e7\u00e3o penal contra todos os autores conhecidos ou contra ningu\u00e9m;<\/p>\n\n\n\n<p><strong>(iv)<\/strong> <strong>intranscend\u00eancia<\/strong>: a a\u00e7\u00e3o penal s\u00f3 pode ser proposta contra o(s) autor(es) do crime, o que consiste em desdobramento l\u00f3gico do princ\u00edpio da personalidade da pena.<\/p>\n\n\n\n<h3 class=\"wp-block-heading has-vivid-cyan-blue-color has-text-color has-link-color wp-elements-b50187342c5fa43bfafaa1b8a03ca428\" id=\"h-acao-penal-privada-personalissima-nbsp\">A\u00e7\u00e3o penal privada personal\u00edssima&nbsp;<\/h3>\n\n\n\n<p>A a\u00e7\u00e3o penal privada personal\u00edssima, como seu pr\u00f3prio nome indica, apenas pode ser iniciada \u00fanica e exclusivamente pela v\u00edtima, n\u00e3o havendo qualquer possibilidade de substitui\u00e7\u00e3o do titular da a\u00e7\u00e3o penal.<\/p>\n\n\n\n<p>Portanto, se a v\u00edtima\/ofendido morrer, extingue-se a punibilidade do autor do crime. Al\u00e9m disso, se o ofendido for incapaz, deve-se aguardar a cessa\u00e7\u00e3o da causa da incapacidade para que ele pr\u00f3prio aju\u00edze a a\u00e7\u00e3o penal, conforme leciona Rog\u00e9rio Sanches Cunha.<\/p>\n\n\n\n<p>A doutrina aponta que <strong>a \u00fanica hip\u00f3tese de a\u00e7\u00e3o penal privada personal\u00edssima <\/strong>no direito brasileiro est\u00e1 prevista no <strong>crime de \u201cinduzimento a erro essencial e oculta\u00e7\u00e3o de impedimento\u201d<\/strong> (<a href=\"https:\/\/www.planalto.gov.br\/ccivil_03\/decreto-lei\/del2848compilado.htm#:~:text=Induzimento%20a%20erro,anule%20o%20casamento.\">art. 236 do CP<\/a>).<\/p>\n\n\n\n<p>O prazo tamb\u00e9m \u00e9 de 6 meses para oferecimento da queixa-crime, aplicando-se os mesmos princ\u00edpios acima.<\/p>\n\n\n\n<h3 class=\"wp-block-heading has-vivid-cyan-blue-color has-text-color has-link-color wp-elements-ed9c99625c94b015f96e0fd5a4eae51a\" id=\"h-acao-penal-privada-subsidiaria-da-publica\">A\u00e7\u00e3o penal privada subsidi\u00e1ria da p\u00fablica<\/h3>\n\n\n\n<p>O artigo 5\u00ba, inciso LIX, da Constitui\u00e7\u00e3o Federal disp\u00f5e que ser\u00e1 admitida a\u00e7\u00e3o privada nos crimes de a\u00e7\u00e3o p\u00fablica, se esta n\u00e3o for intentada no prazo legal.<\/p>\n\n\n\n<p>No mesmo sentido, o artigo 29 do CPP afirma:<\/p>\n\n\n\n<div class=\"wp-block-group has-background has-global-padding is-layout-constrained wp-block-group-is-layout-constrained\" style=\"background-color:#8dd2fc3d\">\n<p>Art. 29.&nbsp; Ser\u00e1 admitida a\u00e7\u00e3o privada nos crimes de a\u00e7\u00e3o p\u00fablica, se esta n\u00e3o for intentada no prazo legal, cabendo ao Minist\u00e9rio P\u00fablico aditar a queixa, repudi\u00e1-la e oferecer den\u00fancia substitutiva, intervir em todos os termos do processo, fornecer elementos de prova, interpor recurso e, a todo tempo, no caso de neglig\u00eancia do querelante, retomar a a\u00e7\u00e3o como parte principal.<\/p>\n<\/div>\n\n\n\n<p>Portanto, a a\u00e7\u00e3o penal privada subsidi\u00e1ria da p\u00fablica tem lugar quando o Minist\u00e9rio P\u00fablico deixa de oferecer den\u00fancia no prazo legal nos crimes de a\u00e7\u00e3o penal p\u00fablica.<\/p>\n\n\n\n<p>Desse modo, o ofendido poder\u00e1 propor essa esp\u00e9cie de a\u00e7\u00e3o penal privada, oferecendo a pe\u00e7a inicial do processo denominada de <strong>queixa-crime subsidi\u00e1ria.<\/strong><\/p>\n\n\n\n<p>Da mesma forma que nas demais a\u00e7\u00f5es penais privadas, a v\u00edtima tamb\u00e9m ter\u00e1 o <strong>prazo de 6 meses<\/strong> para oferecer a queixa. No entanto, o prazo nesse caso <strong>conta-se a partir do dia em que se esgotar o prazo para o oferecimento da den\u00fancia por parte do MP<\/strong>.<\/p>\n\n\n\n<p>Entretanto, \u00e9 importante saber que a titularidade da a\u00e7\u00e3o penal nesses casos <strong>continua sendo do Minist\u00e9rio P\u00fablico<\/strong>, o qual poder\u00e1, a qualquer tempo:<\/p>\n\n\n\n<ul class=\"wp-block-list\">\n<li><strong>Aditar a queixa<\/strong>: pode incluir novos autores e fatos, mudar a imputa\u00e7\u00e3o legal do crime, etc;<\/li>\n\n\n\n<li><strong>Repudiar a queixa e oferecer den\u00fancia substitutiva<\/strong>: caso o MP n\u00e3o concorde totalmente com a queixa subsidi\u00e1ria, dever\u00e1 repudi\u00e1-la e oferecer den\u00fancia substitutiva no lugar;<\/li>\n\n\n\n<li><strong>Atuar nas demais frentes do processo:<\/strong> o MP deve intervir em todos os termos do processo, fornecer elementos de prova, interpor recursos;<\/li>\n\n\n\n<li><strong>Retomar a a\u00e7\u00e3o penal:<\/strong> o CPP disp\u00f5e que o MP, a qualquer tempo, dever\u00e1 retomar a a\u00e7\u00e3o como parte principal no caso de neglig\u00eancia do querelante subsidi\u00e1rio.<\/li>\n<\/ul>\n\n\n\n<h3 class=\"wp-block-heading has-vivid-cyan-blue-color has-text-color has-link-color wp-elements-fb891aa362d50efd77a7db81cb91ab17\" id=\"h-consideracoes-finais\">Considera\u00e7\u00f5es finais<\/h3>\n\n\n\n<p>Pessoal, esse foi nosso breve resumo sobre a A\u00e7\u00e3o Penal Privada para o concurso do TCE-SC (Tribunal de Contas do Estado de Santa Catarina).<\/p>\n\n\n\n<p>Nosso tempo aqui \u00e9 breve e n\u00e3o conseguimos, claro, esgotar o assunto. Portanto, n\u00e3o deixe de revisar o tema em seu material de estudo e praticar com diversas quest\u00f5es.<\/p>\n\n\n\n<p>At\u00e9 a pr\u00f3xima!<\/p>\n\n\n\n<figure class=\"wp-block-image aligncenter size-large is-resized\"><img decoding=\"async\" src=\"https:\/\/dhg1h5j42swfq.cloudfront.net\/2020\/09\/18141901\/Coruja_Concursos%404x-506x1024.png\" alt=\"Concursos 2024 Estrat\u00e9gia Concursos\" class=\"wp-image-574355\" style=\"aspect-ratio:0.5;width:30px;height:auto\"\/><\/figure>\n\n\n\n<h2 class=\"wp-block-heading has-text-align-center\" id=\"h-quer-saber-tudo-sobre-concursos-previstos-confira-nossos-artigos\">Quer saber tudo sobre concursos previstos?<br \/>Confira nossos artigos!<\/h2>\n\n\n\n<ul class=\"wp-block-list\">\n<li><a href=\"https:\/\/www.estrategiaconcursos.com.br\/blog\/concursos-abertos\/\" target=\"_blank\" rel=\"noreferrer noopener\">Concursos Abertos<\/a><\/li>\n\n\n\n<li><a href=\"https:\/\/www.estrategiaconcursos.com.br\/blog\/concursos-2025\/\">Concursos 2025<\/a><\/li>\n<\/ul>\n\n\n\n<div class=\"container\" id=\"boxes\">\n  <div class=\"row\">\n\n    <div class=\"col-sm\">\n      <div class=\"banner-estrat-corj\" id=\"box-assinatura\">\n        <h3 class=\"titulo-assinatura\" style=\"text-align: left;\">Concursos 2025<\/h3>\n        <p class=\"subtitulo-assinatura\" style=\"text-align: left;\">Explore os cursos preparat\u00f3rios completos! \u2728<\/p>\n        <div class=\"box-botao\" style=\"text-align: left;\">\n          <a class=\"btn-assinatura\" target=\"_blank\" href=\"https:\/\/www.estrategiaconcursos.com.br\/cursos\/concurso\/\" role=\"button\" rel=\"noopener noreferrer\">CLIQUE AQUI<\/a>\n        <\/div>\n      <\/div><\/div><\/div><\/div>\n\n\n\n<div class=\"container\" id=\"boxes\">\n  <div class=\"row\">\n\n    <div class=\"col-sm\">\n      <div class=\"estrategia\" id=\"box-assinatura\">\n        <h3 class=\"titulo-assinatura\">Assinatura Concursos<\/h3>\n        <p class=\"subtitulo-assinatura\">Assinatura de 1 ano ou 2 anos<\/p>\n        <div class=\"box-botao\">\n          <a class=\"btn-assinatura\" target=\"_blank\" href=\"https:\/\/www.estrategiaconcursos.com.br\/assinaturas\/\" role=\"button\" rel=\"noopener noreferrer\">ASSINE AGORA<\/a>\n        <\/div>\n      <\/div><\/div><\/div><\/div>\n","protected":false},"excerpt":{"rendered":"<p>Ol\u00e1, tudo bem? Hoje faremos um resumo sobre a A\u00e7\u00e3o Penal Privada para o concurso do TCE-SC (Tribunal de Contas do Estado de Santa Catarina). O edital da TCE-SC est\u00e1 pr\u00f3ximo de ser lan\u00e7ado para o cargo de Auditor Fiscal de Controle Externo, nas seguintes especialidades: Administra\u00e7\u00e3o (2 vagas); Ci\u00eancias Cont\u00e1beis (3 vagas); Ci\u00eancias da [&hellip;]<\/p>\n","protected":false},"author":2567,"featured_media":1653282,"comment_status":"open","ping_status":"closed","sticky":false,"template":"","format":"standard","meta":{"post_tipo":"article","footnotes":""},"categories":[1,214710],"tags":[],"tax_estado":[219987],"class_list":["post-1653280","post","type-post","status-publish","format-standard","has-post-thumbnail","hentry","category-cursos-e-concursos","category-tribunais-de-contas","tax_estado-sc"],"acf":[],"yoast_head":"<!-- This site is optimized with the Yoast SEO Premium plugin v27.2 (Yoast SEO v27.2) - https:\/\/yoast.com\/product\/yoast-seo-premium-wordpress\/ -->\n<title>A\u00e7\u00e3o Penal Privada para o TCE-SC<\/title>\n<meta name=\"description\" content=\"Confira nosso resumo sobre a A\u00e7\u00e3o Penal Privada para o concurso do TCE-SC (Tribunal de Contas do Estado de Santa Catarina).\" \/>\n<meta name=\"robots\" content=\"index, follow, max-snippet:-1, max-image-preview:large, max-video-preview:-1\" \/>\n<link rel=\"canonical\" href=\"https:\/\/www.estrategiaconcursos.com.br\/blog\/acao-penal-privada-tce-sc\/\" \/>\n<meta property=\"og:locale\" content=\"pt_BR\" \/>\n<meta property=\"og:type\" content=\"article\" \/>\n<meta property=\"og:title\" content=\"A\u00e7\u00e3o Penal Privada para o TCE-SC\" \/>\n<meta property=\"og:description\" content=\"Confira nosso resumo sobre a A\u00e7\u00e3o Penal Privada para o concurso do TCE-SC (Tribunal de Contas do Estado de Santa Catarina).\" \/>\n<meta property=\"og:url\" content=\"https:\/\/www.estrategiaconcursos.com.br\/blog\/acao-penal-privada-tce-sc\/\" \/>\n<meta property=\"og:site_name\" content=\"Estrat\u00e9gia Concursos\" \/>\n<meta property=\"article:published_time\" content=\"2025-11-22T17:54:00+00:00\" \/>\n<meta property=\"og:image\" content=\"https:\/\/dhg1h5j42swfq.cloudfront.net\/2025\/10\/10074159\/martelo-com-livros-na-velha-mesa-de-madeira-1-scaled.jpg\" \/>\n\t<meta property=\"og:image:width\" content=\"2560\" \/>\n\t<meta property=\"og:image:height\" content=\"1707\" \/>\n\t<meta property=\"og:image:type\" content=\"image\/jpeg\" \/>\n<meta name=\"author\" content=\"Frederico Tadeu Borlot Peixoto\" \/>\n<meta name=\"twitter:card\" content=\"summary_large_image\" \/>\n<meta name=\"twitter:creator\" content=\"@EstratConcursos\" \/>\n<meta name=\"twitter:site\" content=\"@EstratConcursos\" \/>\n<meta name=\"twitter:label1\" content=\"Escrito por\" \/>\n\t<meta name=\"twitter:data1\" content=\"Frederico Tadeu Borlot Peixoto\" \/>\n\t<meta name=\"twitter:label2\" content=\"Est. tempo de leitura\" \/>\n\t<meta name=\"twitter:data2\" content=\"7 minutos\" \/>\n<script type=\"application\/ld+json\" class=\"yoast-schema-graph\">{\"@context\":\"https:\/\/schema.org\",\"@graph\":[{\"@type\":\"NewsArticle\",\"@id\":\"https:\/\/www.estrategiaconcursos.com.br\/blog\/acao-penal-privada-tce-sc\/#article\",\"isPartOf\":{\"@id\":\"https:\/\/www.estrategiaconcursos.com.br\/blog\/acao-penal-privada-tce-sc\/\"},\"author\":{\"name\":\"Frederico Tadeu Borlot Peixoto\",\"@id\":\"https:\/\/www.estrategiaconcursos.com.br\/blog\/#\/schema\/person\/48a7e085e45aee7c3d4596399af50ebb\"},\"headline\":\"A\u00e7\u00e3o Penal Privada para o TCE-SC\",\"datePublished\":\"2025-11-22T17:54:00+00:00\",\"mainEntityOfPage\":{\"@id\":\"https:\/\/www.estrategiaconcursos.com.br\/blog\/acao-penal-privada-tce-sc\/\"},\"wordCount\":1444,\"commentCount\":0,\"publisher\":{\"@id\":\"https:\/\/www.estrategiaconcursos.com.br\/blog\/#organization\"},\"image\":{\"@id\":\"https:\/\/www.estrategiaconcursos.com.br\/blog\/acao-penal-privada-tce-sc\/#primaryimage\"},\"thumbnailUrl\":\"https:\/\/dhg1h5j42swfq.cloudfront.net\/2025\/10\/10074159\/martelo-com-livros-na-velha-mesa-de-madeira-1-scaled.jpg\",\"articleSection\":[\"Concursos P\u00fablicos\",\"Tribunais de Contas (TCU, TCE, TCM)\"],\"inLanguage\":\"pt-BR\",\"potentialAction\":[{\"@type\":\"CommentAction\",\"name\":\"Comment\",\"target\":[\"https:\/\/www.estrategiaconcursos.com.br\/blog\/acao-penal-privada-tce-sc\/#respond\"]}],\"copyrightYear\":\"2025\",\"copyrightHolder\":{\"@id\":\"https:\/\/www.estrategiaconcursos.com.br\/blog\/#organization\"},\"accessibilityFeature\":[\"tableOfContents\"]},{\"@type\":\"WebPage\",\"@id\":\"https:\/\/www.estrategiaconcursos.com.br\/blog\/acao-penal-privada-tce-sc\/\",\"url\":\"https:\/\/www.estrategiaconcursos.com.br\/blog\/acao-penal-privada-tce-sc\/\",\"name\":\"A\u00e7\u00e3o Penal Privada para o TCE-SC\",\"isPartOf\":{\"@id\":\"https:\/\/www.estrategiaconcursos.com.br\/blog\/#website\"},\"primaryImageOfPage\":{\"@id\":\"https:\/\/www.estrategiaconcursos.com.br\/blog\/acao-penal-privada-tce-sc\/#primaryimage\"},\"image\":{\"@id\":\"https:\/\/www.estrategiaconcursos.com.br\/blog\/acao-penal-privada-tce-sc\/#primaryimage\"},\"thumbnailUrl\":\"https:\/\/dhg1h5j42swfq.cloudfront.net\/2025\/10\/10074159\/martelo-com-livros-na-velha-mesa-de-madeira-1-scaled.jpg\",\"datePublished\":\"2025-11-22T17:54:00+00:00\",\"description\":\"Confira nosso resumo sobre a A\u00e7\u00e3o Penal Privada para o concurso do TCE-SC (Tribunal de Contas do Estado de Santa Catarina).\",\"breadcrumb\":{\"@id\":\"https:\/\/www.estrategiaconcursos.com.br\/blog\/acao-penal-privada-tce-sc\/#breadcrumb\"},\"inLanguage\":\"pt-BR\",\"potentialAction\":[{\"@type\":\"ReadAction\",\"target\":[\"https:\/\/www.estrategiaconcursos.com.br\/blog\/acao-penal-privada-tce-sc\/\"]}]},{\"@type\":\"ImageObject\",\"inLanguage\":\"pt-BR\",\"@id\":\"https:\/\/www.estrategiaconcursos.com.br\/blog\/acao-penal-privada-tce-sc\/#primaryimage\",\"url\":\"https:\/\/dhg1h5j42swfq.cloudfront.net\/2025\/10\/10074159\/martelo-com-livros-na-velha-mesa-de-madeira-1-scaled.jpg\",\"contentUrl\":\"https:\/\/dhg1h5j42swfq.cloudfront.net\/2025\/10\/10074159\/martelo-com-livros-na-velha-mesa-de-madeira-1-scaled.jpg\",\"width\":2560,\"height\":1707,\"caption\":\"A\u00e7\u00e3o Penal Privada para o TCE-SC\"},{\"@type\":\"BreadcrumbList\",\"@id\":\"https:\/\/www.estrategiaconcursos.com.br\/blog\/acao-penal-privada-tce-sc\/#breadcrumb\",\"itemListElement\":[{\"@type\":\"ListItem\",\"position\":1,\"name\":\"In\u00edcio\",\"item\":\"https:\/\/www.estrategiaconcursos.com.br\/blog\/\"},{\"@type\":\"ListItem\",\"position\":2,\"name\":\"A\u00e7\u00e3o Penal Privada para o TCE-SC\"}]},{\"@type\":\"WebSite\",\"@id\":\"https:\/\/www.estrategiaconcursos.com.br\/blog\/#website\",\"url\":\"https:\/\/www.estrategiaconcursos.com.br\/blog\/\",\"name\":\"Estrat\u00e9gia Concursos\",\"description\":\"O blog da Estrat\u00e9gia Concursos traz not\u00edcias sobre concursos e artigos de professores oferecendo cursos para concursos (pdf + videaulas) no site.\",\"publisher\":{\"@id\":\"https:\/\/www.estrategiaconcursos.com.br\/blog\/#organization\"},\"potentialAction\":[{\"@type\":\"SearchAction\",\"target\":{\"@type\":\"EntryPoint\",\"urlTemplate\":\"https:\/\/www.estrategiaconcursos.com.br\/blog\/?s={search_term_string}\"},\"query-input\":{\"@type\":\"PropertyValueSpecification\",\"valueRequired\":true,\"valueName\":\"search_term_string\"}}],\"inLanguage\":\"pt-BR\"},{\"@type\":\"Organization\",\"@id\":\"https:\/\/www.estrategiaconcursos.com.br\/blog\/#organization\",\"name\":\"Estrat\u00e9gia Concursos\",\"url\":\"https:\/\/www.estrategiaconcursos.com.br\/blog\/\",\"logo\":{\"@type\":\"ImageObject\",\"inLanguage\":\"pt-BR\",\"@id\":\"https:\/\/www.estrategiaconcursos.com.br\/blog\/#\/schema\/logo\/image\/\",\"url\":\"https:\/\/dhg1h5j42swfq.cloudfront.net\/2025\/06\/03203428\/logo_concursos-1.jpg\",\"contentUrl\":\"https:\/\/dhg1h5j42swfq.cloudfront.net\/2025\/06\/03203428\/logo_concursos-1.jpg\",\"width\":230,\"height\":60,\"caption\":\"Estrat\u00e9gia Concursos\"},\"image\":{\"@id\":\"https:\/\/www.estrategiaconcursos.com.br\/blog\/#\/schema\/logo\/image\/\"},\"sameAs\":[\"https:\/\/x.com\/EstratConcursos\"]},{\"@type\":\"Person\",\"@id\":\"https:\/\/www.estrategiaconcursos.com.br\/blog\/#\/schema\/person\/48a7e085e45aee7c3d4596399af50ebb\",\"name\":\"Frederico Tadeu Borlot Peixoto\",\"image\":{\"@type\":\"ImageObject\",\"inLanguage\":\"pt-BR\",\"@id\":\"https:\/\/secure.gravatar.com\/avatar\/df8a49e2321c1e32f85e9e7c2a9c92c688f1f53a947220f40017ff5858b09fdb?s=96&d=mm&r=g\",\"url\":\"https:\/\/secure.gravatar.com\/avatar\/df8a49e2321c1e32f85e9e7c2a9c92c688f1f53a947220f40017ff5858b09fdb?s=96&d=mm&r=g\",\"contentUrl\":\"https:\/\/secure.gravatar.com\/avatar\/df8a49e2321c1e32f85e9e7c2a9c92c688f1f53a947220f40017ff5858b09fdb?s=96&d=mm&r=g\",\"caption\":\"Frederico Tadeu Borlot Peixoto\"},\"description\":\"Analista Judici\u00e1rio - \u00c1rea Judici\u00e1ria do TRF da 4\u00aa regi\u00e3o. Bacharel em Direito. P\u00f3s-graduado em Direito Administrativo, Legisla\u00e7\u00e3o Penal Especial, Direito Penal e Direito Processual Penal. Tamb\u00e9m nomeado no TRF da 3\u00aa regi\u00e3o (8\u00ba lugar); SPPREV (3\u00ba lugar); IFES (2\u00ba lugar); e PMES. https:\/\/www.instagram.com\/proffrederico\/\",\"sameAs\":[\"https:\/\/www.instagram.com\/proffrederico\/\"],\"url\":\"https:\/\/www.estrategiaconcursos.com.br\/blog\/author\/xfredericohotmail-com\/\"}]}<\/script>\n<!-- \/ Yoast SEO Premium plugin. -->","yoast_head_json":{"title":"A\u00e7\u00e3o Penal Privada para o TCE-SC","description":"Confira nosso resumo sobre a A\u00e7\u00e3o Penal Privada para o concurso do TCE-SC (Tribunal de Contas do Estado de Santa Catarina).","robots":{"index":"index","follow":"follow","max-snippet":"max-snippet:-1","max-image-preview":"max-image-preview:large","max-video-preview":"max-video-preview:-1"},"canonical":"https:\/\/www.estrategiaconcursos.com.br\/blog\/acao-penal-privada-tce-sc\/","og_locale":"pt_BR","og_type":"article","og_title":"A\u00e7\u00e3o Penal Privada para o TCE-SC","og_description":"Confira nosso resumo sobre a A\u00e7\u00e3o Penal Privada para o concurso do TCE-SC (Tribunal de Contas do Estado de Santa Catarina).","og_url":"https:\/\/www.estrategiaconcursos.com.br\/blog\/acao-penal-privada-tce-sc\/","og_site_name":"Estrat\u00e9gia Concursos","article_published_time":"2025-11-22T17:54:00+00:00","og_image":[{"width":2560,"height":1707,"url":"https:\/\/dhg1h5j42swfq.cloudfront.net\/2025\/10\/10074159\/martelo-com-livros-na-velha-mesa-de-madeira-1-scaled.jpg","type":"image\/jpeg"}],"author":"Frederico Tadeu Borlot Peixoto","twitter_card":"summary_large_image","twitter_creator":"@EstratConcursos","twitter_site":"@EstratConcursos","twitter_misc":{"Escrito por":"Frederico Tadeu Borlot Peixoto","Est. tempo de leitura":"7 minutos"},"schema":{"@context":"https:\/\/schema.org","@graph":[{"@type":"NewsArticle","@id":"https:\/\/www.estrategiaconcursos.com.br\/blog\/acao-penal-privada-tce-sc\/#article","isPartOf":{"@id":"https:\/\/www.estrategiaconcursos.com.br\/blog\/acao-penal-privada-tce-sc\/"},"author":{"name":"Frederico Tadeu Borlot Peixoto","@id":"https:\/\/www.estrategiaconcursos.com.br\/blog\/#\/schema\/person\/48a7e085e45aee7c3d4596399af50ebb"},"headline":"A\u00e7\u00e3o Penal Privada para o TCE-SC","datePublished":"2025-11-22T17:54:00+00:00","mainEntityOfPage":{"@id":"https:\/\/www.estrategiaconcursos.com.br\/blog\/acao-penal-privada-tce-sc\/"},"wordCount":1444,"commentCount":0,"publisher":{"@id":"https:\/\/www.estrategiaconcursos.com.br\/blog\/#organization"},"image":{"@id":"https:\/\/www.estrategiaconcursos.com.br\/blog\/acao-penal-privada-tce-sc\/#primaryimage"},"thumbnailUrl":"https:\/\/dhg1h5j42swfq.cloudfront.net\/2025\/10\/10074159\/martelo-com-livros-na-velha-mesa-de-madeira-1-scaled.jpg","articleSection":["Concursos P\u00fablicos","Tribunais de Contas (TCU, TCE, TCM)"],"inLanguage":"pt-BR","potentialAction":[{"@type":"CommentAction","name":"Comment","target":["https:\/\/www.estrategiaconcursos.com.br\/blog\/acao-penal-privada-tce-sc\/#respond"]}],"copyrightYear":"2025","copyrightHolder":{"@id":"https:\/\/www.estrategiaconcursos.com.br\/blog\/#organization"},"accessibilityFeature":["tableOfContents"]},{"@type":"WebPage","@id":"https:\/\/www.estrategiaconcursos.com.br\/blog\/acao-penal-privada-tce-sc\/","url":"https:\/\/www.estrategiaconcursos.com.br\/blog\/acao-penal-privada-tce-sc\/","name":"A\u00e7\u00e3o Penal Privada para o TCE-SC","isPartOf":{"@id":"https:\/\/www.estrategiaconcursos.com.br\/blog\/#website"},"primaryImageOfPage":{"@id":"https:\/\/www.estrategiaconcursos.com.br\/blog\/acao-penal-privada-tce-sc\/#primaryimage"},"image":{"@id":"https:\/\/www.estrategiaconcursos.com.br\/blog\/acao-penal-privada-tce-sc\/#primaryimage"},"thumbnailUrl":"https:\/\/dhg1h5j42swfq.cloudfront.net\/2025\/10\/10074159\/martelo-com-livros-na-velha-mesa-de-madeira-1-scaled.jpg","datePublished":"2025-11-22T17:54:00+00:00","description":"Confira nosso resumo sobre a A\u00e7\u00e3o Penal Privada para o concurso do TCE-SC (Tribunal de Contas do Estado de Santa Catarina).","breadcrumb":{"@id":"https:\/\/www.estrategiaconcursos.com.br\/blog\/acao-penal-privada-tce-sc\/#breadcrumb"},"inLanguage":"pt-BR","potentialAction":[{"@type":"ReadAction","target":["https:\/\/www.estrategiaconcursos.com.br\/blog\/acao-penal-privada-tce-sc\/"]}]},{"@type":"ImageObject","inLanguage":"pt-BR","@id":"https:\/\/www.estrategiaconcursos.com.br\/blog\/acao-penal-privada-tce-sc\/#primaryimage","url":"https:\/\/dhg1h5j42swfq.cloudfront.net\/2025\/10\/10074159\/martelo-com-livros-na-velha-mesa-de-madeira-1-scaled.jpg","contentUrl":"https:\/\/dhg1h5j42swfq.cloudfront.net\/2025\/10\/10074159\/martelo-com-livros-na-velha-mesa-de-madeira-1-scaled.jpg","width":2560,"height":1707,"caption":"A\u00e7\u00e3o Penal Privada para o TCE-SC"},{"@type":"BreadcrumbList","@id":"https:\/\/www.estrategiaconcursos.com.br\/blog\/acao-penal-privada-tce-sc\/#breadcrumb","itemListElement":[{"@type":"ListItem","position":1,"name":"In\u00edcio","item":"https:\/\/www.estrategiaconcursos.com.br\/blog\/"},{"@type":"ListItem","position":2,"name":"A\u00e7\u00e3o Penal Privada para o TCE-SC"}]},{"@type":"WebSite","@id":"https:\/\/www.estrategiaconcursos.com.br\/blog\/#website","url":"https:\/\/www.estrategiaconcursos.com.br\/blog\/","name":"Estrat\u00e9gia Concursos","description":"O blog da Estrat\u00e9gia Concursos traz not\u00edcias sobre concursos e artigos de professores oferecendo cursos para concursos (pdf + videaulas) no site.","publisher":{"@id":"https:\/\/www.estrategiaconcursos.com.br\/blog\/#organization"},"potentialAction":[{"@type":"SearchAction","target":{"@type":"EntryPoint","urlTemplate":"https:\/\/www.estrategiaconcursos.com.br\/blog\/?s={search_term_string}"},"query-input":{"@type":"PropertyValueSpecification","valueRequired":true,"valueName":"search_term_string"}}],"inLanguage":"pt-BR"},{"@type":"Organization","@id":"https:\/\/www.estrategiaconcursos.com.br\/blog\/#organization","name":"Estrat\u00e9gia Concursos","url":"https:\/\/www.estrategiaconcursos.com.br\/blog\/","logo":{"@type":"ImageObject","inLanguage":"pt-BR","@id":"https:\/\/www.estrategiaconcursos.com.br\/blog\/#\/schema\/logo\/image\/","url":"https:\/\/dhg1h5j42swfq.cloudfront.net\/2025\/06\/03203428\/logo_concursos-1.jpg","contentUrl":"https:\/\/dhg1h5j42swfq.cloudfront.net\/2025\/06\/03203428\/logo_concursos-1.jpg","width":230,"height":60,"caption":"Estrat\u00e9gia Concursos"},"image":{"@id":"https:\/\/www.estrategiaconcursos.com.br\/blog\/#\/schema\/logo\/image\/"},"sameAs":["https:\/\/x.com\/EstratConcursos"]},{"@type":"Person","@id":"https:\/\/www.estrategiaconcursos.com.br\/blog\/#\/schema\/person\/48a7e085e45aee7c3d4596399af50ebb","name":"Frederico Tadeu Borlot Peixoto","image":{"@type":"ImageObject","inLanguage":"pt-BR","@id":"https:\/\/secure.gravatar.com\/avatar\/df8a49e2321c1e32f85e9e7c2a9c92c688f1f53a947220f40017ff5858b09fdb?s=96&d=mm&r=g","url":"https:\/\/secure.gravatar.com\/avatar\/df8a49e2321c1e32f85e9e7c2a9c92c688f1f53a947220f40017ff5858b09fdb?s=96&d=mm&r=g","contentUrl":"https:\/\/secure.gravatar.com\/avatar\/df8a49e2321c1e32f85e9e7c2a9c92c688f1f53a947220f40017ff5858b09fdb?s=96&d=mm&r=g","caption":"Frederico Tadeu Borlot Peixoto"},"description":"Analista Judici\u00e1rio - \u00c1rea Judici\u00e1ria do TRF da 4\u00aa regi\u00e3o. Bacharel em Direito. P\u00f3s-graduado em Direito Administrativo, Legisla\u00e7\u00e3o Penal Especial, Direito Penal e Direito Processual Penal. Tamb\u00e9m nomeado no TRF da 3\u00aa regi\u00e3o (8\u00ba lugar); SPPREV (3\u00ba lugar); IFES (2\u00ba lugar); e PMES. https:\/\/www.instagram.com\/proffrederico\/","sameAs":["https:\/\/www.instagram.com\/proffrederico\/"],"url":"https:\/\/www.estrategiaconcursos.com.br\/blog\/author\/xfredericohotmail-com\/"}]}},"_links":{"self":[{"href":"https:\/\/www.estrategiaconcursos.com.br\/blog\/wp-json\/wp\/v2\/posts\/1653280","targetHints":{"allow":["GET"]}}],"collection":[{"href":"https:\/\/www.estrategiaconcursos.com.br\/blog\/wp-json\/wp\/v2\/posts"}],"about":[{"href":"https:\/\/www.estrategiaconcursos.com.br\/blog\/wp-json\/wp\/v2\/types\/post"}],"author":[{"embeddable":true,"href":"https:\/\/www.estrategiaconcursos.com.br\/blog\/wp-json\/wp\/v2\/users\/2567"}],"replies":[{"embeddable":true,"href":"https:\/\/www.estrategiaconcursos.com.br\/blog\/wp-json\/wp\/v2\/comments?post=1653280"}],"version-history":[{"count":2,"href":"https:\/\/www.estrategiaconcursos.com.br\/blog\/wp-json\/wp\/v2\/posts\/1653280\/revisions"}],"predecessor-version":[{"id":1653284,"href":"https:\/\/www.estrategiaconcursos.com.br\/blog\/wp-json\/wp\/v2\/posts\/1653280\/revisions\/1653284"}],"wp:featuredmedia":[{"embeddable":true,"href":"https:\/\/www.estrategiaconcursos.com.br\/blog\/wp-json\/wp\/v2\/media\/1653282"}],"wp:attachment":[{"href":"https:\/\/www.estrategiaconcursos.com.br\/blog\/wp-json\/wp\/v2\/media?parent=1653280"}],"wp:term":[{"taxonomy":"category","embeddable":true,"href":"https:\/\/www.estrategiaconcursos.com.br\/blog\/wp-json\/wp\/v2\/categories?post=1653280"},{"taxonomy":"post_tag","embeddable":true,"href":"https:\/\/www.estrategiaconcursos.com.br\/blog\/wp-json\/wp\/v2\/tags?post=1653280"},{"taxonomy":"tax_estado","embeddable":true,"href":"https:\/\/www.estrategiaconcursos.com.br\/blog\/wp-json\/wp\/v2\/tax_estado?post=1653280"}],"curies":[{"name":"wp","href":"https:\/\/api.w.org\/{rel}","templated":true}]}}