{"id":1652749,"date":"2025-10-09T12:08:03","date_gmt":"2025-10-09T15:08:03","guid":{"rendered":"https:\/\/blog-estrategia.mystagingwebsite.com\/blog\/?p=1652749"},"modified":"2025-10-09T12:08:06","modified_gmt":"2025-10-09T15:08:06","slug":"estrategia-cast-alerj-reta-final-pos-edital","status":"publish","type":"post","link":"https:\/\/www.estrategiaconcursos.com.br\/blog\/estrategia-cast-alerj-reta-final-pos-edital\/","title":{"rendered":"Estrat\u00e9gia Cast &#8211; Grava\u00e7\u00f5es: ALERJ &#8211; Reta Final P\u00f3s Edital"},"content":{"rendered":"\n<p class=\"wp-block-paragraph\">Est\u00e1 na pra\u00e7a o <a href=\"https:\/\/www.estrategiaconcursos.com.br\/blog\/concurso-alerj-edital-publicado-2025\/\" target=\"_blank\" rel=\"noreferrer noopener\"><strong>edital do concurso ALERJ<\/strong><\/a> (<a href=\"https:\/\/www.estrategiaconcursos.com.br\/cursosPorConcurso\/assembleia-legislativa-rj\/\" target=\"_blank\" rel=\"noreferrer noopener\">Assembleia Legislativa do Estado do Rio de Janeiro<\/a>) para provimento de 101 vagas imediatas e forma\u00e7\u00e3o de cadastro de reserva.<\/p>\n\n\n\n<p class=\"wp-block-paragraph\">As oportunidades s\u00e3o para os<strong> cargos de Especialista Legislativo<\/strong> e Procurador Legislativo, distribu\u00eddas entre diversas especialidades de n\u00edvel m\u00e9dio e superior. Os sal\u00e1rios iniciais s\u00e3o de R$ 10.369,60, R$ 12.591,66 e R$ 44.008,52 (Procurador).<\/p>\n\n\n\n<ul class=\"wp-block-list\">\n<li><a href=\"https:\/\/cj.estrategia.com\/portal\/concurso-procurador-ale-rj\/\" target=\"_blank\" rel=\"noreferrer noopener\">Saiba mais sobre o concurso Procurador ALERJ<\/a><\/li>\n<\/ul>\n\n\n\n<p class=\"wp-block-paragraph\">Os interessados em participar da sele\u00e7\u00e3o devem realizar as<strong> inscri\u00e7\u00f5es no per\u00edodo de 13 de outubro a 13 de novembro<\/strong>, no site da banca organizadora, FGV, ao custo de R$ 85,00 a R$ 110,00. As provas s\u00e3o previstas em 8 de fevereiro de 2026.<\/p>\n\n\n\n<div class=\"container\" id=\"boxes\">\r\n  <div class=\"row\">\r\n\r\n    <div class=\"col-sm\">\r\n      <div class=\"banner-ale\" id=\"box-assinatura\">\r\n        <h3 class=\"titulo-assinatura\">Concurso ALERJ<\/h3>\r\n        <p class=\"subtitulo-assinatura\">Prepara\u00e7\u00e3o completa para a carreira na ALERJ<\/p>\r\n        <div class=\"box-botao\">\r\n          <a class=\"btn-assinatura\" target=\"_blank\" href=\"https:\/\/www.estrategiaconcursos.com.br\/cursosPorConcurso\/assembleia-legislativa-rj\/\" role=\"button\" rel=\"noopener noreferrer\">VER CURSOS<\/a>\r\n        <\/div>\r\n      <\/div>\r\n     \r\n\r\n  <\/div>\r\n<\/div><\/div>\n\n\n\n<h2 class=\"wp-block-heading\" id=\"h-estrategia-cast-alerj-reta-final-pos-edital\">Estrat\u00e9gia Cast ALERJ: Reta Final P\u00f3s Edital<\/h2>\n\n\n\n<p class=\"wp-block-paragraph\">Visando colaborar com os seus estudos, iniciaremos o\u00a0<strong><em>\u201cEstrat\u00e9gia Cast &#8211; Grava\u00e7\u00f5es: ALERJ &#8211; Reta Final P\u00f3s Edital\u201d<\/em><\/strong>, com cerca de\u00a0<strong>9 horas\u00a0<\/strong>de conte\u00fados com os t\u00f3picos mais relevantes de cada mat\u00e9ria.<\/p>\n\n\n\n<p class=\"wp-block-paragraph\">No&nbsp;<a href=\"https:\/\/www.estrategiaconcursos.com.br\/cursosPorConcurso\/sistemas-de-questoes-e-cast-para-estrategia-concursos\/\" target=\"_blank\" rel=\"noreferrer noopener\">Estrat\u00e9gia Cast<\/a>&nbsp;voc\u00ea vai poder salvar suas faixas favoritas, ouvi-las&nbsp;de maneira <em>offline<\/em>&nbsp;e acelerar a velocidade de reprodu\u00e7\u00e3o. S\u00e3o<strong>&nbsp;cursos regulares<\/strong>, de&nbsp;<strong>reta final<\/strong>, \u00e1udios motivacionais e muito mais!<\/p>\n\n\n\n<p class=\"has-medium-font-size wp-block-paragraph\"><strong>Confira a programa\u00e7\u00e3o completa!<\/strong><\/p>\n\n\n\n<figure class=\"wp-block-table is-style-stripes\"><table class=\"has-fixed-layout\"><tbody><tr><td class=\"has-text-align-center\" data-align=\"center\" colspan=\"3\"><strong>RETA FINAL &#8211; ALERJ &#8211; P\u00f3s-Edital<\/strong><\/td><\/tr><tr><td class=\"has-text-align-center\" data-align=\"center\">Mat\u00e9ria<\/td><td class=\"has-text-align-center\" data-align=\"center\">Professor<\/td><td class=\"has-text-align-center\" data-align=\"center\">Carga Hor\u00e1ria (h)<\/td><\/tr><tr><td class=\"has-text-align-center\" data-align=\"center\">L\u00edngua Portuguesa<\/td><td class=\"has-text-align-center\" data-align=\"center\">Fabr\u00edcio Dutra<\/td><td class=\"has-text-align-center\" data-align=\"center\">0,5<\/td><\/tr><tr><td class=\"has-text-align-center\" data-align=\"center\">Racioc\u00ednio L\u00f3gico-Matem\u00e1tico<\/td><td class=\"has-text-align-center\" data-align=\"center\">Eduardo Mocellin<\/td><td class=\"has-text-align-center\" data-align=\"center\">0,5<\/td><\/tr><tr><td class=\"has-text-align-center\" data-align=\"center\">No\u00e7\u00f5es de Inform\u00e1tica<\/td><td class=\"has-text-align-center\" data-align=\"center\">Renato da Costa<\/td><td class=\"has-text-align-center\" data-align=\"center\">0,5<\/td><\/tr><tr><td class=\"has-text-align-center\" data-align=\"center\">No\u00e7\u00f5es de Direito Administrativo<\/td><td class=\"has-text-align-center\" data-align=\"center\">Fabiano Pereira<\/td><td class=\"has-text-align-center\" data-align=\"center\">1<\/td><\/tr><tr><td class=\"has-text-align-center\" data-align=\"center\">No\u00e7\u00f5es de Direito Constitucional<\/td><td class=\"has-text-align-center\" data-align=\"center\">Diego Cerqueira<\/td><td class=\"has-text-align-center\" data-align=\"center\">1<\/td><\/tr><tr><td class=\"has-text-align-center\" data-align=\"center\">C\u00f3digo de \u00c9tica Profissional do Servidor P\u00fablico do Estado do RJ (Decreto n\u00ba 43.583\/2012)&nbsp;<\/td><td class=\"has-text-align-center\" data-align=\"center\">Luiz Gustavo<\/td><td class=\"has-text-align-center\" data-align=\"center\">0,5<\/td><\/tr><tr><td class=\"has-text-align-center\" data-align=\"center\">Estatuto dos Funcion\u00e1rios P\u00fablicos (Decreto-Lei n\u00ba 220\/1975) e seu regulamento (Decreto n\u00ba 2.479\/1979)<\/td><td class=\"has-text-align-center\" data-align=\"center\">Luiz Gustavo<\/td><td class=\"has-text-align-center\" data-align=\"center\">0,5<\/td><\/tr><tr><td class=\"has-text-align-center\" data-align=\"center\">Regimento Interno da ALERJ (Resolu\u00e7\u00e3o n\u00ba 810\/1997). Plano de Carreira (Resolu\u00e7\u00e3o n\u00ba 590\/1994)<\/td><td class=\"has-text-align-center\" data-align=\"center\">Luiz Gustavo<\/td><td class=\"has-text-align-center\" data-align=\"center\">0,5<\/td><\/tr><tr><td class=\"has-text-align-center\" data-align=\"center\">Constitui\u00e7\u00e3o do Estado do Rio de Janeiro<\/td><td class=\"has-text-align-center\" data-align=\"center\">Rodrigo Bet<\/td><td class=\"has-text-align-center\" data-align=\"center\">1<\/td><\/tr><tr><td class=\"has-text-align-center\" data-align=\"center\" colspan=\"2\">Especialista Legislativo N\u00edvel III &#8211; Administra\u00e7\u00e3o Geral<\/td><td class=\"has-text-align-center\" data-align=\"center\">&nbsp;<\/td><\/tr><tr><td class=\"has-text-align-center\" data-align=\"center\">Administra\u00e7\u00e3o<\/td><td class=\"has-text-align-center\" data-align=\"center\">Stefan Fantini<\/td><td class=\"has-text-align-center\" data-align=\"center\">1<\/td><\/tr><tr><td class=\"has-text-align-center\" data-align=\"center\">Arquivologia<\/td><td class=\"has-text-align-center\" data-align=\"center\">Ricardo Campanario<\/td><td class=\"has-text-align-center\" data-align=\"center\">1<\/td><\/tr><tr><td class=\"has-text-align-center\" data-align=\"center\">Licita\u00e7\u00f5es e Contratos + Acesso \u00e0 Informa\u00e7\u00e3o (Lei n\u00ba 12.527\/2011 + Decreto n\u00ba 9.094\/2017)<\/td><td class=\"has-text-align-center\" data-align=\"center\">Fabiano Pereira<\/td><td class=\"has-text-align-center\" data-align=\"center\">1<\/td><\/tr><\/tbody><\/table><\/figure>\n\n\n\n<figure class=\"wp-block-image aligncenter is-resized\"><a href=\"https:\/\/www.estrategiaconcursos.com.br\/cursosPorConcurso\/sistemas-de-questoes-e-cast-para-estrategia-concursos\/\" target=\"_blank\" rel=\"noreferrer noopener\"><img loading=\"lazy\" decoding=\"async\" width=\"400\" height=\"208\" src=\"https:\/\/www.estrategiaconcursos.com.br\/blog\/wp-content\/uploads\/2021\/09\/estrategia-cast-1.jpeg\" alt=\"Estrat\u00e9gia Cast: cnu\" class=\"wp-image-874827\" style=\"width:296px;height:auto\" srcset=\"https:\/\/dhg1h5j42swfq.cloudfront.net\/2021\/09\/30193348\/estrategia-cast-1.jpeg 400w, https:\/\/dhg1h5j42swfq.cloudfront.net\/2021\/09\/30193348\/estrategia-cast-1-300x156.jpeg 300w\" sizes=\"auto, (max-width: 400px) 100vw, 400px\" \/><\/a><figcaption class=\"wp-element-caption\"><a href=\"https:\/\/www.estrategiaconcursos.com.br\/cursosPorConcurso\/sistemas-de-questoes-e-cast-para-estrategia-concursos\/\" target=\"_blank\" rel=\"noreferrer noopener\">Sistemas de Quest\u00f5es + Cast<\/a><\/figcaption><\/figure>\n\n\n\n<p class=\"has-text-align-center wp-block-paragraph\"><em>Para saber mais sobre o concurso ALERJ, acesse o link abaixo. Preparamos um artigo completo e exclusivo para voc\u00ea!<\/em><\/p>\n\n\n\n<p class=\"has-text-align-center has-cyan-bluish-gray-background-color has-background has-medium-font-size wp-block-paragraph\"><strong>Saiba mais: <\/strong><a href=\"https:\/\/www.estrategiaconcursos.com.br\/blog\/concurso-alerj\/\" target=\"_blank\" rel=\"noreferrer noopener\">concurso ALERJ<\/a><\/p>\n\n\n\n<h2 class=\"wp-block-heading has-text-align-center\" id=\"h-quer-saber-tudo-sobre-concursos-previstos-confira-nossos-artigos\">Quer saber tudo sobre concursos previstos?<br \/>Confira nossos artigos!<\/h2>\n\n\n\n<ul class=\"wp-block-list\">\n<li><a href=\"https:\/\/www.estrategiaconcursos.com.br\/blog\/concursos-area-legislativa\/\" target=\"_blank\" rel=\"noreferrer noopener\">Concursos legislativos<\/a><\/li>\n\n\n\n<li><a href=\"https:\/\/www.estrategiaconcursos.com.br\/blog\/concursos-abertos\/\" target=\"_blank\" rel=\"noreferrer noopener\">Concursos abertos<\/a><\/li>\n\n\n\n<li><a href=\"https:\/\/www.estrategiaconcursos.com.br\/blog\/concursos-2025\/?srsltid=AfmBOorpk1VLTgSXxPLsdfCiAe4Hp2zKXUrcR57R0nlhnSajZMx6NZHM\" target=\"_blank\" rel=\"noreferrer noopener\">Concursos 2025<\/a><\/li>\n\n\n\n<li><a href=\"https:\/\/www.estrategiaconcursos.com.br\/blog\/concursos-2026\/\" target=\"_blank\" rel=\"noreferrer noopener\">Concursos 2026<\/a><\/li>\n<\/ul>\n\n\n\n<div class=\"container\" id=\"boxes\">\n  <div class=\"row\">\n\n    <div class=\"col-sm\">\n      <div class=\"estrategia\" id=\"box-assinatura\">\n        <h3 class=\"titulo-assinatura\">Assinatura de Concursos<\/h3>\n        <p class=\"subtitulo-assinatura\">Assinatura de 1 ano ou 2 anos<\/p>\n        <div class=\"box-botao\">\n          <a class=\"btn-assinatura\" target=\"_blank\" href=\"https:\/\/www.estrategiaconcursos.com.br\/blog\/assinaturas\/\" role=\"button\" rel=\"noopener noreferrer\">ASSINE AGORA<\/a>\n        <\/div>\n      <\/div>\n     \n    <\/div><\/div><\/div>\n\n\n\n<p class=\"wp-block-paragraph\"><\/p>\n","protected":false},"excerpt":{"rendered":"<p>Est\u00e1 na pra\u00e7a o edital do concurso ALERJ (Assembleia Legislativa do Estado do Rio de Janeiro) para provimento de 101 vagas imediatas e forma\u00e7\u00e3o de cadastro de reserva. As oportunidades s\u00e3o para os cargos de Especialista Legislativo e Procurador Legislativo, distribu\u00eddas entre diversas especialidades de n\u00edvel m\u00e9dio e superior. Os sal\u00e1rios iniciais s\u00e3o de R$ [&hellip;]<\/p>\n","protected":false},"author":1483,"featured_media":874825,"comment_status":"open","ping_status":"closed","sticky":false,"template":"","format":"standard","meta":{"_acf_changed":false,"post_tipo":"news","footnotes":""},"categories":[2017,220219],"tags":[],"tax_estado":[219982],"class_list":["post-1652749","post","type-post","status-publish","format-standard","has-post-thumbnail","hentry","category-concursos-legislativos","category-noticias","tax_estado-rj"],"acf":[],"yoast_head":"<!-- This site is optimized with the Yoast SEO Premium plugin v28.1 (Yoast SEO v28.1) - https:\/\/yoast.com\/product\/yoast-seo-premium-wordpress\/ -->\n<title>Estrat\u00e9gia Cast - Grava\u00e7\u00f5es: ALERJ - Reta Final P\u00f3s Edital<\/title>\n<meta name=\"description\" content=\"Estrat\u00e9gia Cast - Grava\u00e7\u00f5es: ALERJ - Reta Final P\u00f3s Edital\" \/>\n<meta name=\"robots\" content=\"index, follow, max-snippet:-1, max-image-preview:large, max-video-preview:-1\" \/>\n<link rel=\"canonical\" href=\"https:\/\/www.estrategiaconcursos.com.br\/blog\/estrategia-cast-alerj-reta-final-pos-edital\/\" \/>\n<meta property=\"og:locale\" content=\"pt_BR\" \/>\n<meta property=\"og:type\" content=\"article\" \/>\n<meta property=\"og:title\" content=\"Estrat\u00e9gia Cast - Grava\u00e7\u00f5es: ALERJ - Reta Final P\u00f3s Edital\" \/>\n<meta property=\"og:description\" content=\"Estrat\u00e9gia Cast - Grava\u00e7\u00f5es: ALERJ - Reta Final P\u00f3s Edital\" \/>\n<meta property=\"og:url\" content=\"https:\/\/www.estrategiaconcursos.com.br\/blog\/estrategia-cast-alerj-reta-final-pos-edital\/\" \/>\n<meta property=\"og:site_name\" content=\"Estrat\u00e9gia Concursos\" \/>\n<meta property=\"article:published_time\" content=\"2025-10-09T15:08:03+00:00\" \/>\n<meta property=\"article:modified_time\" content=\"2025-10-09T15:08:06+00:00\" \/>\n<meta property=\"og:image\" content=\"https:\/\/dhg1h5j42swfq.cloudfront.net\/2021\/09\/30193321\/estrategia-cast.jpeg\" \/>\n\t<meta property=\"og:image:width\" content=\"400\" \/>\n\t<meta property=\"og:image:height\" content=\"208\" \/>\n\t<meta property=\"og:image:type\" content=\"image\/jpeg\" \/>\n<meta name=\"author\" content=\"Diogo Mendes\" \/>\n<meta name=\"twitter:card\" content=\"summary_large_image\" \/>\n<meta name=\"twitter:creator\" content=\"@EstratConcursos\" \/>\n<meta name=\"twitter:site\" content=\"@EstratConcursos\" \/>\n<meta name=\"twitter:label1\" content=\"Escrito por\" \/>\n\t<meta name=\"twitter:data1\" content=\"Diogo Mendes\" \/>\n\t<meta name=\"twitter:label2\" content=\"Est. tempo de leitura\" \/>\n\t<meta name=\"twitter:data2\" content=\"2 minutos\" \/>\n<script type=\"application\/ld+json\" class=\"yoast-schema-graph\">{\"@context\":\"https:\\\/\\\/schema.org\",\"@graph\":[{\"@type\":\"NewsArticle\",\"@id\":\"https:\\\/\\\/www.estrategiaconcursos.com.br\\\/blog\\\/estrategia-cast-alerj-reta-final-pos-edital\\\/#article\",\"isPartOf\":{\"@id\":\"https:\\\/\\\/www.estrategiaconcursos.com.br\\\/blog\\\/estrategia-cast-alerj-reta-final-pos-edital\\\/\"},\"author\":{\"name\":\"Diogo Mendes\",\"@id\":\"https:\\\/\\\/blog-estrategia.mystagingwebsite.com\\\/#\\\/schema\\\/person\\\/cc9e76173880338ce9f656c88664a1f6\"},\"headline\":\"Estrat\u00e9gia Cast &#8211; Grava\u00e7\u00f5es: ALERJ &#8211; Reta Final P\u00f3s Edital\",\"datePublished\":\"2025-10-09T15:08:03+00:00\",\"dateModified\":\"2025-10-09T15:08:06+00:00\",\"mainEntityOfPage\":{\"@id\":\"https:\\\/\\\/www.estrategiaconcursos.com.br\\\/blog\\\/estrategia-cast-alerj-reta-final-pos-edital\\\/\"},\"wordCount\":422,\"commentCount\":0,\"publisher\":{\"@id\":\"https:\\\/\\\/blog-estrategia.mystagingwebsite.com\\\/#organization\"},\"image\":{\"@id\":\"https:\\\/\\\/www.estrategiaconcursos.com.br\\\/blog\\\/estrategia-cast-alerj-reta-final-pos-edital\\\/#primaryimage\"},\"thumbnailUrl\":\"https:\\\/\\\/dhg1h5j42swfq.cloudfront.net\\\/2021\\\/09\\\/30193321\\\/estrategia-cast.jpeg\",\"articleSection\":[\"Legislativo\",\"\u00daltimas not\u00edcias\"],\"inLanguage\":\"pt-BR\",\"potentialAction\":[{\"@type\":\"CommentAction\",\"name\":\"Comment\",\"target\":[\"https:\\\/\\\/www.estrategiaconcursos.com.br\\\/blog\\\/estrategia-cast-alerj-reta-final-pos-edital\\\/#respond\"]}],\"copyrightYear\":\"2025\",\"copyrightHolder\":{\"@id\":\"https:\\\/\\\/www.estrategiaconcursos.com.br\\\/blog\\\/#organization\"}},{\"@type\":\"WebPage\",\"@id\":\"https:\\\/\\\/www.estrategiaconcursos.com.br\\\/blog\\\/estrategia-cast-alerj-reta-final-pos-edital\\\/\",\"url\":\"https:\\\/\\\/www.estrategiaconcursos.com.br\\\/blog\\\/estrategia-cast-alerj-reta-final-pos-edital\\\/\",\"name\":\"Estrat\u00e9gia Cast - Grava\u00e7\u00f5es: ALERJ - Reta Final P\u00f3s Edital\",\"isPartOf\":{\"@id\":\"https:\\\/\\\/blog-estrategia.mystagingwebsite.com\\\/#website\"},\"primaryImageOfPage\":{\"@id\":\"https:\\\/\\\/www.estrategiaconcursos.com.br\\\/blog\\\/estrategia-cast-alerj-reta-final-pos-edital\\\/#primaryimage\"},\"image\":{\"@id\":\"https:\\\/\\\/www.estrategiaconcursos.com.br\\\/blog\\\/estrategia-cast-alerj-reta-final-pos-edital\\\/#primaryimage\"},\"thumbnailUrl\":\"https:\\\/\\\/dhg1h5j42swfq.cloudfront.net\\\/2021\\\/09\\\/30193321\\\/estrategia-cast.jpeg\",\"datePublished\":\"2025-10-09T15:08:03+00:00\",\"dateModified\":\"2025-10-09T15:08:06+00:00\",\"description\":\"Estrat\u00e9gia Cast - Grava\u00e7\u00f5es: ALERJ - Reta Final P\u00f3s Edital\",\"breadcrumb\":{\"@id\":\"https:\\\/\\\/www.estrategiaconcursos.com.br\\\/blog\\\/estrategia-cast-alerj-reta-final-pos-edital\\\/#breadcrumb\"},\"inLanguage\":\"pt-BR\",\"potentialAction\":[{\"@type\":\"ReadAction\",\"target\":[\"https:\\\/\\\/www.estrategiaconcursos.com.br\\\/blog\\\/estrategia-cast-alerj-reta-final-pos-edital\\\/\"]}]},{\"@type\":\"ImageObject\",\"inLanguage\":\"pt-BR\",\"@id\":\"https:\\\/\\\/www.estrategiaconcursos.com.br\\\/blog\\\/estrategia-cast-alerj-reta-final-pos-edital\\\/#primaryimage\",\"url\":\"https:\\\/\\\/dhg1h5j42swfq.cloudfront.net\\\/2021\\\/09\\\/30193321\\\/estrategia-cast.jpeg\",\"contentUrl\":\"https:\\\/\\\/dhg1h5j42swfq.cloudfront.net\\\/2021\\\/09\\\/30193321\\\/estrategia-cast.jpeg\",\"width\":400,\"height\":208,\"caption\":\"Estrat\u00e9gia Cast\"},{\"@type\":\"BreadcrumbList\",\"@id\":\"https:\\\/\\\/www.estrategiaconcursos.com.br\\\/blog\\\/estrategia-cast-alerj-reta-final-pos-edital\\\/#breadcrumb\",\"itemListElement\":[{\"@type\":\"ListItem\",\"position\":1,\"name\":\"In\u00edcio\",\"item\":\"https:\\\/\\\/blog-estrategia.mystagingwebsite.com\\\/\"},{\"@type\":\"ListItem\",\"position\":2,\"name\":\"Estrat\u00e9gia Cast &#8211; Grava\u00e7\u00f5es: ALERJ &#8211; Reta Final P\u00f3s Edital\"}]},{\"@type\":\"WebSite\",\"@id\":\"https:\\\/\\\/blog-estrategia.mystagingwebsite.com\\\/#website\",\"url\":\"https:\\\/\\\/blog-estrategia.mystagingwebsite.com\\\/\",\"name\":\"Estrat\u00e9gia Concursos\",\"description\":\"O blog da Estrat\u00e9gia Concursos traz not\u00edcias sobre concursos e artigos de professores oferecendo cursos para concursos (pdf + videaulas) no site.\",\"publisher\":{\"@id\":\"https:\\\/\\\/blog-estrategia.mystagingwebsite.com\\\/#organization\"},\"potentialAction\":[{\"@type\":\"SearchAction\",\"target\":{\"@type\":\"EntryPoint\",\"urlTemplate\":\"https:\\\/\\\/blog-estrategia.mystagingwebsite.com\\\/?s={search_term_string}\"},\"query-input\":{\"@type\":\"PropertyValueSpecification\",\"valueRequired\":true,\"valueName\":\"search_term_string\"}}],\"inLanguage\":\"pt-BR\"},{\"@type\":\"Organization\",\"@id\":\"https:\\\/\\\/blog-estrategia.mystagingwebsite.com\\\/#organization\",\"name\":\"Estrat\u00e9gia Concursos\",\"url\":\"https:\\\/\\\/blog-estrategia.mystagingwebsite.com\\\/\",\"logo\":{\"@type\":\"ImageObject\",\"inLanguage\":\"pt-BR\",\"@id\":\"https:\\\/\\\/blog-estrategia.mystagingwebsite.com\\\/#\\\/schema\\\/logo\\\/image\\\/\",\"url\":\"https:\\\/\\\/dhg1h5j42swfq.cloudfront.net\\\/2025\\\/06\\\/03203428\\\/logo_concursos-1.jpg\",\"contentUrl\":\"https:\\\/\\\/dhg1h5j42swfq.cloudfront.net\\\/2025\\\/06\\\/03203428\\\/logo_concursos-1.jpg\",\"width\":230,\"height\":60,\"caption\":\"Estrat\u00e9gia Concursos\"},\"image\":{\"@id\":\"https:\\\/\\\/blog-estrategia.mystagingwebsite.com\\\/#\\\/schema\\\/logo\\\/image\\\/\"},\"sameAs\":[\"https:\\\/\\\/x.com\\\/EstratConcursos\"]},{\"@type\":\"Person\",\"@id\":\"https:\\\/\\\/blog-estrategia.mystagingwebsite.com\\\/#\\\/schema\\\/person\\\/cc9e76173880338ce9f656c88664a1f6\",\"name\":\"Diogo Mendes\",\"image\":{\"@type\":\"ImageObject\",\"inLanguage\":\"pt-BR\",\"@id\":\"https:\\\/\\\/secure.gravatar.com\\\/avatar\\\/9754d6777d460a45ef4067b586b94c32005cc2345a0404b8d96adc620cf63806?s=96&d=mm&r=g\",\"url\":\"https:\\\/\\\/secure.gravatar.com\\\/avatar\\\/9754d6777d460a45ef4067b586b94c32005cc2345a0404b8d96adc620cf63806?s=96&d=mm&r=g\",\"contentUrl\":\"https:\\\/\\\/secure.gravatar.com\\\/avatar\\\/9754d6777d460a45ef4067b586b94c32005cc2345a0404b8d96adc620cf63806?s=96&d=mm&r=g\",\"caption\":\"Diogo Mendes\"},\"description\":\"Diogo Mendes \u00e9 jornalista formado pela Universidade Paulista, com experi\u00eancia em reda\u00e7\u00f5es de diversos ve\u00edculos e na produ\u00e7\u00e3o de conte\u00fados especializados em concursos p\u00fablicos. Desde 2019, atua no Estrat\u00e9gia Concursos como Jornalista e Analista de Conte\u00fado, com foco na apura\u00e7\u00e3o de informa\u00e7\u00f5es junto a \u00f3rg\u00e3os e fontes oficiais. Dedica-se especialmente \u00e0 produ\u00e7\u00e3o de not\u00edcias e reportagens sobre Concursos Legislativos, al\u00e9m de acompanhar diariamente os concursos policiais, banc\u00e1rios e da \u00e1rea da sa\u00fade.\",\"url\":\"https:\\\/\\\/www.estrategiaconcursos.com.br\\\/blog\\\/author\\\/diogo-mendesestrategiaconcursos-com-br\\\/\"}]}<\/script>\n<!-- \/ Yoast SEO Premium plugin. -->","yoast_head_json":{"title":"Estrat\u00e9gia Cast - Grava\u00e7\u00f5es: ALERJ - Reta Final P\u00f3s Edital","description":"Estrat\u00e9gia Cast - Grava\u00e7\u00f5es: ALERJ - Reta Final P\u00f3s Edital","robots":{"index":"index","follow":"follow","max-snippet":"max-snippet:-1","max-image-preview":"max-image-preview:large","max-video-preview":"max-video-preview:-1"},"canonical":"https:\/\/www.estrategiaconcursos.com.br\/blog\/estrategia-cast-alerj-reta-final-pos-edital\/","og_locale":"pt_BR","og_type":"article","og_title":"Estrat\u00e9gia Cast - Grava\u00e7\u00f5es: ALERJ - Reta Final P\u00f3s Edital","og_description":"Estrat\u00e9gia Cast - Grava\u00e7\u00f5es: ALERJ - Reta Final P\u00f3s Edital","og_url":"https:\/\/www.estrategiaconcursos.com.br\/blog\/estrategia-cast-alerj-reta-final-pos-edital\/","og_site_name":"Estrat\u00e9gia Concursos","article_published_time":"2025-10-09T15:08:03+00:00","article_modified_time":"2025-10-09T15:08:06+00:00","og_image":[{"width":400,"height":208,"url":"https:\/\/dhg1h5j42swfq.cloudfront.net\/2021\/09\/30193321\/estrategia-cast.jpeg","type":"image\/jpeg"}],"author":"Diogo Mendes","twitter_card":"summary_large_image","twitter_creator":"@EstratConcursos","twitter_site":"@EstratConcursos","twitter_misc":{"Escrito por":"Diogo Mendes","Est. tempo de leitura":"2 minutos"},"schema":{"@context":"https:\/\/schema.org","@graph":[{"@type":"NewsArticle","@id":"https:\/\/www.estrategiaconcursos.com.br\/blog\/estrategia-cast-alerj-reta-final-pos-edital\/#article","isPartOf":{"@id":"https:\/\/www.estrategiaconcursos.com.br\/blog\/estrategia-cast-alerj-reta-final-pos-edital\/"},"author":{"name":"Diogo Mendes","@id":"https:\/\/blog-estrategia.mystagingwebsite.com\/#\/schema\/person\/cc9e76173880338ce9f656c88664a1f6"},"headline":"Estrat\u00e9gia Cast &#8211; Grava\u00e7\u00f5es: ALERJ &#8211; Reta Final P\u00f3s Edital","datePublished":"2025-10-09T15:08:03+00:00","dateModified":"2025-10-09T15:08:06+00:00","mainEntityOfPage":{"@id":"https:\/\/www.estrategiaconcursos.com.br\/blog\/estrategia-cast-alerj-reta-final-pos-edital\/"},"wordCount":422,"commentCount":0,"publisher":{"@id":"https:\/\/blog-estrategia.mystagingwebsite.com\/#organization"},"image":{"@id":"https:\/\/www.estrategiaconcursos.com.br\/blog\/estrategia-cast-alerj-reta-final-pos-edital\/#primaryimage"},"thumbnailUrl":"https:\/\/dhg1h5j42swfq.cloudfront.net\/2021\/09\/30193321\/estrategia-cast.jpeg","articleSection":["Legislativo","\u00daltimas not\u00edcias"],"inLanguage":"pt-BR","potentialAction":[{"@type":"CommentAction","name":"Comment","target":["https:\/\/www.estrategiaconcursos.com.br\/blog\/estrategia-cast-alerj-reta-final-pos-edital\/#respond"]}],"copyrightYear":"2025","copyrightHolder":{"@id":"https:\/\/www.estrategiaconcursos.com.br\/blog\/#organization"}},{"@type":"WebPage","@id":"https:\/\/www.estrategiaconcursos.com.br\/blog\/estrategia-cast-alerj-reta-final-pos-edital\/","url":"https:\/\/www.estrategiaconcursos.com.br\/blog\/estrategia-cast-alerj-reta-final-pos-edital\/","name":"Estrat\u00e9gia Cast - Grava\u00e7\u00f5es: ALERJ - Reta Final P\u00f3s Edital","isPartOf":{"@id":"https:\/\/blog-estrategia.mystagingwebsite.com\/#website"},"primaryImageOfPage":{"@id":"https:\/\/www.estrategiaconcursos.com.br\/blog\/estrategia-cast-alerj-reta-final-pos-edital\/#primaryimage"},"image":{"@id":"https:\/\/www.estrategiaconcursos.com.br\/blog\/estrategia-cast-alerj-reta-final-pos-edital\/#primaryimage"},"thumbnailUrl":"https:\/\/dhg1h5j42swfq.cloudfront.net\/2021\/09\/30193321\/estrategia-cast.jpeg","datePublished":"2025-10-09T15:08:03+00:00","dateModified":"2025-10-09T15:08:06+00:00","description":"Estrat\u00e9gia Cast - Grava\u00e7\u00f5es: ALERJ - Reta Final P\u00f3s Edital","breadcrumb":{"@id":"https:\/\/www.estrategiaconcursos.com.br\/blog\/estrategia-cast-alerj-reta-final-pos-edital\/#breadcrumb"},"inLanguage":"pt-BR","potentialAction":[{"@type":"ReadAction","target":["https:\/\/www.estrategiaconcursos.com.br\/blog\/estrategia-cast-alerj-reta-final-pos-edital\/"]}]},{"@type":"ImageObject","inLanguage":"pt-BR","@id":"https:\/\/www.estrategiaconcursos.com.br\/blog\/estrategia-cast-alerj-reta-final-pos-edital\/#primaryimage","url":"https:\/\/dhg1h5j42swfq.cloudfront.net\/2021\/09\/30193321\/estrategia-cast.jpeg","contentUrl":"https:\/\/dhg1h5j42swfq.cloudfront.net\/2021\/09\/30193321\/estrategia-cast.jpeg","width":400,"height":208,"caption":"Estrat\u00e9gia Cast"},{"@type":"BreadcrumbList","@id":"https:\/\/www.estrategiaconcursos.com.br\/blog\/estrategia-cast-alerj-reta-final-pos-edital\/#breadcrumb","itemListElement":[{"@type":"ListItem","position":1,"name":"In\u00edcio","item":"https:\/\/blog-estrategia.mystagingwebsite.com\/"},{"@type":"ListItem","position":2,"name":"Estrat\u00e9gia Cast &#8211; Grava\u00e7\u00f5es: ALERJ &#8211; Reta Final P\u00f3s Edital"}]},{"@type":"WebSite","@id":"https:\/\/blog-estrategia.mystagingwebsite.com\/#website","url":"https:\/\/blog-estrategia.mystagingwebsite.com\/","name":"Estrat\u00e9gia Concursos","description":"O blog da Estrat\u00e9gia Concursos traz not\u00edcias sobre concursos e artigos de professores oferecendo cursos para concursos (pdf + videaulas) no site.","publisher":{"@id":"https:\/\/blog-estrategia.mystagingwebsite.com\/#organization"},"potentialAction":[{"@type":"SearchAction","target":{"@type":"EntryPoint","urlTemplate":"https:\/\/blog-estrategia.mystagingwebsite.com\/?s={search_term_string}"},"query-input":{"@type":"PropertyValueSpecification","valueRequired":true,"valueName":"search_term_string"}}],"inLanguage":"pt-BR"},{"@type":"Organization","@id":"https:\/\/blog-estrategia.mystagingwebsite.com\/#organization","name":"Estrat\u00e9gia Concursos","url":"https:\/\/blog-estrategia.mystagingwebsite.com\/","logo":{"@type":"ImageObject","inLanguage":"pt-BR","@id":"https:\/\/blog-estrategia.mystagingwebsite.com\/#\/schema\/logo\/image\/","url":"https:\/\/dhg1h5j42swfq.cloudfront.net\/2025\/06\/03203428\/logo_concursos-1.jpg","contentUrl":"https:\/\/dhg1h5j42swfq.cloudfront.net\/2025\/06\/03203428\/logo_concursos-1.jpg","width":230,"height":60,"caption":"Estrat\u00e9gia Concursos"},"image":{"@id":"https:\/\/blog-estrategia.mystagingwebsite.com\/#\/schema\/logo\/image\/"},"sameAs":["https:\/\/x.com\/EstratConcursos"]},{"@type":"Person","@id":"https:\/\/blog-estrategia.mystagingwebsite.com\/#\/schema\/person\/cc9e76173880338ce9f656c88664a1f6","name":"Diogo Mendes","image":{"@type":"ImageObject","inLanguage":"pt-BR","@id":"https:\/\/secure.gravatar.com\/avatar\/9754d6777d460a45ef4067b586b94c32005cc2345a0404b8d96adc620cf63806?s=96&d=mm&r=g","url":"https:\/\/secure.gravatar.com\/avatar\/9754d6777d460a45ef4067b586b94c32005cc2345a0404b8d96adc620cf63806?s=96&d=mm&r=g","contentUrl":"https:\/\/secure.gravatar.com\/avatar\/9754d6777d460a45ef4067b586b94c32005cc2345a0404b8d96adc620cf63806?s=96&d=mm&r=g","caption":"Diogo Mendes"},"description":"Diogo Mendes \u00e9 jornalista formado pela Universidade Paulista, com experi\u00eancia em reda\u00e7\u00f5es de diversos ve\u00edculos e na produ\u00e7\u00e3o de conte\u00fados especializados em concursos p\u00fablicos. Desde 2019, atua no Estrat\u00e9gia Concursos como Jornalista e Analista de Conte\u00fado, com foco na apura\u00e7\u00e3o de informa\u00e7\u00f5es junto a \u00f3rg\u00e3os e fontes oficiais. Dedica-se especialmente \u00e0 produ\u00e7\u00e3o de not\u00edcias e reportagens sobre Concursos Legislativos, al\u00e9m de acompanhar diariamente os concursos policiais, banc\u00e1rios e da \u00e1rea da sa\u00fade.","url":"https:\/\/www.estrategiaconcursos.com.br\/blog\/author\/diogo-mendesestrategiaconcursos-com-br\/"}]}},"_links":{"self":[{"href":"https:\/\/www.estrategiaconcursos.com.br\/blog\/wp-json\/wp\/v2\/posts\/1652749","targetHints":{"allow":["GET"]}}],"collection":[{"href":"https:\/\/www.estrategiaconcursos.com.br\/blog\/wp-json\/wp\/v2\/posts"}],"about":[{"href":"https:\/\/www.estrategiaconcursos.com.br\/blog\/wp-json\/wp\/v2\/types\/post"}],"author":[{"embeddable":true,"href":"https:\/\/www.estrategiaconcursos.com.br\/blog\/wp-json\/wp\/v2\/users\/1483"}],"replies":[{"embeddable":true,"href":"https:\/\/www.estrategiaconcursos.com.br\/blog\/wp-json\/wp\/v2\/comments?post=1652749"}],"version-history":[{"count":0,"href":"https:\/\/www.estrategiaconcursos.com.br\/blog\/wp-json\/wp\/v2\/posts\/1652749\/revisions"}],"wp:featuredmedia":[{"embeddable":true,"href":"https:\/\/www.estrategiaconcursos.com.br\/blog\/wp-json\/wp\/v2\/media\/874825"}],"wp:attachment":[{"href":"https:\/\/www.estrategiaconcursos.com.br\/blog\/wp-json\/wp\/v2\/media?parent=1652749"}],"wp:term":[{"taxonomy":"category","embeddable":true,"href":"https:\/\/www.estrategiaconcursos.com.br\/blog\/wp-json\/wp\/v2\/categories?post=1652749"},{"taxonomy":"post_tag","embeddable":true,"href":"https:\/\/www.estrategiaconcursos.com.br\/blog\/wp-json\/wp\/v2\/tags?post=1652749"},{"taxonomy":"tax_estado","embeddable":true,"href":"https:\/\/www.estrategiaconcursos.com.br\/blog\/wp-json\/wp\/v2\/tax_estado?post=1652749"}],"curies":[{"name":"wp","href":"https:\/\/api.w.org\/{rel}","templated":true}]}}